{"id":147852,"date":"2018-10-21T17:07:01","date_gmt":"2018-10-21T20:07:01","guid":{"rendered":"https:\/\/www.estrategiaconcursos.com.br\/blog\/?p=147852"},"modified":"2018-10-21T20:22:44","modified_gmt":"2018-10-21T23:22:44","slug":"gabarito-mpu-extraoficial-direito-processual-civil","status":"publish","type":"post","link":"https:\/\/www.estrategiaconcursos.com.br\/blog\/gabarito-mpu-extraoficial-direito-processual-civil\/","title":{"rendered":"Gabarito MPU &#8211; Extraoficial &#8211; Direito Processual Civil"},"content":{"rendered":"<p style=\"text-align: justify;\">Ol\u00e1! Analisamos as quest\u00f5es de Direito Processual Civil aplicadas na prova do MPU &#8211; Analista &#8211; especialidade em Direito. Foram oito quest\u00f5es, que cobraram temas variados do NCPC e jurisprud\u00eancia. Espero que tenham feito uma boa prova. Qualquer d\u00favida eu fico \u00e0 disposi\u00e7\u00e3o nas redes sociais.<\/p>\n<p style=\"text-align: justify;\">INSTAGRAM:\u00a0<a href=\"https:\/\/www.instagram.com\/proftorques\/\">https:\/\/www.instagram.com\/proftorques\/<\/a><\/p>\n<p style=\"text-align: justify;\">FACEBOOK:\u00a0https:\/\/www.facebook.com\/dpcparaconcursos<\/p>\n<p style=\"text-align: justify;\">E-MAIL:\u00a0<a href=\"mailto:rst.estrategia@gmail.com\">rst.estrategia@gmail.com<\/a><\/p>\n<p>V\u00eddeo &#8211; Direito Processual Civil &#8211; Analista:<\/p>\n<div class=\"lyte-wrapper\" style=\"width:853px;max-width:100%;margin:5px;\"><div class=\"lyMe\" id=\"WYL_J7g_s86Zd0Q\"><div id=\"lyte_J7g_s86Zd0Q\" data-src=\"\/\/i.ytimg.com\/vi\/J7g_s86Zd0Q\/hqdefault.jpg\" class=\"pL\"><div class=\"tC\"><div class=\"tT\"><\/div><\/div><div class=\"play\"><\/div><div class=\"ctrl\"><div class=\"Lctrl\"><\/div><div class=\"Rctrl\"><\/div><\/div><\/div><noscript><a href=\"https:\/\/youtu.be\/J7g_s86Zd0Q\" rel=\"nofollow\"><img loading=\"lazy\" decoding=\"async\" src=\"https:\/\/i.ytimg.com\/vi\/J7g_s86Zd0Q\/0.jpg\" alt=\"YouTube video thumbnail\" width=\"853\" height=\"460\" \/><br \/>Assista a este v\u00eddeo no YouTube<\/a><\/noscript><\/div><\/div><div class=\"lL\" style=\"max-width:100%;width:853px;margin:5px;\"><\/div><\/p>\n<p style=\"text-align: justify;\">Vamos \u00e0s quest\u00f5es!<\/p>\n<p style=\"text-align: justify;\">\u2014<\/p>\n<p style=\"text-align: justify;\"><strong>Com base nas normas que regem o processo civil, julgue os itens seguintes, acerca da fun\u00e7\u00e3o jurisdicional; do Minist\u00e9rio P\u00fablico; de nulidades processuais; e de senten\u00e7a.<\/strong><\/p>\n<ol style=\"text-align: justify;\" start=\"88\">\n<li><strong>(CESPE\/MPU\/2018)<\/strong><\/li>\n<\/ol>\n<p style=\"padding-left: 30px; text-align: justify;\">Na coopera\u00e7\u00e3o jur\u00eddica internacional, poder\u00e1 ser prestado aux\u00edlio direto caso a medida requerida n\u00e3o decorra diretamente de decis\u00e3o jurisdicional que, proferida por autoridade estrangeira, ser\u00e1 submetida a ju\u00edzo deliba\u00e7\u00e3o no Brasil.<\/p>\n<p style=\"text-align: justify;\"><strong>Coment\u00e1rios<\/strong><\/p>\n<p style=\"text-align: justify;\">Est\u00e1 <strong>correta<\/strong> a assertiva. De acordo como art. 28, do CPC, o aux\u00edlio direto poder\u00e1 ser utilizado quando \u201ca medida n\u00e3o decorrer diretamente de decis\u00e3o de autoridade jurisdicional estrangeira a ser submetida a ju\u00edzo de deliba\u00e7\u00e3o no Brasil\u201d. Copia literal do CPC.<\/p>\n<p style=\"text-align: justify;\">&#8212;<\/p>\n<ol style=\"text-align: justify;\" start=\"89\">\n<li><strong>(CESPE\/MPU\/2018)<\/strong><\/li>\n<\/ol>\n<p style=\"padding-left: 30px; text-align: justify;\">O Minist\u00e9rio P\u00fablico ser\u00e1 intimado a se manifestar em todas as causas em que a fazenda p\u00fablica figurar em um dos polos, visto que essa hip\u00f3tese \u00e9 de interesse p\u00fablico e social.<\/p>\n<p style=\"text-align: justify;\"><strong>Coment\u00e1rios<\/strong><\/p>\n<p style=\"text-align: justify;\">Est\u00e1 <strong>incorreta<\/strong> a assertiva. O MP ser\u00e1 intimado nas hip\u00f3teses descritas no art. 178 do CPC:<\/p>\n<p style=\"padding-left: 30px; text-align: justify;\">a) interesse p\u00fablico ou social;<\/p>\n<p style=\"padding-left: 30px; text-align: justify;\">b) interesse de incapaz;<\/p>\n<p style=\"padding-left: 30px; text-align: justify;\">c) lit\u00edgios coletivos pela posse de terra rural ou urbana.<\/p>\n<p style=\"text-align: justify;\">O interesse p\u00fablico ou social n\u00e3o se confunde com o mero interesse patrimonial da Fazenda P\u00fablica. Nesses casos, o que justifica a atua\u00e7\u00e3o do Minist\u00e9rio P\u00fablico como fiscal da ordem jur\u00eddica \u00e9 a defesa das suas fun\u00e7\u00f5es institucionais, a evolver a prote\u00e7\u00e3o da ordem jur\u00eddica, do regime democr\u00e1tico e dos interesses e direitos sociais e individuais indispon\u00edveis.<\/p>\n<p style=\"text-align: justify;\">Ademais, o par\u00e1grafo \u00fanico do art. 178 prev\u00ea que a \u201cparticipa\u00e7\u00e3o da Fazenda P\u00fablica n\u00e3o configura, por si s\u00f3, hip\u00f3tese de interven\u00e7\u00e3o do Minist\u00e9rio P\u00fablico\u201d.<\/p>\n<ol style=\"text-align: justify;\" start=\"90\">\n<li><strong>(CESPE\/MPU\/2018)<\/strong><\/li>\n<\/ol>\n<p style=\"padding-left: 30px; text-align: justify;\">Em processo que envolva interesse de incapaz, tendo sido verificado que o <em>parquet<\/em> n\u00e3o foi intimado, o juiz decretar\u00e1, de of\u00edcio, a nulidade do processo.<\/p>\n<p style=\"text-align: justify;\"><strong>Coment\u00e1rios<\/strong><\/p>\n<p style=\"text-align: justify;\">A assertiva est\u00e1 <strong>incorreta.<\/strong> O art. 179, I, do CPC, informa que nos casos de interven\u00e7\u00e3o como fiscal da ordem jur\u00eddica, o Minist\u00e9rio P\u00fablico dever\u00e1 ser intimado de todos os atos do processo, para que se manifeste, mediante parecer, no prazo de 30 dias.<\/p>\n<p style=\"text-align: justify;\">Caso n\u00e3o haja manifesta\u00e7\u00e3o, haver\u00e1 v\u00edcio processual, cujo decreto de nulidade somente poder\u00e1 se dar ap\u00f3s intima\u00e7\u00e3o do Minist\u00e9rio P\u00fablico, que se manifestar\u00e1 sobre a exist\u00eancia de preju\u00edzo, conforme descreve o art. 279, \u00a7\u00ba, do CPC. Dito de outra forma, se o membro do parquet entender que o v\u00edcio processual n\u00e3o trouxe preju\u00edzo, n\u00e3o se decreta a nulidade, pelo princ\u00edpio do aproveitamento dos atos processuais.<\/p>\n<p style=\"text-align: justify;\">&#8212;<\/p>\n<ol style=\"text-align: justify;\" start=\"91\">\n<li><strong>(CESPE\/MPU\/2018)<\/strong><\/li>\n<\/ol>\n<p style=\"padding-left: 30px; text-align: justify;\">A exist\u00eancia da conven\u00e7\u00e3o de arbitragem acarreta a extin\u00e7\u00e3o do processo sem resolu\u00e7\u00e3o do m\u00e9rito.<\/p>\n<p style=\"text-align: justify;\"><strong>Coment\u00e1rios<\/strong><\/p>\n<p style=\"text-align: justify;\">A assertiva est\u00e1 <strong>correta<\/strong>. A exist\u00eancia de conven\u00e7\u00e3o de arbitragem firmada pelas partes para a solu\u00e7\u00e3o de conflitos relacionada a determinado neg\u00f3cio jur\u00eddico, implica no afastamento da jurisdi\u00e7\u00e3o estatal. Em raz\u00e3o disso, se ainda assim a parte buscar o Poder Judici\u00e1rio a outra parte poder\u00e1 alegar a exist\u00eancia da conven\u00e7\u00e3o, de modo impedir que o juiz analise o m\u00e9rito do conflito. Resultado: haver\u00e1 extin\u00e7\u00e3o do processo sem resolu\u00e7\u00e3o do m\u00e9rito. O fundamento legal consta do art. 485, VII, do CPC.<\/p>\n<p style=\"text-align: justify;\">&#8212;<\/p>\n<p style=\"text-align: justify;\"><strong>A respeito de mandado de seguran\u00e7a, a\u00e7\u00e3o civil p\u00fablica, a\u00e7\u00e3o de improbidade administrativa e reclama\u00e7\u00e3o constitucional, julgue os itens que se seguem.<\/strong><\/p>\n<ol style=\"text-align: justify;\" start=\"92\">\n<li><strong>(CESPE\/MPU\/2018)<\/strong><\/li>\n<\/ol>\n<p style=\"padding-left: 30px; text-align: justify;\">De acordo com Superior Tribunal de Justi\u00e7a, compete \u00e0 justi\u00e7a federal processar e julgar mandado de seguran\u00e7a que envolva institui\u00e7\u00e3o de ensino superior particular, em raz\u00e3o do interesse da Uni\u00e3o.<\/p>\n<p style=\"text-align: justify;\"><strong>Coment\u00e1rios<\/strong><\/p>\n<p style=\"text-align: justify;\">Est\u00e1 <strong>correta<\/strong> a assertiva. De fato, o STJ entende que \u00e9 compet\u00eancia da Justi\u00e7a Federal. Tal como expressa o CC 108.466\/RS:<\/p>\n<p style=\"padding-left: 30px; text-align: justify;\">PROCESSUAL CIVIL. CONFLITO NEGATIVO DE COMPET\u00caNCIA. MANDADO DE SEGURAN\u00c7A. ATO DE DIRETOR DE FACULDADE PRIVADA. COMPET\u00caNCIA DA JUSTI\u00c7A FEDERAL. 1. Cinge-se a controv\u00e9rsia em definir o ju\u00edzo competente para processar e julgar mandado de seguran\u00e7a impetrado contra ato de Diretor de faculdade privada, que impediu a re-matr\u00edcula do impetrante em seu curso de gradua\u00e7\u00e3o. 2. O Ju\u00edzo de Direito declinou da compet\u00eancia ao argumento de que &#8220;tratando-se de mandado de seguran\u00e7a impetrado contra ato de Diretor de faculdade particular de ensino, que atua por delega\u00e7\u00e3o do Poder P\u00fablico Federal, a compet\u00eancia para o julgamento do writ \u00e9 da Justi\u00e7a Federal, nos termos do art. 109, inciso VIII, da Constitui\u00e7\u00e3o Federal&#8221;. 3. O Ju\u00edzo Federal suscitou o presente conflito aduzindo que o artigo 2\u00ba, da Lei n\u00ba 12.016\/09 &#8220;restringe a atua\u00e7\u00e3o da autoridade apontada como coatora para que seja considerada como &#8216;federal&#8217; aquela autoridade de que emanem atos que tenham consequ\u00eancia patrimonial a ser suportada pela Uni\u00e3o Federal ou por entidade por ela controlada&#8221;. 4. A altera\u00e7\u00e3o trazida pela Lei n\u00ba 12.016\/09 com rela\u00e7\u00e3o ao conceito de autoridade federal em nada altera o entendimento h\u00e1 muito sedimentado nesta Corte acerca da compet\u00eancia para julgamento de mandado de seguran\u00e7a, j\u00e1 que n\u00e3o houve modifica\u00e7\u00e3o substancial na mens legis. 5. O mero confronto dos textos \u00e9 suficiente para corroborar a assertiva. O artigo 2\u00ba da nova lei define &#8220;autoridade federal&#8221; para fins de impetra\u00e7\u00e3o do mandamus, nos seguintes termos: &#8220;Considerar-se-\u00e1 federal a autoridade coatora se as consequ\u00eancias de ordem patrimonial do ato contra o qual se requer o mandado houverem de ser suportadas pela Uni\u00e3o ou entidade por ela controlada&#8221;. 6. J\u00e1 o artigo 2\u00ba da Lei n\u00ba 1.533\/51 dispunha: &#8220;Considerar-se-\u00e1 federal a autoridade coatora se as consequ\u00eancias de ordem patrimonial do ato contra o qual se requer o mandado houverem de ser suportadas pela Uni\u00e3o Federal ou pelas entidades aut\u00e1rquicas federais&#8221;. 7. Permanece inalterado o crit\u00e9rio definidor da compet\u00eancia para o julgamento de mandado de seguran\u00e7a, em que se leva em conta a natureza das pessoas envolvidas na rela\u00e7\u00e3o processual, ratione personae, sendo irrelevante, para esse efeito e ressalvadas as exce\u00e7\u00f5es mencionadas no texto constitucional, a natureza da controv\u00e9rsia sob o ponto de vista do direito material ou do pedido formulado na demanda. 8. Nos processos em que envolvem o ensino superior, s\u00e3o poss\u00edveis as seguintes conclus\u00f5es: a) mandado de seguran\u00e7a &#8211; a compet\u00eancia ser\u00e1 federal quando a impetra\u00e7\u00e3o voltar-se contra ato de dirigente de universidade p\u00fablica federal ou de universidade particular; ao rev\u00e9s, a compet\u00eancia ser\u00e1 estadual quando o mandamus for impetrado contra dirigentes de universidades p\u00fablicas estaduais e municipais, componentes do sistema estadual de ensino; b) a\u00e7\u00f5es de conhecimento, cautelares ou quaisquer outras de rito especial que n\u00e3o o mandado de seguran\u00e7a &#8211; a compet\u00eancia ser\u00e1 federal quando a a\u00e7\u00e3o indicar no p\u00f3lo passivo a Uni\u00e3o Federal ou quaisquer de suas autarquias (art. 109, I, da Constitui\u00e7\u00e3o da Rep\u00fablica); ser\u00e1 de compet\u00eancia estadual, entretanto, quando o ajuizamento voltar-se contra entidade estadual, municipal ou contra institui\u00e7\u00e3o particular de ensino. 9. Na hip\u00f3tese, cuida-se de mandado se seguran\u00e7a impetrado por aluno com o fim de efetivar sua re-matr\u00edcula na Faculdade de Administra\u00e7\u00e3o da FAGEP\/UNOPAR \u2013 entidade particular de ensino superior \u2013 o que evidencia a compet\u00eancia da Justi\u00e7a Federal. 10. Conflito negativo de compet\u00eancia conhecido para declarar a compet\u00eancia do Ju\u00edzo Federal, o suscitante.<\/p>\n<p style=\"text-align: justify;\">&#8212;<\/p>\n<ol style=\"text-align: justify;\" start=\"93\">\n<li><strong>(CESPE\/MPU\/2018)<\/strong><\/li>\n<\/ol>\n<p style=\"padding-left: 30px; text-align: justify;\">Depois ajuizada a\u00e7\u00e3o de improbidade administrativa, se o juiz tiver verificado que o processo est\u00e1 em ordem, ser\u00e1 determinada notifica\u00e7\u00e3o do requerido para apresentar manifesta\u00e7\u00e3o por escrito.<\/p>\n<p style=\"text-align: justify;\"><strong>Coment\u00e1rios<\/strong><\/p>\n<p style=\"text-align: justify;\">Est\u00e1 <strong>correta<\/strong> a assertiva, pois expressa a literalidade do art. 17, \u00a77\u00ba, Lei 8.429\/1992:<\/p>\n<p style=\"padding-left: 30px; text-align: justify;\">7\u00ba Estando a inicial em devida forma, o juiz mandar\u00e1 autu\u00e1-la e ordenar\u00e1 a notifica\u00e7\u00e3o do requerido, para oferecer <u>manifesta\u00e7\u00e3o por escrito,<\/u> que poder\u00e1 ser instru\u00edda com documentos e justifica\u00e7\u00f5es, dentro do prazo de quinze dias.<\/p>\n<p style=\"text-align: justify;\">&#8212;<\/p>\n<ol style=\"text-align: justify;\" start=\"94\">\n<li><strong>(CESPE\/MPU\/2018)<\/strong><\/li>\n<\/ol>\n<p style=\"padding-left: 30px; text-align: justify;\">Conforme entendimento do Superior Tribunal de Justi\u00e7a, em se tratando de direitos individuais dispon\u00edveis, o Minist\u00e9rio P\u00fablico n\u00e3o det\u00e9m legitimidade para propor a\u00e7\u00e3o, a n\u00e3o ser que exista lei espec\u00edfica que autorize tal atua\u00e7\u00e3o.<\/p>\n<p style=\"text-align: justify;\"><strong>Coment\u00e1rios<\/strong><\/p>\n<p style=\"text-align: justify;\"><strong>Correta<\/strong> a assertiva, que retrata o entendimento do STJ no REsp 1.681.690, que citamos:<\/p>\n<p style=\"padding-left: 30px; text-align: justify;\">ADMINISTRATIVO E PROCESSUAL CIVIL. RECURSO ESPECIAL SOB A SISTEM\u00c1TICA DOS REPETITIVOS. DEMANDAS DE SA\u00daDE COM BENEFICI\u00c1RIOS INDIVIDUALIZADOS INTERPOSTAS CONTRA ENTES FEDERATIVOS. LEGITIMIDADE DO MINIST\u00c9RIO P\u00daBLICO. SUPOSTA AFRONTA AOS DISPOSITIVOS DOS ARTS. 1\u00ba, V, E 21 DA LEI N. 7.347\/1985, BEM COMO AO ART. 6\u00ba DO CPC\/1973. N\u00c3O OCORR\u00caNCIA. DIREITO \u00c0 SA\u00daDE. DIREITO INDIVIDUAL INDISPON\u00cdVEL. ART. 1\u00ba DA LEI N. 8.625\/1993 (LEI ORG\u00c2NICA NACIONAL DO MINIST\u00c9RIO P\u00daBLICO). APLICABILIDADE. RECURSO ESPECIAL CONHECIDO E N\u00c3O PROVIDO. RECURSO JULGADO SOB A SISTEM\u00c1TICA DO ART. 1.036 E SEGUINTES DO CPC\/2015, C\/C O ART. 256-N E SEGUINTES DO REGIMENTO INTERNO DO STJ. 1. Os dispositivos legais, cuja aplica\u00e7\u00e3o \u00e9 questionada nos dois recursos especiais e a tramita\u00e7\u00e3o se d\u00e1 pela sistem\u00e1tica dos repetitivos (REsp 1.681.690\/SP e REsp 1.682.836\/SP), ter\u00e3o sua resolu\u00e7\u00e3o efetivada em conjunto, consoante determina a regra processual. 2. A discuss\u00e3o, neste feito, passa ao largo de qualquer considera\u00e7\u00e3o acerca da legitimidade ministerial para propor demandas, quando se tratar de direitos difusos, coletivos ou individuais homog\u00eaneos, at\u00e9 porque inexiste qualquer d\u00favida da sua legitimidade, nesse particular, seja por parte da legisla\u00e7\u00e3o aplic\u00e1vel \u00e0 esp\u00e9cie, seja por parte da jurisprud\u00eancia. De outra parte, a discuss\u00e3o tamb\u00e9m n\u00e3o se refere \u00e0 legitimidade de o Minist\u00e9rio P\u00fablico postular em favor de interesses de menores, incapazes e de idosos em situa\u00e7\u00e3o de vulnerabilidade. \u00c9 que, em tais hip\u00f3teses, a legitimidade do \u00f3rg\u00e3o ministerial decorre da lei, em especial dos seguintes estatutos jur\u00eddicos: art. 201, VIII, da Lei n. 8.069\/1990, e art. 74, II e III, da Lei 10.741\/2003. 3. A fronteira para se discernir a legitimidade do \u00f3rg\u00e3o ministerial diz respeito \u00e0 disponibilidade, ou n\u00e3o, dos direitos individuais vindicados. \u00c9 que, referindo-se a direitos individuais dispon\u00edveis e uma vez n\u00e3o havendo uma lei especifica autorizando, de forma excepcional, a atua\u00e7\u00e3o do Minist\u00e9rio P\u00fablico (como no caso da Lei n. 8.560\/1992), n\u00e3o se pode falar em legitimidade de sua atua\u00e7\u00e3o. Todavia, se se tratar de direitos ou interesses indispon\u00edveis, a legitimidade ministerial j\u00e1 decorreria da reda\u00e7\u00e3o do pr\u00f3prio art. 1\u00ba da Lei n. 8.625\/1993 (Lei Org\u00e2nica Nacional do Minist\u00e9rio P\u00fablico). 4. Com efeito, a disciplina do direito \u00e0 sa\u00fade encontra na jurisprud\u00eancia p\u00e1tria a correspond\u00eancia com o pr\u00f3prio direito \u00e0 vida, de forma que a caracter\u00edstica da indisponibilidade do direito j\u00e1 decorreria dessa premissa firmada. 5. Assim, inexiste viola\u00e7\u00e3o dos dispositivos do art. 1\u00ba, V, e art. 21, da Lei n. 7.347\/1985, bem como do art. 6\u00ba do CPC\/1973, j\u00e1 que a atua\u00e7\u00e3o do Minist\u00e9rio P\u00fablico, em demandas de sa\u00fade, assim como nas relativas \u00e0 dignidade da pessoa humana, tem assento na indisponibilidade do direito individual, com fundamento no art. 1\u00ba da Lei n. 8.625\/1993 (Lei Org\u00e2nica Nacional do Minist\u00e9rio P\u00fablico). 6. Tese jur\u00eddica firmada: O Minist\u00e9rio P\u00fablico \u00e9 parte leg\u00edtima para pleitear tratamento m\u00e9dico ou entrega de medicamentos nas demandas de sa\u00fade propostas contra os entes federativos, mesmo quando se tratar de feitos contendo benefici\u00e1rios individualizados, porque se trata de direitos individuais indispon\u00edveis, na forma do art. 1\u00ba da Lei n. 8.625\/1993 (Lei Org\u00e2nica Nacional do Minist\u00e9rio P\u00fablico). 7. No caso, o aresto prolatado pelo eg. Tribunal de origem est\u00e1 conforme o posicionamento desta Corte Superior, ao considerar a atua\u00e7\u00e3o do Minist\u00e9rio P\u00fablico, por versar sobre direitos individuais indispon\u00edveis. 8. Recurso especial conhecido e n\u00e3o provido. 9. Recurso julgado sob a sistem\u00e1tica do art. 1.036 e seguintes do CPC\/2015 e art. 256-N e seguintes do Regimento Interno deste STJ.<\/p>\n<p style=\"text-align: justify;\">&#8212;<\/p>\n<ol style=\"text-align: justify;\" start=\"95\">\n<li><strong>(CESPE\/MPU\/2018)<\/strong><\/li>\n<\/ol>\n<p style=\"padding-left: 30px; text-align: justify;\">Ainda que vise garantir a observ\u00e2ncia da s\u00famula vinculante, o tr\u00e2nsito em julgado de decis\u00e3o obsta o manejo de reclama\u00e7\u00e3o constitucional pela parte prejudicada.<\/p>\n<p style=\"text-align: justify;\"><strong>Coment\u00e1rios<\/strong><\/p>\n<p style=\"text-align: justify;\">Est\u00e1 <strong>correta<\/strong> a assertiva, conforme consta do art. 988, \u00a75\u00ba, I, do CPC:<\/p>\n<p style=\"padding-left: 30px; text-align: justify;\">5\u00ba \u00c9 inadmiss\u00edvel a reclama\u00e7\u00e3o:<\/p>\n<p style=\"padding-left: 30px; text-align: justify;\">I \u2013 proposta ap\u00f3s o tr\u00e2nsito em julgado da decis\u00e3o reclamada; (&#8230;).<\/p>\n<p style=\"text-align: justify;\">\u2014<\/p>\n<h2 style=\"text-align: justify;\">Ranking MPU &#8211; preencha o formul\u00e1rio!<\/h2>\n<p style=\"text-align: justify;\">Como de costume, nos fins de semana de provas o Estrat\u00e9gia Concursos organiza um Ranking Classificat\u00f3rio para que os candidatos preencham seus gabaritos e confiram uma pr\u00e9via do que pode ser a sua nota no concurso e uma poss\u00edvel classifica\u00e7\u00e3o.<\/p>\n<p style=\"text-align: justify;\">Gostar\u00edamos de te convidar a participar do Ranking MPU, uma boa oportunidade para voc\u00ea conferir qual foi o seu desempenho e ainda poder comparar com os dos outros candidatos. Muitos candidatos participam do ranking preenchendo o gabarito.<\/p>\n<p style=\"text-align: justify;\">Com isso voc\u00ea consegue ainda ter uma no\u00e7\u00e3o de qual vai ser a nota de corte do certame.<\/p>\n<p style=\"text-align: center;\"><span style=\"font-size: 24pt;\"><a href=\"https:\/\/goo.gl\/forms\/TZWw59fnThirn4vC3\" target=\"_blank\" rel=\"noopener\"><em><span style=\"text-decoration: underline;\"><strong><span style=\"color: #ff0000; text-decoration: underline;\">Preencha seu gabarito!<\/span><\/strong><\/span><\/em><\/a><br \/>\n<span style=\"font-size: 18pt;\"><em>(Preencha somente uma vez)<\/em><\/span><\/span><\/p>\n<p style=\"text-align: justify;\">\u00c9 isso. Bons estudos!<\/p>\n","protected":false},"excerpt":{"rendered":"<p>Ol\u00e1! Analisamos as quest\u00f5es de Direito Processual Civil aplicadas na prova do MPU &#8211; Analista &#8211; especialidade em Direito. Foram oito quest\u00f5es, que cobraram temas variados do NCPC e jurisprud\u00eancia. Espero que tenham feito uma boa prova. Qualquer d\u00favida eu fico \u00e0 disposi\u00e7\u00e3o nas redes sociais. INSTAGRAM:\u00a0https:\/\/www.instagram.com\/proftorques\/ FACEBOOK:\u00a0https:\/\/www.facebook.com\/dpcparaconcursos E-MAIL:\u00a0rst.estrategia@gmail.com V\u00eddeo &#8211; Direito Processual Civil &#8211; [&hellip;]<\/p>\n","protected":false},"author":180,"featured_media":0,"comment_status":"open","ping_status":"closed","sticky":false,"template":"","format":"standard","meta":{"post_tipo":"article","footnotes":""},"categories":[1],"tags":[],"tax_estado":[],"class_list":["post-147852","post","type-post","status-publish","format-standard","hentry","category-cursos-e-concursos"],"acf":[],"yoast_head":"<!-- This site is optimized with the Yoast SEO Premium plugin v27.2 (Yoast SEO v27.2) - https:\/\/yoast.com\/product\/yoast-seo-premium-wordpress\/ -->\n<title>Gabarito MPU - Extraoficial - Direito Processual Civil<\/title>\n<meta name=\"robots\" content=\"index, follow, max-snippet:-1, max-image-preview:large, max-video-preview:-1\" \/>\n<link rel=\"canonical\" href=\"https:\/\/www.estrategiaconcursos.com.br\/blog\/gabarito-mpu-extraoficial-direito-processual-civil\/\" \/>\n<meta property=\"og:locale\" content=\"pt_BR\" \/>\n<meta property=\"og:type\" content=\"article\" \/>\n<meta property=\"og:title\" content=\"Gabarito MPU - Extraoficial - Direito Processual Civil\" \/>\n<meta property=\"og:description\" content=\"Ol\u00e1! Analisamos as quest\u00f5es de Direito Processual Civil aplicadas na prova do MPU &#8211; Analista &#8211; especialidade em Direito. Foram oito quest\u00f5es, que cobraram temas variados do NCPC e jurisprud\u00eancia. Espero que tenham feito uma boa prova. Qualquer d\u00favida eu fico \u00e0 disposi\u00e7\u00e3o nas redes sociais. INSTAGRAM:\u00a0https:\/\/www.instagram.com\/proftorques\/ FACEBOOK:\u00a0https:\/\/www.facebook.com\/dpcparaconcursos E-MAIL:\u00a0rst.estrategia@gmail.com V\u00eddeo &#8211; Direito Processual Civil &#8211; [&hellip;]\" \/>\n<meta property=\"og:url\" content=\"https:\/\/www.estrategiaconcursos.com.br\/blog\/gabarito-mpu-extraoficial-direito-processual-civil\/\" \/>\n<meta property=\"og:site_name\" content=\"Estrat\u00e9gia Concursos\" \/>\n<meta property=\"article:author\" content=\"https:\/\/www.facebook.com\/ricardo.s.torques\" \/>\n<meta property=\"article:published_time\" content=\"2018-10-21T20:07:01+00:00\" \/>\n<meta property=\"article:modified_time\" content=\"2018-10-21T23:22:44+00:00\" \/>\n<meta name=\"author\" content=\"Ricardo Torques\" \/>\n<meta name=\"twitter:card\" content=\"summary_large_image\" \/>\n<meta name=\"twitter:creator\" content=\"@EstratConcursos\" \/>\n<meta name=\"twitter:site\" content=\"@EstratConcursos\" \/>\n<meta name=\"twitter:label1\" content=\"Escrito por\" \/>\n\t<meta name=\"twitter:data1\" content=\"Ricardo Torques\" \/>\n\t<meta name=\"twitter:label2\" content=\"Est. tempo de leitura\" \/>\n\t<meta name=\"twitter:data2\" content=\"11 minutos\" \/>\n<script type=\"application\/ld+json\" class=\"yoast-schema-graph\">{\"@context\":\"https:\/\/schema.org\",\"@graph\":[{\"@type\":\"NewsArticle\",\"@id\":\"https:\/\/www.estrategiaconcursos.com.br\/blog\/gabarito-mpu-extraoficial-direito-processual-civil\/#article\",\"isPartOf\":{\"@id\":\"https:\/\/www.estrategiaconcursos.com.br\/blog\/gabarito-mpu-extraoficial-direito-processual-civil\/\"},\"author\":{\"name\":\"Ricardo Torques\",\"@id\":\"https:\/\/www.estrategiaconcursos.com.br\/blog\/#\/schema\/person\/aa39cf5ddb518e5bdce27c35788405e2\"},\"headline\":\"Gabarito MPU &#8211; Extraoficial &#8211; Direito Processual Civil\",\"datePublished\":\"2018-10-21T20:07:01+00:00\",\"dateModified\":\"2018-10-21T23:22:44+00:00\",\"mainEntityOfPage\":{\"@id\":\"https:\/\/www.estrategiaconcursos.com.br\/blog\/gabarito-mpu-extraoficial-direito-processual-civil\/\"},\"wordCount\":2289,\"commentCount\":8,\"publisher\":{\"@id\":\"https:\/\/www.estrategiaconcursos.com.br\/blog\/#organization\"},\"articleSection\":[\"Concursos P\u00fablicos\"],\"inLanguage\":\"pt-BR\",\"potentialAction\":[{\"@type\":\"CommentAction\",\"name\":\"Comment\",\"target\":[\"https:\/\/www.estrategiaconcursos.com.br\/blog\/gabarito-mpu-extraoficial-direito-processual-civil\/#respond\"]}],\"copyrightYear\":\"2018\",\"copyrightHolder\":{\"@id\":\"https:\/\/www.estrategiaconcursos.com.br\/blog\/#organization\"}},{\"@type\":\"WebPage\",\"@id\":\"https:\/\/www.estrategiaconcursos.com.br\/blog\/gabarito-mpu-extraoficial-direito-processual-civil\/\",\"url\":\"https:\/\/www.estrategiaconcursos.com.br\/blog\/gabarito-mpu-extraoficial-direito-processual-civil\/\",\"name\":\"Gabarito MPU - Extraoficial - Direito Processual Civil\",\"isPartOf\":{\"@id\":\"https:\/\/www.estrategiaconcursos.com.br\/blog\/#website\"},\"datePublished\":\"2018-10-21T20:07:01+00:00\",\"dateModified\":\"2018-10-21T23:22:44+00:00\",\"breadcrumb\":{\"@id\":\"https:\/\/www.estrategiaconcursos.com.br\/blog\/gabarito-mpu-extraoficial-direito-processual-civil\/#breadcrumb\"},\"inLanguage\":\"pt-BR\",\"potentialAction\":[{\"@type\":\"ReadAction\",\"target\":[\"https:\/\/www.estrategiaconcursos.com.br\/blog\/gabarito-mpu-extraoficial-direito-processual-civil\/\"]}]},{\"@type\":\"BreadcrumbList\",\"@id\":\"https:\/\/www.estrategiaconcursos.com.br\/blog\/gabarito-mpu-extraoficial-direito-processual-civil\/#breadcrumb\",\"itemListElement\":[{\"@type\":\"ListItem\",\"position\":1,\"name\":\"In\u00edcio\",\"item\":\"https:\/\/www.estrategiaconcursos.com.br\/blog\/\"},{\"@type\":\"ListItem\",\"position\":2,\"name\":\"Gabarito MPU &#8211; Extraoficial &#8211; Direito Processual Civil\"}]},{\"@type\":\"WebSite\",\"@id\":\"https:\/\/www.estrategiaconcursos.com.br\/blog\/#website\",\"url\":\"https:\/\/www.estrategiaconcursos.com.br\/blog\/\",\"name\":\"Estrat\u00e9gia Concursos\",\"description\":\"O blog da Estrat\u00e9gia Concursos traz not\u00edcias sobre concursos e artigos de professores oferecendo cursos para concursos (pdf + videaulas) no site.\",\"publisher\":{\"@id\":\"https:\/\/www.estrategiaconcursos.com.br\/blog\/#organization\"},\"potentialAction\":[{\"@type\":\"SearchAction\",\"target\":{\"@type\":\"EntryPoint\",\"urlTemplate\":\"https:\/\/www.estrategiaconcursos.com.br\/blog\/?s={search_term_string}\"},\"query-input\":{\"@type\":\"PropertyValueSpecification\",\"valueRequired\":true,\"valueName\":\"search_term_string\"}}],\"inLanguage\":\"pt-BR\"},{\"@type\":\"Organization\",\"@id\":\"https:\/\/www.estrategiaconcursos.com.br\/blog\/#organization\",\"name\":\"Estrat\u00e9gia Concursos\",\"url\":\"https:\/\/www.estrategiaconcursos.com.br\/blog\/\",\"logo\":{\"@type\":\"ImageObject\",\"inLanguage\":\"pt-BR\",\"@id\":\"https:\/\/www.estrategiaconcursos.com.br\/blog\/#\/schema\/logo\/image\/\",\"url\":\"https:\/\/dhg1h5j42swfq.cloudfront.net\/2025\/06\/03203428\/logo_concursos-1.jpg\",\"contentUrl\":\"https:\/\/dhg1h5j42swfq.cloudfront.net\/2025\/06\/03203428\/logo_concursos-1.jpg\",\"width\":230,\"height\":60,\"caption\":\"Estrat\u00e9gia Concursos\"},\"image\":{\"@id\":\"https:\/\/www.estrategiaconcursos.com.br\/blog\/#\/schema\/logo\/image\/\"},\"sameAs\":[\"https:\/\/x.com\/EstratConcursos\"]},{\"@type\":\"Person\",\"@id\":\"https:\/\/www.estrategiaconcursos.com.br\/blog\/#\/schema\/person\/aa39cf5ddb518e5bdce27c35788405e2\",\"name\":\"Ricardo Torques\",\"image\":{\"@type\":\"ImageObject\",\"inLanguage\":\"pt-BR\",\"@id\":\"https:\/\/secure.gravatar.com\/avatar\/ce9ac6c3cff25fe86d15ed568ebc64d1724baf5c0693133bcb1f6073f712f92a?s=96&d=mm&r=g\",\"url\":\"https:\/\/secure.gravatar.com\/avatar\/ce9ac6c3cff25fe86d15ed568ebc64d1724baf5c0693133bcb1f6073f712f92a?s=96&d=mm&r=g\",\"contentUrl\":\"https:\/\/secure.gravatar.com\/avatar\/ce9ac6c3cff25fe86d15ed568ebc64d1724baf5c0693133bcb1f6073f712f92a?s=96&d=mm&r=g\",\"caption\":\"Ricardo Torques\"},\"sameAs\":[\"https:\/\/www.facebook.com\/ricardo.s.torques\"],\"url\":\"https:\/\/www.estrategiaconcursos.com.br\/blog\/author\/ricardotorquesestrategiaconcursos-com-br\/\"}]}<\/script>\n<!-- \/ Yoast SEO Premium plugin. -->","yoast_head_json":{"title":"Gabarito MPU - Extraoficial - Direito Processual Civil","robots":{"index":"index","follow":"follow","max-snippet":"max-snippet:-1","max-image-preview":"max-image-preview:large","max-video-preview":"max-video-preview:-1"},"canonical":"https:\/\/www.estrategiaconcursos.com.br\/blog\/gabarito-mpu-extraoficial-direito-processual-civil\/","og_locale":"pt_BR","og_type":"article","og_title":"Gabarito MPU - Extraoficial - Direito Processual Civil","og_description":"Ol\u00e1! Analisamos as quest\u00f5es de Direito Processual Civil aplicadas na prova do MPU &#8211; Analista &#8211; especialidade em Direito. Foram oito quest\u00f5es, que cobraram temas variados do NCPC e jurisprud\u00eancia. Espero que tenham feito uma boa prova. Qualquer d\u00favida eu fico \u00e0 disposi\u00e7\u00e3o nas redes sociais. INSTAGRAM:\u00a0https:\/\/www.instagram.com\/proftorques\/ FACEBOOK:\u00a0https:\/\/www.facebook.com\/dpcparaconcursos E-MAIL:\u00a0rst.estrategia@gmail.com V\u00eddeo &#8211; Direito Processual Civil &#8211; [&hellip;]","og_url":"https:\/\/www.estrategiaconcursos.com.br\/blog\/gabarito-mpu-extraoficial-direito-processual-civil\/","og_site_name":"Estrat\u00e9gia Concursos","article_author":"https:\/\/www.facebook.com\/ricardo.s.torques","article_published_time":"2018-10-21T20:07:01+00:00","article_modified_time":"2018-10-21T23:22:44+00:00","author":"Ricardo Torques","twitter_card":"summary_large_image","twitter_creator":"@EstratConcursos","twitter_site":"@EstratConcursos","twitter_misc":{"Escrito por":"Ricardo Torques","Est. tempo de leitura":"11 minutos"},"schema":{"@context":"https:\/\/schema.org","@graph":[{"@type":"NewsArticle","@id":"https:\/\/www.estrategiaconcursos.com.br\/blog\/gabarito-mpu-extraoficial-direito-processual-civil\/#article","isPartOf":{"@id":"https:\/\/www.estrategiaconcursos.com.br\/blog\/gabarito-mpu-extraoficial-direito-processual-civil\/"},"author":{"name":"Ricardo Torques","@id":"https:\/\/www.estrategiaconcursos.com.br\/blog\/#\/schema\/person\/aa39cf5ddb518e5bdce27c35788405e2"},"headline":"Gabarito MPU &#8211; Extraoficial &#8211; Direito Processual Civil","datePublished":"2018-10-21T20:07:01+00:00","dateModified":"2018-10-21T23:22:44+00:00","mainEntityOfPage":{"@id":"https:\/\/www.estrategiaconcursos.com.br\/blog\/gabarito-mpu-extraoficial-direito-processual-civil\/"},"wordCount":2289,"commentCount":8,"publisher":{"@id":"https:\/\/www.estrategiaconcursos.com.br\/blog\/#organization"},"articleSection":["Concursos P\u00fablicos"],"inLanguage":"pt-BR","potentialAction":[{"@type":"CommentAction","name":"Comment","target":["https:\/\/www.estrategiaconcursos.com.br\/blog\/gabarito-mpu-extraoficial-direito-processual-civil\/#respond"]}],"copyrightYear":"2018","copyrightHolder":{"@id":"https:\/\/www.estrategiaconcursos.com.br\/blog\/#organization"}},{"@type":"WebPage","@id":"https:\/\/www.estrategiaconcursos.com.br\/blog\/gabarito-mpu-extraoficial-direito-processual-civil\/","url":"https:\/\/www.estrategiaconcursos.com.br\/blog\/gabarito-mpu-extraoficial-direito-processual-civil\/","name":"Gabarito MPU - Extraoficial - Direito Processual Civil","isPartOf":{"@id":"https:\/\/www.estrategiaconcursos.com.br\/blog\/#website"},"datePublished":"2018-10-21T20:07:01+00:00","dateModified":"2018-10-21T23:22:44+00:00","breadcrumb":{"@id":"https:\/\/www.estrategiaconcursos.com.br\/blog\/gabarito-mpu-extraoficial-direito-processual-civil\/#breadcrumb"},"inLanguage":"pt-BR","potentialAction":[{"@type":"ReadAction","target":["https:\/\/www.estrategiaconcursos.com.br\/blog\/gabarito-mpu-extraoficial-direito-processual-civil\/"]}]},{"@type":"BreadcrumbList","@id":"https:\/\/www.estrategiaconcursos.com.br\/blog\/gabarito-mpu-extraoficial-direito-processual-civil\/#breadcrumb","itemListElement":[{"@type":"ListItem","position":1,"name":"In\u00edcio","item":"https:\/\/www.estrategiaconcursos.com.br\/blog\/"},{"@type":"ListItem","position":2,"name":"Gabarito MPU &#8211; Extraoficial &#8211; Direito Processual Civil"}]},{"@type":"WebSite","@id":"https:\/\/www.estrategiaconcursos.com.br\/blog\/#website","url":"https:\/\/www.estrategiaconcursos.com.br\/blog\/","name":"Estrat\u00e9gia Concursos","description":"O blog da Estrat\u00e9gia Concursos traz not\u00edcias sobre concursos e artigos de professores oferecendo cursos para concursos (pdf + videaulas) no site.","publisher":{"@id":"https:\/\/www.estrategiaconcursos.com.br\/blog\/#organization"},"potentialAction":[{"@type":"SearchAction","target":{"@type":"EntryPoint","urlTemplate":"https:\/\/www.estrategiaconcursos.com.br\/blog\/?s={search_term_string}"},"query-input":{"@type":"PropertyValueSpecification","valueRequired":true,"valueName":"search_term_string"}}],"inLanguage":"pt-BR"},{"@type":"Organization","@id":"https:\/\/www.estrategiaconcursos.com.br\/blog\/#organization","name":"Estrat\u00e9gia Concursos","url":"https:\/\/www.estrategiaconcursos.com.br\/blog\/","logo":{"@type":"ImageObject","inLanguage":"pt-BR","@id":"https:\/\/www.estrategiaconcursos.com.br\/blog\/#\/schema\/logo\/image\/","url":"https:\/\/dhg1h5j42swfq.cloudfront.net\/2025\/06\/03203428\/logo_concursos-1.jpg","contentUrl":"https:\/\/dhg1h5j42swfq.cloudfront.net\/2025\/06\/03203428\/logo_concursos-1.jpg","width":230,"height":60,"caption":"Estrat\u00e9gia Concursos"},"image":{"@id":"https:\/\/www.estrategiaconcursos.com.br\/blog\/#\/schema\/logo\/image\/"},"sameAs":["https:\/\/x.com\/EstratConcursos"]},{"@type":"Person","@id":"https:\/\/www.estrategiaconcursos.com.br\/blog\/#\/schema\/person\/aa39cf5ddb518e5bdce27c35788405e2","name":"Ricardo Torques","image":{"@type":"ImageObject","inLanguage":"pt-BR","@id":"https:\/\/secure.gravatar.com\/avatar\/ce9ac6c3cff25fe86d15ed568ebc64d1724baf5c0693133bcb1f6073f712f92a?s=96&d=mm&r=g","url":"https:\/\/secure.gravatar.com\/avatar\/ce9ac6c3cff25fe86d15ed568ebc64d1724baf5c0693133bcb1f6073f712f92a?s=96&d=mm&r=g","contentUrl":"https:\/\/secure.gravatar.com\/avatar\/ce9ac6c3cff25fe86d15ed568ebc64d1724baf5c0693133bcb1f6073f712f92a?s=96&d=mm&r=g","caption":"Ricardo Torques"},"sameAs":["https:\/\/www.facebook.com\/ricardo.s.torques"],"url":"https:\/\/www.estrategiaconcursos.com.br\/blog\/author\/ricardotorquesestrategiaconcursos-com-br\/"}]}},"_links":{"self":[{"href":"https:\/\/www.estrategiaconcursos.com.br\/blog\/wp-json\/wp\/v2\/posts\/147852","targetHints":{"allow":["GET"]}}],"collection":[{"href":"https:\/\/www.estrategiaconcursos.com.br\/blog\/wp-json\/wp\/v2\/posts"}],"about":[{"href":"https:\/\/www.estrategiaconcursos.com.br\/blog\/wp-json\/wp\/v2\/types\/post"}],"author":[{"embeddable":true,"href":"https:\/\/www.estrategiaconcursos.com.br\/blog\/wp-json\/wp\/v2\/users\/180"}],"replies":[{"embeddable":true,"href":"https:\/\/www.estrategiaconcursos.com.br\/blog\/wp-json\/wp\/v2\/comments?post=147852"}],"version-history":[{"count":6,"href":"https:\/\/www.estrategiaconcursos.com.br\/blog\/wp-json\/wp\/v2\/posts\/147852\/revisions"}],"predecessor-version":[{"id":148036,"href":"https:\/\/www.estrategiaconcursos.com.br\/blog\/wp-json\/wp\/v2\/posts\/147852\/revisions\/148036"}],"wp:attachment":[{"href":"https:\/\/www.estrategiaconcursos.com.br\/blog\/wp-json\/wp\/v2\/media?parent=147852"}],"wp:term":[{"taxonomy":"category","embeddable":true,"href":"https:\/\/www.estrategiaconcursos.com.br\/blog\/wp-json\/wp\/v2\/categories?post=147852"},{"taxonomy":"post_tag","embeddable":true,"href":"https:\/\/www.estrategiaconcursos.com.br\/blog\/wp-json\/wp\/v2\/tags?post=147852"},{"taxonomy":"tax_estado","embeddable":true,"href":"https:\/\/www.estrategiaconcursos.com.br\/blog\/wp-json\/wp\/v2\/tax_estado?post=147852"}],"curies":[{"name":"wp","href":"https:\/\/api.w.org\/{rel}","templated":true}]}}