{"id":14785,"date":"2014-04-15T12:37:12","date_gmt":"2014-04-15T15:37:12","guid":{"rendered":"https:\/\/www.estrategiaconcursos.com.br\/blog\/?p=14785"},"modified":"2023-08-24T16:18:13","modified_gmt":"2023-08-24T19:18:13","slug":"gabarito-preliminar-extraoficial-de-regimento-interno-da-camara-dos-deputados-prova-de-consultor-legislativo","status":"publish","type":"post","link":"https:\/\/www.estrategiaconcursos.com.br\/blog\/gabarito-preliminar-extraoficial-de-regimento-interno-da-camara-dos-deputados-prova-de-consultor-legislativo\/","title":{"rendered":"Coment\u00e1rios ao Gabarito Preliminar do Regimento Interno da C\u00e2mara dos Deputados &#8211; Prova de Consultor Legislativo"},"content":{"rendered":"<p style=\"text-align: justify;\">Ol\u00e1 amigos e amigas!<\/p>\n<p style=\"text-align: justify;\">Venho aqui para comentar as quest\u00f5es de Regimento Interno da C\u00e2mara dos Deputados da prova de Consultor Legislativo. As quest\u00f5es acerca da Constitui\u00e7\u00e3o Federal ser\u00e3o comentadas pelo professor Ricardo Vale.<\/p>\n<p style=\"text-align: justify;\">Em um primeiro momento, julgo que as (poucas) quest\u00f5es de RICD vieram em um grau de dificuldade moderado, para os padr\u00f5es do CESPE. A surpesa, a meu ver, foi a especial dedica\u00e7\u00e3o ao C\u00f3digo de \u00c9tica, que nunca tinha sido cobrado em provas. De qualquer forma, todas as quest\u00f5es foram contempladas em nosso curso. Segue an\u00e1lise:<\/p>\n<p style=\"text-align: justify;\"><strong>76 \u00c0s comiss\u00f5es permanentes da C\u00e2mara dos Deputados \u00e9 dado o poder de convocar ministros de Estado, bem como autoridades e cidad\u00e3os. \u00a0<\/strong><\/p>\n<p style=\"text-align: justify;\"><span style=\"color: #ff0000;\"><strong>Errado!<\/strong><\/span> Segundo o artigo 24 do RICD, os ministros de Estado podem ser convocados, mas quanto a autoridades e cidad\u00e3os, cabe apenas a solicita\u00e7\u00e3o de depoimentos.<\/p>\n<p style=\"text-align: justify;\"><strong>77 Apesar de a CF atribuir \u00e0s comiss\u00f5es parlamentares de inqu\u00e9rito (CPIs) poderes de investiga\u00e7\u00e3o pr\u00f3prios das autoridades judici\u00e1rias, o Poder Judici\u00e1rio tem entendido que nem todos os poderes dessa natureza s\u00e3o atributos das CPIs.\u00a0<\/strong><\/p>\n<p style=\"text-align: justify;\"><span style=\"color: #0000ff;\"><strong>Correto.<\/strong><\/span> A CPI possui poderes pr\u00f3prios das autoridades judiciais (n\u00e3o todos). O artigo 36, RICD, elenca alguns desses poderes. Perceba que n\u00e3o est\u00e3o inclusos ali medidas como determinar pris\u00f5es ou quebra de sigilo de comunica\u00e7\u00f5es telef\u00f4nicas.<\/p>\n<p style=\"text-align: justify;\"><strong>86 Incidir\u00e1 em quebra de decoro o parlamentar que fizer acordo com seu suplente com vistas a lhe viabilizar o exerc\u00edcio do mandato, desde que tal acordo comporte cl\u00e1usula financeira.<\/strong><\/p>\n<p style=\"text-align: justify;\"><strong><span style=\"color: #0000ff;\">Correto.<\/span><\/strong> No artigo 4\u00ba do C\u00f3digo de \u00c9tica, considera-se conduta incompat\u00edvel com o decoro parlamentar &#8220;celebrar acordo que tenha por objeto a posse do suplente, condicionando-a \u00e0 contrapresta\u00e7\u00e3o financeira ou \u00e0 pr\u00e1tica de atos contr\u00e1rios aos\u00a0deveres \u00e9ticos ou regimentais dos Deputados&#8221;.<\/p>\n<p style=\"text-align: justify;\"><strong>87 Ocorre quebra de decoro quando o parlamentar desacata servidor da C\u00e2mara dos Deputados, mas n\u00e3o quando ele desacata outro deputado federal, em face de imunidade material.<\/strong><\/p>\n<p style=\"text-align: justify;\"><span style=\"color: #ff0000;\"><strong>Errado!<\/strong><\/span> No artigo 5\u00ba do C\u00f3digo de \u00c9tica, considera-se conduta atentat\u00f3ria ao decoro parlamentar &#8220;praticar ofensas f\u00edsicas ou morais nas depend\u00eancias da C\u00e2mara dos\u00a0Deputados ou desacatar, por atos ou palavras, outro parlamentar, a Mesa\u00a0ou Comiss\u00e3o ou os respectivos Presidentes&#8221;.<\/p>\n<p style=\"text-align: justify;\"><strong>88 O deputado federal deve respeitar as decis\u00f5es tomadas legitimamente pelos \u00f3rg\u00e3os da respectiva Casa, ainda que delas discorde, sob pena de incidir em quebra de decoro.<\/strong><\/p>\n<p style=\"text-align: justify;\"><span style=\"color: #0000ff;\"><strong>Correto.<\/strong><\/span> Segundo o Art. 3\u00ba do C\u00f3digo de \u00c9tica, \u00e9 dever fundamental do Deputado respeitar as decis\u00f5es leg\u00edtimas dos \u00f3rg\u00e3os da casa.<\/p>\n<p style=\"text-align: justify;\"><strong>89 Indica\u00e7\u00e3o constitui a esp\u00e9cie normativa adequada para o deputado federal sugerir ao chefe do Poder Executivo a propositura de projeto de sua iniciativa privativa.<\/strong><\/p>\n<p style=\"text-align: justify;\"><span style=\"color: #0000ff;\"><strong>Certo?<\/strong><\/span>\u00a0Embora o conceito de indica\u00e7\u00e3o esteja correto, a meu ver, indica\u00e7\u00e3o <span style=\"text-decoration: underline;\">n\u00e3o \u00e9 esp\u00e9cie normativa<\/span>. Esp\u00e9cies normativas s\u00e3o as elencadas no art. 59 da CF, a saber:<\/p>\n<p style=\"text-align: justify;\">I &#8211; emendas \u00e0 Constitui\u00e7\u00e3o;<\/p>\n<p style=\"text-align: justify;\">II &#8211; leis complementares;<\/p>\n<p style=\"text-align: justify;\">III &#8211; leis ordin\u00e1rias;<\/p>\n<p style=\"text-align: justify;\">IV &#8211; leis delegadas;<\/p>\n<p style=\"text-align: justify;\">V &#8211; medidas provis\u00f3rias;<\/p>\n<p style=\"text-align: justify;\">VI &#8211; decretos legislativos;<\/p>\n<p style=\"text-align: justify;\">VII &#8211; resolu\u00e7\u00f5es.<\/p>\n<p style=\"text-align: justify;\">O gabarito oficial da banca \u00e9 CERTO.<\/p>\n<p style=\"text-align: justify;\"><strong>90 \u00a0Imp\u00f5e-se a reda\u00e7\u00e3o do vencido, conforme a linguagem regimental, para o registro do texto da proposi\u00e7\u00e3o que tenha sido derrotada em dada comiss\u00e3o.<\/strong><\/p>\n<p style=\"text-align: justify;\"><span style=\"color: #ff0000;\"><strong>Errado!<\/strong><\/span> A reda\u00e7\u00e3o do vencido, de acordo com o art. 194 do RICD, trata do texto que ser\u00e1 redigido em primeiro turno, pela CCJC, ap\u00f3s a sua aprova\u00e7\u00e3o pelo Plen\u00e1rio. A express\u00e3o &#8220;vencido&#8221;, de maneira geral, ao longo do RICD, refere-se a mat\u00e9ria que j\u00e1 passou, tal como a citada anteriormente, ou mesmo mat\u00e9ria prejudicada. Mas n\u00e3o cabe tratar como reda\u00e7\u00e3o do vencido texto de proposi\u00e7\u00e3o que tenha sido derrotada em Comiss\u00e3o.<\/p>\n<p style=\"text-align: justify;\"><strong>91 O orador, uma vez na tribuna, pode impedir outro parlamentar de fazer aparte ao seu pronunciamento, se assim o declarar.<\/strong><\/p>\n<p style=\"text-align: justify;\"><span style=\"color: #0000ff;\"><strong>Certo.<\/strong><\/span> O Art. 176, par\u00e1grafo primeiro, afirma que o Deputado s\u00f3 pode apartear o orador se houver permiss\u00e3o do mesmo.<\/p>\n<p style=\"text-align: justify;\"><strong>92 \u00a0Proposi\u00e7\u00e3o legislativa de declara\u00e7\u00e3o de guerra tem prefer\u00eancia em rela\u00e7\u00e3o \u00e0s demais, ainda que estas estejam sujeitas ao regime de urg\u00eancia.<\/strong><\/p>\n<p style=\"text-align: justify;\"><strong><span style=\"color: #0000ff;\">Certo.<\/span><\/strong> O Art. 159, par\u00e1grafo 2\u00ba, confere prefer\u00eancia as proposi\u00e7\u00f5es de declara\u00e7\u00e3o de guerra em primeiro lugar dentre as proposi\u00e7\u00f5es em regime de urg\u00eancia. Perceba na senten\u00e7a a express\u00e3o &#8220;Proposi\u00e7\u00e3o <span style=\"text-decoration: underline;\">legislativa<\/span>&#8220;, que exclui do rol as Medidas Provis\u00f3rias e os PLs de iniciativa da Presid\u00eancia da Rep\u00fablica.<\/p>\n<p style=\"text-align: justify;\"><strong>93 Mat\u00e9ria constante de proposi\u00e7\u00e3o legislativa rejeitada pela C\u00e2mara dos Deputados n\u00e3o poder\u00e1 ser objeto de nova aprecia\u00e7\u00e3o na mesma sess\u00e3o legislativa.<\/strong><\/p>\n<p style=\"text-align: justify;\"><span style=\"color: #ff0000;\"><strong>Errada!<\/strong><\/span> Caso o Plen\u00e1rio delibere, por proposi\u00e7\u00e3o por maioria absoluta de seus membros e aprova\u00e7\u00e3o da maioria absoluta de seus membros, \u00e9 poss\u00edvel que tal proposi\u00e7\u00e3o retorne na mesma sess\u00e3o legislativa, de acordo com o art. 110 do RICD,<\/p>\n<p style=\"text-align: justify;\"><strong>94 No caso de delibera\u00e7\u00e3o acerca da aplica\u00e7\u00e3o de san\u00e7\u00e3o disciplinar por conduta incompat\u00edvel com o decoro parlamentar, o deputado federal acusado n\u00e3o tem direito a votar.<\/strong><\/p>\n<p style=\"text-align: justify;\"><span style=\"color: #0000ff;\"><strong>Certo.<\/strong><\/span> Al\u00e9m do bom senso da senten\u00e7a, \u00e9 previs\u00e3o expressa no art. 180, par\u00e1grafo 8\u00ba, RICD.<\/p>\n<p style=\"text-align: justify;\"><strong>96 Por se tratar de mat\u00e9ria afeta ao funcionamento interno da institui\u00e7\u00e3o, o C\u00f3digo de \u00c9tica e Decoro Parlamentar da C\u00e2mara dos Deputados deve ser veiculado mediante resolu\u00e7\u00e3o.<\/strong><\/p>\n<p style=\"text-align: justify;\"><span style=\"color: #0000ff;\"><strong>Certo.<\/strong><\/span>\u00a0No artigo terceiro da Resolu\u00e7\u00e3o n\u00ba 17, de 1989, que aprovou o Regimento Interno da C\u00e2mara dos Deputados, j\u00e1 era prevista a apresenta\u00e7\u00e3o de um <span style=\"text-decoration: underline;\">projeto de resolu\u00e7\u00e3o<\/span> sobre o C\u00f3digo de \u00c9tica e Decoro Parlamentar.\u00a0A Resolu\u00e7\u00e3o n\u00ba 25 de 2001, instituiu o C\u00f3digo de \u00c9tica e Decoro Parlamentar. Contudo, \u00e9 a Resolu\u00e7\u00e3o n\u00ba 2, de 2011, que reformou profundamente o C\u00f3digo, que est\u00e1 em vigor.<\/p>\n<p style=\"text-align: justify;\"><strong>97 Em caso de urg\u00eancia regimental, cabe \u00e0s comiss\u00f5es permanentes apreciar projeto de lei em car\u00e1ter conclusivo, dispensada a compet\u00eancia do Plen\u00e1rio.<\/strong><\/p>\n<p style=\"text-align: justify;\"><span style=\"color: #ff0000;\"><strong>Errado.<\/strong><\/span> O Art 24, II, h, obriga os projetos de lei em regime de urg\u00eancia a serem apreciados pelo Plen\u00e1rio.<\/p>\n<p style=\"text-align: justify;\"><strong>98 Na composi\u00e7\u00e3o da Mesa da C\u00e2mara dos Deputados, deve-se assegurar a representa\u00e7\u00e3o da minoria, ainda que pela proporcionalidade n\u00e3o lhe caiba lugar nessa composi\u00e7\u00e3o.<\/strong><\/p>\n<p style=\"text-align: justify;\"><span style=\"color: #0000ff;\"><strong>Certo.<\/strong><\/span> Transcri\u00e7\u00e3o do art. 8\u00ba, par\u00e1grafo 3\u00ba.<\/p>\n<p style=\"text-align: justify;\"><strong>99 A posse de um deputado federal somente pode ser feita pessoalmente, vedada a posse mediante procura\u00e7\u00e3o.<\/strong><\/p>\n<p style=\"text-align: justify;\"><span style=\"color: #0000ff;\"><strong>Certo.<\/strong><\/span> Art. 4\u00ba, par\u00e1grafo 4\u00ba, RICD.<\/p>\n<p style=\"text-align: justify;\"><strong>100 \u00c9 vedado ao presidente da C\u00e2mara dos Deputados impedir o registro taquigr\u00e1fico de um pronunciamento parlamentar, ou de um aparte a ele.<\/strong><\/p>\n<p style=\"text-align: justify;\"><span style=\"color: #ff0000;\"><strong>Errado!<\/strong><\/span>\u00a0O Art. 17, I, h, do Regimento, possibilita ao Presidente da C\u00e2mara que determine o n\u00e3o apanhamento de um discurso parlamentar.<\/p>\n<p style=\"text-align: justify;\"><strong>106 O corregedor da C\u00e2mara dos Deputados tem direito a voz e voto nas sess\u00f5es do Conselho de \u00c9tica e Decoro Parlamentar.<\/strong><\/p>\n<p style=\"text-align: justify;\"><span style=\"color: #ff0000;\"><strong>Errado!<\/strong><\/span>\u00a0O Corregedor pode acompanhar todas as atividades do Conselho de \u00c9tica, sem direito a voto, consoante o art. 9\u00ba, par\u00e1grafo 4\u00ba, do C\u00f3digo de \u00c9tica.<\/p>\n<p style=\"text-align: justify;\"><strong>107 Deputado federal que alterar, durante o mandato, sua filia\u00e7\u00e3o partid\u00e1ria estar\u00e1 sujeito \u00e0 perda do mandato, por ofensa ao decoro parlamentar.<\/strong><\/p>\n<p style=\"text-align: justify;\"><span style=\"color: #ff0000;\"><strong>Errado!<\/strong><\/span>\u00a0O Deputado que se desvincula de sua bancada perde automaticamente o direto \u00e0s\u00a0vagas\u00a0que ocupa em fun\u00e7\u00e3o do partido, de acordo com o Art. 23, par\u00e1grafo \u00fanico, RICD. \u00a0N\u00e3o h\u00e1 previs\u00e3o de desfilia\u00e7\u00e3o partid\u00e1ria como quebra de decoro parlamentar no C\u00f3digo de \u00c9tica.<\/p>\n<p style=\"text-align: justify;\"><strong>110 A abertura de processo disciplinar, no \u00e2mbito do Conselho de \u00c9tica, contra um de seus integrantes n\u00e3o implicar\u00e1 necessariamente seu afastamento desse conselho.<\/strong><\/p>\n<p style=\"text-align: justify;\"><span style=\"color: #0000ff;\"><strong>Certo.<\/strong><\/span> S\u00f3 h\u00e1 afastamento do conselho quando existe <span style=\"text-decoration: underline;\">prova inequ\u00edvoca<\/span> da acusa\u00e7\u00e3o! Art. 7\u00ba, par\u00e1grafo 7\u00ba, do C\u00f3digo de \u00c9tica. Sentiu a pegadinha da Banca?<\/p>\n<p style=\"text-align: justify;\">Espero que tenham feito boa prova. F\u00f4lego para as discursivas!<\/p>\n\n\n<p class=\"has-text-align-center has-background\" style=\"background-color:#abb7c257\"><strong>Saiba mais: <a target=\"_blank\" href=\"https:\/\/www.estrategiaconcursos.com.br\/blog\/concurso-camara-dos-deputados\/\" rel=\"noopener\">Concurso C\u00e2mara dos Deputados<\/a><\/strong><\/p>\n","protected":false},"excerpt":{"rendered":"<p>Ol\u00e1 amigos e amigas! Venho aqui para comentar as quest\u00f5es de Regimento Interno da C\u00e2mara dos Deputados da prova de Consultor Legislativo. As quest\u00f5es acerca da Constitui\u00e7\u00e3o Federal ser\u00e3o comentadas pelo professor Ricardo Vale. Em um primeiro momento, julgo que as (poucas) quest\u00f5es de RICD vieram em um grau de dificuldade moderado, para os padr\u00f5es [&hellip;]<\/p>\n","protected":false},"author":48,"featured_media":0,"comment_status":"open","ping_status":"open","sticky":false,"template":"","format":"standard","meta":{"post_tipo":"article","footnotes":""},"categories":[1],"tags":[],"tax_estado":[],"class_list":["post-14785","post","type-post","status-publish","format-standard","hentry","category-cursos-e-concursos"],"acf":[],"yoast_head":"<!-- This site is optimized with the Yoast SEO Premium plugin v27.2 (Yoast SEO v27.2) - https:\/\/yoast.com\/product\/yoast-seo-premium-wordpress\/ -->\n<title>Coment\u00e1rios ao Gabarito Preliminar do Regimento Interno da C\u00e2mara dos Deputados - Prova de Consultor Legislativo<\/title>\n<meta name=\"robots\" content=\"index, follow, max-snippet:-1, max-image-preview:large, max-video-preview:-1\" \/>\n<link rel=\"canonical\" href=\"https:\/\/www.estrategiaconcursos.com.br\/blog\/gabarito-preliminar-extraoficial-de-regimento-interno-da-camara-dos-deputados-prova-de-consultor-legislativo\/\" \/>\n<meta property=\"og:locale\" content=\"pt_BR\" \/>\n<meta property=\"og:type\" content=\"article\" \/>\n<meta property=\"og:title\" content=\"Coment\u00e1rios ao Gabarito Preliminar do Regimento Interno da C\u00e2mara dos Deputados - Prova de Consultor Legislativo\" \/>\n<meta property=\"og:description\" content=\"Ol\u00e1 amigos e amigas! Venho aqui para comentar as quest\u00f5es de Regimento Interno da C\u00e2mara dos Deputados da prova de Consultor Legislativo. As quest\u00f5es acerca da Constitui\u00e7\u00e3o Federal ser\u00e3o comentadas pelo professor Ricardo Vale. Em um primeiro momento, julgo que as (poucas) quest\u00f5es de RICD vieram em um grau de dificuldade moderado, para os padr\u00f5es [&hellip;]\" \/>\n<meta property=\"og:url\" content=\"https:\/\/www.estrategiaconcursos.com.br\/blog\/gabarito-preliminar-extraoficial-de-regimento-interno-da-camara-dos-deputados-prova-de-consultor-legislativo\/\" \/>\n<meta property=\"og:site_name\" content=\"Estrat\u00e9gia Concursos\" \/>\n<meta property=\"article:published_time\" content=\"2014-04-15T15:37:12+00:00\" \/>\n<meta property=\"article:modified_time\" content=\"2023-08-24T19:18:13+00:00\" \/>\n<meta name=\"author\" content=\"Coordena\u00e7\u00e3o\" \/>\n<meta name=\"twitter:card\" content=\"summary_large_image\" \/>\n<meta name=\"twitter:creator\" content=\"@EstratConcursos\" \/>\n<meta name=\"twitter:site\" content=\"@EstratConcursos\" \/>\n<meta name=\"twitter:label1\" content=\"Escrito por\" \/>\n\t<meta name=\"twitter:data1\" content=\"Coordena\u00e7\u00e3o\" \/>\n\t<meta name=\"twitter:label2\" content=\"Est. tempo de leitura\" \/>\n\t<meta name=\"twitter:data2\" content=\"7 minutos\" \/>\n<script type=\"application\/ld+json\" class=\"yoast-schema-graph\">{\"@context\":\"https:\/\/schema.org\",\"@graph\":[{\"@type\":\"NewsArticle\",\"@id\":\"https:\/\/www.estrategiaconcursos.com.br\/blog\/gabarito-preliminar-extraoficial-de-regimento-interno-da-camara-dos-deputados-prova-de-consultor-legislativo\/#article\",\"isPartOf\":{\"@id\":\"https:\/\/www.estrategiaconcursos.com.br\/blog\/gabarito-preliminar-extraoficial-de-regimento-interno-da-camara-dos-deputados-prova-de-consultor-legislativo\/\"},\"author\":{\"name\":\"Coordena\u00e7\u00e3o\",\"@id\":\"https:\/\/www.estrategiaconcursos.com.br\/blog\/#\/schema\/person\/cdad40b5818eb228a838461fcd656da7\"},\"headline\":\"Coment\u00e1rios ao Gabarito Preliminar do Regimento Interno da C\u00e2mara dos Deputados &#8211; Prova de Consultor Legislativo\",\"datePublished\":\"2014-04-15T15:37:12+00:00\",\"dateModified\":\"2023-08-24T19:18:13+00:00\",\"mainEntityOfPage\":{\"@id\":\"https:\/\/www.estrategiaconcursos.com.br\/blog\/gabarito-preliminar-extraoficial-de-regimento-interno-da-camara-dos-deputados-prova-de-consultor-legislativo\/\"},\"wordCount\":1343,\"commentCount\":0,\"publisher\":{\"@id\":\"https:\/\/www.estrategiaconcursos.com.br\/blog\/#organization\"},\"articleSection\":[\"Concursos P\u00fablicos\"],\"inLanguage\":\"pt-BR\",\"potentialAction\":[{\"@type\":\"CommentAction\",\"name\":\"Comment\",\"target\":[\"https:\/\/www.estrategiaconcursos.com.br\/blog\/gabarito-preliminar-extraoficial-de-regimento-interno-da-camara-dos-deputados-prova-de-consultor-legislativo\/#respond\"]}],\"copyrightYear\":\"2014\",\"copyrightHolder\":{\"@id\":\"https:\/\/www.estrategiaconcursos.com.br\/blog\/#organization\"}},{\"@type\":\"WebPage\",\"@id\":\"https:\/\/www.estrategiaconcursos.com.br\/blog\/gabarito-preliminar-extraoficial-de-regimento-interno-da-camara-dos-deputados-prova-de-consultor-legislativo\/\",\"url\":\"https:\/\/www.estrategiaconcursos.com.br\/blog\/gabarito-preliminar-extraoficial-de-regimento-interno-da-camara-dos-deputados-prova-de-consultor-legislativo\/\",\"name\":\"Coment\u00e1rios ao Gabarito Preliminar do Regimento Interno da C\u00e2mara dos Deputados - Prova de Consultor Legislativo\",\"isPartOf\":{\"@id\":\"https:\/\/www.estrategiaconcursos.com.br\/blog\/#website\"},\"datePublished\":\"2014-04-15T15:37:12+00:00\",\"dateModified\":\"2023-08-24T19:18:13+00:00\",\"breadcrumb\":{\"@id\":\"https:\/\/www.estrategiaconcursos.com.br\/blog\/gabarito-preliminar-extraoficial-de-regimento-interno-da-camara-dos-deputados-prova-de-consultor-legislativo\/#breadcrumb\"},\"inLanguage\":\"pt-BR\",\"potentialAction\":[{\"@type\":\"ReadAction\",\"target\":[\"https:\/\/www.estrategiaconcursos.com.br\/blog\/gabarito-preliminar-extraoficial-de-regimento-interno-da-camara-dos-deputados-prova-de-consultor-legislativo\/\"]}]},{\"@type\":\"BreadcrumbList\",\"@id\":\"https:\/\/www.estrategiaconcursos.com.br\/blog\/gabarito-preliminar-extraoficial-de-regimento-interno-da-camara-dos-deputados-prova-de-consultor-legislativo\/#breadcrumb\",\"itemListElement\":[{\"@type\":\"ListItem\",\"position\":1,\"name\":\"In\u00edcio\",\"item\":\"https:\/\/www.estrategiaconcursos.com.br\/blog\/\"},{\"@type\":\"ListItem\",\"position\":2,\"name\":\"Coment\u00e1rios ao Gabarito Preliminar do Regimento Interno da C\u00e2mara dos Deputados &#8211; Prova de Consultor Legislativo\"}]},{\"@type\":\"WebSite\",\"@id\":\"https:\/\/www.estrategiaconcursos.com.br\/blog\/#website\",\"url\":\"https:\/\/www.estrategiaconcursos.com.br\/blog\/\",\"name\":\"Estrat\u00e9gia Concursos\",\"description\":\"O blog da Estrat\u00e9gia Concursos traz not\u00edcias sobre concursos e artigos de professores oferecendo cursos para concursos (pdf + videaulas) no site.\",\"publisher\":{\"@id\":\"https:\/\/www.estrategiaconcursos.com.br\/blog\/#organization\"},\"potentialAction\":[{\"@type\":\"SearchAction\",\"target\":{\"@type\":\"EntryPoint\",\"urlTemplate\":\"https:\/\/www.estrategiaconcursos.com.br\/blog\/?s={search_term_string}\"},\"query-input\":{\"@type\":\"PropertyValueSpecification\",\"valueRequired\":true,\"valueName\":\"search_term_string\"}}],\"inLanguage\":\"pt-BR\"},{\"@type\":\"Organization\",\"@id\":\"https:\/\/www.estrategiaconcursos.com.br\/blog\/#organization\",\"name\":\"Estrat\u00e9gia Concursos\",\"url\":\"https:\/\/www.estrategiaconcursos.com.br\/blog\/\",\"logo\":{\"@type\":\"ImageObject\",\"inLanguage\":\"pt-BR\",\"@id\":\"https:\/\/www.estrategiaconcursos.com.br\/blog\/#\/schema\/logo\/image\/\",\"url\":\"https:\/\/dhg1h5j42swfq.cloudfront.net\/2025\/06\/03203428\/logo_concursos-1.jpg\",\"contentUrl\":\"https:\/\/dhg1h5j42swfq.cloudfront.net\/2025\/06\/03203428\/logo_concursos-1.jpg\",\"width\":230,\"height\":60,\"caption\":\"Estrat\u00e9gia Concursos\"},\"image\":{\"@id\":\"https:\/\/www.estrategiaconcursos.com.br\/blog\/#\/schema\/logo\/image\/\"},\"sameAs\":[\"https:\/\/x.com\/EstratConcursos\"]},{\"@type\":\"Person\",\"@id\":\"https:\/\/www.estrategiaconcursos.com.br\/blog\/#\/schema\/person\/cdad40b5818eb228a838461fcd656da7\",\"name\":\"Coordena\u00e7\u00e3o\",\"image\":{\"@type\":\"ImageObject\",\"inLanguage\":\"pt-BR\",\"@id\":\"https:\/\/secure.gravatar.com\/avatar\/a413b22da0f5009c634f6c4586a2dbe5207074fd5becd88db5183b8069ef25e4?s=96&d=mm&r=g\",\"url\":\"https:\/\/secure.gravatar.com\/avatar\/a413b22da0f5009c634f6c4586a2dbe5207074fd5becd88db5183b8069ef25e4?s=96&d=mm&r=g\",\"contentUrl\":\"https:\/\/secure.gravatar.com\/avatar\/a413b22da0f5009c634f6c4586a2dbe5207074fd5becd88db5183b8069ef25e4?s=96&d=mm&r=g\",\"caption\":\"Coordena\u00e7\u00e3o\"},\"url\":\"https:\/\/www.estrategiaconcursos.com.br\/blog\/author\/contatoestrategiaconcursos-com-br\/\"}]}<\/script>\n<!-- \/ Yoast SEO Premium plugin. -->","yoast_head_json":{"title":"Coment\u00e1rios ao Gabarito Preliminar do Regimento Interno da C\u00e2mara dos Deputados - Prova de Consultor Legislativo","robots":{"index":"index","follow":"follow","max-snippet":"max-snippet:-1","max-image-preview":"max-image-preview:large","max-video-preview":"max-video-preview:-1"},"canonical":"https:\/\/www.estrategiaconcursos.com.br\/blog\/gabarito-preliminar-extraoficial-de-regimento-interno-da-camara-dos-deputados-prova-de-consultor-legislativo\/","og_locale":"pt_BR","og_type":"article","og_title":"Coment\u00e1rios ao Gabarito Preliminar do Regimento Interno da C\u00e2mara dos Deputados - Prova de Consultor Legislativo","og_description":"Ol\u00e1 amigos e amigas! Venho aqui para comentar as quest\u00f5es de Regimento Interno da C\u00e2mara dos Deputados da prova de Consultor Legislativo. As quest\u00f5es acerca da Constitui\u00e7\u00e3o Federal ser\u00e3o comentadas pelo professor Ricardo Vale. Em um primeiro momento, julgo que as (poucas) quest\u00f5es de RICD vieram em um grau de dificuldade moderado, para os padr\u00f5es [&hellip;]","og_url":"https:\/\/www.estrategiaconcursos.com.br\/blog\/gabarito-preliminar-extraoficial-de-regimento-interno-da-camara-dos-deputados-prova-de-consultor-legislativo\/","og_site_name":"Estrat\u00e9gia Concursos","article_published_time":"2014-04-15T15:37:12+00:00","article_modified_time":"2023-08-24T19:18:13+00:00","author":"Coordena\u00e7\u00e3o","twitter_card":"summary_large_image","twitter_creator":"@EstratConcursos","twitter_site":"@EstratConcursos","twitter_misc":{"Escrito por":"Coordena\u00e7\u00e3o","Est. tempo de leitura":"7 minutos"},"schema":{"@context":"https:\/\/schema.org","@graph":[{"@type":"NewsArticle","@id":"https:\/\/www.estrategiaconcursos.com.br\/blog\/gabarito-preliminar-extraoficial-de-regimento-interno-da-camara-dos-deputados-prova-de-consultor-legislativo\/#article","isPartOf":{"@id":"https:\/\/www.estrategiaconcursos.com.br\/blog\/gabarito-preliminar-extraoficial-de-regimento-interno-da-camara-dos-deputados-prova-de-consultor-legislativo\/"},"author":{"name":"Coordena\u00e7\u00e3o","@id":"https:\/\/www.estrategiaconcursos.com.br\/blog\/#\/schema\/person\/cdad40b5818eb228a838461fcd656da7"},"headline":"Coment\u00e1rios ao Gabarito Preliminar do Regimento Interno da C\u00e2mara dos Deputados &#8211; Prova de Consultor Legislativo","datePublished":"2014-04-15T15:37:12+00:00","dateModified":"2023-08-24T19:18:13+00:00","mainEntityOfPage":{"@id":"https:\/\/www.estrategiaconcursos.com.br\/blog\/gabarito-preliminar-extraoficial-de-regimento-interno-da-camara-dos-deputados-prova-de-consultor-legislativo\/"},"wordCount":1343,"commentCount":0,"publisher":{"@id":"https:\/\/www.estrategiaconcursos.com.br\/blog\/#organization"},"articleSection":["Concursos P\u00fablicos"],"inLanguage":"pt-BR","potentialAction":[{"@type":"CommentAction","name":"Comment","target":["https:\/\/www.estrategiaconcursos.com.br\/blog\/gabarito-preliminar-extraoficial-de-regimento-interno-da-camara-dos-deputados-prova-de-consultor-legislativo\/#respond"]}],"copyrightYear":"2014","copyrightHolder":{"@id":"https:\/\/www.estrategiaconcursos.com.br\/blog\/#organization"}},{"@type":"WebPage","@id":"https:\/\/www.estrategiaconcursos.com.br\/blog\/gabarito-preliminar-extraoficial-de-regimento-interno-da-camara-dos-deputados-prova-de-consultor-legislativo\/","url":"https:\/\/www.estrategiaconcursos.com.br\/blog\/gabarito-preliminar-extraoficial-de-regimento-interno-da-camara-dos-deputados-prova-de-consultor-legislativo\/","name":"Coment\u00e1rios ao Gabarito Preliminar do Regimento Interno da C\u00e2mara dos Deputados - Prova de Consultor Legislativo","isPartOf":{"@id":"https:\/\/www.estrategiaconcursos.com.br\/blog\/#website"},"datePublished":"2014-04-15T15:37:12+00:00","dateModified":"2023-08-24T19:18:13+00:00","breadcrumb":{"@id":"https:\/\/www.estrategiaconcursos.com.br\/blog\/gabarito-preliminar-extraoficial-de-regimento-interno-da-camara-dos-deputados-prova-de-consultor-legislativo\/#breadcrumb"},"inLanguage":"pt-BR","potentialAction":[{"@type":"ReadAction","target":["https:\/\/www.estrategiaconcursos.com.br\/blog\/gabarito-preliminar-extraoficial-de-regimento-interno-da-camara-dos-deputados-prova-de-consultor-legislativo\/"]}]},{"@type":"BreadcrumbList","@id":"https:\/\/www.estrategiaconcursos.com.br\/blog\/gabarito-preliminar-extraoficial-de-regimento-interno-da-camara-dos-deputados-prova-de-consultor-legislativo\/#breadcrumb","itemListElement":[{"@type":"ListItem","position":1,"name":"In\u00edcio","item":"https:\/\/www.estrategiaconcursos.com.br\/blog\/"},{"@type":"ListItem","position":2,"name":"Coment\u00e1rios ao Gabarito Preliminar do Regimento Interno da C\u00e2mara dos Deputados &#8211; Prova de Consultor Legislativo"}]},{"@type":"WebSite","@id":"https:\/\/www.estrategiaconcursos.com.br\/blog\/#website","url":"https:\/\/www.estrategiaconcursos.com.br\/blog\/","name":"Estrat\u00e9gia Concursos","description":"O blog da Estrat\u00e9gia Concursos traz not\u00edcias sobre concursos e artigos de professores oferecendo cursos para concursos (pdf + videaulas) no site.","publisher":{"@id":"https:\/\/www.estrategiaconcursos.com.br\/blog\/#organization"},"potentialAction":[{"@type":"SearchAction","target":{"@type":"EntryPoint","urlTemplate":"https:\/\/www.estrategiaconcursos.com.br\/blog\/?s={search_term_string}"},"query-input":{"@type":"PropertyValueSpecification","valueRequired":true,"valueName":"search_term_string"}}],"inLanguage":"pt-BR"},{"@type":"Organization","@id":"https:\/\/www.estrategiaconcursos.com.br\/blog\/#organization","name":"Estrat\u00e9gia Concursos","url":"https:\/\/www.estrategiaconcursos.com.br\/blog\/","logo":{"@type":"ImageObject","inLanguage":"pt-BR","@id":"https:\/\/www.estrategiaconcursos.com.br\/blog\/#\/schema\/logo\/image\/","url":"https:\/\/dhg1h5j42swfq.cloudfront.net\/2025\/06\/03203428\/logo_concursos-1.jpg","contentUrl":"https:\/\/dhg1h5j42swfq.cloudfront.net\/2025\/06\/03203428\/logo_concursos-1.jpg","width":230,"height":60,"caption":"Estrat\u00e9gia Concursos"},"image":{"@id":"https:\/\/www.estrategiaconcursos.com.br\/blog\/#\/schema\/logo\/image\/"},"sameAs":["https:\/\/x.com\/EstratConcursos"]},{"@type":"Person","@id":"https:\/\/www.estrategiaconcursos.com.br\/blog\/#\/schema\/person\/cdad40b5818eb228a838461fcd656da7","name":"Coordena\u00e7\u00e3o","image":{"@type":"ImageObject","inLanguage":"pt-BR","@id":"https:\/\/secure.gravatar.com\/avatar\/a413b22da0f5009c634f6c4586a2dbe5207074fd5becd88db5183b8069ef25e4?s=96&d=mm&r=g","url":"https:\/\/secure.gravatar.com\/avatar\/a413b22da0f5009c634f6c4586a2dbe5207074fd5becd88db5183b8069ef25e4?s=96&d=mm&r=g","contentUrl":"https:\/\/secure.gravatar.com\/avatar\/a413b22da0f5009c634f6c4586a2dbe5207074fd5becd88db5183b8069ef25e4?s=96&d=mm&r=g","caption":"Coordena\u00e7\u00e3o"},"url":"https:\/\/www.estrategiaconcursos.com.br\/blog\/author\/contatoestrategiaconcursos-com-br\/"}]}},"_links":{"self":[{"href":"https:\/\/www.estrategiaconcursos.com.br\/blog\/wp-json\/wp\/v2\/posts\/14785","targetHints":{"allow":["GET"]}}],"collection":[{"href":"https:\/\/www.estrategiaconcursos.com.br\/blog\/wp-json\/wp\/v2\/posts"}],"about":[{"href":"https:\/\/www.estrategiaconcursos.com.br\/blog\/wp-json\/wp\/v2\/types\/post"}],"author":[{"embeddable":true,"href":"https:\/\/www.estrategiaconcursos.com.br\/blog\/wp-json\/wp\/v2\/users\/48"}],"replies":[{"embeddable":true,"href":"https:\/\/www.estrategiaconcursos.com.br\/blog\/wp-json\/wp\/v2\/comments?post=14785"}],"version-history":[{"count":17,"href":"https:\/\/www.estrategiaconcursos.com.br\/blog\/wp-json\/wp\/v2\/posts\/14785\/revisions"}],"predecessor-version":[{"id":1268786,"href":"https:\/\/www.estrategiaconcursos.com.br\/blog\/wp-json\/wp\/v2\/posts\/14785\/revisions\/1268786"}],"wp:attachment":[{"href":"https:\/\/www.estrategiaconcursos.com.br\/blog\/wp-json\/wp\/v2\/media?parent=14785"}],"wp:term":[{"taxonomy":"category","embeddable":true,"href":"https:\/\/www.estrategiaconcursos.com.br\/blog\/wp-json\/wp\/v2\/categories?post=14785"},{"taxonomy":"post_tag","embeddable":true,"href":"https:\/\/www.estrategiaconcursos.com.br\/blog\/wp-json\/wp\/v2\/tags?post=14785"},{"taxonomy":"tax_estado","embeddable":true,"href":"https:\/\/www.estrategiaconcursos.com.br\/blog\/wp-json\/wp\/v2\/tax_estado?post=14785"}],"curies":[{"name":"wp","href":"https:\/\/api.w.org\/{rel}","templated":true}]}}