{"id":147840,"date":"2018-10-21T17:54:10","date_gmt":"2018-10-21T20:54:10","guid":{"rendered":"https:\/\/www.estrategiaconcursos.com.br\/blog\/?p=147840"},"modified":"2018-10-22T11:02:44","modified_gmt":"2018-10-22T14:02:44","slug":"gabarito-oficial-iss-marica-portugues","status":"publish","type":"post","link":"https:\/\/www.estrategiaconcursos.com.br\/blog\/gabarito-oficial-iss-marica-portugues\/","title":{"rendered":"Gabarito Extraoficial ISS Maric\u00e1 &#8211; Portugu\u00eas"},"content":{"rendered":"<p style=\"text-align: justify\">Gabarito Extraoficial ISS MARIC\u00c1<\/p>\n<p style=\"text-align: justify\">Pessoal, professor Felipe aqui na \u00e1rea! Tudo tranquilo?<\/p>\n<p style=\"text-align: justify\">Recebemos imagens da prova do ISS MARIC\u00c1, organizada pela UFF- Coseac no dia de hoje. A prova estava bastante direta, com quest\u00f5es cl\u00e1ssicas. Ent\u00e3o, nosso coment\u00e1rio ser\u00e1 naturalmente objetivo. Vamos l\u00e1, <strong>as imagens est\u00e3o ao final do artigo para voc\u00eas acompanharem.\u00a0<\/strong><\/p>\n<p style=\"text-align: justify\"><img loading=\"lazy\" decoding=\"async\" class=\"aligncenter size-full wp-image-104237\" src=\"https:\/\/dhg1h5j42swfq.cloudfront.net\/2018\/01\/28150853\/M%C3%8DDIAS-SOCIAIS-FELIPE.png\" alt=\"\" width=\"724\" height=\"125\" srcset=\"https:\/\/dhg1h5j42swfq.cloudfront.net\/2018\/01\/28150853\/M%C3%8DDIAS-SOCIAIS-FELIPE.png 724w, https:\/\/dhg1h5j42swfq.cloudfront.net\/2018\/01\/28150853\/M%C3%8DDIAS-SOCIAIS-FELIPE.png 300w, https:\/\/dhg1h5j42swfq.cloudfront.net\/2018\/01\/28150853\/M%C3%8DDIAS-SOCIAIS-FELIPE.png 610w\" sizes=\"auto, (max-width: 724px) 100vw, 724px\" \/><\/p>\n<p style=\"text-align: justify\">Quest\u00f5es, gabaritos e coment\u00e1rios:<\/p>\n<p style=\"text-align: justify\">1-B<\/p>\n<p style=\"text-align: justify\">Coment\u00e1rios:<\/p>\n<p style=\"text-align: justify\">O pronome &#8220;sua&#8221; em &#8216;sua primeira miss\u00e3o&#8217; remete a Dom\u00edcio da Gama, pois a miss\u00e3o era dele, do pr\u00f3prio Dom\u00edcio, como diplomata.<\/p>\n<p style=\"text-align: justify\">2- E<\/p>\n<p style=\"text-align: justify\">Coment\u00e1rios:<\/p>\n<p style=\"text-align: justify\">No contexto, &#8220;suscitar diverg\u00eancias&#8221; foi usado no sentido de &#8220;provocar, causar disc\u00f3rdia&#8221;<\/p>\n<p style=\"text-align: justify\">3- D<\/p>\n<p style=\"text-align: justify\">Coment\u00e1rios:<\/p>\n<p style=\"text-align: justify\">Completar o quadro de fundadores era o prop\u00f3sito da elei\u00e7\u00e3o, ent\u00e3o a preposi\u00e7\u00e3o &#8220;para&#8221; indica finalidade no primeiro caso. No segundo, &#8220;Seguir para o estrangeiro&#8221; indica que o &#8220;estrangeiro&#8221;, o &#8220;exterior&#8221; era o seu destino geogr\u00e1fico, o ponto de chegada, ent\u00e3o &#8220;para&#8221; equivale a &#8220;com destino a&#8221;.<\/p>\n<p style=\"text-align: justify\">4-B<\/p>\n<p style=\"text-align: justify\">Coment\u00e1rios:<\/p>\n<p style=\"text-align: justify\">Mas e Entretanto s\u00e3o conjun\u00e7\u00f5es adversativas, portanto trazem o mesmo sentido e podem ser utilizadas uma no lugar da outra no contexto.<\/p>\n<p style=\"text-align: justify\">Enquanto indica tempo; porquanto indica causa ou explica\u00e7\u00e3o, sendo equivalente a \u201cporque\u201d; portanto indica conclus\u00e3o e contanto que \u00e9 conectivo condicional.<\/p>\n<p style=\"text-align: justify\">5-E<\/p>\n<p style=\"text-align: justify\">Coment\u00e1rios:<\/p>\n<p style=\"text-align: justify\">A nova ortografia retirou o acento agudo nos ditongos abertos OI e EI que ocorriam em palavras parox\u00edtonas, como em <strong>europeia, ideia, androide, asteroide, boia, jiboia&#8230;<\/strong><\/p>\n<p style=\"text-align: justify\">Academia, Posto, Francesa e Cronista n\u00e3o s\u00e3o nem nunca foram palavras acentuadas.<\/p>\n<p style=\"text-align: justify\">6-B<\/p>\n<p style=\"text-align: justify\">Coment\u00e1rios:<\/p>\n<p style=\"text-align: justify\">A \u201cpassagem da canja\u201d indica justamente que a canja \u201cj\u00e1 passou\u201d pelo prato, ou seja, j\u00e1 foi consumida, foi terminada.<\/p>\n<p style=\"text-align: justify\">7-A<\/p>\n<p style=\"text-align: justify\">Coment\u00e1rios:<\/p>\n<p style=\"text-align: justify\">A farta adjetiva\u00e7\u00e3o \u00e9 t\u00edpica do texto descritivo, justamente porque a adjetiva\u00e7\u00e3o dos substantivos \u00e9 que revela sua natureza, suas caracter\u00edsticas, qualidades, apar\u00eancia etc&#8230;<\/p>\n<p style=\"text-align: justify\">Como temos a descri\u00e7\u00e3o de uma \u2018cena\u2019 est\u00e1tica, os verbos no presente indicam justamente a simultaneidade das a\u00e7\u00f5es, vistas como concomitantes, todas acontecendo ao mesmo tempo.<\/p>\n<p style=\"text-align: justify\">8- C<\/p>\n<p style=\"text-align: justify\">Coment\u00e1rios:<\/p>\n<p style=\"text-align: justify\">A ora\u00e7\u00e3o \u201cque lavam a rua\u201d \u00e9 uma ora\u00e7\u00e3o adjetiva que se refere a \u201caguaceiros\u201d. Se \u00e9 adjetiva, tem fun\u00e7\u00e3o de adjetivo e, portanto, qualifica esse substantivo.<\/p>\n<p style=\"text-align: justify\">9- E<\/p>\n<p style=\"text-align: justify\">Coment\u00e1rios:<\/p>\n<p style=\"text-align: justify\">Em \u201c<strong>ouvem-se<\/strong> raros passos&#8230;\u201d, temos <strong>VTD+SE<\/strong>, contexto sint\u00e1tico da Voz Passiva sint\u00e9tica\/pronominal. Ent\u00e3o: \u201couvem-se passos\u201d equivale a \u201cpassos s\u00e3o ouvidos\u201d, de forma que \u201cpassos\u201d \u00e9 o n\u00facleo do sujeito passivo. Se o sujeito est\u00e1 no plural, ent\u00e3o o verbo deve ficar no plural tamb\u00e9m para concordar com o sujeito passivo.<\/p>\n<p style=\"text-align: justify\">10- D<\/p>\n<p style=\"text-align: justify\">Coment\u00e1rios:<\/p>\n<p style=\"text-align: justify\">Em \u201c um ronco r\u00e1pido e surdo, como um rugo de tambor molhado\u201d, temos uma \u201ccompara\u00e7\u00e3o\u201d, explicitada pela conjun\u00e7\u00e3o comparativa \u201ccomo\u201d.<\/p>\n<p style=\"text-align: justify\">Ah, por que n\u00e3o poderia ser \u201cmet\u00e1fora\u201d? A met\u00e1fora tamb\u00e9m \u00e9 uma compara\u00e7\u00e3o, mas n\u00e3o \u00e9 expl\u00edcita e se difere da figura chamada de \u201ccompara\u00e7\u00e3o\u201d propriamente dita justamente por n\u00e3o trazer um elemento comparativo expl\u00edcito. Portanto, aqui temos uma \u201ccompara\u00e7\u00e3o\u201d, pois h\u00e1 conectivo comparativo expl\u00edcito no texto.<\/p>\n<p style=\"text-align: justify\"><strong>IMAGENS DA PROVA ABAIXO<\/strong><\/p>\n<p style=\"text-align: justify\"><img loading=\"lazy\" decoding=\"async\" class=\"aligncenter size-full wp-image-104237\" src=\"https:\/\/dhg1h5j42swfq.cloudfront.net\/2018\/01\/28150853\/M%C3%8DDIAS-SOCIAIS-FELIPE.png\" alt=\"\" width=\"724\" height=\"125\" srcset=\"https:\/\/dhg1h5j42swfq.cloudfront.net\/2018\/01\/28150853\/M%C3%8DDIAS-SOCIAIS-FELIPE.png 724w, https:\/\/dhg1h5j42swfq.cloudfront.net\/2018\/01\/28150853\/M%C3%8DDIAS-SOCIAIS-FELIPE.png 300w, https:\/\/dhg1h5j42swfq.cloudfront.net\/2018\/01\/28150853\/M%C3%8DDIAS-SOCIAIS-FELIPE.png 610w\" sizes=\"auto, (max-width: 724px) 100vw, 724px\" \/><\/p>\n<p style=\"text-align: justify\"><img loading=\"lazy\" decoding=\"async\" class=\"size-large wp-image-147875\" src=\"https:\/\/dhg1h5j42swfq.cloudfront.net\/2018\/10\/21172647\/port-iss-maric%C3%A1-II.jpg\" alt=\"\" width=\"1024\" height=\"576\" srcset=\"https:\/\/dhg1h5j42swfq.cloudfront.net\/2018\/10\/21172647\/port-iss-maric%C3%A1-II.jpg 1280w, https:\/\/dhg1h5j42swfq.cloudfront.net\/2018\/10\/21172647\/port-iss-maric%C3%A1-II.jpg 300w, https:\/\/dhg1h5j42swfq.cloudfront.net\/2018\/10\/21172647\/port-iss-maric%C3%A1-II.jpg 768w, https:\/\/dhg1h5j42swfq.cloudfront.net\/2018\/10\/21172647\/port-iss-maric%C3%A1-II.jpg 1024w, https:\/\/dhg1h5j42swfq.cloudfront.net\/2018\/10\/21172647\/port-iss-maric%C3%A1-II.jpg 610w\" sizes=\"auto, (max-width: 1024px) 100vw, 1024px\" \/> <img loading=\"lazy\" decoding=\"async\" class=\"size-large wp-image-147876\" src=\"https:\/\/dhg1h5j42swfq.cloudfront.net\/2018\/10\/21172649\/port-iss-maric%C3%A1.jpg\" alt=\"\" width=\"1024\" height=\"576\" srcset=\"https:\/\/dhg1h5j42swfq.cloudfront.net\/2018\/10\/21172649\/port-iss-maric%C3%A1.jpg 1280w, https:\/\/dhg1h5j42swfq.cloudfront.net\/2018\/10\/21172649\/port-iss-maric%C3%A1.jpg 300w, https:\/\/dhg1h5j42swfq.cloudfront.net\/2018\/10\/21172649\/port-iss-maric%C3%A1.jpg 768w, https:\/\/dhg1h5j42swfq.cloudfront.net\/2018\/10\/21172649\/port-iss-maric%C3%A1.jpg 1024w, https:\/\/dhg1h5j42swfq.cloudfront.net\/2018\/10\/21172649\/port-iss-maric%C3%A1.jpg 610w\" sizes=\"auto, (max-width: 1024px) 100vw, 1024px\" \/><\/p>\n","protected":false},"excerpt":{"rendered":"<p>Gabarito Extraoficial ISS MARIC\u00c1 Pessoal, professor Felipe aqui na \u00e1rea! Tudo tranquilo? Recebemos imagens da prova do ISS MARIC\u00c1, organizada pela UFF- Coseac no dia de hoje. A prova estava bastante direta, com quest\u00f5es cl\u00e1ssicas. Ent\u00e3o, nosso coment\u00e1rio ser\u00e1 naturalmente objetivo. Vamos l\u00e1, as imagens est\u00e3o ao final do artigo para voc\u00eas acompanharem.\u00a0 Quest\u00f5es, gabaritos [&hellip;]<\/p>\n","protected":false},"author":1,"featured_media":0,"comment_status":"open","ping_status":"closed","sticky":false,"template":"","format":"standard","meta":{"post_tipo":"article","footnotes":""},"categories":[1,1983],"tags":[483,542,568,549,40,861,67,331],"tax_estado":[],"class_list":["post-147840","post","type-post","status-publish","format-standard","hentry","category-cursos-e-concursos","category-fiscal-estadual","tag-afrfb","tag-aft","tag-aprovados","tag-atualidades","tag-concurso","tag-dicas-de-estudo","tag-direito-administrativo","tag-gabarito"],"acf":[],"yoast_head":"<!-- This site is optimized with the Yoast SEO Premium plugin v27.2 (Yoast SEO v27.2) - https:\/\/yoast.com\/product\/yoast-seo-premium-wordpress\/ -->\n<title>Gabarito Extraoficial ISS Maric\u00e1 - Portugu\u00eas<\/title>\n<meta name=\"robots\" content=\"index, follow, max-snippet:-1, max-image-preview:large, max-video-preview:-1\" \/>\n<link rel=\"canonical\" href=\"https:\/\/www.estrategiaconcursos.com.br\/blog\/gabarito-oficial-iss-marica-portugues\/\" \/>\n<meta property=\"og:locale\" content=\"pt_BR\" \/>\n<meta property=\"og:type\" content=\"article\" \/>\n<meta property=\"og:title\" content=\"Gabarito Extraoficial ISS Maric\u00e1 - Portugu\u00eas\" \/>\n<meta property=\"og:description\" content=\"Gabarito Extraoficial ISS MARIC\u00c1 Pessoal, professor Felipe aqui na \u00e1rea! Tudo tranquilo? Recebemos imagens da prova do ISS MARIC\u00c1, organizada pela UFF- Coseac no dia de hoje. A prova estava bastante direta, com quest\u00f5es cl\u00e1ssicas. Ent\u00e3o, nosso coment\u00e1rio ser\u00e1 naturalmente objetivo. Vamos l\u00e1, as imagens est\u00e3o ao final do artigo para voc\u00eas acompanharem.\u00a0 Quest\u00f5es, gabaritos [&hellip;]\" \/>\n<meta property=\"og:url\" content=\"https:\/\/www.estrategiaconcursos.com.br\/blog\/gabarito-oficial-iss-marica-portugues\/\" \/>\n<meta property=\"og:site_name\" content=\"Estrat\u00e9gia Concursos\" \/>\n<meta property=\"article:author\" content=\"https:\/\/www.facebook.com\/EstrategiaConcursos\" \/>\n<meta property=\"article:published_time\" content=\"2018-10-21T20:54:10+00:00\" \/>\n<meta property=\"article:modified_time\" content=\"2018-10-22T14:02:44+00:00\" \/>\n<meta name=\"author\" content=\"Coordena\u00e7\u00e3o\" \/>\n<meta name=\"twitter:card\" content=\"summary_large_image\" \/>\n<meta name=\"twitter:creator\" content=\"@EstratConcursos\" \/>\n<meta name=\"twitter:site\" content=\"@EstratConcursos\" \/>\n<meta name=\"twitter:label1\" content=\"Escrito por\" \/>\n\t<meta name=\"twitter:data1\" content=\"Coordena\u00e7\u00e3o\" \/>\n\t<meta name=\"twitter:label2\" content=\"Est. tempo de leitura\" \/>\n\t<meta name=\"twitter:data2\" content=\"3 minutos\" \/>\n<script type=\"application\/ld+json\" class=\"yoast-schema-graph\">{\"@context\":\"https:\/\/schema.org\",\"@graph\":[{\"@type\":\"NewsArticle\",\"@id\":\"https:\/\/www.estrategiaconcursos.com.br\/blog\/gabarito-oficial-iss-marica-portugues\/#article\",\"isPartOf\":{\"@id\":\"https:\/\/www.estrategiaconcursos.com.br\/blog\/gabarito-oficial-iss-marica-portugues\/\"},\"author\":{\"name\":\"Coordena\u00e7\u00e3o\",\"@id\":\"https:\/\/www.estrategiaconcursos.com.br\/blog\/#\/schema\/person\/b4a388c97673c5f483d72185668afa1f\"},\"headline\":\"Gabarito Extraoficial ISS Maric\u00e1 &#8211; Portugu\u00eas\",\"datePublished\":\"2018-10-21T20:54:10+00:00\",\"dateModified\":\"2018-10-22T14:02:44+00:00\",\"mainEntityOfPage\":{\"@id\":\"https:\/\/www.estrategiaconcursos.com.br\/blog\/gabarito-oficial-iss-marica-portugues\/\"},\"wordCount\":534,\"commentCount\":0,\"publisher\":{\"@id\":\"https:\/\/www.estrategiaconcursos.com.br\/blog\/#organization\"},\"keywords\":[\"AFRFB\",\"AFT\",\"Aprovados\",\"Atualidades\",\"Concurso\",\"dicas de estudo\",\"Direito Administrativo\",\"Gabarito\"],\"articleSection\":[\"Concursos P\u00fablicos\",\"Fiscal - Estadual (ICMS)\"],\"inLanguage\":\"pt-BR\",\"potentialAction\":[{\"@type\":\"CommentAction\",\"name\":\"Comment\",\"target\":[\"https:\/\/www.estrategiaconcursos.com.br\/blog\/gabarito-oficial-iss-marica-portugues\/#respond\"]}],\"copyrightYear\":\"2018\",\"copyrightHolder\":{\"@id\":\"https:\/\/www.estrategiaconcursos.com.br\/blog\/#organization\"}},{\"@type\":\"WebPage\",\"@id\":\"https:\/\/www.estrategiaconcursos.com.br\/blog\/gabarito-oficial-iss-marica-portugues\/\",\"url\":\"https:\/\/www.estrategiaconcursos.com.br\/blog\/gabarito-oficial-iss-marica-portugues\/\",\"name\":\"Gabarito Extraoficial ISS Maric\u00e1 - Portugu\u00eas\",\"isPartOf\":{\"@id\":\"https:\/\/www.estrategiaconcursos.com.br\/blog\/#website\"},\"datePublished\":\"2018-10-21T20:54:10+00:00\",\"dateModified\":\"2018-10-22T14:02:44+00:00\",\"breadcrumb\":{\"@id\":\"https:\/\/www.estrategiaconcursos.com.br\/blog\/gabarito-oficial-iss-marica-portugues\/#breadcrumb\"},\"inLanguage\":\"pt-BR\",\"potentialAction\":[{\"@type\":\"ReadAction\",\"target\":[\"https:\/\/www.estrategiaconcursos.com.br\/blog\/gabarito-oficial-iss-marica-portugues\/\"]}]},{\"@type\":\"BreadcrumbList\",\"@id\":\"https:\/\/www.estrategiaconcursos.com.br\/blog\/gabarito-oficial-iss-marica-portugues\/#breadcrumb\",\"itemListElement\":[{\"@type\":\"ListItem\",\"position\":1,\"name\":\"In\u00edcio\",\"item\":\"https:\/\/www.estrategiaconcursos.com.br\/blog\/\"},{\"@type\":\"ListItem\",\"position\":2,\"name\":\"Gabarito Extraoficial ISS Maric\u00e1 &#8211; Portugu\u00eas\"}]},{\"@type\":\"WebSite\",\"@id\":\"https:\/\/www.estrategiaconcursos.com.br\/blog\/#website\",\"url\":\"https:\/\/www.estrategiaconcursos.com.br\/blog\/\",\"name\":\"Estrat\u00e9gia Concursos\",\"description\":\"O blog da Estrat\u00e9gia Concursos traz not\u00edcias sobre concursos e artigos de professores oferecendo cursos para concursos (pdf + videaulas) no site.\",\"publisher\":{\"@id\":\"https:\/\/www.estrategiaconcursos.com.br\/blog\/#organization\"},\"potentialAction\":[{\"@type\":\"SearchAction\",\"target\":{\"@type\":\"EntryPoint\",\"urlTemplate\":\"https:\/\/www.estrategiaconcursos.com.br\/blog\/?s={search_term_string}\"},\"query-input\":{\"@type\":\"PropertyValueSpecification\",\"valueRequired\":true,\"valueName\":\"search_term_string\"}}],\"inLanguage\":\"pt-BR\"},{\"@type\":\"Organization\",\"@id\":\"https:\/\/www.estrategiaconcursos.com.br\/blog\/#organization\",\"name\":\"Estrat\u00e9gia Concursos\",\"url\":\"https:\/\/www.estrategiaconcursos.com.br\/blog\/\",\"logo\":{\"@type\":\"ImageObject\",\"inLanguage\":\"pt-BR\",\"@id\":\"https:\/\/www.estrategiaconcursos.com.br\/blog\/#\/schema\/logo\/image\/\",\"url\":\"https:\/\/dhg1h5j42swfq.cloudfront.net\/2025\/06\/03203428\/logo_concursos-1.jpg\",\"contentUrl\":\"https:\/\/dhg1h5j42swfq.cloudfront.net\/2025\/06\/03203428\/logo_concursos-1.jpg\",\"width\":230,\"height\":60,\"caption\":\"Estrat\u00e9gia Concursos\"},\"image\":{\"@id\":\"https:\/\/www.estrategiaconcursos.com.br\/blog\/#\/schema\/logo\/image\/\"},\"sameAs\":[\"https:\/\/x.com\/EstratConcursos\"]},{\"@type\":\"Person\",\"@id\":\"https:\/\/www.estrategiaconcursos.com.br\/blog\/#\/schema\/person\/b4a388c97673c5f483d72185668afa1f\",\"name\":\"Coordena\u00e7\u00e3o\",\"image\":{\"@type\":\"ImageObject\",\"inLanguage\":\"pt-BR\",\"@id\":\"https:\/\/secure.gravatar.com\/avatar\/b720319e4c9a967eb58678d110f4fe35452fc5d5f97b202bac7b8acceb18c6ad?s=96&d=mm&r=g\",\"url\":\"https:\/\/secure.gravatar.com\/avatar\/b720319e4c9a967eb58678d110f4fe35452fc5d5f97b202bac7b8acceb18c6ad?s=96&d=mm&r=g\",\"contentUrl\":\"https:\/\/secure.gravatar.com\/avatar\/b720319e4c9a967eb58678d110f4fe35452fc5d5f97b202bac7b8acceb18c6ad?s=96&d=mm&r=g\",\"caption\":\"Coordena\u00e7\u00e3o\"},\"sameAs\":[\"https:\/\/www.facebook.com\/EstrategiaConcursos\",\"https:\/\/x.com\/EstratConcursos\"],\"url\":\"https:\/\/www.estrategiaconcursos.com.br\/blog\/author\/estrategia2013\/\"}]}<\/script>\n<!-- \/ Yoast SEO Premium plugin. -->","yoast_head_json":{"title":"Gabarito Extraoficial ISS Maric\u00e1 - Portugu\u00eas","robots":{"index":"index","follow":"follow","max-snippet":"max-snippet:-1","max-image-preview":"max-image-preview:large","max-video-preview":"max-video-preview:-1"},"canonical":"https:\/\/www.estrategiaconcursos.com.br\/blog\/gabarito-oficial-iss-marica-portugues\/","og_locale":"pt_BR","og_type":"article","og_title":"Gabarito Extraoficial ISS Maric\u00e1 - Portugu\u00eas","og_description":"Gabarito Extraoficial ISS MARIC\u00c1 Pessoal, professor Felipe aqui na \u00e1rea! Tudo tranquilo? Recebemos imagens da prova do ISS MARIC\u00c1, organizada pela UFF- Coseac no dia de hoje. A prova estava bastante direta, com quest\u00f5es cl\u00e1ssicas. Ent\u00e3o, nosso coment\u00e1rio ser\u00e1 naturalmente objetivo. Vamos l\u00e1, as imagens est\u00e3o ao final do artigo para voc\u00eas acompanharem.\u00a0 Quest\u00f5es, gabaritos [&hellip;]","og_url":"https:\/\/www.estrategiaconcursos.com.br\/blog\/gabarito-oficial-iss-marica-portugues\/","og_site_name":"Estrat\u00e9gia Concursos","article_author":"https:\/\/www.facebook.com\/EstrategiaConcursos","article_published_time":"2018-10-21T20:54:10+00:00","article_modified_time":"2018-10-22T14:02:44+00:00","author":"Coordena\u00e7\u00e3o","twitter_card":"summary_large_image","twitter_creator":"@EstratConcursos","twitter_site":"@EstratConcursos","twitter_misc":{"Escrito por":"Coordena\u00e7\u00e3o","Est. tempo de leitura":"3 minutos"},"schema":{"@context":"https:\/\/schema.org","@graph":[{"@type":"NewsArticle","@id":"https:\/\/www.estrategiaconcursos.com.br\/blog\/gabarito-oficial-iss-marica-portugues\/#article","isPartOf":{"@id":"https:\/\/www.estrategiaconcursos.com.br\/blog\/gabarito-oficial-iss-marica-portugues\/"},"author":{"name":"Coordena\u00e7\u00e3o","@id":"https:\/\/www.estrategiaconcursos.com.br\/blog\/#\/schema\/person\/b4a388c97673c5f483d72185668afa1f"},"headline":"Gabarito Extraoficial ISS Maric\u00e1 &#8211; Portugu\u00eas","datePublished":"2018-10-21T20:54:10+00:00","dateModified":"2018-10-22T14:02:44+00:00","mainEntityOfPage":{"@id":"https:\/\/www.estrategiaconcursos.com.br\/blog\/gabarito-oficial-iss-marica-portugues\/"},"wordCount":534,"commentCount":0,"publisher":{"@id":"https:\/\/www.estrategiaconcursos.com.br\/blog\/#organization"},"keywords":["AFRFB","AFT","Aprovados","Atualidades","Concurso","dicas de estudo","Direito Administrativo","Gabarito"],"articleSection":["Concursos P\u00fablicos","Fiscal - Estadual (ICMS)"],"inLanguage":"pt-BR","potentialAction":[{"@type":"CommentAction","name":"Comment","target":["https:\/\/www.estrategiaconcursos.com.br\/blog\/gabarito-oficial-iss-marica-portugues\/#respond"]}],"copyrightYear":"2018","copyrightHolder":{"@id":"https:\/\/www.estrategiaconcursos.com.br\/blog\/#organization"}},{"@type":"WebPage","@id":"https:\/\/www.estrategiaconcursos.com.br\/blog\/gabarito-oficial-iss-marica-portugues\/","url":"https:\/\/www.estrategiaconcursos.com.br\/blog\/gabarito-oficial-iss-marica-portugues\/","name":"Gabarito Extraoficial ISS Maric\u00e1 - Portugu\u00eas","isPartOf":{"@id":"https:\/\/www.estrategiaconcursos.com.br\/blog\/#website"},"datePublished":"2018-10-21T20:54:10+00:00","dateModified":"2018-10-22T14:02:44+00:00","breadcrumb":{"@id":"https:\/\/www.estrategiaconcursos.com.br\/blog\/gabarito-oficial-iss-marica-portugues\/#breadcrumb"},"inLanguage":"pt-BR","potentialAction":[{"@type":"ReadAction","target":["https:\/\/www.estrategiaconcursos.com.br\/blog\/gabarito-oficial-iss-marica-portugues\/"]}]},{"@type":"BreadcrumbList","@id":"https:\/\/www.estrategiaconcursos.com.br\/blog\/gabarito-oficial-iss-marica-portugues\/#breadcrumb","itemListElement":[{"@type":"ListItem","position":1,"name":"In\u00edcio","item":"https:\/\/www.estrategiaconcursos.com.br\/blog\/"},{"@type":"ListItem","position":2,"name":"Gabarito Extraoficial ISS Maric\u00e1 &#8211; Portugu\u00eas"}]},{"@type":"WebSite","@id":"https:\/\/www.estrategiaconcursos.com.br\/blog\/#website","url":"https:\/\/www.estrategiaconcursos.com.br\/blog\/","name":"Estrat\u00e9gia Concursos","description":"O blog da Estrat\u00e9gia Concursos traz not\u00edcias sobre concursos e artigos de professores oferecendo cursos para concursos (pdf + videaulas) no site.","publisher":{"@id":"https:\/\/www.estrategiaconcursos.com.br\/blog\/#organization"},"potentialAction":[{"@type":"SearchAction","target":{"@type":"EntryPoint","urlTemplate":"https:\/\/www.estrategiaconcursos.com.br\/blog\/?s={search_term_string}"},"query-input":{"@type":"PropertyValueSpecification","valueRequired":true,"valueName":"search_term_string"}}],"inLanguage":"pt-BR"},{"@type":"Organization","@id":"https:\/\/www.estrategiaconcursos.com.br\/blog\/#organization","name":"Estrat\u00e9gia Concursos","url":"https:\/\/www.estrategiaconcursos.com.br\/blog\/","logo":{"@type":"ImageObject","inLanguage":"pt-BR","@id":"https:\/\/www.estrategiaconcursos.com.br\/blog\/#\/schema\/logo\/image\/","url":"https:\/\/dhg1h5j42swfq.cloudfront.net\/2025\/06\/03203428\/logo_concursos-1.jpg","contentUrl":"https:\/\/dhg1h5j42swfq.cloudfront.net\/2025\/06\/03203428\/logo_concursos-1.jpg","width":230,"height":60,"caption":"Estrat\u00e9gia Concursos"},"image":{"@id":"https:\/\/www.estrategiaconcursos.com.br\/blog\/#\/schema\/logo\/image\/"},"sameAs":["https:\/\/x.com\/EstratConcursos"]},{"@type":"Person","@id":"https:\/\/www.estrategiaconcursos.com.br\/blog\/#\/schema\/person\/b4a388c97673c5f483d72185668afa1f","name":"Coordena\u00e7\u00e3o","image":{"@type":"ImageObject","inLanguage":"pt-BR","@id":"https:\/\/secure.gravatar.com\/avatar\/b720319e4c9a967eb58678d110f4fe35452fc5d5f97b202bac7b8acceb18c6ad?s=96&d=mm&r=g","url":"https:\/\/secure.gravatar.com\/avatar\/b720319e4c9a967eb58678d110f4fe35452fc5d5f97b202bac7b8acceb18c6ad?s=96&d=mm&r=g","contentUrl":"https:\/\/secure.gravatar.com\/avatar\/b720319e4c9a967eb58678d110f4fe35452fc5d5f97b202bac7b8acceb18c6ad?s=96&d=mm&r=g","caption":"Coordena\u00e7\u00e3o"},"sameAs":["https:\/\/www.facebook.com\/EstrategiaConcursos","https:\/\/x.com\/EstratConcursos"],"url":"https:\/\/www.estrategiaconcursos.com.br\/blog\/author\/estrategia2013\/"}]}},"_links":{"self":[{"href":"https:\/\/www.estrategiaconcursos.com.br\/blog\/wp-json\/wp\/v2\/posts\/147840","targetHints":{"allow":["GET"]}}],"collection":[{"href":"https:\/\/www.estrategiaconcursos.com.br\/blog\/wp-json\/wp\/v2\/posts"}],"about":[{"href":"https:\/\/www.estrategiaconcursos.com.br\/blog\/wp-json\/wp\/v2\/types\/post"}],"author":[{"embeddable":true,"href":"https:\/\/www.estrategiaconcursos.com.br\/blog\/wp-json\/wp\/v2\/users\/1"}],"replies":[{"embeddable":true,"href":"https:\/\/www.estrategiaconcursos.com.br\/blog\/wp-json\/wp\/v2\/comments?post=147840"}],"version-history":[{"count":3,"href":"https:\/\/www.estrategiaconcursos.com.br\/blog\/wp-json\/wp\/v2\/posts\/147840\/revisions"}],"predecessor-version":[{"id":147918,"href":"https:\/\/www.estrategiaconcursos.com.br\/blog\/wp-json\/wp\/v2\/posts\/147840\/revisions\/147918"}],"wp:attachment":[{"href":"https:\/\/www.estrategiaconcursos.com.br\/blog\/wp-json\/wp\/v2\/media?parent=147840"}],"wp:term":[{"taxonomy":"category","embeddable":true,"href":"https:\/\/www.estrategiaconcursos.com.br\/blog\/wp-json\/wp\/v2\/categories?post=147840"},{"taxonomy":"post_tag","embeddable":true,"href":"https:\/\/www.estrategiaconcursos.com.br\/blog\/wp-json\/wp\/v2\/tags?post=147840"},{"taxonomy":"tax_estado","embeddable":true,"href":"https:\/\/www.estrategiaconcursos.com.br\/blog\/wp-json\/wp\/v2\/tax_estado?post=147840"}],"curies":[{"name":"wp","href":"https:\/\/api.w.org\/{rel}","templated":true}]}}