{"id":147838,"date":"2018-10-21T16:49:17","date_gmt":"2018-10-21T19:49:17","guid":{"rendered":"https:\/\/www.estrategiaconcursos.com.br\/blog\/?p=147838"},"modified":"2022-11-30T13:32:50","modified_gmt":"2022-11-30T16:32:50","slug":"gabarito-extraoficial-direito-do-trabalho-mpu","status":"publish","type":"post","link":"https:\/\/www.estrategiaconcursos.com.br\/blog\/gabarito-extraoficial-direito-do-trabalho-mpu\/","title":{"rendered":"Gabarito Extraoficial \u2013 Direito do Trabalho MPU"},"content":{"rendered":"<h4>Gabarito Extraoficial \u2013 Direito do Trabalho MPU<\/h4>\n<p>Ol\u00e1 pessoal, tudo bem? =)<\/p>\n<p>Hoje, pela manh\u00e3, foram aplicadas as provas de Analista do MPU \u2013 especialidade Direito.<\/p>\n<p>Em Direito do Trabalho, tivemos <strong>8 quest\u00f5es<\/strong>, distribu\u00eddas da seguinte forma: 3 delas versando sobre a jurisprud\u00eancia consolidada do TST, 3 a respeito da reforma trabalhista e mais 2 sobre t\u00f3picos inalterados da CLT.<\/p>\n<p>A seguir fa\u00e7o breves coment\u00e1rios, em texto e em v\u00eddeo, sobre cada uma das quest\u00f5es e tamb\u00e9m meu gabarito extraoficial.<\/p>\n<p>Vamos aguardar o gabarito oficial do Cespe, para avaliarmos a possibilidade de recursos.<\/p>\n<p>Espero que tenham feito uma excelente prova!<\/p>\n<p>Se tiverem alguma d\u00favida ou coloca\u00e7\u00e3o em rela\u00e7\u00e3o a estas quest\u00f5es, n\u00e3o deixem de entrar em contato comigo (vou deixar o link do meu Instagram logo abaixo).<\/p>\n<p>Um forte abra\u00e7o!<\/p>\n<p><strong>Prof. Antonio Daud<\/strong><\/p>\n<p><a href=\"https:\/\/www.instagram.com\/professordaud\/\">@professordaud<\/a><\/p>\n<p>&#8211; &#8211; &#8211; &#8211;<\/p>\n<p>\u00c0 luz da CLT e do entendimento dos Tribunais Superiores, julgue os itens a seguir, referentes a aspectos ao contrato de trabalho.<\/p>\n<p><strong>65<\/strong>. O empregado que ocasionalmente trabalhar no per\u00edodo das 20 h de um dia at\u00e9 \u00e0s 8 h do dia seguinte ter\u00e1 direito ao recebimento do adicional noturno, inclusive com rela\u00e7\u00e3o \u00e0s \u00faltimas tr\u00eas horas trabalhadas.<\/p>\n<p><strong>Coment\u00e1rios<\/strong><\/p>\n<p>Na situa\u00e7\u00e3o apresentada, o empregado laborou durante todo o per\u00edodo noturno (22hs \u00e0s 5hs, no caso do urbano) e ainda teve sua jornada prorrogada at\u00e9 as 8hs. Percebam que sua jornada de trabalho, nesta ocasi\u00e3o, foi prevalentemente noturna.<\/p>\n<p>Nesta situa\u00e7\u00e3o, a jurisprud\u00eancia do TST tem aplicado a SUM-60 do TST, que garante o adicional noturno tamb\u00e9m sobre a jornada prorrogada fora do per\u00edodo noturno.<\/p>\n<blockquote><p><em>S\u00famula n\u00ba 60 do TST<\/em><\/p>\n<p><em>ADICIONAL NOTURNO. INTEGRA\u00c7\u00c3O NO SAL\u00c1RIO E PRORROGA\u00c7\u00c3O EM HOR\u00c1RIO DIURNO (incorporada a Orienta\u00e7\u00e3o Jurisprudencial n\u00ba 6 da SBDI-1) &#8211; Res. 129\/2005, DJ 20, 22 e 25.04.2005<\/em><\/p>\n<p><em>I &#8211; O adicional noturno, pago com habitualidade, integra o sal\u00e1rio do empregado para todos os efeitos. (ex-S\u00famula n\u00ba 60 &#8211; RA 105\/1974, DJ 24.10.1974)<\/em><\/p>\n<p><em>II &#8211; Cumprida integralmente a jornada no per\u00edodo noturno e prorrogada esta, <strong>devido \u00e9 tamb\u00e9m o adicional quanto \u00e0s horas prorrogadas<\/strong>. Exegese do art. 73, \u00a7 5\u00ba, da CLT.<\/em><\/p><\/blockquote>\n<p>O TST, por diversas vezes, tem entendido<a href=\"#_ftn1\" name=\"_ftnref1\">[1]<\/a> que \u201ccumprida integralmente a jornada no per\u00edodo noturno, com prorroga\u00e7\u00e3o para o per\u00edodo diurno, \u00e9 devido o adicional noturno quanto \u00e0s horas trabalhadas no per\u00edodo diurno, <strong>ainda que se trate de jornada mista<\/strong>\u201d.<\/p>\n<p>Por fim, apesar de a jornada de trabalho ter extrapolado 12 hs, nada se mencionou sobre uma escala 12&#215;36, o que afastaria o recebimento do adicional noturno referente \u00e0s \u00faltimas 3 horas de trabalho (CLT, art. 59-A, par\u00e1grafo \u00fanico, parte final).<\/p>\n<p>Gabarito extraoficial (C)<\/p>\n<p><strong>66<\/strong>. Policial militar que preste, em empresa privada, servi\u00e7o de natureza cont\u00ednua, de maneira subordinada e mediante o recebimento de sal\u00e1rio, poder\u00e1 ter o reconhecimento do v\u00ednculo de emprego com a empresa, independentemente de eventual penalidade disciplinar prevista em estatuto.<\/p>\n<p><strong>Coment\u00e1rios<\/strong><\/p>\n<p>A quest\u00e3o est\u00e1 correta, tendo cobrado o entendimento constante da SUM-386 do TST, pela possibilidade de reconhecimento do v\u00ednculo empregat\u00edcio:<\/p>\n<blockquote><p><em>S\u00famula n\u00ba 386 do TST<\/em><\/p>\n<p><em>POLICIAL MILITAR. RECONHECIMENTO DE V\u00cdNCULO EMPREGAT\u00cdCIO COM EMPRESA PRIVADA (convers\u00e3o da Orienta\u00e7\u00e3o Jurisprudencial n\u00ba 167 da SBDI-1) &#8211; Res. 129\/2005, DJ 20, 22 e 25.04.2005<\/em><\/p>\n<p><em>Preenchidos os requisitos do art. 3\u00ba da CLT, \u00e9 leg\u00edtimo o reconhecimento de rela\u00e7\u00e3o de emprego entre policial militar e empresa privada, independentemente do eventual cabimento de penalidade disciplinar prevista no Estatuto do Policial Militar.<\/em><\/p><\/blockquote>\n<p>Gabarito extraoficial (C)<\/p>\n<p><strong>67<\/strong>. Conforme a CLT, empregado que recebe gratifica\u00e7\u00e3o de fun\u00e7\u00e3o h\u00e1 mais de dez anos perder\u00e1 tal retribui\u00e7\u00e3o caso seja revertido ao cargo efetivo anteriormente ocupado.<\/p>\n<p><strong>Coment\u00e1rios<\/strong><\/p>\n<p>Ap\u00f3s a reforma trabalhista, a CLT passou a prever expressamente que a revers\u00e3o <strong>n\u00e3o<\/strong> <strong>enseja<\/strong> direito \u00e0 <strong>incorpora\u00e7\u00e3o<\/strong> da gratifica\u00e7\u00e3o de fun\u00e7\u00e3o recebida, <u>qualquer que tenha sido o tempo de exerc\u00edcio da fun\u00e7\u00e3o ou o motivo da destitui\u00e7\u00e3o<\/u>:<\/p>\n<blockquote><p><em>CLT, art. 468, \u00a7 2\u00ba\u00a0 A altera\u00e7\u00e3o de que trata o \u00a7 1\u00ba deste artigo [revers\u00e3o ao cargo efetivo anteriormente ocupado], com ou sem justo motivo, <strong>n\u00e3o assegura ao empregado o direito \u00e0 manuten\u00e7\u00e3o do pagamento da gratifica\u00e7\u00e3o correspondente<\/strong>, que n\u00e3o ser\u00e1 incorporada, <strong>independentemente do tempo de exerc\u00edcio da respectiva fun\u00e7\u00e3o<\/strong>.<\/em><\/p><\/blockquote>\n<p>Portanto, o empregado que \u00e9 revertido com mais de dez anos na fun\u00e7\u00e3o perder\u00e1, segundo a CLT, a gratifica\u00e7\u00e3o de fun\u00e7\u00e3o que recebia at\u00e9 ent\u00e3o.<\/p>\n<p>Al\u00e9m disso, ao dizer \u201cconforme a CLT\u201d no in\u00edcio da quest\u00e3o, a Banca afastou a aplica\u00e7\u00e3o da SUM-372 do TST, que previa justamente o contr\u00e1rio da disposi\u00e7\u00e3o celetista.<\/p>\n<p>Gabarito extraoficial (C)<\/p>\n<p><strong>68<\/strong>. Na rescis\u00e3o do contrato de trabalho por culpa rec\u00edproca, o empregado n\u00e3o tem direito ao recebimento de aviso pr\u00e9vio.<\/p>\n<p><strong>Coment\u00e1rios<\/strong><\/p>\n<p>Pelo contr\u00e1rio, a rescis\u00e3o do contrato de trabalho mediante culpa rec\u00edproca d\u00e1 ao empregado direito ao aviso pr\u00e9vio, pela metade. Trata-se de aplica\u00e7\u00e3o direta da SUM-14 do TST:<\/p>\n<blockquote><p><em>Reconhecida a <strong>culpa rec\u00edproca<\/strong> na rescis\u00e3o do contrato de trabalho (art. 484 da CLT), o empregado tem direito a <strong>50% (cinq\u00fcenta por cento) do valor do aviso pr\u00e9vio<\/strong>,\u00a0do d\u00e9cimo terceiro sal\u00e1rio e das f\u00e9rias proporcionais.<\/em><\/p><\/blockquote>\n<p>Gabarito extraoficial (E)<\/p>\n<p><strong>69<\/strong>. A concess\u00e3o apenas parcial do intervalo para alimenta\u00e7\u00e3o e repouso gera para o empregador a obriga\u00e7\u00e3o de pagar ao empregado o valor correspondente ao intervalo integral acrescido de 50% do valor da remunera\u00e7\u00e3o da hora normal de trabalho.<\/p>\n<p><strong>Coment\u00e1rios<\/strong><\/p>\n<p>Tomando por base as disposi\u00e7\u00f5es constantes da CLT, o pagamento desta indeniza\u00e7\u00e3o fica <strong>limitado ao per\u00edodo suprimido<\/strong> do intervalo (n\u00e3o mais ao intervalo integral):<\/p>\n<blockquote><p><em>CLT, art. 71, \u00a7 4\u00ba &#8211; A <u>n\u00e3o concess\u00e3o ou a concess\u00e3o parcial<\/u> do intervalo intrajornada m\u00ednimo, para repouso e alimenta\u00e7\u00e3o, a empregados urbanos e rurais, implica o pagamento, de natureza indenizat\u00f3ria, <strong>apenas do per\u00edodo suprimido<\/strong>, com acr\u00e9scimo de 50% (cinquenta por cento) sobre o valor da remunera\u00e7\u00e3o da hora normal de trabalho.<\/em><\/p><\/blockquote>\n<p>Assim, por exemplo, caso o empregado trabalhe 8 horas e o intervalo \u00e9 <u>parcialmente concedido<\/u> (por exemplo, deveria conceder 1 hora e concedeu apenas 30 minutos), como no caso desta quest\u00e3o, <u>apenas os 30 minutos n\u00e3o concedidos<\/u> devem ser pagos como extra.<\/p>\n<p>Mas vejam que a <strong>jurisprud\u00eancia do TST<\/strong>, aprovada antes da reforma trabalhista e ainda n\u00e3o revista formalmente, previa justamente <strong>o contr\u00e1rio<\/strong>. Isto porque a SUM-437 previa o pagamento integral no caso do intervalo concedido parcialmente.<\/p>\n<p>Apesar de n\u00e3o a Banca n\u00e3o ter mencionado expressamente o crit\u00e9rio de cobran\u00e7a (CLT ou jurisprud\u00eancia do TST), entende-se que se deve responder de acordo com a CLT, dada a perda de objeto do item I da SUM-437 do TST.<\/p>\n<p>Gabarito extraoficial (E)<\/p>\n<p>A respeito de atividades perigosas ou insalubres, prote\u00e7\u00e3o ao trabalho do menor e conven\u00e7\u00f5es e acordos coletivos de trabalho, julgue os itens subsequentes, com base na CLT e no entendimento dos Tribunais Superiores.<\/p>\n<p><strong>70<\/strong>. \u00c0 luz da CLT, em caso de diverg\u00eancia entre a lei e a conven\u00e7\u00e3o coletiva de trabalho no que se refere \u00e0 participa\u00e7\u00e3o dos empregados nos lucros da empresa, prevalecer\u00e1 o entendimento firmado na conven\u00e7\u00e3o coletiva de trabalho.<\/p>\n<p><strong>Coment\u00e1rios<\/strong><\/p>\n<p>Mais uma quest\u00e3o que abordou as altera\u00e7\u00f5es promovidas pela reforma trabalhista. Ao prever expressamente os temas nos quais o <strong>negociado prevalece sobre o legislado<\/strong>, o legislador incluiu a \u201cparticipa\u00e7\u00e3o dos empregados nos lucros da empresa\u201d (PLR):<\/p>\n<blockquote><p><em>CLT, art. 611-A.\u00a0 A conven\u00e7\u00e3o coletiva e o acordo coletivo de trabalho t\u00eam preval\u00eancia sobre a lei quando, entre outros, dispuserem sobre: (..)<\/em><\/p>\n<p><em>XV &#8211; participa\u00e7\u00e3o nos lucros ou resultados da empresa.<\/em><\/p><\/blockquote>\n<p>Gabarito extraoficial (C)<\/p>\n<p><strong>71<\/strong>. Empregado que opera bomba de gasolina tem direito ao adicional de periculosidade equivalente a 30% do sal\u00e1rio, em raz\u00e3o do risco da atividade desempenhada.<\/p>\n<p><strong>Coment\u00e1rios<\/strong><\/p>\n<p>A reda\u00e7\u00e3o da quest\u00e3o ficou bastante imprecisa, dados os detalhes que envolvem a base de c\u00e1lculo do adicional de periculosidade. Vejam s\u00f3.<\/p>\n<p>O empregado que trabalha operando bomba de gasolina (frentista) est\u00e1 exposto a <strong>subst\u00e2ncia inflam\u00e1vel<\/strong>, o que d\u00e1 ensejo ao pagamento do <strong>adicional de periculosidade<\/strong>, cujo percentual \u00e9 mesmo de 30%.<\/p>\n<p>No entanto, estes 30% incidem n\u00e3o sobre o sal\u00e1rio integral do empregado, mas sobre seu <strong>sal\u00e1rio base<\/strong>, isto \u00e9, \u201csal\u00e1rio <strong>sem os acr\u00e9scimos resultantes de gratifica\u00e7\u00f5es, pr\u00eamios ou participa\u00e7\u00f5es nos lucros da empresa<\/strong>\u201d:<\/p>\n<blockquote><p><em>CLT, art. 193, \u00a7 1\u00ba &#8211; O trabalho em condi\u00e7\u00f5es de periculosidade assegura ao empregado um adicional de <strong>30%<\/strong> (trinta por cento) <strong>sobre o sal\u00e1rio<\/strong> <u>sem os acr\u00e9scimos resultantes de gratifica\u00e7\u00f5es, pr\u00eamios ou participa\u00e7\u00f5es nos lucros da empresa<\/u>.\u00a0\u00a0\u00a0<\/em><\/p><\/blockquote>\n<p>Neste item, o Cespe n\u00e3o mencionou \u201csal\u00e1rio integral\u201d, tampouco \u201csal\u00e1rio base\u201d, o que pode indicar que estamos diante da cobran\u00e7a do assunto em termos gerais, de sorte que tais omiss\u00f5es n\u00e3o significam necessariamente um erro, embora representem uma imprecis\u00e3o na reda\u00e7\u00e3o do item.<\/p>\n<p>Gabarito extraoficial (C*)<\/p>\n<p><strong>72<\/strong>. Jovem empregado de dezessete anos de idade pode firmar recibo de pagamento de sal\u00e1rio e dar quita\u00e7\u00e3o no termo de rescis\u00e3o do seu contrato de trabalho, sem a assist\u00eancia de seus respons\u00e1veis legais.<\/p>\n<p><strong>Coment\u00e1rios<\/strong><\/p>\n<p>O menor pode receber sal\u00e1rio, mas, quando se tratar de <strong>quita\u00e7\u00e3o das verbas rescis\u00f3rias<\/strong>, ele deve ser <u>assistido pelo respons\u00e1vel legal<\/u>:<\/p>\n<blockquote><p><em>CLT, art. 439 &#8211; \u00c9 l\u00edcito ao menor firmar recibo pelo pagamento dos sal\u00e1rios. Tratando-se, por\u00e9m, de <strong>rescis\u00e3o do contrato de trabalho<\/strong>, \u00e9 vedado ao menor de 18 (dezoito) anos dar, sem assist\u00eancia dos seus respons\u00e1veis legais, quita\u00e7\u00e3o ao empregador pelo recebimento da indeniza\u00e7\u00e3o que lhe for devida.<\/em><\/p><\/blockquote>\n<p>Gabarito extraoficial (E)<\/p>\n<p><a href=\"#_ftnref1\" name=\"_ftn1\">[1]<\/a> A exemplo do ARR: 2245220145080210, Relator: Jos\u00e9 Roberto Freire Pimenta, Data de Julgamento: 07\/08\/2018, 2\u00aa Turma, Data de Publica\u00e7\u00e3o: DEJT 10\/08\/2018.<\/p>\n<h2>Ranking MPU &#8211; preencha o formul\u00e1rio!<\/h2>\n<p>Como de costume, nos fins de semana de provas o Estrat\u00e9gia Concursos organiza um Ranking Classificat\u00f3rio para que os candidatos preencham seus gabaritos e confiram uma pr\u00e9via do que pode ser a sua nota no concurso e uma poss\u00edvel classifica\u00e7\u00e3o.<\/p>\n<p>Gostar\u00edamos de te convidar a participar do Ranking MPU, uma boa oportunidade para voc\u00ea conferir qual foi o seu desempenho e ainda poder comparar com os dos outros candidatos. Muitos candidatos participam do ranking preenchendo o gabarito.<\/p>\n<p>Com isso voc\u00ea consegue ainda ter uma no\u00e7\u00e3o de qual vai ser a nota de corte do certame.<\/p>\n<p style=\"text-align: center;\"><span style=\"font-size: 24pt;\"><a href=\"https:\/\/goo.gl\/forms\/TZWw59fnThirn4vC3\" target=\"_blank\" rel=\"noopener\"><em><span style=\"text-decoration: underline;\"><strong><span style=\"color: #ff0000; text-decoration: underline;\">Preencha seu gabarito!<\/span><\/strong><\/span><\/em><\/a><br \/>\n<span style=\"font-size: 18pt;\"><em>(Preencha somente uma vez)<\/em><\/span><\/span><\/p>\n","protected":false},"excerpt":{"rendered":"<p>Gabarito Extraoficial \u2013 Direito do Trabalho MPU Ol\u00e1 pessoal, tudo bem? =) Hoje, pela manh\u00e3, foram aplicadas as provas de Analista do MPU \u2013 especialidade Direito. Em Direito do Trabalho, tivemos 8 quest\u00f5es, distribu\u00eddas da seguinte forma: 3 delas versando sobre a jurisprud\u00eancia consolidada do TST, 3 a respeito da reforma trabalhista e mais 2 [&hellip;]<\/p>\n","protected":false},"author":135,"featured_media":0,"comment_status":"open","ping_status":"closed","sticky":false,"template":"","format":"standard","meta":{"post_tipo":"article","footnotes":""},"categories":[1],"tags":[34051,34053,913],"tax_estado":[],"class_list":["post-147838","post","type-post","status-publish","format-standard","hentry","category-cursos-e-concursos","tag-analista-do-mpu","tag-gabarito-mpu","tag-prova-mpu"],"acf":[],"yoast_head":"<!-- This site is optimized with the Yoast SEO Premium plugin v27.2 (Yoast SEO v27.2) - https:\/\/yoast.com\/product\/yoast-seo-premium-wordpress\/ -->\n<title>Gabarito Extraoficial \u2013 Direito do Trabalho MPU<\/title>\n<meta name=\"description\" content=\"Seguem coment\u00e1rios e o gabarito extraoficial \u00e0 prova de Direito do Trabalho para o cargo de Analista do MPU.\" \/>\n<meta name=\"robots\" content=\"index, follow, max-snippet:-1, max-image-preview:large, max-video-preview:-1\" \/>\n<link rel=\"canonical\" href=\"https:\/\/www.estrategiaconcursos.com.br\/blog\/gabarito-extraoficial-direito-do-trabalho-mpu\/\" \/>\n<meta property=\"og:locale\" content=\"pt_BR\" \/>\n<meta property=\"og:type\" content=\"article\" \/>\n<meta property=\"og:title\" content=\"Gabarito Extraoficial \u2013 Direito do Trabalho MPU\" \/>\n<meta property=\"og:description\" content=\"Seguem coment\u00e1rios e o gabarito extraoficial \u00e0 prova de Direito do Trabalho para o cargo de Analista do MPU.\" \/>\n<meta property=\"og:url\" content=\"https:\/\/www.estrategiaconcursos.com.br\/blog\/gabarito-extraoficial-direito-do-trabalho-mpu\/\" \/>\n<meta property=\"og:site_name\" content=\"Estrat\u00e9gia Concursos\" \/>\n<meta property=\"article:published_time\" content=\"2018-10-21T19:49:17+00:00\" \/>\n<meta property=\"article:modified_time\" content=\"2022-11-30T16:32:50+00:00\" \/>\n<meta name=\"author\" content=\"Antonio Daud\" \/>\n<meta name=\"twitter:card\" content=\"summary_large_image\" \/>\n<meta name=\"twitter:creator\" content=\"@EstratConcursos\" \/>\n<meta name=\"twitter:site\" content=\"@EstratConcursos\" \/>\n<meta name=\"twitter:label1\" content=\"Escrito por\" \/>\n\t<meta name=\"twitter:data1\" content=\"Antonio Daud\" \/>\n\t<meta name=\"twitter:label2\" content=\"Est. tempo de leitura\" \/>\n\t<meta name=\"twitter:data2\" content=\"9 minutos\" \/>\n<script type=\"application\/ld+json\" class=\"yoast-schema-graph\">{\"@context\":\"https:\/\/schema.org\",\"@graph\":[{\"@type\":\"NewsArticle\",\"@id\":\"https:\/\/www.estrategiaconcursos.com.br\/blog\/gabarito-extraoficial-direito-do-trabalho-mpu\/#article\",\"isPartOf\":{\"@id\":\"https:\/\/www.estrategiaconcursos.com.br\/blog\/gabarito-extraoficial-direito-do-trabalho-mpu\/\"},\"author\":{\"name\":\"Antonio Daud\",\"@id\":\"https:\/\/www.estrategiaconcursos.com.br\/blog\/#\/schema\/person\/90692507130b147bb9128fc093141dad\"},\"headline\":\"Gabarito Extraoficial \u2013 Direito do Trabalho MPU\",\"datePublished\":\"2018-10-21T19:49:17+00:00\",\"dateModified\":\"2022-11-30T16:32:50+00:00\",\"mainEntityOfPage\":{\"@id\":\"https:\/\/www.estrategiaconcursos.com.br\/blog\/gabarito-extraoficial-direito-do-trabalho-mpu\/\"},\"wordCount\":1758,\"commentCount\":1,\"publisher\":{\"@id\":\"https:\/\/www.estrategiaconcursos.com.br\/blog\/#organization\"},\"keywords\":[\"Analista do MPU\",\"Gabarito MPU\",\"prova mpu\"],\"articleSection\":[\"Concursos P\u00fablicos\"],\"inLanguage\":\"pt-BR\",\"potentialAction\":[{\"@type\":\"CommentAction\",\"name\":\"Comment\",\"target\":[\"https:\/\/www.estrategiaconcursos.com.br\/blog\/gabarito-extraoficial-direito-do-trabalho-mpu\/#respond\"]}],\"copyrightYear\":\"2018\",\"copyrightHolder\":{\"@id\":\"https:\/\/www.estrategiaconcursos.com.br\/blog\/#organization\"}},{\"@type\":\"WebPage\",\"@id\":\"https:\/\/www.estrategiaconcursos.com.br\/blog\/gabarito-extraoficial-direito-do-trabalho-mpu\/\",\"url\":\"https:\/\/www.estrategiaconcursos.com.br\/blog\/gabarito-extraoficial-direito-do-trabalho-mpu\/\",\"name\":\"Gabarito Extraoficial \u2013 Direito do Trabalho MPU\",\"isPartOf\":{\"@id\":\"https:\/\/www.estrategiaconcursos.com.br\/blog\/#website\"},\"datePublished\":\"2018-10-21T19:49:17+00:00\",\"dateModified\":\"2022-11-30T16:32:50+00:00\",\"description\":\"Seguem coment\u00e1rios e o gabarito extraoficial \u00e0 prova de Direito do Trabalho para o cargo de Analista do MPU.\",\"breadcrumb\":{\"@id\":\"https:\/\/www.estrategiaconcursos.com.br\/blog\/gabarito-extraoficial-direito-do-trabalho-mpu\/#breadcrumb\"},\"inLanguage\":\"pt-BR\",\"potentialAction\":[{\"@type\":\"ReadAction\",\"target\":[\"https:\/\/www.estrategiaconcursos.com.br\/blog\/gabarito-extraoficial-direito-do-trabalho-mpu\/\"]}]},{\"@type\":\"BreadcrumbList\",\"@id\":\"https:\/\/www.estrategiaconcursos.com.br\/blog\/gabarito-extraoficial-direito-do-trabalho-mpu\/#breadcrumb\",\"itemListElement\":[{\"@type\":\"ListItem\",\"position\":1,\"name\":\"In\u00edcio\",\"item\":\"https:\/\/www.estrategiaconcursos.com.br\/blog\/\"},{\"@type\":\"ListItem\",\"position\":2,\"name\":\"Gabarito Extraoficial \u2013 Direito do Trabalho MPU\"}]},{\"@type\":\"WebSite\",\"@id\":\"https:\/\/www.estrategiaconcursos.com.br\/blog\/#website\",\"url\":\"https:\/\/www.estrategiaconcursos.com.br\/blog\/\",\"name\":\"Estrat\u00e9gia Concursos\",\"description\":\"O blog da Estrat\u00e9gia Concursos traz not\u00edcias sobre concursos e artigos de professores oferecendo cursos para concursos (pdf + videaulas) no site.\",\"publisher\":{\"@id\":\"https:\/\/www.estrategiaconcursos.com.br\/blog\/#organization\"},\"potentialAction\":[{\"@type\":\"SearchAction\",\"target\":{\"@type\":\"EntryPoint\",\"urlTemplate\":\"https:\/\/www.estrategiaconcursos.com.br\/blog\/?s={search_term_string}\"},\"query-input\":{\"@type\":\"PropertyValueSpecification\",\"valueRequired\":true,\"valueName\":\"search_term_string\"}}],\"inLanguage\":\"pt-BR\"},{\"@type\":\"Organization\",\"@id\":\"https:\/\/www.estrategiaconcursos.com.br\/blog\/#organization\",\"name\":\"Estrat\u00e9gia Concursos\",\"url\":\"https:\/\/www.estrategiaconcursos.com.br\/blog\/\",\"logo\":{\"@type\":\"ImageObject\",\"inLanguage\":\"pt-BR\",\"@id\":\"https:\/\/www.estrategiaconcursos.com.br\/blog\/#\/schema\/logo\/image\/\",\"url\":\"https:\/\/dhg1h5j42swfq.cloudfront.net\/2025\/06\/03203428\/logo_concursos-1.jpg\",\"contentUrl\":\"https:\/\/dhg1h5j42swfq.cloudfront.net\/2025\/06\/03203428\/logo_concursos-1.jpg\",\"width\":230,\"height\":60,\"caption\":\"Estrat\u00e9gia Concursos\"},\"image\":{\"@id\":\"https:\/\/www.estrategiaconcursos.com.br\/blog\/#\/schema\/logo\/image\/\"},\"sameAs\":[\"https:\/\/x.com\/EstratConcursos\"]},{\"@type\":\"Person\",\"@id\":\"https:\/\/www.estrategiaconcursos.com.br\/blog\/#\/schema\/person\/90692507130b147bb9128fc093141dad\",\"name\":\"Antonio Daud\",\"image\":{\"@type\":\"ImageObject\",\"inLanguage\":\"pt-BR\",\"@id\":\"https:\/\/secure.gravatar.com\/avatar\/9a6539d0d807c3d7c2aaa709166f9aa9824103126593f30916973bcaedf16896?s=96&d=mm&r=g\",\"url\":\"https:\/\/secure.gravatar.com\/avatar\/9a6539d0d807c3d7c2aaa709166f9aa9824103126593f30916973bcaedf16896?s=96&d=mm&r=g\",\"contentUrl\":\"https:\/\/secure.gravatar.com\/avatar\/9a6539d0d807c3d7c2aaa709166f9aa9824103126593f30916973bcaedf16896?s=96&d=mm&r=g\",\"caption\":\"Antonio Daud\"},\"description\":\"Antonio Daud J\u00fanior \u00e9 bacharel em Engenharia El\u00e9trica e em Direito. Foi Analista de Finan\u00e7as e Controle da Controladoria-Geral da Uni\u00e3o\/Presid\u00eancia da Rep\u00fablica (CGU\/PR), aprovado no concurso de 2008. Atualmente \u00e9 Auditor Federal de Controle Externo (AUFC) do Tribunal de Contas da Uni\u00e3o (TCU), aprovado tamb\u00e9m em 2008.\",\"sameAs\":[\"https:\/\/www.instagram.com\/professordaud\/?hl=en\"],\"url\":\"https:\/\/www.estrategiaconcursos.com.br\/blog\/author\/antoniodaudestrategiaconcursos-com-br\/\"}]}<\/script>\n<!-- \/ Yoast SEO Premium plugin. -->","yoast_head_json":{"title":"Gabarito Extraoficial \u2013 Direito do Trabalho MPU","description":"Seguem coment\u00e1rios e o gabarito extraoficial \u00e0 prova de Direito do Trabalho para o cargo de Analista do MPU.","robots":{"index":"index","follow":"follow","max-snippet":"max-snippet:-1","max-image-preview":"max-image-preview:large","max-video-preview":"max-video-preview:-1"},"canonical":"https:\/\/www.estrategiaconcursos.com.br\/blog\/gabarito-extraoficial-direito-do-trabalho-mpu\/","og_locale":"pt_BR","og_type":"article","og_title":"Gabarito Extraoficial \u2013 Direito do Trabalho MPU","og_description":"Seguem coment\u00e1rios e o gabarito extraoficial \u00e0 prova de Direito do Trabalho para o cargo de Analista do MPU.","og_url":"https:\/\/www.estrategiaconcursos.com.br\/blog\/gabarito-extraoficial-direito-do-trabalho-mpu\/","og_site_name":"Estrat\u00e9gia Concursos","article_published_time":"2018-10-21T19:49:17+00:00","article_modified_time":"2022-11-30T16:32:50+00:00","author":"Antonio Daud","twitter_card":"summary_large_image","twitter_creator":"@EstratConcursos","twitter_site":"@EstratConcursos","twitter_misc":{"Escrito por":"Antonio Daud","Est. tempo de leitura":"9 minutos"},"schema":{"@context":"https:\/\/schema.org","@graph":[{"@type":"NewsArticle","@id":"https:\/\/www.estrategiaconcursos.com.br\/blog\/gabarito-extraoficial-direito-do-trabalho-mpu\/#article","isPartOf":{"@id":"https:\/\/www.estrategiaconcursos.com.br\/blog\/gabarito-extraoficial-direito-do-trabalho-mpu\/"},"author":{"name":"Antonio Daud","@id":"https:\/\/www.estrategiaconcursos.com.br\/blog\/#\/schema\/person\/90692507130b147bb9128fc093141dad"},"headline":"Gabarito Extraoficial \u2013 Direito do Trabalho MPU","datePublished":"2018-10-21T19:49:17+00:00","dateModified":"2022-11-30T16:32:50+00:00","mainEntityOfPage":{"@id":"https:\/\/www.estrategiaconcursos.com.br\/blog\/gabarito-extraoficial-direito-do-trabalho-mpu\/"},"wordCount":1758,"commentCount":1,"publisher":{"@id":"https:\/\/www.estrategiaconcursos.com.br\/blog\/#organization"},"keywords":["Analista do MPU","Gabarito MPU","prova mpu"],"articleSection":["Concursos P\u00fablicos"],"inLanguage":"pt-BR","potentialAction":[{"@type":"CommentAction","name":"Comment","target":["https:\/\/www.estrategiaconcursos.com.br\/blog\/gabarito-extraoficial-direito-do-trabalho-mpu\/#respond"]}],"copyrightYear":"2018","copyrightHolder":{"@id":"https:\/\/www.estrategiaconcursos.com.br\/blog\/#organization"}},{"@type":"WebPage","@id":"https:\/\/www.estrategiaconcursos.com.br\/blog\/gabarito-extraoficial-direito-do-trabalho-mpu\/","url":"https:\/\/www.estrategiaconcursos.com.br\/blog\/gabarito-extraoficial-direito-do-trabalho-mpu\/","name":"Gabarito Extraoficial \u2013 Direito do Trabalho MPU","isPartOf":{"@id":"https:\/\/www.estrategiaconcursos.com.br\/blog\/#website"},"datePublished":"2018-10-21T19:49:17+00:00","dateModified":"2022-11-30T16:32:50+00:00","description":"Seguem coment\u00e1rios e o gabarito extraoficial \u00e0 prova de Direito do Trabalho para o cargo de Analista do MPU.","breadcrumb":{"@id":"https:\/\/www.estrategiaconcursos.com.br\/blog\/gabarito-extraoficial-direito-do-trabalho-mpu\/#breadcrumb"},"inLanguage":"pt-BR","potentialAction":[{"@type":"ReadAction","target":["https:\/\/www.estrategiaconcursos.com.br\/blog\/gabarito-extraoficial-direito-do-trabalho-mpu\/"]}]},{"@type":"BreadcrumbList","@id":"https:\/\/www.estrategiaconcursos.com.br\/blog\/gabarito-extraoficial-direito-do-trabalho-mpu\/#breadcrumb","itemListElement":[{"@type":"ListItem","position":1,"name":"In\u00edcio","item":"https:\/\/www.estrategiaconcursos.com.br\/blog\/"},{"@type":"ListItem","position":2,"name":"Gabarito Extraoficial \u2013 Direito do Trabalho MPU"}]},{"@type":"WebSite","@id":"https:\/\/www.estrategiaconcursos.com.br\/blog\/#website","url":"https:\/\/www.estrategiaconcursos.com.br\/blog\/","name":"Estrat\u00e9gia Concursos","description":"O blog da Estrat\u00e9gia Concursos traz not\u00edcias sobre concursos e artigos de professores oferecendo cursos para concursos (pdf + videaulas) no site.","publisher":{"@id":"https:\/\/www.estrategiaconcursos.com.br\/blog\/#organization"},"potentialAction":[{"@type":"SearchAction","target":{"@type":"EntryPoint","urlTemplate":"https:\/\/www.estrategiaconcursos.com.br\/blog\/?s={search_term_string}"},"query-input":{"@type":"PropertyValueSpecification","valueRequired":true,"valueName":"search_term_string"}}],"inLanguage":"pt-BR"},{"@type":"Organization","@id":"https:\/\/www.estrategiaconcursos.com.br\/blog\/#organization","name":"Estrat\u00e9gia Concursos","url":"https:\/\/www.estrategiaconcursos.com.br\/blog\/","logo":{"@type":"ImageObject","inLanguage":"pt-BR","@id":"https:\/\/www.estrategiaconcursos.com.br\/blog\/#\/schema\/logo\/image\/","url":"https:\/\/dhg1h5j42swfq.cloudfront.net\/2025\/06\/03203428\/logo_concursos-1.jpg","contentUrl":"https:\/\/dhg1h5j42swfq.cloudfront.net\/2025\/06\/03203428\/logo_concursos-1.jpg","width":230,"height":60,"caption":"Estrat\u00e9gia Concursos"},"image":{"@id":"https:\/\/www.estrategiaconcursos.com.br\/blog\/#\/schema\/logo\/image\/"},"sameAs":["https:\/\/x.com\/EstratConcursos"]},{"@type":"Person","@id":"https:\/\/www.estrategiaconcursos.com.br\/blog\/#\/schema\/person\/90692507130b147bb9128fc093141dad","name":"Antonio Daud","image":{"@type":"ImageObject","inLanguage":"pt-BR","@id":"https:\/\/secure.gravatar.com\/avatar\/9a6539d0d807c3d7c2aaa709166f9aa9824103126593f30916973bcaedf16896?s=96&d=mm&r=g","url":"https:\/\/secure.gravatar.com\/avatar\/9a6539d0d807c3d7c2aaa709166f9aa9824103126593f30916973bcaedf16896?s=96&d=mm&r=g","contentUrl":"https:\/\/secure.gravatar.com\/avatar\/9a6539d0d807c3d7c2aaa709166f9aa9824103126593f30916973bcaedf16896?s=96&d=mm&r=g","caption":"Antonio Daud"},"description":"Antonio Daud J\u00fanior \u00e9 bacharel em Engenharia El\u00e9trica e em Direito. Foi Analista de Finan\u00e7as e Controle da Controladoria-Geral da Uni\u00e3o\/Presid\u00eancia da Rep\u00fablica (CGU\/PR), aprovado no concurso de 2008. Atualmente \u00e9 Auditor Federal de Controle Externo (AUFC) do Tribunal de Contas da Uni\u00e3o (TCU), aprovado tamb\u00e9m em 2008.","sameAs":["https:\/\/www.instagram.com\/professordaud\/?hl=en"],"url":"https:\/\/www.estrategiaconcursos.com.br\/blog\/author\/antoniodaudestrategiaconcursos-com-br\/"}]}},"_links":{"self":[{"href":"https:\/\/www.estrategiaconcursos.com.br\/blog\/wp-json\/wp\/v2\/posts\/147838","targetHints":{"allow":["GET"]}}],"collection":[{"href":"https:\/\/www.estrategiaconcursos.com.br\/blog\/wp-json\/wp\/v2\/posts"}],"about":[{"href":"https:\/\/www.estrategiaconcursos.com.br\/blog\/wp-json\/wp\/v2\/types\/post"}],"author":[{"embeddable":true,"href":"https:\/\/www.estrategiaconcursos.com.br\/blog\/wp-json\/wp\/v2\/users\/135"}],"replies":[{"embeddable":true,"href":"https:\/\/www.estrategiaconcursos.com.br\/blog\/wp-json\/wp\/v2\/comments?post=147838"}],"version-history":[{"count":11,"href":"https:\/\/www.estrategiaconcursos.com.br\/blog\/wp-json\/wp\/v2\/posts\/147838\/revisions"}],"predecessor-version":[{"id":1132042,"href":"https:\/\/www.estrategiaconcursos.com.br\/blog\/wp-json\/wp\/v2\/posts\/147838\/revisions\/1132042"}],"wp:attachment":[{"href":"https:\/\/www.estrategiaconcursos.com.br\/blog\/wp-json\/wp\/v2\/media?parent=147838"}],"wp:term":[{"taxonomy":"category","embeddable":true,"href":"https:\/\/www.estrategiaconcursos.com.br\/blog\/wp-json\/wp\/v2\/categories?post=147838"},{"taxonomy":"post_tag","embeddable":true,"href":"https:\/\/www.estrategiaconcursos.com.br\/blog\/wp-json\/wp\/v2\/tags?post=147838"},{"taxonomy":"tax_estado","embeddable":true,"href":"https:\/\/www.estrategiaconcursos.com.br\/blog\/wp-json\/wp\/v2\/tax_estado?post=147838"}],"curies":[{"name":"wp","href":"https:\/\/api.w.org\/{rel}","templated":true}]}}