{"id":147836,"date":"2018-10-21T16:46:13","date_gmt":"2018-10-21T19:46:13","guid":{"rendered":"https:\/\/www.estrategiaconcursos.com.br\/blog\/?p=147836"},"modified":"2018-10-25T09:34:09","modified_gmt":"2018-10-25T12:34:09","slug":"gabarito-mpu-extraoficial-promocao-da-igualdade-racial","status":"publish","type":"post","link":"https:\/\/www.estrategiaconcursos.com.br\/blog\/gabarito-mpu-extraoficial-promocao-da-igualdade-racial\/","title":{"rendered":"Gabarito MPU &#8211; Extraoficial &#8211; Promo\u00e7\u00e3o da Igualdade Racial (cabe RECURSO)"},"content":{"rendered":"<p style=\"text-align: justify;\">Ol\u00e1! Analisamos as quest\u00f5es de Promo\u00e7\u00e3o da Igualdade Racial aplicadas na prova do MPU. Vamos come\u00e7ar pela an\u00e1lise das quest\u00f5es da prova de Analista do MPU, especialidade em Direito. Depois, passaremos \u00e0 an\u00e1lise das quest\u00f5es de T\u00e9cnico. Foram cinco quest\u00f5es, que cobraram temas complexos e variados a respeito da mat\u00e9rias, inclusive, com temas que d\u00favidas e discuss\u00f5es acaloradas.<\/p>\n<p><span style=\"color: #ff0000;\"><strong>Agora, com o gabarito preliminar, e ap\u00f3s refletir sobre as quest\u00f5es, vamos sugerir a anula\u00e7\u00e3o da quest\u00e3o 47 aplicada na prova de analista do MPU. Abaixo, trazemos de forma detalhada nosso racioc\u00ednio. Em rela\u00e7\u00e3o ao cargo de t\u00e9cnico do MPU n\u00e3o identificamos possibilidade de recurso.<\/strong><\/span><\/p>\n<p style=\"text-align: justify;\">INSTAGRAM:\u00a0<a href=\"https:\/\/www.instagram.com\/proftorques\/\">https:\/\/www.instagram.com\/proftorques\/<\/a><\/p>\n<p style=\"text-align: justify;\">FACEBOOK:\u00a0<a href=\"https:\/\/www.facebook.com\/direitoshumanosparaconcursos\/%20\">https:\/\/www.facebook.com\/direitoshumanosparaconcursos\/<\/a><\/p>\n<p style=\"text-align: justify;\">E-MAIL:\u00a0<a href=\"mailto:rst.estrategia@gmail.com\">rst.estrategia@gmail.<\/a><\/p>\n<p style=\"text-align: justify;\">&#8212;<\/p>\n<p>V\u00eddeo &#8211; Analista &#8211; Promo\u00e7\u00e3o da Igualdade Racial:<\/p>\n<div class=\"lyte-wrapper\" style=\"width:853px;max-width:100%;margin:5px;\"><div class=\"lyMe\" id=\"WYL_e5I9_Jb4eC4\"><div id=\"lyte_e5I9_Jb4eC4\" data-src=\"\/\/i.ytimg.com\/vi\/e5I9_Jb4eC4\/hqdefault.jpg\" class=\"pL\"><div class=\"tC\"><div class=\"tT\"><\/div><\/div><div class=\"play\"><\/div><div class=\"ctrl\"><div class=\"Lctrl\"><\/div><div class=\"Rctrl\"><\/div><\/div><\/div><noscript><a href=\"https:\/\/youtu.be\/e5I9_Jb4eC4\" rel=\"nofollow\"><img loading=\"lazy\" decoding=\"async\" src=\"https:\/\/i.ytimg.com\/vi\/e5I9_Jb4eC4\/0.jpg\" alt=\"YouTube video thumbnail\" width=\"853\" height=\"460\" \/><br \/>Assista a este v\u00eddeo no YouTube<\/a><\/noscript><\/div><\/div><div class=\"lL\" style=\"max-width:100%;width:853px;margin:5px;\"><\/div><\/p>\n<p>V\u00eddeo &#8211; T\u00e9cnico &#8211; Promo\u00e7\u00e3o da Igualdade Racial:<\/p>\n<div class=\"lyte-wrapper\" style=\"width:853px;max-width:100%;margin:5px;\"><div class=\"lyMe\" id=\"WYL_L1d4orUQHTU\"><div id=\"lyte_L1d4orUQHTU\" data-src=\"\/\/i.ytimg.com\/vi\/L1d4orUQHTU\/hqdefault.jpg\" class=\"pL\"><div class=\"tC\"><div class=\"tT\"><\/div><\/div><div class=\"play\"><\/div><div class=\"ctrl\"><div class=\"Lctrl\"><\/div><div class=\"Rctrl\"><\/div><\/div><\/div><noscript><a href=\"https:\/\/youtu.be\/L1d4orUQHTU\" rel=\"nofollow\"><img loading=\"lazy\" decoding=\"async\" src=\"https:\/\/i.ytimg.com\/vi\/L1d4orUQHTU\/0.jpg\" alt=\"YouTube video thumbnail\" width=\"853\" height=\"460\" \/><br \/>Assista a este v\u00eddeo no YouTube<\/a><\/noscript><\/div><\/div><div class=\"lL\" style=\"max-width:100%;width:853px;margin:5px;\"><\/div><\/p>\n<p>Vamos \u00e0s quest\u00f5es!<\/p>\n<p>&#8212;<\/p>\n<p><span style=\"text-decoration: underline;\"><strong>ANALISTA<\/strong><\/span><\/p>\n<p style=\"text-align: justify;\"><strong>No que concerne ao conceito de racismo institucional, julgue os itens subsecutivos, considerando a Recomenda\u00e7\u00e3o CNMP n\u00ba 40\/2016.<\/strong><\/p>\n<ol style=\"text-align: justify;\" start=\"46\">\n<li><strong>(CESPE\/MPU\/2018)<\/strong><\/li>\n<\/ol>\n<p style=\"padding-left: 30px; text-align: justify;\">Situa\u00e7\u00e3o hipot\u00e9tica: Dois policiais militares faziam ronda em uma comunidade carente quando avistaram dois jovens negros caminhando juntos. Os policiais foram na dire\u00e7\u00e3o dos jovens e jogaram bruscamente a viatura contra eles. Ao sa\u00edrem do ve\u00edculo, fizeram a abordagem de ambos. Um dos policiais apontava uma arma para um dos jovens, enquanto o outro policial, sem mandado judicial espec\u00edfico, revistava o outro jovem. Por n\u00e3o ter sido constatada nenhuma pr\u00e1tica de ato il\u00edcito, os jovens foram liberados. Assertiva: Os jovens poder\u00e3o buscar o Minist\u00e9rio P\u00fablico, que poder\u00e1 atuar de maneira repressiva, judicial ou extrajudicialmente, para apura\u00e7\u00e3o dos fatos.<\/p>\n<p style=\"text-align: justify;\"><strong>Coment\u00e1rios<\/strong><\/p>\n<p style=\"text-align: justify;\">Est\u00e1 <strong>correta<\/strong> a assertiva e correspondem ao art. 1\u00ba da Recomenda\u00e7\u00e3o CNMP 40\/2016, que abaixo citamos:<\/p>\n<p style=\"padding-left: 30px; text-align: justify;\">Art. 1\u00ba Os ramos do Minist\u00e9rio P\u00fablico da Uni\u00e3o e dos Estados, que ainda n\u00e3o os disponham, constituam, com a brevidade poss\u00edvel, <u>\u00f3rg\u00e3os especializados na promo\u00e7\u00e3o da igualdade \u00e9tnico-racial, com atua\u00e7\u00e3o preventiva e repressiva, com atribui\u00e7\u00e3o extrajudicial e judicial c\u00edvel e criminal<\/u>.<\/p>\n<p style=\"text-align: justify;\">&#8212;<\/p>\n<ol style=\"text-align: justify;\" start=\"47\">\n<li><strong>(CESPE\/MPU\/2018)<\/strong><\/li>\n<\/ol>\n<p style=\"padding-left: 30px; text-align: justify;\">No contexto institucional, a mera apelida\u00e7\u00e3o de empregado negro em raz\u00e3o de seu fen\u00f3tipo racial caracteriza discrimina\u00e7\u00e3o racial indireta, ainda que ele n\u00e3o se oponha a ser chamado pelo apelido.<\/p>\n<p style=\"text-align: justify;\"><strong>Coment\u00e1rios<\/strong><\/p>\n<p>O CESPE afirmou incorreta a assertiva no gabarito preliminar. Discordamos, entretanto, deste gabarito.<\/p>\n<p>Ao que tudo indica, o CESPE assinalou como incorreta a assertiva sob o argumento de que o racismo institucional decorre de pol\u00edticas p\u00fablicas despreocupadas com desigualdade racial. Dito de outra forma, o racismo institucional decorreria de a\u00e7\u00f5es ou omiss\u00f5es, diretas ou indiretas, que acabem por aumentar a dist\u00e2ncia entre as etnias.<\/p>\n<p>Com base neste conceito, o CESPE entendeu que a pr\u00e1tica de apelida\u00e7\u00e3o em raz\u00e3o do fen\u00f3tipo poderia se enquadrar como racismo, no seu sentido usual (n\u00e3o institucional, portanto), mesmo que n\u00e3o houvesse oposi\u00e7\u00e3o por parte da pessoa apelidada.<\/p>\n<p>Contudo, acreditamos estar correta a assertiva justamente poque o racismo institucional conduz a pr\u00e1ticas tais como a enunciada na assertiva. E mais, condiciona a v\u00edtima a aceitar essa realidade.<\/p>\n<p>Talvez um dos efeitos mais nefastos do racismo \u00e9 justamente a discrimina\u00e7\u00e3o perpetrada pelo pr\u00f3prio grupo vulner\u00e1vel. Vale dizer, pessoa com defici\u00eancia acreditando ser menos frente \u00e0s demais pessoas; idoso acreditando que o seu tempo j\u00e1 passou e que os jovens e adultos devem dominar as oportunidades de emprego; mulher acreditando ser menos comparada aos homens. Vale o mesmo para a discrimina\u00e7\u00e3o racial: quando a pessoa discriminada \u00e9 apelidada em raz\u00e3o do seu fen\u00f3tipo (e isso \u00e9 discrimina\u00e7\u00e3o!) ela n\u00e3o se op\u00f5e. Dado o n\u00edvel de institucionaliza\u00e7\u00e3o do racismo, pela incapacidade do estado em promover pol\u00edticas p\u00fablicas adequada, ela conscientemente aceita a discrimina\u00e7\u00e3o. Isso \u00e9 discrimina\u00e7\u00e3o racial indireta.<\/p>\n<p>Doutrinariamente entende-se que discrimina\u00e7\u00e3o racial constitui\u00a0<em>toda forma de distin\u00e7\u00e3o, exclus\u00e3o, restri\u00e7\u00e3o ou prefer\u00eancia baseada na ra\u00e7a, cor, descend\u00eancia, origem nacional ou \u00e9tnica que tenha por objetivo anular ou restringir o reconhecimento, gozo ou exerc\u00edcio dos direitos e liberdades fundamentais em igualdade de condi\u00e7\u00f5es em rela\u00e7\u00e3o aos demais<\/em>.<\/p>\n<p>Essa discrimina\u00e7\u00e3o poder\u00e1 ser direta o indireta.<\/p>\n<p>Ser\u00e1 direta quando a ofensa for clara, definida, objetiva.<\/p>\n<p>Ser\u00e1 indireta, conforme ensina a doutrina especializada, quando\u00a0<em>decorrente de pr\u00e1ticas administrativas, empresariais ou de pol\u00edticas p\u00fablicas aparentemente neutras, por\u00e9m dotadas de grande potencial discrminat\u00f3rio<\/em>. Essas pr\u00e1ticas n\u00e3o s\u00e3o apenas ativas, mas tamb\u00e9m omissivas. A discrimina\u00e7\u00e3o indireta caracteriza-se, portanto, pela invisibilidade, pela dissimula\u00e7\u00e3o, cujo resultado implica na constata\u00e7\u00e3o de condi\u00e7\u00f5es econ\u00f4micas e sociais evidentemente desfavor\u00e1veis para determinado grupo \u00e9tnico, frente ao restante da popula\u00e7\u00e3o.<\/p>\n<p>Quando essa discrimina\u00e7\u00e3o racial indireta \u00e9 associada \u00e0 pr\u00e1ticas institucionais, especialmente na distribui\u00e7\u00e3o de benef\u00edcios e recursos a partir das pol\u00edticas p\u00fablicas estatais, temos a discrimina\u00e7\u00e3o institucional, que acaba por ser disseminada e aceita passivamente, pela sociedade, pelo agressor e, inclusive, pela v\u00edtima, tal como delineado na situa\u00e7\u00e3o do enunciado.<\/p>\n<p>Note, portanto, que\u00a0temos a aplica\u00e7\u00e3o do conceito de racismo institucional, extra\u00eddo a partir do julgamento da ADC 41. Em s\u00edntese, o racismo institucional n\u00e3o decorre necessariamente da exist\u00eancia de \u00f3dio racial ou de um preconceito consciente de brancos em rela\u00e7\u00e3o aos negros.<\/p>\n<p style=\"text-align: justify;\">Trata-se, antes de um sistema institucionalizado que, apesar de n\u00e3o ser explicitamente \u201cdesenhado\u201d para discriminar, afeta, em m\u00faltiplos setores, as condi\u00e7\u00f5es de vida, as oportunidades, a percep\u00e7\u00e3o de mundo e a percep\u00e7\u00e3o de si que pessoas, negras e brancas, adquirir\u00e3o ao longo de suas vidas.<\/p>\n<p style=\"text-align: justify;\">Esse racismo institucional pode se dar na forma de discrimina\u00e7\u00e3o racial indireta. Assim, mesmo que aparentemente neutra a conduta para a v\u00edtima, constitui um modo institucionalizado de afirma\u00e7\u00e3o da distin\u00e7\u00e3o hist\u00f3rica entre as etnias em nossa sociedade.<\/p>\n<p>Da ADC 41, extra\u00edmos alguns excertos a justificar o racioc\u00ednio constru\u00eddo, confira:<\/p>\n<ul style=\"list-style-type: circle;\">\n<li><em>N\u00e3o decorre necessariamente da exist\u00eancia de \u00f3dio racial ou de um preconceito consciente de brancos em rela\u00e7\u00e3o aos negros<\/em>;<\/li>\n<li><em>Constitui antes um sistema institucionalizado que, apesar de n\u00e3o ser explicitamente \u201cdesenhado\u201d para discriminar, afeta, em m\u00faltiplos setores, as condi\u00e7\u00f5es de vida, as oportunidades, a percep\u00e7\u00e3o de mundo e a percep\u00e7\u00e3o de si que pessoas, negras e brancas, adquirir\u00e3o ao longo de suas vidas<\/em>;<\/li>\n<li><em>Uma das marcas deixadas no pa\u00eds pela escravid\u00e3o. Ap\u00f3s a aboli\u00e7\u00e3o da escravatura, a ascens\u00e3o do negro \u00e0 condi\u00e7\u00e3o de trabalhador livre n\u00e3o foi capaz de alterar as pr\u00e1ticas sociais discriminat\u00f3rias e os r\u00f3tulos depreciativos da cor de pele (muito embora, do ponto de vista biol\u00f3gico, n\u00e3o existam ra\u00e7as humanas)<\/em>;<\/li>\n<li><em>A falta de qualquer pol\u00edtica de integra\u00e7\u00e3o do ex-escravo na sociedade brasileira, como a concess\u00e3o de terras, empregos e educa\u00e7\u00e3o, garantiu que os negros continuassem a desempenhar as mesmas fun\u00e7\u00f5es subalternas<\/em>; e<\/li>\n<li><em>\u00a0No Brasil, \u00e9 certo, nunca houve um conflito racial aberto ou uma segrega\u00e7\u00e3o formal. O racismo nesses tr\u00f3picos \u00e9 velado, dissimulado, encoberto pelo mito da democracia racial e pela cordialidade do brasileiro<\/em>; e<\/li>\n<li><em>Os brasileiros est\u00e3o acostumados a ver a popula\u00e7\u00e3o afrodescendente desempenhar determinados pap\u00e9is, como os de porteiro, pedreiro, oper\u00e1rio, empregada dom\u00e9stica e tamb\u00e9m o de jogador de futebol. Salvo exce\u00e7\u00f5es \u2013 felizmente, cada vez mais frequentes \u2013, os negros n\u00e3o ocupam os estratos mais elevados da sociedade, os cargos de prest\u00edgio pol\u00edtico e as posi\u00e7\u00f5es sociais e econ\u00f4micas mais elevadas. Nas posi\u00e7\u00f5es de poder, nos meios de comunica\u00e7\u00e3o e nos espa\u00e7os p\u00fablicos elitizados, a imagem do Brasil ainda \u00e9 a imagem de um pa\u00eds de forma\u00e7\u00e3o predominantemente europeia<\/em>.<\/li>\n<\/ul>\n<p style=\"text-align: justify;\">Dessa forma, <strong>dada a possibilidade de se interpretar a assertiva como correta, acredita-se, mais seguro, a anula\u00e7\u00e3o da quest\u00e3o pela banca<\/strong>.<\/p>\n<p style=\"text-align: justify;\">&#8212;<\/p>\n<p style=\"text-align: justify;\"><strong>Julgue os itens a seguir, <\/strong><strong>\u00e0 luz das disposi<\/strong><strong>\u00e7\u00f5es da Lei n.<\/strong><strong>\u00ba 12.288\/2010, da Lei n.<\/strong><strong>\u00ba 10.639\/2003 e da Conven\u00e7\u00e3o Internacional sobre Elimina\u00e7\u00e3o de Todas as Formas de Discrimina\u00e7\u00e3o Racial.<\/strong><\/p>\n<ol style=\"text-align: justify;\" start=\"48\">\n<li><strong>(CESPE\/MPU\/2018)<\/strong><\/li>\n<\/ol>\n<p style=\"padding-left: 30px; text-align: justify;\">Embora a legisla\u00e7\u00e3o brasileira preveja prote\u00e7\u00e3o contra discrimina\u00e7\u00e3o racial, n\u00e3o existe defini\u00e7\u00e3o legal para o termo popula\u00e7\u00e3o negra, uma vez que a miscigena\u00e7\u00e3o caracter\u00edstica da popula\u00e7\u00e3o brasileira inviabiliza tal defini\u00e7\u00e3o.<\/p>\n<p style=\"text-align: justify;\"><strong>Coment\u00e1rios<\/strong><\/p>\n<p style=\"text-align: justify;\"><strong>Incorreta<\/strong> a quest\u00e3o, dado que o art. 1\u00ba, par\u00e1grafo \u00fanico, IV, do Estatuto da Igualdade Racial, disciplina expressamente o conceito de \u201cpopula\u00e7\u00e3o negra\u201d. Confira:<\/p>\n<p style=\"padding-left: 30px; text-align: justify;\">Art. 1\u00ba\u00a0 Esta Lei institui o Estatuto da Igualdade Racial, destinado a garantir \u00e0 popula\u00e7\u00e3o negra a efetiva\u00e7\u00e3o da igualdade de oportunidades, a defesa dos direitos \u00e9tnicos individuais, coletivos e difusos e o combate \u00e0 discrimina\u00e7\u00e3o e \u00e0s demais formas de intoler\u00e2ncia \u00e9tnica.<\/p>\n<p style=\"padding-left: 30px; text-align: justify;\">Par\u00e1grafo \u00fanico.\u00a0 Para efeito deste Estatuto, considera-se:<\/p>\n<p style=\"padding-left: 30px; text-align: justify;\">IV &#8211; popula\u00e7\u00e3o negra: o conjunto de pessoas que se autodeclaram pretas e pardas, conforme o quesito cor ou ra\u00e7a usado pela Funda\u00e7\u00e3o Instituto Brasileiro de Geografia e Estat\u00edstica (IBGE), ou que adotam autodefini\u00e7\u00e3o an\u00e1loga;<\/p>\n<p style=\"text-align: justify;\">&#8212;<\/p>\n<ol style=\"text-align: justify;\" start=\"49\">\n<li><strong>(CESPE\/MPU\/2018)<\/strong><\/li>\n<\/ol>\n<p style=\"padding-left: 30px; text-align: justify;\"><strong>Situa\u00e7\u00e3o hipot\u00e9tica<\/strong>:\u00a0 O professor de hist\u00f3ria de uma escola p\u00fablica de ensino fundamental est\u00e1 temporariamente impedido pela dire\u00e7\u00e3o de continuar ministrando conte\u00fados sobre hist\u00f3ria e cultura da \u00c1frica. A medida foi tomada ap\u00f3s a associa\u00e7\u00e3o de pais ter alegado que o professor havia abordado o tema religi\u00f5es africanas em uma aula, o que, para a associa\u00e7\u00e3o, \u00e9 incompat\u00edvel com a educa\u00e7\u00e3o formal. <strong>Assertiva<\/strong>: Embora o professor, por for\u00e7a da lei, deva ministrar conte\u00fados sobre hist\u00f3ria e cultura da \u00c1frica, o ordenamento jur\u00eddico veda que ele trate de temas de cunho religioso, porque isso fere o princ\u00edpio da laicidade do Estado.<\/p>\n<p style=\"text-align: justify;\"><strong>Coment\u00e1rios<\/strong><\/p>\n<p style=\"text-align: justify;\">A assertiva est\u00e1 <strong>incorreta<\/strong>. A compreens\u00e3o de determinada cultura passa, necessariamente, pela compreens\u00e3o daquilo que ela professa. Assim, estudar a evolu\u00e7\u00e3o da sociedade ocidental, em grande medida, \u00e9 compreender como a religi\u00e3o cat\u00f3lica influenciou no desenvolvimento da sociedade e das institui\u00e7\u00f5es. Nesse contexto, n\u00e3o h\u00e1 irregularidade na conduta do professor. N\u00e3o h\u00e1 regra que vede ministrar temas de cunho religioso. O que n\u00e3o \u00e9 admiss\u00edvel, conforme resta disciplinado em legisla\u00e7\u00e3o espec\u00edfica, \u00e9 o proselitismo. Contudo, pelas informa\u00e7\u00f5es trazidas pelo enunciado, em momento algum, h\u00e1 refer\u00eancia de que o professor tratou dos temas relacionados \u00e0 religi\u00e3o com intuito de catequizar.<\/p>\n<p style=\"text-align: justify;\">Por outro lado, temos o art. 26-A da Lei de Diretrizes e Bases, cuja reda\u00e7\u00e3o fora dada pela Lei 10.639\/2003, que assim disp\u00f5e:<\/p>\n<p style=\"padding-left: 30px; text-align: justify;\">Art. 26-A. Nos estabelecimentos de ensino fundamental e m\u00e9dio, oficiais e particulares, torna-se obrigat\u00f3rio o ensino sobre Hist\u00f3ria e Cultura Afro-Brasileira.<\/p>\n<p style=\"padding-left: 30px; text-align: justify;\">1\u00ba O conte\u00fado program\u00e1tico a que se refere o caput deste artigo incluir\u00e1 o estudo da Hist\u00f3ria da \u00c1frica e dos Africanos, a luta dos negros no Brasil, a cultura negra brasileira e o negro na forma\u00e7\u00e3o da sociedade nacional, resgatando a contribui\u00e7\u00e3o do povo negro nas \u00e1reas social, econ\u00f4mica e pol\u00edtica pertinentes \u00e0 Hist\u00f3ria do Brasil.<\/p>\n<p style=\"padding-left: 30px; text-align: justify;\">2\u00ba Os conte\u00fados referentes \u00e0 Hist\u00f3ria e Cultura Afro-Brasileira ser\u00e3o ministrados no \u00e2mbito de todo o curr\u00edculo escolar, em especial nas \u00e1reas de Educa\u00e7\u00e3o Art\u00edstica e de Literatura e Hist\u00f3ria Brasileiras.<\/p>\n<p style=\"padding-left: 30px; text-align: justify;\">3\u00ba Vetado.<\/p>\n<p style=\"text-align: justify;\">Esse dispositivo trata da obrigatoriedade de lecionar a hist\u00f3ria e cultura afro-brasileira nos estabelecimentos de ensino fundamental e m\u00e9dio, oficias e particulares. Esses conte\u00fados, conforme a literalidade do \u00a71\u00ba devem ser ministrado para resgatar a contribui\u00e7\u00e3o do povo nas \u00e1reas social, econ\u00f4mica e pol\u00edtica. Embora n\u00e3o seja expressamente mencionado o \u201ctemas de cunho religioso\u201d, ele tamb\u00e9m n\u00e3o \u00e9 vedado, sendo que faz parte da cultura de um povo.<\/p>\n<p style=\"text-align: justify;\">&#8212;<\/p>\n<ol style=\"text-align: justify;\" start=\"50\">\n<li><strong>(CESPE\/MPU\/2018)<\/strong><\/li>\n<\/ol>\n<p style=\"padding-left: 30px; text-align: justify;\">Medidas que visem garantir certo grupo de minorias a supera\u00e7\u00e3o de barreiras resultantes de desigualdade hist\u00f3rica e impeditivas ao exerc\u00edcio pleno de direitos e garantias fundamentais n\u00e3o devem ser consideradas discriminat\u00f3rias, pois representam compromisso com a promo\u00e7\u00e3o de valores universais concernentes \u00e0 paz e \u00e0 igualdade entre diferentes povos, ra\u00e7as e na\u00e7\u00f5es.<\/p>\n<p style=\"text-align: justify;\"><strong>Coment\u00e1rios<\/strong><\/p>\n<p style=\"text-align: justify;\">A assertiva est\u00e1 <strong>correta<\/strong>, pois retrata, em seu conte\u00fado, o conceito de discrimina\u00e7\u00e3o positiva, vale dizer, a cria\u00e7\u00e3o de tratamento jur\u00eddico diferenciado \u00e0quele que se encontra em situa\u00e7\u00e3o de vulnerabilidade f\u00e1tica. \u00c9 o que extra\u00edmos do art. 1, \u00a74\u00ba, da Conven\u00e7\u00e3o sobre a Todas as Formas de Elimina\u00e7\u00e3o da Discrimina\u00e7\u00e3o Racial:<\/p>\n<p style=\"padding-left: 30px; text-align: justify;\">4. N\u00e3o ser\u00e3o consideradas discrimina\u00e7\u00e3o racial as medidas especiais tomadas com o \u00fanico objetivo de assegurar o progresso adequado de certos grupos raciais ou \u00e9tnicos ou de indiv\u00edduos que necessitem da prote\u00e7\u00e3o que possa ser necess\u00e1ria para proporcionar a tais grupos ou indiv\u00edduos igual gozo ou exerc\u00edcio de direitos humanos e liberdades fundamentais, contanto que tais medidas n\u00e3o conduzam, em consequ\u00eancia, \u00e0 manuten\u00e7\u00e3o de direitos separados para diferentes grupos raciais e n\u00e3o prossigam ap\u00f3s terem sido alcan\u00e7ados os seus objetivos.<\/p>\n<p style=\"text-align: justify;\">\u2014<\/p>\n<p><span style=\"text-decoration: underline;\"><strong>T\u00c9CNICO<\/strong><\/span><\/p>\n<p style=\"text-align: justify;\"><strong>Com Base na Lei n.\u00ba 12.288\/2010 (Estatuto da Igualdade Racial), na Recomenda\u00e7\u00e3o CNMP n.\u00ba 40\/2016 e no Decreto n.\u00ba 4.887\/2003, julgue os pr\u00f3ximos itens.<\/strong><\/p>\n<p style=\"text-align: justify;\"><strong>46. (CESPE\/MPU\/2018)<\/strong><\/p>\n<p style=\"text-align: justify;\">A reserva de vagas para candidatos negros em concursos p\u00fablicos \u00e9 um direito que pode ser contestado, uma vez que o Estatuto da Igualdade Racial e a legisla\u00e7\u00e3o que disp\u00f5e sobre as cotas raciais n\u00e3o foram ainda recepcionados pelo ordenamento nacional em controle de constitucionalidade, o que gera inseguran\u00e7a jur\u00eddica sobre o tema.<\/p>\n<p style=\"text-align: justify;\"><strong>Coment\u00e1rios<\/strong><\/p>\n<p style=\"text-align: justify;\">A assertiva est\u00e1 <strong>incorreta<\/strong>. Hoje legisla\u00e7\u00e3o espec\u00edfica a tratar do tema, no caso a Lei 12.990\/2017. Essa lei foi submetida a controle de constitucionalidade e, por interm\u00e9dio da ADC 41, o STF fixou a constitucionalidade da norma.<\/p>\n<p>&#8212;<\/p>\n<p><strong>47. (CESPE\/MPU\/2018)<\/strong><\/p>\n<p style=\"text-align: justify;\">Embora a liberdade religiosa garantida pelo Estatuto da Igualdade Racial alcance as tradi\u00e7\u00f5es culturais das religi\u00f5es de matriz africana, tal direito n\u00e3o se estende a pessoas que cumprem pena privativa de liberdade, uma vez que, nessa situa\u00e7\u00e3o, h\u00e1 restri\u00e7\u00e3o de direitos, sem se caracterizar pr\u00e1tica discriminat\u00f3ria.<\/p>\n<p style=\"text-align: justify;\"><strong>Coment\u00e1rios<\/strong><\/p>\n<p style=\"text-align: justify;\">Est\u00e1 <strong>incorreta <\/strong>a assertiva. Ao contr\u00e1rio do afirmado, o art. 25 do Estatuto da Igualdade Racial assegura assist\u00eancia religiosa aos praticantes de religi\u00f5es de matrizes africanas internados em hospitais ou em outras institui\u00e7\u00f5es de interna\u00e7\u00e3o coletiva e, inclusive, \u00e0queles submetidos a pena privativa de liberdade.<\/p>\n<p>&#8212;<\/p>\n<p><strong>48. (CESPE\/MPU\/2018)<\/strong><\/p>\n<p style=\"text-align: justify;\">O indiv\u00edduo que cometer ato discriminat\u00f3rio contra praticante de religi\u00e3o de matriz africana em raz\u00e3o do culto \u00e0 religi\u00e3o poder\u00e1 responder a a\u00e7\u00e3o penal, cuja abertura poder\u00e1 ser feita mediante comunica\u00e7\u00e3o do fato ao Minist\u00e9rio P\u00fablico.<\/p>\n<p style=\"text-align: justify;\"><strong>Coment\u00e1rios<\/strong><\/p>\n<p style=\"text-align: justify;\">A assertiva est\u00e1 <strong>correta<\/strong>. O art. 24, VIII, do Estatuto da Igualdade Racial, prev\u00ea, para assegurar direitos \u00e0 liberdade de consci\u00eancia e de cren\u00e7a e ao livre exerc\u00edcio dos cultos religiosos de matriz africana, a comunica\u00e7\u00e3o ao MP para a abertura de a\u00e7\u00e3o penal em face de atitudes e pr\u00e1ticas de intoler\u00e2ncia religiosa nos meios de comunica\u00e7\u00e3o e em quaisquer outros locais.<\/p>\n<p>&#8212;<\/p>\n<p><strong>49. (CESPE\/MPU\/2018)<\/strong><\/p>\n<p style=\"text-align: justify;\">A legisla\u00e7\u00e3o admite que as pessoas remanescentes das comunidades dos quilombos indiquem representantes para participar do processo administrativo de reconhecimento de titularidade das terras quilombolas por elas ocupadas.<\/p>\n<p style=\"text-align: justify;\"><strong>Coment\u00e1rios<\/strong><\/p>\n<p style=\"text-align: justify;\">O Decreto 4.887\/2003, que regulamenta o procedimento para identifica\u00e7\u00e3o, reconhecimento, delimita\u00e7\u00e3o, demarca\u00e7\u00e3o e titula\u00e7\u00e3o das terras ocupadas por remanescentes das comunidades dos quilombos, prev\u00ea, no art. 6\u00ba:<\/p>\n<blockquote>\n<p style=\"text-align: justify;\">Art. 6\u00ba Fica assegurada aos remanescentes das comunidades dos quilombos a participa\u00e7\u00e3o em todas as fases do procedimento administrativo, diretamente ou por meio de representantes por eles indicados.<\/p>\n<\/blockquote>\n<p style=\"text-align: justify;\">Logo, <strong>correta <\/strong>a assertiva.<\/p>\n<p>&#8212;<\/p>\n<p><strong>50. (CESPE\/MPU\/2018)<\/strong><\/p>\n<p style=\"text-align: justify;\">O Estatuto da Igualdade Racial compreende um conjunto de direitos da popula\u00e7\u00e3o negra e prop\u00f5e mecanismos de constru\u00e7\u00e3o de pol\u00edticas para a promo\u00e7\u00e3o da igualdade racial, entre eles a obrigatoriedade de se institu\u00edrem ouvidorias permanentes para aprimorar o desenvolvimento dos direitos e das pol\u00edticas elencados no texto legal.<\/p>\n<p style=\"text-align: justify;\"><strong>Coment\u00e1rios<\/strong><\/p>\n<p style=\"text-align: justify;\">O Estatuto da Igualdade Racial, a partir do art. 6\u00ba at\u00e9 o art. 42 arrolaram diversos direitos fundamentais. J\u00e1 no art. 51, trata da institui\u00e7\u00e3o de ouvidorias permanentes que ter\u00e3o por finalidade receber e encaminhar den\u00fancias de preconceito e discrimina\u00e7\u00e3o. Vejamos o art. 51:<\/p>\n<blockquote>\n<p style=\"text-align: justify;\">Art. 51.\u00a0 O poder p\u00fablico federal instituir\u00e1, na forma da lei e no \u00e2mbito dos Poderes Legislativo e Executivo, Ouvidorias Permanentes em Defesa da Igualdade Racial, <u>para receber e encaminhar den\u00fancias de preconceito e discrimina\u00e7\u00e3o<\/u> com base em etnia ou cor <u>e acompanhar a implementa\u00e7\u00e3o de medidas para a promo\u00e7\u00e3o da igualdade<\/u>.<\/p>\n<\/blockquote>\n<p style=\"text-align: justify;\">Observe que o dispositivo n\u00e3o fala em aprimorar o desenvolvimento dos direitos e das pol\u00edticas elencadas no texto legal. Contudo, com as ouvidorias \u00e9 poss\u00edvel atender as demandas da popula\u00e7\u00e3o e, com isso, promover a observ\u00e2ncia dos direitos fundamentais previstos no Estatuto e seu desenvolvimento.<\/p>\n<p style=\"text-align: justify;\">Logo, <strong>correta <\/strong>a assertiva.<\/p>\n<p>&#8212;<\/p>\n<p style=\"text-align: justify;\">\u00c9 isso. Qualquer d\u00favida, estou \u00e0 disposi\u00e7\u00e3o.<\/p>\n<h2 style=\"text-align: justify;\">Ranking MPU &#8211; preencha o formul\u00e1rio!<\/h2>\n<p style=\"text-align: justify;\">Como de costume, nos fins de semana de provas o Estrat\u00e9gia Concursos organiza um Ranking Classificat\u00f3rio para que os candidatos preencham seus gabaritos e confiram uma pr\u00e9via do que pode ser a sua nota no concurso e uma poss\u00edvel classifica\u00e7\u00e3o.<\/p>\n<p style=\"text-align: justify;\">Gostar\u00edamos de te convidar a participar do Ranking MPU, uma boa oportunidade para voc\u00ea conferir qual foi o seu desempenho e ainda poder comparar com os dos outros candidatos. Muitos candidatos participam do ranking preenchendo o gabarito.<\/p>\n<p style=\"text-align: justify;\">Com isso voc\u00ea consegue ainda ter uma no\u00e7\u00e3o de qual vai ser a nota de corte do certame.<\/p>\n<p style=\"text-align: center;\"><span style=\"font-size: 24pt;\"><a href=\"https:\/\/goo.gl\/forms\/TZWw59fnThirn4vC3\" target=\"_blank\" rel=\"noopener\"><em><span style=\"text-decoration: underline;\"><strong><span style=\"color: #ff0000; text-decoration: underline;\">Preencha seu gabarito!<\/span><\/strong><\/span><\/em><\/a><br \/>\n<span style=\"font-size: 18pt;\"><em>(Preencha somente uma vez)<\/em><\/span><\/span><\/p>\n","protected":false},"excerpt":{"rendered":"<p>Ol\u00e1! Analisamos as quest\u00f5es de Promo\u00e7\u00e3o da Igualdade Racial aplicadas na prova do MPU. Vamos come\u00e7ar pela an\u00e1lise das quest\u00f5es da prova de Analista do MPU, especialidade em Direito. Depois, passaremos \u00e0 an\u00e1lise das quest\u00f5es de T\u00e9cnico. Foram cinco quest\u00f5es, que cobraram temas complexos e variados a respeito da mat\u00e9rias, inclusive, com temas que d\u00favidas [&hellip;]<\/p>\n","protected":false},"author":180,"featured_media":0,"comment_status":"open","ping_status":"closed","sticky":false,"template":"","format":"standard","meta":{"post_tipo":"article","footnotes":""},"categories":[1],"tags":[],"tax_estado":[],"class_list":["post-147836","post","type-post","status-publish","format-standard","hentry","category-cursos-e-concursos"],"acf":[],"yoast_head":"<!-- This site is optimized with the Yoast SEO Premium plugin v27.2 (Yoast SEO v27.2) - https:\/\/yoast.com\/product\/yoast-seo-premium-wordpress\/ -->\n<title>Gabarito MPU - Extraoficial - Promo\u00e7\u00e3o da Igualdade Racial (cabe RECURSO)<\/title>\n<meta name=\"robots\" content=\"index, follow, max-snippet:-1, max-image-preview:large, max-video-preview:-1\" \/>\n<link rel=\"canonical\" href=\"https:\/\/www.estrategiaconcursos.com.br\/blog\/gabarito-mpu-extraoficial-promocao-da-igualdade-racial\/\" \/>\n<meta property=\"og:locale\" content=\"pt_BR\" \/>\n<meta property=\"og:type\" content=\"article\" \/>\n<meta property=\"og:title\" content=\"Gabarito MPU - Extraoficial - Promo\u00e7\u00e3o da Igualdade Racial (cabe RECURSO)\" \/>\n<meta property=\"og:description\" content=\"Ol\u00e1! Analisamos as quest\u00f5es de Promo\u00e7\u00e3o da Igualdade Racial aplicadas na prova do MPU. Vamos come\u00e7ar pela an\u00e1lise das quest\u00f5es da prova de Analista do MPU, especialidade em Direito. Depois, passaremos \u00e0 an\u00e1lise das quest\u00f5es de T\u00e9cnico. Foram cinco quest\u00f5es, que cobraram temas complexos e variados a respeito da mat\u00e9rias, inclusive, com temas que d\u00favidas [&hellip;]\" \/>\n<meta property=\"og:url\" content=\"https:\/\/www.estrategiaconcursos.com.br\/blog\/gabarito-mpu-extraoficial-promocao-da-igualdade-racial\/\" \/>\n<meta property=\"og:site_name\" content=\"Estrat\u00e9gia Concursos\" \/>\n<meta property=\"article:author\" content=\"https:\/\/www.facebook.com\/ricardo.s.torques\" \/>\n<meta property=\"article:published_time\" content=\"2018-10-21T19:46:13+00:00\" \/>\n<meta property=\"article:modified_time\" content=\"2018-10-25T12:34:09+00:00\" \/>\n<meta name=\"author\" content=\"Ricardo Torques\" \/>\n<meta name=\"twitter:card\" content=\"summary_large_image\" \/>\n<meta name=\"twitter:creator\" content=\"@EstratConcursos\" \/>\n<meta name=\"twitter:site\" content=\"@EstratConcursos\" \/>\n<meta name=\"twitter:label1\" content=\"Escrito por\" \/>\n\t<meta name=\"twitter:data1\" content=\"Ricardo Torques\" \/>\n\t<meta name=\"twitter:label2\" content=\"Est. tempo de leitura\" \/>\n\t<meta name=\"twitter:data2\" content=\"15 minutos\" \/>\n<script type=\"application\/ld+json\" class=\"yoast-schema-graph\">{\"@context\":\"https:\/\/schema.org\",\"@graph\":[{\"@type\":\"NewsArticle\",\"@id\":\"https:\/\/www.estrategiaconcursos.com.br\/blog\/gabarito-mpu-extraoficial-promocao-da-igualdade-racial\/#article\",\"isPartOf\":{\"@id\":\"https:\/\/www.estrategiaconcursos.com.br\/blog\/gabarito-mpu-extraoficial-promocao-da-igualdade-racial\/\"},\"author\":{\"name\":\"Ricardo Torques\",\"@id\":\"https:\/\/www.estrategiaconcursos.com.br\/blog\/#\/schema\/person\/aa39cf5ddb518e5bdce27c35788405e2\"},\"headline\":\"Gabarito MPU &#8211; Extraoficial &#8211; Promo\u00e7\u00e3o da Igualdade Racial (cabe RECURSO)\",\"datePublished\":\"2018-10-21T19:46:13+00:00\",\"dateModified\":\"2018-10-25T12:34:09+00:00\",\"mainEntityOfPage\":{\"@id\":\"https:\/\/www.estrategiaconcursos.com.br\/blog\/gabarito-mpu-extraoficial-promocao-da-igualdade-racial\/\"},\"wordCount\":3048,\"commentCount\":11,\"publisher\":{\"@id\":\"https:\/\/www.estrategiaconcursos.com.br\/blog\/#organization\"},\"articleSection\":[\"Concursos P\u00fablicos\"],\"inLanguage\":\"pt-BR\",\"potentialAction\":[{\"@type\":\"CommentAction\",\"name\":\"Comment\",\"target\":[\"https:\/\/www.estrategiaconcursos.com.br\/blog\/gabarito-mpu-extraoficial-promocao-da-igualdade-racial\/#respond\"]}],\"copyrightYear\":\"2018\",\"copyrightHolder\":{\"@id\":\"https:\/\/www.estrategiaconcursos.com.br\/blog\/#organization\"}},{\"@type\":\"WebPage\",\"@id\":\"https:\/\/www.estrategiaconcursos.com.br\/blog\/gabarito-mpu-extraoficial-promocao-da-igualdade-racial\/\",\"url\":\"https:\/\/www.estrategiaconcursos.com.br\/blog\/gabarito-mpu-extraoficial-promocao-da-igualdade-racial\/\",\"name\":\"Gabarito MPU - Extraoficial - Promo\u00e7\u00e3o da Igualdade Racial (cabe RECURSO)\",\"isPartOf\":{\"@id\":\"https:\/\/www.estrategiaconcursos.com.br\/blog\/#website\"},\"datePublished\":\"2018-10-21T19:46:13+00:00\",\"dateModified\":\"2018-10-25T12:34:09+00:00\",\"breadcrumb\":{\"@id\":\"https:\/\/www.estrategiaconcursos.com.br\/blog\/gabarito-mpu-extraoficial-promocao-da-igualdade-racial\/#breadcrumb\"},\"inLanguage\":\"pt-BR\",\"potentialAction\":[{\"@type\":\"ReadAction\",\"target\":[\"https:\/\/www.estrategiaconcursos.com.br\/blog\/gabarito-mpu-extraoficial-promocao-da-igualdade-racial\/\"]}]},{\"@type\":\"BreadcrumbList\",\"@id\":\"https:\/\/www.estrategiaconcursos.com.br\/blog\/gabarito-mpu-extraoficial-promocao-da-igualdade-racial\/#breadcrumb\",\"itemListElement\":[{\"@type\":\"ListItem\",\"position\":1,\"name\":\"In\u00edcio\",\"item\":\"https:\/\/www.estrategiaconcursos.com.br\/blog\/\"},{\"@type\":\"ListItem\",\"position\":2,\"name\":\"Gabarito MPU &#8211; Extraoficial &#8211; Promo\u00e7\u00e3o da Igualdade Racial (cabe RECURSO)\"}]},{\"@type\":\"WebSite\",\"@id\":\"https:\/\/www.estrategiaconcursos.com.br\/blog\/#website\",\"url\":\"https:\/\/www.estrategiaconcursos.com.br\/blog\/\",\"name\":\"Estrat\u00e9gia Concursos\",\"description\":\"O blog da Estrat\u00e9gia Concursos traz not\u00edcias sobre concursos e artigos de professores oferecendo cursos para concursos (pdf + videaulas) no site.\",\"publisher\":{\"@id\":\"https:\/\/www.estrategiaconcursos.com.br\/blog\/#organization\"},\"potentialAction\":[{\"@type\":\"SearchAction\",\"target\":{\"@type\":\"EntryPoint\",\"urlTemplate\":\"https:\/\/www.estrategiaconcursos.com.br\/blog\/?s={search_term_string}\"},\"query-input\":{\"@type\":\"PropertyValueSpecification\",\"valueRequired\":true,\"valueName\":\"search_term_string\"}}],\"inLanguage\":\"pt-BR\"},{\"@type\":\"Organization\",\"@id\":\"https:\/\/www.estrategiaconcursos.com.br\/blog\/#organization\",\"name\":\"Estrat\u00e9gia Concursos\",\"url\":\"https:\/\/www.estrategiaconcursos.com.br\/blog\/\",\"logo\":{\"@type\":\"ImageObject\",\"inLanguage\":\"pt-BR\",\"@id\":\"https:\/\/www.estrategiaconcursos.com.br\/blog\/#\/schema\/logo\/image\/\",\"url\":\"https:\/\/dhg1h5j42swfq.cloudfront.net\/2025\/06\/03203428\/logo_concursos-1.jpg\",\"contentUrl\":\"https:\/\/dhg1h5j42swfq.cloudfront.net\/2025\/06\/03203428\/logo_concursos-1.jpg\",\"width\":230,\"height\":60,\"caption\":\"Estrat\u00e9gia Concursos\"},\"image\":{\"@id\":\"https:\/\/www.estrategiaconcursos.com.br\/blog\/#\/schema\/logo\/image\/\"},\"sameAs\":[\"https:\/\/x.com\/EstratConcursos\"]},{\"@type\":\"Person\",\"@id\":\"https:\/\/www.estrategiaconcursos.com.br\/blog\/#\/schema\/person\/aa39cf5ddb518e5bdce27c35788405e2\",\"name\":\"Ricardo Torques\",\"image\":{\"@type\":\"ImageObject\",\"inLanguage\":\"pt-BR\",\"@id\":\"https:\/\/secure.gravatar.com\/avatar\/ce9ac6c3cff25fe86d15ed568ebc64d1724baf5c0693133bcb1f6073f712f92a?s=96&d=mm&r=g\",\"url\":\"https:\/\/secure.gravatar.com\/avatar\/ce9ac6c3cff25fe86d15ed568ebc64d1724baf5c0693133bcb1f6073f712f92a?s=96&d=mm&r=g\",\"contentUrl\":\"https:\/\/secure.gravatar.com\/avatar\/ce9ac6c3cff25fe86d15ed568ebc64d1724baf5c0693133bcb1f6073f712f92a?s=96&d=mm&r=g\",\"caption\":\"Ricardo Torques\"},\"sameAs\":[\"https:\/\/www.facebook.com\/ricardo.s.torques\"],\"url\":\"https:\/\/www.estrategiaconcursos.com.br\/blog\/author\/ricardotorquesestrategiaconcursos-com-br\/\"}]}<\/script>\n<!-- \/ Yoast SEO Premium plugin. -->","yoast_head_json":{"title":"Gabarito MPU - Extraoficial - Promo\u00e7\u00e3o da Igualdade Racial (cabe RECURSO)","robots":{"index":"index","follow":"follow","max-snippet":"max-snippet:-1","max-image-preview":"max-image-preview:large","max-video-preview":"max-video-preview:-1"},"canonical":"https:\/\/www.estrategiaconcursos.com.br\/blog\/gabarito-mpu-extraoficial-promocao-da-igualdade-racial\/","og_locale":"pt_BR","og_type":"article","og_title":"Gabarito MPU - Extraoficial - Promo\u00e7\u00e3o da Igualdade Racial (cabe RECURSO)","og_description":"Ol\u00e1! Analisamos as quest\u00f5es de Promo\u00e7\u00e3o da Igualdade Racial aplicadas na prova do MPU. Vamos come\u00e7ar pela an\u00e1lise das quest\u00f5es da prova de Analista do MPU, especialidade em Direito. Depois, passaremos \u00e0 an\u00e1lise das quest\u00f5es de T\u00e9cnico. Foram cinco quest\u00f5es, que cobraram temas complexos e variados a respeito da mat\u00e9rias, inclusive, com temas que d\u00favidas [&hellip;]","og_url":"https:\/\/www.estrategiaconcursos.com.br\/blog\/gabarito-mpu-extraoficial-promocao-da-igualdade-racial\/","og_site_name":"Estrat\u00e9gia Concursos","article_author":"https:\/\/www.facebook.com\/ricardo.s.torques","article_published_time":"2018-10-21T19:46:13+00:00","article_modified_time":"2018-10-25T12:34:09+00:00","author":"Ricardo Torques","twitter_card":"summary_large_image","twitter_creator":"@EstratConcursos","twitter_site":"@EstratConcursos","twitter_misc":{"Escrito por":"Ricardo Torques","Est. tempo de leitura":"15 minutos"},"schema":{"@context":"https:\/\/schema.org","@graph":[{"@type":"NewsArticle","@id":"https:\/\/www.estrategiaconcursos.com.br\/blog\/gabarito-mpu-extraoficial-promocao-da-igualdade-racial\/#article","isPartOf":{"@id":"https:\/\/www.estrategiaconcursos.com.br\/blog\/gabarito-mpu-extraoficial-promocao-da-igualdade-racial\/"},"author":{"name":"Ricardo Torques","@id":"https:\/\/www.estrategiaconcursos.com.br\/blog\/#\/schema\/person\/aa39cf5ddb518e5bdce27c35788405e2"},"headline":"Gabarito MPU &#8211; Extraoficial &#8211; Promo\u00e7\u00e3o da Igualdade Racial (cabe RECURSO)","datePublished":"2018-10-21T19:46:13+00:00","dateModified":"2018-10-25T12:34:09+00:00","mainEntityOfPage":{"@id":"https:\/\/www.estrategiaconcursos.com.br\/blog\/gabarito-mpu-extraoficial-promocao-da-igualdade-racial\/"},"wordCount":3048,"commentCount":11,"publisher":{"@id":"https:\/\/www.estrategiaconcursos.com.br\/blog\/#organization"},"articleSection":["Concursos P\u00fablicos"],"inLanguage":"pt-BR","potentialAction":[{"@type":"CommentAction","name":"Comment","target":["https:\/\/www.estrategiaconcursos.com.br\/blog\/gabarito-mpu-extraoficial-promocao-da-igualdade-racial\/#respond"]}],"copyrightYear":"2018","copyrightHolder":{"@id":"https:\/\/www.estrategiaconcursos.com.br\/blog\/#organization"}},{"@type":"WebPage","@id":"https:\/\/www.estrategiaconcursos.com.br\/blog\/gabarito-mpu-extraoficial-promocao-da-igualdade-racial\/","url":"https:\/\/www.estrategiaconcursos.com.br\/blog\/gabarito-mpu-extraoficial-promocao-da-igualdade-racial\/","name":"Gabarito MPU - Extraoficial - Promo\u00e7\u00e3o da Igualdade Racial (cabe RECURSO)","isPartOf":{"@id":"https:\/\/www.estrategiaconcursos.com.br\/blog\/#website"},"datePublished":"2018-10-21T19:46:13+00:00","dateModified":"2018-10-25T12:34:09+00:00","breadcrumb":{"@id":"https:\/\/www.estrategiaconcursos.com.br\/blog\/gabarito-mpu-extraoficial-promocao-da-igualdade-racial\/#breadcrumb"},"inLanguage":"pt-BR","potentialAction":[{"@type":"ReadAction","target":["https:\/\/www.estrategiaconcursos.com.br\/blog\/gabarito-mpu-extraoficial-promocao-da-igualdade-racial\/"]}]},{"@type":"BreadcrumbList","@id":"https:\/\/www.estrategiaconcursos.com.br\/blog\/gabarito-mpu-extraoficial-promocao-da-igualdade-racial\/#breadcrumb","itemListElement":[{"@type":"ListItem","position":1,"name":"In\u00edcio","item":"https:\/\/www.estrategiaconcursos.com.br\/blog\/"},{"@type":"ListItem","position":2,"name":"Gabarito MPU &#8211; Extraoficial &#8211; Promo\u00e7\u00e3o da Igualdade Racial (cabe RECURSO)"}]},{"@type":"WebSite","@id":"https:\/\/www.estrategiaconcursos.com.br\/blog\/#website","url":"https:\/\/www.estrategiaconcursos.com.br\/blog\/","name":"Estrat\u00e9gia Concursos","description":"O blog da Estrat\u00e9gia Concursos traz not\u00edcias sobre concursos e artigos de professores oferecendo cursos para concursos (pdf + videaulas) no site.","publisher":{"@id":"https:\/\/www.estrategiaconcursos.com.br\/blog\/#organization"},"potentialAction":[{"@type":"SearchAction","target":{"@type":"EntryPoint","urlTemplate":"https:\/\/www.estrategiaconcursos.com.br\/blog\/?s={search_term_string}"},"query-input":{"@type":"PropertyValueSpecification","valueRequired":true,"valueName":"search_term_string"}}],"inLanguage":"pt-BR"},{"@type":"Organization","@id":"https:\/\/www.estrategiaconcursos.com.br\/blog\/#organization","name":"Estrat\u00e9gia Concursos","url":"https:\/\/www.estrategiaconcursos.com.br\/blog\/","logo":{"@type":"ImageObject","inLanguage":"pt-BR","@id":"https:\/\/www.estrategiaconcursos.com.br\/blog\/#\/schema\/logo\/image\/","url":"https:\/\/dhg1h5j42swfq.cloudfront.net\/2025\/06\/03203428\/logo_concursos-1.jpg","contentUrl":"https:\/\/dhg1h5j42swfq.cloudfront.net\/2025\/06\/03203428\/logo_concursos-1.jpg","width":230,"height":60,"caption":"Estrat\u00e9gia Concursos"},"image":{"@id":"https:\/\/www.estrategiaconcursos.com.br\/blog\/#\/schema\/logo\/image\/"},"sameAs":["https:\/\/x.com\/EstratConcursos"]},{"@type":"Person","@id":"https:\/\/www.estrategiaconcursos.com.br\/blog\/#\/schema\/person\/aa39cf5ddb518e5bdce27c35788405e2","name":"Ricardo Torques","image":{"@type":"ImageObject","inLanguage":"pt-BR","@id":"https:\/\/secure.gravatar.com\/avatar\/ce9ac6c3cff25fe86d15ed568ebc64d1724baf5c0693133bcb1f6073f712f92a?s=96&d=mm&r=g","url":"https:\/\/secure.gravatar.com\/avatar\/ce9ac6c3cff25fe86d15ed568ebc64d1724baf5c0693133bcb1f6073f712f92a?s=96&d=mm&r=g","contentUrl":"https:\/\/secure.gravatar.com\/avatar\/ce9ac6c3cff25fe86d15ed568ebc64d1724baf5c0693133bcb1f6073f712f92a?s=96&d=mm&r=g","caption":"Ricardo Torques"},"sameAs":["https:\/\/www.facebook.com\/ricardo.s.torques"],"url":"https:\/\/www.estrategiaconcursos.com.br\/blog\/author\/ricardotorquesestrategiaconcursos-com-br\/"}]}},"_links":{"self":[{"href":"https:\/\/www.estrategiaconcursos.com.br\/blog\/wp-json\/wp\/v2\/posts\/147836","targetHints":{"allow":["GET"]}}],"collection":[{"href":"https:\/\/www.estrategiaconcursos.com.br\/blog\/wp-json\/wp\/v2\/posts"}],"about":[{"href":"https:\/\/www.estrategiaconcursos.com.br\/blog\/wp-json\/wp\/v2\/types\/post"}],"author":[{"embeddable":true,"href":"https:\/\/www.estrategiaconcursos.com.br\/blog\/wp-json\/wp\/v2\/users\/180"}],"replies":[{"embeddable":true,"href":"https:\/\/www.estrategiaconcursos.com.br\/blog\/wp-json\/wp\/v2\/comments?post=147836"}],"version-history":[{"count":6,"href":"https:\/\/www.estrategiaconcursos.com.br\/blog\/wp-json\/wp\/v2\/posts\/147836\/revisions"}],"predecessor-version":[{"id":148827,"href":"https:\/\/www.estrategiaconcursos.com.br\/blog\/wp-json\/wp\/v2\/posts\/147836\/revisions\/148827"}],"wp:attachment":[{"href":"https:\/\/www.estrategiaconcursos.com.br\/blog\/wp-json\/wp\/v2\/media?parent=147836"}],"wp:term":[{"taxonomy":"category","embeddable":true,"href":"https:\/\/www.estrategiaconcursos.com.br\/blog\/wp-json\/wp\/v2\/categories?post=147836"},{"taxonomy":"post_tag","embeddable":true,"href":"https:\/\/www.estrategiaconcursos.com.br\/blog\/wp-json\/wp\/v2\/tags?post=147836"},{"taxonomy":"tax_estado","embeddable":true,"href":"https:\/\/www.estrategiaconcursos.com.br\/blog\/wp-json\/wp\/v2\/tax_estado?post=147836"}],"curies":[{"name":"wp","href":"https:\/\/api.w.org\/{rel}","templated":true}]}}