{"id":147804,"date":"2018-10-21T15:16:38","date_gmt":"2018-10-21T18:16:38","guid":{"rendered":"https:\/\/www.estrategiaconcursos.com.br\/blog\/?p=147804"},"modified":"2018-10-21T20:36:08","modified_gmt":"2018-10-21T23:36:08","slug":"gabarito-mpu-extraoficial-acessibilidade","status":"publish","type":"post","link":"https:\/\/www.estrategiaconcursos.com.br\/blog\/gabarito-mpu-extraoficial-acessibilidade\/","title":{"rendered":"Gabarito MPU &#8211; Extraoficial &#8211; Acessibilidade"},"content":{"rendered":"<p style=\"text-align: justify;\">Ol\u00e1! Analisamos as quest\u00f5es de Acessibilidade aplicadas na prova do MPU. Vamos come\u00e7ar pela an\u00e1lise das quest\u00f5es da prova de Analista do MPU, especialidade em Direito. Depois passaremos para a an\u00e1lise das quest\u00f5es de T\u00e9cnico do MPU. Foram quatro quest\u00f5es, que cobraram temas importantes do Estatuto da Pessoa com Defici\u00eancia. Espero que tenham feito uma boa prova. Qualquer d\u00favida eu fico \u00e0 disposi\u00e7\u00e3o nas redes sociais.<\/p>\n<p style=\"text-align: justify;\">INSTAGRAM:\u00a0<a href=\"https:\/\/www.instagram.com\/proftorques\/\">https:\/\/www.instagram.com\/proftorques\/<\/a><\/p>\n<p style=\"text-align: justify;\">FACEBOOK:\u00a0<a href=\"https:\/\/www.facebook.com\/direitoshumanosparaconcursos\/%20\">https:\/\/www.facebook.com\/direitoshumanosparaconcursos\/ <\/a><\/p>\n<p style=\"text-align: justify;\">E-MAIL:\u00a0<a href=\"mailto:rst.estrategia@gmail.com\">rst.estrategia@gmail.com<\/a><\/p>\n<p>V\u00eddeo &#8211; Analista &#8211; Acessibilidade:<\/p>\n<div class=\"lyte-wrapper\" style=\"width:853px;max-width:100%;margin:5px;\"><div class=\"lyMe\" id=\"WYL_0oab_zyhnLc\"><div id=\"lyte_0oab_zyhnLc\" data-src=\"\/\/i.ytimg.com\/vi\/0oab_zyhnLc\/hqdefault.jpg\" class=\"pL\"><div class=\"tC\"><div class=\"tT\"><\/div><\/div><div class=\"play\"><\/div><div class=\"ctrl\"><div class=\"Lctrl\"><\/div><div class=\"Rctrl\"><\/div><\/div><\/div><noscript><a href=\"https:\/\/youtu.be\/0oab_zyhnLc\" rel=\"nofollow\"><img loading=\"lazy\" decoding=\"async\" src=\"https:\/\/i.ytimg.com\/vi\/0oab_zyhnLc\/0.jpg\" alt=\"YouTube video thumbnail\" width=\"853\" height=\"460\" \/><br \/>Assista a este v\u00eddeo no YouTube<\/a><\/noscript><\/div><\/div><div class=\"lL\" style=\"max-width:100%;width:853px;margin:5px;\"><\/div><\/p>\n<p>V\u00eddeo &#8211; T\u00e9cnico &#8211; Acessibilidade:<\/p>\n<div class=\"lyte-wrapper\" style=\"width:853px;max-width:100%;margin:5px;\"><div class=\"lyMe\" id=\"WYL_-0hhjlGNk_4\"><div id=\"lyte_-0hhjlGNk_4\" data-src=\"\/\/i.ytimg.com\/vi\/-0hhjlGNk_4\/hqdefault.jpg\" class=\"pL\"><div class=\"tC\"><div class=\"tT\"><\/div><\/div><div class=\"play\"><\/div><div class=\"ctrl\"><div class=\"Lctrl\"><\/div><div class=\"Rctrl\"><\/div><\/div><\/div><noscript><a href=\"https:\/\/youtu.be\/-0hhjlGNk_4\" rel=\"nofollow\"><img loading=\"lazy\" decoding=\"async\" src=\"https:\/\/i.ytimg.com\/vi\/-0hhjlGNk_4\/0.jpg\" alt=\"YouTube video thumbnail\" width=\"853\" height=\"460\" \/><br \/>Assista a este v\u00eddeo no YouTube<\/a><\/noscript><\/div><\/div><div class=\"lL\" style=\"max-width:100%;width:853px;margin:5px;\"><\/div><\/p>\n<p style=\"text-align: justify;\">Vamos \u00e0s quest\u00f5es!<\/p>\n<p style=\"text-align: justify;\">&#8212;<\/p>\n<p style=\"text-align: justify;\"><strong><span style=\"text-decoration: underline;\">ANALISTA<\/span><\/strong><\/p>\n<p style=\"text-align: justify;\"><strong>No que se refere \u00e0 participa\u00e7\u00e3o de pessoas com defici\u00eancia na vida p\u00fablica e pol\u00edtica, julgue os itens seguintes.<\/strong><\/p>\n<p style=\"text-align: justify;\"><strong>18. (CESPE\/MPU\/2018)<\/strong><\/p>\n<p style=\"text-align: justify; padding-left: 30px;\">A despeito da garantia do voto direto e secreto, a pessoa com defici\u00eancia que necessitar de aux\u00edlio para votar, e o tiver requerido, dever\u00e1 ser atendida.<\/p>\n<p style=\"text-align: justify;\"><strong>Coment\u00e1rios<\/strong><\/p>\n<p style=\"text-align: justify;\">A pessoa com defici\u00eancia tem capacidade eleitoral ativa e passiva. Cabe, inclusive, ao Poder Judici\u00e1rio Eleitoral incentivar e assegurar a acessibilidade \u00e0s pessoas com defici\u00eancia no exerc\u00edcio do voto. Para tanto, de acordo com o art. 76, \u00a71\u00ba, IV, do Estatuto, ter\u00e1 a \u201cgarantia do livre exerc\u00edcio do direito ao voto e, para tanto, sempre que necess\u00e1rio e a seu pedido, permiss\u00e3o para que a pessoa com defici\u00eancia seja auxiliada na vota\u00e7\u00e3o por pessoa de sua escolha\u201d. Logo, <strong>correta<\/strong> a assertiva.<\/p>\n<p style=\"text-align: justify;\">&#8212;<\/p>\n<p style=\"text-align: justify;\"><strong>19.\u00a0(CESPE\/MPU\/2018)<\/strong><\/p>\n<p style=\"text-align: justify; padding-left: 30px;\">O poder p\u00fablico deve providenciar a instala\u00e7\u00e3o de se\u00e7\u00f5es eleitorais exclusivas para pessoas com defici\u00eancia, para garantir-lhes o direito de votar e a oportunidade de exercer seus direitos pol\u00edticos.<\/p>\n<p style=\"text-align: justify;\"><strong>Coment\u00e1rios<\/strong><\/p>\n<p style=\"text-align: justify;\">De acordo com o Estatuto, um dos postulados \u00e9 a n\u00e3o discrimina\u00e7\u00e3o. Assim, criar se\u00e7\u00f5es eleitorais espec\u00edficas, contraria a regra de inclus\u00e3o do Estatuto e, portanto, \u00e9 vedada expressamente, tal como se extrai do art. 76, \u00a71\u00ba, I, do Estatuto. Confira:<\/p>\n<p style=\"padding-left: 30px; text-align: justify;\">Art. 76.\u00a0 O poder p\u00fablico deve garantir \u00e0 pessoa com defici\u00eancia todos os direitos pol\u00edticos e a oportunidade de exerc\u00ea-los em igualdade de condi\u00e7\u00f5es com as demais pessoas.<\/p>\n<p style=\"padding-left: 30px; text-align: justify;\">\u00a7 1\u00ba \u00c0 pessoa com defici\u00eancia ser\u00e1 assegurado o direito de votar e de ser votada, inclusive por meio das seguintes a\u00e7\u00f5es:<\/p>\n<p style=\"padding-left: 30px; text-align: justify;\">I &#8211; garantia de que os procedimentos, as instala\u00e7\u00f5es, os materiais e os equipamentos para vota\u00e7\u00e3o sejam apropriados, acess\u00edveis a todas as pessoas e de f\u00e1cil compreens\u00e3o e uso, <u>sendo <strong>VEDADA<\/strong> a instala\u00e7\u00e3o de se\u00e7\u00f5es eleitorais exclusivas para a pessoa com defici\u00eanci<\/u>a;<\/p>\n<p style=\"text-align: justify;\"><strong>Incorreta<\/strong>, portanto, a assertiva.<\/p>\n<p style=\"text-align: justify;\">&#8212;<\/p>\n<p style=\"text-align: justify;\"><strong>Empresa de \u00f4nibus concession\u00e1ria de servi\u00e7o p\u00fablico foi condenada a indenizar um casal de cadeirantes em raz\u00e3o da recusa de quatro motoristas em embarc\u00e1-los. Havia somente o casal no ponto de \u00f4nibus no in\u00edcio da noite, e os motoristas da empresa n\u00e3o atendiam ao sinal de parada; passavam direto, propositadamente.<\/strong><\/p>\n<p style=\"text-align: justify;\"><strong>A partir dessa situa\u00e7\u00e3o hipot\u00e9tica, julgue os pr\u00f3ximos itens, acerca do direito \u00e0 acessibilidade. <\/strong><\/p>\n<p style=\"text-align: justify;\"><strong>20.\u00a0(CESPE\/MPU\/2018)<\/strong><\/p>\n<p style=\"text-align: justify; padding-left: 30px;\">A conduta dos motoristas da empresa de \u00f4nibus violou o direito \u00e0 acessibilidade, segundo o qual devem ser garantidas a pessoas com mobilidade reduzida possibilidades e condi\u00e7\u00f5es de alcance para utiliza\u00e7\u00e3o de transporte coletivo p\u00fablico ou privado, tanto em zona urbana quanto em zona rural.<\/p>\n<p style=\"text-align: justify;\"><strong>Coment\u00e1rios<\/strong><\/p>\n<p style=\"text-align: justify;\">Est\u00e1 correta a assertiva, que reproduz parte do conceito de acessibilidade, extra\u00eddo do inc. I do art. 3\u00ba do Estatuto da Pessoa com Defici\u00eancia. Confira:<\/p>\n<p style=\"padding-left: 30px; text-align: justify;\">Art. 3\u00ba\u00a0 Para fins de aplica\u00e7\u00e3o desta Lei, consideram-se:<\/p>\n<p style=\"padding-left: 30px; text-align: justify;\">I &#8211; <u>acessibilidade<\/u>: <u>possibilidade e condi\u00e7\u00e3o de alcance para utiliza\u00e7\u00e3o, com seguran\u00e7a e autonomia<\/u>, de espa\u00e7os, mobili\u00e1rios, equipamentos urbanos, edifica\u00e7\u00f5es, <u>transportes,<\/u> informa\u00e7\u00e3o e comunica\u00e7\u00e3o, inclusive seus sistemas e tecnologias, bem como de outros servi\u00e7os e instala\u00e7\u00f5es abertos ao p\u00fablico, <u>de uso p\u00fablico ou privados de uso coletivo, tanto na zona urbana como na rural, por pessoa com defici\u00eancia ou com mobilidade reduzida;<\/u><\/p>\n<p style=\"text-align: justify;\">&#8212;<\/p>\n<p style=\"text-align: justify;\"><strong>21. (CESPE\/MPU\/2018)\u00a0<\/strong><\/p>\n<p style=\"padding-left: 30px; text-align: justify;\">Pelo fato de quatro de seus motoristas terem desrespeitado regras de acessibilidade, o respons\u00e1vel pela referida concession\u00e1ria de servi\u00e7o p\u00fablico poder\u00e1 responder por ato de improbidade administrativa que atenta contra os princ\u00edpios da administra\u00e7\u00e3o p\u00fablica.<\/p>\n<p style=\"text-align: justify;\"><strong>Coment\u00e1rios<\/strong><\/p>\n<p style=\"text-align: justify;\">Nesta quest\u00e3o o CESPE buscou cobrar a parte final do Estatuto, que trata das altera\u00e7\u00f5es promovidas no ordenamento. No caso, o art. \u00a0103, da Lei 13.145\/2015, acrescentou o inc. IX ao art. 11 da Lei 8.429\/1992 para prever constitui ato de improbidade administrativa que atenta contra os princ\u00edpios da administra\u00e7\u00e3o p\u00fablica qualquer a\u00e7\u00e3o ou omiss\u00e3o que deixar de cumprir a exig\u00eancia de requisitos de acessibilidade previstos na legisla\u00e7\u00e3o. \u00a0Logo, <strong>correta<\/strong> a assertiva.<\/p>\n<p style=\"text-align: justify;\">Logo que publicamos o artigo, v\u00e1rios alunos me procuraram perguntando sobre o ato de improbidade propriamente, afinal quatro motoristas da concession\u00e1ria violaram a regra de acessibilidade e o dirigente da concession\u00e1ria \u00e9 quem ser\u00e1 sancionado.<\/p>\n<p style=\"text-align: justify;\">Ap\u00f3s conversar com os professores que realmente entendem do assunto &#8211; os professores Herbert Almeida e Renato Borelli, professores de Direito Administrativo do Estrat\u00e9gia &#8211; entendo que permanece correta a assertiva.<\/p>\n<p style=\"text-align: justify;\">Primeiro, \u00e9 sujeito ativo de ato de improbidade quem pratica, concorre ou dele se beneficia. Logo, n\u00e3o se aplica apenas a servidores p\u00fablicos. \u00c9 poss\u00edvel, portanto, a responsabiliza\u00e7\u00e3o da concession\u00e1ria. Ainda,\u00a0a concession\u00e1ria responde objetivamente pela conduta dos seus motoristas, conforme entendimento do STF. Por fim, o dolo foi verificado na medida em que os motoristas agiram propositalmente, conforme consta do enunciado.<\/p>\n<p>&#8212;<\/p>\n<p><span style=\"text-decoration: underline;\"><strong>T\u00c9CNICO<\/strong><\/span><\/p>\n<p style=\"text-align: justify;\"><strong>De acordo com o IBGE, no Brasil h\u00e1 45 milh\u00f5es de pessoas com defici\u00eancia. A partir de uma amostragem extra\u00edda desse conjunto de pessoas, uma pesquisa feita pelo DataSenado revelou que 77% delas acreditam que seus direitos n\u00e3o s\u00e3o respeitados e mais da metade afirmou que gostaria de praticar esportes, mas n\u00e3o o faz por falta de acessibilidade.<\/strong><\/p>\n<p style=\"text-align: justify;\"><strong>Com rela\u00e7\u00e3o aos direitos de acessibilidade previstos na Lei n.\u00ba 13.146\/2015, julgue os itens seguintes.<\/strong><\/p>\n<p style=\"text-align: justify;\"><strong>18. (CESPE\/MPU\/2018)<\/strong><\/p>\n<p style=\"text-align: justify;\">Projetos que busquem benef\u00edcios de recursos p\u00fablicos, ainda que somente de ren\u00fancia fiscal dever\u00e3o estar de acordo com as normas de acessibilidade para serem aprovados.<\/p>\n<p style=\"text-align: justify;\"><strong>Coment\u00e1rios<\/strong><\/p>\n<p style=\"text-align: justify;\"><strong>Correta<\/strong> a assertiva. Entras as exig\u00eancias para aprova\u00e7\u00e3o de financiamentos que utilizem recursos p\u00fablico por interm\u00e9dio de ren\u00fancia fiscal. \u00c9 o que consta do art. 54, III, do Estatuto.<\/p>\n<p>&#8212;<\/p>\n<p style=\"text-align: justify;\"><strong>19. (CESPE\/MPU\/2018)<\/strong><\/p>\n<p style=\"text-align: justify;\">As pol\u00edticas p\u00fablicas, desde sua concep\u00e7\u00e3o, dever\u00e3o adotar o desenho universal, que, por sua natureza inclusiva, n\u00e3o comporta adapta\u00e7\u00f5es.<\/p>\n<p style=\"text-align: justify;\"><strong>Coment\u00e1rios<\/strong><\/p>\n<p style=\"text-align: justify;\">Est\u00e1 <strong>incorreta <\/strong>a assertiva. Como estudamos no art. 3\u00ba do Estatuto, a concep\u00e7\u00e3o de produtos, ambientes, programas e servi\u00e7os deve atender aos princ\u00edpios de desenho universal, a n\u00e3o ser que cause \u00f4nus desproporcional, hip\u00f3tese em que se deve buscar a adapta\u00e7\u00e3o do razo\u00e1vel. Para complementar, confira a reda\u00e7\u00e3o do <em>caput<\/em> do art. 55, combinado com o \u00a72\u00ba:<\/p>\n<blockquote>\n<p style=\"text-align: justify;\">Art. 55.\u00a0 A concep\u00e7\u00e3o e a implanta\u00e7\u00e3o de projetos que tratem do meio f\u00edsico, de transporte, de informa\u00e7\u00e3o e comunica\u00e7\u00e3o, inclusive de sistemas e tecnologias da informa\u00e7\u00e3o e comunica\u00e7\u00e3o, e de outros servi\u00e7os, equipamentos e instala\u00e7\u00f5es abertos ao p\u00fablico, de uso p\u00fablico ou privado de uso coletivo, tanto na zona urbana como na rural, devem atender aos princ\u00edpios do desenho universal, tendo como refer\u00eancia as normas de acessibilidade.<\/p>\n<p style=\"text-align: justify;\">\u00a7 2\u00ba Nas hip\u00f3teses em que comprovadamente o desenho universal n\u00e3o possa ser empreendido, deve ser adotada adapta\u00e7\u00e3o razo\u00e1vel.<\/p>\n<\/blockquote>\n<p>&#8212;<\/p>\n<p style=\"text-align: justify;\"><strong>20. (CESPE\/MPU\/2018)<\/strong><\/p>\n<p style=\"text-align: justify;\">O recebimento de cobran\u00e7a de tributo em formato acess\u00edvel \u00e9 garantido \u00e0 pessoa com defici\u00eancia, mediante solicita\u00e7\u00e3o.<\/p>\n<p style=\"text-align: justify;\"><strong>Coment\u00e1rios<\/strong><\/p>\n<p style=\"text-align: justify;\">De acordo com o art. 62 do Estatuto da Pessoa com Defici\u00eancia \u00e9 assegurado \u00e0 pessoa com defici\u00eancia, mediante solicita\u00e7\u00e3o, o recebimento de contas, boletos, recibos, extratos e cobran\u00e7as de tributos em formato acess\u00edvel. Logo, a assertiva est\u00e1 <strong>correta<\/strong>.<\/p>\n<p>&#8212;<\/p>\n<p style=\"text-align: justify;\"><strong>21. (CESPE\/MPU\/2018)<\/strong><\/p>\n<p style=\"text-align: justify;\">Em aten\u00e7\u00e3o ao direito de acesso a informa\u00e7\u00e3o, os canais de comercializa\u00e7\u00e3o virtual e os an\u00fancios publicit\u00e1rios veiculados na imprensa e nos demais ve\u00edculos de comunica\u00e7\u00e3o devem disponibilizar recursos de acessibilidade, como subtitula\u00e7\u00e3o por meio de legenda oculta, janela com int\u00e9rprete de LIBRAS e audiodescri\u00e7\u00e3o, a expensas do poder p\u00fablico.<\/p>\n<p style=\"text-align: justify;\"><strong>Coment\u00e1rios<\/strong><\/p>\n<p style=\"text-align: justify;\">De acordo com o art. 67, \u00a71\u00ba, do Estatuto os &#8220;canais de comercializa\u00e7\u00e3o virtual e os an\u00fancios publicit\u00e1rios veiculados na imprensa escrita, na internet, no r\u00e1dio, na televis\u00e3o e nos demais ve\u00edculos de comunica\u00e7\u00e3o abertos ou por assinatura devem disponibilizar, conforme a compatibilidade do meio, os recursos de acessibilidade de que trata o art. 67 do Estatuto da Pessoa com Defici\u00eancia.<\/p>\n<p style=\"text-align: justify;\">O art. 67 mencionado prev\u00ea:<\/p>\n<blockquote>\n<p style=\"text-align: justify;\">Art. 67.\u00a0 Os servi\u00e7os de radiodifus\u00e3o de sons e imagens devem permitir o uso dos seguintes recursos, entre outros:<\/p>\n<p style=\"text-align: justify;\">I &#8211; subtitula\u00e7\u00e3o por meio de legenda oculta;<\/p>\n<p style=\"text-align: justify;\">II &#8211; janela com int\u00e9rprete da Libras;<\/p>\n<p style=\"text-align: justify;\">III &#8211; audiodescri\u00e7\u00e3o.<\/p>\n<p style=\"text-align: justify;\">Contudo, o erro da quest\u00e3o est\u00e1 em quem dever\u00e1 arcar com esses custos. Ao contr\u00e1rio do afirmado, as expensas ficam sob responsabilidade do fornecedor do produto ou do servi\u00e7o, n\u00e3o ao poder p\u00fablico. Veja o \u00a7 1\u00ba:<\/p>\n<p style=\"text-align: justify;\">\u00a7 1\u00ba Os canais de comercializa\u00e7\u00e3o virtual e os an\u00fancios publicit\u00e1rios veiculados na imprensa escrita, na internet, no r\u00e1dio, na televis\u00e3o e nos demais ve\u00edculos de comunica\u00e7\u00e3o abertos ou por assinatura devem disponibilizar, conforme a compatibilidade do meio, os recursos de acessibilidade de que trata o art. 67 desta Lei, a expensas do fornecedor do produto ou do servi\u00e7o, sem preju\u00edzo da observ\u00e2ncia do disposto nos arts. 36 a 38 da Lei no 8.078, de 11 de setembro de 1990.<\/p>\n<\/blockquote>\n<p style=\"text-align: justify;\">Logo, <strong>incorreta <\/strong>a assertiva.<\/p>\n<p>&#8212;<\/p>\n<p>\u00c9 isso. Bons estudos!<\/p>\n","protected":false},"excerpt":{"rendered":"<p>Ol\u00e1! Analisamos as quest\u00f5es de Acessibilidade aplicadas na prova do MPU. Vamos come\u00e7ar pela an\u00e1lise das quest\u00f5es da prova de Analista do MPU, especialidade em Direito. Depois passaremos para a an\u00e1lise das quest\u00f5es de T\u00e9cnico do MPU. Foram quatro quest\u00f5es, que cobraram temas importantes do Estatuto da Pessoa com Defici\u00eancia. Espero que tenham feito uma [&hellip;]<\/p>\n","protected":false},"author":180,"featured_media":0,"comment_status":"open","ping_status":"closed","sticky":false,"template":"","format":"standard","meta":{"post_tipo":"article","footnotes":""},"categories":[1],"tags":[34995,52,867],"tax_estado":[],"class_list":["post-147804","post","type-post","status-publish","format-standard","hentry","category-cursos-e-concursos","tag-acessibilidade","tag-mpu","tag-prova-comentada"],"acf":[],"yoast_head":"<!-- This site is optimized with the Yoast SEO Premium plugin v27.2 (Yoast SEO v27.2) - https:\/\/yoast.com\/product\/yoast-seo-premium-wordpress\/ -->\n<title>Gabarito MPU - Extraoficial - Acessibilidade<\/title>\n<meta name=\"description\" content=\"An\u00e1lise das quest\u00f5es de Acessibilidade aplicadas na prova do MPU, para os cargos de T\u00e9cnico e de Analista do MPU.\" \/>\n<meta name=\"robots\" content=\"index, follow, max-snippet:-1, max-image-preview:large, max-video-preview:-1\" \/>\n<link rel=\"canonical\" href=\"https:\/\/www.estrategiaconcursos.com.br\/blog\/gabarito-mpu-extraoficial-acessibilidade\/\" \/>\n<meta property=\"og:locale\" content=\"pt_BR\" \/>\n<meta property=\"og:type\" content=\"article\" \/>\n<meta property=\"og:title\" content=\"Gabarito MPU - Extraoficial - Acessibilidade\" \/>\n<meta property=\"og:description\" content=\"An\u00e1lise das quest\u00f5es de Acessibilidade aplicadas na prova do MPU, para os cargos de T\u00e9cnico e de Analista do MPU.\" \/>\n<meta property=\"og:url\" content=\"https:\/\/www.estrategiaconcursos.com.br\/blog\/gabarito-mpu-extraoficial-acessibilidade\/\" \/>\n<meta property=\"og:site_name\" content=\"Estrat\u00e9gia Concursos\" \/>\n<meta property=\"article:author\" content=\"https:\/\/www.facebook.com\/ricardo.s.torques\" \/>\n<meta property=\"article:published_time\" content=\"2018-10-21T18:16:38+00:00\" \/>\n<meta property=\"article:modified_time\" content=\"2018-10-21T23:36:08+00:00\" \/>\n<meta name=\"author\" content=\"Ricardo Torques\" \/>\n<meta name=\"twitter:card\" content=\"summary_large_image\" \/>\n<meta name=\"twitter:creator\" content=\"@EstratConcursos\" \/>\n<meta name=\"twitter:site\" content=\"@EstratConcursos\" \/>\n<meta name=\"twitter:label1\" content=\"Escrito por\" \/>\n\t<meta name=\"twitter:data1\" content=\"Ricardo Torques\" \/>\n\t<meta name=\"twitter:label2\" content=\"Est. tempo de leitura\" \/>\n\t<meta name=\"twitter:data2\" content=\"8 minutos\" \/>\n<script type=\"application\/ld+json\" class=\"yoast-schema-graph\">{\"@context\":\"https:\/\/schema.org\",\"@graph\":[{\"@type\":\"NewsArticle\",\"@id\":\"https:\/\/www.estrategiaconcursos.com.br\/blog\/gabarito-mpu-extraoficial-acessibilidade\/#article\",\"isPartOf\":{\"@id\":\"https:\/\/www.estrategiaconcursos.com.br\/blog\/gabarito-mpu-extraoficial-acessibilidade\/\"},\"author\":{\"name\":\"Ricardo Torques\",\"@id\":\"https:\/\/www.estrategiaconcursos.com.br\/blog\/#\/schema\/person\/aa39cf5ddb518e5bdce27c35788405e2\"},\"headline\":\"Gabarito MPU &#8211; Extraoficial &#8211; Acessibilidade\",\"datePublished\":\"2018-10-21T18:16:38+00:00\",\"dateModified\":\"2018-10-21T23:36:08+00:00\",\"mainEntityOfPage\":{\"@id\":\"https:\/\/www.estrategiaconcursos.com.br\/blog\/gabarito-mpu-extraoficial-acessibilidade\/\"},\"wordCount\":1676,\"commentCount\":14,\"publisher\":{\"@id\":\"https:\/\/www.estrategiaconcursos.com.br\/blog\/#organization\"},\"keywords\":[\"acessibilidade\",\"MPU\",\"prova comentada\"],\"articleSection\":[\"Concursos P\u00fablicos\"],\"inLanguage\":\"pt-BR\",\"potentialAction\":[{\"@type\":\"CommentAction\",\"name\":\"Comment\",\"target\":[\"https:\/\/www.estrategiaconcursos.com.br\/blog\/gabarito-mpu-extraoficial-acessibilidade\/#respond\"]}],\"copyrightYear\":\"2018\",\"copyrightHolder\":{\"@id\":\"https:\/\/www.estrategiaconcursos.com.br\/blog\/#organization\"}},{\"@type\":\"WebPage\",\"@id\":\"https:\/\/www.estrategiaconcursos.com.br\/blog\/gabarito-mpu-extraoficial-acessibilidade\/\",\"url\":\"https:\/\/www.estrategiaconcursos.com.br\/blog\/gabarito-mpu-extraoficial-acessibilidade\/\",\"name\":\"Gabarito MPU - Extraoficial - Acessibilidade\",\"isPartOf\":{\"@id\":\"https:\/\/www.estrategiaconcursos.com.br\/blog\/#website\"},\"datePublished\":\"2018-10-21T18:16:38+00:00\",\"dateModified\":\"2018-10-21T23:36:08+00:00\",\"description\":\"An\u00e1lise das quest\u00f5es de Acessibilidade aplicadas na prova do MPU, para os cargos de T\u00e9cnico e de Analista do MPU.\",\"breadcrumb\":{\"@id\":\"https:\/\/www.estrategiaconcursos.com.br\/blog\/gabarito-mpu-extraoficial-acessibilidade\/#breadcrumb\"},\"inLanguage\":\"pt-BR\",\"potentialAction\":[{\"@type\":\"ReadAction\",\"target\":[\"https:\/\/www.estrategiaconcursos.com.br\/blog\/gabarito-mpu-extraoficial-acessibilidade\/\"]}]},{\"@type\":\"BreadcrumbList\",\"@id\":\"https:\/\/www.estrategiaconcursos.com.br\/blog\/gabarito-mpu-extraoficial-acessibilidade\/#breadcrumb\",\"itemListElement\":[{\"@type\":\"ListItem\",\"position\":1,\"name\":\"In\u00edcio\",\"item\":\"https:\/\/www.estrategiaconcursos.com.br\/blog\/\"},{\"@type\":\"ListItem\",\"position\":2,\"name\":\"Gabarito MPU &#8211; Extraoficial &#8211; Acessibilidade\"}]},{\"@type\":\"WebSite\",\"@id\":\"https:\/\/www.estrategiaconcursos.com.br\/blog\/#website\",\"url\":\"https:\/\/www.estrategiaconcursos.com.br\/blog\/\",\"name\":\"Estrat\u00e9gia Concursos\",\"description\":\"O blog da Estrat\u00e9gia Concursos traz not\u00edcias sobre concursos e artigos de professores oferecendo cursos para concursos (pdf + videaulas) no site.\",\"publisher\":{\"@id\":\"https:\/\/www.estrategiaconcursos.com.br\/blog\/#organization\"},\"potentialAction\":[{\"@type\":\"SearchAction\",\"target\":{\"@type\":\"EntryPoint\",\"urlTemplate\":\"https:\/\/www.estrategiaconcursos.com.br\/blog\/?s={search_term_string}\"},\"query-input\":{\"@type\":\"PropertyValueSpecification\",\"valueRequired\":true,\"valueName\":\"search_term_string\"}}],\"inLanguage\":\"pt-BR\"},{\"@type\":\"Organization\",\"@id\":\"https:\/\/www.estrategiaconcursos.com.br\/blog\/#organization\",\"name\":\"Estrat\u00e9gia Concursos\",\"url\":\"https:\/\/www.estrategiaconcursos.com.br\/blog\/\",\"logo\":{\"@type\":\"ImageObject\",\"inLanguage\":\"pt-BR\",\"@id\":\"https:\/\/www.estrategiaconcursos.com.br\/blog\/#\/schema\/logo\/image\/\",\"url\":\"https:\/\/dhg1h5j42swfq.cloudfront.net\/2025\/06\/03203428\/logo_concursos-1.jpg\",\"contentUrl\":\"https:\/\/dhg1h5j42swfq.cloudfront.net\/2025\/06\/03203428\/logo_concursos-1.jpg\",\"width\":230,\"height\":60,\"caption\":\"Estrat\u00e9gia Concursos\"},\"image\":{\"@id\":\"https:\/\/www.estrategiaconcursos.com.br\/blog\/#\/schema\/logo\/image\/\"},\"sameAs\":[\"https:\/\/x.com\/EstratConcursos\"]},{\"@type\":\"Person\",\"@id\":\"https:\/\/www.estrategiaconcursos.com.br\/blog\/#\/schema\/person\/aa39cf5ddb518e5bdce27c35788405e2\",\"name\":\"Ricardo Torques\",\"image\":{\"@type\":\"ImageObject\",\"inLanguage\":\"pt-BR\",\"@id\":\"https:\/\/secure.gravatar.com\/avatar\/ce9ac6c3cff25fe86d15ed568ebc64d1724baf5c0693133bcb1f6073f712f92a?s=96&d=mm&r=g\",\"url\":\"https:\/\/secure.gravatar.com\/avatar\/ce9ac6c3cff25fe86d15ed568ebc64d1724baf5c0693133bcb1f6073f712f92a?s=96&d=mm&r=g\",\"contentUrl\":\"https:\/\/secure.gravatar.com\/avatar\/ce9ac6c3cff25fe86d15ed568ebc64d1724baf5c0693133bcb1f6073f712f92a?s=96&d=mm&r=g\",\"caption\":\"Ricardo Torques\"},\"sameAs\":[\"https:\/\/www.facebook.com\/ricardo.s.torques\"],\"url\":\"https:\/\/www.estrategiaconcursos.com.br\/blog\/author\/ricardotorquesestrategiaconcursos-com-br\/\"}]}<\/script>\n<!-- \/ Yoast SEO Premium plugin. -->","yoast_head_json":{"title":"Gabarito MPU - Extraoficial - Acessibilidade","description":"An\u00e1lise das quest\u00f5es de Acessibilidade aplicadas na prova do MPU, para os cargos de T\u00e9cnico e de Analista do MPU.","robots":{"index":"index","follow":"follow","max-snippet":"max-snippet:-1","max-image-preview":"max-image-preview:large","max-video-preview":"max-video-preview:-1"},"canonical":"https:\/\/www.estrategiaconcursos.com.br\/blog\/gabarito-mpu-extraoficial-acessibilidade\/","og_locale":"pt_BR","og_type":"article","og_title":"Gabarito MPU - Extraoficial - Acessibilidade","og_description":"An\u00e1lise das quest\u00f5es de Acessibilidade aplicadas na prova do MPU, para os cargos de T\u00e9cnico e de Analista do MPU.","og_url":"https:\/\/www.estrategiaconcursos.com.br\/blog\/gabarito-mpu-extraoficial-acessibilidade\/","og_site_name":"Estrat\u00e9gia Concursos","article_author":"https:\/\/www.facebook.com\/ricardo.s.torques","article_published_time":"2018-10-21T18:16:38+00:00","article_modified_time":"2018-10-21T23:36:08+00:00","author":"Ricardo Torques","twitter_card":"summary_large_image","twitter_creator":"@EstratConcursos","twitter_site":"@EstratConcursos","twitter_misc":{"Escrito por":"Ricardo Torques","Est. tempo de leitura":"8 minutos"},"schema":{"@context":"https:\/\/schema.org","@graph":[{"@type":"NewsArticle","@id":"https:\/\/www.estrategiaconcursos.com.br\/blog\/gabarito-mpu-extraoficial-acessibilidade\/#article","isPartOf":{"@id":"https:\/\/www.estrategiaconcursos.com.br\/blog\/gabarito-mpu-extraoficial-acessibilidade\/"},"author":{"name":"Ricardo Torques","@id":"https:\/\/www.estrategiaconcursos.com.br\/blog\/#\/schema\/person\/aa39cf5ddb518e5bdce27c35788405e2"},"headline":"Gabarito MPU &#8211; Extraoficial &#8211; Acessibilidade","datePublished":"2018-10-21T18:16:38+00:00","dateModified":"2018-10-21T23:36:08+00:00","mainEntityOfPage":{"@id":"https:\/\/www.estrategiaconcursos.com.br\/blog\/gabarito-mpu-extraoficial-acessibilidade\/"},"wordCount":1676,"commentCount":14,"publisher":{"@id":"https:\/\/www.estrategiaconcursos.com.br\/blog\/#organization"},"keywords":["acessibilidade","MPU","prova comentada"],"articleSection":["Concursos P\u00fablicos"],"inLanguage":"pt-BR","potentialAction":[{"@type":"CommentAction","name":"Comment","target":["https:\/\/www.estrategiaconcursos.com.br\/blog\/gabarito-mpu-extraoficial-acessibilidade\/#respond"]}],"copyrightYear":"2018","copyrightHolder":{"@id":"https:\/\/www.estrategiaconcursos.com.br\/blog\/#organization"}},{"@type":"WebPage","@id":"https:\/\/www.estrategiaconcursos.com.br\/blog\/gabarito-mpu-extraoficial-acessibilidade\/","url":"https:\/\/www.estrategiaconcursos.com.br\/blog\/gabarito-mpu-extraoficial-acessibilidade\/","name":"Gabarito MPU - Extraoficial - Acessibilidade","isPartOf":{"@id":"https:\/\/www.estrategiaconcursos.com.br\/blog\/#website"},"datePublished":"2018-10-21T18:16:38+00:00","dateModified":"2018-10-21T23:36:08+00:00","description":"An\u00e1lise das quest\u00f5es de Acessibilidade aplicadas na prova do MPU, para os cargos de T\u00e9cnico e de Analista do MPU.","breadcrumb":{"@id":"https:\/\/www.estrategiaconcursos.com.br\/blog\/gabarito-mpu-extraoficial-acessibilidade\/#breadcrumb"},"inLanguage":"pt-BR","potentialAction":[{"@type":"ReadAction","target":["https:\/\/www.estrategiaconcursos.com.br\/blog\/gabarito-mpu-extraoficial-acessibilidade\/"]}]},{"@type":"BreadcrumbList","@id":"https:\/\/www.estrategiaconcursos.com.br\/blog\/gabarito-mpu-extraoficial-acessibilidade\/#breadcrumb","itemListElement":[{"@type":"ListItem","position":1,"name":"In\u00edcio","item":"https:\/\/www.estrategiaconcursos.com.br\/blog\/"},{"@type":"ListItem","position":2,"name":"Gabarito MPU &#8211; Extraoficial &#8211; Acessibilidade"}]},{"@type":"WebSite","@id":"https:\/\/www.estrategiaconcursos.com.br\/blog\/#website","url":"https:\/\/www.estrategiaconcursos.com.br\/blog\/","name":"Estrat\u00e9gia Concursos","description":"O blog da Estrat\u00e9gia Concursos traz not\u00edcias sobre concursos e artigos de professores oferecendo cursos para concursos (pdf + videaulas) no site.","publisher":{"@id":"https:\/\/www.estrategiaconcursos.com.br\/blog\/#organization"},"potentialAction":[{"@type":"SearchAction","target":{"@type":"EntryPoint","urlTemplate":"https:\/\/www.estrategiaconcursos.com.br\/blog\/?s={search_term_string}"},"query-input":{"@type":"PropertyValueSpecification","valueRequired":true,"valueName":"search_term_string"}}],"inLanguage":"pt-BR"},{"@type":"Organization","@id":"https:\/\/www.estrategiaconcursos.com.br\/blog\/#organization","name":"Estrat\u00e9gia Concursos","url":"https:\/\/www.estrategiaconcursos.com.br\/blog\/","logo":{"@type":"ImageObject","inLanguage":"pt-BR","@id":"https:\/\/www.estrategiaconcursos.com.br\/blog\/#\/schema\/logo\/image\/","url":"https:\/\/dhg1h5j42swfq.cloudfront.net\/2025\/06\/03203428\/logo_concursos-1.jpg","contentUrl":"https:\/\/dhg1h5j42swfq.cloudfront.net\/2025\/06\/03203428\/logo_concursos-1.jpg","width":230,"height":60,"caption":"Estrat\u00e9gia Concursos"},"image":{"@id":"https:\/\/www.estrategiaconcursos.com.br\/blog\/#\/schema\/logo\/image\/"},"sameAs":["https:\/\/x.com\/EstratConcursos"]},{"@type":"Person","@id":"https:\/\/www.estrategiaconcursos.com.br\/blog\/#\/schema\/person\/aa39cf5ddb518e5bdce27c35788405e2","name":"Ricardo Torques","image":{"@type":"ImageObject","inLanguage":"pt-BR","@id":"https:\/\/secure.gravatar.com\/avatar\/ce9ac6c3cff25fe86d15ed568ebc64d1724baf5c0693133bcb1f6073f712f92a?s=96&d=mm&r=g","url":"https:\/\/secure.gravatar.com\/avatar\/ce9ac6c3cff25fe86d15ed568ebc64d1724baf5c0693133bcb1f6073f712f92a?s=96&d=mm&r=g","contentUrl":"https:\/\/secure.gravatar.com\/avatar\/ce9ac6c3cff25fe86d15ed568ebc64d1724baf5c0693133bcb1f6073f712f92a?s=96&d=mm&r=g","caption":"Ricardo Torques"},"sameAs":["https:\/\/www.facebook.com\/ricardo.s.torques"],"url":"https:\/\/www.estrategiaconcursos.com.br\/blog\/author\/ricardotorquesestrategiaconcursos-com-br\/"}]}},"_links":{"self":[{"href":"https:\/\/www.estrategiaconcursos.com.br\/blog\/wp-json\/wp\/v2\/posts\/147804","targetHints":{"allow":["GET"]}}],"collection":[{"href":"https:\/\/www.estrategiaconcursos.com.br\/blog\/wp-json\/wp\/v2\/posts"}],"about":[{"href":"https:\/\/www.estrategiaconcursos.com.br\/blog\/wp-json\/wp\/v2\/types\/post"}],"author":[{"embeddable":true,"href":"https:\/\/www.estrategiaconcursos.com.br\/blog\/wp-json\/wp\/v2\/users\/180"}],"replies":[{"embeddable":true,"href":"https:\/\/www.estrategiaconcursos.com.br\/blog\/wp-json\/wp\/v2\/comments?post=147804"}],"version-history":[{"count":7,"href":"https:\/\/www.estrategiaconcursos.com.br\/blog\/wp-json\/wp\/v2\/posts\/147804\/revisions"}],"predecessor-version":[{"id":148047,"href":"https:\/\/www.estrategiaconcursos.com.br\/blog\/wp-json\/wp\/v2\/posts\/147804\/revisions\/148047"}],"wp:attachment":[{"href":"https:\/\/www.estrategiaconcursos.com.br\/blog\/wp-json\/wp\/v2\/media?parent=147804"}],"wp:term":[{"taxonomy":"category","embeddable":true,"href":"https:\/\/www.estrategiaconcursos.com.br\/blog\/wp-json\/wp\/v2\/categories?post=147804"},{"taxonomy":"post_tag","embeddable":true,"href":"https:\/\/www.estrategiaconcursos.com.br\/blog\/wp-json\/wp\/v2\/tags?post=147804"},{"taxonomy":"tax_estado","embeddable":true,"href":"https:\/\/www.estrategiaconcursos.com.br\/blog\/wp-json\/wp\/v2\/tax_estado?post=147804"}],"curies":[{"name":"wp","href":"https:\/\/api.w.org\/{rel}","templated":true}]}}