{"id":147760,"date":"2018-10-23T20:57:23","date_gmt":"2018-10-23T23:57:23","guid":{"rendered":"https:\/\/www.estrategiaconcursos.com.br\/blog\/?p=147760"},"modified":"2018-10-23T21:57:31","modified_gmt":"2018-10-24T00:57:31","slug":"gabarito-direito-administrativo-e-etica-mpu-analista","status":"publish","type":"post","link":"https:\/\/www.estrategiaconcursos.com.br\/blog\/gabarito-direito-administrativo-e-etica-mpu-analista\/","title":{"rendered":"Gabarito Direito Administrativo e \u00c9tica MPU &#8211; T\u00e9cnico e Analista &#8211; Com recursos"},"content":{"rendered":"<h1 style=\"text-align: justify\"><span style=\"color: #0000ff\">Gabarito Direito Administrativo MPU<\/span><\/h1>\n<p style=\"text-align: justify\">Fala, pessoal! Aqui \u00e9 o Prof. Herbert Almeida. J\u00e1 estou passando para comentar o gabarito direito administrativo MPU. Vou apresentar nosso popular gabarito extraoficial e (se for o caso) j\u00e1 indicarei as possibilidade de recursos.<\/p>\n<p style=\"text-align: justify\">Inicialmente, vamos comentar as quest\u00f5es de Analista, mas assim que a prova de t\u00e9cnico sair voc\u00ea j\u00e1 pode passar por aqui que as quest\u00f5es tamb\u00e9m ser\u00e3o comentadas.<\/p>\n<p style=\"text-align: justify\">Ademais, vou apresentar formatos para todos os gostos. Postaremos os coment\u00e1rios em v\u00eddeo (do Youtube) e tamb\u00e9m em texto (aqui no artigo e em pdf).<\/p>\n<h2><span style=\"color: #0000ff\">Recursos<\/span><\/h2>\n<p><span style=\"color: #0000ff\"><strong>Quest\u00f5es de t\u00e9cnico<\/strong><\/span><\/p>\n<p style=\"text-align: justify\"><strong>59 (Cespe \u2013 T\u00e9cnico\/MPU\/2018)<\/strong><\/p>\n<p style=\"padding-left: 30px;text-align: justify\"><span style=\"color: #0000ff\"><em>No que se refere ao controle da administra\u00e7\u00e3o p\u00fablica, julgue os itens seguintes.<\/em><\/span><\/p>\n<p style=\"padding-left: 30px;text-align: justify\"><span style=\"color: #0000ff\"><em>Controle interno se refere, sempre, a atos de natureza administrativa.<\/em><\/span><\/p>\n<p style=\"text-align: justify\"><strong>Coment\u00e1rio<\/strong>: logo no extraoficial, n\u00f3s conversamos que a quest\u00e3o seria pass\u00edvel de recurso. O Cespe considerou que os atos de natureza administrativa como sin\u00f4nimo de &#8220;controle administrativo&#8221; Nesse aspecto, o item est\u00e1 de fato certo, j\u00e1 que o controle \u00e9 interno \u00e9 um controle administrativo. Inclusive falamos disso no coment\u00e1rio, consoante posicionamento de Carvalho Filho:\u00a0&#8220;o fator de import\u00e2ncia nesse tipo de controle \u00e9 o reconhecimento de que o poder de fiscalizar e de rever ocorre dentro da mesma estrutura de Poder. Em outras palavras, trata-se de controle interno, porque controlador e controlado pertencem \u00e0 mesma organiza\u00e7\u00e3o&#8221;.<\/p>\n<p style=\"text-align: justify\">No entanto, n\u00e3o \u00e9 poss\u00edvel julgar a quest\u00e3o objetivamente, em virtude do alcance da express\u00e3o &#8220;<strong>atos de natureza administrativa<\/strong>&#8220;. Por exemplo, o controle interno tamb\u00e9m alcan\u00e7a os contratos administrativos. S\u00f3 por isso, j\u00e1 podemos questionar o gabarito da banca. Enfim, creio que o argumento para o recurso \u00e9 o sentido da express\u00e3o &#8220;atos de natureza administrativa&#8221;, que, em sentido estrito, n\u00e3o alcan\u00e7aria os contratos. Por esse motivo, sugiro a interposi\u00e7\u00e3o de recurso para fins de anula\u00e7\u00e3o.<\/p>\n<p style=\"text-align: justify\"><strong>Gabarito:\u00a0 correto (pass\u00edvel de recurso para anula\u00e7\u00e3o).<\/strong><\/p>\n<p style=\"text-align: justify\"><strong>60 (Cespe \u2013 T\u00e9cnico\/MPU\/2018)<\/strong><\/p>\n<p style=\"padding-left: 30px;text-align: justify\"><span style=\"color: #0000ff\"><em>No que se refere ao controle da administra\u00e7\u00e3o p\u00fablica, julgue os itens seguintes.<\/em><\/span><\/p>\n<p style=\"padding-left: 30px;text-align: justify\"><span style=\"color: #0000ff\"><em>Contrato de direito privado firmado em igualdade de condi\u00e7\u00f5es pela administra\u00e7\u00e3o p\u00fablica com particular n\u00e3o pode ser anulado unilateralmente.<\/em><\/span><\/p>\n<p style=\"text-align: justify\"><strong>Coment\u00e1rio<\/strong>: a quest\u00e3o foi considerada correta, por\u00e9m sem fundamento. Ela fala em anula\u00e7\u00e3o e n\u00e3o em rescis\u00e3o. A anula\u00e7\u00e3o \u00e9 um controle de legalidade que pode ser exercido pela Administra\u00e7\u00e3o mediante autotutela. Com efeito, a lei prevalece sobre o contrato. Assim, um contrato, ainda que de natureza privada, n\u00e3o pode permanecer inc\u00f3lume ao controle de legalidade. Por exemplo: imagine que um prefeito firme um contrato de loca\u00e7\u00e3o com desvio de finalidade e superfaturamento. Os contratos de loca\u00e7\u00e3o s\u00e3o exemplos de contratos de direito privado. Se o novo prefeito identificar a ilegalidade, ele poder\u00e1 anular o contrato, pelo simples argumento de que a lei prevalece sobre o contrato.<\/p>\n<p style=\"text-align: justify\">Com efeito, o art. 62, \u00a7 3\u00ba, I, da Lei de Licita\u00e7\u00f5es, que trata dos &#8220;contratos de seguro, de financiamento, de loca\u00e7\u00e3o em que o Poder P\u00fablico seja locat\u00e1rio, e aos demais cujo conte\u00fado seja regido, predominantemente, por norma de direito privado&#8221; prev\u00ea que se aplicam a estes contratos os arts. 55 e 58 a 61 da Lei 8.666\/93. O art. 58 versa sobre as cl\u00e1usulas exorbitantes, enquanto o 59 trata justamente das anula\u00e7\u00f5es.<\/p>\n<p style=\"text-align: justify\">Portanto, expressamente a Lei de Licita\u00e7\u00f5es determina, no art. 63, \u00a7 3\u00ba, I, que o art. 59 se aplica aos contratos regidos por normas de direito privado. E este, por sua vez, trata da declara\u00e7\u00e3o de nulidade contratual.<\/p>\n<p style=\"text-align: justify\">Dessa forma, prop\u00f5e-se a interposi\u00e7\u00e3o de recurso para anula\u00e7\u00e3o, utilizando como argumento o pr\u00f3prio texto da Lei de Licita\u00e7\u00f5es.<\/p>\n<p><strong>Gabarito:\u00a0 correto (recurso para alterar para errado).<\/strong><\/p>\n<p><span style=\"color: #0000ff\"><strong>Quest\u00f5es de Analista<\/strong><\/span><\/p>\n<p>Na quest\u00e3o a seguir, o gabarito do Cespe foi igual ao nosso. Mesmo assim, eu estou propondo recurso, pois entendo que h\u00e1 diverg\u00eancia na jurisprud\u00eancia sobre o tema.<\/p>\n<p style=\"text-align: justify\"><strong>56 (Cespe \u2013 Analista\/MPU\/2018)<\/strong><\/p>\n<p style=\"padding-left: 30px;text-align: justify\"><em><span style=\"color: #0000ff\">Acerca da responsabilidade civil do Estado, julgue os seguintes itens.<\/span><\/em><\/p>\n<p style=\"padding-left: 30px;text-align: justify\"><em><span style=\"color: #0000ff\">A v\u00edtima que busca repara\u00e7\u00e3o por dano causado por agente p\u00fablico poder\u00e1 escolher se a a\u00e7\u00e3o indenizat\u00f3ria ser\u00e1 proposta diretamente contra o Estado ou em litiscons\u00f3rcio passivo entre o Estado e o agente p\u00fablico causador do dano.<\/span><\/em><\/p>\n<p style=\"text-align: justify\"><strong>Coment\u00e1rio<\/strong>: esta quest\u00e3o ser\u00e1 pass\u00edvel de anula\u00e7\u00e3o, pois h\u00e1 bastante diverg\u00eancia sobre o tema.<\/p>\n<p style=\"text-align: justify\">O STF entende que n\u00e3o \u00e9 poss\u00edvel mover a a\u00e7\u00e3o diretamente contra o agente p\u00fablico, com base na teoria da dupla garantia, vejamos (RE 327.904):<\/p>\n<blockquote>\n<p style=\"text-align: justify\"><em>EMENTA: RECURSO EXTRAORDIN\u00c1RIO. ADMINISTRATIVO. RESPONSABILIDADE OBJETIVA DO ESTADO: \u00a7 6\u00ba DO ART. 37 DA MAGNA CARTA. ILEGITIMIDADE PASSIVA AD CAUSAM. AGENTE P\u00daBLICO (EX-PREFEITO). PR\u00c1TICA DE ATO PR\u00d3PRIO DA FUN\u00c7\u00c3O. DECRETO DE INTERVEN\u00c7\u00c3O. O \u00a7 6\u00ba do artigo 37 da Magna Carta autoriza a proposi\u00e7\u00e3o de que somente as pessoas jur\u00eddicas de direito p\u00fablico, ou as pessoas jur\u00eddicas de direito privado que prestem servi\u00e7os p\u00fablicos, \u00e9 que poder\u00e3o responder, objetivamente, pela repara\u00e7\u00e3o de danos a terceiros. Isto por ato ou omiss\u00e3o dos respectivos agentes, agindo estes na qualidade de agentes p\u00fablicos, e n\u00e3o como pessoas comuns. Esse mesmo dispositivo constitucional consagra, ainda, <strong>dupla garantia: uma, em favor do particular, possibilitando-lhe a\u00e7\u00e3o indenizat\u00f3ria contra a pessoa jur\u00eddica de direito p\u00fablico, ou de direito privado que preste servi\u00e7o p\u00fablico, dado que bem maior, praticamente certa, a possibilidade de pagamento do dano objetivamente sofrido. Outra garantia, no entanto, em prol do servidor estatal, que somente responde administrativa e civilmente perante a pessoa jur\u00eddica a cujo quadro funcional se vincular<\/strong>. Recurso extraordin\u00e1rio a que se nega provimento.<\/em><\/p>\n<\/blockquote>\n<p style=\"text-align: justify\">Logo, pelo entendimento do STF, a quest\u00e3o est\u00e1 errada. O mesmo posicionamento foi adotado pelo Cespe na quest\u00e3o abaixo (aplicada este ano), que foi considerada <span style=\"color: #ff0000\"><strong>errada<\/strong><\/span>:<\/p>\n<p style=\"padding-left: 60px;text-align: justify\"><span style=\"color: #0000ff\"><strong>(Cespe \u2013 Analista Judici\u00e1rio\/STM\/2018)<\/strong> Um servidor p\u00fablico federal que, no exerc\u00edcio de sua fun\u00e7\u00e3o, causar dano a terceiros poder\u00e1 ser demandado diretamente pela v\u00edtima em a\u00e7\u00e3o indenizat\u00f3ria.<\/span><\/p>\n<p style=\"text-align: justify\">Assim, por este motivo, entendo que a quest\u00e3o ser\u00e1 dada como errada novamente.<\/p>\n<p style=\"text-align: justify\">Se, no entanto, adotarmos o entendimento do STJ, a quest\u00e3o poder\u00e1 ser dada como correta, vejamos (REsp 1.325.862):<\/p>\n<blockquote>\n<p style=\"text-align: justify\"><em>1. O art. 37, \u00a7 6\u00ba, da CF\/1988 prev\u00ea uma garantia para o administrado de buscar a recomposi\u00e7\u00e3o dos danos sofridos diretamente da pessoa jur\u00eddica que, em princ\u00edpio, \u00e9 mais solvente que o servidor, independentemente de demonstra\u00e7\u00e3o de culpa do agente p\u00fablico. Vale dizer, a Constitui\u00e7\u00e3o, nesse particular, simplesmente imp\u00f5e \u00f4nus maior ao Estado decorrente do risco administrativo; n\u00e3o prev\u00ea, por\u00e9m, uma demanda de curso for\u00e7ado em face da Administra\u00e7\u00e3o P\u00fablica quando o particular livremente disp\u00f5e do b\u00f4nus contraposto. Tampouco confere ao agente p\u00fablico imunidade de n\u00e3o ser demandado diretamente por seus atos, o qual, ali\u00e1s, se ficar comprovado dolo ou culpa, responder\u00e1 de outra forma, em regresso, perante a Administra\u00e7\u00e3o.<\/em><\/p>\n<p style=\"text-align: justify\"><em><strong>2. Assim, h\u00e1 de se franquear ao particular a possibilidade de ajuizar a a\u00e7\u00e3o diretamente contra o servidor, suposto causador do dano, contra o Estado ou contra ambos, se assim desejar. A avalia\u00e7\u00e3o quanto ao ajuizamento da a\u00e7\u00e3o contra o servidor p\u00fablico ou contra o Estado deve ser decis\u00e3o do suposto lesado. Se, por um lado, o particular abre m\u00e3o do sistema de responsabilidade objetiva do Estado, por outro tamb\u00e9m n\u00e3o se sujeita ao regime de precat\u00f3rios.<\/strong> Doutrina e precedentes do STF e do STJ.<\/em><\/p>\n<\/blockquote>\n<p style=\"text-align: justify\">Portanto, apesar de acreditar que o Cespe vai considerar a quest\u00e3o incorreta, eu n\u00e3o me surpreenderia com uma quest\u00e3o como certa, j\u00e1 que se o avaliador seguiu o STJ, a quest\u00e3o ser\u00e1 dada como correta. Enfim, j\u00e1 fica aqui a quest\u00e3o pass\u00edvel de recurso.<\/p>\n<p style=\"text-align: justify\"><span style=\"color: #ff0000\"><strong>Gabarito: errado (cabe recurso).<\/strong><\/span><\/p>\n<h2><\/h2>\n<p><strong>A seguir, vamos comentar as quest\u00f5es da prova.<\/strong><\/p>\n<h2 style=\"text-align: justify\"><span style=\"color: #0000ff\">Quest\u00f5es de T\u00e9cnico<\/span><\/h2>\n<p style=\"text-align: justify\"><strong>Coment\u00e1rio em v\u00eddeo<\/strong>:<\/p>\n<div class=\"lyte-wrapper\" style=\"width:853px;max-width:100%;margin:5px;\"><div class=\"lyMe\" id=\"WYL_S4O-bAjRz3Y\"><div id=\"lyte_S4O-bAjRz3Y\" data-src=\"\/\/i.ytimg.com\/vi\/S4O-bAjRz3Y\/hqdefault.jpg\" class=\"pL\"><div class=\"tC\"><div class=\"tT\"><\/div><\/div><div class=\"play\"><\/div><div class=\"ctrl\"><div class=\"Lctrl\"><\/div><div class=\"Rctrl\"><\/div><\/div><\/div><noscript><a href=\"https:\/\/youtu.be\/S4O-bAjRz3Y\" rel=\"nofollow\"><img loading=\"lazy\" decoding=\"async\" src=\"https:\/\/i.ytimg.com\/vi\/S4O-bAjRz3Y\/0.jpg\" alt=\"YouTube video thumbnail\" width=\"853\" height=\"460\" \/><br \/>Assista a este v\u00eddeo no YouTube<\/a><\/noscript><\/div><\/div><div class=\"lL\" style=\"max-width:100%;width:853px;margin:5px;\"><\/div><\/p>\n<p style=\"text-align: justify\">Coment\u00e1rio em texto em pdf:\u00a0<a href=\"https:\/\/www.estrategiaconcursos.com.br\/blog\/wp-content\/uploads\/2018\/10\/MPU-Te\u0301cnico-Gabarito-Extraoficial-1.pdf\" target=\"_blank\" rel=\"noopener\">Gabarito MPU T\u00e9cnico &#8211; Coment\u00e1rio das quest\u00f5es<\/a><\/p>\n<p style=\"text-align: justify\">Coment\u00e1rio em texto no artigo:<\/p>\n<h3 style=\"text-align: justify\"><span style=\"color: #0000ff\">Gabarito \u00c9tica (legisla\u00e7\u00e3o) MPU &#8211; T\u00e9cnico<\/span><\/h3>\n<p style=\"text-align: justify\"><strong>29 (Cespe \u2013 T\u00e9cnico\/MPU\/2018)<\/strong><\/p>\n<p style=\"padding-left: 30px;text-align: justify\"><span style=\"color: #0000ff\"><em>No que se refere a \u00e9tica no servi\u00e7o p\u00fablico, julgue o pr\u00f3ximo item, com base no Decreto n\u00ba 1.171\/1994 \u2013 C\u00f3digo de \u00c9tica Profissional do Servi\u00e7o P\u00fablico.<\/em><\/span><\/p>\n<p style=\"padding-left: 30px;text-align: justify\"><span style=\"color: #0000ff\"><em>Constitui dever fundamental do servidor p\u00fablico abster-se de exercer sua fun\u00e7\u00e3o com finalidade estranha ao interesse p\u00fablico, mesmo que observadas as formalidades legais.<\/em><\/span><\/p>\n<p style=\"text-align: justify\"><strong>Coment\u00e1rio<\/strong>: de acordo com o C\u00f3digo de \u00c9tica do Poder Executivo Federal:<\/p>\n<p style=\"text-align: justify\">XIV &#8211; S\u00e3o deveres fundamentais do servidor p\u00fablico: [&#8230;] u) abster-se, de forma absoluta, de exercer sua fun\u00e7\u00e3o, poder ou autoridade com finalidade estranha ao interesse p\u00fablico, mesmo que observando as formalidades legais e n\u00e3o cometendo qualquer viola\u00e7\u00e3o expressa \u00e0 lei;<\/p>\n<p style=\"text-align: justify\">Trata-se do cumprimento do princ\u00edpio da finalidade (fazendo uma liga\u00e7\u00e3o com o direito administrativo). N\u00e3o basta observar apenas a lei, deve observar tamb\u00e9m o interesse p\u00fablico.<\/p>\n<p style=\"text-align: justify\"><strong>Gabarito: correto.<\/strong><\/p>\n<p style=\"text-align: justify\"><strong>30 (Cespe \u2013 T\u00e9cnico\/MPU\/2018)<\/strong><\/p>\n<p style=\"padding-left: 30px;text-align: justify\"><em><span style=\"color: #0000ff\">PARECER AUDIN \u2013 MPU n\u00ba XXX<\/span><\/em><\/p>\n<p style=\"padding-left: 30px;text-align: justify\"><em><span style=\"color: #0000ff\">Refer\u00eancia: Procedimento de Gest\u00e3o Administrativa \u2013 XXXX<\/span><\/em><\/p>\n<p style=\"padding-left: 30px;text-align: justify\"><em><span style=\"color: #0000ff\">Assunto: Administrativo. Dano em ve\u00edculo. Regime Disciplinar<\/span><\/em><\/p>\n<p style=\"padding-left: 30px;text-align: justify\"><em><span style=\"color: #0000ff\">O chefe da Se\u00e7\u00e3o de Transporte comunica que o ve\u00edculo caminhonete X, placa YYY, foi abastecido com combust\u00edvel distinto de sua configura\u00e7\u00e3o de f\u00e1brica (diesel), quando utilizado em dilig\u00eancia por servidores t\u00e9cnicos do MPU. Relata que o abastecimento equivocado gerou danos ao ve\u00edculo, cujo conserto, no valor total de cinco mil reais, foi pago com verbas do er\u00e1rio. Acrescenta tamb\u00e9m que, dada a indisponibilidade de diesel no momento do abastecimento, o servidor condutor do ve\u00edculo autorizou o frentista do posto de combust\u00edvel a p\u00f4r gasolina no tanque da referida caminhonete. Por fim, menciona que o servidor condutor do ve\u00edculo n\u00e3o se disp\u00f4s a ressarcir voluntariamente aos cofres p\u00fablicos os valores gastos a t\u00edtulo de despesas extraordin\u00e1rias com o reparo do ve\u00edculo.<\/span><\/em><\/p>\n<p style=\"padding-left: 30px;text-align: justify\"><em><span style=\"color: #0000ff\">Acerca dos fatos relatados no trecho do parecer hipot\u00e9tico apresentado, julgue os itens a seguir, com base na Lei n\u00ba 8.112\/1990.<\/span><\/em><\/p>\n<p style=\"padding-left: 30px;text-align: justify\"><em><span style=\"color: #0000ff\">A referida lei prev\u00ea pena de suspens\u00e3o para o servidor que conduzia o ve\u00edculo, em raz\u00e3o da natureza e gravidade da sua falta bem como dos danos desta provenientes.<\/span><\/em><\/p>\n<p style=\"text-align: justify\"><strong>Coment\u00e1rio<\/strong>: a pena de suspens\u00e3o ser\u00e1 aplicada no caso de reincid\u00eancia das infra\u00e7\u00f5es pun\u00edveis com advert\u00eancia ou ainda quando n\u00e3o justificar a aplica\u00e7\u00e3o de demiss\u00e3o. Por esse motivo, diz-se que a suspens\u00e3o tem car\u00e1ter residual, aplicando-se quando a Lei 8.112\/1990 n\u00e3o enquadrar o caso em demiss\u00e3o nem em advert\u00eancia.<\/p>\n<p style=\"text-align: justify\">Logo, n\u00e3o h\u00e1 previs\u00e3o deste caso espec\u00edfico para a pena de suspens\u00e3o. Aplicando o \u201ccar\u00e1ter residual\u201d, a suspens\u00e3o seria aplic\u00e1vel (al\u00e9m da reincid\u00eancia da advert\u00eancia) nos seguintes casos:<\/p>\n<ul style=\"text-align: justify\">\n<li>cometer a outro servidor atribui\u00e7\u00f5es estranhas ao cargo que ocupa, exceto em situa\u00e7\u00f5es de emerg\u00eancia e transit\u00f3rias;<\/li>\n<li>exercer quaisquer atividades que sejam incompat\u00edveis com o exerc\u00edcio do cargo ou fun\u00e7\u00e3o e com o hor\u00e1rio de trabalho.<\/li>\n<\/ul>\n<p style=\"text-align: justify\">Ademais, seria poss\u00edvel enquadrar o caso na situa\u00e7\u00e3o prevista no art. 132, X: \u201cles\u00e3o aos cofres p\u00fablicos e dilapida\u00e7\u00e3o do patrim\u00f4nio nacional\u201d, caso que justificaria, pelo menos em tese, a aplica\u00e7\u00e3o da demiss\u00e3o.<\/p>\n<p style=\"text-align: justify\"><strong>Gabarito: errado.<\/strong><\/p>\n<p style=\"text-align: justify\"><strong>31 (Cespe \u2013 T\u00e9cnico\/MPU\/2018)<\/strong><\/p>\n<p style=\"padding-left: 30px;text-align: justify\"><em><span style=\"color: #0000ff\">PARECER AUDIN \u2013 MPU n\u00ba XXX<\/span><\/em><\/p>\n<p style=\"padding-left: 30px;text-align: justify\"><em><span style=\"color: #0000ff\">Refer\u00eancia: Procedimento de Gest\u00e3o Administrativa \u2013 XXXX<\/span><\/em><\/p>\n<p style=\"padding-left: 30px;text-align: justify\"><em><span style=\"color: #0000ff\">Assunto: Administrativo. Dano em ve\u00edculo. Regime Disciplinar<\/span><\/em><\/p>\n<p style=\"padding-left: 30px;text-align: justify\"><em><span style=\"color: #0000ff\">O chefe da Se\u00e7\u00e3o de Transporte comunica que o ve\u00edculo caminhonete X, placa YYY, foi abastecido com combust\u00edvel distinto de sua configura\u00e7\u00e3o de f\u00e1brica (diesel), quando utilizado em dilig\u00eancia por servidores t\u00e9cnicos do MPU. Relata que o abastecimento equivocado gerou danos ao ve\u00edculo, cujo conserto, no valor total de cinco mil reais, foi pago com verbas do er\u00e1rio. Acrescenta tamb\u00e9m que, dada a indisponibilidade de diesel no momento do abastecimento, o servidor condutor do ve\u00edculo autorizou o frentista do posto de combust\u00edvel a p\u00f4r gasolina no tanque da referida caminhonete. Por fim, menciona que o servidor condutor do ve\u00edculo n\u00e3o se disp\u00f4s a ressarcir voluntariamente aos cofres p\u00fablicos os valores gastos a t\u00edtulo de despesas extraordin\u00e1rias com o reparo do ve\u00edculo.<\/span><\/em><\/p>\n<p style=\"padding-left: 30px;text-align: justify\"><em><span style=\"color: #0000ff\">Acerca dos fatos relatados no trecho do parecer hipot\u00e9tico apresentado, julgue os itens a seguir, com base na Lei n\u00ba 8.112\/1990.<\/span><\/em><\/p>\n<p style=\"padding-left: 30px;text-align: justify\"><em><span style=\"color: #0000ff\">A conduta do servidor que conduzia o ve\u00edculo configura inobserv\u00e2ncia do dever funcional de zelar pela economia do material e pela conserva\u00e7\u00e3o do patrim\u00f4nio p\u00fablico.<\/span><\/em><\/p>\n<p style=\"text-align: justify\"><strong>Coment\u00e1rio<\/strong>: al\u00e9m disso, tamb\u00e9m podemos notar que houve viola\u00e7\u00e3o ao dever que consta no art. 116, VII, isto \u00e9: \u201czelar pela economia do material e a conserva\u00e7\u00e3o do patrim\u00f4nio p\u00fablico\u201d, uma vez que a conduta displicente do servidor ocasionou dano ao material p\u00fablico.<\/p>\n<p style=\"text-align: justify\"><strong>Gabarito: correto.<\/strong><\/p>\n<h3 style=\"text-align: justify\"><span style=\"color: #0000ff\">Gabarito Direito Administrativo MPU &#8211; T\u00e9cnico<\/span><\/h3>\n<p style=\"text-align: justify\"><strong>51 (Cespe \u2013 T\u00e9cnico\/MPU\/2018)<\/strong><\/p>\n<p style=\"padding-left: 30px;text-align: justify\"><em><span style=\"color: #0000ff\">Divulgado o resultado final de um concurso p\u00fablico para o preenchimento de vagas em cargo p\u00fablico de natureza civil, da administra\u00e7\u00e3o direta federal, os aprovados foram nomeados.<\/span><\/em><\/p>\n<p style=\"padding-left: 30px;text-align: justify\"><em><span style=\"color: #0000ff\">Considerando essa situa\u00e7\u00e3o hipot\u00e9tica e a legisla\u00e7\u00e3o pertinente, julgue os itens a seguir.<\/span><\/em><\/p>\n<p style=\"padding-left: 30px;text-align: justify\"><em><span style=\"color: #0000ff\">O concurso p\u00fablico foi necess\u00e1rio porque se tratava de provimento de cargo p\u00fablico na administra\u00e7\u00e3o direta; seria dispens\u00e1vel se a contrata\u00e7\u00e3o fosse para emprego p\u00fablico na administra\u00e7\u00e3o indireta federal.<\/span><\/em><\/p>\n<p style=\"text-align: justify\"><strong>Coment\u00e1rio<\/strong>: a Constitui\u00e7\u00e3o Federal exige concurso tanto para cargo como para emprego p\u00fablico:<\/p>\n<blockquote><p>art. 37. [&#8230;] II &#8211; a investidura em cargo ou emprego p\u00fablico depende de aprova\u00e7\u00e3o pr\u00e9via em concurso p\u00fablico de provas ou de provas e t\u00edtulos, de acordo com a natureza e a complexidade do cargo ou emprego, na forma prevista em lei, ressalvadas as nomea\u00e7\u00f5es para cargo em comiss\u00e3o declarado em lei de livre nomea\u00e7\u00e3o e exonera\u00e7\u00e3o;<\/p><\/blockquote>\n<p style=\"text-align: justify\">Logo, teria que ter concurso nos dois casos.<\/p>\n<p style=\"text-align: justify\"><strong>Gabarito: errado.<\/strong><\/p>\n<p style=\"text-align: justify\"><strong>52 (Cespe \u2013 T\u00e9cnico\/MPU\/2018)<\/strong><\/p>\n<p style=\"padding-left: 30px;text-align: justify\"><em><span style=\"color: #0000ff\">Divulgado o resultado final de um concurso p\u00fablico para o preenchimento de vagas em cargo p\u00fablico de natureza civil, da administra\u00e7\u00e3o direta federal, os aprovados foram nomeados.<\/span><\/em><\/p>\n<p style=\"padding-left: 30px;text-align: justify\"><em><span style=\"color: #0000ff\">Considerando essa situa\u00e7\u00e3o hipot\u00e9tica e a legisla\u00e7\u00e3o pertinente, julgue os itens a seguir.<\/span><\/em><\/p>\n<p style=\"padding-left: 30px;text-align: justify\"><em><span style=\"color: #0000ff\">Com a posse, os aprovados ser\u00e3o investidos no cargo p\u00fablico, mas ir\u00e3o adquirir estabilidade somente ap\u00f3s tr\u00eas anos de efetivo exerc\u00edcio.<\/span><\/em><\/p>\n<p style=\"text-align: justify\"><strong>Coment\u00e1rio<\/strong>: realmente, a investidura em cargo p\u00fablico ocorre com a posse. E, al\u00e9m disso, a CF prev\u00ea que \u201cs\u00e3o est\u00e1veis ap\u00f3s tr\u00eas anos de efetivo exerc\u00edcio os servidores nomeados para cargo de provimento efetivo em virtude de concurso p\u00fablico\u201d (art. 41).<\/p>\n<p style=\"text-align: justify\"><strong>Gabarito: correto.<\/strong><\/p>\n<p style=\"text-align: justify\"><strong>53 (Cespe \u2013 T\u00e9cnico\/MPU\/2018)<\/strong><\/p>\n<p style=\"padding-left: 30px;text-align: justify\"><em><span style=\"color: #0000ff\">Divulgado o resultado final de um concurso p\u00fablico para o preenchimento de vagas em cargo p\u00fablico de natureza civil, da administra\u00e7\u00e3o direta federal, os aprovados foram nomeados.<\/span><\/em><\/p>\n<p style=\"padding-left: 30px;text-align: justify\"><em><span style=\"color: #0000ff\">Considerando essa situa\u00e7\u00e3o hipot\u00e9tica e a legisla\u00e7\u00e3o pertinente, julgue os itens a seguir.<\/span><\/em><\/p>\n<p style=\"padding-left: 30px;text-align: justify\"><em><span style=\"color: #0000ff\">O cargo p\u00fablico em quest\u00e3o poderia ter sido criado por lei ou por decreto do presidente da Rep\u00fablica.<\/span><\/em><\/p>\n<p style=\"text-align: justify\"><strong>Coment\u00e1rio<\/strong>: a cria\u00e7\u00e3o de cargo p\u00fablico depende de edi\u00e7\u00e3o de lei, nos termos do art. 61, \u00a7 1\u00ba, II, \u201ca\u201d, da CF: \u201cs\u00e3o de iniciativa privativa do Presidente da Rep\u00fablica as leis que: [&#8230;] a) cria\u00e7\u00e3o de cargos, fun\u00e7\u00f5es ou empregos p\u00fablicos na administra\u00e7\u00e3o direta e aut\u00e1rquica ou aumento de sua remunera\u00e7\u00e3o\u201d. Ademais, a cria\u00e7\u00e3o de cargos <strong>n\u00e3o<\/strong> se insere nas hip\u00f3teses de edi\u00e7\u00e3o de decretos aut\u00f4nomos, que constam no art. 84, VI, da CF.<\/p>\n<p style=\"text-align: justify\">Assim, n\u00e3o caberia o decreto.<\/p>\n<p style=\"text-align: justify\"><strong>Gabarito: \u00a0errado.<\/strong><\/p>\n<p style=\"text-align: justify\"><strong>54 (Cespe \u2013 T\u00e9cnico\/MPU\/2018)<\/strong><\/p>\n<p style=\"padding-left: 30px;text-align: justify\"><em><span style=\"color: #0000ff\">Inconformada com a aplica\u00e7\u00e3o de uma multa, uma sociedade privada contratada pelo poder p\u00fablico ingressou com pedido administrativo de anula\u00e7\u00e3o da penalidade. No curso do processo, o representante legal da sociedade foi chamado a prestar esclarecimentos, mas deixou de comparecer. A decis\u00e3o final manteve a multa, raz\u00e3o por que a sociedade interp\u00f4s recurso administrativo.<\/span><\/em><\/p>\n<p style=\"padding-left: 30px;text-align: justify\"><em><span style=\"color: #0000ff\">O recurso administrativo dever\u00e1 ser dirigido \u00e0 autoridade que proferiu a decis\u00e3o, a qual, se n\u00e3o reconsiderar tal decis\u00e3o, dever\u00e1 encaminh\u00e1-lo para autoridade superior.<\/span><\/em><\/p>\n<p style=\"text-align: justify\"><strong>Coment\u00e1rio<\/strong>: segundo a Lei 9.784\/1999,<\/p>\n<blockquote><p>Art. 56. Das decis\u00f5es administrativas cabe recurso, em face de raz\u00f5es de legalidade e de m\u00e9rito.<\/p>\n<p>\u00a7 1o O recurso ser\u00e1 dirigido \u00e0 autoridade que proferiu a decis\u00e3o, a qual, se n\u00e3o a reconsiderar no prazo de cinco dias, o encaminhar\u00e1 \u00e0 autoridade superior.<\/p><\/blockquote>\n<p style=\"text-align: justify\">Logo, o recurso \u00e9 dirigido \u00e0 autoridade que proferiu a decis\u00e3o e, se esta n\u00e3o reconsiderar a sua decis\u00e3o, o processo ser\u00e1 submetido \u00e0 autoridade superior.<\/p>\n<p style=\"text-align: justify\"><strong>Gabarito: correto.<\/strong><\/p>\n<p style=\"text-align: justify\"><strong>55 (Cespe \u2013 T\u00e9cnico\/MPU\/2018)<\/strong><\/p>\n<p style=\"padding-left: 30px;text-align: justify\"><span style=\"color: #0000ff\"><em>Inconformada com a aplica\u00e7\u00e3o de uma multa, uma sociedade privada contratada pelo poder p\u00fablico ingressou com pedido administrativo de anula\u00e7\u00e3o da penalidade. No curso do processo, o representante legal da sociedade foi chamado a prestar esclarecimentos, mas deixou de comparecer. A decis\u00e3o final manteve a multa, raz\u00e3o por que a sociedade interp\u00f4s recurso administrativo.<\/em><\/span><\/p>\n<p style=\"padding-left: 30px;text-align: justify\"><span style=\"color: #0000ff\"><em>Apenas a sociedade multada poder\u00e1 interpor recurso administrativo, pois a lei estabelece que apenas as partes no processo t\u00eam legitimidade para recorrer.<\/em><\/span><\/p>\n<p style=\"text-align: justify\"><strong>Coment\u00e1rio<\/strong>: a Lei 9.784\/1999 prev\u00ea que:<\/p>\n<blockquote><p>Art. 58. T\u00eam legitimidade para interpor recurso administrativo:<\/p>\n<p>I &#8211; os titulares de direitos e interesses que forem parte no processo;<\/p>\n<p>II &#8211; aqueles cujos direitos ou interesses forem indiretamente afetados pela decis\u00e3o recorrida;<\/p>\n<p>III &#8211; as organiza\u00e7\u00f5es e associa\u00e7\u00f5es representativas, no tocante a direitos e interesses coletivos;<\/p>\n<p>IV &#8211; os cidad\u00e3os ou associa\u00e7\u00f5es, quanto a direitos ou interesses difusos.<\/p><\/blockquote>\n<p style=\"text-align: justify\">Logo, outras pessoas tamb\u00e9m podem ter legitimidade. Por exemplo, algu\u00e9m que tenha sido afetado pela decis\u00e3o. Por isso, a quest\u00e3o est\u00e1 errada.<\/p>\n<p style=\"text-align: justify\"><strong>Gabarito: errado.<\/strong><\/p>\n<p style=\"text-align: justify\"><strong>56 (Cespe \u2013 T\u00e9cnico\/MPU\/2018)<\/strong><\/p>\n<p style=\"padding-left: 30px;text-align: justify\"><em><span style=\"color: #0000ff\">Inconformada com a aplica\u00e7\u00e3o de uma multa, uma sociedade privada contratada pelo poder p\u00fablico ingressou com pedido administrativo de anula\u00e7\u00e3o da penalidade. No curso do processo, o representante legal da sociedade foi chamado a prestar esclarecimentos, mas deixou de comparecer. A decis\u00e3o final manteve a multa, raz\u00e3o por que a sociedade interp\u00f4s recurso administrativo.<\/span><\/em><\/p>\n<p style=\"padding-left: 30px;text-align: justify\"><em><span style=\"color: #0000ff\">A autoridade legalmente competente para julgar o recurso administrativo n\u00e3o pode delegar essa atribui\u00e7\u00e3o a terceiro.<\/span><\/em><\/p>\n<p style=\"text-align: justify\"><strong>Coment\u00e1rio<\/strong>: tema cl\u00e1ssico de processo administrativo! N\u00e3o podem ser objeto de delega\u00e7\u00e3o (Lei 9.784\/1999, art. 13): (i) a edi\u00e7\u00e3o de atos de car\u00e1ter normativo; (ii) a decis\u00e3o de recursos administrativos; (iii) as mat\u00e9rias de compet\u00eancia exclusiva do \u00f3rg\u00e3o ou autoridade.<\/p>\n<p style=\"text-align: justify\"><strong>Gabarito: correto.<\/strong><\/p>\n<p style=\"text-align: justify\"><strong>57 (Cespe \u2013 T\u00e9cnico\/MPU\/2018)<\/strong><\/p>\n<p style=\"padding-left: 30px;text-align: justify\"><em><span style=\"color: #0000ff\">Inconformada com a aplica\u00e7\u00e3o de uma multa, uma sociedade privada contratada pelo poder p\u00fablico ingressou com pedido administrativo de anula\u00e7\u00e3o da penalidade. No curso do processo, o representante legal da sociedade foi chamado a prestar esclarecimentos, mas deixou de comparecer. A decis\u00e3o final manteve a multa, raz\u00e3o por que a sociedade interp\u00f4s recurso administrativo.<\/span><\/em><\/p>\n<p style=\"padding-left: 30px;text-align: justify\"><em><span style=\"color: #0000ff\">O n\u00e3o atendimento \u00e0 intima\u00e7\u00e3o para comparecimento pelo representante legal da sociedade importou em ren\u00fancia ao direito da sociedade.<\/span><\/em><\/p>\n<p style=\"text-align: justify\"><strong>Coment\u00e1rio<\/strong>: n\u00e3o! De acordo com a Lei 9.784\/1999: \u201co desatendimento da intima\u00e7\u00e3o n\u00e3o importa o reconhecimento da verdade dos fatos, nem a ren\u00fancia a direito pelo administrado\u201d (art. 27, <em>caput<\/em>).<\/p>\n<p style=\"text-align: justify\"><strong>Gabarito: \u00a0errado.<\/strong><\/p>\n<p style=\"text-align: justify\"><strong>58 (Cespe \u2013 T\u00e9cnico\/MPU\/2018)<\/strong><\/p>\n<p style=\"padding-left: 30px;text-align: justify\"><span style=\"color: #0000ff\"><em>Inconformada com a aplica\u00e7\u00e3o de uma multa, uma sociedade privada contratada pelo poder p\u00fablico ingressou com pedido administrativo de anula\u00e7\u00e3o da penalidade. No curso do processo, o representante legal da sociedade foi chamado a prestar esclarecimentos, mas deixou de comparecer. A decis\u00e3o final manteve a multa, raz\u00e3o por que a sociedade interp\u00f4s recurso administrativo.<\/em><\/span><\/p>\n<p style=\"padding-left: 30px;text-align: justify\"><span style=\"color: #0000ff\"><em>Caso a lei seja silente, para que o recurso administrativo interposto seja admitido, ser\u00e1 necess\u00e1rio o dep\u00f3sito pr\u00e9vio do valor da multa imposta.<\/em><\/span><\/p>\n<p style=\"text-align: justify\"><strong>Coment\u00e1rio<\/strong>: a Lei de Processo Administrativo Federal disp\u00f5e que \u201csalvo exig\u00eancia legal, a interposi\u00e7\u00e3o de recurso administrativo independe de cau\u00e7\u00e3o\u201d (art. 56, \u00a7 2\u00ba). Assim, s\u00f3 pelo texto da lei, o item j\u00e1 \u00e9 errado, pois n\u00e3o caberia o dep\u00f3sito pr\u00e9vio como requisito para o recurso sem previs\u00e3o em lei. Al\u00e9m disso, a S\u00famula Vinculante 21 disp\u00f5e que: \u201c\u00e9 inconstitucional a exig\u00eancia de dep\u00f3sito ou arrolamento pr\u00e9vios de dinheiro ou bens para admissibilidade de recurso administrativo\u201d. Assim, na pr\u00e1tica, nem mesmo a lei poderia fazer tal exig\u00eancia.<\/p>\n<p style=\"text-align: justify\"><strong>Gabarito: \u00a0errado.<\/strong><\/p>\n<p style=\"text-align: justify\"><strong>59 (Cespe \u2013 T\u00e9cnico\/MPU\/2018)<\/strong><\/p>\n<p style=\"padding-left: 30px;text-align: justify\"><span style=\"color: #0000ff\"><em>No que se refere ao controle da administra\u00e7\u00e3o p\u00fablica, julgue os itens seguintes.<\/em><\/span><\/p>\n<p style=\"padding-left: 30px;text-align: justify\"><span style=\"color: #0000ff\"><em>Controle interno se refere, sempre, a atos de natureza administrativa.<\/em><\/span><\/p>\n<p style=\"text-align: justify\"><strong>Coment\u00e1rio<\/strong>: logo no extraoficial, n\u00f3s conversamos que a quest\u00e3o seria pass\u00edvel de recurso. O Cespe considerou que os atos de natureza administrativa como sin\u00f4nimo de &#8220;controle administrativo&#8221; Nesse aspecto, o item est\u00e1 de fato certo, j\u00e1 que o controle \u00e9 interno \u00e9 um controle administrativo. Inclusive falamos disso no coment\u00e1rio, consoante posicionamento de Carvalho Filho:\u00a0&#8220;o fator de import\u00e2ncia nesse tipo de controle \u00e9 o reconhecimento de que o poder de fiscalizar e de rever ocorre dentro da mesma estrutura de Poder. Em outras palavras, trata-se de controle interno, porque controlador e controlado pertencem \u00e0 mesma organiza\u00e7\u00e3o&#8221;.<\/p>\n<p style=\"text-align: justify\">No entanto, n\u00e3o \u00e9 poss\u00edvel julgar a quest\u00e3o objetivamente, em virtude do alcance da express\u00e3o &#8220;<strong>atos de natureza administrativa<\/strong>&#8220;. Por exemplo, o controle interno tamb\u00e9m alcan\u00e7a os contratos administrativos. S\u00f3 por isso, j\u00e1 podemos questionar o gabarito da banca. Enfim, creio que o argumento para o recurso \u00e9 o sentido da express\u00e3o &#8220;atos de natureza administrativa&#8221;, que, em sentido estrito, n\u00e3o alcan\u00e7aria os contratos. Por esse motivo, sugiro a interposi\u00e7\u00e3o de recurso para fins de anula\u00e7\u00e3o.<\/p>\n<p style=\"text-align: justify\"><strong>Gabarito:\u00a0 correto (pass\u00edvel de recurso para anula\u00e7\u00e3o).<\/strong><\/p>\n<p style=\"text-align: justify\"><strong>60 (Cespe \u2013 T\u00e9cnico\/MPU\/2018)<\/strong><\/p>\n<p style=\"padding-left: 30px;text-align: justify\"><span style=\"color: #0000ff\"><em>No que se refere ao controle da administra\u00e7\u00e3o p\u00fablica, julgue os itens seguintes.<\/em><\/span><\/p>\n<p style=\"padding-left: 30px;text-align: justify\"><span style=\"color: #0000ff\"><em>Contrato de direito privado firmado em igualdade de condi\u00e7\u00f5es pela administra\u00e7\u00e3o p\u00fablica com particular n\u00e3o pode ser anulado unilateralmente.<\/em><\/span><\/p>\n<p style=\"text-align: justify\"><strong>Coment\u00e1rio<\/strong>: a quest\u00e3o foi considerada correta, por\u00e9m sem fundamento. Ela fala em anula\u00e7\u00e3o e n\u00e3o em rescis\u00e3o. A anula\u00e7\u00e3o \u00e9 um controle de legalidade que pode ser exercido pela Administra\u00e7\u00e3o mediante autotutela. Com efeito, a lei prevalece sobre o contrato. Assim, um contrato, ainda que de natureza privada, n\u00e3o pode permanecer inc\u00f3lume ao controle de legalidade. Por exemplo: imagine que um prefeito firme um contrato de loca\u00e7\u00e3o com desvio de finalidade e superfaturamento. Os contratos de loca\u00e7\u00e3o s\u00e3o exemplos de contratos de direito privado. Se o novo prefeito identificar a ilegalidade, ele poder\u00e1 anular o contrato, pelo simples argumento de que a lei prevalece sobre o contrato.<\/p>\n<p style=\"text-align: justify\">Com efeito, o art. 62, \u00a7 3\u00ba, I, da Lei de Licita\u00e7\u00f5es, que trata dos &#8220;contratos de seguro, de financiamento, de loca\u00e7\u00e3o em que o Poder P\u00fablico seja locat\u00e1rio, e aos demais cujo conte\u00fado seja regido, predominantemente, por norma de direito privado&#8221; prev\u00ea que se aplicam a estes contratos os arts. 55 e 58 a 61 da Lei 8.666\/93. O art. 58 versa sobre as cl\u00e1usulas exorbitantes, enquanto o 59 trata justamente das anula\u00e7\u00f5es.<\/p>\n<p style=\"text-align: justify\">Portanto, expressamente a Lei de Licita\u00e7\u00f5es determina, no art. 63, \u00a7 3\u00ba, I, que o art. 59 se aplica aos contratos regidos por normas de direito privado. E este, por sua vez, trata da declara\u00e7\u00e3o de nulidade contratual.<\/p>\n<p style=\"text-align: justify\">Dessa forma, prop\u00f5e-se a interposi\u00e7\u00e3o de recurso para anula\u00e7\u00e3o, utilizando como argumento o pr\u00f3prio texto da Lei de Licita\u00e7\u00f5es.<\/p>\n<p><strong>Gabarito:\u00a0 correto (recurso para alterar para errado).<\/strong><\/p>\n<p style=\"text-align: justify\"><strong>61 (Cespe \u2013 T\u00e9cnico\/MPU\/2018)<\/strong><\/p>\n<p style=\"padding-left: 30px;text-align: justify\"><span style=\"color: #0000ff\"><em>No que se refere ao controle da administra\u00e7\u00e3o p\u00fablica, julgue os itens seguintes.<\/em><\/span><\/p>\n<p style=\"padding-left: 30px;text-align: justify\"><span style=\"color: #0000ff\"><em>A administra\u00e7\u00e3o p\u00fablica pode revogar ato pr\u00f3prio discricion\u00e1rio, ainda que perfeitamente legal, simplesmente pelo fato de n\u00e3o mais o considerar conveniente ou oportuno.<\/em><\/span><\/p>\n<p style=\"text-align: justify\"><strong>Coment\u00e1rio<\/strong>: a revoga\u00e7\u00e3o \u00e9 um ato discricion\u00e1rio que incide sobre outro ato discricion\u00e1rio. Trata-se, ademais, de um controle sobre um ato v\u00e1lido, por quest\u00f5es de m\u00e9rito (conveni\u00eancia ou oportunidade. Portanto, \u00e9 sim cab\u00edvel a revoga\u00e7\u00e3o no caso da quest\u00e3o.<\/p>\n<p style=\"text-align: justify\"><strong>Gabarito:\u00a0 correto.<\/strong><\/p>\n<p style=\"text-align: justify\"><strong>62 (Cespe \u2013 T\u00e9cnico\/MPU\/2018)<\/strong><\/p>\n<p style=\"padding-left: 30px;text-align: justify\"><span style=\"color: #0000ff\"><em>Acerca de licita\u00e7\u00f5es, julgue os itens subsequentes.<\/em><\/span><\/p>\n<p style=\"padding-left: 30px;text-align: justify\"><span style=\"color: #0000ff\"><em>A licita\u00e7\u00e3o na modalidade de preg\u00e3o pode ser adotada para aquisi\u00e7\u00e3o de bens e servi\u00e7os comuns, que s\u00e3o aqueles cujos padr\u00f5es de desempenho e qualidade possam ser objetivamente definidos por edital, mediante especifica\u00e7\u00f5es usuais no mercado.<\/em><\/span><\/p>\n<p style=\"text-align: justify\"><strong>Coment\u00e1rio<\/strong>: de acordo com a Lei 10.520\/2002, \u201cpara aquisi\u00e7\u00e3o de bens e servi\u00e7os comuns, poder\u00e1 ser adotada a licita\u00e7\u00e3o na modalidade de preg\u00e3o, que ser\u00e1 regida por esta Lei\u201d. Portanto, o item est\u00e1 certo.<\/p>\n<p style=\"text-align: justify\">Alguns alunos podem questionar se, seguindo o Decreto 5.450\/2005, o item n\u00e3o deveria ser dado como errado, pois tal decreto trata como obrigat\u00f3ria a ado\u00e7\u00e3o da modalidade preg\u00e3o no \u00e2mbito federal (art. 4\u00ba).<\/p>\n<p style=\"text-align: justify\">No entanto, tal argumento n\u00e3o seria cab\u00edvel por dois motivos. Primeiro porque a quest\u00e3o n\u00e3o limitou se era no \u00e2mbito federal. Al\u00e9m disso, o Cespe costuma utilizar a express\u00e3o \u201cpode\u201d no sentido de ter a capacidade de fazer algo. Assim, o \u201cpode\u201d, nesse caso da quest\u00e3o, n\u00e3o est\u00e1 sendo adotado como uma mera faculdade, mas sim como um \u201cpoder\u201d, uma \u201cprerrogativa\u201d, uma \u201ccompet\u00eancia\u201d para fazer algo. Nesse aspecto, o item est\u00e1 mesmo correto.<\/p>\n<p style=\"text-align: justify\"><strong>Gabarito:\u00a0 correto.<\/strong><\/p>\n<p style=\"text-align: justify\"><strong>63 (Cespe \u2013 T\u00e9cnico\/MPU\/2018)<\/strong><\/p>\n<p style=\"padding-left: 30px;text-align: justify\"><em><span style=\"color: #0000ff\">Acerca de licita\u00e7\u00f5es, julgue os itens subsequentes.<\/span><\/em><\/p>\n<p style=\"padding-left: 30px;text-align: justify\"><em><span style=\"color: #0000ff\">Em casos de guerra ou de grave perturba\u00e7\u00e3o da ordem, \u00e9 inexig\u00edvel a licita\u00e7\u00e3o.<\/span><\/em><\/p>\n<p style=\"text-align: justify\"><strong>Coment\u00e1rio<\/strong>: nos casos de guerra ou grave perturba\u00e7\u00e3o da ordem a licita\u00e7\u00e3o ser\u00e1 dispens\u00e1vel e n\u00e3o inexig\u00edvel.<\/p>\n<p style=\"text-align: justify\"><strong>Gabarito: errado.<\/strong><\/p>\n<hr \/>\n<h2 style=\"text-align: justify\"><span style=\"color: #0000ff\">Quest\u00f5es de Analista<\/span><\/h2>\n<p style=\"text-align: justify\">Coment\u00e1rio em PDF:\u00a0<a href=\"https:\/\/www.estrategiaconcursos.com.br\/blog\/wp-content\/uploads\/2018\/10\/MPU-Analista-Gabarito-Extraoficial-1.pdf\" target=\"_blank\" rel=\"noopener\">Gabarito direito administrativo MPU &#8211; Analista<\/a><\/p>\n<p style=\"text-align: justify\">Coment\u00e1rio em v\u00eddeo do gabarito direito administrativo MPU:<\/p>\n<div class=\"lyte-wrapper\" style=\"width:853px;max-width:100%;margin:5px;\"><div class=\"lyMe qsa_\\&amp;start\\=9\" id=\"WYL_tSmirJViJbI\"><div id=\"lyte_tSmirJViJbI\" data-src=\"\/\/i.ytimg.com\/vi\/tSmirJViJbI\/hqdefault.jpg\" class=\"pL\"><div class=\"tC\"><div class=\"tT\"><\/div><\/div><div class=\"play\"><\/div><div class=\"ctrl\"><div class=\"Lctrl\"><\/div><div class=\"Rctrl\"><\/div><\/div><\/div><noscript><a href=\"https:\/\/youtu.be\/tSmirJViJbI\" rel=\"nofollow\"><img loading=\"lazy\" decoding=\"async\" src=\"https:\/\/i.ytimg.com\/vi\/tSmirJViJbI\/0.jpg\" alt=\"YouTube video thumbnail\" width=\"853\" height=\"460\" \/><br \/>Assista a este v\u00eddeo no YouTube<\/a><\/noscript><\/div><\/div><div class=\"lL\" style=\"max-width:100%;width:853px;margin:5px;\"><\/div><\/p>\n<p style=\"text-align: justify\"><strong>Coment\u00e1rio em texto:<\/strong><\/p>\n<h3 style=\"text-align: justify\"><span style=\"color: #0000ff\">Analista MPU \u2013 \u00c9tica<\/span><\/h3>\n<p style=\"text-align: justify\">A quest\u00e3o 28 ser\u00e1 abordada pelo Prof. Paulo Guimar\u00e3es. Por isso, n\u00e3o estar\u00e1 nos coment\u00e1rios a seguir.<\/p>\n<p style=\"text-align: justify\"><strong>27 (Cespe \u2013 Analista\/MPU\/2018)<\/strong><\/p>\n<p style=\"padding-left: 30px;text-align: justify\"><span style=\"color: #0000ff\"><em>Julgue os pr\u00f3ximos itens, com base na Lei n\u00ba 8.112\/1990 e na Portaria PGR\/MPU n\u00ba 98\/2017 \u2013 C\u00f3digo de \u00c9tica e de Conduta do Minist\u00e9rio P\u00fablico da Uni\u00e3o (MPU) e da Escola Superior do Minist\u00e9rio P\u00fablico da Uni\u00e3o (ESMPU).<\/em><\/span><\/p>\n<p style=\"padding-left: 30px;text-align: justify\"><span style=\"color: #0000ff\"><em>Al\u00e9m de ser uma viola\u00e7\u00e3o \u00e9tica, a inassiduidade habitual \u00e9 uma conduta pass\u00edvel de suspens\u00e3o por at\u00e9 noventa dias, conforme a Lei n\u00ba 8.112\/1990.<\/em><\/span><\/p>\n<p style=\"text-align: justify\"><strong>Coment\u00e1rio<\/strong>: a inassiduidade n\u00e3o enseja suspens\u00e3o, mas demiss\u00e3o, nos termos do art. 132 da Lei 8.112\/1990: \u201cart. 132.\u00a0 <strong><em>A demiss\u00e3o ser\u00e1 aplicada nos seguintes casos: III &#8211; inassiduidade habitual<\/em><\/strong>\u201d.<\/p>\n<p style=\"text-align: justify\"><strong>Gabarito: errado.<\/strong><\/p>\n<p style=\"text-align: justify\"><strong>29 (Cespe \u2013 Analista\/MPU\/2018)<\/strong><\/p>\n<p style=\"padding-left: 30px;text-align: justify\"><em><span style=\"color: #0000ff\">Julgue os pr\u00f3ximos itens, com base na Lei n\u00ba 8.112\/1990 e na Portaria PGR\/MPU n\u00ba 98\/2017 \u2013 C\u00f3digo de \u00c9tica e de Conduta do Minist\u00e9rio P\u00fablico da Uni\u00e3o (MPU) e da Escola Superior do Minist\u00e9rio P\u00fablico da Uni\u00e3o (ESMPU).<\/span><\/em><\/p>\n<p style=\"padding-left: 30px;text-align: justify\"><em><span style=\"color: #0000ff\">\u00c9 cab\u00edvel penalidade de suspens\u00e3o ao servidor que reincidir em faltas punidas com advert\u00eancia.<\/span><\/em><\/p>\n<p style=\"text-align: justify\"><strong>Coment\u00e1rio<\/strong>: perfeito! A <strong>suspens\u00e3o<\/strong> ser\u00e1 aplicada em caso de <strong>reincid\u00eancia das faltas punidas com advert\u00eancia<\/strong> e de viola\u00e7\u00e3o das demais proibi\u00e7\u00f5es que n\u00e3o tipifiquem infra\u00e7\u00e3o sujeita a penalidade de demiss\u00e3o, n\u00e3o podendo exceder de noventa dias (art. 130).<\/p>\n<p style=\"text-align: justify\"><strong>Gabarito: correto.<\/strong><\/p>\n<p style=\"text-align: justify\"><strong>30 (Cespe \u2013 Analista\/MPU\/2018)<\/strong><\/p>\n<p style=\"padding-left: 30px;text-align: justify\"><span style=\"color: #0000ff\"><em>No que se refere \u00e0 \u00e9tica no servi\u00e7o p\u00fablico, julgue os itens seguintes, \u00e0 luz do Disposto n\u00ba 1.171\/1994 (C\u00f3digo de \u00c9tica Profissional do Servi\u00e7o P\u00fablico).<\/em><\/span><\/p>\n<p style=\"padding-left: 30px;text-align: justify\"><span style=\"color: #0000ff\"><em>N\u00e3o descumpre o dever de respeito \u00e0 hierarquia o servidor que denunciar press\u00f5es de superiores hier\u00e1rquicos que visem obter vantagens indevidas.<\/em><\/span><\/p>\n<p style=\"text-align: justify\"><strong>Coment\u00e1rio<\/strong>: segundo o C\u00f3digo de \u00c9tica Profissional do Poder Executivo Federal:<\/p>\n<blockquote><p>XIV &#8211; S\u00e3o deveres fundamentais do servidor p\u00fablico: [&#8230;] i) resistir a todas as press\u00f5es de superiores hier\u00e1rquicos, de contratantes, interessados e outros que visem obter quaisquer favores, benesses ou vantagens indevidas em decorr\u00eancia de a\u00e7\u00f5es imorais, ilegais ou a\u00e9ticas e <strong>denunci\u00e1-las<\/strong>;<\/p><\/blockquote>\n<p style=\"text-align: justify\">Portanto, tal conduta n\u00e3o ofende a hierarquia e, pelo contr\u00e1rio, \u00e9 um dever do servidor denunciar este tipo de press\u00e3o.<\/p>\n<p style=\"text-align: justify\"><strong>Gabarito: correto.<\/strong><\/p>\n<p style=\"text-align: justify\"><strong>31 (Cespe \u2013 Analista\/MPU\/2018)<\/strong><\/p>\n<p style=\"padding-left: 30px;text-align: justify\"><span style=\"color: #0000ff\"><em>No que se refere \u00e0 \u00e9tica no servi\u00e7o p\u00fablico, julgue os itens seguintes, \u00e0 luz do Disposto n\u00ba 1.171\/1994 (C\u00f3digo de \u00c9tica Profissional do Servi\u00e7o P\u00fablico).<\/em><\/span><\/p>\n<p style=\"padding-left: 30px;text-align: justify\"><span style=\"color: #0000ff\"><em>Uma das regras deontol\u00f3gicas que regem a conduta dos servidores p\u00fablicos federais \u00e9 o esp\u00edrito de solidariedade, conforme o qual se espera que o servidor seja complacente em caso de erro ou infra\u00e7\u00e3o, pois a supera\u00e7\u00e3o de falhas representa uma oportunidade para o engrandecimento profissional dos servidores p\u00fablicos.<\/em><\/span><\/p>\n<p style=\"text-align: justify\"><strong>Coment\u00e1rio<\/strong>: \u00e9 <strong>vedado<\/strong> ao servidor <strong>p\u00fablico ser, em fun\u00e7\u00e3o de seu esp\u00edrito de solidariedade, conivente com erro ou infra\u00e7\u00e3o<\/strong> ao C\u00f3digo de \u00c9tica ou ao C\u00f3digo de \u00c9tica de sua profiss\u00e3o. Logo, ele n\u00e3o deve simplesmente ser complacente, pois n\u00e3o pode ser conivente com este tipo de conduta (C\u00f3digo de \u00c9tica, XV, \u201cc\u201d).<\/p>\n<p style=\"text-align: justify\"><strong>Gabarito: errado.<\/strong><\/p>\n<h3 style=\"text-align: justify\"><span style=\"color: #0000ff\">Gabarito Direito Administrativo MPU &#8211; Analista<\/span><\/h3>\n<p style=\"text-align: justify\"><strong>51 (Cespe \u2013 Analista\/MPU\/2018)<\/strong><\/p>\n<p style=\"padding-left: 30px;text-align: justify\"><em><span style=\"color: #0000ff\">No que se refere aos princ\u00edpios que regem o procedimento licitat\u00f3rio, julgue os itens a seguir, com base nas disposi\u00e7\u00f5es da Lei n\u00ba 8.666\/1993.<\/span><\/em><\/p>\n<p style=\"padding-left: 30px;text-align: justify\"><em><span style=\"color: #0000ff\">Dado o princ\u00edpio da competitividade, \u00e9 vedada, em licita\u00e7\u00f5es, a exig\u00eancia de qualifica\u00e7\u00e3o t\u00e9cnica.<\/span><\/em><\/p>\n<p style=\"text-align: justify\"><strong>Coment\u00e1rio<\/strong>: a exig\u00eancia de qualifica\u00e7\u00e3o t\u00e9cnica \u00e9, na verdade, uma das formas de habilita\u00e7\u00e3o constantes no art. 27 da Lei de Licita\u00e7\u00f5es, vejamos:<\/p>\n<blockquote><p><em>Art. 27.\u00a0 Para a habilita\u00e7\u00e3o nas licita\u00e7\u00f5es exigir-se-\u00e1 dos interessados, exclusivamente, documenta\u00e7\u00e3o relativa a:<\/em><\/p>\n<p><em>I &#8211; habilita\u00e7\u00e3o jur\u00eddica;<\/em><\/p>\n<p><em>II &#8211; <strong>qualifica\u00e7\u00e3o t\u00e9cnica<\/strong>;<\/em><\/p>\n<p><em>III &#8211; qualifica\u00e7\u00e3o econ\u00f4mico-financeira;<\/em><\/p>\n<p><em>IV \u2013 regularidade fiscal e trabalhista;<\/em><\/p>\n<p><em>V \u2013 cumprimento do disposto no\u00a0inciso XXXIII do art. 7o\u00a0da Constitui\u00e7\u00e3o Federal.<\/em><\/p><\/blockquote>\n<p style=\"text-align: justify\">Logo, o quesito est\u00e1 incorreto.<\/p>\n<p style=\"text-align: justify\"><strong>Gabarito: errado.<\/strong><\/p>\n<p style=\"text-align: justify\"><strong>52 (Cespe \u2013 Analista\/MPU\/2018)<\/strong><\/p>\n<p style=\"padding-left: 30px;text-align: justify\"><span style=\"color: #0000ff\"><em>No que se refere aos princ\u00edpios que regem o procedimento licitat\u00f3rio, julgue os itens a seguir, com base nas disposi\u00e7\u00f5es da Lei n\u00ba 8.666\/1993.<\/em><\/span><\/p>\n<p style=\"padding-left: 30px;text-align: justify\"><span style=\"color: #0000ff\"><em>O princ\u00edpio da veda\u00e7\u00e3o \u00e0 oferta de vantagens pro\u00edbe que licitante apresente benef\u00edcios n\u00e3o previstos no edital, inclusive financiamentos subsidiados e a fundo perdido.<\/em><\/span><\/p>\n<p style=\"text-align: justify\"><strong>Coment\u00e1rio<\/strong>: o princ\u00edpio da veda\u00e7\u00e3o \u00e0 oferta de vantagens \u00e9 correlato ao princ\u00edpio do julgamento objetivo e decorre do art. 44, \u00a7 2\u00ba, da Lei de Licita\u00e7\u00f5es, que disp\u00f5e que: \u201cn\u00e3o se considerar\u00e1 qualquer oferta de vantagem n\u00e3o prevista no edital ou no convite, inclusive financiamentos subsidiados ou a fundo perdido, nem pre\u00e7o ou vantagem baseada nas ofertas dos demais licitantes\u201d. Por exemplo: um licitante n\u00e3o pode oferecer uma proposta de \u201c5% de desconto sobre a proposta dos demais licitantes\u201d.<\/p>\n<p style=\"text-align: justify\">Logo, o licitante n\u00e3o pode ofertar esse tipo de vantagem, uma vez que elas n\u00e3o ser\u00e3o consideradas no julgamento.<\/p>\n<p style=\"text-align: justify\"><strong>Gabarito: correto.<\/strong><\/p>\n<p style=\"text-align: justify\">53 (Cespe \u2013 Analista\/MPU\/2018)<\/p>\n<p style=\"padding-left: 30px;text-align: justify\"><em><span style=\"color: #0000ff\">No que se refere aos princ\u00edpios que regem o procedimento licitat\u00f3rio, julgue os itens a seguir, com base nas disposi\u00e7\u00f5es da Lei n\u00ba 8.666\/1993.<\/span><\/em><\/p>\n<p style=\"padding-left: 30px;text-align: justify\"><em><span style=\"color: #0000ff\">Em regra, as provas de regularidade fiscal e trabalhista dos participantes nos processos licitat\u00f3rios s\u00e3o apresentadas na fase de habilita\u00e7\u00e3o.<\/span><\/em><\/p>\n<p style=\"text-align: justify\"><strong>Coment\u00e1rio<\/strong>: a apresenta\u00e7\u00e3o das provas da regularidade fiscal e trabalhista faz parte da fase de habilita\u00e7\u00e3o. Por isso, em regra, s\u00e3o comprovadas nesta fase. Logo, o item est\u00e1 certo, consoante art. 27, IV, e art. 29 da Lei de Licita\u00e7\u00f5es.<\/p>\n<p style=\"text-align: justify\">Ressalva-se, por\u00e9m, que em alguns casos a documenta\u00e7\u00e3o n\u00e3o \u00e9 apresentada nesta fase. Por exemplo, o licitante pode fazer o seu pr\u00e9vio cadastramento e, com isso, fornecer apenas o certificado de registro cadastral. Outra exce\u00e7\u00e3o trata das ME e EPP, que apresentam a documenta\u00e7\u00e3o no momento da habilita\u00e7\u00e3o, ainda que possuam irregularidade. Depois, se vencerem o certame, elas ter\u00e3o o prazo de cinco dias \u00fateis para a regulariza\u00e7\u00e3o da situa\u00e7\u00e3o (LC 123, art. 43).<\/p>\n<p style=\"text-align: justify\">Por\u00e9m, como afirmado na quest\u00e3o, a regra \u00e9 apresentar a prova da regularidade na fase de habilita\u00e7\u00e3o.<\/p>\n<p style=\"text-align: justify\"><strong>Gabarito direito administrativo MPU: correto.<\/strong><\/p>\n<p style=\"text-align: justify\"><strong>54 (Cespe \u2013 Analista\/MPU\/2018)<\/strong><\/p>\n<p style=\"padding-left: 30px;text-align: justify\"><em><span style=\"color: #0000ff\">Com base nos dispositivos do Decreto n\u00ba 7.892\/2013, que regulamenta o sistema de registro de pre\u00e7os, julgue o pr\u00f3ximo item.<\/span><\/em><\/p>\n<p style=\"padding-left: 30px;text-align: justify\"><em><span style=\"color: #0000ff\">Se o pre\u00e7o registrado por determinado fornecedor estiver acima do praticado pelo mercado, o registro de pre\u00e7o desse fornecedor ser\u00e1 cancelado caso ele n\u00e3o concorde em reduzir o pre\u00e7o.<\/span><\/em><\/p>\n<p style=\"text-align: justify\"><strong>Coment\u00e1rio<\/strong>: a resposta para esta quest\u00e3o \u00e9 encontrada nos arts. 18 e 20 do Decreto 7.892\/2016, vejamos:<\/p>\n<blockquote><p><em>Art. 18.\u00a0 Quando o pre\u00e7o registrado tornar-se superior ao pre\u00e7o praticado no mercado por motivo superveniente, o \u00f3rg\u00e3o gerenciador convocar\u00e1 os fornecedores para negociarem a redu\u00e7\u00e3o dos pre\u00e7os aos valores praticados pelo mercado.<\/em><\/p>\n<p><em>\u00a7 1\u00ba Os fornecedores que n\u00e3o aceitarem reduzir seus pre\u00e7os aos valores praticados pelo mercado ser\u00e3o liberados do compromisso assumido, sem aplica\u00e7\u00e3o de penalidade.<\/em><\/p>\n<p><em>Art. 20. \u00a0O registro do fornecedor ser\u00e1 cancelado quando: III &#8211; n\u00e3o aceitar reduzir o seu pre\u00e7o registrado, na hip\u00f3tese deste se tornar superior \u00e0queles praticados no mercado.<\/em><\/p><\/blockquote>\n<p style=\"text-align: justify\">Logo, de fato, os registros ser\u00e3o cancelados.<\/p>\n<p style=\"text-align: justify\"><strong>Gabarito direito administrativo MPU: correto.<\/strong><\/p>\n<p style=\"text-align: justify\"><strong>55 (Cespe \u2013 Analista\/MPU\/2018)<\/strong><\/p>\n<p style=\"padding-left: 30px;text-align: justify\"><em><span style=\"color: #0000ff\">Acerca da responsabilidade civil do Estado, julgue os seguintes itens.<\/span><\/em><\/p>\n<p style=\"padding-left: 30px;text-align: justify\"><em><span style=\"color: #0000ff\">Na hip\u00f3tese de preju\u00edzo gerado por ato omissivo de servidor p\u00fablico, a responsabilidade deste ser\u00e1 subjetiva.<\/span><\/em><\/p>\n<p style=\"text-align: justify\"><strong>Coment\u00e1rio<\/strong>: a responsabilidade por omiss\u00e3o \u00e9 subjetiva, pautada na teoria da culpa do servi\u00e7o. Assim, se a quest\u00e3o estivesse falando da responsabilidade do Estado, ela \u00e9 sim subjetiva no caso de omiss\u00e3o. Da mesma forma, tratando da responsabilidade do servidor (que \u00e9 a que a quest\u00e3o est\u00e1 tratando), a responsabilidade tamb\u00e9m \u00e9 subjetiva, em qualquer caso. Isso porque para mover a a\u00e7\u00e3o de regresso a CF exige dolo ou culpa do servidor (CF, art. 37, \u00a7 6\u00ba). Logo, o item est\u00e1 certo, pois a responsabilidade do servidor \u00e9 subjetiva.<\/p>\n<p style=\"text-align: justify\"><strong>Gabarito direito administrativo MPU: correto.<\/strong><\/p>\n<p style=\"text-align: justify\"><strong>56 (Cespe \u2013 Analista\/MPU\/2018)<\/strong><\/p>\n<p style=\"padding-left: 30px;text-align: justify\"><em><span style=\"color: #0000ff\">Acerca da responsabilidade civil do Estado, julgue os seguintes itens.<\/span><\/em><\/p>\n<p style=\"padding-left: 30px;text-align: justify\"><em><span style=\"color: #0000ff\">A v\u00edtima que busca repara\u00e7\u00e3o por dano causado por agente p\u00fablico poder\u00e1 escolher se a a\u00e7\u00e3o indenizat\u00f3ria ser\u00e1 proposta diretamente contra o Estado ou em litiscons\u00f3rcio passivo entre o Estado e o agente p\u00fablico causador do dano.<\/span><\/em><\/p>\n<p style=\"text-align: justify\"><strong>Coment\u00e1rio<\/strong>: esta quest\u00e3o ser\u00e1 pass\u00edvel de anula\u00e7\u00e3o, pois h\u00e1 bastante diverg\u00eancia sobre o tema.<\/p>\n<p style=\"text-align: justify\">O STF entende que n\u00e3o \u00e9 poss\u00edvel mover a a\u00e7\u00e3o diretamente contra o agente p\u00fablico, com base na teoria da dupla garantia, vejamos (RE 327.904):<\/p>\n<blockquote>\n<p style=\"text-align: justify\"><em>EMENTA: RECURSO EXTRAORDIN\u00c1RIO. ADMINISTRATIVO. RESPONSABILIDADE OBJETIVA DO ESTADO: \u00a7 6\u00ba DO ART. 37 DA MAGNA CARTA. ILEGITIMIDADE PASSIVA AD CAUSAM. AGENTE P\u00daBLICO (EX-PREFEITO). PR\u00c1TICA DE ATO PR\u00d3PRIO DA FUN\u00c7\u00c3O. DECRETO DE INTERVEN\u00c7\u00c3O. O \u00a7 6\u00ba do artigo 37 da Magna Carta autoriza a proposi\u00e7\u00e3o de que somente as pessoas jur\u00eddicas de direito p\u00fablico, ou as pessoas jur\u00eddicas de direito privado que prestem servi\u00e7os p\u00fablicos, \u00e9 que poder\u00e3o responder, objetivamente, pela repara\u00e7\u00e3o de danos a terceiros. Isto por ato ou omiss\u00e3o dos respectivos agentes, agindo estes na qualidade de agentes p\u00fablicos, e n\u00e3o como pessoas comuns. Esse mesmo dispositivo constitucional consagra, ainda, <strong>dupla garantia: uma, em favor do particular, possibilitando-lhe a\u00e7\u00e3o indenizat\u00f3ria contra a pessoa jur\u00eddica de direito p\u00fablico, ou de direito privado que preste servi\u00e7o p\u00fablico, dado que bem maior, praticamente certa, a possibilidade de pagamento do dano objetivamente sofrido. Outra garantia, no entanto, em prol do servidor estatal, que somente responde administrativa e civilmente perante a pessoa jur\u00eddica a cujo quadro funcional se vincular<\/strong>. Recurso extraordin\u00e1rio a que se nega provimento.<\/em><\/p>\n<\/blockquote>\n<p style=\"text-align: justify\">Logo, pelo entendimento do STF, a quest\u00e3o est\u00e1 errada. O mesmo posicionamento foi adotado pelo Cespe na quest\u00e3o abaixo (aplicada este ano), que foi considerada <span style=\"color: #ff0000\"><strong>errada<\/strong><\/span>:<\/p>\n<p style=\"padding-left: 60px;text-align: justify\"><span style=\"color: #0000ff\"><strong>(Cespe \u2013 Analista Judici\u00e1rio\/STM\/2018)<\/strong> Um servidor p\u00fablico federal que, no exerc\u00edcio de sua fun\u00e7\u00e3o, causar dano a terceiros poder\u00e1 ser demandado diretamente pela v\u00edtima em a\u00e7\u00e3o indenizat\u00f3ria.<\/span><\/p>\n<p style=\"text-align: justify\">Assim, por este motivo, entendo que a quest\u00e3o ser\u00e1 dada como errada novamente.<\/p>\n<p style=\"text-align: justify\">Se, no entanto, adotarmos o entendimento do STJ, a quest\u00e3o poder\u00e1 ser dada como correta, vejamos (REsp 1.325.862):<\/p>\n<blockquote>\n<p style=\"text-align: justify\"><em>1. O art. 37, \u00a7 6\u00ba, da CF\/1988 prev\u00ea uma garantia para o administrado de buscar a recomposi\u00e7\u00e3o dos danos sofridos diretamente da pessoa jur\u00eddica que, em princ\u00edpio, \u00e9 mais solvente que o servidor, independentemente de demonstra\u00e7\u00e3o de culpa do agente p\u00fablico. Vale dizer, a Constitui\u00e7\u00e3o, nesse particular, simplesmente imp\u00f5e \u00f4nus maior ao Estado decorrente do risco administrativo; n\u00e3o prev\u00ea, por\u00e9m, uma demanda de curso for\u00e7ado em face da Administra\u00e7\u00e3o P\u00fablica quando o particular livremente disp\u00f5e do b\u00f4nus contraposto. Tampouco confere ao agente p\u00fablico imunidade de n\u00e3o ser demandado diretamente por seus atos, o qual, ali\u00e1s, se ficar comprovado dolo ou culpa, responder\u00e1 de outra forma, em regresso, perante a Administra\u00e7\u00e3o.<\/em><\/p>\n<p style=\"text-align: justify\"><em><strong>2. Assim, h\u00e1 de se franquear ao particular a possibilidade de ajuizar a a\u00e7\u00e3o diretamente contra o servidor, suposto causador do dano, contra o Estado ou contra ambos, se assim desejar. A avalia\u00e7\u00e3o quanto ao ajuizamento da a\u00e7\u00e3o contra o servidor p\u00fablico ou contra o Estado deve ser decis\u00e3o do suposto lesado. Se, por um lado, o particular abre m\u00e3o do sistema de responsabilidade objetiva do Estado, por outro tamb\u00e9m n\u00e3o se sujeita ao regime de precat\u00f3rios.<\/strong> Doutrina e precedentes do STF e do STJ.<\/em><\/p>\n<\/blockquote>\n<p style=\"text-align: justify\">Portanto, apesar de acreditar que o Cespe vai considerar a quest\u00e3o incorreta, eu n\u00e3o me surpreenderia com uma quest\u00e3o como certa, j\u00e1 que se o avaliador seguiu o STJ, a quest\u00e3o ser\u00e1 dada como correta. Enfim, j\u00e1 fica aqui a quest\u00e3o pass\u00edvel de recurso.<\/p>\n<p style=\"text-align: justify\"><span style=\"color: #ff0000\"><strong>Gabarito: errado (cabe recurso).<\/strong><\/span><\/p>\n<p style=\"text-align: justify\"><strong>57 (Cespe \u2013 Analista\/MPU\/2018)<\/strong><\/p>\n<p style=\"padding-left: 30px;text-align: justify\"><em><span style=\"color: #0000ff\">Acerca de servi\u00e7os p\u00fablicos, julgue o item a seguir.<\/span><\/em><\/p>\n<p style=\"padding-left: 30px;text-align: justify\"><em><span style=\"color: #0000ff\">A encampa\u00e7\u00e3o \u00e9 a denomina\u00e7\u00e3o dada a uma forma de se extinguir a concess\u00e3o para a presta\u00e7\u00e3o de servi\u00e7o p\u00fablico e ocorre quando a concess\u00e3o \u00e9 extinta em decorr\u00eancia de atua\u00e7\u00e3o culposa do concession\u00e1rio.<\/span><\/em><\/p>\n<p style=\"text-align: justify\"><strong>Coment\u00e1rio<\/strong>: a encampa\u00e7\u00e3o \u00e9 a retomada do servi\u00e7o pelo poder concedente durante o prazo da concess\u00e3o, por motivo de interesse p\u00fablico, mediante lei autorizativa espec\u00edfica e ap\u00f3s pr\u00e9vio pagamento da indeniza\u00e7\u00e3o (Lei 8.987\/1995, art. 37). No caso de culpa da concession\u00e1ria, caberia a caducidade (art. 38).<\/p>\n<p style=\"text-align: justify\"><strong>Gabarito direito administrativo MPU: errado.<\/strong><\/p>\n<hr \/>\n<p style=\"text-align: justify\">\u00c9 isso a\u00ed, meus amigos! Espero que tenham gostado do nosso gabarito direito administrativo MPU e que\u00a0o resultado na prova tenha sido o esperado e que os nossos coment\u00e1rios possam contribuir na elabora\u00e7\u00e3o de recursos ou no processo de aprendizagem. \u00c0queles que continuar\u00e3o na batalha, coloco-me \u00e0 disposi\u00e7\u00e3o desde j\u00e1. Vamos que vamos!<\/p>\n<p style=\"text-align: justify\">Qualquer d\u00favida, \u00e9 s\u00f3 me procurar nas\u00a0redes sociais: Instagram:\u00a0<a href=\"https:\/\/www.instagram.com\/profherbertalmeida\/\" target=\"_blank\" rel=\"noopener\">@profherbertalmeida<\/a>\u00a0e Youtube:\u00a0<a href=\"https:\/\/www.youtube.com\/profherbertalmeida\" target=\"_blank\" rel=\"noopener\">\/profherbertalmeida<\/a><\/p>\n<p style=\"text-align: justify\" align=\"JUSTIFY\">Se preferir, basta escanear a tag a seguir pelo Instagram:<\/p>\n<p style=\"text-align: justify\" align=\"JUSTIFY\"><img loading=\"lazy\" decoding=\"async\" class=\"aligncenter wp-image-147761\" src=\"https:\/\/dhg1h5j42swfq.cloudfront.net\/2018\/10\/21102702\/tag-instagram-profherbertalmeida.jpeg\" alt=\"\" width=\"339\" height=\"364\" srcset=\"https:\/\/dhg1h5j42swfq.cloudfront.net\/2018\/10\/21102702\/tag-instagram-profherbertalmeida.jpeg 750w, https:\/\/dhg1h5j42swfq.cloudfront.net\/2018\/10\/21102702\/tag-instagram-profherbertalmeida.jpeg 280w, https:\/\/dhg1h5j42swfq.cloudfront.net\/2018\/10\/21102702\/tag-instagram-profherbertalmeida.jpeg 610w, https:\/\/dhg1h5j42swfq.cloudfront.net\/2018\/10\/21102702\/tag-instagram-profherbertalmeida.jpeg 120w\" sizes=\"auto, (max-width: 339px) 100vw, 339px\" \/><\/p>\n<h2 style=\"text-align: justify\">Ranking MPU &#8211; preencha o formul\u00e1rio!<\/h2>\n<p style=\"text-align: justify\">Como de costume, nos fins de semana de provas o Estrat\u00e9gia Concursos organiza um Ranking Classificat\u00f3rio para que os candidatos preencham seus gabaritos e confiram uma pr\u00e9via do que pode ser a sua nota no concurso e uma poss\u00edvel classifica\u00e7\u00e3o.<\/p>\n<p style=\"text-align: justify\">Gostar\u00edamos de te convidar a participar do Ranking MPU, uma boa oportunidade para voc\u00ea conferir qual foi o seu desempenho e ainda poder comparar com os dos outros candidatos. Muitos candidatos participam do ranking preenchendo o gabarito.<\/p>\n<p style=\"text-align: justify\">Com isso voc\u00ea consegue ainda ter uma no\u00e7\u00e3o de qual vai ser a nota de corte do certame.<\/p>\n<p style=\"text-align: justify\"><span style=\"font-size: 24pt\"><a href=\"https:\/\/goo.gl\/forms\/TZWw59fnThirn4vC3\" target=\"_blank\" rel=\"noopener\"><em><span style=\"text-decoration: underline\"><strong><span style=\"color: #ff0000;text-decoration: underline\">Preencha seu gabarito!<\/span><\/strong><\/span><\/em><\/a><br \/>\n<span style=\"font-size: 18pt\"><em>(Preencha somente uma vez)<\/em><\/span><\/span><\/p>\n<p style=\"text-align: justify\">Grande abra\u00e7o e at\u00e9 a pr\u00f3xima.<\/p>\n<p style=\"text-align: justify\" align=\"JUSTIFY\">Herbert Almeida<\/p>\n<p style=\"text-align: justify\" align=\"JUSTIFY\"><em>[gabarito direito administrativo MPU]<\/em><\/p>\n","protected":false},"excerpt":{"rendered":"<p>Gabarito Direito Administrativo MPU Fala, pessoal! Aqui \u00e9 o Prof. Herbert Almeida. J\u00e1 estou passando para comentar o gabarito direito administrativo MPU. Vou apresentar nosso popular gabarito extraoficial e (se for o caso) j\u00e1 indicarei as possibilidade de recursos. Inicialmente, vamos comentar as quest\u00f5es de Analista, mas assim que a prova de t\u00e9cnico sair voc\u00ea [&hellip;]<\/p>\n","protected":false},"author":129,"featured_media":0,"comment_status":"open","ping_status":"closed","sticky":false,"template":"","format":"standard","meta":{"post_tipo":"article","footnotes":""},"categories":[1],"tags":[],"tax_estado":[],"class_list":["post-147760","post","type-post","status-publish","format-standard","hentry","category-cursos-e-concursos"],"acf":[],"yoast_head":"<!-- This site is optimized with the Yoast SEO Premium plugin v27.2 (Yoast SEO v27.2) - https:\/\/yoast.com\/product\/yoast-seo-premium-wordpress\/ -->\n<title>Gabarito Direito Administrativo e \u00c9tica MPU - T\u00e9cnico e Analista - Com recursos<\/title>\n<meta name=\"description\" content=\"Gabarito Direito Administrativo MPU - T\u00e9cnico e Analista. Cebraspe Cespe. Coment\u00e1rio completo das quest\u00f5es e poss\u00edveis recursos.\" \/>\n<meta name=\"robots\" content=\"index, follow, max-snippet:-1, max-image-preview:large, max-video-preview:-1\" \/>\n<link rel=\"canonical\" href=\"https:\/\/www.estrategiaconcursos.com.br\/blog\/gabarito-direito-administrativo-e-etica-mpu-analista\/\" \/>\n<meta property=\"og:locale\" content=\"pt_BR\" \/>\n<meta property=\"og:type\" content=\"article\" \/>\n<meta property=\"og:title\" content=\"Gabarito Direito Administrativo e \u00c9tica MPU - T\u00e9cnico e Analista - Com recursos\" \/>\n<meta property=\"og:description\" content=\"Gabarito Direito Administrativo MPU - T\u00e9cnico e Analista. Cebraspe Cespe. Coment\u00e1rio completo das quest\u00f5es e poss\u00edveis recursos.\" \/>\n<meta property=\"og:url\" content=\"https:\/\/www.estrategiaconcursos.com.br\/blog\/gabarito-direito-administrativo-e-etica-mpu-analista\/\" \/>\n<meta property=\"og:site_name\" content=\"Estrat\u00e9gia Concursos\" \/>\n<meta property=\"article:published_time\" content=\"2018-10-23T23:57:23+00:00\" \/>\n<meta property=\"article:modified_time\" content=\"2018-10-24T00:57:31+00:00\" \/>\n<meta property=\"og:image\" content=\"https:\/\/www.estrategiaconcursos.com.br\/blog\/wp-content\/uploads\/2018\/10\/tag-instagram-profherbertalmeida.jpeg\" \/>\n<meta name=\"author\" content=\"Herbert Almeida\" \/>\n<meta name=\"twitter:card\" content=\"summary_large_image\" \/>\n<meta name=\"twitter:creator\" content=\"@EstratConcursos\" \/>\n<meta name=\"twitter:site\" content=\"@EstratConcursos\" \/>\n<meta name=\"twitter:label1\" content=\"Escrito por\" \/>\n\t<meta name=\"twitter:data1\" content=\"Herbert Almeida\" \/>\n\t<meta name=\"twitter:label2\" content=\"Est. tempo de leitura\" \/>\n\t<meta name=\"twitter:data2\" content=\"34 minutos\" \/>\n<script type=\"application\/ld+json\" class=\"yoast-schema-graph\">{\"@context\":\"https:\/\/schema.org\",\"@graph\":[{\"@type\":\"NewsArticle\",\"@id\":\"https:\/\/www.estrategiaconcursos.com.br\/blog\/gabarito-direito-administrativo-e-etica-mpu-analista\/#article\",\"isPartOf\":{\"@id\":\"https:\/\/www.estrategiaconcursos.com.br\/blog\/gabarito-direito-administrativo-e-etica-mpu-analista\/\"},\"author\":{\"name\":\"Herbert Almeida\",\"@id\":\"https:\/\/www.estrategiaconcursos.com.br\/blog\/#\/schema\/person\/59717c75350fa01aa0fd68a52a8d02e0\"},\"headline\":\"Gabarito Direito Administrativo e \u00c9tica MPU &#8211; T\u00e9cnico e Analista &#8211; Com recursos\",\"datePublished\":\"2018-10-23T23:57:23+00:00\",\"dateModified\":\"2018-10-24T00:57:31+00:00\",\"mainEntityOfPage\":{\"@id\":\"https:\/\/www.estrategiaconcursos.com.br\/blog\/gabarito-direito-administrativo-e-etica-mpu-analista\/\"},\"wordCount\":6740,\"commentCount\":15,\"publisher\":{\"@id\":\"https:\/\/www.estrategiaconcursos.com.br\/blog\/#organization\"},\"image\":{\"@id\":\"https:\/\/www.estrategiaconcursos.com.br\/blog\/gabarito-direito-administrativo-e-etica-mpu-analista\/#primaryimage\"},\"thumbnailUrl\":\"https:\/\/www.estrategiaconcursos.com.br\/blog\/wp-content\/uploads\/2018\/10\/tag-instagram-profherbertalmeida.jpeg\",\"articleSection\":[\"Concursos P\u00fablicos\"],\"inLanguage\":\"pt-BR\",\"potentialAction\":[{\"@type\":\"CommentAction\",\"name\":\"Comment\",\"target\":[\"https:\/\/www.estrategiaconcursos.com.br\/blog\/gabarito-direito-administrativo-e-etica-mpu-analista\/#respond\"]}],\"copyrightYear\":\"2018\",\"copyrightHolder\":{\"@id\":\"https:\/\/www.estrategiaconcursos.com.br\/blog\/#organization\"}},{\"@type\":\"WebPage\",\"@id\":\"https:\/\/www.estrategiaconcursos.com.br\/blog\/gabarito-direito-administrativo-e-etica-mpu-analista\/\",\"url\":\"https:\/\/www.estrategiaconcursos.com.br\/blog\/gabarito-direito-administrativo-e-etica-mpu-analista\/\",\"name\":\"Gabarito Direito Administrativo e \u00c9tica MPU - T\u00e9cnico e Analista - Com recursos\",\"isPartOf\":{\"@id\":\"https:\/\/www.estrategiaconcursos.com.br\/blog\/#website\"},\"primaryImageOfPage\":{\"@id\":\"https:\/\/www.estrategiaconcursos.com.br\/blog\/gabarito-direito-administrativo-e-etica-mpu-analista\/#primaryimage\"},\"image\":{\"@id\":\"https:\/\/www.estrategiaconcursos.com.br\/blog\/gabarito-direito-administrativo-e-etica-mpu-analista\/#primaryimage\"},\"thumbnailUrl\":\"https:\/\/www.estrategiaconcursos.com.br\/blog\/wp-content\/uploads\/2018\/10\/tag-instagram-profherbertalmeida.jpeg\",\"datePublished\":\"2018-10-23T23:57:23+00:00\",\"dateModified\":\"2018-10-24T00:57:31+00:00\",\"description\":\"Gabarito Direito Administrativo MPU - T\u00e9cnico e Analista. Cebraspe Cespe. Coment\u00e1rio completo das quest\u00f5es e poss\u00edveis recursos.\",\"breadcrumb\":{\"@id\":\"https:\/\/www.estrategiaconcursos.com.br\/blog\/gabarito-direito-administrativo-e-etica-mpu-analista\/#breadcrumb\"},\"inLanguage\":\"pt-BR\",\"potentialAction\":[{\"@type\":\"ReadAction\",\"target\":[\"https:\/\/www.estrategiaconcursos.com.br\/blog\/gabarito-direito-administrativo-e-etica-mpu-analista\/\"]}]},{\"@type\":\"ImageObject\",\"inLanguage\":\"pt-BR\",\"@id\":\"https:\/\/www.estrategiaconcursos.com.br\/blog\/gabarito-direito-administrativo-e-etica-mpu-analista\/#primaryimage\",\"url\":\"https:\/\/dhg1h5j42swfq.cloudfront.net\/2018\/10\/21102702\/tag-instagram-profherbertalmeida.jpeg\",\"contentUrl\":\"https:\/\/dhg1h5j42swfq.cloudfront.net\/2018\/10\/21102702\/tag-instagram-profherbertalmeida.jpeg\",\"width\":750,\"height\":804},{\"@type\":\"BreadcrumbList\",\"@id\":\"https:\/\/www.estrategiaconcursos.com.br\/blog\/gabarito-direito-administrativo-e-etica-mpu-analista\/#breadcrumb\",\"itemListElement\":[{\"@type\":\"ListItem\",\"position\":1,\"name\":\"In\u00edcio\",\"item\":\"https:\/\/www.estrategiaconcursos.com.br\/blog\/\"},{\"@type\":\"ListItem\",\"position\":2,\"name\":\"Gabarito Direito Administrativo e \u00c9tica MPU &#8211; T\u00e9cnico e Analista &#8211; Com recursos\"}]},{\"@type\":\"WebSite\",\"@id\":\"https:\/\/www.estrategiaconcursos.com.br\/blog\/#website\",\"url\":\"https:\/\/www.estrategiaconcursos.com.br\/blog\/\",\"name\":\"Estrat\u00e9gia Concursos\",\"description\":\"O blog da Estrat\u00e9gia Concursos traz not\u00edcias sobre concursos e artigos de professores oferecendo cursos para concursos (pdf + videaulas) no site.\",\"publisher\":{\"@id\":\"https:\/\/www.estrategiaconcursos.com.br\/blog\/#organization\"},\"potentialAction\":[{\"@type\":\"SearchAction\",\"target\":{\"@type\":\"EntryPoint\",\"urlTemplate\":\"https:\/\/www.estrategiaconcursos.com.br\/blog\/?s={search_term_string}\"},\"query-input\":{\"@type\":\"PropertyValueSpecification\",\"valueRequired\":true,\"valueName\":\"search_term_string\"}}],\"inLanguage\":\"pt-BR\"},{\"@type\":\"Organization\",\"@id\":\"https:\/\/www.estrategiaconcursos.com.br\/blog\/#organization\",\"name\":\"Estrat\u00e9gia Concursos\",\"url\":\"https:\/\/www.estrategiaconcursos.com.br\/blog\/\",\"logo\":{\"@type\":\"ImageObject\",\"inLanguage\":\"pt-BR\",\"@id\":\"https:\/\/www.estrategiaconcursos.com.br\/blog\/#\/schema\/logo\/image\/\",\"url\":\"https:\/\/dhg1h5j42swfq.cloudfront.net\/2025\/06\/03203428\/logo_concursos-1.jpg\",\"contentUrl\":\"https:\/\/dhg1h5j42swfq.cloudfront.net\/2025\/06\/03203428\/logo_concursos-1.jpg\",\"width\":230,\"height\":60,\"caption\":\"Estrat\u00e9gia Concursos\"},\"image\":{\"@id\":\"https:\/\/www.estrategiaconcursos.com.br\/blog\/#\/schema\/logo\/image\/\"},\"sameAs\":[\"https:\/\/x.com\/EstratConcursos\"]},{\"@type\":\"Person\",\"@id\":\"https:\/\/www.estrategiaconcursos.com.br\/blog\/#\/schema\/person\/59717c75350fa01aa0fd68a52a8d02e0\",\"name\":\"Herbert Almeida\",\"image\":{\"@type\":\"ImageObject\",\"inLanguage\":\"pt-BR\",\"@id\":\"https:\/\/secure.gravatar.com\/avatar\/b6461a43893c24d5fc91efc433971ffec025c84c0341129f4578034d77f9a536?s=96&d=mm&r=g\",\"url\":\"https:\/\/secure.gravatar.com\/avatar\/b6461a43893c24d5fc91efc433971ffec025c84c0341129f4578034d77f9a536?s=96&d=mm&r=g\",\"contentUrl\":\"https:\/\/secure.gravatar.com\/avatar\/b6461a43893c24d5fc91efc433971ffec025c84c0341129f4578034d77f9a536?s=96&d=mm&r=g\",\"caption\":\"Herbert Almeida\"},\"url\":\"https:\/\/www.estrategiaconcursos.com.br\/blog\/author\/herbertestrategiaconcursos-com-br\/\"}]}<\/script>\n<!-- \/ Yoast SEO Premium plugin. -->","yoast_head_json":{"title":"Gabarito Direito Administrativo e \u00c9tica MPU - T\u00e9cnico e Analista - Com recursos","description":"Gabarito Direito Administrativo MPU - T\u00e9cnico e Analista. Cebraspe Cespe. Coment\u00e1rio completo das quest\u00f5es e poss\u00edveis recursos.","robots":{"index":"index","follow":"follow","max-snippet":"max-snippet:-1","max-image-preview":"max-image-preview:large","max-video-preview":"max-video-preview:-1"},"canonical":"https:\/\/www.estrategiaconcursos.com.br\/blog\/gabarito-direito-administrativo-e-etica-mpu-analista\/","og_locale":"pt_BR","og_type":"article","og_title":"Gabarito Direito Administrativo e \u00c9tica MPU - T\u00e9cnico e Analista - Com recursos","og_description":"Gabarito Direito Administrativo MPU - T\u00e9cnico e Analista. Cebraspe Cespe. Coment\u00e1rio completo das quest\u00f5es e poss\u00edveis recursos.","og_url":"https:\/\/www.estrategiaconcursos.com.br\/blog\/gabarito-direito-administrativo-e-etica-mpu-analista\/","og_site_name":"Estrat\u00e9gia Concursos","article_published_time":"2018-10-23T23:57:23+00:00","article_modified_time":"2018-10-24T00:57:31+00:00","og_image":[{"url":"https:\/\/www.estrategiaconcursos.com.br\/blog\/wp-content\/uploads\/2018\/10\/tag-instagram-profherbertalmeida.jpeg","type":"","width":"","height":""}],"author":"Herbert Almeida","twitter_card":"summary_large_image","twitter_creator":"@EstratConcursos","twitter_site":"@EstratConcursos","twitter_misc":{"Escrito por":"Herbert Almeida","Est. tempo de leitura":"34 minutos"},"schema":{"@context":"https:\/\/schema.org","@graph":[{"@type":"NewsArticle","@id":"https:\/\/www.estrategiaconcursos.com.br\/blog\/gabarito-direito-administrativo-e-etica-mpu-analista\/#article","isPartOf":{"@id":"https:\/\/www.estrategiaconcursos.com.br\/blog\/gabarito-direito-administrativo-e-etica-mpu-analista\/"},"author":{"name":"Herbert Almeida","@id":"https:\/\/www.estrategiaconcursos.com.br\/blog\/#\/schema\/person\/59717c75350fa01aa0fd68a52a8d02e0"},"headline":"Gabarito Direito Administrativo e \u00c9tica MPU &#8211; T\u00e9cnico e Analista &#8211; Com recursos","datePublished":"2018-10-23T23:57:23+00:00","dateModified":"2018-10-24T00:57:31+00:00","mainEntityOfPage":{"@id":"https:\/\/www.estrategiaconcursos.com.br\/blog\/gabarito-direito-administrativo-e-etica-mpu-analista\/"},"wordCount":6740,"commentCount":15,"publisher":{"@id":"https:\/\/www.estrategiaconcursos.com.br\/blog\/#organization"},"image":{"@id":"https:\/\/www.estrategiaconcursos.com.br\/blog\/gabarito-direito-administrativo-e-etica-mpu-analista\/#primaryimage"},"thumbnailUrl":"https:\/\/www.estrategiaconcursos.com.br\/blog\/wp-content\/uploads\/2018\/10\/tag-instagram-profherbertalmeida.jpeg","articleSection":["Concursos P\u00fablicos"],"inLanguage":"pt-BR","potentialAction":[{"@type":"CommentAction","name":"Comment","target":["https:\/\/www.estrategiaconcursos.com.br\/blog\/gabarito-direito-administrativo-e-etica-mpu-analista\/#respond"]}],"copyrightYear":"2018","copyrightHolder":{"@id":"https:\/\/www.estrategiaconcursos.com.br\/blog\/#organization"}},{"@type":"WebPage","@id":"https:\/\/www.estrategiaconcursos.com.br\/blog\/gabarito-direito-administrativo-e-etica-mpu-analista\/","url":"https:\/\/www.estrategiaconcursos.com.br\/blog\/gabarito-direito-administrativo-e-etica-mpu-analista\/","name":"Gabarito Direito Administrativo e \u00c9tica MPU - T\u00e9cnico e Analista - Com recursos","isPartOf":{"@id":"https:\/\/www.estrategiaconcursos.com.br\/blog\/#website"},"primaryImageOfPage":{"@id":"https:\/\/www.estrategiaconcursos.com.br\/blog\/gabarito-direito-administrativo-e-etica-mpu-analista\/#primaryimage"},"image":{"@id":"https:\/\/www.estrategiaconcursos.com.br\/blog\/gabarito-direito-administrativo-e-etica-mpu-analista\/#primaryimage"},"thumbnailUrl":"https:\/\/www.estrategiaconcursos.com.br\/blog\/wp-content\/uploads\/2018\/10\/tag-instagram-profherbertalmeida.jpeg","datePublished":"2018-10-23T23:57:23+00:00","dateModified":"2018-10-24T00:57:31+00:00","description":"Gabarito Direito Administrativo MPU - T\u00e9cnico e Analista. Cebraspe Cespe. Coment\u00e1rio completo das quest\u00f5es e poss\u00edveis recursos.","breadcrumb":{"@id":"https:\/\/www.estrategiaconcursos.com.br\/blog\/gabarito-direito-administrativo-e-etica-mpu-analista\/#breadcrumb"},"inLanguage":"pt-BR","potentialAction":[{"@type":"ReadAction","target":["https:\/\/www.estrategiaconcursos.com.br\/blog\/gabarito-direito-administrativo-e-etica-mpu-analista\/"]}]},{"@type":"ImageObject","inLanguage":"pt-BR","@id":"https:\/\/www.estrategiaconcursos.com.br\/blog\/gabarito-direito-administrativo-e-etica-mpu-analista\/#primaryimage","url":"https:\/\/dhg1h5j42swfq.cloudfront.net\/2018\/10\/21102702\/tag-instagram-profherbertalmeida.jpeg","contentUrl":"https:\/\/dhg1h5j42swfq.cloudfront.net\/2018\/10\/21102702\/tag-instagram-profherbertalmeida.jpeg","width":750,"height":804},{"@type":"BreadcrumbList","@id":"https:\/\/www.estrategiaconcursos.com.br\/blog\/gabarito-direito-administrativo-e-etica-mpu-analista\/#breadcrumb","itemListElement":[{"@type":"ListItem","position":1,"name":"In\u00edcio","item":"https:\/\/www.estrategiaconcursos.com.br\/blog\/"},{"@type":"ListItem","position":2,"name":"Gabarito Direito Administrativo e \u00c9tica MPU &#8211; T\u00e9cnico e Analista &#8211; Com recursos"}]},{"@type":"WebSite","@id":"https:\/\/www.estrategiaconcursos.com.br\/blog\/#website","url":"https:\/\/www.estrategiaconcursos.com.br\/blog\/","name":"Estrat\u00e9gia Concursos","description":"O blog da Estrat\u00e9gia Concursos traz not\u00edcias sobre concursos e artigos de professores oferecendo cursos para concursos (pdf + videaulas) no site.","publisher":{"@id":"https:\/\/www.estrategiaconcursos.com.br\/blog\/#organization"},"potentialAction":[{"@type":"SearchAction","target":{"@type":"EntryPoint","urlTemplate":"https:\/\/www.estrategiaconcursos.com.br\/blog\/?s={search_term_string}"},"query-input":{"@type":"PropertyValueSpecification","valueRequired":true,"valueName":"search_term_string"}}],"inLanguage":"pt-BR"},{"@type":"Organization","@id":"https:\/\/www.estrategiaconcursos.com.br\/blog\/#organization","name":"Estrat\u00e9gia Concursos","url":"https:\/\/www.estrategiaconcursos.com.br\/blog\/","logo":{"@type":"ImageObject","inLanguage":"pt-BR","@id":"https:\/\/www.estrategiaconcursos.com.br\/blog\/#\/schema\/logo\/image\/","url":"https:\/\/dhg1h5j42swfq.cloudfront.net\/2025\/06\/03203428\/logo_concursos-1.jpg","contentUrl":"https:\/\/dhg1h5j42swfq.cloudfront.net\/2025\/06\/03203428\/logo_concursos-1.jpg","width":230,"height":60,"caption":"Estrat\u00e9gia Concursos"},"image":{"@id":"https:\/\/www.estrategiaconcursos.com.br\/blog\/#\/schema\/logo\/image\/"},"sameAs":["https:\/\/x.com\/EstratConcursos"]},{"@type":"Person","@id":"https:\/\/www.estrategiaconcursos.com.br\/blog\/#\/schema\/person\/59717c75350fa01aa0fd68a52a8d02e0","name":"Herbert Almeida","image":{"@type":"ImageObject","inLanguage":"pt-BR","@id":"https:\/\/secure.gravatar.com\/avatar\/b6461a43893c24d5fc91efc433971ffec025c84c0341129f4578034d77f9a536?s=96&d=mm&r=g","url":"https:\/\/secure.gravatar.com\/avatar\/b6461a43893c24d5fc91efc433971ffec025c84c0341129f4578034d77f9a536?s=96&d=mm&r=g","contentUrl":"https:\/\/secure.gravatar.com\/avatar\/b6461a43893c24d5fc91efc433971ffec025c84c0341129f4578034d77f9a536?s=96&d=mm&r=g","caption":"Herbert Almeida"},"url":"https:\/\/www.estrategiaconcursos.com.br\/blog\/author\/herbertestrategiaconcursos-com-br\/"}]}},"_links":{"self":[{"href":"https:\/\/www.estrategiaconcursos.com.br\/blog\/wp-json\/wp\/v2\/posts\/147760","targetHints":{"allow":["GET"]}}],"collection":[{"href":"https:\/\/www.estrategiaconcursos.com.br\/blog\/wp-json\/wp\/v2\/posts"}],"about":[{"href":"https:\/\/www.estrategiaconcursos.com.br\/blog\/wp-json\/wp\/v2\/types\/post"}],"author":[{"embeddable":true,"href":"https:\/\/www.estrategiaconcursos.com.br\/blog\/wp-json\/wp\/v2\/users\/129"}],"replies":[{"embeddable":true,"href":"https:\/\/www.estrategiaconcursos.com.br\/blog\/wp-json\/wp\/v2\/comments?post=147760"}],"version-history":[{"count":34,"href":"https:\/\/www.estrategiaconcursos.com.br\/blog\/wp-json\/wp\/v2\/posts\/147760\/revisions"}],"predecessor-version":[{"id":148694,"href":"https:\/\/www.estrategiaconcursos.com.br\/blog\/wp-json\/wp\/v2\/posts\/147760\/revisions\/148694"}],"wp:attachment":[{"href":"https:\/\/www.estrategiaconcursos.com.br\/blog\/wp-json\/wp\/v2\/media?parent=147760"}],"wp:term":[{"taxonomy":"category","embeddable":true,"href":"https:\/\/www.estrategiaconcursos.com.br\/blog\/wp-json\/wp\/v2\/categories?post=147760"},{"taxonomy":"post_tag","embeddable":true,"href":"https:\/\/www.estrategiaconcursos.com.br\/blog\/wp-json\/wp\/v2\/tags?post=147760"},{"taxonomy":"tax_estado","embeddable":true,"href":"https:\/\/www.estrategiaconcursos.com.br\/blog\/wp-json\/wp\/v2\/tax_estado?post=147760"}],"curies":[{"name":"wp","href":"https:\/\/api.w.org\/{rel}","templated":true}]}}