{"id":147726,"date":"2018-10-25T10:10:15","date_gmt":"2018-10-25T13:10:15","guid":{"rendered":"https:\/\/www.estrategiaconcursos.com.br\/blog\/?p=147726"},"modified":"2018-10-26T10:50:01","modified_gmt":"2018-10-26T13:50:01","slug":"ranking-mpu-gabarito-mpu","status":"publish","type":"post","link":"https:\/\/www.estrategiaconcursos.com.br\/blog\/ranking-mpu-gabarito-mpu\/","title":{"rendered":"Ranking MPU 2018: gabarito oficial \u00e9 publicado pelo Cespe e professores indicam recursos contra quest\u00f5es"},"content":{"rendered":"<p><span style=\"font-size: 18pt;\"><em><strong>Gabarito e Corre\u00e7\u00e3o da Prova MPU (T\u00e9cnico e Analista)<\/strong><\/em><\/span><\/p>\n<p>O gabarito oficial das provas do\u00a0concurso\u00a0do Minist\u00e9rio P\u00fablico da Uni\u00e3o, o MPU, foram publicados na \u00faltima ter\u00e7a-feira, 23 de outubro.\u00a0Com a divulga\u00e7\u00e3o dos gabaritos oficiais, os professores j\u00e1 come\u00e7aram a avaliar a interpreta\u00e7\u00e3o da banca\u00a0e indicar a voc\u00ea quest\u00f5es que s\u00e3o pass\u00edveis de recurso.<\/p>\n<p>As duas provas vieram cheias de problemas e alguns dos nossos professores j\u00e1 publicaram artigos no site com coment\u00e1rios e a elabora\u00e7\u00e3o dos recursos contra o gabarito preliminar.<\/p>\n<p>Como de costume, nos dias ap\u00f3s a aplica\u00e7\u00e3o de provas o Estrat\u00e9gia Concursos organiza um Ranking Classificat\u00f3rio para que os candidatos preencham seus gabaritos e confiram uma pr\u00e9via\u00a0 de sua poss\u00edvel classifica\u00e7\u00e3o no concurso.<\/p>\n<p>J\u00e1 est\u00e1 dispon\u00edvel nesta p\u00e1gina a lista de classifica\u00e7\u00e3o do Ranking Estrat\u00e9gico elaborado para quem prestou o concurso do MPU. <em><strong>Mais de 10 mil pessoas j\u00e1 cadastraram o seu gabarito no nosso formul\u00e1rio<\/strong><\/em> e, com isso, podem conferir a sua prov\u00e1vel posi\u00e7\u00e3o no certame.<\/p>\n<h2>Ranking MPU &#8211; preencha o formul\u00e1rio!<\/h2>\n<p>Se voc\u00ea ainda n\u00e3o preencheu o formul\u00e1rio, disponibilizamos abaixo o link para preenchimento. O Ranking MPU \u00e9 uma boa oportunidade para voc\u00ea conferir qual foi o seu desempenho e ainda poder comparar com os dos outros candidatos.<\/p>\n<p>Muitos candidatos participam do ranking preenchendo o gabarito. Com isso voc\u00ea consegue ainda ter uma no\u00e7\u00e3o de qual vai ser a nota de corte do certame.<\/p>\n<p style=\"text-align: center;\"><span style=\"font-size: 24pt;\"><a href=\"https:\/\/goo.gl\/forms\/TZWw59fnThirn4vC3\" target=\"_blank\" rel=\"noopener\"><em><span style=\"text-decoration: underline;\"><strong><span style=\"color: #ff0000; text-decoration: underline;\">Preencha o Gabarito MPU<\/span><\/strong><\/span><\/em><\/a><br \/>\n<span style=\"font-size: 18pt;\"><em>(Preencha somente uma vez)<\/em><\/span><\/span><\/p>\n<p style=\"padding-left: 30px;\"><span style=\"font-size: 18pt;\">Acesse:<\/span> <a href=\"https:\/\/docs.google.com\/spreadsheets\/d\/e\/2PACX-1vQF9rpBSVvDWZJxG7pszTfDPKChU9Intcz6l1aypLhKFReDw3FnM0_SmatrYN3djJnvOPxXsL80DmvU\/pubhtml\" target=\"_blank\" rel=\"noopener\"><span style=\"text-decoration: underline;\"><span style=\"font-size: 18pt;\"><em>Ranking &#8211; T\u00e9cnico<\/em><\/span><\/span><\/a><\/p>\n<p style=\"padding-left: 30px;\"><span style=\"font-size: 18pt;\">Acesse:<\/span> <a href=\"https:\/\/docs.google.com\/spreadsheets\/d\/e\/2PACX-1vSNoSG-1cFEgjA6N6i8w07ZslvmpJarV2G_cF1IXt_cpotKs0ywvyw6Ng9tRzq-wFBhD39M-SvmtXzI\/pubhtml\" target=\"_blank\" rel=\"noopener\"><span style=\"text-decoration: underline;\"><span style=\"font-size: 18pt;\"><em>Ranking &#8211; Analista<\/em><\/span><\/span><\/a><\/p>\n<p><span style=\"font-size: 24pt;\"><em><strong>Recursos<\/strong><\/em><\/span><\/p>\n<p><strong><span style=\"font-size: 18pt;\"><em>Analista<\/em><\/span><\/strong><br \/>\n<span style=\"font-size: 18pt;\"><em>Portugu\u00eas &#8211; <a href=\"https:\/\/www.estrategiaconcursos.com.br\/blog\/gabarito-extraoficial-mpu-portugues\/\" target=\"_blank\" rel=\"noopener\"><span style=\"text-decoration: underline;\">confira aqui!<\/span><\/a><br \/>\nProcesso do Trabalho &#8211; <a href=\"https:\/\/www.estrategiaconcursos.com.br\/blog\/mpu-direito-processual-do-trabalho-possibilidade-de-recurso\/\" target=\"_blank\" rel=\"noopener\"><span style=\"text-decoration: underline;\">confira aqui!<\/span><\/a><br \/>\nDireito Administrativo &#8211; <a href=\"https:\/\/www.estrategiaconcursos.com.br\/blog\/gabarito-direito-administrativo-e-etica-mpu-analista\/\" target=\"_blank\" rel=\"noopener\"><span style=\"text-decoration: underline;\">confira aqui!<\/span><\/a><br \/>\nAFO &#8211; <a href=\"https:\/\/www.estrategiaconcursos.com.br\/blog\/mpu-afo-questoes-comentadas\/\" target=\"_blank\" rel=\"noopener\"><span style=\"text-decoration: underline;\">confira aqui!<\/span><\/a><br \/>\nLegisla\u00e7\u00e3o MPU &#8211; <a href=\"https:\/\/www.estrategiaconcursos.com.br\/blog\/mpu-legislacao-do-mpu-analista-possibilidade-de-recurso\/\" target=\"_blank\" rel=\"noopener\"><span style=\"text-decoration: underline;\">confira aqui!<\/span><\/a><br \/>\n<\/em><\/span><\/p>\n<p><span style=\"font-size: 18pt;\"><em><strong>T\u00e9cnico<\/strong><\/em><\/span><br \/>\n<span style=\"font-size: 18pt;\"><em>Portugu\u00eas &#8211; <a href=\"https:\/\/www.estrategiaconcursos.com.br\/blog\/gabarito-extraoficial-mpu-portugues\/\" target=\"_blank\" rel=\"noopener\"><span style=\"text-decoration: underline;\">confira aqui!<\/span><\/a><br \/>\nAFO &#8211; <\/em><\/span><a href=\"https:\/\/www.estrategiaconcursos.com.br\/blog\/mpu-afo-questoes-comentadas\/\" target=\"_blank\" rel=\"noopener\"><span style=\"text-decoration: underline;\"><span style=\"font-size: 18pt;\"><em>confira aqui!<\/em><\/span><\/span><\/a><br \/>\n<span style=\"font-size: 18pt;\"><em>Direito Administrativo &#8211; <a href=\"https:\/\/www.estrategiaconcursos.com.br\/blog\/gabarito-direito-administrativo-e-etica-mpu-analista\/\" target=\"_blank\" rel=\"noopener\"><span style=\"text-decoration: underline;\">confira aqui!<\/span><\/a><br \/>\nAdministra\u00e7\u00e3o &#8211; <a href=\"https:\/\/www.estrategiaconcursos.com.br\/blog\/recursos-administracao-mpu-tecnico\/\" target=\"_blank\" rel=\"noopener\"><span style=\"text-decoration: underline;\">confira aqui!<\/span><\/a><\/em><\/span><\/p>\n<h2>Gabarito MPU (Analista e T\u00e9cnico)<\/h2>\n<p>Abaixo, voc\u00ea confere como foi a Corre\u00e7\u00e3o da Prova do concurso MPU, realizada pelos professores na noite do domingo. Foram duas transmiss\u00f5es simult\u00e2neas, uma em que foi corrigida a prova de Analista e a outra corrigindo a prova de T\u00e9cnico.<\/p>\n<p>E se voc\u00ea n\u00e3o p\u00f4de acompanhar ao vivo, n\u00e3o deixe de assistir \u00e0 reprise da Corre\u00e7\u00e3o da Prova, pois os nossos professores analisaram item a item e podem te auxiliar indicando quest\u00f5es pass\u00edveis de serem anuladas.<\/p>\n<p style=\"text-align: center;\"><span style=\"font-size: 18pt;\"><em>Ap\u00f3s os v\u00eddeos, gabarito quest\u00e3o a quest\u00e3o!<\/em><\/span><\/p>\n<div class=\"lyte-wrapper\" style=\"width:853px;max-width:100%;margin:5px;\"><div class=\"lyMe\" id=\"WYL_3wXPe8XaMbo\"><div id=\"lyte_3wXPe8XaMbo\" data-src=\"\/\/i.ytimg.com\/vi\/3wXPe8XaMbo\/hqdefault.jpg\" class=\"pL\"><div class=\"tC\"><div class=\"tT\"><\/div><\/div><div class=\"play\"><\/div><div class=\"ctrl\"><div class=\"Lctrl\"><\/div><div class=\"Rctrl\"><\/div><\/div><\/div><noscript><a href=\"https:\/\/youtu.be\/3wXPe8XaMbo\" rel=\"nofollow\"><img loading=\"lazy\" decoding=\"async\" src=\"https:\/\/i.ytimg.com\/vi\/3wXPe8XaMbo\/0.jpg\" alt=\"YouTube video thumbnail\" width=\"853\" height=\"460\" \/><br \/>Assista a este v\u00eddeo no YouTube<\/a><\/noscript><\/div><\/div><div class=\"lL\" style=\"max-width:100%;width:853px;margin:5px;\"><\/div><\/p>\n<div class=\"lyte-wrapper\" style=\"width:853px;max-width:100%;margin:5px;\"><div class=\"lyMe\" id=\"WYL_dVmL8XQh7R0\"><div id=\"lyte_dVmL8XQh7R0\" data-src=\"\/\/i.ytimg.com\/vi\/dVmL8XQh7R0\/hqdefault.jpg\" class=\"pL\"><div class=\"tC\"><div class=\"tT\"><\/div><\/div><div class=\"play\"><\/div><div class=\"ctrl\"><div class=\"Lctrl\"><\/div><div class=\"Rctrl\"><\/div><\/div><\/div><noscript><a href=\"https:\/\/youtu.be\/dVmL8XQh7R0\" rel=\"nofollow\"><img loading=\"lazy\" decoding=\"async\" src=\"https:\/\/i.ytimg.com\/vi\/dVmL8XQh7R0\/0.jpg\" alt=\"YouTube video thumbnail\" width=\"853\" height=\"460\" \/><br \/>Assista a este v\u00eddeo no YouTube<\/a><\/noscript><\/div><\/div><div class=\"lL\" style=\"max-width:100%;width:853px;margin:5px;\"><\/div><\/p>\n<p><span style=\"font-size: 18pt;\"><em>ATEN\u00c7\u00c3O: a prova corrigida pelos professores ser\u00e1 esta vers\u00e3o. Atente ao modelo de quest\u00e3o que voc\u00ea respondeu e compare os enunciados.<\/em><\/span><\/p>\n<p><span style=\"font-size: 18pt;\"><em>Baixe a vers\u00e3o corrigida!\u00a0<a href=\"https:\/\/www.estrategiaconcursos.com.br\/blog\/wp-content\/uploads\/2018\/10\/Prova-T\u00e9cnico-MPU.pdf\" target=\"_blank\" rel=\"noopener\"><span style=\"text-decoration: underline;\"><strong>T\u00e9cnico MPU<\/strong><\/span><\/a><\/em><\/span><\/p>\n<p><span style=\"font-size: 24pt;\"><strong><em>Gabarito MPU &#8211; T\u00e9cnico<\/em><\/strong><\/span><\/p>\n<p><strong><span style=\"font-size: 18pt;\"><em>Portugu\u00eas <\/em><\/span><em>(confira o in\u00edcio do enunciado)<\/em><\/strong><span style=\"font-size: 18pt;\"><em><br \/>\n01 &#8211; <strong>CERTO<\/strong><\/em><\/span><em> (De acordo com o texto, a heran\u00e7a cultural&#8230;)<\/em><span style=\"font-size: 18pt;\"><em><br \/>\n02 &#8211; <strong>ERRADO<\/strong><\/em><\/span><em> (Um dos principais desencadeadores&#8230;)<\/em><span style=\"font-size: 18pt;\"><em><br \/>\n03 &#8211; <strong>ERRADO <\/strong><\/em><\/span><em>(A cultura \u00e9 um fator que limita&#8230;)<\/em><span style=\"font-size: 18pt;\"><em><br \/>\n04 &#8211; <strong>CERTO <\/strong><\/em><\/span><em>(Na linha 4, a corre\u00e7\u00e3o do texto seria&#8230;)<\/em><span style=\"font-size: 18pt;\"><em><br \/>\n05 &#8211; <strong>CERTO <\/strong><\/em><\/span><em>(No texto, a palavra &#8220;depreciando&#8221;&#8230;)<\/em><span style=\"font-size: 18pt;\"><em><br \/>\n06 &#8211; <strong>ERRADO <\/strong><\/em><\/span><em>(O trecho, &#8220;tomar conhecimento&#8221;&#8230;)<\/em><span style=\"font-size: 18pt;\"><em><br \/>\n07 &#8211; <strong>ERRADO <\/strong><\/em><\/span><em>(No pen\u00faltimo per\u00edodo do texto,&#8230;)<\/em><span style=\"font-size: 18pt;\"><em><br \/>\n08 &#8211; <strong>CERTO <\/strong><\/em><\/span><em>(A inser\u00e7\u00e3o de uma v\u00edrgula ap\u00f3s &#8220;global&#8221;&#8230;)<\/em><span style=\"font-size: 18pt;\"><em><br \/>\n09 &#8211; <strong>ERRADO<\/strong> <\/em><\/span><em>(Em &#8220;servindo-nos&#8221; (l.3, o pronome n\u00f3s&#8230;)<\/em><span style=\"font-size: 18pt;\"><em><br \/>\n10 &#8211; <strong>ERRADO<\/strong> <\/em><\/span><em>(O texto informa que, em 2002, entrou&#8230;)<\/em><span style=\"font-size: 18pt;\"><em><br \/>\n11 &#8211; <strong>ERRADO<\/strong> <\/em><\/span><em>(Depreende-se do texto que a cota eleitoral&#8230;)<\/em><span style=\"font-size: 18pt;\"><em><br \/>\n12 &#8211; <strong>CERTO<\/strong> <\/em><\/span><em>(As medidas a que se refere o terceiro par\u00e1grafo&#8230;)<\/em><span style=\"font-size: 18pt;\"><em><br \/>\n13 &#8211; <strong>CERTO<\/strong> <\/em><\/span><em>(Conforme o terceiro par\u00e1grafo do texto&#8230;)<\/em><span style=\"font-size: 18pt;\"><em><br \/>\n14 &#8211; <strong>ERRADO<\/strong> <\/em><\/span><em>(O trecho &#8220;para a Elimina\u00e7\u00e3o de Todas as&#8230;&#8221;)<\/em><span style=\"font-size: 18pt;\"><em><br \/>\n15 &#8211; <strong>CERTO<\/strong> <\/em><\/span><em>(Mantendo-se a corre\u00e7\u00e3o gramatical e os sentidos&#8230;)<\/em><span style=\"font-size: 18pt;\"><em><br \/>\n16 &#8211; <strong>CERTO<\/strong> <\/em><\/span><em>(A substitui\u00e7\u00e3o de &#8220;e suprimir&#8221; (l. 17) &#8230;)<\/em><span style=\"font-size: 18pt;\"><em><br \/>\n17 &#8211; <strong>CERTO<\/strong> <\/em><\/span><em>(Seria gramaticalmente correta a substitui\u00e7\u00e3o de&#8230;)<\/em><span style=\"font-size: 18pt;\"><em><br \/>\n<\/em><\/span><\/p>\n<p><span style=\"font-size: 18pt;\"><em><strong>Acessibilidade<\/strong><br \/>\n18 &#8211; <strong>CERTO<\/strong><\/em><\/span> <em>(Projetos que busquem benef\u00edcios de recursos&#8230;)<\/em><span style=\"font-size: 18pt;\"><em><br \/>\n19 &#8211; <strong>ERRADO<\/strong> <\/em><\/span><em>(As pol\u00edticas p\u00fablicas, desde sua concep\u00e7\u00e3o&#8230;)<\/em><span style=\"font-size: 18pt;\"><em><br \/>\n20 &#8211; <strong>CERTO<\/strong> <\/em><\/span><em>(O recebimento de cobran\u00e7a de tributo em formato&#8230;)<\/em><span style=\"font-size: 18pt;\"><em><br \/>\n21 &#8211; <strong>ERRADO<\/strong> <\/em><\/span><em>(Em aten\u00e7\u00e3o ao direito de acesso a informa\u00e7\u00e3o&#8230;)<\/em><span style=\"font-size: 18pt;\"><em><br \/>\n<\/em><\/span><\/p>\n<p><span style=\"font-size: 18pt;\"><em><strong>\u00c9tica<\/strong><br \/>\n22 &#8211; <strong>CERTO<\/strong><\/em><\/span><em> (Segundo Arist\u00f3teles, \u00e9 preciso identificar entre as a\u00e7\u00f5es&#8230;)<\/em><span style=\"font-size: 18pt;\"><em><br \/>\n23 &#8211; <strong>CERTO<\/strong> <\/em><\/span><em>(Segundo Arist\u00f3teles, a prodigalidade e a mesquinhez&#8230;)<\/em><span style=\"font-size: 18pt;\"><em><br \/>\n24 &#8211; <strong>CERTO<\/strong> <\/em><\/span><em>(Considerando-se as premissas de Arist\u00f3teles, \u00e9 correto&#8230;)<\/em><span style=\"font-size: 18pt;\"><em><br \/>\n25 &#8211; <strong>ERRADO<\/strong> <\/em><\/span><em>(O indiv\u00edduo pr\u00f3digo do modelo aristot\u00e9lico&#8230;)<\/em><span style=\"font-size: 18pt;\"><em><br \/>\n26 &#8211; <strong>ERRADO<\/strong> <\/em><\/span><em>(Servidores p\u00fablicos s\u00e3o orientados a agir&#8230;)<\/em><span style=\"font-size: 18pt;\"><em><br \/>\n27 &#8211; <strong>ERRADO<\/strong> <\/em><\/span><em>(Os princ\u00edpios que regem esse c\u00f3digo de \u00e9tica&#8230;)<\/em><span style=\"font-size: 18pt;\"><em><br \/>\n28 &#8211; <strong>ERRADO<\/strong> <\/em><\/span><em>(O referido c\u00f3digo de \u00e9tica aplica-se&#8230;)<\/em><span style=\"font-size: 18pt;\"><em><br \/>\n<\/em><\/span><\/p>\n<p><span style=\"font-size: 18pt;\"><em><strong>\u00c9tica (parte legisla\u00e7\u00e3o)<\/strong><br \/>\n29 &#8211; <strong>CERTO<\/strong> <\/em><\/span><em>(Constitui dever fundamental do servidor&#8230;)<\/em><span style=\"font-size: 18pt;\"><em><br \/>\n30 &#8211; <strong>ERRADO<\/strong> <\/em><\/span><em>(A referida lei prev\u00ea pena de suspens\u00e3o&#8230;)<\/em><span style=\"font-size: 18pt;\"><em><br \/>\n31 &#8211; <strong>CERTO<\/strong> <\/em><\/span><em>(A conduta do servidor que conduzia&#8230;)<\/em><span style=\"font-size: 18pt;\"><em><br \/>\n<\/em><\/span><\/p>\n<p><strong><span style=\"font-size: 18pt;\"><em>Legisla\u00e7\u00e3o MPU<\/em><\/span><\/strong><br \/>\n<span style=\"font-size: 18pt;\"><em>32 &#8211; <strong>CERTO<\/strong> <\/em><\/span><em>(O controle da atividade policial exercido pelo MPU&#8230;)<\/em><br \/>\n<span style=\"font-size: 18pt;\"><em>33 &#8211; <strong>ERRADO<\/strong><\/em><\/span><em> (O diretor geral da secretaria do MPU&#8230;)<\/em><br \/>\n<span style=\"font-size: 18pt;\"><em>34 &#8211;\u00a0<strong>ERRADO<\/strong><\/em><\/span><em> (A san\u00e7\u00e3o disciplinar de advert\u00eancia para membro do MPU&#8230;)<\/em><br \/>\n<span style=\"font-size: 18pt;\"><em>35 &#8211;\u00a0<strong>ERRADO<\/strong><\/em><\/span><em> (Autoriza\u00e7\u00e3o para que membro do MPU se afaste&#8230;)<\/em><br \/>\n<span style=\"font-size: 18pt;\"><em>36 &#8211; <strong>CERTO<\/strong><\/em><\/span><em> (O princ\u00edpio da independ\u00eancia funcional refere-se&#8230;)<\/em><br \/>\n<span style=\"font-size: 18pt;\"><em>37 <strong>&#8211; ERRADO<\/strong><\/em><\/span><em> (Ao propor ao poder legislativo a cria\u00e7\u00e3o&#8230;)<\/em><br \/>\n<span style=\"font-size: 18pt;\"><em>38 <strong>&#8211; ERRADO<\/strong><\/em><\/span><em> (A autonomia financeira do Minist\u00e9rio P\u00fablic0&#8230;)<\/em><br \/>\n<span style=\"font-size: 18pt;\"><em>39 <strong>&#8211; ERRADO<\/strong> <\/em><\/span><em>(O Minist\u00e9rio P\u00fablico que atua no Tribunal de Contas da Uni\u00e3o&#8230;)\u00a0<\/em><br \/>\n<span style=\"font-size: 18pt;\"><em>40 <strong>&#8211; CERTO<\/strong> <\/em><\/span><em>(Institui\u00e7\u00e3o permanente e essencial \u00e0 justi\u00e7a&#8230;)<\/em><br \/>\n<span style=\"font-size: 18pt;\"><em>41 &#8211;<strong> CERTO<\/strong><\/em><\/span><em> (Somente integrantes de carreira do MPU podem ser nomeados&#8230;)<\/em><br \/>\n<span style=\"font-size: 18pt;\"><em>42 &#8211; <strong>CERTO<\/strong> <\/em><\/span><em>(O governador de estado nomeia o procurador-geral do Minist\u00e9rio&#8230;)<\/em><br \/>\n<span style=\"font-size: 18pt;\"><em>43 &#8211; <strong>CERTO<\/strong> <\/em><\/span><em>(\u00c9 vedado aos membros do Minist\u00e9rio P\u00fablico o exerc\u00edcio da advocacia&#8230;)<\/em><br \/>\n<span style=\"font-size: 18pt;\"><em>44 &#8211; <strong>CERTO<\/strong><\/em><\/span><em> (O CNMP pode avocar processos disciplinares em curso&#8230;)<\/em><br \/>\n<span style=\"font-size: 18pt;\"><em>45 &#8211; <strong>ERRADO<\/strong> <\/em><\/span><em>(O CNMP \u00e9 compostos de membros dos Minist\u00e9rios P\u00fablicos dos estados&#8230;)<\/em><span style=\"font-size: 18pt;\"><em><br \/>\n<\/em><\/span><\/p>\n<p><span style=\"font-size: 18pt;\"><em><strong>Promo\u00e7\u00e3o da Igualdade Racial<\/strong><br \/>\n46 &#8211; <strong>ERRADO<\/strong><\/em><\/span> <em>(A reserva de vagas para candidatos negros&#8230;)<\/em><span style=\"font-size: 18pt;\"><em><br \/>\n47 &#8211; <strong>ERRADO<\/strong><\/em><\/span><em> (Embora a liberdade religiosa garantida&#8230;)<\/em><span style=\"font-size: 18pt;\"><em><br \/>\n48 &#8211; <strong>CERTO<\/strong><\/em><\/span><em> (O indiv\u00edduo que cometer ato discriminat\u00f3rio contra&#8230;)<\/em><span style=\"font-size: 18pt;\"><em><br \/>\n49 &#8211; <strong>CERTO<\/strong> <\/em><\/span><em>(A legisla\u00e7\u00e3o admite que as pessoas remanescentes&#8230;)<\/em><span style=\"font-size: 18pt;\"><em><br \/>\n50 &#8211; <strong>CERTO<\/strong> <\/em><\/span><em>(O Estatuto da Igualdade Racial compreende um conjunto&#8230;)<\/em><span style=\"font-size: 18pt;\"><em><br \/>\n<\/em><\/span><\/p>\n<p><span style=\"font-size: 18pt;\"><em><strong>Direito Administrativo<\/strong><br \/>\n51 &#8211; <strong>ERRADO<\/strong><\/em><\/span><em> (O concurso p\u00fablico foi necess\u00e1rio porque se tratava de provimento&#8230;)<\/em><span style=\"font-size: 18pt;\"><em><br \/>\n52 &#8211; <strong>CERTO<\/strong> <\/em><\/span><em>(Com a posse, os aprovados ser\u00e3o investidos no cargo p\u00fablico&#8230;)<\/em><span style=\"font-size: 18pt;\"><em><br \/>\n53 &#8211; <strong>ERRADO<\/strong><\/em><\/span><em> (O cargo p\u00fablico em quest\u00e3o poderia ter sido&#8230;)<\/em><span style=\"font-size: 18pt;\"><em><br \/>\n54 &#8211; <strong>CERTO<\/strong><\/em><\/span><em> (O recurso administrativo dever\u00e1 ser dirigido \u00e0 autoridade que proferiu&#8230;)<\/em><span style=\"font-size: 18pt;\"><em><br \/>\n55 &#8211; <strong>ERRADO<\/strong><\/em><\/span><em> (Apenas a sociedade multada poder\u00e1 interpor&#8230;)<\/em><span style=\"font-size: 18pt;\"><em><br \/>\n56 &#8211; <strong>CERTO<\/strong><\/em><\/span><em> (A autoridade legalmente compete para julgar o recurso&#8230;)<\/em><span style=\"font-size: 18pt;\"><em><br \/>\n57 &#8211; <strong>ERRADO<\/strong><\/em><\/span><em> (O n\u00e3o atendimento \u00e0 intima\u00e7\u00e3o para comparecimento&#8230;)<\/em><span style=\"font-size: 18pt;\"><em><br \/>\n58 &#8211; <strong>ERRADO<\/strong> <\/em><\/span><em>(Caso a lei seja silente, para que o recurso administrativo&#8230;)<\/em><span style=\"font-size: 18pt;\"><em><br \/>\n59 &#8211; <strong>ERRADO<\/strong> (pol\u00eamica)<\/em><\/span><em> (Controle interno se refere, sempre, a atos de natureza administrativa&#8230;)<\/em><span style=\"font-size: 18pt;\"><em><br \/>\n60 &#8211; <strong>ERRADO<\/strong><\/em><\/span><em> (Contrato de direito privado firmado em igualdade&#8230;)<\/em><span style=\"font-size: 18pt;\"><em><br \/>\n61 &#8211; <strong>CERTO<\/strong><\/em><\/span><em> (A administra\u00e7\u00e3o p\u00fablica pode revogar ato pr\u00f3prio discricion\u00e1rio&#8230;)<\/em><span style=\"font-size: 18pt;\"><em><br \/>\n62 &#8211; <strong>CERTO<\/strong> <\/em><\/span><em>(A licita\u00e7\u00e3o na modalidade de preg\u00e3o pode ser adotada&#8230;)<\/em><span style=\"font-size: 18pt;\"><em><br \/>\n63 &#8211; <strong>ERRADO<\/strong> <\/em><\/span><em>(Em casos de guerra ou de grave perturba\u00e7\u00e3o da ordem&#8230;)<\/em><span style=\"font-size: 18pt;\"><em><br \/>\n<\/em><\/span><\/p>\n<p><span style=\"font-size: 18pt;\"><em>Direito Constitucional<br \/>\n64 &#8211; <strong>ERRADO<\/strong><\/em><\/span><em> (Policiais t\u00eam a prerrogativa de adentrar na casa&#8230;)<\/em><span style=\"font-size: 18pt;\"><em><br \/>\n65 &#8211; <strong>ERRADO<\/strong><\/em><\/span><em> ( \u00c9 vedada ao cart\u00f3rio a cobran\u00e7a de valor para&#8230;)<\/em><span style=\"font-size: 18pt;\"><em><br \/>\n66 &#8211; <strong>ERRADO<\/strong> <\/em><\/span><em>(Os tratados Internacionais sobre direitos humanos possuem&#8230;)<\/em><span style=\"font-size: 18pt;\"><em><br \/>\n67 &#8211; <strong>CERTO<\/strong><\/em><\/span><em> (O presidente da Rep\u00fablica, embora nomeie os ministros&#8230;)<\/em><span style=\"font-size: 18pt;\"><em><br \/>\n68 &#8211; <strong>CERTO<\/strong> <\/em><\/span><em>(A liberdade de pensamento \u00e9 exercida com \u00f4nus para a manifestante&#8230;)<\/em><span style=\"font-size: 18pt;\"><em><br \/>\n69 &#8211; <strong>CERTO<\/strong><\/em><\/span><em> (Legislar sobre a responsabilidade por dano ao meio ambiente&#8230;)<\/em><span style=\"font-size: 18pt;\"><em><br \/>\n70 &#8211; <strong>CERTO<\/strong><\/em><\/span><em> (Caso n\u00e3o exista lei federal que disponha normas gerais&#8230;)<\/em><span style=\"font-size: 18pt;\"><em><br \/>\n71 &#8211; <strong>CERTO<\/strong><\/em><\/span><em> (Para exercer fun\u00e7\u00e3o de confian\u00e7a na administra\u00e7\u00e3o p\u00fablica&#8230;)<\/em><span style=\"font-size: 18pt;\"><em><br \/>\n72 &#8211; <strong>ERRADO<\/strong> <\/em><\/span><em>(Ser\u00e1 compartilhado o dom\u00ednio de rio que banhe&#8230;)<\/em><span style=\"font-size: 18pt;\"><em><br \/>\n73 &#8211; <strong>ERRADO<\/strong><\/em><\/span><em> (Caso pratique crime de responsabilidade, o presidente&#8230;)<\/em><span style=\"font-size: 18pt;\"><em><br \/>\n74 &#8211; <strong>ERRADO<\/strong> <\/em><\/span><em>(Infra\u00e7\u00e3o penal comum cometida por desembargador&#8230;)<\/em><span style=\"font-size: 18pt;\"><em><br \/>\n75 &#8211; <strong>ERRADO<\/strong><\/em><\/span> <em>(Apesar de ser uma garantia assegurada aos membros&#8230;)<\/em><span style=\"font-size: 18pt;\"><em><br \/>\n76 &#8211; <strong>CERTO<\/strong> <\/em><\/span><em>(Ato normativo publicado pelo presidente da Rep\u00fablica&#8230;)<\/em><\/p>\n<p><span style=\"font-size: 18pt;\"><em><strong>Administra\u00e7\u00e3o<\/strong><br \/>\n77 &#8211; <strong>ERRADO<\/strong> (pol\u00eamica)<\/em><\/span><em> (A exist\u00eancia de roteiros-padr\u00e3o de serem&#8230;)<\/em><span style=\"font-size: 18pt;\"><em><br \/>\n78 &#8211; <strong>ERRADO<\/strong> (pol\u00eamica)<\/em><\/span><em> (Em fun\u00e7\u00e3o da evolu\u00e7\u00e3o na administra\u00e7\u00e3o p\u00fablica&#8230;)<\/em><span style=\"font-size: 18pt;\"><em><br \/>\n79 &#8211; <strong>ERRADO<\/strong><\/em><\/span><em> (A supremacia do interesse p\u00fablico deve ser prioridade&#8230;)<\/em><span style=\"font-size: 18pt;\"><em><br \/>\n<span style=\"font-size: 18pt;\">80 &#8211; <strong>ERRADO<\/strong><\/span><\/em><\/span><em> (A ado\u00e7\u00e3o de estrat\u00e9gias de segrega\u00e7\u00e3o de clientes&#8230;)<\/em><span style=\"font-size: 18pt;\"><em><span style=\"font-size: 18pt;\"><br \/>\n81 &#8211; <strong>CERTO<\/strong><\/span><\/em><\/span><em> (A utiliza\u00e7\u00e3o de novas metodologias que visem facilitar o acesso&#8230;)<\/em><span style=\"font-size: 18pt;\"><em><span style=\"font-size: 18pt;\"><br \/>\n82 &#8211; <strong>CERTO<\/strong> <\/span><\/em><\/span><em>(A educa\u00e7\u00e3o corporativa possibilita a consolida\u00e7\u00e3o de novos conhecimentos&#8230;)<\/em><span style=\"font-size: 18pt;\"><em><span style=\"font-size: 18pt;\"><br \/>\n83 &#8211; <strong>ERRADO<\/strong> (pol\u00eamica)<\/span><\/em><\/span><em> (A ado\u00e7\u00e3o de pol\u00edticas de reconhecimento&#8230;)<\/em><span style=\"font-size: 18pt;\"><em><span style=\"font-size: 18pt;\"><br \/>\n84 &#8211; <strong>ERRADO<\/strong> (pol\u00eamica)<\/span><\/em><\/span><em> (A reten\u00e7\u00e3o do conhecimento cient\u00edfico&#8230;)<\/em><span style=\"font-size: 18pt;\"><em><span style=\"font-size: 18pt;\"><br \/>\n85 &#8211; <strong>CERTO<\/strong> (pol\u00eamica)<\/span><\/em><\/span><em> (Os conhecimentos e as habilidades dos empregados s\u00e3o&#8230;)<\/em><span style=\"font-size: 18pt;\"><em><span style=\"font-size: 18pt;\"><br \/>\n86 &#8211; <strong>ERRADO<\/strong><\/span><\/em><\/span><em> (Entre os estilos de lideran\u00e7a, o democr\u00e1tico \u00e9&#8230;)<\/em><span style=\"font-size: 18pt;\"><em><span style=\"font-size: 18pt;\"><br \/>\n87 &#8211; <strong>CERTO<\/strong><\/span><\/em><\/span><em> (Situa\u00e7\u00e3o hipot\u00e9tica: ap\u00f3s a realiza\u00e7\u00e3o de uma an\u00e1lise&#8230;)<\/em><span style=\"font-size: 18pt;\"><em><span style=\"font-size: 18pt;\"><br \/>\n88 &#8211; <strong>ERRADO<\/strong><\/span><\/em><\/span><em> (Situa\u00e7\u00e3o hipot\u00e9tica: na elabora\u00e7\u00e3o do planejamento estrat\u00e9gico&#8230;)<\/em><span style=\"font-size: 18pt;\"><em><span style=\"font-size: 18pt;\"><br \/>\n89 &#8211; <strong>BRANCO<\/strong> (pol\u00eamica<\/span><\/em><em><span style=\"font-size: 18pt;\">)<\/span><\/em><\/span><em> (Em um processo de planejamento estrat\u00e9gico, deve-se primeiramente&#8230;)<\/em><span style=\"font-size: 18pt;\"><em><span style=\"font-size: 18pt;\"><br \/>\n90 &#8211; <strong>ERRADO<\/strong><\/span><\/em><\/span><em> (O estabelecimento de metas estrat\u00e9gicas supre&#8230;)<\/em><span style=\"font-size: 18pt;\"><em><span style=\"font-size: 18pt;\"><br \/>\n91 &#8211; <strong>ERRADO<\/strong> (pol\u00eamica)<\/span><\/em><\/span><em> (Situa\u00e7\u00e3o hipot\u00e9tica: Uma institui\u00e7\u00e3o de servi\u00e7os p\u00fablicos&#8230;)<\/em><span style=\"font-size: 18pt;\"><em><span style=\"font-size: 18pt;\"><br \/>\n92 &#8211; <strong>CERTO<\/strong><\/span><\/em><\/span><em> (Situa\u00e7\u00e3o hipot\u00e9tica: Um estabelecimento comercial decidiu&#8230;)<\/em><span style=\"font-size: 18pt;\"><em><span style=\"font-size: 18pt;\"><br \/>\n93 &#8211; <strong>BRANCO<\/strong> (recurso) <\/span><\/em><\/span><em>(Se um sistema de an\u00e1lise eletr\u00f4nica de dados&#8230;)<\/em><span style=\"font-size: 18pt;\"><em><span style=\"font-size: 18pt;\"><br \/>\n94 &#8211; <strong>CERTO<\/strong> <\/span><\/em><\/span><em>(O escopo de um projeto para automa\u00e7\u00e3o de processos&#8230;)<\/em><span style=\"font-size: 18pt;\"><em><span style=\"font-size: 18pt;\"><br \/>\n95 &#8211; <strong>ERRADO<\/strong> <\/span><\/em><\/span><em>(Durante a fase de monitoramento e controle de um projeto&#8230;)<\/em><span style=\"font-size: 18pt;\"><em><span style=\"font-size: 18pt;\"><br \/>\n<\/span><span style=\"font-size: 18pt;\">96 &#8211; <strong>ERRADO<\/strong> (recurso)<\/span><\/em><\/span><em> (Situa\u00e7\u00e3o hipot\u00e9tica: Duas pessoas tomam decis\u00f5es diferentes&#8230;)<\/em><\/p>\n<p><strong><em><span style=\"font-size: 18pt;\">Arquivologia<\/span><\/em><\/strong><br \/>\n<em><span style=\"font-size: 18pt;\">97 &#8211; <strong>CERTO<\/strong> <\/span>(A rela\u00e7\u00e3o entre documentos de um arquivo, a qual&#8230;)<\/em><br \/>\n<em><span style=\"font-size: 18pt;\">98 &#8211; <strong>ERRADO<\/strong><\/span> (Todo documento emitido pelo poder p\u00fablico&#8230;)<span style=\"font-size: 18pt;\"><br \/>\n99 &#8211; <strong>ERRADO<\/strong> <\/span>(Os documentos de arquivo recebidos pelo protocolo&#8230;)<span style=\"font-size: 18pt;\"><br \/>\n100 &#8211; <strong>CERTO<\/strong> (pol\u00eamica)<\/span> (A \u00faltima etapa do processo de organiza\u00e7\u00e3o dos documentos&#8230;)<span style=\"font-size: 18pt;\"><br \/>\n101 &#8211; <strong>CERTO<\/strong> <\/span>(A tabela de temporalidade \u00e9 o resultado pr\u00e1tico&#8230;)<span style=\"font-size: 18pt;\"><br \/>\n102 &#8211; <strong>CERTO<\/strong> <\/span>(As atividades de protocolo e arquivo corrente, apesar de&#8230;)<span style=\"font-size: 18pt;\"><br \/>\n103 &#8211; <strong>CERTO<\/strong><\/span> (Distribui\u00e7\u00e3o e redistribui\u00e7\u00e3o de documentos, tarefas realizadas&#8230;)<span style=\"font-size: 18pt;\"><br \/>\n<\/span><\/em><em><span style=\"font-size: 18pt;\">104 &#8211; <strong>ERRADO<\/strong><\/span> (A classifica\u00e7\u00e3o de documentos de arquivo \u00e9 feita&#8230;)<span style=\"font-size: 18pt;\"><br \/>\n105 &#8211; <strong>CERTO<\/strong><\/span> (Os documentos de arquivo devem ser classificados&#8230;)<\/em><\/p>\n<p><strong><em><span style=\"font-size: 18pt;\">Administra\u00e7\u00e3o Financ<\/span><span style=\"font-size: 18pt;\">eira e Or\u00e7ament\u00e1ria<\/span><\/em><\/strong><br \/>\n<em><span style=\"font-size: 18pt;\">106 &#8211; <strong>ERRADO<\/strong><\/span> ( Recursos p\u00fablicos utilizados para a aquisi\u00e7\u00e3o de equipamentos&#8230;)<\/em><br \/>\n<em><span style=\"font-size: 18pt;\">107 &#8211; <strong>CERTO<\/strong> <\/span>(Se uma empresa p\u00fablica custear com recursos pr\u00f3prios suas despesas&#8230;)<\/em><br \/>\n<em><span style=\"font-size: 18pt;\">108 &#8211; <strong>CERTO<\/strong><\/span> (O exerc\u00edcio financeiro do governo federal poder\u00e1 ter&#8230;)<\/em><br \/>\n<em><span style=\"font-size: 18pt;\">109 &#8211; <strong>ERRADO<\/strong><\/span> (Na elabora\u00e7\u00e3o da proposta or\u00e7ament\u00e1ria, cabe ao \u00f3rg\u00e3o setorial&#8230;)<\/em><br \/>\n<em><span style=\"font-size: 18pt;\">110 &#8211; <strong>ERRADO<\/strong><\/span><\/em><em> (Caso determinado plano regional de desenvolvimento seja&#8230;)<\/em><br \/>\n<em><span style=\"font-size: 18pt;\">111 &#8211; <strong>CERTO<\/strong><\/span> (Cabe \u00e0 lei de diretrizes or\u00e7ament\u00e1rias fixar prazo para o presidente do&#8230;)<\/em><br \/>\n<em><span style=\"font-size: 18pt;\">112 &#8211; <strong>ERRADO<\/strong> <\/span>(Se determinado recurso ficar sem a despesa correspondente em decorr\u00eancia&#8230;)<\/em><br \/>\n<em><span style=\"font-size: 18pt;\">113 &#8211; <strong>CERTO<\/strong><\/span> (Os objetivos da estrutura de programa\u00e7\u00e3o or\u00e7ament\u00e1ria incluem&#8230;)<\/em><br \/>\n<em><span style=\"font-size: 18pt;\">114 &#8211; <strong>ERRADO<\/strong><\/span> (Caso o Poder Executivo abra um cr\u00e9dito suplementar, os recursos&#8230;)<\/em><br \/>\n<em><span style=\"font-size: 18pt;\">115 &#8211; <strong>ERRADO<\/strong> <\/span>(Se alguma das casas do Poder Legislativo ultrapassar o limite&#8230;)<\/em><br \/>\n<em><span style=\"font-size: 18pt;\">116 &#8211; <strong>ERRADO<\/strong> <\/span>(No caso de o Poder Legislativo ter aprovado a lei or\u00e7ament\u00e1ria anual&#8230;)<\/em><br \/>\n<em><span style=\"font-size: 18pt;\">117 &#8211; <strong>ERRADO<\/strong> <\/span>(A Lei de Responsabilidade Fiscal s\u00f3 trata de metas de resultados&#8230;)<\/em><br \/>\n<em>1<span style=\"font-size: 18pt;\">18 &#8211; <strong>CERTO<\/strong> (pol\u00eamica)<\/span> (Situa\u00e7\u00e3o hipot\u00e9tica: um \u00f3rg\u00e3o p\u00fablico executa regularmente&#8230;)<\/em><br \/>\n<em><span style=\"font-size: 18pt;\">119 &#8211; <strong>CERTO<\/strong><\/span> (Havendo a necessidade de que um \u00f3rg\u00e3o p\u00fablico&#8230;)<\/em><br \/>\n<em><span style=\"font-size: 18pt;\">120 &#8211; <strong>ERRADO<\/strong><\/span> (A transfer\u00eancia de recursos da Uni\u00e3o para um munic\u00edpio&#8230;)<\/em><\/p>\n<hr \/>\n<p><span style=\"font-size: 18pt;\"><em><span style=\"font-size: 18pt;\">Baixe a vers<\/span>\u00e3o corrigida! <a href=\"https:\/\/www.estrategiaconcursos.com.br\/blog\/wp-content\/uploads\/2018\/10\/Prova-ANALISTA-MPU.pdf\"><strong><span style=\"text-decoration: underline;\">Analista &#8211; MPU<\/span><\/strong><\/a><\/em><\/span><\/p>\n<p><span style=\"font-size: 24pt;\"><strong><em>Gabarito MPU &#8211; Analista<\/em><\/strong><\/span><\/p>\n<p><span style=\"font-size: 18pt;\"><em><strong>Portugu\u00eas<\/strong> &#8211; <a href=\"https:\/\/www.estrategiaconcursos.com.br\/blog\/gabarito-extraoficial-mpu-portugues\/\" target=\"_blank\" rel=\"noopener\"><span style=\"text-decoration: underline;\">coment\u00e1rios<\/span><\/a><br \/>\n01 &#8211; <strong>ERRADO<\/strong><\/em><\/span><em> (Infere-se do texto que calamidades&#8230;)<\/em><br \/>\n<em><span style=\"font-size: 18pt;\">02 &#8211; <\/span><\/em><em><strong><span style=\"font-size: 18pt;\">CERTO<\/span><\/strong><\/em><em><span style=\"font-size: 18pt;\"> (pol\u00eamica)<\/span><\/em> <em>(Para o autor do texto, nem sempre)<\/em><br \/>\n<span style=\"font-size: 18pt;\"><em>03 &#8211; <strong>ERRADO<\/strong> <\/em><\/span><em>(O protesto \u00e9 a primeira e a mais natural rea\u00e7\u00e3o&#8230;)<\/em><br \/>\n<span style=\"font-size: 18pt;\"><em>04 &#8211; <strong>CERTO<\/strong><\/em><\/span><em> (O autor do texto defende a ideia de que a raz\u00e3o \u00e9 um&#8230;)<\/em><br \/>\n<span style=\"font-size: 18pt;\"><em>05 &#8211; <strong>CERTO<\/strong><\/em><\/span><em> (Na linha 9, caso a express\u00e3o &#8220;\u00e0s vezes&#8221; fosse deslocada&#8230;&#8221;<\/em><br \/>\n<span style=\"font-size: 18pt;\"><em>06 &#8211; <strong>ERRADO<\/strong><\/em><\/span><em> (A substitui\u00e7\u00e3o de &#8220;relacionada com a disciplina&#8221;&#8230;)<\/em><br \/>\n<span style=\"font-size: 18pt;\"><em>07 &#8211; <strong>ERRADO<\/strong><\/em><\/span><em> (Os sentidos e a corre\u00e7\u00e3o gramatical do texto seriam&#8230;)<\/em><br \/>\n<span style=\"font-size: 18pt;\"><em>08 &#8211; <strong>CERTO<\/strong><\/em><\/span><em> (Na express\u00e3o &#8220;faz\u00ea-lo&#8221; (l. 16), a forma pronominal&#8230;)<\/em><br \/>\n<span style=\"font-size: 18pt;\"><em>09 &#8211; <strong>ERRADO<\/strong><\/em><\/span><em> (Na forma &#8220;afirma-se&#8221; (l, 9), o emprego do pronome &#8220;lo&#8221;&#8230;)<\/em><br \/>\n<span style=\"font-size: 18pt;\"><em>10 &#8211; <strong>ERRADO<\/strong><\/em><\/span><em> (A corre\u00e7\u00e3o gramatical do texto seria mantida se, no trecho &#8220;Quando nos defrontamos,&#8221;&#8230;)<\/em><br \/>\n<span style=\"font-size: 18pt;\"><em>11 &#8211; <strong>ERRADO<\/strong><\/em><\/span><em> (Na linha 3, o adjetivo &#8220;patente&#8221; tem o significado&#8230;)<\/em><br \/>\n<span style=\"font-size: 18pt;\"><em>12 &#8211; <strong>ERRADO<\/strong> <\/em><\/span><em>(No texto, a palavra &#8220;minoria&#8221; (l.8) refere-se aos grupos sociais marginalizados&#8230;)<\/em><br \/>\n<span style=\"font-size: 18pt;\"><em>13 &#8211; <strong>CERTO<\/strong> <\/em><\/span><em>(Considerando que situa\u00e7\u00e3o de pobreza s\u00e3o sens\u00edveis ao grau&#8230;)<\/em><br \/>\n<span style=\"font-size: 18pt;\"><em>14 &#8211; <strong>CERTO<\/strong> <\/em><\/span><em>(A hist\u00f3ria do Brasil \u00e9 marcada por fatos cujos efeitos na sociedade&#8230;)<\/em><br \/>\n<span style=\"font-size: 18pt;\"><em>15 &#8211; <strong>CERTO<\/strong><\/em><\/span><em> (A introdu\u00e7\u00e3o de uma v\u00edrgula imediatamente ap\u00f3s a palavra &#8220;revelados&#8221;&#8230;)<\/em><br \/>\n<span style=\"font-size: 18pt;\"><em>16 &#8211; <strong>ERRADO<\/strong><\/em><\/span><em> (Os termos &#8220;de g\u00eanero&#8221; (l. 19), &#8220;da igualdade racial&#8221; (l19 e 20)&#8230;)<\/em><br \/>\n<span style=\"font-size: 18pt;\"><em>17 &#8211; <strong>ERRADO<\/strong> <\/em><\/span><em>(A substitui\u00e7\u00e3o da forma verbal &#8220;compreender&#8221; (l.6)&#8230;<\/em><\/p>\n<p><span style=\"font-size: 18pt;\"><em><strong>Acessibilidade<\/strong> &#8211; <a href=\"https:\/\/www.estrategiaconcursos.com.br\/blog\/gabarito-mpu-extraoficial-acessibilidade\/\" target=\"_blank\" rel=\"noopener\"><span style=\"text-decoration: underline;\">coment\u00e1rios<\/span><\/a><\/em><\/span><br \/>\n<span style=\"font-size: 18pt;\"><em>18 &#8211; <strong>CERTO<\/strong> <\/em><\/span><em>(A despeito da garantia do voto direto e secreto, a pessoa com defici\u00eancia&#8230;)<\/em><br \/>\n<span style=\"font-size: 18pt;\"><em>19 &#8211; <strong>ERRADO<\/strong> <\/em><\/span><em>(O poder p\u00fablico deve providenciar a instala\u00e7\u00e3o de se\u00e7\u00f5es eleitorais&#8230;)<\/em><br \/>\n<span style=\"font-size: 18pt;\"><em>20 &#8211; <strong>CERTO<\/strong> <\/em><\/span><em>(A conduta dos motoristas da empresa de \u00f4nibus violou o direito&#8230;)<\/em><br \/>\n<span style=\"font-size: 18pt;\"><em>21 &#8211; <strong>CERTO<\/strong> <\/em><\/span><em>(Pelo fato de quatro de seus motoristas terem desrespeitado regras&#8230;)<\/em><\/p>\n<p><span style=\"font-size: 18pt;\"><em><strong>\u00c9tica<\/strong><br \/>\n22 &#8211; <strong>ERRADO<\/strong> <\/em><\/span><em>(Constatar a dificuldade em ser bom \u00e9 uma quest\u00e3o de \u00e9tica&#8230;)<\/em><span style=\"font-size: 18pt;\"><em><br \/>\n23 &#8211; <strong>ERRADO<\/strong> <\/em><\/span><em>(Depreende-se do texto que a decis\u00e3o do juiz, apesar de \u00e9tica&#8230;)<\/em><span style=\"font-size: 18pt;\"><em><br \/>\n24 &#8211; <strong>ERRADO<\/strong> <\/em><\/span><em>(Com o objetivo de promover os valores \u00e9ticos para o bem&#8230;)<\/em><span style=\"font-size: 18pt;\"><em><br \/>\n25 &#8211; <strong>CERTO<\/strong> <\/em><\/span><em>(Conforme a \u00e9tica aristot\u00e9lica, o meio-termo deve ser buscado&#8230;)<\/em><span style=\"font-size: 18pt;\"><em><br \/>\n26 &#8211; <strong>CERTO<\/strong> <\/em><\/span><em>(Arist\u00f3teles vincula a justi\u00e7a \u00e0 natureza do trabalho de juiz, cuja&#8230;)<\/em><span style=\"font-size: 18pt;\"><em><br \/>\n<\/em><\/span><\/p>\n<p><span style=\"font-size: 18pt;\"><em><strong>\u00c9tica<\/strong> &#8211; <a href=\"https:\/\/www.estrategiaconcursos.com.br\/blog\/gabarito-direito-administrativo-e-etica-mpu-analista\/\" target=\"_blank\" rel=\"noopener\"><span style=\"text-decoration: underline;\">coment\u00e1rios<\/span><\/a><\/em><\/span><br \/>\n<span style=\"font-size: 18pt;\"><em>27 &#8211; <strong>ERRADO<\/strong> <\/em><\/span><em>(Al\u00e9m de ser uma viola\u00e7\u00e3o \u00e9tica, a inassiduidade habitual \u00e9 uma conduta&#8230;)<\/em><br \/>\n<span style=\"font-size: 18pt;\"><em>28 &#8211; <strong>CERTO<\/strong> <\/em><\/span><em>(O c\u00f3digo de \u00e9tica de conduta do MPU e da ESMPU&#8230;)<\/em><span style=\"font-size: 18pt;\"><em><br \/>\n29 &#8211; <strong>CERTO<\/strong> <\/em><\/span><em>(\u00c9 cab\u00edvel penalidade de suspens\u00e3o ao servidor&#8230;)<\/em><br \/>\n<span style=\"font-size: 18pt;\"><em>30 &#8211; <strong>CERTO<\/strong> <\/em><\/span><em>(N\u00e3o descumpre o dever de respeito \u00e0 hierarquia o servidor&#8230;)<\/em><br \/>\n<span style=\"font-size: 18pt;\"><em>31 &#8211; <strong>ERRADO<\/strong> <\/em><\/span><em>(Uma das regras deotonl\u00f3gicas que regem a conduta&#8230;)<\/em><\/p>\n<p><span style=\"font-size: 18pt;\"><em><strong>Legisla\u00e7\u00e3o MPU<\/strong> &#8211; <a href=\"https:\/\/www.estrategiaconcursos.com.br\/blog\/mpu-gabarito-extraoficial-de-legislacao-do-mpu\/\" target=\"_blank\" rel=\"noopener\"><span style=\"text-decoration: underline;\">coment\u00e1rios<\/span><\/a><br \/>\n32 \u2013 <strong>CERTO<\/strong> <\/em><\/span><em>(Membro do Minist\u00e9rio P\u00fablico da Uni\u00e3o poder\u00e1 renunciar \u00e0 promo\u00e7\u00e3o&#8230;)<\/em><span style=\"font-size: 18pt;\"><em><br \/>\n33 \u2013 <strong>ERRADO<\/strong> <\/em><\/span><em>(Conflito de atribui\u00e7\u00e3o de determinado caso envolvendo um&#8230;)<\/em><span style=\"font-size: 18pt;\"><em><br \/>\n34 \u2013 <strong>ERRADO<\/strong> <\/em><\/span><em>(No exerc\u00edcio do controle externo da atividade policial&#8230;)<\/em><span style=\"font-size: 18pt;\"><em><br \/>\n35 \u2013 <strong>CERTO<\/strong> <\/em><\/span><em>(Quado um membro do Minist\u00e9rio P\u00fablico da Uni\u00e3o comete alguma falha disciplinar&#8230;)<\/em><span style=\"font-size: 18pt;\"><em><br \/>\n36 \u2013 <strong>ERRADO<\/strong> <\/em><\/span><em>(Autonomia funcional abrange todos os \u00f3rg\u00e3os que comp\u00f5em o Minist\u00e9rio P\u00fablico&#8230;)<\/em><span style=\"font-size: 18pt;\"><em><br \/>\n37 \u2013 <strong>ERRADO<\/strong> <\/em><\/span><em>(Se o Minist\u00e9rio P\u00fablico apresentar ao Poder Executivo&#8230;)<\/em><span style=\"font-size: 18pt;\"><em><br \/>\n38 \u2013 <strong>CERTO<\/strong> <\/em><\/span><em>(Tanto o Minist\u00e9rio P\u00fablico do Trabalho quanto o&#8230;)<\/em><span style=\"font-size: 18pt;\"><em><br \/>\n39 \u2013 <strong>ERRADO<\/strong> <\/em><\/span><em>(Ao Minist\u00e9rio P\u00fablico, \u00f3rg\u00e3o essencial \u00e0 fun\u00e7\u00e3o jurisdicional&#8230;)<\/em><span style=\"font-size: 18pt;\"><em><br \/>\n40 \u2013 <strong>ERRADO<\/strong> <\/em><\/span><em>(Dado o princ\u00edpio da indivisibilidade&#8230;)<\/em><span style=\"font-size: 18pt;\"><em><br \/>\n41 \u2013 <strong>ERRADO<\/strong> <\/em><\/span><em>(Um membro do Minist\u00e9rio P\u00fablico adquire estabilidade&#8230;)<\/em><span style=\"font-size: 18pt;\"><em><br \/>\n42 \u2013 <strong>CERTO<\/strong> <\/em><\/span><em>(Somente depois de aprovado pelo Senado Federal&#8230;)<\/em><span style=\"font-size: 18pt;\"><em><br \/>\n43 \u2013 <strong>CERTO<\/strong> <\/em><\/span><em>(O procurador-geral do Distrito Federal&#8230;)<\/em><span style=\"font-size: 18pt;\"><em><br \/>\n44 \u2013 <strong>CERTO<\/strong> <\/em><\/span><em>(Dos membros que comp\u00f5em o CNMP, o procurador-geral&#8230;)<\/em><span style=\"font-size: 18pt;\"><em><br \/>\n45 &#8211; <strong>ERRADO<\/strong> <\/em><\/span><em>(O CNMP pode atuar de of\u00edcio para apreciar a legalidade&#8230;)<\/em><span style=\"font-size: 18pt;\"><em><br \/>\n<\/em><\/span><\/p>\n<p><span style=\"font-size: 18pt;\"><em><strong>Promo\u00e7\u00e3o da Igualdade Racial<\/strong> &#8211; <a href=\"https:\/\/www.estrategiaconcursos.com.br\/blog\/gabarito-mpu-extraoficial-promocao-da-igualdade-racial\/\" target=\"_blank\" rel=\"noopener\"><span style=\"text-decoration: underline;\">coment\u00e1rios<\/span><\/a><br \/>\n46 &#8211; <strong>CERTO<\/strong> <\/em><\/span><em>(Situa\u00e7\u00e3o hipot\u00e9tica: dois policiais militares faziam&#8230;)<\/em><br \/>\n<span style=\"font-size: 18pt;\"><em>47 &#8211; <strong>CERTO<\/strong><\/em><\/span><em> (No contexto institucional, a mera apelida\u00e7\u00e3o&#8230;)<\/em><br \/>\n<span style=\"font-size: 18pt;\"><em>48 &#8211; <strong>ERRADO<\/strong><\/em><\/span><em> (Embora a legisla\u00e7\u00e3o brasileira preveja prote\u00e7\u00e3o&#8230;)<\/em><br \/>\n<span style=\"font-size: 18pt;\"><em>49 &#8211; <strong>ERRADO<\/strong> <\/em><\/span><em>(Situa\u00e7\u00e3o hipot\u00e9tica: o professor de hist\u00f3ria de uma escola&#8230;)<\/em><br \/>\n<span style=\"font-size: 18pt;\"><em>50 &#8211; <strong>CERTO<\/strong> <\/em><\/span><em>(Medidas que visem garantir a certo grupo&#8230;)<\/em><\/p>\n<p><span style=\"font-size: 18pt;\"><em><strong>Direito Administrativo<\/strong> &#8211; <a href=\"https:\/\/www.estrategiaconcursos.com.br\/blog\/gabarito-direito-administrativo-e-etica-mpu-analista\/\" target=\"_blank\" rel=\"noopener\"><span style=\"text-decoration: underline;\">coment\u00e1rios<\/span><\/a><\/em><\/span><br \/>\n<span style=\"font-size: 18pt;\"><em>51 &#8211; <strong>ERRADO<\/strong><\/em><\/span><em> (Dado o princ\u00edpio da competitividade, \u00e9 vedada, em licita\u00e7\u00f5es&#8230;)<\/em><br \/>\n<span style=\"font-size: 18pt;\"><em>52 &#8211; <strong>CERTO<\/strong><\/em><\/span><em> (O princ\u00edpio da veda\u00e7\u00e3o \u00e0 oferta de vantagens&#8230;)<\/em><br \/>\n<span style=\"font-size: 18pt;\"><em>53 &#8211; <strong>CERTO<\/strong><\/em><\/span><em> (Em regra, as provas de regularidade fiscal e trabalhista&#8230;)<\/em><br \/>\n<span style=\"font-size: 18pt;\"><em>54 &#8211; <strong>CERTO<\/strong><\/em><\/span><em> (Se o pre\u00e7o registrado por determinado fornecedor&#8230;)<\/em><br \/>\n<span style=\"font-size: 18pt;\"><em>55 &#8211; <strong>CERTO<\/strong> <\/em><\/span><em>(Na hip\u00f3tese de preju\u00edzo gerado por ato&#8230;)<\/em><br \/>\n<span style=\"font-size: 18pt;\"><em><span style=\"font-size: 18pt;\">56 &#8211;<\/span><span style=\"font-size: 18pt;\"><b> ERRADO <\/b><\/span><\/em><\/span><em><span style=\"font-size: 18pt;\">(cabe recurso)\u00a0<\/span>(A v\u00edtima\u00a0que busca repara\u00e7\u00e3o por dano causado&#8230;)<\/em><br \/>\n<span style=\"font-size: 18pt;\"><em>57 &#8211; <strong>ERRADO\u00a0<\/strong><\/em><\/span><em>(A encampa\u00e7\u00e3o \u00e9 a denomina\u00e7\u00e3o dada a uma forma de se extinguir&#8230;)<\/em><\/p>\n<p><span style=\"font-size: 18pt;\"><em><strong>Direito Constitucional<\/strong>\u00a0 &#8211; <a href=\"https:\/\/www.estrategiaconcursos.com.br\/blog\/gabarito-extraoficial-direito-constitucional-analista-mpu\/\" target=\"_blank\" rel=\"noopener\"><span style=\"text-decoration: underline;\">coment\u00e1rios<\/span><\/a><br \/>\n58 &#8211; <strong>CERTO<\/strong> <\/em><\/span><em>(As CPI podem ser criadas pela C\u00e2mara dos Deputados&#8230;)<\/em><br \/>\n<span style=\"font-size: 18pt;\"><em>59 &#8211; <strong>ERRADO<\/strong> <\/em><\/span><em>(Toda CPI tem autonomia para, ap\u00f3s a apura\u00e7\u00e3o do fato&#8230;)<\/em><br \/>\n<span style=\"font-size: 18pt;\"><em>60 &#8211; <strong>ERRADO<\/strong> <\/em><\/span><em>(O CNJ exerce a supervis\u00e3o or\u00e7ament\u00e1ria da justi\u00e7a federal&#8230;)<\/em><br \/>\n<span style=\"font-size: 18pt;\"><em>61 &#8211; <strong>CERTO<\/strong> <\/em><\/span><em>(Compete ao Supremo Tribunal Federal processar e julgar&#8230;)<\/em><br \/>\n<span style=\"font-size: 18pt;\"><em>62 &#8211; <strong>CERTO<\/strong> <\/em><\/span><em>(Nos casos de crime cometido por magistrados contra a administra\u00e7\u00e3o&#8230;)<\/em><br \/>\n<span style=\"font-size: 18pt;\"><em>63 &#8211; <strong>CERTO<\/strong> <\/em><\/span><em>(A Constitui\u00e7\u00e3o Federal de 1988 estendeu aos defensores&#8230;)<\/em><br \/>\n<span style=\"font-size: 18pt;\"><em>64 &#8211; <strong>ERRADO<\/strong><\/em><\/span><em> (Aos advogados p\u00fablicos ser\u00e3o concedidos vencimentos fixos&#8230;)<\/em><\/p>\n<p><span style=\"font-size: 18pt;\"><em><strong>Direito do Trabalho<\/strong> &#8211; <a href=\"https:\/\/www.estrategiaconcursos.com.br\/blog\/gabarito-extraoficial-direito-do-trabalho-mpu\/\" target=\"_blank\" rel=\"noopener\"><span style=\"text-decoration: underline;\">coment\u00e1rios<\/span><\/a><\/em><\/span><br \/>\n<span style=\"font-size: 18pt;\"><em>65 &#8211; <strong>CERTO<\/strong> <\/em><\/span><em>(O empregado que ocasionalmente trabalhar no per\u00edodo das 20h&#8230;)<\/em><br \/>\n<span style=\"font-size: 18pt;\"><em>66 &#8211; <strong>CERTO<\/strong> <\/em><\/span><em>(Policial militar que preste, em empresa privada, servi\u00e7o de natureza&#8230;)<\/em><br \/>\n<span style=\"font-size: 18pt;\"><em>67 &#8211; <strong>CERTO<\/strong> <\/em><\/span><em>(Conforme a CLT, empregado que recebe gratifica\u00e7\u00e3o de fun\u00e7\u00e3o h\u00e1 mais de&#8230;)<\/em><br \/>\n<span style=\"font-size: 18pt;\"><em>68 &#8211; <strong>ERRADO<\/strong> <\/em><\/span><em>(Na rescis\u00e3o de contrato de trabalho por culpa rec\u00edproca&#8230;)<\/em><br \/>\n<span style=\"font-size: 18pt;\"><em>69 &#8211; <strong>ERRADO<\/strong> <\/em><\/span><em>(A concess\u00e3o apenas parcial do intervalo para alimenta\u00e7\u00e3o e repouso&#8230;)<\/em><br \/>\n<span style=\"font-size: 18pt;\"><em>70 &#8211; <strong>CERTO<\/strong> <\/em><\/span><em>(\u00c0 luz da CLT, em caso de diverg\u00eancia entre lei e a conven\u00e7\u00e3o coletiva&#8230;)<\/em><br \/>\n<span style=\"font-size: 18pt;\"><em>71 &#8211;<\/em><\/span><strong><span style=\"font-size: 18pt;\"><em>CERTO <\/em><\/span><\/strong><em><span style=\"font-size: 18pt;\">(pol\u00eamica)\u00a0<\/span>(Empregado que opera bomba de gasolina tem direito&#8230;)<\/em><br \/>\n<span style=\"font-size: 18pt;\"><em>72 &#8211; <strong>ERRADO<\/strong> <\/em><\/span><em>(Jovem empregado de dezessete anos de idade pode afirmar recibo&#8230;)<\/em><\/p>\n<p><span style=\"font-size: 18pt;\"><em><strong>Processo do Trabalho<\/strong><br \/>\n73 &#8211; <strong>CERTO<\/strong> <\/em><\/span><em>(O relator do recurso de revista poder\u00e1, por decis\u00e3o monocr\u00e1tica&#8230;)<\/em><br \/>\n<span style=\"font-size: 18pt;\"><em>74 &#8211; <strong>CERTO<\/strong> <\/em><\/span><em>(A Procuradoria da Justi\u00e7a do Trabalho tem legitimidade para recorrer de decis\u00e3o&#8230;)<\/em><br \/>\n<span style=\"font-size: 18pt;\"><em>75 &#8211; <strong>ERRADO<\/strong> <\/em><\/span><em>(A partir da reforma trabalhista de 2017, os empregadores dom\u00e9sticos e as microempresas&#8230;)<\/em><br \/>\n<span style=\"font-size: 18pt;\"><em>76 &#8211; <strong>CERTO<\/strong> <\/em><\/span><em>(Na aus\u00eancia de seus representantes legais, menor de dezoito anos de idade&#8230;)<\/em><br \/>\n<span style=\"font-size: 18pt;\"><em>77 &#8211; <strong>CERTO <\/strong><\/em><\/span><em>(No processo trabalhista, ser\u00e3o divididos honor\u00e1rios de sucumb\u00eancia ao advogado)<\/em><br \/>\n<span style=\"font-size: 18pt;\"><em>78 &#8211; <strong>ERRADO<\/strong> <\/em><\/span><em>(O termo de concilia\u00e7\u00e3o realizado em audi\u00eancia equivale a uma decis\u00e3o judicial&#8230;)<\/em><br \/>\n<span style=\"font-size: 18pt;\"><em>79 &#8211; <strong>CERTO<\/strong> <\/em><\/span><em>(Caso mandado de seguran\u00e7a relativo a ato impugnado envolva mat\u00e9ria afeta \u00e0 jurisdi\u00e7\u00e3o&#8230;)<\/em><br \/>\n<span style=\"font-size: 18pt;\"><em>80 &#8211; <strong>CERTO<\/strong> <\/em><\/span><em>(A Procuradoria da Justi\u00e7a do Trabalho tem legitimidade para solicitar&#8230;)<\/em><\/p>\n<p><span style=\"font-size: 18pt;\"><em><strong>Direito Civil<\/strong><br \/>\n81 &#8211; <strong>ERRADO<\/strong> <\/em><\/span><em>(Na interpreta\u00e7\u00e3o sistem\u00e1tica de lei, o int\u00e9rprete busca..)<\/em><span style=\"font-size: 18pt;\"><em><br \/>\n82 &#8211; <strong>CERTO<\/strong> <\/em><\/span><em>(De acordo com o Superior Tribunal de Justi\u00e7a, ap\u00f3s o fim do contrato&#8230;)<\/em><span style=\"font-size: 18pt;\"><em><br \/>\n83 &#8211; <strong>CERTO<\/strong> <\/em><\/span><em>(Com a dissolu\u00e7\u00e3o da pessoa jur\u00eddica, personalidade ente n\u00e3o&#8230;)<\/em><span style=\"font-size: 18pt;\"><em><br \/>\n84 &#8211; <strong>CERTO<\/strong> <\/em><\/span><em>(Neg\u00f3cio jur\u00eddico simulado por interposi\u00e7\u00e3o de pessoa, por oculta\u00e7\u00e3o&#8230;)<\/em><span style=\"font-size: 18pt;\"><em><br \/>\n85 &#8211; <strong>ERRADO<\/strong> <\/em><\/span><em>(Se houver capacidade legal e manifesta\u00e7\u00e3o expressa&#8230;)<\/em><span style=\"font-size: 18pt;\"><em><br \/>\n86 &#8211; <strong>CERTO<\/strong> <\/em><\/span><em>(Para a imputa\u00e7\u00e3o do pagamento, os d\u00e9bitos devem ser relativos&#8230;)<\/em><span style=\"font-size: 18pt;\"><em><br \/>\n87 &#8211; <strong>ERRADO<\/strong> <\/em><\/span><em>(Situa\u00e7\u00e3o hipot\u00e9tica: Um indiv\u00edduo embriagado transportava em seu&#8230;)<\/em><span style=\"font-size: 18pt;\"><em><br \/>\n<\/em><\/span><\/p>\n<p><span style=\"font-size: 18pt;\"><em><strong>Processo Civil<\/strong> &#8211; <a href=\"https:\/\/www.estrategiaconcursos.com.br\/blog\/gabarito-mpu-extraoficial-direito-processual-civil\/\" target=\"_blank\" rel=\"noopener\"><span style=\"text-decoration: underline;\">coment\u00e1rios<\/span><\/a><br \/>\n88 &#8211; <strong>CERTO<\/strong><\/em><\/span><em>\u00a0(Situa\u00e7\u00e3o hipot\u00e9tica: um indiv\u00edduo embriagado transportava&#8230;)<\/em><br \/>\n<span style=\"font-size: 18pt;\"><em>89 &#8211; <strong>ERRADO<\/strong><\/em><\/span><em>\u00a0(O Minist\u00e9rio P\u00fablico ser\u00e1 intimado a se manifestar em todas&#8230;)<\/em><br \/>\n<span style=\"font-size: 18pt;\"><em>90 &#8211; <strong>ERRADO<\/strong><\/em><\/span><em>\u00a0(Em processo que envolva interesse de incapaz, tendo sido&#8230;)<\/em><br \/>\n<span style=\"font-size: 18pt;\"><em>91 &#8211; <strong>CERTO<\/strong><\/em><\/span><em>\u00a0(A exist\u00eancia de conven\u00e7\u00e3o de arbitragem acarreta a extin\u00e7\u00e3o&#8230;)<\/em><br \/>\n<span style=\"font-size: 18pt;\"><em>92 &#8211; <strong>CERTO<\/strong><\/em><\/span><em> (De acordo com o Superior Tribuna de Justi\u00e7a, compete \u00e0&#8230;)<\/em><br \/>\n<span style=\"font-size: 18pt;\"><em>93 &#8211; <strong>CERTO<\/strong> <\/em><\/span><em>(Depois de ajuizada a\u00e7\u00e3o de improbidade administrativa&#8230;)<\/em><br \/>\n<span style=\"font-size: 18pt;\"><em>94 &#8211; <strong>CERTO<\/strong><\/em><\/span><em> (Conforme entendimento do Superior Tribunal de Justi\u00e7a&#8230;)<\/em><br \/>\n<span style=\"font-size: 18pt;\"><em>95 &#8211; <strong>CERTO<\/strong><\/em><\/span><em> (Ainda que vise garantir a observ\u00e2ncia de s\u00famula vinculante&#8230;)<\/em><\/p>\n<p><strong><span style=\"font-size: 18pt;\"><em>Direito Penal<\/em><\/span><\/strong><br \/>\n<span style=\"font-size: 18pt;\"><em>96 &#8211; <strong>ERRADO<\/strong><\/em><\/span><em> (Joaquim, penalmente imput\u00e1vel, praticou, sob absoluta&#8230;)<\/em><br \/>\n<span style=\"font-size: 18pt;\"><em>97- <strong>CERTO<\/strong> <\/em><\/span><em>(Jo\u00e3o e Manoel, penalmente imput\u00e1veis, decidiram matar&#8230;)<\/em><br \/>\n<span style=\"font-size: 18pt;\"><em>98 &#8211; <strong>ERRADO<\/strong><\/em><\/span><em> (Um indiv\u00edduo, penalmente imput\u00e1vel, em continuidade delitiva&#8230;)<\/em><br \/>\n<span style=\"font-size: 18pt;\"><em>99 &#8211; <strong>CERTO<\/strong><\/em><\/span><em> (Situa\u00e7\u00e3o hipot\u00e9tica: Jo\u00e3o, penalmente imput\u00e1vel, dominado&#8230;)<\/em><br \/>\n<span style=\"font-size: 18pt;\"><em>100 &#8211; <strong>ERRADO<\/strong>\u00a0<\/em><\/span><em>(Situa\u00e7\u00e3o hipot\u00e9tica: Um indiv\u00edduo, penalmente imput\u00e1vel, amea\u00e7ou com arma&#8230;)<\/em><br \/>\n<span style=\"font-size: 18pt;\"><em>101 &#8211; <strong>CERTO<\/strong><\/em><\/span><em> (No crime de peculato, o proveito a que se refere o tipo penal&#8230;)<\/em><br \/>\n<span style=\"font-size: 18pt;\"><em>102 &#8211; <strong>CERTO<\/strong><\/em><\/span><em> (Nos crimes de falsidade documental, considera-se documento particular&#8230;)<\/em><\/p>\n<p><strong><span style=\"font-size: 18pt;\"><em>Processo Penal<\/em><\/span><\/strong><br \/>\n<span style=\"font-size: 18pt;\"><em>103 &#8211; <strong>ERRADO<\/strong><\/em><\/span><em> (\u00c9 de seis meses o prazo para que o ministro da Justi\u00e7a requeira&#8230;)<\/em><br \/>\n<span style=\"font-size: 18pt;\"><em>104 &#8211;<\/em> <strong><em>CERTO<\/em><\/strong><\/span><em> (Havendo a pr\u00e1tica de contraven\u00e7\u00e3o penal contra bens e servi\u00e7os&#8230;)<\/em><br \/>\n<span style=\"font-size: 18pt;\"><em>105 &#8211;<\/em> <strong><em>ERRADO<\/em><\/strong><\/span><em> (Den\u00fancia an\u00f4nima sobre o fato grave de necess\u00e1ria repress\u00e3o&#8230;)<\/em><br \/>\n<span style=\"font-size: 18pt;\"><em>106 &#8211; <strong>CERTO<\/strong><\/em><\/span><em> (No curso de um processo criminal, antes do interrogat\u00f3rio&#8230;)<\/em><br \/>\n<span style=\"font-size: 18pt;\"><em>107 &#8211; <strong>ERRADO<\/strong><\/em><\/span><em> (Um indiv\u00edduo penalmente imput\u00e1vel amea\u00e7a, ardilosa&#8230;)<\/em><br \/>\n<span style=\"font-size: 18pt;\"><em>108 &#8211; <strong>CERTO<\/strong><\/em><\/span><em> (Um cidad\u00e3o penalmente imput\u00e1vel foi preso em flagrante delito&#8230;)<\/em><br \/>\n<span style=\"font-size: 18pt;\"><em>109 &#8211; <strong>CERTO<\/strong> <\/em><\/span><em>(Um indiv\u00edduo penalmente imput\u00e1vel apresentou-se espontaneamente&#8230;)<\/em><br \/>\n<span style=\"font-size: 18pt;\"><em>110 &#8211; <strong>ERRADO<\/strong> <\/em><\/span><em>(Um cidad\u00e3o foi indiciado por supostamente ter praticado crime&#8230;)<\/em><\/p>\n<p><strong><span style=\"font-size: 18pt;\"><em>Direito Penal e Processual Militar<\/em><\/span><\/strong><br \/>\n<span style=\"font-size: 18pt;\"><em>111 &#8211; <strong>ERRADO<\/strong> <\/em><\/span><em>(Os crimes militares em tempo de paz s\u00e3o somente aqueles que constam&#8230;)<\/em><br \/>\n<span style=\"font-size: 18pt;\"><em>112 &#8211; <strong>ERRADO<\/strong> <\/em><\/span><em>(Conforme posicionamento do Superior Tribunal Militar, a perda&#8230;)<\/em><br \/>\n<span style=\"font-size: 18pt;\"><em>113 &#8211; <strong>CERTO<\/strong> <\/em><\/span><em>(Militar da ativa condenado pelo crime de deser\u00e7\u00e3o n\u00e3o poder\u00e1&#8230;)<\/em><br \/>\n<span style=\"font-size: 18pt;\"><em>114 &#8211; <strong>CERTO<\/strong><\/em><\/span><em> (Oficial do Ex\u00e9rcito Brasileiro que for condenado a pena privativa&#8230;)<\/em><br \/>\n<span style=\"font-size: 18pt;\"><em>115 &#8211; <strong>ERRADO<\/strong><\/em><\/span><em> (Situa\u00e7\u00e3o Hipot\u00e9tica: Um militar, em lugar sujeito \u00e0 administra\u00e7\u00e3o&#8230;)<\/em><br \/>\n<span style=\"font-size: 18pt;\"><em>116 &#8211; <strong>CERTO<\/strong> <\/em><\/span><em>(De acordo com o entendimento do Supremo Tribunal Federal, no processo&#8230;)<\/em><br \/>\n<span style=\"font-size: 18pt;\"><em>117 &#8211; <strong>CERTO<\/strong><\/em><\/span><em> (Situa\u00e7\u00e3o hipot\u00e9tico: Ad\u00e3o, cidad\u00e3o civil, \u00e9 investigado pelo crime&#8230;)<\/em><br \/>\n<span style=\"font-size: 18pt;\"><em>118 &#8211; <strong>ERRADO<\/strong><\/em><\/span><em> (Segundo o entendimento do Superior Tribunal Militar, o inqu\u00e9rito&#8230;)<\/em><br \/>\n<span style=\"font-size: 18pt;\"><em>119 &#8211; <strong>ERRADO<\/strong> <\/em><\/span><em>(Situa\u00e7\u00e3o hipot\u00e9tica: Um policial militar estadual e um soldado&#8230;)<\/em><br \/>\n<span style=\"font-size: 18pt;\"><em>120 &#8211; <strong>CERTO<\/strong> <\/em><\/span><em>(Compete \u00e0 pol\u00edcia judici\u00e1ria militar requisitar \u00e0 policial civil e \u00e0s reparti\u00e7\u00f5es&#8230;)<\/em><\/p>\n<p><img loading=\"lazy\" decoding=\"async\" class=\"alignnone size-full wp-image-96604\" src=\"https:\/\/dhg1h5j42swfq.cloudfront.net\/2017\/11\/24173836\/unnamed.png\" alt=\"enquete\" width=\"170\" height=\"147\" \/><\/p>\n<h2>Como foi a prova MPU 2018?<\/h2>\n<div id=\"polls-272\" class=\"wp-polls\">\n\t<form id=\"polls_form_272\" class=\"wp-polls-form\" action=\"\/blog\/index.php\" method=\"post\">\n\t\t<p style=\"display: none;\"><input type=\"hidden\" id=\"poll_272_nonce\" name=\"wp-polls-nonce\" value=\"6eb1a6561c\" \/><\/p>\n\t\t<p style=\"display: none;\"><input type=\"hidden\" name=\"poll_id\" value=\"272\" \/><\/p>\n\t\t<p><strong>O que voc\u00ea achou da prova do concurso MPU??<\/strong><\/p><div id=\"polls-272-ans\" class=\"wp-polls-ans\"><ul class=\"wp-polls-ul\">\n\t\t<li><input type=\"radio\" id=\"poll-answer-988\" name=\"poll_272\" value=\"988\" \/> <label for=\"poll-answer-988\">Tava no papo! F\u00e1cil demais!<\/label><\/li>\n\t\t<li><input type=\"radio\" id=\"poll-answer-989\" name=\"poll_272\" value=\"989\" \/> <label for=\"poll-answer-989\">A prova veio lascando!<\/label><\/li>\n\t\t<li><input type=\"radio\" id=\"poll-answer-990\" name=\"poll_272\" value=\"990\" \/> <label for=\"poll-answer-990\">Estava dentro da m\u00e9dia do Cespe\/Cebraspe<\/label><\/li>\n\t\t<li><input type=\"radio\" id=\"poll-answer-991\" name=\"poll_272\" value=\"991\" \/> <label for=\"poll-answer-991\">Mais dif\u00edcil do que o esperado<\/label><\/li>\n\t\t<\/ul><p style=\"text-align: center\"><input type=\"button\" name=\"vote\" value=\"   Voto   \" class=\"Buttons\" onclick=\"poll_vote(272);\" \/><\/p><p style=\"text-align: center\"><a href=\"#ViewPollResults\" onclick=\"poll_result(272); return false;\" title=\"Veja resultados desta pesquisa\">Ver resultados<\/a><\/p><\/div>\n\t<\/form>\n<\/div>\n<div id=\"polls-272-loading\" class=\"wp-polls-loading\"><img loading=\"lazy\" decoding=\"async\" src=\"https:\/\/www.estrategiaconcursos.com.br\/blog\/wp-content\/plugins\/wp-polls\/images\/loading.gif\" width=\"16\" height=\"16\" alt=\"Carregando ...\" title=\"Carregando ...\" class=\"wp-polls-image\" \/>&nbsp;Carregando ...<\/div>\n\n<div id=\"polls-273\" class=\"wp-polls\">\n\t<form id=\"polls_form_273\" class=\"wp-polls-form\" action=\"\/blog\/index.php\" method=\"post\">\n\t\t<p style=\"display: none;\"><input type=\"hidden\" id=\"poll_273_nonce\" name=\"wp-polls-nonce\" value=\"bdcd62645c\" \/><\/p>\n\t\t<p style=\"display: none;\"><input type=\"hidden\" name=\"poll_id\" value=\"273\" \/><\/p>\n\t\t<p><strong>Faltaram muitos candidatos na sua sala?<\/strong><\/p><div id=\"polls-273-ans\" class=\"wp-polls-ans\"><ul class=\"wp-polls-ul\">\n\t\t<li><input type=\"radio\" id=\"poll-answer-992\" name=\"poll_273\" value=\"992\" \/> <label for=\"poll-answer-992\">Muitos<\/label><\/li>\n\t\t<li><input type=\"radio\" id=\"poll-answer-993\" name=\"poll_273\" value=\"993\" \/> <label for=\"poll-answer-993\">Poucos<\/label><\/li>\n\t\t<li><input type=\"radio\" id=\"poll-answer-994\" name=\"poll_273\" value=\"994\" \/> <label for=\"poll-answer-994\">Nem reparei!<\/label><\/li>\n\t\t<\/ul><p style=\"text-align: center\"><input type=\"button\" name=\"vote\" value=\"   Voto   \" class=\"Buttons\" onclick=\"poll_vote(273);\" \/><\/p><p style=\"text-align: center\"><a href=\"#ViewPollResults\" onclick=\"poll_result(273); return false;\" title=\"Veja resultados desta pesquisa\">Ver resultados<\/a><\/p><\/div>\n\t<\/form>\n<\/div>\n<div id=\"polls-273-loading\" class=\"wp-polls-loading\"><img loading=\"lazy\" decoding=\"async\" src=\"https:\/\/www.estrategiaconcursos.com.br\/blog\/wp-content\/plugins\/wp-polls\/images\/loading.gif\" width=\"16\" height=\"16\" alt=\"Carregando ...\" title=\"Carregando ...\" class=\"wp-polls-image\" \/>&nbsp;Carregando ...<\/div>\n\n<div id=\"polls-274\" class=\"wp-polls\">\n\t<form id=\"polls_form_274\" class=\"wp-polls-form\" action=\"\/blog\/index.php\" method=\"post\">\n\t\t<p style=\"display: none;\"><input type=\"hidden\" id=\"poll_274_nonce\" name=\"wp-polls-nonce\" value=\"6da5120344\" \/><\/p>\n\t\t<p style=\"display: none;\"><input type=\"hidden\" name=\"poll_id\" value=\"274\" \/><\/p>\n\t\t<p><strong>A prova fugiu muito do conte\u00fado program\u00e1tico do edital?<\/strong><\/p><div id=\"polls-274-ans\" class=\"wp-polls-ans\"><ul class=\"wp-polls-ul\">\n\t\t<li><input type=\"radio\" id=\"poll-answer-995\" name=\"poll_274\" value=\"995\" \/> <label for=\"poll-answer-995\">Sim, um pouco!<\/label><\/li>\n\t\t<li><input type=\"radio\" id=\"poll-answer-996\" name=\"poll_274\" value=\"996\" \/> <label for=\"poll-answer-996\">Acho que n\u00e3o, dentro do normal!<\/label><\/li>\n\t\t<li><input type=\"radio\" id=\"poll-answer-997\" name=\"poll_274\" value=\"997\" \/> <label for=\"poll-answer-997\">Em algumas disciplinas<\/label><\/li>\n\t\t<li><input type=\"radio\" id=\"poll-answer-998\" name=\"poll_274\" value=\"998\" \/> <label for=\"poll-answer-998\">Sa\u00ed chutando tudo que nem li!<\/label><\/li>\n\t\t<\/ul><p style=\"text-align: center\"><input type=\"button\" name=\"vote\" value=\"   Voto   \" class=\"Buttons\" onclick=\"poll_vote(274);\" \/><\/p><p style=\"text-align: center\"><a href=\"#ViewPollResults\" onclick=\"poll_result(274); return false;\" title=\"Veja resultados desta pesquisa\">Ver resultados<\/a><\/p><\/div>\n\t<\/form>\n<\/div>\n<div id=\"polls-274-loading\" class=\"wp-polls-loading\"><img loading=\"lazy\" decoding=\"async\" src=\"https:\/\/www.estrategiaconcursos.com.br\/blog\/wp-content\/plugins\/wp-polls\/images\/loading.gif\" width=\"16\" height=\"16\" alt=\"Carregando ...\" title=\"Carregando ...\" class=\"wp-polls-image\" \/>&nbsp;Carregando ...<\/div>\n\n<h2>Comente sobre a prova<\/h2>\n<p style=\"padding-left: 30px;\"><strong><em>&#8211; Na sua opini\u00e3o, qual foi disciplina a mais dif\u00edcil? E a mais f\u00e1cil?<\/em><\/strong><br \/>\n<strong><em>&#8211; Voc\u00ea acha que alguma quest\u00e3o deve ser anulada?<\/em><\/strong><br \/>\n<strong><em>&#8211; Como foi seu desempenho na prova discursiva?<\/em><\/strong><br \/>\n<strong><em>&#8211; Aconteceu algo de inusitado na sua sala de aula? Relate!<\/em><\/strong><\/p>\n","protected":false},"excerpt":{"rendered":"<p>Gabarito e Corre\u00e7\u00e3o da Prova MPU (T\u00e9cnico e Analista) O gabarito oficial das provas do\u00a0concurso\u00a0do Minist\u00e9rio P\u00fablico da Uni\u00e3o, o MPU, foram publicados na \u00faltima ter\u00e7a-feira, 23 de outubro.\u00a0Com a divulga\u00e7\u00e3o dos gabaritos oficiais, os professores j\u00e1 come\u00e7aram a avaliar a interpreta\u00e7\u00e3o da banca\u00a0e indicar a voc\u00ea quest\u00f5es que s\u00e3o pass\u00edveis de recurso. As duas [&hellip;]<\/p>\n","protected":false},"author":26,"featured_media":147800,"comment_status":"open","ping_status":"closed","sticky":false,"template":"","format":"standard","meta":{"post_tipo":"article","footnotes":""},"categories":[1],"tags":[],"tax_estado":[],"class_list":["post-147726","post","type-post","status-publish","format-standard","has-post-thumbnail","hentry","category-cursos-e-concursos"],"acf":[],"yoast_head":"<!-- This site is optimized with the Yoast SEO Premium plugin v27.2 (Yoast SEO v27.2) - https:\/\/yoast.com\/product\/yoast-seo-premium-wordpress\/ -->\n<title>Ranking MPU 2018: Gabarito e Corre\u00e7\u00e3o da Prova (T\u00e9cnico e Analista)<\/title>\n<meta name=\"description\" content=\"Ranking MPU 2018: assista \u00e0 corre\u00e7\u00e3o da prova MPU (Analista e T\u00e9cnico) e confira o Gabarito MPU antes mesmo da banca divulgar o oficial.\" \/>\n<meta name=\"robots\" content=\"index, follow, max-snippet:-1, max-image-preview:large, max-video-preview:-1\" \/>\n<link rel=\"canonical\" href=\"https:\/\/www.estrategiaconcursos.com.br\/blog\/ranking-mpu-gabarito-mpu\/\" \/>\n<meta property=\"og:locale\" content=\"pt_BR\" \/>\n<meta property=\"og:type\" content=\"article\" \/>\n<meta property=\"og:title\" content=\"Ranking MPU 2018: gabarito oficial \u00e9 publicado pelo Cespe e professores indicam recursos contra quest\u00f5es\" \/>\n<meta property=\"og:description\" content=\"Ranking MPU 2018: assista \u00e0 corre\u00e7\u00e3o da prova MPU (Analista e T\u00e9cnico) e confira o Gabarito MPU antes mesmo da banca divulgar o oficial.\" \/>\n<meta property=\"og:url\" content=\"https:\/\/www.estrategiaconcursos.com.br\/blog\/ranking-mpu-gabarito-mpu\/\" \/>\n<meta property=\"og:site_name\" content=\"Estrat\u00e9gia Concursos\" \/>\n<meta property=\"article:author\" content=\"https:\/\/www.facebook.com\/rvale01\" \/>\n<meta property=\"article:published_time\" content=\"2018-10-25T13:10:15+00:00\" \/>\n<meta property=\"article:modified_time\" content=\"2018-10-26T13:50:01+00:00\" \/>\n<meta property=\"og:image\" content=\"https:\/\/dhg1h5j42swfq.cloudfront.net\/2018\/10\/21144532\/ranking-mp-gabarito-mpu.jpg\" \/>\n\t<meta property=\"og:image:width\" content=\"1280\" \/>\n\t<meta property=\"og:image:height\" content=\"720\" \/>\n\t<meta property=\"og:image:type\" content=\"image\/jpeg\" \/>\n<meta name=\"author\" content=\"Ricardo Vale\" \/>\n<meta name=\"twitter:card\" content=\"summary_large_image\" \/>\n<meta name=\"twitter:creator\" content=\"@https:\/\/twitter.com\/EstratConcursos\" \/>\n<meta name=\"twitter:site\" content=\"@EstratConcursos\" \/>\n<meta name=\"twitter:label1\" content=\"Escrito por\" \/>\n\t<meta name=\"twitter:data1\" content=\"Ricardo Vale\" \/>\n\t<meta name=\"twitter:label2\" content=\"Est. tempo de leitura\" \/>\n\t<meta name=\"twitter:data2\" content=\"17 minutos\" \/>\n<script type=\"application\/ld+json\" class=\"yoast-schema-graph\">{\"@context\":\"https:\/\/schema.org\",\"@graph\":[{\"@type\":\"NewsArticle\",\"@id\":\"https:\/\/www.estrategiaconcursos.com.br\/blog\/ranking-mpu-gabarito-mpu\/#article\",\"isPartOf\":{\"@id\":\"https:\/\/www.estrategiaconcursos.com.br\/blog\/ranking-mpu-gabarito-mpu\/\"},\"author\":{\"name\":\"Ricardo Vale\",\"@id\":\"https:\/\/www.estrategiaconcursos.com.br\/blog\/#\/schema\/person\/c32e47dba2159cafe7796a9569a6ff7e\"},\"headline\":\"Ranking MPU 2018: gabarito oficial \u00e9 publicado pelo Cespe e professores indicam recursos contra quest\u00f5es\",\"datePublished\":\"2018-10-25T13:10:15+00:00\",\"dateModified\":\"2018-10-26T13:50:01+00:00\",\"mainEntityOfPage\":{\"@id\":\"https:\/\/www.estrategiaconcursos.com.br\/blog\/ranking-mpu-gabarito-mpu\/\"},\"wordCount\":3515,\"commentCount\":209,\"publisher\":{\"@id\":\"https:\/\/www.estrategiaconcursos.com.br\/blog\/#organization\"},\"image\":{\"@id\":\"https:\/\/www.estrategiaconcursos.com.br\/blog\/ranking-mpu-gabarito-mpu\/#primaryimage\"},\"thumbnailUrl\":\"https:\/\/dhg1h5j42swfq.cloudfront.net\/2018\/10\/21144532\/ranking-mp-gabarito-mpu.jpg\",\"articleSection\":[\"Concursos P\u00fablicos\"],\"inLanguage\":\"pt-BR\",\"potentialAction\":[{\"@type\":\"CommentAction\",\"name\":\"Comment\",\"target\":[\"https:\/\/www.estrategiaconcursos.com.br\/blog\/ranking-mpu-gabarito-mpu\/#respond\"]}],\"copyrightYear\":\"2018\",\"copyrightHolder\":{\"@id\":\"https:\/\/www.estrategiaconcursos.com.br\/blog\/#organization\"}},{\"@type\":\"WebPage\",\"@id\":\"https:\/\/www.estrategiaconcursos.com.br\/blog\/ranking-mpu-gabarito-mpu\/\",\"url\":\"https:\/\/www.estrategiaconcursos.com.br\/blog\/ranking-mpu-gabarito-mpu\/\",\"name\":\"Ranking MPU 2018: Gabarito e Corre\u00e7\u00e3o da Prova (T\u00e9cnico e Analista)\",\"isPartOf\":{\"@id\":\"https:\/\/www.estrategiaconcursos.com.br\/blog\/#website\"},\"primaryImageOfPage\":{\"@id\":\"https:\/\/www.estrategiaconcursos.com.br\/blog\/ranking-mpu-gabarito-mpu\/#primaryimage\"},\"image\":{\"@id\":\"https:\/\/www.estrategiaconcursos.com.br\/blog\/ranking-mpu-gabarito-mpu\/#primaryimage\"},\"thumbnailUrl\":\"https:\/\/dhg1h5j42swfq.cloudfront.net\/2018\/10\/21144532\/ranking-mp-gabarito-mpu.jpg\",\"datePublished\":\"2018-10-25T13:10:15+00:00\",\"dateModified\":\"2018-10-26T13:50:01+00:00\",\"description\":\"Ranking MPU 2018: assista \u00e0 corre\u00e7\u00e3o da prova MPU (Analista e T\u00e9cnico) e confira o Gabarito MPU antes mesmo da banca divulgar o oficial.\",\"breadcrumb\":{\"@id\":\"https:\/\/www.estrategiaconcursos.com.br\/blog\/ranking-mpu-gabarito-mpu\/#breadcrumb\"},\"inLanguage\":\"pt-BR\",\"potentialAction\":[{\"@type\":\"ReadAction\",\"target\":[\"https:\/\/www.estrategiaconcursos.com.br\/blog\/ranking-mpu-gabarito-mpu\/\"]}]},{\"@type\":\"ImageObject\",\"inLanguage\":\"pt-BR\",\"@id\":\"https:\/\/www.estrategiaconcursos.com.br\/blog\/ranking-mpu-gabarito-mpu\/#primaryimage\",\"url\":\"https:\/\/dhg1h5j42swfq.cloudfront.net\/2018\/10\/21144532\/ranking-mp-gabarito-mpu.jpg\",\"contentUrl\":\"https:\/\/dhg1h5j42swfq.cloudfront.net\/2018\/10\/21144532\/ranking-mp-gabarito-mpu.jpg\",\"width\":1280,\"height\":720,\"caption\":\"ranking mp gabarito mpu\"},{\"@type\":\"BreadcrumbList\",\"@id\":\"https:\/\/www.estrategiaconcursos.com.br\/blog\/ranking-mpu-gabarito-mpu\/#breadcrumb\",\"itemListElement\":[{\"@type\":\"ListItem\",\"position\":1,\"name\":\"In\u00edcio\",\"item\":\"https:\/\/www.estrategiaconcursos.com.br\/blog\/\"},{\"@type\":\"ListItem\",\"position\":2,\"name\":\"Ranking MPU 2018: gabarito oficial \u00e9 publicado pelo Cespe e professores indicam recursos contra quest\u00f5es\"}]},{\"@type\":\"WebSite\",\"@id\":\"https:\/\/www.estrategiaconcursos.com.br\/blog\/#website\",\"url\":\"https:\/\/www.estrategiaconcursos.com.br\/blog\/\",\"name\":\"Estrat\u00e9gia Concursos\",\"description\":\"O blog da Estrat\u00e9gia Concursos traz not\u00edcias sobre concursos e artigos de professores oferecendo cursos para concursos (pdf + videaulas) no site.\",\"publisher\":{\"@id\":\"https:\/\/www.estrategiaconcursos.com.br\/blog\/#organization\"},\"potentialAction\":[{\"@type\":\"SearchAction\",\"target\":{\"@type\":\"EntryPoint\",\"urlTemplate\":\"https:\/\/www.estrategiaconcursos.com.br\/blog\/?s={search_term_string}\"},\"query-input\":{\"@type\":\"PropertyValueSpecification\",\"valueRequired\":true,\"valueName\":\"search_term_string\"}}],\"inLanguage\":\"pt-BR\"},{\"@type\":\"Organization\",\"@id\":\"https:\/\/www.estrategiaconcursos.com.br\/blog\/#organization\",\"name\":\"Estrat\u00e9gia Concursos\",\"url\":\"https:\/\/www.estrategiaconcursos.com.br\/blog\/\",\"logo\":{\"@type\":\"ImageObject\",\"inLanguage\":\"pt-BR\",\"@id\":\"https:\/\/www.estrategiaconcursos.com.br\/blog\/#\/schema\/logo\/image\/\",\"url\":\"https:\/\/dhg1h5j42swfq.cloudfront.net\/2025\/06\/03203428\/logo_concursos-1.jpg\",\"contentUrl\":\"https:\/\/dhg1h5j42swfq.cloudfront.net\/2025\/06\/03203428\/logo_concursos-1.jpg\",\"width\":230,\"height\":60,\"caption\":\"Estrat\u00e9gia Concursos\"},\"image\":{\"@id\":\"https:\/\/www.estrategiaconcursos.com.br\/blog\/#\/schema\/logo\/image\/\"},\"sameAs\":[\"https:\/\/x.com\/EstratConcursos\"]},{\"@type\":\"Person\",\"@id\":\"https:\/\/www.estrategiaconcursos.com.br\/blog\/#\/schema\/person\/c32e47dba2159cafe7796a9569a6ff7e\",\"name\":\"Ricardo Vale\",\"image\":{\"@type\":\"ImageObject\",\"inLanguage\":\"pt-BR\",\"@id\":\"https:\/\/secure.gravatar.com\/avatar\/e5a5658c798bb49dd53314263f59f38c192d73370fb65839a372c2ae9027be74?s=96&d=mm&r=g\",\"url\":\"https:\/\/secure.gravatar.com\/avatar\/e5a5658c798bb49dd53314263f59f38c192d73370fb65839a372c2ae9027be74?s=96&d=mm&r=g\",\"contentUrl\":\"https:\/\/secure.gravatar.com\/avatar\/e5a5658c798bb49dd53314263f59f38c192d73370fb65839a372c2ae9027be74?s=96&d=mm&r=g\",\"caption\":\"Ricardo Vale\"},\"sameAs\":[\"https:\/\/www.facebook.com\/rvale01\",\"https:\/\/x.com\/https:\/\/twitter.com\/EstratConcursos\"],\"url\":\"https:\/\/www.estrategiaconcursos.com.br\/blog\/author\/ricardovaleestrategiaconcursos-com-br\/\"}]}<\/script>\n<!-- \/ Yoast SEO Premium plugin. -->","yoast_head_json":{"title":"Ranking MPU 2018: Gabarito e Corre\u00e7\u00e3o da Prova (T\u00e9cnico e Analista)","description":"Ranking MPU 2018: assista \u00e0 corre\u00e7\u00e3o da prova MPU (Analista e T\u00e9cnico) e confira o Gabarito MPU antes mesmo da banca divulgar o oficial.","robots":{"index":"index","follow":"follow","max-snippet":"max-snippet:-1","max-image-preview":"max-image-preview:large","max-video-preview":"max-video-preview:-1"},"canonical":"https:\/\/www.estrategiaconcursos.com.br\/blog\/ranking-mpu-gabarito-mpu\/","og_locale":"pt_BR","og_type":"article","og_title":"Ranking MPU 2018: gabarito oficial \u00e9 publicado pelo Cespe e professores indicam recursos contra quest\u00f5es","og_description":"Ranking MPU 2018: assista \u00e0 corre\u00e7\u00e3o da prova MPU (Analista e T\u00e9cnico) e confira o Gabarito MPU antes mesmo da banca divulgar o oficial.","og_url":"https:\/\/www.estrategiaconcursos.com.br\/blog\/ranking-mpu-gabarito-mpu\/","og_site_name":"Estrat\u00e9gia Concursos","article_author":"https:\/\/www.facebook.com\/rvale01","article_published_time":"2018-10-25T13:10:15+00:00","article_modified_time":"2018-10-26T13:50:01+00:00","og_image":[{"width":1280,"height":720,"url":"https:\/\/dhg1h5j42swfq.cloudfront.net\/2018\/10\/21144532\/ranking-mp-gabarito-mpu.jpg","type":"image\/jpeg"}],"author":"Ricardo Vale","twitter_card":"summary_large_image","twitter_creator":"@https:\/\/twitter.com\/EstratConcursos","twitter_site":"@EstratConcursos","twitter_misc":{"Escrito por":"Ricardo Vale","Est. tempo de leitura":"17 minutos"},"schema":{"@context":"https:\/\/schema.org","@graph":[{"@type":"NewsArticle","@id":"https:\/\/www.estrategiaconcursos.com.br\/blog\/ranking-mpu-gabarito-mpu\/#article","isPartOf":{"@id":"https:\/\/www.estrategiaconcursos.com.br\/blog\/ranking-mpu-gabarito-mpu\/"},"author":{"name":"Ricardo Vale","@id":"https:\/\/www.estrategiaconcursos.com.br\/blog\/#\/schema\/person\/c32e47dba2159cafe7796a9569a6ff7e"},"headline":"Ranking MPU 2018: gabarito oficial \u00e9 publicado pelo Cespe e professores indicam recursos contra quest\u00f5es","datePublished":"2018-10-25T13:10:15+00:00","dateModified":"2018-10-26T13:50:01+00:00","mainEntityOfPage":{"@id":"https:\/\/www.estrategiaconcursos.com.br\/blog\/ranking-mpu-gabarito-mpu\/"},"wordCount":3515,"commentCount":209,"publisher":{"@id":"https:\/\/www.estrategiaconcursos.com.br\/blog\/#organization"},"image":{"@id":"https:\/\/www.estrategiaconcursos.com.br\/blog\/ranking-mpu-gabarito-mpu\/#primaryimage"},"thumbnailUrl":"https:\/\/dhg1h5j42swfq.cloudfront.net\/2018\/10\/21144532\/ranking-mp-gabarito-mpu.jpg","articleSection":["Concursos P\u00fablicos"],"inLanguage":"pt-BR","potentialAction":[{"@type":"CommentAction","name":"Comment","target":["https:\/\/www.estrategiaconcursos.com.br\/blog\/ranking-mpu-gabarito-mpu\/#respond"]}],"copyrightYear":"2018","copyrightHolder":{"@id":"https:\/\/www.estrategiaconcursos.com.br\/blog\/#organization"}},{"@type":"WebPage","@id":"https:\/\/www.estrategiaconcursos.com.br\/blog\/ranking-mpu-gabarito-mpu\/","url":"https:\/\/www.estrategiaconcursos.com.br\/blog\/ranking-mpu-gabarito-mpu\/","name":"Ranking MPU 2018: Gabarito e Corre\u00e7\u00e3o da Prova (T\u00e9cnico e Analista)","isPartOf":{"@id":"https:\/\/www.estrategiaconcursos.com.br\/blog\/#website"},"primaryImageOfPage":{"@id":"https:\/\/www.estrategiaconcursos.com.br\/blog\/ranking-mpu-gabarito-mpu\/#primaryimage"},"image":{"@id":"https:\/\/www.estrategiaconcursos.com.br\/blog\/ranking-mpu-gabarito-mpu\/#primaryimage"},"thumbnailUrl":"https:\/\/dhg1h5j42swfq.cloudfront.net\/2018\/10\/21144532\/ranking-mp-gabarito-mpu.jpg","datePublished":"2018-10-25T13:10:15+00:00","dateModified":"2018-10-26T13:50:01+00:00","description":"Ranking MPU 2018: assista \u00e0 corre\u00e7\u00e3o da prova MPU (Analista e T\u00e9cnico) e confira o Gabarito MPU antes mesmo da banca divulgar o oficial.","breadcrumb":{"@id":"https:\/\/www.estrategiaconcursos.com.br\/blog\/ranking-mpu-gabarito-mpu\/#breadcrumb"},"inLanguage":"pt-BR","potentialAction":[{"@type":"ReadAction","target":["https:\/\/www.estrategiaconcursos.com.br\/blog\/ranking-mpu-gabarito-mpu\/"]}]},{"@type":"ImageObject","inLanguage":"pt-BR","@id":"https:\/\/www.estrategiaconcursos.com.br\/blog\/ranking-mpu-gabarito-mpu\/#primaryimage","url":"https:\/\/dhg1h5j42swfq.cloudfront.net\/2018\/10\/21144532\/ranking-mp-gabarito-mpu.jpg","contentUrl":"https:\/\/dhg1h5j42swfq.cloudfront.net\/2018\/10\/21144532\/ranking-mp-gabarito-mpu.jpg","width":1280,"height":720,"caption":"ranking mp gabarito mpu"},{"@type":"BreadcrumbList","@id":"https:\/\/www.estrategiaconcursos.com.br\/blog\/ranking-mpu-gabarito-mpu\/#breadcrumb","itemListElement":[{"@type":"ListItem","position":1,"name":"In\u00edcio","item":"https:\/\/www.estrategiaconcursos.com.br\/blog\/"},{"@type":"ListItem","position":2,"name":"Ranking MPU 2018: gabarito oficial \u00e9 publicado pelo Cespe e professores indicam recursos contra quest\u00f5es"}]},{"@type":"WebSite","@id":"https:\/\/www.estrategiaconcursos.com.br\/blog\/#website","url":"https:\/\/www.estrategiaconcursos.com.br\/blog\/","name":"Estrat\u00e9gia Concursos","description":"O blog da Estrat\u00e9gia Concursos traz not\u00edcias sobre concursos e artigos de professores oferecendo cursos para concursos (pdf + videaulas) no site.","publisher":{"@id":"https:\/\/www.estrategiaconcursos.com.br\/blog\/#organization"},"potentialAction":[{"@type":"SearchAction","target":{"@type":"EntryPoint","urlTemplate":"https:\/\/www.estrategiaconcursos.com.br\/blog\/?s={search_term_string}"},"query-input":{"@type":"PropertyValueSpecification","valueRequired":true,"valueName":"search_term_string"}}],"inLanguage":"pt-BR"},{"@type":"Organization","@id":"https:\/\/www.estrategiaconcursos.com.br\/blog\/#organization","name":"Estrat\u00e9gia Concursos","url":"https:\/\/www.estrategiaconcursos.com.br\/blog\/","logo":{"@type":"ImageObject","inLanguage":"pt-BR","@id":"https:\/\/www.estrategiaconcursos.com.br\/blog\/#\/schema\/logo\/image\/","url":"https:\/\/dhg1h5j42swfq.cloudfront.net\/2025\/06\/03203428\/logo_concursos-1.jpg","contentUrl":"https:\/\/dhg1h5j42swfq.cloudfront.net\/2025\/06\/03203428\/logo_concursos-1.jpg","width":230,"height":60,"caption":"Estrat\u00e9gia Concursos"},"image":{"@id":"https:\/\/www.estrategiaconcursos.com.br\/blog\/#\/schema\/logo\/image\/"},"sameAs":["https:\/\/x.com\/EstratConcursos"]},{"@type":"Person","@id":"https:\/\/www.estrategiaconcursos.com.br\/blog\/#\/schema\/person\/c32e47dba2159cafe7796a9569a6ff7e","name":"Ricardo Vale","image":{"@type":"ImageObject","inLanguage":"pt-BR","@id":"https:\/\/secure.gravatar.com\/avatar\/e5a5658c798bb49dd53314263f59f38c192d73370fb65839a372c2ae9027be74?s=96&d=mm&r=g","url":"https:\/\/secure.gravatar.com\/avatar\/e5a5658c798bb49dd53314263f59f38c192d73370fb65839a372c2ae9027be74?s=96&d=mm&r=g","contentUrl":"https:\/\/secure.gravatar.com\/avatar\/e5a5658c798bb49dd53314263f59f38c192d73370fb65839a372c2ae9027be74?s=96&d=mm&r=g","caption":"Ricardo Vale"},"sameAs":["https:\/\/www.facebook.com\/rvale01","https:\/\/x.com\/https:\/\/twitter.com\/EstratConcursos"],"url":"https:\/\/www.estrategiaconcursos.com.br\/blog\/author\/ricardovaleestrategiaconcursos-com-br\/"}]}},"_links":{"self":[{"href":"https:\/\/www.estrategiaconcursos.com.br\/blog\/wp-json\/wp\/v2\/posts\/147726","targetHints":{"allow":["GET"]}}],"collection":[{"href":"https:\/\/www.estrategiaconcursos.com.br\/blog\/wp-json\/wp\/v2\/posts"}],"about":[{"href":"https:\/\/www.estrategiaconcursos.com.br\/blog\/wp-json\/wp\/v2\/types\/post"}],"author":[{"embeddable":true,"href":"https:\/\/www.estrategiaconcursos.com.br\/blog\/wp-json\/wp\/v2\/users\/26"}],"replies":[{"embeddable":true,"href":"https:\/\/www.estrategiaconcursos.com.br\/blog\/wp-json\/wp\/v2\/comments?post=147726"}],"version-history":[{"count":114,"href":"https:\/\/www.estrategiaconcursos.com.br\/blog\/wp-json\/wp\/v2\/posts\/147726\/revisions"}],"predecessor-version":[{"id":148836,"href":"https:\/\/www.estrategiaconcursos.com.br\/blog\/wp-json\/wp\/v2\/posts\/147726\/revisions\/148836"}],"wp:featuredmedia":[{"embeddable":true,"href":"https:\/\/www.estrategiaconcursos.com.br\/blog\/wp-json\/wp\/v2\/media\/147800"}],"wp:attachment":[{"href":"https:\/\/www.estrategiaconcursos.com.br\/blog\/wp-json\/wp\/v2\/media?parent=147726"}],"wp:term":[{"taxonomy":"category","embeddable":true,"href":"https:\/\/www.estrategiaconcursos.com.br\/blog\/wp-json\/wp\/v2\/categories?post=147726"},{"taxonomy":"post_tag","embeddable":true,"href":"https:\/\/www.estrategiaconcursos.com.br\/blog\/wp-json\/wp\/v2\/tags?post=147726"},{"taxonomy":"tax_estado","embeddable":true,"href":"https:\/\/www.estrategiaconcursos.com.br\/blog\/wp-json\/wp\/v2\/tax_estado?post=147726"}],"curies":[{"name":"wp","href":"https:\/\/api.w.org\/{rel}","templated":true}]}}