{"id":1476196,"date":"2024-10-21T10:10:00","date_gmt":"2024-10-21T13:10:00","guid":{"rendered":"https:\/\/www.estrategiaconcursos.com.br\/blog\/?p=1476196"},"modified":"2024-10-21T14:29:28","modified_gmt":"2024-10-21T17:29:28","slug":"edital-concurso-jardim-botanico-rj","status":"publish","type":"post","link":"https:\/\/www.estrategiaconcursos.com.br\/blog\/edital-concurso-jardim-botanico-rj\/","title":{"rendered":"Edital Jardim Bot\u00e2nico: inscri\u00e7\u00f5es j\u00e1 est\u00e3o abertas!"},"content":{"rendered":"\n<p>A sua chance de ingressar em uma das institui\u00e7\u00f5es mais renomadas do Brasil, o <strong><a href=\"https:\/\/www.estrategiaconcursos.com.br\/cursosPorConcurso\/jardim-botanico-rj\" target=\"_blank\" rel=\"noreferrer noopener\">Instituto de Pesquisas Jardim Bot\u00e2nico do Rio de Janeiro<\/a><\/strong>, est\u00e1 no radar. <strong>O edital do concurso est\u00e1 com inscri\u00e7\u00f5es abertas!<\/strong><\/p>\n\n\n\n<p>O certame oferta <strong>20 vagas imediatas mais oportunidades em cadastro de reserva<\/strong>, com <strong>sal\u00e1rios iniciais de at\u00e9 R$ 13.843,00 <\/strong>(com acr\u00e9scimo de adicional de titula\u00e7\u00e3o e gratifica\u00e7\u00e3o de desempenho). <\/p>\n\n\n\n<p>Para voc\u00ea que sonha em ingressar na carreira p\u00fablica e contribuir para a preserva\u00e7\u00e3o e pesquisa da biodiversidade, a hora \u00e9 a agora! As inscri\u00e7\u00f5es devem ser feitas no site da banca organizadora, <strong>IDCAP<\/strong>.<\/p>\n\n\n\n<p>Al\u00e9m disso, os interessados devem efetuar o pagamento da taxa fixada que pode alternar conforme o cargo desejado. Confira logo abaixo:<\/p>\n\n\n\n<ul class=\"wp-block-list\">\n<li>R$ 150,00 para os cargos de Pesquisador Adjunto I e Tecnologista Pleno II; e<\/li>\n\n\n\n<li>R$ 90,00 para os cargos de Analista em Ci\u00eancia e Tecnologia Junior e Tecnologista Junior.<\/li>\n<\/ul>\n\n\n\n<ul class=\"wp-block-list\">\n<li><a href=\"https:\/\/www.idcap.org.br\/\" target=\"_blank\" rel=\"noreferrer noopener\"><strong>QUERO ME INSCREVER!<\/strong><\/a><\/li>\n<\/ul>\n\n\n\n<h3 class=\"wp-block-heading\" id=\"h-editais-do-concurso-jardim-botanico-sao-retificados\">Editais do concurso Jardim Bot\u00e2nico s\u00e3o retificados!<\/h3>\n\n\n\n<p>De acordo com as retifica\u00e7\u00f5es divulgadas via Di\u00e1rio Oficial da Uni\u00e3o (DOU), a distribui\u00e7\u00e3o de vagas para Analista e Tecnologista foi alterada, bem como o per\u00edodo de inscri\u00e7\u00f5es para o edital 1, per\u00edodo de provas para o edital 2, entre outros quesitos complementares. Confira!<\/p>\n\n\n\n<ul class=\"wp-block-list\">\n<li><a href=\"https:\/\/www.in.gov.br\/en\/web\/dou\/-\/edital-n-3-de-17-de-outubro-de-2024-591170737\" target=\"_blank\" rel=\"noreferrer noopener\"><strong>Retifica\u00e7\u00f5es 21\/10 (edital 1)<\/strong><\/a>\n<ul class=\"wp-block-list\">\n<li>Per\u00edodo de inscri\u00e7\u00f5es, distribui\u00e7\u00e3o de vagas, entre outros pontos.<\/li>\n<\/ul>\n<\/li>\n\n\n\n<li><a href=\"https:\/\/www.in.gov.br\/en\/web\/dou\/-\/edital-n-4-de-17-de-outubro-de-2024-591277253\" target=\"_blank\" rel=\"noreferrer noopener\"><strong>Retifica\u00e7\u00f5es 21\/10 (edital 2)<\/strong><\/a>\n<ul class=\"wp-block-list\">\n<li>Distribui\u00e7\u00e3o de vagas, quesitos da etapa de Avalia\u00e7\u00e3o de T\u00edtulos, per\u00edodo de provas, conte\u00fado program\u00e1tico, entre outros pontos.<\/li>\n<\/ul>\n<\/li>\n<\/ul>\n\n\n\n<p>Os candidatos devidamente inscritos ser\u00e3o avaliados por&nbsp;<strong>provas objetivas<\/strong>, com data a ser divulgada no edital complementar preliminar dia 06 de janeiro de 2025. Confira mais detalhes no decorrer do artigo!<\/p>\n\n\n\n<div class=\"container\" id=\"boxes\">\n  <div class=\"row\">\n\n    <div class=\"col-sm\">\n      <div class=\"banner-estrategia\" id=\"box-assinatura\">\n        <h3 class=\"titulo-assinatura\">Cursos para Jardim Bot\u00e2nico RJ<\/h3>\n        <p class=\"subtitulo-assinatura\">Conhe\u00e7a os cursos<\/p>\n        <div class=\"box-botao\">\n          <a class=\"btn-assinatura\" target=\"_blank\" href=\"https:\/\/www.estrategiaconcursos.com.br\/cursosPorConcurso\/jardim-botanico-rj\" role=\"button\" rel=\"noopener noreferrer\">Conhe\u00e7a mais<\/a>\n        <\/div>\n      <\/div>\n     \n    <\/div>\n\n  <\/div>\n<\/div>\n\n\n\n<h2 class=\"wp-block-heading\" id=\"situacao-atual\">Edital Jardim Bot\u00e2nico RJ: principais datas<\/h2>\n\n\n\n<p><strong>Edital 01 \u2013 Pesquisador Adjunto I e Tecnologista Pleno II<\/strong><\/p>\n\n\n\n<ul class=\"wp-block-list\">\n<li><strong>Inscri\u00e7\u00f5es<\/strong>: 21\/10 a 20\/11<\/li>\n\n\n\n<li><strong>Pagamento da taxa:<\/strong>&nbsp;at\u00e9 21\/11<\/li>\n\n\n\n<li><strong>Provas<\/strong>: 26\/01 a 08\/02\/2025<\/li>\n<\/ul>\n\n\n\n<p><strong>Edital 02 \u2013 Analista em Ci\u00eancia e Tecnologia Junior \/ Tecnologista Junior<\/strong><\/p>\n\n\n\n<ul class=\"wp-block-list\">\n<li><strong>Inscri\u00e7\u00f5es<\/strong>: 21\/10 a 20\/11<\/li>\n\n\n\n<li><strong>Pagamento da taxa:<\/strong>&nbsp;at\u00e9 21\/11<\/li>\n\n\n\n<li><strong>Provas<\/strong>: 12\/01\/2025<\/li>\n<\/ul>\n\n\n\n<h2 class=\"wp-block-heading\" id=\"cargos-vagas\">Cargos e vagas edital 01\/2024<\/h2>\n\n\n\n<p>Confira abaixo a divis\u00e3o exata das vagas do edital 01\/2024:<\/p>\n\n\n\n<figure class=\"wp-block-table is-style-stripes\"><table class=\"has-fixed-layout\"><thead><tr><th class=\"has-text-align-center\" data-align=\"center\">CARGOS<\/th><th class=\"has-text-align-center\" data-align=\"center\">\u00c1REAS<\/th><th class=\"has-text-align-center\" data-align=\"center\">REQUISITOS<\/th><th class=\"has-text-align-center\" data-align=\"center\">VAGAS<\/th><th class=\"has-text-align-center\" data-align=\"center\">SAL\u00c1RIOS<\/th><\/tr><\/thead><tbody><tr><td class=\"has-text-align-center\" data-align=\"center\">Pesquisador<\/td><td class=\"has-text-align-center\" data-align=\"center\">Conserva\u00e7\u00e3o da Flora Nativa do Brasil <\/td><td class=\"has-text-align-center\" data-align=\"center\">Doutorado<\/td><td class=\"has-text-align-center\" data-align=\"center\">01<\/td><td class=\"has-text-align-center\" data-align=\"center\">R$ 6.710,29<\/td><\/tr><tr><td class=\"has-text-align-center\" data-align=\"center\">Pesquisador<\/td><td class=\"has-text-align-center\" data-align=\"center\">Biodiversidade da Flora Marinha do<br \/>Brasil<\/td><td class=\"has-text-align-center\" data-align=\"center\">Doutorado<\/td><td class=\"has-text-align-center\" data-align=\"center\">01<\/td><td class=\"has-text-align-center\" data-align=\"center\">R$ 6.710,29<\/td><\/tr><tr><td class=\"has-text-align-center\" data-align=\"center\">Pesquisador<\/td><td class=\"has-text-align-center\" data-align=\"center\">Restaura\u00e7\u00e3o da Flora Nativa do<br \/>Brasil<\/td><td class=\"has-text-align-center\" data-align=\"center\">Doutorado<\/td><td class=\"has-text-align-center\" data-align=\"center\">01<\/td><td class=\"has-text-align-center\" data-align=\"center\">R$ 6.710,29<\/td><\/tr><tr><td class=\"has-text-align-center\" data-align=\"center\">Pesquisador<\/td><td class=\"has-text-align-center\" data-align=\"center\">Sistem\u00e1tica e Bioinform\u00e1tica Aplicadas ao Estudo da Flora Nativa do Brasil<\/td><td class=\"has-text-align-center\" data-align=\"center\">Doutorado<\/td><td class=\"has-text-align-center\" data-align=\"center\">01<\/td><td class=\"has-text-align-center\" data-align=\"center\">R$ 6.710,29<\/td><\/tr><tr><td class=\"has-text-align-center\" data-align=\"center\">Pesquisador<\/td><td class=\"has-text-align-center\" data-align=\"center\">Fisiologia e Ecologia de Sementes de Esp\u00e9cies Nativas do Brasil<\/td><td class=\"has-text-align-center\" data-align=\"center\">Doutorado<\/td><td class=\"has-text-align-center\" data-align=\"center\">01<\/td><td class=\"has-text-align-center\" data-align=\"center\">R$ 6.710,29<\/td><\/tr><tr><td class=\"has-text-align-center\" data-align=\"center\">Tecnologista<\/td><td class=\"has-text-align-center\" data-align=\"center\">Bioimagem de Esp\u00e9cies da Flora<br \/>Nativa do Brasil<\/td><td class=\"has-text-align-center\" data-align=\"center\">Doutorado<\/td><td class=\"has-text-align-center\" data-align=\"center\">01<\/td><td class=\"has-text-align-center\" data-align=\"center\">R$ 6.710,29<\/td><\/tr><tr><td class=\"has-text-align-center\" data-align=\"center\">Tecnologista<\/td><td class=\"has-text-align-center\" data-align=\"center\">Divulga\u00e7\u00e3o Cient\u00edfica<\/td><td class=\"has-text-align-center\" data-align=\"center\">Doutorado<\/td><td class=\"has-text-align-center\" data-align=\"center\">01<\/td><td class=\"has-text-align-center\" data-align=\"center\">R$ 6.710,29<\/td><\/tr><\/tbody><\/table><\/figure>\n\n\n\n<h2 class=\"wp-block-heading\" id=\"etapas\">Edital 01 Jardim Bot\u00e2nico: etapas e provas<\/h2>\n\n\n\n<p>Os candidatos inscritos no edital do Jardim Bot\u00e2nico ser\u00e3o avaliados pelas seguintes etapas e provas:<\/p>\n\n\n\n<ul class=\"wp-block-list\">\n<li>Prova escrita, de car\u00e1ter eliminat\u00f3rio e classificat\u00f3rio, para todos os cargos;<\/li>\n\n\n\n<li>Prova de apresenta\u00e7\u00e3o, defesa e argui\u00e7\u00e3o de memorial e projeto, de car\u00e1ter eliminat\u00f3rio e classificat\u00f3rio; e<\/li>\n\n\n\n<li>Prova de t\u00edtulos, de car\u00e1ter classificat\u00f3rio.<\/li>\n<\/ul>\n\n\n\n<hr class=\"wp-block-separator has-alpha-channel-opacity\"\/>\n\n\n\n<h2 class=\"wp-block-heading\" id=\"cargos-vagas-2\">Edital 02 Jardim Bot\u00e2nico: cargos e vagas <\/h2>\n\n\n\n<p>Confira abaixo a divis\u00e3o exata das vagas do edital 02\/2024:<\/p>\n\n\n\n<figure class=\"wp-block-table is-style-stripes\"><table class=\"has-fixed-layout\"><thead><tr><th class=\"has-text-align-center\" data-align=\"center\">CARGOS<\/th><th class=\"has-text-align-center\" data-align=\"center\">CLASSE<\/th><th class=\"has-text-align-center\" data-align=\"center\">REQUISITOS<\/th><th class=\"has-text-align-center\" data-align=\"center\">VAGAS<\/th><th class=\"has-text-align-center\" data-align=\"center\">SAL\u00c1RIOS<\/th><\/tr><\/thead><tbody><tr><td class=\"has-text-align-center\" data-align=\"center\">Analista em Ci\u00eancia e Tecnologia<\/td><td class=\"has-text-align-center\" data-align=\"center\">Conserva\u00e7\u00e3o<br \/>de<br \/>Biodiversidade<\/td><td class=\"has-text-align-center\" data-align=\"center\">Gradua\u00e7\u00e3o Completa<\/td><td class=\"has-text-align-center\" data-align=\"center\">07<\/td><td class=\"has-text-align-center\" data-align=\"center\">R$ 5.211,48<\/td><\/tr><tr><td class=\"has-text-align-center\" data-align=\"center\">Analista em Ci\u00eancia e Tecnologia<\/td><td class=\"has-text-align-center\" data-align=\"center\">Gest\u00e3o em<br \/>Ci\u00eancia e<br \/>Tecnologia<\/td><td class=\"has-text-align-center\" data-align=\"center\">Gradua\u00e7\u00e3o Completa<\/td><td class=\"has-text-align-center\" data-align=\"center\">03<\/td><td class=\"has-text-align-center\" data-align=\"center\">R$ 5.211,48<\/td><\/tr><tr><td class=\"has-text-align-center\" data-align=\"center\">Analista em Ci\u00eancia e Tecnologia<\/td><td class=\"has-text-align-center\" data-align=\"center\">Apoio \u00e0<br \/>Visita\u00e7\u00e3o<\/td><td class=\"has-text-align-center\" data-align=\"center\">Gradua\u00e7\u00e3o Completa<\/td><td class=\"has-text-align-center\" data-align=\"center\">01<\/td><td class=\"has-text-align-center\" data-align=\"center\">R$ 5.211,48<\/td><\/tr><tr><td class=\"has-text-align-center\" data-align=\"center\">Tecnologista<\/td><td class=\"has-text-align-center\" data-align=\"center\">Manejo<br \/>arb\u00f3reo de<br \/>cole\u00e7\u00f5es vivas<\/td><td class=\"has-text-align-center\" data-align=\"center\">Gradua\u00e7\u00e3o Completa<\/td><td class=\"has-text-align-center\" data-align=\"center\">01<\/td><td class=\"has-text-align-center\" data-align=\"center\">R$ 5.211,48<\/td><\/tr><tr><td class=\"has-text-align-center\" data-align=\"center\">Tecnologista<\/td><td class=\"has-text-align-center\" data-align=\"center\">Tecnologia da<br \/>Informa\u00e7\u00e3o<br \/>aplicada a<br \/>conserva\u00e7\u00e3o da<br \/>biodiversidade<\/td><td class=\"has-text-align-center\" data-align=\"center\">Gradua\u00e7\u00e3o Completa<\/td><td class=\"has-text-align-center\" data-align=\"center\">01<\/td><td class=\"has-text-align-center\" data-align=\"center\">R$ 5.211,48<\/td><\/tr><\/tbody><\/table><figcaption class=\"wp-element-caption\">Cargos, classe, requisitos, vagas e sal\u00e1rios concurso Jardim Bot\u00e2nico RJ.<\/figcaption><\/figure>\n\n\n\n<h2 class=\"wp-block-heading\" id=\"etapas-2\">Edital 02 Jardim Bot\u00e2nico: etapas e provas <\/h2>\n\n\n\n<p>Os candidatos do edital 02 do concurso Jardim Bot\u00e2nico RJ ser\u00e3o avaliados pelas seguintes etapas e provas:<\/p>\n\n\n\n<ul class=\"wp-block-list\">\n<li>Provas objetivas, de car\u00e1ter eliminat\u00f3rio e classificat\u00f3rio;<\/li>\n\n\n\n<li>Provas discursivas, de car\u00e1ter eliminat\u00f3rio e classificat\u00f3rio; e<\/li>\n\n\n\n<li>Avalia\u00e7\u00e3o de T\u00edtulos, de car\u00e1ter classificat\u00f3rio;<\/li>\n\n\n\n<li>Heteroidentifica\u00e7\u00e3o, de car\u00e1ter eliminat\u00f3rio;<\/li>\n\n\n\n<li>Avalia\u00e7\u00e3o Biopsicossocial, de car\u00e1ter eliminat\u00f3rio; e <\/li>\n\n\n\n<li>Avalia\u00e7\u00e3o Documental, de car\u00e1ter eliminat\u00f3rio;<\/li>\n<\/ul>\n\n\n\n<p class=\"has-text-align-center\"><em>Para saber mais detalhes acerca dos editais do concurso Jardim Bot\u00e2nico, acesse agora mesmo o nosso artigo exclusivo e muito mais completo:<\/em><\/p>\n\n\n\n<p class=\"has-text-align-center has-background\" style=\"background-color:#f4f4f4;font-size:clamp(15.197px, 0.95rem + ((1vw - 3.2px) * 0.765), 23px);\"><strong>Concurso: <a href=\"https:\/\/www.estrategiaconcursos.com.br\/blog\/concurso-jardim-botanico-rj\/\">Jardim Bot\u00e2nico RJ<\/a><\/strong><\/p>\n\n\n\n<hr class=\"wp-block-separator has-alpha-channel-opacity\"\/>\n\n\n\n<h2 class=\"wp-block-heading has-text-align-center\" id=\"h-quer-estudar-para-o-edital-jardim-botanico-rj\"><em>Quer estudar para o edital Jardim Bot\u00e2nico RJ?<\/em><\/h2>\n\n\n\n<div class=\"container\" id=\"boxes\">\n  <div class=\"row\">\n\n    <div class=\"col-sm\">\n      <div class=\"banner-estrategia\" id=\"box-assinatura\">\n        <h3 class=\"titulo-assinatura\">Cursos para Jardim Bot\u00e2nico RJ<\/h3>\n        <p class=\"subtitulo-assinatura\">Conhe\u00e7a os cursos<\/p>\n        <div class=\"box-botao\">\n          <a class=\"btn-assinatura\" target=\"_blank\" href=\"https:\/\/www.estrategiaconcursos.com.br\/cursosPorConcurso\/jardim-botanico-rj\" role=\"button\" rel=\"noopener noreferrer\">Conhe\u00e7a mais<\/a>\n        <\/div>\n      <\/div>\n     \n    <\/div>\n\n  <\/div>\n<\/div>\n\n\n\n<div class=\"container\" id=\"boxes\">\r\n  <div class=\"row\">\r\n\r\n    <div class=\"col-sm\">\r\n      <div class=\"estrategia\" id=\"box-assinatura\">\r\n        <h3 class=\"titulo-assinatura\">Assinatura Concursos<\/h3>\r\n        <p class=\"subtitulo-assinatura\">Assinatura de 1 ano ou 2 anos<\/p>\r\n        <div class=\"box-botao\">\r\n          <a class=\"btn-assinatura\" target=\"_blank\" href=\"https:\/\/www.estrategiaconcursos.com.br\/assinaturas\/\" role=\"button\" rel=\"noopener noreferrer\">ASSINE AGORA<\/a>\r\n        <\/div>\r\n      <\/div><\/div><\/div><\/div>\n\n\n\n<h2 class=\"wp-block-heading has-text-align-center\" id=\"h-quer-saber-tudo-sobre-concursos-previstos-confira-os-nossos-artigos\">Quer saber tudo sobre concursos previstos?<br \/>Confira os nossos artigos!<\/h2>\n\n\n\n<ul class=\"wp-block-list\">\n<li><a href=\"https:\/\/www.estrategiaconcursos.com.br\/blog\/concursos-abertos\/\" target=\"_blank\" rel=\"noreferrer noopener\">Concursos Abertos<\/a><\/li>\n\n\n\n<li><a href=\"https:\/\/www.estrategiaconcursos.com.br\/blog\/concursos-federais\/\">Concursos Federais<\/a><\/li>\n\n\n\n<li><a href=\"https:\/\/www.estrategiaconcursos.com.br\/blog\/concursos-2024\/\" target=\"_blank\" rel=\"noreferrer noopener\">Concursos 2024<\/a><\/li>\n\n\n\n<li><a href=\"https:\/\/www.estrategiaconcursos.com.br\/blog\/concursos-2025\/\">Concursos 2025<\/a><\/li>\n<\/ul>\n\n\n\n<figure class=\"wp-block-image is-resized\"><img loading=\"lazy\" decoding=\"async\" width=\"1024\" height=\"632\" src=\"https:\/\/dhg1h5j42swfq.cloudfront.net\/2021\/04\/01161145\/ficha-tecnica-5-1024x632.png\" alt=\"Informa\u00e7\u00f5es do concurso Jardim Bot\u00e2nico RJ\" class=\"wp-image-706736\" style=\"width:236px;height:145px\" srcset=\"https:\/\/dhg1h5j42swfq.cloudfront.net\/2021\/04\/01161145\/ficha-tecnica-5-1024x632.png 1024w, https:\/\/dhg1h5j42swfq.cloudfront.net\/2021\/04\/01161145\/ficha-tecnica-5-300x185.png 300w, https:\/\/dhg1h5j42swfq.cloudfront.net\/2021\/04\/01161145\/ficha-tecnica-5-768x474.png 768w, https:\/\/dhg1h5j42swfq.cloudfront.net\/2021\/04\/01161145\/ficha-tecnica-5-1536x948.png 1536w, https:\/\/dhg1h5j42swfq.cloudfront.net\/2021\/04\/01161145\/ficha-tecnica-5-610x377.png 610w, https:\/\/dhg1h5j42swfq.cloudfront.net\/2021\/04\/01161145\/ficha-tecnica-5.png 1571w\" sizes=\"auto, (max-width: 1024px) 100vw, 1024px\" \/><\/figure>\n\n\n\n<h3 class=\"wp-block-heading\" id=\"ficha-tecnica\">Informa\u00e7\u00f5es do edital Jardim Bot\u00e2nico RJ<\/h3>\n\n\n\n<ul class=\"wp-block-list\">\n<li><strong>Data da prova<\/strong>: janeiro\/fevereiro de 2025<\/li>\n\n\n\n<li><strong>Banca:<\/strong>&nbsp;IDCAP<\/li>\n\n\n\n<li><strong>Escolaridade<\/strong>: ensino superior<\/li>\n\n\n\n<li><strong>Vagas:<\/strong> 20<\/li>\n\n\n\n<li><strong>Cargos<\/strong>: diversos <\/li>\n\n\n\n<li><a href=\"https:\/\/dhg1h5j42swfq.cloudfront.net\/2024\/10\/15124805\/ivz2wc6t2lziygpwsul8xdcmgrxybn4mtiy6txts.pdf\" target=\"_blank\" rel=\"noreferrer noopener\">Edital 01\/2024<\/a>&nbsp;|&nbsp;<a href=\"https:\/\/dhg1h5j42swfq.cloudfront.net\/2024\/10\/15124834\/q6xgpj5fe9vc4naigkhccecgg0yhrjvdpz0roetj.pdf\" target=\"_blank\" rel=\"noreferrer noopener\">Edital 02\/2024<\/a><\/li>\n<\/ul>\n","protected":false},"excerpt":{"rendered":"<p>A sua chance de ingressar em uma das institui\u00e7\u00f5es mais renomadas do Brasil, o Instituto de Pesquisas Jardim Bot\u00e2nico do Rio de Janeiro, est\u00e1 no radar. O edital do concurso est\u00e1 com inscri\u00e7\u00f5es abertas! O certame oferta 20 vagas imediatas mais oportunidades em cadastro de reserva, com sal\u00e1rios iniciais de at\u00e9 R$ 13.843,00 (com acr\u00e9scimo [&hellip;]<\/p>\n","protected":false},"author":1,"featured_media":1387684,"comment_status":"open","ping_status":"closed","sticky":false,"template":"","format":"standard","meta":{"post_tipo":"news","footnotes":""},"categories":[214992],"tags":[],"tax_estado":[219982],"class_list":["post-1476196","post","type-post","status-publish","format-standard","has-post-thumbnail","hentry","category-concursos-administrativos","tax_estado-rj"],"acf":[],"yoast_head":"<!-- This site is optimized with the Yoast SEO Premium plugin v27.2 (Yoast SEO v27.2) - https:\/\/yoast.com\/product\/yoast-seo-premium-wordpress\/ -->\n<title>Edital Jardim Bot\u00e2nico: inscri\u00e7\u00f5es j\u00e1 est\u00e3o abertas!<\/title>\n<meta name=\"description\" content=\"O concurso p\u00fablico do Instituto de Pesquisas Jardim Bot\u00e2nico do Rio de Janeiro est\u00e1 com inscri\u00e7\u00f5es abertas. Cargos de n\u00edvel superior!\" \/>\n<meta name=\"robots\" content=\"index, follow, max-snippet:-1, max-image-preview:large, max-video-preview:-1\" \/>\n<link rel=\"canonical\" href=\"https:\/\/www.estrategiaconcursos.com.br\/blog\/edital-concurso-jardim-botanico-rj\/\" \/>\n<meta property=\"og:locale\" content=\"pt_BR\" \/>\n<meta property=\"og:type\" content=\"article\" \/>\n<meta property=\"og:title\" content=\"Edital Jardim Bot\u00e2nico: inscri\u00e7\u00f5es j\u00e1 est\u00e3o abertas!\" \/>\n<meta property=\"og:description\" content=\"O concurso p\u00fablico do Instituto de Pesquisas Jardim Bot\u00e2nico do Rio de Janeiro est\u00e1 com inscri\u00e7\u00f5es abertas. Cargos de n\u00edvel superior!\" \/>\n<meta property=\"og:url\" content=\"https:\/\/www.estrategiaconcursos.com.br\/blog\/edital-concurso-jardim-botanico-rj\/\" \/>\n<meta property=\"og:site_name\" content=\"Estrat\u00e9gia Concursos\" \/>\n<meta property=\"article:author\" content=\"https:\/\/www.facebook.com\/EstrategiaConcursos\" \/>\n<meta property=\"article:published_time\" content=\"2024-10-21T13:10:00+00:00\" \/>\n<meta property=\"article:modified_time\" content=\"2024-10-21T17:29:28+00:00\" \/>\n<meta property=\"og:image\" content=\"https:\/\/dhg1h5j42swfq.cloudfront.net\/2024\/04\/22095305\/jardim-botanico-rj.jpg\" \/>\n\t<meta property=\"og:image:width\" content=\"768\" \/>\n\t<meta property=\"og:image:height\" content=\"432\" \/>\n\t<meta property=\"og:image:type\" content=\"image\/jpeg\" \/>\n<meta name=\"author\" content=\"Coordena\u00e7\u00e3o\" \/>\n<meta name=\"twitter:card\" content=\"summary_large_image\" \/>\n<meta name=\"twitter:creator\" content=\"@EstratConcursos\" \/>\n<meta name=\"twitter:site\" content=\"@EstratConcursos\" \/>\n<meta name=\"twitter:label1\" content=\"Escrito por\" \/>\n\t<meta name=\"twitter:data1\" content=\"Coordena\u00e7\u00e3o\" \/>\n\t<meta name=\"twitter:label2\" content=\"Est. tempo de leitura\" \/>\n\t<meta name=\"twitter:data2\" content=\"4 minutos\" \/>\n<script type=\"application\/ld+json\" class=\"yoast-schema-graph\">{\"@context\":\"https:\/\/schema.org\",\"@graph\":[{\"@type\":\"NewsArticle\",\"@id\":\"https:\/\/www.estrategiaconcursos.com.br\/blog\/edital-concurso-jardim-botanico-rj\/#article\",\"isPartOf\":{\"@id\":\"https:\/\/www.estrategiaconcursos.com.br\/blog\/edital-concurso-jardim-botanico-rj\/\"},\"author\":{\"name\":\"Coordena\u00e7\u00e3o\",\"@id\":\"https:\/\/www.estrategiaconcursos.com.br\/blog\/#\/schema\/person\/b4a388c97673c5f483d72185668afa1f\"},\"headline\":\"Edital Jardim Bot\u00e2nico: inscri\u00e7\u00f5es j\u00e1 est\u00e3o abertas!\",\"datePublished\":\"2024-10-21T13:10:00+00:00\",\"dateModified\":\"2024-10-21T17:29:28+00:00\",\"mainEntityOfPage\":{\"@id\":\"https:\/\/www.estrategiaconcursos.com.br\/blog\/edital-concurso-jardim-botanico-rj\/\"},\"wordCount\":796,\"commentCount\":0,\"publisher\":{\"@id\":\"https:\/\/www.estrategiaconcursos.com.br\/blog\/#organization\"},\"image\":{\"@id\":\"https:\/\/www.estrategiaconcursos.com.br\/blog\/edital-concurso-jardim-botanico-rj\/#primaryimage\"},\"thumbnailUrl\":\"https:\/\/dhg1h5j42swfq.cloudfront.net\/2024\/04\/22095305\/jardim-botanico-rj.jpg\",\"articleSection\":[\"Executivo (Administrativa)\"],\"inLanguage\":\"pt-BR\",\"potentialAction\":[{\"@type\":\"CommentAction\",\"name\":\"Comment\",\"target\":[\"https:\/\/www.estrategiaconcursos.com.br\/blog\/edital-concurso-jardim-botanico-rj\/#respond\"]}],\"copyrightYear\":\"2024\",\"copyrightHolder\":{\"@id\":\"https:\/\/www.estrategiaconcursos.com.br\/blog\/#organization\"}},{\"@type\":\"WebPage\",\"@id\":\"https:\/\/www.estrategiaconcursos.com.br\/blog\/edital-concurso-jardim-botanico-rj\/\",\"url\":\"https:\/\/www.estrategiaconcursos.com.br\/blog\/edital-concurso-jardim-botanico-rj\/\",\"name\":\"Edital Jardim Bot\u00e2nico: inscri\u00e7\u00f5es j\u00e1 est\u00e3o abertas!\",\"isPartOf\":{\"@id\":\"https:\/\/www.estrategiaconcursos.com.br\/blog\/#website\"},\"primaryImageOfPage\":{\"@id\":\"https:\/\/www.estrategiaconcursos.com.br\/blog\/edital-concurso-jardim-botanico-rj\/#primaryimage\"},\"image\":{\"@id\":\"https:\/\/www.estrategiaconcursos.com.br\/blog\/edital-concurso-jardim-botanico-rj\/#primaryimage\"},\"thumbnailUrl\":\"https:\/\/dhg1h5j42swfq.cloudfront.net\/2024\/04\/22095305\/jardim-botanico-rj.jpg\",\"datePublished\":\"2024-10-21T13:10:00+00:00\",\"dateModified\":\"2024-10-21T17:29:28+00:00\",\"description\":\"O concurso p\u00fablico do Instituto de Pesquisas Jardim Bot\u00e2nico do Rio de Janeiro est\u00e1 com inscri\u00e7\u00f5es abertas. Cargos de n\u00edvel superior!\",\"breadcrumb\":{\"@id\":\"https:\/\/www.estrategiaconcursos.com.br\/blog\/edital-concurso-jardim-botanico-rj\/#breadcrumb\"},\"inLanguage\":\"pt-BR\",\"potentialAction\":[{\"@type\":\"ReadAction\",\"target\":[\"https:\/\/www.estrategiaconcursos.com.br\/blog\/edital-concurso-jardim-botanico-rj\/\"]}]},{\"@type\":\"ImageObject\",\"inLanguage\":\"pt-BR\",\"@id\":\"https:\/\/www.estrategiaconcursos.com.br\/blog\/edital-concurso-jardim-botanico-rj\/#primaryimage\",\"url\":\"https:\/\/dhg1h5j42swfq.cloudfront.net\/2024\/04\/22095305\/jardim-botanico-rj.jpg\",\"contentUrl\":\"https:\/\/dhg1h5j42swfq.cloudfront.net\/2024\/04\/22095305\/jardim-botanico-rj.jpg\",\"width\":768,\"height\":432,\"caption\":\"Confira a distribui\u00e7\u00e3o de vagas do concurso Jardim Bot\u00e2nico\"},{\"@type\":\"BreadcrumbList\",\"@id\":\"https:\/\/www.estrategiaconcursos.com.br\/blog\/edital-concurso-jardim-botanico-rj\/#breadcrumb\",\"itemListElement\":[{\"@type\":\"ListItem\",\"position\":1,\"name\":\"In\u00edcio\",\"item\":\"https:\/\/www.estrategiaconcursos.com.br\/blog\/\"},{\"@type\":\"ListItem\",\"position\":2,\"name\":\"Edital Jardim Bot\u00e2nico: inscri\u00e7\u00f5es j\u00e1 est\u00e3o abertas!\"}]},{\"@type\":\"WebSite\",\"@id\":\"https:\/\/www.estrategiaconcursos.com.br\/blog\/#website\",\"url\":\"https:\/\/www.estrategiaconcursos.com.br\/blog\/\",\"name\":\"Estrat\u00e9gia Concursos\",\"description\":\"O blog da Estrat\u00e9gia Concursos traz not\u00edcias sobre concursos e artigos de professores oferecendo cursos para concursos (pdf + videaulas) no site.\",\"publisher\":{\"@id\":\"https:\/\/www.estrategiaconcursos.com.br\/blog\/#organization\"},\"potentialAction\":[{\"@type\":\"SearchAction\",\"target\":{\"@type\":\"EntryPoint\",\"urlTemplate\":\"https:\/\/www.estrategiaconcursos.com.br\/blog\/?s={search_term_string}\"},\"query-input\":{\"@type\":\"PropertyValueSpecification\",\"valueRequired\":true,\"valueName\":\"search_term_string\"}}],\"inLanguage\":\"pt-BR\"},{\"@type\":\"Organization\",\"@id\":\"https:\/\/www.estrategiaconcursos.com.br\/blog\/#organization\",\"name\":\"Estrat\u00e9gia Concursos\",\"url\":\"https:\/\/www.estrategiaconcursos.com.br\/blog\/\",\"logo\":{\"@type\":\"ImageObject\",\"inLanguage\":\"pt-BR\",\"@id\":\"https:\/\/www.estrategiaconcursos.com.br\/blog\/#\/schema\/logo\/image\/\",\"url\":\"https:\/\/dhg1h5j42swfq.cloudfront.net\/2025\/06\/03203428\/logo_concursos-1.jpg\",\"contentUrl\":\"https:\/\/dhg1h5j42swfq.cloudfront.net\/2025\/06\/03203428\/logo_concursos-1.jpg\",\"width\":230,\"height\":60,\"caption\":\"Estrat\u00e9gia Concursos\"},\"image\":{\"@id\":\"https:\/\/www.estrategiaconcursos.com.br\/blog\/#\/schema\/logo\/image\/\"},\"sameAs\":[\"https:\/\/x.com\/EstratConcursos\"]},{\"@type\":\"Person\",\"@id\":\"https:\/\/www.estrategiaconcursos.com.br\/blog\/#\/schema\/person\/b4a388c97673c5f483d72185668afa1f\",\"name\":\"Coordena\u00e7\u00e3o\",\"image\":{\"@type\":\"ImageObject\",\"inLanguage\":\"pt-BR\",\"@id\":\"https:\/\/secure.gravatar.com\/avatar\/b720319e4c9a967eb58678d110f4fe35452fc5d5f97b202bac7b8acceb18c6ad?s=96&d=mm&r=g\",\"url\":\"https:\/\/secure.gravatar.com\/avatar\/b720319e4c9a967eb58678d110f4fe35452fc5d5f97b202bac7b8acceb18c6ad?s=96&d=mm&r=g\",\"contentUrl\":\"https:\/\/secure.gravatar.com\/avatar\/b720319e4c9a967eb58678d110f4fe35452fc5d5f97b202bac7b8acceb18c6ad?s=96&d=mm&r=g\",\"caption\":\"Coordena\u00e7\u00e3o\"},\"sameAs\":[\"https:\/\/www.facebook.com\/EstrategiaConcursos\",\"https:\/\/x.com\/EstratConcursos\"],\"url\":\"https:\/\/www.estrategiaconcursos.com.br\/blog\/author\/estrategia2013\/\"}]}<\/script>\n<!-- \/ Yoast SEO Premium plugin. -->","yoast_head_json":{"title":"Edital Jardim Bot\u00e2nico: inscri\u00e7\u00f5es j\u00e1 est\u00e3o abertas!","description":"O concurso p\u00fablico do Instituto de Pesquisas Jardim Bot\u00e2nico do Rio de Janeiro est\u00e1 com inscri\u00e7\u00f5es abertas. Cargos de n\u00edvel superior!","robots":{"index":"index","follow":"follow","max-snippet":"max-snippet:-1","max-image-preview":"max-image-preview:large","max-video-preview":"max-video-preview:-1"},"canonical":"https:\/\/www.estrategiaconcursos.com.br\/blog\/edital-concurso-jardim-botanico-rj\/","og_locale":"pt_BR","og_type":"article","og_title":"Edital Jardim Bot\u00e2nico: inscri\u00e7\u00f5es j\u00e1 est\u00e3o abertas!","og_description":"O concurso p\u00fablico do Instituto de Pesquisas Jardim Bot\u00e2nico do Rio de Janeiro est\u00e1 com inscri\u00e7\u00f5es abertas. Cargos de n\u00edvel superior!","og_url":"https:\/\/www.estrategiaconcursos.com.br\/blog\/edital-concurso-jardim-botanico-rj\/","og_site_name":"Estrat\u00e9gia Concursos","article_author":"https:\/\/www.facebook.com\/EstrategiaConcursos","article_published_time":"2024-10-21T13:10:00+00:00","article_modified_time":"2024-10-21T17:29:28+00:00","og_image":[{"width":768,"height":432,"url":"https:\/\/dhg1h5j42swfq.cloudfront.net\/2024\/04\/22095305\/jardim-botanico-rj.jpg","type":"image\/jpeg"}],"author":"Coordena\u00e7\u00e3o","twitter_card":"summary_large_image","twitter_creator":"@EstratConcursos","twitter_site":"@EstratConcursos","twitter_misc":{"Escrito por":"Coordena\u00e7\u00e3o","Est. tempo de leitura":"4 minutos"},"schema":{"@context":"https:\/\/schema.org","@graph":[{"@type":"NewsArticle","@id":"https:\/\/www.estrategiaconcursos.com.br\/blog\/edital-concurso-jardim-botanico-rj\/#article","isPartOf":{"@id":"https:\/\/www.estrategiaconcursos.com.br\/blog\/edital-concurso-jardim-botanico-rj\/"},"author":{"name":"Coordena\u00e7\u00e3o","@id":"https:\/\/www.estrategiaconcursos.com.br\/blog\/#\/schema\/person\/b4a388c97673c5f483d72185668afa1f"},"headline":"Edital Jardim Bot\u00e2nico: inscri\u00e7\u00f5es j\u00e1 est\u00e3o abertas!","datePublished":"2024-10-21T13:10:00+00:00","dateModified":"2024-10-21T17:29:28+00:00","mainEntityOfPage":{"@id":"https:\/\/www.estrategiaconcursos.com.br\/blog\/edital-concurso-jardim-botanico-rj\/"},"wordCount":796,"commentCount":0,"publisher":{"@id":"https:\/\/www.estrategiaconcursos.com.br\/blog\/#organization"},"image":{"@id":"https:\/\/www.estrategiaconcursos.com.br\/blog\/edital-concurso-jardim-botanico-rj\/#primaryimage"},"thumbnailUrl":"https:\/\/dhg1h5j42swfq.cloudfront.net\/2024\/04\/22095305\/jardim-botanico-rj.jpg","articleSection":["Executivo (Administrativa)"],"inLanguage":"pt-BR","potentialAction":[{"@type":"CommentAction","name":"Comment","target":["https:\/\/www.estrategiaconcursos.com.br\/blog\/edital-concurso-jardim-botanico-rj\/#respond"]}],"copyrightYear":"2024","copyrightHolder":{"@id":"https:\/\/www.estrategiaconcursos.com.br\/blog\/#organization"}},{"@type":"WebPage","@id":"https:\/\/www.estrategiaconcursos.com.br\/blog\/edital-concurso-jardim-botanico-rj\/","url":"https:\/\/www.estrategiaconcursos.com.br\/blog\/edital-concurso-jardim-botanico-rj\/","name":"Edital Jardim Bot\u00e2nico: inscri\u00e7\u00f5es j\u00e1 est\u00e3o abertas!","isPartOf":{"@id":"https:\/\/www.estrategiaconcursos.com.br\/blog\/#website"},"primaryImageOfPage":{"@id":"https:\/\/www.estrategiaconcursos.com.br\/blog\/edital-concurso-jardim-botanico-rj\/#primaryimage"},"image":{"@id":"https:\/\/www.estrategiaconcursos.com.br\/blog\/edital-concurso-jardim-botanico-rj\/#primaryimage"},"thumbnailUrl":"https:\/\/dhg1h5j42swfq.cloudfront.net\/2024\/04\/22095305\/jardim-botanico-rj.jpg","datePublished":"2024-10-21T13:10:00+00:00","dateModified":"2024-10-21T17:29:28+00:00","description":"O concurso p\u00fablico do Instituto de Pesquisas Jardim Bot\u00e2nico do Rio de Janeiro est\u00e1 com inscri\u00e7\u00f5es abertas. Cargos de n\u00edvel superior!","breadcrumb":{"@id":"https:\/\/www.estrategiaconcursos.com.br\/blog\/edital-concurso-jardim-botanico-rj\/#breadcrumb"},"inLanguage":"pt-BR","potentialAction":[{"@type":"ReadAction","target":["https:\/\/www.estrategiaconcursos.com.br\/blog\/edital-concurso-jardim-botanico-rj\/"]}]},{"@type":"ImageObject","inLanguage":"pt-BR","@id":"https:\/\/www.estrategiaconcursos.com.br\/blog\/edital-concurso-jardim-botanico-rj\/#primaryimage","url":"https:\/\/dhg1h5j42swfq.cloudfront.net\/2024\/04\/22095305\/jardim-botanico-rj.jpg","contentUrl":"https:\/\/dhg1h5j42swfq.cloudfront.net\/2024\/04\/22095305\/jardim-botanico-rj.jpg","width":768,"height":432,"caption":"Confira a distribui\u00e7\u00e3o de vagas do concurso Jardim Bot\u00e2nico"},{"@type":"BreadcrumbList","@id":"https:\/\/www.estrategiaconcursos.com.br\/blog\/edital-concurso-jardim-botanico-rj\/#breadcrumb","itemListElement":[{"@type":"ListItem","position":1,"name":"In\u00edcio","item":"https:\/\/www.estrategiaconcursos.com.br\/blog\/"},{"@type":"ListItem","position":2,"name":"Edital Jardim Bot\u00e2nico: inscri\u00e7\u00f5es j\u00e1 est\u00e3o abertas!"}]},{"@type":"WebSite","@id":"https:\/\/www.estrategiaconcursos.com.br\/blog\/#website","url":"https:\/\/www.estrategiaconcursos.com.br\/blog\/","name":"Estrat\u00e9gia Concursos","description":"O blog da Estrat\u00e9gia Concursos traz not\u00edcias sobre concursos e artigos de professores oferecendo cursos para concursos (pdf + videaulas) no site.","publisher":{"@id":"https:\/\/www.estrategiaconcursos.com.br\/blog\/#organization"},"potentialAction":[{"@type":"SearchAction","target":{"@type":"EntryPoint","urlTemplate":"https:\/\/www.estrategiaconcursos.com.br\/blog\/?s={search_term_string}"},"query-input":{"@type":"PropertyValueSpecification","valueRequired":true,"valueName":"search_term_string"}}],"inLanguage":"pt-BR"},{"@type":"Organization","@id":"https:\/\/www.estrategiaconcursos.com.br\/blog\/#organization","name":"Estrat\u00e9gia Concursos","url":"https:\/\/www.estrategiaconcursos.com.br\/blog\/","logo":{"@type":"ImageObject","inLanguage":"pt-BR","@id":"https:\/\/www.estrategiaconcursos.com.br\/blog\/#\/schema\/logo\/image\/","url":"https:\/\/dhg1h5j42swfq.cloudfront.net\/2025\/06\/03203428\/logo_concursos-1.jpg","contentUrl":"https:\/\/dhg1h5j42swfq.cloudfront.net\/2025\/06\/03203428\/logo_concursos-1.jpg","width":230,"height":60,"caption":"Estrat\u00e9gia Concursos"},"image":{"@id":"https:\/\/www.estrategiaconcursos.com.br\/blog\/#\/schema\/logo\/image\/"},"sameAs":["https:\/\/x.com\/EstratConcursos"]},{"@type":"Person","@id":"https:\/\/www.estrategiaconcursos.com.br\/blog\/#\/schema\/person\/b4a388c97673c5f483d72185668afa1f","name":"Coordena\u00e7\u00e3o","image":{"@type":"ImageObject","inLanguage":"pt-BR","@id":"https:\/\/secure.gravatar.com\/avatar\/b720319e4c9a967eb58678d110f4fe35452fc5d5f97b202bac7b8acceb18c6ad?s=96&d=mm&r=g","url":"https:\/\/secure.gravatar.com\/avatar\/b720319e4c9a967eb58678d110f4fe35452fc5d5f97b202bac7b8acceb18c6ad?s=96&d=mm&r=g","contentUrl":"https:\/\/secure.gravatar.com\/avatar\/b720319e4c9a967eb58678d110f4fe35452fc5d5f97b202bac7b8acceb18c6ad?s=96&d=mm&r=g","caption":"Coordena\u00e7\u00e3o"},"sameAs":["https:\/\/www.facebook.com\/EstrategiaConcursos","https:\/\/x.com\/EstratConcursos"],"url":"https:\/\/www.estrategiaconcursos.com.br\/blog\/author\/estrategia2013\/"}]}},"_links":{"self":[{"href":"https:\/\/www.estrategiaconcursos.com.br\/blog\/wp-json\/wp\/v2\/posts\/1476196","targetHints":{"allow":["GET"]}}],"collection":[{"href":"https:\/\/www.estrategiaconcursos.com.br\/blog\/wp-json\/wp\/v2\/posts"}],"about":[{"href":"https:\/\/www.estrategiaconcursos.com.br\/blog\/wp-json\/wp\/v2\/types\/post"}],"author":[{"embeddable":true,"href":"https:\/\/www.estrategiaconcursos.com.br\/blog\/wp-json\/wp\/v2\/users\/1"}],"replies":[{"embeddable":true,"href":"https:\/\/www.estrategiaconcursos.com.br\/blog\/wp-json\/wp\/v2\/comments?post=1476196"}],"version-history":[{"count":34,"href":"https:\/\/www.estrategiaconcursos.com.br\/blog\/wp-json\/wp\/v2\/posts\/1476196\/revisions"}],"predecessor-version":[{"id":1479450,"href":"https:\/\/www.estrategiaconcursos.com.br\/blog\/wp-json\/wp\/v2\/posts\/1476196\/revisions\/1479450"}],"wp:featuredmedia":[{"embeddable":true,"href":"https:\/\/www.estrategiaconcursos.com.br\/blog\/wp-json\/wp\/v2\/media\/1387684"}],"wp:attachment":[{"href":"https:\/\/www.estrategiaconcursos.com.br\/blog\/wp-json\/wp\/v2\/media?parent=1476196"}],"wp:term":[{"taxonomy":"category","embeddable":true,"href":"https:\/\/www.estrategiaconcursos.com.br\/blog\/wp-json\/wp\/v2\/categories?post=1476196"},{"taxonomy":"post_tag","embeddable":true,"href":"https:\/\/www.estrategiaconcursos.com.br\/blog\/wp-json\/wp\/v2\/tags?post=1476196"},{"taxonomy":"tax_estado","embeddable":true,"href":"https:\/\/www.estrategiaconcursos.com.br\/blog\/wp-json\/wp\/v2\/tax_estado?post=1476196"}],"curies":[{"name":"wp","href":"https:\/\/api.w.org\/{rel}","templated":true}]}}