{"id":14748,"date":"2014-04-14T12:29:05","date_gmt":"2014-04-14T15:29:05","guid":{"rendered":"https:\/\/www.estrategiaconcursos.com.br\/blog\/?p=14748"},"modified":"2016-03-31T06:59:08","modified_gmt":"2016-03-31T09:59:08","slug":"espanhol-texto-para-treinar-leitura-e-traducao-para-afrfb-2014","status":"publish","type":"post","link":"https:\/\/www.estrategiaconcursos.com.br\/blog\/espanhol-texto-para-treinar-leitura-e-traducao-para-afrfb-2014\/","title":{"rendered":"Espanhol &#8211; texto para treinar leitura e tradu\u00e7\u00e3o para AFRFB-2014"},"content":{"rendered":"<p><span style=\"color: #0000ff\">Ol\u00e1 a todos,<\/span><\/p>\n<p><span style=\"color: #0000ff\">Temos publicado quase diariamente um texto para treinamento de leitura e tradu\u00e7\u00e3o de Espanhol aqui no Estrat\u00e9gia Concursos. Algumas vezes voc\u00eas n\u00e3o encontrar\u00e3o o nosso <em>post<\/em> na primeira p\u00e1gina do site (pois v\u00e1rios professores fazem publica\u00e7\u00f5es e o nosso <em>post<\/em> vai ficando para tr\u00e1s). Nesse caso, basta procurar nos <em>posts<\/em> mais antigos que voc\u00eas encontrar\u00e3o uma publica\u00e7\u00e3o recente.<\/span><\/p>\n<p><span style=\"color: #0000ff\">Para imprimir o texto de hoje, <span style=\"text-decoration: underline;color: #ff0000\"><a style=\"color: #ff0000;text-decoration: underline\" href=\"http:\/\/www.adinoel.com\/estrategia\/post_estrategia_00_14_04_2014.pdf\">clique aqui<\/a><\/span>.<\/span><\/p>\n<p><span style=\"color: #0000ff\">Para ver mais textos de Espanhol aqui no Estrat\u00e9gia Concursos, <span style=\"text-decoration: underline;color: #ff0000\"><a style=\"color: #ff0000;text-decoration: underline\" href=\"http:\/\/www.estrategiaconcursos.com.br\/blog\/author\/adinoel-sebastiaogmail-com\/\">clique aqui<\/a><\/span>.<\/span><\/p>\n<p><span style=\"color: #0000ff\">Para ver os cursos de Espanhol do Estrat\u00e9gia Concursos, <span style=\"text-decoration: underline;color: #ff0000\"><span style=\"text-decoration: underline\"><a style=\"color: #ff0000;text-decoration: underline\" href=\"https:\/\/www.estrategiaconcursos.com.br\/cursosPorProfessor\/adinoel-sebastiao-3238\/\">clique aqui<\/a><\/span><\/span>.<\/span><\/p>\n<p><span style=\"color: #0000ff\">Aproveitamos para informar que estamos disponibilizando mais de <span style=\"text-decoration: underline;color: #ff0000\"><span style=\"text-decoration: underline\"><a style=\"color: #ff0000;text-decoration: underline\" href=\"http:\/\/www.adinoel.com\/\">580 textos<\/a><\/span><\/span> para treinamento de leitura e tradu\u00e7\u00e3o de Espanhol na minha p\u00e1gina: <span style=\"text-decoration: underline;color: #ff0000\"><span style=\"text-decoration: underline\"><a style=\"color: #ff0000;text-decoration: underline\" href=\"http:\/\/www.adinoel.com\/\">www.adinoel.com<\/a><\/span><\/span><\/span><\/p>\n<p><span style=\"color: #0000ff\">Bom dia de estudos para todos.<\/span><\/p>\n<p><span style=\"color: #0000ff\">Prof. Adino\u00e9l Sebasti\u00e3o e Professora Elenice Marasca Barrionuevo<\/span><\/p>\n<p>&#8212;&#8212;&#8212;&#8212;&#8212;&#8212;&#8212;&#8212;&#8212;<br \/>\n<strong>TEXTO<\/strong><br \/>\n<strong>El gobierno de Brasil va a organizar fiestas populares durante el Mundial<\/strong><br \/>\nEl equipo de la presidenta Dilma Rousseff prepara un paquete de anuncios dirigidos a los movimientos sociales y al Mundial, que ser\u00e1 lanzado en las pr\u00f3ximas semanas.<br \/>\nUna de las acciones es la realizaci\u00f3n de fiestas populares durante el evento futbol\u00edstico.<br \/>\nEn una reuni\u00f3n anteayer en el Planalto, Dilma pidi\u00f3 a la ministra Marta Suplicy (Cultura) y al ministro Gilberto Carvalho (Secretar\u00eda General) que coordinen los festivales y eventos culturales con el Mundial como tema principal.<br \/>\nLa idea es promover, inspir\u00e1ndose en los blocos de Carnaval, eventos paralelos a las llamadas Fan Fests de la FIFA, que van a tener lugar en las ciudades-sede.<br \/>\nLos eventos no se limitar\u00e1n a esas capitales, y ser\u00e1n realizados en el resto del pa\u00eds, de acuerdo con el plan del gobierno.<br \/>\nLas fiestas ser\u00e1n promovidas en colaboraci\u00f3n con las escuelas de samba, clubes, bares e hinchadas.<br \/>\nEl gobierno no tiene la intenci\u00f3n de poner dinero p\u00fablico. La idea es mediar entre los patrocinadores, municipios y los locales en donde tendr\u00e1n lugar los eventos, as\u00ed como guiar la instalaci\u00f3n de pantallas de v\u00eddeo, el alquiler de ba\u00f1os qu\u00edmicos y contratar equipos de seguridad.<br \/>\nDe acuerdo con asesores del gobierno, la experiencia es similar a aquella realizada durante el Carnaval en las ciudades de todo el pa\u00eds, cuando las empresas de cerveza, por ejemplo, promueven eventos en medianos y peque\u00f1os municipios.<br \/>\nLa decisi\u00f3n forma parte de la estrategia del gobierno de promover la realizaci\u00f3n del Mundial como beneficio social y cultural.<br \/>\nPreocupa al gobierno de Brasil el desgaste como consecuencia de los retrasos en la construcci\u00f3n de las obras y los gastos en los estadios. La acci\u00f3n ser\u00eda una respuesta positiva a esta debilidad.<br \/>\nLa iniciativa llega en un momento en que los movimientos sociales se est\u00e1n movilizando para realizar una serie de actos contra el torneo -algo que el gobierno viene siguiendo de cerca.<br \/>\nAunque oficialmente el gobierno niega una gran preocupaci\u00f3n con el Mundial, Dilma teme que la insatisfacci\u00f3n pueda afectar a su campa\u00f1a.<br \/>\nUna reciente investigaci\u00f3n de Datafolha revel\u00f3 que m\u00e1s de la mitad de los brasile\u00f1os piensa que el Mundial va a traer m\u00e1s perjuicios que beneficios al pa\u00eds.<\/p>\n<p>Fonte: http:\/\/www1.folha.uol.com.br\/internacional\/es\/deportes\/mundial\/2014\/04\/1438603-el-gobierno-de-brasil-va-a-organizar-fiestas-populares-durante-el-mundial.shtml<\/p>\n<p><strong>TRADU\u00c7\u00c3O LIVRE<\/strong><br \/>\n<strong> El gobierno de Brasil va a organizar fiestas populares durante el Mundial<\/strong><br \/>\n<span style=\"color: #3366ff\">O governo do Brasil vai organizar festas populares durante o Mundial<\/span><\/p>\n<p>El equipo de la presidenta Dilma Rousseff prepara un paquete de anuncios dirigidos a los movimientos sociales y al Mundial, que ser\u00e1 lanzado en las pr\u00f3ximas semanas.<br \/>\n<span style=\"color: #3366ff\">A equipe da presidenta Dilma Rousseff prepara um pacote de an\u00fancios dirigidos aos movimentos sociais e ao Mundial, que ser\u00e1 lan\u00e7ado nas pr\u00f3ximas semanas.<\/span><\/p>\n<p>Una de las acciones es la realizaci\u00f3n de fiestas populares durante el evento futbol\u00edstico.<br \/>\n<span style=\"color: #3366ff\">Umas das a\u00e7\u00f5es \u00e9 a realiza\u00e7\u00e3o de festas populares durante o evento futebol\u00edstico.<\/span><\/p>\n<p>En una reuni\u00f3n anteayer en el Planalto, Dilma pidi\u00f3 a la ministra Marta Suplicy (Cultura) y al ministro Gilberto Carvalho (Secretar\u00eda General) que coordinen los festivales y eventos culturales con el Mundial como tema principal.<br \/>\n<span style=\"color: #3366ff\">Em uma reuni\u00e3o anteontem no Planalto, Dilma pediu \u00e0 ministra Marta Suplicy (Cultura) e ao ministro Gilberto Carvalho (Secretaria Geral) que coordenem os festivais e eventos culturais com o Mundial como tema principal.<\/span><\/p>\n<p>La idea es promover, inspir\u00e1ndose en los blocos de Carnaval, eventos paralelos a las llamadas Fan Fests de la FIFA, que van a tener lugar en las ciudades-sede.<br \/>\n<span style=\"color: #3366ff\">A ideia \u00e9 promover, inspirando-se nos blocos de Carnaval, eventos paralelos \u00e0s chamadas Fan Fests da FIFA, que ir\u00e3o ter lugar nas cidades-sede.<\/span><\/p>\n<p>Los eventos no se limitar\u00e1n a esas capitales, y ser\u00e1n realizados en el resto del pa\u00eds, de acuerdo con el plan del gobierno.<br \/>\n<span style=\"color: #3366ff\">Os eventos n\u00e3o se limitar\u00e3o a essas capitais, e ser\u00e3o realizados no resto do pa\u00eds, de acordo com o plano do governo.<\/span><\/p>\n<p>Las fiestas ser\u00e1n promovidas en colaboraci\u00f3n con las escuelas de samba, clubes, bares e hinchadas.<br \/>\n<span style=\"color: #3366ff\">As festas ser\u00e3o promovidas em colabora\u00e7\u00e3o com as escolas de samba, clubes, bares e torcidas.<\/span><\/p>\n<p>El gobierno no tiene la intenci\u00f3n de poner dinero p\u00fablico. La idea es mediar entre los patrocinadores, municipios y los locales en donde tendr\u00e1n lugar los eventos, as\u00ed como guiar la instalaci\u00f3n de pantallas de v\u00eddeo, el alquiler de ba\u00f1os qu\u00edmicos y contratar equipos de seguridad.<br \/>\n<span style=\"color: #3366ff\">O governo tem a inten\u00e7\u00e3o de colocar dinheiro p\u00fablico. A ideia \u00e9 mediar entre os patrocinadores, munic\u00edpios e os locais onde ter\u00e3o lugar os eventos, assim como guiar a instala\u00e7\u00e3o de telas de v\u00eddeo, o aluguel de banheiros qu\u00edmicos e contratar equipes de seguran\u00e7a.<\/span><\/p>\n<p>De acuerdo con asesores del gobierno, la experiencia es similar a aquella realizada durante el Carnaval en las ciudades de todo el pa\u00eds, cuando las empresas de cerveza, por ejemplo, promueven eventos en medianos y peque\u00f1os municipios.<br \/>\n<span style=\"color: #3366ff\">De acordo com assessores do governo, a experi\u00eancia \u00e9 similar \u00e0quela realizada durante o Carnaval nas cidades de todo o pa\u00eds, quando as empresas de cerveja, por exemplo, promovem eventos em m\u00e9dios e pequenos munic\u00edpios.<\/span><\/p>\n<p>La decisi\u00f3n forma parte de la estrategia del gobierno de promover la realizaci\u00f3n del Mundial como beneficio social y cultural.<br \/>\n<span style=\"color: #3366ff\">A decis\u00e3o forma parte da estrat\u00e9gia do governo de promover a realiza\u00e7\u00e3o do Mundial como benef\u00edcio social e cultural.<\/span><\/p>\n<p>Preocupa al gobierno de Brasil el desgaste como consecuencia de los retrasos en la construcci\u00f3n de las obras y los gastos en los estadios. La acci\u00f3n ser\u00eda una respuesta positiva a esta debilidad.<br \/>\n<span style=\"color: #3366ff\">Preocupa ao governo do Brasil o desgaste como consequ\u00eancia dos atrasos na constru\u00e7\u00e3o das obras e os gastos nos est\u00e1dios. A a\u00e7\u00e3o seria uma resposta positiva e esta debilidade.<\/span><\/p>\n<p>La iniciativa llega en un momento en que los movimientos sociales se est\u00e1n movilizando para realizar una serie de actos contra el torneo -algo que el gobierno viene siguiendo de cerca.<br \/>\n<span style=\"color: #3366ff\">A iniciativa chega num momento em que os movimentos sociais est\u00e3o se mobilizando para realizar uma s\u00e9rie de atos contra o torneio \u2013 algo que o governo vem seguindo de perto.<\/span><\/p>\n<p>Aunque oficialmente el gobierno niega una gran preocupaci\u00f3n con el Mundial, Dilma teme que la insatisfacci\u00f3n pueda afectar a su campa\u00f1a.<br \/>\n<span style=\"color: #3366ff\">Embora oficialmente o governo negue uma grande preocupa\u00e7\u00e3o com o Mundial, Dilma teme que a insatisfa\u00e7\u00e3o possa afetar a sua campanha.<\/span><\/p>\n<p>Una reciente investigaci\u00f3n de Datafolha revel\u00f3 que m\u00e1s de la mitad de los brasile\u00f1os piensa que el Mundial va a traer m\u00e1s perjuicios que beneficios al pa\u00eds.<br \/>\n<span style=\"color: #3366ff\">Uma recente investiga\u00e7\u00e3o do Datafolha revelou que mais da metade dos brasileiros pensam que o Mundial vai trazer mais preju\u00edzos do que benef\u00edcios ao pa\u00eds.<\/span><\/p>\n<p>Fonte: http:\/\/www1.folha.uol.com.br\/internacional\/es\/deportes\/mundial\/2014\/04\/1438603-el-gobierno-de-brasil-va-a-organizar-fiestas-populares-durante-el-mundial.shtml<\/p>\n<p><iframe loading=\"lazy\" title=\"Post estrategia 00_14_04_2014\" src=\"https:\/\/www.slideshare.net\/slideshow\/embed_code\/key\/coNg6uNlDnEjDW\" width=\"479\" height=\"511\" frameborder=\"0\" marginwidth=\"0\" marginheight=\"0\" scrolling=\"no\" style=\"border:1px solid #CCC; border-width:1px; margin-bottom:5px; max-width: 100%;\" allowfullscreen> <\/iframe> <\/p>\n<div style=\"margin-bottom:5px\"> <strong> <a href=\"https:\/\/es.slideshare.net\/adinoelsebastiao\/post-estrategia-0014042014\" title=\"Post estrategia 00_14_04_2014\" target=\"_blank\">Post estrategia 00_14_04_2014<\/a> <\/strong> from <strong><a href=\"https:\/\/www.slideshare.net\/adinoelsebastiao\" target=\"_blank\">adinoel sebastiao<\/a><\/strong> <\/div>\n","protected":false},"excerpt":{"rendered":"<p>Ol\u00e1 a todos, Temos publicado quase diariamente um texto para treinamento de leitura e tradu\u00e7\u00e3o de Espanhol aqui no Estrat\u00e9gia Concursos. Algumas vezes voc\u00eas n\u00e3o encontrar\u00e3o o nosso post na primeira p\u00e1gina do site (pois v\u00e1rios professores fazem publica\u00e7\u00f5es e o nosso post vai ficando para tr\u00e1s). Nesse caso, basta procurar nos posts mais antigos [&hellip;]<\/p>\n","protected":false},"author":121,"featured_media":0,"comment_status":"open","ping_status":"open","sticky":false,"template":"","format":"standard","meta":{"post_tipo":"article","footnotes":""},"categories":[1],"tags":[],"tax_estado":[],"class_list":["post-14748","post","type-post","status-publish","format-standard","hentry","category-cursos-e-concursos"],"acf":[],"yoast_head":"<!-- This site is optimized with the Yoast SEO Premium plugin v27.2 (Yoast SEO v27.2) - https:\/\/yoast.com\/product\/yoast-seo-premium-wordpress\/ -->\n<title>Espanhol - texto para treinar leitura e tradu\u00e7\u00e3o para AFRFB-2014<\/title>\n<meta name=\"robots\" content=\"index, follow, max-snippet:-1, max-image-preview:large, max-video-preview:-1\" \/>\n<link rel=\"canonical\" href=\"https:\/\/www.estrategiaconcursos.com.br\/blog\/espanhol-texto-para-treinar-leitura-e-traducao-para-afrfb-2014\/\" \/>\n<meta property=\"og:locale\" content=\"pt_BR\" \/>\n<meta property=\"og:type\" content=\"article\" \/>\n<meta property=\"og:title\" content=\"Espanhol - texto para treinar leitura e tradu\u00e7\u00e3o para AFRFB-2014\" \/>\n<meta property=\"og:description\" content=\"Ol\u00e1 a todos, Temos publicado quase diariamente um texto para treinamento de leitura e tradu\u00e7\u00e3o de Espanhol aqui no Estrat\u00e9gia Concursos. Algumas vezes voc\u00eas n\u00e3o encontrar\u00e3o o nosso post na primeira p\u00e1gina do site (pois v\u00e1rios professores fazem publica\u00e7\u00f5es e o nosso post vai ficando para tr\u00e1s). Nesse caso, basta procurar nos posts mais antigos [&hellip;]\" \/>\n<meta property=\"og:url\" content=\"https:\/\/www.estrategiaconcursos.com.br\/blog\/espanhol-texto-para-treinar-leitura-e-traducao-para-afrfb-2014\/\" \/>\n<meta property=\"og:site_name\" content=\"Estrat\u00e9gia Concursos\" \/>\n<meta property=\"article:published_time\" content=\"2014-04-14T15:29:05+00:00\" \/>\n<meta property=\"article:modified_time\" content=\"2016-03-31T09:59:08+00:00\" \/>\n<meta name=\"author\" content=\"Adino\u00e9l Sebasti\u00e3o\" \/>\n<meta name=\"twitter:card\" content=\"summary_large_image\" \/>\n<meta name=\"twitter:creator\" content=\"@EstratConcursos\" \/>\n<meta name=\"twitter:site\" content=\"@EstratConcursos\" \/>\n<meta name=\"twitter:label1\" content=\"Escrito por\" \/>\n\t<meta name=\"twitter:data1\" content=\"Adino\u00e9l Sebasti\u00e3o\" \/>\n\t<meta name=\"twitter:label2\" content=\"Est. tempo de leitura\" \/>\n\t<meta name=\"twitter:data2\" content=\"7 minutos\" \/>\n<script type=\"application\/ld+json\" class=\"yoast-schema-graph\">{\"@context\":\"https:\/\/schema.org\",\"@graph\":[{\"@type\":\"NewsArticle\",\"@id\":\"https:\/\/www.estrategiaconcursos.com.br\/blog\/espanhol-texto-para-treinar-leitura-e-traducao-para-afrfb-2014\/#article\",\"isPartOf\":{\"@id\":\"https:\/\/www.estrategiaconcursos.com.br\/blog\/espanhol-texto-para-treinar-leitura-e-traducao-para-afrfb-2014\/\"},\"author\":{\"name\":\"Adino\u00e9l Sebasti\u00e3o\",\"@id\":\"https:\/\/www.estrategiaconcursos.com.br\/blog\/#\/schema\/person\/e6feecd7273067598aae46392fc9f322\"},\"headline\":\"Espanhol &#8211; texto para treinar leitura e tradu\u00e7\u00e3o para AFRFB-2014\",\"datePublished\":\"2014-04-14T15:29:05+00:00\",\"dateModified\":\"2016-03-31T09:59:08+00:00\",\"mainEntityOfPage\":{\"@id\":\"https:\/\/www.estrategiaconcursos.com.br\/blog\/espanhol-texto-para-treinar-leitura-e-traducao-para-afrfb-2014\/\"},\"wordCount\":1384,\"commentCount\":13,\"publisher\":{\"@id\":\"https:\/\/www.estrategiaconcursos.com.br\/blog\/#organization\"},\"articleSection\":[\"Concursos P\u00fablicos\"],\"inLanguage\":\"pt-BR\",\"potentialAction\":[{\"@type\":\"CommentAction\",\"name\":\"Comment\",\"target\":[\"https:\/\/www.estrategiaconcursos.com.br\/blog\/espanhol-texto-para-treinar-leitura-e-traducao-para-afrfb-2014\/#respond\"]}],\"copyrightYear\":\"2014\",\"copyrightHolder\":{\"@id\":\"https:\/\/www.estrategiaconcursos.com.br\/blog\/#organization\"}},{\"@type\":\"WebPage\",\"@id\":\"https:\/\/www.estrategiaconcursos.com.br\/blog\/espanhol-texto-para-treinar-leitura-e-traducao-para-afrfb-2014\/\",\"url\":\"https:\/\/www.estrategiaconcursos.com.br\/blog\/espanhol-texto-para-treinar-leitura-e-traducao-para-afrfb-2014\/\",\"name\":\"Espanhol - texto para treinar leitura e tradu\u00e7\u00e3o para AFRFB-2014\",\"isPartOf\":{\"@id\":\"https:\/\/www.estrategiaconcursos.com.br\/blog\/#website\"},\"datePublished\":\"2014-04-14T15:29:05+00:00\",\"dateModified\":\"2016-03-31T09:59:08+00:00\",\"breadcrumb\":{\"@id\":\"https:\/\/www.estrategiaconcursos.com.br\/blog\/espanhol-texto-para-treinar-leitura-e-traducao-para-afrfb-2014\/#breadcrumb\"},\"inLanguage\":\"pt-BR\",\"potentialAction\":[{\"@type\":\"ReadAction\",\"target\":[\"https:\/\/www.estrategiaconcursos.com.br\/blog\/espanhol-texto-para-treinar-leitura-e-traducao-para-afrfb-2014\/\"]}]},{\"@type\":\"BreadcrumbList\",\"@id\":\"https:\/\/www.estrategiaconcursos.com.br\/blog\/espanhol-texto-para-treinar-leitura-e-traducao-para-afrfb-2014\/#breadcrumb\",\"itemListElement\":[{\"@type\":\"ListItem\",\"position\":1,\"name\":\"In\u00edcio\",\"item\":\"https:\/\/www.estrategiaconcursos.com.br\/blog\/\"},{\"@type\":\"ListItem\",\"position\":2,\"name\":\"Espanhol &#8211; texto para treinar leitura e tradu\u00e7\u00e3o para AFRFB-2014\"}]},{\"@type\":\"WebSite\",\"@id\":\"https:\/\/www.estrategiaconcursos.com.br\/blog\/#website\",\"url\":\"https:\/\/www.estrategiaconcursos.com.br\/blog\/\",\"name\":\"Estrat\u00e9gia Concursos\",\"description\":\"O blog da Estrat\u00e9gia Concursos traz not\u00edcias sobre concursos e artigos de professores oferecendo cursos para concursos (pdf + videaulas) no site.\",\"publisher\":{\"@id\":\"https:\/\/www.estrategiaconcursos.com.br\/blog\/#organization\"},\"potentialAction\":[{\"@type\":\"SearchAction\",\"target\":{\"@type\":\"EntryPoint\",\"urlTemplate\":\"https:\/\/www.estrategiaconcursos.com.br\/blog\/?s={search_term_string}\"},\"query-input\":{\"@type\":\"PropertyValueSpecification\",\"valueRequired\":true,\"valueName\":\"search_term_string\"}}],\"inLanguage\":\"pt-BR\"},{\"@type\":\"Organization\",\"@id\":\"https:\/\/www.estrategiaconcursos.com.br\/blog\/#organization\",\"name\":\"Estrat\u00e9gia Concursos\",\"url\":\"https:\/\/www.estrategiaconcursos.com.br\/blog\/\",\"logo\":{\"@type\":\"ImageObject\",\"inLanguage\":\"pt-BR\",\"@id\":\"https:\/\/www.estrategiaconcursos.com.br\/blog\/#\/schema\/logo\/image\/\",\"url\":\"https:\/\/dhg1h5j42swfq.cloudfront.net\/2025\/06\/03203428\/logo_concursos-1.jpg\",\"contentUrl\":\"https:\/\/dhg1h5j42swfq.cloudfront.net\/2025\/06\/03203428\/logo_concursos-1.jpg\",\"width\":230,\"height\":60,\"caption\":\"Estrat\u00e9gia Concursos\"},\"image\":{\"@id\":\"https:\/\/www.estrategiaconcursos.com.br\/blog\/#\/schema\/logo\/image\/\"},\"sameAs\":[\"https:\/\/x.com\/EstratConcursos\"]},{\"@type\":\"Person\",\"@id\":\"https:\/\/www.estrategiaconcursos.com.br\/blog\/#\/schema\/person\/e6feecd7273067598aae46392fc9f322\",\"name\":\"Adino\u00e9l Sebasti\u00e3o\",\"image\":{\"@type\":\"ImageObject\",\"inLanguage\":\"pt-BR\",\"@id\":\"https:\/\/secure.gravatar.com\/avatar\/d076dd9a00cb1c92545aae4fae60d3013922a1a2e7e9599a079da4450204b8cd?s=96&d=mm&r=g\",\"url\":\"https:\/\/secure.gravatar.com\/avatar\/d076dd9a00cb1c92545aae4fae60d3013922a1a2e7e9599a079da4450204b8cd?s=96&d=mm&r=g\",\"contentUrl\":\"https:\/\/secure.gravatar.com\/avatar\/d076dd9a00cb1c92545aae4fae60d3013922a1a2e7e9599a079da4450204b8cd?s=96&d=mm&r=g\",\"caption\":\"Adino\u00e9l Sebasti\u00e3o\"},\"description\":\"Meu nome \u00e9 ADINO\u00c9L SEBASTI\u00c3O. Sou formado em Ci\u00eancias Cont\u00e1beis pela Funda\u00e7\u00e3o Faculdade de Ci\u00eancias Econ\u00f4micas de Apucarana-PR (FECEA). Sou Auditor-Fiscal do Trabalho (AFT). Estou lotado em Bras\u00edlia-DF na Secretaria de Inspe\u00e7\u00e3o do Trabalho em Bras\u00edlia-DF. Fui aprovado no concurso de AFT-2013. Esse concurso, segundo o CESPE, teve 48.035. Fui Analista Tribut\u00e1rio da Receita Federal (ATRFB) por mais de 22 anos (1991 a 2013). Sou autor do site \\\"www.adinoel.com\\\" e sou colaborador com tradu\u00e7\u00f5es livres de Ingl\u00eas e de Espanhol em alguns sites de concursos. J\u00e1 atuei como professor e tutor online da ESAF (aulas de inform\u00e1tica, palestras, funcionamento do CAC, etc). Elaborei\/elaboro aulas de Espanhol, Ingl\u00eas e Portugu\u00eas para concursos. Possuo v\u00e1rios cursos de forma\u00e7\u00e3o pessoal, entre eles destaco: curso de Espanhol no Instituto Cervantes da Espanha; curso de Ingl\u00eas nas escolas FISK; curso online \\\"Mejores Pr\u00e1cticas en la Administraci\u00f3n Tributaria, Ed. 9\\\", do Instituto de Estudios Fiscales e da Fundaci\u00f3n CEDDET da Espanha.\",\"url\":\"https:\/\/www.estrategiaconcursos.com.br\/blog\/author\/adinoel-sebastiaogmail-com\/\"}]}<\/script>\n<!-- \/ Yoast SEO Premium plugin. -->","yoast_head_json":{"title":"Espanhol - texto para treinar leitura e tradu\u00e7\u00e3o para AFRFB-2014","robots":{"index":"index","follow":"follow","max-snippet":"max-snippet:-1","max-image-preview":"max-image-preview:large","max-video-preview":"max-video-preview:-1"},"canonical":"https:\/\/www.estrategiaconcursos.com.br\/blog\/espanhol-texto-para-treinar-leitura-e-traducao-para-afrfb-2014\/","og_locale":"pt_BR","og_type":"article","og_title":"Espanhol - texto para treinar leitura e tradu\u00e7\u00e3o para AFRFB-2014","og_description":"Ol\u00e1 a todos, Temos publicado quase diariamente um texto para treinamento de leitura e tradu\u00e7\u00e3o de Espanhol aqui no Estrat\u00e9gia Concursos. Algumas vezes voc\u00eas n\u00e3o encontrar\u00e3o o nosso post na primeira p\u00e1gina do site (pois v\u00e1rios professores fazem publica\u00e7\u00f5es e o nosso post vai ficando para tr\u00e1s). Nesse caso, basta procurar nos posts mais antigos [&hellip;]","og_url":"https:\/\/www.estrategiaconcursos.com.br\/blog\/espanhol-texto-para-treinar-leitura-e-traducao-para-afrfb-2014\/","og_site_name":"Estrat\u00e9gia Concursos","article_published_time":"2014-04-14T15:29:05+00:00","article_modified_time":"2016-03-31T09:59:08+00:00","author":"Adino\u00e9l Sebasti\u00e3o","twitter_card":"summary_large_image","twitter_creator":"@EstratConcursos","twitter_site":"@EstratConcursos","twitter_misc":{"Escrito por":"Adino\u00e9l Sebasti\u00e3o","Est. tempo de leitura":"7 minutos"},"schema":{"@context":"https:\/\/schema.org","@graph":[{"@type":"NewsArticle","@id":"https:\/\/www.estrategiaconcursos.com.br\/blog\/espanhol-texto-para-treinar-leitura-e-traducao-para-afrfb-2014\/#article","isPartOf":{"@id":"https:\/\/www.estrategiaconcursos.com.br\/blog\/espanhol-texto-para-treinar-leitura-e-traducao-para-afrfb-2014\/"},"author":{"name":"Adino\u00e9l Sebasti\u00e3o","@id":"https:\/\/www.estrategiaconcursos.com.br\/blog\/#\/schema\/person\/e6feecd7273067598aae46392fc9f322"},"headline":"Espanhol &#8211; texto para treinar leitura e tradu\u00e7\u00e3o para AFRFB-2014","datePublished":"2014-04-14T15:29:05+00:00","dateModified":"2016-03-31T09:59:08+00:00","mainEntityOfPage":{"@id":"https:\/\/www.estrategiaconcursos.com.br\/blog\/espanhol-texto-para-treinar-leitura-e-traducao-para-afrfb-2014\/"},"wordCount":1384,"commentCount":13,"publisher":{"@id":"https:\/\/www.estrategiaconcursos.com.br\/blog\/#organization"},"articleSection":["Concursos P\u00fablicos"],"inLanguage":"pt-BR","potentialAction":[{"@type":"CommentAction","name":"Comment","target":["https:\/\/www.estrategiaconcursos.com.br\/blog\/espanhol-texto-para-treinar-leitura-e-traducao-para-afrfb-2014\/#respond"]}],"copyrightYear":"2014","copyrightHolder":{"@id":"https:\/\/www.estrategiaconcursos.com.br\/blog\/#organization"}},{"@type":"WebPage","@id":"https:\/\/www.estrategiaconcursos.com.br\/blog\/espanhol-texto-para-treinar-leitura-e-traducao-para-afrfb-2014\/","url":"https:\/\/www.estrategiaconcursos.com.br\/blog\/espanhol-texto-para-treinar-leitura-e-traducao-para-afrfb-2014\/","name":"Espanhol - texto para treinar leitura e tradu\u00e7\u00e3o para AFRFB-2014","isPartOf":{"@id":"https:\/\/www.estrategiaconcursos.com.br\/blog\/#website"},"datePublished":"2014-04-14T15:29:05+00:00","dateModified":"2016-03-31T09:59:08+00:00","breadcrumb":{"@id":"https:\/\/www.estrategiaconcursos.com.br\/blog\/espanhol-texto-para-treinar-leitura-e-traducao-para-afrfb-2014\/#breadcrumb"},"inLanguage":"pt-BR","potentialAction":[{"@type":"ReadAction","target":["https:\/\/www.estrategiaconcursos.com.br\/blog\/espanhol-texto-para-treinar-leitura-e-traducao-para-afrfb-2014\/"]}]},{"@type":"BreadcrumbList","@id":"https:\/\/www.estrategiaconcursos.com.br\/blog\/espanhol-texto-para-treinar-leitura-e-traducao-para-afrfb-2014\/#breadcrumb","itemListElement":[{"@type":"ListItem","position":1,"name":"In\u00edcio","item":"https:\/\/www.estrategiaconcursos.com.br\/blog\/"},{"@type":"ListItem","position":2,"name":"Espanhol &#8211; texto para treinar leitura e tradu\u00e7\u00e3o para AFRFB-2014"}]},{"@type":"WebSite","@id":"https:\/\/www.estrategiaconcursos.com.br\/blog\/#website","url":"https:\/\/www.estrategiaconcursos.com.br\/blog\/","name":"Estrat\u00e9gia Concursos","description":"O blog da Estrat\u00e9gia Concursos traz not\u00edcias sobre concursos e artigos de professores oferecendo cursos para concursos (pdf + videaulas) no site.","publisher":{"@id":"https:\/\/www.estrategiaconcursos.com.br\/blog\/#organization"},"potentialAction":[{"@type":"SearchAction","target":{"@type":"EntryPoint","urlTemplate":"https:\/\/www.estrategiaconcursos.com.br\/blog\/?s={search_term_string}"},"query-input":{"@type":"PropertyValueSpecification","valueRequired":true,"valueName":"search_term_string"}}],"inLanguage":"pt-BR"},{"@type":"Organization","@id":"https:\/\/www.estrategiaconcursos.com.br\/blog\/#organization","name":"Estrat\u00e9gia Concursos","url":"https:\/\/www.estrategiaconcursos.com.br\/blog\/","logo":{"@type":"ImageObject","inLanguage":"pt-BR","@id":"https:\/\/www.estrategiaconcursos.com.br\/blog\/#\/schema\/logo\/image\/","url":"https:\/\/dhg1h5j42swfq.cloudfront.net\/2025\/06\/03203428\/logo_concursos-1.jpg","contentUrl":"https:\/\/dhg1h5j42swfq.cloudfront.net\/2025\/06\/03203428\/logo_concursos-1.jpg","width":230,"height":60,"caption":"Estrat\u00e9gia Concursos"},"image":{"@id":"https:\/\/www.estrategiaconcursos.com.br\/blog\/#\/schema\/logo\/image\/"},"sameAs":["https:\/\/x.com\/EstratConcursos"]},{"@type":"Person","@id":"https:\/\/www.estrategiaconcursos.com.br\/blog\/#\/schema\/person\/e6feecd7273067598aae46392fc9f322","name":"Adino\u00e9l Sebasti\u00e3o","image":{"@type":"ImageObject","inLanguage":"pt-BR","@id":"https:\/\/secure.gravatar.com\/avatar\/d076dd9a00cb1c92545aae4fae60d3013922a1a2e7e9599a079da4450204b8cd?s=96&d=mm&r=g","url":"https:\/\/secure.gravatar.com\/avatar\/d076dd9a00cb1c92545aae4fae60d3013922a1a2e7e9599a079da4450204b8cd?s=96&d=mm&r=g","contentUrl":"https:\/\/secure.gravatar.com\/avatar\/d076dd9a00cb1c92545aae4fae60d3013922a1a2e7e9599a079da4450204b8cd?s=96&d=mm&r=g","caption":"Adino\u00e9l Sebasti\u00e3o"},"description":"Meu nome \u00e9 ADINO\u00c9L SEBASTI\u00c3O. Sou formado em Ci\u00eancias Cont\u00e1beis pela Funda\u00e7\u00e3o Faculdade de Ci\u00eancias Econ\u00f4micas de Apucarana-PR (FECEA). Sou Auditor-Fiscal do Trabalho (AFT). Estou lotado em Bras\u00edlia-DF na Secretaria de Inspe\u00e7\u00e3o do Trabalho em Bras\u00edlia-DF. Fui aprovado no concurso de AFT-2013. Esse concurso, segundo o CESPE, teve 48.035. Fui Analista Tribut\u00e1rio da Receita Federal (ATRFB) por mais de 22 anos (1991 a 2013). Sou autor do site \"www.adinoel.com\" e sou colaborador com tradu\u00e7\u00f5es livres de Ingl\u00eas e de Espanhol em alguns sites de concursos. J\u00e1 atuei como professor e tutor online da ESAF (aulas de inform\u00e1tica, palestras, funcionamento do CAC, etc). Elaborei\/elaboro aulas de Espanhol, Ingl\u00eas e Portugu\u00eas para concursos. Possuo v\u00e1rios cursos de forma\u00e7\u00e3o pessoal, entre eles destaco: curso de Espanhol no Instituto Cervantes da Espanha; curso de Ingl\u00eas nas escolas FISK; curso online \"Mejores Pr\u00e1cticas en la Administraci\u00f3n Tributaria, Ed. 9\", do Instituto de Estudios Fiscales e da Fundaci\u00f3n CEDDET da Espanha.","url":"https:\/\/www.estrategiaconcursos.com.br\/blog\/author\/adinoel-sebastiaogmail-com\/"}]}},"_links":{"self":[{"href":"https:\/\/www.estrategiaconcursos.com.br\/blog\/wp-json\/wp\/v2\/posts\/14748","targetHints":{"allow":["GET"]}}],"collection":[{"href":"https:\/\/www.estrategiaconcursos.com.br\/blog\/wp-json\/wp\/v2\/posts"}],"about":[{"href":"https:\/\/www.estrategiaconcursos.com.br\/blog\/wp-json\/wp\/v2\/types\/post"}],"author":[{"embeddable":true,"href":"https:\/\/www.estrategiaconcursos.com.br\/blog\/wp-json\/wp\/v2\/users\/121"}],"replies":[{"embeddable":true,"href":"https:\/\/www.estrategiaconcursos.com.br\/blog\/wp-json\/wp\/v2\/comments?post=14748"}],"version-history":[{"count":4,"href":"https:\/\/www.estrategiaconcursos.com.br\/blog\/wp-json\/wp\/v2\/posts\/14748\/revisions"}],"predecessor-version":[{"id":36003,"href":"https:\/\/www.estrategiaconcursos.com.br\/blog\/wp-json\/wp\/v2\/posts\/14748\/revisions\/36003"}],"wp:attachment":[{"href":"https:\/\/www.estrategiaconcursos.com.br\/blog\/wp-json\/wp\/v2\/media?parent=14748"}],"wp:term":[{"taxonomy":"category","embeddable":true,"href":"https:\/\/www.estrategiaconcursos.com.br\/blog\/wp-json\/wp\/v2\/categories?post=14748"},{"taxonomy":"post_tag","embeddable":true,"href":"https:\/\/www.estrategiaconcursos.com.br\/blog\/wp-json\/wp\/v2\/tags?post=14748"},{"taxonomy":"tax_estado","embeddable":true,"href":"https:\/\/www.estrategiaconcursos.com.br\/blog\/wp-json\/wp\/v2\/tax_estado?post=14748"}],"curies":[{"name":"wp","href":"https:\/\/api.w.org\/{rel}","templated":true}]}}