{"id":147408,"date":"2018-10-23T14:00:59","date_gmt":"2018-10-23T17:00:59","guid":{"rendered":"https:\/\/www.estrategiaconcursos.com.br\/blog\/?p=147408"},"modified":"2023-03-22T09:46:24","modified_gmt":"2023-03-22T12:46:24","slug":"prova-oral-delegado-pf","status":"publish","type":"post","link":"https:\/\/www.estrategiaconcursos.com.br\/blog\/prova-oral-delegado-pf\/","title":{"rendered":"Prova Oral do concurso Delegado PF ocorrer\u00e1 em dezembro e n\u00f3s queremos ajudar na sua prepara\u00e7\u00e3o"},"content":{"rendered":"<p><em><span style=\"font-size: 18pt;\">O Estrat\u00e9gia Carreira Jur\u00eddica organizou um curso especial para Prova Oral de Delegado da PF<\/span><\/em><\/p>\n<p>Nos \u00faltimos dias a Pol\u00edcia Federal e o Cespe divulgaram a esperada lista com as notas dos candidatos no concurso de 2018 que oferece 500 vagas.<\/p>\n<p>Para o cargo de Delegado, 487 guerreiros foram aprovados nas duas provas e se encontram habilitados para participar do\u00a0 Exame de Aptid\u00e3o F\u00edsica, que ocorrer\u00e1 entre os dias\u00a0<strong>2 e 4 de novembro de 2018<\/strong>.<\/p>\n<p>A data da prova oral\u00a0<strong>ainda n\u00e3o foi divulgada<\/strong>, visto que houve uma mudan\u00e7a no cronograma do concurso ap\u00f3s a transfer\u00eancia da primeira etapa para o dia 16 de setembro. Segundo fontes ouvidas pela equipe de jornalismo do Estrat\u00e9gia Concursos, as argui\u00e7\u00f5es podem come\u00e7ar no dia\u00a0<strong>2 de dezembro<\/strong>.<\/p>\n<p>Espera-se que o cronograma da prova oral seja divulgado no dia\u00a0<strong>26 de outubro<\/strong>, quando ser\u00e1 conhecida a lista definitiva dos aprovados nas provas objetiva e discursiva, juntamente com a convoca\u00e7\u00e3o para o Exame de Aptid\u00e3o F\u00edsica.<\/p>\n<p>A prova oral do concurso de Delegado da PF tem v\u00e1rias especificidades e exige do candidato uma prepara\u00e7\u00e3o diferenciada e que envolve, al\u00e9m de um apurado conhecimento jur\u00eddico, o controle emocional e de tempo.<\/p>\n<h2>As regras b\u00e1sicas da prova oral da PF<\/h2>\n<ul>\n<li>A prova oral ser\u00e1 aplicada em Bras\u00edlia.<\/li>\n<li>Ser\u00e3o arguidas as seguintes mat\u00e9rias:\u00a0<b><span style=\"color: #ff0000;\">Direito Administrativo, Direito Constitucional, Direito Penal e Direito Processual Penal<\/span><\/b>.<\/li>\n<li>Crit\u00e9rios a serem avaliados \u201c<i>o dom\u00ednio do conhecimento jur\u00eddico, a articula\u00e7\u00e3o do racioc\u00ednio, a capacidade de argumenta\u00e7\u00e3o e o uso correto do vern\u00e1culo<\/i>\u201d.<\/li>\n<li>A prova valer\u00e1 16 pontos dos quais o candidato dever\u00e1 fazer, pelo menos, 8 para n\u00e3o ser eliminado.<\/li>\n<li>A prova oral tem dura\u00e7\u00e3o de 20 minutos.<\/li>\n<li>Os candidatos ser\u00e3o arguidos de forma isolada em argui\u00e7\u00e3o gravada.<\/li>\n<li>Haver\u00e1 sorteio das perguntas no momento da argui\u00e7\u00e3o, cabendo ao candidato ler e responder as perguntas que ser\u00e3o entregues por escrito, al\u00e9m de eventuais argui\u00e7\u00f5es feitas pela banca examinadora.<\/li>\n<li>Os candidatos devem portar terno (para homens) e traje social discreto (para mulheres).<\/li>\n<\/ul>\n<h2>Conhe\u00e7a um pouco mais sobre a prova oral<\/h2>\n<p>Com a finalidade de aquecer os motores para esta etapa decisiva do concurso, o Estrat\u00e9gia Carreira Jur\u00eddica <a href=\"https:\/\/youtu.be\/_UsMsejMZmQ\">aul\u00e3o especial para a prova oral<\/a>, onde todos os aspectos desta etapa do concurso foram analisados pelos professores Renato Borelli (Juiz Federal, TRF1) e Claudio Tusco (Delegado da PF).<\/p>\n<h2>Curso para a prova oral<\/h2>\n<p>Entre os dias 10 e 11 de novembro, o Estrat\u00e9gia Carreira Jur\u00eddica ir\u00e1 oferecer um <a href=\"https:\/\/youtu.be\/QfPls0nAGQs\">curso presencial focado na prepara\u00e7\u00e3o para a prova oral<\/a>, com bancas simuladas, acompanhamento de fonoaudiol\u00f3gico e psicol\u00f3gico, com t\u00e9cnicas de respira\u00e7\u00e3o e controle de ansiedade.<\/p>\n<p>\u00c9 uma oportunidade \u00fanica de vivenciar um ambiente o mais pr\u00f3ximo poss\u00edvel da prova oral, com um time de professores que inclui os Delegados Federais Claudio Tusco e Luiz Godoy, al\u00e9m do Juiz Federal Renato Borelli.<\/p>\n<p><a href=\"https:\/\/www.estrategiaconcursos.com.br\/curso\/curso-presencial-para-prova-oral-p-concurso-de-delegado-da-policia-federal-delegado\/\" target=\"_blank\" rel=\"noopener\"><em><span style=\"font-size: 24pt;\">Clique aqui e conhe\u00e7a tudo sobre o nosso curso para a Prova Oral<\/span><\/em><\/a><\/p>\n","protected":false},"excerpt":{"rendered":"<p>O Estrat\u00e9gia Carreira Jur\u00eddica organizou um curso especial para Prova Oral de Delegado da PF Nos \u00faltimos dias a Pol\u00edcia Federal e o Cespe divulgaram a esperada lista com as notas dos candidatos no concurso de 2018 que oferece 500 vagas. Para o cargo de Delegado, 487 guerreiros foram aprovados nas duas provas e se [&hellip;]<\/p>\n","protected":false},"author":180,"featured_media":147429,"comment_status":"open","ping_status":"closed","sticky":false,"template":"","format":"standard","meta":{"post_tipo":"article","footnotes":""},"categories":[1],"tags":[],"tax_estado":[],"class_list":["post-147408","post","type-post","status-publish","format-standard","has-post-thumbnail","hentry","category-cursos-e-concursos"],"acf":[],"yoast_head":"<!-- This site is optimized with the Yoast SEO Premium plugin v27.2 (Yoast SEO v27.2) - https:\/\/yoast.com\/product\/yoast-seo-premium-wordpress\/ -->\n<title>Prova Oral Delegado da PF: inscreva-se para o aul\u00e3o de an\u00e1lise completa<\/title>\n<meta name=\"description\" content=\"Prova Oral Delegado PF: conhe\u00e7a todos os detalhes sobre esta fase decisiva do concurso da Pol\u00edcia Federal e saiba como se preparar.\" \/>\n<meta name=\"robots\" content=\"index, follow, max-snippet:-1, max-image-preview:large, max-video-preview:-1\" \/>\n<link rel=\"canonical\" href=\"https:\/\/www.estrategiaconcursos.com.br\/blog\/prova-oral-delegado-pf\/\" \/>\n<meta property=\"og:locale\" content=\"pt_BR\" \/>\n<meta property=\"og:type\" content=\"article\" \/>\n<meta property=\"og:title\" content=\"Prova Oral do concurso Delegado PF ocorrer\u00e1 em dezembro e n\u00f3s queremos ajudar na sua prepara\u00e7\u00e3o\" \/>\n<meta property=\"og:description\" content=\"Prova Oral Delegado PF: conhe\u00e7a todos os detalhes sobre esta fase decisiva do concurso da Pol\u00edcia Federal e saiba como se preparar.\" \/>\n<meta property=\"og:url\" content=\"https:\/\/www.estrategiaconcursos.com.br\/blog\/prova-oral-delegado-pf\/\" \/>\n<meta property=\"og:site_name\" content=\"Estrat\u00e9gia Concursos\" \/>\n<meta property=\"article:author\" content=\"https:\/\/www.facebook.com\/ricardo.s.torques\" \/>\n<meta property=\"article:published_time\" content=\"2018-10-23T17:00:59+00:00\" \/>\n<meta property=\"article:modified_time\" content=\"2023-03-22T12:46:24+00:00\" \/>\n<meta property=\"og:image\" content=\"https:\/\/dhg1h5j42swfq.cloudfront.net\/2018\/10\/18153251\/prova-oral-delegado-pf2.jpg\" \/>\n\t<meta property=\"og:image:width\" content=\"800\" \/>\n\t<meta property=\"og:image:height\" content=\"400\" \/>\n\t<meta property=\"og:image:type\" content=\"image\/jpeg\" \/>\n<meta name=\"author\" content=\"Ricardo Torques\" \/>\n<meta name=\"twitter:card\" content=\"summary_large_image\" \/>\n<meta name=\"twitter:creator\" content=\"@EstratConcursos\" \/>\n<meta name=\"twitter:site\" content=\"@EstratConcursos\" \/>\n<meta name=\"twitter:label1\" content=\"Escrito por\" \/>\n\t<meta name=\"twitter:data1\" content=\"Ricardo Torques\" \/>\n\t<meta name=\"twitter:label2\" content=\"Est. tempo de leitura\" \/>\n\t<meta name=\"twitter:data2\" content=\"3 minutos\" \/>\n<script type=\"application\/ld+json\" class=\"yoast-schema-graph\">{\"@context\":\"https:\/\/schema.org\",\"@graph\":[{\"@type\":\"NewsArticle\",\"@id\":\"https:\/\/www.estrategiaconcursos.com.br\/blog\/prova-oral-delegado-pf\/#article\",\"isPartOf\":{\"@id\":\"https:\/\/www.estrategiaconcursos.com.br\/blog\/prova-oral-delegado-pf\/\"},\"author\":{\"name\":\"Ricardo Torques\",\"@id\":\"https:\/\/www.estrategiaconcursos.com.br\/blog\/#\/schema\/person\/aa39cf5ddb518e5bdce27c35788405e2\"},\"headline\":\"Prova Oral do concurso Delegado PF ocorrer\u00e1 em dezembro e n\u00f3s queremos ajudar na sua prepara\u00e7\u00e3o\",\"datePublished\":\"2018-10-23T17:00:59+00:00\",\"dateModified\":\"2023-03-22T12:46:24+00:00\",\"mainEntityOfPage\":{\"@id\":\"https:\/\/www.estrategiaconcursos.com.br\/blog\/prova-oral-delegado-pf\/\"},\"wordCount\":531,\"commentCount\":0,\"publisher\":{\"@id\":\"https:\/\/www.estrategiaconcursos.com.br\/blog\/#organization\"},\"image\":{\"@id\":\"https:\/\/www.estrategiaconcursos.com.br\/blog\/prova-oral-delegado-pf\/#primaryimage\"},\"thumbnailUrl\":\"https:\/\/dhg1h5j42swfq.cloudfront.net\/2018\/10\/18153251\/prova-oral-delegado-pf2.jpg\",\"articleSection\":[\"Concursos P\u00fablicos\"],\"inLanguage\":\"pt-BR\",\"potentialAction\":[{\"@type\":\"CommentAction\",\"name\":\"Comment\",\"target\":[\"https:\/\/www.estrategiaconcursos.com.br\/blog\/prova-oral-delegado-pf\/#respond\"]}],\"copyrightYear\":\"2018\",\"copyrightHolder\":{\"@id\":\"https:\/\/www.estrategiaconcursos.com.br\/blog\/#organization\"}},{\"@type\":\"WebPage\",\"@id\":\"https:\/\/www.estrategiaconcursos.com.br\/blog\/prova-oral-delegado-pf\/\",\"url\":\"https:\/\/www.estrategiaconcursos.com.br\/blog\/prova-oral-delegado-pf\/\",\"name\":\"Prova Oral Delegado da PF: inscreva-se para o aul\u00e3o de an\u00e1lise completa\",\"isPartOf\":{\"@id\":\"https:\/\/www.estrategiaconcursos.com.br\/blog\/#website\"},\"primaryImageOfPage\":{\"@id\":\"https:\/\/www.estrategiaconcursos.com.br\/blog\/prova-oral-delegado-pf\/#primaryimage\"},\"image\":{\"@id\":\"https:\/\/www.estrategiaconcursos.com.br\/blog\/prova-oral-delegado-pf\/#primaryimage\"},\"thumbnailUrl\":\"https:\/\/dhg1h5j42swfq.cloudfront.net\/2018\/10\/18153251\/prova-oral-delegado-pf2.jpg\",\"datePublished\":\"2018-10-23T17:00:59+00:00\",\"dateModified\":\"2023-03-22T12:46:24+00:00\",\"description\":\"Prova Oral Delegado PF: conhe\u00e7a todos os detalhes sobre esta fase decisiva do concurso da Pol\u00edcia Federal e saiba como se preparar.\",\"breadcrumb\":{\"@id\":\"https:\/\/www.estrategiaconcursos.com.br\/blog\/prova-oral-delegado-pf\/#breadcrumb\"},\"inLanguage\":\"pt-BR\",\"potentialAction\":[{\"@type\":\"ReadAction\",\"target\":[\"https:\/\/www.estrategiaconcursos.com.br\/blog\/prova-oral-delegado-pf\/\"]}]},{\"@type\":\"ImageObject\",\"inLanguage\":\"pt-BR\",\"@id\":\"https:\/\/www.estrategiaconcursos.com.br\/blog\/prova-oral-delegado-pf\/#primaryimage\",\"url\":\"https:\/\/dhg1h5j42swfq.cloudfront.net\/2018\/10\/18153251\/prova-oral-delegado-pf2.jpg\",\"contentUrl\":\"https:\/\/dhg1h5j42swfq.cloudfront.net\/2018\/10\/18153251\/prova-oral-delegado-pf2.jpg\",\"width\":800,\"height\":400,\"caption\":\"prova oral delegado pf\"},{\"@type\":\"BreadcrumbList\",\"@id\":\"https:\/\/www.estrategiaconcursos.com.br\/blog\/prova-oral-delegado-pf\/#breadcrumb\",\"itemListElement\":[{\"@type\":\"ListItem\",\"position\":1,\"name\":\"In\u00edcio\",\"item\":\"https:\/\/www.estrategiaconcursos.com.br\/blog\/\"},{\"@type\":\"ListItem\",\"position\":2,\"name\":\"Prova Oral do concurso Delegado PF ocorrer\u00e1 em dezembro e n\u00f3s queremos ajudar na sua prepara\u00e7\u00e3o\"}]},{\"@type\":\"WebSite\",\"@id\":\"https:\/\/www.estrategiaconcursos.com.br\/blog\/#website\",\"url\":\"https:\/\/www.estrategiaconcursos.com.br\/blog\/\",\"name\":\"Estrat\u00e9gia Concursos\",\"description\":\"O blog da Estrat\u00e9gia Concursos traz not\u00edcias sobre concursos e artigos de professores oferecendo cursos para concursos (pdf + videaulas) no site.\",\"publisher\":{\"@id\":\"https:\/\/www.estrategiaconcursos.com.br\/blog\/#organization\"},\"potentialAction\":[{\"@type\":\"SearchAction\",\"target\":{\"@type\":\"EntryPoint\",\"urlTemplate\":\"https:\/\/www.estrategiaconcursos.com.br\/blog\/?s={search_term_string}\"},\"query-input\":{\"@type\":\"PropertyValueSpecification\",\"valueRequired\":true,\"valueName\":\"search_term_string\"}}],\"inLanguage\":\"pt-BR\"},{\"@type\":\"Organization\",\"@id\":\"https:\/\/www.estrategiaconcursos.com.br\/blog\/#organization\",\"name\":\"Estrat\u00e9gia Concursos\",\"url\":\"https:\/\/www.estrategiaconcursos.com.br\/blog\/\",\"logo\":{\"@type\":\"ImageObject\",\"inLanguage\":\"pt-BR\",\"@id\":\"https:\/\/www.estrategiaconcursos.com.br\/blog\/#\/schema\/logo\/image\/\",\"url\":\"https:\/\/dhg1h5j42swfq.cloudfront.net\/2025\/06\/03203428\/logo_concursos-1.jpg\",\"contentUrl\":\"https:\/\/dhg1h5j42swfq.cloudfront.net\/2025\/06\/03203428\/logo_concursos-1.jpg\",\"width\":230,\"height\":60,\"caption\":\"Estrat\u00e9gia Concursos\"},\"image\":{\"@id\":\"https:\/\/www.estrategiaconcursos.com.br\/blog\/#\/schema\/logo\/image\/\"},\"sameAs\":[\"https:\/\/x.com\/EstratConcursos\"]},{\"@type\":\"Person\",\"@id\":\"https:\/\/www.estrategiaconcursos.com.br\/blog\/#\/schema\/person\/aa39cf5ddb518e5bdce27c35788405e2\",\"name\":\"Ricardo Torques\",\"image\":{\"@type\":\"ImageObject\",\"inLanguage\":\"pt-BR\",\"@id\":\"https:\/\/secure.gravatar.com\/avatar\/ce9ac6c3cff25fe86d15ed568ebc64d1724baf5c0693133bcb1f6073f712f92a?s=96&d=mm&r=g\",\"url\":\"https:\/\/secure.gravatar.com\/avatar\/ce9ac6c3cff25fe86d15ed568ebc64d1724baf5c0693133bcb1f6073f712f92a?s=96&d=mm&r=g\",\"contentUrl\":\"https:\/\/secure.gravatar.com\/avatar\/ce9ac6c3cff25fe86d15ed568ebc64d1724baf5c0693133bcb1f6073f712f92a?s=96&d=mm&r=g\",\"caption\":\"Ricardo Torques\"},\"sameAs\":[\"https:\/\/www.facebook.com\/ricardo.s.torques\"],\"url\":\"https:\/\/www.estrategiaconcursos.com.br\/blog\/author\/ricardotorquesestrategiaconcursos-com-br\/\"}]}<\/script>\n<!-- \/ Yoast SEO Premium plugin. -->","yoast_head_json":{"title":"Prova Oral Delegado da PF: inscreva-se para o aul\u00e3o de an\u00e1lise completa","description":"Prova Oral Delegado PF: conhe\u00e7a todos os detalhes sobre esta fase decisiva do concurso da Pol\u00edcia Federal e saiba como se preparar.","robots":{"index":"index","follow":"follow","max-snippet":"max-snippet:-1","max-image-preview":"max-image-preview:large","max-video-preview":"max-video-preview:-1"},"canonical":"https:\/\/www.estrategiaconcursos.com.br\/blog\/prova-oral-delegado-pf\/","og_locale":"pt_BR","og_type":"article","og_title":"Prova Oral do concurso Delegado PF ocorrer\u00e1 em dezembro e n\u00f3s queremos ajudar na sua prepara\u00e7\u00e3o","og_description":"Prova Oral Delegado PF: conhe\u00e7a todos os detalhes sobre esta fase decisiva do concurso da Pol\u00edcia Federal e saiba como se preparar.","og_url":"https:\/\/www.estrategiaconcursos.com.br\/blog\/prova-oral-delegado-pf\/","og_site_name":"Estrat\u00e9gia Concursos","article_author":"https:\/\/www.facebook.com\/ricardo.s.torques","article_published_time":"2018-10-23T17:00:59+00:00","article_modified_time":"2023-03-22T12:46:24+00:00","og_image":[{"width":800,"height":400,"url":"https:\/\/dhg1h5j42swfq.cloudfront.net\/2018\/10\/18153251\/prova-oral-delegado-pf2.jpg","type":"image\/jpeg"}],"author":"Ricardo Torques","twitter_card":"summary_large_image","twitter_creator":"@EstratConcursos","twitter_site":"@EstratConcursos","twitter_misc":{"Escrito por":"Ricardo Torques","Est. tempo de leitura":"3 minutos"},"schema":{"@context":"https:\/\/schema.org","@graph":[{"@type":"NewsArticle","@id":"https:\/\/www.estrategiaconcursos.com.br\/blog\/prova-oral-delegado-pf\/#article","isPartOf":{"@id":"https:\/\/www.estrategiaconcursos.com.br\/blog\/prova-oral-delegado-pf\/"},"author":{"name":"Ricardo Torques","@id":"https:\/\/www.estrategiaconcursos.com.br\/blog\/#\/schema\/person\/aa39cf5ddb518e5bdce27c35788405e2"},"headline":"Prova Oral do concurso Delegado PF ocorrer\u00e1 em dezembro e n\u00f3s queremos ajudar na sua prepara\u00e7\u00e3o","datePublished":"2018-10-23T17:00:59+00:00","dateModified":"2023-03-22T12:46:24+00:00","mainEntityOfPage":{"@id":"https:\/\/www.estrategiaconcursos.com.br\/blog\/prova-oral-delegado-pf\/"},"wordCount":531,"commentCount":0,"publisher":{"@id":"https:\/\/www.estrategiaconcursos.com.br\/blog\/#organization"},"image":{"@id":"https:\/\/www.estrategiaconcursos.com.br\/blog\/prova-oral-delegado-pf\/#primaryimage"},"thumbnailUrl":"https:\/\/dhg1h5j42swfq.cloudfront.net\/2018\/10\/18153251\/prova-oral-delegado-pf2.jpg","articleSection":["Concursos P\u00fablicos"],"inLanguage":"pt-BR","potentialAction":[{"@type":"CommentAction","name":"Comment","target":["https:\/\/www.estrategiaconcursos.com.br\/blog\/prova-oral-delegado-pf\/#respond"]}],"copyrightYear":"2018","copyrightHolder":{"@id":"https:\/\/www.estrategiaconcursos.com.br\/blog\/#organization"}},{"@type":"WebPage","@id":"https:\/\/www.estrategiaconcursos.com.br\/blog\/prova-oral-delegado-pf\/","url":"https:\/\/www.estrategiaconcursos.com.br\/blog\/prova-oral-delegado-pf\/","name":"Prova Oral Delegado da PF: inscreva-se para o aul\u00e3o de an\u00e1lise completa","isPartOf":{"@id":"https:\/\/www.estrategiaconcursos.com.br\/blog\/#website"},"primaryImageOfPage":{"@id":"https:\/\/www.estrategiaconcursos.com.br\/blog\/prova-oral-delegado-pf\/#primaryimage"},"image":{"@id":"https:\/\/www.estrategiaconcursos.com.br\/blog\/prova-oral-delegado-pf\/#primaryimage"},"thumbnailUrl":"https:\/\/dhg1h5j42swfq.cloudfront.net\/2018\/10\/18153251\/prova-oral-delegado-pf2.jpg","datePublished":"2018-10-23T17:00:59+00:00","dateModified":"2023-03-22T12:46:24+00:00","description":"Prova Oral Delegado PF: conhe\u00e7a todos os detalhes sobre esta fase decisiva do concurso da Pol\u00edcia Federal e saiba como se preparar.","breadcrumb":{"@id":"https:\/\/www.estrategiaconcursos.com.br\/blog\/prova-oral-delegado-pf\/#breadcrumb"},"inLanguage":"pt-BR","potentialAction":[{"@type":"ReadAction","target":["https:\/\/www.estrategiaconcursos.com.br\/blog\/prova-oral-delegado-pf\/"]}]},{"@type":"ImageObject","inLanguage":"pt-BR","@id":"https:\/\/www.estrategiaconcursos.com.br\/blog\/prova-oral-delegado-pf\/#primaryimage","url":"https:\/\/dhg1h5j42swfq.cloudfront.net\/2018\/10\/18153251\/prova-oral-delegado-pf2.jpg","contentUrl":"https:\/\/dhg1h5j42swfq.cloudfront.net\/2018\/10\/18153251\/prova-oral-delegado-pf2.jpg","width":800,"height":400,"caption":"prova oral delegado pf"},{"@type":"BreadcrumbList","@id":"https:\/\/www.estrategiaconcursos.com.br\/blog\/prova-oral-delegado-pf\/#breadcrumb","itemListElement":[{"@type":"ListItem","position":1,"name":"In\u00edcio","item":"https:\/\/www.estrategiaconcursos.com.br\/blog\/"},{"@type":"ListItem","position":2,"name":"Prova Oral do concurso Delegado PF ocorrer\u00e1 em dezembro e n\u00f3s queremos ajudar na sua prepara\u00e7\u00e3o"}]},{"@type":"WebSite","@id":"https:\/\/www.estrategiaconcursos.com.br\/blog\/#website","url":"https:\/\/www.estrategiaconcursos.com.br\/blog\/","name":"Estrat\u00e9gia Concursos","description":"O blog da Estrat\u00e9gia Concursos traz not\u00edcias sobre concursos e artigos de professores oferecendo cursos para concursos (pdf + videaulas) no site.","publisher":{"@id":"https:\/\/www.estrategiaconcursos.com.br\/blog\/#organization"},"potentialAction":[{"@type":"SearchAction","target":{"@type":"EntryPoint","urlTemplate":"https:\/\/www.estrategiaconcursos.com.br\/blog\/?s={search_term_string}"},"query-input":{"@type":"PropertyValueSpecification","valueRequired":true,"valueName":"search_term_string"}}],"inLanguage":"pt-BR"},{"@type":"Organization","@id":"https:\/\/www.estrategiaconcursos.com.br\/blog\/#organization","name":"Estrat\u00e9gia Concursos","url":"https:\/\/www.estrategiaconcursos.com.br\/blog\/","logo":{"@type":"ImageObject","inLanguage":"pt-BR","@id":"https:\/\/www.estrategiaconcursos.com.br\/blog\/#\/schema\/logo\/image\/","url":"https:\/\/dhg1h5j42swfq.cloudfront.net\/2025\/06\/03203428\/logo_concursos-1.jpg","contentUrl":"https:\/\/dhg1h5j42swfq.cloudfront.net\/2025\/06\/03203428\/logo_concursos-1.jpg","width":230,"height":60,"caption":"Estrat\u00e9gia Concursos"},"image":{"@id":"https:\/\/www.estrategiaconcursos.com.br\/blog\/#\/schema\/logo\/image\/"},"sameAs":["https:\/\/x.com\/EstratConcursos"]},{"@type":"Person","@id":"https:\/\/www.estrategiaconcursos.com.br\/blog\/#\/schema\/person\/aa39cf5ddb518e5bdce27c35788405e2","name":"Ricardo Torques","image":{"@type":"ImageObject","inLanguage":"pt-BR","@id":"https:\/\/secure.gravatar.com\/avatar\/ce9ac6c3cff25fe86d15ed568ebc64d1724baf5c0693133bcb1f6073f712f92a?s=96&d=mm&r=g","url":"https:\/\/secure.gravatar.com\/avatar\/ce9ac6c3cff25fe86d15ed568ebc64d1724baf5c0693133bcb1f6073f712f92a?s=96&d=mm&r=g","contentUrl":"https:\/\/secure.gravatar.com\/avatar\/ce9ac6c3cff25fe86d15ed568ebc64d1724baf5c0693133bcb1f6073f712f92a?s=96&d=mm&r=g","caption":"Ricardo Torques"},"sameAs":["https:\/\/www.facebook.com\/ricardo.s.torques"],"url":"https:\/\/www.estrategiaconcursos.com.br\/blog\/author\/ricardotorquesestrategiaconcursos-com-br\/"}]}},"_links":{"self":[{"href":"https:\/\/www.estrategiaconcursos.com.br\/blog\/wp-json\/wp\/v2\/posts\/147408","targetHints":{"allow":["GET"]}}],"collection":[{"href":"https:\/\/www.estrategiaconcursos.com.br\/blog\/wp-json\/wp\/v2\/posts"}],"about":[{"href":"https:\/\/www.estrategiaconcursos.com.br\/blog\/wp-json\/wp\/v2\/types\/post"}],"author":[{"embeddable":true,"href":"https:\/\/www.estrategiaconcursos.com.br\/blog\/wp-json\/wp\/v2\/users\/180"}],"replies":[{"embeddable":true,"href":"https:\/\/www.estrategiaconcursos.com.br\/blog\/wp-json\/wp\/v2\/comments?post=147408"}],"version-history":[{"count":6,"href":"https:\/\/www.estrategiaconcursos.com.br\/blog\/wp-json\/wp\/v2\/posts\/147408\/revisions"}],"predecessor-version":[{"id":1190343,"href":"https:\/\/www.estrategiaconcursos.com.br\/blog\/wp-json\/wp\/v2\/posts\/147408\/revisions\/1190343"}],"wp:featuredmedia":[{"embeddable":true,"href":"https:\/\/www.estrategiaconcursos.com.br\/blog\/wp-json\/wp\/v2\/media\/147429"}],"wp:attachment":[{"href":"https:\/\/www.estrategiaconcursos.com.br\/blog\/wp-json\/wp\/v2\/media?parent=147408"}],"wp:term":[{"taxonomy":"category","embeddable":true,"href":"https:\/\/www.estrategiaconcursos.com.br\/blog\/wp-json\/wp\/v2\/categories?post=147408"},{"taxonomy":"post_tag","embeddable":true,"href":"https:\/\/www.estrategiaconcursos.com.br\/blog\/wp-json\/wp\/v2\/tags?post=147408"},{"taxonomy":"tax_estado","embeddable":true,"href":"https:\/\/www.estrategiaconcursos.com.br\/blog\/wp-json\/wp\/v2\/tax_estado?post=147408"}],"curies":[{"name":"wp","href":"https:\/\/api.w.org\/{rel}","templated":true}]}}