{"id":147307,"date":"2019-02-04T02:27:41","date_gmt":"2019-02-04T05:27:41","guid":{"rendered":"https:\/\/www.estrategiaconcursos.com.br\/blog\/?p=147307"},"modified":"2019-06-19T10:41:08","modified_gmt":"2019-06-19T13:41:08","slug":"edital-mp-sp-servidores","status":"publish","type":"post","link":"https:\/\/www.estrategiaconcursos.com.br\/blog\/edital-mp-sp-servidores\/","title":{"rendered":"Concurso MP SP: candidatos prestam as provas no pr\u00f3ximo domingo, 10"},"content":{"rendered":"<p><span style=\"font-size: 18pt;\"><em><strong>Confira mais detalhes do concurso MP SP<\/strong><\/em><\/span><\/p>\n<p>Os candidatos que concorrem \u00e0s vagas do concurso MP SP prestam as provas do certame no pr\u00f3ximo domingo, 10 de fevereiro. No bloco de conhecimentos b\u00e1sicos, devem ser cobradas as disciplinas de portugu\u00eas, matem\u00e1tica e no\u00e7\u00f5es de inform\u00e1tica.<\/p>\n<p>Ao todo, o Minist\u00e9rio P\u00fablico do Estado de S\u00e3o Paulo oferta 09 vagas para o cargo de Analista T\u00e9cnico Cient\u00edfico, nas especialidades de administrador, contador e economista.<\/p>\n<p>As remunera\u00e7\u00f5es iniciais para os cargos s\u00e3o de&nbsp;<strong><em>R$ 13.790,08. <\/em><\/strong>Al\u00e9m disso, os&nbsp; servidores ainda receber\u00e3o aux\u00edlio alimenta\u00e7\u00e3o, no valor de <strong>R$920<\/strong> e aux\u00edlio transporte de<strong> R$13,92<\/strong>.<\/p>\n<h2>Remunera\u00e7\u00e3o &#8211; Edital&nbsp; MP SP<\/h2>\n<p><strong><em>Vencimento B\u00e1sico &#8211;<\/em> <\/strong>R$8.585,00<br \/>\n<strong><em>Gratifica\u00e7\u00e3o de promotoria-<\/em><\/strong> R$5.205,08<br \/>\n<strong><em>Total-<\/em><\/strong> R$ 13.790,08<br \/>\n<strong><em>Aux\u00edlio Alimenta\u00e7\u00e3o (M\u00caS)-<\/em> <\/strong>R$ 920,00<br \/>\n<strong><em>Aux\u00edlio Transporte (DIA) &#8211;<\/em> <\/strong>R$ 13,92<\/p>\n<p>Para concorrer \u00e0s vagas \u00e9 necess\u00e1rio ter forma\u00e7\u00e3o superior em ci\u00eancias cont\u00e1beis, administra\u00e7\u00e3o ou economia acrescida de experi\u00eancia m\u00ednima de tr\u00eas anos na \u00e1rea escolhida pelo candidato. Tamb\u00e9m \u00e9 exigido registro no \u00f3rg\u00e3o de classe.<\/p>\n<p><em><strong><span style=\"font-size: 18pt;\">Edital MP SP &#8211; Principais datas<\/span><\/strong><\/em><\/p>\n<p><strong>Inscri\u00e7\u00f5es:<\/strong> 29\/10 a 07\/12<br \/>\n<strong>Pagamento da taxa:<\/strong> At\u00e9 10\/12<\/p>\n<p><strong>Valor da taxa de inscri\u00e7\u00e3o:<\/strong> R$ 140<br \/>\n<strong>Provas:<\/strong> 10\/02<\/p>\n<h2>Etapas do Concurso MP SP<\/h2>\n<p>O concurso ser\u00e1 regido por duas etapas, sendo estas: prova objetiva e prova dissertativa. A prova objetiva, de car\u00e1ter eliminat\u00f3rio e classificat\u00f3rio, ser\u00e1 composta por quest\u00f5es que abordar\u00e3o as seguintes conte\u00fados:<\/p>\n<p><strong><em>Conhecimentos Gerais<\/em><\/strong><br \/>\n<strong><em>L\u00edngua Portuguesa<\/em><\/strong><br \/>\n<strong><em>Matem\u00e1tica<\/em><\/strong><br \/>\n<strong><em>No\u00e7\u00f5es de Inform\u00e1tica<\/em><\/strong><br \/>\n<strong><em>Conhecimentos Espec\u00edficos<\/em><\/strong><br \/>\n<strong><em>Conhecimentos Espec\u00edficos<\/em><\/strong><\/p>\n<ul>\n<li>Prova objetiva 40 pontos<\/li>\n<li>Prova dissertativa 60 pontos<\/li>\n<\/ul>\n<p>Confira abaixo mais detalhes das especialidades, c\u00f3digos e n\u00edvel do cargo de Analista T\u00e9cnico Cientifico:<\/p>\n<p><img loading=\"lazy\" decoding=\"async\" class=\"wp-image-147325 aligncenter\" src=\"https:\/\/dhg1h5j42swfq.cloudfront.net\/2018\/10\/18091904\/CARGO-MP-SPO.jpg\" alt=\"cargos mp sp\" width=\"663\" height=\"210\" srcset=\"https:\/\/dhg1h5j42swfq.cloudfront.net\/2018\/10\/18091904\/CARGO-MP-SPO.jpg 606w, https:\/\/dhg1h5j42swfq.cloudfront.net\/2018\/10\/18091904\/CARGO-MP-SPO.jpg 300w\" sizes=\"auto, (max-width: 663px) 100vw, 663px\" \/><\/p>\n<p>Al\u00e9m disso, os candidatos ser\u00e3o submetidos a uma prova discursiva. Nesta etapa, a prova contar\u00e1 com um estudo de caso.<\/p>\n<p>As provas devem ser realizadas no dia <strong>10 de fevereiro de 2019<\/strong>. Confira na tabela abaixo mais informa\u00e7\u00f5es sobre a etapa de provas:<\/p>\n<p><img loading=\"lazy\" decoding=\"async\" class=\"size-full wp-image-147327 aligncenter\" src=\"https:\/\/dhg1h5j42swfq.cloudfront.net\/2018\/10\/18092242\/PROVA-MP-SP.jpg\" alt=\"PROVAS MP SP\" width=\"622\" height=\"450\" srcset=\"https:\/\/dhg1h5j42swfq.cloudfront.net\/2018\/10\/18092242\/PROVA-MP-SP.jpg 622w, https:\/\/dhg1h5j42swfq.cloudfront.net\/2018\/10\/18092242\/PROVA-MP-SP.jpg 300w, https:\/\/dhg1h5j42swfq.cloudfront.net\/2018\/10\/18092242\/PROVA-MP-SP.jpg 610w\" sizes=\"auto, (max-width: 622px) 100vw, 622px\" \/><\/p>\n<p><img loading=\"lazy\" decoding=\"async\" class=\"alignnone size-full wp-image-147329 aligncenter\" src=\"https:\/\/dhg1h5j42swfq.cloudfront.net\/2018\/10\/18092407\/TABELA-MP-SP.jpg\" alt=\"TABELA MP SP\" width=\"621\" height=\"426\" srcset=\"https:\/\/dhg1h5j42swfq.cloudfront.net\/2018\/10\/18092407\/TABELA-MP-SP.jpg 621w, https:\/\/dhg1h5j42swfq.cloudfront.net\/2018\/10\/18092407\/TABELA-MP-SP.jpg 300w, https:\/\/dhg1h5j42swfq.cloudfront.net\/2018\/10\/18092407\/TABELA-MP-SP.jpg 610w\" sizes=\"auto, (max-width: 621px) 100vw, 621px\" \/><\/p>\n<h2 style=\"text-align: center;\">Cursos P\u00f3s-Edital MP SP<\/h2>\n<p style=\"text-align: center;\"><strong><em>Gostou dessa oportunidade&nbsp;e deseja se preparar para este concurso?<\/em><\/strong><br \/>\n<strong><em>Esteja mais preparado com nossos cursos. Acompanhe as novidades!<\/em><\/strong><\/p>\n<p style=\"text-align: center;\"><a href=\"https:\/\/www.estrategiaconcursos.com.br\/cursosPorConcurso\/ministerio-publico-de-sao-paulo-mp-sp\/\" target=\"_blank\" rel=\"noopener noreferrer\"><strong>CURSOS PARA CONCURSO MP SP<\/strong><\/a><\/p>\n<p><img loading=\"lazy\" decoding=\"async\" class=\"wp-image-68542 size-full\" src=\"https:\/\/dhg1h5j42swfq.cloudfront.net\/2017\/03\/28152500\/coruja-ficha-tecnica-300x102.png\" alt=\"Ficha t\u00e9cnica concurso \" width=\"300\" height=\"102\"\/><\/p>\n<p>\u25ba<b>Informa\u00e7\u00f5es sobre o Edital MP SP<\/b><\/p>\n<p>\u25ba<strong>Data prevista para prova<\/strong>: 10\/02<br \/>\n\u25ba<strong>Vagas<\/strong>: 9 vagas<br \/>\n\u25ba<strong>Cargos<\/strong>: Analista T\u00e9cnico Cient\u00edfico<br \/>\n\u25ba<strong>Lota\u00e7\u00f5es:<\/strong>&nbsp;S\u00e3o Paulo<br \/>\n\u25ba<strong>Banca:<\/strong>&nbsp;Vunesp<br \/>\n\u25ba<strong>Escolaridade<\/strong>: N\u00edvel Superior<\/p>\n<p>\u25ba<strong>Cursos Estrat\u00e9gia Concursos<\/strong>:&nbsp;<a href=\"https:\/\/www.estrategiaconcursos.com.br\/cursosPorConcurso\/ministerio-publico-de-sao-paulo-mp-sp\/\" target=\"_blank\" rel=\"noopener noreferrer\">CURSOS PARA O CONCURSO MP SP<\/a><br \/>\n\u25ba<strong>Edital<\/strong>: <strong><a href=\"https:\/\/dhg1h5j42swfq.cloudfront.net\/2018\/10\/18092845\/Edital-MP-SP-Servidores.pdf\" target=\"_blank\" rel=\"noopener noreferrer\">Edital concurso MP SP<\/a><\/strong><\/p>\n<p><em>Fernanda Brito<\/em><br \/>\n<em>Ascom Estrat\u00e9gia<\/em><br \/>\nascomestrategia@gmail.com<\/p>\n<p style=\"text-align: center;\"><em><strong>Receba not\u00edcias de Concursos no seu WhatsApp e\/ou Telegram!<\/strong><\/em><\/p>\n<p style=\"text-align: center;\"><em><strong>Cadastre-se clicando no \u00edcone abaixo<br \/>\n<a href=\"https:\/\/www.estrategiaconcursos.com.br\/blog\/noticias-de-concursos-whatsapp-estrategia-concursos\/\" target=\"_blank\" rel=\"noopener noreferrer\"><img loading=\"lazy\" decoding=\"async\" class=\"aligncenter wp-image-112824 \" src=\"https:\/\/www.estrategiaconcursos.com.br\/blog\/wp-content\/uploads\/2018\/03\/whatsapptelegram.png\" sizes=\"auto, (max-width: 220px) 100vw, 220px\" srcset=\"https:\/\/www.estrategiaconcursos.com.br\/blog\/wp-content\/uploads\/2018\/03\/whatsapptelegram.png 640w, https:\/\/www.estrategiaconcursos.com.br\/blog\/wp-content\/uploads\/2018\/03\/whatsapptelegram-300x169.png 300w, https:\/\/www.estrategiaconcursos.com.br\/blog\/wp-content\/uploads\/2018\/03\/whatsapptelegram-610x343.png 610w\" alt=\"\" width=\"220\" height=\"124\"\/><\/a><br \/>\n<\/strong><\/em><a href=\"https:\/\/www.estrategiaconcursos.com.br\/blog\/noticias-de-concursos-whatsapp-estrategia-concursos\/\" target=\"_blank\" rel=\"noopener noreferrer\">Not\u00edcias de concursos no seu WhatsApp e\/ou Telegram<\/a><\/p>\n","protected":false},"excerpt":{"rendered":"<p>Confira mais detalhes do concurso MP SP Os candidatos que concorrem \u00e0s vagas do concurso MP SP prestam as provas do certame no pr\u00f3ximo domingo, 10 de fevereiro. No bloco de conhecimentos b\u00e1sicos, devem ser cobradas as disciplinas de portugu\u00eas, matem\u00e1tica e no\u00e7\u00f5es de inform\u00e1tica. Ao todo, o Minist\u00e9rio P\u00fablico do Estado de S\u00e3o Paulo [&hellip;]<\/p>\n","protected":false},"author":1,"featured_media":147633,"comment_status":"open","ping_status":"closed","sticky":false,"template":"","format":"standard","meta":{"post_tipo":"news","footnotes":""},"categories":[1],"tags":[],"tax_estado":[],"class_list":["post-147307","post","type-post","status-publish","format-standard","has-post-thumbnail","hentry","category-cursos-e-concursos"],"acf":[],"yoast_head":"<!-- This site is optimized with the Yoast SEO Premium plugin v27.2 (Yoast SEO v27.2) - https:\/\/yoast.com\/product\/yoast-seo-premium-wordpress\/ -->\n<title>Concurso MP SP: candidatos prestam as provas no pr\u00f3ximo domingo, 10<\/title>\n<meta name=\"description\" content=\"Concurso MP SP: provas objetivas e discursivas ser\u00e3o aplicadas no dia 10 de fevereiro. Certame oferta vagas para n\u00edvel superior. Inicial acima de R$13 mil.\" \/>\n<meta name=\"robots\" content=\"index, follow, max-snippet:-1, max-image-preview:large, max-video-preview:-1\" \/>\n<link rel=\"canonical\" href=\"https:\/\/www.estrategiaconcursos.com.br\/blog\/edital-mp-sp-servidores\/\" \/>\n<meta property=\"og:locale\" content=\"pt_BR\" \/>\n<meta property=\"og:type\" content=\"article\" \/>\n<meta property=\"og:title\" content=\"Concurso MP SP: candidatos prestam as provas no pr\u00f3ximo domingo, 10\" \/>\n<meta property=\"og:description\" content=\"Concurso MP SP: provas objetivas e discursivas ser\u00e3o aplicadas no dia 10 de fevereiro. Certame oferta vagas para n\u00edvel superior. Inicial acima de R$13 mil.\" \/>\n<meta property=\"og:url\" content=\"https:\/\/www.estrategiaconcursos.com.br\/blog\/edital-mp-sp-servidores\/\" \/>\n<meta property=\"og:site_name\" content=\"Estrat\u00e9gia Concursos\" \/>\n<meta property=\"article:author\" content=\"https:\/\/www.facebook.com\/EstrategiaConcursos\" \/>\n<meta property=\"article:published_time\" content=\"2019-02-04T05:27:41+00:00\" \/>\n<meta property=\"article:modified_time\" content=\"2019-06-19T13:41:08+00:00\" \/>\n<meta property=\"og:image\" content=\"https:\/\/dhg1h5j42swfq.cloudfront.net\/2018\/10\/19134049\/Capturar-e1539967261384.jpg\" \/>\n\t<meta property=\"og:image:width\" content=\"400\" \/>\n\t<meta property=\"og:image:height\" content=\"209\" \/>\n\t<meta property=\"og:image:type\" content=\"image\/jpeg\" \/>\n<meta name=\"author\" content=\"Coordena\u00e7\u00e3o\" \/>\n<meta name=\"twitter:card\" content=\"summary_large_image\" \/>\n<meta name=\"twitter:creator\" content=\"@EstratConcursos\" \/>\n<meta name=\"twitter:site\" content=\"@EstratConcursos\" \/>\n<meta name=\"twitter:label1\" content=\"Escrito por\" \/>\n\t<meta name=\"twitter:data1\" content=\"Coordena\u00e7\u00e3o\" \/>\n\t<meta name=\"twitter:label2\" content=\"Est. tempo de leitura\" \/>\n\t<meta name=\"twitter:data2\" content=\"2 minutos\" \/>\n<script type=\"application\/ld+json\" class=\"yoast-schema-graph\">{\"@context\":\"https:\/\/schema.org\",\"@graph\":[{\"@type\":\"NewsArticle\",\"@id\":\"https:\/\/www.estrategiaconcursos.com.br\/blog\/edital-mp-sp-servidores\/#article\",\"isPartOf\":{\"@id\":\"https:\/\/www.estrategiaconcursos.com.br\/blog\/edital-mp-sp-servidores\/\"},\"author\":{\"name\":\"Coordena\u00e7\u00e3o\",\"@id\":\"https:\/\/www.estrategiaconcursos.com.br\/blog\/#\/schema\/person\/b4a388c97673c5f483d72185668afa1f\"},\"headline\":\"Concurso MP SP: candidatos prestam as provas no pr\u00f3ximo domingo, 10\",\"datePublished\":\"2019-02-04T05:27:41+00:00\",\"dateModified\":\"2019-06-19T13:41:08+00:00\",\"mainEntityOfPage\":{\"@id\":\"https:\/\/www.estrategiaconcursos.com.br\/blog\/edital-mp-sp-servidores\/\"},\"wordCount\":464,\"commentCount\":21,\"publisher\":{\"@id\":\"https:\/\/www.estrategiaconcursos.com.br\/blog\/#organization\"},\"image\":{\"@id\":\"https:\/\/www.estrategiaconcursos.com.br\/blog\/edital-mp-sp-servidores\/#primaryimage\"},\"thumbnailUrl\":\"https:\/\/dhg1h5j42swfq.cloudfront.net\/2018\/10\/19134049\/Capturar-e1539967261384.jpg\",\"articleSection\":[\"Concursos P\u00fablicos\"],\"inLanguage\":\"pt-BR\",\"potentialAction\":[{\"@type\":\"CommentAction\",\"name\":\"Comment\",\"target\":[\"https:\/\/www.estrategiaconcursos.com.br\/blog\/edital-mp-sp-servidores\/#respond\"]}],\"copyrightYear\":\"2019\",\"copyrightHolder\":{\"@id\":\"https:\/\/www.estrategiaconcursos.com.br\/blog\/#organization\"}},{\"@type\":\"WebPage\",\"@id\":\"https:\/\/www.estrategiaconcursos.com.br\/blog\/edital-mp-sp-servidores\/\",\"url\":\"https:\/\/www.estrategiaconcursos.com.br\/blog\/edital-mp-sp-servidores\/\",\"name\":\"Concurso MP SP: candidatos prestam as provas no pr\u00f3ximo domingo, 10\",\"isPartOf\":{\"@id\":\"https:\/\/www.estrategiaconcursos.com.br\/blog\/#website\"},\"primaryImageOfPage\":{\"@id\":\"https:\/\/www.estrategiaconcursos.com.br\/blog\/edital-mp-sp-servidores\/#primaryimage\"},\"image\":{\"@id\":\"https:\/\/www.estrategiaconcursos.com.br\/blog\/edital-mp-sp-servidores\/#primaryimage\"},\"thumbnailUrl\":\"https:\/\/dhg1h5j42swfq.cloudfront.net\/2018\/10\/19134049\/Capturar-e1539967261384.jpg\",\"datePublished\":\"2019-02-04T05:27:41+00:00\",\"dateModified\":\"2019-06-19T13:41:08+00:00\",\"description\":\"Concurso MP SP: provas objetivas e discursivas ser\u00e3o aplicadas no dia 10 de fevereiro. Certame oferta vagas para n\u00edvel superior. Inicial acima de R$13 mil.\",\"breadcrumb\":{\"@id\":\"https:\/\/www.estrategiaconcursos.com.br\/blog\/edital-mp-sp-servidores\/#breadcrumb\"},\"inLanguage\":\"pt-BR\",\"potentialAction\":[{\"@type\":\"ReadAction\",\"target\":[\"https:\/\/www.estrategiaconcursos.com.br\/blog\/edital-mp-sp-servidores\/\"]}]},{\"@type\":\"ImageObject\",\"inLanguage\":\"pt-BR\",\"@id\":\"https:\/\/www.estrategiaconcursos.com.br\/blog\/edital-mp-sp-servidores\/#primaryimage\",\"url\":\"https:\/\/dhg1h5j42swfq.cloudfront.net\/2018\/10\/19134049\/Capturar-e1539967261384.jpg\",\"contentUrl\":\"https:\/\/dhg1h5j42swfq.cloudfront.net\/2018\/10\/19134049\/Capturar-e1539967261384.jpg\",\"width\":400,\"height\":209,\"caption\":\"edital mp sp\"},{\"@type\":\"BreadcrumbList\",\"@id\":\"https:\/\/www.estrategiaconcursos.com.br\/blog\/edital-mp-sp-servidores\/#breadcrumb\",\"itemListElement\":[{\"@type\":\"ListItem\",\"position\":1,\"name\":\"In\u00edcio\",\"item\":\"https:\/\/www.estrategiaconcursos.com.br\/blog\/\"},{\"@type\":\"ListItem\",\"position\":2,\"name\":\"Concurso MP SP: candidatos prestam as provas no pr\u00f3ximo domingo, 10\"}]},{\"@type\":\"WebSite\",\"@id\":\"https:\/\/www.estrategiaconcursos.com.br\/blog\/#website\",\"url\":\"https:\/\/www.estrategiaconcursos.com.br\/blog\/\",\"name\":\"Estrat\u00e9gia Concursos\",\"description\":\"O blog da Estrat\u00e9gia Concursos traz not\u00edcias sobre concursos e artigos de professores oferecendo cursos para concursos (pdf + videaulas) no site.\",\"publisher\":{\"@id\":\"https:\/\/www.estrategiaconcursos.com.br\/blog\/#organization\"},\"potentialAction\":[{\"@type\":\"SearchAction\",\"target\":{\"@type\":\"EntryPoint\",\"urlTemplate\":\"https:\/\/www.estrategiaconcursos.com.br\/blog\/?s={search_term_string}\"},\"query-input\":{\"@type\":\"PropertyValueSpecification\",\"valueRequired\":true,\"valueName\":\"search_term_string\"}}],\"inLanguage\":\"pt-BR\"},{\"@type\":\"Organization\",\"@id\":\"https:\/\/www.estrategiaconcursos.com.br\/blog\/#organization\",\"name\":\"Estrat\u00e9gia Concursos\",\"url\":\"https:\/\/www.estrategiaconcursos.com.br\/blog\/\",\"logo\":{\"@type\":\"ImageObject\",\"inLanguage\":\"pt-BR\",\"@id\":\"https:\/\/www.estrategiaconcursos.com.br\/blog\/#\/schema\/logo\/image\/\",\"url\":\"https:\/\/dhg1h5j42swfq.cloudfront.net\/2025\/06\/03203428\/logo_concursos-1.jpg\",\"contentUrl\":\"https:\/\/dhg1h5j42swfq.cloudfront.net\/2025\/06\/03203428\/logo_concursos-1.jpg\",\"width\":230,\"height\":60,\"caption\":\"Estrat\u00e9gia Concursos\"},\"image\":{\"@id\":\"https:\/\/www.estrategiaconcursos.com.br\/blog\/#\/schema\/logo\/image\/\"},\"sameAs\":[\"https:\/\/x.com\/EstratConcursos\"]},{\"@type\":\"Person\",\"@id\":\"https:\/\/www.estrategiaconcursos.com.br\/blog\/#\/schema\/person\/b4a388c97673c5f483d72185668afa1f\",\"name\":\"Coordena\u00e7\u00e3o\",\"image\":{\"@type\":\"ImageObject\",\"inLanguage\":\"pt-BR\",\"@id\":\"https:\/\/secure.gravatar.com\/avatar\/b720319e4c9a967eb58678d110f4fe35452fc5d5f97b202bac7b8acceb18c6ad?s=96&d=mm&r=g\",\"url\":\"https:\/\/secure.gravatar.com\/avatar\/b720319e4c9a967eb58678d110f4fe35452fc5d5f97b202bac7b8acceb18c6ad?s=96&d=mm&r=g\",\"contentUrl\":\"https:\/\/secure.gravatar.com\/avatar\/b720319e4c9a967eb58678d110f4fe35452fc5d5f97b202bac7b8acceb18c6ad?s=96&d=mm&r=g\",\"caption\":\"Coordena\u00e7\u00e3o\"},\"sameAs\":[\"https:\/\/www.facebook.com\/EstrategiaConcursos\",\"https:\/\/x.com\/EstratConcursos\"],\"url\":\"https:\/\/www.estrategiaconcursos.com.br\/blog\/author\/estrategia2013\/\"}]}<\/script>\n<!-- \/ Yoast SEO Premium plugin. -->","yoast_head_json":{"title":"Concurso MP SP: candidatos prestam as provas no pr\u00f3ximo domingo, 10","description":"Concurso MP SP: provas objetivas e discursivas ser\u00e3o aplicadas no dia 10 de fevereiro. Certame oferta vagas para n\u00edvel superior. Inicial acima de R$13 mil.","robots":{"index":"index","follow":"follow","max-snippet":"max-snippet:-1","max-image-preview":"max-image-preview:large","max-video-preview":"max-video-preview:-1"},"canonical":"https:\/\/www.estrategiaconcursos.com.br\/blog\/edital-mp-sp-servidores\/","og_locale":"pt_BR","og_type":"article","og_title":"Concurso MP SP: candidatos prestam as provas no pr\u00f3ximo domingo, 10","og_description":"Concurso MP SP: provas objetivas e discursivas ser\u00e3o aplicadas no dia 10 de fevereiro. Certame oferta vagas para n\u00edvel superior. Inicial acima de R$13 mil.","og_url":"https:\/\/www.estrategiaconcursos.com.br\/blog\/edital-mp-sp-servidores\/","og_site_name":"Estrat\u00e9gia Concursos","article_author":"https:\/\/www.facebook.com\/EstrategiaConcursos","article_published_time":"2019-02-04T05:27:41+00:00","article_modified_time":"2019-06-19T13:41:08+00:00","og_image":[{"width":400,"height":209,"url":"https:\/\/dhg1h5j42swfq.cloudfront.net\/2018\/10\/19134049\/Capturar-e1539967261384.jpg","type":"image\/jpeg"}],"author":"Coordena\u00e7\u00e3o","twitter_card":"summary_large_image","twitter_creator":"@EstratConcursos","twitter_site":"@EstratConcursos","twitter_misc":{"Escrito por":"Coordena\u00e7\u00e3o","Est. tempo de leitura":"2 minutos"},"schema":{"@context":"https:\/\/schema.org","@graph":[{"@type":"NewsArticle","@id":"https:\/\/www.estrategiaconcursos.com.br\/blog\/edital-mp-sp-servidores\/#article","isPartOf":{"@id":"https:\/\/www.estrategiaconcursos.com.br\/blog\/edital-mp-sp-servidores\/"},"author":{"name":"Coordena\u00e7\u00e3o","@id":"https:\/\/www.estrategiaconcursos.com.br\/blog\/#\/schema\/person\/b4a388c97673c5f483d72185668afa1f"},"headline":"Concurso MP SP: candidatos prestam as provas no pr\u00f3ximo domingo, 10","datePublished":"2019-02-04T05:27:41+00:00","dateModified":"2019-06-19T13:41:08+00:00","mainEntityOfPage":{"@id":"https:\/\/www.estrategiaconcursos.com.br\/blog\/edital-mp-sp-servidores\/"},"wordCount":464,"commentCount":21,"publisher":{"@id":"https:\/\/www.estrategiaconcursos.com.br\/blog\/#organization"},"image":{"@id":"https:\/\/www.estrategiaconcursos.com.br\/blog\/edital-mp-sp-servidores\/#primaryimage"},"thumbnailUrl":"https:\/\/dhg1h5j42swfq.cloudfront.net\/2018\/10\/19134049\/Capturar-e1539967261384.jpg","articleSection":["Concursos P\u00fablicos"],"inLanguage":"pt-BR","potentialAction":[{"@type":"CommentAction","name":"Comment","target":["https:\/\/www.estrategiaconcursos.com.br\/blog\/edital-mp-sp-servidores\/#respond"]}],"copyrightYear":"2019","copyrightHolder":{"@id":"https:\/\/www.estrategiaconcursos.com.br\/blog\/#organization"}},{"@type":"WebPage","@id":"https:\/\/www.estrategiaconcursos.com.br\/blog\/edital-mp-sp-servidores\/","url":"https:\/\/www.estrategiaconcursos.com.br\/blog\/edital-mp-sp-servidores\/","name":"Concurso MP SP: candidatos prestam as provas no pr\u00f3ximo domingo, 10","isPartOf":{"@id":"https:\/\/www.estrategiaconcursos.com.br\/blog\/#website"},"primaryImageOfPage":{"@id":"https:\/\/www.estrategiaconcursos.com.br\/blog\/edital-mp-sp-servidores\/#primaryimage"},"image":{"@id":"https:\/\/www.estrategiaconcursos.com.br\/blog\/edital-mp-sp-servidores\/#primaryimage"},"thumbnailUrl":"https:\/\/dhg1h5j42swfq.cloudfront.net\/2018\/10\/19134049\/Capturar-e1539967261384.jpg","datePublished":"2019-02-04T05:27:41+00:00","dateModified":"2019-06-19T13:41:08+00:00","description":"Concurso MP SP: provas objetivas e discursivas ser\u00e3o aplicadas no dia 10 de fevereiro. Certame oferta vagas para n\u00edvel superior. Inicial acima de R$13 mil.","breadcrumb":{"@id":"https:\/\/www.estrategiaconcursos.com.br\/blog\/edital-mp-sp-servidores\/#breadcrumb"},"inLanguage":"pt-BR","potentialAction":[{"@type":"ReadAction","target":["https:\/\/www.estrategiaconcursos.com.br\/blog\/edital-mp-sp-servidores\/"]}]},{"@type":"ImageObject","inLanguage":"pt-BR","@id":"https:\/\/www.estrategiaconcursos.com.br\/blog\/edital-mp-sp-servidores\/#primaryimage","url":"https:\/\/dhg1h5j42swfq.cloudfront.net\/2018\/10\/19134049\/Capturar-e1539967261384.jpg","contentUrl":"https:\/\/dhg1h5j42swfq.cloudfront.net\/2018\/10\/19134049\/Capturar-e1539967261384.jpg","width":400,"height":209,"caption":"edital mp sp"},{"@type":"BreadcrumbList","@id":"https:\/\/www.estrategiaconcursos.com.br\/blog\/edital-mp-sp-servidores\/#breadcrumb","itemListElement":[{"@type":"ListItem","position":1,"name":"In\u00edcio","item":"https:\/\/www.estrategiaconcursos.com.br\/blog\/"},{"@type":"ListItem","position":2,"name":"Concurso MP SP: candidatos prestam as provas no pr\u00f3ximo domingo, 10"}]},{"@type":"WebSite","@id":"https:\/\/www.estrategiaconcursos.com.br\/blog\/#website","url":"https:\/\/www.estrategiaconcursos.com.br\/blog\/","name":"Estrat\u00e9gia Concursos","description":"O blog da Estrat\u00e9gia Concursos traz not\u00edcias sobre concursos e artigos de professores oferecendo cursos para concursos (pdf + videaulas) no site.","publisher":{"@id":"https:\/\/www.estrategiaconcursos.com.br\/blog\/#organization"},"potentialAction":[{"@type":"SearchAction","target":{"@type":"EntryPoint","urlTemplate":"https:\/\/www.estrategiaconcursos.com.br\/blog\/?s={search_term_string}"},"query-input":{"@type":"PropertyValueSpecification","valueRequired":true,"valueName":"search_term_string"}}],"inLanguage":"pt-BR"},{"@type":"Organization","@id":"https:\/\/www.estrategiaconcursos.com.br\/blog\/#organization","name":"Estrat\u00e9gia Concursos","url":"https:\/\/www.estrategiaconcursos.com.br\/blog\/","logo":{"@type":"ImageObject","inLanguage":"pt-BR","@id":"https:\/\/www.estrategiaconcursos.com.br\/blog\/#\/schema\/logo\/image\/","url":"https:\/\/dhg1h5j42swfq.cloudfront.net\/2025\/06\/03203428\/logo_concursos-1.jpg","contentUrl":"https:\/\/dhg1h5j42swfq.cloudfront.net\/2025\/06\/03203428\/logo_concursos-1.jpg","width":230,"height":60,"caption":"Estrat\u00e9gia Concursos"},"image":{"@id":"https:\/\/www.estrategiaconcursos.com.br\/blog\/#\/schema\/logo\/image\/"},"sameAs":["https:\/\/x.com\/EstratConcursos"]},{"@type":"Person","@id":"https:\/\/www.estrategiaconcursos.com.br\/blog\/#\/schema\/person\/b4a388c97673c5f483d72185668afa1f","name":"Coordena\u00e7\u00e3o","image":{"@type":"ImageObject","inLanguage":"pt-BR","@id":"https:\/\/secure.gravatar.com\/avatar\/b720319e4c9a967eb58678d110f4fe35452fc5d5f97b202bac7b8acceb18c6ad?s=96&d=mm&r=g","url":"https:\/\/secure.gravatar.com\/avatar\/b720319e4c9a967eb58678d110f4fe35452fc5d5f97b202bac7b8acceb18c6ad?s=96&d=mm&r=g","contentUrl":"https:\/\/secure.gravatar.com\/avatar\/b720319e4c9a967eb58678d110f4fe35452fc5d5f97b202bac7b8acceb18c6ad?s=96&d=mm&r=g","caption":"Coordena\u00e7\u00e3o"},"sameAs":["https:\/\/www.facebook.com\/EstrategiaConcursos","https:\/\/x.com\/EstratConcursos"],"url":"https:\/\/www.estrategiaconcursos.com.br\/blog\/author\/estrategia2013\/"}]}},"_links":{"self":[{"href":"https:\/\/www.estrategiaconcursos.com.br\/blog\/wp-json\/wp\/v2\/posts\/147307","targetHints":{"allow":["GET"]}}],"collection":[{"href":"https:\/\/www.estrategiaconcursos.com.br\/blog\/wp-json\/wp\/v2\/posts"}],"about":[{"href":"https:\/\/www.estrategiaconcursos.com.br\/blog\/wp-json\/wp\/v2\/types\/post"}],"author":[{"embeddable":true,"href":"https:\/\/www.estrategiaconcursos.com.br\/blog\/wp-json\/wp\/v2\/users\/1"}],"replies":[{"embeddable":true,"href":"https:\/\/www.estrategiaconcursos.com.br\/blog\/wp-json\/wp\/v2\/comments?post=147307"}],"version-history":[{"count":41,"href":"https:\/\/www.estrategiaconcursos.com.br\/blog\/wp-json\/wp\/v2\/posts\/147307\/revisions"}],"predecessor-version":[{"id":389424,"href":"https:\/\/www.estrategiaconcursos.com.br\/blog\/wp-json\/wp\/v2\/posts\/147307\/revisions\/389424"}],"wp:featuredmedia":[{"embeddable":true,"href":"https:\/\/www.estrategiaconcursos.com.br\/blog\/wp-json\/wp\/v2\/media\/147633"}],"wp:attachment":[{"href":"https:\/\/www.estrategiaconcursos.com.br\/blog\/wp-json\/wp\/v2\/media?parent=147307"}],"wp:term":[{"taxonomy":"category","embeddable":true,"href":"https:\/\/www.estrategiaconcursos.com.br\/blog\/wp-json\/wp\/v2\/categories?post=147307"},{"taxonomy":"post_tag","embeddable":true,"href":"https:\/\/www.estrategiaconcursos.com.br\/blog\/wp-json\/wp\/v2\/tags?post=147307"},{"taxonomy":"tax_estado","embeddable":true,"href":"https:\/\/www.estrategiaconcursos.com.br\/blog\/wp-json\/wp\/v2\/tax_estado?post=147307"}],"curies":[{"name":"wp","href":"https:\/\/api.w.org\/{rel}","templated":true}]}}