{"id":1471722,"date":"2024-10-22T11:39:00","date_gmt":"2024-10-22T14:39:00","guid":{"rendered":"https:\/\/www.estrategiaconcursos.com.br\/blog\/?p=1471722"},"modified":"2024-10-07T13:59:59","modified_gmt":"2024-10-07T16:59:59","slug":"pat-sefaz-rj","status":"publish","type":"post","link":"https:\/\/www.estrategiaconcursos.com.br\/blog\/pat-sefaz-rj\/","title":{"rendered":"PAT para SEFAZ-RJ: Legisla\u00e7\u00e3o Tribut\u00e1ria Estadual"},"content":{"rendered":"\n<p>Ol\u00e1, pessoal. Tudo certo? No artigo de hoje veremos o resumo sobre o PAT para SEFAZ-RJ, tema da Legisla\u00e7\u00e3o Tribut\u00e1ria Estadual.<\/p>\n\n\n\n<p>O tema pode ser encontrado no <a href=\"https:\/\/legislacao.fazenda.rj.gov.br\/wcc\/?web_id=99026\">Decreto 2.473\/79<\/a> que regulamenta o Processo Administrativo Tribut\u00e1rio (PAT).<\/p>\n\n\n\n<p>O artigo ser\u00e1 divido da seguinte forma:<\/p>\n\n\n\n<ul class=\"wp-block-list\">\n<li>Comunica\u00e7\u00e3o dos atos<\/li>\n\n\n\n<li>Suspens\u00e3o e nulidades do processo<\/li>\n\n\n\n<li>Procedimento pr\u00e9vio de of\u00edcio, den\u00fancia e representa\u00e7\u00e3o<\/li>\n<\/ul>\n\n\n\n<p>Vamos l\u00e1?<\/p>\n\n\n\n<h2 class=\"wp-block-heading\">Comunica\u00e7\u00e3o dos atos<\/h2>\n\n\n\n<p>Iniciemos o resumo sobre o PAT para SEFAZ-RJ pela comunica\u00e7\u00e3o dos atos.<\/p>\n\n\n\n<p>Basicamente, a <strong><mark style=\"background-color:rgba(0, 0, 0, 0)\" class=\"has-inline-color has-vivid-cyan-blue-color\">comunica\u00e7\u00e3o dos atos<\/mark> <\/strong>ser\u00e1<strong> <\/strong>levada ao conhecimento dos interessados, por meio de <strong>intima\u00e7\u00e3o ou de simples comunica\u00e7\u00e3o<\/strong> (Art. 35).<\/p>\n\n\n\n<p><strong><mark style=\"background-color:rgba(0, 0, 0, 0)\" class=\"has-inline-color has-vivid-green-cyan-color\">Simples comunica\u00e7\u00e3o<\/mark> <\/strong>(Art. 39): ser\u00e1 feita por <strong>qualquer meio<\/strong>, inclusive via postal simples, telegr\u00e1fica, ou por telefone, consignando-se no processo a provid\u00eancia adotada.<\/p>\n\n\n\n<p><strong>Intima\u00e7\u00e3o <\/strong>(Art. 37) \u2013 segue a <strong>ordem preferencial<\/strong>:<\/p>\n\n\n\n<ul class=\"wp-block-list\">\n<li><strong>1\u00aa<\/strong> &#8211; <strong><mark style=\"background-color:rgba(0, 0, 0, 0)\" class=\"has-inline-color has-vivid-purple-color\">Eletr\u00f4nica<\/mark><\/strong>, pelo envio da comunica\u00e7\u00e3o para a Caixa Postal Virtual &#8211; CPV do sujeito passivo.<\/li>\n<\/ul>\n\n\n\n<p><strong>Data da intima\u00e7\u00e3o<\/strong> (Art. 38, III e \u00a74\u00ba): no dia do acesso a CPV, ou no <strong>1\u00ba dia \u00fatil ap\u00f3s 10 dias<\/strong> do envio (caso n\u00e3o tenha sido consultada)<\/p>\n\n\n\n<ul class=\"wp-block-list\">\n<li><strong>2\u00aa ou 3\u00aa<\/strong> &#8211;<strong> <mark style=\"background-color:rgba(0, 0, 0, 0)\" class=\"has-inline-color has-vivid-purple-color\">Pessoalmente<\/mark><\/strong>: na reparti\u00e7\u00e3o ou fora dela, provada com a assinatura do sujeito passivo (ou mandat\u00e1rio ou preposto). No caso de recusa, com declara\u00e7\u00e3o escrita de quem o intimar<\/li>\n<\/ul>\n\n\n\n<p><strong>Data da intima\u00e7\u00e3o<\/strong> (Art. 38, I): na data da ci\u00eancia do intimado (assinatura) ou da declara\u00e7\u00e3o de quem fizer a intima\u00e7\u00e3o (na recusa de assinatura)<\/p>\n\n\n\n<ul class=\"wp-block-list\">\n<li><strong>2\u00aa ou 3\u00aa<\/strong> &#8211; <strong><mark style=\"background-color:rgba(0, 0, 0, 0)\" class=\"has-inline-color has-vivid-purple-color\">Postal ou telegr\u00e1fica<\/mark><\/strong>: com prova de recebimento (AR) no domic\u00edlio tribut\u00e1rio do sujeito passivo<\/li>\n<\/ul>\n\n\n\n<p><strong>Data da intima\u00e7\u00e3o<\/strong> (Art. 38, II): na data do AR, ou <strong>15 dias<\/strong> ap\u00f3s a data da expedi\u00e7\u00e3o da intima\u00e7\u00e3o (se omitida) \u2192 se n\u00e3o houver AR, n\u00e3o se considerar\u00e1 ocorrida, devendo ser feita nova intima\u00e7\u00e3o (\u00a71\u00ba).<\/p>\n\n\n\n<ul class=\"wp-block-list\">\n<li><strong>4\u00aa <\/strong>&#8211; <strong><mark style=\"background-color:rgba(0, 0, 0, 0)\" class=\"has-inline-color has-vivid-purple-color\">Edital<\/mark><\/strong>, publicado uma \u00fanica vez no DOE do RJ ou no Di\u00e1rio Eletr\u00f4nico da SEFAZ.<\/li>\n<\/ul>\n\n\n\n<p><strong>Data da intima\u00e7\u00e3o<\/strong> (Art. 38, IV): <strong>15 dias<\/strong> ap\u00f3s a publica\u00e7\u00e3o do edital<\/p>\n\n\n\n<p>Atente-se a ordem preferencial das intima\u00e7\u00f5es, 1\u00ba a intima\u00e7\u00e3o eletr\u00f4nica, caso n\u00e3o funcione, a intima\u00e7\u00e3o pessoal ou postal e apenas em \u00faltimo caso o edital<\/p>\n\n\n\n<figure class=\"wp-block-image aligncenter size-full\"><img loading=\"lazy\" decoding=\"async\" width=\"886\" height=\"775\" src=\"https:\/\/dhg1h5j42swfq.cloudfront.net\/2024\/10\/05145923\/image-57.png\" alt=\"PAT para SEFAZ-RJ: Legisla\u00e7\u00e3o Tribut\u00e1ria Estadual\" class=\"wp-image-1471723\" srcset=\"https:\/\/dhg1h5j42swfq.cloudfront.net\/2024\/10\/05145923\/image-57.png 886w, https:\/\/dhg1h5j42swfq.cloudfront.net\/2024\/10\/05145923\/image-57-300x262.png 300w, https:\/\/dhg1h5j42swfq.cloudfront.net\/2024\/10\/05145923\/image-57-768x672.png 768w, https:\/\/dhg1h5j42swfq.cloudfront.net\/2024\/10\/05145923\/image-57-150x131.png 150w\" sizes=\"auto, (max-width: 886px) 100vw, 886px\" \/><\/figure>\n\n\n\n<h2 class=\"wp-block-heading\">Suspens\u00e3o e nulidades do processo<\/h2>\n\n\n\n<p>Dando prosseguindo ao resumo sobre o PAT para SEFAZ-RJ, vejamos sobre a <strong><mark style=\"background-color:rgba(0, 0, 0, 0)\" class=\"has-inline-color has-vivid-cyan-blue-color\">suspens\u00e3o do processo<\/mark><\/strong>.<\/p>\n\n\n\n<p>O andamento do processo poder\u00e1 ser suspenso, desde que o interesse da Fazenda n\u00e3o contraindique a suspens\u00e3o (Art. 44)<\/p>\n\n\n\n<p>E quem tem a<mark style=\"background-color:rgba(0, 0, 0, 0)\" class=\"has-inline-color has-vivid-green-cyan-color\"> <strong>compet\u00eancia para suspender o PAT<\/strong><\/mark>? O SEFAZ e decis\u00e3o judicial, vejamos.<\/p>\n\n\n\n<ul class=\"wp-block-list\">\n<li><strong><mark style=\"background-color:rgba(0, 0, 0, 0)\" class=\"has-inline-color has-vivid-purple-color\">Pelo Secret\u00e1rio da Fazenda<\/mark><\/strong> (Art. 46): <strong>compet\u00eancia exclusiva<\/strong> na esfera administrativa.<\/li>\n\n\n\n<li><strong><mark style=\"background-color:rgba(0, 0, 0, 0)\" class=\"has-inline-color has-vivid-purple-color\">Decis\u00e3o judicial expressa<\/mark><\/strong> (Art. 45): o <strong>ingresso em ju\u00edzo n\u00e3o suspender\u00e1 por si o PAT<\/strong>, a decis\u00e3o\/liminar deve ser expressa nesse sentido.<\/li>\n<\/ul>\n\n\n\n<p>O prazo m\u00e1ximo para suspender na esfera administrativa \u00e9 de 180 dias (improrrog\u00e1vel), findo o qual o processo retomar\u00e1 o seu curso (Art. 44, \u00a71\u00ba). Nesse per\u00edodo, n\u00e3o fica impedido que o processo seja arquivado.<\/p>\n\n\n\n<p>Quanto \u00e0<strong> <mark style=\"background-color:rgba(0, 0, 0, 0)\" class=\"has-inline-color has-vivid-cyan-blue-color\">nulidade <\/mark><\/strong>(Art. 47), ela declarada <strong>unicamente quando n\u00e3o for poss\u00edvel suprir a falta<\/strong> pela retifica\u00e7\u00e3o ou complementa\u00e7\u00e3o do ato, ou seja, as irregularidades\/omiss\u00f5es n\u00e3o importar\u00e3o em nulidade se n\u00e3o implicarem em cerceamento de defesa ou se n\u00e3o influ\u00edrem na solu\u00e7\u00e3o do lit\u00edgio (Art. 50).<\/p>\n\n\n\n<p><strong><mark style=\"background-color:rgba(0, 0, 0, 0)\" class=\"has-inline-color has-vivid-green-cyan-color\">Hip\u00f3teses de nulidade<\/mark><\/strong> (Art. 48)<\/p>\n\n\n\n<ul class=\"wp-block-list\">\n<li><strong><mark style=\"background-color:rgba(0, 0, 0, 0)\" class=\"has-inline-color has-vivid-purple-color\">Vicio de compet\u00eancia<\/mark><\/strong> (I): os atos praticados por autoridade, \u00f3rg\u00e3o ou servidor incompetente;<\/li>\n\n\n\n<li><mark style=\"background-color:rgba(0, 0, 0, 0)\" class=\"has-inline-color has-vivid-purple-color\"><strong>Preteri\u00e7\u00e3o de defesa<\/strong> <\/mark>(II): os atos praticados e as decis\u00f5es proferidas com preteri\u00e7\u00e3o ou preju\u00edzo do direito de defesa;<\/li>\n\n\n\n<li><strong><mark style=\"background-color:rgba(0, 0, 0, 0)\" class=\"has-inline-color has-vivid-purple-color\">Falta de fundamenta\u00e7\u00e3o<\/mark><\/strong> (III): as decis\u00f5es n\u00e3o fundamentadas;<\/li>\n\n\n\n<li><mark style=\"background-color:rgba(0, 0, 0, 0)\" class=\"has-inline-color has-vivid-purple-color\"><strong>AINF incompletos<\/strong> <\/mark>(IV): o auto de infra\u00e7\u00e3o ou a nota de lan\u00e7amento que <strong>n\u00e3o contenha elementos suficientes para se determinar, com seguran\u00e7a, a infra\u00e7\u00e3o e o infrator<\/strong>.<\/li>\n<\/ul>\n\n\n\n<p>Assim, a <strong>nulidade ser\u00e1 declarada<\/strong>, de of\u00edcio ou a requerimento do interessado, pela <strong>autoridade<\/strong> ou \u00f3rg\u00e3o <strong>competente para apreciar o ato<\/strong> (Art. 52) e prejudica apenas os atos posteriores que dele diretamente dependam ou sejam consequ\u00eancia (Art. 51)<\/p>\n\n\n\n<h2 class=\"wp-block-heading\">Procedimento pr\u00e9vio de of\u00edcio, den\u00fancia e representa\u00e7\u00e3o<\/h2>\n\n\n\n<p>Para finalizar o resumo sobre o PAT para SEFAZ-RJ, vejamos sobre o procedimento pr\u00e9vio de of\u00edcio.<\/p>\n\n\n\n<p>Primeiro, saiba que o procedimento ainda n\u00e3o h\u00e1 controv\u00e9rsia jur\u00eddica (ex. lavratura de um AINF), ao contr\u00e1rio do processo administrativo (ex. impugna\u00e7\u00e3o)<\/p>\n\n\n\n<p>Assim, saibamos o que a lei trouxe como procedimento pr\u00e9vio de of\u00edcio.<\/p>\n\n\n\n<p><strong><mark style=\"background-color:rgba(0, 0, 0, 0)\" class=\"has-inline-color has-vivid-cyan-blue-color\">Procedimento pr\u00e9vio de of\u00edcio<\/mark><\/strong> (Art. 54) &#8211; inicia-se com:<\/p>\n\n\n\n<ul class=\"wp-block-list\">\n<li><strong><mark style=\"background-color:rgba(0, 0, 0, 0)\" class=\"has-inline-color has-vivid-green-cyan-color\">Ci\u00eancia <\/mark><\/strong>(I): o primeiro ato de of\u00edcio, escrito, praticado por servidor competente, do qual se d\u00ea ci\u00eancia ao sujeito passivo, seu mandat\u00e1rio, preposto, transportador, ou requerente;<\/li>\n\n\n\n<li><strong><mark style=\"background-color:rgba(0, 0, 0, 0)\" class=\"has-inline-color has-vivid-green-cyan-color\">Termo de arrecada\u00e7\u00e3o<\/mark> <\/strong>(II): a lavratura de termo de arrecada\u00e7\u00e3o de livros e documentos;<\/li>\n\n\n\n<li><strong><mark style=\"background-color:rgba(0, 0, 0, 0)\" class=\"has-inline-color has-vivid-green-cyan-color\">Auto de constata\u00e7\u00e3o <\/mark><\/strong>(III): a lavratura de auto de constata\u00e7\u00e3o de qualquer situa\u00e7\u00e3o de fato relevante para a fiscaliza\u00e7\u00e3o;<\/li>\n\n\n\n<li><strong><mark style=\"background-color:rgba(0, 0, 0, 0)\" class=\"has-inline-color has-vivid-green-cyan-color\">Medida de fiscaliza\u00e7\u00e3o no posto fiscal <\/mark><\/strong>(IV): qualquer medida de fiscaliza\u00e7\u00e3o tendente \u00e0 verifica\u00e7\u00e3o da regularidade fiscal da opera\u00e7\u00e3o ou presta\u00e7\u00e3o realizado em postos fiscais fixos ou volantes.<\/li>\n<\/ul>\n\n\n\n<p>Mas se n\u00e3o h\u00e1 controv\u00e9rsia, qual o motivo da lei elenc\u00e1-los? Simples, pois esses procedimentos excluem a espontaneidade do sujeito passivo (Art. 55). Importante saber que o procedimento tem dura\u00e7\u00e3o de 60 dias (Art. 56), prorrog\u00e1vel por 3x (at\u00e9 +180 dias)<\/p>\n\n\n\n<p>Vamos concluir com a Den\u00fancia e da Representa\u00e7\u00e3o<\/p>\n\n\n\n<p><mark style=\"background-color:rgba(0, 0, 0, 0)\" class=\"has-inline-color has-vivid-cyan-blue-color\"><strong>Den\u00fancia<\/strong> <\/mark>(Art. 57): <strong>qualquer pessoa estranha \u00e0 Administra\u00e7\u00e3o<\/strong>, que tiver conhecimento de fatos que considere infra\u00e7\u00e3o \u00e0 legisla\u00e7\u00e3o tribut\u00e1ria, <strong>poder\u00e1 apresentar den\u00fancia<\/strong>, para resguardo dos interesses da Fazenda Estadual.<\/p>\n\n\n\n<p><mark style=\"background-color:rgba(0, 0, 0, 0)\" class=\"has-inline-color has-vivid-cyan-blue-color\"><strong>Representa\u00e7\u00e3o<\/strong> <\/mark>(Art. 58): o <strong>servidor que verificar a ocorr\u00eancia de infra\u00e7\u00e3o<\/strong> \u00e0 legisla\u00e7\u00e3o tribut\u00e1ria e n\u00e3o for competente para formalizar a exig\u00eancia <strong>comunicar\u00e1 o fato<\/strong>, <strong>em representa\u00e7\u00e3o circunstanciada<\/strong>, a seu chefe imediato, que adotar\u00e1 as provid\u00eancias cab\u00edveis.<\/p>\n\n\n\n<p>Saiba que ambas devem ser <strong>formuladas por escrito <\/strong>(Art. 59, \u201ccaput\u201d), por\u00e9m <strong>poder\u00e3o ser feitas verbalmente<\/strong> e posteriormente redigidas na reparti\u00e7\u00e3o que foram apresentadas (Art. 59, \u00a7\u00fa). Al\u00e9m disso, \u00e9 vedada a den\u00fancia an\u00f4nima (Art. 59, I).<\/p>\n\n\n\n<h2 class=\"wp-block-heading\">Considera\u00e7\u00f5es Finais<\/h2>\n\n\n\n<p>Pessoal, chegamos ao final do resumo sobre o PAT para SEFAZ-RJ. Espero que o artigo tenha sido \u00fatil.<\/p>\n\n\n\n<p>Obviamente o artigo traz apenas um trecho da legisla\u00e7\u00e3o, assim n\u00e3o deixe de estudar o assunto na \u00edntegra por nossas aulas, al\u00e9m de treinar por meio de quest\u00f5es de concurso em nosso <a href=\"https:\/\/www.estrategiaconcursos.com.br\/cursosPorConcurso\/sistema-de-questoes\/\">sistema de quest\u00f5es<\/a>.<\/p>\n\n\n\n<p>Gostou do artigo? Siga-nos<\/p>\n\n\n\n<p><a href=\"https:\/\/www.instagram.com\/resumospassarin\">https:\/\/www.instagram.com\/resumospassarin<\/a><\/p>\n\n\n\n<h2 class=\"wp-block-heading has-text-align-center\" id=\"cursos-assinatura\">Cursos e Assinaturas<\/h2>\n\n\n\n<p>Prepare-se com o melhor material e com quem mais aprova em Concursos P\u00fablicos em todo o pa\u00eds!<\/p>\n\n\n\n<p class=\"has-text-align-center has-vivid-cyan-blue-color has-text-color has-background\" style=\"background-color:#0078bd\"><a href=\"https:\/\/www.estrategiaconcursos.com.br\/blog\/concursos-abertos\/\" target=\"_blank\" rel=\"noreferrer noopener\"><strong><mark style=\"background-color:rgba(0, 0, 0, 0)\" class=\"has-inline-color has-white-color\">Concursos Abertos<\/mark><\/strong><\/a><\/p>\n\n\n\n<p class=\"has-text-align-center has-vivid-cyan-blue-color has-text-color has-background\" style=\"background-color:#0078bd\"><a href=\"https:\/\/www.estrategiaconcursos.com.br\/blog\/concursos-2024\/\" target=\"_blank\" rel=\"noreferrer noopener\"><strong><mark style=\"background-color:rgba(0, 0, 0, 0)\" class=\"has-inline-color has-white-color\">Concursos 2024<\/mark><\/strong><\/a><\/p>\n","protected":false},"excerpt":{"rendered":"<p>Ol\u00e1, pessoal. Tudo certo? No artigo de hoje veremos o resumo sobre o PAT para SEFAZ-RJ, tema da Legisla\u00e7\u00e3o Tribut\u00e1ria Estadual. O tema pode ser encontrado no Decreto 2.473\/79 que regulamenta o Processo Administrativo Tribut\u00e1rio (PAT). O artigo ser\u00e1 divido da seguinte forma: Vamos l\u00e1? Comunica\u00e7\u00e3o dos atos Iniciemos o resumo sobre o PAT para [&hellip;]<\/p>\n","protected":false},"author":1763,"featured_media":885455,"comment_status":"open","ping_status":"closed","sticky":false,"template":"","format":"standard","meta":{"post_tipo":"article","footnotes":""},"categories":[1983],"tags":[],"tax_estado":[219963,219982],"class_list":["post-1471722","post","type-post","status-publish","format-standard","has-post-thumbnail","hentry","category-fiscal-estadual","tax_estado-concursos-federais","tax_estado-rj"],"acf":[],"yoast_head":"<!-- This site is optimized with the Yoast SEO Premium plugin v27.2 (Yoast SEO v27.2) - https:\/\/yoast.com\/product\/yoast-seo-premium-wordpress\/ -->\n<title>PAT para SEFAZ-RJ: Legisla\u00e7\u00e3o Tribut\u00e1ria Estadual<\/title>\n<meta name=\"description\" content=\"Saiba tudo sobre o PAT para SEFAZ-RJ, tema da Legisla\u00e7\u00e3o Tribut\u00e1ria Estadual, disciplinado pelo Decreto 2.473\/79\" \/>\n<meta name=\"robots\" content=\"index, follow, max-snippet:-1, max-image-preview:large, max-video-preview:-1\" \/>\n<link rel=\"canonical\" href=\"https:\/\/www.estrategiaconcursos.com.br\/blog\/pat-sefaz-rj\/\" \/>\n<meta property=\"og:locale\" content=\"pt_BR\" \/>\n<meta property=\"og:type\" content=\"article\" \/>\n<meta property=\"og:title\" content=\"PAT para SEFAZ-RJ: Legisla\u00e7\u00e3o Tribut\u00e1ria Estadual\" \/>\n<meta property=\"og:description\" content=\"Saiba tudo sobre o PAT para SEFAZ-RJ, tema da Legisla\u00e7\u00e3o Tribut\u00e1ria Estadual, disciplinado pelo Decreto 2.473\/79\" \/>\n<meta property=\"og:url\" content=\"https:\/\/www.estrategiaconcursos.com.br\/blog\/pat-sefaz-rj\/\" \/>\n<meta property=\"og:site_name\" content=\"Estrat\u00e9gia Concursos\" \/>\n<meta property=\"article:published_time\" content=\"2024-10-22T14:39:00+00:00\" \/>\n<meta property=\"og:image\" content=\"https:\/\/dhg1h5j42swfq.cloudfront.net\/2021\/10\/15030839\/empregador-que-da-aviso-de-demissao-a-mulher-jovem_1163-5373.jpg\" \/>\n\t<meta property=\"og:image:width\" content=\"626\" \/>\n\t<meta property=\"og:image:height\" content=\"417\" \/>\n\t<meta property=\"og:image:type\" content=\"image\/jpeg\" \/>\n<meta name=\"author\" content=\"Leonardo Menezes Passarin\" \/>\n<meta name=\"twitter:card\" content=\"summary_large_image\" \/>\n<meta name=\"twitter:creator\" content=\"@EstratConcursos\" \/>\n<meta name=\"twitter:site\" content=\"@EstratConcursos\" \/>\n<meta name=\"twitter:label1\" content=\"Escrito por\" \/>\n\t<meta name=\"twitter:data1\" content=\"Leonardo Menezes Passarin\" \/>\n\t<meta name=\"twitter:label2\" content=\"Est. tempo de leitura\" \/>\n\t<meta name=\"twitter:data2\" content=\"6 minutos\" \/>\n<script type=\"application\/ld+json\" class=\"yoast-schema-graph\">{\"@context\":\"https:\/\/schema.org\",\"@graph\":[{\"@type\":\"NewsArticle\",\"@id\":\"https:\/\/www.estrategiaconcursos.com.br\/blog\/pat-sefaz-rj\/#article\",\"isPartOf\":{\"@id\":\"https:\/\/www.estrategiaconcursos.com.br\/blog\/pat-sefaz-rj\/\"},\"author\":{\"name\":\"Leonardo Menezes Passarin\",\"@id\":\"https:\/\/www.estrategiaconcursos.com.br\/blog\/#\/schema\/person\/245b44e43eb13f0dbd04a7a078cd0d0d\"},\"headline\":\"PAT para SEFAZ-RJ: Legisla\u00e7\u00e3o Tribut\u00e1ria Estadual\",\"datePublished\":\"2024-10-22T14:39:00+00:00\",\"mainEntityOfPage\":{\"@id\":\"https:\/\/www.estrategiaconcursos.com.br\/blog\/pat-sefaz-rj\/\"},\"wordCount\":1131,\"commentCount\":0,\"publisher\":{\"@id\":\"https:\/\/www.estrategiaconcursos.com.br\/blog\/#organization\"},\"image\":{\"@id\":\"https:\/\/www.estrategiaconcursos.com.br\/blog\/pat-sefaz-rj\/#primaryimage\"},\"thumbnailUrl\":\"https:\/\/dhg1h5j42swfq.cloudfront.net\/2021\/10\/15030839\/empregador-que-da-aviso-de-demissao-a-mulher-jovem_1163-5373.jpg\",\"articleSection\":[\"Fiscal - Estadual (ICMS)\"],\"inLanguage\":\"pt-BR\",\"potentialAction\":[{\"@type\":\"CommentAction\",\"name\":\"Comment\",\"target\":[\"https:\/\/www.estrategiaconcursos.com.br\/blog\/pat-sefaz-rj\/#respond\"]}],\"copyrightYear\":\"2024\",\"copyrightHolder\":{\"@id\":\"https:\/\/www.estrategiaconcursos.com.br\/blog\/#organization\"}},{\"@type\":\"WebPage\",\"@id\":\"https:\/\/www.estrategiaconcursos.com.br\/blog\/pat-sefaz-rj\/\",\"url\":\"https:\/\/www.estrategiaconcursos.com.br\/blog\/pat-sefaz-rj\/\",\"name\":\"PAT para SEFAZ-RJ: Legisla\u00e7\u00e3o Tribut\u00e1ria Estadual\",\"isPartOf\":{\"@id\":\"https:\/\/www.estrategiaconcursos.com.br\/blog\/#website\"},\"primaryImageOfPage\":{\"@id\":\"https:\/\/www.estrategiaconcursos.com.br\/blog\/pat-sefaz-rj\/#primaryimage\"},\"image\":{\"@id\":\"https:\/\/www.estrategiaconcursos.com.br\/blog\/pat-sefaz-rj\/#primaryimage\"},\"thumbnailUrl\":\"https:\/\/dhg1h5j42swfq.cloudfront.net\/2021\/10\/15030839\/empregador-que-da-aviso-de-demissao-a-mulher-jovem_1163-5373.jpg\",\"datePublished\":\"2024-10-22T14:39:00+00:00\",\"description\":\"Saiba tudo sobre o PAT para SEFAZ-RJ, tema da Legisla\u00e7\u00e3o Tribut\u00e1ria Estadual, disciplinado pelo Decreto 2.473\/79\",\"breadcrumb\":{\"@id\":\"https:\/\/www.estrategiaconcursos.com.br\/blog\/pat-sefaz-rj\/#breadcrumb\"},\"inLanguage\":\"pt-BR\",\"potentialAction\":[{\"@type\":\"ReadAction\",\"target\":[\"https:\/\/www.estrategiaconcursos.com.br\/blog\/pat-sefaz-rj\/\"]}]},{\"@type\":\"ImageObject\",\"inLanguage\":\"pt-BR\",\"@id\":\"https:\/\/www.estrategiaconcursos.com.br\/blog\/pat-sefaz-rj\/#primaryimage\",\"url\":\"https:\/\/dhg1h5j42swfq.cloudfront.net\/2021\/10\/15030839\/empregador-que-da-aviso-de-demissao-a-mulher-jovem_1163-5373.jpg\",\"contentUrl\":\"https:\/\/dhg1h5j42swfq.cloudfront.net\/2021\/10\/15030839\/empregador-que-da-aviso-de-demissao-a-mulher-jovem_1163-5373.jpg\",\"width\":626,\"height\":417},{\"@type\":\"BreadcrumbList\",\"@id\":\"https:\/\/www.estrategiaconcursos.com.br\/blog\/pat-sefaz-rj\/#breadcrumb\",\"itemListElement\":[{\"@type\":\"ListItem\",\"position\":1,\"name\":\"In\u00edcio\",\"item\":\"https:\/\/www.estrategiaconcursos.com.br\/blog\/\"},{\"@type\":\"ListItem\",\"position\":2,\"name\":\"PAT para SEFAZ-RJ: Legisla\u00e7\u00e3o Tribut\u00e1ria Estadual\"}]},{\"@type\":\"WebSite\",\"@id\":\"https:\/\/www.estrategiaconcursos.com.br\/blog\/#website\",\"url\":\"https:\/\/www.estrategiaconcursos.com.br\/blog\/\",\"name\":\"Estrat\u00e9gia Concursos\",\"description\":\"O blog da Estrat\u00e9gia Concursos traz not\u00edcias sobre concursos e artigos de professores oferecendo cursos para concursos (pdf + videaulas) no site.\",\"publisher\":{\"@id\":\"https:\/\/www.estrategiaconcursos.com.br\/blog\/#organization\"},\"potentialAction\":[{\"@type\":\"SearchAction\",\"target\":{\"@type\":\"EntryPoint\",\"urlTemplate\":\"https:\/\/www.estrategiaconcursos.com.br\/blog\/?s={search_term_string}\"},\"query-input\":{\"@type\":\"PropertyValueSpecification\",\"valueRequired\":true,\"valueName\":\"search_term_string\"}}],\"inLanguage\":\"pt-BR\"},{\"@type\":\"Organization\",\"@id\":\"https:\/\/www.estrategiaconcursos.com.br\/blog\/#organization\",\"name\":\"Estrat\u00e9gia Concursos\",\"url\":\"https:\/\/www.estrategiaconcursos.com.br\/blog\/\",\"logo\":{\"@type\":\"ImageObject\",\"inLanguage\":\"pt-BR\",\"@id\":\"https:\/\/www.estrategiaconcursos.com.br\/blog\/#\/schema\/logo\/image\/\",\"url\":\"https:\/\/dhg1h5j42swfq.cloudfront.net\/2025\/06\/03203428\/logo_concursos-1.jpg\",\"contentUrl\":\"https:\/\/dhg1h5j42swfq.cloudfront.net\/2025\/06\/03203428\/logo_concursos-1.jpg\",\"width\":230,\"height\":60,\"caption\":\"Estrat\u00e9gia Concursos\"},\"image\":{\"@id\":\"https:\/\/www.estrategiaconcursos.com.br\/blog\/#\/schema\/logo\/image\/\"},\"sameAs\":[\"https:\/\/x.com\/EstratConcursos\"]},{\"@type\":\"Person\",\"@id\":\"https:\/\/www.estrategiaconcursos.com.br\/blog\/#\/schema\/person\/245b44e43eb13f0dbd04a7a078cd0d0d\",\"name\":\"Leonardo Menezes Passarin\",\"image\":{\"@type\":\"ImageObject\",\"inLanguage\":\"pt-BR\",\"@id\":\"https:\/\/secure.gravatar.com\/avatar\/fc0e5714ceaa97f24e6e6a30eab74ba8a701c2b62f8cab100ffdb22c6d8f42c3?s=96&d=mm&r=g\",\"url\":\"https:\/\/secure.gravatar.com\/avatar\/fc0e5714ceaa97f24e6e6a30eab74ba8a701c2b62f8cab100ffdb22c6d8f42c3?s=96&d=mm&r=g\",\"contentUrl\":\"https:\/\/secure.gravatar.com\/avatar\/fc0e5714ceaa97f24e6e6a30eab74ba8a701c2b62f8cab100ffdb22c6d8f42c3?s=96&d=mm&r=g\",\"caption\":\"Leonardo Menezes Passarin\"},\"url\":\"https:\/\/www.estrategiaconcursos.com.br\/blog\/author\/passarin-leonardohotmail-com\/\"}]}<\/script>\n<!-- \/ Yoast SEO Premium plugin. -->","yoast_head_json":{"title":"PAT para SEFAZ-RJ: Legisla\u00e7\u00e3o Tribut\u00e1ria Estadual","description":"Saiba tudo sobre o PAT para SEFAZ-RJ, tema da Legisla\u00e7\u00e3o Tribut\u00e1ria Estadual, disciplinado pelo Decreto 2.473\/79","robots":{"index":"index","follow":"follow","max-snippet":"max-snippet:-1","max-image-preview":"max-image-preview:large","max-video-preview":"max-video-preview:-1"},"canonical":"https:\/\/www.estrategiaconcursos.com.br\/blog\/pat-sefaz-rj\/","og_locale":"pt_BR","og_type":"article","og_title":"PAT para SEFAZ-RJ: Legisla\u00e7\u00e3o Tribut\u00e1ria Estadual","og_description":"Saiba tudo sobre o PAT para SEFAZ-RJ, tema da Legisla\u00e7\u00e3o Tribut\u00e1ria Estadual, disciplinado pelo Decreto 2.473\/79","og_url":"https:\/\/www.estrategiaconcursos.com.br\/blog\/pat-sefaz-rj\/","og_site_name":"Estrat\u00e9gia Concursos","article_published_time":"2024-10-22T14:39:00+00:00","og_image":[{"width":626,"height":417,"url":"https:\/\/dhg1h5j42swfq.cloudfront.net\/2021\/10\/15030839\/empregador-que-da-aviso-de-demissao-a-mulher-jovem_1163-5373.jpg","type":"image\/jpeg"}],"author":"Leonardo Menezes Passarin","twitter_card":"summary_large_image","twitter_creator":"@EstratConcursos","twitter_site":"@EstratConcursos","twitter_misc":{"Escrito por":"Leonardo Menezes Passarin","Est. tempo de leitura":"6 minutos"},"schema":{"@context":"https:\/\/schema.org","@graph":[{"@type":"NewsArticle","@id":"https:\/\/www.estrategiaconcursos.com.br\/blog\/pat-sefaz-rj\/#article","isPartOf":{"@id":"https:\/\/www.estrategiaconcursos.com.br\/blog\/pat-sefaz-rj\/"},"author":{"name":"Leonardo Menezes Passarin","@id":"https:\/\/www.estrategiaconcursos.com.br\/blog\/#\/schema\/person\/245b44e43eb13f0dbd04a7a078cd0d0d"},"headline":"PAT para SEFAZ-RJ: Legisla\u00e7\u00e3o Tribut\u00e1ria Estadual","datePublished":"2024-10-22T14:39:00+00:00","mainEntityOfPage":{"@id":"https:\/\/www.estrategiaconcursos.com.br\/blog\/pat-sefaz-rj\/"},"wordCount":1131,"commentCount":0,"publisher":{"@id":"https:\/\/www.estrategiaconcursos.com.br\/blog\/#organization"},"image":{"@id":"https:\/\/www.estrategiaconcursos.com.br\/blog\/pat-sefaz-rj\/#primaryimage"},"thumbnailUrl":"https:\/\/dhg1h5j42swfq.cloudfront.net\/2021\/10\/15030839\/empregador-que-da-aviso-de-demissao-a-mulher-jovem_1163-5373.jpg","articleSection":["Fiscal - Estadual (ICMS)"],"inLanguage":"pt-BR","potentialAction":[{"@type":"CommentAction","name":"Comment","target":["https:\/\/www.estrategiaconcursos.com.br\/blog\/pat-sefaz-rj\/#respond"]}],"copyrightYear":"2024","copyrightHolder":{"@id":"https:\/\/www.estrategiaconcursos.com.br\/blog\/#organization"}},{"@type":"WebPage","@id":"https:\/\/www.estrategiaconcursos.com.br\/blog\/pat-sefaz-rj\/","url":"https:\/\/www.estrategiaconcursos.com.br\/blog\/pat-sefaz-rj\/","name":"PAT para SEFAZ-RJ: Legisla\u00e7\u00e3o Tribut\u00e1ria Estadual","isPartOf":{"@id":"https:\/\/www.estrategiaconcursos.com.br\/blog\/#website"},"primaryImageOfPage":{"@id":"https:\/\/www.estrategiaconcursos.com.br\/blog\/pat-sefaz-rj\/#primaryimage"},"image":{"@id":"https:\/\/www.estrategiaconcursos.com.br\/blog\/pat-sefaz-rj\/#primaryimage"},"thumbnailUrl":"https:\/\/dhg1h5j42swfq.cloudfront.net\/2021\/10\/15030839\/empregador-que-da-aviso-de-demissao-a-mulher-jovem_1163-5373.jpg","datePublished":"2024-10-22T14:39:00+00:00","description":"Saiba tudo sobre o PAT para SEFAZ-RJ, tema da Legisla\u00e7\u00e3o Tribut\u00e1ria Estadual, disciplinado pelo Decreto 2.473\/79","breadcrumb":{"@id":"https:\/\/www.estrategiaconcursos.com.br\/blog\/pat-sefaz-rj\/#breadcrumb"},"inLanguage":"pt-BR","potentialAction":[{"@type":"ReadAction","target":["https:\/\/www.estrategiaconcursos.com.br\/blog\/pat-sefaz-rj\/"]}]},{"@type":"ImageObject","inLanguage":"pt-BR","@id":"https:\/\/www.estrategiaconcursos.com.br\/blog\/pat-sefaz-rj\/#primaryimage","url":"https:\/\/dhg1h5j42swfq.cloudfront.net\/2021\/10\/15030839\/empregador-que-da-aviso-de-demissao-a-mulher-jovem_1163-5373.jpg","contentUrl":"https:\/\/dhg1h5j42swfq.cloudfront.net\/2021\/10\/15030839\/empregador-que-da-aviso-de-demissao-a-mulher-jovem_1163-5373.jpg","width":626,"height":417},{"@type":"BreadcrumbList","@id":"https:\/\/www.estrategiaconcursos.com.br\/blog\/pat-sefaz-rj\/#breadcrumb","itemListElement":[{"@type":"ListItem","position":1,"name":"In\u00edcio","item":"https:\/\/www.estrategiaconcursos.com.br\/blog\/"},{"@type":"ListItem","position":2,"name":"PAT para SEFAZ-RJ: Legisla\u00e7\u00e3o Tribut\u00e1ria Estadual"}]},{"@type":"WebSite","@id":"https:\/\/www.estrategiaconcursos.com.br\/blog\/#website","url":"https:\/\/www.estrategiaconcursos.com.br\/blog\/","name":"Estrat\u00e9gia Concursos","description":"O blog da Estrat\u00e9gia Concursos traz not\u00edcias sobre concursos e artigos de professores oferecendo cursos para concursos (pdf + videaulas) no site.","publisher":{"@id":"https:\/\/www.estrategiaconcursos.com.br\/blog\/#organization"},"potentialAction":[{"@type":"SearchAction","target":{"@type":"EntryPoint","urlTemplate":"https:\/\/www.estrategiaconcursos.com.br\/blog\/?s={search_term_string}"},"query-input":{"@type":"PropertyValueSpecification","valueRequired":true,"valueName":"search_term_string"}}],"inLanguage":"pt-BR"},{"@type":"Organization","@id":"https:\/\/www.estrategiaconcursos.com.br\/blog\/#organization","name":"Estrat\u00e9gia Concursos","url":"https:\/\/www.estrategiaconcursos.com.br\/blog\/","logo":{"@type":"ImageObject","inLanguage":"pt-BR","@id":"https:\/\/www.estrategiaconcursos.com.br\/blog\/#\/schema\/logo\/image\/","url":"https:\/\/dhg1h5j42swfq.cloudfront.net\/2025\/06\/03203428\/logo_concursos-1.jpg","contentUrl":"https:\/\/dhg1h5j42swfq.cloudfront.net\/2025\/06\/03203428\/logo_concursos-1.jpg","width":230,"height":60,"caption":"Estrat\u00e9gia Concursos"},"image":{"@id":"https:\/\/www.estrategiaconcursos.com.br\/blog\/#\/schema\/logo\/image\/"},"sameAs":["https:\/\/x.com\/EstratConcursos"]},{"@type":"Person","@id":"https:\/\/www.estrategiaconcursos.com.br\/blog\/#\/schema\/person\/245b44e43eb13f0dbd04a7a078cd0d0d","name":"Leonardo Menezes Passarin","image":{"@type":"ImageObject","inLanguage":"pt-BR","@id":"https:\/\/secure.gravatar.com\/avatar\/fc0e5714ceaa97f24e6e6a30eab74ba8a701c2b62f8cab100ffdb22c6d8f42c3?s=96&d=mm&r=g","url":"https:\/\/secure.gravatar.com\/avatar\/fc0e5714ceaa97f24e6e6a30eab74ba8a701c2b62f8cab100ffdb22c6d8f42c3?s=96&d=mm&r=g","contentUrl":"https:\/\/secure.gravatar.com\/avatar\/fc0e5714ceaa97f24e6e6a30eab74ba8a701c2b62f8cab100ffdb22c6d8f42c3?s=96&d=mm&r=g","caption":"Leonardo Menezes Passarin"},"url":"https:\/\/www.estrategiaconcursos.com.br\/blog\/author\/passarin-leonardohotmail-com\/"}]}},"_links":{"self":[{"href":"https:\/\/www.estrategiaconcursos.com.br\/blog\/wp-json\/wp\/v2\/posts\/1471722","targetHints":{"allow":["GET"]}}],"collection":[{"href":"https:\/\/www.estrategiaconcursos.com.br\/blog\/wp-json\/wp\/v2\/posts"}],"about":[{"href":"https:\/\/www.estrategiaconcursos.com.br\/blog\/wp-json\/wp\/v2\/types\/post"}],"author":[{"embeddable":true,"href":"https:\/\/www.estrategiaconcursos.com.br\/blog\/wp-json\/wp\/v2\/users\/1763"}],"replies":[{"embeddable":true,"href":"https:\/\/www.estrategiaconcursos.com.br\/blog\/wp-json\/wp\/v2\/comments?post=1471722"}],"version-history":[{"count":1,"href":"https:\/\/www.estrategiaconcursos.com.br\/blog\/wp-json\/wp\/v2\/posts\/1471722\/revisions"}],"predecessor-version":[{"id":1471724,"href":"https:\/\/www.estrategiaconcursos.com.br\/blog\/wp-json\/wp\/v2\/posts\/1471722\/revisions\/1471724"}],"wp:featuredmedia":[{"embeddable":true,"href":"https:\/\/www.estrategiaconcursos.com.br\/blog\/wp-json\/wp\/v2\/media\/885455"}],"wp:attachment":[{"href":"https:\/\/www.estrategiaconcursos.com.br\/blog\/wp-json\/wp\/v2\/media?parent=1471722"}],"wp:term":[{"taxonomy":"category","embeddable":true,"href":"https:\/\/www.estrategiaconcursos.com.br\/blog\/wp-json\/wp\/v2\/categories?post=1471722"},{"taxonomy":"post_tag","embeddable":true,"href":"https:\/\/www.estrategiaconcursos.com.br\/blog\/wp-json\/wp\/v2\/tags?post=1471722"},{"taxonomy":"tax_estado","embeddable":true,"href":"https:\/\/www.estrategiaconcursos.com.br\/blog\/wp-json\/wp\/v2\/tax_estado?post=1471722"}],"curies":[{"name":"wp","href":"https:\/\/api.w.org\/{rel}","templated":true}]}}