{"id":147035,"date":"2018-10-23T20:47:48","date_gmt":"2018-10-23T23:47:48","guid":{"rendered":"https:\/\/www.estrategiaconcursos.com.br\/blog\/?p=147035"},"modified":"2018-10-23T23:04:48","modified_gmt":"2018-10-24T02:04:48","slug":"gabarito-extraoficial-mpu-portugues","status":"publish","type":"post","link":"https:\/\/www.estrategiaconcursos.com.br\/blog\/gabarito-extraoficial-mpu-portugues\/","title":{"rendered":"Prova Comentada MPU &#8211; Portugu\u00eas &#8211; Recurso (Analista e T\u00e9cnico)"},"content":{"rendered":"<p style=\"text-align: justify\">Ol\u00e1, Pessoal, tudo bem?? Prof. Felipe Luccas na \u00e1rea.<\/p>\n<p style=\"text-align: justify\">Escrevo este artigo para corrigir as quest\u00f5es da prova do MPU, que aconteceu neste domingo. Primeiro vou corrigir as quest\u00f5es de t\u00e9cnico, depois do cargo de Analista Especialidade Direito.<\/p>\n<p style=\"text-align: justify\">Vou examinar o gabarito oficial preliminar e propor os recursos cab\u00edveis amanh\u00e3! Vamos \u00e0 prova. <strong><span style=\"font-size: 14pt\">H\u00e1 possibilidade de recurso na quest\u00e3o 9 de T\u00e9cnico e 10 de Analista (conforme os cadernos usados nesse artigo)<\/span><\/strong><\/p>\n<p style=\"text-align: justify\"><img loading=\"lazy\" decoding=\"async\" class=\"aligncenter size-full wp-image-104237\" src=\"https:\/\/dhg1h5j42swfq.cloudfront.net\/2018\/01\/28150853\/M%C3%8DDIAS-SOCIAIS-FELIPE.png\" alt=\"\" width=\"724\" height=\"125\" srcset=\"https:\/\/dhg1h5j42swfq.cloudfront.net\/2018\/01\/28150853\/M%C3%8DDIAS-SOCIAIS-FELIPE.png 724w, https:\/\/dhg1h5j42swfq.cloudfront.net\/2018\/01\/28150853\/M%C3%8DDIAS-SOCIAIS-FELIPE.png 300w, https:\/\/dhg1h5j42swfq.cloudfront.net\/2018\/01\/28150853\/M%C3%8DDIAS-SOCIAIS-FELIPE.png 610w\" sizes=\"auto, (max-width: 724px) 100vw, 724px\" \/><\/p>\n<p style=\"text-align: justify\"><span style=\"font-size: 24pt\"><strong>GABARITO MPU &#8211; T\u00c9CNICO<\/strong><\/span><\/p>\n<p style=\"text-align: justify\">Com rela\u00e7\u00e3o \u00e0s ideias do texto CB2A1-I, julgue os itens que se seguem.<\/p>\n<p style=\"text-align: justify\"><img loading=\"lazy\" decoding=\"async\" class=\"aligncenter size-full wp-image-148117\" src=\"https:\/\/dhg1h5j42swfq.cloudfront.net\/2018\/10\/22000032\/111.png\" alt=\"\" width=\"453\" height=\"411\" srcset=\"https:\/\/dhg1h5j42swfq.cloudfront.net\/2018\/10\/22000032\/111.png 453w, https:\/\/dhg1h5j42swfq.cloudfront.net\/2018\/10\/22000032\/111.png 300w\" sizes=\"auto, (max-width: 453px) 100vw, 453px\" \/> <img loading=\"lazy\" decoding=\"async\" class=\"aligncenter size-large wp-image-148118\" src=\"https:\/\/dhg1h5j42swfq.cloudfront.net\/2018\/10\/22000034\/12.png\" alt=\"\" width=\"476\" height=\"366\" srcset=\"https:\/\/dhg1h5j42swfq.cloudfront.net\/2018\/10\/22000034\/12.png 476w, https:\/\/dhg1h5j42swfq.cloudfront.net\/2018\/10\/22000034\/12.png 300w\" sizes=\"auto, (max-width: 476px) 100vw, 476px\" \/><\/p>\n<ol style=\"text-align: justify\">\n<li><strong>(CESPE \/ MPU \/ T\u00c9CNICO \/ 2018) <\/strong><\/li>\n<\/ol>\n<p style=\"text-align: justify\">De acordo com o texto, a heran\u00e7a cultural repassada pelos pais contribui para que seus filhos desenvolvam uma vis\u00e3o etnoc\u00eantrica.<\/p>\n<p style=\"text-align: justify\">Coment\u00e1rios:<\/p>\n<p style=\"text-align: justify\">Literal das linhas 13-15. Quest\u00e3o correta.<\/p>\n<ol style=\"text-align: justify\" start=\"2\">\n<li><strong>(CESPE \/ MPU \/ T\u00c9CNICO \/ 2018) <\/strong><\/li>\n<\/ol>\n<p style=\"text-align: justify\">Um dos principais desencadeadores do etnocentrismo \u00e9 a xenofobia.<\/p>\n<p style=\"text-align: justify\">Coment\u00e1rios:<\/p>\n<p style=\"text-align: justify\">Houve invers\u00e3o, \u00e9 o etnocentrismo que causa xenofobia. Quest\u00e3o incorreta.<\/p>\n<ol style=\"text-align: justify\" start=\"3\">\n<li><strong>(CESPE \/ MPU \/ T\u00c9CNICO \/ 2018) <\/strong><\/li>\n<\/ol>\n<p style=\"text-align: justify\">A cultura \u00e9 um fator que limita a concep\u00e7\u00e3o de mundo dos diferentes povos, levando-os a uma vis\u00e3o estreita das dimens\u00f5es da vida humana.<\/p>\n<p style=\"text-align: justify\">Coment\u00e1rios:<\/p>\n<p style=\"text-align: justify\">N\u00e3o \u00e9 a cultura em si, \u00e9 \u201climitarmo-nos a ela\u201d, isto \u00e9, \u201climitarmo-nos \u00e0 nossa pr\u00f3pria cultura\u201d e depreciar as demais. Quest\u00e3o incorreta.<\/p>\n<p style=\"text-align: justify\">Considerando os sentidos e aspectos lingu\u00edsticos do texto CB2A1-I, julgue os pr\u00f3ximos itens.<\/p>\n<ol style=\"text-align: justify\" start=\"4\">\n<li><strong>(CESPE \/ MPU \/ T\u00c9CNICO \/ 2018) <\/strong><\/li>\n<\/ol>\n<p style=\"text-align: justify\">Na linha 4, a corre\u00e7\u00e3o do texto seria prejudicada caso a v\u00edrgula empregada logo ap\u00f3s o par\u00eantese fosse substitu\u00edda por ponto e v\u00edrgula.<\/p>\n<p style=\"text-align: justify\">Coment\u00e1rios:<\/p>\n<p style=\"text-align: justify\">Como temos uma estrutura \u201cparalela\u201d: Se por um lado a cultura \u00e9 importante, por outro \u00e9 perigoso limitar-se a ela. N\u00e3o podemos separar esse \u201cpar\u201d por ponto e v\u00edrgula, pios s\u00e3o metades dependentes.<\/p>\n<p style=\"text-align: justify\">Quest\u00e3o correta.<\/p>\n<ol style=\"text-align: justify\" start=\"5\">\n<li><strong>(CESPE \/ MPU \/ T\u00c9CNICO \/ 2018) <\/strong><\/li>\n<\/ol>\n<p style=\"text-align: justify\">No texto, a palavra \u201cdepreciando\u201d (l.5) foi empregada com o sentido de <strong>desprezar<\/strong>.<\/p>\n<p style=\"text-align: justify\">Coment\u00e1rios:<\/p>\n<p style=\"text-align: justify\">Desprezar \u00e9 diminuir, tratar como inferior, ent\u00e3o \u00e9 sin\u00f4nimo de depreciar mesmo.<\/p>\n<p style=\"text-align: justify\">Quest\u00e3o correta.<\/p>\n<ol style=\"text-align: justify\" start=\"6\">\n<li><strong>(CESPE \/ MPU \/ T\u00c9CNICO \/ 2018) <\/strong><\/li>\n<\/ol>\n<p style=\"text-align: justify\">O trecho \u201ctomar conhecimento (&#8230;) preconceituosa\u201d (l.16-18) poderia ser reescrito, sem preju\u00edzo da corre\u00e7\u00e3o gramatical e do sentido do texto, da seguinte forma: tomar conhecimento do outro sem aceitar a l\u00f3gica de seu pensamento e sem acatar a l\u00f3gica de seus h\u00e1bitos acabam gerando uma vis\u00e3o etnoc\u00eantrica e preconceituosa.<\/p>\n<p style=\"text-align: justify\">Coment\u00e1rios:<\/p>\n<p style=\"text-align: justify\">O sujeito \u00e9 oracional, ent\u00e3o a forma correta do verbo \u00e9 \u201cacaba\u201d, na terceira pessoa do singular. Quest\u00e3o incorreta.<\/p>\n<ol style=\"text-align: justify\" start=\"7\">\n<li><strong>(CESPE \/ MPU \/ T\u00c9CNICO \/ 2018) <\/strong><\/li>\n<\/ol>\n<p style=\"text-align: justify\">No pen\u00faltimo per\u00edodo do texto, a corre\u00e7\u00e3o gramatical estaria preservada se, logo ap\u00f3s a forma verbal \u201cpensarmos\u201d (l.21), fosse inserida a express\u00e3o <strong>por exemplo<\/strong>, desde que exclu\u00eddas a express\u00e3o \u201capenas como exemplos\u201d (l.24) e a v\u00edrgula que a antecede.<\/p>\n<p style=\"text-align: justify\">Coment\u00e1rios:<\/p>\n<p style=\"text-align: justify\">Por exemplo deveria vir entre v\u00edrgulas, s\u00f3 assim o texto ficaria correto.<\/p>\n<p style=\"text-align: justify\"><em>O etnocentrismo est\u00e1 certamente, entre as principais causas de intoler\u00e2ncia internacional e da xenofobia. Basta pensarmos nas rela\u00e7\u00f5es entre norte-americanos e latinos imigrantes, entre franceses e os povos vindos do norte do continente africano que buscam resid\u00eancia em pa\u00edses estrangeiros<strong>, apenas como exemplos. <\/strong><\/em><\/p>\n<p style=\"text-align: justify\"><em>O etnocentrismo est\u00e1 certamente, entre as principais causas de intoler\u00e2ncia internacional e da xenofobia. Basta pensarmos, <strong>por exemplo,<\/strong> nas rela\u00e7\u00f5es entre norte-americanos e latinos imigrantes, entre franceses e os povos vindos do norte do continente africano que buscam resid\u00eancia em pa\u00edses estrangeiros<strong>.<\/strong><\/em><\/p>\n<p style=\"text-align: justify\">Quest\u00e3o incorreta.<\/p>\n<ol style=\"text-align: justify\" start=\"8\">\n<li><strong>(CESPE \/ MPU \/ T\u00c9CNICO \/ 2018) <\/strong><\/li>\n<\/ol>\n<p style=\"text-align: justify\">A inser\u00e7\u00e3o de uma v\u00edrgula ap\u00f3s \u201cglobal\u201d (l.26) alteraria os sentidos originais do texto, mas n\u00e3o sua corre\u00e7\u00e3o gramatical.<\/p>\n<p style=\"text-align: justify\">Coment\u00e1rios:<\/p>\n<p style=\"text-align: justify\">Aqui, temos a mesma \u201cl\u00f3gica\u201d das ora\u00e7\u00f5es adjetivas. Observem que o adjetivo \u2018decorrente\u2019, sem v\u00edrgula, tem valor restritivo. Ao inserir a v\u00edrgula, passa a ter valor explicativo:<\/p>\n<p style=\"text-align: justify\"><em>A vis\u00e3o etnoc\u00eantrica caminha na contram\u00e3o do processo de integra\u00e7\u00e3o global <strong>decorrente (que decorre) \u00a0da moderniza\u00e7\u00e3o dos meios de comunica\u00e7\u00e3o como a internet<\/strong>&#8230;<\/em><\/p>\n<p style=\"text-align: justify\"><em>A vis\u00e3o etnoc\u00eantrica caminha na contram\u00e3o do processo de integra\u00e7\u00e3o global<strong>,<\/strong> <strong>decorrente (que decorre) da moderniza\u00e7\u00e3o dos meios de comunica\u00e7\u00e3o como a internet<\/strong>&#8230;<\/em><\/p>\n<p style=\"text-align: justify\">Portanto, embora n\u00e3o cause erro, a inser\u00e7\u00e3o da v\u00edrgula altera os sentidos.<\/p>\n<p style=\"text-align: justify\">Quest\u00e3o correta.<\/p>\n<ol style=\"text-align: justify\" start=\"9\">\n<li><strong>(CESPE \/ MPU \/ T\u00c9CNICO \/ 2018) <\/strong><\/li>\n<\/ol>\n<p style=\"text-align: justify\">Em \u201cservindo-nos\u201d (l.3) o pronome \u201cnos\u201d poderia ser suprimido, sem prejudicar a corre\u00e7\u00e3o gramatical e a coes\u00e3o do texto<strong>.<\/strong><\/p>\n<p style=\"text-align: justify\">Coment\u00e1rios:<\/p>\n<p style=\"text-align: justify\">N\u00e3o podemos suprimir o \u201cnos\u201d, pois a refer\u00eancia coesiva ao sujeito \u201cn\u00f3s\u201d permeia todo o par\u00e1grafo, de forma que o \u201cservindo\u201d deixaria de se referir a esse \u201cn\u00f3s\u201d, mudando as rela\u00e7\u00f5es coesivas originais.\u00a0 Entendo ent\u00e3o, que o gabarito seja incorreto. Contudo, a banca aceitou a retirada do pronome, ignorando o fato de que mudaria o referente &#8220;n\u00f3s&#8221; que estava presente no pronome&#8221; e o preju\u00edzo &#8220;coesivo&#8221; que isso causaria, pela poss\u00edvel mudan\u00e7a de referente! \u00c9 como se\u00a0 a banca dissesse que n\u00e3o faz diferen\u00e7a dizer &#8220;Isso nos serve (a n\u00f3s)&#8221; ou &#8220;Isso serve&#8221; (pode ser a qualquer um).<\/p>\n<p>Entendo, portanto, que caiba recurso! N\u00e3o sendo uma quest\u00e3o de gram\u00e1tica, n\u00e3o h\u00e1 como sustentar esse recurso com alguma regra consagrada.\u00a0 Por\u00e9m \u00e9 poss\u00edvel argumentar que o pronome n\u00e3o era gratuito e tinha como referente o &#8220;n\u00f3s&#8221; que permeia o par\u00e1grafo, por isso inclusive, o pronome era &#8220;nos&#8221; e n\u00e3o outro qualquer. O pronome \u00e9 um elemento coesivo e ao retir\u00e1-lo, \u00e9 certo que h\u00e1 preju\u00edzo \u00e0s rela\u00e7\u00f5es coesivas originais.<\/p>\n<p style=\"text-align: justify\"><img loading=\"lazy\" decoding=\"async\" class=\"aligncenter size-full wp-image-148119\" src=\"https:\/\/dhg1h5j42swfq.cloudfront.net\/2018\/10\/22000119\/13.png\" alt=\"\" width=\"397\" height=\"490\" srcset=\"https:\/\/dhg1h5j42swfq.cloudfront.net\/2018\/10\/22000119\/13.png 397w, https:\/\/dhg1h5j42swfq.cloudfront.net\/2018\/10\/22000119\/13.png 243w\" sizes=\"auto, (max-width: 397px) 100vw, 397px\" \/><\/p>\n<p>&nbsp;<\/p>\n<p style=\"text-align: justify\">Julgue os itens seguintes, a respeito das ideias do texto CB2A1-II.<\/p>\n<ol style=\"text-align: justify\" start=\"10\">\n<li><strong>(CESPE \/ MPU \/ T\u00c9CNICO \/ 2018) <\/strong><\/li>\n<\/ol>\n<p style=\"text-align: justify\">O texto informa que, em 2002, entrou em vigor no Brasil o primeiro dispositivo legal para elimina\u00e7\u00e3o da discrimina\u00e7\u00e3o contra a mulher.<\/p>\n<p style=\"text-align: justify\">Coment\u00e1rios:<\/p>\n<p style=\"text-align: justify\">O texto n\u00e3o informa isso, n\u00e3o \u00e9 poss\u00edvel saber qual foi o primeiro. Ali\u00e1s, o pr\u00f3prio texto traz men\u00e7\u00e3o a uma lei de 1997, anterior \u00e0 vig\u00eancia da Conven\u00e7\u00e3o.<\/p>\n<p style=\"text-align: justify\">Quest\u00e3o incorreta.<\/p>\n<ol style=\"text-align: justify\" start=\"11\">\n<li><strong>(CESPE \/ MPU \/ T\u00c9CNICO \/ 2018) <\/strong><\/li>\n<\/ol>\n<p style=\"text-align: justify\">Depreende-se do texto que a cota eleitoral de sexo \u00e9 um dos exemplos mais pr\u00f3speros de a\u00e7\u00e3o afirmativa implementada no Brasil, no que diz respeito \u00e0 elimina\u00e7\u00e3o da discrimina\u00e7\u00e3o contra a mulher.<\/p>\n<p style=\"text-align: justify\">Coment\u00e1rios:<\/p>\n<p style=\"text-align: justify\">N\u00e3o se faz nenhuma valora\u00e7\u00e3o sobre a efic\u00e1cia da medida. Quest\u00e3o incorreta.<\/p>\n<ol style=\"text-align: justify\" start=\"12\">\n<li><strong>(CESPE \/ MPU \/ T\u00c9CNICO \/ 2018) <\/strong><\/li>\n<\/ol>\n<p style=\"text-align: justify\">As medidas a que se refere o terceiro par\u00e1grafo est\u00e3o elencadas no segundo par\u00e1grafo, especialmente no trecho \u201ctoda distin\u00e7\u00e3o (&#8230;) outro campo\u201d (l.7-13).<\/p>\n<p style=\"text-align: justify\">Coment\u00e1rios:<\/p>\n<p style=\"text-align: justify\">As medidas, de fato, s\u00e3o mencionadas no segundo par\u00e1grafo, na forma de \u201cA conven\u00e7\u00e3o prev\u00ea que os estados signat\u00e1rios adotem pol\u00edtica destinada a eliminar a discrimina\u00e7\u00e3o\u201d. Contudo, essa pol\u00edtica (conjunto de medidas) n\u00e3o est\u00e1 \u201celencado\u201d no par\u00e1grafo, n\u00e3o h\u00e1 uma lista de medidas. Quest\u00e3o incorreta.<\/p>\n<ol style=\"text-align: justify\" start=\"13\">\n<li><strong>(CESPE \/ MPU \/ T\u00c9CNICO \/ 2018) <\/strong><\/li>\n<\/ol>\n<p style=\"text-align: justify\">Conforme o terceiro par\u00e1grafo do texto, a conven\u00e7\u00e3o pretende implementar medidas que acabem com a pr\u00e1tica da prostitui\u00e7\u00e3o e alterem os padr\u00f5es de conduta da sociedade em geral com rela\u00e7\u00e3o \u00e0 mulher.<\/p>\n<p style=\"text-align: justify\">Coment\u00e1rios:<\/p>\n<p style=\"text-align: justify\">Rigorosamente, o texto diz que as medidas previstas na Conven\u00e7\u00e3o visam tamb\u00e9m \u201csuprimir todas as formas de explora\u00e7\u00e3o da prostitui\u00e7\u00e3o\u201d. Ent\u00e3o, \u201cpr\u00e1tica da prostitui\u00e7\u00e3o\u201d seria diferente de \u201cexplora\u00e7\u00e3o\u201d. Contudo, em algumas quest\u00f5es o Cespe n\u00e3o considera detalhes assim. Al\u00e9m disso, n\u00e3o \u00e9 a Conven\u00e7\u00e3o que implementa, mas sim os pa\u00edses signat\u00e1rios.<\/p>\n<p style=\"text-align: justify\">Quest\u00e3o incorreta.<\/p>\n<p style=\"text-align: justify\">Com rela\u00e7\u00e3o aos aspectos lingu\u00edsticos do texto CB2A1-II, julgue os itens a seguir.<\/p>\n<ol style=\"text-align: justify\" start=\"14\">\n<li><strong>(CESPE \/ MPU \/ T\u00c9CNICO \/ 2018) <\/strong><\/li>\n<\/ol>\n<p style=\"text-align: justify\">O trecho \u201cpara a Elimina\u00e7\u00e3o de Todas as Formas de Discrimina\u00e7\u00e3o contra a Mulher\u201d (l.2-3) apresenta a raz\u00e3o pela qual a ONU aprovou a referida conven\u00e7\u00e3o.<\/p>\n<p style=\"text-align: justify\">Coment\u00e1rios:<\/p>\n<p style=\"text-align: justify\">Apresenta a finalidade. Quest\u00e3o incorreta.<\/p>\n<ol style=\"text-align: justify\" start=\"15\">\n<li><strong>(CESPE \/ MPU \/ T\u00c9CNICO \/ 2018) <\/strong><\/li>\n<\/ol>\n<p style=\"text-align: justify\">Mantendo-se a corre\u00e7\u00e3o gramatical e os sentidos do texto, o primeiro par\u00e1grafo poderia ser reescrito da seguinte forma: Em 1979, a assembleia geral da ONU aprovou a conven\u00e7\u00e3o para a Elimina\u00e7\u00e3o de Todas as Formas de Discrimina\u00e7\u00e3o contra a Mulher. No entanto, apenas em 2002 o trabalho internacional passou a viger internamente no Brasil.<\/p>\n<p style=\"text-align: justify\">Coment\u00e1rios:<\/p>\n<p style=\"text-align: justify\">O que houve foi a convers\u00e3o da voz passiva para voz ativa, que n\u00e3o afeta o sentido. O \u201cno entanto\u201d n\u00e3o estava na reda\u00e7\u00e3o original, mas estava impl\u00edcito, pois a Conven\u00e7\u00e3o foi aprovada em 1979, MAS s\u00f3 foi internalizada em 2002.<\/p>\n<p style=\"text-align: justify\">Quest\u00e3o correta.<\/p>\n<ol style=\"text-align: justify\" start=\"16\">\n<li><strong>(CESPE \/ MPU \/ T\u00c9CNICO \/ 2018) <\/strong><\/li>\n<\/ol>\n<p style=\"text-align: justify\">A substitui\u00e7\u00e3o de \u201ce suprimir\u201d (l.17) por <strong>ao suprimir<\/strong> n\u00e3o comprometeria a corre\u00e7\u00e3o gramatical do per\u00edodo, mas alteraria seu sentido original.<\/p>\n<p style=\"text-align: justify\">Coment\u00e1rios:<\/p>\n<p style=\"text-align: justify\">Compare:<\/p>\n<p style=\"text-align: justify\"><em>Al\u00e9m de buscar alterar os padr\u00f5es socioculturais de conduta <strong><u>e<\/u><\/strong><u> suprimir<\/u> todas as formas de tr\u00e1fico&#8230;(valor de adi\u00e7\u00e3o)<\/em><\/p>\n<p style=\"text-align: justify\"><em>Al\u00e9m de buscar alterar os padr\u00f5es socioculturais de conduta <strong><u>ao<\/u><\/strong><u> suprimir<\/u> todas as formas de tr\u00e1fico&#8230;(valor de tempo: ao+infinitivo\u2014ora\u00e7\u00e3o subordinada temporal reduzida de infinitivo)<\/em><\/p>\n<p style=\"text-align: justify\">Ent\u00e3o, h\u00e1 sim mudan\u00e7a de sentido, mas n\u00e3o h\u00e1 erro gramatical.<\/p>\n<p style=\"text-align: justify\">Quest\u00e3o correta.<\/p>\n<ol style=\"text-align: justify\" start=\"17\">\n<li><strong>(CESPE \/ MPU \/ T\u00c9CNICO \/ 2018) <\/strong><\/li>\n<\/ol>\n<p style=\"text-align: justify\">Seria gramaticalmente correta a substitui\u00e7\u00e3o de \u201cdas mulheres\u201d (l.15) por \u00e0s mulheres.<\/p>\n<p style=\"text-align: justify\">Coment\u00e1rios:<\/p>\n<p style=\"text-align: justify\">Ao usar a forma com crase, \u201c\u00e0s mulheres\u201d passa a ser complemento de \u201cgarantir\u201d: garantir Algo <strong>A algu\u00e9m<\/strong><\/p>\n<p style=\"text-align: justify\"><em>As medidas previstas visam <strong>garantir<\/strong> o gozo dos direitos humanos e das liberdades fundamentais <strong>\u00e0s<\/strong><strong> mulheres<\/strong><\/em><\/p>\n<p style=\"text-align: justify\">Quest\u00e3o correta.<\/p>\n<p>&nbsp;<\/p>\n<p><span style=\"font-size: 24pt\"><strong>GABARITO MPU &#8211; ANALISTA<\/strong><\/span><strong style=\"font-size: 24pt\">\u00a0<\/strong><\/p>\n<p style=\"text-align: justify\"><img loading=\"lazy\" decoding=\"async\" class=\"aligncenter size-full wp-image-147985\" src=\"https:\/\/dhg1h5j42swfq.cloudfront.net\/2018\/10\/21190640\/Imagem1.png\" alt=\"\" width=\"406\" height=\"518\" srcset=\"https:\/\/dhg1h5j42swfq.cloudfront.net\/2018\/10\/21190640\/Imagem1.png 406w, https:\/\/dhg1h5j42swfq.cloudfront.net\/2018\/10\/21190640\/Imagem1.png 235w\" sizes=\"auto, (max-width: 406px) 100vw, 406px\" \/><\/p>\n<p style=\"text-align: justify\">Com rela\u00e7\u00e3o \u00e0s ideias do texto CB1A1-I, julgue os itens subsequentes.<\/p>\n<ol style=\"text-align: justify\">\n<li><strong>(CESPE \/ MPU \/ ANALISTA \/ 2018) <\/strong><\/li>\n<\/ol>\n<p style=\"text-align: justify\">Infere-se do texto que calamidades com consequ\u00eancias de propor\u00e7\u00f5es imensur\u00e1veis n\u00e3o devem ser consideradas casos de injusti\u00e7a, j\u00e1 que \u00e9 imposs\u00edvel cont\u00ea-las.<\/p>\n<p style=\"text-align: justify\">Coment\u00e1rios:<\/p>\n<p style=\"text-align: justify\">N\u00e3o foi dito que toda calamidade \u00e9 imposs\u00edvel de ser contida, nem foi dito que s\u00e3o \u201cimensur\u00e1veis\u201d. Caso seja poss\u00edvel evitar a calamidade e, por omiss\u00e3o, n\u00e3o seja, a\u00ed sim, segundo autor, temos caso de \u201cinjusti\u00e7a\u201d.<\/p>\n<p style=\"text-align: justify\">Quest\u00e3o incorreta.<\/p>\n<ol style=\"text-align: justify\" start=\"2\">\n<li><strong>(CESPE \/ MPU \/ ANALISTA \/ 2018) <\/strong><\/li>\n<\/ol>\n<p style=\"text-align: justify\">Para o autor do texto, nem sempre a discuss\u00e3o sobre justi\u00e7a pode ser feita a partir de uma argumenta\u00e7\u00e3o racional, visto que, em casos de evidente injusti\u00e7a, as pessoas s\u00e3o tomadas por um impulso que as impede de raciocinar antes de agir.<\/p>\n<p style=\"text-align: justify\">Coment\u00e1rios:<\/p>\n<p style=\"text-align: justify\">Esta quest\u00e3o \u00e9 bastante pol\u00eamica, pois o item \u00e9 redigido de uma forma que n\u00e3o sabemos se vale a conclus\u00e3o final do autor, ou ideias que ele apresenta ao longo do texto. Sua conclus\u00e3o \u00e9 que a discuss\u00e3o sobre justi\u00e7a sempre deve levar em considera\u00e7\u00e3o a raz\u00e3o, at\u00e9 menciona que, diante de certos casos, n\u00e3o avaliamos racionalmente o que seria ou n\u00e3o injusti\u00e7a.<\/p>\n<p style=\"text-align: justify\">Ent\u00e3o, podemos dizer que o item est\u00e1 correto, porque, de fato, o autor menciona que nem sempre \u00e9 poss\u00edvel discutir justi\u00e7a a partir de uma argumenta\u00e7\u00e3o racional. Ele, inclusive, abre o texto mencionando \u201cA impossibilidade de manter silencia sobre um assunto\u201d em \u201cmuitos casos de patente injusti\u00e7a que nos enfurecem&#8230;\u201c. Veja que o autor sugere a ideia de \u201cdescontrole\u201d, de rea\u00e7\u00e3o impulsiva, antes de pensar.<\/p>\n<p style=\"text-align: justify\">Em outro momento, ele menciona \u201cQuanto\u00a0 nos defrontamos, por exemplo, com uma alastrada fome coletiva, parece natural protestar em vez de raciocinar de forma elaborada sobre a justi\u00e7a e a injusti\u00e7a\u201d. Ent\u00e3o, diz \u201cprotestar em vez de raciocinar\u201d, no sentido bem pr\u00f3ximo de \u201cagir por impulso\u201d antes de \u201craciocinar propriamente\u201d.<\/p>\n<p style=\"text-align: justify\">Por fim, o autor diz \u201c<strong><em>Entre os requisitos<\/em><\/strong> de uma teoria da justi\u00e7a <strong><em>inclui-se o de permitir que a raz\u00e3o influencie o diagn\u00f3stico<\/em><\/strong> da justi\u00e7a e da injusti\u00e7a\u201d. Ent\u00e3o, insinua tamb\u00e9m aqui que a raz\u00e3o \u00e9 \u201cum dos elementos\u201d, \u201cum dentre os requisitos\u201d, de modo a incluir tamb\u00e9m a emo\u00e7\u00e3o, o impulso mencionado na alternativa.<\/p>\n<p style=\"text-align: justify\">Ent\u00e3o, entendo que a banca queira justamente que o candidato perceba nessas partes do texto o comportamento que impulsivo e pouco racional que temos diante de situa\u00e7\u00f5es vistas como \u201cpatentes injusti\u00e7as\u201d e deve ent\u00e3o considerar o item como correto.<\/p>\n<p style=\"text-align: justify\">Por outro lado, \u00e9 poss\u00edvel tamb\u00e9m defender que, segundo o autor do texto, a discuss\u00e3o sobre justi\u00e7a deve sim partir de uma discuss\u00e3o racional, sendo inclusive essa a tese do texto.<\/p>\n<p style=\"text-align: justify\">Quest\u00e3o incorreta.<\/p>\n<ol style=\"text-align: justify\" start=\"3\">\n<li><strong>(CESPE \/ MPU \/ ANALISTA \/ 2018) <\/strong><\/li>\n<\/ol>\n<p style=\"text-align: justify\">O protesto \u00e9 a primeira e a mais natural rea\u00e7\u00e3o do ser humano a calamidades ou a casos de injusti\u00e7a.<\/p>\n<p style=\"text-align: justify\">Coment\u00e1rios:<\/p>\n<p style=\"text-align: justify\">Cuidado. O autor diz: \u201cparece natural protestar em vez de raciocinar de forma elaborada sobre a justi\u00e7a e a injusti\u00e7a\u201d, o que sustenta dizer que protestar \u00e9 uma rea\u00e7\u00e3o comum diante de casos extremos, como o mencionado no texto. No entanto, o item \u00e9 categ\u00f3rico e geral demais ao insinuar que \u00e9 a rea\u00e7\u00e3o mais natural do ser humano. Al\u00e9m disso, o texto n\u00e3o fala de \u201cqualquer injusti\u00e7a\u201d, mas sim \u201cinjusti\u00e7as supostamente patentes\u201d como, por exemplo, uma calamidade de fome alastrada. Calamidades e injusti\u00e7as s\u00e3o, nesse contexto, uma mesma situa\u00e7\u00e3o, ao passo que o \u201cou\u201d do item sugere que s\u00e3o \u201ccoisas diferentes\u201d.<\/p>\n<p style=\"text-align: justify\">Quest\u00e3o incorreta.<\/p>\n<ol style=\"text-align: justify\" start=\"4\">\n<li><strong>(CESPE \/ MPU \/ ANALISTA \/ 2018) <\/strong><\/li>\n<\/ol>\n<p style=\"text-align: justify\">O autor do texto defende a ideia de que a raz\u00e3o \u00e9 um elemento de relev\u00e2ncia na defini\u00e7\u00e3o do que possa ser considerado justi\u00e7a ou injusti\u00e7a.<\/p>\n<p style=\"text-align: justify\">Coment\u00e1rios:<\/p>\n<p style=\"text-align: justify\">Sim, \u00e9 um dos requisitos da \u201cteoria da justi\u00e7a\u201d. Isso est\u00e1 literal em:<\/p>\n<p style=\"text-align: justify\">Entre os requisitos de uma teoria da justi\u00e7a inclui-se o de permitir que a raz\u00e3o influencie o diagn\u00f3stico da justi\u00e7a e da injusti\u00e7a.<\/p>\n<p style=\"text-align: justify\">Quest\u00e3o correta.<\/p>\n<p style=\"text-align: justify\">Julgue os pr\u00f3ximos itens, relativos aos sentidos e aos aspectos lingu\u00edsticos do texto CB1A1-I.<\/p>\n<ol style=\"text-align: justify\" start=\"5\">\n<li><strong>(CESPE \/ MPU \/ ANALISTA \/ 2018) <\/strong><\/li>\n<\/ol>\n<p style=\"text-align: justify\">Na linha 9, caso a express\u00e3o \u201c\u00e0s vezes\u201d fosse deslocada para imediatamente ap\u00f3s \u201cjusti\u00e7a\u201d, feitos os devidos ajustes de pontua\u00e7\u00e3o, a corre\u00e7\u00e3o gramatical seria mantida, mas o sentido original do texto seria alterado.<\/p>\n<p style=\"text-align: justify\">Coment\u00e1rios:<\/p>\n<p style=\"text-align: justify\">Compare:<\/p>\n<p style=\"text-align: justify\"><u>Afirma-se<strong>, \u00e0s vezes,<\/strong><\/u> que a justi\u00e7a n\u00e3o diz respeito \u00e0 argumenta\u00e7\u00e3o racional. (\u201c\u00e0s vezes\u201d restringe \u201cafirma-se\u201d, ou seja, \u201cisto \u00e9 algo que se afirma \u00e0s vezes, em algumas ocasi\u00f5es\u201d)<\/p>\n<p style=\"text-align: justify\">Afirma-se que a justi\u00e7a<strong><u>, \u00e0s vezes,<\/u><\/strong> \u00a0n\u00e3o diz respeito \u00e0 argumenta\u00e7\u00e3o racional. (Nessa reescritura, \u201c\u00e0s vezes\u201d restringe a afirma\u00e7\u00e3o de que a justi\u00e7a n\u00e3o diz respeito \u00e0 argumenta\u00e7\u00e3o racional, no sentido de: \u201cnem sempre a justi\u00e7a diz respeito \u00e0 argumenta\u00e7\u00e3o racional, s\u00f3 \u00e0s vezes, em algumas ocasi\u00f5es\u201d.<\/p>\n<p style=\"text-align: justify\">Portanto, a forma proposta pela banca \u00e9 poss\u00edvel e correta, mas mudaria o sentido do texto original ao muda a \u201cpor\u00e7\u00e3o\u201d da frase que est\u00e1 sendo modificada pelo \u201c\u00e0s vezes\u201d.<\/p>\n<p style=\"text-align: justify\">Quest\u00e3o correta.<\/p>\n<ol style=\"text-align: justify\" start=\"6\">\n<li><strong>(CESPE \/ MPU \/ ANALISTA \/ 2018) <\/strong><\/li>\n<\/ol>\n<p style=\"text-align: justify\">A substitui\u00e7\u00e3o de \u201crelacionada com a disciplina\u201d (l.8) por <strong>relacionada \u00e0 disciplina<\/strong>, embora mantivesse o sentido do texto, prejudicaria sua corre\u00e7\u00e3o gramatical.<\/p>\n<p style=\"text-align: justify\">Coment\u00e1rios:<\/p>\n<p style=\"text-align: justify\">Quest\u00e3o id\u00eantica \u00e0 cobrada em um de nossos simulados.<\/p>\n<p style=\"text-align: justify\">Aqui, n\u00e3o h\u00e1 preju\u00edzo gramatical algum, pois a troca da preposi\u00e7\u00e3o \u201ccom\u201d por \u201ca\u201d geraria a necessidade do acento grave, como a banca prop\u00f4s:<\/p>\n<p style=\"text-align: justify\"><em>\u201crelacionada com a disciplina\u201d <\/em><\/p>\n<p style=\"text-align: justify\"><em>\u00a0<strong>relacionada \u00e0 disciplina (relacionada A+A disciplina)<\/strong><\/em><\/p>\n<p style=\"text-align: justify\">Quest\u00e3o incorreta.<\/p>\n<ol style=\"text-align: justify\" start=\"7\">\n<li><strong>(CESPE \/ MPU \/ ANALISTA \/ 2018) <\/strong><\/li>\n<\/ol>\n<p style=\"text-align: justify\">Os sentidos e a corre\u00e7\u00e3o gramatical do texto seriam preservados caso o trecho \u201cuma calamidade seria um caso de injusti\u00e7a apenas se pudesse ter sido evitada\u201d (l.14-15) fosse reescrito da seguinte maneira: apenas uma calamidade que poderia ter sido evitada \u00e9 um caso de injusti\u00e7a.<\/p>\n<p style=\"text-align: justify\">Coment\u00e1rios:<\/p>\n<p style=\"text-align: justify\">O \u201capenas\u201d, assim como \u201csomente\u201d, seu sin\u00f4nimo, tem valor de restri\u00e7\u00e3o\/exclus\u00e3o. Ent\u00e3o, quando a banca diz:<\/p>\n<p style=\"text-align: justify\"><em>apenas uma calamidade que poderia ter sido evitada \u00e9 um caso de injusti\u00e7a, <\/em><\/p>\n<p style=\"text-align: justify\">podemos entender que s\u00f3 isso (<em>uma calamidade que poderia ter sido evitada \u00e9 um caso de injusti\u00e7a)<\/em> \u00e9 um caso de injusti\u00e7a, nenhuma outra hip\u00f3tese seria caso de injusti\u00e7a. Ent\u00e3o, essa alternativa muda o sentido original.<\/p>\n<p style=\"text-align: justify\">Como estamos lidando com o CESPE, historicamente conhecido por n\u00e3o ter um crit\u00e9rio fixo do que \u201cmuda o sentido ou n\u00e3o\u201d, apresento outra possibilidade de leitura, em que o \u201capenas\u201d limita apenas \u201ccalamidade\u201d, no sentido de que s\u00f3 uma calamidade deste tipo (daquela que poderia ter sido evitada), e n\u00e3o as outras calamidades, seria um tipo de injusti\u00e7a. Se a banca pedir essa leitura, a\u00ed o item fica pol\u00eamico, pois essa leitura se encaixaria na dicotomia do texto: \u201ccalamidades evit\u00e1veis\u201d x \u201ccalamidades inevit\u00e1veis\u201d. Mesmo assim, entendo que estaria incorreto, pois o texto menciona tamb\u00e9m o fato de que ele deve ter sido n\u00e3o evitada por omiss\u00e3o de quem poderia e deveria ter tentado evit\u00e1-la. Nessa linha, tamb\u00e9m h\u00e1 mudan\u00e7a de sentido. Ent\u00e3o, a banca n\u00e3o deveria considerar esse item como correto.<\/p>\n<p style=\"text-align: justify\">Quest\u00e3o incorreta.<\/p>\n<ol style=\"text-align: justify\" start=\"8\">\n<li><strong>(CESPE \/ MPU \/ ANALISTA \/ 2018) <\/strong><\/li>\n<\/ol>\n<p style=\"text-align: justify\">Na express\u00e3o \u201cfaz\u00ea-lo\u201d (l.16), a forma pronominal \u201cl\u00f4\u201d retoma a ideia de agir para tentar evitar uma calamidade.<\/p>\n<p style=\"text-align: justify\">Coment\u00e1rios:<\/p>\n<p style=\"text-align: justify\">Sim. Aqui, temos o \u201cpronome demonstrativo neutro usado com verbo vic\u00e1rio\u201d:<\/p>\n<p style=\"text-align: justify\">Faz\u00ea-lo = Fazer isso (o que foi mencionado: agir para tentar evitar uma calamidade)<\/p>\n<p style=\"text-align: justify\">Quest\u00e3o correta.<\/p>\n<ol style=\"text-align: justify\" start=\"9\">\n<li><strong>(CESPE \/ MPU \/ ANALISTA \/ 2018) <\/strong><\/li>\n<\/ol>\n<p style=\"text-align: justify\">Na forma \u201cAfirma-se\u201d (l.9), o emprego do pronome \u201cse\u201d indica que n\u00e3o existe um agente respons\u00e1vel pela a\u00e7\u00e3o de afirmar<strong>.<\/strong><\/p>\n<p style=\"text-align: justify\">Coment\u00e1rios:<\/p>\n<p style=\"text-align: justify\">Quest\u00e3o dif\u00edcil, mas tamb\u00e9m mencionada em nossa revis\u00e3o. Temos VTD+SE, voz passiva sint\u00e9tica, por\u00e9m com sujeito passivo oracional. \u00a0Veja:<\/p>\n<p style=\"text-align: justify\">Afirma-se<strong> [que a justi\u00e7a n\u00e3o diz respeito \u00e0 argumenta\u00e7\u00e3o racional]<\/strong><\/p>\n<p style=\"text-align: justify\">Afirma-se<strong> [ISTO]<\/strong><\/p>\n<p style=\"text-align: justify\"><strong>[ISTO] <\/strong>Afirma-se (\u00e9 afirmado)<\/p>\n<p style=\"text-align: justify\">Portanto, temos voz passiva sint\u00e9tica, com omiss\u00e3o do agente. Podemos dizer ent\u00e3o que a voz passiva sint\u00e9tica, ao esconder o agente, deixa o texto impessoal. Por\u00e9m, n\u00e3o podemos afirmar que \u201cn\u00e3o existe um agente\u201d. No m\u00e1ximo, for\u00e7ando a barra, podemos dizer que ele n\u00e3o \u00e9 revelado, est\u00e1 oculto, subentendido na frase, mas dizer que \u201cn\u00e3o existe\u201d n\u00e3o \u00e9 correto, pois sugere uma a\u00e7\u00e3o m\u00e1gica, espont\u00e2nea, a\u00e7\u00e3o de \u201cafirmar\u201d sem ningu\u00e9m que afirme.<\/p>\n<p style=\"text-align: justify\">Quest\u00e3o incorreta.<\/p>\n<ol style=\"text-align: justify\" start=\"10\">\n<li><strong>(CESPE \/ MPU \/ ANALISTA \/ 2018) <\/strong><\/li>\n<\/ol>\n<p style=\"text-align: justify\">A corre\u00e7\u00e3o gramatical do texto seria mantida se, no trecho \u201cQuando nos defrontamos, por exemplo, com uma alastrada fome coletiva\u201d (l.11-12), a forma pronominal \u201cnos\u201d fosse suprimida.<\/p>\n<p style=\"text-align: justify\">Coment\u00e1rios:<\/p>\n<p style=\"text-align: justify\">Defrontar-se (com) \u00e9 um verbo pronominal e, portanto, deve ser conjugado com o pronome. Contudo, Celso Pedro Luft, Antenor Nascentes, maiores autoridades em reg\u00eancia verbal, tamb\u00e9m o registram sem o pronome. Ent\u00e3o, a banca entendeu pelo uso facultativo da forma pronominal. Quest\u00e3o correta.<\/p>\n<ol style=\"text-align: justify\" start=\"11\">\n<li><strong>(CESPE \/ MPU \/ ANALISTA \/ 2018) <\/strong><\/li>\n<\/ol>\n<p style=\"text-align: justify\">Na linha 3, o adjetivo patente tem um significado de <strong>impressionante<\/strong>.<\/p>\n<p style=\"text-align: justify\">Coment\u00e1rios:<\/p>\n<p style=\"text-align: justify\"><em>Na linha 3, o adjetivo patente tem um significado de <strong>evidente, \u00f3bvio, flagrante<\/strong>.<\/em><\/p>\n<p style=\"text-align: justify\">Quest\u00e3o incorreta.<\/p>\n<p style=\"text-align: justify\"><img loading=\"lazy\" decoding=\"async\" class=\"aligncenter size-large wp-image-147986\" src=\"https:\/\/dhg1h5j42swfq.cloudfront.net\/2018\/10\/21190642\/Imagem2.png\" alt=\"\" width=\"451\" height=\"519\" srcset=\"https:\/\/dhg1h5j42swfq.cloudfront.net\/2018\/10\/21190642\/Imagem2.png 451w, https:\/\/dhg1h5j42swfq.cloudfront.net\/2018\/10\/21190642\/Imagem2.png 261w\" sizes=\"auto, (max-width: 451px) 100vw, 451px\" \/><\/p>\n<p style=\"text-align: justify\">Acerca das ideias e dos sentidos do texto CB1A1-II, julgue os itens a seguir.<\/p>\n<ol style=\"text-align: justify\" start=\"12\">\n<li><strong>(CESPE \/ MPU \/ ANALISTA \/ 2018) <\/strong><\/li>\n<\/ol>\n<p style=\"text-align: justify\">No texto, a palavra minoria (l.8) refere-se aos grupos sociais marginalizados, em situa\u00e7\u00e3o de maior vulnerabilidade social, tal qual a popula\u00e7\u00e3o das periferias, por exemplo.<\/p>\n<p style=\"text-align: justify\">Coment\u00e1rios:<\/p>\n<p style=\"text-align: justify\">A minoria em tela \u00e9 a minoria que se beneficia da riqueza, isto \u00e9, a minoria rica da popula\u00e7\u00e3o. Por isso o texto fala em \u201cdesigualdade\u201d, no sentido de que \u201ca minoria \u00e9 rica\u201d e a maioria \u00e9 pobre. Quest\u00e3o incorreta.<\/p>\n<ol style=\"text-align: justify\" start=\"13\">\n<li><strong>(CESPE \/ MPU \/ ANALISTA \/ 2018) <\/strong><\/li>\n<\/ol>\n<p style=\"text-align: justify\">Considerando que situa\u00e7\u00f5es de pobreza s\u00e3o sens\u00edveis ao grau de desigualdade de um pa\u00eds, a autora do texto argumenta que uma a\u00e7\u00e3o de enfrentamento da desigualdade consequentemente combate a pobreza.<\/p>\n<p style=\"text-align: justify\">Coment\u00e1rios:<\/p>\n<p style=\"text-align: justify\">Sim. A autora sugere que a desigualdade agrava a pobreza, do que podemos depreender que a desigualdade seria uma causa direta ou indireta da pobreza. Dito de outro modo, a pobreza \u00e9 uma consequ\u00eancia. Veja:<\/p>\n<p style=\"text-align: justify\"><em>A reprodu\u00e7\u00e3o social das desigualdades contribui para o aprofundamento da pobreza. Por isso, uma estrat\u00e9gia de enfrentamento deve considerar a conex\u00e3o entre as duas pautas. <\/em><\/p>\n<p style=\"text-align: justify\">Da\u00ed podemos concluir que reduzir a desigualdade teria como consequ\u00eancia a redu\u00e7\u00e3o da pobreza. Inclusive argumenta que \u00e9 preciso considerar a rela\u00e7\u00e3o que existe entre as duas pautas. Quest\u00e3o correta.<\/p>\n<p>A banca no entanto, considerou o item errado, entendendo que combater a desigualdade n\u00e3o teria como consequ\u00eancia uma redu\u00e7\u00e3o da pobreza (o que \u00e9 contr\u00e1rio \u00e0 pr\u00f3pria tese da autora).<\/p>\n<p>&nbsp;<\/p>\n<ol style=\"text-align: justify\" start=\"14\">\n<li><strong>(CESPE \/ MPU \/ ANALISTA \/ 2018) <\/strong><\/li>\n<\/ol>\n<p style=\"text-align: justify\">A hist\u00f3ria do Brasil \u00e9 marcada por fatos cujos efeitos na sociedade at\u00e9 hoje contribuem para a manuten\u00e7\u00e3o de desigualdades.<\/p>\n<p style=\"text-align: justify\">Coment\u00e1rios:<\/p>\n<p style=\"text-align: justify\">Esse entendimento consta em:<\/p>\n<p style=\"text-align: justify\">No caso do Brasil, h\u00e1 especificidades que devem ser observadas. A hist\u00f3ria de coloniza\u00e7\u00e3o e de escravid\u00e3o deixou heran\u00e7as ainda presentes, que <strong>resguardam a condi\u00e7\u00e3o desigual no acesso a bens, servi\u00e7os e equipamentos p\u00fablicos. <\/strong><\/p>\n<p style=\"text-align: justify\">Em suma, esses fatores hist\u00f3ricos contribuem para a manuten\u00e7\u00e3o das desigualdades atuais. Quest\u00e3o correta.<\/p>\n<p style=\"text-align: justify\">A respeito dos aspectos lingu\u00edsticos do texto CB1A1-II, julgue os itens subsecutivos.<\/p>\n<ol style=\"text-align: justify\" start=\"15\">\n<li><strong>(CESPE \/ MPU \/ ANALISTA \/ 2018) <\/strong><\/li>\n<\/ol>\n<p style=\"text-align: justify\">A introdu\u00e7\u00e3o de uma v\u00edrgula imediatamente ap\u00f3s a palavra \u201crevelados\u201d (l.16) manteria a corre\u00e7\u00e3o gramatical do texto.<\/p>\n<p style=\"text-align: justify\">Coment\u00e1rios:<\/p>\n<p style=\"text-align: justify\">Veja:<\/p>\n<p style=\"text-align: justify\"><em>Os mecanismos que reproduzem as desigualdades devem ser revelados<strong>, de forma que se possibilite seu enfrentamento<\/strong><\/em><\/p>\n<p style=\"text-align: justify\">A ora\u00e7\u00e3o destacada \u00e9 adverbial e pode sim perfeitamente ser marcada por v\u00edrgula, sem erro gramatical.<\/p>\n<p style=\"text-align: justify\">Quest\u00e3o correta.<\/p>\n<ol style=\"text-align: justify\" start=\"16\">\n<li><strong>(CESPE \/ MPU \/ ANALISTA \/ 2018) <\/strong><\/li>\n<\/ol>\n<p style=\"text-align: justify\">Os termos \u201cde g\u00eanero\u201d (l.19), \u201cda igualdade racial\u201d (l.19-20) e \u201cdos direitos humanos\u201d (l.20) complementam a palavra \u201cjusti\u00e7a\u201d (l.19).<\/p>\n<p style=\"text-align: justify\">Coment\u00e1rios:<\/p>\n<p style=\"text-align: justify\">Os termos \u201cda igualdade racial\u201d (l.19-20) e \u201cdos direitos humanos\u201d (l.20) complementam a palavra \u201c<strong>garantia<\/strong>\u201d (l.19), n\u00e3o complementam &#8220;justi\u00e7a&#8221;. Quest\u00e3o incorreta.<\/p>\n<ol style=\"text-align: justify\" start=\"17\">\n<li><strong>(CESPE \/ MPU \/ ANALISTA \/ 2018) <\/strong><\/li>\n<\/ol>\n<p style=\"text-align: justify\">A substitui\u00e7\u00e3o da forma verbal \u201ccompreender\u201d (l.6) por <strong>compreendermos<\/strong> prejudicaria a corre\u00e7\u00e3o gramatical do texto, assim como alteraria os seus sentidos originais.<\/p>\n<p style=\"text-align: justify\">Coment\u00e1rios:<\/p>\n<p style=\"text-align: justify\">N\u00e3o comprometeria a corre\u00e7\u00e3o gramatical. Vejamos:<\/p>\n<p style=\"text-align: justify\">Temos um sujeito oracional:<\/p>\n<p style=\"text-align: justify\">\u00c9 necess\u00e1rio <strong>[compreender que a desigualdade se expressa em diferentes dimens\u00f5es]<\/strong><\/p>\n<p style=\"text-align: justify\">\u00c9 necess\u00e1rio <strong>[ISTO]<\/strong><\/p>\n<p style=\"text-align: justify\">A ora\u00e7\u00e3o entre colchetes \u00e9 subordinada substantiva subjetiva, ou seja, um sujeito oracional. Dentro dessa ora\u00e7\u00e3o com fun\u00e7\u00e3o de sujeito, nada impede que o infinitivo se flexione para concordar com um suposto sujeito oculto \u201cn\u00f3s\u201d:<\/p>\n<p style=\"text-align: justify\">\u00c9 necess\u00e1rio <strong>[compreender que a desigualdade se expressa em diferentes dimens\u00f5es]<\/strong><\/p>\n<p style=\"text-align: justify\">\u00c9 necess\u00e1rio <strong>[(N\u00d3S) compreenderMOS que a desigualdade se expressa em diferentes dimens\u00f5es]<\/strong><\/p>\n<p style=\"text-align: justify\">\u00c9 necess\u00e1rio <strong>[ISTO]<\/strong><\/p>\n<p style=\"text-align: justify\">O que mudaria \u00e9 o sentido, pois incluir\u00edamos um sujeito \u201cn\u00f3s\u201d que n\u00e3o pertencia ao texto, todo em terceira pessoa. Por\u00e9m, n\u00e3o h\u00e1 erro gramatical.<\/p>\n<p style=\"text-align: justify\">Quest\u00e3o incorreta.<\/p>\n<p style=\"padding-left: 30px;text-align: justify\"><span style=\"font-size: 18pt\"><em>01 &#8211; E<\/em><\/span><br \/>\n<span style=\"font-size: 18pt\"><em>02 &#8211; C (pol\u00eamica)<\/em><\/span><br \/>\n<span style=\"font-size: 18pt\"><em>03 &#8211; E<\/em><\/span><br \/>\n<span style=\"font-size: 18pt\"><em>04 &#8211; C<\/em><\/span><br \/>\n<span style=\"font-size: 18pt\"><em>05 &#8211; C<\/em><\/span><br \/>\n<span style=\"font-size: 18pt\"><em>06 &#8211; E<\/em><\/span><br \/>\n<span style=\"font-size: 18pt\"><em>07 &#8211; E<\/em><\/span><br \/>\n<span style=\"font-size: 18pt\"><em>08 &#8211; C<\/em><\/span><br \/>\n<span style=\"font-size: 18pt\"><em>09 &#8211; E<\/em><\/span><br \/>\n<span style=\"font-size: 18pt\"><em>10 &#8211; E<\/em><\/span><br \/>\n<span style=\"font-size: 18pt\"><em>11 &#8211; E<\/em><\/span><br \/>\n<span style=\"font-size: 18pt\"><em>12 &#8211; E<\/em><\/span><br \/>\n<span style=\"font-size: 18pt\"><em>13 &#8211; C<\/em><\/span><br \/>\n<span style=\"font-size: 18pt\"><em>14 &#8211; C<\/em><\/span><br \/>\n<span style=\"font-size: 18pt\"><em>15 &#8211; C<\/em><\/span><br \/>\n<span style=\"font-size: 18pt\"><em>16 &#8211; E<\/em><\/span><br \/>\n<span style=\"font-size: 18pt\"><em>17 &#8211; E<\/em><\/span><\/p>\n<p style=\"text-align: justify\">A imagem da prova est\u00e1 logo abaixo!<\/p>\n<p style=\"text-align: justify\"><img loading=\"lazy\" decoding=\"async\" class=\"aligncenter size-full wp-image-104237\" src=\"https:\/\/dhg1h5j42swfq.cloudfront.net\/2018\/01\/28150853\/M%C3%8DDIAS-SOCIAIS-FELIPE.png\" alt=\"\" width=\"724\" height=\"125\" srcset=\"https:\/\/dhg1h5j42swfq.cloudfront.net\/2018\/01\/28150853\/M%C3%8DDIAS-SOCIAIS-FELIPE.png 724w, https:\/\/dhg1h5j42swfq.cloudfront.net\/2018\/01\/28150853\/M%C3%8DDIAS-SOCIAIS-FELIPE.png 300w, https:\/\/dhg1h5j42swfq.cloudfront.net\/2018\/01\/28150853\/M%C3%8DDIAS-SOCIAIS-FELIPE.png 610w\" sizes=\"auto, (max-width: 724px) 100vw, 724px\" \/><\/p>\n<p style=\"text-align: justify\">Perdoem eventuais erros de digita\u00e7\u00e3o. J\u00e1 estou elaborando o artigo com a justificativa, mas j\u00e1 adianto esse gabarito para aliviar um pouco a ansiedade! \u00c0s 19h come\u00e7a nossa corre\u00e7\u00e3o ao vivo no canal do Estrat\u00e9gia, n\u00e3o percam!<\/p>\n<p style=\"text-align: justify\"><img loading=\"lazy\" decoding=\"async\" class=\"aligncenter size-full wp-image-147846\" src=\"https:\/\/dhg1h5j42swfq.cloudfront.net\/2018\/10\/21165031\/prova-mpu-2.jpg\" alt=\"\" width=\"575\" height=\"642\" srcset=\"https:\/\/dhg1h5j42swfq.cloudfront.net\/2018\/10\/21165031\/prova-mpu-2.jpg 575w, https:\/\/dhg1h5j42swfq.cloudfront.net\/2018\/10\/21165031\/prova-mpu-2.jpg 269w\" sizes=\"auto, (max-width: 575px) 100vw, 575px\" \/><img loading=\"lazy\" decoding=\"async\" class=\"aligncenter size-full wp-image-147845\" src=\"https:\/\/dhg1h5j42swfq.cloudfront.net\/2018\/10\/21164926\/prova-mpu-1-e1540245076345.jpg\" alt=\"\" width=\"569\" height=\"662\" \/><\/p>\n<h2 style=\"text-align: justify\">Ranking MPU &#8211; preencha o formul\u00e1rio!<\/h2>\n<p style=\"text-align: justify\">Como de costume, nos fins de semana de provas o Estrat\u00e9gia Concursos organiza um Ranking Classificat\u00f3rio para que os candidatos preencham seus gabaritos e confiram uma pr\u00e9via do que pode ser a sua nota no concurso e uma poss\u00edvel classifica\u00e7\u00e3o.<\/p>\n<p style=\"text-align: justify\">Gostar\u00edamos de te convidar a participar do Ranking MPU, uma boa oportunidade para voc\u00ea conferir qual foi o seu desempenho e ainda poder comparar com os dos outros candidatos. Muitos candidatos participam do ranking preenchendo o gabarito.<\/p>\n<p style=\"text-align: justify\">Com isso voc\u00ea consegue ainda ter uma no\u00e7\u00e3o de qual vai ser a nota de corte do certame.<\/p>\n<p style=\"text-align: justify\"><span style=\"font-size: 24pt\"><a href=\"https:\/\/goo.gl\/forms\/TZWw59fnThirn4vC3\" target=\"_blank\" rel=\"noopener\"><em><span style=\"text-decoration: underline\"><strong><span style=\"color: #ff0000;text-decoration: underline\">Preencha seu gabarito!<\/span><\/strong><\/span><\/em><\/a><br \/>\n<span style=\"font-size: 18pt\"><em>(Preencha somente uma vez)<\/em><\/span><\/span><\/p>\n","protected":false},"excerpt":{"rendered":"<p>Ol\u00e1, Pessoal, tudo bem?? Prof. Felipe Luccas na \u00e1rea. Escrevo este artigo para corrigir as quest\u00f5es da prova do MPU, que aconteceu neste domingo. Primeiro vou corrigir as quest\u00f5es de t\u00e9cnico, depois do cargo de Analista Especialidade Direito. Vou examinar o gabarito oficial preliminar e propor os recursos cab\u00edveis amanh\u00e3! Vamos \u00e0 prova. H\u00e1 possibilidade [&hellip;]<\/p>\n","protected":false},"author":1,"featured_media":0,"comment_status":"open","ping_status":"closed","sticky":false,"template":"","format":"standard","meta":{"post_tipo":"article","footnotes":""},"categories":[1],"tags":[],"tax_estado":[],"class_list":["post-147035","post","type-post","status-publish","format-standard","hentry","category-cursos-e-concursos"],"acf":[],"yoast_head":"<!-- This site is optimized with the Yoast SEO Premium plugin v27.2 (Yoast SEO v27.2) - https:\/\/yoast.com\/product\/yoast-seo-premium-wordpress\/ -->\n<title>Gabarito Portugu\u00eas MPU - Coment\u00e1rios e Corre\u00e7\u00e3o da Prova AO VIVO<\/title>\n<meta name=\"description\" content=\"Gabarito MPU Portugu\u00eas: confira a resolu\u00e7\u00e3o das quest\u00f5es das provas do concurso MPU para os cargos de Analista e T\u00e9cnico. Confira ainda a Corre\u00e7\u00e3o AO VIVO.\" \/>\n<meta name=\"robots\" content=\"index, follow, max-snippet:-1, max-image-preview:large, max-video-preview:-1\" \/>\n<link rel=\"canonical\" href=\"https:\/\/www.estrategiaconcursos.com.br\/blog\/gabarito-extraoficial-mpu-portugues\/\" \/>\n<meta property=\"og:locale\" content=\"pt_BR\" \/>\n<meta property=\"og:type\" content=\"article\" \/>\n<meta property=\"og:title\" content=\"Prova Comentada MPU - Portugu\u00eas - Recurso (Analista e T\u00e9cnico)\" \/>\n<meta property=\"og:description\" content=\"Gabarito MPU Portugu\u00eas: confira a resolu\u00e7\u00e3o das quest\u00f5es das provas do concurso MPU para os cargos de Analista e T\u00e9cnico. Confira ainda a Corre\u00e7\u00e3o AO VIVO.\" \/>\n<meta property=\"og:url\" content=\"https:\/\/www.estrategiaconcursos.com.br\/blog\/gabarito-extraoficial-mpu-portugues\/\" \/>\n<meta property=\"og:site_name\" content=\"Estrat\u00e9gia Concursos\" \/>\n<meta property=\"article:author\" content=\"https:\/\/www.facebook.com\/EstrategiaConcursos\" \/>\n<meta property=\"article:published_time\" content=\"2018-10-23T23:47:48+00:00\" \/>\n<meta property=\"article:modified_time\" content=\"2018-10-24T02:04:48+00:00\" \/>\n<meta property=\"og:image\" content=\"https:\/\/www.estrategiaconcursos.com.br\/blog\/wp-content\/uploads\/2018\/10\/111.png\" \/>\n<meta name=\"author\" content=\"Coordena\u00e7\u00e3o\" \/>\n<meta name=\"twitter:card\" content=\"summary_large_image\" \/>\n<meta name=\"twitter:creator\" content=\"@EstratConcursos\" \/>\n<meta name=\"twitter:site\" content=\"@EstratConcursos\" \/>\n<meta name=\"twitter:label1\" content=\"Escrito por\" \/>\n\t<meta name=\"twitter:data1\" content=\"Coordena\u00e7\u00e3o\" \/>\n\t<meta name=\"twitter:label2\" content=\"Est. tempo de leitura\" \/>\n\t<meta name=\"twitter:data2\" content=\"20 minutos\" \/>\n<script type=\"application\/ld+json\" class=\"yoast-schema-graph\">{\"@context\":\"https:\/\/schema.org\",\"@graph\":[{\"@type\":\"NewsArticle\",\"@id\":\"https:\/\/www.estrategiaconcursos.com.br\/blog\/gabarito-extraoficial-mpu-portugues\/#article\",\"isPartOf\":{\"@id\":\"https:\/\/www.estrategiaconcursos.com.br\/blog\/gabarito-extraoficial-mpu-portugues\/\"},\"author\":{\"name\":\"Coordena\u00e7\u00e3o\",\"@id\":\"https:\/\/www.estrategiaconcursos.com.br\/blog\/#\/schema\/person\/b4a388c97673c5f483d72185668afa1f\"},\"headline\":\"Prova Comentada MPU &#8211; Portugu\u00eas &#8211; Recurso (Analista e T\u00e9cnico)\",\"datePublished\":\"2018-10-23T23:47:48+00:00\",\"dateModified\":\"2018-10-24T02:04:48+00:00\",\"mainEntityOfPage\":{\"@id\":\"https:\/\/www.estrategiaconcursos.com.br\/blog\/gabarito-extraoficial-mpu-portugues\/\"},\"wordCount\":4012,\"commentCount\":20,\"publisher\":{\"@id\":\"https:\/\/www.estrategiaconcursos.com.br\/blog\/#organization\"},\"image\":{\"@id\":\"https:\/\/www.estrategiaconcursos.com.br\/blog\/gabarito-extraoficial-mpu-portugues\/#primaryimage\"},\"thumbnailUrl\":\"https:\/\/www.estrategiaconcursos.com.br\/blog\/wp-content\/uploads\/2018\/10\/111.png\",\"articleSection\":[\"Concursos P\u00fablicos\"],\"inLanguage\":\"pt-BR\",\"potentialAction\":[{\"@type\":\"CommentAction\",\"name\":\"Comment\",\"target\":[\"https:\/\/www.estrategiaconcursos.com.br\/blog\/gabarito-extraoficial-mpu-portugues\/#respond\"]}],\"copyrightYear\":\"2018\",\"copyrightHolder\":{\"@id\":\"https:\/\/www.estrategiaconcursos.com.br\/blog\/#organization\"}},{\"@type\":\"WebPage\",\"@id\":\"https:\/\/www.estrategiaconcursos.com.br\/blog\/gabarito-extraoficial-mpu-portugues\/\",\"url\":\"https:\/\/www.estrategiaconcursos.com.br\/blog\/gabarito-extraoficial-mpu-portugues\/\",\"name\":\"Gabarito Portugu\u00eas MPU - Coment\u00e1rios e Corre\u00e7\u00e3o da Prova AO VIVO\",\"isPartOf\":{\"@id\":\"https:\/\/www.estrategiaconcursos.com.br\/blog\/#website\"},\"primaryImageOfPage\":{\"@id\":\"https:\/\/www.estrategiaconcursos.com.br\/blog\/gabarito-extraoficial-mpu-portugues\/#primaryimage\"},\"image\":{\"@id\":\"https:\/\/www.estrategiaconcursos.com.br\/blog\/gabarito-extraoficial-mpu-portugues\/#primaryimage\"},\"thumbnailUrl\":\"https:\/\/www.estrategiaconcursos.com.br\/blog\/wp-content\/uploads\/2018\/10\/111.png\",\"datePublished\":\"2018-10-23T23:47:48+00:00\",\"dateModified\":\"2018-10-24T02:04:48+00:00\",\"description\":\"Gabarito MPU Portugu\u00eas: confira a resolu\u00e7\u00e3o das quest\u00f5es das provas do concurso MPU para os cargos de Analista e T\u00e9cnico. Confira ainda a Corre\u00e7\u00e3o AO VIVO.\",\"breadcrumb\":{\"@id\":\"https:\/\/www.estrategiaconcursos.com.br\/blog\/gabarito-extraoficial-mpu-portugues\/#breadcrumb\"},\"inLanguage\":\"pt-BR\",\"potentialAction\":[{\"@type\":\"ReadAction\",\"target\":[\"https:\/\/www.estrategiaconcursos.com.br\/blog\/gabarito-extraoficial-mpu-portugues\/\"]}]},{\"@type\":\"ImageObject\",\"inLanguage\":\"pt-BR\",\"@id\":\"https:\/\/www.estrategiaconcursos.com.br\/blog\/gabarito-extraoficial-mpu-portugues\/#primaryimage\",\"url\":\"https:\/\/dhg1h5j42swfq.cloudfront.net\/2018\/10\/22000032\/111.png\",\"contentUrl\":\"https:\/\/dhg1h5j42swfq.cloudfront.net\/2018\/10\/22000032\/111.png\",\"width\":453,\"height\":411},{\"@type\":\"BreadcrumbList\",\"@id\":\"https:\/\/www.estrategiaconcursos.com.br\/blog\/gabarito-extraoficial-mpu-portugues\/#breadcrumb\",\"itemListElement\":[{\"@type\":\"ListItem\",\"position\":1,\"name\":\"In\u00edcio\",\"item\":\"https:\/\/www.estrategiaconcursos.com.br\/blog\/\"},{\"@type\":\"ListItem\",\"position\":2,\"name\":\"Prova Comentada MPU &#8211; Portugu\u00eas &#8211; Recurso (Analista e T\u00e9cnico)\"}]},{\"@type\":\"WebSite\",\"@id\":\"https:\/\/www.estrategiaconcursos.com.br\/blog\/#website\",\"url\":\"https:\/\/www.estrategiaconcursos.com.br\/blog\/\",\"name\":\"Estrat\u00e9gia Concursos\",\"description\":\"O blog da Estrat\u00e9gia Concursos traz not\u00edcias sobre concursos e artigos de professores oferecendo cursos para concursos (pdf + videaulas) no site.\",\"publisher\":{\"@id\":\"https:\/\/www.estrategiaconcursos.com.br\/blog\/#organization\"},\"potentialAction\":[{\"@type\":\"SearchAction\",\"target\":{\"@type\":\"EntryPoint\",\"urlTemplate\":\"https:\/\/www.estrategiaconcursos.com.br\/blog\/?s={search_term_string}\"},\"query-input\":{\"@type\":\"PropertyValueSpecification\",\"valueRequired\":true,\"valueName\":\"search_term_string\"}}],\"inLanguage\":\"pt-BR\"},{\"@type\":\"Organization\",\"@id\":\"https:\/\/www.estrategiaconcursos.com.br\/blog\/#organization\",\"name\":\"Estrat\u00e9gia Concursos\",\"url\":\"https:\/\/www.estrategiaconcursos.com.br\/blog\/\",\"logo\":{\"@type\":\"ImageObject\",\"inLanguage\":\"pt-BR\",\"@id\":\"https:\/\/www.estrategiaconcursos.com.br\/blog\/#\/schema\/logo\/image\/\",\"url\":\"https:\/\/dhg1h5j42swfq.cloudfront.net\/2025\/06\/03203428\/logo_concursos-1.jpg\",\"contentUrl\":\"https:\/\/dhg1h5j42swfq.cloudfront.net\/2025\/06\/03203428\/logo_concursos-1.jpg\",\"width\":230,\"height\":60,\"caption\":\"Estrat\u00e9gia Concursos\"},\"image\":{\"@id\":\"https:\/\/www.estrategiaconcursos.com.br\/blog\/#\/schema\/logo\/image\/\"},\"sameAs\":[\"https:\/\/x.com\/EstratConcursos\"]},{\"@type\":\"Person\",\"@id\":\"https:\/\/www.estrategiaconcursos.com.br\/blog\/#\/schema\/person\/b4a388c97673c5f483d72185668afa1f\",\"name\":\"Coordena\u00e7\u00e3o\",\"image\":{\"@type\":\"ImageObject\",\"inLanguage\":\"pt-BR\",\"@id\":\"https:\/\/secure.gravatar.com\/avatar\/b720319e4c9a967eb58678d110f4fe35452fc5d5f97b202bac7b8acceb18c6ad?s=96&d=mm&r=g\",\"url\":\"https:\/\/secure.gravatar.com\/avatar\/b720319e4c9a967eb58678d110f4fe35452fc5d5f97b202bac7b8acceb18c6ad?s=96&d=mm&r=g\",\"contentUrl\":\"https:\/\/secure.gravatar.com\/avatar\/b720319e4c9a967eb58678d110f4fe35452fc5d5f97b202bac7b8acceb18c6ad?s=96&d=mm&r=g\",\"caption\":\"Coordena\u00e7\u00e3o\"},\"sameAs\":[\"https:\/\/www.facebook.com\/EstrategiaConcursos\",\"https:\/\/x.com\/EstratConcursos\"],\"url\":\"https:\/\/www.estrategiaconcursos.com.br\/blog\/author\/estrategia2013\/\"}]}<\/script>\n<!-- \/ Yoast SEO Premium plugin. -->","yoast_head_json":{"title":"Gabarito Portugu\u00eas MPU - Coment\u00e1rios e Corre\u00e7\u00e3o da Prova AO VIVO","description":"Gabarito MPU Portugu\u00eas: confira a resolu\u00e7\u00e3o das quest\u00f5es das provas do concurso MPU para os cargos de Analista e T\u00e9cnico. Confira ainda a Corre\u00e7\u00e3o AO VIVO.","robots":{"index":"index","follow":"follow","max-snippet":"max-snippet:-1","max-image-preview":"max-image-preview:large","max-video-preview":"max-video-preview:-1"},"canonical":"https:\/\/www.estrategiaconcursos.com.br\/blog\/gabarito-extraoficial-mpu-portugues\/","og_locale":"pt_BR","og_type":"article","og_title":"Prova Comentada MPU - Portugu\u00eas - Recurso (Analista e T\u00e9cnico)","og_description":"Gabarito MPU Portugu\u00eas: confira a resolu\u00e7\u00e3o das quest\u00f5es das provas do concurso MPU para os cargos de Analista e T\u00e9cnico. Confira ainda a Corre\u00e7\u00e3o AO VIVO.","og_url":"https:\/\/www.estrategiaconcursos.com.br\/blog\/gabarito-extraoficial-mpu-portugues\/","og_site_name":"Estrat\u00e9gia Concursos","article_author":"https:\/\/www.facebook.com\/EstrategiaConcursos","article_published_time":"2018-10-23T23:47:48+00:00","article_modified_time":"2018-10-24T02:04:48+00:00","og_image":[{"url":"https:\/\/www.estrategiaconcursos.com.br\/blog\/wp-content\/uploads\/2018\/10\/111.png","type":"","width":"","height":""}],"author":"Coordena\u00e7\u00e3o","twitter_card":"summary_large_image","twitter_creator":"@EstratConcursos","twitter_site":"@EstratConcursos","twitter_misc":{"Escrito por":"Coordena\u00e7\u00e3o","Est. tempo de leitura":"20 minutos"},"schema":{"@context":"https:\/\/schema.org","@graph":[{"@type":"NewsArticle","@id":"https:\/\/www.estrategiaconcursos.com.br\/blog\/gabarito-extraoficial-mpu-portugues\/#article","isPartOf":{"@id":"https:\/\/www.estrategiaconcursos.com.br\/blog\/gabarito-extraoficial-mpu-portugues\/"},"author":{"name":"Coordena\u00e7\u00e3o","@id":"https:\/\/www.estrategiaconcursos.com.br\/blog\/#\/schema\/person\/b4a388c97673c5f483d72185668afa1f"},"headline":"Prova Comentada MPU &#8211; Portugu\u00eas &#8211; Recurso (Analista e T\u00e9cnico)","datePublished":"2018-10-23T23:47:48+00:00","dateModified":"2018-10-24T02:04:48+00:00","mainEntityOfPage":{"@id":"https:\/\/www.estrategiaconcursos.com.br\/blog\/gabarito-extraoficial-mpu-portugues\/"},"wordCount":4012,"commentCount":20,"publisher":{"@id":"https:\/\/www.estrategiaconcursos.com.br\/blog\/#organization"},"image":{"@id":"https:\/\/www.estrategiaconcursos.com.br\/blog\/gabarito-extraoficial-mpu-portugues\/#primaryimage"},"thumbnailUrl":"https:\/\/www.estrategiaconcursos.com.br\/blog\/wp-content\/uploads\/2018\/10\/111.png","articleSection":["Concursos P\u00fablicos"],"inLanguage":"pt-BR","potentialAction":[{"@type":"CommentAction","name":"Comment","target":["https:\/\/www.estrategiaconcursos.com.br\/blog\/gabarito-extraoficial-mpu-portugues\/#respond"]}],"copyrightYear":"2018","copyrightHolder":{"@id":"https:\/\/www.estrategiaconcursos.com.br\/blog\/#organization"}},{"@type":"WebPage","@id":"https:\/\/www.estrategiaconcursos.com.br\/blog\/gabarito-extraoficial-mpu-portugues\/","url":"https:\/\/www.estrategiaconcursos.com.br\/blog\/gabarito-extraoficial-mpu-portugues\/","name":"Gabarito Portugu\u00eas MPU - Coment\u00e1rios e Corre\u00e7\u00e3o da Prova AO VIVO","isPartOf":{"@id":"https:\/\/www.estrategiaconcursos.com.br\/blog\/#website"},"primaryImageOfPage":{"@id":"https:\/\/www.estrategiaconcursos.com.br\/blog\/gabarito-extraoficial-mpu-portugues\/#primaryimage"},"image":{"@id":"https:\/\/www.estrategiaconcursos.com.br\/blog\/gabarito-extraoficial-mpu-portugues\/#primaryimage"},"thumbnailUrl":"https:\/\/www.estrategiaconcursos.com.br\/blog\/wp-content\/uploads\/2018\/10\/111.png","datePublished":"2018-10-23T23:47:48+00:00","dateModified":"2018-10-24T02:04:48+00:00","description":"Gabarito MPU Portugu\u00eas: confira a resolu\u00e7\u00e3o das quest\u00f5es das provas do concurso MPU para os cargos de Analista e T\u00e9cnico. Confira ainda a Corre\u00e7\u00e3o AO VIVO.","breadcrumb":{"@id":"https:\/\/www.estrategiaconcursos.com.br\/blog\/gabarito-extraoficial-mpu-portugues\/#breadcrumb"},"inLanguage":"pt-BR","potentialAction":[{"@type":"ReadAction","target":["https:\/\/www.estrategiaconcursos.com.br\/blog\/gabarito-extraoficial-mpu-portugues\/"]}]},{"@type":"ImageObject","inLanguage":"pt-BR","@id":"https:\/\/www.estrategiaconcursos.com.br\/blog\/gabarito-extraoficial-mpu-portugues\/#primaryimage","url":"https:\/\/dhg1h5j42swfq.cloudfront.net\/2018\/10\/22000032\/111.png","contentUrl":"https:\/\/dhg1h5j42swfq.cloudfront.net\/2018\/10\/22000032\/111.png","width":453,"height":411},{"@type":"BreadcrumbList","@id":"https:\/\/www.estrategiaconcursos.com.br\/blog\/gabarito-extraoficial-mpu-portugues\/#breadcrumb","itemListElement":[{"@type":"ListItem","position":1,"name":"In\u00edcio","item":"https:\/\/www.estrategiaconcursos.com.br\/blog\/"},{"@type":"ListItem","position":2,"name":"Prova Comentada MPU &#8211; Portugu\u00eas &#8211; Recurso (Analista e T\u00e9cnico)"}]},{"@type":"WebSite","@id":"https:\/\/www.estrategiaconcursos.com.br\/blog\/#website","url":"https:\/\/www.estrategiaconcursos.com.br\/blog\/","name":"Estrat\u00e9gia Concursos","description":"O blog da Estrat\u00e9gia Concursos traz not\u00edcias sobre concursos e artigos de professores oferecendo cursos para concursos (pdf + videaulas) no site.","publisher":{"@id":"https:\/\/www.estrategiaconcursos.com.br\/blog\/#organization"},"potentialAction":[{"@type":"SearchAction","target":{"@type":"EntryPoint","urlTemplate":"https:\/\/www.estrategiaconcursos.com.br\/blog\/?s={search_term_string}"},"query-input":{"@type":"PropertyValueSpecification","valueRequired":true,"valueName":"search_term_string"}}],"inLanguage":"pt-BR"},{"@type":"Organization","@id":"https:\/\/www.estrategiaconcursos.com.br\/blog\/#organization","name":"Estrat\u00e9gia Concursos","url":"https:\/\/www.estrategiaconcursos.com.br\/blog\/","logo":{"@type":"ImageObject","inLanguage":"pt-BR","@id":"https:\/\/www.estrategiaconcursos.com.br\/blog\/#\/schema\/logo\/image\/","url":"https:\/\/dhg1h5j42swfq.cloudfront.net\/2025\/06\/03203428\/logo_concursos-1.jpg","contentUrl":"https:\/\/dhg1h5j42swfq.cloudfront.net\/2025\/06\/03203428\/logo_concursos-1.jpg","width":230,"height":60,"caption":"Estrat\u00e9gia Concursos"},"image":{"@id":"https:\/\/www.estrategiaconcursos.com.br\/blog\/#\/schema\/logo\/image\/"},"sameAs":["https:\/\/x.com\/EstratConcursos"]},{"@type":"Person","@id":"https:\/\/www.estrategiaconcursos.com.br\/blog\/#\/schema\/person\/b4a388c97673c5f483d72185668afa1f","name":"Coordena\u00e7\u00e3o","image":{"@type":"ImageObject","inLanguage":"pt-BR","@id":"https:\/\/secure.gravatar.com\/avatar\/b720319e4c9a967eb58678d110f4fe35452fc5d5f97b202bac7b8acceb18c6ad?s=96&d=mm&r=g","url":"https:\/\/secure.gravatar.com\/avatar\/b720319e4c9a967eb58678d110f4fe35452fc5d5f97b202bac7b8acceb18c6ad?s=96&d=mm&r=g","contentUrl":"https:\/\/secure.gravatar.com\/avatar\/b720319e4c9a967eb58678d110f4fe35452fc5d5f97b202bac7b8acceb18c6ad?s=96&d=mm&r=g","caption":"Coordena\u00e7\u00e3o"},"sameAs":["https:\/\/www.facebook.com\/EstrategiaConcursos","https:\/\/x.com\/EstratConcursos"],"url":"https:\/\/www.estrategiaconcursos.com.br\/blog\/author\/estrategia2013\/"}]}},"_links":{"self":[{"href":"https:\/\/www.estrategiaconcursos.com.br\/blog\/wp-json\/wp\/v2\/posts\/147035","targetHints":{"allow":["GET"]}}],"collection":[{"href":"https:\/\/www.estrategiaconcursos.com.br\/blog\/wp-json\/wp\/v2\/posts"}],"about":[{"href":"https:\/\/www.estrategiaconcursos.com.br\/blog\/wp-json\/wp\/v2\/types\/post"}],"author":[{"embeddable":true,"href":"https:\/\/www.estrategiaconcursos.com.br\/blog\/wp-json\/wp\/v2\/users\/1"}],"replies":[{"embeddable":true,"href":"https:\/\/www.estrategiaconcursos.com.br\/blog\/wp-json\/wp\/v2\/comments?post=147035"}],"version-history":[{"count":24,"href":"https:\/\/www.estrategiaconcursos.com.br\/blog\/wp-json\/wp\/v2\/posts\/147035\/revisions"}],"predecessor-version":[{"id":148706,"href":"https:\/\/www.estrategiaconcursos.com.br\/blog\/wp-json\/wp\/v2\/posts\/147035\/revisions\/148706"}],"wp:attachment":[{"href":"https:\/\/www.estrategiaconcursos.com.br\/blog\/wp-json\/wp\/v2\/media?parent=147035"}],"wp:term":[{"taxonomy":"category","embeddable":true,"href":"https:\/\/www.estrategiaconcursos.com.br\/blog\/wp-json\/wp\/v2\/categories?post=147035"},{"taxonomy":"post_tag","embeddable":true,"href":"https:\/\/www.estrategiaconcursos.com.br\/blog\/wp-json\/wp\/v2\/tags?post=147035"},{"taxonomy":"tax_estado","embeddable":true,"href":"https:\/\/www.estrategiaconcursos.com.br\/blog\/wp-json\/wp\/v2\/tax_estado?post=147035"}],"curies":[{"name":"wp","href":"https:\/\/api.w.org\/{rel}","templated":true}]}}