{"id":147019,"date":"2018-10-16T09:14:33","date_gmt":"2018-10-16T12:14:33","guid":{"rendered":"https:\/\/www.estrategiaconcursos.com.br\/blog\/?p=147019"},"modified":"2018-10-16T09:22:46","modified_gmt":"2018-10-16T12:22:46","slug":"governo-revoga-decisao-e-horario-de-verao-nao-sera-mais-adiado-para-o-dia-18-de-novembro","status":"publish","type":"post","link":"https:\/\/www.estrategiaconcursos.com.br\/blog\/governo-revoga-decisao-e-horario-de-verao-nao-sera-mais-adiado-para-o-dia-18-de-novembro\/","title":{"rendered":"Governo revoga decis\u00e3o e hor\u00e1rio de ver\u00e3o n\u00e3o ser\u00e1 mais adiado para o dia 18 de novembro"},"content":{"rendered":"<p>O governo federal voltou atr\u00e1s sobre a decis\u00e3o de adiar o hor\u00e1rio de ver\u00e3o a pedido do Minist\u00e9rio da Educa\u00e7\u00e3o, MEC. A decis\u00e3o foi comunicada na \u00faltima segunda-feira, 15 de outubro. Ainda segundo o Planalto, a medida foi confirmada pela assessoria da presid\u00eancia da rep\u00fablica.<\/p>\n<p>Anteriormente, o presidente Michel Temer j\u00e1 havia acatado a solicita\u00e7\u00e3o em adiar o hor\u00e1rio de ver\u00e3o para o dia 18 de novembro. Na \u00e9poca em que a medida foi solicitada, o MEC afirmava que a coincid\u00eancia do in\u00edcio do hor\u00e1rio de ver\u00e3o com o primeiro dia de provas no Exame Nacional do Ensino M\u00e9dio, ENEM, poderia prejudicar os estudantes.<\/p>\n<p>Entretanto, ap\u00f3s divulgar a decis\u00e3o de conceder o adiamento, o governo reavaliou o pedido e entendeu que n\u00e3o seria poss\u00edvel acat\u00e1-lo. A presid\u00eancia argumenta que o mantimento do in\u00edcio do hor\u00e1rio foi decidido &#8220;em nome da seguran\u00e7a jur\u00eddica&#8221;.<\/p>\n<p>Procurada pela imprensa, a assessoria deu a seguinte declara\u00e7\u00e3o: &#8220;Conforme decreto assinado pelo presidente Michel Temer, o hor\u00e1rio de ver\u00e3o come\u00e7ar\u00e1 no dia 4\/11. N\u00e3o haver\u00e1 adiamento\u201d.<\/p>\n<p>Com isso, os estudantes que far\u00e3o as provas do dia 4 de novembro devem ficar atentos \u00e0 mudan\u00e7a de hor\u00e1rio para evitar atrasos.<\/p>\n<p><img loading=\"lazy\" decoding=\"async\" class=\"aligncenter  wp-image-133820\" src=\"https:\/\/dhg1h5j42swfq.cloudfront.net\/2018\/07\/30184747\/dicas-discursiva-coruja.jpg\" alt=\"enem\" width=\"90\" height=\"90\" \/><\/p>\n<p style=\"text-align: center;\"><span style=\"font-size: 14pt;\"><em>Deseja otimizar sua prepara\u00e7\u00e3o nesta reta final?? Confira nossos cursos para o ENEM<\/em><\/span><br \/>\n<a href=\"https:\/\/www.estrategiaconcursos.com.br\/cursosPorConcurso\/enem-2018-exame-nacional-do-ensino-medio\/\" target=\"_blank\" rel=\"noopener\"><span style=\"font-size: 14pt;\"><em>Estrat\u00e9gia Concursos ENEM\u00a0<\/em><\/span><\/a><\/p>\n","protected":false},"excerpt":{"rendered":"<p>O governo federal voltou atr\u00e1s sobre a decis\u00e3o de adiar o hor\u00e1rio de ver\u00e3o a pedido do Minist\u00e9rio da Educa\u00e7\u00e3o, MEC. A decis\u00e3o foi comunicada na \u00faltima segunda-feira, 15 de outubro. Ainda segundo o Planalto, a medida foi confirmada pela assessoria da presid\u00eancia da rep\u00fablica. Anteriormente, o presidente Michel Temer j\u00e1 havia acatado a solicita\u00e7\u00e3o [&hellip;]<\/p>\n","protected":false},"author":1,"featured_media":0,"comment_status":"open","ping_status":"closed","sticky":false,"template":"","format":"standard","meta":{"post_tipo":"news","footnotes":""},"categories":[1],"tags":[],"tax_estado":[],"class_list":["post-147019","post","type-post","status-publish","format-standard","hentry","category-cursos-e-concursos"],"acf":[],"yoast_head":"<!-- This site is optimized with the Yoast SEO Premium plugin v27.2 (Yoast SEO v27.2) - https:\/\/yoast.com\/product\/yoast-seo-premium-wordpress\/ -->\n<title>Governo revoga decis\u00e3o de adiamento de hor\u00e1rio de ver\u00e3o. Saiba o que muda<\/title>\n<meta name=\"description\" content=\"Com nova decis\u00e3o do presidente Michel Temer, hor\u00e1rio de ver\u00e3o segue com in\u00edcio programado para o dia 4 de novembro.\" \/>\n<meta name=\"robots\" content=\"index, follow, max-snippet:-1, max-image-preview:large, max-video-preview:-1\" \/>\n<link rel=\"canonical\" href=\"https:\/\/www.estrategiaconcursos.com.br\/blog\/governo-revoga-decisao-e-horario-de-verao-nao-sera-mais-adiado-para-o-dia-18-de-novembro\/\" \/>\n<meta property=\"og:locale\" content=\"pt_BR\" \/>\n<meta property=\"og:type\" content=\"article\" \/>\n<meta property=\"og:title\" content=\"Governo revoga decis\u00e3o e hor\u00e1rio de ver\u00e3o n\u00e3o ser\u00e1 mais adiado para o dia 18 de novembro\" \/>\n<meta property=\"og:description\" content=\"Com nova decis\u00e3o do presidente Michel Temer, hor\u00e1rio de ver\u00e3o segue com in\u00edcio programado para o dia 4 de novembro.\" \/>\n<meta property=\"og:url\" content=\"https:\/\/www.estrategiaconcursos.com.br\/blog\/governo-revoga-decisao-e-horario-de-verao-nao-sera-mais-adiado-para-o-dia-18-de-novembro\/\" \/>\n<meta property=\"og:site_name\" content=\"Estrat\u00e9gia Concursos\" \/>\n<meta property=\"article:author\" content=\"https:\/\/www.facebook.com\/EstrategiaConcursos\" \/>\n<meta property=\"article:published_time\" content=\"2018-10-16T12:14:33+00:00\" \/>\n<meta property=\"article:modified_time\" content=\"2018-10-16T12:22:46+00:00\" \/>\n<meta property=\"og:image\" content=\"https:\/\/www.estrategiaconcursos.com.br\/blog\/wp-content\/uploads\/2018\/07\/dicas-discursiva-coruja-150x150.jpg\" \/>\n<meta name=\"author\" content=\"Coordena\u00e7\u00e3o\" \/>\n<meta name=\"twitter:card\" content=\"summary_large_image\" \/>\n<meta name=\"twitter:creator\" content=\"@EstratConcursos\" \/>\n<meta name=\"twitter:site\" content=\"@EstratConcursos\" \/>\n<meta name=\"twitter:label1\" content=\"Escrito por\" \/>\n\t<meta name=\"twitter:data1\" content=\"Coordena\u00e7\u00e3o\" \/>\n\t<meta name=\"twitter:label2\" content=\"Est. tempo de leitura\" \/>\n\t<meta name=\"twitter:data2\" content=\"1 minuto\" \/>\n<script type=\"application\/ld+json\" class=\"yoast-schema-graph\">{\"@context\":\"https:\/\/schema.org\",\"@graph\":[{\"@type\":\"NewsArticle\",\"@id\":\"https:\/\/www.estrategiaconcursos.com.br\/blog\/governo-revoga-decisao-e-horario-de-verao-nao-sera-mais-adiado-para-o-dia-18-de-novembro\/#article\",\"isPartOf\":{\"@id\":\"https:\/\/www.estrategiaconcursos.com.br\/blog\/governo-revoga-decisao-e-horario-de-verao-nao-sera-mais-adiado-para-o-dia-18-de-novembro\/\"},\"author\":{\"name\":\"Coordena\u00e7\u00e3o\",\"@id\":\"https:\/\/www.estrategiaconcursos.com.br\/blog\/#\/schema\/person\/b4a388c97673c5f483d72185668afa1f\"},\"headline\":\"Governo revoga decis\u00e3o e hor\u00e1rio de ver\u00e3o n\u00e3o ser\u00e1 mais adiado para o dia 18 de novembro\",\"datePublished\":\"2018-10-16T12:14:33+00:00\",\"dateModified\":\"2018-10-16T12:22:46+00:00\",\"mainEntityOfPage\":{\"@id\":\"https:\/\/www.estrategiaconcursos.com.br\/blog\/governo-revoga-decisao-e-horario-de-verao-nao-sera-mais-adiado-para-o-dia-18-de-novembro\/\"},\"wordCount\":260,\"commentCount\":0,\"publisher\":{\"@id\":\"https:\/\/www.estrategiaconcursos.com.br\/blog\/#organization\"},\"image\":{\"@id\":\"https:\/\/www.estrategiaconcursos.com.br\/blog\/governo-revoga-decisao-e-horario-de-verao-nao-sera-mais-adiado-para-o-dia-18-de-novembro\/#primaryimage\"},\"thumbnailUrl\":\"https:\/\/www.estrategiaconcursos.com.br\/blog\/wp-content\/uploads\/2018\/07\/dicas-discursiva-coruja-150x150.jpg\",\"articleSection\":[\"Concursos P\u00fablicos\"],\"inLanguage\":\"pt-BR\",\"potentialAction\":[{\"@type\":\"CommentAction\",\"name\":\"Comment\",\"target\":[\"https:\/\/www.estrategiaconcursos.com.br\/blog\/governo-revoga-decisao-e-horario-de-verao-nao-sera-mais-adiado-para-o-dia-18-de-novembro\/#respond\"]}],\"copyrightYear\":\"2018\",\"copyrightHolder\":{\"@id\":\"https:\/\/www.estrategiaconcursos.com.br\/blog\/#organization\"}},{\"@type\":\"WebPage\",\"@id\":\"https:\/\/www.estrategiaconcursos.com.br\/blog\/governo-revoga-decisao-e-horario-de-verao-nao-sera-mais-adiado-para-o-dia-18-de-novembro\/\",\"url\":\"https:\/\/www.estrategiaconcursos.com.br\/blog\/governo-revoga-decisao-e-horario-de-verao-nao-sera-mais-adiado-para-o-dia-18-de-novembro\/\",\"name\":\"Governo revoga decis\u00e3o de adiamento de hor\u00e1rio de ver\u00e3o. Saiba o que muda\",\"isPartOf\":{\"@id\":\"https:\/\/www.estrategiaconcursos.com.br\/blog\/#website\"},\"primaryImageOfPage\":{\"@id\":\"https:\/\/www.estrategiaconcursos.com.br\/blog\/governo-revoga-decisao-e-horario-de-verao-nao-sera-mais-adiado-para-o-dia-18-de-novembro\/#primaryimage\"},\"image\":{\"@id\":\"https:\/\/www.estrategiaconcursos.com.br\/blog\/governo-revoga-decisao-e-horario-de-verao-nao-sera-mais-adiado-para-o-dia-18-de-novembro\/#primaryimage\"},\"thumbnailUrl\":\"https:\/\/www.estrategiaconcursos.com.br\/blog\/wp-content\/uploads\/2018\/07\/dicas-discursiva-coruja-150x150.jpg\",\"datePublished\":\"2018-10-16T12:14:33+00:00\",\"dateModified\":\"2018-10-16T12:22:46+00:00\",\"description\":\"Com nova decis\u00e3o do presidente Michel Temer, hor\u00e1rio de ver\u00e3o segue com in\u00edcio programado para o dia 4 de novembro.\",\"breadcrumb\":{\"@id\":\"https:\/\/www.estrategiaconcursos.com.br\/blog\/governo-revoga-decisao-e-horario-de-verao-nao-sera-mais-adiado-para-o-dia-18-de-novembro\/#breadcrumb\"},\"inLanguage\":\"pt-BR\",\"potentialAction\":[{\"@type\":\"ReadAction\",\"target\":[\"https:\/\/www.estrategiaconcursos.com.br\/blog\/governo-revoga-decisao-e-horario-de-verao-nao-sera-mais-adiado-para-o-dia-18-de-novembro\/\"]}]},{\"@type\":\"ImageObject\",\"inLanguage\":\"pt-BR\",\"@id\":\"https:\/\/www.estrategiaconcursos.com.br\/blog\/governo-revoga-decisao-e-horario-de-verao-nao-sera-mais-adiado-para-o-dia-18-de-novembro\/#primaryimage\",\"url\":\"https:\/\/dhg1h5j42swfq.cloudfront.net\/2018\/07\/30184747\/dicas-discursiva-coruja.jpg\",\"contentUrl\":\"https:\/\/dhg1h5j42swfq.cloudfront.net\/2018\/07\/30184747\/dicas-discursiva-coruja.jpg\",\"width\":246,\"height\":205,\"caption\":\"enem\"},{\"@type\":\"BreadcrumbList\",\"@id\":\"https:\/\/www.estrategiaconcursos.com.br\/blog\/governo-revoga-decisao-e-horario-de-verao-nao-sera-mais-adiado-para-o-dia-18-de-novembro\/#breadcrumb\",\"itemListElement\":[{\"@type\":\"ListItem\",\"position\":1,\"name\":\"In\u00edcio\",\"item\":\"https:\/\/www.estrategiaconcursos.com.br\/blog\/\"},{\"@type\":\"ListItem\",\"position\":2,\"name\":\"Governo revoga decis\u00e3o e hor\u00e1rio de ver\u00e3o n\u00e3o ser\u00e1 mais adiado para o dia 18 de novembro\"}]},{\"@type\":\"WebSite\",\"@id\":\"https:\/\/www.estrategiaconcursos.com.br\/blog\/#website\",\"url\":\"https:\/\/www.estrategiaconcursos.com.br\/blog\/\",\"name\":\"Estrat\u00e9gia Concursos\",\"description\":\"O blog da Estrat\u00e9gia Concursos traz not\u00edcias sobre concursos e artigos de professores oferecendo cursos para concursos (pdf + videaulas) no site.\",\"publisher\":{\"@id\":\"https:\/\/www.estrategiaconcursos.com.br\/blog\/#organization\"},\"potentialAction\":[{\"@type\":\"SearchAction\",\"target\":{\"@type\":\"EntryPoint\",\"urlTemplate\":\"https:\/\/www.estrategiaconcursos.com.br\/blog\/?s={search_term_string}\"},\"query-input\":{\"@type\":\"PropertyValueSpecification\",\"valueRequired\":true,\"valueName\":\"search_term_string\"}}],\"inLanguage\":\"pt-BR\"},{\"@type\":\"Organization\",\"@id\":\"https:\/\/www.estrategiaconcursos.com.br\/blog\/#organization\",\"name\":\"Estrat\u00e9gia Concursos\",\"url\":\"https:\/\/www.estrategiaconcursos.com.br\/blog\/\",\"logo\":{\"@type\":\"ImageObject\",\"inLanguage\":\"pt-BR\",\"@id\":\"https:\/\/www.estrategiaconcursos.com.br\/blog\/#\/schema\/logo\/image\/\",\"url\":\"https:\/\/dhg1h5j42swfq.cloudfront.net\/2025\/06\/03203428\/logo_concursos-1.jpg\",\"contentUrl\":\"https:\/\/dhg1h5j42swfq.cloudfront.net\/2025\/06\/03203428\/logo_concursos-1.jpg\",\"width\":230,\"height\":60,\"caption\":\"Estrat\u00e9gia Concursos\"},\"image\":{\"@id\":\"https:\/\/www.estrategiaconcursos.com.br\/blog\/#\/schema\/logo\/image\/\"},\"sameAs\":[\"https:\/\/x.com\/EstratConcursos\"]},{\"@type\":\"Person\",\"@id\":\"https:\/\/www.estrategiaconcursos.com.br\/blog\/#\/schema\/person\/b4a388c97673c5f483d72185668afa1f\",\"name\":\"Coordena\u00e7\u00e3o\",\"image\":{\"@type\":\"ImageObject\",\"inLanguage\":\"pt-BR\",\"@id\":\"https:\/\/secure.gravatar.com\/avatar\/b720319e4c9a967eb58678d110f4fe35452fc5d5f97b202bac7b8acceb18c6ad?s=96&d=mm&r=g\",\"url\":\"https:\/\/secure.gravatar.com\/avatar\/b720319e4c9a967eb58678d110f4fe35452fc5d5f97b202bac7b8acceb18c6ad?s=96&d=mm&r=g\",\"contentUrl\":\"https:\/\/secure.gravatar.com\/avatar\/b720319e4c9a967eb58678d110f4fe35452fc5d5f97b202bac7b8acceb18c6ad?s=96&d=mm&r=g\",\"caption\":\"Coordena\u00e7\u00e3o\"},\"sameAs\":[\"https:\/\/www.facebook.com\/EstrategiaConcursos\",\"https:\/\/x.com\/EstratConcursos\"],\"url\":\"https:\/\/www.estrategiaconcursos.com.br\/blog\/author\/estrategia2013\/\"}]}<\/script>\n<!-- \/ Yoast SEO Premium plugin. -->","yoast_head_json":{"title":"Governo revoga decis\u00e3o de adiamento de hor\u00e1rio de ver\u00e3o. Saiba o que muda","description":"Com nova decis\u00e3o do presidente Michel Temer, hor\u00e1rio de ver\u00e3o segue com in\u00edcio programado para o dia 4 de novembro.","robots":{"index":"index","follow":"follow","max-snippet":"max-snippet:-1","max-image-preview":"max-image-preview:large","max-video-preview":"max-video-preview:-1"},"canonical":"https:\/\/www.estrategiaconcursos.com.br\/blog\/governo-revoga-decisao-e-horario-de-verao-nao-sera-mais-adiado-para-o-dia-18-de-novembro\/","og_locale":"pt_BR","og_type":"article","og_title":"Governo revoga decis\u00e3o e hor\u00e1rio de ver\u00e3o n\u00e3o ser\u00e1 mais adiado para o dia 18 de novembro","og_description":"Com nova decis\u00e3o do presidente Michel Temer, hor\u00e1rio de ver\u00e3o segue com in\u00edcio programado para o dia 4 de novembro.","og_url":"https:\/\/www.estrategiaconcursos.com.br\/blog\/governo-revoga-decisao-e-horario-de-verao-nao-sera-mais-adiado-para-o-dia-18-de-novembro\/","og_site_name":"Estrat\u00e9gia Concursos","article_author":"https:\/\/www.facebook.com\/EstrategiaConcursos","article_published_time":"2018-10-16T12:14:33+00:00","article_modified_time":"2018-10-16T12:22:46+00:00","og_image":[{"url":"https:\/\/www.estrategiaconcursos.com.br\/blog\/wp-content\/uploads\/2018\/07\/dicas-discursiva-coruja-150x150.jpg","type":"","width":"","height":""}],"author":"Coordena\u00e7\u00e3o","twitter_card":"summary_large_image","twitter_creator":"@EstratConcursos","twitter_site":"@EstratConcursos","twitter_misc":{"Escrito por":"Coordena\u00e7\u00e3o","Est. tempo de leitura":"1 minuto"},"schema":{"@context":"https:\/\/schema.org","@graph":[{"@type":"NewsArticle","@id":"https:\/\/www.estrategiaconcursos.com.br\/blog\/governo-revoga-decisao-e-horario-de-verao-nao-sera-mais-adiado-para-o-dia-18-de-novembro\/#article","isPartOf":{"@id":"https:\/\/www.estrategiaconcursos.com.br\/blog\/governo-revoga-decisao-e-horario-de-verao-nao-sera-mais-adiado-para-o-dia-18-de-novembro\/"},"author":{"name":"Coordena\u00e7\u00e3o","@id":"https:\/\/www.estrategiaconcursos.com.br\/blog\/#\/schema\/person\/b4a388c97673c5f483d72185668afa1f"},"headline":"Governo revoga decis\u00e3o e hor\u00e1rio de ver\u00e3o n\u00e3o ser\u00e1 mais adiado para o dia 18 de novembro","datePublished":"2018-10-16T12:14:33+00:00","dateModified":"2018-10-16T12:22:46+00:00","mainEntityOfPage":{"@id":"https:\/\/www.estrategiaconcursos.com.br\/blog\/governo-revoga-decisao-e-horario-de-verao-nao-sera-mais-adiado-para-o-dia-18-de-novembro\/"},"wordCount":260,"commentCount":0,"publisher":{"@id":"https:\/\/www.estrategiaconcursos.com.br\/blog\/#organization"},"image":{"@id":"https:\/\/www.estrategiaconcursos.com.br\/blog\/governo-revoga-decisao-e-horario-de-verao-nao-sera-mais-adiado-para-o-dia-18-de-novembro\/#primaryimage"},"thumbnailUrl":"https:\/\/www.estrategiaconcursos.com.br\/blog\/wp-content\/uploads\/2018\/07\/dicas-discursiva-coruja-150x150.jpg","articleSection":["Concursos P\u00fablicos"],"inLanguage":"pt-BR","potentialAction":[{"@type":"CommentAction","name":"Comment","target":["https:\/\/www.estrategiaconcursos.com.br\/blog\/governo-revoga-decisao-e-horario-de-verao-nao-sera-mais-adiado-para-o-dia-18-de-novembro\/#respond"]}],"copyrightYear":"2018","copyrightHolder":{"@id":"https:\/\/www.estrategiaconcursos.com.br\/blog\/#organization"}},{"@type":"WebPage","@id":"https:\/\/www.estrategiaconcursos.com.br\/blog\/governo-revoga-decisao-e-horario-de-verao-nao-sera-mais-adiado-para-o-dia-18-de-novembro\/","url":"https:\/\/www.estrategiaconcursos.com.br\/blog\/governo-revoga-decisao-e-horario-de-verao-nao-sera-mais-adiado-para-o-dia-18-de-novembro\/","name":"Governo revoga decis\u00e3o de adiamento de hor\u00e1rio de ver\u00e3o. Saiba o que muda","isPartOf":{"@id":"https:\/\/www.estrategiaconcursos.com.br\/blog\/#website"},"primaryImageOfPage":{"@id":"https:\/\/www.estrategiaconcursos.com.br\/blog\/governo-revoga-decisao-e-horario-de-verao-nao-sera-mais-adiado-para-o-dia-18-de-novembro\/#primaryimage"},"image":{"@id":"https:\/\/www.estrategiaconcursos.com.br\/blog\/governo-revoga-decisao-e-horario-de-verao-nao-sera-mais-adiado-para-o-dia-18-de-novembro\/#primaryimage"},"thumbnailUrl":"https:\/\/www.estrategiaconcursos.com.br\/blog\/wp-content\/uploads\/2018\/07\/dicas-discursiva-coruja-150x150.jpg","datePublished":"2018-10-16T12:14:33+00:00","dateModified":"2018-10-16T12:22:46+00:00","description":"Com nova decis\u00e3o do presidente Michel Temer, hor\u00e1rio de ver\u00e3o segue com in\u00edcio programado para o dia 4 de novembro.","breadcrumb":{"@id":"https:\/\/www.estrategiaconcursos.com.br\/blog\/governo-revoga-decisao-e-horario-de-verao-nao-sera-mais-adiado-para-o-dia-18-de-novembro\/#breadcrumb"},"inLanguage":"pt-BR","potentialAction":[{"@type":"ReadAction","target":["https:\/\/www.estrategiaconcursos.com.br\/blog\/governo-revoga-decisao-e-horario-de-verao-nao-sera-mais-adiado-para-o-dia-18-de-novembro\/"]}]},{"@type":"ImageObject","inLanguage":"pt-BR","@id":"https:\/\/www.estrategiaconcursos.com.br\/blog\/governo-revoga-decisao-e-horario-de-verao-nao-sera-mais-adiado-para-o-dia-18-de-novembro\/#primaryimage","url":"https:\/\/dhg1h5j42swfq.cloudfront.net\/2018\/07\/30184747\/dicas-discursiva-coruja.jpg","contentUrl":"https:\/\/dhg1h5j42swfq.cloudfront.net\/2018\/07\/30184747\/dicas-discursiva-coruja.jpg","width":246,"height":205,"caption":"enem"},{"@type":"BreadcrumbList","@id":"https:\/\/www.estrategiaconcursos.com.br\/blog\/governo-revoga-decisao-e-horario-de-verao-nao-sera-mais-adiado-para-o-dia-18-de-novembro\/#breadcrumb","itemListElement":[{"@type":"ListItem","position":1,"name":"In\u00edcio","item":"https:\/\/www.estrategiaconcursos.com.br\/blog\/"},{"@type":"ListItem","position":2,"name":"Governo revoga decis\u00e3o e hor\u00e1rio de ver\u00e3o n\u00e3o ser\u00e1 mais adiado para o dia 18 de novembro"}]},{"@type":"WebSite","@id":"https:\/\/www.estrategiaconcursos.com.br\/blog\/#website","url":"https:\/\/www.estrategiaconcursos.com.br\/blog\/","name":"Estrat\u00e9gia Concursos","description":"O blog da Estrat\u00e9gia Concursos traz not\u00edcias sobre concursos e artigos de professores oferecendo cursos para concursos (pdf + videaulas) no site.","publisher":{"@id":"https:\/\/www.estrategiaconcursos.com.br\/blog\/#organization"},"potentialAction":[{"@type":"SearchAction","target":{"@type":"EntryPoint","urlTemplate":"https:\/\/www.estrategiaconcursos.com.br\/blog\/?s={search_term_string}"},"query-input":{"@type":"PropertyValueSpecification","valueRequired":true,"valueName":"search_term_string"}}],"inLanguage":"pt-BR"},{"@type":"Organization","@id":"https:\/\/www.estrategiaconcursos.com.br\/blog\/#organization","name":"Estrat\u00e9gia Concursos","url":"https:\/\/www.estrategiaconcursos.com.br\/blog\/","logo":{"@type":"ImageObject","inLanguage":"pt-BR","@id":"https:\/\/www.estrategiaconcursos.com.br\/blog\/#\/schema\/logo\/image\/","url":"https:\/\/dhg1h5j42swfq.cloudfront.net\/2025\/06\/03203428\/logo_concursos-1.jpg","contentUrl":"https:\/\/dhg1h5j42swfq.cloudfront.net\/2025\/06\/03203428\/logo_concursos-1.jpg","width":230,"height":60,"caption":"Estrat\u00e9gia Concursos"},"image":{"@id":"https:\/\/www.estrategiaconcursos.com.br\/blog\/#\/schema\/logo\/image\/"},"sameAs":["https:\/\/x.com\/EstratConcursos"]},{"@type":"Person","@id":"https:\/\/www.estrategiaconcursos.com.br\/blog\/#\/schema\/person\/b4a388c97673c5f483d72185668afa1f","name":"Coordena\u00e7\u00e3o","image":{"@type":"ImageObject","inLanguage":"pt-BR","@id":"https:\/\/secure.gravatar.com\/avatar\/b720319e4c9a967eb58678d110f4fe35452fc5d5f97b202bac7b8acceb18c6ad?s=96&d=mm&r=g","url":"https:\/\/secure.gravatar.com\/avatar\/b720319e4c9a967eb58678d110f4fe35452fc5d5f97b202bac7b8acceb18c6ad?s=96&d=mm&r=g","contentUrl":"https:\/\/secure.gravatar.com\/avatar\/b720319e4c9a967eb58678d110f4fe35452fc5d5f97b202bac7b8acceb18c6ad?s=96&d=mm&r=g","caption":"Coordena\u00e7\u00e3o"},"sameAs":["https:\/\/www.facebook.com\/EstrategiaConcursos","https:\/\/x.com\/EstratConcursos"],"url":"https:\/\/www.estrategiaconcursos.com.br\/blog\/author\/estrategia2013\/"}]}},"_links":{"self":[{"href":"https:\/\/www.estrategiaconcursos.com.br\/blog\/wp-json\/wp\/v2\/posts\/147019","targetHints":{"allow":["GET"]}}],"collection":[{"href":"https:\/\/www.estrategiaconcursos.com.br\/blog\/wp-json\/wp\/v2\/posts"}],"about":[{"href":"https:\/\/www.estrategiaconcursos.com.br\/blog\/wp-json\/wp\/v2\/types\/post"}],"author":[{"embeddable":true,"href":"https:\/\/www.estrategiaconcursos.com.br\/blog\/wp-json\/wp\/v2\/users\/1"}],"replies":[{"embeddable":true,"href":"https:\/\/www.estrategiaconcursos.com.br\/blog\/wp-json\/wp\/v2\/comments?post=147019"}],"version-history":[{"count":2,"href":"https:\/\/www.estrategiaconcursos.com.br\/blog\/wp-json\/wp\/v2\/posts\/147019\/revisions"}],"predecessor-version":[{"id":147024,"href":"https:\/\/www.estrategiaconcursos.com.br\/blog\/wp-json\/wp\/v2\/posts\/147019\/revisions\/147024"}],"wp:attachment":[{"href":"https:\/\/www.estrategiaconcursos.com.br\/blog\/wp-json\/wp\/v2\/media?parent=147019"}],"wp:term":[{"taxonomy":"category","embeddable":true,"href":"https:\/\/www.estrategiaconcursos.com.br\/blog\/wp-json\/wp\/v2\/categories?post=147019"},{"taxonomy":"post_tag","embeddable":true,"href":"https:\/\/www.estrategiaconcursos.com.br\/blog\/wp-json\/wp\/v2\/tags?post=147019"},{"taxonomy":"tax_estado","embeddable":true,"href":"https:\/\/www.estrategiaconcursos.com.br\/blog\/wp-json\/wp\/v2\/tax_estado?post=147019"}],"curies":[{"name":"wp","href":"https:\/\/api.w.org\/{rel}","templated":true}]}}