{"id":1470165,"date":"2024-10-17T14:04:00","date_gmt":"2024-10-17T17:04:00","guid":{"rendered":"https:\/\/www.estrategiaconcursos.com.br\/blog\/?p=1470165"},"modified":"2024-10-07T13:46:31","modified_gmt":"2024-10-07T16:46:31","slug":"capacete-configura-fundada-suspeita","status":"publish","type":"post","link":"https:\/\/www.estrategiaconcursos.com.br\/blog\/capacete-configura-fundada-suspeita\/","title":{"rendered":"Usar capacete configura fundada suspeita?"},"content":{"rendered":"\n<p>Ol\u00e1, tudo bem? Hoje responderemos ao questionamento \u201cusar capacete configura fundada suspeita?\u201d, destacando a jurisprud\u00eancia do Superior Tribunal de Justi\u00e7a (STJ) sobre o assunto.<\/p>\n\n\n\n<p>Para isso, falaremos tanto sobre o que diz o C\u00f3digo de Processo Penal (CPP) quanto sobre o entendimento do STJ sobre a tem\u00e1tica.<\/p>\n\n\n\n<p>Vamos ao que interessa!&nbsp;<\/p>\n\n\n\n<figure class=\"wp-block-image aligncenter size-large is-resized\"><img loading=\"lazy\" decoding=\"async\" width=\"1024\" height=\"574\" src=\"https:\/\/dhg1h5j42swfq.cloudfront.net\/2024\/10\/02103950\/close-up-motorcycle-helmet-1024x574.jpg\" alt=\"Usar capacete configura fundada suspeita?\" class=\"wp-image-1470166\" style=\"width:726px;height:auto\" srcset=\"https:\/\/dhg1h5j42swfq.cloudfront.net\/2024\/10\/02103950\/close-up-motorcycle-helmet-1024x574.jpg 1024w, https:\/\/dhg1h5j42swfq.cloudfront.net\/2024\/10\/02103950\/close-up-motorcycle-helmet-300x168.jpg 300w, https:\/\/dhg1h5j42swfq.cloudfront.net\/2024\/10\/02103950\/close-up-motorcycle-helmet-768x430.jpg 768w, https:\/\/dhg1h5j42swfq.cloudfront.net\/2024\/10\/02103950\/close-up-motorcycle-helmet-1536x861.jpg 1536w, https:\/\/dhg1h5j42swfq.cloudfront.net\/2024\/10\/02103950\/close-up-motorcycle-helmet-2048x1148.jpg 2048w, https:\/\/dhg1h5j42swfq.cloudfront.net\/2024\/10\/02103950\/close-up-motorcycle-helmet-150x84.jpg 150w\" sizes=\"auto, (max-width: 1024px) 100vw, 1024px\" \/><figcaption class=\"wp-element-caption\">Usar capacete configura fundada suspeita?<\/figcaption><\/figure>\n\n\n\n<div class=\"wp-block-yoast-seo-table-of-contents yoast-table-of-contents\"><h2><mark style=\"background-color:rgba(0, 0, 0, 0)\" class=\"has-inline-color has-vivid-cyan-blue-color\">\u00cdndice<\/mark><\/h2><ul><li><a href=\"#h-usar-capacete-configura-fundada-suspeita\" data-level=\"2\">Usar capacete configura fundada suspeita?<\/a><ul><li><a href=\"#h-busca-pessoal\" data-level=\"3\">Busca pessoal<\/a><\/li><li><a href=\"#h-o-que-configura-fundada-suspeita\" data-level=\"3\">O que configura fundada suspeita?<\/a><\/li><li><a href=\"#h-usar-capacete-configura-fundada-suspeita-0\" data-level=\"3\">Usar capacete configura fundada suspeita?<\/a><\/li><\/ul><\/li><li><a href=\"#h-conclusao\" data-level=\"2\">Conclus\u00e3o<\/a><ul><li><a href=\"#assinatura-de-concursos\" data-level=\"3\">Assinatura de Concursos<\/a><\/li><\/ul><\/li><li><a href=\"#concursos-e-vagas-previstas-para-2023\" data-level=\"2\">Concursos e vagas previstas para 2024:<\/a><\/li><\/ul><\/div>\n\n\n\n<h2 class=\"wp-block-heading has-vivid-cyan-blue-color has-text-color has-link-color wp-elements-499d92a3c129aee103eb78559339e869\" id=\"h-usar-capacete-configura-fundada-suspeita\">Usar capacete configura fundada suspeita?<\/h2>\n\n\n\n<h3 class=\"wp-block-heading has-vivid-cyan-blue-color has-text-color has-link-color wp-elements-bcd9c9910f6624d418b68d906c28ee8b\" id=\"h-busca-pessoal\">Busca pessoal<\/h3>\n\n\n\n<p>Primeiramente, destaca-se que, para o Superior Tribunal de Justi\u00e7a (STJ), <strong>a busca pessoal equipara-se \u00e0 busca veicular<\/strong>.<\/p>\n\n\n\n<p>De acordo com Norberto Avena, a busca pessoal \u00e9 a \u201cdilig\u00eancia realizada no corpo da pessoa, em suas roupas ou objetos que tenha consigo\u201d.<\/p>\n\n\n\n<p>J\u00e1 Alexandre Cebrian Ara\u00fajo Reis e Victor Eduardo Rios Gon\u00e7alves lecionam que <strong>se realiza a busca pessoal quando houver fundada suspeita<\/strong> de que algu\u00e9m oculte consigo arma proibida ou objetos relacionados com infra\u00e7\u00e3o penal (art. 240, \u00a7 2\u00ba, do CPP).<\/p>\n\n\n\n<p>Os mesmos autores mencionam que consiste em dilig\u00eancia que pode abranger, conforme o caso, a revista do corpo da pessoa, de suas vestes, de bolsas, de pastas ou de ve\u00edculos.<\/p>\n\n\n\n<p>Al\u00e9m disso, ao contr\u00e1rio do que o senso comum pode nos indicar, a busca pessoal tamb\u00e9m depende de mandado judicial, assim como a busca domiciliar.&nbsp;<\/p>\n\n\n\n<p>No entanto, h\u00e1 casos em que a busca pessoal poder\u00e1 ser realizada independentemente de mandado. O CPP aponta que isso pode ocorrer (i) no caso de pris\u00e3o; (ii) diante da fundada suspeita de que falamos acima; (iii) quando, no curso da busca domiciliar, a busca pessoal se fizer necess\u00e1ria.<\/p>\n\n\n\n<h3 class=\"wp-block-heading has-vivid-cyan-blue-color has-text-color has-link-color wp-elements-a1e0292ec57e20b288703de954428717\" id=\"h-o-que-configura-fundada-suspeita\">O que configura fundada suspeita?<\/h3>\n\n\n\n<p>Na verdade, a configura\u00e7\u00e3o da fundada suspeita, como se pode imaginar, \u00e9 um tanto quanto \u201csubjetiva\u201d.&nbsp;<\/p>\n\n\n\n<p>Isso porque a configura\u00e7\u00e3o da fundada suspeita poder\u00e1 mudar a depender do indiv\u00edduo que est\u00e1 avaliando. Por isso \u00e9 importante que o agente de seguran\u00e7a p\u00fablica fundamente corretamente a busca pessoal diante das <strong>particularidades do caso concreto<\/strong>.<\/p>\n\n\n\n<p>O STJ possui entendimento no sentido de que tanto a busca pessoal quanto a busca veicular dependem da exist\u00eancia de fundada suspeita (justa causa), a qual <strong>deve estar baseada em um ju\u00edzo de probabilidade, descrita com a maior precis\u00e3o poss\u00edvel<\/strong>, de que o indiv\u00edduo esteja em posse (CPP, \u00a7 2\u00ba do artigo 240):<\/p>\n\n\n\n<div class=\"wp-block-group has-background has-global-padding is-layout-constrained wp-block-group-is-layout-constrained\" style=\"background:linear-gradient(135deg,rgb(238,238,238) 88%,rgb(169,184,195) 94%)\">\n<p>\u00a7 2\u00ba&nbsp; Proceder-se-\u00e1 \u00e0 busca pessoal quando houver <strong>fundada suspeita de que algu\u00e9m oculte consigo arma proibida ou <\/strong>objetos mencionados nas letras b a f e letra h do par\u00e1grafo anterior <strong>[objetos ou pap\u00e9is que constituam corpo de delito]<\/strong>.<\/p>\n<\/div>\n\n\n\n<p>\u00c9 importante destacar que, n\u00e3o raras vezes, h\u00e1 intensos debates sobre a capacidade de determinado fato ser apto ou n\u00e3o a configurar a fundada suspeita, o que refor\u00e7a nosso argumento acima de que h\u00e1 certa subjetividade na an\u00e1lise.<\/p>\n\n\n\n<p>Nesse sentido, para tentar elucidar um pouco a quest\u00e3o, trouxemos agora um caso concreto analisado pelo STJ envolvendo o uso de capacete.<\/p>\n\n\n\n<h3 class=\"wp-block-heading has-vivid-cyan-blue-color has-text-color has-link-color wp-elements-d8ebcabfdbcc652608a7038d1b834161\" id=\"h-usar-capacete-configura-fundada-suspeita-0\">Usar capacete configura fundada suspeita?<\/h3>\n\n\n\n<p>O caso concreto que analisaremos \u00e9 o constante do <a href=\"https:\/\/processo.stj.jus.br\/SCON\/GetInteiroTeorDoAcordao?num_registro=202400365322&amp;dt_publicacao=12\/06\/2024\" target=\"_blank\" rel=\"noreferrer noopener\">AgRg no AgRg no HC n. 889.619\/PE<\/a>, relator Ministro Reynaldo Soares da Fonseca, Quinta Turma, julgado em 10\/6\/2024, DJe de 12\/6\/2024.<\/p>\n\n\n\n<p>Durante um patrulhamento de rotina na cidade de Lagoa de Itaenga, estado do Pernambuco, os policiais avistaram 02 homens em uma moto utilizando capacete.<\/p>\n\n\n\n<p>Como os 02 homens na moto estavam portando consigo \u201ccrack\u201d e R$ 40,00 reais em esp\u00e9cie, foi-lhes dada voz de pris\u00e3o.<\/p>\n\n\n\n<p><em>At\u00e9 a\u00ed tudo bem, certo?&nbsp;<\/em><\/p>\n\n\n\n<p>Acontece que a utiliza\u00e7\u00e3o de capacete naquela regi\u00e3o seria incomum, o que se somou com o fato de que, de acordo com os policiais, os indiv\u00edduos demonstraram nervosismo ao serem avistados.<\/p>\n\n\n\n<p>O Minist\u00e9rio P\u00fablico chegou inclusive a trazer aos autos not\u00edcia do portal G1 em que h\u00e1 relato de populares descrevendo que a utiliza\u00e7\u00e3o de capacete em outro munic\u00edpio da mesma Cidade era tida como um ato que levantava suspeita inclusive na pr\u00f3pria popula\u00e7\u00e3o.<\/p>\n\n\n\n<p><em>E o que o STJ entendeu? H\u00e1 configura\u00e7\u00e3o de fundada suspeita?<\/em><\/p>\n\n\n\n<p>Todavia, a Quinta Turma do STJ entendeu que a utiliza\u00e7\u00e3o de capacete, ainda que nesse contexto, <strong>N\u00c3O \u00e9 apta a configurar a fundada suspeita.<\/strong><\/p>\n\n\n\n<p>Isso porque o uso desse equipamento possui previs\u00e3o expressa no C\u00f3digo de Tr\u00e2nsito Brasileiro, consistindo em infra\u00e7\u00e3o grav\u00edssima a condu\u00e7\u00e3o de motocicleta sem que esteja sendo utilizado, conforme prev\u00ea o <a href=\"https:\/\/www.planalto.gov.br\/ccivil_03\/leis\/l9503compilado.htm#:~:text=%C2%A0%C2%A0I%20%2D%20sem%20usar%20capacete%20de%20seguran%C3%A7a\" target=\"_blank\" rel=\"noreferrer noopener\">artigo 244 do CTB<\/a>.<\/p>\n\n\n\n<p>Dessa forma, de acordo com o Tribunal,&nbsp; embora noticiado que o n\u00e3o uso de capacete seja praxe no local da abordagem, <strong>n\u00e3o se pode extrair EXCLUSIVAMENTE do uso do equipamento a exist\u00eancia de fundada suspeita<\/strong> apta a ensejar abordagem policial.<\/p>\n\n\n\n<p>O Relator do processo no STJ, o Ministro Reynaldo Soares da Fonseca, ainda ponderou que, das declara\u00e7\u00f5es dos policiais condutores do flagrante, extrai-se que a abordagem foi motivada exclusivamente pelo uso do capacete, \u201cde modo que efetivamente n\u00e3o se verifica a exist\u00eancia de fundada raz\u00e3o para a abordagem\u201d.<\/p>\n\n\n\n<h2 class=\"wp-block-heading has-vivid-cyan-blue-color has-text-color has-link-color wp-elements-e7b20fe698c6c29a007e244ab912bd2c\" id=\"h-conclusao\">Conclus\u00e3o<\/h2>\n\n\n\n<p>Portanto, pessoal, esse foi nosso resumo sobre o questionamento \u201cusar capacete configura fundada suspeita?\u201d, destacando a jurisprud\u00eancia do Superior Tribunal de Justi\u00e7a sobre o assunto.<\/p>\n\n\n\n<p>Considerando que n\u00e3o esgotamos aqui a tem\u00e1tica, n\u00e3o deixe de revisar em seu material de estudo e praticar com diversas quest\u00f5es.<\/p>\n\n\n\n<p>At\u00e9 a pr\u00f3xima!<\/p>\n\n\n\n<p class=\"has-text-align-center\" id=\"h-quer-saber-tudo-sobre-concursos-previstos\"><strong>Quer saber quais ser\u00e3o os pr\u00f3ximos concursos?<\/strong><\/p>\n\n\n\n<p class=\"has-text-align-center\"><strong>Confira nossos artigos!<\/strong><\/p>\n\n\n\n<p class=\"has-text-align-center has-white-color has-pale-cyan-blue-background-color has-text-color has-background\"><a href=\"https:\/\/www.estrategiaconcursos.com.br\/blog\/concursos-abertos\/\" target=\"_blank\" rel=\"noreferrer noopener\">Confira os concursos p\u00fablicos abertos<\/a><\/p>\n\n\n\n<p class=\"has-text-align-center has-white-color has-pale-cyan-blue-background-color has-text-color has-background\"><a href=\"https:\/\/www.estrategiaconcursos.com.br\/blog\/concursos-2024\/\" target=\"_blank\" rel=\"noreferrer noopener\">Concursos 2024<\/a><\/p>\n\n\n\n<h3 class=\"wp-block-heading\" id=\"assinatura-de-concursos\">Assinatura de Concursos<\/h3>\n\n\n\n<p>Assinatura de 1 ano ou 2 anos <a href=\"https:\/\/www.estrategiaconcursos.com.br\/assinaturas\/\" target=\"_blank\" rel=\"noreferrer noopener\">ASSINE AGORA<\/a><\/p>\n\n\n\n<p>Agora, confira as vagas e oportunidades dos&nbsp;<strong>concursos 2024<\/strong>&nbsp;navegando atrav\u00e9s do \u00edndice abaixo:<\/p>\n\n\n\n<h2 class=\"wp-block-heading\" id=\"concursos-e-vagas-previstas-para-2023\">Concursos e vagas previstas para 2024:<\/h2>\n\n\n\n<ul class=\"wp-block-list\">\n<li><a href=\"https:\/\/www.estrategiaconcursos.com.br\/blog\/concursos-2023\/#policial\" target=\"_blank\" rel=\"noreferrer noopener\">Concursos Policiais<\/a><\/li>\n\n\n\n<li><a href=\"https:\/\/www.estrategiaconcursos.com.br\/blog\/concursos-2023\/#fiscal\" target=\"_blank\" rel=\"noreferrer noopener\">Concursos Fiscais<\/a><\/li>\n\n\n\n<li><a href=\"https:\/\/www.estrategiaconcursos.com.br\/blog\/concursos-2023\/#controle\" target=\"_blank\" rel=\"noreferrer noopener\">Concursos Controle<\/a><\/li>\n\n\n\n<li><a href=\"https:\/\/www.estrategiaconcursos.com.br\/blog\/concursos-2023\/#tribunais\" target=\"_blank\" rel=\"noreferrer noopener\">Concursos Tribunais<\/a><\/li>\n\n\n\n<li><a href=\"https:\/\/www.estrategiaconcursos.com.br\/blog\/concursos-2023\/#ministerios-publicos\" target=\"_blank\" rel=\"noreferrer noopener\">Concursos em Minist\u00e9rios P\u00fablicos<\/a><\/li>\n\n\n\n<li><a href=\"https:\/\/www.estrategiaconcursos.com.br\/blog\/concursos-2023\/#defensorias-publicas\" target=\"_blank\" rel=\"noreferrer noopener\">Concursos em Defensorias<\/a><\/li>\n\n\n\n<li><a href=\"https:\/\/www.estrategiaconcursos.com.br\/blog\/concursos-2023\/#legislativa\" target=\"_blank\" rel=\"noreferrer noopener\">Concursos Legislativos<\/a><\/li>\n\n\n\n<li><a href=\"https:\/\/www.estrategiaconcursos.com.br\/blog\/concursos-2023\/#saude\" target=\"_blank\" rel=\"noreferrer noopener\">Concursos da \u00e1rea da Sa\u00fade<\/a><\/li>\n\n\n\n<li><a href=\"https:\/\/www.estrategiaconcursos.com.br\/blog\/concursos-2023\/#bancaria\" target=\"_blank\" rel=\"noreferrer noopener\">Concursos da \u00e1rea banc\u00e1ria<\/a><\/li>\n\n\n\n<li><a href=\"https:\/\/www.estrategiaconcursos.com.br\/blog\/concursos-2023\/#educacao\" target=\"_blank\" rel=\"noreferrer noopener\">Concursos da \u00e1rea da Educa\u00e7\u00e3o<\/a><\/li>\n\n\n\n<li><a href=\"https:\/\/www.estrategiaconcursos.com.br\/blog\/concursos-2023\/#prefeituras\" target=\"_blank\" rel=\"noreferrer noopener\">Concursos para Prefeituras<\/a><\/li>\n\n\n\n<li><a href=\"https:\/\/www.estrategiaconcursos.com.br\/blog\/concursos-2023\/#outros\" target=\"_blank\" rel=\"noreferrer noopener\">Concursos outras oportunidades<\/a><\/li>\n<\/ul>\n\n\n\n<p class=\"has-text-align-center has-luminous-vivid-amber-background-color has-background\" style=\"font-size:clamp(14.642px, 0.915rem + ((1vw - 3.2px) * 0.721), 22px);\"><strong>Veja tamb\u00e9m: <a href=\"https:\/\/www.estrategiaconcursos.com.br\/blog\/concursos-abertos\/\" target=\"_blank\" rel=\"noreferrer noopener\">Concursos Abertos<\/a><\/strong><\/p>\n\n\n\n<p class=\"has-text-align-left\" style=\"font-size:clamp(16.293px, 1.018rem + ((1vw - 3.2px) * 0.854), 25px);\"><em><strong>Quer saber tudo sobre os concursos previstos? Confira nossos artigos completos:<\/strong><\/em><\/p>\n\n\n\n<ul class=\"wp-block-list\">\n<li><a href=\"https:\/\/www.estrategiaconcursos.com.br\/blog\/concursos-2024\/\" target=\"_blank\" rel=\"noreferrer noopener\">Concursos 2024<\/a><\/li>\n<\/ul>\n","protected":false},"excerpt":{"rendered":"<p>Ol\u00e1, tudo bem? Hoje responderemos ao questionamento \u201cusar capacete configura fundada suspeita?\u201d, destacando a jurisprud\u00eancia do Superior Tribunal de Justi\u00e7a (STJ) sobre o assunto. Para isso, falaremos tanto sobre o que diz o C\u00f3digo de Processo Penal (CPP) quanto sobre o entendimento do STJ sobre a tem\u00e1tica. Vamos ao que interessa!&nbsp; Usar capacete configura fundada [&hellip;]<\/p>\n","protected":false},"author":2567,"featured_media":1470166,"comment_status":"open","ping_status":"closed","sticky":false,"template":"","format":"standard","meta":{"post_tipo":"article","footnotes":""},"categories":[1],"tags":[],"tax_estado":[219964,219965,219966,219967,219968,219969,219963,219970,219971,219972,219973,219974,219975,219976,219977,219978,219979,219980,219981,219982,219983,219984,219985,219986,219987,219988,219989,219990],"class_list":["post-1470165","post","type-post","status-publish","format-standard","has-post-thumbnail","hentry","category-cursos-e-concursos","tax_estado-ac","tax_estado-al","tax_estado-am","tax_estado-ap","tax_estado-ba","tax_estado-ce","tax_estado-concursos-federais","tax_estado-df","tax_estado-es","tax_estado-go","tax_estado-ma","tax_estado-mg","tax_estado-ms","tax_estado-mt","tax_estado-pa","tax_estado-pb","tax_estado-pe","tax_estado-pi","tax_estado-pr","tax_estado-rj","tax_estado-rn","tax_estado-ro","tax_estado-rr","tax_estado-rs","tax_estado-sc","tax_estado-se","tax_estado-sp","tax_estado-to"],"acf":[],"yoast_head":"<!-- This site is optimized with the Yoast SEO Premium plugin v27.2 (Yoast SEO v27.2) - https:\/\/yoast.com\/product\/yoast-seo-premium-wordpress\/ -->\n<title>Usar capacete configura fundada suspeita?<\/title>\n<meta name=\"description\" content=\"Confira nosso resumo sobre o questionamento \u201cusar capacete configura fundada suspeita?\u201d, destacando a jurisprud\u00eancia do STJ sobre o assunto.\" \/>\n<meta name=\"robots\" content=\"index, follow, max-snippet:-1, max-image-preview:large, max-video-preview:-1\" \/>\n<link rel=\"canonical\" href=\"https:\/\/www.estrategiaconcursos.com.br\/blog\/capacete-configura-fundada-suspeita\/\" \/>\n<meta property=\"og:locale\" content=\"pt_BR\" \/>\n<meta property=\"og:type\" content=\"article\" \/>\n<meta property=\"og:title\" content=\"Usar capacete configura fundada suspeita?\" \/>\n<meta property=\"og:description\" content=\"Confira nosso resumo sobre o questionamento \u201cusar capacete configura fundada suspeita?\u201d, destacando a jurisprud\u00eancia do STJ sobre o assunto.\" \/>\n<meta property=\"og:url\" content=\"https:\/\/www.estrategiaconcursos.com.br\/blog\/capacete-configura-fundada-suspeita\/\" \/>\n<meta property=\"og:site_name\" content=\"Estrat\u00e9gia Concursos\" \/>\n<meta property=\"article:published_time\" content=\"2024-10-17T17:04:00+00:00\" \/>\n<meta property=\"og:image\" content=\"https:\/\/dhg1h5j42swfq.cloudfront.net\/2024\/10\/02103950\/close-up-motorcycle-helmet-scaled.jpg\" \/>\n\t<meta property=\"og:image:width\" content=\"2560\" \/>\n\t<meta property=\"og:image:height\" content=\"1435\" \/>\n\t<meta property=\"og:image:type\" content=\"image\/jpeg\" \/>\n<meta name=\"author\" content=\"Frederico Tadeu Borlot Peixoto\" \/>\n<meta name=\"twitter:card\" content=\"summary_large_image\" \/>\n<meta name=\"twitter:creator\" content=\"@EstratConcursos\" \/>\n<meta name=\"twitter:site\" content=\"@EstratConcursos\" \/>\n<meta name=\"twitter:label1\" content=\"Escrito por\" \/>\n\t<meta name=\"twitter:data1\" content=\"Frederico Tadeu Borlot Peixoto\" \/>\n\t<meta name=\"twitter:label2\" content=\"Est. tempo de leitura\" \/>\n\t<meta name=\"twitter:data2\" content=\"5 minutos\" \/>\n<script type=\"application\/ld+json\" class=\"yoast-schema-graph\">{\"@context\":\"https:\/\/schema.org\",\"@graph\":[{\"@type\":\"NewsArticle\",\"@id\":\"https:\/\/www.estrategiaconcursos.com.br\/blog\/capacete-configura-fundada-suspeita\/#article\",\"isPartOf\":{\"@id\":\"https:\/\/www.estrategiaconcursos.com.br\/blog\/capacete-configura-fundada-suspeita\/\"},\"author\":{\"name\":\"Frederico Tadeu Borlot Peixoto\",\"@id\":\"https:\/\/www.estrategiaconcursos.com.br\/blog\/#\/schema\/person\/48a7e085e45aee7c3d4596399af50ebb\"},\"headline\":\"Usar capacete configura fundada suspeita?\",\"datePublished\":\"2024-10-17T17:04:00+00:00\",\"mainEntityOfPage\":{\"@id\":\"https:\/\/www.estrategiaconcursos.com.br\/blog\/capacete-configura-fundada-suspeita\/\"},\"wordCount\":1021,\"commentCount\":0,\"publisher\":{\"@id\":\"https:\/\/www.estrategiaconcursos.com.br\/blog\/#organization\"},\"image\":{\"@id\":\"https:\/\/www.estrategiaconcursos.com.br\/blog\/capacete-configura-fundada-suspeita\/#primaryimage\"},\"thumbnailUrl\":\"https:\/\/dhg1h5j42swfq.cloudfront.net\/2024\/10\/02103950\/close-up-motorcycle-helmet-scaled.jpg\",\"articleSection\":[\"Concursos P\u00fablicos\"],\"inLanguage\":\"pt-BR\",\"potentialAction\":[{\"@type\":\"CommentAction\",\"name\":\"Comment\",\"target\":[\"https:\/\/www.estrategiaconcursos.com.br\/blog\/capacete-configura-fundada-suspeita\/#respond\"]}],\"copyrightYear\":\"2024\",\"copyrightHolder\":{\"@id\":\"https:\/\/www.estrategiaconcursos.com.br\/blog\/#organization\"},\"accessibilityFeature\":[\"tableOfContents\"]},{\"@type\":\"WebPage\",\"@id\":\"https:\/\/www.estrategiaconcursos.com.br\/blog\/capacete-configura-fundada-suspeita\/\",\"url\":\"https:\/\/www.estrategiaconcursos.com.br\/blog\/capacete-configura-fundada-suspeita\/\",\"name\":\"Usar capacete configura fundada suspeita?\",\"isPartOf\":{\"@id\":\"https:\/\/www.estrategiaconcursos.com.br\/blog\/#website\"},\"primaryImageOfPage\":{\"@id\":\"https:\/\/www.estrategiaconcursos.com.br\/blog\/capacete-configura-fundada-suspeita\/#primaryimage\"},\"image\":{\"@id\":\"https:\/\/www.estrategiaconcursos.com.br\/blog\/capacete-configura-fundada-suspeita\/#primaryimage\"},\"thumbnailUrl\":\"https:\/\/dhg1h5j42swfq.cloudfront.net\/2024\/10\/02103950\/close-up-motorcycle-helmet-scaled.jpg\",\"datePublished\":\"2024-10-17T17:04:00+00:00\",\"description\":\"Confira nosso resumo sobre o questionamento \u201cusar capacete configura fundada suspeita?\u201d, destacando a jurisprud\u00eancia do STJ sobre o assunto.\",\"breadcrumb\":{\"@id\":\"https:\/\/www.estrategiaconcursos.com.br\/blog\/capacete-configura-fundada-suspeita\/#breadcrumb\"},\"inLanguage\":\"pt-BR\",\"potentialAction\":[{\"@type\":\"ReadAction\",\"target\":[\"https:\/\/www.estrategiaconcursos.com.br\/blog\/capacete-configura-fundada-suspeita\/\"]}]},{\"@type\":\"ImageObject\",\"inLanguage\":\"pt-BR\",\"@id\":\"https:\/\/www.estrategiaconcursos.com.br\/blog\/capacete-configura-fundada-suspeita\/#primaryimage\",\"url\":\"https:\/\/dhg1h5j42swfq.cloudfront.net\/2024\/10\/02103950\/close-up-motorcycle-helmet-scaled.jpg\",\"contentUrl\":\"https:\/\/dhg1h5j42swfq.cloudfront.net\/2024\/10\/02103950\/close-up-motorcycle-helmet-scaled.jpg\",\"width\":2560,\"height\":1435,\"caption\":\"Usar capacete configura fundada suspeita?\"},{\"@type\":\"BreadcrumbList\",\"@id\":\"https:\/\/www.estrategiaconcursos.com.br\/blog\/capacete-configura-fundada-suspeita\/#breadcrumb\",\"itemListElement\":[{\"@type\":\"ListItem\",\"position\":1,\"name\":\"In\u00edcio\",\"item\":\"https:\/\/www.estrategiaconcursos.com.br\/blog\/\"},{\"@type\":\"ListItem\",\"position\":2,\"name\":\"Usar capacete configura fundada suspeita?\"}]},{\"@type\":\"WebSite\",\"@id\":\"https:\/\/www.estrategiaconcursos.com.br\/blog\/#website\",\"url\":\"https:\/\/www.estrategiaconcursos.com.br\/blog\/\",\"name\":\"Estrat\u00e9gia Concursos\",\"description\":\"O blog da Estrat\u00e9gia Concursos traz not\u00edcias sobre concursos e artigos de professores oferecendo cursos para concursos (pdf + videaulas) no site.\",\"publisher\":{\"@id\":\"https:\/\/www.estrategiaconcursos.com.br\/blog\/#organization\"},\"potentialAction\":[{\"@type\":\"SearchAction\",\"target\":{\"@type\":\"EntryPoint\",\"urlTemplate\":\"https:\/\/www.estrategiaconcursos.com.br\/blog\/?s={search_term_string}\"},\"query-input\":{\"@type\":\"PropertyValueSpecification\",\"valueRequired\":true,\"valueName\":\"search_term_string\"}}],\"inLanguage\":\"pt-BR\"},{\"@type\":\"Organization\",\"@id\":\"https:\/\/www.estrategiaconcursos.com.br\/blog\/#organization\",\"name\":\"Estrat\u00e9gia Concursos\",\"url\":\"https:\/\/www.estrategiaconcursos.com.br\/blog\/\",\"logo\":{\"@type\":\"ImageObject\",\"inLanguage\":\"pt-BR\",\"@id\":\"https:\/\/www.estrategiaconcursos.com.br\/blog\/#\/schema\/logo\/image\/\",\"url\":\"https:\/\/dhg1h5j42swfq.cloudfront.net\/2025\/06\/03203428\/logo_concursos-1.jpg\",\"contentUrl\":\"https:\/\/dhg1h5j42swfq.cloudfront.net\/2025\/06\/03203428\/logo_concursos-1.jpg\",\"width\":230,\"height\":60,\"caption\":\"Estrat\u00e9gia Concursos\"},\"image\":{\"@id\":\"https:\/\/www.estrategiaconcursos.com.br\/blog\/#\/schema\/logo\/image\/\"},\"sameAs\":[\"https:\/\/x.com\/EstratConcursos\"]},{\"@type\":\"Person\",\"@id\":\"https:\/\/www.estrategiaconcursos.com.br\/blog\/#\/schema\/person\/48a7e085e45aee7c3d4596399af50ebb\",\"name\":\"Frederico Tadeu Borlot Peixoto\",\"image\":{\"@type\":\"ImageObject\",\"inLanguage\":\"pt-BR\",\"@id\":\"https:\/\/secure.gravatar.com\/avatar\/df8a49e2321c1e32f85e9e7c2a9c92c688f1f53a947220f40017ff5858b09fdb?s=96&d=mm&r=g\",\"url\":\"https:\/\/secure.gravatar.com\/avatar\/df8a49e2321c1e32f85e9e7c2a9c92c688f1f53a947220f40017ff5858b09fdb?s=96&d=mm&r=g\",\"contentUrl\":\"https:\/\/secure.gravatar.com\/avatar\/df8a49e2321c1e32f85e9e7c2a9c92c688f1f53a947220f40017ff5858b09fdb?s=96&d=mm&r=g\",\"caption\":\"Frederico Tadeu Borlot Peixoto\"},\"description\":\"Analista Judici\u00e1rio - \u00c1rea Judici\u00e1ria do TRF da 4\u00aa regi\u00e3o. Bacharel em Direito. P\u00f3s-graduado em Direito Administrativo, Legisla\u00e7\u00e3o Penal Especial, Direito Penal e Direito Processual Penal. Tamb\u00e9m nomeado no TRF da 3\u00aa regi\u00e3o (8\u00ba lugar); SPPREV (3\u00ba lugar); IFES (2\u00ba lugar); e PMES. https:\/\/www.instagram.com\/proffrederico\/\",\"sameAs\":[\"https:\/\/www.instagram.com\/proffrederico\/\"],\"url\":\"https:\/\/www.estrategiaconcursos.com.br\/blog\/author\/xfredericohotmail-com\/\"}]}<\/script>\n<!-- \/ Yoast SEO Premium plugin. -->","yoast_head_json":{"title":"Usar capacete configura fundada suspeita?","description":"Confira nosso resumo sobre o questionamento \u201cusar capacete configura fundada suspeita?\u201d, destacando a jurisprud\u00eancia do STJ sobre o assunto.","robots":{"index":"index","follow":"follow","max-snippet":"max-snippet:-1","max-image-preview":"max-image-preview:large","max-video-preview":"max-video-preview:-1"},"canonical":"https:\/\/www.estrategiaconcursos.com.br\/blog\/capacete-configura-fundada-suspeita\/","og_locale":"pt_BR","og_type":"article","og_title":"Usar capacete configura fundada suspeita?","og_description":"Confira nosso resumo sobre o questionamento \u201cusar capacete configura fundada suspeita?\u201d, destacando a jurisprud\u00eancia do STJ sobre o assunto.","og_url":"https:\/\/www.estrategiaconcursos.com.br\/blog\/capacete-configura-fundada-suspeita\/","og_site_name":"Estrat\u00e9gia Concursos","article_published_time":"2024-10-17T17:04:00+00:00","og_image":[{"width":2560,"height":1435,"url":"https:\/\/dhg1h5j42swfq.cloudfront.net\/2024\/10\/02103950\/close-up-motorcycle-helmet-scaled.jpg","type":"image\/jpeg"}],"author":"Frederico Tadeu Borlot Peixoto","twitter_card":"summary_large_image","twitter_creator":"@EstratConcursos","twitter_site":"@EstratConcursos","twitter_misc":{"Escrito por":"Frederico Tadeu Borlot Peixoto","Est. tempo de leitura":"5 minutos"},"schema":{"@context":"https:\/\/schema.org","@graph":[{"@type":"NewsArticle","@id":"https:\/\/www.estrategiaconcursos.com.br\/blog\/capacete-configura-fundada-suspeita\/#article","isPartOf":{"@id":"https:\/\/www.estrategiaconcursos.com.br\/blog\/capacete-configura-fundada-suspeita\/"},"author":{"name":"Frederico Tadeu Borlot Peixoto","@id":"https:\/\/www.estrategiaconcursos.com.br\/blog\/#\/schema\/person\/48a7e085e45aee7c3d4596399af50ebb"},"headline":"Usar capacete configura fundada suspeita?","datePublished":"2024-10-17T17:04:00+00:00","mainEntityOfPage":{"@id":"https:\/\/www.estrategiaconcursos.com.br\/blog\/capacete-configura-fundada-suspeita\/"},"wordCount":1021,"commentCount":0,"publisher":{"@id":"https:\/\/www.estrategiaconcursos.com.br\/blog\/#organization"},"image":{"@id":"https:\/\/www.estrategiaconcursos.com.br\/blog\/capacete-configura-fundada-suspeita\/#primaryimage"},"thumbnailUrl":"https:\/\/dhg1h5j42swfq.cloudfront.net\/2024\/10\/02103950\/close-up-motorcycle-helmet-scaled.jpg","articleSection":["Concursos P\u00fablicos"],"inLanguage":"pt-BR","potentialAction":[{"@type":"CommentAction","name":"Comment","target":["https:\/\/www.estrategiaconcursos.com.br\/blog\/capacete-configura-fundada-suspeita\/#respond"]}],"copyrightYear":"2024","copyrightHolder":{"@id":"https:\/\/www.estrategiaconcursos.com.br\/blog\/#organization"},"accessibilityFeature":["tableOfContents"]},{"@type":"WebPage","@id":"https:\/\/www.estrategiaconcursos.com.br\/blog\/capacete-configura-fundada-suspeita\/","url":"https:\/\/www.estrategiaconcursos.com.br\/blog\/capacete-configura-fundada-suspeita\/","name":"Usar capacete configura fundada suspeita?","isPartOf":{"@id":"https:\/\/www.estrategiaconcursos.com.br\/blog\/#website"},"primaryImageOfPage":{"@id":"https:\/\/www.estrategiaconcursos.com.br\/blog\/capacete-configura-fundada-suspeita\/#primaryimage"},"image":{"@id":"https:\/\/www.estrategiaconcursos.com.br\/blog\/capacete-configura-fundada-suspeita\/#primaryimage"},"thumbnailUrl":"https:\/\/dhg1h5j42swfq.cloudfront.net\/2024\/10\/02103950\/close-up-motorcycle-helmet-scaled.jpg","datePublished":"2024-10-17T17:04:00+00:00","description":"Confira nosso resumo sobre o questionamento \u201cusar capacete configura fundada suspeita?\u201d, destacando a jurisprud\u00eancia do STJ sobre o assunto.","breadcrumb":{"@id":"https:\/\/www.estrategiaconcursos.com.br\/blog\/capacete-configura-fundada-suspeita\/#breadcrumb"},"inLanguage":"pt-BR","potentialAction":[{"@type":"ReadAction","target":["https:\/\/www.estrategiaconcursos.com.br\/blog\/capacete-configura-fundada-suspeita\/"]}]},{"@type":"ImageObject","inLanguage":"pt-BR","@id":"https:\/\/www.estrategiaconcursos.com.br\/blog\/capacete-configura-fundada-suspeita\/#primaryimage","url":"https:\/\/dhg1h5j42swfq.cloudfront.net\/2024\/10\/02103950\/close-up-motorcycle-helmet-scaled.jpg","contentUrl":"https:\/\/dhg1h5j42swfq.cloudfront.net\/2024\/10\/02103950\/close-up-motorcycle-helmet-scaled.jpg","width":2560,"height":1435,"caption":"Usar capacete configura fundada suspeita?"},{"@type":"BreadcrumbList","@id":"https:\/\/www.estrategiaconcursos.com.br\/blog\/capacete-configura-fundada-suspeita\/#breadcrumb","itemListElement":[{"@type":"ListItem","position":1,"name":"In\u00edcio","item":"https:\/\/www.estrategiaconcursos.com.br\/blog\/"},{"@type":"ListItem","position":2,"name":"Usar capacete configura fundada suspeita?"}]},{"@type":"WebSite","@id":"https:\/\/www.estrategiaconcursos.com.br\/blog\/#website","url":"https:\/\/www.estrategiaconcursos.com.br\/blog\/","name":"Estrat\u00e9gia Concursos","description":"O blog da Estrat\u00e9gia Concursos traz not\u00edcias sobre concursos e artigos de professores oferecendo cursos para concursos (pdf + videaulas) no site.","publisher":{"@id":"https:\/\/www.estrategiaconcursos.com.br\/blog\/#organization"},"potentialAction":[{"@type":"SearchAction","target":{"@type":"EntryPoint","urlTemplate":"https:\/\/www.estrategiaconcursos.com.br\/blog\/?s={search_term_string}"},"query-input":{"@type":"PropertyValueSpecification","valueRequired":true,"valueName":"search_term_string"}}],"inLanguage":"pt-BR"},{"@type":"Organization","@id":"https:\/\/www.estrategiaconcursos.com.br\/blog\/#organization","name":"Estrat\u00e9gia Concursos","url":"https:\/\/www.estrategiaconcursos.com.br\/blog\/","logo":{"@type":"ImageObject","inLanguage":"pt-BR","@id":"https:\/\/www.estrategiaconcursos.com.br\/blog\/#\/schema\/logo\/image\/","url":"https:\/\/dhg1h5j42swfq.cloudfront.net\/2025\/06\/03203428\/logo_concursos-1.jpg","contentUrl":"https:\/\/dhg1h5j42swfq.cloudfront.net\/2025\/06\/03203428\/logo_concursos-1.jpg","width":230,"height":60,"caption":"Estrat\u00e9gia Concursos"},"image":{"@id":"https:\/\/www.estrategiaconcursos.com.br\/blog\/#\/schema\/logo\/image\/"},"sameAs":["https:\/\/x.com\/EstratConcursos"]},{"@type":"Person","@id":"https:\/\/www.estrategiaconcursos.com.br\/blog\/#\/schema\/person\/48a7e085e45aee7c3d4596399af50ebb","name":"Frederico Tadeu Borlot Peixoto","image":{"@type":"ImageObject","inLanguage":"pt-BR","@id":"https:\/\/secure.gravatar.com\/avatar\/df8a49e2321c1e32f85e9e7c2a9c92c688f1f53a947220f40017ff5858b09fdb?s=96&d=mm&r=g","url":"https:\/\/secure.gravatar.com\/avatar\/df8a49e2321c1e32f85e9e7c2a9c92c688f1f53a947220f40017ff5858b09fdb?s=96&d=mm&r=g","contentUrl":"https:\/\/secure.gravatar.com\/avatar\/df8a49e2321c1e32f85e9e7c2a9c92c688f1f53a947220f40017ff5858b09fdb?s=96&d=mm&r=g","caption":"Frederico Tadeu Borlot Peixoto"},"description":"Analista Judici\u00e1rio - \u00c1rea Judici\u00e1ria do TRF da 4\u00aa regi\u00e3o. Bacharel em Direito. P\u00f3s-graduado em Direito Administrativo, Legisla\u00e7\u00e3o Penal Especial, Direito Penal e Direito Processual Penal. Tamb\u00e9m nomeado no TRF da 3\u00aa regi\u00e3o (8\u00ba lugar); SPPREV (3\u00ba lugar); IFES (2\u00ba lugar); e PMES. https:\/\/www.instagram.com\/proffrederico\/","sameAs":["https:\/\/www.instagram.com\/proffrederico\/"],"url":"https:\/\/www.estrategiaconcursos.com.br\/blog\/author\/xfredericohotmail-com\/"}]}},"_links":{"self":[{"href":"https:\/\/www.estrategiaconcursos.com.br\/blog\/wp-json\/wp\/v2\/posts\/1470165","targetHints":{"allow":["GET"]}}],"collection":[{"href":"https:\/\/www.estrategiaconcursos.com.br\/blog\/wp-json\/wp\/v2\/posts"}],"about":[{"href":"https:\/\/www.estrategiaconcursos.com.br\/blog\/wp-json\/wp\/v2\/types\/post"}],"author":[{"embeddable":true,"href":"https:\/\/www.estrategiaconcursos.com.br\/blog\/wp-json\/wp\/v2\/users\/2567"}],"replies":[{"embeddable":true,"href":"https:\/\/www.estrategiaconcursos.com.br\/blog\/wp-json\/wp\/v2\/comments?post=1470165"}],"version-history":[{"count":1,"href":"https:\/\/www.estrategiaconcursos.com.br\/blog\/wp-json\/wp\/v2\/posts\/1470165\/revisions"}],"predecessor-version":[{"id":1470169,"href":"https:\/\/www.estrategiaconcursos.com.br\/blog\/wp-json\/wp\/v2\/posts\/1470165\/revisions\/1470169"}],"wp:featuredmedia":[{"embeddable":true,"href":"https:\/\/www.estrategiaconcursos.com.br\/blog\/wp-json\/wp\/v2\/media\/1470166"}],"wp:attachment":[{"href":"https:\/\/www.estrategiaconcursos.com.br\/blog\/wp-json\/wp\/v2\/media?parent=1470165"}],"wp:term":[{"taxonomy":"category","embeddable":true,"href":"https:\/\/www.estrategiaconcursos.com.br\/blog\/wp-json\/wp\/v2\/categories?post=1470165"},{"taxonomy":"post_tag","embeddable":true,"href":"https:\/\/www.estrategiaconcursos.com.br\/blog\/wp-json\/wp\/v2\/tags?post=1470165"},{"taxonomy":"tax_estado","embeddable":true,"href":"https:\/\/www.estrategiaconcursos.com.br\/blog\/wp-json\/wp\/v2\/tax_estado?post=1470165"}],"curies":[{"name":"wp","href":"https:\/\/api.w.org\/{rel}","templated":true}]}}