{"id":1470147,"date":"2024-10-02T10:03:47","date_gmt":"2024-10-02T13:03:47","guid":{"rendered":"https:\/\/www.estrategiaconcursos.com.br\/blog\/?p=1470147"},"modified":"2024-10-02T10:03:50","modified_gmt":"2024-10-02T13:03:50","slug":"concurso-trf-1-recursos-tecnico-area-administrativa","status":"publish","type":"post","link":"https:\/\/www.estrategiaconcursos.com.br\/blog\/concurso-trf-1-recursos-tecnico-area-administrativa\/","title":{"rendered":"Concurso TRF 1: recursos de T\u00e9cnico Judici\u00e1rio (Administrativa)"},"content":{"rendered":"\n<p class=\"has-medium-font-size\"><em><strong>Quer interpor recursos contra os gabaritos do cargo de T\u00e9cnico Judici\u00e1rio (\u00e1rea Administrativa) do concurso TRF 1? Confira as possibilidades neste artigo!<\/strong><\/em><\/p>\n\n\n\n<p>O <strong>concurso p\u00fablico do Tribunal Regional Federal da 1\u00aa Regi\u00e3o<\/strong> teve suas provas aplicadas neste \u00faltimo domingo, 30 de setembro. Com isso, j\u00e1 foram divulgados os gabaritos preliminares da etapa.&nbsp;<\/p>\n\n\n\n<p>Pretende <strong>interpor recurso contra o gabarito do concurso TRF 1 para T\u00e9cnico<\/strong>? Ent\u00e3o, aten\u00e7\u00e3o: todo o processo deve ser realizado <span style=\"text-decoration: underline;\">no prazo de 2 a 3 de outubro<\/span>, pelo <a href=\"https:\/\/conhecimento.fgv.br\/concursos\/trf1servidor24\" target=\"_blank\" rel=\"noreferrer noopener\">site da FGV<\/a>.<\/p>\n\n\n\n<p>E para te ajudar, nossos professores analisaram o resultado e identificaram algumas possibilidades de recursos. Confira abaixo e n\u00e3o perca o prazo:<\/p>\n\n\n\n<h2 class=\"wp-block-heading has-very-light-gray-to-cyan-bluish-gray-gradient-background has-background\" id=\"analista-administrativa\">Concurso TRF 1 &#8211; T\u00e9cnico: recursos de Direito Penal<\/h2>\n\n\n\n<p><strong>RECURSOS \u2013 TRF 1 \u2013 DIREITO PENAL \u2013 TJAA &#8211; PROF. RENAN ARAUJO<\/strong><strong><\/strong><\/p>\n\n\n\n<p><strong>Q. 62 (prova tipo 4).<\/strong><\/p>\n\n\n\n<figure class=\"wp-block-image aligncenter size-full\"><img loading=\"lazy\" decoding=\"async\" width=\"713\" height=\"927\" src=\"https:\/\/dhg1h5j42swfq.cloudfront.net\/2024\/10\/02100205\/image-4.png\" alt=\"Recursos de Direito Penal do concurso TRF 1 T\u00e9cnico\" class=\"wp-image-1470150\" srcset=\"https:\/\/dhg1h5j42swfq.cloudfront.net\/2024\/10\/02100205\/image-4.png 713w, https:\/\/dhg1h5j42swfq.cloudfront.net\/2024\/10\/02100205\/image-4-231x300.png 231w, https:\/\/dhg1h5j42swfq.cloudfront.net\/2024\/10\/02100205\/image-4-150x195.png 150w\" sizes=\"auto, (max-width: 713px) 100vw, 713px\" \/><figcaption class=\"wp-element-caption\">Recursos de Direito Penal do concurso TRF 1 T\u00e9cnico<\/figcaption><\/figure>\n\n\n\n<p><strong>GABARITO: LETRA D<\/strong><\/p>\n\n\n\n<p><strong>PLEITO: ANULA\u00c7\u00c3O (n\u00e3o h\u00e1 resposta plenamente correta)<\/strong><\/p>\n\n\n\n<p><strong>FUNDAMENTA\u00c7\u00c3O<\/strong><\/p>\n\n\n\n<p>A quest\u00e3o n\u00e3o apresenta nenhuma alternativa plenamente correta.<\/p>\n\n\n\n<p>A alternativa considerada como gabarito, embora seja a que mais se aproxime de estar correta, cont\u00e9m um equ\u00edvoco.<\/p>\n\n\n\n<p>O crime em quest\u00e3o \u00e9 o de denuncia\u00e7\u00e3o caluniosa, art. 339 do CP, majorado em um sexto por ter o infrator se valido do anonimato, na forma do art. 339, \u00a71\u00ba do CP. Vejamos:<\/p>\n\n\n\n<p><em>Art. 339. Dar causa \u00e0 instaura\u00e7\u00e3o de inqu\u00e9rito policial, de procedimento investigat\u00f3rio criminal, de processo judicial, de processo administrativo disciplinar, de inqu\u00e9rito civil ou de a\u00e7\u00e3o de improbidade administrativa contra algu\u00e9m, imputando-lhe crime, infra\u00e7\u00e3o \u00e9tico-disciplinar ou ato \u00edmprobo de que o sabe inocente:&nbsp;&nbsp;&nbsp;&nbsp;&nbsp;&nbsp;&nbsp; (Reda\u00e7\u00e3o dada pela Lei n\u00ba 14.110, de 2020)<\/em><\/p>\n\n\n\n<p><em>Pena &#8211; reclus\u00e3o, de dois a oito anos, e multa.<\/em><\/p>\n\n\n\n<p><em>\u00a7 1\u00ba &#8211; A pena \u00e9 aumentada de sexta parte, se o agente se serve de anonimato ou de nome suposto.<\/em><\/p>\n\n\n\n<p>Por\u00e9m, como se pode observar pela simples leitura do \u00a71\u00ba do art. 339 do CP, n\u00e3o se trata de uma qualificadora, mas de uma causa de aumento de pena (majorante), a incidir na terceira fase do processo dosim\u00e9trico. Frise-se que o crime de denuncia\u00e7\u00e3o caluniosa n\u00e3o possui qualquer qualificadora.<\/p>\n\n\n\n<p>Assim, o gabarito correto seria: \u201cdenuncia\u00e7\u00e3o caluniosa, com aumento de pena de um sexto em raz\u00e3o do anonimato\u201d, mas n\u00e3o h\u00e1 tal op\u00e7\u00e3o, raz\u00e3o pela qual deve a quest\u00e3o ser anulada.<\/p>\n\n\n\n<p><strong>PLEITO: ANULA\u00c7\u00c3O (n\u00e3o h\u00e1 resposta correta)<\/strong><\/p>\n\n\n\n<p><strong>Q. 63 (prova tipo 4).<\/strong><\/p>\n\n\n\n<figure class=\"wp-block-image aligncenter size-full\"><img loading=\"lazy\" decoding=\"async\" width=\"729\" height=\"777\" src=\"https:\/\/dhg1h5j42swfq.cloudfront.net\/2024\/10\/02100217\/image-5.png\" alt=\"Recursos de Direito Penal \" class=\"wp-image-1470151\" srcset=\"https:\/\/dhg1h5j42swfq.cloudfront.net\/2024\/10\/02100217\/image-5.png 729w, https:\/\/dhg1h5j42swfq.cloudfront.net\/2024\/10\/02100217\/image-5-281x300.png 281w, https:\/\/dhg1h5j42swfq.cloudfront.net\/2024\/10\/02100217\/image-5-150x160.png 150w\" sizes=\"auto, (max-width: 729px) 100vw, 729px\" \/><figcaption class=\"wp-element-caption\">Recursos de Direito Penal do concurso TRF 1 T\u00e9cnico<\/figcaption><\/figure>\n\n\n\n<p><strong>GABARITO: LETRA E<\/strong><\/p>\n\n\n\n<p><strong>PLEITO: ALTERA\u00c7\u00c3O DE GABARITO PARA LETRA C<\/strong><\/p>\n\n\n\n<p><strong>FUNDAMENTA\u00c7\u00c3O<\/strong><\/p>\n\n\n\n<p>O crime em quest\u00e3o \u00e9 o de falso testemunho, tipificado no art. 342 do CP:<\/p>\n\n\n\n<p><em>Art. 342. Fazer afirma\u00e7\u00e3o falsa, ou negar ou calar a verdade como testemunha, perito, contador, tradutor ou int\u00e9rprete em processo judicial, ou administrativo, inqu\u00e9rito policial, ou em ju\u00edzo arbitral: (Reda\u00e7\u00e3o dada pela Lei n\u00ba 10.268, de 28.8.2001)<\/em><\/p>\n\n\n\n<p><em>Pena &#8211; reclus\u00e3o, de 2 (dois) a 4 (quatro) anos, e multa.&nbsp;&nbsp;&nbsp;&nbsp; (Reda\u00e7\u00e3o dada pela Lei n\u00ba 12.850, de 2013)&nbsp;&nbsp;&nbsp;&nbsp; (Vig\u00eancia)<\/em><\/p>\n\n\n\n<p>Por\u00e9m, o cerne da quest\u00e3o reside em saber se a testemunha n\u00e3o compromissada (informante) pode ser sujeito ativo do crime de falso testemunho. A Banca entendeu que n\u00e3o, mas esse n\u00e3o \u00e9 o entendimento da Doutrina majorit\u00e1ria.<\/p>\n\n\n\n<p>De acordo com a Doutrina majorit\u00e1ria, o juramento ou \u201ccompromisso\u201d n\u00e3o \u00e9 pressuposto do crime, de forma que \u00e9 dispens\u00e1vel para a configura\u00e7\u00e3o do tipo penal do art. 342 do CP, ou seja, mesmo a testemunha n\u00e3o compromissada poderia ser sujeito ativo do crime de falso testemunho. <\/p>\n\n\n\n<p>Nesse sentido: Bento de Faria, Magalh\u00e3es Noronha, Nelson Hungria, Luiz R\u00e9gis Prado, Dam\u00e1sio de Jesus e Cl\u00e9ber Masson, dentre outros (Ver, por todos: MASSON, Cl\u00e9ber. Direito Penal. Vol. 3, Ed. M\u00e9todo \u2013 4\u00ba edi\u00e7\u00e3o, S\u00e3o Paulo\/SP, 2014. P. 864; JESUS, Dam\u00e1sio. E. de. Direito Penal. Vol.4 \u2013 Parte Especial, 3\u00ba edi\u00e7\u00e3o. S\u00e3o Paulo, Saraiva, 1992, p. 240-241).<\/p>\n\n\n\n<p>N\u00e3o se desconhece o fato de que existe corrente doutrin\u00e1ria em sentido contr\u00e1rio. Guilherme Nucci e Cezar Roberto Bitencourt, por exemplo, defendem que somente a testemunha compromissada poderia praticar o crime de falso testemunho. <\/p>\n\n\n\n<p>Por\u00e9m, ambos reconhecem que integram corrente minorit\u00e1ria (Ver, por todos: BITENCOURT, Cezar Roberto. Tratado de Direito Penal \u2013 Parte especial. Volume 5. Ed. Saraiva, 9\u00ba edi\u00e7\u00e3o. S\u00e3o Paulo, 2015, p. 350).<\/p>\n\n\n\n<p>Ademais, o pr\u00f3prio legislador buscou englobar a testemunha n\u00e3o compromissada, j\u00e1 que no C\u00f3digo Penal de 1890, o art. 261, que definia este tipo penal, exigia o compromisso de dizer a verdade como elemento do tipo, o que foi retirado no CP atual. Vejamos a reda\u00e7\u00e3o do art. 261 do CP de 1890:<\/p>\n\n\n\n<p><em>Art. 261. Asseverar em juizo como testemunha, <strong>sob juramento ou affirma\u00e7\u00e3o<\/strong>, qualquer que seja o estado da causa e a natureza do processo, uma falsidade; ou negar a verdade, no todo ou em parte, sobre circumstancias essenciaes do facto a respeito do qual depuzer:<\/em><\/p>\n\n\n\n<p>Comparando-se o art. 261 do revogado CP-1890 com a reda\u00e7\u00e3o do art. 342 do CP vigente, percebe-se claramente a inten\u00e7\u00e3o do legislador de retirar a exig\u00eancia do \u201ccompromisso\u201d ou \u201cjuramento\u201d como elemento do tipo.<\/p>\n\n\n\n<p>Exatamente por conta desse entendimento doutrin\u00e1rio majorit\u00e1rio, o STJ possui farta jurisprud\u00eancia no sentido de que o compromisso de dizer a verdade \u00e9 desnecess\u00e1rio para a configura\u00e7\u00e3o do crime de falso testemunho:<\/p>\n\n\n\n<p class=\"has-text-align-right\" style=\"font-size:clamp(14px, 0.875rem + ((1vw - 3.2px) * 0.098), 15px);\">\u201c3. \u00c9 assente nesta Corte que o falso testemunho (art. 342, \u00a7 1\u00ba, do C\u00f3digo Penal) \u00e9 crime formal, cuja consuma\u00e7\u00e3o ocorre com a afirma\u00e7\u00e3o falsa sobre fato juridicamente relevante, <strong><u>e prescinde do compromisso<\/u><\/strong>, do grau de influ\u00eancia no convencimento do julgador e do devido aferimento de vantagem il\u00edcita.(&#8230;)\u201c<\/p>\n\n\n\n<p class=\"has-text-align-right\" style=\"font-size:clamp(14px, 0.875rem + ((1vw - 3.2px) * 0.098), 15px);\">(RHC n. 150.509\/MG, relator Ministro Rogerio Schietti Cruz, Sexta Turma, julgado em 21\/6\/2022, DJe de 27\/6\/2022.)<\/p>\n\n\n\n<p class=\"has-text-align-right\" style=\"font-size:clamp(14px, 0.875rem + ((1vw - 3.2px) * 0.098), 15px);\">\u201c(&#8230;) Assente nesta eg. Corte Superior que <strong>&#8220;Para a caracteriza\u00e7\u00e3o do crime de falso testemunho n\u00e3o \u00e9 necess\u00e1rio o compromisso.<\/strong><\/p>\n\n\n\n<p class=\"has-text-align-right\" style=\"font-size:clamp(14px, 0.875rem + ((1vw - 3.2px) * 0.098), 15px);\">Precedentes&#8221; (HC n. 92.836\/SP, Sexta Turma, Rel\u00aa. Min\u00aa Maria Thereza de Assis Moura, DJe de 17\/5\/2010, grifei).<\/p>\n\n\n\n<p class=\"has-text-align-right\" style=\"font-size:clamp(14px, 0.875rem + ((1vw - 3.2px) * 0.098), 15px);\">(&#8230;)<\/p>\n\n\n\n<p class=\"has-text-align-right\" style=\"font-size:clamp(14px, 0.875rem + ((1vw - 3.2px) * 0.098), 15px);\">(AgRg no HC n. 660.380\/SP, relator Ministro Felix Fischer, Quinta Turma, julgado em 25\/5\/2021, DJe de 31\/5\/2021.)<\/p>\n\n\n\n<p class=\"has-text-align-right\" style=\"font-size:clamp(14px, 0.875rem + ((1vw - 3.2px) * 0.098), 15px);\">\u201c(&#8230;) N\u00e3o se desconhece a exist\u00eancia de discuss\u00e3o doutrin\u00e1ria e jurisprudencial acerca da imprescindibilidade ou n\u00e3o de a testemunha estar compromissada para a caracteriza\u00e7\u00e3o do crime previsto no artigo 342 do C\u00f3digo Penal, <strong>tendo esta Corte Superior de Justi\u00e7a se orientado no sentido de que o compromisso de dizer a verdade n\u00e3o \u00e9 pressuposto do delito. Precedentes do STJ e do STF.<\/strong><\/p>\n\n\n\n<p class=\"has-text-align-right\" style=\"font-size:clamp(14px, 0.875rem + ((1vw - 3.2px) * 0.098), 15px);\">(&#8230;)<\/p>\n\n\n\n<p class=\"has-text-align-right\" style=\"font-size:clamp(14px, 0.875rem + ((1vw - 3.2px) * 0.098), 15px);\">(HC n. 192.659\/ES, relator Ministro Jorge Mussi, Quinta Turma, julgado em 6\/12\/2011, DJe de 19\/12\/2011.)<\/p>\n\n\n\n<p>Portanto, verifica-se que, a despeito da controv\u00e9rsia doutrin\u00e1ria, o tema se encontra relativamente pacificado em sentido contr\u00e1rio \u00e0quele do gabarito, ou seja, o compromisso de dizer a verdade n\u00e3o \u00e9 elemento do tipo penal do art. 342, que pode ser praticado pela testemunha compromissada e pela testemunha n\u00e3o compromissada.<\/p>\n\n\n\n<p><strong>PLEITO: ALTERA\u00c7\u00c3O DE GABARITO PARA LETRA C<\/strong><\/p>\n\n\n\n<h2 class=\"wp-block-heading has-text-align-center has-very-light-gray-to-cyan-bluish-gray-gradient-background has-background has-medium-font-size\" id=\"h-saiba-mais-concurso-trf-1\u00aa-regiao\">Saiba mais: <a href=\"https:\/\/www.estrategiaconcursos.com.br\/blog\/concurso-trf-1\/\" target=\"_blank\" rel=\"noreferrer noopener\">Concurso TRF 1\u00aa Regi\u00e3o<\/a><\/h2>\n\n\n\n<hr class=\"wp-block-separator has-alpha-channel-opacity\"\/>\n\n\n\n<h2 class=\"wp-block-heading has-text-align-center\" id=\"h-quer-saber-tudo-sobre-concursos-previstos-confira-nossos-artigos\">Quer saber tudo sobre concursos previstos?<br \/>Confira nossos artigos!<\/h2>\n\n\n\n<ul class=\"wp-block-list\">\n<li><a href=\"https:\/\/www.estrategiaconcursos.com.br\/blog\/concursos-abertos\/\" target=\"_blank\" rel=\"noreferrer noopener\">Concursos abertos<\/a><\/li>\n\n\n\n<li><a href=\"https:\/\/www.estrategiaconcursos.com.br\/blog\/concursos-2024\/\" target=\"_blank\" rel=\"noreferrer noopener\">Concursos 2024<\/a><\/li>\n\n\n\n<li><a href=\"https:\/\/www.estrategiaconcursos.com.br\/blog\/concursos-2025\/\">Concursos 2025<\/a><\/li>\n<\/ul>\n\n\n\n<div class=\"container\" id=\"boxes\">\n  <div class=\"row\">\n\n    <div class=\"col-sm\">\n      <div class=\"banner-tribunal\" id=\"box-assinatura\">\n        <h3 class=\"titulo-assinatura\">Curso TRF 1<\/h3>\n        <p class=\"subtitulo-assinatura\">Conhe\u00e7a os cursos<\/p>\n        <div class=\"box-botao\">\n          <a class=\"btn-assinatura\" target=\"_blank\" href=\"https:\/\/www.estrategiaconcursos.com.br\/cursosPorConcurso\/trf-1-regiao-tribunal-regional-federal\/\" role=\"button\" rel=\"noopener noreferrer\">Conhe\u00e7a mais<\/a>\n        <\/div>\n      <\/div>\n      <p class=\"texto-auxiliar\">Prepare-se com o melhor material e com quem mais aprova em Concursos P\u00fablicos em todo o pa\u00eds.<\/p>\n    <\/div>\n\n  <\/div>\n<\/div>\n\n\n\n<div class=\"container\" id=\"boxes\">\n  <div class=\"row\">\n    <div class=\"col-sm\">\n      <div class=\"estrategia\" id=\"box-assinatura\">\n        <h3 class=\"titulo-assinatura\">Assinatura Concursos<\/h3>\n        <p class=\"subtitulo-assinatura\">Assinatura de 1 ano ou 2 anos*<\/p>\n        <div class=\"box-botao\">\n          <a class=\"btn-assinatura\" target=\"_blank\" href=\"https:\/\/www.estrategiaconcursos.com.br\/assinaturas\/\" role=\"button\" rel=\"noopener noreferrer\">ASSINE AGORA<\/a>\n        <\/div>\n      <\/div>\n      <p class=\"texto-auxiliar\"><\/p>\n    <\/div>\n    <div class=\"col-sm\">\n      <div class=\"questoes\" id=\"box-assinatura\">\n        <h3 class=\"titulo-assinatura\">Sistema de Quest\u00f5es<\/h3>\n        <p class=\"subtitulo-assinatura\">Assinatura de 1 ano ou 2 anos\n<\/p>\n        <div class=\"box-botao\">\n          <a class=\"btn-assinatura\" target=\"_blank\" href=\"https:\/\/www.estrategiaconcursos.com.br\/cursosPorConcurso\/sistema-de-questoes\/#\/\" role=\"button\" rel=\"noopener noreferrer\">ASSINE AGORA<\/a>\n        <\/div>\n      <\/div>\n      <p class=\"texto-auxiliar\"><\/p>\n    <\/div>\n  <\/div>\n<\/div>\n","protected":false},"excerpt":{"rendered":"<p>Quer interpor recursos contra os gabaritos do cargo de T\u00e9cnico Judici\u00e1rio (\u00e1rea Administrativa) do concurso TRF 1? Confira as possibilidades neste artigo! O concurso p\u00fablico do Tribunal Regional Federal da 1\u00aa Regi\u00e3o teve suas provas aplicadas neste \u00faltimo domingo, 30 de setembro. Com isso, j\u00e1 foram divulgados os gabaritos preliminares da etapa.&nbsp; Pretende interpor recurso [&hellip;]<\/p>\n","protected":false},"author":1206,"featured_media":1329168,"comment_status":"open","ping_status":"closed","sticky":false,"template":"","format":"standard","meta":{"post_tipo":"news","footnotes":""},"categories":[1984,220219],"tags":[],"tax_estado":[219963],"class_list":["post-1470147","post","type-post","status-publish","format-standard","has-post-thumbnail","hentry","category-tribunais","category-noticias","tax_estado-concursos-federais"],"acf":[],"yoast_head":"<!-- This site is optimized with the Yoast SEO Premium plugin v27.2 (Yoast SEO v27.2) - https:\/\/yoast.com\/product\/yoast-seo-premium-wordpress\/ -->\n<title>Concurso TRF 1: recursos de T\u00e9cnico Judici\u00e1rio (Administrativa)<\/title>\n<meta name=\"description\" content=\"Quer interpor recursos contra os gabaritos do cargo de T\u00e9cnico Judici\u00e1rio do concurso TRF 1? Confira as possibilidades neste artigo!\" \/>\n<meta name=\"robots\" content=\"index, follow, max-snippet:-1, max-image-preview:large, max-video-preview:-1\" \/>\n<link rel=\"canonical\" href=\"https:\/\/www.estrategiaconcursos.com.br\/blog\/concurso-trf-1-recursos-tecnico-area-administrativa\/\" \/>\n<meta property=\"og:locale\" content=\"pt_BR\" \/>\n<meta property=\"og:type\" content=\"article\" \/>\n<meta property=\"og:title\" content=\"Concurso TRF 1: recursos de T\u00e9cnico Judici\u00e1rio (Administrativa)\" \/>\n<meta property=\"og:description\" content=\"Quer interpor recursos contra os gabaritos do cargo de T\u00e9cnico Judici\u00e1rio do concurso TRF 1? Confira as possibilidades neste artigo!\" \/>\n<meta property=\"og:url\" content=\"https:\/\/www.estrategiaconcursos.com.br\/blog\/concurso-trf-1-recursos-tecnico-area-administrativa\/\" \/>\n<meta property=\"og:site_name\" content=\"Estrat\u00e9gia Concursos\" \/>\n<meta property=\"article:published_time\" content=\"2024-10-02T13:03:47+00:00\" \/>\n<meta property=\"article:modified_time\" content=\"2024-10-02T13:03:50+00:00\" \/>\n<meta property=\"og:image\" content=\"https:\/\/dhg1h5j42swfq.cloudfront.net\/2023\/12\/03175539\/trf-1.jpg\" \/>\n\t<meta property=\"og:image:width\" content=\"768\" \/>\n\t<meta property=\"og:image:height\" content=\"432\" \/>\n\t<meta property=\"og:image:type\" content=\"image\/jpeg\" \/>\n<meta name=\"author\" content=\"Bruna de Andrade Fran\u00e7a\" \/>\n<meta name=\"twitter:card\" content=\"summary_large_image\" \/>\n<meta name=\"twitter:creator\" content=\"@EstratConcursos\" \/>\n<meta name=\"twitter:site\" content=\"@EstratConcursos\" \/>\n<meta name=\"twitter:label1\" content=\"Escrito por\" \/>\n\t<meta name=\"twitter:data1\" content=\"Bruna de Andrade Fran\u00e7a\" \/>\n\t<meta name=\"twitter:label2\" content=\"Est. tempo de leitura\" \/>\n\t<meta name=\"twitter:data2\" content=\"6 minutos\" \/>\n<script type=\"application\/ld+json\" class=\"yoast-schema-graph\">{\"@context\":\"https:\/\/schema.org\",\"@graph\":[{\"@type\":\"NewsArticle\",\"@id\":\"https:\/\/www.estrategiaconcursos.com.br\/blog\/concurso-trf-1-recursos-tecnico-area-administrativa\/#article\",\"isPartOf\":{\"@id\":\"https:\/\/www.estrategiaconcursos.com.br\/blog\/concurso-trf-1-recursos-tecnico-area-administrativa\/\"},\"author\":{\"name\":\"Bruna de Andrade Fran\u00e7a\",\"@id\":\"https:\/\/www.estrategiaconcursos.com.br\/blog\/#\/schema\/person\/6630f91134abc08115cca62ce6372855\"},\"headline\":\"Concurso TRF 1: recursos de T\u00e9cnico Judici\u00e1rio (Administrativa)\",\"datePublished\":\"2024-10-02T13:03:47+00:00\",\"dateModified\":\"2024-10-02T13:03:50+00:00\",\"mainEntityOfPage\":{\"@id\":\"https:\/\/www.estrategiaconcursos.com.br\/blog\/concurso-trf-1-recursos-tecnico-area-administrativa\/\"},\"wordCount\":1227,\"commentCount\":0,\"publisher\":{\"@id\":\"https:\/\/www.estrategiaconcursos.com.br\/blog\/#organization\"},\"image\":{\"@id\":\"https:\/\/www.estrategiaconcursos.com.br\/blog\/concurso-trf-1-recursos-tecnico-area-administrativa\/#primaryimage\"},\"thumbnailUrl\":\"https:\/\/dhg1h5j42swfq.cloudfront.net\/2023\/12\/03175539\/trf-1.jpg\",\"articleSection\":[\"Tribunais\",\"\u00daltimas not\u00edcias\"],\"inLanguage\":\"pt-BR\",\"potentialAction\":[{\"@type\":\"CommentAction\",\"name\":\"Comment\",\"target\":[\"https:\/\/www.estrategiaconcursos.com.br\/blog\/concurso-trf-1-recursos-tecnico-area-administrativa\/#respond\"]}],\"copyrightYear\":\"2024\",\"copyrightHolder\":{\"@id\":\"https:\/\/www.estrategiaconcursos.com.br\/blog\/#organization\"}},{\"@type\":\"WebPage\",\"@id\":\"https:\/\/www.estrategiaconcursos.com.br\/blog\/concurso-trf-1-recursos-tecnico-area-administrativa\/\",\"url\":\"https:\/\/www.estrategiaconcursos.com.br\/blog\/concurso-trf-1-recursos-tecnico-area-administrativa\/\",\"name\":\"Concurso TRF 1: recursos de T\u00e9cnico Judici\u00e1rio (Administrativa)\",\"isPartOf\":{\"@id\":\"https:\/\/www.estrategiaconcursos.com.br\/blog\/#website\"},\"primaryImageOfPage\":{\"@id\":\"https:\/\/www.estrategiaconcursos.com.br\/blog\/concurso-trf-1-recursos-tecnico-area-administrativa\/#primaryimage\"},\"image\":{\"@id\":\"https:\/\/www.estrategiaconcursos.com.br\/blog\/concurso-trf-1-recursos-tecnico-area-administrativa\/#primaryimage\"},\"thumbnailUrl\":\"https:\/\/dhg1h5j42swfq.cloudfront.net\/2023\/12\/03175539\/trf-1.jpg\",\"datePublished\":\"2024-10-02T13:03:47+00:00\",\"dateModified\":\"2024-10-02T13:03:50+00:00\",\"description\":\"Quer interpor recursos contra os gabaritos do cargo de T\u00e9cnico Judici\u00e1rio do concurso TRF 1? Confira as possibilidades neste artigo!\",\"breadcrumb\":{\"@id\":\"https:\/\/www.estrategiaconcursos.com.br\/blog\/concurso-trf-1-recursos-tecnico-area-administrativa\/#breadcrumb\"},\"inLanguage\":\"pt-BR\",\"potentialAction\":[{\"@type\":\"ReadAction\",\"target\":[\"https:\/\/www.estrategiaconcursos.com.br\/blog\/concurso-trf-1-recursos-tecnico-area-administrativa\/\"]}]},{\"@type\":\"ImageObject\",\"inLanguage\":\"pt-BR\",\"@id\":\"https:\/\/www.estrategiaconcursos.com.br\/blog\/concurso-trf-1-recursos-tecnico-area-administrativa\/#primaryimage\",\"url\":\"https:\/\/dhg1h5j42swfq.cloudfront.net\/2023\/12\/03175539\/trf-1.jpg\",\"contentUrl\":\"https:\/\/dhg1h5j42swfq.cloudfront.net\/2023\/12\/03175539\/trf-1.jpg\",\"width\":768,\"height\":432,\"caption\":\"TRF 1\"},{\"@type\":\"BreadcrumbList\",\"@id\":\"https:\/\/www.estrategiaconcursos.com.br\/blog\/concurso-trf-1-recursos-tecnico-area-administrativa\/#breadcrumb\",\"itemListElement\":[{\"@type\":\"ListItem\",\"position\":1,\"name\":\"In\u00edcio\",\"item\":\"https:\/\/www.estrategiaconcursos.com.br\/blog\/\"},{\"@type\":\"ListItem\",\"position\":2,\"name\":\"Concurso TRF 1: recursos de T\u00e9cnico Judici\u00e1rio (Administrativa)\"}]},{\"@type\":\"WebSite\",\"@id\":\"https:\/\/www.estrategiaconcursos.com.br\/blog\/#website\",\"url\":\"https:\/\/www.estrategiaconcursos.com.br\/blog\/\",\"name\":\"Estrat\u00e9gia Concursos\",\"description\":\"O blog da Estrat\u00e9gia Concursos traz not\u00edcias sobre concursos e artigos de professores oferecendo cursos para concursos (pdf + videaulas) no site.\",\"publisher\":{\"@id\":\"https:\/\/www.estrategiaconcursos.com.br\/blog\/#organization\"},\"potentialAction\":[{\"@type\":\"SearchAction\",\"target\":{\"@type\":\"EntryPoint\",\"urlTemplate\":\"https:\/\/www.estrategiaconcursos.com.br\/blog\/?s={search_term_string}\"},\"query-input\":{\"@type\":\"PropertyValueSpecification\",\"valueRequired\":true,\"valueName\":\"search_term_string\"}}],\"inLanguage\":\"pt-BR\"},{\"@type\":\"Organization\",\"@id\":\"https:\/\/www.estrategiaconcursos.com.br\/blog\/#organization\",\"name\":\"Estrat\u00e9gia Concursos\",\"url\":\"https:\/\/www.estrategiaconcursos.com.br\/blog\/\",\"logo\":{\"@type\":\"ImageObject\",\"inLanguage\":\"pt-BR\",\"@id\":\"https:\/\/www.estrategiaconcursos.com.br\/blog\/#\/schema\/logo\/image\/\",\"url\":\"https:\/\/dhg1h5j42swfq.cloudfront.net\/2025\/06\/03203428\/logo_concursos-1.jpg\",\"contentUrl\":\"https:\/\/dhg1h5j42swfq.cloudfront.net\/2025\/06\/03203428\/logo_concursos-1.jpg\",\"width\":230,\"height\":60,\"caption\":\"Estrat\u00e9gia Concursos\"},\"image\":{\"@id\":\"https:\/\/www.estrategiaconcursos.com.br\/blog\/#\/schema\/logo\/image\/\"},\"sameAs\":[\"https:\/\/x.com\/EstratConcursos\"]},{\"@type\":\"Person\",\"@id\":\"https:\/\/www.estrategiaconcursos.com.br\/blog\/#\/schema\/person\/6630f91134abc08115cca62ce6372855\",\"name\":\"Bruna de Andrade Fran\u00e7a\",\"image\":{\"@type\":\"ImageObject\",\"inLanguage\":\"pt-BR\",\"@id\":\"https:\/\/secure.gravatar.com\/avatar\/d6316d36d50cea0fadae28ed3015b8870cc90a2d3d8a95c37b44006af36a00e3?s=96&d=mm&r=g\",\"url\":\"https:\/\/secure.gravatar.com\/avatar\/d6316d36d50cea0fadae28ed3015b8870cc90a2d3d8a95c37b44006af36a00e3?s=96&d=mm&r=g\",\"contentUrl\":\"https:\/\/secure.gravatar.com\/avatar\/d6316d36d50cea0fadae28ed3015b8870cc90a2d3d8a95c37b44006af36a00e3?s=96&d=mm&r=g\",\"caption\":\"Bruna de Andrade Fran\u00e7a\"},\"description\":\"Bruna de Andrade Fran\u00e7a \u00e9 publicit\u00e1ria com p\u00f3s-gradua\u00e7\u00e3o em Marketing &amp; Growth, atuando h\u00e1 mais de 6 anos no universo dos concursos p\u00fablicos. Desde 2021, lidera no Blog do Estrat\u00e9gia Concursos a cobertura editorial especializada em Concursos Policiais (PF, PRF, PM, PC, etc.), al\u00e9m das frentes de concursos banc\u00e1rios, de sa\u00fade e da \u00e1rea legislativa. Especialista em reda\u00e7\u00e3o, com pr\u00e1ticas de SEO e Copywriting, possui tamb\u00e9m atua\u00e7\u00e3o pr\u00e1tica de contato direto com \u00f3rg\u00e3os p\u00fablicos respons\u00e1veis por editais, permitindo acesso antecipado a informa\u00e7\u00f5es, desdobramentos importantes e atualiza\u00e7\u00e3o eficiente dos concursos p\u00fablicos.\",\"url\":\"https:\/\/www.estrategiaconcursos.com.br\/blog\/author\/bruna-andrade\/\"}]}<\/script>\n<!-- \/ Yoast SEO Premium plugin. -->","yoast_head_json":{"title":"Concurso TRF 1: recursos de T\u00e9cnico Judici\u00e1rio (Administrativa)","description":"Quer interpor recursos contra os gabaritos do cargo de T\u00e9cnico Judici\u00e1rio do concurso TRF 1? Confira as possibilidades neste artigo!","robots":{"index":"index","follow":"follow","max-snippet":"max-snippet:-1","max-image-preview":"max-image-preview:large","max-video-preview":"max-video-preview:-1"},"canonical":"https:\/\/www.estrategiaconcursos.com.br\/blog\/concurso-trf-1-recursos-tecnico-area-administrativa\/","og_locale":"pt_BR","og_type":"article","og_title":"Concurso TRF 1: recursos de T\u00e9cnico Judici\u00e1rio (Administrativa)","og_description":"Quer interpor recursos contra os gabaritos do cargo de T\u00e9cnico Judici\u00e1rio do concurso TRF 1? Confira as possibilidades neste artigo!","og_url":"https:\/\/www.estrategiaconcursos.com.br\/blog\/concurso-trf-1-recursos-tecnico-area-administrativa\/","og_site_name":"Estrat\u00e9gia Concursos","article_published_time":"2024-10-02T13:03:47+00:00","article_modified_time":"2024-10-02T13:03:50+00:00","og_image":[{"width":768,"height":432,"url":"https:\/\/dhg1h5j42swfq.cloudfront.net\/2023\/12\/03175539\/trf-1.jpg","type":"image\/jpeg"}],"author":"Bruna de Andrade Fran\u00e7a","twitter_card":"summary_large_image","twitter_creator":"@EstratConcursos","twitter_site":"@EstratConcursos","twitter_misc":{"Escrito por":"Bruna de Andrade Fran\u00e7a","Est. tempo de leitura":"6 minutos"},"schema":{"@context":"https:\/\/schema.org","@graph":[{"@type":"NewsArticle","@id":"https:\/\/www.estrategiaconcursos.com.br\/blog\/concurso-trf-1-recursos-tecnico-area-administrativa\/#article","isPartOf":{"@id":"https:\/\/www.estrategiaconcursos.com.br\/blog\/concurso-trf-1-recursos-tecnico-area-administrativa\/"},"author":{"name":"Bruna de Andrade Fran\u00e7a","@id":"https:\/\/www.estrategiaconcursos.com.br\/blog\/#\/schema\/person\/6630f91134abc08115cca62ce6372855"},"headline":"Concurso TRF 1: recursos de T\u00e9cnico Judici\u00e1rio (Administrativa)","datePublished":"2024-10-02T13:03:47+00:00","dateModified":"2024-10-02T13:03:50+00:00","mainEntityOfPage":{"@id":"https:\/\/www.estrategiaconcursos.com.br\/blog\/concurso-trf-1-recursos-tecnico-area-administrativa\/"},"wordCount":1227,"commentCount":0,"publisher":{"@id":"https:\/\/www.estrategiaconcursos.com.br\/blog\/#organization"},"image":{"@id":"https:\/\/www.estrategiaconcursos.com.br\/blog\/concurso-trf-1-recursos-tecnico-area-administrativa\/#primaryimage"},"thumbnailUrl":"https:\/\/dhg1h5j42swfq.cloudfront.net\/2023\/12\/03175539\/trf-1.jpg","articleSection":["Tribunais","\u00daltimas not\u00edcias"],"inLanguage":"pt-BR","potentialAction":[{"@type":"CommentAction","name":"Comment","target":["https:\/\/www.estrategiaconcursos.com.br\/blog\/concurso-trf-1-recursos-tecnico-area-administrativa\/#respond"]}],"copyrightYear":"2024","copyrightHolder":{"@id":"https:\/\/www.estrategiaconcursos.com.br\/blog\/#organization"}},{"@type":"WebPage","@id":"https:\/\/www.estrategiaconcursos.com.br\/blog\/concurso-trf-1-recursos-tecnico-area-administrativa\/","url":"https:\/\/www.estrategiaconcursos.com.br\/blog\/concurso-trf-1-recursos-tecnico-area-administrativa\/","name":"Concurso TRF 1: recursos de T\u00e9cnico Judici\u00e1rio (Administrativa)","isPartOf":{"@id":"https:\/\/www.estrategiaconcursos.com.br\/blog\/#website"},"primaryImageOfPage":{"@id":"https:\/\/www.estrategiaconcursos.com.br\/blog\/concurso-trf-1-recursos-tecnico-area-administrativa\/#primaryimage"},"image":{"@id":"https:\/\/www.estrategiaconcursos.com.br\/blog\/concurso-trf-1-recursos-tecnico-area-administrativa\/#primaryimage"},"thumbnailUrl":"https:\/\/dhg1h5j42swfq.cloudfront.net\/2023\/12\/03175539\/trf-1.jpg","datePublished":"2024-10-02T13:03:47+00:00","dateModified":"2024-10-02T13:03:50+00:00","description":"Quer interpor recursos contra os gabaritos do cargo de T\u00e9cnico Judici\u00e1rio do concurso TRF 1? Confira as possibilidades neste artigo!","breadcrumb":{"@id":"https:\/\/www.estrategiaconcursos.com.br\/blog\/concurso-trf-1-recursos-tecnico-area-administrativa\/#breadcrumb"},"inLanguage":"pt-BR","potentialAction":[{"@type":"ReadAction","target":["https:\/\/www.estrategiaconcursos.com.br\/blog\/concurso-trf-1-recursos-tecnico-area-administrativa\/"]}]},{"@type":"ImageObject","inLanguage":"pt-BR","@id":"https:\/\/www.estrategiaconcursos.com.br\/blog\/concurso-trf-1-recursos-tecnico-area-administrativa\/#primaryimage","url":"https:\/\/dhg1h5j42swfq.cloudfront.net\/2023\/12\/03175539\/trf-1.jpg","contentUrl":"https:\/\/dhg1h5j42swfq.cloudfront.net\/2023\/12\/03175539\/trf-1.jpg","width":768,"height":432,"caption":"TRF 1"},{"@type":"BreadcrumbList","@id":"https:\/\/www.estrategiaconcursos.com.br\/blog\/concurso-trf-1-recursos-tecnico-area-administrativa\/#breadcrumb","itemListElement":[{"@type":"ListItem","position":1,"name":"In\u00edcio","item":"https:\/\/www.estrategiaconcursos.com.br\/blog\/"},{"@type":"ListItem","position":2,"name":"Concurso TRF 1: recursos de T\u00e9cnico Judici\u00e1rio (Administrativa)"}]},{"@type":"WebSite","@id":"https:\/\/www.estrategiaconcursos.com.br\/blog\/#website","url":"https:\/\/www.estrategiaconcursos.com.br\/blog\/","name":"Estrat\u00e9gia Concursos","description":"O blog da Estrat\u00e9gia Concursos traz not\u00edcias sobre concursos e artigos de professores oferecendo cursos para concursos (pdf + videaulas) no site.","publisher":{"@id":"https:\/\/www.estrategiaconcursos.com.br\/blog\/#organization"},"potentialAction":[{"@type":"SearchAction","target":{"@type":"EntryPoint","urlTemplate":"https:\/\/www.estrategiaconcursos.com.br\/blog\/?s={search_term_string}"},"query-input":{"@type":"PropertyValueSpecification","valueRequired":true,"valueName":"search_term_string"}}],"inLanguage":"pt-BR"},{"@type":"Organization","@id":"https:\/\/www.estrategiaconcursos.com.br\/blog\/#organization","name":"Estrat\u00e9gia Concursos","url":"https:\/\/www.estrategiaconcursos.com.br\/blog\/","logo":{"@type":"ImageObject","inLanguage":"pt-BR","@id":"https:\/\/www.estrategiaconcursos.com.br\/blog\/#\/schema\/logo\/image\/","url":"https:\/\/dhg1h5j42swfq.cloudfront.net\/2025\/06\/03203428\/logo_concursos-1.jpg","contentUrl":"https:\/\/dhg1h5j42swfq.cloudfront.net\/2025\/06\/03203428\/logo_concursos-1.jpg","width":230,"height":60,"caption":"Estrat\u00e9gia Concursos"},"image":{"@id":"https:\/\/www.estrategiaconcursos.com.br\/blog\/#\/schema\/logo\/image\/"},"sameAs":["https:\/\/x.com\/EstratConcursos"]},{"@type":"Person","@id":"https:\/\/www.estrategiaconcursos.com.br\/blog\/#\/schema\/person\/6630f91134abc08115cca62ce6372855","name":"Bruna de Andrade Fran\u00e7a","image":{"@type":"ImageObject","inLanguage":"pt-BR","@id":"https:\/\/secure.gravatar.com\/avatar\/d6316d36d50cea0fadae28ed3015b8870cc90a2d3d8a95c37b44006af36a00e3?s=96&d=mm&r=g","url":"https:\/\/secure.gravatar.com\/avatar\/d6316d36d50cea0fadae28ed3015b8870cc90a2d3d8a95c37b44006af36a00e3?s=96&d=mm&r=g","contentUrl":"https:\/\/secure.gravatar.com\/avatar\/d6316d36d50cea0fadae28ed3015b8870cc90a2d3d8a95c37b44006af36a00e3?s=96&d=mm&r=g","caption":"Bruna de Andrade Fran\u00e7a"},"description":"Bruna de Andrade Fran\u00e7a \u00e9 publicit\u00e1ria com p\u00f3s-gradua\u00e7\u00e3o em Marketing &amp; Growth, atuando h\u00e1 mais de 6 anos no universo dos concursos p\u00fablicos. Desde 2021, lidera no Blog do Estrat\u00e9gia Concursos a cobertura editorial especializada em Concursos Policiais (PF, PRF, PM, PC, etc.), al\u00e9m das frentes de concursos banc\u00e1rios, de sa\u00fade e da \u00e1rea legislativa. Especialista em reda\u00e7\u00e3o, com pr\u00e1ticas de SEO e Copywriting, possui tamb\u00e9m atua\u00e7\u00e3o pr\u00e1tica de contato direto com \u00f3rg\u00e3os p\u00fablicos respons\u00e1veis por editais, permitindo acesso antecipado a informa\u00e7\u00f5es, desdobramentos importantes e atualiza\u00e7\u00e3o eficiente dos concursos p\u00fablicos.","url":"https:\/\/www.estrategiaconcursos.com.br\/blog\/author\/bruna-andrade\/"}]}},"_links":{"self":[{"href":"https:\/\/www.estrategiaconcursos.com.br\/blog\/wp-json\/wp\/v2\/posts\/1470147","targetHints":{"allow":["GET"]}}],"collection":[{"href":"https:\/\/www.estrategiaconcursos.com.br\/blog\/wp-json\/wp\/v2\/posts"}],"about":[{"href":"https:\/\/www.estrategiaconcursos.com.br\/blog\/wp-json\/wp\/v2\/types\/post"}],"author":[{"embeddable":true,"href":"https:\/\/www.estrategiaconcursos.com.br\/blog\/wp-json\/wp\/v2\/users\/1206"}],"replies":[{"embeddable":true,"href":"https:\/\/www.estrategiaconcursos.com.br\/blog\/wp-json\/wp\/v2\/comments?post=1470147"}],"version-history":[{"count":2,"href":"https:\/\/www.estrategiaconcursos.com.br\/blog\/wp-json\/wp\/v2\/posts\/1470147\/revisions"}],"predecessor-version":[{"id":1470153,"href":"https:\/\/www.estrategiaconcursos.com.br\/blog\/wp-json\/wp\/v2\/posts\/1470147\/revisions\/1470153"}],"wp:featuredmedia":[{"embeddable":true,"href":"https:\/\/www.estrategiaconcursos.com.br\/blog\/wp-json\/wp\/v2\/media\/1329168"}],"wp:attachment":[{"href":"https:\/\/www.estrategiaconcursos.com.br\/blog\/wp-json\/wp\/v2\/media?parent=1470147"}],"wp:term":[{"taxonomy":"category","embeddable":true,"href":"https:\/\/www.estrategiaconcursos.com.br\/blog\/wp-json\/wp\/v2\/categories?post=1470147"},{"taxonomy":"post_tag","embeddable":true,"href":"https:\/\/www.estrategiaconcursos.com.br\/blog\/wp-json\/wp\/v2\/tags?post=1470147"},{"taxonomy":"tax_estado","embeddable":true,"href":"https:\/\/www.estrategiaconcursos.com.br\/blog\/wp-json\/wp\/v2\/tax_estado?post=1470147"}],"curies":[{"name":"wp","href":"https:\/\/api.w.org\/{rel}","templated":true}]}}