{"id":1465769,"date":"2024-09-23T21:10:25","date_gmt":"2024-09-24T00:10:25","guid":{"rendered":"https:\/\/www.estrategiaconcursos.com.br\/blog\/?p=1465769"},"modified":"2024-09-25T13:15:31","modified_gmt":"2024-09-25T16:15:31","slug":"concurso-ifsuldeminas-entrevista-exclusiva","status":"publish","type":"post","link":"https:\/\/www.estrategiaconcursos.com.br\/blog\/concurso-ifsuldeminas-entrevista-exclusiva\/","title":{"rendered":"Concurso IFSULDEMINAS: informa\u00e7\u00f5es exclusivas; veja!"},"content":{"rendered":"\n<p>N\u00f3s, do Estrat\u00e9gia Concursos, preparamos uma entrevista completa com informa\u00e7\u00f5es exclusivas sobre o <a href=\"https:\/\/www.estrategiaconcursos.com.br\/pesquisa\/?q=ifsuldeminas\">concurso do IFSULDEMINAS<\/a> para mant\u00ea-lo por dentro de tudo.<\/p>\n\n\n\n<p>Hoje, 23 de setembro, conversamos com Clayton Silva Mendes, pr\u00f3-reitor de Gest\u00e3o de Pessoas, que compartilhou informa\u00e7\u00f5es relevantes sobre o processo.<\/p>\n\n\n\n<p>Clayton mencionou a possibilidade de convoca\u00e7\u00e3o adicional, sendo assim, mais candidatos al\u00e9m dos listados no edital, com a expectativa de que as nomea\u00e7\u00f5es ocorram ainda este ano.<\/p>\n\n\n\n<p>O reitor, ainda, detalhou sobre a inten\u00e7\u00e3o de que, entre o final deste ano e meados do pr\u00f3ximo, h\u00e1 chances de abertura de um novo edital de concurso com novas vagas para T\u00e9cnicos Administrativos em Educa\u00e7\u00e3o (TAE).<\/p>\n\n\n\n<p><em><strong>Em breve, voc\u00ea vai conferir no canal do Estrat\u00e9gia no Youtube, a entrevista completa feita pela Paula Soares.<\/strong><\/em><\/p>\n\n\n\n<p>As <strong>inscri\u00e7\u00f5es <\/strong>para o concurso est\u00e3o <strong>abertas at\u00e9 10 de outubro<\/strong>. O certame oferece 8 cargos com in\u00edcio imediato, al\u00e9m da forma\u00e7\u00e3o de cadastro reserva.<\/p>\n\n\n\n<p>Ademais, as carreiras possuem sal\u00e1rios iniciais surpreendentes, com valores que podem alcan\u00e7ar at\u00e9 R$ 11.481,64, al\u00e9m, claro, dos benef\u00edcios que s\u00f3 o \u00e2mbito p\u00fablico pode oferecer.<\/p>\n\n\n\n<h2 class=\"wp-block-heading\" id=\"h-etapas-e-provas-concurso-ifsuldeminas\"><em>Etapas e Provas Concurso IFSULDEMINAS<\/em><\/h2>\n\n\n\n<h3 class=\"wp-block-heading\" id=\"h-prova-objetiva\">Prova Objetiva<\/h3>\n\n\n\n<p>A Prova Objetiva constar\u00e1 de 50 quest\u00f5es de m\u00faltipla escolha, com 5 alternativas de resposta (a, b, c, d ou e):<\/p>\n\n\n\n<figure class=\"wp-block-table is-style-stripes\"><table class=\"has-fixed-layout\"><thead><tr><th>Conte\u00fado<\/th><th>N\u00ba de Quest\u00f5es<\/th><th>Pontua\u00e7\u00e3o por quest\u00e3o<\/th><th>Pontua\u00e7\u00e3o M\u00e1xima<\/th><\/tr><\/thead><tbody><tr><td>Legisla\u00e7\u00e3o Aplicada ao Servi\u00e7o P\u00fablico<\/td><td>10<\/td><td>2 (dois) pontos<\/td><td>20 (vinte) pontos<\/td><\/tr><tr><td>Conhecimentos Espec\u00edficos<\/td><td>40<\/td><td>2 (dois) pontos<\/td><td>80 (oitenta) pontos<\/td><\/tr><tr><td>Total<\/td><td>50<\/td><td>\u2013<\/td><td>100 (cem pontos)<\/td><\/tr><\/tbody><\/table><figcaption class=\"wp-element-caption\"><strong>Concurso IFSULDEMINAS <\/strong><\/figcaption><\/figure>\n\n\n\n<h3 class=\"wp-block-heading\" id=\"h-prova-de-desempenho-didatico-pedagogico\">Prova de Desempenho Did\u00e1tico-Pedag\u00f3gico<\/h3>\n\n\n\n<p>A Prova de Desempenho Did\u00e1tico ser\u00e1 realizada presencialmente no munic\u00edpio de Pouso Alegre\/MG, nas datas prov\u00e1veis de 14 e 15 de dezembro de 2024, em hor\u00e1rio a ser divulgado na convoca\u00e7\u00e3o.<\/p>\n\n\n\n<p>A Prova de Desempenho Did\u00e1tico consistir\u00e1 em uma aula de no m\u00ednimo 15 e no m\u00e1ximo 20 minutos, constando de uma prele\u00e7\u00e3o sobre o tema sorteado.<\/p>\n\n\n\n<p>Poder\u00e1 haver argui\u00e7\u00e3o de 10 minutos ao candidato referente ao tema sorteado. O tempo de argui\u00e7\u00e3o por parte da banca examinadora poder\u00e1 variar em rela\u00e7\u00e3o a cada candidato, desde que dentro do tempo estipulado, de acordo com os questionamentos da banca. A argui\u00e7\u00e3o \u00e9 facultativa pela banca.<\/p>\n\n\n\n<h3 class=\"wp-block-heading\" id=\"h-prova-de-titulos\">Prova de T\u00edtulos<\/h3>\n\n\n\n<p>A prova de t\u00edtulos, de car\u00e1ter classificat\u00f3rio, valer\u00e1 100 (cem) pontos. Consideram-se t\u00edtulos todos os documentos entregues para pontua\u00e7\u00e3o, como diplomas, certificados, declara\u00e7\u00f5es e outros.<\/p>\n\n\n\n<p>Ficou interessado em saber mais informa\u00e7\u00f5es sobre o&nbsp;<strong>concurso&nbsp;<a href=\"https:\/\/portal.ifsuldeminas.edu.br\/index.php\" target=\"_blank\" rel=\"noreferrer noopener\">IFSULDEMINAS<\/a><\/strong>, al\u00e9m das informa\u00e7\u00f5es exclusivas? Elaboramos um artigo completo para voc\u00ea!<\/p>\n\n\n\n<p class=\"has-text-align-center has-very-light-gray-to-cyan-bluish-gray-gradient-background has-background has-medium-font-size\"><strong>Saiba mais: <a href=\"https:\/\/www.estrategiaconcursos.com.br\/blog\/concurso-ifsuldeminas\/\" target=\"_blank\" rel=\"noreferrer noopener\">concurso IFSULDEMINAS<\/a><\/strong><\/p>\n\n\n\n<h2 class=\"wp-block-heading has-text-align-center wp-embed-aspect-16-9 wp-has-aspect-ratio\" id=\"h-quer-saber-tudo-sobre-concursos-previstos-confira-nossos-artigos\">Quer saber tudo sobre concursos previstos?<br \/>Confira nossos artigos!<\/h2>\n\n\n\n<ul class=\"wp-block-list wp-embed-aspect-16-9 wp-has-aspect-ratio\">\n<li><a href=\"https:\/\/www.estrategiaconcursos.com.br\/blog\/concursos-abertos\/\" target=\"_blank\" rel=\"noreferrer noopener\">Concursos abertos<\/a><\/li>\n\n\n\n<li><a href=\"https:\/\/www.estrategiaconcursos.com.br\/blog\/concursos-2024\/\" target=\"_blank\" rel=\"noreferrer noopener\">Concursos 2024<\/a><\/li>\n\n\n\n<li><a href=\"https:\/\/www.estrategiaconcursos.com.br\/blog\/concursos-2025\/\" target=\"_blank\" rel=\"noreferrer noopener\">Concursos 2025<\/a><\/li>\n<\/ul>\n\n\n\n<h2 class=\"wp-block-heading has-text-align-center wp-embed-aspect-16-9 wp-has-aspect-ratio\" id=\"cursos\">Cursos e Assinaturas<\/h2>\n\n\n\n<p class=\"has-text-align-center wp-embed-aspect-16-9 wp-has-aspect-ratio\"><strong><em>Gostou dessa oportunidade&nbsp;e deseja se preparar para este concurso?<\/em><\/strong><br \/><strong><em>Esteja mais preparado com nossos cursos. Acompanhe as novidades!<\/em><\/strong><\/p>\n\n\n\n<div class=\"container\" id=\"boxes\">\n  <div class=\"row\">\n\n    <div class=\"col-sm\">\n      <div class=\"banner-estrategia\" id=\"box-assinatura\">\n        <h3 class=\"titulo-assinatura\">Cursos para concursos<\/h3>\n        <p class=\"subtitulo-assinatura\">Estude conosco<\/p>\n        <div class=\"box-botao\">\n          <a class=\"btn-assinatura\" target=\"_blank\" href=\"https:\/\/www.estrategiaconcursos.com.br\/cursos\/\" role=\"button\" rel=\"noopener noreferrer\">Conhe\u00e7a os cursos<\/a>\n        <\/div>\n      <\/div>\n     \n    <\/div>\n\n  <\/div>\n<\/div>\n\n\n\n<div class=\"container\" id=\"boxes\">\n  <div class=\"row\">\n\n    <div class=\"col-sm\">\n      <div class=\"estrategia\" id=\"box-assinatura\">\n        <h3 class=\"titulo-assinatura\">Assinatura Concursos<\/h3>\n        <p class=\"subtitulo-assinatura\">Assinatura de 1 ano ou 2 anos<\/p>\n        <div class=\"box-botao\">\n          <a class=\"btn-assinatura\" target=\"_blank\" href=\"https:\/\/www.estrategiaconcursos.com.br\/assinaturas\/\" role=\"button\" rel=\"noopener noreferrer\">ASSINE AGORA<\/a>\n        <\/div>\n      <\/div><\/div><\/div><\/div>\n","protected":false},"excerpt":{"rendered":"<p>N\u00f3s, do Estrat\u00e9gia Concursos, preparamos uma entrevista completa com informa\u00e7\u00f5es exclusivas sobre o concurso do IFSULDEMINAS para mant\u00ea-lo por dentro de tudo. Hoje, 23 de setembro, conversamos com Clayton Silva Mendes, pr\u00f3-reitor de Gest\u00e3o de Pessoas, que compartilhou informa\u00e7\u00f5es relevantes sobre o processo. Clayton mencionou a possibilidade de convoca\u00e7\u00e3o adicional, sendo assim, mais candidatos al\u00e9m [&hellip;]<\/p>\n","protected":false},"author":2988,"featured_media":1465957,"comment_status":"open","ping_status":"closed","sticky":false,"template":"","format":"standard","meta":{"post_tipo":"news","footnotes":""},"categories":[3766,220219],"tags":[40],"tax_estado":[219974],"class_list":["post-1465769","post","type-post","status-publish","format-standard","has-post-thumbnail","hentry","category-educacional","category-noticias","tag-concurso","tax_estado-mg"],"acf":[],"yoast_head":"<!-- This site is optimized with the Yoast SEO Premium plugin v27.2 (Yoast SEO v27.2) - https:\/\/yoast.com\/product\/yoast-seo-premium-wordpress\/ -->\n<title>Concurso IFSULDEMINAS: informa\u00e7\u00f5es exclusivas; veja!<\/title>\n<meta name=\"description\" content=\"Preparamos uma not\u00edcia completa com informa\u00e7\u00f5es exclusivas sobre o concurso do IFSULDEMINAS. Confira ao longo deste artigo!\" \/>\n<meta name=\"robots\" content=\"index, follow, max-snippet:-1, max-image-preview:large, max-video-preview:-1\" \/>\n<link rel=\"canonical\" href=\"https:\/\/www.estrategiaconcursos.com.br\/blog\/concurso-ifsuldeminas-entrevista-exclusiva\/\" \/>\n<meta property=\"og:locale\" content=\"pt_BR\" \/>\n<meta property=\"og:type\" content=\"article\" \/>\n<meta property=\"og:title\" content=\"Concurso IFSULDEMINAS: informa\u00e7\u00f5es exclusivas; veja!\" \/>\n<meta property=\"og:description\" content=\"Preparamos uma not\u00edcia completa com informa\u00e7\u00f5es exclusivas sobre o concurso do IFSULDEMINAS. Confira ao longo deste artigo!\" \/>\n<meta property=\"og:url\" content=\"https:\/\/www.estrategiaconcursos.com.br\/blog\/concurso-ifsuldeminas-entrevista-exclusiva\/\" \/>\n<meta property=\"og:site_name\" content=\"Estrat\u00e9gia Concursos\" \/>\n<meta property=\"article:published_time\" content=\"2024-09-24T00:10:25+00:00\" \/>\n<meta property=\"article:modified_time\" content=\"2024-09-25T16:15:31+00:00\" \/>\n<meta property=\"og:image\" content=\"https:\/\/dhg1h5j42swfq.cloudfront.net\/2024\/09\/23201234\/ifsuldeminas.jpg\" \/>\n\t<meta property=\"og:image:width\" content=\"768\" \/>\n\t<meta property=\"og:image:height\" content=\"432\" \/>\n\t<meta property=\"og:image:type\" content=\"image\/jpeg\" \/>\n<meta name=\"author\" content=\"Priscila Bonomi\" \/>\n<meta name=\"twitter:card\" content=\"summary_large_image\" \/>\n<meta name=\"twitter:creator\" content=\"@EstratConcursos\" \/>\n<meta name=\"twitter:site\" content=\"@EstratConcursos\" \/>\n<meta name=\"twitter:label1\" content=\"Escrito por\" \/>\n\t<meta name=\"twitter:data1\" content=\"Priscila Bonomi\" \/>\n\t<meta name=\"twitter:label2\" content=\"Est. tempo de leitura\" \/>\n\t<meta name=\"twitter:data2\" content=\"2 minutos\" \/>\n<script type=\"application\/ld+json\" class=\"yoast-schema-graph\">{\"@context\":\"https:\/\/schema.org\",\"@graph\":[{\"@type\":\"NewsArticle\",\"@id\":\"https:\/\/www.estrategiaconcursos.com.br\/blog\/concurso-ifsuldeminas-entrevista-exclusiva\/#article\",\"isPartOf\":{\"@id\":\"https:\/\/www.estrategiaconcursos.com.br\/blog\/concurso-ifsuldeminas-entrevista-exclusiva\/\"},\"author\":{\"name\":\"Priscila Bonomi\",\"@id\":\"https:\/\/www.estrategiaconcursos.com.br\/blog\/#\/schema\/person\/873d732f347f1d3c1ca596f53fbf3daf\"},\"headline\":\"Concurso IFSULDEMINAS: informa\u00e7\u00f5es exclusivas; veja!\",\"datePublished\":\"2024-09-24T00:10:25+00:00\",\"dateModified\":\"2024-09-25T16:15:31+00:00\",\"mainEntityOfPage\":{\"@id\":\"https:\/\/www.estrategiaconcursos.com.br\/blog\/concurso-ifsuldeminas-entrevista-exclusiva\/\"},\"wordCount\":504,\"commentCount\":0,\"publisher\":{\"@id\":\"https:\/\/www.estrategiaconcursos.com.br\/blog\/#organization\"},\"image\":{\"@id\":\"https:\/\/www.estrategiaconcursos.com.br\/blog\/concurso-ifsuldeminas-entrevista-exclusiva\/#primaryimage\"},\"thumbnailUrl\":\"https:\/\/dhg1h5j42swfq.cloudfront.net\/2024\/09\/23201234\/ifsuldeminas.jpg\",\"keywords\":[\"Concurso\"],\"articleSection\":[\"Educa\u00e7\u00e3o\",\"\u00daltimas not\u00edcias\"],\"inLanguage\":\"pt-BR\",\"potentialAction\":[{\"@type\":\"CommentAction\",\"name\":\"Comment\",\"target\":[\"https:\/\/www.estrategiaconcursos.com.br\/blog\/concurso-ifsuldeminas-entrevista-exclusiva\/#respond\"]}],\"copyrightYear\":\"2024\",\"copyrightHolder\":{\"@id\":\"https:\/\/www.estrategiaconcursos.com.br\/blog\/#organization\"}},{\"@type\":\"WebPage\",\"@id\":\"https:\/\/www.estrategiaconcursos.com.br\/blog\/concurso-ifsuldeminas-entrevista-exclusiva\/\",\"url\":\"https:\/\/www.estrategiaconcursos.com.br\/blog\/concurso-ifsuldeminas-entrevista-exclusiva\/\",\"name\":\"Concurso IFSULDEMINAS: informa\u00e7\u00f5es exclusivas; veja!\",\"isPartOf\":{\"@id\":\"https:\/\/www.estrategiaconcursos.com.br\/blog\/#website\"},\"primaryImageOfPage\":{\"@id\":\"https:\/\/www.estrategiaconcursos.com.br\/blog\/concurso-ifsuldeminas-entrevista-exclusiva\/#primaryimage\"},\"image\":{\"@id\":\"https:\/\/www.estrategiaconcursos.com.br\/blog\/concurso-ifsuldeminas-entrevista-exclusiva\/#primaryimage\"},\"thumbnailUrl\":\"https:\/\/dhg1h5j42swfq.cloudfront.net\/2024\/09\/23201234\/ifsuldeminas.jpg\",\"datePublished\":\"2024-09-24T00:10:25+00:00\",\"dateModified\":\"2024-09-25T16:15:31+00:00\",\"description\":\"Preparamos uma not\u00edcia completa com informa\u00e7\u00f5es exclusivas sobre o concurso do IFSULDEMINAS. Confira ao longo deste artigo!\",\"breadcrumb\":{\"@id\":\"https:\/\/www.estrategiaconcursos.com.br\/blog\/concurso-ifsuldeminas-entrevista-exclusiva\/#breadcrumb\"},\"inLanguage\":\"pt-BR\",\"potentialAction\":[{\"@type\":\"ReadAction\",\"target\":[\"https:\/\/www.estrategiaconcursos.com.br\/blog\/concurso-ifsuldeminas-entrevista-exclusiva\/\"]}]},{\"@type\":\"ImageObject\",\"inLanguage\":\"pt-BR\",\"@id\":\"https:\/\/www.estrategiaconcursos.com.br\/blog\/concurso-ifsuldeminas-entrevista-exclusiva\/#primaryimage\",\"url\":\"https:\/\/dhg1h5j42swfq.cloudfront.net\/2024\/09\/23201234\/ifsuldeminas.jpg\",\"contentUrl\":\"https:\/\/dhg1h5j42swfq.cloudfront.net\/2024\/09\/23201234\/ifsuldeminas.jpg\",\"width\":768,\"height\":432},{\"@type\":\"BreadcrumbList\",\"@id\":\"https:\/\/www.estrategiaconcursos.com.br\/blog\/concurso-ifsuldeminas-entrevista-exclusiva\/#breadcrumb\",\"itemListElement\":[{\"@type\":\"ListItem\",\"position\":1,\"name\":\"In\u00edcio\",\"item\":\"https:\/\/www.estrategiaconcursos.com.br\/blog\/\"},{\"@type\":\"ListItem\",\"position\":2,\"name\":\"Concurso IFSULDEMINAS: informa\u00e7\u00f5es exclusivas; veja!\"}]},{\"@type\":\"WebSite\",\"@id\":\"https:\/\/www.estrategiaconcursos.com.br\/blog\/#website\",\"url\":\"https:\/\/www.estrategiaconcursos.com.br\/blog\/\",\"name\":\"Estrat\u00e9gia Concursos\",\"description\":\"O blog da Estrat\u00e9gia Concursos traz not\u00edcias sobre concursos e artigos de professores oferecendo cursos para concursos (pdf + videaulas) no site.\",\"publisher\":{\"@id\":\"https:\/\/www.estrategiaconcursos.com.br\/blog\/#organization\"},\"potentialAction\":[{\"@type\":\"SearchAction\",\"target\":{\"@type\":\"EntryPoint\",\"urlTemplate\":\"https:\/\/www.estrategiaconcursos.com.br\/blog\/?s={search_term_string}\"},\"query-input\":{\"@type\":\"PropertyValueSpecification\",\"valueRequired\":true,\"valueName\":\"search_term_string\"}}],\"inLanguage\":\"pt-BR\"},{\"@type\":\"Organization\",\"@id\":\"https:\/\/www.estrategiaconcursos.com.br\/blog\/#organization\",\"name\":\"Estrat\u00e9gia Concursos\",\"url\":\"https:\/\/www.estrategiaconcursos.com.br\/blog\/\",\"logo\":{\"@type\":\"ImageObject\",\"inLanguage\":\"pt-BR\",\"@id\":\"https:\/\/www.estrategiaconcursos.com.br\/blog\/#\/schema\/logo\/image\/\",\"url\":\"https:\/\/dhg1h5j42swfq.cloudfront.net\/2025\/06\/03203428\/logo_concursos-1.jpg\",\"contentUrl\":\"https:\/\/dhg1h5j42swfq.cloudfront.net\/2025\/06\/03203428\/logo_concursos-1.jpg\",\"width\":230,\"height\":60,\"caption\":\"Estrat\u00e9gia Concursos\"},\"image\":{\"@id\":\"https:\/\/www.estrategiaconcursos.com.br\/blog\/#\/schema\/logo\/image\/\"},\"sameAs\":[\"https:\/\/x.com\/EstratConcursos\"]},{\"@type\":\"Person\",\"@id\":\"https:\/\/www.estrategiaconcursos.com.br\/blog\/#\/schema\/person\/873d732f347f1d3c1ca596f53fbf3daf\",\"name\":\"Priscila Bonomi\",\"image\":{\"@type\":\"ImageObject\",\"inLanguage\":\"pt-BR\",\"@id\":\"https:\/\/secure.gravatar.com\/avatar\/aecb998f4787e93c4b9adc7c1376c42f00e7b0946d7a7dc1f4ea738ab2665187?s=96&d=mm&r=g\",\"url\":\"https:\/\/secure.gravatar.com\/avatar\/aecb998f4787e93c4b9adc7c1376c42f00e7b0946d7a7dc1f4ea738ab2665187?s=96&d=mm&r=g\",\"contentUrl\":\"https:\/\/secure.gravatar.com\/avatar\/aecb998f4787e93c4b9adc7c1376c42f00e7b0946d7a7dc1f4ea738ab2665187?s=96&d=mm&r=g\",\"caption\":\"Priscila Bonomi\"},\"url\":\"https:\/\/www.estrategiaconcursos.com.br\/blog\/author\/priscila-bonomiestrategia-com\/\"}]}<\/script>\n<!-- \/ Yoast SEO Premium plugin. -->","yoast_head_json":{"title":"Concurso IFSULDEMINAS: informa\u00e7\u00f5es exclusivas; veja!","description":"Preparamos uma not\u00edcia completa com informa\u00e7\u00f5es exclusivas sobre o concurso do IFSULDEMINAS. Confira ao longo deste artigo!","robots":{"index":"index","follow":"follow","max-snippet":"max-snippet:-1","max-image-preview":"max-image-preview:large","max-video-preview":"max-video-preview:-1"},"canonical":"https:\/\/www.estrategiaconcursos.com.br\/blog\/concurso-ifsuldeminas-entrevista-exclusiva\/","og_locale":"pt_BR","og_type":"article","og_title":"Concurso IFSULDEMINAS: informa\u00e7\u00f5es exclusivas; veja!","og_description":"Preparamos uma not\u00edcia completa com informa\u00e7\u00f5es exclusivas sobre o concurso do IFSULDEMINAS. Confira ao longo deste artigo!","og_url":"https:\/\/www.estrategiaconcursos.com.br\/blog\/concurso-ifsuldeminas-entrevista-exclusiva\/","og_site_name":"Estrat\u00e9gia Concursos","article_published_time":"2024-09-24T00:10:25+00:00","article_modified_time":"2024-09-25T16:15:31+00:00","og_image":[{"width":768,"height":432,"url":"https:\/\/dhg1h5j42swfq.cloudfront.net\/2024\/09\/23201234\/ifsuldeminas.jpg","type":"image\/jpeg"}],"author":"Priscila Bonomi","twitter_card":"summary_large_image","twitter_creator":"@EstratConcursos","twitter_site":"@EstratConcursos","twitter_misc":{"Escrito por":"Priscila Bonomi","Est. tempo de leitura":"2 minutos"},"schema":{"@context":"https:\/\/schema.org","@graph":[{"@type":"NewsArticle","@id":"https:\/\/www.estrategiaconcursos.com.br\/blog\/concurso-ifsuldeminas-entrevista-exclusiva\/#article","isPartOf":{"@id":"https:\/\/www.estrategiaconcursos.com.br\/blog\/concurso-ifsuldeminas-entrevista-exclusiva\/"},"author":{"name":"Priscila Bonomi","@id":"https:\/\/www.estrategiaconcursos.com.br\/blog\/#\/schema\/person\/873d732f347f1d3c1ca596f53fbf3daf"},"headline":"Concurso IFSULDEMINAS: informa\u00e7\u00f5es exclusivas; veja!","datePublished":"2024-09-24T00:10:25+00:00","dateModified":"2024-09-25T16:15:31+00:00","mainEntityOfPage":{"@id":"https:\/\/www.estrategiaconcursos.com.br\/blog\/concurso-ifsuldeminas-entrevista-exclusiva\/"},"wordCount":504,"commentCount":0,"publisher":{"@id":"https:\/\/www.estrategiaconcursos.com.br\/blog\/#organization"},"image":{"@id":"https:\/\/www.estrategiaconcursos.com.br\/blog\/concurso-ifsuldeminas-entrevista-exclusiva\/#primaryimage"},"thumbnailUrl":"https:\/\/dhg1h5j42swfq.cloudfront.net\/2024\/09\/23201234\/ifsuldeminas.jpg","keywords":["Concurso"],"articleSection":["Educa\u00e7\u00e3o","\u00daltimas not\u00edcias"],"inLanguage":"pt-BR","potentialAction":[{"@type":"CommentAction","name":"Comment","target":["https:\/\/www.estrategiaconcursos.com.br\/blog\/concurso-ifsuldeminas-entrevista-exclusiva\/#respond"]}],"copyrightYear":"2024","copyrightHolder":{"@id":"https:\/\/www.estrategiaconcursos.com.br\/blog\/#organization"}},{"@type":"WebPage","@id":"https:\/\/www.estrategiaconcursos.com.br\/blog\/concurso-ifsuldeminas-entrevista-exclusiva\/","url":"https:\/\/www.estrategiaconcursos.com.br\/blog\/concurso-ifsuldeminas-entrevista-exclusiva\/","name":"Concurso IFSULDEMINAS: informa\u00e7\u00f5es exclusivas; veja!","isPartOf":{"@id":"https:\/\/www.estrategiaconcursos.com.br\/blog\/#website"},"primaryImageOfPage":{"@id":"https:\/\/www.estrategiaconcursos.com.br\/blog\/concurso-ifsuldeminas-entrevista-exclusiva\/#primaryimage"},"image":{"@id":"https:\/\/www.estrategiaconcursos.com.br\/blog\/concurso-ifsuldeminas-entrevista-exclusiva\/#primaryimage"},"thumbnailUrl":"https:\/\/dhg1h5j42swfq.cloudfront.net\/2024\/09\/23201234\/ifsuldeminas.jpg","datePublished":"2024-09-24T00:10:25+00:00","dateModified":"2024-09-25T16:15:31+00:00","description":"Preparamos uma not\u00edcia completa com informa\u00e7\u00f5es exclusivas sobre o concurso do IFSULDEMINAS. Confira ao longo deste artigo!","breadcrumb":{"@id":"https:\/\/www.estrategiaconcursos.com.br\/blog\/concurso-ifsuldeminas-entrevista-exclusiva\/#breadcrumb"},"inLanguage":"pt-BR","potentialAction":[{"@type":"ReadAction","target":["https:\/\/www.estrategiaconcursos.com.br\/blog\/concurso-ifsuldeminas-entrevista-exclusiva\/"]}]},{"@type":"ImageObject","inLanguage":"pt-BR","@id":"https:\/\/www.estrategiaconcursos.com.br\/blog\/concurso-ifsuldeminas-entrevista-exclusiva\/#primaryimage","url":"https:\/\/dhg1h5j42swfq.cloudfront.net\/2024\/09\/23201234\/ifsuldeminas.jpg","contentUrl":"https:\/\/dhg1h5j42swfq.cloudfront.net\/2024\/09\/23201234\/ifsuldeminas.jpg","width":768,"height":432},{"@type":"BreadcrumbList","@id":"https:\/\/www.estrategiaconcursos.com.br\/blog\/concurso-ifsuldeminas-entrevista-exclusiva\/#breadcrumb","itemListElement":[{"@type":"ListItem","position":1,"name":"In\u00edcio","item":"https:\/\/www.estrategiaconcursos.com.br\/blog\/"},{"@type":"ListItem","position":2,"name":"Concurso IFSULDEMINAS: informa\u00e7\u00f5es exclusivas; veja!"}]},{"@type":"WebSite","@id":"https:\/\/www.estrategiaconcursos.com.br\/blog\/#website","url":"https:\/\/www.estrategiaconcursos.com.br\/blog\/","name":"Estrat\u00e9gia Concursos","description":"O blog da Estrat\u00e9gia Concursos traz not\u00edcias sobre concursos e artigos de professores oferecendo cursos para concursos (pdf + videaulas) no site.","publisher":{"@id":"https:\/\/www.estrategiaconcursos.com.br\/blog\/#organization"},"potentialAction":[{"@type":"SearchAction","target":{"@type":"EntryPoint","urlTemplate":"https:\/\/www.estrategiaconcursos.com.br\/blog\/?s={search_term_string}"},"query-input":{"@type":"PropertyValueSpecification","valueRequired":true,"valueName":"search_term_string"}}],"inLanguage":"pt-BR"},{"@type":"Organization","@id":"https:\/\/www.estrategiaconcursos.com.br\/blog\/#organization","name":"Estrat\u00e9gia Concursos","url":"https:\/\/www.estrategiaconcursos.com.br\/blog\/","logo":{"@type":"ImageObject","inLanguage":"pt-BR","@id":"https:\/\/www.estrategiaconcursos.com.br\/blog\/#\/schema\/logo\/image\/","url":"https:\/\/dhg1h5j42swfq.cloudfront.net\/2025\/06\/03203428\/logo_concursos-1.jpg","contentUrl":"https:\/\/dhg1h5j42swfq.cloudfront.net\/2025\/06\/03203428\/logo_concursos-1.jpg","width":230,"height":60,"caption":"Estrat\u00e9gia Concursos"},"image":{"@id":"https:\/\/www.estrategiaconcursos.com.br\/blog\/#\/schema\/logo\/image\/"},"sameAs":["https:\/\/x.com\/EstratConcursos"]},{"@type":"Person","@id":"https:\/\/www.estrategiaconcursos.com.br\/blog\/#\/schema\/person\/873d732f347f1d3c1ca596f53fbf3daf","name":"Priscila Bonomi","image":{"@type":"ImageObject","inLanguage":"pt-BR","@id":"https:\/\/secure.gravatar.com\/avatar\/aecb998f4787e93c4b9adc7c1376c42f00e7b0946d7a7dc1f4ea738ab2665187?s=96&d=mm&r=g","url":"https:\/\/secure.gravatar.com\/avatar\/aecb998f4787e93c4b9adc7c1376c42f00e7b0946d7a7dc1f4ea738ab2665187?s=96&d=mm&r=g","contentUrl":"https:\/\/secure.gravatar.com\/avatar\/aecb998f4787e93c4b9adc7c1376c42f00e7b0946d7a7dc1f4ea738ab2665187?s=96&d=mm&r=g","caption":"Priscila Bonomi"},"url":"https:\/\/www.estrategiaconcursos.com.br\/blog\/author\/priscila-bonomiestrategia-com\/"}]}},"_links":{"self":[{"href":"https:\/\/www.estrategiaconcursos.com.br\/blog\/wp-json\/wp\/v2\/posts\/1465769","targetHints":{"allow":["GET"]}}],"collection":[{"href":"https:\/\/www.estrategiaconcursos.com.br\/blog\/wp-json\/wp\/v2\/posts"}],"about":[{"href":"https:\/\/www.estrategiaconcursos.com.br\/blog\/wp-json\/wp\/v2\/types\/post"}],"author":[{"embeddable":true,"href":"https:\/\/www.estrategiaconcursos.com.br\/blog\/wp-json\/wp\/v2\/users\/2988"}],"replies":[{"embeddable":true,"href":"https:\/\/www.estrategiaconcursos.com.br\/blog\/wp-json\/wp\/v2\/comments?post=1465769"}],"version-history":[{"count":19,"href":"https:\/\/www.estrategiaconcursos.com.br\/blog\/wp-json\/wp\/v2\/posts\/1465769\/revisions"}],"predecessor-version":[{"id":1466900,"href":"https:\/\/www.estrategiaconcursos.com.br\/blog\/wp-json\/wp\/v2\/posts\/1465769\/revisions\/1466900"}],"wp:featuredmedia":[{"embeddable":true,"href":"https:\/\/www.estrategiaconcursos.com.br\/blog\/wp-json\/wp\/v2\/media\/1465957"}],"wp:attachment":[{"href":"https:\/\/www.estrategiaconcursos.com.br\/blog\/wp-json\/wp\/v2\/media?parent=1465769"}],"wp:term":[{"taxonomy":"category","embeddable":true,"href":"https:\/\/www.estrategiaconcursos.com.br\/blog\/wp-json\/wp\/v2\/categories?post=1465769"},{"taxonomy":"post_tag","embeddable":true,"href":"https:\/\/www.estrategiaconcursos.com.br\/blog\/wp-json\/wp\/v2\/tags?post=1465769"},{"taxonomy":"tax_estado","embeddable":true,"href":"https:\/\/www.estrategiaconcursos.com.br\/blog\/wp-json\/wp\/v2\/tax_estado?post=1465769"}],"curies":[{"name":"wp","href":"https:\/\/api.w.org\/{rel}","templated":true}]}}