{"id":1464295,"date":"2024-10-04T20:36:00","date_gmt":"2024-10-04T23:36:00","guid":{"rendered":"https:\/\/www.estrategiaconcursos.com.br\/blog\/?p=1464295"},"modified":"2024-10-24T12:47:28","modified_gmt":"2024-10-24T15:47:28","slug":"como-prova-prf","status":"publish","type":"post","link":"https:\/\/www.estrategiaconcursos.com.br\/blog\/como-prova-prf\/","title":{"rendered":"Como \u00e9 a prova da PRF? Descubra tudo sobre a prova aqui!"},"content":{"rendered":"\n<p class=\"has-medium-font-size\"><em><strong>Entenda como \u00e9 a prova da PRF:<\/strong> Descubra os principais conte\u00fados, formatos de quest\u00f5es e dicas essenciais para se preparar e garantir uma boa performance no concurso da Pol\u00edcia Rodovi\u00e1ria Federal.<\/em><\/p>\n\n\n\n<p>Ol\u00e1 pessoal, tudo bem?<\/p>\n\n\n\n<p>Passar em um concurso da Pol\u00edcia Rodovi\u00e1ria Federal (PRF) \u00e9 o sonho de muitos candidatos. O grande volume de inscritos nos \u00faltimos concursos da corpora\u00e7\u00e3o comprovam essa afirma\u00e7\u00e3o.<\/p>\n\n\n\n<p>Se esse concurso tamb\u00e9m \u00e9 o seu sonho ou se voc\u00ea est\u00e1 curioso em <strong>saber como \u00e9 a prova da PRF<\/strong>, vamos tra\u00e7ar algumas linhas importantes a respeito do assunto, de acordo com os \u00faltimos concursos realizados.<\/p>\n\n\n\n<div class=\"wp-block-yoast-seo-table-of-contents yoast-table-of-contents\"><ul><li><a href=\"#h-como-e-a-prova-da-prf-veja-os-requisitos\" data-level=\"2\">Como \u00e9 a prova da PRF? Veja os requisitos!<\/a><\/li><li><a href=\"#h-como-e-o-concurso-da-prf\" data-level=\"2\">Como \u00e9 o concurso da PRF?<\/a><ul><li><a href=\"#h-primeira-fase-do-concurso-prf\" data-level=\"3\">Primeira Fase do concurso PRF<\/a><\/li><li><a href=\"#h-segunda-fase-da-selecao-para-a-prf\" data-level=\"3\">Segunda Fase da sele\u00e7\u00e3o para a PRF<\/a><\/li><\/ul><\/li><li><a href=\"#h-prova-objetiva-da-prf\" data-level=\"2\">Prova Objetiva da PRF<\/a><ul><li><a href=\"#h-primeira-parte-da-prova-da-prf\" data-level=\"3\">Primeira parte da prova da PRF<\/a><\/li><li><a href=\"#h-segunda-parte-da-prova-da-prf\" data-level=\"3\">Segunda parte da prova da PRF<\/a><\/li><li><a href=\"#h-terceira-parte-da-prova-da-prf\" data-level=\"3\">Terceira parte da prova da PRF<\/a><\/li><\/ul><\/li><li><a href=\"#h-prova-discursiva-da-prf\" data-level=\"2\">Prova Discursiva da PRF<\/a><\/li><li><a href=\"#h-consideracoes-finais-sobre-a-prova-da-prf\" data-level=\"2\">Considera\u00e7\u00f5es Finais sobre a prova da PRF<\/a><\/li><li><a href=\"#cursos-assinatura\" data-level=\"2\">Cursos e Assinaturas<\/a><\/li><\/ul><\/div>\n\n\n\n<h2 class=\"wp-block-heading\" id=\"h-como-e-a-prova-da-prf-veja-os-requisitos\">Como \u00e9 a prova da PRF? Veja os requisitos!<\/h2>\n\n\n\n<p>Antes de mais nada, lembramos que para voc\u00ea <a href=\"https:\/\/www.estrategiaconcursos.com.br\/blog\/o-que-voce-precisa-para-ser-um-prf\/\" target=\"_blank\" rel=\"noreferrer noopener\">ser um Policial Rodovi\u00e1rio Federal<\/a>, \u00e9 necess\u00e1rio que atenda a todos os requisitos abaixo:<\/p>\n\n\n\n<ol class=\"wp-block-list\">\n<li>Ser aprovado em todas as etapas do concurso.<\/li>\n\n\n\n<li>Ter a nacionalidade brasileira ou portuguesa.<\/li>\n\n\n\n<li>Ter n\u00edvel superior em gradua\u00e7\u00e3o reconhecida pelo Minist\u00e9rio da Educa\u00e7\u00e3o.<\/li>\n\n\n\n<li>Estar em gozo dos direitos pol\u00edticos.<\/li>\n\n\n\n<li>Estar quite com as obriga\u00e7\u00f5es eleitorais e, se acaso do sexo masculino, com as militares.<\/li>\n\n\n\n<li>Ter aptid\u00e3o f\u00edsica e mental.<\/li>\n\n\n\n<li>Possuir Carteira Nacional de Habilita\u00e7\u00e3o ou Permiss\u00e3o para Dirigir.<\/li>\n<\/ol>\n\n\n\n<p>Os requisitos para investidura no cargo s\u00e3o analisados na data da posse. No entanto, o candidato dever\u00e1 apresentar alguns dos <strong>documentos exigidos na ocasi\u00e3o da inscri\u00e7\u00e3o<\/strong> no curso de forma\u00e7\u00e3o.<\/p>\n\n\n\n<h2 class=\"wp-block-heading\" id=\"h-como-e-o-concurso-da-prf\">Como \u00e9 o concurso da PRF?<\/h2>\n\n\n\n<p>A <a href=\"https:\/\/www.planalto.gov.br\/ccivil_03\/leis\/l9654.htm\" target=\"_blank\" rel=\"noreferrer noopener\">Lei 9.654\/1998<\/a>, que cria a carreira de Policial Rodovi\u00e1rio Federal, estabelece que o concurso ser\u00e1 constitu\u00eddo de duas fases. Conforme a lei e o \u00faltimo edital, podemos dividir o concurso da PRF nas seguintes etapas:<\/p>\n\n\n\n<h3 class=\"wp-block-heading\" id=\"h-primeira-fase-do-concurso-prf\">Primeira Fase do concurso PRF<\/h3>\n\n\n\n<ul class=\"wp-block-list\">\n<li><strong>prova objetiva e prova discursiva<\/strong>: avalia\u00e7\u00e3o escrita de conhecimento dos candidatos sobre conte\u00fados essenciais ao desempenho do cargo.<\/li>\n\n\n\n<li><strong>exame de aptid\u00e3o f\u00edsica<\/strong>: avalia\u00e7\u00e3o da capacidade do candidato para suportar, f\u00edsica e organicamente, esfor\u00e7o f\u00edsico a que ser\u00e1 submetido durante o Curso de Forma\u00e7\u00e3o Policial (CFP) e no desempenho das tarefas t\u00edpicas da categoria, abrangendo, por exemplo, for\u00e7a, resist\u00eancia muscular, pot\u00eancia muscular, agilidade, coordena\u00e7\u00e3o motora e capacidade aer\u00f3bica.<\/li>\n\n\n\n<li><strong>avalia\u00e7\u00e3o psicol\u00f3gica<\/strong>: avalia\u00e7\u00e3o por meio de instrumentos e t\u00e9cnicas psicol\u00f3gicas validados cientificamente com o intuito de identificar a compatibilidade entre caracter\u00edsticas psicol\u00f3gicas do candidato e o exerc\u00edcio do cargo. Avalia tra\u00e7os como personalidade, racioc\u00ednio, aten\u00e7\u00e3o e mem\u00f3ria.<\/li>\n\n\n\n<li><strong>avalia\u00e7\u00e3o de sa\u00fade<\/strong>: avalia se o candidato, com defici\u00eancia ou n\u00e3o, goza de boa sa\u00fade f\u00edsica e ps\u00edquica conforme o exigido pelo CFP e o desempenho das atribui\u00e7\u00f5es do cargo.<\/li>\n\n\n\n<li><strong>avalia\u00e7\u00e3o de t\u00edtulos<\/strong>: visa aumentar a pontua\u00e7\u00e3o dos candidatos que possuem forma\u00e7\u00e3o acad\u00eamica superior \u00e0 m\u00ednima exigida.<\/li>\n\n\n\n<li><strong>investiga\u00e7\u00e3o social<\/strong>: avalia\u00e7\u00e3o da compatibilidade entre a conduta social, a idoneidade moral dos candidatos e o cargo. Em virtude de ser um cargo sens\u00edvel \u00e0 vida social, esta \u00e9 uma fase eliminat\u00f3ria.<\/li>\n<\/ul>\n\n\n\n<p>\u270d <a href=\"https:\/\/www.estrategiaconcursos.com.br\/blog\/concurso-prf-administrativo\/\" target=\"_blank\" rel=\"noreferrer noopener\">Saiba mais sobre o concurso PRF Administrativo<\/a>!<\/p>\n\n\n\n<h3 class=\"wp-block-heading\" id=\"h-segunda-fase-da-selecao-para-a-prf\">Segunda Fase da sele\u00e7\u00e3o para a PRF<\/h3>\n\n\n\n<ul class=\"wp-block-list\">\n<li><strong>Curso de Forma\u00e7\u00e3o Policial (CFP)<\/strong>: realizado na Universidade Corporativa da Pol\u00edcia Rodovi\u00e1ria Federal (UniPRF) em regime de dedica\u00e7\u00e3o integral e exclusiva. Em seguida, vem a posse no cargo.<\/li>\n<\/ul>\n\n\n\n<figure class=\"wp-block-image aligncenter size-large\"><img loading=\"lazy\" decoding=\"async\" width=\"1024\" height=\"576\" src=\"https:\/\/dhg1h5j42swfq.cloudfront.net\/2021\/12\/08134328\/cfp-prf-1024x576.jpg\" alt=\"Curso de Forma\u00e7\u00e3o Policial: segunda fase do concurso da PRF\" class=\"wp-image-925130\" srcset=\"https:\/\/dhg1h5j42swfq.cloudfront.net\/2021\/12\/08134328\/cfp-prf-1024x576.jpg 1024w, https:\/\/dhg1h5j42swfq.cloudfront.net\/2021\/12\/08134328\/cfp-prf-300x169.jpg 300w, https:\/\/dhg1h5j42swfq.cloudfront.net\/2021\/12\/08134328\/cfp-prf-768x432.jpg 768w, https:\/\/dhg1h5j42swfq.cloudfront.net\/2021\/12\/08134328\/cfp-prf-610x343.jpg 610w, https:\/\/dhg1h5j42swfq.cloudfront.net\/2021\/12\/08134328\/cfp-prf.jpg 1280w\" sizes=\"auto, (max-width: 1024px) 100vw, 1024px\" \/><figcaption class=\"wp-element-caption\">A segunda fase do concurso da PRF \u00e9 o CFP realizado pela corpora\u00e7\u00e3o e de acordo com o edital<\/figcaption><\/figure>\n\n\n\n<h2 class=\"wp-block-heading\" id=\"h-prova-objetiva-da-prf\">Prova Objetiva da PRF<\/h2>\n\n\n\n<p>A Prova Objetiva da PRF visando avaliar principalmente o <strong>conhecimento do candidato <\/strong>aborda o conte\u00fado da seguinte forma:<\/p>\n\n\n\n<h3 class=\"wp-block-heading\" id=\"h-primeira-parte-da-prova-da-prf\">Primeira parte da prova da PRF<\/h3>\n\n\n\n<ul class=\"wp-block-list\">\n<li><strong>L\u00edngua Portuguesa<\/strong>: interpreta\u00e7\u00e3o, tipos, g\u00eaneros e coes\u00e3o textuais; ortografia oficial; pontua\u00e7\u00e3o; classes de palavras; per\u00edodos, ora\u00e7\u00f5es e termos; reg\u00eancia; concord\u00e2ncia; emprego de crase; coloca\u00e7\u00e3o pronominal; correspond\u00eancia oficial (conforme Manual de Reda\u00e7\u00e3o da Presid\u00eancia da Rep\u00fablica).<\/li>\n\n\n\n<li><strong>Racioc\u00ednio L\u00f3gico-matem\u00e1tico<\/strong>: equa\u00e7\u00f5es e sistemas lineares; fun\u00e7\u00e3o; grandezas, raz\u00e3o e propor\u00e7\u00e3o; porcentagem; sequ\u00eancias; no\u00e7\u00f5es b\u00e1sicas de contagem, probabilidade e estat\u00edstica; geometria b\u00e1sica; teoria dos conjuntos; an\u00e1lise e interpreta\u00e7\u00e3o de diferentes representa\u00e7\u00f5es de figuras planas, como desenhos, mapas, plantas e gr\u00e1ficos.<\/li>\n\n\n\n<li><strong>Inform\u00e1tica<\/strong>: no\u00e7\u00f5es de internet e intranet; no\u00e7\u00f5es de novas tecnologias, ferramentas, aplicativos e procedimentos associados a informa\u00e7\u00e3o e comunica\u00e7\u00e3o; internet das coisas (IoT); <em>b<\/em><em>ig data<\/em>; intelig\u00eancia artificia; seguran\u00e7a da informa\u00e7\u00e3o; computa\u00e7\u00e3o na nuvem (<em>cloud computing<\/em>).<\/li>\n\n\n\n<li><strong>F\u00edsica<\/strong>: cinem\u00e1tica escalar e vetorial; movimento circular; leis de Newton; trabalho; pot\u00eancia; energia cin\u00e9tica, energia potencial, atrito; conserva\u00e7\u00e3o de energia e suas transforma\u00e7\u00f5es; quantidade de movimento e conserva\u00e7\u00e3o da quantidade de movimento, impulso; colis\u00f5es.<\/li>\n\n\n\n<li><strong>\u00c9tica e Cidadania<\/strong>: no\u00e7\u00f5es de \u00e9tica, moral, princ\u00edpios e valores; \u00e9tica no setor p\u00fablico; democracia; cidadania; transpar\u00eancia ativa e do acesso \u00e0 informa\u00e7\u00e3o; conceitos, leis e decretos destinados a disciplinar a conduta dos servidores p\u00fablicos, probidade, nepotismo, etc.<\/li>\n\n\n\n<li><strong>Geopol\u00edtica<\/strong>: conceitos b\u00e1sicos de Geopol\u00edtica; na\u00e7\u00e3o, territ\u00f3rio, popula\u00e7\u00e3o, Estado; organiza\u00e7\u00e3o do Estado Brasileiro; caracter\u00edsticas pol\u00edticas, sociais, divis\u00e3o do trabalho e da produ\u00e7\u00e3o no Brasil; caracter\u00edsticas populacionais do Brasil; estrutura urbana, distribui\u00e7\u00e3o populacional e movimentos migrat\u00f3rios; ind\u00fastria e setor agr\u00edcola; gest\u00e3o ambiental; transportes; economia; caracteriza\u00e7\u00e3o geogr\u00e1fica do Brasil.<\/li>\n\n\n\n<li><strong>L\u00edngua Inglesa ou Espanhola<\/strong>: compreens\u00e3o de texto escrito no idioma; itens gramaticais relevantes para a compreens\u00e3o dos conte\u00fados sem\u00e2nticos conforme o idioma.<\/li>\n<\/ul>\n\n\n\n<p><strong><em>Leia tamb\u00e9m:<\/em><\/strong><\/p>\n\n\n\n<ul class=\"wp-block-list\">\n<li><a href=\"https:\/\/www.estrategiaconcursos.com.br\/blog\/ingles-para-a-prf-como-estudar-ate-o-dia-da-prova\/\" target=\"_blank\" rel=\"noreferrer noopener\">Ingl\u00eas para a PRF: como estudar at\u00e9 o dia da prova!<\/a><\/li>\n\n\n\n<li><a href=\"https:\/\/www.estrategiaconcursos.com.br\/blog\/como-estudar-os-topicos-de-espanhol-para-a-prova-da-prf\/\" target=\"_blank\" rel=\"noreferrer noopener\">Como estudar os t\u00f3picos de espanhol para a prova da PRF<\/a><\/li>\n\n\n\n<li><a href=\"https:\/\/www.estrategiaconcursos.com.br\/blog\/fisica-para-a-prf\/\" target=\"_blank\" rel=\"noreferrer noopener\">F\u00edsica para a PRF: F\u00f3rmulas de F\u00edsica para gabaritar na prova!<\/a><\/li>\n<\/ul>\n\n\n\n<h3 class=\"wp-block-heading\" id=\"h-segunda-parte-da-prova-da-prf\">Segunda parte da prova da PRF<\/h3>\n\n\n\n<ul class=\"wp-block-list\">\n<li><strong>Legisla\u00e7\u00e3o de Tr\u00e2nsito<\/strong>: conforme <a href=\"https:\/\/www.planalto.gov.br\/ccivil_03\/leis\/l9503compilado.htm\" target=\"_blank\" rel=\"noreferrer noopener\">Lei n\u00ba 9.503\/1997<\/a> (C\u00f3digo de Tr\u00e2nsito Brasileiro) e resolu\u00e7\u00f5es do Conselho Nacional de Tr\u00e2nsito (CONTRAN).<\/li>\n<\/ul>\n\n\n\n<h3 class=\"wp-block-heading\" id=\"h-terceira-parte-da-prova-da-prf\">Terceira parte da prova da PRF<\/h3>\n\n\n\n<ul class=\"wp-block-list\">\n<li><strong>Direito Administrativo<\/strong>: no\u00e7\u00f5es de organiza\u00e7\u00e3o administrativa; ato administrativo; agentes p\u00fablicos. <a href=\"https:\/\/www.planalto.gov.br\/ccivil_03\/leis\/l9654.htm\" target=\"_blank\" rel=\"noreferrer noopener\">Lei n\u00ba 9.654\/1998<\/a> e suas altera\u00e7\u00f5es e <a href=\"http:\/\/www.planalto.gov.br\/Ccivil_03\/\/_Ato2011-2014\/2014\/Decreto\/D8282.htm\" target=\"_blank\" rel=\"noreferrer noopener\">Decreto n\u00ba 8.282\/2014<\/a> (carreira de PRF). Poderes administrativos. Licita\u00e7\u00e3o. Controle da Administra\u00e7\u00e3o P\u00fablica. Responsabilidade civil do Estado; regime jur\u00eddico-administrativo.<\/li>\n\n\n\n<li><strong>Direito Constitucional:<\/strong> poder constituinte; fundamentos constitucionais dos direitos e deveres fundamentais; Poder Executivo; defesa do Estado e das institui\u00e7\u00f5es democr\u00e1ticas; ordem social; seguran\u00e7a p\u00fablica.<\/li>\n\n\n\n<li><strong>Direito Penal<\/strong>: princ\u00edpios b\u00e1sicos do Direito Penal; aplica\u00e7\u00e3o da lei penal; tipicidade; ilicitude; culpabilidade; crimes.<\/li>\n\n\n\n<li><strong>Direito Processual Penal<\/strong>: no\u00e7\u00f5es b\u00e1sicas de processo penal, a\u00e7\u00e3o penal; atos processuais; prova. Pris\u00e3o; identifica\u00e7\u00e3o criminal. Dilig\u00eancias investigat\u00f3rias. Outras disposi\u00e7\u00f5es aplic\u00e1veis de conformidade com o <a href=\"https:\/\/www.planalto.gov.br\/ccivil_03\/decreto-lei\/del3689.htm\" target=\"_blank\" rel=\"noreferrer noopener\">C\u00f3digo de Processo Penal<\/a>.<\/li>\n\n\n\n<li><strong>Legisla\u00e7\u00e3o Especial<\/strong>: legisla\u00e7\u00f5es aplic\u00e1veis a organiza\u00e7\u00e3o, estrutura, procedimentos, atribui\u00e7\u00f5es, valores, miss\u00e3o e autonomia da corpora\u00e7\u00e3o.<\/li>\n\n\n\n<li><strong>Direitos Humanos<\/strong>: direitos humanos de acordo com a <a href=\"https:\/\/www.planalto.gov.br\/ccivil_03\/constituicao\/constituicao.htm\" target=\"_blank\" rel=\"noreferrer noopener\">Constitui\u00e7\u00e3o Federal<\/a> e tratados internacionais de direitos humanos; <a href=\"https:\/\/www.unicef.org\/brazil\/declaracao-universal-dos-direitos-humanos\" target=\"_blank\" rel=\"noreferrer noopener\">Declara\u00e7\u00e3o Universal dos Direitos Humanos<\/a>; Conven\u00e7\u00e3o Americana sobre Direitos Humanos (<a href=\"https:\/\/www.planalto.gov.br\/ccivil_03\/decreto\/d0678.htm\" target=\"_blank\" rel=\"noreferrer noopener\">Decreto n\u00ba 678\/1992<\/a>).<\/li>\n<\/ul>\n\n\n\n<h2 class=\"wp-block-heading\" id=\"h-prova-discursiva-da-prf\">Prova Discursiva da PRF<\/h2>\n\n\n\n<p>Por outro lado, a <strong>Prova Discursiva da PRF<\/strong> avalia o conte\u00fado (conhecimento do tema), a capacidade de express\u00e3o na modalidade escrita e o uso das normas do registro formal culto da L\u00edngua Portuguesa. Assim, geralmente \u00e9 proposto ao candidato a cria\u00e7\u00e3o de um texto com cerca de 30 linhas relacionado a um tema indicado na prova.<\/p>\n\n\n\n<p>O texto deve estar escrito em letra leg\u00edvel com o emprego correto das t\u00e9cnicas de reda\u00e7\u00e3o. Al\u00e9m disso, o conte\u00fado, geralmente com tema abrangido pelas <strong>disciplinas exploradas da prova objetiva<\/strong>, deve ser estruturado em texto dissertativo.<\/p>\n\n\n\n<h2 class=\"wp-block-heading\" id=\"h-consideracoes-finais-sobre-a-prova-da-prf\">Considera\u00e7\u00f5es Finais sobre a prova da PRF<\/h2>\n\n\n\n<p>Em suma, a aprova\u00e7\u00e3o no concurso da PRF n\u00e3o \u00e9 uma tarefa f\u00e1cil, como podemos perceber na an\u00e1lise feita anteriormente. S\u00e3o muitas etapas, <strong>disciplinas cobradas<\/strong> e geralmente muitos candidatos inscritos que, adicionado ao n\u00edvel elevado de cobran\u00e7a das bancas, tornam \u00e1rdua a caminhada at\u00e9 a posse.<\/p>\n\n\n\n<p>Mas tudo isso tem o prop\u00f3sito de selecionar o candidato mais apto para ocupar um cargo t\u00e3o importante e com grande impacto na seguran\u00e7a do pa\u00eds. Assim, se essa \u00e9 a sua voca\u00e7\u00e3o, mantenha o foco e a perseveran\u00e7a que o resultado sempre vem.<\/p>\n\n\n\n<p>Bons estudos!!!&#8230;<\/p>\n\n\n\n<p class=\"has-text-align-center has-very-light-gray-to-cyan-bluish-gray-gradient-background has-background has-medium-font-size\"><strong>Saiba mais: <a href=\"https:\/\/www.estrategiaconcursos.com.br\/blog\/concurso-prf\/\" target=\"_blank\" rel=\"noreferrer noopener\">Concurso PRF<\/a><\/strong><\/p>\n\n\n\n<h2 class=\"wp-block-heading has-text-align-center\" id=\"cursos-assinatura\">Cursos e Assinaturas<\/h2>\n\n\n\n<p>Prepare-se com o melhor material e com quem mais aprova em Concursos P\u00fablicos em todo o pa\u00eds!<\/p>\n\n\n\n<div class=\"container\" id=\"boxes\">\n  <div class=\"row\"> \n\n    <div class=\"col-sm\">\n      <div class=\"banner-prf\" id=\"box-assinatura\">\n        <h3 class=\"titulo-assinatura\">Concurso PRF<\/h3>\n        <p class=\"subtitulo-assinatura\">Conquiste a farda da PRF: Comece sua jornada!<\/p>\n        <div class=\"box-botao\">\n          <a class=\"btn-assinatura\" target=\"_blank\" href=\"https:\/\/www.estrategiaconcursos.com.br\/cursosPorConcurso\/prf-policial-rodoviario-federal\/\" role=\"button\" rel=\"noopener noreferrer\">INICIAR AGORA<\/a>\n        <\/div>\n      <\/div>\n     \n\n  <\/div>\n<\/div><\/div>\n\n\n\n<div class=\"container\" id=\"boxes\">\n  <div class=\"row\">\n\n    <div class=\"col-sm\">\n      <div class=\"estrategia\" id=\"box-assinatura\">\n        <h3 class=\"titulo-assinatura\">Assinatura Concursos<\/h3>\n        <p class=\"subtitulo-assinatura\">Assinatura de 1 ano ou 2 anos<\/p>\n        <div class=\"box-botao\">\n          <a class=\"btn-assinatura\" target=\"_blank\" href=\"https:\/\/www.estrategiaconcursos.com.br\/assinaturas\/\" role=\"button\" rel=\"noopener noreferrer\">ASSINE AGORA<\/a>\n        <\/div>\n      <\/div>\n     \n    <\/div><\/div><\/div>\n\n\n\n<p class=\"has-text-align-center has-vivid-cyan-blue-color has-text-color has-background\" style=\"background-color:#0078bd\"><a href=\"https:\/\/www.estrategiaconcursos.com.br\/blog\/concursos-abertos\/\" target=\"_blank\" rel=\"noreferrer noopener\"><strong><mark style=\"background-color:rgba(0, 0, 0, 0)\" class=\"has-inline-color has-white-color\">Concursos Abertos<\/mark><\/strong><\/a><\/p>\n\n\n\n<p class=\"has-text-align-center has-vivid-cyan-blue-color has-text-color has-background\" style=\"background-color:#0078bd\"><a href=\"https:\/\/www.estrategiaconcursos.com.br\/blog\/concursos-2024\/\" target=\"_blank\" rel=\"noreferrer noopener\"><strong><mark style=\"background-color:rgba(0, 0, 0, 0)\" class=\"has-inline-color has-white-color\">Concursos 2024<\/mark><\/strong><\/a><\/p>\n\n\n\n<p class=\"has-text-align-center has-vivid-cyan-blue-color has-text-color has-background\" style=\"background-color:#0078bd\"><a href=\"https:\/\/www.estrategiaconcursos.com.br\/blog\/concursos-2025\/\" target=\"_blank\" rel=\"noreferrer noopener\"><strong><mark style=\"background-color:rgba(0, 0, 0, 0)\" class=\"has-inline-color has-white-color\">Concursos 2025<\/mark><\/strong><\/a><\/p>\n","protected":false},"excerpt":{"rendered":"<p>Entenda como \u00e9 a prova da PRF: Descubra os principais conte\u00fados, formatos de quest\u00f5es e dicas essenciais para se preparar e garantir uma boa performance no concurso da Pol\u00edcia Rodovi\u00e1ria Federal. Ol\u00e1 pessoal, tudo bem? Passar em um concurso da Pol\u00edcia Rodovi\u00e1ria Federal (PRF) \u00e9 o sonho de muitos candidatos. O grande volume de inscritos [&hellip;]<\/p>\n","protected":false},"author":2953,"featured_media":935127,"comment_status":"open","ping_status":"closed","sticky":false,"template":"","format":"standard","meta":{"post_tipo":"article","footnotes":""},"categories":[1,1988],"tags":[],"tax_estado":[219963],"class_list":["post-1464295","post","type-post","status-publish","format-standard","has-post-thumbnail","hentry","category-cursos-e-concursos","category-policia","tax_estado-concursos-federais"],"acf":[],"yoast_head":"<!-- This site is optimized with the Yoast SEO Premium plugin v27.2 (Yoast SEO v27.2) - https:\/\/yoast.com\/product\/yoast-seo-premium-wordpress\/ -->\n<title>Como \u00e9 a prova da PRF? Descubra tudo sobre a prova aqui!<\/title>\n<meta name=\"description\" content=\"Descubra como \u00e9 a prova da PRF, as principais disciplinas cobradas, requisitos para a posse e todas as fases do concurso. Clique aqui!\" \/>\n<meta name=\"robots\" content=\"index, follow, max-snippet:-1, max-image-preview:large, max-video-preview:-1\" \/>\n<link rel=\"canonical\" href=\"https:\/\/www.estrategiaconcursos.com.br\/blog\/como-prova-prf\/\" \/>\n<meta property=\"og:locale\" content=\"pt_BR\" \/>\n<meta property=\"og:type\" content=\"article\" \/>\n<meta property=\"og:title\" content=\"Como \u00e9 a prova da PRF? Descubra tudo sobre a prova aqui!\" \/>\n<meta property=\"og:description\" content=\"Descubra como \u00e9 a prova da PRF, as principais disciplinas cobradas, requisitos para a posse e todas as fases do concurso. Clique aqui!\" \/>\n<meta property=\"og:url\" content=\"https:\/\/www.estrategiaconcursos.com.br\/blog\/como-prova-prf\/\" \/>\n<meta property=\"og:site_name\" content=\"Estrat\u00e9gia Concursos\" \/>\n<meta property=\"article:published_time\" content=\"2024-10-04T23:36:00+00:00\" \/>\n<meta property=\"article:modified_time\" content=\"2024-10-24T15:47:28+00:00\" \/>\n<meta property=\"og:image\" content=\"https:\/\/dhg1h5j42swfq.cloudfront.net\/2021\/12\/24094414\/prf.jpg\" \/>\n\t<meta property=\"og:image:width\" content=\"1024\" \/>\n\t<meta property=\"og:image:height\" content=\"768\" \/>\n\t<meta property=\"og:image:type\" content=\"image\/jpeg\" \/>\n<meta name=\"author\" content=\"Thiago da Silva Oliveira\" \/>\n<meta name=\"twitter:card\" content=\"summary_large_image\" \/>\n<meta name=\"twitter:creator\" content=\"@EstratConcursos\" \/>\n<meta name=\"twitter:site\" content=\"@EstratConcursos\" \/>\n<meta name=\"twitter:label1\" content=\"Escrito por\" \/>\n\t<meta name=\"twitter:data1\" content=\"Thiago da Silva Oliveira\" \/>\n\t<meta name=\"twitter:label2\" content=\"Est. tempo de leitura\" \/>\n\t<meta name=\"twitter:data2\" content=\"8 minutos\" \/>\n<script type=\"application\/ld+json\" class=\"yoast-schema-graph\">{\"@context\":\"https:\/\/schema.org\",\"@graph\":[{\"@type\":\"NewsArticle\",\"@id\":\"https:\/\/www.estrategiaconcursos.com.br\/blog\/como-prova-prf\/#article\",\"isPartOf\":{\"@id\":\"https:\/\/www.estrategiaconcursos.com.br\/blog\/como-prova-prf\/\"},\"author\":{\"name\":\"Thiago da Silva Oliveira\",\"@id\":\"https:\/\/www.estrategiaconcursos.com.br\/blog\/#\/schema\/person\/a9b5b50fd12cfd5ab3e3e1f81a2c0e52\"},\"headline\":\"Como \u00e9 a prova da PRF? Descubra tudo sobre a prova aqui!\",\"datePublished\":\"2024-10-04T23:36:00+00:00\",\"dateModified\":\"2024-10-24T15:47:28+00:00\",\"mainEntityOfPage\":{\"@id\":\"https:\/\/www.estrategiaconcursos.com.br\/blog\/como-prova-prf\/\"},\"wordCount\":1531,\"commentCount\":0,\"publisher\":{\"@id\":\"https:\/\/www.estrategiaconcursos.com.br\/blog\/#organization\"},\"image\":{\"@id\":\"https:\/\/www.estrategiaconcursos.com.br\/blog\/como-prova-prf\/#primaryimage\"},\"thumbnailUrl\":\"https:\/\/dhg1h5j42swfq.cloudfront.net\/2021\/12\/24094414\/prf.jpg\",\"articleSection\":[\"Concursos P\u00fablicos\",\"Policial (Agente, Escriv\u00e3o e Investigador)\"],\"inLanguage\":\"pt-BR\",\"potentialAction\":[{\"@type\":\"CommentAction\",\"name\":\"Comment\",\"target\":[\"https:\/\/www.estrategiaconcursos.com.br\/blog\/como-prova-prf\/#respond\"]}],\"copyrightYear\":\"2024\",\"copyrightHolder\":{\"@id\":\"https:\/\/www.estrategiaconcursos.com.br\/blog\/#organization\"},\"accessibilityFeature\":[\"tableOfContents\"]},{\"@type\":\"WebPage\",\"@id\":\"https:\/\/www.estrategiaconcursos.com.br\/blog\/como-prova-prf\/\",\"url\":\"https:\/\/www.estrategiaconcursos.com.br\/blog\/como-prova-prf\/\",\"name\":\"Como \u00e9 a prova da PRF? Descubra tudo sobre a prova aqui!\",\"isPartOf\":{\"@id\":\"https:\/\/www.estrategiaconcursos.com.br\/blog\/#website\"},\"primaryImageOfPage\":{\"@id\":\"https:\/\/www.estrategiaconcursos.com.br\/blog\/como-prova-prf\/#primaryimage\"},\"image\":{\"@id\":\"https:\/\/www.estrategiaconcursos.com.br\/blog\/como-prova-prf\/#primaryimage\"},\"thumbnailUrl\":\"https:\/\/dhg1h5j42swfq.cloudfront.net\/2021\/12\/24094414\/prf.jpg\",\"datePublished\":\"2024-10-04T23:36:00+00:00\",\"dateModified\":\"2024-10-24T15:47:28+00:00\",\"description\":\"Descubra como \u00e9 a prova da PRF, as principais disciplinas cobradas, requisitos para a posse e todas as fases do concurso. Clique aqui!\",\"breadcrumb\":{\"@id\":\"https:\/\/www.estrategiaconcursos.com.br\/blog\/como-prova-prf\/#breadcrumb\"},\"inLanguage\":\"pt-BR\",\"potentialAction\":[{\"@type\":\"ReadAction\",\"target\":[\"https:\/\/www.estrategiaconcursos.com.br\/blog\/como-prova-prf\/\"]}]},{\"@type\":\"ImageObject\",\"inLanguage\":\"pt-BR\",\"@id\":\"https:\/\/www.estrategiaconcursos.com.br\/blog\/como-prova-prf\/#primaryimage\",\"url\":\"https:\/\/dhg1h5j42swfq.cloudfront.net\/2021\/12\/24094414\/prf.jpg\",\"contentUrl\":\"https:\/\/dhg1h5j42swfq.cloudfront.net\/2021\/12\/24094414\/prf.jpg\",\"width\":1024,\"height\":768},{\"@type\":\"BreadcrumbList\",\"@id\":\"https:\/\/www.estrategiaconcursos.com.br\/blog\/como-prova-prf\/#breadcrumb\",\"itemListElement\":[{\"@type\":\"ListItem\",\"position\":1,\"name\":\"In\u00edcio\",\"item\":\"https:\/\/www.estrategiaconcursos.com.br\/blog\/\"},{\"@type\":\"ListItem\",\"position\":2,\"name\":\"Como \u00e9 a prova da PRF? Descubra tudo sobre a prova aqui!\"}]},{\"@type\":\"WebSite\",\"@id\":\"https:\/\/www.estrategiaconcursos.com.br\/blog\/#website\",\"url\":\"https:\/\/www.estrategiaconcursos.com.br\/blog\/\",\"name\":\"Estrat\u00e9gia Concursos\",\"description\":\"O blog da Estrat\u00e9gia Concursos traz not\u00edcias sobre concursos e artigos de professores oferecendo cursos para concursos (pdf + videaulas) no site.\",\"publisher\":{\"@id\":\"https:\/\/www.estrategiaconcursos.com.br\/blog\/#organization\"},\"potentialAction\":[{\"@type\":\"SearchAction\",\"target\":{\"@type\":\"EntryPoint\",\"urlTemplate\":\"https:\/\/www.estrategiaconcursos.com.br\/blog\/?s={search_term_string}\"},\"query-input\":{\"@type\":\"PropertyValueSpecification\",\"valueRequired\":true,\"valueName\":\"search_term_string\"}}],\"inLanguage\":\"pt-BR\"},{\"@type\":\"Organization\",\"@id\":\"https:\/\/www.estrategiaconcursos.com.br\/blog\/#organization\",\"name\":\"Estrat\u00e9gia Concursos\",\"url\":\"https:\/\/www.estrategiaconcursos.com.br\/blog\/\",\"logo\":{\"@type\":\"ImageObject\",\"inLanguage\":\"pt-BR\",\"@id\":\"https:\/\/www.estrategiaconcursos.com.br\/blog\/#\/schema\/logo\/image\/\",\"url\":\"https:\/\/dhg1h5j42swfq.cloudfront.net\/2025\/06\/03203428\/logo_concursos-1.jpg\",\"contentUrl\":\"https:\/\/dhg1h5j42swfq.cloudfront.net\/2025\/06\/03203428\/logo_concursos-1.jpg\",\"width\":230,\"height\":60,\"caption\":\"Estrat\u00e9gia Concursos\"},\"image\":{\"@id\":\"https:\/\/www.estrategiaconcursos.com.br\/blog\/#\/schema\/logo\/image\/\"},\"sameAs\":[\"https:\/\/x.com\/EstratConcursos\"]},{\"@type\":\"Person\",\"@id\":\"https:\/\/www.estrategiaconcursos.com.br\/blog\/#\/schema\/person\/a9b5b50fd12cfd5ab3e3e1f81a2c0e52\",\"name\":\"Thiago da Silva Oliveira\",\"image\":{\"@type\":\"ImageObject\",\"inLanguage\":\"pt-BR\",\"@id\":\"https:\/\/secure.gravatar.com\/avatar\/8c205103f160a168ce0b2be00cc532dcf15e657186621f142aa15651ddcbcdcb?s=96&d=mm&r=g\",\"url\":\"https:\/\/secure.gravatar.com\/avatar\/8c205103f160a168ce0b2be00cc532dcf15e657186621f142aa15651ddcbcdcb?s=96&d=mm&r=g\",\"contentUrl\":\"https:\/\/secure.gravatar.com\/avatar\/8c205103f160a168ce0b2be00cc532dcf15e657186621f142aa15651ddcbcdcb?s=96&d=mm&r=g\",\"caption\":\"Thiago da Silva Oliveira\"},\"url\":\"https:\/\/www.estrategiaconcursos.com.br\/blog\/author\/thgsoliveirayahoo-com-br\/\"}]}<\/script>\n<!-- \/ Yoast SEO Premium plugin. -->","yoast_head_json":{"title":"Como \u00e9 a prova da PRF? Descubra tudo sobre a prova aqui!","description":"Descubra como \u00e9 a prova da PRF, as principais disciplinas cobradas, requisitos para a posse e todas as fases do concurso. Clique aqui!","robots":{"index":"index","follow":"follow","max-snippet":"max-snippet:-1","max-image-preview":"max-image-preview:large","max-video-preview":"max-video-preview:-1"},"canonical":"https:\/\/www.estrategiaconcursos.com.br\/blog\/como-prova-prf\/","og_locale":"pt_BR","og_type":"article","og_title":"Como \u00e9 a prova da PRF? Descubra tudo sobre a prova aqui!","og_description":"Descubra como \u00e9 a prova da PRF, as principais disciplinas cobradas, requisitos para a posse e todas as fases do concurso. Clique aqui!","og_url":"https:\/\/www.estrategiaconcursos.com.br\/blog\/como-prova-prf\/","og_site_name":"Estrat\u00e9gia Concursos","article_published_time":"2024-10-04T23:36:00+00:00","article_modified_time":"2024-10-24T15:47:28+00:00","og_image":[{"width":1024,"height":768,"url":"https:\/\/dhg1h5j42swfq.cloudfront.net\/2021\/12\/24094414\/prf.jpg","type":"image\/jpeg"}],"author":"Thiago da Silva Oliveira","twitter_card":"summary_large_image","twitter_creator":"@EstratConcursos","twitter_site":"@EstratConcursos","twitter_misc":{"Escrito por":"Thiago da Silva Oliveira","Est. tempo de leitura":"8 minutos"},"schema":{"@context":"https:\/\/schema.org","@graph":[{"@type":"NewsArticle","@id":"https:\/\/www.estrategiaconcursos.com.br\/blog\/como-prova-prf\/#article","isPartOf":{"@id":"https:\/\/www.estrategiaconcursos.com.br\/blog\/como-prova-prf\/"},"author":{"name":"Thiago da Silva Oliveira","@id":"https:\/\/www.estrategiaconcursos.com.br\/blog\/#\/schema\/person\/a9b5b50fd12cfd5ab3e3e1f81a2c0e52"},"headline":"Como \u00e9 a prova da PRF? Descubra tudo sobre a prova aqui!","datePublished":"2024-10-04T23:36:00+00:00","dateModified":"2024-10-24T15:47:28+00:00","mainEntityOfPage":{"@id":"https:\/\/www.estrategiaconcursos.com.br\/blog\/como-prova-prf\/"},"wordCount":1531,"commentCount":0,"publisher":{"@id":"https:\/\/www.estrategiaconcursos.com.br\/blog\/#organization"},"image":{"@id":"https:\/\/www.estrategiaconcursos.com.br\/blog\/como-prova-prf\/#primaryimage"},"thumbnailUrl":"https:\/\/dhg1h5j42swfq.cloudfront.net\/2021\/12\/24094414\/prf.jpg","articleSection":["Concursos P\u00fablicos","Policial (Agente, Escriv\u00e3o e Investigador)"],"inLanguage":"pt-BR","potentialAction":[{"@type":"CommentAction","name":"Comment","target":["https:\/\/www.estrategiaconcursos.com.br\/blog\/como-prova-prf\/#respond"]}],"copyrightYear":"2024","copyrightHolder":{"@id":"https:\/\/www.estrategiaconcursos.com.br\/blog\/#organization"},"accessibilityFeature":["tableOfContents"]},{"@type":"WebPage","@id":"https:\/\/www.estrategiaconcursos.com.br\/blog\/como-prova-prf\/","url":"https:\/\/www.estrategiaconcursos.com.br\/blog\/como-prova-prf\/","name":"Como \u00e9 a prova da PRF? Descubra tudo sobre a prova aqui!","isPartOf":{"@id":"https:\/\/www.estrategiaconcursos.com.br\/blog\/#website"},"primaryImageOfPage":{"@id":"https:\/\/www.estrategiaconcursos.com.br\/blog\/como-prova-prf\/#primaryimage"},"image":{"@id":"https:\/\/www.estrategiaconcursos.com.br\/blog\/como-prova-prf\/#primaryimage"},"thumbnailUrl":"https:\/\/dhg1h5j42swfq.cloudfront.net\/2021\/12\/24094414\/prf.jpg","datePublished":"2024-10-04T23:36:00+00:00","dateModified":"2024-10-24T15:47:28+00:00","description":"Descubra como \u00e9 a prova da PRF, as principais disciplinas cobradas, requisitos para a posse e todas as fases do concurso. Clique aqui!","breadcrumb":{"@id":"https:\/\/www.estrategiaconcursos.com.br\/blog\/como-prova-prf\/#breadcrumb"},"inLanguage":"pt-BR","potentialAction":[{"@type":"ReadAction","target":["https:\/\/www.estrategiaconcursos.com.br\/blog\/como-prova-prf\/"]}]},{"@type":"ImageObject","inLanguage":"pt-BR","@id":"https:\/\/www.estrategiaconcursos.com.br\/blog\/como-prova-prf\/#primaryimage","url":"https:\/\/dhg1h5j42swfq.cloudfront.net\/2021\/12\/24094414\/prf.jpg","contentUrl":"https:\/\/dhg1h5j42swfq.cloudfront.net\/2021\/12\/24094414\/prf.jpg","width":1024,"height":768},{"@type":"BreadcrumbList","@id":"https:\/\/www.estrategiaconcursos.com.br\/blog\/como-prova-prf\/#breadcrumb","itemListElement":[{"@type":"ListItem","position":1,"name":"In\u00edcio","item":"https:\/\/www.estrategiaconcursos.com.br\/blog\/"},{"@type":"ListItem","position":2,"name":"Como \u00e9 a prova da PRF? Descubra tudo sobre a prova aqui!"}]},{"@type":"WebSite","@id":"https:\/\/www.estrategiaconcursos.com.br\/blog\/#website","url":"https:\/\/www.estrategiaconcursos.com.br\/blog\/","name":"Estrat\u00e9gia Concursos","description":"O blog da Estrat\u00e9gia Concursos traz not\u00edcias sobre concursos e artigos de professores oferecendo cursos para concursos (pdf + videaulas) no site.","publisher":{"@id":"https:\/\/www.estrategiaconcursos.com.br\/blog\/#organization"},"potentialAction":[{"@type":"SearchAction","target":{"@type":"EntryPoint","urlTemplate":"https:\/\/www.estrategiaconcursos.com.br\/blog\/?s={search_term_string}"},"query-input":{"@type":"PropertyValueSpecification","valueRequired":true,"valueName":"search_term_string"}}],"inLanguage":"pt-BR"},{"@type":"Organization","@id":"https:\/\/www.estrategiaconcursos.com.br\/blog\/#organization","name":"Estrat\u00e9gia Concursos","url":"https:\/\/www.estrategiaconcursos.com.br\/blog\/","logo":{"@type":"ImageObject","inLanguage":"pt-BR","@id":"https:\/\/www.estrategiaconcursos.com.br\/blog\/#\/schema\/logo\/image\/","url":"https:\/\/dhg1h5j42swfq.cloudfront.net\/2025\/06\/03203428\/logo_concursos-1.jpg","contentUrl":"https:\/\/dhg1h5j42swfq.cloudfront.net\/2025\/06\/03203428\/logo_concursos-1.jpg","width":230,"height":60,"caption":"Estrat\u00e9gia Concursos"},"image":{"@id":"https:\/\/www.estrategiaconcursos.com.br\/blog\/#\/schema\/logo\/image\/"},"sameAs":["https:\/\/x.com\/EstratConcursos"]},{"@type":"Person","@id":"https:\/\/www.estrategiaconcursos.com.br\/blog\/#\/schema\/person\/a9b5b50fd12cfd5ab3e3e1f81a2c0e52","name":"Thiago da Silva Oliveira","image":{"@type":"ImageObject","inLanguage":"pt-BR","@id":"https:\/\/secure.gravatar.com\/avatar\/8c205103f160a168ce0b2be00cc532dcf15e657186621f142aa15651ddcbcdcb?s=96&d=mm&r=g","url":"https:\/\/secure.gravatar.com\/avatar\/8c205103f160a168ce0b2be00cc532dcf15e657186621f142aa15651ddcbcdcb?s=96&d=mm&r=g","contentUrl":"https:\/\/secure.gravatar.com\/avatar\/8c205103f160a168ce0b2be00cc532dcf15e657186621f142aa15651ddcbcdcb?s=96&d=mm&r=g","caption":"Thiago da Silva Oliveira"},"url":"https:\/\/www.estrategiaconcursos.com.br\/blog\/author\/thgsoliveirayahoo-com-br\/"}]}},"_links":{"self":[{"href":"https:\/\/www.estrategiaconcursos.com.br\/blog\/wp-json\/wp\/v2\/posts\/1464295","targetHints":{"allow":["GET"]}}],"collection":[{"href":"https:\/\/www.estrategiaconcursos.com.br\/blog\/wp-json\/wp\/v2\/posts"}],"about":[{"href":"https:\/\/www.estrategiaconcursos.com.br\/blog\/wp-json\/wp\/v2\/types\/post"}],"author":[{"embeddable":true,"href":"https:\/\/www.estrategiaconcursos.com.br\/blog\/wp-json\/wp\/v2\/users\/2953"}],"replies":[{"embeddable":true,"href":"https:\/\/www.estrategiaconcursos.com.br\/blog\/wp-json\/wp\/v2\/comments?post=1464295"}],"version-history":[{"count":25,"href":"https:\/\/www.estrategiaconcursos.com.br\/blog\/wp-json\/wp\/v2\/posts\/1464295\/revisions"}],"predecessor-version":[{"id":1472608,"href":"https:\/\/www.estrategiaconcursos.com.br\/blog\/wp-json\/wp\/v2\/posts\/1464295\/revisions\/1472608"}],"wp:featuredmedia":[{"embeddable":true,"href":"https:\/\/www.estrategiaconcursos.com.br\/blog\/wp-json\/wp\/v2\/media\/935127"}],"wp:attachment":[{"href":"https:\/\/www.estrategiaconcursos.com.br\/blog\/wp-json\/wp\/v2\/media?parent=1464295"}],"wp:term":[{"taxonomy":"category","embeddable":true,"href":"https:\/\/www.estrategiaconcursos.com.br\/blog\/wp-json\/wp\/v2\/categories?post=1464295"},{"taxonomy":"post_tag","embeddable":true,"href":"https:\/\/www.estrategiaconcursos.com.br\/blog\/wp-json\/wp\/v2\/tags?post=1464295"},{"taxonomy":"tax_estado","embeddable":true,"href":"https:\/\/www.estrategiaconcursos.com.br\/blog\/wp-json\/wp\/v2\/tax_estado?post=1464295"}],"curies":[{"name":"wp","href":"https:\/\/api.w.org\/{rel}","templated":true}]}}