{"id":1462607,"date":"2024-09-16T15:09:45","date_gmt":"2024-09-16T18:09:45","guid":{"rendered":"https:\/\/www.estrategiaconcursos.com.br\/blog\/?p=1462607"},"modified":"2025-01-22T13:18:17","modified_gmt":"2025-01-22T16:18:17","slug":"quando-serao-as-provas-concurso-correios","status":"publish","type":"post","link":"https:\/\/www.estrategiaconcursos.com.br\/blog\/quando-serao-as-provas-concurso-correios\/","title":{"rendered":"Quando ser\u00e3o as provas do concurso Correios 2024?"},"content":{"rendered":"\n<p>O edital do novo <strong>concurso dos <a href=\"https:\/\/www.estrategiaconcursos.com.br\/cursosPorConcurso\/correios\/\" target=\"_blank\" rel=\"noreferrer noopener\">Correios<\/a><\/strong> ainda nem foi publicado, mas diversas d\u00favidas j\u00e1 come\u00e7am a surgir entre os concurseiros: quando ser\u00e3o as provas? Qual o per\u00edodo de inscri\u00e7\u00e3o? O que preciso estudar?<\/p>\n\n\n\n<p>Antes de tudo, vamos \u00e0s informa\u00e7\u00f5es j\u00e1 <span style=\"text-decoration: underline;\">oficialmente<\/span> confirmadas! No total, ser\u00e3o ofertadas 3.468 vagas, sendo <strong>3.099 vagas<\/strong> para n\u00edvel m\u00e9dio e <strong>369 vagas <\/strong>para n\u00edvel superior.<\/p>\n\n\n\n<p>A <a href=\"https:\/\/www.estrategiaconcursos.com.br\/blog\/concurso-correios-banca\/\" target=\"_blank\" rel=\"noreferrer noopener\">banca<\/a> organizadora, conforme anunciado na \u00faltima semana, ser\u00e1 o <strong>Instituto Brasileiro de Forma\u00e7\u00e3o e Capacita\u00e7\u00e3o<\/strong>&nbsp;<strong>(<a href=\"https:\/\/www.ibfc.org.br\/menus\/home.html\" target=\"_blank\" rel=\"noreferrer noopener\">IBFC<\/a>)<\/strong>. Por fim, a expectativa \u00e9 de que o edital seja publicado ainda em <strong>setembro<\/strong>.<\/p>\n\n\n\n<figure class=\"wp-block-image aligncenter size-full\"><img loading=\"lazy\" decoding=\"async\" width=\"600\" height=\"350\" src=\"https:\/\/dhg1h5j42swfq.cloudfront.net\/2024\/08\/08102228\/correios-divulgacao.jpg\" alt=\"Quando ser\u00e3o as provas do concurso Correios?\" class=\"wp-image-1441908\" srcset=\"https:\/\/dhg1h5j42swfq.cloudfront.net\/2024\/08\/08102228\/correios-divulgacao.jpg 600w, https:\/\/dhg1h5j42swfq.cloudfront.net\/2024\/08\/08102228\/correios-divulgacao-300x175.jpg 300w, https:\/\/dhg1h5j42swfq.cloudfront.net\/2024\/08\/08102228\/correios-divulgacao-150x88.jpg 150w\" sizes=\"auto, (max-width: 600px) 100vw, 600px\" \/><\/figure>\n\n\n\n<p>Assim, podemos esperar as provas em, <strong>no m\u00ednimo, dois meses ap\u00f3s a publica\u00e7\u00e3o do edital<\/strong>, conforme o&nbsp;<a href=\"https:\/\/dhg1h5j42swfq.cloudfront.net\/2024\/09\/16145800\/d9739.pdf\" target=\"_blank\" rel=\"noreferrer noopener nofollow\">decreto n\u00ba 9.739\/2019<\/a>.<\/p>\n\n\n\n<p>Com edital prometido para setembro, espera-se que as provas sejam realizadas <strong>a partir de novembro<\/strong>. Entretanto, tr\u00eas dos quatro domingos do m\u00eas j\u00e1 est\u00e3o comprometidos com grandes avalia\u00e7\u00f5es nacionais:<\/p>\n\n\n\n<p>O Exame Nacional do Ensino M\u00e9dio &#8211; <strong>ENEM<\/strong>, nos dias 03 e 10, al\u00e9m do Exame Nacional de Desempenho dos Estudantes &#8211; <strong>ENADE<\/strong>, em 24 de novembro.<\/p>\n\n\n\n<p>Junto a isso, <strong>os Correios desejam iniciar as convoca\u00e7\u00f5es ainda em dezembro<\/strong>, o que n\u00e3o daria margem para datas futuras.<\/p>\n\n\n\n<h3 class=\"wp-block-heading\" id=\"h-o-que-diz-a-empresa\">O que diz a empresa?<\/h3>\n\n\n\n<p>Entramos em contato com os Correios e com a banca organizadora para obter mais detalhes sobre a previs\u00e3o de publica\u00e7\u00e3o do edital e as poss\u00edveis datas de aplica\u00e7\u00e3o das provas.<\/p>\n\n\n\n<p>Os Correios enviaram uma nota informando que <em>&#8220;a data e o hor\u00e1rio das provas ser\u00e3o divulgados no edital de abertura, juntamente com a divulga\u00e7\u00e3o dos locais de aplica\u00e7\u00e3o&#8221;<\/em>. N\u00e3o tivemos retorno do IBFC.<\/p>\n\n\n\n<hr class=\"wp-block-separator has-alpha-channel-opacity is-style-dots\"\/>\n\n\n\n<p class=\"has-text-align-center\"><em>Para ficar por dentro de todas as informa\u00e7\u00f5es sobre o concurso Correios, al\u00e9m da poss\u00edvel data de aplica\u00e7\u00e3o das provas, n\u00e3o deixe de conferir nosso artigo completo sobre a sele\u00e7\u00e3o:<\/em><\/p>\n\n\n\n<p class=\"has-text-align-center has-black-color has-text-color has-background has-link-color has-medium-font-size wp-elements-314d13857ae39d48f6483ef4c5d990cc\" style=\"background-color:#fcb90029\"><strong>Mais informa\u00e7\u00f5es do <a href=\"https:\/\/www.estrategiaconcursos.com.br\/blog\/concurso-correios\/\" target=\"_blank\" rel=\"noreferrer noopener\">concurso Correios<\/a><\/strong><\/p>\n\n\n\n<hr class=\"wp-block-separator has-alpha-channel-opacity\"\/>\n\n\n\n<h2 class=\"wp-block-heading has-text-align-center\" id=\"cursos-assinatura\"><em>Quer estudar para o concurso Correios?<\/em><\/h2>\n\n\n\n<div class=\"container\" id=\"boxes\">\r\n  <div class=\"row\">\r\n\r\n    <div class=\"col-sm\">\r\n <div class=\"banner-adm\" id=\"box-assinatura\">\r\n        <h3 class=\"titulo-assinatura\">Concurso Correios <\/h3>\r\n        <p class=\"subtitulo-assinatura\">Prepare-se com cursos voltados para o edital!<\/p>\r\n        <div class=\"box-botao\">\r\n          <a class=\"btn-assinatura\" target=\"_blank\" href=\"https:\/\/www.estrategiaconcursos.com.br\/cursosPorConcurso\/correios\/\" role=\"button\" rel=\"noopener noreferrer\">Confira os pacotes!<\/a>\r\n        <\/div>\r\n      <\/div>\r\n     \r\n    <\/div>\r\n\r\n  <\/div>\r\n<\/div>\n\n\n\n<div class=\"container\" id=\"boxes\">\r\n  <div class=\"row\">\r\n\r\n    <div class=\"col-sm\">\r\n      <div class=\"estrategia\" id=\"box-assinatura\">\r\n        <h3 class=\"titulo-assinatura\"> Concursos P\u00fablicos\r\n        <p class=\"subtitulo-assinatura\">Assinatura de 1 ano ou 2 anos<\/p>\r\n        <div class=\"box-botao\">\r\n          <a class=\"btn-assinatura\" target=\"_blank\" href=\"https:\/\/www.estrategiaconcursos.com.br\/assinaturas\/\" role=\"button\" rel=\"noopener noreferrer\">ASSINE AGORA<\/a>\r\n        <\/div>\r\n      <\/h3><\/div><\/div><\/div><\/div>\n\n\n\n<h2 class=\"wp-block-heading has-text-align-center\" id=\"h-quer-saber-tudo-sobre-concursos-previstos-confira-nossos-artigos\">Quer saber tudo sobre concursos previstos?<br \/>Confira nossos artigos!<\/h2>\n\n\n\n<ul class=\"wp-block-list\">\n<li><a href=\"https:\/\/www.estrategiaconcursos.com.br\/blog\/concursos-abertos\/\" target=\"_blank\" rel=\"noreferrer noopener\">Concursos Abertos<\/a><\/li>\n\n\n\n<li><a href=\"https:\/\/www.estrategiaconcursos.com.br\/blog\/concursos-2025\/\" target=\"_blank\" rel=\"noreferrer noopener\">Concursos 2025<\/a><\/li>\n<\/ul>\n","protected":false},"excerpt":{"rendered":"<p>O edital do novo concurso dos Correios ainda nem foi publicado, mas diversas d\u00favidas j\u00e1 come\u00e7am a surgir entre os concurseiros: quando ser\u00e3o as provas? Qual o per\u00edodo de inscri\u00e7\u00e3o? O que preciso estudar? Antes de tudo, vamos \u00e0s informa\u00e7\u00f5es j\u00e1 oficialmente confirmadas! No total, ser\u00e3o ofertadas 3.468 vagas, sendo 3.099 vagas para n\u00edvel m\u00e9dio [&hellip;]<\/p>\n","protected":false},"author":659,"featured_media":1163865,"comment_status":"open","ping_status":"closed","sticky":false,"template":"","format":"standard","meta":{"post_tipo":"news","footnotes":""},"categories":[214992,220219],"tags":[],"tax_estado":[219963],"class_list":["post-1462607","post","type-post","status-publish","format-standard","has-post-thumbnail","hentry","category-concursos-administrativos","category-noticias","tax_estado-concursos-federais"],"acf":[],"yoast_head":"<!-- This site is optimized with the Yoast SEO Premium plugin v27.2 (Yoast SEO v27.2) - https:\/\/yoast.com\/product\/yoast-seo-premium-wordpress\/ -->\n<title>Quando ser\u00e3o as provas do concurso Correios 2024?<\/title>\n<meta name=\"description\" content=\"Com edital prometido para este m\u00eas, saiba quando devem ser aplicadas as provas do novo concurso dos Correios!\" \/>\n<meta name=\"robots\" content=\"index, follow, max-snippet:-1, max-image-preview:large, max-video-preview:-1\" \/>\n<link rel=\"canonical\" href=\"https:\/\/www.estrategiaconcursos.com.br\/blog\/quando-serao-as-provas-concurso-correios\/\" \/>\n<meta property=\"og:locale\" content=\"pt_BR\" \/>\n<meta property=\"og:type\" content=\"article\" \/>\n<meta property=\"og:title\" content=\"Quando ser\u00e3o as provas do concurso Correios 2024?\" \/>\n<meta property=\"og:description\" content=\"Com edital prometido para este m\u00eas, saiba quando devem ser aplicadas as provas do novo concurso dos Correios!\" \/>\n<meta property=\"og:url\" content=\"https:\/\/www.estrategiaconcursos.com.br\/blog\/quando-serao-as-provas-concurso-correios\/\" \/>\n<meta property=\"og:site_name\" content=\"Estrat\u00e9gia Concursos\" \/>\n<meta property=\"article:published_time\" content=\"2024-09-16T18:09:45+00:00\" \/>\n<meta property=\"article:modified_time\" content=\"2025-01-22T16:18:17+00:00\" \/>\n<meta property=\"og:image\" content=\"https:\/\/dhg1h5j42swfq.cloudfront.net\/2023\/02\/02134723\/768-432-max-1.jpg\" \/>\n\t<meta property=\"og:image:width\" content=\"768\" \/>\n\t<meta property=\"og:image:height\" content=\"432\" \/>\n\t<meta property=\"og:image:type\" content=\"image\/jpeg\" \/>\n<meta name=\"author\" content=\"Camila Leite\" \/>\n<meta name=\"twitter:card\" content=\"summary_large_image\" \/>\n<meta name=\"twitter:creator\" content=\"@EstratConcursos\" \/>\n<meta name=\"twitter:site\" content=\"@EstratConcursos\" \/>\n<meta name=\"twitter:label1\" content=\"Escrito por\" \/>\n\t<meta name=\"twitter:data1\" content=\"Camila Leite\" \/>\n\t<meta name=\"twitter:label2\" content=\"Est. tempo de leitura\" \/>\n\t<meta name=\"twitter:data2\" content=\"2 minutos\" \/>\n<script type=\"application\/ld+json\" class=\"yoast-schema-graph\">{\"@context\":\"https:\/\/schema.org\",\"@graph\":[{\"@type\":\"NewsArticle\",\"@id\":\"https:\/\/www.estrategiaconcursos.com.br\/blog\/quando-serao-as-provas-concurso-correios\/#article\",\"isPartOf\":{\"@id\":\"https:\/\/www.estrategiaconcursos.com.br\/blog\/quando-serao-as-provas-concurso-correios\/\"},\"author\":{\"name\":\"Camila Leite\",\"@id\":\"https:\/\/www.estrategiaconcursos.com.br\/blog\/#\/schema\/person\/84ecdc6eb58d3cf1689bf76c5cd8fb38\"},\"headline\":\"Quando ser\u00e3o as provas do concurso Correios 2024?\",\"datePublished\":\"2024-09-16T18:09:45+00:00\",\"dateModified\":\"2025-01-22T16:18:17+00:00\",\"mainEntityOfPage\":{\"@id\":\"https:\/\/www.estrategiaconcursos.com.br\/blog\/quando-serao-as-provas-concurso-correios\/\"},\"wordCount\":372,\"commentCount\":0,\"publisher\":{\"@id\":\"https:\/\/www.estrategiaconcursos.com.br\/blog\/#organization\"},\"image\":{\"@id\":\"https:\/\/www.estrategiaconcursos.com.br\/blog\/quando-serao-as-provas-concurso-correios\/#primaryimage\"},\"thumbnailUrl\":\"https:\/\/dhg1h5j42swfq.cloudfront.net\/2023\/02\/02134723\/768-432-max-1.jpg\",\"articleSection\":[\"Executivo (Administrativa)\",\"\u00daltimas not\u00edcias\"],\"inLanguage\":\"pt-BR\",\"potentialAction\":[{\"@type\":\"CommentAction\",\"name\":\"Comment\",\"target\":[\"https:\/\/www.estrategiaconcursos.com.br\/blog\/quando-serao-as-provas-concurso-correios\/#respond\"]}],\"copyrightYear\":\"2024\",\"copyrightHolder\":{\"@id\":\"https:\/\/www.estrategiaconcursos.com.br\/blog\/#organization\"}},{\"@type\":\"WebPage\",\"@id\":\"https:\/\/www.estrategiaconcursos.com.br\/blog\/quando-serao-as-provas-concurso-correios\/\",\"url\":\"https:\/\/www.estrategiaconcursos.com.br\/blog\/quando-serao-as-provas-concurso-correios\/\",\"name\":\"Quando ser\u00e3o as provas do concurso Correios 2024?\",\"isPartOf\":{\"@id\":\"https:\/\/www.estrategiaconcursos.com.br\/blog\/#website\"},\"primaryImageOfPage\":{\"@id\":\"https:\/\/www.estrategiaconcursos.com.br\/blog\/quando-serao-as-provas-concurso-correios\/#primaryimage\"},\"image\":{\"@id\":\"https:\/\/www.estrategiaconcursos.com.br\/blog\/quando-serao-as-provas-concurso-correios\/#primaryimage\"},\"thumbnailUrl\":\"https:\/\/dhg1h5j42swfq.cloudfront.net\/2023\/02\/02134723\/768-432-max-1.jpg\",\"datePublished\":\"2024-09-16T18:09:45+00:00\",\"dateModified\":\"2025-01-22T16:18:17+00:00\",\"description\":\"Com edital prometido para este m\u00eas, saiba quando devem ser aplicadas as provas do novo concurso dos Correios!\",\"breadcrumb\":{\"@id\":\"https:\/\/www.estrategiaconcursos.com.br\/blog\/quando-serao-as-provas-concurso-correios\/#breadcrumb\"},\"inLanguage\":\"pt-BR\",\"potentialAction\":[{\"@type\":\"ReadAction\",\"target\":[\"https:\/\/www.estrategiaconcursos.com.br\/blog\/quando-serao-as-provas-concurso-correios\/\"]}]},{\"@type\":\"ImageObject\",\"inLanguage\":\"pt-BR\",\"@id\":\"https:\/\/www.estrategiaconcursos.com.br\/blog\/quando-serao-as-provas-concurso-correios\/#primaryimage\",\"url\":\"https:\/\/dhg1h5j42swfq.cloudfront.net\/2023\/02\/02134723\/768-432-max-1.jpg\",\"contentUrl\":\"https:\/\/dhg1h5j42swfq.cloudfront.net\/2023\/02\/02134723\/768-432-max-1.jpg\",\"width\":768,\"height\":432,\"caption\":\"Prazo de recursos do Concurso Correios termina hoje \u00e0s 17h!\"},{\"@type\":\"BreadcrumbList\",\"@id\":\"https:\/\/www.estrategiaconcursos.com.br\/blog\/quando-serao-as-provas-concurso-correios\/#breadcrumb\",\"itemListElement\":[{\"@type\":\"ListItem\",\"position\":1,\"name\":\"In\u00edcio\",\"item\":\"https:\/\/www.estrategiaconcursos.com.br\/blog\/\"},{\"@type\":\"ListItem\",\"position\":2,\"name\":\"Quando ser\u00e3o as provas do concurso Correios 2024?\"}]},{\"@type\":\"WebSite\",\"@id\":\"https:\/\/www.estrategiaconcursos.com.br\/blog\/#website\",\"url\":\"https:\/\/www.estrategiaconcursos.com.br\/blog\/\",\"name\":\"Estrat\u00e9gia Concursos\",\"description\":\"O blog da Estrat\u00e9gia Concursos traz not\u00edcias sobre concursos e artigos de professores oferecendo cursos para concursos (pdf + videaulas) no site.\",\"publisher\":{\"@id\":\"https:\/\/www.estrategiaconcursos.com.br\/blog\/#organization\"},\"potentialAction\":[{\"@type\":\"SearchAction\",\"target\":{\"@type\":\"EntryPoint\",\"urlTemplate\":\"https:\/\/www.estrategiaconcursos.com.br\/blog\/?s={search_term_string}\"},\"query-input\":{\"@type\":\"PropertyValueSpecification\",\"valueRequired\":true,\"valueName\":\"search_term_string\"}}],\"inLanguage\":\"pt-BR\"},{\"@type\":\"Organization\",\"@id\":\"https:\/\/www.estrategiaconcursos.com.br\/blog\/#organization\",\"name\":\"Estrat\u00e9gia Concursos\",\"url\":\"https:\/\/www.estrategiaconcursos.com.br\/blog\/\",\"logo\":{\"@type\":\"ImageObject\",\"inLanguage\":\"pt-BR\",\"@id\":\"https:\/\/www.estrategiaconcursos.com.br\/blog\/#\/schema\/logo\/image\/\",\"url\":\"https:\/\/dhg1h5j42swfq.cloudfront.net\/2025\/06\/03203428\/logo_concursos-1.jpg\",\"contentUrl\":\"https:\/\/dhg1h5j42swfq.cloudfront.net\/2025\/06\/03203428\/logo_concursos-1.jpg\",\"width\":230,\"height\":60,\"caption\":\"Estrat\u00e9gia Concursos\"},\"image\":{\"@id\":\"https:\/\/www.estrategiaconcursos.com.br\/blog\/#\/schema\/logo\/image\/\"},\"sameAs\":[\"https:\/\/x.com\/EstratConcursos\"]},{\"@type\":\"Person\",\"@id\":\"https:\/\/www.estrategiaconcursos.com.br\/blog\/#\/schema\/person\/84ecdc6eb58d3cf1689bf76c5cd8fb38\",\"name\":\"Camila Leite\",\"image\":{\"@type\":\"ImageObject\",\"inLanguage\":\"pt-BR\",\"@id\":\"https:\/\/secure.gravatar.com\/avatar\/f2f8faef639c8a2bfb7fb909912a56917f4c3a0aed064500168e2fb8ea55cf61?s=96&d=mm&r=g\",\"url\":\"https:\/\/secure.gravatar.com\/avatar\/f2f8faef639c8a2bfb7fb909912a56917f4c3a0aed064500168e2fb8ea55cf61?s=96&d=mm&r=g\",\"contentUrl\":\"https:\/\/secure.gravatar.com\/avatar\/f2f8faef639c8a2bfb7fb909912a56917f4c3a0aed064500168e2fb8ea55cf61?s=96&d=mm&r=g\",\"caption\":\"Camila Leite\"},\"description\":\"Formada em Design Gr\u00e1fico e em Propaganda e Marketing pela UNIP, integra a equipe de jornalismo do Estrat\u00e9gia Concursos desde 2018. Ao longo dos anos, construiu uma s\u00f3lida experi\u00eancia na produ\u00e7\u00e3o de conte\u00fado informativo e relevante para concurseiros. Desde 2020, atua na cobertura das \u00e1reas Fiscal \u2014 com \u00eanfase nas Secretarias de Fazenda (Sefaz) das regi\u00f5es Sul e Sudeste \u2014, al\u00e9m da cobertura de concursos federais, como CNU, Petrobras, CGU, Receita Federal, ag\u00eancias reguladoras (Anvisa, ANAC, entre outras) e INSS. Mant\u00e9m contato direto com os principais \u00f3rg\u00e3os p\u00fablicos, acompanhando editais, atualiza\u00e7\u00f5es e movimenta\u00e7\u00f5es importantes para os candidatos.\",\"sameAs\":[\"https:\/\/www.linkedin.com\/in\/camila-pinheiro-leite-9ba135b6\/\"],\"url\":\"https:\/\/www.estrategiaconcursos.com.br\/blog\/author\/camila-leiteestrategiaconcursos-com-br\/\"}]}<\/script>\n<!-- \/ Yoast SEO Premium plugin. -->","yoast_head_json":{"title":"Quando ser\u00e3o as provas do concurso Correios 2024?","description":"Com edital prometido para este m\u00eas, saiba quando devem ser aplicadas as provas do novo concurso dos Correios!","robots":{"index":"index","follow":"follow","max-snippet":"max-snippet:-1","max-image-preview":"max-image-preview:large","max-video-preview":"max-video-preview:-1"},"canonical":"https:\/\/www.estrategiaconcursos.com.br\/blog\/quando-serao-as-provas-concurso-correios\/","og_locale":"pt_BR","og_type":"article","og_title":"Quando ser\u00e3o as provas do concurso Correios 2024?","og_description":"Com edital prometido para este m\u00eas, saiba quando devem ser aplicadas as provas do novo concurso dos Correios!","og_url":"https:\/\/www.estrategiaconcursos.com.br\/blog\/quando-serao-as-provas-concurso-correios\/","og_site_name":"Estrat\u00e9gia Concursos","article_published_time":"2024-09-16T18:09:45+00:00","article_modified_time":"2025-01-22T16:18:17+00:00","og_image":[{"width":768,"height":432,"url":"https:\/\/dhg1h5j42swfq.cloudfront.net\/2023\/02\/02134723\/768-432-max-1.jpg","type":"image\/jpeg"}],"author":"Camila Leite","twitter_card":"summary_large_image","twitter_creator":"@EstratConcursos","twitter_site":"@EstratConcursos","twitter_misc":{"Escrito por":"Camila Leite","Est. tempo de leitura":"2 minutos"},"schema":{"@context":"https:\/\/schema.org","@graph":[{"@type":"NewsArticle","@id":"https:\/\/www.estrategiaconcursos.com.br\/blog\/quando-serao-as-provas-concurso-correios\/#article","isPartOf":{"@id":"https:\/\/www.estrategiaconcursos.com.br\/blog\/quando-serao-as-provas-concurso-correios\/"},"author":{"name":"Camila Leite","@id":"https:\/\/www.estrategiaconcursos.com.br\/blog\/#\/schema\/person\/84ecdc6eb58d3cf1689bf76c5cd8fb38"},"headline":"Quando ser\u00e3o as provas do concurso Correios 2024?","datePublished":"2024-09-16T18:09:45+00:00","dateModified":"2025-01-22T16:18:17+00:00","mainEntityOfPage":{"@id":"https:\/\/www.estrategiaconcursos.com.br\/blog\/quando-serao-as-provas-concurso-correios\/"},"wordCount":372,"commentCount":0,"publisher":{"@id":"https:\/\/www.estrategiaconcursos.com.br\/blog\/#organization"},"image":{"@id":"https:\/\/www.estrategiaconcursos.com.br\/blog\/quando-serao-as-provas-concurso-correios\/#primaryimage"},"thumbnailUrl":"https:\/\/dhg1h5j42swfq.cloudfront.net\/2023\/02\/02134723\/768-432-max-1.jpg","articleSection":["Executivo (Administrativa)","\u00daltimas not\u00edcias"],"inLanguage":"pt-BR","potentialAction":[{"@type":"CommentAction","name":"Comment","target":["https:\/\/www.estrategiaconcursos.com.br\/blog\/quando-serao-as-provas-concurso-correios\/#respond"]}],"copyrightYear":"2024","copyrightHolder":{"@id":"https:\/\/www.estrategiaconcursos.com.br\/blog\/#organization"}},{"@type":"WebPage","@id":"https:\/\/www.estrategiaconcursos.com.br\/blog\/quando-serao-as-provas-concurso-correios\/","url":"https:\/\/www.estrategiaconcursos.com.br\/blog\/quando-serao-as-provas-concurso-correios\/","name":"Quando ser\u00e3o as provas do concurso Correios 2024?","isPartOf":{"@id":"https:\/\/www.estrategiaconcursos.com.br\/blog\/#website"},"primaryImageOfPage":{"@id":"https:\/\/www.estrategiaconcursos.com.br\/blog\/quando-serao-as-provas-concurso-correios\/#primaryimage"},"image":{"@id":"https:\/\/www.estrategiaconcursos.com.br\/blog\/quando-serao-as-provas-concurso-correios\/#primaryimage"},"thumbnailUrl":"https:\/\/dhg1h5j42swfq.cloudfront.net\/2023\/02\/02134723\/768-432-max-1.jpg","datePublished":"2024-09-16T18:09:45+00:00","dateModified":"2025-01-22T16:18:17+00:00","description":"Com edital prometido para este m\u00eas, saiba quando devem ser aplicadas as provas do novo concurso dos Correios!","breadcrumb":{"@id":"https:\/\/www.estrategiaconcursos.com.br\/blog\/quando-serao-as-provas-concurso-correios\/#breadcrumb"},"inLanguage":"pt-BR","potentialAction":[{"@type":"ReadAction","target":["https:\/\/www.estrategiaconcursos.com.br\/blog\/quando-serao-as-provas-concurso-correios\/"]}]},{"@type":"ImageObject","inLanguage":"pt-BR","@id":"https:\/\/www.estrategiaconcursos.com.br\/blog\/quando-serao-as-provas-concurso-correios\/#primaryimage","url":"https:\/\/dhg1h5j42swfq.cloudfront.net\/2023\/02\/02134723\/768-432-max-1.jpg","contentUrl":"https:\/\/dhg1h5j42swfq.cloudfront.net\/2023\/02\/02134723\/768-432-max-1.jpg","width":768,"height":432,"caption":"Prazo de recursos do Concurso Correios termina hoje \u00e0s 17h!"},{"@type":"BreadcrumbList","@id":"https:\/\/www.estrategiaconcursos.com.br\/blog\/quando-serao-as-provas-concurso-correios\/#breadcrumb","itemListElement":[{"@type":"ListItem","position":1,"name":"In\u00edcio","item":"https:\/\/www.estrategiaconcursos.com.br\/blog\/"},{"@type":"ListItem","position":2,"name":"Quando ser\u00e3o as provas do concurso Correios 2024?"}]},{"@type":"WebSite","@id":"https:\/\/www.estrategiaconcursos.com.br\/blog\/#website","url":"https:\/\/www.estrategiaconcursos.com.br\/blog\/","name":"Estrat\u00e9gia Concursos","description":"O blog da Estrat\u00e9gia Concursos traz not\u00edcias sobre concursos e artigos de professores oferecendo cursos para concursos (pdf + videaulas) no site.","publisher":{"@id":"https:\/\/www.estrategiaconcursos.com.br\/blog\/#organization"},"potentialAction":[{"@type":"SearchAction","target":{"@type":"EntryPoint","urlTemplate":"https:\/\/www.estrategiaconcursos.com.br\/blog\/?s={search_term_string}"},"query-input":{"@type":"PropertyValueSpecification","valueRequired":true,"valueName":"search_term_string"}}],"inLanguage":"pt-BR"},{"@type":"Organization","@id":"https:\/\/www.estrategiaconcursos.com.br\/blog\/#organization","name":"Estrat\u00e9gia Concursos","url":"https:\/\/www.estrategiaconcursos.com.br\/blog\/","logo":{"@type":"ImageObject","inLanguage":"pt-BR","@id":"https:\/\/www.estrategiaconcursos.com.br\/blog\/#\/schema\/logo\/image\/","url":"https:\/\/dhg1h5j42swfq.cloudfront.net\/2025\/06\/03203428\/logo_concursos-1.jpg","contentUrl":"https:\/\/dhg1h5j42swfq.cloudfront.net\/2025\/06\/03203428\/logo_concursos-1.jpg","width":230,"height":60,"caption":"Estrat\u00e9gia Concursos"},"image":{"@id":"https:\/\/www.estrategiaconcursos.com.br\/blog\/#\/schema\/logo\/image\/"},"sameAs":["https:\/\/x.com\/EstratConcursos"]},{"@type":"Person","@id":"https:\/\/www.estrategiaconcursos.com.br\/blog\/#\/schema\/person\/84ecdc6eb58d3cf1689bf76c5cd8fb38","name":"Camila Leite","image":{"@type":"ImageObject","inLanguage":"pt-BR","@id":"https:\/\/secure.gravatar.com\/avatar\/f2f8faef639c8a2bfb7fb909912a56917f4c3a0aed064500168e2fb8ea55cf61?s=96&d=mm&r=g","url":"https:\/\/secure.gravatar.com\/avatar\/f2f8faef639c8a2bfb7fb909912a56917f4c3a0aed064500168e2fb8ea55cf61?s=96&d=mm&r=g","contentUrl":"https:\/\/secure.gravatar.com\/avatar\/f2f8faef639c8a2bfb7fb909912a56917f4c3a0aed064500168e2fb8ea55cf61?s=96&d=mm&r=g","caption":"Camila Leite"},"description":"Formada em Design Gr\u00e1fico e em Propaganda e Marketing pela UNIP, integra a equipe de jornalismo do Estrat\u00e9gia Concursos desde 2018. Ao longo dos anos, construiu uma s\u00f3lida experi\u00eancia na produ\u00e7\u00e3o de conte\u00fado informativo e relevante para concurseiros. Desde 2020, atua na cobertura das \u00e1reas Fiscal \u2014 com \u00eanfase nas Secretarias de Fazenda (Sefaz) das regi\u00f5es Sul e Sudeste \u2014, al\u00e9m da cobertura de concursos federais, como CNU, Petrobras, CGU, Receita Federal, ag\u00eancias reguladoras (Anvisa, ANAC, entre outras) e INSS. Mant\u00e9m contato direto com os principais \u00f3rg\u00e3os p\u00fablicos, acompanhando editais, atualiza\u00e7\u00f5es e movimenta\u00e7\u00f5es importantes para os candidatos.","sameAs":["https:\/\/www.linkedin.com\/in\/camila-pinheiro-leite-9ba135b6\/"],"url":"https:\/\/www.estrategiaconcursos.com.br\/blog\/author\/camila-leiteestrategiaconcursos-com-br\/"}]}},"_links":{"self":[{"href":"https:\/\/www.estrategiaconcursos.com.br\/blog\/wp-json\/wp\/v2\/posts\/1462607","targetHints":{"allow":["GET"]}}],"collection":[{"href":"https:\/\/www.estrategiaconcursos.com.br\/blog\/wp-json\/wp\/v2\/posts"}],"about":[{"href":"https:\/\/www.estrategiaconcursos.com.br\/blog\/wp-json\/wp\/v2\/types\/post"}],"author":[{"embeddable":true,"href":"https:\/\/www.estrategiaconcursos.com.br\/blog\/wp-json\/wp\/v2\/users\/659"}],"replies":[{"embeddable":true,"href":"https:\/\/www.estrategiaconcursos.com.br\/blog\/wp-json\/wp\/v2\/comments?post=1462607"}],"version-history":[{"count":8,"href":"https:\/\/www.estrategiaconcursos.com.br\/blog\/wp-json\/wp\/v2\/posts\/1462607\/revisions"}],"predecessor-version":[{"id":1520769,"href":"https:\/\/www.estrategiaconcursos.com.br\/blog\/wp-json\/wp\/v2\/posts\/1462607\/revisions\/1520769"}],"wp:featuredmedia":[{"embeddable":true,"href":"https:\/\/www.estrategiaconcursos.com.br\/blog\/wp-json\/wp\/v2\/media\/1163865"}],"wp:attachment":[{"href":"https:\/\/www.estrategiaconcursos.com.br\/blog\/wp-json\/wp\/v2\/media?parent=1462607"}],"wp:term":[{"taxonomy":"category","embeddable":true,"href":"https:\/\/www.estrategiaconcursos.com.br\/blog\/wp-json\/wp\/v2\/categories?post=1462607"},{"taxonomy":"post_tag","embeddable":true,"href":"https:\/\/www.estrategiaconcursos.com.br\/blog\/wp-json\/wp\/v2\/tags?post=1462607"},{"taxonomy":"tax_estado","embeddable":true,"href":"https:\/\/www.estrategiaconcursos.com.br\/blog\/wp-json\/wp\/v2\/tax_estado?post=1462607"}],"curies":[{"name":"wp","href":"https:\/\/api.w.org\/{rel}","templated":true}]}}