{"id":146230,"date":"2018-10-23T15:10:38","date_gmt":"2018-10-23T18:10:38","guid":{"rendered":"https:\/\/www.estrategiaconcursos.com.br\/blog\/?p=146230"},"modified":"2021-01-11T08:26:57","modified_gmt":"2021-01-11T11:26:57","slug":"resultado-oab-xxvi","status":"publish","type":"post","link":"https:\/\/www.estrategiaconcursos.com.br\/blog\/resultado-oab-xxvi\/","title":{"rendered":"Resultado OAB: saiu a lista definitiva dos aprovados na 2\u00aa fase do XXVI Exame de Ordem"},"content":{"rendered":"\n<p><span style=\"font-size: 24px;\"><i>FGV disponibiliza lista definitiva completa do Resultado OAB 2\u00aa Fase<\/i><\/span><\/p>\n\n\n\n<p>A Funda\u00e7\u00e3o Get\u00falio Vargas e o Conselho Federal da OAB divulgaram hoje o resultado definitivo da 2\u00aa fase do XXVI Exame de Ordem da OAB, cuja prova foi aplicada em 16 de setembro.<\/p>\n\n\n\n<p>A Coordena\u00e7\u00e3o Nacional do Exame de Ordem, juntamente com a FGV, tamb\u00e9m divulgou o resultado dos recursos das provas pr\u00e1tico-profissionais, que voc\u00ea pode conferir clicando <a href=\"http:\/\/177.184.8.165\/inscricao\/oab182_recurso_dis\/respostas.cfm\" target=\"_blank\" rel=\"noopener noreferrer\">aqui<\/a>.<\/p>\n\n\n\n<p>As inscri\u00e7\u00f5es para a repescagem se iniciam em&nbsp;<strong>20 de novembro&nbsp;<\/strong>e v\u00e3o at\u00e9 o dia&nbsp;<strong>27 de novembro<\/strong>. Para saber tudo sobre o edital de reaproveitamento, <a href=\"https:\/\/www.estrategiaoab.com.br\/repescagem-oab-xxvii\/\" target=\"_blank\" rel=\"noopener noreferrer\">clique aqui.<\/a><\/p>\n\n\n\n<p>Clique no&nbsp;<em>link<\/em> abaixo e confira a lista completa dos aprovados no XXVI Exame de Ordem:<\/p>\n\n\n\n<p><span style=\"font-size: 24pt;\"><a href=\"https:\/\/dhg1h5j42swfq.cloudfront.net\/2018\/10\/23150708\/Resultado-OAB.pdf\">Resultado definitivo do XXVI Exame de Ordem<\/a><\/span><\/p>\n\n\n\n<h2 class=\"wp-block-heading\" id=\"h-cursos-para-o-exame-da-oab\"><a rel=\"noopener noreferrer\" href=\"https:\/\/www.estrategiaconcursos.com.br\/pesquisa\/?q=oab\" target=\"_blank\"><em><span style=\"font-size: 14pt;\">Cursos para o Exame da OAB<\/span><\/em><\/a><\/h2>\n\n\n\n<p class=\"has-very-light-gray-background-color has-background has-medium-font-size\"><a rel=\"noreferrer noopener\" aria-label=\"Se voc\u00ea est\u00e1 procurando o Resultado da 2\u00aa fase do XXVII Exame de Ordem, clique aqui! (opens in a new tab)\" href=\"https:\/\/www.estrategiaconcursos.com.br\/blog\/resultado-oab-xxvii\/\" target=\"_blank\">Se voc\u00ea est\u00e1 procurando o Resultado da 2\u00aa fase do <strong>XXVII Exame de Ordem<\/strong>, clique aqui!<\/a><\/p>\n\n\n\n<p><strong><span style=\"font-size: 18pt;\">O que fazer depois da aprova\u00e7\u00e3o?<\/span><\/strong><\/p>\n\n\n\n<p>Ser aprovado no Exame de Ordem \u00e9 o momento culminante depois de v\u00e1rios anos de esfor\u00e7o e de dedica\u00e7\u00e3o, conciliando estudos, pesquisas, est\u00e1gios, al\u00e9m do per\u00edodo de prepara\u00e7\u00e3o para as provas.<\/p>\n\n\n\n<p>Todo esse tempo de dedica\u00e7\u00e3o \u00e9 bem recompensado com a divulga\u00e7\u00e3o do resultado da prova pr\u00e1tico-profissional.<\/p>\n\n\n\n<p>Ver o pr\u00f3prio nome estampado na lista \u00e9 uma sensa\u00e7\u00e3o indescrit\u00edvel.<\/p>\n\n\n\n<p>Depois de muita comemora\u00e7\u00e3o \u2013 todo aprovado merece \u2013 surge o questionamento:&nbsp;<i>E&nbsp;<\/i><i>agora?<\/i><\/p>\n\n\n\n<p>Depois de passar por esse dif\u00edcil teste, como um&nbsp;<b>aprovado<\/b>&nbsp;no Exame de Ordem se torna um&nbsp;<b>advogado<\/b>?<\/p>\n\n\n\n<p>Essa metamorfose de&nbsp;<b>bacharel&nbsp;<\/b>em&nbsp;<b>advogado&nbsp;<\/b>inscrito na OAB gera muitas d\u00favidas e envolve uma s\u00e9rie de quest\u00f5es burocr\u00e1ticas.<\/p>\n\n\n\n<p>Para te auxiliar neste processo, segue aqui um pequeno guia que pretende esclarecer ao m\u00e1ximo as peculiaridades da inscri\u00e7\u00e3o de advogados na OAB.<\/p>\n\n\n\n<p>Tamb\u00e9m vamos discutir a quest\u00e3o da&nbsp;<b>anuidade<\/b>&nbsp;da OAB e seu funcionamento. Vamos l\u00e1?<\/p>\n\n\n\n<h2 class=\"wp-block-heading\" id=\"h-o-momento-da-inscri-o\">O momento da inscri\u00e7\u00e3o<\/h2>\n\n\n\n<p>Para se inscrever nos quadros da advocacia, \u00e9 necess\u00e1rio, primeiro, que o&nbsp;<strong>resultado<\/strong>&nbsp;do Exame de Ordem tenha sido publicado.<\/p>\n\n\n\n<p>Uma parte das seccionais da OAB exige, dentre os documentos necess\u00e1rios \u00e0 inscri\u00e7\u00e3o, a apresenta\u00e7\u00e3o do&nbsp;<strong>Certificado de Aprova\u00e7\u00e3o no Exame de Ordem<\/strong>. Muitas seccionais, com processos mais informatizados, consultam a aprova\u00e7\u00e3o em seus pr\u00f3prios sistemas.<\/p>\n\n\n\n<p>Este certificado normalmente \u00e9 requerido \u00e0queles que se inscrevem em uma seccional da Ordem diferente daquela em que prestou o Exame.<\/p>\n\n\n\n<p>Por exemplo, o aprovado se submeteu ao Exame de Ordem no Distrito Federal e deseja se inscrever em S\u00e3o Paulo como advogado.<\/p>\n\n\n\n<p>Para tanto, ser\u00e1 necess\u00e1rio solicitar a expedi\u00e7\u00e3o do documento e pagar a respectiva taxa.<\/p>\n\n\n\n<h2 class=\"wp-block-heading\" id=\"h-a-pr-inscri-o\">A pr\u00e9-inscri\u00e7\u00e3o<\/h2>\n\n\n\n<p>Muitas seccionais da OAB, como a de S\u00e3o Paulo, t\u00eam disponibilizado um servi\u00e7o de pr\u00e9-inscri\u00e7\u00e3o: o aprovado pode fazer um agendamento de sua inscri\u00e7\u00e3o, para evitar enfrentar filas na hora de levar a documenta\u00e7\u00e3o.<\/p>\n\n\n\n<p>Lembre-se que a pr\u00e9-inscri\u00e7\u00e3o n\u00e3o costuma ser obrigat\u00f3ria e n\u00e3o envolve taxas: trata-se de uma facilidade disponibilizada a fim de organizar melhor o atendimento na seccional.<\/p>\n\n\n\n<h2 class=\"wp-block-heading\" id=\"h-documentos-necess-rios\">Documentos necess\u00e1rios<\/h2>\n\n\n\n<p>A documenta\u00e7\u00e3o necess\u00e1ria \u00e0 inscri\u00e7\u00e3o definitiva de advogado na OAB sofre pequenas varia\u00e7\u00f5es de seccional para seccional.<\/p>\n\n\n\n<p>Para voc\u00ea ter uma ideia geral da documenta\u00e7\u00e3o que dever\u00e1 ser apresentada, preparamos uma lista com aquilo que mais usualmente consta nas exig\u00eancias das v\u00e1rias seccionais da Ordem pelo pa\u00eds:<\/p>\n\n\n\n<p><strong>a)<\/strong>&nbsp;<em>C\u00f3pia autenticada do hist\u00f3rico ou diploma expedido pela faculdade;&nbsp;<\/em><\/p>\n\n\n\n<p><strong>b)<\/strong>&nbsp;<em>Certid\u00e3o de aprova\u00e7\u00e3o no Exame de Ordem (muitas seccionais n\u00e3o a exigem para aqueles que se submeteram aos Exames Unificados)<\/em>;<\/p>\n\n\n\n<p><strong>c)<\/strong>&nbsp;<em>Certid\u00e3o de cola\u00e7\u00e3o de grau autenticada (se a data da cola\u00e7\u00e3o n\u00e3o constar no diploma ou no hist\u00f3rico escolar)<\/em>;<\/p>\n\n\n\n<p><strong>d)<\/strong>&nbsp;<em>Certid\u00e3o de inteiro teor caso tenha tido inscri\u00e7\u00e3o em outra Secional<\/em>;<\/p>\n\n\n\n<p><strong>e)<\/strong>&nbsp;<em>Certid\u00e3o de execu\u00e7\u00f5es criminais do Tribunal de Justi\u00e7a local<\/em><br \/><strong><br \/><\/strong><b><strong>f)<\/strong><\/b>&nbsp;<em>Certid\u00e3o de distribui\u00e7\u00e3o da Justi\u00e7a Federal de primeiro grau local<\/em>;<\/p>\n\n\n\n<p><strong>g)<\/strong>&nbsp;<em>Documentos pessoais originais: RG, CPF, T\u00edtulo de Eleitor (at\u00e9 70 anos) e Reservista (at\u00e9 45 anos)<\/em>;<br \/><strong><br \/><\/strong><strong>h)<\/strong>&nbsp;<em>01 foto 3&#215;4 fundo branco&nbsp;em trajes condizentes para o exerc\u00edcio da profiss\u00e3o perante qualquer ju\u00edzo ou tribunal<\/em>;<\/p>\n\n\n\n<p><strong>i)<\/strong>&nbsp;<em>Se em algum documento pessoal constar diverg\u00eancia no nome, dever\u00e1 ser apresentada c\u00f3pia autenticada do documento oficial onde conste a devida averba\u00e7\u00e3o<\/em>;<\/p>\n\n\n\n<p><strong>j)<\/strong>&nbsp;<em>Provar, se for o caso, condi\u00e7\u00e3o de aposentado ou reformado por meio de certid\u00e3o<\/em>;<\/p>\n\n\n\n<p><strong>k)<\/strong>&nbsp;<em>Documento oficial comprovando desligamento de est\u00e1gio ou fun\u00e7\u00e3o quando estes forem realizados ou ocupados em \u00f3rg\u00e3os p\u00fablicos<\/em>;<\/p>\n\n\n\n<p><strong>l)<\/strong>&nbsp;<em>C\u00f3pia autenticada de t\u00edtulo de naturaliza\u00e7\u00e3o, para brasileiros naturalizados<\/em>;<\/p>\n\n\n\n<p><strong>m)<\/strong>&nbsp;<em>Carteira de identidade de estrangeiro (RNE), para estrangeiros formados no Brasil<\/em>;<\/p>\n\n\n\n<p><strong>n)<\/strong>&nbsp;<em>No caso de possuir antecedentes criminais, apresentar certid\u00e3o de objeto e p\u00e9, bem como c\u00f3pias da den\u00fancia\/processo, se houver<\/em>.<\/p>\n\n\n\n<p><strong>Lembre-se:&nbsp;<\/strong>&nbsp;A validade das certid\u00f5es s\u00e3o de 60 dias ap\u00f3s a data de emiss\u00e3o.<\/p>\n\n\n\n<p>N\u00e3o deixe de conferir a lista completa no portal da Ordem dos Advogados do Brasil do seu Estado. Esta lista serve apenas de guia, para que voc\u00ea possa compreender melhor o processo de inscri\u00e7\u00e3o.<\/p>\n\n\n\n<p>Algumas seccionais, como S\u00e3o Paulo, disponibilizam um formul\u00e1rio de&nbsp;<strong>pr\u00e9-inscri\u00e7\u00e3o<\/strong>: assim, o aprovado pode j\u00e1 preencher uma s\u00e9rie de dados e agendar a data mais conveniente para comparecer \u00e0 sede da Ordem.<\/p>\n\n\n\n<h2 class=\"wp-block-heading\" id=\"h-confira-aqui-as-exig-ncias-da-sua-seccional\">Confira aqui as exig\u00eancias da sua seccional<\/h2>\n\n\n\n<p>Para te ajudar a encontrar os dados relativos ao seu Estado de origem disponibilizamos uma lista com as informa\u00e7\u00f5es relativas a todas as se\u00e7\u00f5es da OAB.&nbsp; Confira abaixo:<\/p>\n\n\n\n<p><a href=\"http:\/\/www.oabac.org.br\/servicos-on-line\/inscricao-na-oabac\/\" target=\"_blank\" rel=\"noopener noreferrer\">OAB\/AC<\/a>&nbsp;|&nbsp;<a href=\"http:\/\/www.oab-al.org.br\/#\/oab\/categoria\/servicos\/artigo\/14\/inscricao-de-advogado\" target=\"_blank\" rel=\"noopener noreferrer\">OAB\/AL<\/a>&nbsp;|&nbsp;<a href=\"http:\/\/www.oabap.org.br\/documentos-obrigatorios\" target=\"_blank\" rel=\"noopener noreferrer\">OAB\/AP<\/a>&nbsp;|&nbsp;<a href=\"http:\/\/oabam.org.br\/site\/definitiva\/\" target=\"_blank\" rel=\"noopener noreferrer\">OAB\/AM<\/a>&nbsp;|&nbsp;<a href=\"http:\/\/www.oab-ba.org.br\/servicos\/secretaria-de-inscricoes\/inscricoes-on-line\/\" target=\"_blank\" rel=\"noopener noreferrer\">OAB\/BA<\/a>&nbsp;|&nbsp;<a href=\"http:\/\/oabce.org.br\/servicos\/inscricoes\/\" target=\"_blank\" rel=\"noopener noreferrer\">OAB\/CE<\/a>&nbsp;|&nbsp;<a href=\"http:\/\/www.oabdf.org.br\/servicos\/geral\/inscricao-oabdf\/\" target=\"_blank\" rel=\"noopener noreferrer\">OAB\/DF<\/a>&nbsp;|&nbsp;<a href=\"http:\/\/www.oabes.org.br\/habilitacao-e-inscricao\/\" target=\"_blank\" rel=\"noopener noreferrer\">OAB\/ES<\/a>&nbsp;|&nbsp;<a href=\"http:\/\/www.oabgo.org.br\/oab\/servicos\/inscricao\/inscricao-principal-originaria\" target=\"_blank\" rel=\"noopener noreferrer\">OAB\/GO<\/a>&nbsp;|&nbsp;<a href=\"http:\/\/www.oabma.org.br\/servicos\/solicitacao-de-inscricao\" target=\"_blank\" rel=\"noopener noreferrer\">OAB\/MA<\/a><\/p>\n\n\n\n<p><a href=\"http:\/\/www.oabms.org.br\/selec_adv_docs.php?titulo=Documentos%20Inscri\u00e7\u00e3o%20Origin\u00e1ria\" target=\"_blank\" rel=\"noopener noreferrer\">OAB\/MS<\/a>&nbsp;|&nbsp;<a href=\"http:\/\/servicos.oabmt.org.br:8080\/atualizacaocadastralonline\/precadastro\/formularioprecadastroverifica.aspx\" target=\"_blank\" rel=\"noopener noreferrer\">OAB\/MT<\/a>&nbsp;|&nbsp;<a href=\"http:\/\/www.oabmg.org.br\/secretaria\/home\/inscricaonosquadrosdaoab\" target=\"_blank\" rel=\"noopener noreferrer\">OAB\/MG<\/a>&nbsp;|&nbsp;<a href=\"https:\/\/s3-sa-east-1.amazonaws.com\/estrategia-blogs-prod\/oab\/wp-content\/uploads\/2018\/02\/23134932\/RELAO-DE-DOCUMENTOS-PRINCIPAL-.pdf\">OAB\/PA<\/a>&nbsp;|&nbsp;<a href=\"https:\/\/www.oabpr.org.br\/documentos-inscricao-principal\/\" target=\"_blank\" rel=\"noopener noreferrer\">OAB\/PR<\/a>&nbsp;|&nbsp;<a href=\"http:\/\/portal.oabpb.org.br\/documentos-para-inscricao.php\" target=\"_blank\" rel=\"noopener noreferrer\">OAB\/PB<\/a>&nbsp;|&nbsp;<a href=\"http:\/\/portal.oabpb.org.br\/documentos-para-inscricao.php\" target=\"_blank\" rel=\"noopener noreferrer\">OAB\/PR<\/a>&nbsp;|&nbsp;<a href=\"https:\/\/s3-sa-east-1.amazonaws.com\/estrategia-blogs-prod\/oab\/wp-content\/uploads\/2018\/02\/23135933\/Inscri%C3%A7%C3%B5es-Procedimentos-OAB-PE.pdf\">OAB\/PE<\/a>&nbsp;|&nbsp;<a href=\"http:\/\/www.oabpi.org.br\/inscricoes\" target=\"_blank\" rel=\"noopener noreferrer\">OAB\/PI<\/a>&nbsp;|&nbsp;<a href=\"http:\/\/www.oabrj.org.br\/inscricao-nos-quadros\" target=\"_blank\" rel=\"noopener noreferrer\">OAB\/RJ<\/a><\/p>\n\n\n\n<p><a href=\"http:\/\/oab-rn.org.br\/2017\/p\/inscricoes\" target=\"_blank\" rel=\"noopener noreferrer\">OAB\/RN<\/a>&nbsp;|&nbsp;<a href=\"https:\/\/s3-sa-east-1.amazonaws.com\/estrategia-blogs-prod\/oab\/wp-content\/uploads\/2018\/02\/23140720\/OAB-RS.pdf\" target=\"_blank\" rel=\"noopener noreferrer\">OAB\/RS<\/a>&nbsp;|&nbsp;<a href=\"http:\/\/www.oab-ro.org.br\/core\/pedido-de-inscricao\/\" target=\"_blank\" rel=\"noopener noreferrer\">OAB\/RO<\/a>&nbsp;|&nbsp;<a href=\"http:\/\/www.oabrr.org.br\/documentos-obrigatorios\/\" target=\"_blank\" rel=\"noopener noreferrer\">OAB\/RR<\/a>&nbsp;|&nbsp;<a href=\"http:\/\/www.oab-sc.org.br\/secretaria-inscricao-advogados-e-estagiarios--provisoria-originaria-suplementar-transferencia-ou-transformacao\/2\" target=\"_blank\" rel=\"noopener noreferrer\">OAB\/SC<\/a>&nbsp;|&nbsp;<a href=\"http:\/\/www.oabsp.org.br\/informacoesuteis\/duvidasfrequentes\/inscricao-de-advogado-inscricao-definitiva\" target=\"_blank\" rel=\"noopener noreferrer\">OAB\/SP<\/a>&nbsp;|&nbsp;<a href=\"http:\/\/oabsergipe.org.br\/documentos-para-inscricao\/#1488887064039-5b76c484-c5e0\" target=\"_blank\" rel=\"noopener noreferrer\">OAB\/SE<\/a>&nbsp;|&nbsp;<a href=\"http:\/\/www.oabto.org.br\/pagina-documentos-obrigatorios\" target=\"_blank\" rel=\"noopener noreferrer\">OAB\/TO<\/a><\/p>\n\n\n\n<h2 class=\"wp-block-heading\" id=\"h-aprovados-que-ainda-est-o-na-faculdade\">Aprovados que ainda est\u00e3o na faculdade<\/h2>\n\n\n\n<p>A Ordem dos Advogados do Brasil autoriza que os estudantes do 9\u00ba e 10\u00ba semestre do curso de bacharelado em Direito se submetam ao Exame de Ordem. Inscrever-se como advogado, no entanto, n\u00e3o \u00e9 poss\u00edvel: \u00e9 necess\u00e1rio ter&nbsp;<b>conclu\u00eddo a gradua\u00e7\u00e3o<\/b>.<\/p>\n\n\n\n<p>Quem se encontra nessa situa\u00e7\u00e3o deve esperar a realiza\u00e7\u00e3o da&nbsp;<strong>cola\u00e7\u00e3o de grau&nbsp;<\/strong>e apresentar um&nbsp;<strong>certificado de conclus\u00e3o<\/strong>, juntamente com o&nbsp;<strong>hist\u00f3rico escolar&nbsp;<\/strong>da gradua\u00e7\u00e3o.<\/p>\n\n\n\n<p>Muitas vezes a emiss\u00e3o do diploma demora alguns meses, por isso o certificado de conclus\u00e3o, emitido de maneira oficial, substitui o diploma para fins de inscri\u00e7\u00e3o na Ordem.<\/p>\n\n\n\n<h2 class=\"wp-block-heading\" id=\"h-taxas-e-anuidade\">Taxas e Anuidade<\/h2>\n\n\n\n<p>As taxas relativas \u00e0 inscri\u00e7\u00e3o tamb\u00e9m s\u00e3o muito vari\u00e1veis. Cada seccional da Ordem tem independ\u00eancia para fixar os valores que dever\u00e3o ser pagos como taxa de inscri\u00e7\u00e3o, emiss\u00e3o de cart\u00e3o e de carteira de advogado. Al\u00e9m disso h\u00e1 a anuidade.<\/p>\n\n\n\n<p>\u00c9 pr\u00e1tica corrente o estabelecimento de um desconto de&nbsp;<strong>50%<\/strong>&nbsp;na anuidade de rec\u00e9m-inscritos, como uma forma de auxiliar o jovem advogado no in\u00edcio de carreira.<\/p>\n\n\n\n<p>Tamb\u00e9m \u00e9 comum o estabelecimento de descontos&nbsp;<strong>progressivos<\/strong>, do primeiro ao terceiro ano de inscri\u00e7\u00e3o, at\u00e9 que o advogado passe a pagar o valor da anuidade completa.<\/p>\n\n\n\n<p>No Estado de S\u00e3o Paulo, o valor pago na primeira inscri\u00e7\u00e3o varia de acordo com o m\u00eas em que ela \u00e9 realizada.<\/p>\n\n\n\n<p>A t\u00edtulo de exemplo, aqueles que resolverem requerer sua inscri\u00e7\u00e3o em&nbsp;<strong>&nbsp;outubro de 2018<\/strong>&nbsp;dever\u00e3o pagar os seguintes valores:<\/p>\n\n\n\n<p><strong>Taxa de inscri\u00e7\u00e3o<\/strong>: R$ 277,80<\/p>\n\n\n\n<p><strong>Carteira 1\u00aa via:&nbsp;<\/strong>R$ 277,80<\/p>\n\n\n\n<p><strong>Cart\u00e3o 1\u00aa via:<\/strong>&nbsp;R$&nbsp;76,90<\/p>\n\n\n\n<p><strong>Anuidade<\/strong>: R$ 166,22<\/p>\n\n\n\n<p>Na OAB\/SP, os&nbsp;valores das taxas ser\u00e3o emitidos por meio de boletos que ser\u00e3o entregues no ato da inscri\u00e7\u00e3o ao requerente e s\u00e3o parcelados da seguinte forma:<\/p>\n\n\n\n<p><strong>Taxa de Inscri\u00e7\u00e3o<\/strong><em>&nbsp;&#8211; Vencimento para o pr\u00f3ximo dia \u00fatil<\/em>.<\/p>\n\n\n\n<p><strong>Carteira \/ Cart\u00e3o<\/strong>&nbsp;&#8211;&nbsp;<em>Vencimento para 30 dias<\/em>.<\/p>\n\n\n\n<p><strong>Anuidade<\/strong>&nbsp;&#8211;&nbsp;<em>Vencimento para 60 dias, sendo que, o pagamento do valor da anuidade poder\u00e1 ser realizado<\/em>:<br \/><strong>a.<\/strong>&nbsp;<em>Cota \u00fanica com desconto de 3% ou (condi\u00e7\u00e3o somente para anuidade)<\/em>;<br \/><strong>b.<\/strong>&nbsp;<em>Parcelado at\u00e9 o final do ano vigente sem desconto (condi\u00e7\u00e3o somente para anuidade).<\/em><\/p>\n\n\n\n<p>A anuidade \u00e9 devida pelo advogado inscrito e a falta de pagamento pode acarretar a suspens\u00e3o do inadimplente dos quadros da Ordem.<\/p>\n\n\n\n<h2 class=\"wp-block-heading\" id=\"h-prazos\">Prazos<\/h2>\n\n\n\n<p>As seccionais locais da OAB tem seus pr\u00f3prios prazos para o deferimento das inscri\u00e7\u00f5es, tal como para a realiza\u00e7\u00e3o da&nbsp;<strong>solenidade<\/strong>&nbsp;de entrega da carteira de advogado.<\/p>\n\n\n\n<p>Em S\u00e3o Paulo, o deferimento ocorre por volta de 20 dias \u00fateis ap\u00f3s a realiza\u00e7\u00e3o do requerimento de inscri\u00e7\u00e3o. A solenidade de entrega da carteira, momento muito especial na vida de qualquer advogado, \u00e9 marcada normalmente dentro de um prazo de 90 dias ap\u00f3s a inscri\u00e7\u00e3o ter sido aprovada.<\/p>\n\n\n\n<h2 class=\"wp-block-heading\" id=\"h-comece-a-se-preparar\">Comece a se preparar<\/h2>\n\n\n\n<p>Agora voc\u00ea j\u00e1 tem todas as informa\u00e7\u00f5es sobre como funciona o processo de inscri\u00e7\u00e3o na OAB. Est\u00e1 pronto para se tornar um advogado? E se voc\u00ea ainda est\u00e1 se&nbsp;<strong>preparando<\/strong>&nbsp;ou pensa em se preparar para o Exame de Ordem, confira nossos&nbsp;<a href=\"https:\/\/www.estrategiaconcursos.com.br\/pesquisa\/?q=oab\" target=\"_blank\" rel=\"noopener noreferrer\"><strong>Cursos Preparat\u00f3rios para o Exame da OAB.<\/strong><\/a><\/p>\n","protected":false},"excerpt":{"rendered":"<p>FGV disponibiliza lista definitiva completa do Resultado OAB 2\u00aa Fase A Funda\u00e7\u00e3o Get\u00falio Vargas e o Conselho Federal da OAB divulgaram hoje o resultado definitivo da 2\u00aa fase do XXVI Exame de Ordem da OAB, cuja prova foi aplicada em 16 de setembro. A Coordena\u00e7\u00e3o Nacional do Exame de Ordem, juntamente com a FGV, tamb\u00e9m [&hellip;]<\/p>\n","protected":false},"author":180,"featured_media":136817,"comment_status":"open","ping_status":"closed","sticky":false,"template":"","format":"standard","meta":{"post_tipo":"article","footnotes":""},"categories":[1],"tags":[],"tax_estado":[219963],"class_list":["post-146230","post","type-post","status-publish","format-standard","has-post-thumbnail","hentry","category-cursos-e-concursos","tax_estado-concursos-federais"],"acf":[],"yoast_head":"<!-- This site is optimized with the Yoast SEO Premium plugin v27.2 (Yoast SEO v27.2) - https:\/\/yoast.com\/product\/yoast-seo-premium-wordpress\/ -->\n<title>Resultado OAB: saiu a lista dos aprovados na 2\u00aa fase do XXVI Exame de Ordem<\/title>\n<meta name=\"description\" content=\"Resultado OAB: saiu a lista de aprovados na 2\u00aa fase do XXVI Exame de Ordem. Confira todas as informa\u00e7\u00f5es e saiba como se inscrever na OAB!\" \/>\n<meta name=\"robots\" content=\"index, follow, max-snippet:-1, max-image-preview:large, max-video-preview:-1\" \/>\n<link rel=\"canonical\" href=\"https:\/\/www.estrategiaconcursos.com.br\/blog\/resultado-oab-xxvi\/\" \/>\n<meta property=\"og:locale\" content=\"pt_BR\" \/>\n<meta property=\"og:type\" content=\"article\" \/>\n<meta property=\"og:title\" content=\"Resultado OAB: saiu a lista definitiva dos aprovados na 2\u00aa fase do XXVI Exame de Ordem\" \/>\n<meta property=\"og:description\" content=\"Resultado OAB: saiu a lista de aprovados na 2\u00aa fase do XXVI Exame de Ordem. Confira todas as informa\u00e7\u00f5es e saiba como se inscrever na OAB!\" \/>\n<meta property=\"og:url\" content=\"https:\/\/www.estrategiaconcursos.com.br\/blog\/resultado-oab-xxvi\/\" \/>\n<meta property=\"og:site_name\" content=\"Estrat\u00e9gia Concursos\" \/>\n<meta property=\"article:author\" content=\"https:\/\/www.facebook.com\/ricardo.s.torques\" \/>\n<meta property=\"article:published_time\" content=\"2018-10-23T18:10:38+00:00\" \/>\n<meta property=\"article:modified_time\" content=\"2021-01-11T11:26:57+00:00\" \/>\n<meta property=\"og:image\" content=\"https:\/\/dhg1h5j42swfq.cloudfront.net\/2018\/08\/20100151\/resultado-oab-e1534770148513.jpg\" \/>\n\t<meta property=\"og:image:width\" content=\"400\" \/>\n\t<meta property=\"og:image:height\" content=\"209\" \/>\n\t<meta property=\"og:image:type\" content=\"image\/jpeg\" \/>\n<meta name=\"author\" content=\"Ricardo Torques\" \/>\n<meta name=\"twitter:card\" content=\"summary_large_image\" \/>\n<meta name=\"twitter:creator\" content=\"@EstratConcursos\" \/>\n<meta name=\"twitter:site\" content=\"@EstratConcursos\" \/>\n<meta name=\"twitter:label1\" content=\"Escrito por\" \/>\n\t<meta name=\"twitter:data1\" content=\"Ricardo Torques\" \/>\n\t<meta name=\"twitter:label2\" content=\"Est. tempo de leitura\" \/>\n\t<meta name=\"twitter:data2\" content=\"8 minutos\" \/>\n<script type=\"application\/ld+json\" class=\"yoast-schema-graph\">{\"@context\":\"https:\/\/schema.org\",\"@graph\":[{\"@type\":\"NewsArticle\",\"@id\":\"https:\/\/www.estrategiaconcursos.com.br\/blog\/resultado-oab-xxvi\/#article\",\"isPartOf\":{\"@id\":\"https:\/\/www.estrategiaconcursos.com.br\/blog\/resultado-oab-xxvi\/\"},\"author\":{\"name\":\"Ricardo Torques\",\"@id\":\"https:\/\/www.estrategiaconcursos.com.br\/blog\/#\/schema\/person\/aa39cf5ddb518e5bdce27c35788405e2\"},\"headline\":\"Resultado OAB: saiu a lista definitiva dos aprovados na 2\u00aa fase do XXVI Exame de Ordem\",\"datePublished\":\"2018-10-23T18:10:38+00:00\",\"dateModified\":\"2021-01-11T11:26:57+00:00\",\"mainEntityOfPage\":{\"@id\":\"https:\/\/www.estrategiaconcursos.com.br\/blog\/resultado-oab-xxvi\/\"},\"wordCount\":1673,\"commentCount\":4,\"publisher\":{\"@id\":\"https:\/\/www.estrategiaconcursos.com.br\/blog\/#organization\"},\"image\":{\"@id\":\"https:\/\/www.estrategiaconcursos.com.br\/blog\/resultado-oab-xxvi\/#primaryimage\"},\"thumbnailUrl\":\"https:\/\/dhg1h5j42swfq.cloudfront.net\/2018\/08\/20100151\/resultado-oab-e1534770148513.jpg\",\"articleSection\":[\"Concursos P\u00fablicos\"],\"inLanguage\":\"pt-BR\",\"potentialAction\":[{\"@type\":\"CommentAction\",\"name\":\"Comment\",\"target\":[\"https:\/\/www.estrategiaconcursos.com.br\/blog\/resultado-oab-xxvi\/#respond\"]}],\"copyrightYear\":\"2018\",\"copyrightHolder\":{\"@id\":\"https:\/\/www.estrategiaconcursos.com.br\/blog\/#organization\"}},{\"@type\":\"WebPage\",\"@id\":\"https:\/\/www.estrategiaconcursos.com.br\/blog\/resultado-oab-xxvi\/\",\"url\":\"https:\/\/www.estrategiaconcursos.com.br\/blog\/resultado-oab-xxvi\/\",\"name\":\"Resultado OAB: saiu a lista dos aprovados na 2\u00aa fase do XXVI Exame de Ordem\",\"isPartOf\":{\"@id\":\"https:\/\/www.estrategiaconcursos.com.br\/blog\/#website\"},\"primaryImageOfPage\":{\"@id\":\"https:\/\/www.estrategiaconcursos.com.br\/blog\/resultado-oab-xxvi\/#primaryimage\"},\"image\":{\"@id\":\"https:\/\/www.estrategiaconcursos.com.br\/blog\/resultado-oab-xxvi\/#primaryimage\"},\"thumbnailUrl\":\"https:\/\/dhg1h5j42swfq.cloudfront.net\/2018\/08\/20100151\/resultado-oab-e1534770148513.jpg\",\"datePublished\":\"2018-10-23T18:10:38+00:00\",\"dateModified\":\"2021-01-11T11:26:57+00:00\",\"description\":\"Resultado OAB: saiu a lista de aprovados na 2\u00aa fase do XXVI Exame de Ordem. Confira todas as informa\u00e7\u00f5es e saiba como se inscrever na OAB!\",\"breadcrumb\":{\"@id\":\"https:\/\/www.estrategiaconcursos.com.br\/blog\/resultado-oab-xxvi\/#breadcrumb\"},\"inLanguage\":\"pt-BR\",\"potentialAction\":[{\"@type\":\"ReadAction\",\"target\":[\"https:\/\/www.estrategiaconcursos.com.br\/blog\/resultado-oab-xxvi\/\"]}]},{\"@type\":\"ImageObject\",\"inLanguage\":\"pt-BR\",\"@id\":\"https:\/\/www.estrategiaconcursos.com.br\/blog\/resultado-oab-xxvi\/#primaryimage\",\"url\":\"https:\/\/dhg1h5j42swfq.cloudfront.net\/2018\/08\/20100151\/resultado-oab-e1534770148513.jpg\",\"contentUrl\":\"https:\/\/dhg1h5j42swfq.cloudfront.net\/2018\/08\/20100151\/resultado-oab-e1534770148513.jpg\",\"width\":400,\"height\":209,\"caption\":\"resultado oab 1\u00aa fase\"},{\"@type\":\"BreadcrumbList\",\"@id\":\"https:\/\/www.estrategiaconcursos.com.br\/blog\/resultado-oab-xxvi\/#breadcrumb\",\"itemListElement\":[{\"@type\":\"ListItem\",\"position\":1,\"name\":\"In\u00edcio\",\"item\":\"https:\/\/www.estrategiaconcursos.com.br\/blog\/\"},{\"@type\":\"ListItem\",\"position\":2,\"name\":\"Resultado OAB: saiu a lista definitiva dos aprovados na 2\u00aa fase do XXVI Exame de Ordem\"}]},{\"@type\":\"WebSite\",\"@id\":\"https:\/\/www.estrategiaconcursos.com.br\/blog\/#website\",\"url\":\"https:\/\/www.estrategiaconcursos.com.br\/blog\/\",\"name\":\"Estrat\u00e9gia Concursos\",\"description\":\"O blog da Estrat\u00e9gia Concursos traz not\u00edcias sobre concursos e artigos de professores oferecendo cursos para concursos (pdf + videaulas) no site.\",\"publisher\":{\"@id\":\"https:\/\/www.estrategiaconcursos.com.br\/blog\/#organization\"},\"potentialAction\":[{\"@type\":\"SearchAction\",\"target\":{\"@type\":\"EntryPoint\",\"urlTemplate\":\"https:\/\/www.estrategiaconcursos.com.br\/blog\/?s={search_term_string}\"},\"query-input\":{\"@type\":\"PropertyValueSpecification\",\"valueRequired\":true,\"valueName\":\"search_term_string\"}}],\"inLanguage\":\"pt-BR\"},{\"@type\":\"Organization\",\"@id\":\"https:\/\/www.estrategiaconcursos.com.br\/blog\/#organization\",\"name\":\"Estrat\u00e9gia Concursos\",\"url\":\"https:\/\/www.estrategiaconcursos.com.br\/blog\/\",\"logo\":{\"@type\":\"ImageObject\",\"inLanguage\":\"pt-BR\",\"@id\":\"https:\/\/www.estrategiaconcursos.com.br\/blog\/#\/schema\/logo\/image\/\",\"url\":\"https:\/\/dhg1h5j42swfq.cloudfront.net\/2025\/06\/03203428\/logo_concursos-1.jpg\",\"contentUrl\":\"https:\/\/dhg1h5j42swfq.cloudfront.net\/2025\/06\/03203428\/logo_concursos-1.jpg\",\"width\":230,\"height\":60,\"caption\":\"Estrat\u00e9gia Concursos\"},\"image\":{\"@id\":\"https:\/\/www.estrategiaconcursos.com.br\/blog\/#\/schema\/logo\/image\/\"},\"sameAs\":[\"https:\/\/x.com\/EstratConcursos\"]},{\"@type\":\"Person\",\"@id\":\"https:\/\/www.estrategiaconcursos.com.br\/blog\/#\/schema\/person\/aa39cf5ddb518e5bdce27c35788405e2\",\"name\":\"Ricardo Torques\",\"image\":{\"@type\":\"ImageObject\",\"inLanguage\":\"pt-BR\",\"@id\":\"https:\/\/secure.gravatar.com\/avatar\/ce9ac6c3cff25fe86d15ed568ebc64d1724baf5c0693133bcb1f6073f712f92a?s=96&d=mm&r=g\",\"url\":\"https:\/\/secure.gravatar.com\/avatar\/ce9ac6c3cff25fe86d15ed568ebc64d1724baf5c0693133bcb1f6073f712f92a?s=96&d=mm&r=g\",\"contentUrl\":\"https:\/\/secure.gravatar.com\/avatar\/ce9ac6c3cff25fe86d15ed568ebc64d1724baf5c0693133bcb1f6073f712f92a?s=96&d=mm&r=g\",\"caption\":\"Ricardo Torques\"},\"sameAs\":[\"https:\/\/www.facebook.com\/ricardo.s.torques\"],\"url\":\"https:\/\/www.estrategiaconcursos.com.br\/blog\/author\/ricardotorquesestrategiaconcursos-com-br\/\"}]}<\/script>\n<!-- \/ Yoast SEO Premium plugin. -->","yoast_head_json":{"title":"Resultado OAB: saiu a lista dos aprovados na 2\u00aa fase do XXVI Exame de Ordem","description":"Resultado OAB: saiu a lista de aprovados na 2\u00aa fase do XXVI Exame de Ordem. Confira todas as informa\u00e7\u00f5es e saiba como se inscrever na OAB!","robots":{"index":"index","follow":"follow","max-snippet":"max-snippet:-1","max-image-preview":"max-image-preview:large","max-video-preview":"max-video-preview:-1"},"canonical":"https:\/\/www.estrategiaconcursos.com.br\/blog\/resultado-oab-xxvi\/","og_locale":"pt_BR","og_type":"article","og_title":"Resultado OAB: saiu a lista definitiva dos aprovados na 2\u00aa fase do XXVI Exame de Ordem","og_description":"Resultado OAB: saiu a lista de aprovados na 2\u00aa fase do XXVI Exame de Ordem. Confira todas as informa\u00e7\u00f5es e saiba como se inscrever na OAB!","og_url":"https:\/\/www.estrategiaconcursos.com.br\/blog\/resultado-oab-xxvi\/","og_site_name":"Estrat\u00e9gia Concursos","article_author":"https:\/\/www.facebook.com\/ricardo.s.torques","article_published_time":"2018-10-23T18:10:38+00:00","article_modified_time":"2021-01-11T11:26:57+00:00","og_image":[{"width":400,"height":209,"url":"https:\/\/dhg1h5j42swfq.cloudfront.net\/2018\/08\/20100151\/resultado-oab-e1534770148513.jpg","type":"image\/jpeg"}],"author":"Ricardo Torques","twitter_card":"summary_large_image","twitter_creator":"@EstratConcursos","twitter_site":"@EstratConcursos","twitter_misc":{"Escrito por":"Ricardo Torques","Est. tempo de leitura":"8 minutos"},"schema":{"@context":"https:\/\/schema.org","@graph":[{"@type":"NewsArticle","@id":"https:\/\/www.estrategiaconcursos.com.br\/blog\/resultado-oab-xxvi\/#article","isPartOf":{"@id":"https:\/\/www.estrategiaconcursos.com.br\/blog\/resultado-oab-xxvi\/"},"author":{"name":"Ricardo Torques","@id":"https:\/\/www.estrategiaconcursos.com.br\/blog\/#\/schema\/person\/aa39cf5ddb518e5bdce27c35788405e2"},"headline":"Resultado OAB: saiu a lista definitiva dos aprovados na 2\u00aa fase do XXVI Exame de Ordem","datePublished":"2018-10-23T18:10:38+00:00","dateModified":"2021-01-11T11:26:57+00:00","mainEntityOfPage":{"@id":"https:\/\/www.estrategiaconcursos.com.br\/blog\/resultado-oab-xxvi\/"},"wordCount":1673,"commentCount":4,"publisher":{"@id":"https:\/\/www.estrategiaconcursos.com.br\/blog\/#organization"},"image":{"@id":"https:\/\/www.estrategiaconcursos.com.br\/blog\/resultado-oab-xxvi\/#primaryimage"},"thumbnailUrl":"https:\/\/dhg1h5j42swfq.cloudfront.net\/2018\/08\/20100151\/resultado-oab-e1534770148513.jpg","articleSection":["Concursos P\u00fablicos"],"inLanguage":"pt-BR","potentialAction":[{"@type":"CommentAction","name":"Comment","target":["https:\/\/www.estrategiaconcursos.com.br\/blog\/resultado-oab-xxvi\/#respond"]}],"copyrightYear":"2018","copyrightHolder":{"@id":"https:\/\/www.estrategiaconcursos.com.br\/blog\/#organization"}},{"@type":"WebPage","@id":"https:\/\/www.estrategiaconcursos.com.br\/blog\/resultado-oab-xxvi\/","url":"https:\/\/www.estrategiaconcursos.com.br\/blog\/resultado-oab-xxvi\/","name":"Resultado OAB: saiu a lista dos aprovados na 2\u00aa fase do XXVI Exame de Ordem","isPartOf":{"@id":"https:\/\/www.estrategiaconcursos.com.br\/blog\/#website"},"primaryImageOfPage":{"@id":"https:\/\/www.estrategiaconcursos.com.br\/blog\/resultado-oab-xxvi\/#primaryimage"},"image":{"@id":"https:\/\/www.estrategiaconcursos.com.br\/blog\/resultado-oab-xxvi\/#primaryimage"},"thumbnailUrl":"https:\/\/dhg1h5j42swfq.cloudfront.net\/2018\/08\/20100151\/resultado-oab-e1534770148513.jpg","datePublished":"2018-10-23T18:10:38+00:00","dateModified":"2021-01-11T11:26:57+00:00","description":"Resultado OAB: saiu a lista de aprovados na 2\u00aa fase do XXVI Exame de Ordem. Confira todas as informa\u00e7\u00f5es e saiba como se inscrever na OAB!","breadcrumb":{"@id":"https:\/\/www.estrategiaconcursos.com.br\/blog\/resultado-oab-xxvi\/#breadcrumb"},"inLanguage":"pt-BR","potentialAction":[{"@type":"ReadAction","target":["https:\/\/www.estrategiaconcursos.com.br\/blog\/resultado-oab-xxvi\/"]}]},{"@type":"ImageObject","inLanguage":"pt-BR","@id":"https:\/\/www.estrategiaconcursos.com.br\/blog\/resultado-oab-xxvi\/#primaryimage","url":"https:\/\/dhg1h5j42swfq.cloudfront.net\/2018\/08\/20100151\/resultado-oab-e1534770148513.jpg","contentUrl":"https:\/\/dhg1h5j42swfq.cloudfront.net\/2018\/08\/20100151\/resultado-oab-e1534770148513.jpg","width":400,"height":209,"caption":"resultado oab 1\u00aa fase"},{"@type":"BreadcrumbList","@id":"https:\/\/www.estrategiaconcursos.com.br\/blog\/resultado-oab-xxvi\/#breadcrumb","itemListElement":[{"@type":"ListItem","position":1,"name":"In\u00edcio","item":"https:\/\/www.estrategiaconcursos.com.br\/blog\/"},{"@type":"ListItem","position":2,"name":"Resultado OAB: saiu a lista definitiva dos aprovados na 2\u00aa fase do XXVI Exame de Ordem"}]},{"@type":"WebSite","@id":"https:\/\/www.estrategiaconcursos.com.br\/blog\/#website","url":"https:\/\/www.estrategiaconcursos.com.br\/blog\/","name":"Estrat\u00e9gia Concursos","description":"O blog da Estrat\u00e9gia Concursos traz not\u00edcias sobre concursos e artigos de professores oferecendo cursos para concursos (pdf + videaulas) no site.","publisher":{"@id":"https:\/\/www.estrategiaconcursos.com.br\/blog\/#organization"},"potentialAction":[{"@type":"SearchAction","target":{"@type":"EntryPoint","urlTemplate":"https:\/\/www.estrategiaconcursos.com.br\/blog\/?s={search_term_string}"},"query-input":{"@type":"PropertyValueSpecification","valueRequired":true,"valueName":"search_term_string"}}],"inLanguage":"pt-BR"},{"@type":"Organization","@id":"https:\/\/www.estrategiaconcursos.com.br\/blog\/#organization","name":"Estrat\u00e9gia Concursos","url":"https:\/\/www.estrategiaconcursos.com.br\/blog\/","logo":{"@type":"ImageObject","inLanguage":"pt-BR","@id":"https:\/\/www.estrategiaconcursos.com.br\/blog\/#\/schema\/logo\/image\/","url":"https:\/\/dhg1h5j42swfq.cloudfront.net\/2025\/06\/03203428\/logo_concursos-1.jpg","contentUrl":"https:\/\/dhg1h5j42swfq.cloudfront.net\/2025\/06\/03203428\/logo_concursos-1.jpg","width":230,"height":60,"caption":"Estrat\u00e9gia Concursos"},"image":{"@id":"https:\/\/www.estrategiaconcursos.com.br\/blog\/#\/schema\/logo\/image\/"},"sameAs":["https:\/\/x.com\/EstratConcursos"]},{"@type":"Person","@id":"https:\/\/www.estrategiaconcursos.com.br\/blog\/#\/schema\/person\/aa39cf5ddb518e5bdce27c35788405e2","name":"Ricardo Torques","image":{"@type":"ImageObject","inLanguage":"pt-BR","@id":"https:\/\/secure.gravatar.com\/avatar\/ce9ac6c3cff25fe86d15ed568ebc64d1724baf5c0693133bcb1f6073f712f92a?s=96&d=mm&r=g","url":"https:\/\/secure.gravatar.com\/avatar\/ce9ac6c3cff25fe86d15ed568ebc64d1724baf5c0693133bcb1f6073f712f92a?s=96&d=mm&r=g","contentUrl":"https:\/\/secure.gravatar.com\/avatar\/ce9ac6c3cff25fe86d15ed568ebc64d1724baf5c0693133bcb1f6073f712f92a?s=96&d=mm&r=g","caption":"Ricardo Torques"},"sameAs":["https:\/\/www.facebook.com\/ricardo.s.torques"],"url":"https:\/\/www.estrategiaconcursos.com.br\/blog\/author\/ricardotorquesestrategiaconcursos-com-br\/"}]}},"_links":{"self":[{"href":"https:\/\/www.estrategiaconcursos.com.br\/blog\/wp-json\/wp\/v2\/posts\/146230","targetHints":{"allow":["GET"]}}],"collection":[{"href":"https:\/\/www.estrategiaconcursos.com.br\/blog\/wp-json\/wp\/v2\/posts"}],"about":[{"href":"https:\/\/www.estrategiaconcursos.com.br\/blog\/wp-json\/wp\/v2\/types\/post"}],"author":[{"embeddable":true,"href":"https:\/\/www.estrategiaconcursos.com.br\/blog\/wp-json\/wp\/v2\/users\/180"}],"replies":[{"embeddable":true,"href":"https:\/\/www.estrategiaconcursos.com.br\/blog\/wp-json\/wp\/v2\/comments?post=146230"}],"version-history":[{"count":15,"href":"https:\/\/www.estrategiaconcursos.com.br\/blog\/wp-json\/wp\/v2\/posts\/146230\/revisions"}],"predecessor-version":[{"id":646976,"href":"https:\/\/www.estrategiaconcursos.com.br\/blog\/wp-json\/wp\/v2\/posts\/146230\/revisions\/646976"}],"wp:featuredmedia":[{"embeddable":true,"href":"https:\/\/www.estrategiaconcursos.com.br\/blog\/wp-json\/wp\/v2\/media\/136817"}],"wp:attachment":[{"href":"https:\/\/www.estrategiaconcursos.com.br\/blog\/wp-json\/wp\/v2\/media?parent=146230"}],"wp:term":[{"taxonomy":"category","embeddable":true,"href":"https:\/\/www.estrategiaconcursos.com.br\/blog\/wp-json\/wp\/v2\/categories?post=146230"},{"taxonomy":"post_tag","embeddable":true,"href":"https:\/\/www.estrategiaconcursos.com.br\/blog\/wp-json\/wp\/v2\/tags?post=146230"},{"taxonomy":"tax_estado","embeddable":true,"href":"https:\/\/www.estrategiaconcursos.com.br\/blog\/wp-json\/wp\/v2\/tax_estado?post=146230"}],"curies":[{"name":"wp","href":"https:\/\/api.w.org\/{rel}","templated":true}]}}