{"id":14615,"date":"2017-05-30T10:38:08","date_gmt":"2017-05-30T13:38:08","guid":{"rendered":"https:\/\/www.estrategiaconcursos.com.br\/blog\/?post_type=noticia&#038;p=14615"},"modified":"2017-05-30T11:12:36","modified_gmt":"2017-05-30T14:12:36","slug":"concurso-ministerio-do-trabalho","status":"publish","type":"post","link":"https:\/\/www.estrategiaconcursos.com.br\/blog\/concurso-ministerio-do-trabalho\/","title":{"rendered":"Concurso Minist\u00e9rio do Trabalho:  \u00f3rg\u00e3o encaminha pedido de 2.595 vagas ao Planejamento"},"content":{"rendered":"<p>\n\tO Minist&eacute;rio do Trabalho e Previd&ecirc;ncia Social ( antigo Minist&eacute;rio do Trabalho e Emprego &#8211; MTE) encaminhou ao MPOG um pedido de novo concurso com 2.595 vagas! O pedido foi protocolado no dia 25 e j&aacute; est&aacute; em movimento nas se&ccedil;&otilde;es respons&aacute;veis. Confira abaixo.\n<\/p>\n<p style=\"text-align: center;\">\n\t<img loading=\"lazy\" decoding=\"async\" alt=\"\" class=\"aligncenter size-full wp-image-75925\" height=\"493\" src=\"https:\/\/dhg1h5j42swfq.cloudfront.net\/2016\/05\/30102322\/protoc-MTE.png\" style=\"\" title=\"Concurso Minist\u00e9rio do Trabalho\" width=\"787\" srcset=\"https:\/\/dhg1h5j42swfq.cloudfront.net\/2016\/05\/30102322\/protoc-MTE.png 787w, https:\/\/dhg1h5j42swfq.cloudfront.net\/2016\/05\/30102322\/protoc-MTE.png 300w, https:\/\/dhg1h5j42swfq.cloudfront.net\/2016\/05\/30102322\/protoc-MTE.png 768w, https:\/\/dhg1h5j42swfq.cloudfront.net\/2016\/05\/30102322\/protoc-MTE.png 610w\" sizes=\"auto, (max-width: 787px) 100vw, 787px\" \/>\n<\/p>\n<p style=\"text-align: center;\">\n\t<img loading=\"lazy\" decoding=\"async\" alt=\"\" class=\"aligncenter size-full wp-image-75909\" height=\"320\" src=\"https:\/\/dhg1h5j42swfq.cloudfront.net\/2017\/05\/30083656\/protoc-MTE.png\" style=\"\" title=\"Concurso Minist\u00e9rio do Trabalho\" width=\"783\" srcset=\"https:\/\/dhg1h5j42swfq.cloudfront.net\/2017\/05\/30083656\/protoc-MTE.png 979w, https:\/\/dhg1h5j42swfq.cloudfront.net\/2017\/05\/30083656\/protoc-MTE.png 300w, https:\/\/dhg1h5j42swfq.cloudfront.net\/2017\/05\/30083656\/protoc-MTE.png 768w, https:\/\/dhg1h5j42swfq.cloudfront.net\/2017\/05\/30083656\/protoc-MTE.png 610w\" sizes=\"auto, (max-width: 783px) 100vw, 783px\" \/>\n<\/p>\n<h3 style=\"text-align: justify;\">\n\tO &uacute;ltimo concurso<br \/>\n<\/h3>\n<p>\n\tO &uacute;ltimo certame foi realizado em 2014<span style=\"color: #000000;\">&nbsp;sob a responsabilidade do Cebraspe (antigo Cespe\/UnB). Foram oferecidas 450 vagas, sendo 415 vagas para a fun&ccedil;&atilde;o de Agente Administrativo, que exige ensino m&eacute;dio completo,&nbsp;e as outras 35, para o cargo de Contador, de n&iacute;vel superior. Os sal&aacute;rios variavam de R$ 2.573,22 a R$ 3.981,42 e ambos os cargos t&ecirc;m jornada de trabalho de 40 horas semanais. Ao todo, a sele&ccedil;&atilde;o reuniu mais de 116 mil inscritos em todo o pa&iacute;s.<\/span>\n<\/p>\n<p>\n\t<span style=\"color: #000000;\">Este certame teve sua validade prorrogada at&eacute; junho de 2018 atrav&eacute;s&nbsp;da Portaria de&nbsp;n&ordm; 1.159, publicada no Di&aacute;rio Oficial da Uni&atilde;o.&nbsp;<\/span><a href=\"http:\/\/pesquisa.in.gov.br\/imprensa\/jsp\/visualiza\/index.jsp?jornal=1&amp;pagina=203&amp;data=12\/05\/2016\" target=\"_blank\">Confira AQUI a publica&ccedil;&atilde;o<\/a>\n<\/p>\n<h3 style=\"text-align: justify;\">\n\t<span style=\"color: #000000;\"><span style=\"color: #000000;\">A Prova<\/span><\/span><br \/>\n<\/h3>\n<ul>\n<li style=\"text-align: justify;\">\n\t\t<span style=\"color: #000000;\"><span style=\"color: #000000;\">Escrita objetiva com&nbsp;120 quest&otilde;es, sendo 50 de conhecimentos gerais e 70 de espec&iacute;ficos<\/span><\/span>\n\t<\/li>\n<li style=\"text-align: justify;\">\n\t\t<span style=\"color: #000000;\"><span style=\"color: #000000;\">Discursiva (reda&ccedil;&atilde;o), ambas de car&aacute;ter classificat&oacute;rio e eliminat&oacute;rio.<\/span><\/span>\n\t<\/li>\n<\/ul>\n<p style=\"text-align: justify;\">\n\tAs provas foram realizadas nas 26 capitais dos estados da Federa&ccedil;&atilde;o e do Distrito Federal.&nbsp;As provas objetivas e a prova discursiva para o cargo de <strong>n&iacute;vel superior<\/strong> tiveram&nbsp;a dura&ccedil;&atilde;o de 4 horas 30 minutos e aplicadas no turno da manh&atilde;. As provas objetivas e a prova discursiva para o cargo de<strong> n&iacute;vel m&eacute;dio<\/strong> tiveram&nbsp;a dura&ccedil;&atilde;o de 4 horas e 30 minutos e foram aplicadas no turno da tarde.\n<\/p>\n<p style=\"text-align: justify;\">\n\tAcesse a <a href=\"https:\/\/www.estrategiaconcursos.com.br\/blog\/wp-content\/uploads\/2016\/05\/DEMANDA_MTE_14.pdf\">DEMANDA_MTE_14<\/a>\n<\/p>\n<h3 style=\"text-align: justify;\">\n\tConte&uacute;do Program&aacute;tico<br \/>\n<\/h3>\n<h4>\n\tConhecimentos b&aacute;sicos para Contador &#8211;<br \/>\n<\/h4>\n<h4>\n\t<strong>Portugu&ecirc;s<\/strong>;&nbsp;<strong>No&ccedil;&otilde;es de Inform&aacute;tica;&nbsp;No&ccedil;&otilde;es de Direito Administrativo; Atualidades; &Eacute;tica no Servi&ccedil;o P&uacute;blico; No&ccedil;&otilde;es de Administra&ccedil;&atilde;o Financeira e Or&ccedil;ament&aacute;ria; No&ccedil;&otilde;es de Gest&atilde;o de Pessoas nas Organiza&ccedil;&otilde;es;<\/strong><br \/>\n<\/h4>\n<h4>\n\tConhecimentos espec&iacute;ficos para Contador &#8211;&nbsp;<br \/>\n<\/h4>\n<p>\n\t<strong>Contabilidade geral; Contabilidade Governamental; Matem&aacute;tica Financeira; No&ccedil;&otilde;es de Legisla&ccedil;&atilde;o Tribut&aacute;ria; No&ccedil;&otilde;es de Gest&atilde;o e Fiscaliza&ccedil;&atilde;o de Contratos e Conv&ecirc;nios.&nbsp;<\/strong>\n<\/p>\n<h4>\n\tConhecimentos b&aacute;sicos para Agente Administrativo &#8211;&nbsp;<br \/>\n<\/h4>\n<p>\n\t<strong>Portugu&ecirc;s; No&ccedil;&otilde;es de Inform&aacute;tica; No&ccedil;&otilde;es de Direito Administrativo; Atualidades; &Eacute;tica no Servi&ccedil;o P&uacute;blico; No&ccedil;&otilde;es de Administra&ccedil;&atilde;o Financeira e Or&ccedil;ament&aacute;ria<\/strong>\n<\/p>\n<h4>\n\tConhecimentos espec&iacute;ficos para Agente Administrativo &#8211;&nbsp;<br \/>\n<\/h4>\n<p>\n\t<strong>Legisla&ccedil;&atilde;o espec&iacute;fica; No&ccedil;&otilde;es de Gest&atilde;o de Pessoas nas Organiza&ccedil;&otilde;es; No&ccedil;&otilde;es de Administra&ccedil;&atilde;o de Recursos Materiais; No&ccedil;&otilde;es de Arquivologia; No&ccedil;&otilde;es de Gest&atilde;o e Fiscaliza&ccedil;&atilde;o de Contratos e Conv&ecirc;nios.<\/strong>\n<\/p>\n<h3 style=\"text-align: center;\">\n\tConfira a mat&eacute;ria para o cargo de Auditor Fiscal do Trabalho, uma das carreiras mais concorridas no pa&iacute;s: <a href=\"https:\/\/www.estrategiaconcursos.com.br\/blog\/concurso-aft\/\" target=\"_blank\">Concurso AFT<\/a><br \/>\n<\/h3>\n<p style=\"text-align: justify;\">\n\tASCOM\n<\/p>\n<p style=\"text-align: justify;\">\n\tNat&aacute;lia Scarano\n<\/p>\n<p style=\"text-align: justify;\">\n\tcomunicacao@estrategiaconcursos.com.br<\/p>\n","protected":false},"excerpt":{"rendered":"<p>O Minist&eacute;rio do Trabalho e Previd&ecirc;ncia Social ( antigo Minist&eacute;rio do Trabalho e Emprego &#8211; MTE) encaminhou ao MPOG um pedido de novo concurso com 2.595 vagas! O pedido foi protocolado no dia 25 e j&aacute; est&aacute; em movimento nas se&ccedil;&otilde;es respons&aacute;veis. Confira abaixo. O &uacute;ltimo concurso O &uacute;ltimo certame foi realizado em 2014&nbsp;sob a [&hellip;]<\/p>\n","protected":false},"author":1,"featured_media":75930,"comment_status":"closed","ping_status":"closed","sticky":false,"template":"","format":"standard","meta":{"post_tipo":"news","footnotes":""},"categories":[1],"tags":[1448,2647,2648,639],"tax_estado":[],"class_list":["post-14615","post","type-post","status-publish","format-standard","has-post-thumbnail","hentry","category-cursos-e-concursos","tag-concurso-mte","tag-concurso-mtps","tag-ministerio-do-trabalho","tag-mte"],"acf":[],"yoast_head":"<!-- This site is optimized with the Yoast SEO Premium plugin v27.2 (Yoast SEO v27.2) - https:\/\/yoast.com\/product\/yoast-seo-premium-wordpress\/ -->\n<title>Concurso Minist\u00e9rio do Trabalho: 2.595 vagas solicitadas!<\/title>\n<meta name=\"description\" content=\"Concurso Minist\u00e9rio do Trabalho: \u00f3rg\u00e3o encaminha pedido de 2.595 vagas ao Planejamento! Acompanha a tramita\u00e7\u00e3o deste certame e fique por dentro!\" \/>\n<meta name=\"robots\" content=\"index, follow, max-snippet:-1, max-image-preview:large, max-video-preview:-1\" \/>\n<link rel=\"canonical\" href=\"https:\/\/www.estrategiaconcursos.com.br\/blog\/concurso-ministerio-do-trabalho\/\" \/>\n<meta property=\"og:locale\" content=\"pt_BR\" \/>\n<meta property=\"og:type\" content=\"article\" \/>\n<meta property=\"og:title\" content=\"Concurso Minist\u00e9rio do Trabalho: \u00f3rg\u00e3o encaminha pedido de 2.595 vagas ao Planejamento\" \/>\n<meta property=\"og:description\" content=\"Concurso Minist\u00e9rio do Trabalho: \u00f3rg\u00e3o encaminha pedido de 2.595 vagas ao Planejamento! Acompanha a tramita\u00e7\u00e3o deste certame e fique por dentro!\" \/>\n<meta property=\"og:url\" content=\"https:\/\/www.estrategiaconcursos.com.br\/blog\/concurso-ministerio-do-trabalho\/\" \/>\n<meta property=\"og:site_name\" content=\"Estrat\u00e9gia Concursos\" \/>\n<meta property=\"article:author\" content=\"https:\/\/www.facebook.com\/EstrategiaConcursos\" \/>\n<meta property=\"article:published_time\" content=\"2017-05-30T13:38:08+00:00\" \/>\n<meta property=\"article:modified_time\" content=\"2017-05-30T14:12:36+00:00\" \/>\n<meta property=\"og:image\" content=\"https:\/\/dhg1h5j42swfq.cloudfront.net\/2016\/05\/30110012\/ministerio-trabalho.jpg\" \/>\n\t<meta property=\"og:image:width\" content=\"345\" \/>\n\t<meta property=\"og:image:height\" content=\"203\" \/>\n\t<meta property=\"og:image:type\" content=\"image\/jpeg\" \/>\n<meta name=\"author\" content=\"Coordena\u00e7\u00e3o\" \/>\n<meta name=\"twitter:card\" content=\"summary_large_image\" \/>\n<meta name=\"twitter:creator\" content=\"@EstratConcursos\" \/>\n<meta name=\"twitter:site\" content=\"@EstratConcursos\" \/>\n<meta name=\"twitter:label1\" content=\"Escrito por\" \/>\n\t<meta name=\"twitter:data1\" content=\"Coordena\u00e7\u00e3o\" \/>\n\t<meta name=\"twitter:label2\" content=\"Est. tempo de leitura\" \/>\n\t<meta name=\"twitter:data2\" content=\"3 minutos\" \/>\n<script type=\"application\/ld+json\" class=\"yoast-schema-graph\">{\"@context\":\"https:\/\/schema.org\",\"@graph\":[{\"@type\":\"NewsArticle\",\"@id\":\"https:\/\/www.estrategiaconcursos.com.br\/blog\/concurso-ministerio-do-trabalho\/#article\",\"isPartOf\":{\"@id\":\"https:\/\/www.estrategiaconcursos.com.br\/blog\/concurso-ministerio-do-trabalho\/\"},\"author\":{\"name\":\"Coordena\u00e7\u00e3o\",\"@id\":\"https:\/\/www.estrategiaconcursos.com.br\/blog\/#\/schema\/person\/b4a388c97673c5f483d72185668afa1f\"},\"headline\":\"Concurso Minist\u00e9rio do Trabalho: \u00f3rg\u00e3o encaminha pedido de 2.595 vagas ao Planejamento\",\"datePublished\":\"2017-05-30T13:38:08+00:00\",\"dateModified\":\"2017-05-30T14:12:36+00:00\",\"mainEntityOfPage\":{\"@id\":\"https:\/\/www.estrategiaconcursos.com.br\/blog\/concurso-ministerio-do-trabalho\/\"},\"wordCount\":600,\"publisher\":{\"@id\":\"https:\/\/www.estrategiaconcursos.com.br\/blog\/#organization\"},\"image\":{\"@id\":\"https:\/\/www.estrategiaconcursos.com.br\/blog\/concurso-ministerio-do-trabalho\/#primaryimage\"},\"thumbnailUrl\":\"https:\/\/dhg1h5j42swfq.cloudfront.net\/2016\/05\/30110012\/ministerio-trabalho.jpg\",\"keywords\":[\"concurso MTE\",\"Concurso MTPS\",\"Minist\u00e9rio do Trabalho\",\"MTE\"],\"articleSection\":[\"Concursos P\u00fablicos\"],\"inLanguage\":\"pt-BR\",\"copyrightYear\":\"2017\",\"copyrightHolder\":{\"@id\":\"https:\/\/www.estrategiaconcursos.com.br\/blog\/#organization\"}},{\"@type\":\"WebPage\",\"@id\":\"https:\/\/www.estrategiaconcursos.com.br\/blog\/concurso-ministerio-do-trabalho\/\",\"url\":\"https:\/\/www.estrategiaconcursos.com.br\/blog\/concurso-ministerio-do-trabalho\/\",\"name\":\"Concurso Minist\u00e9rio do Trabalho: 2.595 vagas solicitadas!\",\"isPartOf\":{\"@id\":\"https:\/\/www.estrategiaconcursos.com.br\/blog\/#website\"},\"primaryImageOfPage\":{\"@id\":\"https:\/\/www.estrategiaconcursos.com.br\/blog\/concurso-ministerio-do-trabalho\/#primaryimage\"},\"image\":{\"@id\":\"https:\/\/www.estrategiaconcursos.com.br\/blog\/concurso-ministerio-do-trabalho\/#primaryimage\"},\"thumbnailUrl\":\"https:\/\/dhg1h5j42swfq.cloudfront.net\/2016\/05\/30110012\/ministerio-trabalho.jpg\",\"datePublished\":\"2017-05-30T13:38:08+00:00\",\"dateModified\":\"2017-05-30T14:12:36+00:00\",\"description\":\"Concurso Minist\u00e9rio do Trabalho: \u00f3rg\u00e3o encaminha pedido de 2.595 vagas ao Planejamento! Acompanha a tramita\u00e7\u00e3o deste certame e fique por dentro!\",\"breadcrumb\":{\"@id\":\"https:\/\/www.estrategiaconcursos.com.br\/blog\/concurso-ministerio-do-trabalho\/#breadcrumb\"},\"inLanguage\":\"pt-BR\",\"potentialAction\":[{\"@type\":\"ReadAction\",\"target\":[\"https:\/\/www.estrategiaconcursos.com.br\/blog\/concurso-ministerio-do-trabalho\/\"]}]},{\"@type\":\"ImageObject\",\"inLanguage\":\"pt-BR\",\"@id\":\"https:\/\/www.estrategiaconcursos.com.br\/blog\/concurso-ministerio-do-trabalho\/#primaryimage\",\"url\":\"https:\/\/dhg1h5j42swfq.cloudfront.net\/2016\/05\/30110012\/ministerio-trabalho.jpg\",\"contentUrl\":\"https:\/\/dhg1h5j42swfq.cloudfront.net\/2016\/05\/30110012\/ministerio-trabalho.jpg\",\"width\":345,\"height\":203},{\"@type\":\"BreadcrumbList\",\"@id\":\"https:\/\/www.estrategiaconcursos.com.br\/blog\/concurso-ministerio-do-trabalho\/#breadcrumb\",\"itemListElement\":[{\"@type\":\"ListItem\",\"position\":1,\"name\":\"In\u00edcio\",\"item\":\"https:\/\/www.estrategiaconcursos.com.br\/blog\/\"},{\"@type\":\"ListItem\",\"position\":2,\"name\":\"Concurso Minist\u00e9rio do Trabalho: \u00f3rg\u00e3o encaminha pedido de 2.595 vagas ao Planejamento\"}]},{\"@type\":\"WebSite\",\"@id\":\"https:\/\/www.estrategiaconcursos.com.br\/blog\/#website\",\"url\":\"https:\/\/www.estrategiaconcursos.com.br\/blog\/\",\"name\":\"Estrat\u00e9gia Concursos\",\"description\":\"O blog da Estrat\u00e9gia Concursos traz not\u00edcias sobre concursos e artigos de professores oferecendo cursos para concursos (pdf + videaulas) no site.\",\"publisher\":{\"@id\":\"https:\/\/www.estrategiaconcursos.com.br\/blog\/#organization\"},\"potentialAction\":[{\"@type\":\"SearchAction\",\"target\":{\"@type\":\"EntryPoint\",\"urlTemplate\":\"https:\/\/www.estrategiaconcursos.com.br\/blog\/?s={search_term_string}\"},\"query-input\":{\"@type\":\"PropertyValueSpecification\",\"valueRequired\":true,\"valueName\":\"search_term_string\"}}],\"inLanguage\":\"pt-BR\"},{\"@type\":\"Organization\",\"@id\":\"https:\/\/www.estrategiaconcursos.com.br\/blog\/#organization\",\"name\":\"Estrat\u00e9gia Concursos\",\"url\":\"https:\/\/www.estrategiaconcursos.com.br\/blog\/\",\"logo\":{\"@type\":\"ImageObject\",\"inLanguage\":\"pt-BR\",\"@id\":\"https:\/\/www.estrategiaconcursos.com.br\/blog\/#\/schema\/logo\/image\/\",\"url\":\"https:\/\/dhg1h5j42swfq.cloudfront.net\/2025\/06\/03203428\/logo_concursos-1.jpg\",\"contentUrl\":\"https:\/\/dhg1h5j42swfq.cloudfront.net\/2025\/06\/03203428\/logo_concursos-1.jpg\",\"width\":230,\"height\":60,\"caption\":\"Estrat\u00e9gia Concursos\"},\"image\":{\"@id\":\"https:\/\/www.estrategiaconcursos.com.br\/blog\/#\/schema\/logo\/image\/\"},\"sameAs\":[\"https:\/\/x.com\/EstratConcursos\"]},{\"@type\":\"Person\",\"@id\":\"https:\/\/www.estrategiaconcursos.com.br\/blog\/#\/schema\/person\/b4a388c97673c5f483d72185668afa1f\",\"name\":\"Coordena\u00e7\u00e3o\",\"image\":{\"@type\":\"ImageObject\",\"inLanguage\":\"pt-BR\",\"@id\":\"https:\/\/secure.gravatar.com\/avatar\/b720319e4c9a967eb58678d110f4fe35452fc5d5f97b202bac7b8acceb18c6ad?s=96&d=mm&r=g\",\"url\":\"https:\/\/secure.gravatar.com\/avatar\/b720319e4c9a967eb58678d110f4fe35452fc5d5f97b202bac7b8acceb18c6ad?s=96&d=mm&r=g\",\"contentUrl\":\"https:\/\/secure.gravatar.com\/avatar\/b720319e4c9a967eb58678d110f4fe35452fc5d5f97b202bac7b8acceb18c6ad?s=96&d=mm&r=g\",\"caption\":\"Coordena\u00e7\u00e3o\"},\"sameAs\":[\"https:\/\/www.facebook.com\/EstrategiaConcursos\",\"https:\/\/x.com\/EstratConcursos\"],\"url\":\"https:\/\/www.estrategiaconcursos.com.br\/blog\/author\/estrategia2013\/\"}]}<\/script>\n<!-- \/ Yoast SEO Premium plugin. -->","yoast_head_json":{"title":"Concurso Minist\u00e9rio do Trabalho: 2.595 vagas solicitadas!","description":"Concurso Minist\u00e9rio do Trabalho: \u00f3rg\u00e3o encaminha pedido de 2.595 vagas ao Planejamento! Acompanha a tramita\u00e7\u00e3o deste certame e fique por dentro!","robots":{"index":"index","follow":"follow","max-snippet":"max-snippet:-1","max-image-preview":"max-image-preview:large","max-video-preview":"max-video-preview:-1"},"canonical":"https:\/\/www.estrategiaconcursos.com.br\/blog\/concurso-ministerio-do-trabalho\/","og_locale":"pt_BR","og_type":"article","og_title":"Concurso Minist\u00e9rio do Trabalho: \u00f3rg\u00e3o encaminha pedido de 2.595 vagas ao Planejamento","og_description":"Concurso Minist\u00e9rio do Trabalho: \u00f3rg\u00e3o encaminha pedido de 2.595 vagas ao Planejamento! Acompanha a tramita\u00e7\u00e3o deste certame e fique por dentro!","og_url":"https:\/\/www.estrategiaconcursos.com.br\/blog\/concurso-ministerio-do-trabalho\/","og_site_name":"Estrat\u00e9gia Concursos","article_author":"https:\/\/www.facebook.com\/EstrategiaConcursos","article_published_time":"2017-05-30T13:38:08+00:00","article_modified_time":"2017-05-30T14:12:36+00:00","og_image":[{"width":345,"height":203,"url":"https:\/\/dhg1h5j42swfq.cloudfront.net\/2016\/05\/30110012\/ministerio-trabalho.jpg","type":"image\/jpeg"}],"author":"Coordena\u00e7\u00e3o","twitter_card":"summary_large_image","twitter_creator":"@EstratConcursos","twitter_site":"@EstratConcursos","twitter_misc":{"Escrito por":"Coordena\u00e7\u00e3o","Est. tempo de leitura":"3 minutos"},"schema":{"@context":"https:\/\/schema.org","@graph":[{"@type":"NewsArticle","@id":"https:\/\/www.estrategiaconcursos.com.br\/blog\/concurso-ministerio-do-trabalho\/#article","isPartOf":{"@id":"https:\/\/www.estrategiaconcursos.com.br\/blog\/concurso-ministerio-do-trabalho\/"},"author":{"name":"Coordena\u00e7\u00e3o","@id":"https:\/\/www.estrategiaconcursos.com.br\/blog\/#\/schema\/person\/b4a388c97673c5f483d72185668afa1f"},"headline":"Concurso Minist\u00e9rio do Trabalho: \u00f3rg\u00e3o encaminha pedido de 2.595 vagas ao Planejamento","datePublished":"2017-05-30T13:38:08+00:00","dateModified":"2017-05-30T14:12:36+00:00","mainEntityOfPage":{"@id":"https:\/\/www.estrategiaconcursos.com.br\/blog\/concurso-ministerio-do-trabalho\/"},"wordCount":600,"publisher":{"@id":"https:\/\/www.estrategiaconcursos.com.br\/blog\/#organization"},"image":{"@id":"https:\/\/www.estrategiaconcursos.com.br\/blog\/concurso-ministerio-do-trabalho\/#primaryimage"},"thumbnailUrl":"https:\/\/dhg1h5j42swfq.cloudfront.net\/2016\/05\/30110012\/ministerio-trabalho.jpg","keywords":["concurso MTE","Concurso MTPS","Minist\u00e9rio do Trabalho","MTE"],"articleSection":["Concursos P\u00fablicos"],"inLanguage":"pt-BR","copyrightYear":"2017","copyrightHolder":{"@id":"https:\/\/www.estrategiaconcursos.com.br\/blog\/#organization"}},{"@type":"WebPage","@id":"https:\/\/www.estrategiaconcursos.com.br\/blog\/concurso-ministerio-do-trabalho\/","url":"https:\/\/www.estrategiaconcursos.com.br\/blog\/concurso-ministerio-do-trabalho\/","name":"Concurso Minist\u00e9rio do Trabalho: 2.595 vagas solicitadas!","isPartOf":{"@id":"https:\/\/www.estrategiaconcursos.com.br\/blog\/#website"},"primaryImageOfPage":{"@id":"https:\/\/www.estrategiaconcursos.com.br\/blog\/concurso-ministerio-do-trabalho\/#primaryimage"},"image":{"@id":"https:\/\/www.estrategiaconcursos.com.br\/blog\/concurso-ministerio-do-trabalho\/#primaryimage"},"thumbnailUrl":"https:\/\/dhg1h5j42swfq.cloudfront.net\/2016\/05\/30110012\/ministerio-trabalho.jpg","datePublished":"2017-05-30T13:38:08+00:00","dateModified":"2017-05-30T14:12:36+00:00","description":"Concurso Minist\u00e9rio do Trabalho: \u00f3rg\u00e3o encaminha pedido de 2.595 vagas ao Planejamento! Acompanha a tramita\u00e7\u00e3o deste certame e fique por dentro!","breadcrumb":{"@id":"https:\/\/www.estrategiaconcursos.com.br\/blog\/concurso-ministerio-do-trabalho\/#breadcrumb"},"inLanguage":"pt-BR","potentialAction":[{"@type":"ReadAction","target":["https:\/\/www.estrategiaconcursos.com.br\/blog\/concurso-ministerio-do-trabalho\/"]}]},{"@type":"ImageObject","inLanguage":"pt-BR","@id":"https:\/\/www.estrategiaconcursos.com.br\/blog\/concurso-ministerio-do-trabalho\/#primaryimage","url":"https:\/\/dhg1h5j42swfq.cloudfront.net\/2016\/05\/30110012\/ministerio-trabalho.jpg","contentUrl":"https:\/\/dhg1h5j42swfq.cloudfront.net\/2016\/05\/30110012\/ministerio-trabalho.jpg","width":345,"height":203},{"@type":"BreadcrumbList","@id":"https:\/\/www.estrategiaconcursos.com.br\/blog\/concurso-ministerio-do-trabalho\/#breadcrumb","itemListElement":[{"@type":"ListItem","position":1,"name":"In\u00edcio","item":"https:\/\/www.estrategiaconcursos.com.br\/blog\/"},{"@type":"ListItem","position":2,"name":"Concurso Minist\u00e9rio do Trabalho: \u00f3rg\u00e3o encaminha pedido de 2.595 vagas ao Planejamento"}]},{"@type":"WebSite","@id":"https:\/\/www.estrategiaconcursos.com.br\/blog\/#website","url":"https:\/\/www.estrategiaconcursos.com.br\/blog\/","name":"Estrat\u00e9gia Concursos","description":"O blog da Estrat\u00e9gia Concursos traz not\u00edcias sobre concursos e artigos de professores oferecendo cursos para concursos (pdf + videaulas) no site.","publisher":{"@id":"https:\/\/www.estrategiaconcursos.com.br\/blog\/#organization"},"potentialAction":[{"@type":"SearchAction","target":{"@type":"EntryPoint","urlTemplate":"https:\/\/www.estrategiaconcursos.com.br\/blog\/?s={search_term_string}"},"query-input":{"@type":"PropertyValueSpecification","valueRequired":true,"valueName":"search_term_string"}}],"inLanguage":"pt-BR"},{"@type":"Organization","@id":"https:\/\/www.estrategiaconcursos.com.br\/blog\/#organization","name":"Estrat\u00e9gia Concursos","url":"https:\/\/www.estrategiaconcursos.com.br\/blog\/","logo":{"@type":"ImageObject","inLanguage":"pt-BR","@id":"https:\/\/www.estrategiaconcursos.com.br\/blog\/#\/schema\/logo\/image\/","url":"https:\/\/dhg1h5j42swfq.cloudfront.net\/2025\/06\/03203428\/logo_concursos-1.jpg","contentUrl":"https:\/\/dhg1h5j42swfq.cloudfront.net\/2025\/06\/03203428\/logo_concursos-1.jpg","width":230,"height":60,"caption":"Estrat\u00e9gia Concursos"},"image":{"@id":"https:\/\/www.estrategiaconcursos.com.br\/blog\/#\/schema\/logo\/image\/"},"sameAs":["https:\/\/x.com\/EstratConcursos"]},{"@type":"Person","@id":"https:\/\/www.estrategiaconcursos.com.br\/blog\/#\/schema\/person\/b4a388c97673c5f483d72185668afa1f","name":"Coordena\u00e7\u00e3o","image":{"@type":"ImageObject","inLanguage":"pt-BR","@id":"https:\/\/secure.gravatar.com\/avatar\/b720319e4c9a967eb58678d110f4fe35452fc5d5f97b202bac7b8acceb18c6ad?s=96&d=mm&r=g","url":"https:\/\/secure.gravatar.com\/avatar\/b720319e4c9a967eb58678d110f4fe35452fc5d5f97b202bac7b8acceb18c6ad?s=96&d=mm&r=g","contentUrl":"https:\/\/secure.gravatar.com\/avatar\/b720319e4c9a967eb58678d110f4fe35452fc5d5f97b202bac7b8acceb18c6ad?s=96&d=mm&r=g","caption":"Coordena\u00e7\u00e3o"},"sameAs":["https:\/\/www.facebook.com\/EstrategiaConcursos","https:\/\/x.com\/EstratConcursos"],"url":"https:\/\/www.estrategiaconcursos.com.br\/blog\/author\/estrategia2013\/"}]}},"_links":{"self":[{"href":"https:\/\/www.estrategiaconcursos.com.br\/blog\/wp-json\/wp\/v2\/posts\/14615","targetHints":{"allow":["GET"]}}],"collection":[{"href":"https:\/\/www.estrategiaconcursos.com.br\/blog\/wp-json\/wp\/v2\/posts"}],"about":[{"href":"https:\/\/www.estrategiaconcursos.com.br\/blog\/wp-json\/wp\/v2\/types\/post"}],"author":[{"embeddable":true,"href":"https:\/\/www.estrategiaconcursos.com.br\/blog\/wp-json\/wp\/v2\/users\/1"}],"replies":[{"embeddable":true,"href":"https:\/\/www.estrategiaconcursos.com.br\/blog\/wp-json\/wp\/v2\/comments?post=14615"}],"version-history":[{"count":12,"href":"https:\/\/www.estrategiaconcursos.com.br\/blog\/wp-json\/wp\/v2\/posts\/14615\/revisions"}],"predecessor-version":[{"id":75933,"href":"https:\/\/www.estrategiaconcursos.com.br\/blog\/wp-json\/wp\/v2\/posts\/14615\/revisions\/75933"}],"wp:featuredmedia":[{"embeddable":true,"href":"https:\/\/www.estrategiaconcursos.com.br\/blog\/wp-json\/wp\/v2\/media\/75930"}],"wp:attachment":[{"href":"https:\/\/www.estrategiaconcursos.com.br\/blog\/wp-json\/wp\/v2\/media?parent=14615"}],"wp:term":[{"taxonomy":"category","embeddable":true,"href":"https:\/\/www.estrategiaconcursos.com.br\/blog\/wp-json\/wp\/v2\/categories?post=14615"},{"taxonomy":"post_tag","embeddable":true,"href":"https:\/\/www.estrategiaconcursos.com.br\/blog\/wp-json\/wp\/v2\/tags?post=14615"},{"taxonomy":"tax_estado","embeddable":true,"href":"https:\/\/www.estrategiaconcursos.com.br\/blog\/wp-json\/wp\/v2\/tax_estado?post=14615"}],"curies":[{"name":"wp","href":"https:\/\/api.w.org\/{rel}","templated":true}]}}