{"id":146002,"date":"2018-10-08T10:48:43","date_gmt":"2018-10-08T13:48:43","guid":{"rendered":"https:\/\/www.estrategiaconcursos.com.br\/blog\/?p=146002"},"modified":"2018-10-08T10:48:43","modified_gmt":"2018-10-08T13:48:43","slug":"recursos-trt-15-redacao-macroestrutura-tecnico-administrativo-e-tecnico-em-seguranca","status":"publish","type":"post","link":"https:\/\/www.estrategiaconcursos.com.br\/blog\/recursos-trt-15-redacao-macroestrutura-tecnico-administrativo-e-tecnico-em-seguranca\/","title":{"rendered":"Recursos TRT-15 &#8211; Reda\u00e7\u00e3o (macroestrutura) &#8211; T\u00e9cnico Administrativo e T\u00e9cnico em Seguran\u00e7a"},"content":{"rendered":"<p style=\"text-align: justify\">\n<table>\n<tbody>\n<tr>\n<td width=\"611\"><strong>\u00a0<\/strong><strong>Recursos para a prova discursiva TRT-15 \u2013 2018<\/strong><\/p>\n<p><strong>Macroestrutura<\/strong><\/p>\n<p><strong>\u00a0<\/strong><\/p>\n<p><strong>CARGOS:<\/strong><\/p>\n<p><strong>T\u00e9cnico Administrativo<\/strong><\/p>\n<p><strong>T\u00e9cnico Judici\u00e1rio Seguran\u00e7a<\/strong><\/p>\n<p><strong>\u00a0<\/strong><\/p>\n<p><strong>Temas: <\/strong><\/p>\n<p><strong>Byung-Chul Han: a quest\u00e3o da autenticidade e da diferen\u00e7a<\/strong><\/p>\n<p><strong>O uso de c\u00e2meras de v\u00eddeo e o direito \u00e0 privacidade<\/strong><\/p>\n<p><strong>\u00a0<\/strong><\/td>\n<\/tr>\n<\/tbody>\n<\/table>\n<p style=\"text-align: justify\">\n<p style=\"text-align: justify\">\n<p style=\"text-align: justify\">Estrategianos, tudo bem?<\/p>\n<p style=\"text-align: justify\">Estou muito feliz em ter sido convidado pelo Coordenador de Provas Discursivas, Professor Carlos Roberto, para auxili\u00e1-los nesta fase de extrema import\u00e2ncia de seu concurso: <strong>recursos para a prova discursiva (macroestrutura) do concurso TRT-15, organizado pela banca FCC.<\/strong><\/p>\n<p style=\"text-align: justify\">Antes de iniciarmos, quero fazer uma breve apresenta\u00e7\u00e3o:<\/p>\n<p style=\"text-align: justify\">Meu nome \u00e9 Raphael Reis, sou graduado em Hist\u00f3ria (UFJF), Especialista em Pol\u00edticas P\u00fablicas e Gest\u00e3o Social (UFJF), MBA em Organiza\u00e7\u00e3o de Campanha Eleitoral (Uninter) e Mestre em Sociologia da Educa\u00e7\u00e3o (UFJF). Atualmente, trabalho no Estrat\u00e9gia Concursos\/ENEM com as disciplinas de Filosofia, de Hist\u00f3ria e de Sociologia. Atuo tamb\u00e9m na parte de Macroestrutura e Recursos do N\u00facleo de Reda\u00e7\u00e3o.<\/p>\n<p style=\"text-align: justify\">\u00a0Inicialmente, gostaria de dar-lhes os parab\u00e9ns por terem chegado at\u00e9 aqui em um concurso t\u00e3o concorrido e de alt\u00edssimo n\u00edvel organizado pela banca FCC, a qual, certamente, testou seus conhecimentos e comprovou que voc\u00eas est\u00e3o aptos para, a qualquer momento, ingressarem de forma majestosa na Administra\u00e7\u00e3o P\u00fablica do nosso pa\u00eds. <strong>Quem sabe n\u00e3o chegou a hora, n\u00e3o \u00e9 verdade? <\/strong>N\u00f3s, do Estrat\u00e9gia, trabalhamos com afinco para que isso se concretize!<\/p>\n<p style=\"text-align: justify\">Malgrado as dificuldades vivenciadas em sua trajet\u00f3ria at\u00e9 aqui, devo informar-lhes que ainda \u00e9 cedo para qualquer tipo de comemora\u00e7\u00e3o ou desist\u00eancia, pois o jogo s\u00f3 acaba quando o juiz apita o final da partida e, no seu caso, esse apito ainda n\u00e3o foi dado.<\/p>\n<p style=\"text-align: justify\"><strong>Professor, mas a classifica\u00e7\u00e3o muda tanto assim ap\u00f3s os recursos da prova discursiva?<\/strong> Posso dizer que quem acompanha os concursos p\u00fablicos, que essa fase \u00e9 t\u00e3o importante quanto a elabora\u00e7\u00e3o do texto discursivo que voc\u00ea fez no dia da sua prova. Por\u00e9m, h\u00e1 possibilidade real de a nota ser majorada? Sim, existe. Embora a banca FCC seja a mais dif\u00edcil de deferir recursos, nos \u00faltimos certames conseguimos uma m\u00e9dia de um deferimento a cada cinco recursos.<\/p>\n<p style=\"text-align: justify\">Nem sempre a banca erra ao corrigir sua prova, <strong>mas isso pode acontecer! <\/strong>Nem sempre a banca te devolve a pontua\u00e7\u00e3o quando est\u00e1 errada, <strong>mas isso pode acontecer! <\/strong>Nem sempre a banca te d\u00e1 uma nota abaixo daquela que realmente lhe \u00e9 devida, <strong>mas isso pode acontecer! <\/strong><\/p>\n<p style=\"text-align: justify\">Portanto, meus amigos, entrar com recursos na sua prova discursiva \u00e9 algo necess\u00e1rio para quem ainda se v\u00ea com chances de conseguir a classifica\u00e7\u00e3o dentro das vagas.<\/p>\n<p style=\"text-align: justify\">O meu foco aqui \u00e9 avaliar a <strong>MACROESTRUTURA do seu texto (desenvolvimento do conte\u00fado).<\/strong><\/p>\n<p style=\"text-align: justify\"><strong>Ok, professor, entendi, mas como fazer o recurso contra o resultado provis\u00f3rio da prova discursiva?<\/strong><\/p>\n<p style=\"text-align: justify\">Voc\u00ea tem que ser bem esperto e agir r\u00e1pido!<\/p>\n<p style=\"text-align: justify\">Os\u00a0candidatos\u00a0poder\u00e3o\u00a0ter\u00a0acesso\u00a0\u00e0\u00a0prova\u00a0discursiva\u00a0e\u00a0aos\u00a0espelhos\u00a0de\u00a0avalia\u00e7\u00e3o\u00a0e\u00a0interpor\u00a0recurso\u00a0contra o\u00a0resultado\u00a0provis\u00f3rio\u00a0na\u00a0prova\u00a0discursiva,\u00a0<strong>das\u00a009:00\u00a0horas\u00a0do\u00a0dia\u00a008 de outubro\u00a0de\u00a02018\u00a0\u00e0s\u00a023h59min\u00a0horas\u00a0do dia\u00a009 de outubro de 2018, <\/strong>(hor\u00e1rio\u00a0 oficial\u00a0 de\u00a0 Bras\u00edlia\/DF),\u00a0 no\u00a0 endere\u00e7o\u00a0 eletr\u00f4nico\u00a0do site da banca FCC, por meio do Sistema de Interposi\u00e7\u00e3o de Recursos.<\/p>\n<p style=\"text-align: justify\">\n<p style=\"text-align: justify\">Ap\u00f3s\u00a0esse\u00a0per\u00edodo,\u00a0n\u00e3o\u00a0ser\u00e3o\u00a0aceitos\u00a0pedidos\u00a0de\u00a0revis\u00e3o.<\/p>\n<p style=\"text-align: justify\">\u00c9 fundamental que voc\u00eas tenham acesso ao espelho da prova o mais r\u00e1pido poss\u00edvel para que possamos preparar seu recurso de forma bem fundamentada e com tranquilidade, ok?<\/p>\n<p style=\"text-align: justify\">Assim que voc\u00ea tiver acesso \u00e0 sua reda\u00e7\u00e3o, dever\u00e1 me disponibilizar por meio da \u00e1rea do aluno no site Estrat\u00e9gia Concursos o mais r\u00e1pido poss\u00edvel, os seguintes arquivos:<\/p>\n<p style=\"text-align: justify\">\n<p style=\"text-align: justify\"><strong>1<\/strong><strong>) C\u00f3pia digitalizada leg\u00edvel da sua reda\u00e7\u00e3o; <\/strong><\/p>\n<p style=\"text-align: justify\"><strong>2) Barema da banca (avalia\u00e7\u00e3o que lhe foi atribu\u00edda em cada item);<\/strong><\/p>\n<p style=\"text-align: justify\"><strong>3) Padr\u00e3o de resposta divulgado pela banca, se houver.<\/strong><\/p>\n<p style=\"text-align: justify\">\n<p style=\"text-align: justify\">Obs.: aqueles que adquirirem o servi\u00e7o de recursos devem enviar os arquivos supracitados tamb\u00e9m para o e-mail do Professor Raphael Reis: <a href=\"mailto:profraphaelreis@gmail.com\">profraphaelreis@gmail.com<\/a><\/p>\n<p style=\"text-align: justify\">Obs.: visto o contrato com o Estrat\u00e9gia Concursos, em nenhuma hip\u00f3tese o professor ir\u00e1 oferecer esse servi\u00e7o particularmente. Inclusive, a an\u00e1lise de viabilidade do recurso s\u00f3 acontecer\u00e1 ap\u00f3s o candidato adquirir o servi\u00e7o no site do Estrat\u00e9gia Concursos.<\/p>\n<p style=\"text-align: justify\">Obs.: o Professor Raphael N\u00c3O ir\u00e1 esclarecer nenhuma d\u00favida sobre o funcionamento do servi\u00e7o de recursos por e-mail, uma vez que todas as informa\u00e7\u00f5es est\u00e3o contidas neste material.<\/p>\n<p style=\"text-align: justify\">\n<p style=\"text-align: justify\">Devo lembrar-lhes que as <strong>vagas s\u00e3o limitadas \u2013 temos somente 8 (vagas) vagas<\/strong>, sendo quatro para cada um dos cargos, pois haja vista o tempo ex\u00edguo para a elabora\u00e7\u00e3o dos recursos, \u00e9 necess\u00e1rio impor esse limite para que eu possa atender a todos com a qualidade necess\u00e1ria e em tempo h\u00e1bil (<strong>s\u00f3 vamos aceitar o envio at\u00e9 12h do dia 09 de <\/strong><strong>outubro.<\/strong> Ap\u00f3s a confec\u00e7\u00e3o dos recursos, ser\u00e1 de inteira <strong>responsabilidade do aluno <\/strong>envi\u00e1-los para avalia\u00e7\u00e3o da banca examinadora no site da FCC conforme as orienta\u00e7\u00f5es da banca.<\/p>\n<p style=\"text-align: justify\">\n<p style=\"text-align: justify\"><strong>Duas coisas precisam ficar muito claras:<\/strong><\/p>\n<p style=\"text-align: justify\">\n<p style=\"text-align: justify\"><em>&#8211; a contrata\u00e7\u00e3o do nosso servi\u00e7o n\u00e3o garante a majora\u00e7\u00e3o da sua nota! \u00c9 uma possibilidade!<\/em><\/p>\n<p style=\"text-align: justify\">\n<p style=\"text-align: justify\"><em>&#8211; ao receber o seu texto, vou avaliar de maneira muito honesta, fazendo uma an\u00e1lise minuciosa de cada erro apontado pela banca. Se n\u00e3o houver possibilidade de recurso, devolveremos 100% do valor.<\/em><\/p>\n<p style=\"text-align: justify\">\n<p style=\"text-align: justify\">Comprometo-me a doar meu m\u00e1ximo em prol de conseguirmos alguns pontos ou d\u00e9cimos em sua nota final. Contudo, isso depender\u00e1, em grande parte, do texto que foi produzido por voc\u00ea e das margens que ele nos deixou para que possamos argumentar com o examinador a possibilidade de majora\u00e7\u00e3o de sua pontua\u00e7\u00e3o.<\/p>\n<p style=\"text-align: justify\">Feitos esses esclarecimentos, desejo-lhes boa sorte com os recursos e espero, sinceramente, que obtenhamos \u00eaxito para que possamos comemorar sua aprova\u00e7\u00e3o!<\/p>\n<p style=\"text-align: justify\">Coloco-me \u00e0 disposi\u00e7\u00e3o de voc\u00eas neste pr\u00f3ximo desafio!<\/p>\n<p style=\"text-align: justify\">\n<p style=\"text-align: justify\"><strong>Links para os adquirir o curso de Recursos: <\/strong><\/p>\n<p style=\"text-align: justify\"><strong>\u00a0<\/strong><\/p>\n<p style=\"text-align: justify\"><a href=\"https:\/\/www.estrategiaconcursos.com.br\/curso\/recursos-p-discursivas-trt-15-tecnico-judiciario-area-administrativa-prof-raphael-reis\/\">T\u00c9CNICO ADMINISTRATIVO<\/a><\/p>\n<p style=\"text-align: justify\">\n<p style=\"text-align: justify\"><a href=\"https:\/\/www.estrategiaconcursos.com.br\/curso\/recursos-p-discursivas-trt-15-tecnico-judiciario-area-administrativa-prof-raphael-reis-201810071151\/\">T\u00c9CNICO DE SEGURAN\u00c7A<\/a><\/p>\n<p style=\"text-align: justify\">\n<p style=\"text-align: justify\"><strong>E-mail da Coordena\u00e7\u00e3o de Recursos:<\/strong><\/p>\n<p style=\"text-align: justify\">recursos@estrategiaconcursos.com.br<\/p>\n<p style=\"text-align: justify\"><strong>\u00a0<\/strong><\/p>\n<p style=\"text-align: justify\"><strong>\u00a0<\/strong><\/p>\n<p style=\"text-align: justify\">Professor Raphael Reis<\/p>\n","protected":false},"excerpt":{"rendered":"<p>\u00a0Recursos para a prova discursiva TRT-15 \u2013 2018 Macroestrutura \u00a0 CARGOS: T\u00e9cnico Administrativo T\u00e9cnico Judici\u00e1rio Seguran\u00e7a \u00a0 Temas: Byung-Chul Han: a quest\u00e3o da autenticidade e da diferen\u00e7a O uso de c\u00e2meras de v\u00eddeo e o direito \u00e0 privacidade \u00a0 Estrategianos, tudo bem? Estou muito feliz em ter sido convidado pelo Coordenador de Provas Discursivas, Professor [&hellip;]<\/p>\n","protected":false},"author":384,"featured_media":0,"comment_status":"open","ping_status":"closed","sticky":false,"template":"","format":"standard","meta":{"post_tipo":"article","footnotes":""},"categories":[1],"tags":[],"tax_estado":[],"class_list":["post-146002","post","type-post","status-publish","format-standard","hentry","category-cursos-e-concursos"],"acf":[],"yoast_head":"<!-- This site is optimized with the Yoast SEO Premium plugin v27.2 (Yoast SEO v27.2) - https:\/\/yoast.com\/product\/yoast-seo-premium-wordpress\/ -->\n<title>Recursos TRT-15 - Reda\u00e7\u00e3o (macroestrutura) - T\u00e9cnico Administrativo e T\u00e9cnico em Seguran\u00e7a<\/title>\n<meta name=\"robots\" content=\"index, follow, max-snippet:-1, max-image-preview:large, max-video-preview:-1\" \/>\n<link rel=\"canonical\" href=\"https:\/\/www.estrategiaconcursos.com.br\/blog\/recursos-trt-15-redacao-macroestrutura-tecnico-administrativo-e-tecnico-em-seguranca\/\" \/>\n<meta property=\"og:locale\" content=\"pt_BR\" \/>\n<meta property=\"og:type\" content=\"article\" \/>\n<meta property=\"og:title\" content=\"Recursos TRT-15 - Reda\u00e7\u00e3o (macroestrutura) - T\u00e9cnico Administrativo e T\u00e9cnico em Seguran\u00e7a\" \/>\n<meta property=\"og:description\" content=\"\u00a0Recursos para a prova discursiva TRT-15 \u2013 2018 Macroestrutura \u00a0 CARGOS: T\u00e9cnico Administrativo T\u00e9cnico Judici\u00e1rio Seguran\u00e7a \u00a0 Temas: Byung-Chul Han: a quest\u00e3o da autenticidade e da diferen\u00e7a O uso de c\u00e2meras de v\u00eddeo e o direito \u00e0 privacidade \u00a0 Estrategianos, tudo bem? Estou muito feliz em ter sido convidado pelo Coordenador de Provas Discursivas, Professor [&hellip;]\" \/>\n<meta property=\"og:url\" content=\"https:\/\/www.estrategiaconcursos.com.br\/blog\/recursos-trt-15-redacao-macroestrutura-tecnico-administrativo-e-tecnico-em-seguranca\/\" \/>\n<meta property=\"og:site_name\" content=\"Estrat\u00e9gia Concursos\" \/>\n<meta property=\"article:published_time\" content=\"2018-10-08T13:48:43+00:00\" \/>\n<meta name=\"author\" content=\"Raphael de Oliveira Reis\" \/>\n<meta name=\"twitter:card\" content=\"summary_large_image\" \/>\n<meta name=\"twitter:creator\" content=\"@EstratConcursos\" \/>\n<meta name=\"twitter:site\" content=\"@EstratConcursos\" \/>\n<meta name=\"twitter:label1\" content=\"Escrito por\" \/>\n\t<meta name=\"twitter:data1\" content=\"Raphael de Oliveira Reis\" \/>\n\t<meta name=\"twitter:label2\" content=\"Est. tempo de leitura\" \/>\n\t<meta name=\"twitter:data2\" content=\"5 minutos\" \/>\n<script type=\"application\/ld+json\" class=\"yoast-schema-graph\">{\"@context\":\"https:\/\/schema.org\",\"@graph\":[{\"@type\":\"NewsArticle\",\"@id\":\"https:\/\/www.estrategiaconcursos.com.br\/blog\/recursos-trt-15-redacao-macroestrutura-tecnico-administrativo-e-tecnico-em-seguranca\/#article\",\"isPartOf\":{\"@id\":\"https:\/\/www.estrategiaconcursos.com.br\/blog\/recursos-trt-15-redacao-macroestrutura-tecnico-administrativo-e-tecnico-em-seguranca\/\"},\"author\":{\"name\":\"Raphael de Oliveira Reis\",\"@id\":\"https:\/\/www.estrategiaconcursos.com.br\/blog\/#\/schema\/person\/b49a1a49e5ef8a9f8d3268e74404a911\"},\"headline\":\"Recursos TRT-15 &#8211; Reda\u00e7\u00e3o (macroestrutura) &#8211; T\u00e9cnico Administrativo e T\u00e9cnico em Seguran\u00e7a\",\"datePublished\":\"2018-10-08T13:48:43+00:00\",\"mainEntityOfPage\":{\"@id\":\"https:\/\/www.estrategiaconcursos.com.br\/blog\/recursos-trt-15-redacao-macroestrutura-tecnico-administrativo-e-tecnico-em-seguranca\/\"},\"wordCount\":1054,\"commentCount\":0,\"publisher\":{\"@id\":\"https:\/\/www.estrategiaconcursos.com.br\/blog\/#organization\"},\"articleSection\":[\"Concursos P\u00fablicos\"],\"inLanguage\":\"pt-BR\",\"potentialAction\":[{\"@type\":\"CommentAction\",\"name\":\"Comment\",\"target\":[\"https:\/\/www.estrategiaconcursos.com.br\/blog\/recursos-trt-15-redacao-macroestrutura-tecnico-administrativo-e-tecnico-em-seguranca\/#respond\"]}],\"copyrightYear\":\"2018\",\"copyrightHolder\":{\"@id\":\"https:\/\/www.estrategiaconcursos.com.br\/blog\/#organization\"}},{\"@type\":\"WebPage\",\"@id\":\"https:\/\/www.estrategiaconcursos.com.br\/blog\/recursos-trt-15-redacao-macroestrutura-tecnico-administrativo-e-tecnico-em-seguranca\/\",\"url\":\"https:\/\/www.estrategiaconcursos.com.br\/blog\/recursos-trt-15-redacao-macroestrutura-tecnico-administrativo-e-tecnico-em-seguranca\/\",\"name\":\"Recursos TRT-15 - Reda\u00e7\u00e3o (macroestrutura) - T\u00e9cnico Administrativo e T\u00e9cnico em Seguran\u00e7a\",\"isPartOf\":{\"@id\":\"https:\/\/www.estrategiaconcursos.com.br\/blog\/#website\"},\"datePublished\":\"2018-10-08T13:48:43+00:00\",\"breadcrumb\":{\"@id\":\"https:\/\/www.estrategiaconcursos.com.br\/blog\/recursos-trt-15-redacao-macroestrutura-tecnico-administrativo-e-tecnico-em-seguranca\/#breadcrumb\"},\"inLanguage\":\"pt-BR\",\"potentialAction\":[{\"@type\":\"ReadAction\",\"target\":[\"https:\/\/www.estrategiaconcursos.com.br\/blog\/recursos-trt-15-redacao-macroestrutura-tecnico-administrativo-e-tecnico-em-seguranca\/\"]}]},{\"@type\":\"BreadcrumbList\",\"@id\":\"https:\/\/www.estrategiaconcursos.com.br\/blog\/recursos-trt-15-redacao-macroestrutura-tecnico-administrativo-e-tecnico-em-seguranca\/#breadcrumb\",\"itemListElement\":[{\"@type\":\"ListItem\",\"position\":1,\"name\":\"In\u00edcio\",\"item\":\"https:\/\/www.estrategiaconcursos.com.br\/blog\/\"},{\"@type\":\"ListItem\",\"position\":2,\"name\":\"Recursos TRT-15 &#8211; Reda\u00e7\u00e3o (macroestrutura) &#8211; T\u00e9cnico Administrativo e T\u00e9cnico em Seguran\u00e7a\"}]},{\"@type\":\"WebSite\",\"@id\":\"https:\/\/www.estrategiaconcursos.com.br\/blog\/#website\",\"url\":\"https:\/\/www.estrategiaconcursos.com.br\/blog\/\",\"name\":\"Estrat\u00e9gia Concursos\",\"description\":\"O blog da Estrat\u00e9gia Concursos traz not\u00edcias sobre concursos e artigos de professores oferecendo cursos para concursos (pdf + videaulas) no site.\",\"publisher\":{\"@id\":\"https:\/\/www.estrategiaconcursos.com.br\/blog\/#organization\"},\"potentialAction\":[{\"@type\":\"SearchAction\",\"target\":{\"@type\":\"EntryPoint\",\"urlTemplate\":\"https:\/\/www.estrategiaconcursos.com.br\/blog\/?s={search_term_string}\"},\"query-input\":{\"@type\":\"PropertyValueSpecification\",\"valueRequired\":true,\"valueName\":\"search_term_string\"}}],\"inLanguage\":\"pt-BR\"},{\"@type\":\"Organization\",\"@id\":\"https:\/\/www.estrategiaconcursos.com.br\/blog\/#organization\",\"name\":\"Estrat\u00e9gia Concursos\",\"url\":\"https:\/\/www.estrategiaconcursos.com.br\/blog\/\",\"logo\":{\"@type\":\"ImageObject\",\"inLanguage\":\"pt-BR\",\"@id\":\"https:\/\/www.estrategiaconcursos.com.br\/blog\/#\/schema\/logo\/image\/\",\"url\":\"https:\/\/dhg1h5j42swfq.cloudfront.net\/2025\/06\/03203428\/logo_concursos-1.jpg\",\"contentUrl\":\"https:\/\/dhg1h5j42swfq.cloudfront.net\/2025\/06\/03203428\/logo_concursos-1.jpg\",\"width\":230,\"height\":60,\"caption\":\"Estrat\u00e9gia Concursos\"},\"image\":{\"@id\":\"https:\/\/www.estrategiaconcursos.com.br\/blog\/#\/schema\/logo\/image\/\"},\"sameAs\":[\"https:\/\/x.com\/EstratConcursos\"]},{\"@type\":\"Person\",\"@id\":\"https:\/\/www.estrategiaconcursos.com.br\/blog\/#\/schema\/person\/b49a1a49e5ef8a9f8d3268e74404a911\",\"name\":\"Raphael de Oliveira Reis\",\"image\":{\"@type\":\"ImageObject\",\"inLanguage\":\"pt-BR\",\"@id\":\"https:\/\/secure.gravatar.com\/avatar\/b1c5789180fc7bfb5103ec006c301370c02393e37aa13c55f6d72f05fcc76b3b?s=96&d=mm&r=g\",\"url\":\"https:\/\/secure.gravatar.com\/avatar\/b1c5789180fc7bfb5103ec006c301370c02393e37aa13c55f6d72f05fcc76b3b?s=96&d=mm&r=g\",\"contentUrl\":\"https:\/\/secure.gravatar.com\/avatar\/b1c5789180fc7bfb5103ec006c301370c02393e37aa13c55f6d72f05fcc76b3b?s=96&d=mm&r=g\",\"caption\":\"Raphael de Oliveira Reis\"},\"url\":\"https:\/\/www.estrategiaconcursos.com.br\/blog\/author\/profraphaelreisgmail-com\/\"}]}<\/script>\n<!-- \/ Yoast SEO Premium plugin. -->","yoast_head_json":{"title":"Recursos TRT-15 - Reda\u00e7\u00e3o (macroestrutura) - T\u00e9cnico Administrativo e T\u00e9cnico em Seguran\u00e7a","robots":{"index":"index","follow":"follow","max-snippet":"max-snippet:-1","max-image-preview":"max-image-preview:large","max-video-preview":"max-video-preview:-1"},"canonical":"https:\/\/www.estrategiaconcursos.com.br\/blog\/recursos-trt-15-redacao-macroestrutura-tecnico-administrativo-e-tecnico-em-seguranca\/","og_locale":"pt_BR","og_type":"article","og_title":"Recursos TRT-15 - Reda\u00e7\u00e3o (macroestrutura) - T\u00e9cnico Administrativo e T\u00e9cnico em Seguran\u00e7a","og_description":"\u00a0Recursos para a prova discursiva TRT-15 \u2013 2018 Macroestrutura \u00a0 CARGOS: T\u00e9cnico Administrativo T\u00e9cnico Judici\u00e1rio Seguran\u00e7a \u00a0 Temas: Byung-Chul Han: a quest\u00e3o da autenticidade e da diferen\u00e7a O uso de c\u00e2meras de v\u00eddeo e o direito \u00e0 privacidade \u00a0 Estrategianos, tudo bem? Estou muito feliz em ter sido convidado pelo Coordenador de Provas Discursivas, Professor [&hellip;]","og_url":"https:\/\/www.estrategiaconcursos.com.br\/blog\/recursos-trt-15-redacao-macroestrutura-tecnico-administrativo-e-tecnico-em-seguranca\/","og_site_name":"Estrat\u00e9gia Concursos","article_published_time":"2018-10-08T13:48:43+00:00","author":"Raphael de Oliveira Reis","twitter_card":"summary_large_image","twitter_creator":"@EstratConcursos","twitter_site":"@EstratConcursos","twitter_misc":{"Escrito por":"Raphael de Oliveira Reis","Est. tempo de leitura":"5 minutos"},"schema":{"@context":"https:\/\/schema.org","@graph":[{"@type":"NewsArticle","@id":"https:\/\/www.estrategiaconcursos.com.br\/blog\/recursos-trt-15-redacao-macroestrutura-tecnico-administrativo-e-tecnico-em-seguranca\/#article","isPartOf":{"@id":"https:\/\/www.estrategiaconcursos.com.br\/blog\/recursos-trt-15-redacao-macroestrutura-tecnico-administrativo-e-tecnico-em-seguranca\/"},"author":{"name":"Raphael de Oliveira Reis","@id":"https:\/\/www.estrategiaconcursos.com.br\/blog\/#\/schema\/person\/b49a1a49e5ef8a9f8d3268e74404a911"},"headline":"Recursos TRT-15 &#8211; Reda\u00e7\u00e3o (macroestrutura) &#8211; T\u00e9cnico Administrativo e T\u00e9cnico em Seguran\u00e7a","datePublished":"2018-10-08T13:48:43+00:00","mainEntityOfPage":{"@id":"https:\/\/www.estrategiaconcursos.com.br\/blog\/recursos-trt-15-redacao-macroestrutura-tecnico-administrativo-e-tecnico-em-seguranca\/"},"wordCount":1054,"commentCount":0,"publisher":{"@id":"https:\/\/www.estrategiaconcursos.com.br\/blog\/#organization"},"articleSection":["Concursos P\u00fablicos"],"inLanguage":"pt-BR","potentialAction":[{"@type":"CommentAction","name":"Comment","target":["https:\/\/www.estrategiaconcursos.com.br\/blog\/recursos-trt-15-redacao-macroestrutura-tecnico-administrativo-e-tecnico-em-seguranca\/#respond"]}],"copyrightYear":"2018","copyrightHolder":{"@id":"https:\/\/www.estrategiaconcursos.com.br\/blog\/#organization"}},{"@type":"WebPage","@id":"https:\/\/www.estrategiaconcursos.com.br\/blog\/recursos-trt-15-redacao-macroestrutura-tecnico-administrativo-e-tecnico-em-seguranca\/","url":"https:\/\/www.estrategiaconcursos.com.br\/blog\/recursos-trt-15-redacao-macroestrutura-tecnico-administrativo-e-tecnico-em-seguranca\/","name":"Recursos TRT-15 - Reda\u00e7\u00e3o (macroestrutura) - T\u00e9cnico Administrativo e T\u00e9cnico em Seguran\u00e7a","isPartOf":{"@id":"https:\/\/www.estrategiaconcursos.com.br\/blog\/#website"},"datePublished":"2018-10-08T13:48:43+00:00","breadcrumb":{"@id":"https:\/\/www.estrategiaconcursos.com.br\/blog\/recursos-trt-15-redacao-macroestrutura-tecnico-administrativo-e-tecnico-em-seguranca\/#breadcrumb"},"inLanguage":"pt-BR","potentialAction":[{"@type":"ReadAction","target":["https:\/\/www.estrategiaconcursos.com.br\/blog\/recursos-trt-15-redacao-macroestrutura-tecnico-administrativo-e-tecnico-em-seguranca\/"]}]},{"@type":"BreadcrumbList","@id":"https:\/\/www.estrategiaconcursos.com.br\/blog\/recursos-trt-15-redacao-macroestrutura-tecnico-administrativo-e-tecnico-em-seguranca\/#breadcrumb","itemListElement":[{"@type":"ListItem","position":1,"name":"In\u00edcio","item":"https:\/\/www.estrategiaconcursos.com.br\/blog\/"},{"@type":"ListItem","position":2,"name":"Recursos TRT-15 &#8211; Reda\u00e7\u00e3o (macroestrutura) &#8211; T\u00e9cnico Administrativo e T\u00e9cnico em Seguran\u00e7a"}]},{"@type":"WebSite","@id":"https:\/\/www.estrategiaconcursos.com.br\/blog\/#website","url":"https:\/\/www.estrategiaconcursos.com.br\/blog\/","name":"Estrat\u00e9gia Concursos","description":"O blog da Estrat\u00e9gia Concursos traz not\u00edcias sobre concursos e artigos de professores oferecendo cursos para concursos (pdf + videaulas) no site.","publisher":{"@id":"https:\/\/www.estrategiaconcursos.com.br\/blog\/#organization"},"potentialAction":[{"@type":"SearchAction","target":{"@type":"EntryPoint","urlTemplate":"https:\/\/www.estrategiaconcursos.com.br\/blog\/?s={search_term_string}"},"query-input":{"@type":"PropertyValueSpecification","valueRequired":true,"valueName":"search_term_string"}}],"inLanguage":"pt-BR"},{"@type":"Organization","@id":"https:\/\/www.estrategiaconcursos.com.br\/blog\/#organization","name":"Estrat\u00e9gia Concursos","url":"https:\/\/www.estrategiaconcursos.com.br\/blog\/","logo":{"@type":"ImageObject","inLanguage":"pt-BR","@id":"https:\/\/www.estrategiaconcursos.com.br\/blog\/#\/schema\/logo\/image\/","url":"https:\/\/dhg1h5j42swfq.cloudfront.net\/2025\/06\/03203428\/logo_concursos-1.jpg","contentUrl":"https:\/\/dhg1h5j42swfq.cloudfront.net\/2025\/06\/03203428\/logo_concursos-1.jpg","width":230,"height":60,"caption":"Estrat\u00e9gia Concursos"},"image":{"@id":"https:\/\/www.estrategiaconcursos.com.br\/blog\/#\/schema\/logo\/image\/"},"sameAs":["https:\/\/x.com\/EstratConcursos"]},{"@type":"Person","@id":"https:\/\/www.estrategiaconcursos.com.br\/blog\/#\/schema\/person\/b49a1a49e5ef8a9f8d3268e74404a911","name":"Raphael de Oliveira Reis","image":{"@type":"ImageObject","inLanguage":"pt-BR","@id":"https:\/\/secure.gravatar.com\/avatar\/b1c5789180fc7bfb5103ec006c301370c02393e37aa13c55f6d72f05fcc76b3b?s=96&d=mm&r=g","url":"https:\/\/secure.gravatar.com\/avatar\/b1c5789180fc7bfb5103ec006c301370c02393e37aa13c55f6d72f05fcc76b3b?s=96&d=mm&r=g","contentUrl":"https:\/\/secure.gravatar.com\/avatar\/b1c5789180fc7bfb5103ec006c301370c02393e37aa13c55f6d72f05fcc76b3b?s=96&d=mm&r=g","caption":"Raphael de Oliveira Reis"},"url":"https:\/\/www.estrategiaconcursos.com.br\/blog\/author\/profraphaelreisgmail-com\/"}]}},"_links":{"self":[{"href":"https:\/\/www.estrategiaconcursos.com.br\/blog\/wp-json\/wp\/v2\/posts\/146002","targetHints":{"allow":["GET"]}}],"collection":[{"href":"https:\/\/www.estrategiaconcursos.com.br\/blog\/wp-json\/wp\/v2\/posts"}],"about":[{"href":"https:\/\/www.estrategiaconcursos.com.br\/blog\/wp-json\/wp\/v2\/types\/post"}],"author":[{"embeddable":true,"href":"https:\/\/www.estrategiaconcursos.com.br\/blog\/wp-json\/wp\/v2\/users\/384"}],"replies":[{"embeddable":true,"href":"https:\/\/www.estrategiaconcursos.com.br\/blog\/wp-json\/wp\/v2\/comments?post=146002"}],"version-history":[{"count":1,"href":"https:\/\/www.estrategiaconcursos.com.br\/blog\/wp-json\/wp\/v2\/posts\/146002\/revisions"}],"predecessor-version":[{"id":146003,"href":"https:\/\/www.estrategiaconcursos.com.br\/blog\/wp-json\/wp\/v2\/posts\/146002\/revisions\/146003"}],"wp:attachment":[{"href":"https:\/\/www.estrategiaconcursos.com.br\/blog\/wp-json\/wp\/v2\/media?parent=146002"}],"wp:term":[{"taxonomy":"category","embeddable":true,"href":"https:\/\/www.estrategiaconcursos.com.br\/blog\/wp-json\/wp\/v2\/categories?post=146002"},{"taxonomy":"post_tag","embeddable":true,"href":"https:\/\/www.estrategiaconcursos.com.br\/blog\/wp-json\/wp\/v2\/tags?post=146002"},{"taxonomy":"tax_estado","embeddable":true,"href":"https:\/\/www.estrategiaconcursos.com.br\/blog\/wp-json\/wp\/v2\/tax_estado?post=146002"}],"curies":[{"name":"wp","href":"https:\/\/api.w.org\/{rel}","templated":true}]}}