{"id":145548,"date":"2018-10-04T10:00:12","date_gmt":"2018-10-04T13:00:12","guid":{"rendered":"https:\/\/www.estrategiaconcursos.com.br\/blog\/?p=145548"},"modified":"2019-04-09T17:04:14","modified_gmt":"2019-04-09T20:04:14","slug":"provas-do-enem-levam-o-governo-a-adiar-o-inicio-do-horario-de-verao-para-o-dia-18-de-novembro","status":"publish","type":"post","link":"https:\/\/www.estrategiaconcursos.com.br\/blog\/provas-do-enem-levam-o-governo-a-adiar-o-inicio-do-horario-de-verao-para-o-dia-18-de-novembro\/","title":{"rendered":"Provas do Enem levam o governo a adiar o in\u00edcio do hor\u00e1rio de ver\u00e3o para o dia 18 de novembro"},"content":{"rendered":"<p>O governo acatou nesta quinta-feira, 4 de outubro, o pedido do Minist\u00e9rio da Educa\u00e7\u00e3o, MEC, para adiar o in\u00edcio do hor\u00e1rio de ver\u00e3o. Na solicita\u00e7\u00e3o feita no final de setembro, o MEC argumentou que as provas do Exame Nacional do Ensino M\u00e9dio, ENEM, poderiam ser prejudicadas, caso o pedido fosse negado.<\/p>\n<p>Entretanto, a decis\u00e3o do Presidente Michel Temer, manteve a data de t\u00e9rmino do hor\u00e1rio de ver\u00e3o, que ficou para o terceiro domingo de fevereiro de 2019. O ENEM \u00e9 a principal porta de entrada para candidatos que desejam ingressar nas universidades p\u00fablicas e particulares.<\/p>\n<p>A medida beneficiar\u00e1 especialmente candidatos que residem nos estados de: S\u00e3o Paulo, Rio de Janeiro, Minas Gerais, Esp\u00edrito Santo, Rio Grande do Sul, Santa Catarina, Paran\u00e1, Goi\u00e1s, Mato Grosso, Mato Grosso do Sul e Distrito Federal; onde o hor\u00e1rio \u00e9 adotado.<\/p>\n<p>As provas devem acontecer nos dias 04 e 11 de novembro. No total, mais de 6 milh\u00f5es de pessoas devem fazer o exame.<\/p>\n","protected":false},"excerpt":{"rendered":"<p>O governo acatou nesta quinta-feira, 4 de outubro, o pedido do Minist\u00e9rio da Educa\u00e7\u00e3o, MEC, para adiar o in\u00edcio do hor\u00e1rio de ver\u00e3o. Na solicita\u00e7\u00e3o feita no final de setembro, o MEC argumentou que as provas do Exame Nacional do Ensino M\u00e9dio, ENEM, poderiam ser prejudicadas, caso o pedido fosse negado. Entretanto, a decis\u00e3o do [&hellip;]<\/p>\n","protected":false},"author":263,"featured_media":0,"comment_status":"open","ping_status":"closed","sticky":false,"template":"","format":"standard","meta":{"post_tipo":"article","footnotes":""},"categories":[1],"tags":[],"tax_estado":[],"class_list":["post-145548","post","type-post","status-publish","format-standard","hentry","category-cursos-e-concursos"],"acf":[],"yoast_head":"<!-- This site is optimized with the Yoast SEO Premium plugin v27.2 (Yoast SEO v27.2) - https:\/\/yoast.com\/product\/yoast-seo-premium-wordpress\/ -->\n<title>Provas do Enem levam o governo a adiar o in\u00edcio do hor\u00e1rio de ver\u00e3o<\/title>\n<meta name=\"description\" content=\"Provas do Enem levam o governo a adiar o in\u00edcio do hor\u00e1rio de ver\u00e3o para o dia 18 de novembro; Saiba como isso deve afetar as provas.\" \/>\n<meta name=\"robots\" content=\"index, follow, max-snippet:-1, max-image-preview:large, max-video-preview:-1\" \/>\n<link rel=\"canonical\" href=\"https:\/\/www.estrategiaconcursos.com.br\/blog\/provas-do-enem-levam-o-governo-a-adiar-o-inicio-do-horario-de-verao-para-o-dia-18-de-novembro\/\" \/>\n<meta property=\"og:locale\" content=\"pt_BR\" \/>\n<meta property=\"og:type\" content=\"article\" \/>\n<meta property=\"og:title\" content=\"Provas do Enem levam o governo a adiar o in\u00edcio do hor\u00e1rio de ver\u00e3o para o dia 18 de novembro\" \/>\n<meta property=\"og:description\" content=\"Provas do Enem levam o governo a adiar o in\u00edcio do hor\u00e1rio de ver\u00e3o para o dia 18 de novembro; Saiba como isso deve afetar as provas.\" \/>\n<meta property=\"og:url\" content=\"https:\/\/www.estrategiaconcursos.com.br\/blog\/provas-do-enem-levam-o-governo-a-adiar-o-inicio-do-horario-de-verao-para-o-dia-18-de-novembro\/\" \/>\n<meta property=\"og:site_name\" content=\"Estrat\u00e9gia Concursos\" \/>\n<meta property=\"article:published_time\" content=\"2018-10-04T13:00:12+00:00\" \/>\n<meta property=\"article:modified_time\" content=\"2019-04-09T20:04:14+00:00\" \/>\n<meta name=\"author\" content=\"Daniel dos Reis Lopes\" \/>\n<meta name=\"twitter:card\" content=\"summary_large_image\" \/>\n<meta name=\"twitter:creator\" content=\"@EstratConcursos\" \/>\n<meta name=\"twitter:site\" content=\"@EstratConcursos\" \/>\n<meta name=\"twitter:label1\" content=\"Escrito por\" \/>\n\t<meta name=\"twitter:data1\" content=\"Daniel dos Reis Lopes\" \/>\n\t<meta name=\"twitter:label2\" content=\"Est. tempo de leitura\" \/>\n\t<meta name=\"twitter:data2\" content=\"1 minuto\" \/>\n<script type=\"application\/ld+json\" class=\"yoast-schema-graph\">{\"@context\":\"https:\/\/schema.org\",\"@graph\":[{\"@type\":\"NewsArticle\",\"@id\":\"https:\/\/www.estrategiaconcursos.com.br\/blog\/provas-do-enem-levam-o-governo-a-adiar-o-inicio-do-horario-de-verao-para-o-dia-18-de-novembro\/#article\",\"isPartOf\":{\"@id\":\"https:\/\/www.estrategiaconcursos.com.br\/blog\/provas-do-enem-levam-o-governo-a-adiar-o-inicio-do-horario-de-verao-para-o-dia-18-de-novembro\/\"},\"author\":{\"name\":\"Daniel dos Reis Lopes\",\"@id\":\"https:\/\/www.estrategiaconcursos.com.br\/blog\/#\/schema\/person\/86e4af37234d422e94ca7e825b416814\"},\"headline\":\"Provas do Enem levam o governo a adiar o in\u00edcio do hor\u00e1rio de ver\u00e3o para o dia 18 de novembro\",\"datePublished\":\"2018-10-04T13:00:12+00:00\",\"dateModified\":\"2019-04-09T20:04:14+00:00\",\"mainEntityOfPage\":{\"@id\":\"https:\/\/www.estrategiaconcursos.com.br\/blog\/provas-do-enem-levam-o-governo-a-adiar-o-inicio-do-horario-de-verao-para-o-dia-18-de-novembro\/\"},\"wordCount\":191,\"commentCount\":0,\"publisher\":{\"@id\":\"https:\/\/www.estrategiaconcursos.com.br\/blog\/#organization\"},\"articleSection\":[\"Concursos P\u00fablicos\"],\"inLanguage\":\"pt-BR\",\"potentialAction\":[{\"@type\":\"CommentAction\",\"name\":\"Comment\",\"target\":[\"https:\/\/www.estrategiaconcursos.com.br\/blog\/provas-do-enem-levam-o-governo-a-adiar-o-inicio-do-horario-de-verao-para-o-dia-18-de-novembro\/#respond\"]}],\"copyrightYear\":\"2018\",\"copyrightHolder\":{\"@id\":\"https:\/\/www.estrategiaconcursos.com.br\/blog\/#organization\"}},{\"@type\":\"WebPage\",\"@id\":\"https:\/\/www.estrategiaconcursos.com.br\/blog\/provas-do-enem-levam-o-governo-a-adiar-o-inicio-do-horario-de-verao-para-o-dia-18-de-novembro\/\",\"url\":\"https:\/\/www.estrategiaconcursos.com.br\/blog\/provas-do-enem-levam-o-governo-a-adiar-o-inicio-do-horario-de-verao-para-o-dia-18-de-novembro\/\",\"name\":\"Provas do Enem levam o governo a adiar o in\u00edcio do hor\u00e1rio de ver\u00e3o\",\"isPartOf\":{\"@id\":\"https:\/\/www.estrategiaconcursos.com.br\/blog\/#website\"},\"datePublished\":\"2018-10-04T13:00:12+00:00\",\"dateModified\":\"2019-04-09T20:04:14+00:00\",\"description\":\"Provas do Enem levam o governo a adiar o in\u00edcio do hor\u00e1rio de ver\u00e3o para o dia 18 de novembro; Saiba como isso deve afetar as provas.\",\"breadcrumb\":{\"@id\":\"https:\/\/www.estrategiaconcursos.com.br\/blog\/provas-do-enem-levam-o-governo-a-adiar-o-inicio-do-horario-de-verao-para-o-dia-18-de-novembro\/#breadcrumb\"},\"inLanguage\":\"pt-BR\",\"potentialAction\":[{\"@type\":\"ReadAction\",\"target\":[\"https:\/\/www.estrategiaconcursos.com.br\/blog\/provas-do-enem-levam-o-governo-a-adiar-o-inicio-do-horario-de-verao-para-o-dia-18-de-novembro\/\"]}]},{\"@type\":\"BreadcrumbList\",\"@id\":\"https:\/\/www.estrategiaconcursos.com.br\/blog\/provas-do-enem-levam-o-governo-a-adiar-o-inicio-do-horario-de-verao-para-o-dia-18-de-novembro\/#breadcrumb\",\"itemListElement\":[{\"@type\":\"ListItem\",\"position\":1,\"name\":\"In\u00edcio\",\"item\":\"https:\/\/www.estrategiaconcursos.com.br\/blog\/\"},{\"@type\":\"ListItem\",\"position\":2,\"name\":\"Provas do Enem levam o governo a adiar o in\u00edcio do hor\u00e1rio de ver\u00e3o para o dia 18 de novembro\"}]},{\"@type\":\"WebSite\",\"@id\":\"https:\/\/www.estrategiaconcursos.com.br\/blog\/#website\",\"url\":\"https:\/\/www.estrategiaconcursos.com.br\/blog\/\",\"name\":\"Estrat\u00e9gia Concursos\",\"description\":\"O blog da Estrat\u00e9gia Concursos traz not\u00edcias sobre concursos e artigos de professores oferecendo cursos para concursos (pdf + videaulas) no site.\",\"publisher\":{\"@id\":\"https:\/\/www.estrategiaconcursos.com.br\/blog\/#organization\"},\"potentialAction\":[{\"@type\":\"SearchAction\",\"target\":{\"@type\":\"EntryPoint\",\"urlTemplate\":\"https:\/\/www.estrategiaconcursos.com.br\/blog\/?s={search_term_string}\"},\"query-input\":{\"@type\":\"PropertyValueSpecification\",\"valueRequired\":true,\"valueName\":\"search_term_string\"}}],\"inLanguage\":\"pt-BR\"},{\"@type\":\"Organization\",\"@id\":\"https:\/\/www.estrategiaconcursos.com.br\/blog\/#organization\",\"name\":\"Estrat\u00e9gia Concursos\",\"url\":\"https:\/\/www.estrategiaconcursos.com.br\/blog\/\",\"logo\":{\"@type\":\"ImageObject\",\"inLanguage\":\"pt-BR\",\"@id\":\"https:\/\/www.estrategiaconcursos.com.br\/blog\/#\/schema\/logo\/image\/\",\"url\":\"https:\/\/dhg1h5j42swfq.cloudfront.net\/2025\/06\/03203428\/logo_concursos-1.jpg\",\"contentUrl\":\"https:\/\/dhg1h5j42swfq.cloudfront.net\/2025\/06\/03203428\/logo_concursos-1.jpg\",\"width\":230,\"height\":60,\"caption\":\"Estrat\u00e9gia Concursos\"},\"image\":{\"@id\":\"https:\/\/www.estrategiaconcursos.com.br\/blog\/#\/schema\/logo\/image\/\"},\"sameAs\":[\"https:\/\/x.com\/EstratConcursos\"]},{\"@type\":\"Person\",\"@id\":\"https:\/\/www.estrategiaconcursos.com.br\/blog\/#\/schema\/person\/86e4af37234d422e94ca7e825b416814\",\"name\":\"Daniel dos Reis Lopes\",\"image\":{\"@type\":\"ImageObject\",\"inLanguage\":\"pt-BR\",\"@id\":\"https:\/\/secure.gravatar.com\/avatar\/ea24ef981da4044d0a66f44402441129fdde22c4c8d87f39a45cae8d4f82075a?s=96&d=mm&r=g\",\"url\":\"https:\/\/secure.gravatar.com\/avatar\/ea24ef981da4044d0a66f44402441129fdde22c4c8d87f39a45cae8d4f82075a?s=96&d=mm&r=g\",\"contentUrl\":\"https:\/\/secure.gravatar.com\/avatar\/ea24ef981da4044d0a66f44402441129fdde22c4c8d87f39a45cae8d4f82075a?s=96&d=mm&r=g\",\"caption\":\"Daniel dos Reis Lopes\"},\"url\":\"https:\/\/www.estrategiaconcursos.com.br\/blog\/author\/d-reislopesgmail-com\/\"}]}<\/script>\n<!-- \/ Yoast SEO Premium plugin. -->","yoast_head_json":{"title":"Provas do Enem levam o governo a adiar o in\u00edcio do hor\u00e1rio de ver\u00e3o","description":"Provas do Enem levam o governo a adiar o in\u00edcio do hor\u00e1rio de ver\u00e3o para o dia 18 de novembro; Saiba como isso deve afetar as provas.","robots":{"index":"index","follow":"follow","max-snippet":"max-snippet:-1","max-image-preview":"max-image-preview:large","max-video-preview":"max-video-preview:-1"},"canonical":"https:\/\/www.estrategiaconcursos.com.br\/blog\/provas-do-enem-levam-o-governo-a-adiar-o-inicio-do-horario-de-verao-para-o-dia-18-de-novembro\/","og_locale":"pt_BR","og_type":"article","og_title":"Provas do Enem levam o governo a adiar o in\u00edcio do hor\u00e1rio de ver\u00e3o para o dia 18 de novembro","og_description":"Provas do Enem levam o governo a adiar o in\u00edcio do hor\u00e1rio de ver\u00e3o para o dia 18 de novembro; Saiba como isso deve afetar as provas.","og_url":"https:\/\/www.estrategiaconcursos.com.br\/blog\/provas-do-enem-levam-o-governo-a-adiar-o-inicio-do-horario-de-verao-para-o-dia-18-de-novembro\/","og_site_name":"Estrat\u00e9gia Concursos","article_published_time":"2018-10-04T13:00:12+00:00","article_modified_time":"2019-04-09T20:04:14+00:00","author":"Daniel dos Reis Lopes","twitter_card":"summary_large_image","twitter_creator":"@EstratConcursos","twitter_site":"@EstratConcursos","twitter_misc":{"Escrito por":"Daniel dos Reis Lopes","Est. tempo de leitura":"1 minuto"},"schema":{"@context":"https:\/\/schema.org","@graph":[{"@type":"NewsArticle","@id":"https:\/\/www.estrategiaconcursos.com.br\/blog\/provas-do-enem-levam-o-governo-a-adiar-o-inicio-do-horario-de-verao-para-o-dia-18-de-novembro\/#article","isPartOf":{"@id":"https:\/\/www.estrategiaconcursos.com.br\/blog\/provas-do-enem-levam-o-governo-a-adiar-o-inicio-do-horario-de-verao-para-o-dia-18-de-novembro\/"},"author":{"name":"Daniel dos Reis Lopes","@id":"https:\/\/www.estrategiaconcursos.com.br\/blog\/#\/schema\/person\/86e4af37234d422e94ca7e825b416814"},"headline":"Provas do Enem levam o governo a adiar o in\u00edcio do hor\u00e1rio de ver\u00e3o para o dia 18 de novembro","datePublished":"2018-10-04T13:00:12+00:00","dateModified":"2019-04-09T20:04:14+00:00","mainEntityOfPage":{"@id":"https:\/\/www.estrategiaconcursos.com.br\/blog\/provas-do-enem-levam-o-governo-a-adiar-o-inicio-do-horario-de-verao-para-o-dia-18-de-novembro\/"},"wordCount":191,"commentCount":0,"publisher":{"@id":"https:\/\/www.estrategiaconcursos.com.br\/blog\/#organization"},"articleSection":["Concursos P\u00fablicos"],"inLanguage":"pt-BR","potentialAction":[{"@type":"CommentAction","name":"Comment","target":["https:\/\/www.estrategiaconcursos.com.br\/blog\/provas-do-enem-levam-o-governo-a-adiar-o-inicio-do-horario-de-verao-para-o-dia-18-de-novembro\/#respond"]}],"copyrightYear":"2018","copyrightHolder":{"@id":"https:\/\/www.estrategiaconcursos.com.br\/blog\/#organization"}},{"@type":"WebPage","@id":"https:\/\/www.estrategiaconcursos.com.br\/blog\/provas-do-enem-levam-o-governo-a-adiar-o-inicio-do-horario-de-verao-para-o-dia-18-de-novembro\/","url":"https:\/\/www.estrategiaconcursos.com.br\/blog\/provas-do-enem-levam-o-governo-a-adiar-o-inicio-do-horario-de-verao-para-o-dia-18-de-novembro\/","name":"Provas do Enem levam o governo a adiar o in\u00edcio do hor\u00e1rio de ver\u00e3o","isPartOf":{"@id":"https:\/\/www.estrategiaconcursos.com.br\/blog\/#website"},"datePublished":"2018-10-04T13:00:12+00:00","dateModified":"2019-04-09T20:04:14+00:00","description":"Provas do Enem levam o governo a adiar o in\u00edcio do hor\u00e1rio de ver\u00e3o para o dia 18 de novembro; Saiba como isso deve afetar as provas.","breadcrumb":{"@id":"https:\/\/www.estrategiaconcursos.com.br\/blog\/provas-do-enem-levam-o-governo-a-adiar-o-inicio-do-horario-de-verao-para-o-dia-18-de-novembro\/#breadcrumb"},"inLanguage":"pt-BR","potentialAction":[{"@type":"ReadAction","target":["https:\/\/www.estrategiaconcursos.com.br\/blog\/provas-do-enem-levam-o-governo-a-adiar-o-inicio-do-horario-de-verao-para-o-dia-18-de-novembro\/"]}]},{"@type":"BreadcrumbList","@id":"https:\/\/www.estrategiaconcursos.com.br\/blog\/provas-do-enem-levam-o-governo-a-adiar-o-inicio-do-horario-de-verao-para-o-dia-18-de-novembro\/#breadcrumb","itemListElement":[{"@type":"ListItem","position":1,"name":"In\u00edcio","item":"https:\/\/www.estrategiaconcursos.com.br\/blog\/"},{"@type":"ListItem","position":2,"name":"Provas do Enem levam o governo a adiar o in\u00edcio do hor\u00e1rio de ver\u00e3o para o dia 18 de novembro"}]},{"@type":"WebSite","@id":"https:\/\/www.estrategiaconcursos.com.br\/blog\/#website","url":"https:\/\/www.estrategiaconcursos.com.br\/blog\/","name":"Estrat\u00e9gia Concursos","description":"O blog da Estrat\u00e9gia Concursos traz not\u00edcias sobre concursos e artigos de professores oferecendo cursos para concursos (pdf + videaulas) no site.","publisher":{"@id":"https:\/\/www.estrategiaconcursos.com.br\/blog\/#organization"},"potentialAction":[{"@type":"SearchAction","target":{"@type":"EntryPoint","urlTemplate":"https:\/\/www.estrategiaconcursos.com.br\/blog\/?s={search_term_string}"},"query-input":{"@type":"PropertyValueSpecification","valueRequired":true,"valueName":"search_term_string"}}],"inLanguage":"pt-BR"},{"@type":"Organization","@id":"https:\/\/www.estrategiaconcursos.com.br\/blog\/#organization","name":"Estrat\u00e9gia Concursos","url":"https:\/\/www.estrategiaconcursos.com.br\/blog\/","logo":{"@type":"ImageObject","inLanguage":"pt-BR","@id":"https:\/\/www.estrategiaconcursos.com.br\/blog\/#\/schema\/logo\/image\/","url":"https:\/\/dhg1h5j42swfq.cloudfront.net\/2025\/06\/03203428\/logo_concursos-1.jpg","contentUrl":"https:\/\/dhg1h5j42swfq.cloudfront.net\/2025\/06\/03203428\/logo_concursos-1.jpg","width":230,"height":60,"caption":"Estrat\u00e9gia Concursos"},"image":{"@id":"https:\/\/www.estrategiaconcursos.com.br\/blog\/#\/schema\/logo\/image\/"},"sameAs":["https:\/\/x.com\/EstratConcursos"]},{"@type":"Person","@id":"https:\/\/www.estrategiaconcursos.com.br\/blog\/#\/schema\/person\/86e4af37234d422e94ca7e825b416814","name":"Daniel dos Reis Lopes","image":{"@type":"ImageObject","inLanguage":"pt-BR","@id":"https:\/\/secure.gravatar.com\/avatar\/ea24ef981da4044d0a66f44402441129fdde22c4c8d87f39a45cae8d4f82075a?s=96&d=mm&r=g","url":"https:\/\/secure.gravatar.com\/avatar\/ea24ef981da4044d0a66f44402441129fdde22c4c8d87f39a45cae8d4f82075a?s=96&d=mm&r=g","contentUrl":"https:\/\/secure.gravatar.com\/avatar\/ea24ef981da4044d0a66f44402441129fdde22c4c8d87f39a45cae8d4f82075a?s=96&d=mm&r=g","caption":"Daniel dos Reis Lopes"},"url":"https:\/\/www.estrategiaconcursos.com.br\/blog\/author\/d-reislopesgmail-com\/"}]}},"_links":{"self":[{"href":"https:\/\/www.estrategiaconcursos.com.br\/blog\/wp-json\/wp\/v2\/posts\/145548","targetHints":{"allow":["GET"]}}],"collection":[{"href":"https:\/\/www.estrategiaconcursos.com.br\/blog\/wp-json\/wp\/v2\/posts"}],"about":[{"href":"https:\/\/www.estrategiaconcursos.com.br\/blog\/wp-json\/wp\/v2\/types\/post"}],"author":[{"embeddable":true,"href":"https:\/\/www.estrategiaconcursos.com.br\/blog\/wp-json\/wp\/v2\/users\/263"}],"replies":[{"embeddable":true,"href":"https:\/\/www.estrategiaconcursos.com.br\/blog\/wp-json\/wp\/v2\/comments?post=145548"}],"version-history":[{"count":2,"href":"https:\/\/www.estrategiaconcursos.com.br\/blog\/wp-json\/wp\/v2\/posts\/145548\/revisions"}],"predecessor-version":[{"id":145559,"href":"https:\/\/www.estrategiaconcursos.com.br\/blog\/wp-json\/wp\/v2\/posts\/145548\/revisions\/145559"}],"wp:attachment":[{"href":"https:\/\/www.estrategiaconcursos.com.br\/blog\/wp-json\/wp\/v2\/media?parent=145548"}],"wp:term":[{"taxonomy":"category","embeddable":true,"href":"https:\/\/www.estrategiaconcursos.com.br\/blog\/wp-json\/wp\/v2\/categories?post=145548"},{"taxonomy":"post_tag","embeddable":true,"href":"https:\/\/www.estrategiaconcursos.com.br\/blog\/wp-json\/wp\/v2\/tags?post=145548"},{"taxonomy":"tax_estado","embeddable":true,"href":"https:\/\/www.estrategiaconcursos.com.br\/blog\/wp-json\/wp\/v2\/tax_estado?post=145548"}],"curies":[{"name":"wp","href":"https:\/\/api.w.org\/{rel}","templated":true}]}}