{"id":145495,"date":"2019-05-30T00:00:41","date_gmt":"2019-05-30T03:00:41","guid":{"rendered":"https:\/\/www.estrategiaconcursos.com.br\/blog\/?p=145495"},"modified":"2019-05-30T16:53:34","modified_gmt":"2019-05-30T19:53:34","slug":"concurso-secretaria-das-cidades-df","status":"publish","type":"post","link":"https:\/\/www.estrategiaconcursos.com.br\/blog\/concurso-secretaria-das-cidades-df\/","title":{"rendered":"Concurso Secretaria das Cidades DF: LDO 2019 prev\u00ea certame com 20 vagas"},"content":{"rendered":"\n<p class=\"has-medium-font-size\"><em>Concurso Secretaria das Cidades DF ofertar\u00e1 vagas para Analista e T\u00e9cnico de Planejamento e Gest\u00e3o Urbana<\/em><\/p>\n\n\n\n<p>A Secretaria Executiva das Cidades do Distrito Federal nomeou, em outubro do ano passado,  um grupo de trabalho para estudar a realiza\u00e7\u00e3o de um novo concurso para carreira de Planejamento e Gest\u00e3o Urbana e Regional. A pasta tem autoriza\u00e7\u00e3o or\u00e7ament\u00e1ria para o provimento de <strong>20 vagas<\/strong> na LDO 2019.<\/p>\n\n\n\n<p>Neste artigo voc\u00ea encontrar\u00e1 as principais informa\u00e7\u00f5es sobre a carreira e as perspectivas para o certame, que ser\u00e1 o primeiro realizado desde a reestrutura\u00e7\u00e3o da carreira, em 2010.<\/p>\n\n\n\n<ul class=\"wp-block-list\"><li><strong>1) Situa\u00e7\u00e3o atual do concurso Secretaria das Cidades DF<\/strong><\/li><li><strong>2) A carreira<\/strong><\/li><li><strong>3) Remunera\u00e7\u00e3o<\/strong><\/li><li><strong>4) Cargos vagos e ocupados<\/strong><\/li><li><strong>5)<\/strong> <strong>O \u00faltimo concurso<\/strong><\/li><li><strong>6) Provas<\/strong><\/li><\/ul>\n\n\n\n<h2 class=\"wp-block-heading\">1) Situa\u00e7\u00e3o atual do concurso Secretaria das Cidades DF<\/h2>\n\n\n\n<p>A carreira de Planejamento e Gest\u00e3o Urbana e Regional do Distrito Federal pode ter um novo concurso em 2019. S\u00e3o previstas na Lei de Diretrizes Or\u00e7ament\u00e1rias deste ano o provimento de <strong>20 vagas<\/strong> para os cargos de <strong>Analista <\/strong>e <strong>T\u00e9cnico<\/strong>.<\/p>\n\n\n\n<p>Trata-se do <strong>primeiro concurso<\/strong> realizado desde que a carreira foi criadas: seus quadros atuais s\u00e3o oriundos da antiga carreira de Administra\u00e7\u00e3o P\u00fablica do DF, cujo \u00faltimo certame foi realizado em <strong>2004<\/strong>.<\/p>\n\n\n\n<p>A Secretaria das Cidades do DF, atual Secretaria Executiva das Cidades, vinculada \u00e0 Casa Civil, instituiu no ano passado um <span style=\"text-decoration: underline;\">grupo de trabalho<\/span> para estudar a viabilidade de um novo certame.<\/p>\n\n\n\n<p>O Estrat\u00e9gia Concursos entrou em contato com o Governo do Distrito Federal e aguarda um posicionamento oficial sobre o andamento do certame. Abaixo voc\u00ea confere as \u00faltimas publica\u00e7\u00f5es divulgadas relacionadas ao concurso:<\/p>\n\n\n\n<p class=\"has-medium-font-size\"><em>Grupo de Trabalho<\/em><\/p>\n\n\n\n<div class=\"wp-block-image\"><figure class=\"aligncenter is-resized\"><img loading=\"lazy\" decoding=\"async\" src=\"https:\/\/dhg1h5j42swfq.cloudfront.net\/2019\/05\/30145104\/Grupo-de-Trabalho-Secretaria-das-Cidades.png\" alt=\"concurso secretaria das cidades df\" class=\"wp-image-380783\" width=\"405\" height=\"473\" srcset=\"https:\/\/dhg1h5j42swfq.cloudfront.net\/2019\/05\/30145104\/Grupo-de-Trabalho-Secretaria-das-Cidades.png 1156w, https:\/\/dhg1h5j42swfq.cloudfront.net\/2019\/05\/30145104\/Grupo-de-Trabalho-Secretaria-das-Cidades.png 257w, https:\/\/dhg1h5j42swfq.cloudfront.net\/2019\/05\/30145104\/Grupo-de-Trabalho-Secretaria-das-Cidades.png 768w, https:\/\/dhg1h5j42swfq.cloudfront.net\/2019\/05\/30145104\/Grupo-de-Trabalho-Secretaria-das-Cidades.png 877w, https:\/\/dhg1h5j42swfq.cloudfront.net\/2019\/05\/30145104\/Grupo-de-Trabalho-Secretaria-das-Cidades.png 610w\" sizes=\"auto, (max-width: 405px) 100vw, 405px\" \/><figcaption>Concurso Secretaria das Cidades DF: grupo de trabalho para estudar viabilidade de concurso<\/figcaption><\/figure><\/div>\n\n\n\n<p class=\"has-medium-font-size\"><em>Previs\u00e3o na LDO 2019<\/em><\/p>\n\n\n\n<div class=\"wp-block-image\"><figure class=\"aligncenter is-resized\"><img loading=\"lazy\" decoding=\"async\" src=\"https:\/\/dhg1h5j42swfq.cloudfront.net\/2019\/05\/30145155\/SEPLAG-DF-LDO.png\" alt=\"\" class=\"wp-image-380784\" width=\"552\" height=\"157\" srcset=\"https:\/\/dhg1h5j42swfq.cloudfront.net\/2019\/05\/30145155\/SEPLAG-DF-LDO.png 1190w, https:\/\/dhg1h5j42swfq.cloudfront.net\/2019\/05\/30145155\/SEPLAG-DF-LDO.png 300w, https:\/\/dhg1h5j42swfq.cloudfront.net\/2019\/05\/30145155\/SEPLAG-DF-LDO.png 768w, https:\/\/dhg1h5j42swfq.cloudfront.net\/2019\/05\/30145155\/SEPLAG-DF-LDO.png 1024w, https:\/\/dhg1h5j42swfq.cloudfront.net\/2019\/05\/30145155\/SEPLAG-DF-LDO.png 610w\" sizes=\"auto, (max-width: 552px) 100vw, 552px\" \/><figcaption>Concurso Secretaria das Cidades DF: previs\u00e3o de vagas na LDO 2019<\/figcaption><\/figure><\/div>\n\n\n\n<h2 class=\"wp-block-heading\">2) A carreira<\/h2>\n\n\n\n<p>A carreira de <strong>Planejamento e Gest\u00e3o Urbana e Regional do Distrito Federal<\/strong> foi oficialmente criada pela Lei 4.463\/2010. Seus <strong>410 cargos<\/strong> s\u00e3o oriundos da reorganiza\u00e7\u00e3o da extinta carreira de <strong>Administra\u00e7\u00e3o P\u00fablica<\/strong> do DF.<\/p>\n\n\n\n<p style=\"font-size:25px\"><strong>2.1) \u00c1reas<\/strong><\/p>\n\n\n\n<p class=\"has-medium-font-size\"><em>Planejamento e Gest\u00e3o Urbana<\/em><\/p>\n\n\n\n<p>Compreende atividades t\u00e9cnicas de N\u00edvel Superior realizadas por profissionais graduados em Arquitetura, Geografia, Engenharia Civil, Engenharia de Agrimensura e Geologia relacionadas ao planejamento, elabora\u00e7\u00e3o, gerenciamento, acompanhamento   e execu\u00e7\u00e3o de programas, projetos e obras de arquitetura, urbanismo, engenharia civil e paisagismo, devidamente registrados no Conselho Regional de Engenharia, Arquitetura e Agronomia \u2013 CREA.<\/p>\n\n\n\n<p class=\"has-medium-font-size\"><em>Apoio t\u00e9cnico-operacional<\/em><\/p>\n\n\n\n<p>Compreende atividades de apoio ao planejamento e \u00e0 gest\u00e3o urbana realizadas por profissionais com curso t\u00e9cnico em Agrimensura ou Topografia, em Edifica\u00e7\u00e3o e em Desenho, devidamente registrados no CREA<\/p>\n\n\n\n<p style=\"font-size:25px\"><strong>2.2) Distribui\u00e7\u00e3o dos cargos (Lei 4.463\/2010)<\/strong><\/p>\n\n\n\n<p class=\"has-medium-font-size\"><em>Analista<\/em><\/p>\n\n\n\n<table class=\"wp-block-table is-style-stripes\"><tbody><tr><td> <strong>Cargo   Analista de Planejamento e Gest\u00e3o Urbana<\/strong>   <\/td><td>\n  <strong>Escolaridade<\/strong>\n  <\/td><td>\n  <strong>Quantidade<\/strong>\n  <\/td><\/tr><tr><td>\n  Especialidade\n  Arquiteto\n  <\/td><td>\n  N\u00edvel Superior\n  <\/td><td>\n  250\n  <\/td><\/tr><tr><td>\n  Especialidade\n  Agrimensor\n  <\/td><td>\n  N\u00edvel Superior\n  <\/td><td>\n  10\n  <\/td><\/tr><tr><td>\n  Especialidade\n  Engenheiro Civil\n  <\/td><td>\n  N\u00edvel Superior\n  <\/td><td>\n  10\n  <\/td><\/tr><tr><td>\n  Especialidade\n  Ge\u00f3grafo\n  <\/td><td>\n  N\u00edvel Superior\n  <\/td><td>\n  10\n  <\/td><\/tr><tr><td>\n  Especialidade\n  Ge\u00f3logo\n  <\/td><td>\n  N\u00edvel Superior\n  <\/td><td>\n  10\n  <\/td><\/tr><tr><td>\n  <strong>Total<\/strong>\n  <\/td><td>\n  <strong>&nbsp;<\/strong>\n  <\/td><td>\n  <strong>290<\/strong>\n  <\/td><\/tr><\/tbody><\/table>\n\n\n\n<p class=\"has-medium-font-size\"><em>T\u00e9cnico<\/em><\/p>\n\n\n\n<table class=\"wp-block-table is-style-stripes\"><tbody><tr><td><strong>Cargo T\u00e9cnico de Planejamento e Gest\u00e3o Urbana<\/strong>   <\/td><td>\n  <strong>Escolaridade<\/strong>\n  <\/td><td>\n  <strong>Quantidade<\/strong>\n  <\/td><\/tr><tr><td>\n  Especialidade\n  Top\u00f3grafo\n  <\/td><td>\n  N\u00edvel M\u00e9dio\n  <\/td><td>\n  30\n  <\/td><\/tr><tr><td>\n  Especialidade\n  T\u00e9cnico em Edifica\u00e7\u00f5es\n  <\/td><td>\n  N\u00edvel M\u00e9dio\n  <\/td><td>\n  42\n  <\/td><\/tr><tr><td>\n  Especialidade\n  Desenhista\n  <\/td><td>\n  N\u00edvel M\u00e9dio\n  <\/td><td>\n  48\n  <\/td><\/tr><tr><td>\n  <strong>Total<\/strong>\n  <\/td><td>\n  <strong>&nbsp;<\/strong>\n  <\/td><td>\n  <strong>120<\/strong>\n  <\/td><\/tr><\/tbody><\/table>\n\n\n\n<h2 class=\"wp-block-heading\">3) Remunera\u00e7\u00e3o<\/h2>\n\n\n\n<p style=\"font-size:25px\"><strong>3.1) Analista<\/strong><\/p>\n\n\n\n<div class=\"wp-block-image\"><figure class=\"aligncenter is-resized\"><img loading=\"lazy\" decoding=\"async\" src=\"https:\/\/dhg1h5j42swfq.cloudfront.net\/2019\/05\/30155410\/image322.png\" alt=\"\" class=\"wp-image-380831\" width=\"414\" height=\"481\"\/><figcaption> Concurso Secretaria das Cidades DF: Remunera\u00e7\u00e3o (Analista) <\/figcaption><\/figure><\/div>\n\n\n\n<p style=\"font-size:25px\"><strong>3.2) T\u00e9cnico<\/strong><\/p>\n\n\n\n<div class=\"wp-block-image\"><figure class=\"aligncenter is-resized\"><img loading=\"lazy\" decoding=\"async\" src=\"https:\/\/dhg1h5j42swfq.cloudfront.net\/2019\/05\/30155552\/image323.png\" alt=\"\" class=\"wp-image-380833\" width=\"405\" height=\"481\" srcset=\"https:\/\/dhg1h5j42swfq.cloudfront.net\/2019\/05\/30155552\/image323.png 618w, https:\/\/dhg1h5j42swfq.cloudfront.net\/2019\/05\/30155552\/image323.png 252w, https:\/\/dhg1h5j42swfq.cloudfront.net\/2019\/05\/30155552\/image323.png 610w\" sizes=\"auto, (max-width: 405px) 100vw, 405px\" \/><figcaption>Concurso Secretaria das Cidades DF: Remunera\u00e7\u00e3o (T\u00e9cnico)  <\/figcaption><\/figure><\/div>\n\n\n\n<p style=\"font-size:25px\"><strong>3.3) Adicional por titula\u00e7\u00e3o<\/strong><\/p>\n\n\n\n<div class=\"wp-block-image\"><figure class=\"aligncenter is-resized\"><img loading=\"lazy\" decoding=\"async\" src=\"https:\/\/dhg1h5j42swfq.cloudfront.net\/2019\/05\/30155854\/image324.png\" alt=\"\" class=\"wp-image-380836\" width=\"377\" height=\"213\" srcset=\"https:\/\/dhg1h5j42swfq.cloudfront.net\/2019\/05\/30155854\/image324.png 524w, https:\/\/dhg1h5j42swfq.cloudfront.net\/2019\/05\/30155854\/image324.png 300w\" sizes=\"auto, (max-width: 377px) 100vw, 377px\" \/><figcaption>Concurso Secretaria das Cidades DF: adicional por titula\u00e7\u00e3o<\/figcaption><\/figure><\/div>\n\n\n\n<h2 class=\"wp-block-heading\">4) Cargos vagos e ocupados<\/h2>\n\n\n\n<div class=\"wp-block-image\"><figure class=\"aligncenter is-resized\"><img loading=\"lazy\" decoding=\"async\" src=\"https:\/\/dhg1h5j42swfq.cloudfront.net\/2019\/05\/30160931\/image325.png\" alt=\"\" class=\"wp-image-380856\" width=\"414\" height=\"203\"\/><figcaption>Concurso Secretaria das Cidades DF: cargos vagos e ocupados<\/figcaption><\/figure><\/div>\n\n\n\n<h2 class=\"wp-block-heading\">5) O \u00faltimo concurso<\/h2>\n\n\n\n<p>O \u00faltimo concurso realizado para o provimento de cargos que hoje fazem parte da carreira de Planejamento e Gest\u00e3o Urbana e Regional ocorreu em 2004. \u00c0 \u00e9poca, os cargos pertenciam \u00e0 carreira de Administra\u00e7\u00e3o P\u00fablica do DF, hoje extinta.<\/p>\n\n\n\n<p>O certame, organizado pelo <strong>Cespe<\/strong> (hoje <strong>Cebraspe<\/strong>) ofertou <strong>250 vagas<\/strong> para cargos de N\u00edvel M\u00e9dio e Superior para cargos de T\u00e9cnico e Analista, cujas especialidades fazem parte hoje de duas carreiras: Planejamento e Gest\u00e3o Urbana e Regional e Pol\u00edticas P\u00fablicas e Gest\u00e3o Governamental do DF.<\/p>\n\n\n\n<p style=\"font-size:25px\"><strong>5.1) Cargos e concorr\u00eancia<\/strong><\/p>\n\n\n\n<p class=\"has-medium-font-size\"><em>N\u00edvel Superior<\/em><\/p>\n\n\n\n<div class=\"wp-block-image\"><figure class=\"aligncenter is-resized\"><img loading=\"lazy\" decoding=\"async\" src=\"https:\/\/dhg1h5j42swfq.cloudfront.net\/2019\/05\/30162926\/image326.png\" alt=\"\" class=\"wp-image-380886\" width=\"530\" height=\"149\" srcset=\"https:\/\/dhg1h5j42swfq.cloudfront.net\/2019\/05\/30162926\/image326.png 1190w, https:\/\/dhg1h5j42swfq.cloudfront.net\/2019\/05\/30162926\/image326.png 300w, https:\/\/dhg1h5j42swfq.cloudfront.net\/2019\/05\/30162926\/image326.png 768w, https:\/\/dhg1h5j42swfq.cloudfront.net\/2019\/05\/30162926\/image326.png 1024w, https:\/\/dhg1h5j42swfq.cloudfront.net\/2019\/05\/30162926\/image326.png 610w\" sizes=\"auto, (max-width: 530px) 100vw, 530px\" \/><figcaption>Concurso Secretaria das Cidades DF: concorr\u00eancia (2004)<\/figcaption><\/figure><\/div>\n\n\n\n<p class=\"has-medium-font-size\"><em>N\u00edvel M\u00e9dio<\/em><\/p>\n\n\n\n<div class=\"wp-block-image\"><figure class=\"aligncenter is-resized\"><img loading=\"lazy\" decoding=\"async\" src=\"https:\/\/dhg1h5j42swfq.cloudfront.net\/2019\/05\/30163044\/image327.png\" alt=\"\" class=\"wp-image-380890\" width=\"539\" height=\"46\" srcset=\"https:\/\/dhg1h5j42swfq.cloudfront.net\/2019\/05\/30163044\/image327.png 1181w, https:\/\/dhg1h5j42swfq.cloudfront.net\/2019\/05\/30163044\/image327.png 300w, https:\/\/dhg1h5j42swfq.cloudfront.net\/2019\/05\/30163044\/image327.png 768w, https:\/\/dhg1h5j42swfq.cloudfront.net\/2019\/05\/30163044\/image327.png 1024w, https:\/\/dhg1h5j42swfq.cloudfront.net\/2019\/05\/30163044\/image327.png 610w\" sizes=\"auto, (max-width: 539px) 100vw, 539px\" \/><figcaption>Concurso Secretaria das Cidades DF: concorr\u00eancia (2004)<\/figcaption><\/figure><\/div>\n\n\n\n<h2 class=\"wp-block-heading\">6) Provas<\/h2>\n\n\n\n<p><strong>Formato<\/strong>: 120 itens (&#8220;certo&#8221; ou &#8220;errado&#8221;)<\/p>\n\n\n\n<p><strong>Distribui\u00e7\u00e3o:<\/strong><\/p>\n\n\n\n<figure class=\"wp-block-image\"><img loading=\"lazy\" decoding=\"async\" width=\"1199\" height=\"183\" src=\"https:\/\/dhg1h5j42swfq.cloudfront.net\/2019\/05\/30163415\/image328.png\" alt=\"\" class=\"wp-image-380897\" srcset=\"https:\/\/dhg1h5j42swfq.cloudfront.net\/2019\/05\/30163415\/image328.png 1199w, https:\/\/dhg1h5j42swfq.cloudfront.net\/2019\/05\/30163415\/image328.png 300w, https:\/\/dhg1h5j42swfq.cloudfront.net\/2019\/05\/30163415\/image328.png 768w, https:\/\/dhg1h5j42swfq.cloudfront.net\/2019\/05\/30163415\/image328.png 1024w, https:\/\/dhg1h5j42swfq.cloudfront.net\/2019\/05\/30163415\/image328.png 610w\" sizes=\"auto, (max-width: 1199px) 100vw, 1199px\" \/><\/figure>\n\n\n\n<p><strong>C\u00e1lculo da nota:<\/strong><\/p>\n\n\n\n<ul class=\"wp-block-list\"><li>Marca\u00e7\u00e3o de acordo com o gabarito: +1<\/li><li>Marca\u00e7\u00e3o em desacordo com o gabarito: -1<\/li><li>Em branco: 0<\/li><\/ul>\n\n\n\n<p><strong>Notas m\u00ednimas<\/strong>:<\/p>\n\n\n\n<ul class=\"wp-block-list\"><li>Conhecimentos b\u00e1sicos: 12<\/li><li>Conhecimentos espec\u00edficos: 18<\/li><li>Total: 36<\/li><\/ul>\n\n\n\n<p style=\"font-size:25px;text-align:center\" class=\"has-background has-luminous-vivid-amber-background-color\"><a rel=\"noreferrer noopener\" aria-label=\"CURSO PGM RIBEIR\u00c3O PRETO (abre numa nova aba)\" href=\"https:\/\/www.estrategiaconcursos.com.br\/cursos\/concurso\/\" target=\"_blank\">CURSO SECRETARIA DAS CIDADES DF<\/a><\/p>\n\n\n\n<p style=\"font-size:25px;text-align:center\"><em><strong>Assinatura Anual Ilimitada*<\/strong><\/em><\/p>\n\n\n\n<p><em>Prepare-se com o melhor material e com quem mais aprova em Concursos P\u00fablicos em todo o pa\u00eds. Assine agora a nossa Assinatura Anual e tenha acesso ilimitado a todos os nossos cursos.<\/em><\/p>\n\n\n\n<p style=\"font-size:25px;text-align:center\" class=\"has-background has-light-green-cyan-background-color\"><strong>ASSINE AGORA<\/strong>&nbsp;\u2013&nbsp;<a rel=\"noreferrer noopener\" href=\"https:\/\/www.estrategiaconcursos.com.br\/assinaturas\" target=\"_blank\">Assinatura Ilimitada<\/a><\/p>\n\n\n\n<figure class=\"wp-block-image\"><img loading=\"lazy\" decoding=\"async\" width=\"300\" height=\"102\" src=\"https:\/\/dhg1h5j42swfq.cloudfront.net\/2017\/03\/28152500\/coruja-ficha-tecnica-300x102.png\" alt=\"Ficha t\u00e9cnica\" class=\"wp-image-68542\"\/><\/figure>\n\n\n\n<p><strong>Informa\u00e7\u00f5es sobre o pr\u00f3ximo concurso Secretaria das Cidades DF<\/strong><\/p>\n\n\n\n<p>\u25baData prevista:&nbsp;<strong>2019<\/strong><br \/>\u25baVagas: 20<br \/>\u25baCargos: Analista e T\u00e9cnico de Planejamento e Gest\u00e3o Urbana<br \/>\u25baLota\u00e7\u00f5es: Distrito Federal<br \/>\u25baBanca: a definir<br \/>\u25baEscolaridade: N\u00edvel M\u00e9dio e Superior<\/p>\n\n\n\n<p> \u25ba <strong>Edital do \u00faltimo concurso:<\/strong><\/p>\n\n\n\n<div class=\"wp-block-file\"><a href=\"https:\/\/dhg1h5j42swfq.cloudfront.net\/2019\/05\/30163701\/Edital-Carreira-Administra%C3%A7%C3%A3o-P%C3%BAblica-DF2004.pdf.pdf\" target=\"_blank\" rel=\"noreferrer noopener\">Edital Carreira Administra\u00e7\u00e3o P\u00fablica DF 2004<\/a><a href=\"https:\/\/dhg1h5j42swfq.cloudfront.net\/2019\/05\/30163701\/Edital-Carreira-Administra%C3%A7%C3%A3o-P%C3%BAblica-DF2004.pdf.pdf\" class=\"wp-block-file__button\" download>Baixar<\/a><\/div>\n\n\n\n<p><em>Ascom Estrat\u00e9gia<\/em><br \/>ascomestrategia@gmail.com<\/p>\n\n\n\n<p style=\"text-align:center\"><span style=\"font-size: 18pt;\"><em><strong>Receba not\u00edcias de Concursos no seu WhatsApp e\/ou Telegram!<\/strong><\/em><\/span><\/p>\n\n\n\n<p style=\"text-align:center\"><em><strong><span style=\"font-size: 14pt;\">Cadastre-se clicando no link abaixo<\/span><\/strong><\/em><\/p>\n\n\n\n<p style=\"font-size:25px;text-align:center\" class=\"has-background has-very-light-gray-background-color\"><a rel=\"noreferrer noopener\" href=\"https:\/\/www.estrategiaconcursos.com.br\/blog\/noticias-de-concursos-whatsapp-estrategia-concursos\/\" target=\"_blank\">Not\u00edcias de concursos no seu WhatsApp e\/ou Telegram<\/a><\/p>\n","protected":false},"excerpt":{"rendered":"<p>Concurso Secretaria das Cidades DF ofertar\u00e1 vagas para Analista e T\u00e9cnico de Planejamento e Gest\u00e3o Urbana A Secretaria Executiva das Cidades do Distrito Federal nomeou, em outubro do ano passado, um grupo de trabalho para estudar a realiza\u00e7\u00e3o de um novo concurso para carreira de Planejamento e Gest\u00e3o Urbana e Regional. A pasta tem autoriza\u00e7\u00e3o [&hellip;]<\/p>\n","protected":false},"author":1,"featured_media":380911,"comment_status":"open","ping_status":"closed","sticky":false,"template":"","format":"standard","meta":{"post_tipo":"news","footnotes":""},"categories":[1],"tags":[],"tax_estado":[],"class_list":["post-145495","post","type-post","status-publish","format-standard","has-post-thumbnail","hentry","category-cursos-e-concursos"],"acf":[],"yoast_head":"<!-- This site is optimized with the Yoast SEO Premium plugin v27.2 (Yoast SEO v27.2) - https:\/\/yoast.com\/product\/yoast-seo-premium-wordpress\/ -->\n<title>Concurso Secretaria das Cidades DF estuda certame para n\u00edvel m\u00e9dio e superior<\/title>\n<meta name=\"description\" content=\"Concurso Secretaria das Cidades DF: Grupo de estudos \u00e9 formado para certame com vagas para n\u00edvel m\u00e9dio e superior. Iniciais chegam a 10 mil! Confira tudo!\" \/>\n<meta name=\"robots\" content=\"index, follow, max-snippet:-1, max-image-preview:large, max-video-preview:-1\" \/>\n<link rel=\"canonical\" href=\"https:\/\/www.estrategiaconcursos.com.br\/blog\/concurso-secretaria-das-cidades-df\/\" \/>\n<meta property=\"og:locale\" content=\"pt_BR\" \/>\n<meta property=\"og:type\" content=\"article\" \/>\n<meta property=\"og:title\" content=\"Concurso Secretaria das Cidades DF: LDO 2019 prev\u00ea certame com 20 vagas\" \/>\n<meta property=\"og:description\" content=\"Concurso Secretaria das Cidades DF: Grupo de estudos \u00e9 formado para certame com vagas para n\u00edvel m\u00e9dio e superior. Iniciais chegam a 10 mil! Confira tudo!\" \/>\n<meta property=\"og:url\" content=\"https:\/\/www.estrategiaconcursos.com.br\/blog\/concurso-secretaria-das-cidades-df\/\" \/>\n<meta property=\"og:site_name\" content=\"Estrat\u00e9gia Concursos\" \/>\n<meta property=\"article:author\" content=\"https:\/\/www.facebook.com\/EstrategiaConcursos\" \/>\n<meta property=\"article:published_time\" content=\"2019-05-30T03:00:41+00:00\" \/>\n<meta property=\"article:modified_time\" content=\"2019-05-30T19:53:34+00:00\" \/>\n<meta property=\"og:image\" content=\"https:\/\/dhg1h5j42swfq.cloudfront.net\/2018\/10\/30165140\/SECRETARIA-DAS-CIDADES.jpg\" \/>\n\t<meta property=\"og:image:width\" content=\"400\" \/>\n\t<meta property=\"og:image:height\" content=\"209\" \/>\n\t<meta property=\"og:image:type\" content=\"image\/jpeg\" \/>\n<meta name=\"author\" content=\"Coordena\u00e7\u00e3o\" \/>\n<meta name=\"twitter:card\" content=\"summary_large_image\" \/>\n<meta name=\"twitter:creator\" content=\"@EstratConcursos\" \/>\n<meta name=\"twitter:site\" content=\"@EstratConcursos\" \/>\n<meta name=\"twitter:label1\" content=\"Escrito por\" \/>\n\t<meta name=\"twitter:data1\" content=\"Coordena\u00e7\u00e3o\" \/>\n\t<meta name=\"twitter:label2\" content=\"Est. tempo de leitura\" \/>\n\t<meta name=\"twitter:data2\" content=\"4 minutos\" \/>\n<script type=\"application\/ld+json\" class=\"yoast-schema-graph\">{\"@context\":\"https:\/\/schema.org\",\"@graph\":[{\"@type\":\"NewsArticle\",\"@id\":\"https:\/\/www.estrategiaconcursos.com.br\/blog\/concurso-secretaria-das-cidades-df\/#article\",\"isPartOf\":{\"@id\":\"https:\/\/www.estrategiaconcursos.com.br\/blog\/concurso-secretaria-das-cidades-df\/\"},\"author\":{\"name\":\"Coordena\u00e7\u00e3o\",\"@id\":\"https:\/\/www.estrategiaconcursos.com.br\/blog\/#\/schema\/person\/b4a388c97673c5f483d72185668afa1f\"},\"headline\":\"Concurso Secretaria das Cidades DF: LDO 2019 prev\u00ea certame com 20 vagas\",\"datePublished\":\"2019-05-30T03:00:41+00:00\",\"dateModified\":\"2019-05-30T19:53:34+00:00\",\"mainEntityOfPage\":{\"@id\":\"https:\/\/www.estrategiaconcursos.com.br\/blog\/concurso-secretaria-das-cidades-df\/\"},\"wordCount\":864,\"commentCount\":1,\"publisher\":{\"@id\":\"https:\/\/www.estrategiaconcursos.com.br\/blog\/#organization\"},\"image\":{\"@id\":\"https:\/\/www.estrategiaconcursos.com.br\/blog\/concurso-secretaria-das-cidades-df\/#primaryimage\"},\"thumbnailUrl\":\"https:\/\/dhg1h5j42swfq.cloudfront.net\/2018\/10\/30165140\/SECRETARIA-DAS-CIDADES.jpg\",\"articleSection\":[\"Concursos P\u00fablicos\"],\"inLanguage\":\"pt-BR\",\"potentialAction\":[{\"@type\":\"CommentAction\",\"name\":\"Comment\",\"target\":[\"https:\/\/www.estrategiaconcursos.com.br\/blog\/concurso-secretaria-das-cidades-df\/#respond\"]}],\"copyrightYear\":\"2019\",\"copyrightHolder\":{\"@id\":\"https:\/\/www.estrategiaconcursos.com.br\/blog\/#organization\"}},{\"@type\":\"WebPage\",\"@id\":\"https:\/\/www.estrategiaconcursos.com.br\/blog\/concurso-secretaria-das-cidades-df\/\",\"url\":\"https:\/\/www.estrategiaconcursos.com.br\/blog\/concurso-secretaria-das-cidades-df\/\",\"name\":\"Concurso Secretaria das Cidades DF estuda certame para n\u00edvel m\u00e9dio e superior\",\"isPartOf\":{\"@id\":\"https:\/\/www.estrategiaconcursos.com.br\/blog\/#website\"},\"primaryImageOfPage\":{\"@id\":\"https:\/\/www.estrategiaconcursos.com.br\/blog\/concurso-secretaria-das-cidades-df\/#primaryimage\"},\"image\":{\"@id\":\"https:\/\/www.estrategiaconcursos.com.br\/blog\/concurso-secretaria-das-cidades-df\/#primaryimage\"},\"thumbnailUrl\":\"https:\/\/dhg1h5j42swfq.cloudfront.net\/2018\/10\/30165140\/SECRETARIA-DAS-CIDADES.jpg\",\"datePublished\":\"2019-05-30T03:00:41+00:00\",\"dateModified\":\"2019-05-30T19:53:34+00:00\",\"description\":\"Concurso Secretaria das Cidades DF: Grupo de estudos \u00e9 formado para certame com vagas para n\u00edvel m\u00e9dio e superior. Iniciais chegam a 10 mil! Confira tudo!\",\"breadcrumb\":{\"@id\":\"https:\/\/www.estrategiaconcursos.com.br\/blog\/concurso-secretaria-das-cidades-df\/#breadcrumb\"},\"inLanguage\":\"pt-BR\",\"potentialAction\":[{\"@type\":\"ReadAction\",\"target\":[\"https:\/\/www.estrategiaconcursos.com.br\/blog\/concurso-secretaria-das-cidades-df\/\"]}]},{\"@type\":\"ImageObject\",\"inLanguage\":\"pt-BR\",\"@id\":\"https:\/\/www.estrategiaconcursos.com.br\/blog\/concurso-secretaria-das-cidades-df\/#primaryimage\",\"url\":\"https:\/\/dhg1h5j42swfq.cloudfront.net\/2018\/10\/30165140\/SECRETARIA-DAS-CIDADES.jpg\",\"contentUrl\":\"https:\/\/dhg1h5j42swfq.cloudfront.net\/2018\/10\/30165140\/SECRETARIA-DAS-CIDADES.jpg\",\"width\":400,\"height\":209,\"caption\":\"CONCURSO SECRETARIA DAS CIDADES DF\"},{\"@type\":\"BreadcrumbList\",\"@id\":\"https:\/\/www.estrategiaconcursos.com.br\/blog\/concurso-secretaria-das-cidades-df\/#breadcrumb\",\"itemListElement\":[{\"@type\":\"ListItem\",\"position\":1,\"name\":\"In\u00edcio\",\"item\":\"https:\/\/www.estrategiaconcursos.com.br\/blog\/\"},{\"@type\":\"ListItem\",\"position\":2,\"name\":\"Concurso Secretaria das Cidades DF: LDO 2019 prev\u00ea certame com 20 vagas\"}]},{\"@type\":\"WebSite\",\"@id\":\"https:\/\/www.estrategiaconcursos.com.br\/blog\/#website\",\"url\":\"https:\/\/www.estrategiaconcursos.com.br\/blog\/\",\"name\":\"Estrat\u00e9gia Concursos\",\"description\":\"O blog da Estrat\u00e9gia Concursos traz not\u00edcias sobre concursos e artigos de professores oferecendo cursos para concursos (pdf + videaulas) no site.\",\"publisher\":{\"@id\":\"https:\/\/www.estrategiaconcursos.com.br\/blog\/#organization\"},\"potentialAction\":[{\"@type\":\"SearchAction\",\"target\":{\"@type\":\"EntryPoint\",\"urlTemplate\":\"https:\/\/www.estrategiaconcursos.com.br\/blog\/?s={search_term_string}\"},\"query-input\":{\"@type\":\"PropertyValueSpecification\",\"valueRequired\":true,\"valueName\":\"search_term_string\"}}],\"inLanguage\":\"pt-BR\"},{\"@type\":\"Organization\",\"@id\":\"https:\/\/www.estrategiaconcursos.com.br\/blog\/#organization\",\"name\":\"Estrat\u00e9gia Concursos\",\"url\":\"https:\/\/www.estrategiaconcursos.com.br\/blog\/\",\"logo\":{\"@type\":\"ImageObject\",\"inLanguage\":\"pt-BR\",\"@id\":\"https:\/\/www.estrategiaconcursos.com.br\/blog\/#\/schema\/logo\/image\/\",\"url\":\"https:\/\/dhg1h5j42swfq.cloudfront.net\/2025\/06\/03203428\/logo_concursos-1.jpg\",\"contentUrl\":\"https:\/\/dhg1h5j42swfq.cloudfront.net\/2025\/06\/03203428\/logo_concursos-1.jpg\",\"width\":230,\"height\":60,\"caption\":\"Estrat\u00e9gia Concursos\"},\"image\":{\"@id\":\"https:\/\/www.estrategiaconcursos.com.br\/blog\/#\/schema\/logo\/image\/\"},\"sameAs\":[\"https:\/\/x.com\/EstratConcursos\"]},{\"@type\":\"Person\",\"@id\":\"https:\/\/www.estrategiaconcursos.com.br\/blog\/#\/schema\/person\/b4a388c97673c5f483d72185668afa1f\",\"name\":\"Coordena\u00e7\u00e3o\",\"image\":{\"@type\":\"ImageObject\",\"inLanguage\":\"pt-BR\",\"@id\":\"https:\/\/secure.gravatar.com\/avatar\/b720319e4c9a967eb58678d110f4fe35452fc5d5f97b202bac7b8acceb18c6ad?s=96&d=mm&r=g\",\"url\":\"https:\/\/secure.gravatar.com\/avatar\/b720319e4c9a967eb58678d110f4fe35452fc5d5f97b202bac7b8acceb18c6ad?s=96&d=mm&r=g\",\"contentUrl\":\"https:\/\/secure.gravatar.com\/avatar\/b720319e4c9a967eb58678d110f4fe35452fc5d5f97b202bac7b8acceb18c6ad?s=96&d=mm&r=g\",\"caption\":\"Coordena\u00e7\u00e3o\"},\"sameAs\":[\"https:\/\/www.facebook.com\/EstrategiaConcursos\",\"https:\/\/x.com\/EstratConcursos\"],\"url\":\"https:\/\/www.estrategiaconcursos.com.br\/blog\/author\/estrategia2013\/\"}]}<\/script>\n<!-- \/ Yoast SEO Premium plugin. -->","yoast_head_json":{"title":"Concurso Secretaria das Cidades DF estuda certame para n\u00edvel m\u00e9dio e superior","description":"Concurso Secretaria das Cidades DF: Grupo de estudos \u00e9 formado para certame com vagas para n\u00edvel m\u00e9dio e superior. Iniciais chegam a 10 mil! Confira tudo!","robots":{"index":"index","follow":"follow","max-snippet":"max-snippet:-1","max-image-preview":"max-image-preview:large","max-video-preview":"max-video-preview:-1"},"canonical":"https:\/\/www.estrategiaconcursos.com.br\/blog\/concurso-secretaria-das-cidades-df\/","og_locale":"pt_BR","og_type":"article","og_title":"Concurso Secretaria das Cidades DF: LDO 2019 prev\u00ea certame com 20 vagas","og_description":"Concurso Secretaria das Cidades DF: Grupo de estudos \u00e9 formado para certame com vagas para n\u00edvel m\u00e9dio e superior. Iniciais chegam a 10 mil! Confira tudo!","og_url":"https:\/\/www.estrategiaconcursos.com.br\/blog\/concurso-secretaria-das-cidades-df\/","og_site_name":"Estrat\u00e9gia Concursos","article_author":"https:\/\/www.facebook.com\/EstrategiaConcursos","article_published_time":"2019-05-30T03:00:41+00:00","article_modified_time":"2019-05-30T19:53:34+00:00","og_image":[{"width":400,"height":209,"url":"https:\/\/dhg1h5j42swfq.cloudfront.net\/2018\/10\/30165140\/SECRETARIA-DAS-CIDADES.jpg","type":"image\/jpeg"}],"author":"Coordena\u00e7\u00e3o","twitter_card":"summary_large_image","twitter_creator":"@EstratConcursos","twitter_site":"@EstratConcursos","twitter_misc":{"Escrito por":"Coordena\u00e7\u00e3o","Est. tempo de leitura":"4 minutos"},"schema":{"@context":"https:\/\/schema.org","@graph":[{"@type":"NewsArticle","@id":"https:\/\/www.estrategiaconcursos.com.br\/blog\/concurso-secretaria-das-cidades-df\/#article","isPartOf":{"@id":"https:\/\/www.estrategiaconcursos.com.br\/blog\/concurso-secretaria-das-cidades-df\/"},"author":{"name":"Coordena\u00e7\u00e3o","@id":"https:\/\/www.estrategiaconcursos.com.br\/blog\/#\/schema\/person\/b4a388c97673c5f483d72185668afa1f"},"headline":"Concurso Secretaria das Cidades DF: LDO 2019 prev\u00ea certame com 20 vagas","datePublished":"2019-05-30T03:00:41+00:00","dateModified":"2019-05-30T19:53:34+00:00","mainEntityOfPage":{"@id":"https:\/\/www.estrategiaconcursos.com.br\/blog\/concurso-secretaria-das-cidades-df\/"},"wordCount":864,"commentCount":1,"publisher":{"@id":"https:\/\/www.estrategiaconcursos.com.br\/blog\/#organization"},"image":{"@id":"https:\/\/www.estrategiaconcursos.com.br\/blog\/concurso-secretaria-das-cidades-df\/#primaryimage"},"thumbnailUrl":"https:\/\/dhg1h5j42swfq.cloudfront.net\/2018\/10\/30165140\/SECRETARIA-DAS-CIDADES.jpg","articleSection":["Concursos P\u00fablicos"],"inLanguage":"pt-BR","potentialAction":[{"@type":"CommentAction","name":"Comment","target":["https:\/\/www.estrategiaconcursos.com.br\/blog\/concurso-secretaria-das-cidades-df\/#respond"]}],"copyrightYear":"2019","copyrightHolder":{"@id":"https:\/\/www.estrategiaconcursos.com.br\/blog\/#organization"}},{"@type":"WebPage","@id":"https:\/\/www.estrategiaconcursos.com.br\/blog\/concurso-secretaria-das-cidades-df\/","url":"https:\/\/www.estrategiaconcursos.com.br\/blog\/concurso-secretaria-das-cidades-df\/","name":"Concurso Secretaria das Cidades DF estuda certame para n\u00edvel m\u00e9dio e superior","isPartOf":{"@id":"https:\/\/www.estrategiaconcursos.com.br\/blog\/#website"},"primaryImageOfPage":{"@id":"https:\/\/www.estrategiaconcursos.com.br\/blog\/concurso-secretaria-das-cidades-df\/#primaryimage"},"image":{"@id":"https:\/\/www.estrategiaconcursos.com.br\/blog\/concurso-secretaria-das-cidades-df\/#primaryimage"},"thumbnailUrl":"https:\/\/dhg1h5j42swfq.cloudfront.net\/2018\/10\/30165140\/SECRETARIA-DAS-CIDADES.jpg","datePublished":"2019-05-30T03:00:41+00:00","dateModified":"2019-05-30T19:53:34+00:00","description":"Concurso Secretaria das Cidades DF: Grupo de estudos \u00e9 formado para certame com vagas para n\u00edvel m\u00e9dio e superior. Iniciais chegam a 10 mil! Confira tudo!","breadcrumb":{"@id":"https:\/\/www.estrategiaconcursos.com.br\/blog\/concurso-secretaria-das-cidades-df\/#breadcrumb"},"inLanguage":"pt-BR","potentialAction":[{"@type":"ReadAction","target":["https:\/\/www.estrategiaconcursos.com.br\/blog\/concurso-secretaria-das-cidades-df\/"]}]},{"@type":"ImageObject","inLanguage":"pt-BR","@id":"https:\/\/www.estrategiaconcursos.com.br\/blog\/concurso-secretaria-das-cidades-df\/#primaryimage","url":"https:\/\/dhg1h5j42swfq.cloudfront.net\/2018\/10\/30165140\/SECRETARIA-DAS-CIDADES.jpg","contentUrl":"https:\/\/dhg1h5j42swfq.cloudfront.net\/2018\/10\/30165140\/SECRETARIA-DAS-CIDADES.jpg","width":400,"height":209,"caption":"CONCURSO SECRETARIA DAS CIDADES DF"},{"@type":"BreadcrumbList","@id":"https:\/\/www.estrategiaconcursos.com.br\/blog\/concurso-secretaria-das-cidades-df\/#breadcrumb","itemListElement":[{"@type":"ListItem","position":1,"name":"In\u00edcio","item":"https:\/\/www.estrategiaconcursos.com.br\/blog\/"},{"@type":"ListItem","position":2,"name":"Concurso Secretaria das Cidades DF: LDO 2019 prev\u00ea certame com 20 vagas"}]},{"@type":"WebSite","@id":"https:\/\/www.estrategiaconcursos.com.br\/blog\/#website","url":"https:\/\/www.estrategiaconcursos.com.br\/blog\/","name":"Estrat\u00e9gia Concursos","description":"O blog da Estrat\u00e9gia Concursos traz not\u00edcias sobre concursos e artigos de professores oferecendo cursos para concursos (pdf + videaulas) no site.","publisher":{"@id":"https:\/\/www.estrategiaconcursos.com.br\/blog\/#organization"},"potentialAction":[{"@type":"SearchAction","target":{"@type":"EntryPoint","urlTemplate":"https:\/\/www.estrategiaconcursos.com.br\/blog\/?s={search_term_string}"},"query-input":{"@type":"PropertyValueSpecification","valueRequired":true,"valueName":"search_term_string"}}],"inLanguage":"pt-BR"},{"@type":"Organization","@id":"https:\/\/www.estrategiaconcursos.com.br\/blog\/#organization","name":"Estrat\u00e9gia Concursos","url":"https:\/\/www.estrategiaconcursos.com.br\/blog\/","logo":{"@type":"ImageObject","inLanguage":"pt-BR","@id":"https:\/\/www.estrategiaconcursos.com.br\/blog\/#\/schema\/logo\/image\/","url":"https:\/\/dhg1h5j42swfq.cloudfront.net\/2025\/06\/03203428\/logo_concursos-1.jpg","contentUrl":"https:\/\/dhg1h5j42swfq.cloudfront.net\/2025\/06\/03203428\/logo_concursos-1.jpg","width":230,"height":60,"caption":"Estrat\u00e9gia Concursos"},"image":{"@id":"https:\/\/www.estrategiaconcursos.com.br\/blog\/#\/schema\/logo\/image\/"},"sameAs":["https:\/\/x.com\/EstratConcursos"]},{"@type":"Person","@id":"https:\/\/www.estrategiaconcursos.com.br\/blog\/#\/schema\/person\/b4a388c97673c5f483d72185668afa1f","name":"Coordena\u00e7\u00e3o","image":{"@type":"ImageObject","inLanguage":"pt-BR","@id":"https:\/\/secure.gravatar.com\/avatar\/b720319e4c9a967eb58678d110f4fe35452fc5d5f97b202bac7b8acceb18c6ad?s=96&d=mm&r=g","url":"https:\/\/secure.gravatar.com\/avatar\/b720319e4c9a967eb58678d110f4fe35452fc5d5f97b202bac7b8acceb18c6ad?s=96&d=mm&r=g","contentUrl":"https:\/\/secure.gravatar.com\/avatar\/b720319e4c9a967eb58678d110f4fe35452fc5d5f97b202bac7b8acceb18c6ad?s=96&d=mm&r=g","caption":"Coordena\u00e7\u00e3o"},"sameAs":["https:\/\/www.facebook.com\/EstrategiaConcursos","https:\/\/x.com\/EstratConcursos"],"url":"https:\/\/www.estrategiaconcursos.com.br\/blog\/author\/estrategia2013\/"}]}},"_links":{"self":[{"href":"https:\/\/www.estrategiaconcursos.com.br\/blog\/wp-json\/wp\/v2\/posts\/145495","targetHints":{"allow":["GET"]}}],"collection":[{"href":"https:\/\/www.estrategiaconcursos.com.br\/blog\/wp-json\/wp\/v2\/posts"}],"about":[{"href":"https:\/\/www.estrategiaconcursos.com.br\/blog\/wp-json\/wp\/v2\/types\/post"}],"author":[{"embeddable":true,"href":"https:\/\/www.estrategiaconcursos.com.br\/blog\/wp-json\/wp\/v2\/users\/1"}],"replies":[{"embeddable":true,"href":"https:\/\/www.estrategiaconcursos.com.br\/blog\/wp-json\/wp\/v2\/comments?post=145495"}],"version-history":[{"count":4,"href":"https:\/\/www.estrategiaconcursos.com.br\/blog\/wp-json\/wp\/v2\/posts\/145495\/revisions"}],"predecessor-version":[{"id":380910,"href":"https:\/\/www.estrategiaconcursos.com.br\/blog\/wp-json\/wp\/v2\/posts\/145495\/revisions\/380910"}],"wp:featuredmedia":[{"embeddable":true,"href":"https:\/\/www.estrategiaconcursos.com.br\/blog\/wp-json\/wp\/v2\/media\/380911"}],"wp:attachment":[{"href":"https:\/\/www.estrategiaconcursos.com.br\/blog\/wp-json\/wp\/v2\/media?parent=145495"}],"wp:term":[{"taxonomy":"category","embeddable":true,"href":"https:\/\/www.estrategiaconcursos.com.br\/blog\/wp-json\/wp\/v2\/categories?post=145495"},{"taxonomy":"post_tag","embeddable":true,"href":"https:\/\/www.estrategiaconcursos.com.br\/blog\/wp-json\/wp\/v2\/tags?post=145495"},{"taxonomy":"tax_estado","embeddable":true,"href":"https:\/\/www.estrategiaconcursos.com.br\/blog\/wp-json\/wp\/v2\/tax_estado?post=145495"}],"curies":[{"name":"wp","href":"https:\/\/api.w.org\/{rel}","templated":true}]}}