{"id":1454758,"date":"2024-10-22T13:10:10","date_gmt":"2024-10-22T16:10:10","guid":{"rendered":"https:\/\/www.estrategiaconcursos.com.br\/blog\/?p=1454758"},"modified":"2024-10-22T13:11:13","modified_gmt":"2024-10-22T16:11:13","slug":"concurso-matriz-de-camaragibe-educacao","status":"publish","type":"post","link":"https:\/\/www.estrategiaconcursos.com.br\/blog\/concurso-matriz-de-camaragibe-educacao\/","title":{"rendered":"Concurso Matriz de Camaragibe Educa\u00e7\u00e3o: inscri\u00e7\u00f5es prorrogadas"},"content":{"rendered":"\n<p>A <a href=\"https:\/\/www.estrategiaconcursos.com.br\/cursos\/concurso\/\" target=\"_blank\" rel=\"noreferrer noopener\">Prefeitura Municipal de Matriz de Camaragibe<\/a>, no Alagoas, publicou o novo edital de concurso p\u00fablico, com vagas abertas na \u00e1rea de educa\u00e7\u00e3o!<\/p>\n\n\n\n<p>O documento oferta&nbsp;vagas imediatas, sendo<strong>&nbsp;254 para a \u00e1rea da educa\u00e7\u00e3o<\/strong>,&nbsp;al\u00e9m da forma\u00e7\u00e3o de cadastro reserva para os cargos de n\u00edvel superior com&nbsp;<strong>iniciais de at\u00e9 R$ 2.014,70<\/strong>.<\/p>\n\n\n\n<p>O edital est\u00e1 sob responsabilidade da banca <a href=\"https:\/\/admtec.org.br\/concursos\/publicacoes\/MTAz\/MTEy\" target=\"_blank\" rel=\"noreferrer noopener\">ADM&amp;TEC<\/a>, e as inscri\u00e7\u00f5es puderam ser realizadas\u00a0<strong>at\u00e9 04 de novembro,<\/strong>\u00a0com taxa de <strong>R$ 80,00 a R$ 120,00<\/strong>.<\/p>\n\n\n\n<p>Os candidatos devidamente inscritos ser\u00e3o avaliados por\u00a0<strong>provas objetivas em 8 de dezembro<\/strong>. Confira mais detalhes no decorrer do artigo!<\/p>\n\n\n\n<ul style=\"background-color:#eeefef\" class=\"wp-block-list has-background\">\n<li><strong>Prefeitura Municipal de Matriz de Camaragibe<\/strong><\/li>\n\n\n\n<li><strong style=\"color: initial;\">Situa\u00e7\u00e3o:<\/strong><span style=\"color: initial;\">\u00a0<\/span>inscri\u00e7\u00f5es prorrogadas at\u00e9 4\/11<\/li>\n\n\n\n<li><strong>Banca:<\/strong>&nbsp;<a href=\"https:\/\/admtec.org.br\/concursos\/publicacoes\/MTAz\/MTEy\" target=\"_blank\" rel=\"noreferrer noopener\">ADM&amp;TEC<\/a><\/li>\n\n\n\n<li><strong>Vagas:<\/strong>&nbsp;254<\/li>\n\n\n\n<li><strong>Sal\u00e1rio inicial:<\/strong>&nbsp;de R$ 1.412,00 a R$ 2.014,70<\/li>\n\n\n\n<li><strong>Edital: <\/strong><a href=\"https:\/\/dhg1h5j42swfq.cloudfront.net\/2024\/09\/02155610\/edital-matriz-de-camaragibe_2024_08_30_17_01_48.pdf\" target=\"_blank\" rel=\"noreferrer noopener nofollow\">Edital Matriz de Camaragibe 2024<\/a> \/ <a href=\"https:\/\/dhg1h5j42swfq.cloudfront.net\/2024\/10\/22083743\/edital-matriz-de-camaragibe-2110_2024_10_21_16_57_30-1.pdf\" target=\"_blank\" rel=\"noreferrer noopener\">1\u00aa retifica\u00e7\u00e3o<\/a><\/li>\n<\/ul>\n\n\n\n<p>Confira neste artigo mais informa\u00e7\u00f5es sobre o concurso de<strong> Matriz de Camaragibe<\/strong> e os detalhes de seu edital. Acompanhe pelos t\u00f3picos abaixo:<\/p>\n\n\n\n<ul id=\"indice\" class=\"wp-block-list\">\n<li><a href=\"#situacao-atual\">Situa\u00e7\u00e3o atual<\/a><\/li>\n\n\n\n<li><a href=\"#atual\">Principais datas<\/a><\/li>\n\n\n\n<li><a href=\"#cargos-vagas\">Cargos e vagas<\/a><\/li>\n\n\n\n<li><a href=\"#etapas\">Etapas e provas<\/a><\/li>\n\n\n\n<li><a href=\"#cursos-assinatura\">Assinatura e cursos<\/a><\/li>\n\n\n\n<li><a href=\"#ficha-tecnica\">Ficha t\u00e9cnica<\/a><\/li>\n<\/ul>\n\n\n\n<div class=\"container\" id=\"boxes\">\n  <div class=\"row\">\n\n    <div class=\"col-sm\">\n      <div class=\"banner-estrategia\" id=\"box-assinatura\">\n        <h3 class=\"titulo-assinatura\">Cursos para concursos<\/h3>\n        <p class=\"subtitulo-assinatura\">Conhe\u00e7a os cursos<\/p>\n        <div class=\"box-botao\">\n          <a class=\"btn-assinatura\" target=\"_blank\" href=\"https:\/\/www.estrategiaconcursos.com.br\" role=\"button\" rel=\"noopener noreferrer\">Conhe\u00e7a mais<\/a>\n        <\/div>\n      <\/div>\n     \n    <\/div>\n\n  <\/div>\n<\/div>\n\n\n\n<h2 class=\"wp-block-heading\" id=\"situacao-atual\">Concurso Camaragibe: situa\u00e7\u00e3o atual<\/h2>\n\n\n\n<h3 class=\"wp-block-heading\" id=\"atual\">Principais datas<\/h3>\n\n\n\n<ul class=\"wp-block-list\">\n<li><strong>Inscri\u00e7\u00f5es:<\/strong>\u00a0de 03\/09 a 04\/11<\/li>\n\n\n\n<li><strong>\u00daltimo dia para pagamento: <\/strong>at\u00e9 5\/11\u00a0<\/li>\n\n\n\n<li><strong>Provas:<\/strong> 8\/12\/2024<\/li>\n<\/ul>\n\n\n\n<h3 class=\"wp-block-heading\" id=\"cargos-vagas\">Cargos e vagas<\/h3>\n\n\n\n<p>Confira abaixo a divis\u00e3o exata das vagas do edital:<\/p>\n\n\n\n<figure class=\"wp-block-table is-style-stripes\"><table class=\"has-fixed-layout\"><thead><tr><th>CARGO<\/th><th class=\"has-text-align-center\" data-align=\"center\">VAGAS AC<\/th><th class=\"has-text-align-center\" data-align=\"center\">VAGAS PCD<\/th><th class=\"has-text-align-left\" data-align=\"left\">ESCOLARIDADE<\/th><th class=\"has-text-align-left\" data-align=\"left\">SAL\u00c1RIO<\/th><\/tr><\/thead><tbody><tr><td>Auxiliar de servi\u00e7os educacionais<\/td><td class=\"has-text-align-center\" data-align=\"center\">19<\/td><td class=\"has-text-align-center\" data-align=\"center\">01<\/td><td class=\"has-text-align-left\" data-align=\"left\">N\u00edvel fundamental<\/td><td class=\"has-text-align-left\" data-align=\"left\">R$ 1.412,00<\/td><\/tr><tr><td>Merendeira escolar<\/td><td class=\"has-text-align-center\" data-align=\"center\">09<\/td><td class=\"has-text-align-center\" data-align=\"center\">01<\/td><td class=\"has-text-align-left\" data-align=\"left\">N\u00edvel fundamental<\/td><td class=\"has-text-align-left\" data-align=\"left\">R$ 1.412,00<\/td><\/tr><tr><td>Motorista escolar<\/td><td class=\"has-text-align-center\" data-align=\"center\">08<\/td><td class=\"has-text-align-center\" data-align=\"center\">01<\/td><td class=\"has-text-align-left\" data-align=\"left\">N\u00edvel fundamental<\/td><td class=\"has-text-align-left\" data-align=\"left\">R$ 1.412,00<\/td><\/tr><tr><td>Assistente administrativo educacional<\/td><td class=\"has-text-align-center\" data-align=\"center\">19<\/td><td class=\"has-text-align-center\" data-align=\"center\">01<\/td><td class=\"has-text-align-left\" data-align=\"left\">N\u00edvel m\u00e9dio<\/td><td class=\"has-text-align-left\" data-align=\"left\">R$ 1.466,52<\/td><\/tr><tr><td>Auxiliar de sala<\/td><td class=\"has-text-align-center\" data-align=\"center\">38<\/td><td class=\"has-text-align-center\" data-align=\"center\">02<\/td><td class=\"has-text-align-left\" data-align=\"left\">N\u00edvel m\u00e9dio<\/td><td class=\"has-text-align-left\" data-align=\"left\">R$ 1.600,00<\/td><\/tr><tr><td>Cuidador escolar<\/td><td class=\"has-text-align-center\" data-align=\"center\">28<\/td><td class=\"has-text-align-center\" data-align=\"center\">02<\/td><td class=\"has-text-align-left\" data-align=\"left\">N\u00edvel m\u00e9dio<\/td><td class=\"has-text-align-left\" data-align=\"left\">R$ 1.466,52<\/td><\/tr><tr><td>Inspetor escolar<\/td><td class=\"has-text-align-center\" data-align=\"center\">09<\/td><td class=\"has-text-align-center\" data-align=\"center\">01<\/td><td class=\"has-text-align-left\" data-align=\"left\">N\u00edvel m\u00e9dio<\/td><td class=\"has-text-align-left\" data-align=\"left\">R$ 1.466,52<\/td><\/tr><tr><td>Secret\u00e1rio escolar<\/td><td class=\"has-text-align-center\" data-align=\"center\">04<\/td><td class=\"has-text-align-center\" data-align=\"center\">01<\/td><td class=\"has-text-align-left\" data-align=\"left\">N\u00edvel m\u00e9dio<\/td><td class=\"has-text-align-left\" data-align=\"left\">R$ 1.466,52<\/td><\/tr><tr><td>Vigilante escolar<\/td><td class=\"has-text-align-center\" data-align=\"center\">19<\/td><td class=\"has-text-align-center\" data-align=\"center\">01<\/td><td class=\"has-text-align-left\" data-align=\"left\">N\u00edvel m\u00e9dio<\/td><td class=\"has-text-align-left\" data-align=\"left\">R$ 1.412,00<\/td><\/tr><tr><td>Professor de Educa\u00e7\u00e3o Infantil<\/td><td class=\"has-text-align-center\" data-align=\"center\">28<\/td><td class=\"has-text-align-center\" data-align=\"center\">02<\/td><td class=\"has-text-align-left\" data-align=\"left\">N\u00edvel superior<\/td><td class=\"has-text-align-left\" data-align=\"left\">R$ 2.014,70<\/td><\/tr><tr><td>Professor de Artes<\/td><td class=\"has-text-align-center\" data-align=\"center\">04<\/td><td class=\"has-text-align-center\" data-align=\"center\">01<\/td><td class=\"has-text-align-left\" data-align=\"left\">N\u00edvel superior<\/td><td class=\"has-text-align-left\" data-align=\"left\">R$ 1.611,72<\/td><\/tr><tr><td>Professor do 1 ao 5 ano<\/td><td class=\"has-text-align-center\" data-align=\"center\">19<\/td><td class=\"has-text-align-center\" data-align=\"center\">01<\/td><td class=\"has-text-align-left\" data-align=\"left\">N\u00edvel superior<\/td><td class=\"has-text-align-left\" data-align=\"left\">R$ 2.014,70<\/td><\/tr><tr><td>Professor de Educa\u00e7\u00e3o F\u00edsica<\/td><td class=\"has-text-align-center\" data-align=\"center\">04<\/td><td class=\"has-text-align-center\" data-align=\"center\">01<\/td><td class=\"has-text-align-left\" data-align=\"left\">N\u00edvel superior<\/td><td class=\"has-text-align-left\" data-align=\"left\">R$ 1.611,72<\/td><\/tr><tr><td>Professor de Ci\u00eancias<\/td><td class=\"has-text-align-center\" data-align=\"center\">04<\/td><td class=\"has-text-align-center\" data-align=\"center\">01<\/td><td class=\"has-text-align-left\" data-align=\"left\">N\u00edvel superior<\/td><td class=\"has-text-align-left\" data-align=\"left\">R$ 1.611,72<\/td><\/tr><tr><td>Professor de L\u00edngua Estrangeira (Ingl\u00eas)<\/td><td class=\"has-text-align-center\" data-align=\"center\">04<\/td><td class=\"has-text-align-center\" data-align=\"center\">01<\/td><td class=\"has-text-align-left\" data-align=\"left\">N\u00edvel superior<\/td><td class=\"has-text-align-left\" data-align=\"left\">R$ 1.611,72<\/td><\/tr><tr><td>Professor de L\u00edngua portuguesa<\/td><td class=\"has-text-align-center\" data-align=\"center\">04<\/td><td class=\"has-text-align-center\" data-align=\"center\">01<\/td><td class=\"has-text-align-left\" data-align=\"left\">N\u00edvel superior<\/td><td class=\"has-text-align-left\" data-align=\"left\">R$ 1.611,72<\/td><\/tr><tr><td>Professor de Geografia<\/td><td class=\"has-text-align-center\" data-align=\"center\">04<\/td><td class=\"has-text-align-center\" data-align=\"center\">01<\/td><td class=\"has-text-align-left\" data-align=\"left\">N\u00edvel superior<\/td><td class=\"has-text-align-left\" data-align=\"left\">R$ 1.611,72<\/td><\/tr><tr><td>Professor de Hist\u00f3ria<\/td><td class=\"has-text-align-center\" data-align=\"center\">04<\/td><td class=\"has-text-align-center\" data-align=\"center\">01<\/td><td class=\"has-text-align-left\" data-align=\"left\">N\u00edvel superior<\/td><td class=\"has-text-align-left\" data-align=\"left\">R$ 1.611,72<\/td><\/tr><tr><td>Professor de Matem\u00e1tica<\/td><td class=\"has-text-align-center\" data-align=\"center\">04<\/td><td class=\"has-text-align-center\" data-align=\"center\">01<\/td><td class=\"has-text-align-left\" data-align=\"left\">N\u00edvel superior<\/td><td class=\"has-text-align-left\" data-align=\"left\">R$ 1.611,72<\/td><\/tr><\/tbody><\/table><figcaption class=\"wp-element-caption\">Cargos, vagas, vagas pessoas com defici\u00eancia, n\u00edvel de escolaridade e sal\u00e1rio.<\/figcaption><\/figure>\n\n\n\n<h3 class=\"wp-block-heading\" id=\"etapas\">Etapas e provas<\/h3>\n\n\n\n<p>Os candidatos ser\u00e3o avaliados pelas seguintes etapas e provas:<\/p>\n\n\n\n<ul class=\"wp-block-list\">\n<li>Prova objetiva, de car\u00e1ter eliminat\u00f3rio e classificat\u00f3rio, para todos os cargos;<\/li>\n\n\n\n<li>Prova de t\u00edtulos, somente para os cargos de professor;<\/li>\n<\/ul>\n\n\n\n<p>A prova ser\u00e1 aplicada na data prov\u00e1vel do\u00a0<strong>dia\u00a08 de dezembro de 2024<\/strong>.<\/p>\n\n\n\n<h3 class=\"wp-block-heading\" id=\"objetiva\">Prova objetiva<\/h3>\n\n\n\n<p>A prova objetiva ser\u00e1 composta de <strong>40 quest\u00f5es<\/strong>, com dura\u00e7\u00e3o de 3 horas. Cada quest\u00e3o da Prova Objetiva ter\u00e1 quatro alternativas, sendo que cada quest\u00e3o ter\u00e1 apenas uma alternativa correta.<\/p>\n\n\n\n<p>A etapa versar\u00e1 sobre as seguintes disciplinas:<\/p>\n\n\n\n<ul class=\"wp-block-list\">\n<li><strong>Conhecimentos Gerais &#8211; 20 quest\u00f5es, sendo:<\/strong>\n<ul class=\"wp-block-list\">\n<li>L\u00edngua Portuguesa \u2013 12<\/li>\n\n\n\n<li>Matem\u00e1tica \u2013 8<\/li>\n<\/ul>\n<\/li>\n\n\n\n<li><strong>Conhecimentos Espec\u00edficos &#8211; 20 quest\u00f5es.<\/strong><\/li>\n<\/ul>\n\n\n\n<h3 class=\"wp-block-heading\" id=\"titulos\">Prova de t\u00edtulos<\/h3>\n\n\n\n<p>O julgamento da Prova de T\u00edtulos obedecer\u00e1 aos seguintes crit\u00e9rios de pontua\u00e7\u00e3o:<\/p>\n\n\n\n<figure class=\"wp-block-image aligncenter\"><img loading=\"lazy\" decoding=\"async\" width=\"775\" height=\"493\" src=\"https:\/\/dhg1h5j42swfq.cloudfront.net\/2024\/09\/02161123\/image-30.png\" alt=\"Tabela de atribui\u00e7\u00e3o de pontos na prova de t\u00edtulos\" class=\"wp-image-1454989\" srcset=\"https:\/\/dhg1h5j42swfq.cloudfront.net\/2024\/09\/02161123\/image-30.png 775w, https:\/\/dhg1h5j42swfq.cloudfront.net\/2024\/09\/02161123\/image-30-300x191.png 300w, https:\/\/dhg1h5j42swfq.cloudfront.net\/2024\/09\/02161123\/image-30-768x489.png 768w, https:\/\/dhg1h5j42swfq.cloudfront.net\/2024\/09\/02161123\/image-30-610x388.png 610w, https:\/\/dhg1h5j42swfq.cloudfront.net\/2024\/09\/02161123\/image-30-150x95.png 150w\" sizes=\"auto, (max-width: 775px) 100vw, 775px\" \/><\/figure>\n\n\n\n<h2 class=\"wp-block-heading has-text-align-center\" id=\"cursos-assinatura\"><em>Quer estudar para o concurso Matriz de Camaragibe?<\/em><\/h2>\n\n\n\n<div class=\"container\" id=\"boxes\">\n  <div class=\"row\">\n\n    <div class=\"col-sm\">\n      <div class=\"banner-estrategia\" id=\"box-assinatura\">\n        <h3 class=\"titulo-assinatura\">Cursos para concursos<\/h3>\n        <p class=\"subtitulo-assinatura\">Conhe\u00e7a os cursos<\/p>\n        <div class=\"box-botao\">\n          <a class=\"btn-assinatura\" target=\"_blank\" href=\"https:\/\/www.estrategiaconcursos.com.br\/pesquisa\/?q=prefeitura+matriz+de+camaragibe\" role=\"button\" rel=\"noopener noreferrer\">Conhe\u00e7a mais<\/a>\n        <\/div>\n      <\/div>\n     \n    <\/div>\n\n  <\/div>\n<\/div>\n\n\n\n<div class=\"container\" id=\"boxes\">\r\n  <div class=\"row\">\r\n\r\n    <div class=\"col-sm\">\r\n      <div class=\"estrategia\" id=\"box-assinatura\">\r\n        <h3 class=\"titulo-assinatura\">Assinatura Concursos<\/h3>\r\n        <p class=\"subtitulo-assinatura\">Assinatura de 1 ano ou 2 anos<\/p>\r\n        <div class=\"box-botao\">\r\n          <a class=\"btn-assinatura\" target=\"_blank\" href=\"https:\/\/www.estrategiaconcursos.com.br\/assinaturas\/\" role=\"button\" rel=\"noopener noreferrer\">ASSINE AGORA<\/a>\r\n        <\/div>\r\n      <\/div><\/div><\/div><\/div>\n\n\n\n<h2 class=\"wp-block-heading has-text-align-center\" id=\"h-quer-saber-tudo-sobre-concursos-previstos-confira-os-nossos-artigos\">Quer saber tudo sobre concursos previstos?<br \/>Confira os nossos artigos!<\/h2>\n\n\n\n<ul class=\"wp-block-list\">\n<li><a href=\"https:\/\/www.estrategiaconcursos.com.br\/blog\/concursos-abertos\/\" target=\"_blank\" rel=\"noreferrer noopener\">Concursos Abertos<\/a><\/li>\n\n\n\n<li><a href=\"https:\/\/www.estrategiaconcursos.com.br\/blog\/concursos-educacao\/\">Concursos Educa\u00e7\u00e3o<\/a><\/li>\n\n\n\n<li><a href=\"https:\/\/www.estrategiaconcursos.com.br\/blog\/concursos-2024\/\" target=\"_blank\" rel=\"noreferrer noopener\">Concursos 2024<\/a><\/li>\n\n\n\n<li><a href=\"https:\/\/www.estrategiaconcursos.com.br\/blog\/concursos-2025\/\" target=\"_blank\" rel=\"noreferrer noopener\">Concursos 2025<\/a><\/li>\n<\/ul>\n\n\n\n<figure class=\"wp-block-image is-resized\"><img loading=\"lazy\" decoding=\"async\" width=\"1024\" height=\"632\" src=\"https:\/\/dhg1h5j42swfq.cloudfront.net\/2021\/04\/01161145\/ficha-tecnica-5-1024x632.png\" alt=\"Informa\u00e7\u00f5es do concurso xxxxxx\" class=\"wp-image-706736\" style=\"width:236px;height:145px\" srcset=\"https:\/\/dhg1h5j42swfq.cloudfront.net\/2021\/04\/01161145\/ficha-tecnica-5-1024x632.png 1024w, https:\/\/dhg1h5j42swfq.cloudfront.net\/2021\/04\/01161145\/ficha-tecnica-5-300x185.png 300w, https:\/\/dhg1h5j42swfq.cloudfront.net\/2021\/04\/01161145\/ficha-tecnica-5-768x474.png 768w, https:\/\/dhg1h5j42swfq.cloudfront.net\/2021\/04\/01161145\/ficha-tecnica-5-1536x948.png 1536w, https:\/\/dhg1h5j42swfq.cloudfront.net\/2021\/04\/01161145\/ficha-tecnica-5-610x377.png 610w, https:\/\/dhg1h5j42swfq.cloudfront.net\/2021\/04\/01161145\/ficha-tecnica-5.png 1571w\" sizes=\"auto, (max-width: 1024px) 100vw, 1024px\" \/><\/figure>\n\n\n\n<h3 class=\"wp-block-heading\" id=\"ficha-tecnica\">Informa\u00e7\u00f5es do Concurso Matriz de Camaragibe <\/h3>\n\n\n\n<ul class=\"wp-block-list\">\n<li><strong>Data da prova<\/strong>: 08\/12\/2024<\/li>\n\n\n\n<li><strong>Banca:<\/strong>&nbsp;<a href=\"https:\/\/admtec.org.br\/concursos\/publicacoes\/MTAz\/MTEy\" target=\"_blank\" rel=\"noreferrer noopener\">ADM&amp;TEC<\/a><\/li>\n\n\n\n<li><strong>Escolaridade<\/strong>: N\u00edveis fundamental, m\u00e9dio, t\u00e9cnico e superior<\/li>\n\n\n\n<li><strong>Vagas:<\/strong> 254<\/li>\n\n\n\n<li><strong>Cargos<\/strong>: Educa\u00e7\u00e3o<\/li>\n\n\n\n<li><strong>Edital: <\/strong><a href=\"https:\/\/dhg1h5j42swfq.cloudfront.net\/2024\/09\/02155610\/edital-matriz-de-camaragibe_2024_08_30_17_01_48.pdf\" target=\"_blank\" rel=\"noreferrer noopener nofollow\">Edital Matriz de Camaragibe 2024<\/a> \/ <a href=\"https:\/\/dhg1h5j42swfq.cloudfront.net\/2024\/10\/22083743\/edital-matriz-de-camaragibe-2110_2024_10_21_16_57_30-1.pdf\" target=\"_blank\" rel=\"noreferrer noopener\">1\u00aa retifica\u00e7\u00e3o<\/a><\/li>\n<\/ul>\n","protected":false},"excerpt":{"rendered":"<p>A Prefeitura Municipal de Matriz de Camaragibe, no Alagoas, publicou o novo edital de concurso p\u00fablico, com vagas abertas na \u00e1rea de educa\u00e7\u00e3o! O documento oferta&nbsp;vagas imediatas, sendo&nbsp;254 para a \u00e1rea da educa\u00e7\u00e3o,&nbsp;al\u00e9m da forma\u00e7\u00e3o de cadastro reserva para os cargos de n\u00edvel superior com&nbsp;iniciais de at\u00e9 R$ 2.014,70. O edital est\u00e1 sob responsabilidade da [&hellip;]<\/p>\n","protected":false},"author":1,"featured_media":1454963,"comment_status":"open","ping_status":"closed","sticky":false,"template":"","format":"standard","meta":{"post_tipo":"news_page","footnotes":""},"categories":[1,3766],"tags":[40],"tax_estado":[219965],"class_list":["post-1454758","post","type-post","status-publish","format-standard","has-post-thumbnail","hentry","category-cursos-e-concursos","category-educacional","tag-concurso","tax_estado-al"],"acf":[],"yoast_head":"<!-- This site is optimized with the Yoast SEO Premium plugin v27.2 (Yoast SEO v27.2) - https:\/\/yoast.com\/product\/yoast-seo-premium-wordpress\/ -->\n<title>Concurso Matriz de Camaragibe Educa\u00e7\u00e3o: inscri\u00e7\u00f5es prorrogadas<\/title>\n<meta name=\"description\" content=\"A prefeitura de Matriz de Camaragibe, publicou o edital com 254 vagas abertas na \u00e1rea de educa\u00e7\u00e3o, com iniciais de R$2 mil!\" \/>\n<meta name=\"robots\" content=\"index, follow, max-snippet:-1, max-image-preview:large, max-video-preview:-1\" \/>\n<link rel=\"canonical\" href=\"https:\/\/www.estrategiaconcursos.com.br\/blog\/concurso-matriz-de-camaragibe-educacao\/\" \/>\n<meta property=\"og:locale\" content=\"pt_BR\" \/>\n<meta property=\"og:type\" content=\"article\" \/>\n<meta property=\"og:title\" content=\"Concurso Matriz de Camaragibe Educa\u00e7\u00e3o: inscri\u00e7\u00f5es prorrogadas\" \/>\n<meta property=\"og:description\" content=\"A prefeitura de Matriz de Camaragibe, publicou o edital com 254 vagas abertas na \u00e1rea de educa\u00e7\u00e3o, com iniciais de R$2 mil!\" \/>\n<meta property=\"og:url\" content=\"https:\/\/www.estrategiaconcursos.com.br\/blog\/concurso-matriz-de-camaragibe-educacao\/\" \/>\n<meta property=\"og:site_name\" content=\"Estrat\u00e9gia Concursos\" \/>\n<meta property=\"article:author\" content=\"https:\/\/www.facebook.com\/EstrategiaConcursos\" \/>\n<meta property=\"article:published_time\" content=\"2024-10-22T16:10:10+00:00\" \/>\n<meta property=\"article:modified_time\" content=\"2024-10-22T16:11:13+00:00\" \/>\n<meta property=\"og:image\" content=\"https:\/\/dhg1h5j42swfq.cloudfront.net\/2024\/09\/02160052\/prefeitura-de-matriz-de-camaragibe.jpg\" \/>\n\t<meta property=\"og:image:width\" content=\"768\" \/>\n\t<meta property=\"og:image:height\" content=\"432\" \/>\n\t<meta property=\"og:image:type\" content=\"image\/jpeg\" \/>\n<meta name=\"author\" content=\"Coordena\u00e7\u00e3o\" \/>\n<meta name=\"twitter:card\" content=\"summary_large_image\" \/>\n<meta name=\"twitter:creator\" content=\"@EstratConcursos\" \/>\n<meta name=\"twitter:site\" content=\"@EstratConcursos\" \/>\n<meta name=\"twitter:label1\" content=\"Escrito por\" \/>\n\t<meta name=\"twitter:data1\" content=\"Coordena\u00e7\u00e3o\" \/>\n\t<meta name=\"twitter:label2\" content=\"Est. tempo de leitura\" \/>\n\t<meta name=\"twitter:data2\" content=\"3 minutos\" \/>\n<script type=\"application\/ld+json\" class=\"yoast-schema-graph\">{\"@context\":\"https:\/\/schema.org\",\"@graph\":[{\"@type\":\"NewsArticle\",\"@id\":\"https:\/\/www.estrategiaconcursos.com.br\/blog\/concurso-matriz-de-camaragibe-educacao\/#article\",\"isPartOf\":{\"@id\":\"https:\/\/www.estrategiaconcursos.com.br\/blog\/concurso-matriz-de-camaragibe-educacao\/\"},\"author\":{\"name\":\"Coordena\u00e7\u00e3o\",\"@id\":\"https:\/\/www.estrategiaconcursos.com.br\/blog\/#\/schema\/person\/b4a388c97673c5f483d72185668afa1f\"},\"headline\":\"Concurso Matriz de Camaragibe Educa\u00e7\u00e3o: inscri\u00e7\u00f5es prorrogadas\",\"datePublished\":\"2024-10-22T16:10:10+00:00\",\"dateModified\":\"2024-10-22T16:11:13+00:00\",\"mainEntityOfPage\":{\"@id\":\"https:\/\/www.estrategiaconcursos.com.br\/blog\/concurso-matriz-de-camaragibe-educacao\/\"},\"wordCount\":611,\"commentCount\":0,\"publisher\":{\"@id\":\"https:\/\/www.estrategiaconcursos.com.br\/blog\/#organization\"},\"image\":{\"@id\":\"https:\/\/www.estrategiaconcursos.com.br\/blog\/concurso-matriz-de-camaragibe-educacao\/#primaryimage\"},\"thumbnailUrl\":\"https:\/\/dhg1h5j42swfq.cloudfront.net\/2024\/09\/02160052\/prefeitura-de-matriz-de-camaragibe.jpg\",\"keywords\":[\"Concurso\"],\"articleSection\":[\"Concursos P\u00fablicos\",\"Educa\u00e7\u00e3o\"],\"inLanguage\":\"pt-BR\",\"potentialAction\":[{\"@type\":\"CommentAction\",\"name\":\"Comment\",\"target\":[\"https:\/\/www.estrategiaconcursos.com.br\/blog\/concurso-matriz-de-camaragibe-educacao\/#respond\"]}],\"copyrightYear\":\"2024\",\"copyrightHolder\":{\"@id\":\"https:\/\/www.estrategiaconcursos.com.br\/blog\/#organization\"}},{\"@type\":\"WebPage\",\"@id\":\"https:\/\/www.estrategiaconcursos.com.br\/blog\/concurso-matriz-de-camaragibe-educacao\/\",\"url\":\"https:\/\/www.estrategiaconcursos.com.br\/blog\/concurso-matriz-de-camaragibe-educacao\/\",\"name\":\"Concurso Matriz de Camaragibe Educa\u00e7\u00e3o: inscri\u00e7\u00f5es prorrogadas\",\"isPartOf\":{\"@id\":\"https:\/\/www.estrategiaconcursos.com.br\/blog\/#website\"},\"primaryImageOfPage\":{\"@id\":\"https:\/\/www.estrategiaconcursos.com.br\/blog\/concurso-matriz-de-camaragibe-educacao\/#primaryimage\"},\"image\":{\"@id\":\"https:\/\/www.estrategiaconcursos.com.br\/blog\/concurso-matriz-de-camaragibe-educacao\/#primaryimage\"},\"thumbnailUrl\":\"https:\/\/dhg1h5j42swfq.cloudfront.net\/2024\/09\/02160052\/prefeitura-de-matriz-de-camaragibe.jpg\",\"datePublished\":\"2024-10-22T16:10:10+00:00\",\"dateModified\":\"2024-10-22T16:11:13+00:00\",\"description\":\"A prefeitura de Matriz de Camaragibe, publicou o edital com 254 vagas abertas na \u00e1rea de educa\u00e7\u00e3o, com iniciais de R$2 mil!\",\"breadcrumb\":{\"@id\":\"https:\/\/www.estrategiaconcursos.com.br\/blog\/concurso-matriz-de-camaragibe-educacao\/#breadcrumb\"},\"inLanguage\":\"pt-BR\",\"potentialAction\":[{\"@type\":\"ReadAction\",\"target\":[\"https:\/\/www.estrategiaconcursos.com.br\/blog\/concurso-matriz-de-camaragibe-educacao\/\"]}]},{\"@type\":\"ImageObject\",\"inLanguage\":\"pt-BR\",\"@id\":\"https:\/\/www.estrategiaconcursos.com.br\/blog\/concurso-matriz-de-camaragibe-educacao\/#primaryimage\",\"url\":\"https:\/\/dhg1h5j42swfq.cloudfront.net\/2024\/09\/02160052\/prefeitura-de-matriz-de-camaragibe.jpg\",\"contentUrl\":\"https:\/\/dhg1h5j42swfq.cloudfront.net\/2024\/09\/02160052\/prefeitura-de-matriz-de-camaragibe.jpg\",\"width\":768,\"height\":432},{\"@type\":\"BreadcrumbList\",\"@id\":\"https:\/\/www.estrategiaconcursos.com.br\/blog\/concurso-matriz-de-camaragibe-educacao\/#breadcrumb\",\"itemListElement\":[{\"@type\":\"ListItem\",\"position\":1,\"name\":\"In\u00edcio\",\"item\":\"https:\/\/www.estrategiaconcursos.com.br\/blog\/\"},{\"@type\":\"ListItem\",\"position\":2,\"name\":\"Concurso Matriz de Camaragibe Educa\u00e7\u00e3o: inscri\u00e7\u00f5es prorrogadas\"}]},{\"@type\":\"WebSite\",\"@id\":\"https:\/\/www.estrategiaconcursos.com.br\/blog\/#website\",\"url\":\"https:\/\/www.estrategiaconcursos.com.br\/blog\/\",\"name\":\"Estrat\u00e9gia Concursos\",\"description\":\"O blog da Estrat\u00e9gia Concursos traz not\u00edcias sobre concursos e artigos de professores oferecendo cursos para concursos (pdf + videaulas) no site.\",\"publisher\":{\"@id\":\"https:\/\/www.estrategiaconcursos.com.br\/blog\/#organization\"},\"potentialAction\":[{\"@type\":\"SearchAction\",\"target\":{\"@type\":\"EntryPoint\",\"urlTemplate\":\"https:\/\/www.estrategiaconcursos.com.br\/blog\/?s={search_term_string}\"},\"query-input\":{\"@type\":\"PropertyValueSpecification\",\"valueRequired\":true,\"valueName\":\"search_term_string\"}}],\"inLanguage\":\"pt-BR\"},{\"@type\":\"Organization\",\"@id\":\"https:\/\/www.estrategiaconcursos.com.br\/blog\/#organization\",\"name\":\"Estrat\u00e9gia Concursos\",\"url\":\"https:\/\/www.estrategiaconcursos.com.br\/blog\/\",\"logo\":{\"@type\":\"ImageObject\",\"inLanguage\":\"pt-BR\",\"@id\":\"https:\/\/www.estrategiaconcursos.com.br\/blog\/#\/schema\/logo\/image\/\",\"url\":\"https:\/\/dhg1h5j42swfq.cloudfront.net\/2025\/06\/03203428\/logo_concursos-1.jpg\",\"contentUrl\":\"https:\/\/dhg1h5j42swfq.cloudfront.net\/2025\/06\/03203428\/logo_concursos-1.jpg\",\"width\":230,\"height\":60,\"caption\":\"Estrat\u00e9gia Concursos\"},\"image\":{\"@id\":\"https:\/\/www.estrategiaconcursos.com.br\/blog\/#\/schema\/logo\/image\/\"},\"sameAs\":[\"https:\/\/x.com\/EstratConcursos\"]},{\"@type\":\"Person\",\"@id\":\"https:\/\/www.estrategiaconcursos.com.br\/blog\/#\/schema\/person\/b4a388c97673c5f483d72185668afa1f\",\"name\":\"Coordena\u00e7\u00e3o\",\"image\":{\"@type\":\"ImageObject\",\"inLanguage\":\"pt-BR\",\"@id\":\"https:\/\/secure.gravatar.com\/avatar\/b720319e4c9a967eb58678d110f4fe35452fc5d5f97b202bac7b8acceb18c6ad?s=96&d=mm&r=g\",\"url\":\"https:\/\/secure.gravatar.com\/avatar\/b720319e4c9a967eb58678d110f4fe35452fc5d5f97b202bac7b8acceb18c6ad?s=96&d=mm&r=g\",\"contentUrl\":\"https:\/\/secure.gravatar.com\/avatar\/b720319e4c9a967eb58678d110f4fe35452fc5d5f97b202bac7b8acceb18c6ad?s=96&d=mm&r=g\",\"caption\":\"Coordena\u00e7\u00e3o\"},\"sameAs\":[\"https:\/\/www.facebook.com\/EstrategiaConcursos\",\"https:\/\/x.com\/EstratConcursos\"],\"url\":\"https:\/\/www.estrategiaconcursos.com.br\/blog\/author\/estrategia2013\/\"}]}<\/script>\n<!-- \/ Yoast SEO Premium plugin. -->","yoast_head_json":{"title":"Concurso Matriz de Camaragibe Educa\u00e7\u00e3o: inscri\u00e7\u00f5es prorrogadas","description":"A prefeitura de Matriz de Camaragibe, publicou o edital com 254 vagas abertas na \u00e1rea de educa\u00e7\u00e3o, com iniciais de R$2 mil!","robots":{"index":"index","follow":"follow","max-snippet":"max-snippet:-1","max-image-preview":"max-image-preview:large","max-video-preview":"max-video-preview:-1"},"canonical":"https:\/\/www.estrategiaconcursos.com.br\/blog\/concurso-matriz-de-camaragibe-educacao\/","og_locale":"pt_BR","og_type":"article","og_title":"Concurso Matriz de Camaragibe Educa\u00e7\u00e3o: inscri\u00e7\u00f5es prorrogadas","og_description":"A prefeitura de Matriz de Camaragibe, publicou o edital com 254 vagas abertas na \u00e1rea de educa\u00e7\u00e3o, com iniciais de R$2 mil!","og_url":"https:\/\/www.estrategiaconcursos.com.br\/blog\/concurso-matriz-de-camaragibe-educacao\/","og_site_name":"Estrat\u00e9gia Concursos","article_author":"https:\/\/www.facebook.com\/EstrategiaConcursos","article_published_time":"2024-10-22T16:10:10+00:00","article_modified_time":"2024-10-22T16:11:13+00:00","og_image":[{"width":768,"height":432,"url":"https:\/\/dhg1h5j42swfq.cloudfront.net\/2024\/09\/02160052\/prefeitura-de-matriz-de-camaragibe.jpg","type":"image\/jpeg"}],"author":"Coordena\u00e7\u00e3o","twitter_card":"summary_large_image","twitter_creator":"@EstratConcursos","twitter_site":"@EstratConcursos","twitter_misc":{"Escrito por":"Coordena\u00e7\u00e3o","Est. tempo de leitura":"3 minutos"},"schema":{"@context":"https:\/\/schema.org","@graph":[{"@type":"NewsArticle","@id":"https:\/\/www.estrategiaconcursos.com.br\/blog\/concurso-matriz-de-camaragibe-educacao\/#article","isPartOf":{"@id":"https:\/\/www.estrategiaconcursos.com.br\/blog\/concurso-matriz-de-camaragibe-educacao\/"},"author":{"name":"Coordena\u00e7\u00e3o","@id":"https:\/\/www.estrategiaconcursos.com.br\/blog\/#\/schema\/person\/b4a388c97673c5f483d72185668afa1f"},"headline":"Concurso Matriz de Camaragibe Educa\u00e7\u00e3o: inscri\u00e7\u00f5es prorrogadas","datePublished":"2024-10-22T16:10:10+00:00","dateModified":"2024-10-22T16:11:13+00:00","mainEntityOfPage":{"@id":"https:\/\/www.estrategiaconcursos.com.br\/blog\/concurso-matriz-de-camaragibe-educacao\/"},"wordCount":611,"commentCount":0,"publisher":{"@id":"https:\/\/www.estrategiaconcursos.com.br\/blog\/#organization"},"image":{"@id":"https:\/\/www.estrategiaconcursos.com.br\/blog\/concurso-matriz-de-camaragibe-educacao\/#primaryimage"},"thumbnailUrl":"https:\/\/dhg1h5j42swfq.cloudfront.net\/2024\/09\/02160052\/prefeitura-de-matriz-de-camaragibe.jpg","keywords":["Concurso"],"articleSection":["Concursos P\u00fablicos","Educa\u00e7\u00e3o"],"inLanguage":"pt-BR","potentialAction":[{"@type":"CommentAction","name":"Comment","target":["https:\/\/www.estrategiaconcursos.com.br\/blog\/concurso-matriz-de-camaragibe-educacao\/#respond"]}],"copyrightYear":"2024","copyrightHolder":{"@id":"https:\/\/www.estrategiaconcursos.com.br\/blog\/#organization"}},{"@type":"WebPage","@id":"https:\/\/www.estrategiaconcursos.com.br\/blog\/concurso-matriz-de-camaragibe-educacao\/","url":"https:\/\/www.estrategiaconcursos.com.br\/blog\/concurso-matriz-de-camaragibe-educacao\/","name":"Concurso Matriz de Camaragibe Educa\u00e7\u00e3o: inscri\u00e7\u00f5es prorrogadas","isPartOf":{"@id":"https:\/\/www.estrategiaconcursos.com.br\/blog\/#website"},"primaryImageOfPage":{"@id":"https:\/\/www.estrategiaconcursos.com.br\/blog\/concurso-matriz-de-camaragibe-educacao\/#primaryimage"},"image":{"@id":"https:\/\/www.estrategiaconcursos.com.br\/blog\/concurso-matriz-de-camaragibe-educacao\/#primaryimage"},"thumbnailUrl":"https:\/\/dhg1h5j42swfq.cloudfront.net\/2024\/09\/02160052\/prefeitura-de-matriz-de-camaragibe.jpg","datePublished":"2024-10-22T16:10:10+00:00","dateModified":"2024-10-22T16:11:13+00:00","description":"A prefeitura de Matriz de Camaragibe, publicou o edital com 254 vagas abertas na \u00e1rea de educa\u00e7\u00e3o, com iniciais de R$2 mil!","breadcrumb":{"@id":"https:\/\/www.estrategiaconcursos.com.br\/blog\/concurso-matriz-de-camaragibe-educacao\/#breadcrumb"},"inLanguage":"pt-BR","potentialAction":[{"@type":"ReadAction","target":["https:\/\/www.estrategiaconcursos.com.br\/blog\/concurso-matriz-de-camaragibe-educacao\/"]}]},{"@type":"ImageObject","inLanguage":"pt-BR","@id":"https:\/\/www.estrategiaconcursos.com.br\/blog\/concurso-matriz-de-camaragibe-educacao\/#primaryimage","url":"https:\/\/dhg1h5j42swfq.cloudfront.net\/2024\/09\/02160052\/prefeitura-de-matriz-de-camaragibe.jpg","contentUrl":"https:\/\/dhg1h5j42swfq.cloudfront.net\/2024\/09\/02160052\/prefeitura-de-matriz-de-camaragibe.jpg","width":768,"height":432},{"@type":"BreadcrumbList","@id":"https:\/\/www.estrategiaconcursos.com.br\/blog\/concurso-matriz-de-camaragibe-educacao\/#breadcrumb","itemListElement":[{"@type":"ListItem","position":1,"name":"In\u00edcio","item":"https:\/\/www.estrategiaconcursos.com.br\/blog\/"},{"@type":"ListItem","position":2,"name":"Concurso Matriz de Camaragibe Educa\u00e7\u00e3o: inscri\u00e7\u00f5es prorrogadas"}]},{"@type":"WebSite","@id":"https:\/\/www.estrategiaconcursos.com.br\/blog\/#website","url":"https:\/\/www.estrategiaconcursos.com.br\/blog\/","name":"Estrat\u00e9gia Concursos","description":"O blog da Estrat\u00e9gia Concursos traz not\u00edcias sobre concursos e artigos de professores oferecendo cursos para concursos (pdf + videaulas) no site.","publisher":{"@id":"https:\/\/www.estrategiaconcursos.com.br\/blog\/#organization"},"potentialAction":[{"@type":"SearchAction","target":{"@type":"EntryPoint","urlTemplate":"https:\/\/www.estrategiaconcursos.com.br\/blog\/?s={search_term_string}"},"query-input":{"@type":"PropertyValueSpecification","valueRequired":true,"valueName":"search_term_string"}}],"inLanguage":"pt-BR"},{"@type":"Organization","@id":"https:\/\/www.estrategiaconcursos.com.br\/blog\/#organization","name":"Estrat\u00e9gia Concursos","url":"https:\/\/www.estrategiaconcursos.com.br\/blog\/","logo":{"@type":"ImageObject","inLanguage":"pt-BR","@id":"https:\/\/www.estrategiaconcursos.com.br\/blog\/#\/schema\/logo\/image\/","url":"https:\/\/dhg1h5j42swfq.cloudfront.net\/2025\/06\/03203428\/logo_concursos-1.jpg","contentUrl":"https:\/\/dhg1h5j42swfq.cloudfront.net\/2025\/06\/03203428\/logo_concursos-1.jpg","width":230,"height":60,"caption":"Estrat\u00e9gia Concursos"},"image":{"@id":"https:\/\/www.estrategiaconcursos.com.br\/blog\/#\/schema\/logo\/image\/"},"sameAs":["https:\/\/x.com\/EstratConcursos"]},{"@type":"Person","@id":"https:\/\/www.estrategiaconcursos.com.br\/blog\/#\/schema\/person\/b4a388c97673c5f483d72185668afa1f","name":"Coordena\u00e7\u00e3o","image":{"@type":"ImageObject","inLanguage":"pt-BR","@id":"https:\/\/secure.gravatar.com\/avatar\/b720319e4c9a967eb58678d110f4fe35452fc5d5f97b202bac7b8acceb18c6ad?s=96&d=mm&r=g","url":"https:\/\/secure.gravatar.com\/avatar\/b720319e4c9a967eb58678d110f4fe35452fc5d5f97b202bac7b8acceb18c6ad?s=96&d=mm&r=g","contentUrl":"https:\/\/secure.gravatar.com\/avatar\/b720319e4c9a967eb58678d110f4fe35452fc5d5f97b202bac7b8acceb18c6ad?s=96&d=mm&r=g","caption":"Coordena\u00e7\u00e3o"},"sameAs":["https:\/\/www.facebook.com\/EstrategiaConcursos","https:\/\/x.com\/EstratConcursos"],"url":"https:\/\/www.estrategiaconcursos.com.br\/blog\/author\/estrategia2013\/"}]}},"_links":{"self":[{"href":"https:\/\/www.estrategiaconcursos.com.br\/blog\/wp-json\/wp\/v2\/posts\/1454758","targetHints":{"allow":["GET"]}}],"collection":[{"href":"https:\/\/www.estrategiaconcursos.com.br\/blog\/wp-json\/wp\/v2\/posts"}],"about":[{"href":"https:\/\/www.estrategiaconcursos.com.br\/blog\/wp-json\/wp\/v2\/types\/post"}],"author":[{"embeddable":true,"href":"https:\/\/www.estrategiaconcursos.com.br\/blog\/wp-json\/wp\/v2\/users\/1"}],"replies":[{"embeddable":true,"href":"https:\/\/www.estrategiaconcursos.com.br\/blog\/wp-json\/wp\/v2\/comments?post=1454758"}],"version-history":[{"count":25,"href":"https:\/\/www.estrategiaconcursos.com.br\/blog\/wp-json\/wp\/v2\/posts\/1454758\/revisions"}],"predecessor-version":[{"id":1480112,"href":"https:\/\/www.estrategiaconcursos.com.br\/blog\/wp-json\/wp\/v2\/posts\/1454758\/revisions\/1480112"}],"wp:featuredmedia":[{"embeddable":true,"href":"https:\/\/www.estrategiaconcursos.com.br\/blog\/wp-json\/wp\/v2\/media\/1454963"}],"wp:attachment":[{"href":"https:\/\/www.estrategiaconcursos.com.br\/blog\/wp-json\/wp\/v2\/media?parent=1454758"}],"wp:term":[{"taxonomy":"category","embeddable":true,"href":"https:\/\/www.estrategiaconcursos.com.br\/blog\/wp-json\/wp\/v2\/categories?post=1454758"},{"taxonomy":"post_tag","embeddable":true,"href":"https:\/\/www.estrategiaconcursos.com.br\/blog\/wp-json\/wp\/v2\/tags?post=1454758"},{"taxonomy":"tax_estado","embeddable":true,"href":"https:\/\/www.estrategiaconcursos.com.br\/blog\/wp-json\/wp\/v2\/tax_estado?post=1454758"}],"curies":[{"name":"wp","href":"https:\/\/api.w.org\/{rel}","templated":true}]}}