{"id":1453309,"date":"2024-09-02T11:28:00","date_gmt":"2024-09-02T14:28:00","guid":{"rendered":"https:\/\/www.estrategiaconcursos.com.br\/blog\/?p=1453309"},"modified":"2024-08-29T21:11:10","modified_gmt":"2024-08-30T00:11:10","slug":"classificacao-qualitativa-despesa-sefaz-sp","status":"publish","type":"post","link":"https:\/\/www.estrategiaconcursos.com.br\/blog\/classificacao-qualitativa-despesa-sefaz-sp\/","title":{"rendered":"Classifica\u00e7\u00e3o Qualitativa da Despesa para SEFAZ-SP: AFO"},"content":{"rendered":"\n<p>Ol\u00e1, pessoal. Tudo certo? No artigo de hoje trataremos sobre a Classifica\u00e7\u00e3o Qualitativa da Despesa para SEFAZ-SP, tema da Administra\u00e7\u00e3o Financeira e Or\u00e7ament\u00e1ria (AFO).<\/p>\n\n\n\n<p>O artigo ser\u00e1 dividido da seguinte forma:<\/p>\n\n\n\n<ul class=\"wp-block-list\">\n<li>Despesa P\u00fablica<\/li>\n\n\n\n<li>Classifica\u00e7\u00e3o por Esfera<\/li>\n\n\n\n<li>Classifica\u00e7\u00e3o Institucional e Funcional<\/li>\n\n\n\n<li>Classifica\u00e7\u00e3o por Estrutura Program\u00e1tica<\/li>\n<\/ul>\n\n\n\n<p>Vamos l\u00e1?<\/p>\n\n\n\n<h2 class=\"wp-block-heading\">Despesa P\u00fablica<\/h2>\n\n\n\n<p>Iniciemos o resumo sobre a Classifica\u00e7\u00e3o Qualitativa da Despesa para SEFAZ-SP.<\/p>\n\n\n\n<p>A<mark style=\"background-color:rgba(0, 0, 0, 0)\" class=\"has-inline-color has-vivid-cyan-blue-color\"> <strong>Despesa P\u00fablica<\/strong><\/mark> pode ser definida como a <strong>aplica\u00e7\u00e3o de recursos financeiros<\/strong> do Estado para custear servi\u00e7os de interesse p\u00fablico ou para investir no desenvolvimento econ\u00f4mico. Trata-se do compromisso de utilizar recursos p\u00fablicos, autorizados por autoridade competente, com o objetivo de atender \u00e0s necessidades da coletividade, conforme previsto no or\u00e7amento.<\/p>\n\n\n\n<p>Em termos pr\u00e1ticos, o <strong>or\u00e7amento<\/strong> funciona como um instrumento de planejamento fundamental para qualquer entidade, seja p\u00fablica ou privada. Ele representa o <strong>fluxo de ingressos e a aplica\u00e7\u00e3o de recursos<\/strong> ao longo de um per\u00edodo espec\u00edfico.<\/p>\n\n\n\n<p>Nesse contexto, a<mark style=\"background-color:rgba(0, 0, 0, 0)\" class=\"has-inline-color has-vivid-green-cyan-color\"> <strong>despesa or\u00e7ament\u00e1ria<\/strong> <\/mark>\u00e9 o <strong>fluxo resultante da utiliza\u00e7\u00e3o de cr\u00e9ditos<\/strong> consignados no or\u00e7amento da entidade, podendo ou n\u00e3o impactar a situa\u00e7\u00e3o l\u00edquida patrimonial.<\/p>\n\n\n\n<p>Referente \u00e0 classifica\u00e7\u00e3o da despesa p\u00fablica, a estrutura da programa\u00e7\u00e3o or\u00e7ament\u00e1ria da despesa \u00e9 dividida em&nbsp;<strong>Programa\u00e7\u00e3o Qualitativa&nbsp;e&nbsp;Programa\u00e7\u00e3o Quantitativa<\/strong>.<\/p>\n\n\n\n<p>Como j\u00e1 foi antecipado, trataremos sobre as Classifica\u00e7\u00f5es Qualitativas<\/p>\n\n\n\n<p>A <strong><mark style=\"background-color:rgba(0, 0, 0, 0)\" class=\"has-inline-color has-vivid-green-cyan-color\">programa\u00e7\u00e3o qualitativa<\/mark><\/strong>, tamb\u00e9m conhecida como classifica\u00e7\u00e3o qualitativa, \u00e9 um processo dentro da gest\u00e3o or\u00e7ament\u00e1ria que envolve a <strong>cria\u00e7\u00e3o ou detalhamento de a\u00e7\u00f5es no or\u00e7amento p\u00fablico.<\/strong><\/p>\n\n\n\n<ul class=\"wp-block-list\">\n<li><strong><mark style=\"background-color:rgba(0, 0, 0, 0)\" class=\"has-inline-color has-vivid-purple-color\">Cria\u00e7\u00e3o de uma nova a\u00e7\u00e3o<\/mark><\/strong>: significa incluir uma nova atividade ou projeto no or\u00e7amento que antes n\u00e3o existia. Por exemplo, o governo pode decidir lan\u00e7ar um novo programa de assist\u00eancia social. Para isso, uma nova a\u00e7\u00e3o espec\u00edfica para esse programa deve ser criada no or\u00e7amento, permitindo que recursos sejam alocados para sua execu\u00e7\u00e3o.<\/li>\n<\/ul>\n\n\n\n<ul class=\"wp-block-list\">\n<li><strong><mark style=\"background-color:rgba(0, 0, 0, 0)\" class=\"has-inline-color has-vivid-purple-color\">Desdobramento de uma a\u00e7\u00e3o existente em um novo subt\u00edtulo ou plano or\u00e7ament\u00e1rio<\/mark><\/strong>: isso ocorre quando uma a\u00e7\u00e3o j\u00e1 existente no or\u00e7amento \u00e9 detalhada ou dividida em partes menores, permitindo uma gest\u00e3o mais precisa dos recursos. Por exemplo, se h\u00e1 uma a\u00e7\u00e3o no or\u00e7amento para a constru\u00e7\u00e3o de escolas, essa a\u00e7\u00e3o pode ser desdobrada em subt\u00edtulos que especificam a constru\u00e7\u00e3o em diferentes regi\u00f5es ou para diferentes tipos de escolas.<\/li>\n<\/ul>\n\n\n\n<h2 class=\"wp-block-heading\">Classifica\u00e7\u00e3o por Esfera<\/h2>\n\n\n\n<p>Continuemos no resumo sobre a Classifica\u00e7\u00e3o Qualitativa da Despesa para SEFAZ-SP com a Classifica\u00e7\u00e3o por Esfera.<\/p>\n\n\n\n<p>A<mark style=\"background-color:rgba(0, 0, 0, 0)\" class=\"has-inline-color has-vivid-cyan-blue-color\"> <strong>Classifica\u00e7\u00e3o por Esfera<\/strong><\/mark> tem por objetivo responder <strong><em>&#8220;Qual o or\u00e7amento da despesa?&#8221;<\/em><\/strong>, ou seja, identificar se o or\u00e7amento \u00e9 fiscal, da Seguridade Social ou de investimento das empresas estatais<\/p>\n\n\n\n<ul class=\"wp-block-list\">\n<li><strong>C\u00f3digo 10 &#8211; <mark style=\"background-color:rgba(0, 0, 0, 0)\" class=\"has-inline-color has-vivid-green-cyan-color\">Or\u00e7amento Fiscal<\/mark><\/strong><\/li>\n<\/ul>\n\n\n\n<p>Refere-se \u00e0s despesas relacionadas ao or\u00e7amento fiscal do Ente. Engloba a maior parte das atividades governamentais, exceto aquelas que s\u00e3o exclusivas das esferas da seguridade social e das empresas estatais.<\/p>\n\n\n\n<p>Exemplo: Despesas com educa\u00e7\u00e3o, sa\u00fade (fora da seguridade social), seguran\u00e7a p\u00fablica, e administra\u00e7\u00e3o p\u00fablica.<\/p>\n\n\n\n<ul class=\"wp-block-list\">\n<li><strong>C\u00f3digo 20 &#8211; <mark style=\"background-color:rgba(0, 0, 0, 0)\" class=\"has-inline-color has-vivid-green-cyan-color\">Or\u00e7amento da Seguridade Social<\/mark><\/strong><\/li>\n<\/ul>\n\n\n\n<p>Destinada \u00e0s despesas que financiam a seguridade social, que abrange a previd\u00eancia social, a sa\u00fade e a assist\u00eancia social.<\/p>\n\n\n\n<p>Exemplo: Pagamento de aposentadorias e pens\u00f5es pelo INSS, despesas com o Sistema \u00danico de Sa\u00fade (SUS), e programas de assist\u00eancia social.<\/p>\n\n\n\n<ul class=\"wp-block-list\">\n<li><strong>C\u00f3digo 30 &#8211; <mark style=\"background-color:rgba(0, 0, 0, 0)\" class=\"has-inline-color has-vivid-green-cyan-color\">Or\u00e7amento de Investimento das Estatais<\/mark><\/strong><\/li>\n<\/ul>\n\n\n\n<p>Inclui as despesas realizadas por empresas estatais que fazem parte do or\u00e7amento p\u00fablico, mas que possuem autonomia financeira.<\/p>\n\n\n\n<p>Exemplo: Investimentos feitos por empresas estatais como a Petrobras e Eletrobras, que est\u00e3o relacionados \u00e0 manuten\u00e7\u00e3o e expans\u00e3o de suas atividades.<\/p>\n\n\n\n<h2 class=\"wp-block-heading\">Classifica\u00e7\u00e3o Institucional e Funcional<\/h2>\n\n\n\n<p>Prosseguindo no resumo sobre a Classifica\u00e7\u00e3o Qualitativa da Despesa para SEFAZ-SP, agora veremos a Classifica\u00e7\u00e3o Institucional.<\/p>\n\n\n\n<p>A <strong><mark style=\"background-color:rgba(0, 0, 0, 0)\" class=\"has-inline-color has-vivid-cyan-blue-color\">Classifica\u00e7\u00e3o Institucional<\/mark><\/strong> busca responder <strong>&#8220;Quem \u00e9 o respons\u00e1vel pela despesa?&#8221;, <\/strong>ou seja, reflete a estrutura organizacional de aloca\u00e7\u00e3o dos cr\u00e9ditos or\u00e7ament\u00e1rios e est\u00e1 estruturada em dois n\u00edveis hier\u00e1rquicos: \u00f3rg\u00e3o or\u00e7ament\u00e1rio e unidade or\u00e7ament\u00e1ria<\/p>\n\n\n\n<ul class=\"wp-block-list\">\n<li><strong><mark style=\"background-color:rgba(0, 0, 0, 0)\" class=\"has-inline-color has-vivid-green-cyan-color\">\u00d3rg\u00e3o or\u00e7ament\u00e1rio<\/mark><\/strong>: \u00e9 a inst\u00e2ncia mais elevada dentro da classifica\u00e7\u00e3o institucional do or\u00e7amento. Ele corresponde a um <strong>conjunto de unidades or\u00e7ament\u00e1rias<\/strong> e \u00e9 geralmente vinculado a um minist\u00e9rio, secretaria ou outra entidade de administra\u00e7\u00e3o direta ou indireta do governo.<\/li>\n\n\n\n<li><strong><mark style=\"background-color:rgba(0, 0, 0, 0)\" class=\"has-inline-color has-vivid-green-cyan-color\">Unidade or\u00e7ament\u00e1ria<\/mark><\/strong>: \u00e9 uma subdivis\u00e3o dentro da classifica\u00e7\u00e3o institucional. Ela \u00e9 <strong>respons\u00e1vel pela execu\u00e7\u00e3o das a\u00e7\u00f5es<\/strong> or\u00e7ament\u00e1rias, ou seja, pela aplica\u00e7\u00e3o efetiva dos recursos p\u00fablicos dentro das diretrizes estabelecidas pelo \u00f3rg\u00e3o or\u00e7ament\u00e1rio.<\/li>\n<\/ul>\n\n\n\n<figure class=\"wp-block-image aligncenter size-full\"><img loading=\"lazy\" decoding=\"async\" width=\"466\" height=\"125\" src=\"https:\/\/dhg1h5j42swfq.cloudfront.net\/2024\/08\/29182410\/image-638.png\" alt=\"Classifica\u00e7\u00e3o Qualitativa da Despesa para SEFAZ-SP: AFO\" class=\"wp-image-1453310\" srcset=\"https:\/\/dhg1h5j42swfq.cloudfront.net\/2024\/08\/29182410\/image-638.png 466w, https:\/\/dhg1h5j42swfq.cloudfront.net\/2024\/08\/29182410\/image-638-300x80.png 300w, https:\/\/dhg1h5j42swfq.cloudfront.net\/2024\/08\/29182410\/image-638-150x40.png 150w\" sizes=\"auto, (max-width: 466px) 100vw, 466px\" \/><\/figure>\n\n\n\n<p>J\u00e1 a <mark style=\"background-color:rgba(0, 0, 0, 0)\" class=\"has-inline-color has-vivid-cyan-blue-color\"><strong>Classifica\u00e7\u00e3o Funcional<\/strong> <\/mark>tem por objetivo responder &#8220;<strong>Em que \u00e1reas de despesa a a\u00e7\u00e3o governamental ser\u00e1 realizada?&#8221;. <\/strong>Tem aplica\u00e7\u00e3o comum e obrigat\u00f3ria, no \u00e2mbito da Uni\u00e3o, dos Estados, do Distrito Federal e dos Munic\u00edpios e por ser de aplica\u00e7\u00e3o comum, <strong>possibilita a consolida\u00e7\u00e3o nacional dos gastos do setor p\u00fablico;<\/strong><\/p>\n\n\n\n<p>A&nbsp;classifica\u00e7\u00e3o funcional&nbsp;\u00e9 representada por&nbsp;cinco d\u00edgitos,&nbsp;sendo os&nbsp;dois primeiros relativos \u00e0s fun\u00e7\u00f5es&nbsp;e os&nbsp;tr\u00eas \u00faltimos \u00e0s subfun\u00e7\u00f5es. E o que s\u00e3o fun\u00e7\u00f5es e subfun\u00e7\u00f5es? Vejamos,<\/p>\n\n\n\n<ul class=\"wp-block-list\">\n<li><strong><mark style=\"background-color:rgba(0, 0, 0, 0)\" class=\"has-inline-color has-vivid-green-cyan-color\">Fun\u00e7\u00e3o<\/mark><\/strong>: maior n\u00edvel de agrega\u00e7\u00e3o das diversas \u00e1reas de atua\u00e7\u00e3o do setor p\u00fablico<\/li>\n\n\n\n<li><strong><mark style=\"background-color:rgba(0, 0, 0, 0)\" class=\"has-inline-color has-vivid-green-cyan-color\">Subfun\u00e7\u00e3o<\/mark><\/strong>: ela especifica de maneira mais detalhada os objetivos das despesas, permitindo uma an\u00e1lise mais precisa do destino dos recursos.<\/li>\n<\/ul>\n\n\n\n<p>Exemplo: Dentro da fun\u00e7\u00e3o &#8220;Educa\u00e7\u00e3o&#8221; (12), uma subfun\u00e7\u00e3o pode ser &#8220;Ensino Fundamental&#8221; (c\u00f3digo 361)<\/p>\n\n\n\n<p>Atente-se que as <strong>fun\u00e7\u00f5es e subfun\u00e7\u00f5es podem ser combinadas matricialmente<\/strong> de qualquer forma, exceto as fun\u00e7\u00f5es de encargos especiais e suas subfun\u00e7\u00f5es t\u00edpicas.<\/p>\n\n\n\n<p>Por fim, cuidado para n\u00e3o confundir as classifica\u00e7\u00f5es.<\/p>\n\n\n\n<ul class=\"wp-block-list\">\n<li><strong><mark style=\"background-color:rgba(0, 0, 0, 0)\" class=\"has-inline-color has-vivid-red-color\">I<\/mark><\/strong>nstitucional: Quem gasta\/quem \u00e9 o respons\u00e1vel (<strong><mark style=\"background-color:rgba(0, 0, 0, 0)\" class=\"has-inline-color has-vivid-red-color\">I<\/mark><\/strong>n\u00edcio)<\/li>\n\n\n\n<li><strong><mark style=\"background-color:rgba(0, 0, 0, 0)\" class=\"has-inline-color has-vivid-red-color\">F<\/mark><\/strong>un\u00e7\u00e3o: Onde ser\u00e1 gasto (<strong><mark style=\"background-color:rgba(0, 0, 0, 0)\" class=\"has-inline-color has-vivid-red-color\">F<\/mark><\/strong>inalidade)<\/li>\n<\/ul>\n\n\n\n<h2 class=\"wp-block-heading\">Classifica\u00e7\u00e3o por Estrutura Program\u00e1tica&nbsp;<\/h2>\n\n\n\n<p>Para finalizar o resumo sobre a Classifica\u00e7\u00e3o Qualitativa da Despesa para SEFAZ-SP, adentremos na Classifica\u00e7\u00e3o por Estrutura Program\u00e1tica.<\/p>\n\n\n\n<p>A <strong><mark style=\"background-color:rgba(0, 0, 0, 0)\" class=\"has-inline-color has-vivid-cyan-blue-color\">Classifica\u00e7\u00e3o por Estrutura Program\u00e1tica <\/mark><\/strong>demonstra as\u00a0<strong>realiza\u00e7\u00f5es\u00a0<\/strong>do ente p\u00fablico e a sua efetividade; ou seja, &#8220;<strong>O que se pretende alcan\u00e7ar com a implementa\u00e7\u00e3o?&#8221;<\/strong><\/p>\n\n\n\n<p>Lembre-se o seguinte, o or\u00e7amento est\u00e1 organizado em programas, a partir dos quais s\u00e3o relacionadas \u00e0s a\u00e7\u00f5es sob a forma de <strong>atividades, projetos ou opera\u00e7\u00f5es especiais<\/strong>,\u00a0especificando as respectivas metas.<\/p>\n\n\n\n<p>E a<strong> cada projeto ou atividade s\u00f3 poder\u00e1 estar associado um produto<\/strong>, que, quantificado por sua unidade de medida, dar\u00e1 origem \u00e0 meta.<\/p>\n\n\n\n<p>Vamos definir atividades, projetos ou opera\u00e7\u00f5es especiais<\/p>\n\n\n\n<ul class=\"wp-block-list\">\n<li><strong><mark style=\"background-color:rgba(0, 0, 0, 0)\" class=\"has-inline-color has-vivid-green-cyan-color\">Atividades<\/mark><\/strong>: modo\u00a0<strong>cont\u00ednuo e permanente<\/strong>, mant\u00e9m n\u00edvel de produ\u00e7\u00e3o;<\/li>\n\n\n\n<li><strong><mark style=\"background-color:rgba(0, 0, 0, 0)\" class=\"has-inline-color has-vivid-green-cyan-color\">Projetos<\/mark><\/strong>:\u00a0<strong>limitado no tempo<\/strong>, expans\u00e3o do n\u00edvel de produ\u00e7\u00e3o;<\/li>\n<\/ul>\n\n\n\n<p>Ressalta-se que&nbsp;n\u00e3o \u00e9 permitida a exist\u00eancia de um mesmo projeto em mais de uma esfera or\u00e7ament\u00e1ria ou em programas diferentes, ou seja,&nbsp;o projeto deve constar de uma \u00fanica esfera or\u00e7ament\u00e1ria, sob um \u00fanico programa.<\/p>\n\n\n\n<ul class=\"wp-block-list\">\n<li><strong><mark style=\"background-color:rgba(0, 0, 0, 0)\" class=\"has-inline-color has-vivid-green-cyan-color\">Opera\u00e7\u00f5es Especiais<\/mark><\/strong>:\u00a0n\u00e3o resulta um produto e n\u00e3o gera contrapresta\u00e7\u00e3o direta.<\/li>\n<\/ul>\n\n\n\n<p>&nbsp;Outras duas informa\u00e7\u00f5es s\u00e3o importantes saber<\/p>\n\n\n\n<ul class=\"wp-block-list\">\n<li><strong><mark style=\"background-color:rgba(0, 0, 0, 0)\" class=\"has-inline-color has-vivid-purple-color\">Subt\u00edtulo<\/mark><\/strong>: \u00c9 a localiza\u00e7\u00e3o f\u00edsica da a\u00e7\u00e3o e representa o\u00a0<strong>menor n\u00edvel<\/strong>\u00a0de categoria de programa\u00e7\u00e3o.\u00a0<\/li>\n\n\n\n<li><strong><mark style=\"background-color:rgba(0, 0, 0, 0)\" class=\"has-inline-color has-vivid-purple-color\">Plano or\u00e7ament\u00e1rio<\/mark><\/strong>:\u00a0n\u00edvel mais detalhado\u00a0que o subt\u00edtulo\/localizador de gasto, trata-se de uma identifica\u00e7\u00e3o gerencial.<\/li>\n<\/ul>\n\n\n\n<p>Agora, vejamos um exemplo completo de uma programa\u00e7\u00e3o qualitativa do or\u00e7amento.<\/p>\n\n\n\n<figure class=\"wp-block-image size-full\"><img loading=\"lazy\" decoding=\"async\" width=\"886\" height=\"429\" src=\"https:\/\/dhg1h5j42swfq.cloudfront.net\/2024\/08\/29182421\/image-639.png\" alt=\"Classifica\u00e7\u00e3o Qualitativa da Despesa para SEFAZ-SP: AFO\" class=\"wp-image-1453311\" srcset=\"https:\/\/dhg1h5j42swfq.cloudfront.net\/2024\/08\/29182421\/image-639.png 886w, https:\/\/dhg1h5j42swfq.cloudfront.net\/2024\/08\/29182421\/image-639-300x145.png 300w, https:\/\/dhg1h5j42swfq.cloudfront.net\/2024\/08\/29182421\/image-639-768x372.png 768w, https:\/\/dhg1h5j42swfq.cloudfront.net\/2024\/08\/29182421\/image-639-610x295.png 610w, https:\/\/dhg1h5j42swfq.cloudfront.net\/2024\/08\/29182421\/image-639-150x73.png 150w\" sizes=\"auto, (max-width: 886px) 100vw, 886px\" \/><\/figure>\n\n\n\n<h2 class=\"wp-block-heading\">Considera\u00e7\u00f5es Finais<\/h2>\n\n\n\n<p>Pessoal, chegamos ao final do resumo sobre a Classifica\u00e7\u00e3o Qualitativa da Despesa para SEFAZ-SP, espero que o artigo tenha colaborado com seus estudos.<\/p>\n\n\n\n<p>Trata-se de um tema que exige aprofundamento necess\u00e1rio e realiza\u00e7\u00e3o de quest\u00f5es, assim n\u00e3o deixe de estudar o assunto na \u00edntegra por nossas aulas, al\u00e9m de treinar por meio de quest\u00f5es de concurso em nosso <a href=\"https:\/\/www.estrategiaconcursos.com.br\/cursosPorConcurso\/sistema-de-questoes\/\">sistema de quest\u00f5es<\/a>.<\/p>\n\n\n\n<p>Gostou do artigo? Siga-nos<\/p>\n\n\n\n<p><a href=\"https:\/\/www.instagram.com\/resumospassarin\">https:\/\/www.instagram.com\/resumospassarin<\/a><\/p>\n\n\n\n<h2 class=\"wp-block-heading has-text-align-center\" id=\"cursos-assinatura\">Cursos e Assinaturas<\/h2>\n\n\n\n<p>Prepare-se com o melhor material e com quem mais aprova em Concursos P\u00fablicos em todo o pa\u00eds!<\/p>\n\n\n\n<p class=\"has-text-align-center has-vivid-cyan-blue-color has-text-color has-background\" style=\"background-color:#0078bd\"><a href=\"https:\/\/www.estrategiaconcursos.com.br\/blog\/concursos-abertos\/\" target=\"_blank\" rel=\"noreferrer noopener\"><strong><mark style=\"background-color:rgba(0, 0, 0, 0)\" class=\"has-inline-color has-white-color\">Concursos Abertos<\/mark><\/strong><\/a><\/p>\n\n\n\n<p class=\"has-text-align-center has-vivid-cyan-blue-color has-text-color has-background\" style=\"background-color:#0078bd\"><a href=\"https:\/\/www.estrategiaconcursos.com.br\/blog\/concursos-2024\/\" target=\"_blank\" rel=\"noreferrer noopener\"><strong><mark style=\"background-color:rgba(0, 0, 0, 0)\" class=\"has-inline-color has-white-color\">Concursos 2024<\/mark><\/strong><\/a><\/p>\n","protected":false},"excerpt":{"rendered":"<p>Ol\u00e1, pessoal. Tudo certo? No artigo de hoje trataremos sobre a Classifica\u00e7\u00e3o Qualitativa da Despesa para SEFAZ-SP, tema da Administra\u00e7\u00e3o Financeira e Or\u00e7ament\u00e1ria (AFO). O artigo ser\u00e1 dividido da seguinte forma: Vamos l\u00e1? Despesa P\u00fablica Iniciemos o resumo sobre a Classifica\u00e7\u00e3o Qualitativa da Despesa para SEFAZ-SP. A Despesa P\u00fablica pode ser definida como a aplica\u00e7\u00e3o [&hellip;]<\/p>\n","protected":false},"author":1763,"featured_media":1398611,"comment_status":"open","ping_status":"closed","sticky":false,"template":"","format":"standard","meta":{"post_tipo":"article","footnotes":""},"categories":[1983],"tags":[],"tax_estado":[219963,219989],"class_list":["post-1453309","post","type-post","status-publish","format-standard","has-post-thumbnail","hentry","category-fiscal-estadual","tax_estado-concursos-federais","tax_estado-sp"],"acf":[],"yoast_head":"<!-- This site is optimized with the Yoast SEO Premium plugin v27.2 (Yoast SEO v27.2) - https:\/\/yoast.com\/product\/yoast-seo-premium-wordpress\/ -->\n<title>Classifica\u00e7\u00e3o Qualitativa da Despesa para SEFAZ-SP: AFO<\/title>\n<meta name=\"description\" content=\"Saiba tudo sobre a Classifica\u00e7\u00e3o Qualitativa da Despesa para SEFAZ-SP, tema da Administra\u00e7\u00e3o Financeira e Or\u00e7ament\u00e1ria (AFO).\" \/>\n<meta name=\"robots\" content=\"index, follow, max-snippet:-1, max-image-preview:large, max-video-preview:-1\" \/>\n<link rel=\"canonical\" href=\"https:\/\/www.estrategiaconcursos.com.br\/blog\/classificacao-qualitativa-despesa-sefaz-sp\/\" \/>\n<meta property=\"og:locale\" content=\"pt_BR\" \/>\n<meta property=\"og:type\" content=\"article\" \/>\n<meta property=\"og:title\" content=\"Classifica\u00e7\u00e3o Qualitativa da Despesa para SEFAZ-SP: AFO\" \/>\n<meta property=\"og:description\" content=\"Saiba tudo sobre a Classifica\u00e7\u00e3o Qualitativa da Despesa para SEFAZ-SP, tema da Administra\u00e7\u00e3o Financeira e Or\u00e7ament\u00e1ria (AFO).\" \/>\n<meta property=\"og:url\" content=\"https:\/\/www.estrategiaconcursos.com.br\/blog\/classificacao-qualitativa-despesa-sefaz-sp\/\" \/>\n<meta property=\"og:site_name\" content=\"Estrat\u00e9gia Concursos\" \/>\n<meta property=\"article:published_time\" content=\"2024-09-02T14:28:00+00:00\" \/>\n<meta property=\"og:image\" content=\"https:\/\/dhg1h5j42swfq.cloudfront.net\/2024\/05\/14072025\/image-267.png\" \/>\n\t<meta property=\"og:image:width\" content=\"380\" \/>\n\t<meta property=\"og:image:height\" content=\"253\" \/>\n\t<meta property=\"og:image:type\" content=\"image\/png\" \/>\n<meta name=\"author\" content=\"Leonardo Menezes Passarin\" \/>\n<meta name=\"twitter:card\" content=\"summary_large_image\" \/>\n<meta name=\"twitter:creator\" content=\"@EstratConcursos\" \/>\n<meta name=\"twitter:site\" content=\"@EstratConcursos\" \/>\n<meta name=\"twitter:label1\" content=\"Escrito por\" \/>\n\t<meta name=\"twitter:data1\" content=\"Leonardo Menezes Passarin\" \/>\n\t<meta name=\"twitter:label2\" content=\"Est. tempo de leitura\" \/>\n\t<meta name=\"twitter:data2\" content=\"7 minutos\" \/>\n<script type=\"application\/ld+json\" class=\"yoast-schema-graph\">{\"@context\":\"https:\/\/schema.org\",\"@graph\":[{\"@type\":\"NewsArticle\",\"@id\":\"https:\/\/www.estrategiaconcursos.com.br\/blog\/classificacao-qualitativa-despesa-sefaz-sp\/#article\",\"isPartOf\":{\"@id\":\"https:\/\/www.estrategiaconcursos.com.br\/blog\/classificacao-qualitativa-despesa-sefaz-sp\/\"},\"author\":{\"name\":\"Leonardo Menezes Passarin\",\"@id\":\"https:\/\/www.estrategiaconcursos.com.br\/blog\/#\/schema\/person\/245b44e43eb13f0dbd04a7a078cd0d0d\"},\"headline\":\"Classifica\u00e7\u00e3o Qualitativa da Despesa para SEFAZ-SP: AFO\",\"datePublished\":\"2024-09-02T14:28:00+00:00\",\"mainEntityOfPage\":{\"@id\":\"https:\/\/www.estrategiaconcursos.com.br\/blog\/classificacao-qualitativa-despesa-sefaz-sp\/\"},\"wordCount\":1397,\"commentCount\":0,\"publisher\":{\"@id\":\"https:\/\/www.estrategiaconcursos.com.br\/blog\/#organization\"},\"image\":{\"@id\":\"https:\/\/www.estrategiaconcursos.com.br\/blog\/classificacao-qualitativa-despesa-sefaz-sp\/#primaryimage\"},\"thumbnailUrl\":\"https:\/\/dhg1h5j42swfq.cloudfront.net\/2024\/05\/14072025\/image-267.png\",\"articleSection\":[\"Fiscal - Estadual (ICMS)\"],\"inLanguage\":\"pt-BR\",\"potentialAction\":[{\"@type\":\"CommentAction\",\"name\":\"Comment\",\"target\":[\"https:\/\/www.estrategiaconcursos.com.br\/blog\/classificacao-qualitativa-despesa-sefaz-sp\/#respond\"]}],\"copyrightYear\":\"2024\",\"copyrightHolder\":{\"@id\":\"https:\/\/www.estrategiaconcursos.com.br\/blog\/#organization\"}},{\"@type\":\"WebPage\",\"@id\":\"https:\/\/www.estrategiaconcursos.com.br\/blog\/classificacao-qualitativa-despesa-sefaz-sp\/\",\"url\":\"https:\/\/www.estrategiaconcursos.com.br\/blog\/classificacao-qualitativa-despesa-sefaz-sp\/\",\"name\":\"Classifica\u00e7\u00e3o Qualitativa da Despesa para SEFAZ-SP: AFO\",\"isPartOf\":{\"@id\":\"https:\/\/www.estrategiaconcursos.com.br\/blog\/#website\"},\"primaryImageOfPage\":{\"@id\":\"https:\/\/www.estrategiaconcursos.com.br\/blog\/classificacao-qualitativa-despesa-sefaz-sp\/#primaryimage\"},\"image\":{\"@id\":\"https:\/\/www.estrategiaconcursos.com.br\/blog\/classificacao-qualitativa-despesa-sefaz-sp\/#primaryimage\"},\"thumbnailUrl\":\"https:\/\/dhg1h5j42swfq.cloudfront.net\/2024\/05\/14072025\/image-267.png\",\"datePublished\":\"2024-09-02T14:28:00+00:00\",\"description\":\"Saiba tudo sobre a Classifica\u00e7\u00e3o Qualitativa da Despesa para SEFAZ-SP, tema da Administra\u00e7\u00e3o Financeira e Or\u00e7ament\u00e1ria (AFO).\",\"breadcrumb\":{\"@id\":\"https:\/\/www.estrategiaconcursos.com.br\/blog\/classificacao-qualitativa-despesa-sefaz-sp\/#breadcrumb\"},\"inLanguage\":\"pt-BR\",\"potentialAction\":[{\"@type\":\"ReadAction\",\"target\":[\"https:\/\/www.estrategiaconcursos.com.br\/blog\/classificacao-qualitativa-despesa-sefaz-sp\/\"]}]},{\"@type\":\"ImageObject\",\"inLanguage\":\"pt-BR\",\"@id\":\"https:\/\/www.estrategiaconcursos.com.br\/blog\/classificacao-qualitativa-despesa-sefaz-sp\/#primaryimage\",\"url\":\"https:\/\/dhg1h5j42swfq.cloudfront.net\/2024\/05\/14072025\/image-267.png\",\"contentUrl\":\"https:\/\/dhg1h5j42swfq.cloudfront.net\/2024\/05\/14072025\/image-267.png\",\"width\":380,\"height\":253,\"caption\":\"Medidas para o cumprimento dos limites de despesa com pessoal na LRF\"},{\"@type\":\"BreadcrumbList\",\"@id\":\"https:\/\/www.estrategiaconcursos.com.br\/blog\/classificacao-qualitativa-despesa-sefaz-sp\/#breadcrumb\",\"itemListElement\":[{\"@type\":\"ListItem\",\"position\":1,\"name\":\"In\u00edcio\",\"item\":\"https:\/\/www.estrategiaconcursos.com.br\/blog\/\"},{\"@type\":\"ListItem\",\"position\":2,\"name\":\"Classifica\u00e7\u00e3o Qualitativa da Despesa para SEFAZ-SP: AFO\"}]},{\"@type\":\"WebSite\",\"@id\":\"https:\/\/www.estrategiaconcursos.com.br\/blog\/#website\",\"url\":\"https:\/\/www.estrategiaconcursos.com.br\/blog\/\",\"name\":\"Estrat\u00e9gia Concursos\",\"description\":\"O blog da Estrat\u00e9gia Concursos traz not\u00edcias sobre concursos e artigos de professores oferecendo cursos para concursos (pdf + videaulas) no site.\",\"publisher\":{\"@id\":\"https:\/\/www.estrategiaconcursos.com.br\/blog\/#organization\"},\"potentialAction\":[{\"@type\":\"SearchAction\",\"target\":{\"@type\":\"EntryPoint\",\"urlTemplate\":\"https:\/\/www.estrategiaconcursos.com.br\/blog\/?s={search_term_string}\"},\"query-input\":{\"@type\":\"PropertyValueSpecification\",\"valueRequired\":true,\"valueName\":\"search_term_string\"}}],\"inLanguage\":\"pt-BR\"},{\"@type\":\"Organization\",\"@id\":\"https:\/\/www.estrategiaconcursos.com.br\/blog\/#organization\",\"name\":\"Estrat\u00e9gia Concursos\",\"url\":\"https:\/\/www.estrategiaconcursos.com.br\/blog\/\",\"logo\":{\"@type\":\"ImageObject\",\"inLanguage\":\"pt-BR\",\"@id\":\"https:\/\/www.estrategiaconcursos.com.br\/blog\/#\/schema\/logo\/image\/\",\"url\":\"https:\/\/dhg1h5j42swfq.cloudfront.net\/2025\/06\/03203428\/logo_concursos-1.jpg\",\"contentUrl\":\"https:\/\/dhg1h5j42swfq.cloudfront.net\/2025\/06\/03203428\/logo_concursos-1.jpg\",\"width\":230,\"height\":60,\"caption\":\"Estrat\u00e9gia Concursos\"},\"image\":{\"@id\":\"https:\/\/www.estrategiaconcursos.com.br\/blog\/#\/schema\/logo\/image\/\"},\"sameAs\":[\"https:\/\/x.com\/EstratConcursos\"]},{\"@type\":\"Person\",\"@id\":\"https:\/\/www.estrategiaconcursos.com.br\/blog\/#\/schema\/person\/245b44e43eb13f0dbd04a7a078cd0d0d\",\"name\":\"Leonardo Menezes Passarin\",\"image\":{\"@type\":\"ImageObject\",\"inLanguage\":\"pt-BR\",\"@id\":\"https:\/\/secure.gravatar.com\/avatar\/fc0e5714ceaa97f24e6e6a30eab74ba8a701c2b62f8cab100ffdb22c6d8f42c3?s=96&d=mm&r=g\",\"url\":\"https:\/\/secure.gravatar.com\/avatar\/fc0e5714ceaa97f24e6e6a30eab74ba8a701c2b62f8cab100ffdb22c6d8f42c3?s=96&d=mm&r=g\",\"contentUrl\":\"https:\/\/secure.gravatar.com\/avatar\/fc0e5714ceaa97f24e6e6a30eab74ba8a701c2b62f8cab100ffdb22c6d8f42c3?s=96&d=mm&r=g\",\"caption\":\"Leonardo Menezes Passarin\"},\"url\":\"https:\/\/www.estrategiaconcursos.com.br\/blog\/author\/passarin-leonardohotmail-com\/\"}]}<\/script>\n<!-- \/ Yoast SEO Premium plugin. -->","yoast_head_json":{"title":"Classifica\u00e7\u00e3o Qualitativa da Despesa para SEFAZ-SP: AFO","description":"Saiba tudo sobre a Classifica\u00e7\u00e3o Qualitativa da Despesa para SEFAZ-SP, tema da Administra\u00e7\u00e3o Financeira e Or\u00e7ament\u00e1ria (AFO).","robots":{"index":"index","follow":"follow","max-snippet":"max-snippet:-1","max-image-preview":"max-image-preview:large","max-video-preview":"max-video-preview:-1"},"canonical":"https:\/\/www.estrategiaconcursos.com.br\/blog\/classificacao-qualitativa-despesa-sefaz-sp\/","og_locale":"pt_BR","og_type":"article","og_title":"Classifica\u00e7\u00e3o Qualitativa da Despesa para SEFAZ-SP: AFO","og_description":"Saiba tudo sobre a Classifica\u00e7\u00e3o Qualitativa da Despesa para SEFAZ-SP, tema da Administra\u00e7\u00e3o Financeira e Or\u00e7ament\u00e1ria (AFO).","og_url":"https:\/\/www.estrategiaconcursos.com.br\/blog\/classificacao-qualitativa-despesa-sefaz-sp\/","og_site_name":"Estrat\u00e9gia Concursos","article_published_time":"2024-09-02T14:28:00+00:00","og_image":[{"width":380,"height":253,"url":"https:\/\/dhg1h5j42swfq.cloudfront.net\/2024\/05\/14072025\/image-267.png","type":"image\/png"}],"author":"Leonardo Menezes Passarin","twitter_card":"summary_large_image","twitter_creator":"@EstratConcursos","twitter_site":"@EstratConcursos","twitter_misc":{"Escrito por":"Leonardo Menezes Passarin","Est. tempo de leitura":"7 minutos"},"schema":{"@context":"https:\/\/schema.org","@graph":[{"@type":"NewsArticle","@id":"https:\/\/www.estrategiaconcursos.com.br\/blog\/classificacao-qualitativa-despesa-sefaz-sp\/#article","isPartOf":{"@id":"https:\/\/www.estrategiaconcursos.com.br\/blog\/classificacao-qualitativa-despesa-sefaz-sp\/"},"author":{"name":"Leonardo Menezes Passarin","@id":"https:\/\/www.estrategiaconcursos.com.br\/blog\/#\/schema\/person\/245b44e43eb13f0dbd04a7a078cd0d0d"},"headline":"Classifica\u00e7\u00e3o Qualitativa da Despesa para SEFAZ-SP: AFO","datePublished":"2024-09-02T14:28:00+00:00","mainEntityOfPage":{"@id":"https:\/\/www.estrategiaconcursos.com.br\/blog\/classificacao-qualitativa-despesa-sefaz-sp\/"},"wordCount":1397,"commentCount":0,"publisher":{"@id":"https:\/\/www.estrategiaconcursos.com.br\/blog\/#organization"},"image":{"@id":"https:\/\/www.estrategiaconcursos.com.br\/blog\/classificacao-qualitativa-despesa-sefaz-sp\/#primaryimage"},"thumbnailUrl":"https:\/\/dhg1h5j42swfq.cloudfront.net\/2024\/05\/14072025\/image-267.png","articleSection":["Fiscal - Estadual (ICMS)"],"inLanguage":"pt-BR","potentialAction":[{"@type":"CommentAction","name":"Comment","target":["https:\/\/www.estrategiaconcursos.com.br\/blog\/classificacao-qualitativa-despesa-sefaz-sp\/#respond"]}],"copyrightYear":"2024","copyrightHolder":{"@id":"https:\/\/www.estrategiaconcursos.com.br\/blog\/#organization"}},{"@type":"WebPage","@id":"https:\/\/www.estrategiaconcursos.com.br\/blog\/classificacao-qualitativa-despesa-sefaz-sp\/","url":"https:\/\/www.estrategiaconcursos.com.br\/blog\/classificacao-qualitativa-despesa-sefaz-sp\/","name":"Classifica\u00e7\u00e3o Qualitativa da Despesa para SEFAZ-SP: AFO","isPartOf":{"@id":"https:\/\/www.estrategiaconcursos.com.br\/blog\/#website"},"primaryImageOfPage":{"@id":"https:\/\/www.estrategiaconcursos.com.br\/blog\/classificacao-qualitativa-despesa-sefaz-sp\/#primaryimage"},"image":{"@id":"https:\/\/www.estrategiaconcursos.com.br\/blog\/classificacao-qualitativa-despesa-sefaz-sp\/#primaryimage"},"thumbnailUrl":"https:\/\/dhg1h5j42swfq.cloudfront.net\/2024\/05\/14072025\/image-267.png","datePublished":"2024-09-02T14:28:00+00:00","description":"Saiba tudo sobre a Classifica\u00e7\u00e3o Qualitativa da Despesa para SEFAZ-SP, tema da Administra\u00e7\u00e3o Financeira e Or\u00e7ament\u00e1ria (AFO).","breadcrumb":{"@id":"https:\/\/www.estrategiaconcursos.com.br\/blog\/classificacao-qualitativa-despesa-sefaz-sp\/#breadcrumb"},"inLanguage":"pt-BR","potentialAction":[{"@type":"ReadAction","target":["https:\/\/www.estrategiaconcursos.com.br\/blog\/classificacao-qualitativa-despesa-sefaz-sp\/"]}]},{"@type":"ImageObject","inLanguage":"pt-BR","@id":"https:\/\/www.estrategiaconcursos.com.br\/blog\/classificacao-qualitativa-despesa-sefaz-sp\/#primaryimage","url":"https:\/\/dhg1h5j42swfq.cloudfront.net\/2024\/05\/14072025\/image-267.png","contentUrl":"https:\/\/dhg1h5j42swfq.cloudfront.net\/2024\/05\/14072025\/image-267.png","width":380,"height":253,"caption":"Medidas para o cumprimento dos limites de despesa com pessoal na LRF"},{"@type":"BreadcrumbList","@id":"https:\/\/www.estrategiaconcursos.com.br\/blog\/classificacao-qualitativa-despesa-sefaz-sp\/#breadcrumb","itemListElement":[{"@type":"ListItem","position":1,"name":"In\u00edcio","item":"https:\/\/www.estrategiaconcursos.com.br\/blog\/"},{"@type":"ListItem","position":2,"name":"Classifica\u00e7\u00e3o Qualitativa da Despesa para SEFAZ-SP: AFO"}]},{"@type":"WebSite","@id":"https:\/\/www.estrategiaconcursos.com.br\/blog\/#website","url":"https:\/\/www.estrategiaconcursos.com.br\/blog\/","name":"Estrat\u00e9gia Concursos","description":"O blog da Estrat\u00e9gia Concursos traz not\u00edcias sobre concursos e artigos de professores oferecendo cursos para concursos (pdf + videaulas) no site.","publisher":{"@id":"https:\/\/www.estrategiaconcursos.com.br\/blog\/#organization"},"potentialAction":[{"@type":"SearchAction","target":{"@type":"EntryPoint","urlTemplate":"https:\/\/www.estrategiaconcursos.com.br\/blog\/?s={search_term_string}"},"query-input":{"@type":"PropertyValueSpecification","valueRequired":true,"valueName":"search_term_string"}}],"inLanguage":"pt-BR"},{"@type":"Organization","@id":"https:\/\/www.estrategiaconcursos.com.br\/blog\/#organization","name":"Estrat\u00e9gia Concursos","url":"https:\/\/www.estrategiaconcursos.com.br\/blog\/","logo":{"@type":"ImageObject","inLanguage":"pt-BR","@id":"https:\/\/www.estrategiaconcursos.com.br\/blog\/#\/schema\/logo\/image\/","url":"https:\/\/dhg1h5j42swfq.cloudfront.net\/2025\/06\/03203428\/logo_concursos-1.jpg","contentUrl":"https:\/\/dhg1h5j42swfq.cloudfront.net\/2025\/06\/03203428\/logo_concursos-1.jpg","width":230,"height":60,"caption":"Estrat\u00e9gia Concursos"},"image":{"@id":"https:\/\/www.estrategiaconcursos.com.br\/blog\/#\/schema\/logo\/image\/"},"sameAs":["https:\/\/x.com\/EstratConcursos"]},{"@type":"Person","@id":"https:\/\/www.estrategiaconcursos.com.br\/blog\/#\/schema\/person\/245b44e43eb13f0dbd04a7a078cd0d0d","name":"Leonardo Menezes Passarin","image":{"@type":"ImageObject","inLanguage":"pt-BR","@id":"https:\/\/secure.gravatar.com\/avatar\/fc0e5714ceaa97f24e6e6a30eab74ba8a701c2b62f8cab100ffdb22c6d8f42c3?s=96&d=mm&r=g","url":"https:\/\/secure.gravatar.com\/avatar\/fc0e5714ceaa97f24e6e6a30eab74ba8a701c2b62f8cab100ffdb22c6d8f42c3?s=96&d=mm&r=g","contentUrl":"https:\/\/secure.gravatar.com\/avatar\/fc0e5714ceaa97f24e6e6a30eab74ba8a701c2b62f8cab100ffdb22c6d8f42c3?s=96&d=mm&r=g","caption":"Leonardo Menezes Passarin"},"url":"https:\/\/www.estrategiaconcursos.com.br\/blog\/author\/passarin-leonardohotmail-com\/"}]}},"_links":{"self":[{"href":"https:\/\/www.estrategiaconcursos.com.br\/blog\/wp-json\/wp\/v2\/posts\/1453309","targetHints":{"allow":["GET"]}}],"collection":[{"href":"https:\/\/www.estrategiaconcursos.com.br\/blog\/wp-json\/wp\/v2\/posts"}],"about":[{"href":"https:\/\/www.estrategiaconcursos.com.br\/blog\/wp-json\/wp\/v2\/types\/post"}],"author":[{"embeddable":true,"href":"https:\/\/www.estrategiaconcursos.com.br\/blog\/wp-json\/wp\/v2\/users\/1763"}],"replies":[{"embeddable":true,"href":"https:\/\/www.estrategiaconcursos.com.br\/blog\/wp-json\/wp\/v2\/comments?post=1453309"}],"version-history":[{"count":1,"href":"https:\/\/www.estrategiaconcursos.com.br\/blog\/wp-json\/wp\/v2\/posts\/1453309\/revisions"}],"predecessor-version":[{"id":1453318,"href":"https:\/\/www.estrategiaconcursos.com.br\/blog\/wp-json\/wp\/v2\/posts\/1453309\/revisions\/1453318"}],"wp:featuredmedia":[{"embeddable":true,"href":"https:\/\/www.estrategiaconcursos.com.br\/blog\/wp-json\/wp\/v2\/media\/1398611"}],"wp:attachment":[{"href":"https:\/\/www.estrategiaconcursos.com.br\/blog\/wp-json\/wp\/v2\/media?parent=1453309"}],"wp:term":[{"taxonomy":"category","embeddable":true,"href":"https:\/\/www.estrategiaconcursos.com.br\/blog\/wp-json\/wp\/v2\/categories?post=1453309"},{"taxonomy":"post_tag","embeddable":true,"href":"https:\/\/www.estrategiaconcursos.com.br\/blog\/wp-json\/wp\/v2\/tags?post=1453309"},{"taxonomy":"tax_estado","embeddable":true,"href":"https:\/\/www.estrategiaconcursos.com.br\/blog\/wp-json\/wp\/v2\/tax_estado?post=1453309"}],"curies":[{"name":"wp","href":"https:\/\/api.w.org\/{rel}","templated":true}]}}