{"id":1452266,"date":"2024-08-28T05:38:19","date_gmt":"2024-08-28T08:38:19","guid":{"rendered":"https:\/\/www.estrategiaconcursos.com.br\/blog\/?p=1452266"},"modified":"2024-08-28T09:58:58","modified_gmt":"2024-08-28T12:58:58","slug":"concurso-cnen-comissao-formada","status":"publish","type":"post","link":"https:\/\/www.estrategiaconcursos.com.br\/blog\/concurso-cnen-comissao-formada\/","title":{"rendered":"Concurso CNEN: comiss\u00e3o formada para novo edital"},"content":{"rendered":"\n<p>A <strong><a href=\"https:\/\/www.estrategiaconcursos.com.br\/cursos\/\" target=\"_blank\" rel=\"noreferrer noopener\">Comiss\u00e3o Nacional de Energia Nuclear<\/a><\/strong> designou os membros da comiss\u00e3o do<strong>&nbsp;concurso CNEN<\/strong>! A informa\u00e7\u00e3o consta em publica\u00e7\u00e3o no Di\u00e1rio Oficial da Uni\u00e3o desta quarta-feira, 28 de agosto. A comiss\u00e3o \u00e9 composta pelos seguintes membros:<\/p>\n\n\n\n<ul class=\"wp-block-list\">\n<li>I. Leonardo Ferreira Bezerra, SIAPE: 1817179, Coordenador-Geral de Recursos Humanos, Presidente da Comiss\u00e3o;<\/li>\n\n\n\n<li>II. \u00cdtalo Henrique Alves, SIAPE: 1647430, Analista em C&amp;T, Vice-Presidente da Comiss\u00e3o;<\/li>\n\n\n\n<li>III. Celso Huerta Gimenes, SIAPE: 6668283, Analista em C&amp;T;<\/li>\n\n\n\n<li>IV. Bruno Fernandes Vaz Ribeiro, SIAPE: 1827164, Assistente em C&amp;T;<\/li>\n\n\n\n<li>V. Luiz Augusto Passos Salgueiro, SIAPE: 2237148, Analista em C&amp;T;<\/li>\n\n\n\n<li>VI. Roberto Salles Xavier, SIAPE: 0670311, Coordenador-Geral de Planejamento e Avalia\u00e7\u00e3o;<\/li>\n\n\n\n<li>VII. Fabiane dos Reis Braga, SIAPE: 0667106, Tecnologista<\/li>\n\n\n\n<li>VIII. Ricardo Fraga Gutterres, SIAPE: 0643413, Assessor;<\/li>\n\n\n\n<li>IX. Fabio Menani Pereira Lima, SIAPE: 1682358, Analista em C&amp;T;<\/li>\n\n\n\n<li>X. Naire Bezerra Galv\u00e3o, SIAPE: 1182815, Analista em C&amp;T.<\/li>\n<\/ul>\n\n\n\n<figure class=\"wp-block-image aligncenter size-full\"><img loading=\"lazy\" decoding=\"async\" width=\"937\" height=\"276\" src=\"https:\/\/dhg1h5j42swfq.cloudfront.net\/2024\/08\/28095753\/image-607.png\" alt=\"Concurso CNEN: comiss\u00e3o formada para novo edital\" class=\"wp-image-1452355\" srcset=\"https:\/\/dhg1h5j42swfq.cloudfront.net\/2024\/08\/28095753\/image-607.png 937w, https:\/\/dhg1h5j42swfq.cloudfront.net\/2024\/08\/28095753\/image-607-300x88.png 300w, https:\/\/dhg1h5j42swfq.cloudfront.net\/2024\/08\/28095753\/image-607-768x226.png 768w, https:\/\/dhg1h5j42swfq.cloudfront.net\/2024\/08\/28095753\/image-607-610x180.png 610w, https:\/\/dhg1h5j42swfq.cloudfront.net\/2024\/08\/28095753\/image-607-150x44.png 150w\" sizes=\"auto, (max-width: 937px) 100vw, 937px\" \/><\/figure>\n\n\n\n<p>Veja a publica\u00e7\u00e3o da comiss\u00e3o publicada no DOU:<\/p>\n\n\n\n<h2 class=\"wp-block-heading has-text-align-center has-background has-medium-font-size\" id=\"h-concurso-cnen-comissao-formada\" style=\"background-color:#eaeef2\">Concurso CNEN &#8211; <a href=\"https:\/\/www.in.gov.br\/web\/dou\/-\/portaria-n-44-de-26-de-agosto-de-2024-580861469\" target=\"_blank\" rel=\"noreferrer noopener\">comiss\u00e3o formada<\/a> <\/h2>\n\n\n\n<p>O novo <strong>edital CNEN <\/strong>ofertar\u00e1 150 oportunidades para os seguintes cargos:<\/p>\n\n\n\n<ul class=\"wp-block-list\">\n<li>Analista em Ci\u00eancia e Tecnologia (N\u00edvel Superior) &#8211; 25;<\/li>\n\n\n\n<li>Pesquisador (N\u00edvel Superior) &#8211; 15;<\/li>\n\n\n\n<li>Tecnologista (N\u00edvel Superior) &#8211; 80; e <\/li>\n\n\n\n<li>T\u00e9cnico (N\u00edvel Intermedi\u00e1rio) &#8211; 30.<\/li>\n<\/ul>\n\n\n\n<p class=\"has-text-align-center\"><em>Para mais detalhes do concurso CNEN acesse o link abaixo. Preparamos um artigo completo, separado por t\u00f3picos, para facilitar a sua compreens\u00e3o:<\/em><\/p>\n\n\n\n<p class=\"has-text-align-center has-background has-medium-font-size\" style=\"background-color:#edeef3\"><strong>Saiba mais: <a href=\"https:\/\/www.estrategiaconcursos.com.br\/blog\/concurso-cnen\/\" target=\"_blank\" rel=\"noreferrer noopener\">concurso CNEN<\/a><\/strong><\/p>\n\n\n\n<div class=\"container\" id=\"boxes\">\n  <div class=\"row\">\n\n    <div class=\"col-sm\">\n      <div class=\"banner-estrategia\" id=\"box-assinatura\">\n        <h3 class=\"titulo-assinatura\">Cursos para concursos<\/h3>\n        <p class=\"subtitulo-assinatura\">Estude conosco<\/p>\n        <div class=\"box-botao\">\n          <a class=\"btn-assinatura\" target=\"_blank\" href=\"https:\/\/www.estrategiaconcursos.com.br\/pesquisa\/?q=cnen\" role=\"button\" rel=\"noopener noreferrer\">Conhe\u00e7a os cursos<\/a>\n        <\/div>\n      <\/div>\n     \n    <\/div>\n\n  <\/div>\n<\/div>\n\n\n\n<div class=\"container\" id=\"boxes\">\n  <div class=\"row\">\n\n    <div class=\"col-sm\">\n      <div class=\"estrategia\" id=\"box-assinatura\">\n        <h3 class=\"titulo-assinatura\">Assinatura Concursos<\/h3>\n        <p class=\"subtitulo-assinatura\">Assinatura de 1 ano ou 2 anos<\/p>\n        <div class=\"box-botao\">\n          <a class=\"btn-assinatura\" target=\"_blank\" href=\"https:\/\/www.estrategiaconcursos.com.br\/assinaturas\/\" role=\"button\" rel=\"noopener noreferrer\">ASSINE AGORA<\/a>\n        <\/div>\n      <\/div><\/div><\/div><\/div>\n\n\n\n<h2 class=\"wp-block-heading has-text-align-center\" id=\"h-quer-saber-tudo-sobre-concursos-previstos-confira-nossos-artigos\">Quer saber tudo sobre concursos previstos?<br \/>Confira nossos artigos!<\/h2>\n\n\n\n<ul class=\"wp-block-list\">\n<li><a href=\"https:\/\/www.estrategiaconcursos.com.br\/blog\/concursos-abertos\/\" target=\"_blank\" rel=\"noreferrer noopener\">Concursos Abertos<\/a><\/li>\n\n\n\n<li><a href=\"https:\/\/www.estrategiaconcursos.com.br\/blog\/concursos-2024\" target=\"_blank\" rel=\"noreferrer noopener\">Concursos 2024<\/a><\/li>\n\n\n\n<li><a href=\"https:\/\/www.estrategiaconcursos.com.br\/blog\/concursos-2025\" target=\"_blank\" rel=\"noreferrer noopener\">Concursos 2025<\/a><\/li>\n<\/ul>\n","protected":false},"excerpt":{"rendered":"<p>A Comiss\u00e3o Nacional de Energia Nuclear designou os membros da comiss\u00e3o do&nbsp;concurso CNEN! A informa\u00e7\u00e3o consta em publica\u00e7\u00e3o no Di\u00e1rio Oficial da Uni\u00e3o desta quarta-feira, 28 de agosto. A comiss\u00e3o \u00e9 composta pelos seguintes membros: Veja a publica\u00e7\u00e3o da comiss\u00e3o publicada no DOU: Concurso CNEN &#8211; comiss\u00e3o formada O novo edital CNEN ofertar\u00e1 150 oportunidades [&hellip;]<\/p>\n","protected":false},"author":2375,"featured_media":1211503,"comment_status":"open","ping_status":"closed","sticky":false,"template":"","format":"standard","meta":{"post_tipo":"news","footnotes":""},"categories":[214992,220219],"tags":[],"tax_estado":[219963],"class_list":["post-1452266","post","type-post","status-publish","format-standard","has-post-thumbnail","hentry","category-concursos-administrativos","category-noticias","tax_estado-concursos-federais"],"acf":[],"yoast_head":"<!-- This site is optimized with the Yoast SEO Premium plugin v27.2 (Yoast SEO v27.2) - https:\/\/yoast.com\/product\/yoast-seo-premium-wordpress\/ -->\n<title>Concurso CNEN: comiss\u00e3o formada para novo edital<\/title>\n<meta name=\"description\" content=\"Concurso CNEN: consta em publica\u00e7\u00e3o no Di\u00e1rio Oficial da Uni\u00e3o os nomes dos membros da comiss\u00e3o! Veja os detalhes!\" \/>\n<meta name=\"robots\" content=\"index, follow, max-snippet:-1, max-image-preview:large, max-video-preview:-1\" \/>\n<link rel=\"canonical\" href=\"https:\/\/www.estrategiaconcursos.com.br\/blog\/concurso-cnen-comissao-formada\/\" \/>\n<meta property=\"og:locale\" content=\"pt_BR\" \/>\n<meta property=\"og:type\" content=\"article\" \/>\n<meta property=\"og:title\" content=\"Concurso CNEN: comiss\u00e3o formada para novo edital\" \/>\n<meta property=\"og:description\" content=\"Concurso CNEN: consta em publica\u00e7\u00e3o no Di\u00e1rio Oficial da Uni\u00e3o os nomes dos membros da comiss\u00e3o! Veja os detalhes!\" \/>\n<meta property=\"og:url\" content=\"https:\/\/www.estrategiaconcursos.com.br\/blog\/concurso-cnen-comissao-formada\/\" \/>\n<meta property=\"og:site_name\" content=\"Estrat\u00e9gia Concursos\" \/>\n<meta property=\"article:published_time\" content=\"2024-08-28T08:38:19+00:00\" \/>\n<meta property=\"article:modified_time\" content=\"2024-08-28T12:58:58+00:00\" \/>\n<meta property=\"og:image\" content=\"https:\/\/dhg1h5j42swfq.cloudfront.net\/2023\/05\/05143455\/cnen.jpg\" \/>\n\t<meta property=\"og:image:width\" content=\"768\" \/>\n\t<meta property=\"og:image:height\" content=\"432\" \/>\n\t<meta property=\"og:image:type\" content=\"image\/jpeg\" \/>\n<meta name=\"author\" content=\"Priscila Almeida\" \/>\n<meta name=\"twitter:card\" content=\"summary_large_image\" \/>\n<meta name=\"twitter:creator\" content=\"@EstratConcursos\" \/>\n<meta name=\"twitter:site\" content=\"@EstratConcursos\" \/>\n<meta name=\"twitter:label1\" content=\"Escrito por\" \/>\n\t<meta name=\"twitter:data1\" content=\"Priscila Almeida\" \/>\n\t<meta name=\"twitter:label2\" content=\"Est. tempo de leitura\" \/>\n\t<meta name=\"twitter:data2\" content=\"1 minuto\" \/>\n<script type=\"application\/ld+json\" class=\"yoast-schema-graph\">{\"@context\":\"https:\/\/schema.org\",\"@graph\":[{\"@type\":\"NewsArticle\",\"@id\":\"https:\/\/www.estrategiaconcursos.com.br\/blog\/concurso-cnen-comissao-formada\/#article\",\"isPartOf\":{\"@id\":\"https:\/\/www.estrategiaconcursos.com.br\/blog\/concurso-cnen-comissao-formada\/\"},\"author\":{\"name\":\"Priscila Almeida\",\"@id\":\"https:\/\/www.estrategiaconcursos.com.br\/blog\/#\/schema\/person\/a06e841e501f2e1d8c49c4e8f066bfd1\"},\"headline\":\"Concurso CNEN: comiss\u00e3o formada para novo edital\",\"datePublished\":\"2024-08-28T08:38:19+00:00\",\"dateModified\":\"2024-08-28T12:58:58+00:00\",\"mainEntityOfPage\":{\"@id\":\"https:\/\/www.estrategiaconcursos.com.br\/blog\/concurso-cnen-comissao-formada\/\"},\"wordCount\":268,\"commentCount\":0,\"publisher\":{\"@id\":\"https:\/\/www.estrategiaconcursos.com.br\/blog\/#organization\"},\"image\":{\"@id\":\"https:\/\/www.estrategiaconcursos.com.br\/blog\/concurso-cnen-comissao-formada\/#primaryimage\"},\"thumbnailUrl\":\"https:\/\/dhg1h5j42swfq.cloudfront.net\/2023\/05\/05143455\/cnen.jpg\",\"articleSection\":[\"Executivo (Administrativa)\",\"\u00daltimas not\u00edcias\"],\"inLanguage\":\"pt-BR\",\"potentialAction\":[{\"@type\":\"CommentAction\",\"name\":\"Comment\",\"target\":[\"https:\/\/www.estrategiaconcursos.com.br\/blog\/concurso-cnen-comissao-formada\/#respond\"]}],\"copyrightYear\":\"2024\",\"copyrightHolder\":{\"@id\":\"https:\/\/www.estrategiaconcursos.com.br\/blog\/#organization\"}},{\"@type\":\"WebPage\",\"@id\":\"https:\/\/www.estrategiaconcursos.com.br\/blog\/concurso-cnen-comissao-formada\/\",\"url\":\"https:\/\/www.estrategiaconcursos.com.br\/blog\/concurso-cnen-comissao-formada\/\",\"name\":\"Concurso CNEN: comiss\u00e3o formada para novo edital\",\"isPartOf\":{\"@id\":\"https:\/\/www.estrategiaconcursos.com.br\/blog\/#website\"},\"primaryImageOfPage\":{\"@id\":\"https:\/\/www.estrategiaconcursos.com.br\/blog\/concurso-cnen-comissao-formada\/#primaryimage\"},\"image\":{\"@id\":\"https:\/\/www.estrategiaconcursos.com.br\/blog\/concurso-cnen-comissao-formada\/#primaryimage\"},\"thumbnailUrl\":\"https:\/\/dhg1h5j42swfq.cloudfront.net\/2023\/05\/05143455\/cnen.jpg\",\"datePublished\":\"2024-08-28T08:38:19+00:00\",\"dateModified\":\"2024-08-28T12:58:58+00:00\",\"description\":\"Concurso CNEN: consta em publica\u00e7\u00e3o no Di\u00e1rio Oficial da Uni\u00e3o os nomes dos membros da comiss\u00e3o! Veja os detalhes!\",\"breadcrumb\":{\"@id\":\"https:\/\/www.estrategiaconcursos.com.br\/blog\/concurso-cnen-comissao-formada\/#breadcrumb\"},\"inLanguage\":\"pt-BR\",\"potentialAction\":[{\"@type\":\"ReadAction\",\"target\":[\"https:\/\/www.estrategiaconcursos.com.br\/blog\/concurso-cnen-comissao-formada\/\"]}]},{\"@type\":\"ImageObject\",\"inLanguage\":\"pt-BR\",\"@id\":\"https:\/\/www.estrategiaconcursos.com.br\/blog\/concurso-cnen-comissao-formada\/#primaryimage\",\"url\":\"https:\/\/dhg1h5j42swfq.cloudfront.net\/2023\/05\/05143455\/cnen.jpg\",\"contentUrl\":\"https:\/\/dhg1h5j42swfq.cloudfront.net\/2023\/05\/05143455\/cnen.jpg\",\"width\":768,\"height\":432,\"caption\":\"Concurso CNEN edital\"},{\"@type\":\"BreadcrumbList\",\"@id\":\"https:\/\/www.estrategiaconcursos.com.br\/blog\/concurso-cnen-comissao-formada\/#breadcrumb\",\"itemListElement\":[{\"@type\":\"ListItem\",\"position\":1,\"name\":\"In\u00edcio\",\"item\":\"https:\/\/www.estrategiaconcursos.com.br\/blog\/\"},{\"@type\":\"ListItem\",\"position\":2,\"name\":\"Concurso CNEN: comiss\u00e3o formada para novo edital\"}]},{\"@type\":\"WebSite\",\"@id\":\"https:\/\/www.estrategiaconcursos.com.br\/blog\/#website\",\"url\":\"https:\/\/www.estrategiaconcursos.com.br\/blog\/\",\"name\":\"Estrat\u00e9gia Concursos\",\"description\":\"O blog da Estrat\u00e9gia Concursos traz not\u00edcias sobre concursos e artigos de professores oferecendo cursos para concursos (pdf + videaulas) no site.\",\"publisher\":{\"@id\":\"https:\/\/www.estrategiaconcursos.com.br\/blog\/#organization\"},\"potentialAction\":[{\"@type\":\"SearchAction\",\"target\":{\"@type\":\"EntryPoint\",\"urlTemplate\":\"https:\/\/www.estrategiaconcursos.com.br\/blog\/?s={search_term_string}\"},\"query-input\":{\"@type\":\"PropertyValueSpecification\",\"valueRequired\":true,\"valueName\":\"search_term_string\"}}],\"inLanguage\":\"pt-BR\"},{\"@type\":\"Organization\",\"@id\":\"https:\/\/www.estrategiaconcursos.com.br\/blog\/#organization\",\"name\":\"Estrat\u00e9gia Concursos\",\"url\":\"https:\/\/www.estrategiaconcursos.com.br\/blog\/\",\"logo\":{\"@type\":\"ImageObject\",\"inLanguage\":\"pt-BR\",\"@id\":\"https:\/\/www.estrategiaconcursos.com.br\/blog\/#\/schema\/logo\/image\/\",\"url\":\"https:\/\/dhg1h5j42swfq.cloudfront.net\/2025\/06\/03203428\/logo_concursos-1.jpg\",\"contentUrl\":\"https:\/\/dhg1h5j42swfq.cloudfront.net\/2025\/06\/03203428\/logo_concursos-1.jpg\",\"width\":230,\"height\":60,\"caption\":\"Estrat\u00e9gia Concursos\"},\"image\":{\"@id\":\"https:\/\/www.estrategiaconcursos.com.br\/blog\/#\/schema\/logo\/image\/\"},\"sameAs\":[\"https:\/\/x.com\/EstratConcursos\"]},{\"@type\":\"Person\",\"@id\":\"https:\/\/www.estrategiaconcursos.com.br\/blog\/#\/schema\/person\/a06e841e501f2e1d8c49c4e8f066bfd1\",\"name\":\"Priscila Almeida\",\"image\":{\"@type\":\"ImageObject\",\"inLanguage\":\"pt-BR\",\"@id\":\"https:\/\/secure.gravatar.com\/avatar\/0a963c9e2a947fa675b669cea2b5d0ba6dd1cbf46b966190343b6c9973ad3337?s=96&d=mm&r=g\",\"url\":\"https:\/\/secure.gravatar.com\/avatar\/0a963c9e2a947fa675b669cea2b5d0ba6dd1cbf46b966190343b6c9973ad3337?s=96&d=mm&r=g\",\"contentUrl\":\"https:\/\/secure.gravatar.com\/avatar\/0a963c9e2a947fa675b669cea2b5d0ba6dd1cbf46b966190343b6c9973ad3337?s=96&d=mm&r=g\",\"caption\":\"Priscila Almeida\"},\"description\":\"Atua na \u00e1rea de concursos p\u00fablicos desde 2019. As editorias que mais t\u00eam familiaridade s\u00e3o: Tribunais (TJs; TRTs; TREs; TSTs; STJ, STF, STM e TSE); Defensorias; Minist\u00e9rios P\u00fablicos; Procuradorias; Educa\u00e7\u00e3o e Conselhos. Na \u00e1rea de comunica\u00e7\u00e3o, de maneira geral, a caminhada \u00e9 um pouco mais longa - desde 2007. Possui experi\u00eancia em reda\u00e7\u00f5es de r\u00e1dio, TV, Web e impresso, al\u00e9m de desenvolver trabalhos em assessorias de comunica\u00e7\u00e3o institucional, empresarial e p\u00fablicas. Entre outros trabalhos, se destacam a atua\u00e7\u00e3o nas \u00e1reas de Justi\u00e7a, Congresso, Esportes, Sa\u00fade, Agropecu\u00e1ria, Cidades e Avia\u00e7\u00e3o Civil.\",\"url\":\"https:\/\/www.estrategiaconcursos.com.br\/blog\/author\/priscila-almeidaestrategia-com\/\"}]}<\/script>\n<!-- \/ Yoast SEO Premium plugin. -->","yoast_head_json":{"title":"Concurso CNEN: comiss\u00e3o formada para novo edital","description":"Concurso CNEN: consta em publica\u00e7\u00e3o no Di\u00e1rio Oficial da Uni\u00e3o os nomes dos membros da comiss\u00e3o! Veja os detalhes!","robots":{"index":"index","follow":"follow","max-snippet":"max-snippet:-1","max-image-preview":"max-image-preview:large","max-video-preview":"max-video-preview:-1"},"canonical":"https:\/\/www.estrategiaconcursos.com.br\/blog\/concurso-cnen-comissao-formada\/","og_locale":"pt_BR","og_type":"article","og_title":"Concurso CNEN: comiss\u00e3o formada para novo edital","og_description":"Concurso CNEN: consta em publica\u00e7\u00e3o no Di\u00e1rio Oficial da Uni\u00e3o os nomes dos membros da comiss\u00e3o! Veja os detalhes!","og_url":"https:\/\/www.estrategiaconcursos.com.br\/blog\/concurso-cnen-comissao-formada\/","og_site_name":"Estrat\u00e9gia Concursos","article_published_time":"2024-08-28T08:38:19+00:00","article_modified_time":"2024-08-28T12:58:58+00:00","og_image":[{"width":768,"height":432,"url":"https:\/\/dhg1h5j42swfq.cloudfront.net\/2023\/05\/05143455\/cnen.jpg","type":"image\/jpeg"}],"author":"Priscila Almeida","twitter_card":"summary_large_image","twitter_creator":"@EstratConcursos","twitter_site":"@EstratConcursos","twitter_misc":{"Escrito por":"Priscila Almeida","Est. tempo de leitura":"1 minuto"},"schema":{"@context":"https:\/\/schema.org","@graph":[{"@type":"NewsArticle","@id":"https:\/\/www.estrategiaconcursos.com.br\/blog\/concurso-cnen-comissao-formada\/#article","isPartOf":{"@id":"https:\/\/www.estrategiaconcursos.com.br\/blog\/concurso-cnen-comissao-formada\/"},"author":{"name":"Priscila Almeida","@id":"https:\/\/www.estrategiaconcursos.com.br\/blog\/#\/schema\/person\/a06e841e501f2e1d8c49c4e8f066bfd1"},"headline":"Concurso CNEN: comiss\u00e3o formada para novo edital","datePublished":"2024-08-28T08:38:19+00:00","dateModified":"2024-08-28T12:58:58+00:00","mainEntityOfPage":{"@id":"https:\/\/www.estrategiaconcursos.com.br\/blog\/concurso-cnen-comissao-formada\/"},"wordCount":268,"commentCount":0,"publisher":{"@id":"https:\/\/www.estrategiaconcursos.com.br\/blog\/#organization"},"image":{"@id":"https:\/\/www.estrategiaconcursos.com.br\/blog\/concurso-cnen-comissao-formada\/#primaryimage"},"thumbnailUrl":"https:\/\/dhg1h5j42swfq.cloudfront.net\/2023\/05\/05143455\/cnen.jpg","articleSection":["Executivo (Administrativa)","\u00daltimas not\u00edcias"],"inLanguage":"pt-BR","potentialAction":[{"@type":"CommentAction","name":"Comment","target":["https:\/\/www.estrategiaconcursos.com.br\/blog\/concurso-cnen-comissao-formada\/#respond"]}],"copyrightYear":"2024","copyrightHolder":{"@id":"https:\/\/www.estrategiaconcursos.com.br\/blog\/#organization"}},{"@type":"WebPage","@id":"https:\/\/www.estrategiaconcursos.com.br\/blog\/concurso-cnen-comissao-formada\/","url":"https:\/\/www.estrategiaconcursos.com.br\/blog\/concurso-cnen-comissao-formada\/","name":"Concurso CNEN: comiss\u00e3o formada para novo edital","isPartOf":{"@id":"https:\/\/www.estrategiaconcursos.com.br\/blog\/#website"},"primaryImageOfPage":{"@id":"https:\/\/www.estrategiaconcursos.com.br\/blog\/concurso-cnen-comissao-formada\/#primaryimage"},"image":{"@id":"https:\/\/www.estrategiaconcursos.com.br\/blog\/concurso-cnen-comissao-formada\/#primaryimage"},"thumbnailUrl":"https:\/\/dhg1h5j42swfq.cloudfront.net\/2023\/05\/05143455\/cnen.jpg","datePublished":"2024-08-28T08:38:19+00:00","dateModified":"2024-08-28T12:58:58+00:00","description":"Concurso CNEN: consta em publica\u00e7\u00e3o no Di\u00e1rio Oficial da Uni\u00e3o os nomes dos membros da comiss\u00e3o! Veja os detalhes!","breadcrumb":{"@id":"https:\/\/www.estrategiaconcursos.com.br\/blog\/concurso-cnen-comissao-formada\/#breadcrumb"},"inLanguage":"pt-BR","potentialAction":[{"@type":"ReadAction","target":["https:\/\/www.estrategiaconcursos.com.br\/blog\/concurso-cnen-comissao-formada\/"]}]},{"@type":"ImageObject","inLanguage":"pt-BR","@id":"https:\/\/www.estrategiaconcursos.com.br\/blog\/concurso-cnen-comissao-formada\/#primaryimage","url":"https:\/\/dhg1h5j42swfq.cloudfront.net\/2023\/05\/05143455\/cnen.jpg","contentUrl":"https:\/\/dhg1h5j42swfq.cloudfront.net\/2023\/05\/05143455\/cnen.jpg","width":768,"height":432,"caption":"Concurso CNEN edital"},{"@type":"BreadcrumbList","@id":"https:\/\/www.estrategiaconcursos.com.br\/blog\/concurso-cnen-comissao-formada\/#breadcrumb","itemListElement":[{"@type":"ListItem","position":1,"name":"In\u00edcio","item":"https:\/\/www.estrategiaconcursos.com.br\/blog\/"},{"@type":"ListItem","position":2,"name":"Concurso CNEN: comiss\u00e3o formada para novo edital"}]},{"@type":"WebSite","@id":"https:\/\/www.estrategiaconcursos.com.br\/blog\/#website","url":"https:\/\/www.estrategiaconcursos.com.br\/blog\/","name":"Estrat\u00e9gia Concursos","description":"O blog da Estrat\u00e9gia Concursos traz not\u00edcias sobre concursos e artigos de professores oferecendo cursos para concursos (pdf + videaulas) no site.","publisher":{"@id":"https:\/\/www.estrategiaconcursos.com.br\/blog\/#organization"},"potentialAction":[{"@type":"SearchAction","target":{"@type":"EntryPoint","urlTemplate":"https:\/\/www.estrategiaconcursos.com.br\/blog\/?s={search_term_string}"},"query-input":{"@type":"PropertyValueSpecification","valueRequired":true,"valueName":"search_term_string"}}],"inLanguage":"pt-BR"},{"@type":"Organization","@id":"https:\/\/www.estrategiaconcursos.com.br\/blog\/#organization","name":"Estrat\u00e9gia Concursos","url":"https:\/\/www.estrategiaconcursos.com.br\/blog\/","logo":{"@type":"ImageObject","inLanguage":"pt-BR","@id":"https:\/\/www.estrategiaconcursos.com.br\/blog\/#\/schema\/logo\/image\/","url":"https:\/\/dhg1h5j42swfq.cloudfront.net\/2025\/06\/03203428\/logo_concursos-1.jpg","contentUrl":"https:\/\/dhg1h5j42swfq.cloudfront.net\/2025\/06\/03203428\/logo_concursos-1.jpg","width":230,"height":60,"caption":"Estrat\u00e9gia Concursos"},"image":{"@id":"https:\/\/www.estrategiaconcursos.com.br\/blog\/#\/schema\/logo\/image\/"},"sameAs":["https:\/\/x.com\/EstratConcursos"]},{"@type":"Person","@id":"https:\/\/www.estrategiaconcursos.com.br\/blog\/#\/schema\/person\/a06e841e501f2e1d8c49c4e8f066bfd1","name":"Priscila Almeida","image":{"@type":"ImageObject","inLanguage":"pt-BR","@id":"https:\/\/secure.gravatar.com\/avatar\/0a963c9e2a947fa675b669cea2b5d0ba6dd1cbf46b966190343b6c9973ad3337?s=96&d=mm&r=g","url":"https:\/\/secure.gravatar.com\/avatar\/0a963c9e2a947fa675b669cea2b5d0ba6dd1cbf46b966190343b6c9973ad3337?s=96&d=mm&r=g","contentUrl":"https:\/\/secure.gravatar.com\/avatar\/0a963c9e2a947fa675b669cea2b5d0ba6dd1cbf46b966190343b6c9973ad3337?s=96&d=mm&r=g","caption":"Priscila Almeida"},"description":"Atua na \u00e1rea de concursos p\u00fablicos desde 2019. As editorias que mais t\u00eam familiaridade s\u00e3o: Tribunais (TJs; TRTs; TREs; TSTs; STJ, STF, STM e TSE); Defensorias; Minist\u00e9rios P\u00fablicos; Procuradorias; Educa\u00e7\u00e3o e Conselhos. Na \u00e1rea de comunica\u00e7\u00e3o, de maneira geral, a caminhada \u00e9 um pouco mais longa - desde 2007. Possui experi\u00eancia em reda\u00e7\u00f5es de r\u00e1dio, TV, Web e impresso, al\u00e9m de desenvolver trabalhos em assessorias de comunica\u00e7\u00e3o institucional, empresarial e p\u00fablicas. Entre outros trabalhos, se destacam a atua\u00e7\u00e3o nas \u00e1reas de Justi\u00e7a, Congresso, Esportes, Sa\u00fade, Agropecu\u00e1ria, Cidades e Avia\u00e7\u00e3o Civil.","url":"https:\/\/www.estrategiaconcursos.com.br\/blog\/author\/priscila-almeidaestrategia-com\/"}]}},"_links":{"self":[{"href":"https:\/\/www.estrategiaconcursos.com.br\/blog\/wp-json\/wp\/v2\/posts\/1452266","targetHints":{"allow":["GET"]}}],"collection":[{"href":"https:\/\/www.estrategiaconcursos.com.br\/blog\/wp-json\/wp\/v2\/posts"}],"about":[{"href":"https:\/\/www.estrategiaconcursos.com.br\/blog\/wp-json\/wp\/v2\/types\/post"}],"author":[{"embeddable":true,"href":"https:\/\/www.estrategiaconcursos.com.br\/blog\/wp-json\/wp\/v2\/users\/2375"}],"replies":[{"embeddable":true,"href":"https:\/\/www.estrategiaconcursos.com.br\/blog\/wp-json\/wp\/v2\/comments?post=1452266"}],"version-history":[{"count":3,"href":"https:\/\/www.estrategiaconcursos.com.br\/blog\/wp-json\/wp\/v2\/posts\/1452266\/revisions"}],"predecessor-version":[{"id":1452357,"href":"https:\/\/www.estrategiaconcursos.com.br\/blog\/wp-json\/wp\/v2\/posts\/1452266\/revisions\/1452357"}],"wp:featuredmedia":[{"embeddable":true,"href":"https:\/\/www.estrategiaconcursos.com.br\/blog\/wp-json\/wp\/v2\/media\/1211503"}],"wp:attachment":[{"href":"https:\/\/www.estrategiaconcursos.com.br\/blog\/wp-json\/wp\/v2\/media?parent=1452266"}],"wp:term":[{"taxonomy":"category","embeddable":true,"href":"https:\/\/www.estrategiaconcursos.com.br\/blog\/wp-json\/wp\/v2\/categories?post=1452266"},{"taxonomy":"post_tag","embeddable":true,"href":"https:\/\/www.estrategiaconcursos.com.br\/blog\/wp-json\/wp\/v2\/tags?post=1452266"},{"taxonomy":"tax_estado","embeddable":true,"href":"https:\/\/www.estrategiaconcursos.com.br\/blog\/wp-json\/wp\/v2\/tax_estado?post=1452266"}],"curies":[{"name":"wp","href":"https:\/\/api.w.org\/{rel}","templated":true}]}}