{"id":145222,"date":"2018-11-28T17:00:14","date_gmt":"2018-11-28T20:00:14","guid":{"rendered":"https:\/\/www.estrategiaconcursos.com.br\/blog\/?p=145222"},"modified":"2018-12-04T15:38:17","modified_gmt":"2018-12-04T18:38:17","slug":"edital-prf-2018","status":"publish","type":"post","link":"https:\/\/www.estrategiaconcursos.com.br\/blog\/edital-prf-2018\/","title":{"rendered":"Edital PRF 2018: publicado edital com 500 vagas para o cargo de Policial Rodovi\u00e1ria Federal"},"content":{"rendered":"<p><span style=\"font-size: 18pt;\"><em><strong>Edital PRF oferta vagas para v\u00e1rios estados; provas em 03\/02<\/strong><\/em><\/span><\/p>\n<p>Foi publicado o t\u00e3o esperado edital do <strong><em>concurso da Pol\u00edcia Rodovi\u00e1ria Federal. <\/em><\/strong>O documento foi divulgado\u00a0nesta quarta-feira, 28 de novembro, no Di\u00e1rio Oficial da Uni\u00e3o e oferta 500 vagas imediatas para o cargo de Policial Federal Rodovi\u00e1rio.<\/p>\n<p>Para que voc\u00ea fique por dentro de todos os detalhes deste novo certame, criamos esta p\u00e1gina com todas as informa\u00e7\u00f5es sobre o edital PRF.<\/p>\n<p>Com a publica\u00e7\u00e3o do edital, o per\u00edodo de inscri\u00e7\u00f5es fica aberto a partir do dia<strong> 3 de dezembro<\/strong> e se estende at\u00e9 o dia <strong>18<\/strong> do mesmo m\u00eas.\u00a0O formul\u00e1rio para preenchimento da candidatura ficar\u00e1 dispon\u00edvel no site da pr\u00f3pria banca organizadora do certame, Cespe\/Cebraspe.<\/p>\n<p>Para que seja poss\u00edvel garantir a participa\u00e7\u00e3o no processo, \u00e9 necess\u00e1rio efetuar o pagamento do valor fixado em <strong>R$150.<\/strong>O pagamento pode ser feito at\u00e9 <strong>15 de janeiro de 2019.<\/strong><\/p>\n<p>De acordo com o edital, os policiais rodovi\u00e1rios receber\u00e3o sal\u00e1rios iniciais de\u00a0<strong>R$ 9.473,57<\/strong>.<\/p>\n<p><strong><em>Retifica\u00e7\u00e3o vai alterar n\u00famero de vagas<\/em><\/strong><\/p>\n<p>A Pol\u00edcia Rodovi\u00e1ria Federal informou nesta quarta-feira, 28 de novembro, que o edital PRF publicado hoje com a oferta de 500 vagas\u00a0<em><strong>sofrer\u00e1 retifica\u00e7\u00e3o com rela\u00e7\u00e3o ao quantitativo de vagas<\/strong><\/em>. A informa\u00e7\u00e3o foi dada ao jornalismo do Estrat\u00e9gia Concursos na tarde desta quarta, 28, atrav\u00e9s de nota enviada por e-mail.<\/p>\n<p>At\u00e9 o momento da publica\u00e7\u00e3o desta reportagem a PRF n\u00e3o informou qual seria a altera\u00e7\u00e3o no n\u00famero de vagas. H\u00e1 rumores de que os estados foram mal organizados no quadro disponibilizado no edital em por conta disso, algumas Unidades da Federa\u00e7\u00e3o podem ter o n\u00famero de vagas modificado.<\/p>\n<h2>Principais datas &#8211; Edital PRF<\/h2>\n<p><strong>Inscri\u00e7\u00f5es:<\/strong> 03\/12 a 18\/12<br \/>\n<strong>Taxa:<\/strong> R$150<br \/>\n<strong>Pagamento da inscri\u00e7\u00e3o:<\/strong> At\u00e9 15\/01<br \/>\n<strong>Data da Prova:<\/strong> 03\/02<\/p>\n<p><img loading=\"lazy\" decoding=\"async\" class=\"alignnone size-full wp-image-127705\" src=\"https:\/\/dhg1h5j42swfq.cloudfront.net\/2018\/06\/20192923\/saiu-edital--e1530278784619.jpg\" alt=\"edital prf 2018\" width=\"400\" height=\"209\" \/><\/p>\n<h2>Requisitos do cargo<\/h2>\n<p>&#8211; O candidato precisa ter de 18 a 65 anos de idade<\/p>\n<p>&#8211; Ensino superior completo em qualquer \u00e1rea de forma\u00e7\u00e3o<\/p>\n<p>&#8211; Habilita\u00e7\u00e3o, na categoria B ou superior<\/p>\n<h2>Sobre o cargo<\/h2>\n<p>O cargo de Policia rodovi\u00e1ria federal foi criado em 23 de julho de 1935, sob o nome de inspetores de tr\u00e1fego. Por esse motivo, na data \u00e9 celebrado dia do Policial rodovi\u00e1rio federal.<\/p>\n<p><em>Est\u00e3o entre as atribui\u00e7\u00f5es dos policias as seguintes fun\u00e7\u00f5es:<\/em><\/p>\n<p>&#8211; Preservar a ordem, a seguran\u00e7a p\u00fablica e o patrim\u00f4nio da Uni\u00e3o, por meio do patrulhamento ostensivo das rodovias federais;<br \/>\n&#8211; Atuar na preven\u00e7\u00e3o de acidentes e realizar o atendimento a v\u00edtimas nas rodovias federais;<br \/>\n&#8211; Realizar o policiamento, a fiscaliza\u00e7\u00e3o e a inspe\u00e7\u00e3o do tr\u00e2nsito e do transporte de bens e pessoas;<br \/>\n&#8211; Exercer os poderes de autoridade de tr\u00e2nsito, autuando infratores, cobrando e arrecadando multas;<br \/>\n-Assegurar a livre circula\u00e7\u00e3o das vias, especialmente em casos de acidente de tr\u00e2nsito, manifesta\u00e7\u00f5es sociais e calamidades p\u00fablicas;<br \/>\n&#8211; Realizar a escolta de autoridades nacionais e internacionais, quando solicitado.<\/p>\n<h2>Etapas do concurso<\/h2>\n<p>O certame ser\u00e1 composto pelas seguintes etapas:<\/p>\n<p><em>a) Prova Objetiva<\/em><br \/>\n<em>b) Prova Discursiva<\/em><br \/>\n<em>c) Exame de Capacidade F\u00edsica<\/em><br \/>\n<em>d) Avalia\u00e7\u00e3o de Sa\u00fade<\/em><br \/>\n<em>e) Avalia\u00e7\u00e3o psicol\u00f3gica<\/em><br \/>\n<em>f) Avalia\u00e7\u00e3o de T\u00edtulos<\/em><br \/>\n<em>g) Investiga\u00e7\u00e3o Social<\/em><\/p>\n<p><span style=\"font-size: 18pt;\"><strong><em>Retifica\u00e7\u00e3o altera n\u00famero de vagas<\/em><\/strong><\/span><\/p>\n<p>A Pol\u00edcia Rodovi\u00e1ria Federal informou nesta quarta-feira, 28 de novembro, que o edital PRF publicado hoje com a oferta de 500 vagas\u00a0<em><strong>sofrer\u00e1 retifica\u00e7\u00e3o com rela\u00e7\u00e3o ao quantitativo de vagas<\/strong><\/em>. A informa\u00e7\u00e3o foi dada ao jornalismo do Estrat\u00e9gia Concursos na tarde desta quarta, 28, atrav\u00e9s de nota enviada por e-mail.<\/p>\n<p><em><strong>Destacados em vermelho est\u00e3o os estados que sofreram altera\u00e7\u00e3o no n\u00famero de vagas.<\/strong><\/em><\/p>\n<h2>Distribui\u00e7\u00e3o das vagas<\/h2>\n<p><span style=\"font-size: 18pt;\"><em>Acre &#8211; 17 vagas<\/em><\/span><br \/>\n<span style=\"font-size: 18pt; color: #ff6600;\"><em>Amazonas &#8211; 28 vagas<\/em><\/span><br \/>\n<span style=\"font-size: 18pt; color: #ff6600;\"><em>Amap\u00e1 &#8211; 23 vagas<\/em><\/span><br \/>\n<span style=\"font-size: 18pt;\"><em>Bahia &#8211; 17 vagas<\/em><\/span><br \/>\n<span style=\"font-size: 18pt;\"><em>GO &#8211; 27 vagas<\/em><\/span><br \/>\n<span style=\"font-size: 18pt;\"><em>Maranh\u00e3o &#8211; 18 vagas<\/em><\/span><br \/>\n<span style=\"font-size: 18pt; color: #ff6600;\"><em>Minas Gerais &#8211; 9 vagas<\/em><\/span><br \/>\n<span style=\"font-size: 18pt;\"><em>Mato Grosso do Sul &#8211; 35 vagas<\/em><\/span><br \/>\n<span style=\"font-size: 18pt; color: #ff6600;\"><em>Mato\u00a0 Grosso &#8211; 57 vagas<\/em><\/span><br \/>\n<span style=\"font-size: 18pt;\"><em>Par\u00e1 &#8211; 81 vagas<\/em><\/span><br \/>\n<span style=\"font-size: 18pt;\"><em>Piau\u00ed &#8211; 22 vagas<\/em><\/span><br \/>\n<span style=\"font-size: 18pt;\"><em>Rio de Janeiro &#8211; 10 vagas<\/em><\/span><br \/>\n<span style=\"font-size: 18pt; color: #ff6600;\"><em>Rond\u00f4nia &#8211; 74 vagas<\/em><\/span><br \/>\n<span style=\"font-size: 18pt; color: #ff6600;\"><em>Roraima &#8211; 15 vagas<\/em><\/span><br \/>\n<span style=\"font-size: 18pt; color: #ff6600;\"><em>Rio Grande do Sul &#8211; 23 vagas<\/em><\/span><br \/>\n<span style=\"font-size: 18pt;\"><em>S\u00e3o Paulo &#8211; 19 vagas<\/em><\/span><br \/>\n<span style=\"font-size: 18pt;\"><em>Tocantins &#8211; 25 vagas<\/em><\/span><\/p>\n<h2>Como vai ser a prova?<\/h2>\n<p>A prova objetiva, que ser\u00e1 aplicada no dia <strong>03 de fevereiro de 2019<\/strong>, ser\u00e1 composta por 120 quest\u00f5es, divididos em tr\u00eas blocos, que abordar\u00e3o conhecimentos b\u00e1sicos e espec\u00edficos.<\/p>\n<p><strong>*<\/strong><em>Todas as fases da primeira etapa, a avalia\u00e7\u00e3o biopsicossocial dos candidatos que solicitarem concorrer\u00a0\u00e0s vagas reservadas \u00e0s pessoas com defici\u00eancia e o procedimento de verifica\u00e7\u00e3o da condi\u00e7\u00e3o declarada\u00a0para concorrer \u00e0s vagas reservadas aos candidatos negros ser\u00e3o realizadas na capital da UF escolhida para\u00a0lota\u00e7\u00e3o<strong>.<\/strong><\/em><strong>*<\/strong><\/p>\n<p>Nesta etapa, os candidatos ter\u00e3o 4 horas e 30 minutos para responder os 120 itens, do tipo CERTO e ERRADO. Al\u00e9m da prova objetiva, os candidatos responde a uma prova discursiva, composta por uma quest\u00e3o com tema a ser discutido em 30 linhas.<\/p>\n<p><em>Bloco I:\u00a0 50 quest\u00f5es<\/em><br \/>\n<em>Bloco II: 40 quest\u00f5es<\/em><br \/>\n<em>Bloco III: 30 quest\u00f5es<\/em><\/p>\n<h2>O que vai cair na prova?<\/h2>\n<p><span style=\"font-size: 18pt;\"><em>L\u00edngua Portuguesa<\/em><\/span><br \/>\n<span style=\"font-size: 18pt;\"><em>Inform\u00e1tica<\/em><\/span><br \/>\n<span style=\"font-size: 18pt;\"><em>Racioc\u00ednio L\u00f3gico-Matem\u00e1tico<\/em><\/span><br \/>\n<span style=\"font-size: 18pt;\"><em>Inform\u00e1tica<\/em><\/span><br \/>\n<span style=\"font-size: 18pt;\"><em>No\u00e7\u00f5es de F\u00edsica<\/em><\/span><br \/>\n<span style=\"font-size: 18pt;\"><em>\u00c9tica no Servi\u00e7o P\u00fablico<\/em><\/span><br \/>\n<span style=\"font-size: 18pt;\"><em>Geopol\u00edtica Brasileira<\/em><\/span><br \/>\n<span style=\"font-size: 18pt;\"><em>Hist\u00f3ria da PRF<\/em><\/span><br \/>\n<span style=\"font-size: 18pt;\"><em>Legisla\u00e7\u00e3o de tr\u00e2nsito<\/em><\/span><br \/>\n<span style=\"font-size: 18pt;\"><em>No\u00e7\u00f5es de Direito Administrativo<br \/>\n<\/em>No\u00e7\u00f5es de direito Constitucional<\/span><br \/>\n<span style=\"font-size: 18pt;\"><em>No\u00e7\u00f5es de Direito Penal e Direito Processual Penal<\/em><\/span><br \/>\n<span style=\"font-size: 18pt;\"><em>Legisla\u00e7\u00e3o Especial<\/em><\/span><br \/>\n<span style=\"font-size: 18pt;\"><em>Direitos Humanos e Cidadania<\/em><\/span><\/p>\n<h2><strong>Teste de Aptid\u00e3o F\u00edsica (TAF)<\/strong><\/h2>\n<p>No teste de aptid\u00e3o f\u00edsica, ser\u00e3o cobrados quatro exerc\u00edcios. Confira a seguir:<\/p>\n<ul>\n<li>Flex\u00e3o em Barra Fixa<\/li>\n<li>Impuls\u00e3o Horizontal \u2013 Salto<\/li>\n<li>Flex\u00e3o Abdominal<\/li>\n<li>Corrida \u2013 12 minutos<\/li>\n<\/ul>\n<h2><strong>Avalia\u00e7\u00e3o Psicol\u00f3gica\u00a0<\/strong><\/h2>\n<p>Essa etapa consiste nos t\u00f3picos destacados abaixo. Vale lembrar que a etapa tem car\u00e1ter eliminat\u00f3rio:<\/p>\n<ul>\n<li>Bateria de testes e exames psicol\u00f3gicos para testar sua aptid\u00e3o para o cargo\n<ul>\n<li>Aten\u00e7\u00e3o<\/li>\n<li>Mem\u00f3ria<\/li>\n<li>Capacidade Intelectual<\/li>\n<li>Personalidade<\/li>\n<li>Resultado: Apto ou Inapto<\/li>\n<li>Cabe recurso\u00a0nos dois dias seguintes ao resultado<\/li>\n<\/ul>\n<\/li>\n<\/ul>\n<h2><strong>Investiga\u00e7\u00e3o Social<\/strong><\/h2>\n<ul>\n<li>Avalia\u00e7\u00e3o de informa\u00e7\u00f5es que permitam avaliar a sua idoneidade<\/li>\n<li>Apresenta\u00e7\u00e3o de documentos como o \u201cnada consta de antecedentes criminais\u201d<\/li>\n<\/ul>\n<h3>Avalia\u00e7\u00e3o de t\u00edtulos<\/h3>\n<p>Na avalia\u00e7\u00e3o de t\u00edtulos, os candidatos poder\u00e3o acumular at\u00e9 7 pontos.<\/p>\n<ul>\n<li><em><strong>Contam como t\u00edtulos: doutorados, mestrados, especializa\u00e7\u00f5es e exerc\u00edcio em cargos p\u00fablicos.\u00a0<\/strong><\/em><\/li>\n<\/ul>\n<article class=\"blog-post\">\n<div class=\"blog-post-text\">\n<h2>Vade Mecum | Legisla\u00e7\u00e3o Completa PRF<\/h2>\n<p>Pensando em voc\u00ea concurseiro, os professores do Estrat\u00e9gia se reuniram para te auxiliar a poupar o seu tempo e compilar toda a legisla\u00e7\u00e3o prevista no edital. Por isso, estamos disponibilizando a legisla\u00e7\u00e3o completa prevista para o concurso PRF.<\/p>\n<p><em><strong>Acesse o conte\u00fado de forma gratuita clicando no banner abaixo!\u00a0<\/strong><\/em><\/p>\n<p><a href=\"https:\/\/www.estrategiaconcursos.com.br\/gratis\/vade-mecum-prf\/\" target=\"_blank\" rel=\"noopener\"><img loading=\"lazy\" decoding=\"async\" class=\"alignnone wp-image-152244 size-full\" src=\"https:\/\/dhg1h5j42swfq.cloudfront.net\/2018\/11\/21162631\/BANNER-PRF-VADE-MECUM1.jpg\" sizes=\"auto, (max-width: 1200px) 100vw, 1200px\" srcset=\"https:\/\/dhg1h5j42swfq.cloudfront.net\/2018\/11\/21162631\/BANNER-PRF-VADE-MECUM1.jpg 1200w, https:\/\/www.estrategiaconcursos.com.br\/blog\/wp-content\/uploads\/2018\/11\/BANNER-PRF-VADE-MECUM1-300x75.jpg 300w, https:\/\/www.estrategiaconcursos.com.br\/blog\/wp-content\/uploads\/2018\/11\/BANNER-PRF-VADE-MECUM1-768x192.jpg 768w, https:\/\/www.estrategiaconcursos.com.br\/blog\/wp-content\/uploads\/2018\/11\/BANNER-PRF-VADE-MECUM1-1024x256.jpg 1024w, https:\/\/www.estrategiaconcursos.com.br\/blog\/wp-content\/uploads\/2018\/11\/BANNER-PRF-VADE-MECUM1-610x153.jpg 610w\" alt=\"\" width=\"1200\" height=\"300\" \/><\/a><\/p>\n<p>&nbsp;<\/p>\n<p style=\"text-align: center;\"><span style=\"font-size: 14pt;\"><strong><em>Prepare-se e estude o quanto antes para o novo concurso da PRF que est\u00e1 previsto para 2018.<\/em><\/strong><\/span><\/p>\n<h2 style=\"text-align: center;\"><a href=\"https:\/\/www.estrategiaconcursos.com.br\/curso\/pacote-completo-p-prf-policial-rodoviario-federal-2017-com-videoaulas\/\" target=\"_blank\" rel=\"noopener\"><strong>CURSOS PARA CONCURSO PRF 2018<\/strong><\/a><\/h2>\n<\/div>\n<\/article>\n<div class=\"blog-share\">\n<div class=\"blog-share-social\"><\/div>\n<\/div>\n<p><img loading=\"lazy\" decoding=\"async\" class=\"alignnone size-full wp-image-68542\" src=\"https:\/\/dhg1h5j42swfq.cloudfront.net\/2017\/03\/28152500\/coruja-ficha-tecnica-300x102.png\" alt=\"Ficha t\u00e9cnica\" width=\"300\" height=\"102\" \/><\/p>\n<p><span style=\"font-size: 14pt;\"><strong>Informa\u00e7\u00f5es do edital PRF 2018<\/strong><\/span><\/p>\n<p>\u25ba<strong>Data prevista da prova<\/strong>: 3 de fevereiro<br \/>\n\u25ba<strong>Vagas<\/strong>: <span style=\"color: #000000;\"><em>500 vagas<\/em><\/span><br \/>\n\u25ba<strong>Cargos<\/strong>:\u00a0Policial Rodovi\u00e1rio Federal<br \/>\n\u25ba<strong>Lota\u00e7\u00f5es<\/strong>: nacional<br \/>\n\u25ba<strong>Banca<\/strong>: Cespe<br \/>\n\u25ba<strong>Escolaridade<\/strong>: N\u00edvel Superior<\/p>\n<p>\u25ba<strong>Cursos Estrat\u00e9gia Concursos<\/strong>: <strong><a href=\"https:\/\/www.estrategiaconcursos.com.br\/cursosPorConcurso\/prf-policial-rodoviario-federal\/\" target=\"_blank\" rel=\"noopener\">CURSOS PARA CONCURSO PRF 2018<\/a><\/strong><br \/>\n\u25ba<strong>Edital<\/strong>:\u00a0<strong><a href=\"https:\/\/www.estrategiaconcursos.com.br\/blog\/wp-content\/uploads\/2018\/11\/ED_1_PRF_2018_ABT.pdf\" target=\"_blank\" rel=\"noopener\">Edital-PRF 2018<\/a>\u00a0<\/strong><\/p>\n<p>Fernanda Brito<br \/>\n<em>Ascom Estrat\u00e9gia<\/em><br \/>\nascomestrategia@gmail.com<\/p>\n","protected":false},"excerpt":{"rendered":"<p>Edital PRF oferta vagas para v\u00e1rios estados; provas em 03\/02 Foi publicado o t\u00e3o esperado edital do concurso da Pol\u00edcia Rodovi\u00e1ria Federal. O documento foi divulgado\u00a0nesta quarta-feira, 28 de novembro, no Di\u00e1rio Oficial da Uni\u00e3o e oferta 500 vagas imediatas para o cargo de Policial Federal Rodovi\u00e1rio. Para que voc\u00ea fique por dentro de todos [&hellip;]<\/p>\n","protected":false},"author":552,"featured_media":127705,"comment_status":"open","ping_status":"closed","sticky":false,"template":"","format":"standard","meta":{"post_tipo":"article","footnotes":""},"categories":[1],"tags":[],"tax_estado":[],"class_list":["post-145222","post","type-post","status-publish","format-standard","has-post-thumbnail","hentry","category-cursos-e-concursos"],"acf":[],"yoast_head":"<!-- This site is optimized with the Yoast SEO Premium plugin v27.2 (Yoast SEO v27.2) - https:\/\/yoast.com\/product\/yoast-seo-premium-wordpress\/ -->\n<title>Edital PRF 2018: PUBLICADO edital com 500 vagas para Policial Rodovi\u00e1rio<\/title>\n<meta name=\"description\" content=\"Edital PRF 2018: Edital com 500 vagas de concurso p\u00fablico para Policial Rodovi\u00e1rio Federal \u00e9 publicado nesta quarta-feira (28). Provas em fevereiro.\" \/>\n<meta name=\"robots\" content=\"index, follow, max-snippet:-1, max-image-preview:large, max-video-preview:-1\" \/>\n<link rel=\"canonical\" href=\"https:\/\/www.estrategiaconcursos.com.br\/blog\/edital-prf-2018\/\" \/>\n<meta property=\"og:locale\" content=\"pt_BR\" \/>\n<meta property=\"og:type\" content=\"article\" \/>\n<meta property=\"og:title\" content=\"Edital PRF 2018: publicado edital com 500 vagas para o cargo de Policial Rodovi\u00e1ria Federal\" \/>\n<meta property=\"og:description\" content=\"Edital PRF 2018: Edital com 500 vagas de concurso p\u00fablico para Policial Rodovi\u00e1rio Federal \u00e9 publicado nesta quarta-feira (28). Provas em fevereiro.\" \/>\n<meta property=\"og:url\" content=\"https:\/\/www.estrategiaconcursos.com.br\/blog\/edital-prf-2018\/\" \/>\n<meta property=\"og:site_name\" content=\"Estrat\u00e9gia Concursos\" \/>\n<meta property=\"article:published_time\" content=\"2018-11-28T20:00:14+00:00\" \/>\n<meta property=\"article:modified_time\" content=\"2018-12-04T18:38:17+00:00\" \/>\n<meta property=\"og:image\" content=\"https:\/\/dhg1h5j42swfq.cloudfront.net\/2018\/06\/20192923\/saiu-edital--e1530278784619.jpg\" \/>\n\t<meta property=\"og:image:width\" content=\"400\" \/>\n\t<meta property=\"og:image:height\" content=\"209\" \/>\n\t<meta property=\"og:image:type\" content=\"image\/jpeg\" \/>\n<meta name=\"author\" content=\"Paulo Bilynskyj\" \/>\n<meta name=\"twitter:card\" content=\"summary_large_image\" \/>\n<meta name=\"twitter:creator\" content=\"@EstratConcursos\" \/>\n<meta name=\"twitter:site\" content=\"@EstratConcursos\" \/>\n<meta name=\"twitter:label1\" content=\"Escrito por\" \/>\n\t<meta name=\"twitter:data1\" content=\"Paulo Bilynskyj\" \/>\n\t<meta name=\"twitter:label2\" content=\"Est. tempo de leitura\" \/>\n\t<meta name=\"twitter:data2\" content=\"6 minutos\" \/>\n<script type=\"application\/ld+json\" class=\"yoast-schema-graph\">{\"@context\":\"https:\/\/schema.org\",\"@graph\":[{\"@type\":\"NewsArticle\",\"@id\":\"https:\/\/www.estrategiaconcursos.com.br\/blog\/edital-prf-2018\/#article\",\"isPartOf\":{\"@id\":\"https:\/\/www.estrategiaconcursos.com.br\/blog\/edital-prf-2018\/\"},\"author\":{\"name\":\"Paulo Bilynskyj\",\"@id\":\"https:\/\/www.estrategiaconcursos.com.br\/blog\/#\/schema\/person\/a630b15e36f45b4c21fed01219843cb5\"},\"headline\":\"Edital PRF 2018: publicado edital com 500 vagas para o cargo de Policial Rodovi\u00e1ria Federal\",\"datePublished\":\"2018-11-28T20:00:14+00:00\",\"dateModified\":\"2018-12-04T18:38:17+00:00\",\"mainEntityOfPage\":{\"@id\":\"https:\/\/www.estrategiaconcursos.com.br\/blog\/edital-prf-2018\/\"},\"wordCount\":1184,\"commentCount\":32,\"publisher\":{\"@id\":\"https:\/\/www.estrategiaconcursos.com.br\/blog\/#organization\"},\"image\":{\"@id\":\"https:\/\/www.estrategiaconcursos.com.br\/blog\/edital-prf-2018\/#primaryimage\"},\"thumbnailUrl\":\"https:\/\/dhg1h5j42swfq.cloudfront.net\/2018\/06\/20192923\/saiu-edital--e1530278784619.jpg\",\"articleSection\":[\"Concursos P\u00fablicos\"],\"inLanguage\":\"pt-BR\",\"potentialAction\":[{\"@type\":\"CommentAction\",\"name\":\"Comment\",\"target\":[\"https:\/\/www.estrategiaconcursos.com.br\/blog\/edital-prf-2018\/#respond\"]}],\"copyrightYear\":\"2018\",\"copyrightHolder\":{\"@id\":\"https:\/\/www.estrategiaconcursos.com.br\/blog\/#organization\"}},{\"@type\":\"WebPage\",\"@id\":\"https:\/\/www.estrategiaconcursos.com.br\/blog\/edital-prf-2018\/\",\"url\":\"https:\/\/www.estrategiaconcursos.com.br\/blog\/edital-prf-2018\/\",\"name\":\"Edital PRF 2018: PUBLICADO edital com 500 vagas para Policial Rodovi\u00e1rio\",\"isPartOf\":{\"@id\":\"https:\/\/www.estrategiaconcursos.com.br\/blog\/#website\"},\"primaryImageOfPage\":{\"@id\":\"https:\/\/www.estrategiaconcursos.com.br\/blog\/edital-prf-2018\/#primaryimage\"},\"image\":{\"@id\":\"https:\/\/www.estrategiaconcursos.com.br\/blog\/edital-prf-2018\/#primaryimage\"},\"thumbnailUrl\":\"https:\/\/dhg1h5j42swfq.cloudfront.net\/2018\/06\/20192923\/saiu-edital--e1530278784619.jpg\",\"datePublished\":\"2018-11-28T20:00:14+00:00\",\"dateModified\":\"2018-12-04T18:38:17+00:00\",\"description\":\"Edital PRF 2018: Edital com 500 vagas de concurso p\u00fablico para Policial Rodovi\u00e1rio Federal \u00e9 publicado nesta quarta-feira (28). Provas em fevereiro.\",\"breadcrumb\":{\"@id\":\"https:\/\/www.estrategiaconcursos.com.br\/blog\/edital-prf-2018\/#breadcrumb\"},\"inLanguage\":\"pt-BR\",\"potentialAction\":[{\"@type\":\"ReadAction\",\"target\":[\"https:\/\/www.estrategiaconcursos.com.br\/blog\/edital-prf-2018\/\"]}]},{\"@type\":\"ImageObject\",\"inLanguage\":\"pt-BR\",\"@id\":\"https:\/\/www.estrategiaconcursos.com.br\/blog\/edital-prf-2018\/#primaryimage\",\"url\":\"https:\/\/dhg1h5j42swfq.cloudfront.net\/2018\/06\/20192923\/saiu-edital--e1530278784619.jpg\",\"contentUrl\":\"https:\/\/dhg1h5j42swfq.cloudfront.net\/2018\/06\/20192923\/saiu-edital--e1530278784619.jpg\",\"width\":400,\"height\":209,\"caption\":\"concurso procurador bayeux PB\"},{\"@type\":\"BreadcrumbList\",\"@id\":\"https:\/\/www.estrategiaconcursos.com.br\/blog\/edital-prf-2018\/#breadcrumb\",\"itemListElement\":[{\"@type\":\"ListItem\",\"position\":1,\"name\":\"In\u00edcio\",\"item\":\"https:\/\/www.estrategiaconcursos.com.br\/blog\/\"},{\"@type\":\"ListItem\",\"position\":2,\"name\":\"Edital PRF 2018: publicado edital com 500 vagas para o cargo de Policial Rodovi\u00e1ria Federal\"}]},{\"@type\":\"WebSite\",\"@id\":\"https:\/\/www.estrategiaconcursos.com.br\/blog\/#website\",\"url\":\"https:\/\/www.estrategiaconcursos.com.br\/blog\/\",\"name\":\"Estrat\u00e9gia Concursos\",\"description\":\"O blog da Estrat\u00e9gia Concursos traz not\u00edcias sobre concursos e artigos de professores oferecendo cursos para concursos (pdf + videaulas) no site.\",\"publisher\":{\"@id\":\"https:\/\/www.estrategiaconcursos.com.br\/blog\/#organization\"},\"potentialAction\":[{\"@type\":\"SearchAction\",\"target\":{\"@type\":\"EntryPoint\",\"urlTemplate\":\"https:\/\/www.estrategiaconcursos.com.br\/blog\/?s={search_term_string}\"},\"query-input\":{\"@type\":\"PropertyValueSpecification\",\"valueRequired\":true,\"valueName\":\"search_term_string\"}}],\"inLanguage\":\"pt-BR\"},{\"@type\":\"Organization\",\"@id\":\"https:\/\/www.estrategiaconcursos.com.br\/blog\/#organization\",\"name\":\"Estrat\u00e9gia Concursos\",\"url\":\"https:\/\/www.estrategiaconcursos.com.br\/blog\/\",\"logo\":{\"@type\":\"ImageObject\",\"inLanguage\":\"pt-BR\",\"@id\":\"https:\/\/www.estrategiaconcursos.com.br\/blog\/#\/schema\/logo\/image\/\",\"url\":\"https:\/\/dhg1h5j42swfq.cloudfront.net\/2025\/06\/03203428\/logo_concursos-1.jpg\",\"contentUrl\":\"https:\/\/dhg1h5j42swfq.cloudfront.net\/2025\/06\/03203428\/logo_concursos-1.jpg\",\"width\":230,\"height\":60,\"caption\":\"Estrat\u00e9gia Concursos\"},\"image\":{\"@id\":\"https:\/\/www.estrategiaconcursos.com.br\/blog\/#\/schema\/logo\/image\/\"},\"sameAs\":[\"https:\/\/x.com\/EstratConcursos\"]},{\"@type\":\"Person\",\"@id\":\"https:\/\/www.estrategiaconcursos.com.br\/blog\/#\/schema\/person\/a630b15e36f45b4c21fed01219843cb5\",\"name\":\"Paulo Bilynskyj\",\"image\":{\"@type\":\"ImageObject\",\"inLanguage\":\"pt-BR\",\"@id\":\"https:\/\/secure.gravatar.com\/avatar\/37e21f70c9042e7456beffdc6d31fe051f3f6dcbf252f69343a791b144852057?s=96&d=mm&r=g\",\"url\":\"https:\/\/secure.gravatar.com\/avatar\/37e21f70c9042e7456beffdc6d31fe051f3f6dcbf252f69343a791b144852057?s=96&d=mm&r=g\",\"contentUrl\":\"https:\/\/secure.gravatar.com\/avatar\/37e21f70c9042e7456beffdc6d31fe051f3f6dcbf252f69343a791b144852057?s=96&d=mm&r=g\",\"caption\":\"Paulo Bilynskyj\"},\"url\":\"https:\/\/www.estrategiaconcursos.com.br\/blog\/author\/pbilynskyjgmail-com\/\"}]}<\/script>\n<!-- \/ Yoast SEO Premium plugin. -->","yoast_head_json":{"title":"Edital PRF 2018: PUBLICADO edital com 500 vagas para Policial Rodovi\u00e1rio","description":"Edital PRF 2018: Edital com 500 vagas de concurso p\u00fablico para Policial Rodovi\u00e1rio Federal \u00e9 publicado nesta quarta-feira (28). Provas em fevereiro.","robots":{"index":"index","follow":"follow","max-snippet":"max-snippet:-1","max-image-preview":"max-image-preview:large","max-video-preview":"max-video-preview:-1"},"canonical":"https:\/\/www.estrategiaconcursos.com.br\/blog\/edital-prf-2018\/","og_locale":"pt_BR","og_type":"article","og_title":"Edital PRF 2018: publicado edital com 500 vagas para o cargo de Policial Rodovi\u00e1ria Federal","og_description":"Edital PRF 2018: Edital com 500 vagas de concurso p\u00fablico para Policial Rodovi\u00e1rio Federal \u00e9 publicado nesta quarta-feira (28). Provas em fevereiro.","og_url":"https:\/\/www.estrategiaconcursos.com.br\/blog\/edital-prf-2018\/","og_site_name":"Estrat\u00e9gia Concursos","article_published_time":"2018-11-28T20:00:14+00:00","article_modified_time":"2018-12-04T18:38:17+00:00","og_image":[{"width":400,"height":209,"url":"https:\/\/dhg1h5j42swfq.cloudfront.net\/2018\/06\/20192923\/saiu-edital--e1530278784619.jpg","type":"image\/jpeg"}],"author":"Paulo Bilynskyj","twitter_card":"summary_large_image","twitter_creator":"@EstratConcursos","twitter_site":"@EstratConcursos","twitter_misc":{"Escrito por":"Paulo Bilynskyj","Est. tempo de leitura":"6 minutos"},"schema":{"@context":"https:\/\/schema.org","@graph":[{"@type":"NewsArticle","@id":"https:\/\/www.estrategiaconcursos.com.br\/blog\/edital-prf-2018\/#article","isPartOf":{"@id":"https:\/\/www.estrategiaconcursos.com.br\/blog\/edital-prf-2018\/"},"author":{"name":"Paulo Bilynskyj","@id":"https:\/\/www.estrategiaconcursos.com.br\/blog\/#\/schema\/person\/a630b15e36f45b4c21fed01219843cb5"},"headline":"Edital PRF 2018: publicado edital com 500 vagas para o cargo de Policial Rodovi\u00e1ria Federal","datePublished":"2018-11-28T20:00:14+00:00","dateModified":"2018-12-04T18:38:17+00:00","mainEntityOfPage":{"@id":"https:\/\/www.estrategiaconcursos.com.br\/blog\/edital-prf-2018\/"},"wordCount":1184,"commentCount":32,"publisher":{"@id":"https:\/\/www.estrategiaconcursos.com.br\/blog\/#organization"},"image":{"@id":"https:\/\/www.estrategiaconcursos.com.br\/blog\/edital-prf-2018\/#primaryimage"},"thumbnailUrl":"https:\/\/dhg1h5j42swfq.cloudfront.net\/2018\/06\/20192923\/saiu-edital--e1530278784619.jpg","articleSection":["Concursos P\u00fablicos"],"inLanguage":"pt-BR","potentialAction":[{"@type":"CommentAction","name":"Comment","target":["https:\/\/www.estrategiaconcursos.com.br\/blog\/edital-prf-2018\/#respond"]}],"copyrightYear":"2018","copyrightHolder":{"@id":"https:\/\/www.estrategiaconcursos.com.br\/blog\/#organization"}},{"@type":"WebPage","@id":"https:\/\/www.estrategiaconcursos.com.br\/blog\/edital-prf-2018\/","url":"https:\/\/www.estrategiaconcursos.com.br\/blog\/edital-prf-2018\/","name":"Edital PRF 2018: PUBLICADO edital com 500 vagas para Policial Rodovi\u00e1rio","isPartOf":{"@id":"https:\/\/www.estrategiaconcursos.com.br\/blog\/#website"},"primaryImageOfPage":{"@id":"https:\/\/www.estrategiaconcursos.com.br\/blog\/edital-prf-2018\/#primaryimage"},"image":{"@id":"https:\/\/www.estrategiaconcursos.com.br\/blog\/edital-prf-2018\/#primaryimage"},"thumbnailUrl":"https:\/\/dhg1h5j42swfq.cloudfront.net\/2018\/06\/20192923\/saiu-edital--e1530278784619.jpg","datePublished":"2018-11-28T20:00:14+00:00","dateModified":"2018-12-04T18:38:17+00:00","description":"Edital PRF 2018: Edital com 500 vagas de concurso p\u00fablico para Policial Rodovi\u00e1rio Federal \u00e9 publicado nesta quarta-feira (28). Provas em fevereiro.","breadcrumb":{"@id":"https:\/\/www.estrategiaconcursos.com.br\/blog\/edital-prf-2018\/#breadcrumb"},"inLanguage":"pt-BR","potentialAction":[{"@type":"ReadAction","target":["https:\/\/www.estrategiaconcursos.com.br\/blog\/edital-prf-2018\/"]}]},{"@type":"ImageObject","inLanguage":"pt-BR","@id":"https:\/\/www.estrategiaconcursos.com.br\/blog\/edital-prf-2018\/#primaryimage","url":"https:\/\/dhg1h5j42swfq.cloudfront.net\/2018\/06\/20192923\/saiu-edital--e1530278784619.jpg","contentUrl":"https:\/\/dhg1h5j42swfq.cloudfront.net\/2018\/06\/20192923\/saiu-edital--e1530278784619.jpg","width":400,"height":209,"caption":"concurso procurador bayeux PB"},{"@type":"BreadcrumbList","@id":"https:\/\/www.estrategiaconcursos.com.br\/blog\/edital-prf-2018\/#breadcrumb","itemListElement":[{"@type":"ListItem","position":1,"name":"In\u00edcio","item":"https:\/\/www.estrategiaconcursos.com.br\/blog\/"},{"@type":"ListItem","position":2,"name":"Edital PRF 2018: publicado edital com 500 vagas para o cargo de Policial Rodovi\u00e1ria Federal"}]},{"@type":"WebSite","@id":"https:\/\/www.estrategiaconcursos.com.br\/blog\/#website","url":"https:\/\/www.estrategiaconcursos.com.br\/blog\/","name":"Estrat\u00e9gia Concursos","description":"O blog da Estrat\u00e9gia Concursos traz not\u00edcias sobre concursos e artigos de professores oferecendo cursos para concursos (pdf + videaulas) no site.","publisher":{"@id":"https:\/\/www.estrategiaconcursos.com.br\/blog\/#organization"},"potentialAction":[{"@type":"SearchAction","target":{"@type":"EntryPoint","urlTemplate":"https:\/\/www.estrategiaconcursos.com.br\/blog\/?s={search_term_string}"},"query-input":{"@type":"PropertyValueSpecification","valueRequired":true,"valueName":"search_term_string"}}],"inLanguage":"pt-BR"},{"@type":"Organization","@id":"https:\/\/www.estrategiaconcursos.com.br\/blog\/#organization","name":"Estrat\u00e9gia Concursos","url":"https:\/\/www.estrategiaconcursos.com.br\/blog\/","logo":{"@type":"ImageObject","inLanguage":"pt-BR","@id":"https:\/\/www.estrategiaconcursos.com.br\/blog\/#\/schema\/logo\/image\/","url":"https:\/\/dhg1h5j42swfq.cloudfront.net\/2025\/06\/03203428\/logo_concursos-1.jpg","contentUrl":"https:\/\/dhg1h5j42swfq.cloudfront.net\/2025\/06\/03203428\/logo_concursos-1.jpg","width":230,"height":60,"caption":"Estrat\u00e9gia Concursos"},"image":{"@id":"https:\/\/www.estrategiaconcursos.com.br\/blog\/#\/schema\/logo\/image\/"},"sameAs":["https:\/\/x.com\/EstratConcursos"]},{"@type":"Person","@id":"https:\/\/www.estrategiaconcursos.com.br\/blog\/#\/schema\/person\/a630b15e36f45b4c21fed01219843cb5","name":"Paulo Bilynskyj","image":{"@type":"ImageObject","inLanguage":"pt-BR","@id":"https:\/\/secure.gravatar.com\/avatar\/37e21f70c9042e7456beffdc6d31fe051f3f6dcbf252f69343a791b144852057?s=96&d=mm&r=g","url":"https:\/\/secure.gravatar.com\/avatar\/37e21f70c9042e7456beffdc6d31fe051f3f6dcbf252f69343a791b144852057?s=96&d=mm&r=g","contentUrl":"https:\/\/secure.gravatar.com\/avatar\/37e21f70c9042e7456beffdc6d31fe051f3f6dcbf252f69343a791b144852057?s=96&d=mm&r=g","caption":"Paulo Bilynskyj"},"url":"https:\/\/www.estrategiaconcursos.com.br\/blog\/author\/pbilynskyjgmail-com\/"}]}},"_links":{"self":[{"href":"https:\/\/www.estrategiaconcursos.com.br\/blog\/wp-json\/wp\/v2\/posts\/145222","targetHints":{"allow":["GET"]}}],"collection":[{"href":"https:\/\/www.estrategiaconcursos.com.br\/blog\/wp-json\/wp\/v2\/posts"}],"about":[{"href":"https:\/\/www.estrategiaconcursos.com.br\/blog\/wp-json\/wp\/v2\/types\/post"}],"author":[{"embeddable":true,"href":"https:\/\/www.estrategiaconcursos.com.br\/blog\/wp-json\/wp\/v2\/users\/552"}],"replies":[{"embeddable":true,"href":"https:\/\/www.estrategiaconcursos.com.br\/blog\/wp-json\/wp\/v2\/comments?post=145222"}],"version-history":[{"count":26,"href":"https:\/\/www.estrategiaconcursos.com.br\/blog\/wp-json\/wp\/v2\/posts\/145222\/revisions"}],"predecessor-version":[{"id":154131,"href":"https:\/\/www.estrategiaconcursos.com.br\/blog\/wp-json\/wp\/v2\/posts\/145222\/revisions\/154131"}],"wp:featuredmedia":[{"embeddable":true,"href":"https:\/\/www.estrategiaconcursos.com.br\/blog\/wp-json\/wp\/v2\/media\/127705"}],"wp:attachment":[{"href":"https:\/\/www.estrategiaconcursos.com.br\/blog\/wp-json\/wp\/v2\/media?parent=145222"}],"wp:term":[{"taxonomy":"category","embeddable":true,"href":"https:\/\/www.estrategiaconcursos.com.br\/blog\/wp-json\/wp\/v2\/categories?post=145222"},{"taxonomy":"post_tag","embeddable":true,"href":"https:\/\/www.estrategiaconcursos.com.br\/blog\/wp-json\/wp\/v2\/tags?post=145222"},{"taxonomy":"tax_estado","embeddable":true,"href":"https:\/\/www.estrategiaconcursos.com.br\/blog\/wp-json\/wp\/v2\/tax_estado?post=145222"}],"curies":[{"name":"wp","href":"https:\/\/api.w.org\/{rel}","templated":true}]}}