{"id":1450247,"date":"2024-09-10T14:21:00","date_gmt":"2024-09-10T17:21:00","guid":{"rendered":"https:\/\/www.estrategiaconcursos.com.br\/blog\/?p=1450247"},"modified":"2024-08-27T20:05:48","modified_gmt":"2024-08-27T23:05:48","slug":"nota-fiscal-sefaz-sp","status":"publish","type":"post","link":"https:\/\/www.estrategiaconcursos.com.br\/blog\/nota-fiscal-sefaz-sp\/","title":{"rendered":"Nota Fiscal para SEFAZ-SP: Ajuste SINIEF 07\/05"},"content":{"rendered":"\n<p>Ol\u00e1, pessoal. Tudo certo? No artigo de hoje veremos o resumo sobre Nota Fiscal para SEFAZ-SP: Ajuste SINIEF 07\/05, <a href=\"https:\/\/www.confaz.fazenda.gov.br\/legislacao\/ajustes\/2005\/AJ007_05\">ajuste que instituiu a Nota Fiscal Eletr\u00f4nica (NF-e) e o Documento Auxiliar da Nota Fiscal Eletr\u00f4nica (DANFE)<\/a>.<\/p>\n\n\n\n<p>O artigo ser\u00e1 divido da seguinte forma:<\/p>\n\n\n\n<ul class=\"wp-block-list\">\n<li>Conceitos<\/li>\n\n\n\n<li>NF-e<\/li>\n\n\n\n<li>Autoriza\u00e7\u00e3o de Uso<\/li>\n\n\n\n<li>An\u00e1lise da Autoriza\u00e7\u00e3o de Uso<\/li>\n<\/ul>\n\n\n\n<p>Vamos l\u00e1?<\/p>\n\n\n\n<h2 class=\"wp-block-heading\">Conceitos<\/h2>\n\n\n\n<p>Iniciando o resumo sobre Nota Fiscal para SEFAZ-SP, vamos definir o que \u00e9 a NF-e.<\/p>\n\n\n\n<p><strong><mark style=\"background-color:rgba(0, 0, 0, 0)\" class=\"has-inline-color has-vivid-cyan-blue-color\">NF-e<\/mark>:<\/strong>\u00a0documento emitido e armazenado\u00a0eletronicamente, de exist\u00eancia\u00a0<strong>apenas digital<\/strong>, com o intuito de\u00a0documentar opera\u00e7\u00f5es e presta\u00e7\u00f5es, cuja\u00a0validade jur\u00eddica\u00a0\u00e9 garantida por uma <strong>assinatura eletr\u00f4nica qualificada <\/strong>e pela <strong>autoriza\u00e7\u00e3o<\/strong> de uso por parte da administra\u00e7\u00e3o tribut\u00e1ria da UF do contribuinte,\u00a0<strong>antes\u00a0da ocorr\u00eancia do fato gerador.<\/strong><\/p>\n\n\n\n<p>Para que n\u00e3o haja confus\u00e3o, vamos diferenciar os documentos<\/p>\n\n\n\n<ul class=\"wp-block-list\">\n<li><strong><mark style=\"background-color:rgba(0, 0, 0, 0)\" class=\"has-inline-color has-vivid-green-cyan-color\">Nota Fiscal Eletr\u00f4nica<\/mark> (NF-e)<\/strong> &#8211; modelo 55: exclusivamente digital (arquivo XML), utilizado para <strong>opera\u00e7\u00e3o<\/strong> de circula\u00e7\u00e3o de mercadorias ou presta\u00e7\u00e3o de servi\u00e7os com ICMS e\/ou IPI.<\/li>\n<\/ul>\n\n\n\n<ul class=\"wp-block-list\">\n<li><strong><mark style=\"background-color:rgba(0, 0, 0, 0)\" class=\"has-inline-color has-vivid-green-cyan-color\">Nota Fiscal Avulsa Eletr\u00f4nica <\/mark>(NFA-e) <\/strong>&#8211; modelo 55: emitida em servi\u00e7o do fisco com <strong>assinatura digital da administra\u00e7\u00e3o tribut\u00e1ria<\/strong>. Utilizada em situa\u00e7\u00e3o espor\u00e1dica ou eventual<\/li>\n<\/ul>\n\n\n\n<ul class=\"wp-block-list\">\n<li><strong><mark style=\"background-color:rgba(0, 0, 0, 0)\" class=\"has-inline-color has-vivid-green-cyan-color\">Nota Fiscal de Consumidor Eletr\u00f4nica<\/mark> (NFC-e) <\/strong>&#8211; modelo 65: exclusivamente digital (arquivo XML). \u00c9 o documento <strong>utilizado para venda a consumidor final<\/strong>, sem gera\u00e7\u00e3o de cr\u00e9dito ao adquirente.<\/li>\n<\/ul>\n\n\n\n<p>Ainda, temos a figura da <strong><mark style=\"background-color:rgba(0, 0, 0, 0)\" class=\"has-inline-color has-vivid-purple-color\">DANFE <\/mark>(Documento Auxiliar da Nota Fiscal Eletr\u00f4nica),<\/strong> que \u00e9 um documento fiscal auxiliar (cont\u00e9m a chave de acesso da NF-e) e que \u00e9 impresso para acompanhar o transporte de mercadorias.<\/p>\n\n\n\n<h2 class=\"wp-block-heading\">NF-e<\/h2>\n\n\n\n<p>Continuemos no resumo sobre Nota Fiscal para SEFAZ-SP, agora vamos aprofundar sobre a <strong><mark style=\"background-color:rgba(0, 0, 0, 0)\" class=\"has-inline-color has-vivid-cyan-blue-color\">NF-e<\/mark>.<\/strong><\/p>\n\n\n\n<p><strong><mark style=\"background-color:rgba(0, 0, 0, 0)\" class=\"has-inline-color has-vivid-green-cyan-color\">Caracter\u00edsticas:<\/mark><\/strong><\/p>\n\n\n\n<ul class=\"wp-block-list\">\n<li>Apenas digital, no <strong>padr\u00e3o XML<\/strong>.<\/li>\n\n\n\n<li>Utilizada pelos contribuintes do\u00a0<strong>IPI ou ICMS<\/strong>\u00a0em substitui\u00e7\u00e3o \u00e0 Nota Fiscal, modelo\u00a0<strong>1 ou 1-A<\/strong> e \u00e0 Nota Fiscal de\u00a0<strong>Produtor<\/strong>, modelo\u00a0<strong>4<\/strong>.\u00a0<\/li>\n\n\n\n<li>A nota fiscal s\u00f3 \u00e9 considerada v\u00e1lida ap\u00f3s ser transmitida para a SEFAZ e autorizada.<\/li>\n\n\n\n<li>A <strong>numera\u00e7\u00e3o da NF-e<\/strong> ser\u00e1 sequencial de 1 a 999.999.999, por estabelecimento e por s\u00e9rie, devendo ser reiniciada quando atingido esse limite; <strong>\u00c9 vedada a utiliza\u00e7\u00e3o de subs\u00e9ries<\/strong>.<\/li>\n\n\n\n<li>A NF-e pode ser consultada por qualquer pessoa na internet, utilizando a chave de acesso<\/li>\n\n\n\n<li>A emiss\u00e3o da NF-e \u00e9 obrigat\u00f3ria para a maioria das opera\u00e7\u00f5es comerciais e est\u00e1 vinculada a outras obriga\u00e7\u00f5es acess\u00f3rias, como a entrega do SPED Fiscal.<\/li>\n\n\n\n<li>Cada NF-e possui uma <strong>chave de acesso \u00fanica<\/strong> composta por 44 d\u00edgitos, utilizada para identificar e consultar o documento.<\/li>\n<\/ul>\n\n\n\n<p>Falando sobre a chave de acesso, vamos aprofundar.<\/p>\n\n\n\n<p><strong><mark style=\"background-color:rgba(0, 0, 0, 0)\" class=\"has-inline-color has-vivid-purple-color\">Chave de Acesso:<\/mark><\/strong><\/p>\n\n\n\n<figure class=\"wp-block-image aligncenter size-full is-resized\"><img loading=\"lazy\" decoding=\"async\" width=\"886\" height=\"127\" src=\"https:\/\/dhg1h5j42swfq.cloudfront.net\/2024\/08\/23095305\/image-526.png\" alt=\"Ajuste SINIEF 07\/05 para SEFAZ-SP\" class=\"wp-image-1450248\" style=\"width:724px;height:auto\" srcset=\"https:\/\/dhg1h5j42swfq.cloudfront.net\/2024\/08\/23095305\/image-526.png 886w, https:\/\/dhg1h5j42swfq.cloudfront.net\/2024\/08\/23095305\/image-526-300x43.png 300w, https:\/\/dhg1h5j42swfq.cloudfront.net\/2024\/08\/23095305\/image-526-768x110.png 768w, https:\/\/dhg1h5j42swfq.cloudfront.net\/2024\/08\/23095305\/image-526-610x87.png 610w, https:\/\/dhg1h5j42swfq.cloudfront.net\/2024\/08\/23095305\/image-526-150x22.png 150w\" sizes=\"auto, (max-width: 886px) 100vw, 886px\" \/><\/figure>\n\n\n\n<ul class=\"wp-block-list\">\n<li>cUF \u2013 C\u00f3digo da UF do emitente do Documento Fiscal<\/li>\n\n\n\n<li>AAMM \u2013 Ano e M\u00eas de emiss\u00e3o da NF-e<\/li>\n\n\n\n<li>CNPJ \u2013 CNPJ do emitente<\/li>\n\n\n\n<li>mod \u2013 Modelo do Documento Fiscal<\/li>\n\n\n\n<li>serie \u2013 S\u00e9rie do Documento Fiscal<\/li>\n\n\n\n<li>nNF \u2013 N\u00famero do Documento Fiscal<\/li>\n\n\n\n<li>tpEmis \u2013 forma de emiss\u00e3o da NF-e (1 = emiss\u00e3o normal; 2 emiss\u00e3o em conting\u00eancia em formul\u00e1rio de seguran\u00e7a&#8230;)<\/li>\n\n\n\n<li>cNF \u2013 C\u00f3digo Num\u00e9rico que comp\u00f5e a Chave de Acesso<\/li>\n\n\n\n<li>cDV \u2013 D\u00edgito Verificador da Chave de Acesso<\/li>\n<\/ul>\n\n\n\n<h2 class=\"wp-block-heading\">Autoriza\u00e7\u00e3o de Uso<\/h2>\n\n\n\n<p>Prosseguindo no resumo sobre Nota Fiscal para SEFAZ-SP.<\/p>\n\n\n\n<p><strong><mark style=\"background-color:rgba(0, 0, 0, 0)\" class=\"has-inline-color has-vivid-cyan-blue-color\">Processo de Autoriza\u00e7\u00e3o de Uso<\/mark><\/strong><\/p>\n\n\n\n<ul class=\"wp-block-list\">\n<li><strong>1\u00ba &#8211; <mark style=\"background-color:rgba(0, 0, 0, 0)\" class=\"has-inline-color has-vivid-green-cyan-color\">Gera\u00e7\u00e3o da NF-e pelo Contribuinte<\/mark><\/strong><\/li>\n<\/ul>\n\n\n\n<p>O contribuinte gera a NF-e em um software emissor pr\u00f3prio ou fornecido por terceiros. Todos os dados da opera\u00e7\u00e3o comercial s\u00e3o preenchidos no layout padr\u00e3o estabelecido pela RFB, conforme o MOC.<\/p>\n\n\n\n<ul class=\"wp-block-list\">\n<li><strong>2\u00ba &#8211; <mark style=\"background-color:rgba(0, 0, 0, 0)\" class=\"has-inline-color has-vivid-green-cyan-color\">Assinatura Digital<\/mark><\/strong><\/li>\n<\/ul>\n\n\n\n<p>A NF-e \u00e9 assinada digitalmente pelo emitente utilizando um certificado digital no padr\u00e3o ICP-Brasil. A assinatura digital assegura a autenticidade e a integridade dos dados.<\/p>\n\n\n\n<ul class=\"wp-block-list\">\n<li><strong>3\u00ba &#8211; <mark style=\"background-color:rgba(0, 0, 0, 0)\" class=\"has-inline-color has-vivid-green-cyan-color\">Transmiss\u00e3o para a SEFAZ<\/mark><\/strong><\/li>\n<\/ul>\n\n\n\n<p>A NF-e assinada \u00e9 transmitida pela internet para a SEFAZ do estado do emitente. Esse envio \u00e9 realizado em tempo real.<\/p>\n\n\n\n<ul class=\"wp-block-list\">\n<li><strong>4\u00ba &#8211; <mark style=\"background-color:rgba(0, 0, 0, 0)\" class=\"has-inline-color has-vivid-green-cyan-color\">Recep\u00e7\u00e3o e An\u00e1lise pela SEFAZ<\/mark><\/strong><\/li>\n<\/ul>\n\n\n\n<p>A SEFAZ recebe a NF-e e realiza uma an\u00e1lise autom\u00e1tica do documento. S\u00e3o verificados a validade da assinatura digital, a regularidade fiscal do emitente, creditamento, autoria da assinatura, integridade do arquivo, leiaute&nbsp;e numera\u00e7\u00e3o&nbsp;do documento.<\/p>\n\n\n\n<ul class=\"wp-block-list\">\n<li><strong>5\u00ba &#8211; <mark style=\"background-color:rgba(0, 0, 0, 0)\" class=\"has-inline-color has-vivid-green-cyan-color\">Autoriza\u00e7\u00e3o ou Rejei\u00e7\u00e3o<\/mark><\/strong><\/li>\n<\/ul>\n\n\n\n<p>Se todos os dados estiverem corretos, a SEFAZ autoriza o uso da NF-e, gerando um protocolo de autoriza\u00e7\u00e3o que \u00e9 devolvido ao emitente. <\/p>\n\n\n\n<p>Caso haja alguma inconsist\u00eancia ou erro nos dados, a SEFAZ rejeita a NF-e, informando o motivo da rejei\u00e7\u00e3o. <\/p>\n\n\n\n<ul class=\"wp-block-list\">\n<li><strong>5\u00ba &#8211; <mark style=\"background-color:rgba(0, 0, 0, 0)\" class=\"has-inline-color has-vivid-green-cyan-color\">Emiss\u00e3o do DANFE<\/mark><\/strong><\/li>\n<\/ul>\n\n\n\n<p>Ap\u00f3s a autoriza\u00e7\u00e3o, o contribuinte gera o Documento Auxiliar da NF-e (DANFE), que \u00e9 uma representa\u00e7\u00e3o gr\u00e1fica simplificada da NF-e. O DANFE acompanha o transporte das mercadorias e cont\u00e9m a chave de acesso da NF-e e um QR Code para consulta.<\/p>\n\n\n\n<p><strong><mark style=\"background-color:rgba(0, 0, 0, 0)\" class=\"has-inline-color has-vivid-purple-color\">Concedida a Autoriza\u00e7\u00e3o de Uso da NF-e<\/mark><\/strong>, a administra\u00e7\u00e3o tribut\u00e1ria da unidade federada do emitente dever\u00e1 transmitir a NF-e para a Receita Federal, que \u00e9 reposit\u00f3rio nacional de todas as NF-e emitidas, al\u00e9m de outros \u00f3rg\u00e3os pertinentes, como, por exemplo, a SEFAZ de destino em opera\u00e7\u00e3o interestadual.<\/p>\n\n\n\n<h2 class=\"wp-block-heading\">An\u00e1lise da Autoriza\u00e7\u00e3o de Uso<\/h2>\n\n\n\n<p>Para finalizar o resumo sobre Ajuste SINIEF 07\/05 para Sefaz-SP, vejamos os <strong><mark style=\"background-color:rgba(0, 0, 0, 0)\" class=\"has-inline-color has-vivid-cyan-blue-color\">Resultados da An\u00e1lise da Autoriza\u00e7\u00e3o de Uso<\/mark><\/strong>.<\/p>\n\n\n\n<ul class=\"wp-block-list\">\n<li>I &#8211; <mark style=\"background-color:rgba(0, 0, 0, 0)\" class=\"has-inline-color has-vivid-green-cyan-color\"><strong>rejei\u00e7\u00e3o<\/strong> <\/mark>do arquivo da NF-e, em virtude de:<\/li>\n<\/ul>\n\n\n\n<p>a) falha na recep\u00e7\u00e3o ou no processamento do arquivo;<\/p>\n\n\n\n<p>b) falha no reconhecimento da autoria ou da integridade do arquivo digital;<\/p>\n\n\n\n<p>c) remetente n\u00e3o credenciado para emiss\u00e3o da NF-e;<\/p>\n\n\n\n<p>d) duplicidade de n\u00famero da NF-e;<\/p>\n\n\n\n<p>e) falha na leitura do n\u00famero da NF-e;<\/p>\n\n\n\n<p>f) outras falhas no preenchimento ou no leiaute do arquivo da NF-e;<\/p>\n\n\n\n<p>g) <strong>irregularidade fiscal<\/strong> do emitente;<\/p>\n\n\n\n<p>h) <strong>irregularidade fiscal<\/strong> do destinat\u00e1rio, a crit\u00e9rio de cada unidade federada.<\/p>\n\n\n\n<ul class=\"wp-block-list\">\n<li>II &#8211; <mark style=\"background-color:rgba(0, 0, 0, 0)\" class=\"has-inline-color has-vivid-green-cyan-color\"><strong>denega\u00e7\u00e3o<\/strong> <\/mark>da Autoriza\u00e7\u00e3o de Uso da NF-e, em virtude de:<\/li>\n<\/ul>\n\n\n\n<p>a) <strong>irregularidade fiscal<\/strong> do emitente;<\/p>\n\n\n\n<p>b) irregularidade fiscal do destinat\u00e1rio, a crit\u00e9rio de cada unidade federada;<\/p>\n\n\n\n<ul class=\"wp-block-list\">\n<li>III &#8211; da <mark style=\"background-color:rgba(0, 0, 0, 0)\" class=\"has-inline-color has-vivid-green-cyan-color\"><strong>concess\u00e3o<\/strong> <\/mark>da Autoriza\u00e7\u00e3o de Uso da NF-e.<\/li>\n<\/ul>\n\n\n\n<p>Assim, em caso de:<\/p>\n\n\n\n<ul class=\"wp-block-list\">\n<li><strong><mark style=\"background-color:rgba(0, 0, 0, 0)\" class=\"has-inline-color has-vivid-purple-color\">Rejei\u00e7\u00e3o <\/mark><\/strong>(sem avisos ou com avisos): <strong>a NF-e ser\u00e1 descartada<\/strong>, n\u00e3o sendo armazenada no Banco de Dados podendo ser corrigida e novamente transmitida;<\/li>\n\n\n\n<li><strong><mark style=\"background-color:rgba(0, 0, 0, 0)\" class=\"has-inline-color has-vivid-purple-color\">Autoriza\u00e7\u00e3o <\/mark><\/strong>(sem aviso ou com aviso): <strong>a NF-e ser\u00e1 armazenada<\/strong> no Banco de Dados;<\/li>\n\n\n\n<li><strong><mark style=\"background-color:rgba(0, 0, 0, 0)\" class=\"has-inline-color has-vivid-purple-color\">Denega\u00e7\u00e3o<\/mark><\/strong>: caso o <strong>emitente ou o destinat\u00e1rio estejam em situa\u00e7\u00e3o irregular<\/strong> de acordo com o Cadastro Centralizado de Contribuintes (CCC), a <strong>NF-e ser\u00e1 armazenada<\/strong> no Banco de Dados com esse status, independente dos demais resultados de aplica\u00e7\u00e3o de regras de valida\u00e7\u00e3o.<\/li>\n<\/ul>\n\n\n\n<p>Tamb\u00e9m \u00e9 v\u00e1lido conhecer os <strong><mark style=\"background-color:rgba(0, 0, 0, 0)\" class=\"has-inline-color has-vivid-green-cyan-color\">requisitos para cancelar a NF-e<\/mark>.<\/strong><\/p>\n\n\n\n<ul class=\"wp-block-list\">\n<li>Ocorra em at\u00e9 24h ap\u00f3s concess\u00e3o da Autoriza\u00e7\u00e3o de Uso<\/li>\n\n\n\n<li>N\u00e3o tenha tido circula\u00e7\u00e3o da mercadoria, presta\u00e7\u00e3o de servi\u00e7o ou vincula\u00e7\u00e3o \u00e0 Duplicata Escritural<\/li>\n\n\n\n<li>Efetuado por meio do registro de evento correspondente<\/li>\n\n\n\n<li>O Pedido de Cancelamento deve ser feito via Internet, devendo atender a leiaute espec\u00edfico<\/li>\n<\/ul>\n\n\n\n<h2 class=\"wp-block-heading\">Considera\u00e7\u00f5es Finais<\/h2>\n\n\n\n<p>Pessoal, chegamos ao final do resumo sobre o Nota Fiscal para SEFAZ-SP, espero que o artigo tenha sido \u00fatil.<\/p>\n\n\n\n<p>Obviamente o tema \u00e9 mais amplo do que foi apresentado, assim n\u00e3o deixe de estudar o assunto na \u00edntegra por nossas aulas, al\u00e9m de treinar por meio de quest\u00f5es de concurso em nosso <a href=\"https:\/\/www.estrategiaconcursos.com.br\/cursosPorConcurso\/sistema-de-questoes\/\">sistema de quest\u00f5es<\/a>.<\/p>\n\n\n\n<p>Gostou do artigo? Siga-nos<\/p>\n\n\n\n<p><a href=\"https:\/\/www.instagram.com\/resumospassarin\">https:\/\/www.instagram.com\/resumospassarin<\/a><\/p>\n\n\n\n<h2 class=\"wp-block-heading has-text-align-center\" id=\"cursos-assinatura\">Cursos e Assinaturas<\/h2>\n\n\n\n<p>Prepare-se com o melhor material e com quem mais aprova em Concursos P\u00fablicos em todo o pa\u00eds!<\/p>\n\n\n\n<p class=\"has-text-align-center has-vivid-cyan-blue-color has-text-color has-background\" style=\"background-color:#0078bd\"><a href=\"https:\/\/www.estrategiaconcursos.com.br\/blog\/concursos-abertos\/\" target=\"_blank\" rel=\"noreferrer noopener\"><strong><mark style=\"background-color:rgba(0, 0, 0, 0)\" class=\"has-inline-color has-white-color\">Concursos Abertos<\/mark><\/strong><\/a><\/p>\n\n\n\n<p class=\"has-text-align-center has-vivid-cyan-blue-color has-text-color has-background\" style=\"background-color:#0078bd\"><a href=\"https:\/\/www.estrategiaconcursos.com.br\/blog\/concursos-2024\/\" target=\"_blank\" rel=\"noreferrer noopener\"><strong><mark style=\"background-color:rgba(0, 0, 0, 0)\" class=\"has-inline-color has-white-color\">Concursos 2024<\/mark><\/strong><\/a><\/p>\n","protected":false},"excerpt":{"rendered":"<p>Ol\u00e1, pessoal. Tudo certo? No artigo de hoje veremos o resumo sobre Nota Fiscal para SEFAZ-SP: Ajuste SINIEF 07\/05, ajuste que instituiu a Nota Fiscal Eletr\u00f4nica (NF-e) e o Documento Auxiliar da Nota Fiscal Eletr\u00f4nica (DANFE). O artigo ser\u00e1 divido da seguinte forma: Vamos l\u00e1? Conceitos Iniciando o resumo sobre Nota Fiscal para SEFAZ-SP, vamos [&hellip;]<\/p>\n","protected":false},"author":1763,"featured_media":996280,"comment_status":"open","ping_status":"closed","sticky":false,"template":"","format":"standard","meta":{"post_tipo":"article","footnotes":""},"categories":[1983],"tags":[],"tax_estado":[219963,219989],"class_list":["post-1450247","post","type-post","status-publish","format-standard","has-post-thumbnail","hentry","category-fiscal-estadual","tax_estado-concursos-federais","tax_estado-sp"],"acf":[],"yoast_head":"<!-- This site is optimized with the Yoast SEO Premium plugin v27.2 (Yoast SEO v27.2) - https:\/\/yoast.com\/product\/yoast-seo-premium-wordpress\/ -->\n<title>Nota Fiscal para SEFAZ-SP: Ajuste SINIEF 07\/05<\/title>\n<meta name=\"description\" content=\"Saiba tudo sobre Ajuste SINIEF 07\/05 para SEFAZ-SP, ajuste sobre a Nota Fiscal Eletr\u00f4nica (NF-e) e a DANFE.\" \/>\n<meta name=\"robots\" content=\"index, follow, max-snippet:-1, max-image-preview:large, max-video-preview:-1\" \/>\n<link rel=\"canonical\" href=\"https:\/\/www.estrategiaconcursos.com.br\/blog\/nota-fiscal-sefaz-sp\/\" \/>\n<meta property=\"og:locale\" content=\"pt_BR\" \/>\n<meta property=\"og:type\" content=\"article\" \/>\n<meta property=\"og:title\" content=\"Nota Fiscal para SEFAZ-SP: Ajuste SINIEF 07\/05\" \/>\n<meta property=\"og:description\" content=\"Saiba tudo sobre Ajuste SINIEF 07\/05 para SEFAZ-SP, ajuste sobre a Nota Fiscal Eletr\u00f4nica (NF-e) e a DANFE.\" \/>\n<meta property=\"og:url\" content=\"https:\/\/www.estrategiaconcursos.com.br\/blog\/nota-fiscal-sefaz-sp\/\" \/>\n<meta property=\"og:site_name\" content=\"Estrat\u00e9gia Concursos\" \/>\n<meta property=\"article:published_time\" content=\"2024-09-10T17:21:00+00:00\" \/>\n<meta property=\"og:image\" content=\"https:\/\/dhg1h5j42swfq.cloudfront.net\/2022\/03\/28184754\/nfe.png\" \/>\n\t<meta property=\"og:image:width\" content=\"938\" \/>\n\t<meta property=\"og:image:height\" content=\"453\" \/>\n\t<meta property=\"og:image:type\" content=\"image\/png\" \/>\n<meta name=\"author\" content=\"Leonardo Menezes Passarin\" \/>\n<meta name=\"twitter:card\" content=\"summary_large_image\" \/>\n<meta name=\"twitter:creator\" content=\"@EstratConcursos\" \/>\n<meta name=\"twitter:site\" content=\"@EstratConcursos\" \/>\n<meta name=\"twitter:label1\" content=\"Escrito por\" \/>\n\t<meta name=\"twitter:data1\" content=\"Leonardo Menezes Passarin\" \/>\n\t<meta name=\"twitter:label2\" content=\"Est. tempo de leitura\" \/>\n\t<meta name=\"twitter:data2\" content=\"6 minutos\" \/>\n<script type=\"application\/ld+json\" class=\"yoast-schema-graph\">{\"@context\":\"https:\/\/schema.org\",\"@graph\":[{\"@type\":\"NewsArticle\",\"@id\":\"https:\/\/www.estrategiaconcursos.com.br\/blog\/nota-fiscal-sefaz-sp\/#article\",\"isPartOf\":{\"@id\":\"https:\/\/www.estrategiaconcursos.com.br\/blog\/nota-fiscal-sefaz-sp\/\"},\"author\":{\"name\":\"Leonardo Menezes Passarin\",\"@id\":\"https:\/\/www.estrategiaconcursos.com.br\/blog\/#\/schema\/person\/245b44e43eb13f0dbd04a7a078cd0d0d\"},\"headline\":\"Nota Fiscal para SEFAZ-SP: Ajuste SINIEF 07\/05\",\"datePublished\":\"2024-09-10T17:21:00+00:00\",\"mainEntityOfPage\":{\"@id\":\"https:\/\/www.estrategiaconcursos.com.br\/blog\/nota-fiscal-sefaz-sp\/\"},\"wordCount\":1242,\"commentCount\":0,\"publisher\":{\"@id\":\"https:\/\/www.estrategiaconcursos.com.br\/blog\/#organization\"},\"image\":{\"@id\":\"https:\/\/www.estrategiaconcursos.com.br\/blog\/nota-fiscal-sefaz-sp\/#primaryimage\"},\"thumbnailUrl\":\"https:\/\/dhg1h5j42swfq.cloudfront.net\/2022\/03\/28184754\/nfe.png\",\"articleSection\":[\"Fiscal - Estadual (ICMS)\"],\"inLanguage\":\"pt-BR\",\"potentialAction\":[{\"@type\":\"CommentAction\",\"name\":\"Comment\",\"target\":[\"https:\/\/www.estrategiaconcursos.com.br\/blog\/nota-fiscal-sefaz-sp\/#respond\"]}],\"copyrightYear\":\"2024\",\"copyrightHolder\":{\"@id\":\"https:\/\/www.estrategiaconcursos.com.br\/blog\/#organization\"}},{\"@type\":\"WebPage\",\"@id\":\"https:\/\/www.estrategiaconcursos.com.br\/blog\/nota-fiscal-sefaz-sp\/\",\"url\":\"https:\/\/www.estrategiaconcursos.com.br\/blog\/nota-fiscal-sefaz-sp\/\",\"name\":\"Nota Fiscal para SEFAZ-SP: Ajuste SINIEF 07\/05\",\"isPartOf\":{\"@id\":\"https:\/\/www.estrategiaconcursos.com.br\/blog\/#website\"},\"primaryImageOfPage\":{\"@id\":\"https:\/\/www.estrategiaconcursos.com.br\/blog\/nota-fiscal-sefaz-sp\/#primaryimage\"},\"image\":{\"@id\":\"https:\/\/www.estrategiaconcursos.com.br\/blog\/nota-fiscal-sefaz-sp\/#primaryimage\"},\"thumbnailUrl\":\"https:\/\/dhg1h5j42swfq.cloudfront.net\/2022\/03\/28184754\/nfe.png\",\"datePublished\":\"2024-09-10T17:21:00+00:00\",\"description\":\"Saiba tudo sobre Ajuste SINIEF 07\/05 para SEFAZ-SP, ajuste sobre a Nota Fiscal Eletr\u00f4nica (NF-e) e a DANFE.\",\"breadcrumb\":{\"@id\":\"https:\/\/www.estrategiaconcursos.com.br\/blog\/nota-fiscal-sefaz-sp\/#breadcrumb\"},\"inLanguage\":\"pt-BR\",\"potentialAction\":[{\"@type\":\"ReadAction\",\"target\":[\"https:\/\/www.estrategiaconcursos.com.br\/blog\/nota-fiscal-sefaz-sp\/\"]}]},{\"@type\":\"ImageObject\",\"inLanguage\":\"pt-BR\",\"@id\":\"https:\/\/www.estrategiaconcursos.com.br\/blog\/nota-fiscal-sefaz-sp\/#primaryimage\",\"url\":\"https:\/\/dhg1h5j42swfq.cloudfront.net\/2022\/03\/28184754\/nfe.png\",\"contentUrl\":\"https:\/\/dhg1h5j42swfq.cloudfront.net\/2022\/03\/28184754\/nfe.png\",\"width\":938,\"height\":453,\"caption\":\"Nota Fiscal Eletr\u00f4nica\"},{\"@type\":\"BreadcrumbList\",\"@id\":\"https:\/\/www.estrategiaconcursos.com.br\/blog\/nota-fiscal-sefaz-sp\/#breadcrumb\",\"itemListElement\":[{\"@type\":\"ListItem\",\"position\":1,\"name\":\"In\u00edcio\",\"item\":\"https:\/\/www.estrategiaconcursos.com.br\/blog\/\"},{\"@type\":\"ListItem\",\"position\":2,\"name\":\"Nota Fiscal para SEFAZ-SP: Ajuste SINIEF 07\/05\"}]},{\"@type\":\"WebSite\",\"@id\":\"https:\/\/www.estrategiaconcursos.com.br\/blog\/#website\",\"url\":\"https:\/\/www.estrategiaconcursos.com.br\/blog\/\",\"name\":\"Estrat\u00e9gia Concursos\",\"description\":\"O blog da Estrat\u00e9gia Concursos traz not\u00edcias sobre concursos e artigos de professores oferecendo cursos para concursos (pdf + videaulas) no site.\",\"publisher\":{\"@id\":\"https:\/\/www.estrategiaconcursos.com.br\/blog\/#organization\"},\"potentialAction\":[{\"@type\":\"SearchAction\",\"target\":{\"@type\":\"EntryPoint\",\"urlTemplate\":\"https:\/\/www.estrategiaconcursos.com.br\/blog\/?s={search_term_string}\"},\"query-input\":{\"@type\":\"PropertyValueSpecification\",\"valueRequired\":true,\"valueName\":\"search_term_string\"}}],\"inLanguage\":\"pt-BR\"},{\"@type\":\"Organization\",\"@id\":\"https:\/\/www.estrategiaconcursos.com.br\/blog\/#organization\",\"name\":\"Estrat\u00e9gia Concursos\",\"url\":\"https:\/\/www.estrategiaconcursos.com.br\/blog\/\",\"logo\":{\"@type\":\"ImageObject\",\"inLanguage\":\"pt-BR\",\"@id\":\"https:\/\/www.estrategiaconcursos.com.br\/blog\/#\/schema\/logo\/image\/\",\"url\":\"https:\/\/dhg1h5j42swfq.cloudfront.net\/2025\/06\/03203428\/logo_concursos-1.jpg\",\"contentUrl\":\"https:\/\/dhg1h5j42swfq.cloudfront.net\/2025\/06\/03203428\/logo_concursos-1.jpg\",\"width\":230,\"height\":60,\"caption\":\"Estrat\u00e9gia Concursos\"},\"image\":{\"@id\":\"https:\/\/www.estrategiaconcursos.com.br\/blog\/#\/schema\/logo\/image\/\"},\"sameAs\":[\"https:\/\/x.com\/EstratConcursos\"]},{\"@type\":\"Person\",\"@id\":\"https:\/\/www.estrategiaconcursos.com.br\/blog\/#\/schema\/person\/245b44e43eb13f0dbd04a7a078cd0d0d\",\"name\":\"Leonardo Menezes Passarin\",\"image\":{\"@type\":\"ImageObject\",\"inLanguage\":\"pt-BR\",\"@id\":\"https:\/\/secure.gravatar.com\/avatar\/fc0e5714ceaa97f24e6e6a30eab74ba8a701c2b62f8cab100ffdb22c6d8f42c3?s=96&d=mm&r=g\",\"url\":\"https:\/\/secure.gravatar.com\/avatar\/fc0e5714ceaa97f24e6e6a30eab74ba8a701c2b62f8cab100ffdb22c6d8f42c3?s=96&d=mm&r=g\",\"contentUrl\":\"https:\/\/secure.gravatar.com\/avatar\/fc0e5714ceaa97f24e6e6a30eab74ba8a701c2b62f8cab100ffdb22c6d8f42c3?s=96&d=mm&r=g\",\"caption\":\"Leonardo Menezes Passarin\"},\"url\":\"https:\/\/www.estrategiaconcursos.com.br\/blog\/author\/passarin-leonardohotmail-com\/\"}]}<\/script>\n<!-- \/ Yoast SEO Premium plugin. -->","yoast_head_json":{"title":"Nota Fiscal para SEFAZ-SP: Ajuste SINIEF 07\/05","description":"Saiba tudo sobre Ajuste SINIEF 07\/05 para SEFAZ-SP, ajuste sobre a Nota Fiscal Eletr\u00f4nica (NF-e) e a DANFE.","robots":{"index":"index","follow":"follow","max-snippet":"max-snippet:-1","max-image-preview":"max-image-preview:large","max-video-preview":"max-video-preview:-1"},"canonical":"https:\/\/www.estrategiaconcursos.com.br\/blog\/nota-fiscal-sefaz-sp\/","og_locale":"pt_BR","og_type":"article","og_title":"Nota Fiscal para SEFAZ-SP: Ajuste SINIEF 07\/05","og_description":"Saiba tudo sobre Ajuste SINIEF 07\/05 para SEFAZ-SP, ajuste sobre a Nota Fiscal Eletr\u00f4nica (NF-e) e a DANFE.","og_url":"https:\/\/www.estrategiaconcursos.com.br\/blog\/nota-fiscal-sefaz-sp\/","og_site_name":"Estrat\u00e9gia Concursos","article_published_time":"2024-09-10T17:21:00+00:00","og_image":[{"width":938,"height":453,"url":"https:\/\/dhg1h5j42swfq.cloudfront.net\/2022\/03\/28184754\/nfe.png","type":"image\/png"}],"author":"Leonardo Menezes Passarin","twitter_card":"summary_large_image","twitter_creator":"@EstratConcursos","twitter_site":"@EstratConcursos","twitter_misc":{"Escrito por":"Leonardo Menezes Passarin","Est. tempo de leitura":"6 minutos"},"schema":{"@context":"https:\/\/schema.org","@graph":[{"@type":"NewsArticle","@id":"https:\/\/www.estrategiaconcursos.com.br\/blog\/nota-fiscal-sefaz-sp\/#article","isPartOf":{"@id":"https:\/\/www.estrategiaconcursos.com.br\/blog\/nota-fiscal-sefaz-sp\/"},"author":{"name":"Leonardo Menezes Passarin","@id":"https:\/\/www.estrategiaconcursos.com.br\/blog\/#\/schema\/person\/245b44e43eb13f0dbd04a7a078cd0d0d"},"headline":"Nota Fiscal para SEFAZ-SP: Ajuste SINIEF 07\/05","datePublished":"2024-09-10T17:21:00+00:00","mainEntityOfPage":{"@id":"https:\/\/www.estrategiaconcursos.com.br\/blog\/nota-fiscal-sefaz-sp\/"},"wordCount":1242,"commentCount":0,"publisher":{"@id":"https:\/\/www.estrategiaconcursos.com.br\/blog\/#organization"},"image":{"@id":"https:\/\/www.estrategiaconcursos.com.br\/blog\/nota-fiscal-sefaz-sp\/#primaryimage"},"thumbnailUrl":"https:\/\/dhg1h5j42swfq.cloudfront.net\/2022\/03\/28184754\/nfe.png","articleSection":["Fiscal - Estadual (ICMS)"],"inLanguage":"pt-BR","potentialAction":[{"@type":"CommentAction","name":"Comment","target":["https:\/\/www.estrategiaconcursos.com.br\/blog\/nota-fiscal-sefaz-sp\/#respond"]}],"copyrightYear":"2024","copyrightHolder":{"@id":"https:\/\/www.estrategiaconcursos.com.br\/blog\/#organization"}},{"@type":"WebPage","@id":"https:\/\/www.estrategiaconcursos.com.br\/blog\/nota-fiscal-sefaz-sp\/","url":"https:\/\/www.estrategiaconcursos.com.br\/blog\/nota-fiscal-sefaz-sp\/","name":"Nota Fiscal para SEFAZ-SP: Ajuste SINIEF 07\/05","isPartOf":{"@id":"https:\/\/www.estrategiaconcursos.com.br\/blog\/#website"},"primaryImageOfPage":{"@id":"https:\/\/www.estrategiaconcursos.com.br\/blog\/nota-fiscal-sefaz-sp\/#primaryimage"},"image":{"@id":"https:\/\/www.estrategiaconcursos.com.br\/blog\/nota-fiscal-sefaz-sp\/#primaryimage"},"thumbnailUrl":"https:\/\/dhg1h5j42swfq.cloudfront.net\/2022\/03\/28184754\/nfe.png","datePublished":"2024-09-10T17:21:00+00:00","description":"Saiba tudo sobre Ajuste SINIEF 07\/05 para SEFAZ-SP, ajuste sobre a Nota Fiscal Eletr\u00f4nica (NF-e) e a DANFE.","breadcrumb":{"@id":"https:\/\/www.estrategiaconcursos.com.br\/blog\/nota-fiscal-sefaz-sp\/#breadcrumb"},"inLanguage":"pt-BR","potentialAction":[{"@type":"ReadAction","target":["https:\/\/www.estrategiaconcursos.com.br\/blog\/nota-fiscal-sefaz-sp\/"]}]},{"@type":"ImageObject","inLanguage":"pt-BR","@id":"https:\/\/www.estrategiaconcursos.com.br\/blog\/nota-fiscal-sefaz-sp\/#primaryimage","url":"https:\/\/dhg1h5j42swfq.cloudfront.net\/2022\/03\/28184754\/nfe.png","contentUrl":"https:\/\/dhg1h5j42swfq.cloudfront.net\/2022\/03\/28184754\/nfe.png","width":938,"height":453,"caption":"Nota Fiscal Eletr\u00f4nica"},{"@type":"BreadcrumbList","@id":"https:\/\/www.estrategiaconcursos.com.br\/blog\/nota-fiscal-sefaz-sp\/#breadcrumb","itemListElement":[{"@type":"ListItem","position":1,"name":"In\u00edcio","item":"https:\/\/www.estrategiaconcursos.com.br\/blog\/"},{"@type":"ListItem","position":2,"name":"Nota Fiscal para SEFAZ-SP: Ajuste SINIEF 07\/05"}]},{"@type":"WebSite","@id":"https:\/\/www.estrategiaconcursos.com.br\/blog\/#website","url":"https:\/\/www.estrategiaconcursos.com.br\/blog\/","name":"Estrat\u00e9gia Concursos","description":"O blog da Estrat\u00e9gia Concursos traz not\u00edcias sobre concursos e artigos de professores oferecendo cursos para concursos (pdf + videaulas) no site.","publisher":{"@id":"https:\/\/www.estrategiaconcursos.com.br\/blog\/#organization"},"potentialAction":[{"@type":"SearchAction","target":{"@type":"EntryPoint","urlTemplate":"https:\/\/www.estrategiaconcursos.com.br\/blog\/?s={search_term_string}"},"query-input":{"@type":"PropertyValueSpecification","valueRequired":true,"valueName":"search_term_string"}}],"inLanguage":"pt-BR"},{"@type":"Organization","@id":"https:\/\/www.estrategiaconcursos.com.br\/blog\/#organization","name":"Estrat\u00e9gia Concursos","url":"https:\/\/www.estrategiaconcursos.com.br\/blog\/","logo":{"@type":"ImageObject","inLanguage":"pt-BR","@id":"https:\/\/www.estrategiaconcursos.com.br\/blog\/#\/schema\/logo\/image\/","url":"https:\/\/dhg1h5j42swfq.cloudfront.net\/2025\/06\/03203428\/logo_concursos-1.jpg","contentUrl":"https:\/\/dhg1h5j42swfq.cloudfront.net\/2025\/06\/03203428\/logo_concursos-1.jpg","width":230,"height":60,"caption":"Estrat\u00e9gia Concursos"},"image":{"@id":"https:\/\/www.estrategiaconcursos.com.br\/blog\/#\/schema\/logo\/image\/"},"sameAs":["https:\/\/x.com\/EstratConcursos"]},{"@type":"Person","@id":"https:\/\/www.estrategiaconcursos.com.br\/blog\/#\/schema\/person\/245b44e43eb13f0dbd04a7a078cd0d0d","name":"Leonardo Menezes Passarin","image":{"@type":"ImageObject","inLanguage":"pt-BR","@id":"https:\/\/secure.gravatar.com\/avatar\/fc0e5714ceaa97f24e6e6a30eab74ba8a701c2b62f8cab100ffdb22c6d8f42c3?s=96&d=mm&r=g","url":"https:\/\/secure.gravatar.com\/avatar\/fc0e5714ceaa97f24e6e6a30eab74ba8a701c2b62f8cab100ffdb22c6d8f42c3?s=96&d=mm&r=g","contentUrl":"https:\/\/secure.gravatar.com\/avatar\/fc0e5714ceaa97f24e6e6a30eab74ba8a701c2b62f8cab100ffdb22c6d8f42c3?s=96&d=mm&r=g","caption":"Leonardo Menezes Passarin"},"url":"https:\/\/www.estrategiaconcursos.com.br\/blog\/author\/passarin-leonardohotmail-com\/"}]}},"_links":{"self":[{"href":"https:\/\/www.estrategiaconcursos.com.br\/blog\/wp-json\/wp\/v2\/posts\/1450247","targetHints":{"allow":["GET"]}}],"collection":[{"href":"https:\/\/www.estrategiaconcursos.com.br\/blog\/wp-json\/wp\/v2\/posts"}],"about":[{"href":"https:\/\/www.estrategiaconcursos.com.br\/blog\/wp-json\/wp\/v2\/types\/post"}],"author":[{"embeddable":true,"href":"https:\/\/www.estrategiaconcursos.com.br\/blog\/wp-json\/wp\/v2\/users\/1763"}],"replies":[{"embeddable":true,"href":"https:\/\/www.estrategiaconcursos.com.br\/blog\/wp-json\/wp\/v2\/comments?post=1450247"}],"version-history":[{"count":1,"href":"https:\/\/www.estrategiaconcursos.com.br\/blog\/wp-json\/wp\/v2\/posts\/1450247\/revisions"}],"predecessor-version":[{"id":1450277,"href":"https:\/\/www.estrategiaconcursos.com.br\/blog\/wp-json\/wp\/v2\/posts\/1450247\/revisions\/1450277"}],"wp:featuredmedia":[{"embeddable":true,"href":"https:\/\/www.estrategiaconcursos.com.br\/blog\/wp-json\/wp\/v2\/media\/996280"}],"wp:attachment":[{"href":"https:\/\/www.estrategiaconcursos.com.br\/blog\/wp-json\/wp\/v2\/media?parent=1450247"}],"wp:term":[{"taxonomy":"category","embeddable":true,"href":"https:\/\/www.estrategiaconcursos.com.br\/blog\/wp-json\/wp\/v2\/categories?post=1450247"},{"taxonomy":"post_tag","embeddable":true,"href":"https:\/\/www.estrategiaconcursos.com.br\/blog\/wp-json\/wp\/v2\/tags?post=1450247"},{"taxonomy":"tax_estado","embeddable":true,"href":"https:\/\/www.estrategiaconcursos.com.br\/blog\/wp-json\/wp\/v2\/tax_estado?post=1450247"}],"curies":[{"name":"wp","href":"https:\/\/api.w.org\/{rel}","templated":true}]}}