{"id":144965,"date":"2018-10-01T15:25:38","date_gmt":"2018-10-01T18:25:38","guid":{"rendered":"https:\/\/www.estrategiaconcursos.com.br\/blog\/?p=144965"},"modified":"2018-10-01T17:36:54","modified_gmt":"2018-10-01T20:36:54","slug":"prova-de-legislacao-tributaria-da-sefaz-go-comentada","status":"publish","type":"post","link":"https:\/\/www.estrategiaconcursos.com.br\/blog\/prova-de-legislacao-tributaria-da-sefaz-go-comentada\/","title":{"rendered":"GABARITO SEFAZ-GO: Legisla\u00e7\u00e3o Tribut\u00e1ria (comentado)"},"content":{"rendered":"<p style=\"text-align: justify\"><span style=\"color: #000000\">Fala pessoal,<\/span><\/p>\n<p style=\"text-align: justify\"><span style=\"color: #000000\">Seguem as quest\u00f5es de legisla\u00e7\u00e3o tribut\u00e1ria estadual relativas ao\u00a0<strong>ITCMD, PAT e C\u00f3digo do Contribuinte,\u00a0<\/strong>devidamente comentadas.\u00a0<\/span><\/p>\n<p style=\"text-align: justify\"><span style=\"color: #000000\">As demais quest\u00f5es da disciplinas foram comentadas pelo Eduardo da Rocha. Clique<\/span> <a href=\"https:\/\/www.estrategiaconcursos.com.br\/blog\/gabarito-extraoficial-legislacao-tributaria-estadual-icms-ipva-sefaz-go\/\"><span style=\"text-decoration: underline;color: #ff0000\"><strong>aqui<\/strong><\/span><\/a> <span style=\"color: #000000\">para conferir o gabarito.\u00a0<\/span><\/p>\n<p style=\"text-align: justify\"><span style=\"color: #000000\">Para checar o gabarito extraoficial das demais disciplinas, veja esse<\/span> <a href=\"https:\/\/www.estrategiaconcursos.com.br\/blog\/ranking-sefaz-go\/\"><span style=\"text-decoration: underline\"><strong><span style=\"color: #ff0000;text-decoration: underline\">link<\/span><\/strong><\/span><\/a>. <span style=\"color: #000000\">Aproveite e registre sua pontua\u00e7\u00e3o no ranking.<\/span><\/p>\n<p style=\"text-align: justify\"><span style=\"color: #000000\">Antes de apresentar as quest\u00f5es, um coment\u00e1rio geral: realmente cobrou-se muuuito mais sobre o C\u00f3digo do Contribuinte do que o esperado. O lado bom \u00e9 que esse era um assunto bem tranquilo e n\u00e3o creio que tenha causado problemas a quem estava preparado. Pelo contr\u00e1rio.\u00a0<\/span><\/p>\n<p><span style=\"color: #000000\"><strong>Quest\u00e3o 81-<\/strong> Quest\u00e3o sobre o C\u00f3digo do Contribuinte (LC 104\/13)<\/span><\/p>\n<p><span style=\"color: #ff0000\"><strong>Item I:\u00a0<\/strong><strong>Correto<\/strong>. <span style=\"color: #333399\">Art. 5\u00b0, VII, da LC 104\/13.<\/span>\u00a0<\/span><\/p>\n<p style=\"text-align: justify\"><strong>Item II: Errado.<\/strong> <span style=\"color: #333399\">Art. 5<\/span><span style=\"color: #ff0000\"><span style=\"color: #333399\">\u00b0, V, da LC 104\/13.\u00a0<span style=\"color: #000000\">Na verdade, o contribuinte tem o direito \u00e0\u00a0<strong><span style=\"text-decoration: underline\">total elimina\u00e7\u00e3o<\/span> (<span style=\"color: #339966\">e n\u00e3o somente parcial)\u00a0<\/span><\/strong>de dados falsos e\/ou obtidos por meios il\u00edcitos.<\/span><\/span><\/span><\/p>\n<p style=\"text-align: justify\"><span style=\"color: #ff0000\"><strong>Item III:\u00a0<\/strong><strong>Correto<\/strong>. <span style=\"color: #333399\">Art. 5\u00b0, VI, da LC 104\/13.<\/span>\u00a0<\/span><\/p>\n<p style=\"text-align: justify\"><strong>Item IV: Errado.<\/strong> <span style=\"color: #333399\">Art. 5<\/span><span style=\"color: #ff0000\"><span style=\"color: #333399\">\u00b0, IX, &#8220;a&#8221;, da LC 104\/13. <span style=\"color: #000000\">Ponto destacado na aula em v\u00eddeo, no pdf e no aul\u00e3o de v\u00e9spera !!! O prazo para concluir a fiscaliza\u00e7\u00e3o \u00e9 de\u00a0<strong><span style=\"text-decoration: underline\">90 dias<\/span><\/strong><\/span> <span style=\"color: #000000\"><strong>(<span style=\"color: #339966\">e n\u00e3o de 120 dias<\/span>)<\/strong>.<\/span>\u00a0<\/span><\/span><\/p>\n<p><span style=\"color: #0000ff\"><strong>GABARITO: A (corretas apenas I e III).<\/strong><\/span><\/p>\n<p>&nbsp;<\/p>\n<p><span style=\"color: #000000\"><strong>Quest\u00e3o 82<\/strong>\u00a0&#8211; Mais uma quest\u00e3o sobre a LC 104\/13 (sobre <strong>obriga\u00e7\u00f5es do contribuinte<\/strong>):<\/span><\/p>\n<p style=\"text-align: justify\"><span style=\"color: #000000\">A) <strong>Errada<\/strong>. O contribuinte pode se fazer representar, conforme disp\u00f5e<\/span> o\u00a0<strong><span style=\"color: #333399\">art. 18, II, da LC 104\/13<\/span>.\u00a0<\/strong><span style=\"color: #000000\">Conhecendo a lei do PAT voc\u00eas j\u00e1 &#8220;matariam&#8221; f\u00e1cil essa aqui.<\/span><\/p>\n<p>B) <strong><span style=\"color: #ff0000\">CORRETA<\/span><\/strong>. <span style=\"color: #000000\">Reprodu\u00e7\u00e3o literal do<\/span>\u00a0<span style=\"color: #333399\"><strong>art. 18, III, da LC 104\/13.<\/strong><\/span><\/p>\n<p style=\"text-align: justify\">C)\u00a0<strong>Errada<\/strong>.\u00a0<strong><span style=\"color: #333399\">Art. 18, V, da LC 104\/13.<\/span>\u00a0<\/strong><span style=\"color: #000000\">Pegadinha pesada da banca. O correto seria: \u201c&#8230;\u00a0<\/span><em><span style=\"color: #000000\">apresentar, quando solicitado e no prazo estabelecido pela<\/span> <span style=\"color: #339966\"><strong><u>legislac\u0327a\u0303o tributa\u0301ria<\/u><\/strong><\/span> <span style=\"color: #000000\">(e n\u00e3o pelo \u201cauditor fiscal da receita estadual)<\/span><\/em><span style=\"color: #000000\">\u2026\u201d . Ou seja, de fato, quem intima solicitando a apresenta\u00e7\u00e3o de livros, documentos e afins, \u00e9 o Auditor Fiscal, mas ele dever\u00e1 observar o prazo estabelecido\u00a0<strong>na legisla\u00e7\u00e3o tribut\u00e1ria<\/strong> para determinar o cumprimento da intima\u00e7\u00e3o. N\u00e3o pode ser um prazo que ele &#8220;tirou da pr\u00f3pria cabe\u00e7a&#8221;.<\/span><\/p>\n<p style=\"text-align: justify\">D)\u00a0<strong>Errada. <span style=\"color: #333399\">Art. 18, VII, da LC 104\/13.<\/span>\u00a0<\/strong><span style=\"color: #000000\">O contribuinte deve manter as informa\u00e7\u00f5es cadastrais atualizadas, independente de determina\u00e7\u00e3o da fiscaliza\u00e7\u00e3o nesse sentido. Inclusive constitui infra\u00e7\u00e3o \u00e0 legisla\u00e7\u00e3o tribut\u00e1ria a informa\u00e7\u00e3o de dados cadastrais incorretos e\/ou desatualizados.<\/span><\/p>\n<p style=\"text-align: justify\"><span style=\"color: #000000\">E)\u00a0<strong>Errada.\u00a0<\/strong>Aqui vale o mesmo coment\u00e1rio da op\u00e7\u00e3o C. Na verdade foi uma &#8220;c\u00f3pia&#8221; da C, por\u00e9m mais &#8220;capenga&#8221;.<\/span><\/p>\n<p><span style=\"color: #0000ff\"><strong>GABARITO: B.<\/strong><\/span><\/p>\n<p>&nbsp;<\/p>\n<p style=\"text-align: justify\"><span style=\"color: #000000\"><strong>Quest\u00e3o 84 &#8211;\u00a0<\/strong>E tome de LC 104\/13 (a quest\u00e3o queria saber sobre os <strong>objetivos do C\u00f3digo)<\/strong>:<\/span><\/p>\n<p style=\"text-align: justify\">A) <strong><span style=\"color: #000000\">Errada<\/span><\/strong>.\u00a0<span style=\"color: #333399\"><strong>Art. 2\u00ba, III, da LC 104\/13<\/strong><\/span>. <span style=\"color: #000000\">O C\u00f3digo tem o objeto de assegura o contradit\u00f3rio e a ampla defesa<\/span>\u00a0<span style=\"color: #339966\"><strong>inclusive nos processos n\u00e3o contenciosos.<\/strong><\/span><\/p>\n<p>B)\u00a0<strong><span style=\"color: #000000\">Errada<\/span><\/strong>. <strong><span style=\"color: #333399\">Art. 2\u00ba, I, da LC 104\/13<\/span>.<\/strong>\u00a0<span style=\"color: #000000\">N\u00e3o tem nada de &#8220;supremacia do interesse p\u00fablico&#8221;, nesse caso. O correto seria: &#8220;&#8230; baseado na<\/span>\u00a0<strong><span style=\"color: #339966\">coopera\u00e7\u00e3o, no respeito m\u00fatuo e na parceria<\/span><\/strong>&#8230;&#8221;<\/p>\n<p style=\"text-align: justify\"><span style=\"color: #000000\">C)\u00a0<strong>Errada<\/strong>. N\u00e3o existe isso no C\u00f3digo.<\/span><\/p>\n<p style=\"text-align: justify\">D)\u00a0<strong><span style=\"color: #ff0000\">CORRETO<\/span>.<\/strong>\u00a0<span style=\"color: #000000\">Reprodu\u00e7\u00e3o literal do<\/span> <strong><span style=\"color: #333399\">art. 2\u00ba, VI, da LC 104\/13.<\/span><\/strong><\/p>\n<p style=\"text-align: justify\">E)\u00a0<strong>Errada.\u00a0<\/strong><span style=\"color: #333399\"><strong>Art. 2\u00ba, V, da LC 104\/13.\u00a0<\/strong><span style=\"color: #000000\">A referida presta\u00e7\u00e3o de servi\u00e7os de orienta\u00e7\u00e3o, pelo Estado, ao contribuinte se dar\u00e1 de forma\u00a0<strong><span style=\"color: #339966\">gratuita<\/span>.<\/strong><\/span><\/span><\/p>\n<p style=\"text-align: justify\"><span style=\"color: #0000ff\"><strong>GABARITO: D.<\/strong><\/span><\/p>\n<p>&nbsp;<\/p>\n<p><span style=\"color: #000000\"><strong>Quest\u00e3o 85 &#8211;\u00a0<\/strong>Quest\u00e3o sobre o\u00a0<strong>PAT:<\/strong><\/span><\/p>\n<p style=\"text-align: justify\">A) <strong><span style=\"color: #000000\">Errada<\/span><\/strong>.\u00a0<span style=\"color: #333399\"><strong>Art. 5\u00ba, \u00a7 6\u00ba, da Lei 16.469\/09<\/strong><\/span>. <span style=\"color: #000000\">O recesso \u00e9 no per\u00edodo de<\/span> <strong><span style=\"color: #339966\">20\/12 a 06\/01<\/span><\/strong>.<\/p>\n<p style=\"text-align: justify\">B)\u00a0<strong><span style=\"color: #ff0000\">CORRETO<\/span><\/strong>.\u00a0<span style=\"color: #333399\"><strong>Art. 5\u00ba, \u00a7 1\u00ba, da Lei 16.469\/09<\/strong><\/span><strong>.<\/strong>\u00a0<span style=\"color: #000000\">Destaquei bastante isso no pdf e na v\u00eddeo-aula. Falei que n\u00e3o se consideram dias de expediente normal aqueles em que a reparti\u00e7\u00e3o n\u00e3o funcione em seu hor\u00e1rio normal. Ou seja, n\u00e3o \u00e9 s\u00f3 no feriados e finais de semana, mas tamb\u00e9m nos dias de\u00a0<strong>meio-expediente e em outros dias em que a reparti\u00e7\u00e3o n\u00e3o funcione no seu hor\u00e1rio normal (como foi nos dias dos jogos do Brasil na Copa).<\/strong>\u00a0<\/span><\/p>\n<p style=\"text-align: justify\">C)\u00a0<strong>Errada<\/strong>. <strong><span style=\"color: #333399\">Art. 5<\/span><span style=\"color: #333399\">\u00ba, <em>caput<\/em>, da Lei\u00a016.469\/09.\u00a0<\/span><\/strong><span style=\"color: #333399\"><span style=\"color: #000000\">Exclui o dia de in\u00edcio, mas inclui o dia do vencimento.<\/span><\/span><\/p>\n<p style=\"text-align: justify\">D)\u00a0<strong>Errada<\/strong><strong>.<\/strong>\u00a0<span style=\"color: #333399\"><strong>Art. 5\u00ba, \u00a7 4\u00ba, da Lei 16.469\/09.\u00a0<\/strong><span style=\"color: #000000\">Contraria a literalidade do dispositivo.<\/span><\/span><\/p>\n<p style=\"text-align: justify\">E)\u00a0<strong>Errada.<span style=\"color: #333399\">Art. 5\u00ba, \u00a7 5\u00ba, da Lei 16.469\/09<\/span><\/strong><span style=\"color: #333399\"><strong>.\u00a0<\/strong><span style=\"color: #000000\">Contraria a literalidade do dispositivo. Essa era f\u00e1cil de lembrar, justamente pelo fato de o prazo ser perempt\u00f3rio. Ou seja, se o contribuinte praticou o ato antes de expirar o prazo, automaticamente ele perde esse restante. Expliquei bem isso no material.\u00a0<\/span><\/span><\/p>\n<p style=\"text-align: justify\"><span style=\"color: #0000ff\"><strong>GABARITO: B.<\/strong><\/span><\/p>\n<p>&nbsp;<\/p>\n<p><span style=\"color: #000000\"><strong>Quest\u00e3o 86 &#8211;\u00a0<\/strong>Quest\u00e3o sobre o\u00a0<strong>PAT:<\/strong><\/span><\/p>\n<p style=\"text-align: justify\">A) <strong><span style=\"color: #000000\">Errada<\/span><\/strong>.\u00a0<span style=\"color: #333399\"><strong>Art. 12 da Lei 16.469\/09<\/strong><\/span>. <span style=\"color: #000000\">Moleza, essa. A Fazenda P\u00fablica \u00e9 representada no processo administrativo pela<\/span> <strong><span style=\"color: #339966\">Representa\u00e7\u00e3o Fazend\u00e1ria.<\/span><\/strong><\/p>\n<p style=\"text-align: justify\">B) e D)\u00a0<strong><span style=\"color: #000000\">Erradas<\/span><\/strong>.\u00a0<span style=\"color: #333399\"><strong>Art. 11, \u00a7 2\u00ba, da Lei 16.469\/09<\/strong><\/span><strong>.<\/strong>\u00a0<span style=\"color: #000000\">Nem precisava pensar muito. Bastava saber que a vista do processo, no \u00e2mbito administrativo,<\/span> <strong><span style=\"color: #339966\">s\u00f3 pode ser dar\u00a0no recinto da reparti\u00e7\u00e3o<\/span>.\u00a0<\/strong><span style=\"color: #000000\">Expliquei bastante isso no curso. Fiz a compara\u00e7\u00e3o com o processo judicial (onde o advogado pode fazer carga dos autos e lev\u00e1-los para o escrit\u00f3rio)<\/span><\/p>\n<p style=\"text-align: justify\">C)\u00a0<strong>Errada<\/strong>. <strong><span style=\"color: #333399\">Art. 13<\/span><span style=\"color: #333399\">\u00a0da Lei\u00a016.469\/09.\u00a0<\/span><\/strong><span style=\"color: #333399\"><span style=\"color: #000000\">Com esse dispositivo voc\u00ea j\u00e1 eliminaria a op\u00e7\u00e3o C e marcaria a E como correta. O sujeito passivo, mesmo que n\u00e3o representado por advogado, tem direito ao uso da palavra, na forma do regimento interno do CAT.<\/span><\/span><\/p>\n<p style=\"text-align: justify\">E)\u00a0<strong><span style=\"color: #ff0000\">CORRETO<\/span>.\u00a0<span style=\"color: #333399\">Art. 13 Lei 16.469\/09<\/span><\/strong><span style=\"color: #333399\"><strong>.\u00a0<\/strong><span style=\"color: #000000\">Nem precisava comentar neh ? Tanto o sujeito passivo, quando o seu representante e o representante fazend\u00e1rio\u00a0<\/span><\/span><span style=\"color: #333399\"><span style=\"color: #000000\">t\u00eam direito ao uso da palavra, na forma do regimento interno do CAT.<\/span><\/span><\/p>\n<p style=\"text-align: justify\"><span style=\"color: #0000ff\"><strong>GABARITO: E.<\/strong><\/span><\/p>\n<p>&nbsp;<\/p>\n<p style=\"text-align: justify\"><span style=\"color: #000000\"><strong>Quest\u00e3o 87 &#8211;\u00a0<\/strong>C\u00f3digo do Contribuinte (sobre\u00a0<strong>garantias do contribuinte<\/strong>)<\/span><\/p>\n<p style=\"text-align: justify\"><span style=\"color: #000000\">A)<\/span>\u00a0<strong><span style=\"color: #000000\">Errada<\/span><\/strong>.\u00a0<span style=\"color: #333399\"><strong>Art. 6\u00ba, VI da LC 104\/13<\/strong><\/span>. <span style=\"color: #000000\">N\u00e3o existe esse<\/span> <strong><span style=\"color: #339966\">&#8220;<em>desde que&#8221;<\/em><\/span><\/strong><span style=\"color: #339966\"><em><span style=\"color: #000000\">.\u00a0<\/span><\/em><\/span><span style=\"color: #000000\">A frui\u00e7\u00e3o dos benef\u00edcios estar\u00e1 assegurada, ainda que exista processo administrativo.<\/span><\/p>\n<p style=\"text-align: justify\"><span style=\"color: #000000\">B)\u00a0<strong>Errada.\u00a0<\/strong>N\u00e3o existe isso no C\u00f3digo do Contribuinte.<\/span><\/p>\n<p style=\"text-align: justify\"><span style=\"color: #000000\">C)\u00a0<strong>Errada.\u00a0<\/strong>Essa exclus\u00e3o ocorrer\u00e1 no caso de pagamento de tributo e multa\u00a0<span style=\"color: #339966\"><strong>n\u00e3o previstos em lei.\u00a0<span style=\"color: #333399\">Art. 6\u00ba, I, da LC 104\/13.<\/span>\u00a0<\/strong><\/span><\/span><\/p>\n<p style=\"text-align: justify\"><span style=\"color: #000000\">D)\u00a0<\/span><span style=\"color: #000000\"><strong>Errada.\u00a0<\/strong>Para que n\u00e3o seja penalizado pelo il\u00edcito, o sujeito passivo deve providenciar a corre\u00e7\u00e3o\u00a0<strong><span style=\"color: #339966\">antes<\/span>\u00a0<\/strong>de iniciado o procedimento fiscal.<span style=\"color: #339966\"><strong>\u00a0<span style=\"color: #333399\">Art. 6\u00ba, II, da LC 104\/13.<\/span>\u00a0<\/strong><\/span><\/span><\/p>\n<p><span style=\"color: #000000\">E)\u00a0<strong><span style=\"color: #ff0000\">CORRETO.\u00a0<span style=\"color: #333399\">Art. 6\u00ba, III, da LC 104\/13.<\/span><\/span><\/strong><\/span><\/p>\n<p><span style=\"color: #0000ff\"><strong>GABARITO: E.<\/strong><\/span><\/p>\n<p>&nbsp;<\/p>\n<p><span style=\"color: #000000\"><strong>Quest\u00e3o 88 &#8211;\u00a0<\/strong>Mais uma sobre C\u00f3digo do Contribuinte:<\/span><\/p>\n<p style=\"text-align: justify\"><span style=\"color: #000000\">A)<\/span>\u00a0<strong><span style=\"color: #000000\">Errada<\/span><\/strong>.\u00a0<span style=\"color: #333399\"><strong>Art. 26\u00ba, \u00a7 2\u00ba<\/strong><\/span>. <span style=\"color: #000000\">Depende de solicita\u00e7\u00e3o por parte do sujeito passivo.<\/span><\/p>\n<p style=\"text-align: justify\"><span style=\"color: #000000\">B)\u00a0<\/span><strong style=\"color: #000000\">Errada. <span style=\"color: #333399\">Art. 27.\u00a0<\/span><\/strong><span style=\"color: #333399\"><span style=\"color: #000000\">\u00c9 caso de nulidade<\/span><\/span><strong style=\"color: #000000\"><span style=\"color: #333399\"><span style=\"color: #000000\"> absoluta.<\/span><\/span><\/strong><\/p>\n<p style=\"text-align: justify\"><span style=\"color: #000000\">C) <strong><span style=\"color: #ff0000\">CORRETO<\/span><\/strong>.\u00a0<\/span><span style=\"color: #339966\"><strong><span style=\"color: #333399\">Art. 23.<\/span>\u00a0<\/strong><\/span><\/p>\n<p style=\"text-align: justify\"><span style=\"color: #000000\">D)\u00a0<\/span><b style=\"color: #000000\">Errada.\u00a0<\/b><span style=\"color: #333399;font-weight: bold\">Art. 24. <\/span><span style=\"color: #000000\">Assunto do aul\u00e3o de v\u00e9spera. A fiscaliza\u00e7\u00e3o, nesses casos emergenciais, pode ser iniciada <strong><span style=\"color: #339966\">antes<\/span> de emitida a ordem de fiscaliza\u00e7\u00e3o.<\/strong><\/span><span style=\"color: #339966\"><strong>\u00a0<\/strong><span style=\"color: #000000\">E esta, por sua vez, dever\u00e1 ser emitida no prazo de 48h ap\u00f3s iniciada a fiscaliza\u00e7\u00e3o.<\/span><\/span><\/p>\n<p style=\"text-align: justify\"><span style=\"color: #000000\">E)<b style=\"color: #000000\">Errada<\/b><strong><span style=\"color: #ff0000\">.<\/span><\/strong><span style=\"color: #ff0000\">\u00a0Pegadinha&#8230;\u00a0<\/span><strong><span style=\"color: #ff0000\"><span style=\"color: #333399\">Art.<\/span><\/span><span style=\"color: #ff0000\"><span style=\"color: #333399\">\u00a026.<\/span><\/span><\/strong><span style=\"color: #ff0000\"><span style=\"color: #333399\">\u00a0<\/span><\/span>O prazo est\u00e1\u00a0<strong>correto<\/strong>. Tamb\u00e9m falei (e esclareci essa d\u00favida) sobre isso no aul\u00e3o de v\u00e9spera. Por\u00e9m, n\u00e3o se aplica a regra em rela\u00e7\u00e3o aos documentos que constituem prova da infra\u00e7\u00e3o. Esse era o erro.<\/span><\/p>\n<p><span style=\"color: #0000ff\"><strong>GABARITO: C.<\/strong><\/span><\/p>\n<p>&nbsp;<\/p>\n<p style=\"text-align: justify\"><span style=\"color: #000000\"><strong>Quest\u00e3o 91 &#8211; <\/strong>Quest\u00e3o sobre PAT (<strong>intima\u00e7\u00f5es<\/strong>):<\/span><\/p>\n<p style=\"text-align: justify\">A) <strong><span style=\"color: #000000\">Errada<\/span><\/strong>.\u00a0<span style=\"color: #333399\"><strong>Art. 15, II.<\/strong><\/span>\u00a0<span style=\"color: #000000\">A ci\u00eancia t\u00e1cita, no caso de intima\u00e7\u00e3o via DTE, se d\u00e1 no prazo de <span style=\"color: #339966\"><strong>10 dias<\/strong><\/span>.<\/span><\/p>\n<p>B)\u00a0<strong><span style=\"color: #000000\">Errada<\/span><\/strong>. <strong><span style=\"color: #333399\">Art. 15, III<\/span>.<\/strong>\u00a0<span style=\"color: #000000\">N\u00e3o tem esse de dia \u00fatil seguinte. O correto \u00e9 <strong><span style=\"color: #339966\">&#8220;<\/span><span style=\"color: #339966\">na data da ci\u00eancia&#8221;.<\/span><\/strong><\/span><\/p>\n<p style=\"text-align: justify\"><span style=\"color: #000000\">C)\u00a0<strong>Errada<\/strong>.\u00a0<span style=\"color: #333399\"><strong>Art. 14\u00ba, \u00a7 5\u00ba.\u00a0<\/strong><\/span>Se a decis\u00e3o for inteiramente favor\u00e1vel \u00e0 parte, n\u00e3o \u00e9 preciso intim\u00e1-la.<\/span><\/p>\n<p style=\"text-align: justify\">D)\u00a0<strong><span style=\"color: #ff0000\">CORRETO<\/span>.<\/strong>\u00a0<strong><span style=\"color: #333399\"><span style=\"color: #000000\">Art. 15, I, &#8220;b&#8221;, item 2<\/span>.<\/span><\/strong><\/p>\n<p style=\"text-align: justify\">E)\u00a0<strong>Errada.\u00a0<\/strong><span style=\"color: #333399\"><strong>Art.\u00a014\u00ba, \u00a7 1\u00ba.<\/strong>\u00a0<span style=\"color: #000000\">A intima\u00e7\u00e3o por edital \u00e9 a\u00a0<strong><span style=\"color: #339966\">\u00faltima a ser feita<\/span><\/strong><\/span><span style=\"color: #000000\">.<\/span><\/span><\/p>\n<p style=\"text-align: justify\"><span style=\"color: #0000ff\"><strong>GABARITO: D.<\/strong><\/span><\/p>\n<p>&nbsp;<\/p>\n<p><span style=\"color: #000000\"><strong>Quest\u00e3o 92 &#8211; <\/strong>Quest\u00e3o sobre ITCD:<\/span><\/p>\n<p style=\"text-align: justify\"><span style=\"color: #000000\">Muita gente se embananou na quest\u00e3o. Sequer era preciso fazer o c\u00e1lculo do imposto para chegar \u00e0 resposta. Como destaquei no aul\u00e3o de v\u00e9spera, certamente ter\u00edamos quest\u00f5es onde seria necess\u00e1rio conhecer as regras de sujei\u00e7\u00e3o ativa e passiva.\u00a0<\/span><\/p>\n<p><span style=\"color: #000000\">Bastava conhecer as referidas regras e, em especial, o\u00a0<strong><span style=\"color: #333399\">art. 81, par\u00e1grafo \u00fanico.<\/span><\/strong><\/span><\/p>\n<p><span style=\"color: #000000\">A doadora era Manoela (GO)<\/span><\/p>\n<p><span style=\"color: #000000\"><span style=\"text-decoration: underline\">Os donat\u00e1rios eram<\/span>:<\/span><\/p>\n<p style=\"text-align: justify\"><span style=\"color: #000000\">Marcos (TO), que recebeu,\u00a0de Manoela, um im\u00f3vel localizado em GO.<\/span><\/p>\n<p style=\"text-align: justify\"><span style=\"color: #000000\">Marlene (MT), que recebeu,\u00a0de Manoela, bens m\u00f3veis.<\/span><\/p>\n<p style=\"text-align: justify\"><span style=\"color: #000000\">S\u00f3 com isso, podemos concluir que:<\/span><\/p>\n<p style=\"text-align: justify\"><span style=\"color: #000000\">\u00c9 devido a GO o imposto devido por ambas as doa\u00e7\u00f5es, j\u00e1 que o im\u00f3vel est\u00e1 em GO e a doadora dos bens m\u00f3veis reside\/domiciliada em GO.<\/span><\/p>\n<p style=\"text-align: justify\"><span style=\"color: #000000\">Vamos aos sujeitos passivos: como regra, na doa\u00e7\u00e3o, o contribuinte \u00e9 o donat\u00e1rio. Maaaas &#8211; olha o bizu dado no aul\u00e3o de v\u00e9spera, de novo &#8211; nas doa\u00e7\u00f5es\u00a0<strong>de bens m\u00f3veis<\/strong>, quando o donat\u00e1rio se encontrar fora de GO, o\u00a0<strong>contribuinte ser\u00e1 o doador.\u00a0<\/strong><\/span><\/p>\n<p style=\"text-align: justify\"><span style=\"color: #000000\">Logo, em rela\u00e7\u00e3o ao im\u00f3vel, o contribuinte ser\u00e1 Marcos (TO), o donat\u00e1rio.<\/span><\/p>\n<p style=\"text-align: justify\"><span style=\"color: #000000\">Em rela\u00e7\u00e3o aos bens m\u00f3veis, a contribuinte ser\u00e1 a Manoela (GO), a doadora, pois a Marlene (donat\u00e1ria) reside em MT.<\/span><\/p>\n<p><span style=\"color: #000000\">Com isso, chegamos ao gabarito, que \u00e9 a op\u00e7\u00e3o C.<\/span><\/p>\n<p style=\"text-align: justify\"><span style=\"color: #000000\">Se quisesse calcular, bastava aplicar a al\u00edquota por faixas da BC (tamb\u00e9m falei sobre isso no aul\u00e3o de v\u00e9spera):<\/span><\/p>\n<p><span style=\"color: #000000\">25000 x 2% + 175000 x 4% + 300000 x 6% = 25500 reais.<\/span><\/p>\n<p><span style=\"color: #0000ff\"><strong>GABARITO: C.<\/strong><\/span><\/p>\n<p>&nbsp;<\/p>\n<p><span style=\"color: #000000\"><strong>Quest\u00e3o 99\u00a0&#8211; <\/strong>Quest\u00e3o sobre PAT:<\/span><\/p>\n<p><span style=\"color: #000000\">A) <strong><span style=\"color: #ff0000\">CORRETA<\/span><\/strong>. <strong><span style=\"color: #333399\">Art. 42 da lei do PAT.<\/span><\/strong><\/span><\/p>\n<p style=\"text-align: justify\"><span style=\"color: #000000\">B) <strong>Errada<\/strong>. O contencioso visa efetuar o controle de legalidade do lan\u00e7amento.<\/span>\u00a0<span style=\"color: #000000\"><strong><span style=\"color: #333399\">Art. 3\u00ba, I.<\/span><\/strong><\/span><\/p>\n<p style=\"text-align: justify\"><span style=\"color: #000000\">C) <strong>Errada<\/strong>. Caramba, inadmiss\u00edvel errar isso. Falei bastante no pdf, na v\u00eddeo-aula e no aul\u00e3o de v\u00e9spera. O in\u00edcio do processo contencioso se d\u00e1 com a\u00a0<strong>impugna\u00e7\u00e3o do lan\u00e7amento ou com a admiss\u00e3o do pedido de descaracteriza\u00e7\u00e3o de n\u00e3o contenciosidade.\u00a0<\/strong><\/span><\/p>\n<p style=\"text-align: justify\"><span style=\"color: #000000\">D) <strong>Errada<\/strong>.\u00a0A consulta ser\u00e1 apreciada em inst\u00e2ncia\u00a0<strong>\u00fanica e pode ser proposta por \u00f3rg\u00e3o da administra\u00e7\u00e3o p\u00fablica (<span style=\"color: #333399\">art. 48,\u00a0<\/span><span style=\"color: #333399\"><em>caput,<\/em><\/span><span style=\"color: #333399\"> c\/c inciso III<\/span>).<\/strong><\/span><\/p>\n<p style=\"text-align: justify\"><span style=\"color: #000000\">E) <strong>Errada<\/strong>.\u00a0Nem precisava ler mais que duas palavras&#8230; Apenas o processo de\u00a0<strong><span style=\"color: #339966\">exclus\u00e3o<\/span> est\u00e1 compreendido no processo administrativo tribut\u00e1rio.\u00a0<span style=\"color: #333399\">Art. 53.<\/span><\/strong><\/span><\/p>\n<p><span style=\"color: #0000ff\"><strong>GABARITO: A.<\/strong><\/span><\/p>\n<p>&nbsp;<\/p>\n<p><span style=\"color: #000000\"><strong>Quest\u00e3o 104 &#8211;\u00a0<\/strong>A \u00faltima sobre C\u00f3digo do Contribuinte:<\/span><\/p>\n<p style=\"text-align: justify\"><span style=\"color: #000000\">A)<\/span>\u00a0<strong><span style=\"color: #000000\">Errada<\/span><\/strong>.\u00a0<span style=\"color: #333399\"><strong>Art. 6\u00ba, VIII<\/strong><\/span>. <span style=\"color: #000000\">N\u00e3o h\u00e1 esse &#8220;<span style=\"color: #339966\"><strong><em>exclusivamente<\/em><\/strong><\/span>&#8221; trazido na assertiva.<\/span><\/p>\n<p style=\"text-align: justify\"><span style=\"color: #000000\">B) e D)\u00a0<\/span><span style=\"color: #000000\"><b>Erradas. <\/b><span style=\"color: #333399\"><b>Art. 10. <\/b>Nem precisava perder tempo lendo tudo com calma. Bastava saber que a referida <span style=\"color: #339966\"><strong>redu\u00e7\u00e3o \u00e9 de 50%<\/strong><\/span> e j\u00e1 seria poss\u00edvel eliminar ambas as assertivas<\/span><\/span><strong style=\"color: #000000\"><span style=\"color: #333399\"><span style=\"color: #000000\">.<\/span><\/span><\/strong><\/p>\n<p style=\"text-align: justify\"><span style=\"color: #000000\">C) <strong><span style=\"color: #ff0000\">CORRETO<\/span><\/strong>.\u00a0<\/span><span style=\"color: #339966\"><strong><span style=\"color: #333399\">Art.5\u00ba, XIV.\u00a0<\/span><\/strong><span style=\"color: #333399\"><span style=\"color: #000000\">N\u00e3o era reprodu\u00e7\u00e3o literal do artigo, mas estava ok.<\/span><\/span><\/span><\/p>\n<p style=\"text-align: justify\"><span style=\"color: #000000\">D)\u00a0<\/span><b style=\"color: #000000\">Errada.\u00a0<\/b><span style=\"color: #333399;font-weight: bold\">Art. 24. <\/span><span style=\"color: #000000\">Assunto do aul\u00e3o de v\u00e9spera. A fiscaliza\u00e7\u00e3o, nesses casos emergenciais, pode ser iniciada <strong><span style=\"color: #339966\">antes<\/span> de emitida a ordem de fiscaliza\u00e7\u00e3o.<\/strong><\/span><span style=\"color: #339966\"><strong>\u00a0<\/strong><span style=\"color: #000000\">E esta, por sua vez, dever\u00e1 ser emitida no prazo de 48h ap\u00f3s iniciada a fiscaliza\u00e7\u00e3o.<\/span><\/span><\/p>\n<p style=\"text-align: justify\"><span style=\"color: #000000\">E)\u00a0<b style=\"color: #000000\">Errada<\/b><strong><span style=\"color: #ff0000\">.<\/span><\/strong><span style=\"color: #ff0000\">\u00a0Pegadinha&#8230;\u00a0<\/span><strong><span style=\"color: #ff0000\"><span style=\"color: #333399\">Art.<\/span><\/span><span style=\"color: #ff0000\"><span style=\"color: #333399\">\u00a02\u00ba, II.\u00a0<\/span><\/span><\/strong><span style=\"color: #ff0000\"><span style=\"color: #333399\">Nem precisava conhecer o C\u00f3digo do Contribuinte. Bastava ter estudado direito tribut\u00e1rio que voc\u00eas saberiam que a multa s\u00f3 pode ser estabelecida por <strong><span style=\"color: #339966\">lei<\/span><\/strong> (e n\u00e3o pela legisla\u00e7\u00e3o tribut\u00e1ria, como diz a assertiva).<\/span><\/span><\/span><\/p>\n<p><span style=\"color: #0000ff\"><strong>GABARITO: C.<\/strong><\/span><\/p>\n<p>&nbsp;<\/p>\n<p><strong>Quest\u00e3o 105 &#8211;\u00a0<\/strong><span style=\"color: #000000\">ITCD<\/span><\/p>\n<p style=\"text-align: justify\"><span style=\"color: #000000\">A) <strong>Errado.\u00a0<\/strong>O texto tentava embolar a qualquer custo. Fala de 180 dias, depois vinha com um &#8220;inclusive&#8221; mal empregado. Mas, de qualquer forma, n\u00e3o deixava de ser uma ren\u00fancia pura e simples, n\u00e3o sujeita \u00e0 incid\u00eancia do imposto.\u00a0<span style=\"color: #333399\"><strong>Art. 80, \u00a7 1\u00ba, I, &#8220;a&#8221;<\/strong><\/span><\/span><span style=\"color: #000000\"><span style=\"color: #333399\"><strong>.<\/strong><\/span><\/span><\/p>\n<p style=\"text-align: justify\"><span style=\"color: #000000\">B) <strong><span style=\"color: #ff0000\">CORRETO<\/span>.\u00a0<\/strong>Assunto tratado com \u00eanfase, inclusive no aul\u00e3o de v\u00e9spera.\u00a0<span style=\"color: #333399\"><strong>Art. 73, I-A, &#8220;d&#8221;.\u00a0<\/strong>Nesse caso, s\u00f3 interessava saber o local do \u00faltimo domic\u00edlio do\u00a0<em>de cujus.<\/em><\/span><\/span><\/p>\n<p><span style=\"color: #000000\">As demais n\u00e3o t\u00eam mist\u00e9rio.<\/span><\/p>\n<p>C)\u00a0<strong>Errado.\u00a0<span style=\"color: #000000\"><span style=\"color: #333399\">Art. 80, \u00a7 1\u00ba, III<\/span><\/span><span style=\"color: #000000\"><span style=\"color: #333399\">.<\/span><\/span><\/strong><\/p>\n<p>D)\u00a0<strong>Errado.\u00a0<\/strong><span style=\"color: #000000\">O bem \u00e9 im\u00f3vel e est\u00e1 no TO. Logo, nem precisa ver mais nada, j\u00e1 que oITCD n\u00e3o ser\u00e1 devido a GO.<\/span><\/p>\n<p>E)\u00a0<strong>Errado.\u00a0<span style=\"color: #000000\"><span style=\"color: #333399\">Art. 80, \u00a7 1\u00ba, I, &#8220;b&#8221;<\/span><\/span><span style=\"color: #000000\"><span style=\"color: #333399\">.<\/span><\/span><\/strong><\/p>\n<p><span style=\"color: #0000ff\"><strong>GABARITO: B.<\/strong><\/span><\/p>\n<p>&nbsp;<\/p>\n<p><strong>Quest\u00e3o 106 &#8211;\u00a0<\/strong><span style=\"color: #000000\">ITCD<\/span><\/p>\n<p style=\"text-align: justify\"><span style=\"color: #000000\">A)\u00a0<strong><span style=\"color: #ff0000\">CORRETO<\/span><\/strong><strong>.\u00a0<\/strong>Ficou meio capenga, mas era isso a\u00ed mesmo.\u00a0<span style=\"color: #333399\"><strong>Art. 74, I, &#8220;d&#8221;<\/strong><\/span><\/span><span style=\"color: #000000\"><span style=\"color: #333399\"><strong>.<\/strong><\/span><\/span><\/p>\n<p style=\"text-align: justify\"><span style=\"color: #000000\">B)\u00a0<strong>Errado<\/strong><strong>.\u00a0<\/strong>N\u00e3o h\u00e1 esse <span style=\"color: #339966\"><strong>&#8220;exceto&#8221;<\/strong><\/span>.\u00a0<span style=\"color: #333399\"><strong>Art. 74, II, &#8220;c&#8221;.\u00a0<\/strong><\/span><\/span><\/p>\n<p>C)\u00a0<strong>Errado. <\/strong>Tamb\u00e9m n<span style=\"color: #000000\">\u00e3o h\u00e1 esse <strong><span style=\"color: #339966\">&#8220;exceto&#8221;<\/span><\/strong>.\u00a0<strong><span style=\"color: #333399\">Art. 74, I, &#8220;a&#8221;.\u00a0<\/span><\/strong><\/span><\/p>\n<p style=\"text-align: justify\">D)\u00a0<strong>Errado.<\/strong>\u00a0Em rela\u00e7\u00e3o \u00e0 mea\u00e7\u00e3o, n\u00e3o. Em rela\u00e7\u00e3o ao\u00a0<strong>excedente de mea\u00e7\u00e3o\u00a0<\/strong>seria o correto.\u00a0<span style=\"color: #000000\"><strong><span style=\"color: #333399\">Art. 74, II, &#8220;e&#8221;, item 1.\u00a0<\/span><\/strong><\/span><\/p>\n<p style=\"text-align: justify\">E)\u00a0<strong>Errado.\u00a0<span style=\"color: #000000\"><span style=\"color: #333399\">Art. 74, II, &#8220;e&#8221;, item 2.\u00a0<\/span><\/span><\/strong>\u00a0No caso, o excedente de quinh\u00e3o, constituiria FG da transmiss\u00e3o por doa\u00e7\u00e3o e n\u00e3o da\u00a0<em>causa mortis.\u00a0<\/em>E o momento de sua ocorr\u00eancia \u00e9 na data da partilha e n\u00e3o da abertura da sucess\u00e3o.<\/p>\n<p><span style=\"color: #0000ff\"><strong>GABARITO: A.<\/strong><\/span><\/p>\n<p>&nbsp;<\/p>\n<p>\u00c9 isso pessoal ! Espero que tenham feito uma \u00f3tima prova.<\/p>\n<p>Abra\u00e7o a todos !<\/p>\n","protected":false},"excerpt":{"rendered":"<p>Fala pessoal, Seguem as quest\u00f5es de legisla\u00e7\u00e3o tribut\u00e1ria estadual relativas ao\u00a0ITCMD, PAT e C\u00f3digo do Contribuinte,\u00a0devidamente comentadas.\u00a0 As demais quest\u00f5es da disciplinas foram comentadas pelo Eduardo da Rocha. Clique aqui para conferir o gabarito.\u00a0 Para checar o gabarito extraoficial das demais disciplinas, veja esse link. Aproveite e registre sua pontua\u00e7\u00e3o no ranking. Antes de apresentar [&hellip;]<\/p>\n","protected":false},"author":420,"featured_media":0,"comment_status":"open","ping_status":"closed","sticky":false,"template":"","format":"standard","meta":{"post_tipo":"article","footnotes":""},"categories":[1],"tags":[],"tax_estado":[],"class_list":["post-144965","post","type-post","status-publish","format-standard","hentry","category-cursos-e-concursos"],"acf":[],"yoast_head":"<!-- This site is optimized with the Yoast SEO Premium plugin v27.2 (Yoast SEO v27.2) - https:\/\/yoast.com\/product\/yoast-seo-premium-wordpress\/ -->\n<title>GABARITO SEFAZ-GO: Legisla\u00e7\u00e3o Tribut\u00e1ria (comentado)<\/title>\n<meta name=\"robots\" content=\"index, follow, max-snippet:-1, max-image-preview:large, max-video-preview:-1\" \/>\n<link rel=\"canonical\" href=\"https:\/\/www.estrategiaconcursos.com.br\/blog\/prova-de-legislacao-tributaria-da-sefaz-go-comentada\/\" \/>\n<meta property=\"og:locale\" content=\"pt_BR\" \/>\n<meta property=\"og:type\" content=\"article\" \/>\n<meta property=\"og:title\" content=\"GABARITO SEFAZ-GO: Legisla\u00e7\u00e3o Tribut\u00e1ria (comentado)\" \/>\n<meta property=\"og:description\" content=\"Fala pessoal, Seguem as quest\u00f5es de legisla\u00e7\u00e3o tribut\u00e1ria estadual relativas ao\u00a0ITCMD, PAT e C\u00f3digo do Contribuinte,\u00a0devidamente comentadas.\u00a0 As demais quest\u00f5es da disciplinas foram comentadas pelo Eduardo da Rocha. Clique aqui para conferir o gabarito.\u00a0 Para checar o gabarito extraoficial das demais disciplinas, veja esse link. Aproveite e registre sua pontua\u00e7\u00e3o no ranking. Antes de apresentar [&hellip;]\" \/>\n<meta property=\"og:url\" content=\"https:\/\/www.estrategiaconcursos.com.br\/blog\/prova-de-legislacao-tributaria-da-sefaz-go-comentada\/\" \/>\n<meta property=\"og:site_name\" content=\"Estrat\u00e9gia Concursos\" \/>\n<meta property=\"article:published_time\" content=\"2018-10-01T18:25:38+00:00\" \/>\n<meta property=\"article:modified_time\" content=\"2018-10-01T20:36:54+00:00\" \/>\n<meta name=\"author\" content=\"Rafael Rocha (Caverna)\" \/>\n<meta name=\"twitter:card\" content=\"summary_large_image\" \/>\n<meta name=\"twitter:creator\" content=\"@EstratConcursos\" \/>\n<meta name=\"twitter:site\" content=\"@EstratConcursos\" \/>\n<meta name=\"twitter:label1\" content=\"Escrito por\" \/>\n\t<meta name=\"twitter:data1\" content=\"Rafael Rocha (Caverna)\" \/>\n\t<meta name=\"twitter:label2\" content=\"Est. tempo de leitura\" \/>\n\t<meta name=\"twitter:data2\" content=\"10 minutos\" \/>\n<script type=\"application\/ld+json\" class=\"yoast-schema-graph\">{\"@context\":\"https:\/\/schema.org\",\"@graph\":[{\"@type\":\"NewsArticle\",\"@id\":\"https:\/\/www.estrategiaconcursos.com.br\/blog\/prova-de-legislacao-tributaria-da-sefaz-go-comentada\/#article\",\"isPartOf\":{\"@id\":\"https:\/\/www.estrategiaconcursos.com.br\/blog\/prova-de-legislacao-tributaria-da-sefaz-go-comentada\/\"},\"author\":{\"name\":\"Rafael Rocha (Caverna)\",\"@id\":\"https:\/\/www.estrategiaconcursos.com.br\/blog\/#\/schema\/person\/47109979be38ff2c64e984c8e96d4d5c\"},\"headline\":\"GABARITO SEFAZ-GO: Legisla\u00e7\u00e3o Tribut\u00e1ria (comentado)\",\"datePublished\":\"2018-10-01T18:25:38+00:00\",\"dateModified\":\"2018-10-01T20:36:54+00:00\",\"mainEntityOfPage\":{\"@id\":\"https:\/\/www.estrategiaconcursos.com.br\/blog\/prova-de-legislacao-tributaria-da-sefaz-go-comentada\/\"},\"wordCount\":2026,\"commentCount\":0,\"publisher\":{\"@id\":\"https:\/\/www.estrategiaconcursos.com.br\/blog\/#organization\"},\"articleSection\":[\"Concursos P\u00fablicos\"],\"inLanguage\":\"pt-BR\",\"potentialAction\":[{\"@type\":\"CommentAction\",\"name\":\"Comment\",\"target\":[\"https:\/\/www.estrategiaconcursos.com.br\/blog\/prova-de-legislacao-tributaria-da-sefaz-go-comentada\/#respond\"]}],\"copyrightYear\":\"2018\",\"copyrightHolder\":{\"@id\":\"https:\/\/www.estrategiaconcursos.com.br\/blog\/#organization\"}},{\"@type\":\"WebPage\",\"@id\":\"https:\/\/www.estrategiaconcursos.com.br\/blog\/prova-de-legislacao-tributaria-da-sefaz-go-comentada\/\",\"url\":\"https:\/\/www.estrategiaconcursos.com.br\/blog\/prova-de-legislacao-tributaria-da-sefaz-go-comentada\/\",\"name\":\"GABARITO SEFAZ-GO: Legisla\u00e7\u00e3o Tribut\u00e1ria (comentado)\",\"isPartOf\":{\"@id\":\"https:\/\/www.estrategiaconcursos.com.br\/blog\/#website\"},\"datePublished\":\"2018-10-01T18:25:38+00:00\",\"dateModified\":\"2018-10-01T20:36:54+00:00\",\"breadcrumb\":{\"@id\":\"https:\/\/www.estrategiaconcursos.com.br\/blog\/prova-de-legislacao-tributaria-da-sefaz-go-comentada\/#breadcrumb\"},\"inLanguage\":\"pt-BR\",\"potentialAction\":[{\"@type\":\"ReadAction\",\"target\":[\"https:\/\/www.estrategiaconcursos.com.br\/blog\/prova-de-legislacao-tributaria-da-sefaz-go-comentada\/\"]}]},{\"@type\":\"BreadcrumbList\",\"@id\":\"https:\/\/www.estrategiaconcursos.com.br\/blog\/prova-de-legislacao-tributaria-da-sefaz-go-comentada\/#breadcrumb\",\"itemListElement\":[{\"@type\":\"ListItem\",\"position\":1,\"name\":\"In\u00edcio\",\"item\":\"https:\/\/www.estrategiaconcursos.com.br\/blog\/\"},{\"@type\":\"ListItem\",\"position\":2,\"name\":\"GABARITO SEFAZ-GO: Legisla\u00e7\u00e3o Tribut\u00e1ria (comentado)\"}]},{\"@type\":\"WebSite\",\"@id\":\"https:\/\/www.estrategiaconcursos.com.br\/blog\/#website\",\"url\":\"https:\/\/www.estrategiaconcursos.com.br\/blog\/\",\"name\":\"Estrat\u00e9gia Concursos\",\"description\":\"O blog da Estrat\u00e9gia Concursos traz not\u00edcias sobre concursos e artigos de professores oferecendo cursos para concursos (pdf + videaulas) no site.\",\"publisher\":{\"@id\":\"https:\/\/www.estrategiaconcursos.com.br\/blog\/#organization\"},\"potentialAction\":[{\"@type\":\"SearchAction\",\"target\":{\"@type\":\"EntryPoint\",\"urlTemplate\":\"https:\/\/www.estrategiaconcursos.com.br\/blog\/?s={search_term_string}\"},\"query-input\":{\"@type\":\"PropertyValueSpecification\",\"valueRequired\":true,\"valueName\":\"search_term_string\"}}],\"inLanguage\":\"pt-BR\"},{\"@type\":\"Organization\",\"@id\":\"https:\/\/www.estrategiaconcursos.com.br\/blog\/#organization\",\"name\":\"Estrat\u00e9gia Concursos\",\"url\":\"https:\/\/www.estrategiaconcursos.com.br\/blog\/\",\"logo\":{\"@type\":\"ImageObject\",\"inLanguage\":\"pt-BR\",\"@id\":\"https:\/\/www.estrategiaconcursos.com.br\/blog\/#\/schema\/logo\/image\/\",\"url\":\"https:\/\/dhg1h5j42swfq.cloudfront.net\/2025\/06\/03203428\/logo_concursos-1.jpg\",\"contentUrl\":\"https:\/\/dhg1h5j42swfq.cloudfront.net\/2025\/06\/03203428\/logo_concursos-1.jpg\",\"width\":230,\"height\":60,\"caption\":\"Estrat\u00e9gia Concursos\"},\"image\":{\"@id\":\"https:\/\/www.estrategiaconcursos.com.br\/blog\/#\/schema\/logo\/image\/\"},\"sameAs\":[\"https:\/\/x.com\/EstratConcursos\"]},{\"@type\":\"Person\",\"@id\":\"https:\/\/www.estrategiaconcursos.com.br\/blog\/#\/schema\/person\/47109979be38ff2c64e984c8e96d4d5c\",\"name\":\"Rafael Rocha (Caverna)\",\"image\":{\"@type\":\"ImageObject\",\"inLanguage\":\"pt-BR\",\"@id\":\"https:\/\/secure.gravatar.com\/avatar\/c0f467cd7d1b3d17520db43090e5c1e2b6d5cc74b4fd0c7c714909124792b14f?s=96&d=mm&r=g\",\"url\":\"https:\/\/secure.gravatar.com\/avatar\/c0f467cd7d1b3d17520db43090e5c1e2b6d5cc74b4fd0c7c714909124792b14f?s=96&d=mm&r=g\",\"contentUrl\":\"https:\/\/secure.gravatar.com\/avatar\/c0f467cd7d1b3d17520db43090e5c1e2b6d5cc74b4fd0c7c714909124792b14f?s=96&d=mm&r=g\",\"caption\":\"Rafael Rocha (Caverna)\"},\"url\":\"https:\/\/www.estrategiaconcursos.com.br\/blog\/author\/coachrafaelrochaestrategiaconcursos-com-br\/\"}]}<\/script>\n<!-- \/ Yoast SEO Premium plugin. -->","yoast_head_json":{"title":"GABARITO SEFAZ-GO: Legisla\u00e7\u00e3o Tribut\u00e1ria (comentado)","robots":{"index":"index","follow":"follow","max-snippet":"max-snippet:-1","max-image-preview":"max-image-preview:large","max-video-preview":"max-video-preview:-1"},"canonical":"https:\/\/www.estrategiaconcursos.com.br\/blog\/prova-de-legislacao-tributaria-da-sefaz-go-comentada\/","og_locale":"pt_BR","og_type":"article","og_title":"GABARITO SEFAZ-GO: Legisla\u00e7\u00e3o Tribut\u00e1ria (comentado)","og_description":"Fala pessoal, Seguem as quest\u00f5es de legisla\u00e7\u00e3o tribut\u00e1ria estadual relativas ao\u00a0ITCMD, PAT e C\u00f3digo do Contribuinte,\u00a0devidamente comentadas.\u00a0 As demais quest\u00f5es da disciplinas foram comentadas pelo Eduardo da Rocha. Clique aqui para conferir o gabarito.\u00a0 Para checar o gabarito extraoficial das demais disciplinas, veja esse link. Aproveite e registre sua pontua\u00e7\u00e3o no ranking. Antes de apresentar [&hellip;]","og_url":"https:\/\/www.estrategiaconcursos.com.br\/blog\/prova-de-legislacao-tributaria-da-sefaz-go-comentada\/","og_site_name":"Estrat\u00e9gia Concursos","article_published_time":"2018-10-01T18:25:38+00:00","article_modified_time":"2018-10-01T20:36:54+00:00","author":"Rafael Rocha (Caverna)","twitter_card":"summary_large_image","twitter_creator":"@EstratConcursos","twitter_site":"@EstratConcursos","twitter_misc":{"Escrito por":"Rafael Rocha (Caverna)","Est. tempo de leitura":"10 minutos"},"schema":{"@context":"https:\/\/schema.org","@graph":[{"@type":"NewsArticle","@id":"https:\/\/www.estrategiaconcursos.com.br\/blog\/prova-de-legislacao-tributaria-da-sefaz-go-comentada\/#article","isPartOf":{"@id":"https:\/\/www.estrategiaconcursos.com.br\/blog\/prova-de-legislacao-tributaria-da-sefaz-go-comentada\/"},"author":{"name":"Rafael Rocha (Caverna)","@id":"https:\/\/www.estrategiaconcursos.com.br\/blog\/#\/schema\/person\/47109979be38ff2c64e984c8e96d4d5c"},"headline":"GABARITO SEFAZ-GO: Legisla\u00e7\u00e3o Tribut\u00e1ria (comentado)","datePublished":"2018-10-01T18:25:38+00:00","dateModified":"2018-10-01T20:36:54+00:00","mainEntityOfPage":{"@id":"https:\/\/www.estrategiaconcursos.com.br\/blog\/prova-de-legislacao-tributaria-da-sefaz-go-comentada\/"},"wordCount":2026,"commentCount":0,"publisher":{"@id":"https:\/\/www.estrategiaconcursos.com.br\/blog\/#organization"},"articleSection":["Concursos P\u00fablicos"],"inLanguage":"pt-BR","potentialAction":[{"@type":"CommentAction","name":"Comment","target":["https:\/\/www.estrategiaconcursos.com.br\/blog\/prova-de-legislacao-tributaria-da-sefaz-go-comentada\/#respond"]}],"copyrightYear":"2018","copyrightHolder":{"@id":"https:\/\/www.estrategiaconcursos.com.br\/blog\/#organization"}},{"@type":"WebPage","@id":"https:\/\/www.estrategiaconcursos.com.br\/blog\/prova-de-legislacao-tributaria-da-sefaz-go-comentada\/","url":"https:\/\/www.estrategiaconcursos.com.br\/blog\/prova-de-legislacao-tributaria-da-sefaz-go-comentada\/","name":"GABARITO SEFAZ-GO: Legisla\u00e7\u00e3o Tribut\u00e1ria (comentado)","isPartOf":{"@id":"https:\/\/www.estrategiaconcursos.com.br\/blog\/#website"},"datePublished":"2018-10-01T18:25:38+00:00","dateModified":"2018-10-01T20:36:54+00:00","breadcrumb":{"@id":"https:\/\/www.estrategiaconcursos.com.br\/blog\/prova-de-legislacao-tributaria-da-sefaz-go-comentada\/#breadcrumb"},"inLanguage":"pt-BR","potentialAction":[{"@type":"ReadAction","target":["https:\/\/www.estrategiaconcursos.com.br\/blog\/prova-de-legislacao-tributaria-da-sefaz-go-comentada\/"]}]},{"@type":"BreadcrumbList","@id":"https:\/\/www.estrategiaconcursos.com.br\/blog\/prova-de-legislacao-tributaria-da-sefaz-go-comentada\/#breadcrumb","itemListElement":[{"@type":"ListItem","position":1,"name":"In\u00edcio","item":"https:\/\/www.estrategiaconcursos.com.br\/blog\/"},{"@type":"ListItem","position":2,"name":"GABARITO SEFAZ-GO: Legisla\u00e7\u00e3o Tribut\u00e1ria (comentado)"}]},{"@type":"WebSite","@id":"https:\/\/www.estrategiaconcursos.com.br\/blog\/#website","url":"https:\/\/www.estrategiaconcursos.com.br\/blog\/","name":"Estrat\u00e9gia Concursos","description":"O blog da Estrat\u00e9gia Concursos traz not\u00edcias sobre concursos e artigos de professores oferecendo cursos para concursos (pdf + videaulas) no site.","publisher":{"@id":"https:\/\/www.estrategiaconcursos.com.br\/blog\/#organization"},"potentialAction":[{"@type":"SearchAction","target":{"@type":"EntryPoint","urlTemplate":"https:\/\/www.estrategiaconcursos.com.br\/blog\/?s={search_term_string}"},"query-input":{"@type":"PropertyValueSpecification","valueRequired":true,"valueName":"search_term_string"}}],"inLanguage":"pt-BR"},{"@type":"Organization","@id":"https:\/\/www.estrategiaconcursos.com.br\/blog\/#organization","name":"Estrat\u00e9gia Concursos","url":"https:\/\/www.estrategiaconcursos.com.br\/blog\/","logo":{"@type":"ImageObject","inLanguage":"pt-BR","@id":"https:\/\/www.estrategiaconcursos.com.br\/blog\/#\/schema\/logo\/image\/","url":"https:\/\/dhg1h5j42swfq.cloudfront.net\/2025\/06\/03203428\/logo_concursos-1.jpg","contentUrl":"https:\/\/dhg1h5j42swfq.cloudfront.net\/2025\/06\/03203428\/logo_concursos-1.jpg","width":230,"height":60,"caption":"Estrat\u00e9gia Concursos"},"image":{"@id":"https:\/\/www.estrategiaconcursos.com.br\/blog\/#\/schema\/logo\/image\/"},"sameAs":["https:\/\/x.com\/EstratConcursos"]},{"@type":"Person","@id":"https:\/\/www.estrategiaconcursos.com.br\/blog\/#\/schema\/person\/47109979be38ff2c64e984c8e96d4d5c","name":"Rafael Rocha (Caverna)","image":{"@type":"ImageObject","inLanguage":"pt-BR","@id":"https:\/\/secure.gravatar.com\/avatar\/c0f467cd7d1b3d17520db43090e5c1e2b6d5cc74b4fd0c7c714909124792b14f?s=96&d=mm&r=g","url":"https:\/\/secure.gravatar.com\/avatar\/c0f467cd7d1b3d17520db43090e5c1e2b6d5cc74b4fd0c7c714909124792b14f?s=96&d=mm&r=g","contentUrl":"https:\/\/secure.gravatar.com\/avatar\/c0f467cd7d1b3d17520db43090e5c1e2b6d5cc74b4fd0c7c714909124792b14f?s=96&d=mm&r=g","caption":"Rafael Rocha (Caverna)"},"url":"https:\/\/www.estrategiaconcursos.com.br\/blog\/author\/coachrafaelrochaestrategiaconcursos-com-br\/"}]}},"_links":{"self":[{"href":"https:\/\/www.estrategiaconcursos.com.br\/blog\/wp-json\/wp\/v2\/posts\/144965","targetHints":{"allow":["GET"]}}],"collection":[{"href":"https:\/\/www.estrategiaconcursos.com.br\/blog\/wp-json\/wp\/v2\/posts"}],"about":[{"href":"https:\/\/www.estrategiaconcursos.com.br\/blog\/wp-json\/wp\/v2\/types\/post"}],"author":[{"embeddable":true,"href":"https:\/\/www.estrategiaconcursos.com.br\/blog\/wp-json\/wp\/v2\/users\/420"}],"replies":[{"embeddable":true,"href":"https:\/\/www.estrategiaconcursos.com.br\/blog\/wp-json\/wp\/v2\/comments?post=144965"}],"version-history":[{"count":3,"href":"https:\/\/www.estrategiaconcursos.com.br\/blog\/wp-json\/wp\/v2\/posts\/144965\/revisions"}],"predecessor-version":[{"id":145008,"href":"https:\/\/www.estrategiaconcursos.com.br\/blog\/wp-json\/wp\/v2\/posts\/144965\/revisions\/145008"}],"wp:attachment":[{"href":"https:\/\/www.estrategiaconcursos.com.br\/blog\/wp-json\/wp\/v2\/media?parent=144965"}],"wp:term":[{"taxonomy":"category","embeddable":true,"href":"https:\/\/www.estrategiaconcursos.com.br\/blog\/wp-json\/wp\/v2\/categories?post=144965"},{"taxonomy":"post_tag","embeddable":true,"href":"https:\/\/www.estrategiaconcursos.com.br\/blog\/wp-json\/wp\/v2\/tags?post=144965"},{"taxonomy":"tax_estado","embeddable":true,"href":"https:\/\/www.estrategiaconcursos.com.br\/blog\/wp-json\/wp\/v2\/tax_estado?post=144965"}],"curies":[{"name":"wp","href":"https:\/\/api.w.org\/{rel}","templated":true}]}}