{"id":1449123,"date":"2024-09-04T11:27:00","date_gmt":"2024-09-04T14:27:00","guid":{"rendered":"https:\/\/www.estrategiaconcursos.com.br\/blog\/?p=1449123"},"modified":"2024-08-22T11:03:17","modified_gmt":"2024-08-22T14:03:17","slug":"tudo-sobre-perito-criminal-pcmg","status":"publish","type":"post","link":"https:\/\/www.estrategiaconcursos.com.br\/blog\/tudo-sobre-perito-criminal-pcmg\/","title":{"rendered":"Tudo sobre o Perito Criminal da PCMG!"},"content":{"rendered":"\n<p>Saiba tudo sobre o cargo de Perito Criminal da PCMG.<\/p>\n\n\n\n<p>Ol\u00e1 pessoal, tudo bem?<\/p>\n\n\n\n<p>Voc\u00ea j\u00e1 deve ter percebido que as carreias policiais atraem muitos candidatos a cada concurso aberto. Quer seja pelos sal\u00e1rios, realiza\u00e7\u00e3o pessoal ou mesmo pela adrenalina, esses cargos povoam o sonho de muitos concurseiros.<\/p>\n\n\n\n<p>Entretanto, se voc\u00ea n\u00e3o \u00e9 de adrenalina mas mesmo assim gosta da \u00e1rea policial, o cargo de Perito Criminal da Pol\u00edcia Civil pode ser uma boa op\u00e7\u00e3o. Mas voc\u00ea sabe o que faz um Perito Criminal?<\/p>\n\n\n\n<p>O Perito Criminal da Pol\u00edcia Civil \u00e9 um dos profissionais mais importantes na investiga\u00e7\u00e3o de crimes. Ele desempenha um papel crucial na an\u00e1lise de cenas de crime, coleta de evid\u00eancias e elabora\u00e7\u00e3o de laudos periciais que ajudam a desvendar crimes e embasar processos judiciais.<\/p>\n\n\n\n<figure class=\"wp-block-image aligncenter size-large\"><img loading=\"lazy\" decoding=\"async\" width=\"1024\" height=\"704\" src=\"https:\/\/dhg1h5j42swfq.cloudfront.net\/2022\/03\/10165456\/perito-criminal-profissao-1-1024x704.webp\" alt=\"perita criminal\" class=\"wp-image-984766\" srcset=\"https:\/\/dhg1h5j42swfq.cloudfront.net\/2022\/03\/10165456\/perito-criminal-profissao-1-1024x704.webp 1024w, https:\/\/dhg1h5j42swfq.cloudfront.net\/2022\/03\/10165456\/perito-criminal-profissao-1-300x206.webp 300w, https:\/\/dhg1h5j42swfq.cloudfront.net\/2022\/03\/10165456\/perito-criminal-profissao-1-768x528.webp 768w, https:\/\/dhg1h5j42swfq.cloudfront.net\/2022\/03\/10165456\/perito-criminal-profissao-1-610x419.webp 610w, https:\/\/dhg1h5j42swfq.cloudfront.net\/2022\/03\/10165456\/perito-criminal-profissao-1.webp 1078w\" sizes=\"auto, (max-width: 1024px) 100vw, 1024px\" \/><figcaption class=\"wp-element-caption\">O Perito Criminal coleta e analisa evid\u00eancias para embasar inqu\u00e9ritos e processos.<\/figcaption><\/figure>\n\n\n\n<p>Vamos conversar mais um pouco sobre esse interessante cargo tomando como base a Pol\u00edcia Civil de Minas Gerais (PCMG). Por pertencer \u00e0 estrutura da seguran\u00e7a p\u00fablica estadual, podem ocorrer algumas varia\u00e7\u00f5es legais de um estado para o outro. Assim, sugerimos que busque informa\u00e7\u00f5es mais espec\u00edficas em legisla\u00e7\u00f5es estaduais ou editais caso o seu interesse seja em outra unidade da federa\u00e7\u00e3o.<\/p>\n\n\n\n<h2 class=\"wp-block-heading\" id=\"h-requisitos\">Requisitos<\/h2>\n\n\n\n<p>Para a investidura no cargo de Perito Criminal da PCMG, o candidato deve possuir os seguintes requisitos cumulativamente:<\/p>\n\n\n\n<p>a) aprova\u00e7\u00e3o no concurso<\/p>\n\n\n\n<p>b) idade m\u00ednima de dezoito anos completos na data da posse<\/p>\n\n\n\n<p>c) ser brasileiro ou equiparado<\/p>\n\n\n\n<p>d) estar quite com as obriga\u00e7\u00f5es eleitorais e, se acaso do sexo masculino, com as militares<\/p>\n\n\n\n<p>e) estar em exerc\u00edcio de direitos civis e pol\u00edticos<\/p>\n\n\n\n<p>f) diploma de curso superior nos cursos especificados no edital<\/p>\n\n\n\n<h2 class=\"wp-block-heading\" id=\"h-atribuicoes\">Atribui\u00e7\u00f5es<\/h2>\n\n\n\n<p>Conforme disposi\u00e7\u00f5es da <a href=\"https:\/\/www.planalto.gov.br\/ccivil_03\/constituicao\/constituicao.htm\" target=\"_blank\" rel=\"noreferrer noopener\">Constitui\u00e7\u00e3o Federal<\/a>, da <a href=\"https:\/\/dspace.almg.gov.br\/bitstream\/11037\/52714\/1\/CE%20Atualizada%202024-02-33\u00aaed-Fevereiro.pdf\" target=\"_blank\" rel=\"noreferrer noopener\">Constitui\u00e7\u00e3o de Minas Gerais<\/a>, da <a href=\"https:\/\/www.almg.gov.br\/legislacao-mineira\/texto\/LCP\/129\/2013\/?cons=1\" target=\"_blank\" rel=\"noreferrer noopener\">Lei Complementar 129\/2013<\/a> e demais legisla\u00e7\u00f5es sobre perito criminal da PCMG, as fun\u00e7\u00f5es s\u00e3o:<\/p>\n\n\n\n<p>a) realizar exames e an\u00e1lises, no \u00e2mbito da criminal\u00edstica, relacionados \u00e0 f\u00edsica, qu\u00edmica, biologia, odontologia legal, papiloscopia e demais \u00e1reas do conhecimento cient\u00edfico e tecnol\u00f3gico, conforme a forma\u00e7\u00e3o acad\u00eamica exigida, de acordo com a <a href=\"https:\/\/www.planalto.gov.br\/ccivil_03\/_Ato2007-2010\/2009\/Lei\/L12030.htm\" target=\"_blank\" rel=\"noreferrer noopener\">Lei federal 12.030\/2009<\/a>;<\/p>\n\n\n\n<p>b) analisar documentos, objetos e locais de crime de qualquer natureza para colher vest\u00edgios, ou em laborat\u00f3rios, para ajudar a instru\u00e7\u00e3o de inqu\u00e9rito policial, procedimento administrativo ou processo judicial criminal;<\/p>\n\n\n\n<p>c) emitir laudos periciais para determina\u00e7\u00e3o da identifica\u00e7\u00e3o criminal por meio da datiloscopia, quiroscopia, podoscopia ou outras t\u00e9cnicas, aplicadas em objetos com marcas encontrados em local de crime, com a finalidade de instruir procedimentos e formar elementos indicativos de autoria de infra\u00e7\u00f5es penais;<\/p>\n\n\n\n<p>d) cumprir requisi\u00e7\u00f5es periciais, expedidas pelo Delegado de Pol\u00edcia, pertinentes \u00e0s investiga\u00e7\u00f5es criminais e ao exerc\u00edcio da pol\u00edcia judici\u00e1ria, no que se refere \u00e0 aplica\u00e7\u00e3o de conhecimentos da criminal\u00edstica, com a elabora\u00e7\u00e3o e a organiza\u00e7\u00e3o dos laudos periciais a fim de viabilizar provas periciais que colaborem com a apura\u00e7\u00e3o de infra\u00e7\u00f5es penais e administrativas;<\/p>\n\n\n\n<p>e) examinar elementos materiais existentes em locais de crime, com prioridade de an\u00e1lise, orientar a abordagem f\u00edsica correspondente e a intera\u00e7\u00e3o com os demais integrantes da equipe investigativa;<\/p>\n\n\n\n<p>f) constatar a idoneidade de local, bens e objetos submetidos a exame pericial, sob a garantia da autonomia funcional, t\u00e9cnica e cient\u00edfica a ser assegurada pelo Delegado de Pol\u00edcia;<\/p>\n\n\n\n<p>g) proceder \u00e0 coleta de padr\u00f5es caligr\u00e1ficos;<\/p>\n\n\n\n<p>h) gerir, planejar, organizar, coordenar, executar, controlar e avaliar unidades periciais sob sua responsabilidade.<\/p>\n\n\n\n<h2 class=\"wp-block-heading\" id=\"h-caracteristicas\">Caracter\u00edsticas<\/h2>\n\n\n\n<p>Como o cargo \u00e9 de natureza estritamente policial, ele possui as caracter\u00edsticas como:<\/p>\n\n\n\n<p>a) presta\u00e7\u00e3o de servi\u00e7o em condi\u00e7\u00f5es adversas de seguran\u00e7a, cumprimento de jornadas normais e excepcionais, sujeito a plant\u00f5es noturnos e a convoca\u00e7\u00f5es a qualquer momento, ainda que em f\u00e9rias ou fora da escala;<\/p>\n\n\n\n<p>b) dever de imediata atua\u00e7\u00e3o, sempre que presenciar a pr\u00e1tica de infra\u00e7\u00e3o penal, independentemente da carga hor\u00e1ria semanal de trabalho, do repouso semanal e f\u00e9rias, respeitadas as normas t\u00e9cnicas de seguran\u00e7a;<\/p>\n\n\n\n<p>c) realiza\u00e7\u00e3o de dilig\u00eancias policiais em qualquer lugar, ainda que fora do estado.<\/p>\n\n\n\n<h2 class=\"wp-block-heading\" id=\"h-regime-juridico\">Regime jur\u00eddico<\/h2>\n\n\n\n<p>O cargo de Perito Criminal da Pol\u00edcia Civil de Minas Gerais possui regime estatut\u00e1rio previsto na <a href=\"https:\/\/www.almg.gov.br\/legislacao-mineira\/texto\/LEI\/869\/1952\/?cons=1\" target=\"_blank\" rel=\"noreferrer noopener\">Lei 869\/1952<\/a>, que disp\u00f5e sobre o Estatuto dos Funcion\u00e1rios P\u00fablicos Civis de Minas Gerais e altera\u00e7\u00f5es posteriores, e o regime policial, a obedi\u00eancia \u00e0 disciplina e hierarquia, conforme estabelecido na <a href=\"https:\/\/www.almg.gov.br\/legislacao-mineira\/texto\/LCP\/129\/2013\/?cons=1\" target=\"_blank\" rel=\"noreferrer noopener\">Lei Complementar n\u00ba 129\/2013<\/a>.<\/p>\n\n\n\n<h2 class=\"wp-block-heading\" id=\"h-regime-de-previdencia\">Regime de Previd\u00eancia<\/h2>\n\n\n\n<p>O Regime de Previd\u00eancia e Assist\u00eancia Social dos Servidores P\u00fablicos de Minas Gerais, institu\u00eddo pela <a href=\"https:\/\/www.almg.gov.br\/legislacao-mineira\/texto\/LCP\/64\/2002\/?cons=1\" target=\"_blank\" rel=\"noreferrer noopener\">Lei Complementar n\u00ba 64\/2002<\/a> \u00e9 o que se aplica principalmente ao cargo de Perito Criminal de Minas Gerais. Por\u00e9m, outras legisla\u00e7\u00f5es estaduais e federais tamb\u00e9m s\u00e3o aplicadas de forma complementar.<\/p>\n\n\n\n<h2 class=\"wp-block-heading\" id=\"h-jornada-de-trabalho\">Jornada de trabalho<\/h2>\n\n\n\n<p>A jornada de trabalho do cargo \u00e9 de quarenta horas semanais.<\/p>\n\n\n\n<h2 class=\"wp-block-heading\" id=\"h-vencimento-relativo-ao-perito-criminal-da-pcmg\">Vencimento relativo ao Perito Criminal da PCMG<\/h2>\n\n\n\n<p>O vencimento inicial para o cargo de Perito Criminal, N\u00edvel I, Grau A, corresponde a R$ 11.547,07, conforme <a href=\"https:\/\/www.almg.gov.br\/legislacao-mineira\/texto\/LEI\/24838\/2024\/\" target=\"_blank\" rel=\"noreferrer noopener\">Lei n\u00ba 24.838\/2024<\/a>, podendo passar dos R$ 16 mil, segundo o <a href=\"https:\/\/www.transparencia.mg.gov.br\/\">Portal da Transpar\u00eancia de Minas Gerais<\/a>.<\/p>\n\n\n\n<h2 class=\"wp-block-heading\" id=\"h-fases-do-concurso\">Fases do concurso<\/h2>\n\n\n\n<h3 class=\"wp-block-heading\" id=\"h-prova-objetiva\">Prova Objetiva<\/h3>\n\n\n\n<p>A princ\u00edpio, os candidatos s\u00e3o submetidos \u00e0 prova de conhecimentos objetiva de car\u00e1ter classificat\u00f3rio e eliminat\u00f3rio, com quest\u00f5es distribu\u00eddas nas disciplinas de:<\/p>\n\n\n\n<ul class=\"wp-block-list\">\n<li>L\u00edngua Portuguesa<\/li>\n\n\n\n<li>Racioc\u00ednio L\u00f3gico-Matem\u00e1tico<\/li>\n\n\n\n<li>Inform\u00e1tica B\u00e1sica<\/li>\n\n\n\n<li>Lei Org\u00e2nica da Pol\u00edcia Civil de Minas Gerais<\/li>\n\n\n\n<li>Direito Constitucional\/Direitos Humanos<\/li>\n\n\n\n<li>Direito Penal, Processual Penal e legisla\u00e7\u00e3o extravagante<\/li>\n\n\n\n<li>Conhecimentos espec\u00edficos de cada \u00e1rea<\/li>\n<\/ul>\n\n\n\n<h3 class=\"wp-block-heading\" id=\"h-exames-biomedicos-e-biofisicos-relativos-ao-perito-criminal-da-pcmg\">Exames Biom\u00e9dicos e Biof\u00edsicos relativos ao Perito Criminal da PCMG<\/h3>\n\n\n\n<p>Os Exames Biom\u00e9dicos t\u00eam por objetivo verificar se os candidatos possuem boa sa\u00fade f\u00edsica, se n\u00e3o s\u00e3o portadores de doen\u00e7as, sinais ou sintomas que os inabilitem ao exerc\u00edcio da fun\u00e7\u00e3o e, al\u00e9m disso, se possuem acuidade visual e auditiva compat\u00edveis.<\/p>\n\n\n\n<p>Por outro lado, os Exames Biof\u00edsicos visam analisar se o candidato apresenta condi\u00e7\u00f5es de sa\u00fade e capacidade f\u00edsica para suportar os exerc\u00edcios a que ser\u00e1 submetido durante o curso de forma\u00e7\u00e3o e as tarefas t\u00edpicas do cargo. Em outras palavras, s\u00e3o os testes de aptid\u00e3o f\u00edsica e abrangem:<\/p>\n\n\n\n<p>a) flex\u00e3o de bra\u00e7o;<\/p>\n\n\n\n<p>b) corrida de cinquenta metros rasos;<\/p>\n\n\n\n<p>c) impuls\u00e3o horizontal;<\/p>\n\n\n\n<p>d) teste de cooper (12 minutos).<\/p>\n\n\n\n<h3 class=\"wp-block-heading\" id=\"h-avaliacao-psicologica-relativa-ao-perito-criminal-da-pcmg\">Avalia\u00e7\u00e3o Psicol\u00f3gica relativa ao Perito Criminal da PCMG<\/h3>\n\n\n\n<p>A PCMG exige que o perfil psicol\u00f3gico para o cargo esteja voltado \u00e0 intelig\u00eancia, aptid\u00e3o e personalidade estruturada, ou seja, ajustamento do indiv\u00edduo em seu ambiente, seu modo habitual de comportar-se e de resistir com equil\u00edbrio \u00e0s adversidades e press\u00f5es do cotidiano.<\/p>\n\n\n\n<p>Nesta avalia\u00e7\u00e3o s\u00e3o apuradas, em s\u00edntese:<\/p>\n\n\n\n<ul class=\"wp-block-list\">\n<li>capacidades neurocognitivas<\/li>\n<\/ul>\n\n\n\n<ol class=\"wp-block-list\">\n<li><strong>Intelig\u00eancia Geral\/Potencial de Desenvolvimento Cognitivo<\/strong>: lidar com problemas simult\u00e2neos.<\/li>\n\n\n\n<li><strong>Mem\u00f3ria de reconhecimento<\/strong>: reconhecer informa\u00e7\u00f5es anteriormente encontradas, vistas ou ouvidas.<\/li>\n\n\n\n<li><strong>Integra\u00e7\u00e3o cognitiva<\/strong>: sintetizar informa\u00e7\u00f5es de v\u00e1rias fontes.<\/li>\n<\/ol>\n\n\n\n<ul class=\"wp-block-list\">\n<li>fun\u00e7\u00f5es executivas<\/li>\n<\/ul>\n\n\n\n<ol class=\"wp-block-list\">\n<li><strong>Organiza\u00e7\u00e3o<\/strong>: gerir tempo e recursos.<\/li>\n\n\n\n<li><strong>Controle inibit\u00f3rio<\/strong>: selecionar respostas mais apropriadas ao contexto.<\/li>\n\n\n\n<li><strong>Controle de impulsos<\/strong>: n\u00e3o agir de forma impulsiva.<\/li>\n\n\n\n<li><strong>Flexibilidade Cognitiva<\/strong>: adaptar-se a informa\u00e7\u00f5es, ambiente ou situa\u00e7\u00f5es inesperadas.<\/li>\n<\/ol>\n\n\n\n<ul class=\"wp-block-list\">\n<li>aten\u00e7\u00e3o e processamento sensorial<\/li>\n<\/ul>\n\n\n\n<ol class=\"wp-block-list\">\n<li><strong>Aten\u00e7\u00e3o Concentrada<\/strong>: identificar partes, detalhes e diferen\u00e7as de um todo.<\/li>\n\n\n\n<li><strong>Aten\u00e7\u00e3o Difusa<\/strong>: conjugar aten\u00e7\u00e3o, mem\u00f3ria e racioc\u00ednio l\u00f3gico.<\/li>\n\n\n\n<li><strong>Aten\u00e7\u00e3o Alternada<\/strong>: mudar o foco de algo sem perda significativa de desempenho.<\/li>\n\n\n\n<li><strong>Integra\u00e7\u00e3o visuo-motora<\/strong>: sincronizar a percep\u00e7\u00e3o visual com respostas motoras.<\/li>\n\n\n\n<li><strong>N\u00edvel de Alerta e Vigil\u00e2ncia<\/strong>: mobilizar recursos neurocognitivos com o intuito de enfrentar demandas e situa\u00e7\u00f5es emergenciais.<\/li>\n<\/ol>\n\n\n\n<ul class=\"wp-block-list\">\n<li>aspectos da personalidade<\/li>\n<\/ul>\n\n\n\n<ol class=\"wp-block-list\">\n<li><strong>N\u00edvel de energia<\/strong>: vitalidade e vigor para realizar atividades.<\/li>\n\n\n\n<li><strong>T\u00f4nus emocional<\/strong>: bem-estar e equil\u00edbrio afetivo para realizar atividades e enfrentar desafios.<\/li>\n\n\n\n<li><strong>Regula\u00e7\u00e3o da Agressividade<\/strong>: manter a assertividade e a domin\u00e2ncia sem recorrer a comportamentos impulsivos ou destrutivos.<\/li>\n\n\n\n<li><strong>Regula\u00e7\u00e3o da impulsividade<\/strong>: inibir respostas impulsivas e autom\u00e1ticas.<\/li>\n\n\n\n<li><strong>Regula\u00e7\u00e3o Emocional<\/strong>: aplicar estrat\u00e9gias de enfrentamento e controle emocional quando n\u00e3o h\u00e1 regras preestabelecidas.<\/li>\n\n\n\n<li><strong>Compet\u00eancia Social e Relacional<\/strong>: interagir de forma eficaz e emp\u00e1tica com outras pessoas.<\/li>\n<\/ol>\n\n\n\n<h3 class=\"wp-block-heading\" id=\"h-prova-de-titulos\">Prova de t\u00edtulos<\/h3>\n\n\n\n<p>Nesta etapa, o candidato que possui qualquer forma\u00e7\u00e3o acad\u00eamica al\u00e9m da primeiramente exigida recebe pontos adicionais ao resultado das provas objetivas. Em virtude de ser apenas uma fase classificat\u00f3ria, os demais n\u00e3o s\u00e3o eliminados caso n\u00e3o possua forma\u00e7\u00e3o adicional.<\/p>\n\n\n\n<h3 class=\"wp-block-heading\" id=\"h-investigacao-social-relativa-ao-perito-criminal-da-pcmg\">Investiga\u00e7\u00e3o Social relativa ao Perito Criminal da PCMG<\/h3>\n\n\n\n<p>Em seguida, \u00e9 feita a Investiga\u00e7\u00e3o Social, que tem como objetivo verificar se o candidato ao cargo apresenta idoneidade moral e conduta compat\u00edveis com as responsabilidades do cargo. Desse modo, s\u00e3o analisados fatores como:<\/p>\n\n\n\n<p>a) pr\u00e1tica de ato tipificado como il\u00edcito penal;<\/p>\n\n\n\n<p>b) pr\u00e1tica, se acaso servidor p\u00fablico, de transgress\u00f5es disciplinares;<\/p>\n\n\n\n<p>c) pr\u00e1tica de ato que possa importar em repercuss\u00e3o social de car\u00e1ter negativo ou comprometer a fun\u00e7\u00e3o de seguran\u00e7a e confiabilidade da Institui\u00e7\u00e3o Policial;<\/p>\n\n\n\n<p>d) depend\u00eancia qu\u00edmica (drogas l\u00edcitas e\/ou il\u00edcitas).<\/p>\n\n\n\n<h3 class=\"wp-block-heading\" id=\"h-curso-de-formacao\">Curso de Forma\u00e7\u00e3o<\/h3>\n\n\n\n<p>O candidato aprovado, nomeado e empossado no cargo de Perito Criminal ser\u00e1 matriculado no Curso de Forma\u00e7\u00e3o T\u00e9cnico-Profissional promovido pela ACADEPOL, conforme <a href=\"https:\/\/www.almg.gov.br\/legislacao-mineira\/texto\/LCP\/129\/2013\/?cons=1\" target=\"_blank\" rel=\"noreferrer noopener\">Lei Complementar n\u00ba 129\/2013<\/a>.<\/p>\n\n\n\n<p>Durante o curso, o servidor fica \u00e0 disposi\u00e7\u00e3o da ACADEPOL e sujeito \u00e0 dedica\u00e7\u00e3o exclusiva no per\u00edodo de execu\u00e7\u00e3o das atividades acad\u00eamicas. Como resultado disso, o servidor recebe um valor correspondente \u00e0 remunera\u00e7\u00e3o atribu\u00edda ao primeiro grau do n\u00edvel inicial da carreira de Perito Criminal.<\/p>\n\n\n\n<h2 class=\"wp-block-heading\" id=\"h-consideracoes-finais-sobre-perito-criminal-da-pcmg\">Considera\u00e7\u00f5es finais sobre perito criminal da PCMG<\/h2>\n\n\n\n<p>Em suma, o Perito Criminal \u00e9 um cargo muito importante para o bom funcionamento da Pol\u00edcia Civil e exige um perfil intelectual e desafiador. Mas se essa \u00e9 a sua voca\u00e7\u00e3o e pretende usar seus talentos para contribuir com uma seguran\u00e7a p\u00fablica mais efetiva, fique atento aos editais e bons estudos!<\/p>\n\n\n\n<p><\/p>\n\n\n\n<h2 class=\"wp-block-heading has-text-align-center\" id=\"cursos-assinatura\">Cursos e Assinaturas<\/h2>\n\n\n\n<p>Prepare-se com o melhor material e com quem mais aprova em Concursos P\u00fablicos em todo o pa\u00eds!<\/p>\n\n\n\n<p class=\"has-text-align-center has-vivid-cyan-blue-color has-text-color has-background\" style=\"background-color:#0078bd\"><a href=\"https:\/\/www.estrategiaconcursos.com.br\/blog\/concursos-abertos\/\" target=\"_blank\" rel=\"noreferrer noopener\"><strong><mark style=\"background-color:rgba(0, 0, 0, 0)\" class=\"has-inline-color has-white-color\">Concursos Abertos<\/mark><\/strong><\/a><\/p>\n\n\n\n<p class=\"has-text-align-center has-vivid-cyan-blue-color has-text-color has-background\" style=\"background-color:#0078bd\"><a href=\"https:\/\/www.estrategiaconcursos.com.br\/blog\/concursos-2024\/\" target=\"_blank\" rel=\"noreferrer noopener\"><strong><mark style=\"background-color:rgba(0, 0, 0, 0)\" class=\"has-inline-color has-white-color\">Concursos 2024<\/mark><\/strong><\/a><\/p>\n","protected":false},"excerpt":{"rendered":"<p>Saiba tudo sobre o cargo de Perito Criminal da PCMG. Ol\u00e1 pessoal, tudo bem? Voc\u00ea j\u00e1 deve ter percebido que as carreias policiais atraem muitos candidatos a cada concurso aberto. Quer seja pelos sal\u00e1rios, realiza\u00e7\u00e3o pessoal ou mesmo pela adrenalina, esses cargos povoam o sonho de muitos concurseiros. Entretanto, se voc\u00ea n\u00e3o \u00e9 de adrenalina [&hellip;]<\/p>\n","protected":false},"author":2953,"featured_media":1275185,"comment_status":"open","ping_status":"closed","sticky":false,"template":"","format":"standard","meta":{"post_tipo":"article","footnotes":""},"categories":[1,220190],"tags":[],"tax_estado":[219963,219974],"class_list":["post-1449123","post","type-post","status-publish","format-standard","has-post-thumbnail","hentry","category-cursos-e-concursos","category-policial-peritos","tax_estado-concursos-federais","tax_estado-mg"],"acf":[],"yoast_head":"<!-- This site is optimized with the Yoast SEO Premium plugin v27.2 (Yoast SEO v27.2) - https:\/\/yoast.com\/product\/yoast-seo-premium-wordpress\/ -->\n<title>Tudo sobre o Perito Criminal da PCMG!<\/title>\n<meta name=\"description\" content=\"Saiba tudo sobre o cargo de Perito Criminal da PCMG: requisitos, caracter\u00edsticas, atribui\u00e7\u00f5es e fases do concurso\" \/>\n<meta name=\"robots\" content=\"index, follow, max-snippet:-1, max-image-preview:large, max-video-preview:-1\" \/>\n<link rel=\"canonical\" href=\"https:\/\/www.estrategiaconcursos.com.br\/blog\/tudo-sobre-perito-criminal-pcmg\/\" \/>\n<meta property=\"og:locale\" content=\"pt_BR\" \/>\n<meta property=\"og:type\" content=\"article\" \/>\n<meta property=\"og:title\" content=\"Tudo sobre o Perito Criminal da PCMG!\" \/>\n<meta property=\"og:description\" content=\"Saiba tudo sobre o cargo de Perito Criminal da PCMG: requisitos, caracter\u00edsticas, atribui\u00e7\u00f5es e fases do concurso\" \/>\n<meta property=\"og:url\" content=\"https:\/\/www.estrategiaconcursos.com.br\/blog\/tudo-sobre-perito-criminal-pcmg\/\" \/>\n<meta property=\"og:site_name\" content=\"Estrat\u00e9gia Concursos\" \/>\n<meta property=\"article:published_time\" content=\"2024-09-04T14:27:00+00:00\" \/>\n<meta property=\"og:image\" content=\"https:\/\/dhg1h5j42swfq.cloudfront.net\/2023\/09\/08164449\/artigo-pf-imagem-perito-criminal.jpg\" \/>\n\t<meta property=\"og:image:width\" content=\"600\" \/>\n\t<meta property=\"og:image:height\" content=\"400\" \/>\n\t<meta property=\"og:image:type\" content=\"image\/jpeg\" \/>\n<meta name=\"author\" content=\"Thiago da Silva Oliveira\" \/>\n<meta name=\"twitter:card\" content=\"summary_large_image\" \/>\n<meta name=\"twitter:creator\" content=\"@EstratConcursos\" \/>\n<meta name=\"twitter:site\" content=\"@EstratConcursos\" \/>\n<meta name=\"twitter:label1\" content=\"Escrito por\" \/>\n\t<meta name=\"twitter:data1\" content=\"Thiago da Silva Oliveira\" \/>\n\t<meta name=\"twitter:label2\" content=\"Est. tempo de leitura\" \/>\n\t<meta name=\"twitter:data2\" content=\"9 minutos\" \/>\n<script type=\"application\/ld+json\" class=\"yoast-schema-graph\">{\"@context\":\"https:\/\/schema.org\",\"@graph\":[{\"@type\":\"NewsArticle\",\"@id\":\"https:\/\/www.estrategiaconcursos.com.br\/blog\/tudo-sobre-perito-criminal-pcmg\/#article\",\"isPartOf\":{\"@id\":\"https:\/\/www.estrategiaconcursos.com.br\/blog\/tudo-sobre-perito-criminal-pcmg\/\"},\"author\":{\"name\":\"Thiago da Silva Oliveira\",\"@id\":\"https:\/\/www.estrategiaconcursos.com.br\/blog\/#\/schema\/person\/a9b5b50fd12cfd5ab3e3e1f81a2c0e52\"},\"headline\":\"Tudo sobre o Perito Criminal da PCMG!\",\"datePublished\":\"2024-09-04T14:27:00+00:00\",\"mainEntityOfPage\":{\"@id\":\"https:\/\/www.estrategiaconcursos.com.br\/blog\/tudo-sobre-perito-criminal-pcmg\/\"},\"wordCount\":1726,\"commentCount\":0,\"publisher\":{\"@id\":\"https:\/\/www.estrategiaconcursos.com.br\/blog\/#organization\"},\"image\":{\"@id\":\"https:\/\/www.estrategiaconcursos.com.br\/blog\/tudo-sobre-perito-criminal-pcmg\/#primaryimage\"},\"thumbnailUrl\":\"https:\/\/dhg1h5j42swfq.cloudfront.net\/2023\/09\/08164449\/artigo-pf-imagem-perito-criminal.jpg\",\"articleSection\":[\"Concursos P\u00fablicos\",\"Policial (Peritos, Papiloscopistas)\"],\"inLanguage\":\"pt-BR\",\"potentialAction\":[{\"@type\":\"CommentAction\",\"name\":\"Comment\",\"target\":[\"https:\/\/www.estrategiaconcursos.com.br\/blog\/tudo-sobre-perito-criminal-pcmg\/#respond\"]}],\"copyrightYear\":\"2024\",\"copyrightHolder\":{\"@id\":\"https:\/\/www.estrategiaconcursos.com.br\/blog\/#organization\"}},{\"@type\":\"WebPage\",\"@id\":\"https:\/\/www.estrategiaconcursos.com.br\/blog\/tudo-sobre-perito-criminal-pcmg\/\",\"url\":\"https:\/\/www.estrategiaconcursos.com.br\/blog\/tudo-sobre-perito-criminal-pcmg\/\",\"name\":\"Tudo sobre o Perito Criminal da PCMG!\",\"isPartOf\":{\"@id\":\"https:\/\/www.estrategiaconcursos.com.br\/blog\/#website\"},\"primaryImageOfPage\":{\"@id\":\"https:\/\/www.estrategiaconcursos.com.br\/blog\/tudo-sobre-perito-criminal-pcmg\/#primaryimage\"},\"image\":{\"@id\":\"https:\/\/www.estrategiaconcursos.com.br\/blog\/tudo-sobre-perito-criminal-pcmg\/#primaryimage\"},\"thumbnailUrl\":\"https:\/\/dhg1h5j42swfq.cloudfront.net\/2023\/09\/08164449\/artigo-pf-imagem-perito-criminal.jpg\",\"datePublished\":\"2024-09-04T14:27:00+00:00\",\"description\":\"Saiba tudo sobre o cargo de Perito Criminal da PCMG: requisitos, caracter\u00edsticas, atribui\u00e7\u00f5es e fases do concurso\",\"breadcrumb\":{\"@id\":\"https:\/\/www.estrategiaconcursos.com.br\/blog\/tudo-sobre-perito-criminal-pcmg\/#breadcrumb\"},\"inLanguage\":\"pt-BR\",\"potentialAction\":[{\"@type\":\"ReadAction\",\"target\":[\"https:\/\/www.estrategiaconcursos.com.br\/blog\/tudo-sobre-perito-criminal-pcmg\/\"]}]},{\"@type\":\"ImageObject\",\"inLanguage\":\"pt-BR\",\"@id\":\"https:\/\/www.estrategiaconcursos.com.br\/blog\/tudo-sobre-perito-criminal-pcmg\/#primaryimage\",\"url\":\"https:\/\/dhg1h5j42swfq.cloudfront.net\/2023\/09\/08164449\/artigo-pf-imagem-perito-criminal.jpg\",\"contentUrl\":\"https:\/\/dhg1h5j42swfq.cloudfront.net\/2023\/09\/08164449\/artigo-pf-imagem-perito-criminal.jpg\",\"width\":600,\"height\":400,\"caption\":\"sal\u00e1rio inicial de perito criminal concurso p\u00fablico\"},{\"@type\":\"BreadcrumbList\",\"@id\":\"https:\/\/www.estrategiaconcursos.com.br\/blog\/tudo-sobre-perito-criminal-pcmg\/#breadcrumb\",\"itemListElement\":[{\"@type\":\"ListItem\",\"position\":1,\"name\":\"In\u00edcio\",\"item\":\"https:\/\/www.estrategiaconcursos.com.br\/blog\/\"},{\"@type\":\"ListItem\",\"position\":2,\"name\":\"Tudo sobre o Perito Criminal da PCMG!\"}]},{\"@type\":\"WebSite\",\"@id\":\"https:\/\/www.estrategiaconcursos.com.br\/blog\/#website\",\"url\":\"https:\/\/www.estrategiaconcursos.com.br\/blog\/\",\"name\":\"Estrat\u00e9gia Concursos\",\"description\":\"O blog da Estrat\u00e9gia Concursos traz not\u00edcias sobre concursos e artigos de professores oferecendo cursos para concursos (pdf + videaulas) no site.\",\"publisher\":{\"@id\":\"https:\/\/www.estrategiaconcursos.com.br\/blog\/#organization\"},\"potentialAction\":[{\"@type\":\"SearchAction\",\"target\":{\"@type\":\"EntryPoint\",\"urlTemplate\":\"https:\/\/www.estrategiaconcursos.com.br\/blog\/?s={search_term_string}\"},\"query-input\":{\"@type\":\"PropertyValueSpecification\",\"valueRequired\":true,\"valueName\":\"search_term_string\"}}],\"inLanguage\":\"pt-BR\"},{\"@type\":\"Organization\",\"@id\":\"https:\/\/www.estrategiaconcursos.com.br\/blog\/#organization\",\"name\":\"Estrat\u00e9gia Concursos\",\"url\":\"https:\/\/www.estrategiaconcursos.com.br\/blog\/\",\"logo\":{\"@type\":\"ImageObject\",\"inLanguage\":\"pt-BR\",\"@id\":\"https:\/\/www.estrategiaconcursos.com.br\/blog\/#\/schema\/logo\/image\/\",\"url\":\"https:\/\/dhg1h5j42swfq.cloudfront.net\/2025\/06\/03203428\/logo_concursos-1.jpg\",\"contentUrl\":\"https:\/\/dhg1h5j42swfq.cloudfront.net\/2025\/06\/03203428\/logo_concursos-1.jpg\",\"width\":230,\"height\":60,\"caption\":\"Estrat\u00e9gia Concursos\"},\"image\":{\"@id\":\"https:\/\/www.estrategiaconcursos.com.br\/blog\/#\/schema\/logo\/image\/\"},\"sameAs\":[\"https:\/\/x.com\/EstratConcursos\"]},{\"@type\":\"Person\",\"@id\":\"https:\/\/www.estrategiaconcursos.com.br\/blog\/#\/schema\/person\/a9b5b50fd12cfd5ab3e3e1f81a2c0e52\",\"name\":\"Thiago da Silva Oliveira\",\"image\":{\"@type\":\"ImageObject\",\"inLanguage\":\"pt-BR\",\"@id\":\"https:\/\/secure.gravatar.com\/avatar\/8c205103f160a168ce0b2be00cc532dcf15e657186621f142aa15651ddcbcdcb?s=96&d=mm&r=g\",\"url\":\"https:\/\/secure.gravatar.com\/avatar\/8c205103f160a168ce0b2be00cc532dcf15e657186621f142aa15651ddcbcdcb?s=96&d=mm&r=g\",\"contentUrl\":\"https:\/\/secure.gravatar.com\/avatar\/8c205103f160a168ce0b2be00cc532dcf15e657186621f142aa15651ddcbcdcb?s=96&d=mm&r=g\",\"caption\":\"Thiago da Silva Oliveira\"},\"url\":\"https:\/\/www.estrategiaconcursos.com.br\/blog\/author\/thgsoliveirayahoo-com-br\/\"}]}<\/script>\n<!-- \/ Yoast SEO Premium plugin. -->","yoast_head_json":{"title":"Tudo sobre o Perito Criminal da PCMG!","description":"Saiba tudo sobre o cargo de Perito Criminal da PCMG: requisitos, caracter\u00edsticas, atribui\u00e7\u00f5es e fases do concurso","robots":{"index":"index","follow":"follow","max-snippet":"max-snippet:-1","max-image-preview":"max-image-preview:large","max-video-preview":"max-video-preview:-1"},"canonical":"https:\/\/www.estrategiaconcursos.com.br\/blog\/tudo-sobre-perito-criminal-pcmg\/","og_locale":"pt_BR","og_type":"article","og_title":"Tudo sobre o Perito Criminal da PCMG!","og_description":"Saiba tudo sobre o cargo de Perito Criminal da PCMG: requisitos, caracter\u00edsticas, atribui\u00e7\u00f5es e fases do concurso","og_url":"https:\/\/www.estrategiaconcursos.com.br\/blog\/tudo-sobre-perito-criminal-pcmg\/","og_site_name":"Estrat\u00e9gia Concursos","article_published_time":"2024-09-04T14:27:00+00:00","og_image":[{"width":600,"height":400,"url":"https:\/\/dhg1h5j42swfq.cloudfront.net\/2023\/09\/08164449\/artigo-pf-imagem-perito-criminal.jpg","type":"image\/jpeg"}],"author":"Thiago da Silva Oliveira","twitter_card":"summary_large_image","twitter_creator":"@EstratConcursos","twitter_site":"@EstratConcursos","twitter_misc":{"Escrito por":"Thiago da Silva Oliveira","Est. tempo de leitura":"9 minutos"},"schema":{"@context":"https:\/\/schema.org","@graph":[{"@type":"NewsArticle","@id":"https:\/\/www.estrategiaconcursos.com.br\/blog\/tudo-sobre-perito-criminal-pcmg\/#article","isPartOf":{"@id":"https:\/\/www.estrategiaconcursos.com.br\/blog\/tudo-sobre-perito-criminal-pcmg\/"},"author":{"name":"Thiago da Silva Oliveira","@id":"https:\/\/www.estrategiaconcursos.com.br\/blog\/#\/schema\/person\/a9b5b50fd12cfd5ab3e3e1f81a2c0e52"},"headline":"Tudo sobre o Perito Criminal da PCMG!","datePublished":"2024-09-04T14:27:00+00:00","mainEntityOfPage":{"@id":"https:\/\/www.estrategiaconcursos.com.br\/blog\/tudo-sobre-perito-criminal-pcmg\/"},"wordCount":1726,"commentCount":0,"publisher":{"@id":"https:\/\/www.estrategiaconcursos.com.br\/blog\/#organization"},"image":{"@id":"https:\/\/www.estrategiaconcursos.com.br\/blog\/tudo-sobre-perito-criminal-pcmg\/#primaryimage"},"thumbnailUrl":"https:\/\/dhg1h5j42swfq.cloudfront.net\/2023\/09\/08164449\/artigo-pf-imagem-perito-criminal.jpg","articleSection":["Concursos P\u00fablicos","Policial (Peritos, Papiloscopistas)"],"inLanguage":"pt-BR","potentialAction":[{"@type":"CommentAction","name":"Comment","target":["https:\/\/www.estrategiaconcursos.com.br\/blog\/tudo-sobre-perito-criminal-pcmg\/#respond"]}],"copyrightYear":"2024","copyrightHolder":{"@id":"https:\/\/www.estrategiaconcursos.com.br\/blog\/#organization"}},{"@type":"WebPage","@id":"https:\/\/www.estrategiaconcursos.com.br\/blog\/tudo-sobre-perito-criminal-pcmg\/","url":"https:\/\/www.estrategiaconcursos.com.br\/blog\/tudo-sobre-perito-criminal-pcmg\/","name":"Tudo sobre o Perito Criminal da PCMG!","isPartOf":{"@id":"https:\/\/www.estrategiaconcursos.com.br\/blog\/#website"},"primaryImageOfPage":{"@id":"https:\/\/www.estrategiaconcursos.com.br\/blog\/tudo-sobre-perito-criminal-pcmg\/#primaryimage"},"image":{"@id":"https:\/\/www.estrategiaconcursos.com.br\/blog\/tudo-sobre-perito-criminal-pcmg\/#primaryimage"},"thumbnailUrl":"https:\/\/dhg1h5j42swfq.cloudfront.net\/2023\/09\/08164449\/artigo-pf-imagem-perito-criminal.jpg","datePublished":"2024-09-04T14:27:00+00:00","description":"Saiba tudo sobre o cargo de Perito Criminal da PCMG: requisitos, caracter\u00edsticas, atribui\u00e7\u00f5es e fases do concurso","breadcrumb":{"@id":"https:\/\/www.estrategiaconcursos.com.br\/blog\/tudo-sobre-perito-criminal-pcmg\/#breadcrumb"},"inLanguage":"pt-BR","potentialAction":[{"@type":"ReadAction","target":["https:\/\/www.estrategiaconcursos.com.br\/blog\/tudo-sobre-perito-criminal-pcmg\/"]}]},{"@type":"ImageObject","inLanguage":"pt-BR","@id":"https:\/\/www.estrategiaconcursos.com.br\/blog\/tudo-sobre-perito-criminal-pcmg\/#primaryimage","url":"https:\/\/dhg1h5j42swfq.cloudfront.net\/2023\/09\/08164449\/artigo-pf-imagem-perito-criminal.jpg","contentUrl":"https:\/\/dhg1h5j42swfq.cloudfront.net\/2023\/09\/08164449\/artigo-pf-imagem-perito-criminal.jpg","width":600,"height":400,"caption":"sal\u00e1rio inicial de perito criminal concurso p\u00fablico"},{"@type":"BreadcrumbList","@id":"https:\/\/www.estrategiaconcursos.com.br\/blog\/tudo-sobre-perito-criminal-pcmg\/#breadcrumb","itemListElement":[{"@type":"ListItem","position":1,"name":"In\u00edcio","item":"https:\/\/www.estrategiaconcursos.com.br\/blog\/"},{"@type":"ListItem","position":2,"name":"Tudo sobre o Perito Criminal da PCMG!"}]},{"@type":"WebSite","@id":"https:\/\/www.estrategiaconcursos.com.br\/blog\/#website","url":"https:\/\/www.estrategiaconcursos.com.br\/blog\/","name":"Estrat\u00e9gia Concursos","description":"O blog da Estrat\u00e9gia Concursos traz not\u00edcias sobre concursos e artigos de professores oferecendo cursos para concursos (pdf + videaulas) no site.","publisher":{"@id":"https:\/\/www.estrategiaconcursos.com.br\/blog\/#organization"},"potentialAction":[{"@type":"SearchAction","target":{"@type":"EntryPoint","urlTemplate":"https:\/\/www.estrategiaconcursos.com.br\/blog\/?s={search_term_string}"},"query-input":{"@type":"PropertyValueSpecification","valueRequired":true,"valueName":"search_term_string"}}],"inLanguage":"pt-BR"},{"@type":"Organization","@id":"https:\/\/www.estrategiaconcursos.com.br\/blog\/#organization","name":"Estrat\u00e9gia Concursos","url":"https:\/\/www.estrategiaconcursos.com.br\/blog\/","logo":{"@type":"ImageObject","inLanguage":"pt-BR","@id":"https:\/\/www.estrategiaconcursos.com.br\/blog\/#\/schema\/logo\/image\/","url":"https:\/\/dhg1h5j42swfq.cloudfront.net\/2025\/06\/03203428\/logo_concursos-1.jpg","contentUrl":"https:\/\/dhg1h5j42swfq.cloudfront.net\/2025\/06\/03203428\/logo_concursos-1.jpg","width":230,"height":60,"caption":"Estrat\u00e9gia Concursos"},"image":{"@id":"https:\/\/www.estrategiaconcursos.com.br\/blog\/#\/schema\/logo\/image\/"},"sameAs":["https:\/\/x.com\/EstratConcursos"]},{"@type":"Person","@id":"https:\/\/www.estrategiaconcursos.com.br\/blog\/#\/schema\/person\/a9b5b50fd12cfd5ab3e3e1f81a2c0e52","name":"Thiago da Silva Oliveira","image":{"@type":"ImageObject","inLanguage":"pt-BR","@id":"https:\/\/secure.gravatar.com\/avatar\/8c205103f160a168ce0b2be00cc532dcf15e657186621f142aa15651ddcbcdcb?s=96&d=mm&r=g","url":"https:\/\/secure.gravatar.com\/avatar\/8c205103f160a168ce0b2be00cc532dcf15e657186621f142aa15651ddcbcdcb?s=96&d=mm&r=g","contentUrl":"https:\/\/secure.gravatar.com\/avatar\/8c205103f160a168ce0b2be00cc532dcf15e657186621f142aa15651ddcbcdcb?s=96&d=mm&r=g","caption":"Thiago da Silva Oliveira"},"url":"https:\/\/www.estrategiaconcursos.com.br\/blog\/author\/thgsoliveirayahoo-com-br\/"}]}},"_links":{"self":[{"href":"https:\/\/www.estrategiaconcursos.com.br\/blog\/wp-json\/wp\/v2\/posts\/1449123","targetHints":{"allow":["GET"]}}],"collection":[{"href":"https:\/\/www.estrategiaconcursos.com.br\/blog\/wp-json\/wp\/v2\/posts"}],"about":[{"href":"https:\/\/www.estrategiaconcursos.com.br\/blog\/wp-json\/wp\/v2\/types\/post"}],"author":[{"embeddable":true,"href":"https:\/\/www.estrategiaconcursos.com.br\/blog\/wp-json\/wp\/v2\/users\/2953"}],"replies":[{"embeddable":true,"href":"https:\/\/www.estrategiaconcursos.com.br\/blog\/wp-json\/wp\/v2\/comments?post=1449123"}],"version-history":[{"count":10,"href":"https:\/\/www.estrategiaconcursos.com.br\/blog\/wp-json\/wp\/v2\/posts\/1449123\/revisions"}],"predecessor-version":[{"id":1449293,"href":"https:\/\/www.estrategiaconcursos.com.br\/blog\/wp-json\/wp\/v2\/posts\/1449123\/revisions\/1449293"}],"wp:featuredmedia":[{"embeddable":true,"href":"https:\/\/www.estrategiaconcursos.com.br\/blog\/wp-json\/wp\/v2\/media\/1275185"}],"wp:attachment":[{"href":"https:\/\/www.estrategiaconcursos.com.br\/blog\/wp-json\/wp\/v2\/media?parent=1449123"}],"wp:term":[{"taxonomy":"category","embeddable":true,"href":"https:\/\/www.estrategiaconcursos.com.br\/blog\/wp-json\/wp\/v2\/categories?post=1449123"},{"taxonomy":"post_tag","embeddable":true,"href":"https:\/\/www.estrategiaconcursos.com.br\/blog\/wp-json\/wp\/v2\/tags?post=1449123"},{"taxonomy":"tax_estado","embeddable":true,"href":"https:\/\/www.estrategiaconcursos.com.br\/blog\/wp-json\/wp\/v2\/tax_estado?post=1449123"}],"curies":[{"name":"wp","href":"https:\/\/api.w.org\/{rel}","templated":true}]}}