{"id":1445234,"date":"2025-12-23T09:24:00","date_gmt":"2025-12-23T12:24:00","guid":{"rendered":"https:\/\/www.estrategiaconcursos.com.br\/blog\/?p=1445234"},"modified":"2025-12-23T16:53:12","modified_gmt":"2025-12-23T19:53:12","slug":"concursos-2025","status":"publish","type":"post","link":"https:\/\/www.estrategiaconcursos.com.br\/blog\/concursos-2025\/","title":{"rendered":"Concursos 2025: milhares de vagas e at\u00e9 R$ 37,7 mil. Veja!"},"content":{"rendered":"\n<p style=\"font-size:clamp(14.642px, 0.915rem + ((1vw - 3.2px) * 0.721), 22px);\"><strong><em>Veja quais s\u00e3o os concursos previstos para 2025: vagas em diferentes \u00e1reas!<\/em><\/strong><\/p>\n\n\n\n<p>J\u00e1 estamos no final de <strong>2025<\/strong> e o mundo dos <strong>concursos p\u00fablicos<\/strong> continua com o ritmo acelerado (e n\u00e3o d\u00e1 pra perder tempo)! Quem come\u00e7a a se preparar com anteced\u00eancia larga na frente e aumenta muito suas chances de aprova\u00e7\u00e3o.<\/p>\n\n\n\n<p>Algumas sele\u00e7\u00f5es seguem confirmadas para 2025 e a previs\u00e3o \u00e9 de que as oportunidades cres\u00e7am nos pr\u00f3ximos meses. Agora \u00e9 a hora de se organizar, escolher seu foco e intensificar os estudos!<\/p>\n\n\n\n<ul class=\"wp-block-list\">\n<li><a href=\"https:\/\/www.estrategiaconcursos.com.br\/blog\/concursos-2026\/\" target=\"_blank\" rel=\"noreferrer noopener\">Concursos 2026<\/a><\/li>\n<\/ul>\n\n\n\n<p>Em meio a tantas op\u00e7\u00f5es, a d\u00favida pode tomar conta do concurseiros, mas esse artigo foi criado exatamente para ser uma luz na sua busca. Por isso, separamos as<strong> principais oportunidades previstas<\/strong>, e divididas por \u00e1reas de atua\u00e7\u00e3o.prefeir<\/p>\n\n\n\n<p>Ent\u00e3o, se voc\u00ea deseja <strong>mudar de vida ingressando na carreira p\u00fablica<\/strong>, j\u00e1 salva essa p\u00e1gina nos seus favoritos e fique sempre <strong>atualizado <\/strong>com as novidades nos concursos espalhados por todo o pa\u00eds.<\/p>\n\n\n\n<iframe id=\"mapa-concursos-ga4\"\n    src=\"https:\/\/www.estrategiaconcursos.com.br\/blog\/mapa-concursos\/embed?situacoes=Inscri%C3%A7%C3%B5es+abertas&#038;areas=Policial%2CControle+e+Gest%C3%A3o%2CFiscal%2CBanc%C3%A1ria+e+Financeira%2CLegislativa%2CConselhos+Profissionais%2CJur%C3%ADdica%2CSa%C3%BAde%2CMilitar%2CEduca%C3%A7%C3%A3o\"\n    width=\"100%\"\n    height=\"400\"\n    style=\"border: none; display: block;\"\n    title=\"Mapa de Concursos P\u00fablicos\"\n    loading=\"lazy\">\n<\/iframe>\n\n\n\n<h2 class=\"wp-block-heading\" id=\"concursos-e-vagas-previstas-para-2023\">Concursos e vagas 2025:<\/h2>\n\n\n\n<ul id=\"indice\" class=\"wp-block-list\">\n<li class=\"indice\"><a href=\"#policial\">Concursos Policiais<\/a><\/li>\n\n\n\n<li><a href=\"#fiscal\">Concursos Fiscais<\/a><\/li>\n\n\n\n<li class=\"indice\"><a href=\"#controle\">Concursos Controle<\/a><\/li>\n\n\n\n<li class=\"indice\"><a href=\"#tribunais\">Concursos Tribunais e Procuradorias<\/a><\/li>\n\n\n\n<li class=\"indice\"><a href=\"#ministerios-publicos\">Concursos Minist\u00e9rios P\u00fablicos<\/a><\/li>\n\n\n\n<li class=\"indice\"><a href=\"#defensorias-publicas\">Concursos Defensorias<\/a><\/li>\n\n\n\n<li class=\"indice\"><a href=\"#legislativa\">Concursos Legislativos<\/a><\/li>\n\n\n\n<li class=\"indice\"><a href=\"#saude\">Concursos Sa\u00fade<\/a><\/li>\n\n\n\n<li class=\"indice\"><a href=\"#bancaria\">Concursos Banc\u00e1rios<\/a><\/li>\n\n\n\n<li class=\"indice\"><a href=\"#educacao\">Concursos Educa\u00e7\u00e3o<\/a><\/li>\n\n\n\n<li class=\"indice\"><a href=\"#prefeituras\">Concursos Prefeituras<\/a><\/li>\n\n\n\n<li class=\"indice\"><a href=\"#conselhos\">Concursos Conselhos<\/a><\/li>\n\n\n\n<li class=\"indice\"><a href=\"#outros\">Outras oportunidades<\/a><\/li>\n\n\n\n<li class=\"indice\"><a href=\"#concursos-estado\">Concursos por Estado<\/a><\/li>\n<\/ul>\n\n\n\n<div class=\"container\" id=\"boxes\">\n  <div class=\"row\">\n\n    <div class=\"col-sm\">\n      <div class=\"banner-estrat-corj\" id=\"box-assinatura\">\n        <h2 class=\"titulo-assinatura\" style=\"text-align: left;\">Concursos 2025<\/h2>\n        <p class=\"subtitulo-assinatura\" style=\"text-align: left;\">Explore os cursos preparat\u00f3rios completos! \u2728<\/p>\n        <div class=\"box-botao\" style=\"text-align: left;\">\n          <a class=\"btn-assinatura\" target=\"_blank\" href=\"https:\/\/www.estrategiaconcursos.com.br\/cursos\/concurso\/\" role=\"button\" rel=\"noopener noreferrer\">CLIQUE AQUI<\/a>\n        <\/div>\n      <\/div><\/div><\/div><\/div>\n\n\n\n<h2 class=\"wp-block-heading has-very-light-gray-to-cyan-bluish-gray-gradient-background has-background\" id=\"policial\">Concursos 2025: \u00e1rea Policial<\/h2>\n\n\n\n<h3 class=\"wp-block-heading\" id=\"h-concurso-pc-pb\"><a href=\"https:\/\/www.estrategiaconcursos.com.br\/blog\/concurso-pc-pb\/\" target=\"_blank\" rel=\"noreferrer noopener\">Concurso PC PB<\/a><\/h3>\n\n\n\n<ul class=\"wp-block-list\">\n<li><strong>Status:<\/strong> recomendado<\/li>\n\n\n\n<li><strong>Cargos<\/strong>: diversos<\/li>\n\n\n\n<li><strong>Forma\u00e7\u00e3o:<\/strong> n\u00edvel superior<\/li>\n\n\n\n<li><strong>Vagas: <\/strong>a definir<\/li>\n\n\n\n<li><strong>Sal\u00e1rio:<\/strong> R$ 4.551,21 a R$ 13.350,93 [remunera\u00e7\u00f5es atuais]<\/li>\n<\/ul>\n\n\n\n<h3 class=\"wp-block-heading\" id=\"h-concurso-prf\"><a href=\"https:\/\/www.estrategiaconcursos.com.br\/blog\/concurso-prf\/\" target=\"_blank\" rel=\"noreferrer noopener\">Concurso PRF<\/a><\/h3>\n\n\n\n<ul class=\"wp-block-list\">\n<li><strong>Status:&nbsp;<\/strong>Solicitado<\/li>\n\n\n\n<li><strong>Cargos:&nbsp;<\/strong>Policial Rodovi\u00e1rio<\/li>\n\n\n\n<li><strong>Forma\u00e7\u00e3o:<\/strong>&nbsp;N\u00edvel superior<\/li>\n\n\n\n<li><strong>Vagas:<\/strong>&nbsp;263<\/li>\n\n\n\n<li><strong>Sal\u00e1rio:<\/strong>&nbsp;R$ 11.670,33<\/li>\n<\/ul>\n\n\n\n<h3 class=\"wp-block-heading\" id=\"h-concurso-prf-administrativo\"><a href=\"https:\/\/www.estrategiaconcursos.com.br\/blog\/concurso-prf-administrativo\/\" target=\"_blank\" rel=\"noreferrer noopener\">Concurso PRF Administrativo<\/a><\/h3>\n\n\n\n<ul class=\"wp-block-list\">\n<li><strong>Status:&nbsp;<\/strong>Solicitado<\/li>\n\n\n\n<li><strong>Cargos:<\/strong> Agente Administrativo<\/li>\n\n\n\n<li><strong>Forma\u00e7\u00e3o:<\/strong>&nbsp;N\u00edvel m\u00e9dio<\/li>\n\n\n\n<li><strong>Vagas:<\/strong>&nbsp;248<\/li>\n\n\n\n<li><strong>Sal\u00e1rio:<\/strong>&nbsp;R$ 5.173,28<\/li>\n<\/ul>\n\n\n\n<h3 class=\"wp-block-heading\" id=\"h-concurso-pcdf\"><a href=\"https:\/\/www.estrategiaconcursos.com.br\/blog\/concurso-pcdf\/\" target=\"_blank\" rel=\"noreferrer noopener\">Concurso PCDF<\/a><\/h3>\n\n\n\n<ul class=\"wp-block-list\">\n<li><strong>Status:<\/strong>&nbsp;autorizado<\/li>\n\n\n\n<li><strong>Cargos:&nbsp;<\/strong>Perito Criminal, Perito M\u00e9dico-Legista e Papiloscopista Policial<\/li>\n\n\n\n<li><strong>Forma\u00e7\u00e3o:<\/strong>&nbsp;N\u00edvel superior<\/li>\n\n\n\n<li><strong>Vagas:<\/strong>&nbsp;105 + 210 CR<\/li>\n\n\n\n<li><strong>Sal\u00e1rio:<\/strong>&nbsp;R$ 11.085,72&nbsp;a R$ 21.449,24<\/li>\n<\/ul>\n\n\n\n<h3 class=\"wp-block-heading\" id=\"h-concurso-pcdf-agente-de-custodia\"><a href=\"https:\/\/www.estrategiaconcursos.com.br\/blog\/concurso-pcdf-agente-de-custodia\/\" target=\"_blank\" rel=\"noreferrer noopener\">Concurso PCDF &#8211; Agente de Cust\u00f3dia<\/a><\/h3>\n\n\n\n<ul class=\"wp-block-list\">\n<li><strong>Status:<\/strong>&nbsp;banca definida (Cebraspe)<\/li>\n\n\n\n<li><strong>Cargos:&nbsp;<\/strong>Agente de Cudt\u00f3dia<\/li>\n\n\n\n<li><strong>Forma\u00e7\u00e3o:<\/strong>&nbsp;N\u00edvel superior<\/li>\n\n\n\n<li><strong>Vagas:<\/strong>&nbsp;50 + 100 CR<\/li>\n\n\n\n<li><strong>Sal\u00e1rio:<\/strong>&nbsp;R$ 9.394,68<\/li>\n<\/ul>\n\n\n\n<h3 class=\"wp-block-heading\" id=\"concurso-pcdf-administrativo\"><a href=\"https:\/\/www.estrategiaconcursos.com.br\/blog\/concurso-pcdf-agente-de-custodia\/\" target=\"_blank\" rel=\"noreferrer noopener\">Concurso PCDF &#8211; IML<\/a><\/h3>\n\n\n\n<ul class=\"wp-block-list\">\n<li><strong>Status:&nbsp;<\/strong>solicitado<\/li>\n\n\n\n<li><strong>Cargos:&nbsp;<\/strong>Agente de Atividade Complementar<\/li>\n\n\n\n<li><strong>Forma\u00e7\u00e3o<\/strong>:&nbsp;N\u00edvel m\u00e9dio\/t\u00e9cnico<\/li>\n\n\n\n<li><strong>Sal\u00e1rio<\/strong>:&nbsp;R$ 6.179,80<\/li>\n\n\n\n<li><strong>Vagas:<\/strong>&nbsp;60<\/li>\n<\/ul>\n\n\n\n<h3 class=\"wp-block-heading\" id=\"h-concurso-pc-ap\"><a href=\"https:\/\/www.estrategiaconcursos.com.br\/blog\/concurso-pc-ap\/\" target=\"_blank\" rel=\"noreferrer noopener\">Concurso PC AP<\/a><\/h3>\n\n\n\n<ul class=\"wp-block-list\">\n<li><strong>Status:<\/strong>&nbsp;banca em contrata\u00e7\u00e3o<\/li>\n\n\n\n<li><strong>Cargos:<\/strong> Agente e Delegado<\/li>\n\n\n\n<li><strong>Forma\u00e7\u00e3o:<\/strong>&nbsp;m\u00e9dio e superior<\/li>\n\n\n\n<li><strong>Vagas:<\/strong>&nbsp;a definir<\/li>\n\n\n\n<li><strong>Sal\u00e1rio:&nbsp;<\/strong>R$ 4.139,53 a R$ 13.280,01<\/li>\n<\/ul>\n\n\n\n<h3 class=\"wp-block-heading\" id=\"h-concurso-pc-al\"><a href=\"https:\/\/www.estrategiaconcursos.com.br\/blog\/concurso-pc-al\/\">Concurso PC AL<\/a><\/h3>\n\n\n\n<ul class=\"wp-block-list\">\n<li><strong>Status:<\/strong>&nbsp;anunciado<\/li>\n\n\n\n<li><strong>Cargos:<\/strong> Agente e Escriv\u00e3o<\/li>\n\n\n\n<li><strong>Forma\u00e7\u00e3o:<\/strong>&nbsp;superior<\/li>\n\n\n\n<li><strong>Vagas:<\/strong>&nbsp;150 + 150 CR<\/li>\n\n\n\n<li><strong>Sal\u00e1rio:&nbsp;<\/strong>R$ 3.971,76<\/li>\n<\/ul>\n\n\n\n<h3 class=\"wp-block-heading\" id=\"h-concurso-pc-rj\"><a href=\"https:\/\/www.estrategiaconcursos.com.br\/blog\/concurso-policia-civil-rj\/\" target=\"_blank\" rel=\"noreferrer noopener\">Concurso PC RJ<\/a><\/h3>\n\n\n\n<ul class=\"wp-block-list\">\n<li><strong>Status:<\/strong>&nbsp;comiss\u00e3o formada<\/li>\n\n\n\n<li><strong>Cargos:<\/strong> diversos<\/li>\n\n\n\n<li><strong>Forma\u00e7\u00e3o:<\/strong>&nbsp;superior<\/li>\n\n\n\n<li><strong>Vagas:<\/strong>&nbsp;414<\/li>\n\n\n\n<li><strong>Sal\u00e1rio:&nbsp;<\/strong>R$ 13.981,45 a R$ 26.981,77<\/li>\n<\/ul>\n\n\n\n<h3 class=\"wp-block-heading\" id=\"h-concurso-pc-pr\"><a href=\"https:\/\/www.estrategiaconcursos.com.br\/blog\/concurso-policia-civil-pr\/\" target=\"_blank\" rel=\"noreferrer noopener\">Concurso PC PR<\/a><\/h3>\n\n\n\n<ul class=\"wp-block-list\">\n<li><strong>Status:<\/strong>&nbsp;comiss\u00e3o formada<\/li>\n\n\n\n<li><strong>Cargos:<\/strong> delegado, agente de pol\u00edcia e papiloscopista<\/li>\n\n\n\n<li><strong>Forma\u00e7\u00e3o:<\/strong>&nbsp;superior<\/li>\n\n\n\n<li><strong>Vagas:<\/strong>&nbsp;a definir<\/li>\n\n\n\n<li><strong>Sal\u00e1rio:&nbsp;<\/strong>R$ 7.517,74 a R$ 22.612,42<\/li>\n<\/ul>\n\n\n\n<h3 class=\"wp-block-heading\" id=\"h-concurso-pc-ma\"><a href=\"https:\/\/www.estrategiaconcursos.com.br\/blog\/concurso-policia-civil-ma\/\" target=\"_blank\" rel=\"noreferrer noopener\">Concurso PC MA<\/a><\/h3>\n\n\n\n<ul class=\"wp-block-list\">\n<li><strong>Status:<\/strong>&nbsp;comiss\u00e3o formada<\/li>\n\n\n\n<li><strong>Cargos:<\/strong> delegado, escriv\u00e3o, investigador e per\u00edcia<\/li>\n\n\n\n<li><strong>Forma\u00e7\u00e3o:<\/strong>&nbsp;superior<\/li>\n\n\n\n<li><strong>Vagas:<\/strong>&nbsp;a definir<\/li>\n\n\n\n<li><strong>Sal\u00e1rio:&nbsp;<\/strong><span style=\"font-size: revert; color: initial;\">R$ 7.663,42 <\/span>a R$ 22.048,53<\/li>\n<\/ul>\n\n\n\n<h3 class=\"wp-block-heading\" id=\"h-concurso-pc-ba\"><a href=\"https:\/\/www.estrategiaconcursos.com.br\/blog\/concurso-pc-ba\/\" target=\"_blank\" rel=\"noreferrer noopener\">Concurso PC BA<\/a><\/h3>\n\n\n\n<ul class=\"wp-block-list\">\n<li><strong>Status<\/strong>: anunciado e comiss\u00e3o formada<\/li>\n\n\n\n<li><strong>Cargos<\/strong>: Investigador, Escriv\u00e3o e Delegado<\/li>\n\n\n\n<li><strong>Forma\u00e7\u00e3o<\/strong>: superior<\/li>\n\n\n\n<li><strong>Vagas<\/strong>: 750<\/li>\n\n\n\n<li><strong>Sal\u00e1rio<\/strong>: R$ 4.873,18 a R$ 13.032,44 [\u00faltimo edital]<\/li>\n<\/ul>\n\n\n\n<h3 class=\"wp-block-heading\" id=\"h-concurso-pc-pa\"><a href=\"https:\/\/www.estrategiaconcursos.com.br\/blog\/concurso-policia-civil-para\/\" target=\"_blank\" rel=\"noreferrer noopener\">Concurso PC PA<\/a><\/h3>\n\n\n\n<ul class=\"wp-block-list\">\n<li><strong>Status<\/strong>: comiss\u00e3o formada<\/li>\n\n\n\n<li><strong>Cargos<\/strong>: Escriv\u00e3o<\/li>\n\n\n\n<li><strong>Forma\u00e7\u00e3o<\/strong>: n\u00edvel superior<\/li>\n\n\n\n<li><strong>Vagas<\/strong>: 100<\/li>\n\n\n\n<li><strong>Sal\u00e1rio<\/strong>: R$ 7.731,64<\/li>\n<\/ul>\n\n\n\n<h3 class=\"wp-block-heading\" id=\"concurso-pc-ac\"><a href=\"https:\/\/www.estrategiaconcursos.com.br\/blog\/concurso-pc-ac\/\" target=\"_blank\" rel=\"noreferrer noopener\">Concurso PC AC<\/a><\/h3>\n\n\n\n<ul class=\"wp-block-list\">\n<li><strong>Status:<\/strong>&nbsp;comiss\u00e3o formada | em estudos<\/li>\n\n\n\n<li><strong>Cargos:&nbsp;<\/strong>a definir<\/li>\n\n\n\n<li><strong>Forma\u00e7\u00e3o<\/strong>:&nbsp;a definir<\/li>\n\n\n\n<li><strong>Vagas:<\/strong>&nbsp;a definir<\/li>\n\n\n\n<li><strong>Sal\u00e1rio<\/strong>:&nbsp;R$ 5.000,00<\/li>\n<\/ul>\n\n\n\n<h3 class=\"wp-block-heading\" id=\"h-concurso-pcdf-0\"><a href=\"https:\/\/www.estrategiaconcursos.com.br\/blog\/concurso-pcdf\/\" target=\"_blank\" rel=\"noreferrer noopener\">Concurso PCDF<\/a><\/h3>\n\n\n\n<ul class=\"wp-block-list\">\n<li><strong>Status:<\/strong>&nbsp;autorizado<\/li>\n\n\n\n<li><strong>Cargos:&nbsp;<\/strong>Perito Criminal, Perito M\u00e9dico-Legista e Papiloscopista Policial<\/li>\n\n\n\n<li><strong>Forma\u00e7\u00e3o:<\/strong>&nbsp;N\u00edvel superior<\/li>\n\n\n\n<li><strong>Vagas:<\/strong>&nbsp;105 + 210 CR<\/li>\n\n\n\n<li><strong>Sal\u00e1rio:<\/strong>&nbsp;R$ 11.085,72&nbsp;a R$ 21.449,24<\/li>\n\n\n\n<li><strong>Curso:<\/strong>&nbsp;<a href=\"https:\/\/www.estrategiaconcursos.com.br\/cursosPorConcurso\/policia-civil-do-distrito-federal-pc-df\/\" target=\"_blank\" rel=\"noreferrer noopener\">PCDF<\/a><\/li>\n<\/ul>\n\n\n\n<h3 class=\"wp-block-heading\" id=\"h-concurso-pc-to\"><a href=\"https:\/\/www.estrategiaconcursos.com.br\/blog\/concurso-pc-to\/\" target=\"_blank\" rel=\"noreferrer noopener\">Concurso PC TO<\/a><\/h3>\n\n\n\n<ul class=\"wp-block-list\">\n<li><strong>Status:<\/strong>&nbsp;autorizado e comiss\u00e3o formada<\/li>\n\n\n\n<li><strong>Cargos:&nbsp;<\/strong>diversos<\/li>\n\n\n\n<li><strong>Forma\u00e7\u00e3o:<\/strong>&nbsp;superior<\/li>\n\n\n\n<li><strong>Vagas:<\/strong>&nbsp;381 + 71 CR<\/li>\n\n\n\n<li><strong>Sal\u00e1rio:<\/strong>&nbsp;R$ 6.659,08 a R$ 18.419,60<\/li>\n<\/ul>\n\n\n\n<h3 class=\"wp-block-heading\" id=\"h-concurso-pc-mt\"><a href=\"https:\/\/www.estrategiaconcursos.com.br\/blog\/concurso-pc-mt\/\" target=\"_blank\" rel=\"noreferrer noopener\">Concurso PC MT<\/a><\/h3>\n\n\n\n<ul class=\"wp-block-list\">\n<li><strong>Status:<\/strong>&nbsp;previsto<\/li>\n\n\n\n<li><strong>Cargos:&nbsp;<\/strong>diversos<\/li>\n\n\n\n<li><strong>Forma\u00e7\u00e3o:<\/strong>&nbsp;superior<\/li>\n\n\n\n<li><strong>Vagas:<\/strong>&nbsp;a definir<\/li>\n\n\n\n<li><strong>Sal\u00e1rio:<\/strong>&nbsp;R$ 7.023,44<\/li>\n<\/ul>\n\n\n\n<h3 class=\"wp-block-heading\" id=\"h-concurso-pm-mt\"><a href=\"https:\/\/www.estrategiaconcursos.com.br\/blog\/concurso-pm-mt\/\" target=\"_blank\" rel=\"noreferrer noopener\">Concurso PM MT<\/a><\/h3>\n\n\n\n<ul class=\"wp-block-list\">\n<li><strong>Status:<\/strong>&nbsp;previsto<\/li>\n\n\n\n<li><strong>Cargos:&nbsp;<\/strong>diversos<\/li>\n\n\n\n<li><strong>Forma\u00e7\u00e3o:<\/strong>&nbsp;superior<\/li>\n\n\n\n<li><strong>Vagas:<\/strong>&nbsp;a definir<\/li>\n\n\n\n<li><strong>Sal\u00e1rio:<\/strong>&nbsp;R$ 3.545,31 a R$ 9.000,71 [\u00faltimo edital]<\/li>\n<\/ul>\n\n\n\n<h3 class=\"wp-block-heading\" id=\"concurso-pm-to-1\"><a href=\"https:\/\/www.estrategiaconcursos.com.br\/blog\/concurso-pm-to\/\" target=\"_blank\" rel=\"noreferrer noopener\">Concurso PM TO<\/a><\/h3>\n\n\n\n<ul class=\"wp-block-list\">\n<li><strong>Status:<\/strong>&nbsp;aberto cr\u00e9dito suplementar<\/li>\n\n\n\n<li><strong>Cargos:&nbsp;<\/strong>a definir<\/li>\n\n\n\n<li><strong>Forma\u00e7\u00e3o<\/strong>:&nbsp;a definir<\/li>\n\n\n\n<li><strong>Vagas:<\/strong>&nbsp;a definir<\/li>\n\n\n\n<li><strong>Sal\u00e1rio<\/strong>: R$ 5.763,07 a R$ 10.842,13<\/li>\n<\/ul>\n\n\n\n<h3 class=\"wp-block-heading\" id=\"concurso-pm-to-1\"><a href=\"https:\/\/www.estrategiaconcursos.com.br\/blog\/concurso-pm-sp\/\" target=\"_blank\" rel=\"noreferrer noopener\">Concurso PM SP<\/a><\/h3>\n\n\n\n<ul class=\"wp-block-list\">\n<li><strong>Status:<\/strong>&nbsp;comiss\u00e3o formada<\/li>\n\n\n\n<li><strong>Cargos:&nbsp;<\/strong>2\u00ba Tenente M\u00e9dico<\/li>\n\n\n\n<li><strong>Forma\u00e7\u00e3o<\/strong>:&nbsp;superior<\/li>\n\n\n\n<li><strong>Vagas:<\/strong>&nbsp;36<\/li>\n\n\n\n<li><strong>Sal\u00e1rio<\/strong>:&nbsp;R$ 4.833,27<\/li>\n<\/ul>\n\n\n\n<ul class=\"wp-block-list\">\n<li><strong>Status:<\/strong>&nbsp;comiss\u00e3o formada<\/li>\n\n\n\n<li><strong>Cargos:&nbsp;<\/strong>Aluno-Oficial<\/li>\n\n\n\n<li><strong>Forma\u00e7\u00e3o<\/strong>:&nbsp;m\u00e9dio<\/li>\n\n\n\n<li><strong>Vagas:<\/strong>&nbsp;200<\/li>\n\n\n\n<li><strong>Sal\u00e1rio<\/strong>:&nbsp;R$ 5.035,65<\/li>\n<\/ul>\n\n\n\n<h3 class=\"wp-block-heading\" id=\"concurso-pm-to-1\"><a href=\"https:\/\/www.estrategiaconcursos.com.br\/blog\/concurso-pm-ma\/\" target=\"_blank\" rel=\"noreferrer noopener\">Concurso PM MA<\/a><\/h3>\n\n\n\n<ul class=\"wp-block-list\">\n<li><strong>Status:<\/strong>&nbsp;comiss\u00e3o formada<\/li>\n\n\n\n<li><strong>Cargos:&nbsp;<\/strong>a definir<\/li>\n\n\n\n<li><strong>Forma\u00e7\u00e3o<\/strong>:&nbsp;a definir<\/li>\n\n\n\n<li><strong>Vagas:<\/strong>&nbsp;1.200 (previstas)<\/li>\n\n\n\n<li><strong>Sal\u00e1rio<\/strong>:&nbsp;R$ 4.999,25 a R$ 5.172,66<\/li>\n<\/ul>\n\n\n\n<h3 class=\"wp-block-heading\" id=\"concurso-pm-to-1\"><a href=\"https:\/\/www.estrategiaconcursos.com.br\/blog\/concurso-pm-ba\/\" target=\"_blank\" rel=\"noreferrer noopener\">Concurso PM BA<\/a><\/h3>\n\n\n\n<ul class=\"wp-block-list\">\n<li><strong>Status:<\/strong>&nbsp;a definir<\/li>\n\n\n\n<li><strong>Cargos:&nbsp;<\/strong>a definir<\/li>\n\n\n\n<li><strong>Forma\u00e7\u00e3o<\/strong>:&nbsp;a definir<\/li>\n\n\n\n<li><strong>Vagas:<\/strong>&nbsp;a definir<\/li>\n\n\n\n<li><strong>Sal\u00e1rio<\/strong>:&nbsp;R$ 3.507,78<\/li>\n<\/ul>\n\n\n\n<h3 class=\"wp-block-heading\" id=\"concurso-pm-to-1\"><a href=\"https:\/\/www.estrategiaconcursos.com.br\/blog\/concurso-pmerj\/\" target=\"_blank\" rel=\"noreferrer noopener\">Concurso PMERJ<\/a><\/h3>\n\n\n\n<ul class=\"wp-block-list\">\n<li><strong>Status:<\/strong>&nbsp;anunciado<\/li>\n\n\n\n<li><strong>Cargos:&nbsp;<\/strong>Soldado<\/li>\n\n\n\n<li><strong>Forma\u00e7\u00e3o<\/strong>:&nbsp;n\u00edvel m\u00e9dio<\/li>\n\n\n\n<li><strong>Vagas:<\/strong>&nbsp;2.000<\/li>\n\n\n\n<li><strong>Sal\u00e1rio<\/strong>:&nbsp;R$ 5.233,88<\/li>\n<\/ul>\n\n\n\n<h3 class=\"wp-block-heading\" id=\"concurso-pm-to-1\"><a href=\"https:\/\/www.estrategiaconcursos.com.br\/blog\/concurso-pm-pe\/\" target=\"_blank\" rel=\"noreferrer noopener\">Concurso PM PE<\/a><\/h3>\n\n\n\n<ul class=\"wp-block-list\">\n<li><strong>Status:<\/strong>&nbsp;banca em contrata\u00e7\u00e3o<\/li>\n\n\n\n<li><strong>Cargos:&nbsp;<\/strong>a definir<\/li>\n\n\n\n<li><strong>Forma\u00e7\u00e3o<\/strong>:&nbsp;a definir<\/li>\n\n\n\n<li><strong>Vagas:<\/strong>&nbsp;a definir<\/li>\n\n\n\n<li><strong>Sal\u00e1rio<\/strong>:&nbsp;R$ 4.763,73 a R$ 11.914,84 (ap\u00f3s forma\u00e7\u00e3o)<\/li>\n<\/ul>\n\n\n\n<h3 class=\"wp-block-heading\" id=\"concurso-pm-to-1\"><a href=\"https:\/\/www.estrategiaconcursos.com.br\/blog\/concurso-pm-es\/\" target=\"_blank\" rel=\"noreferrer noopener\">Concurso PM ES<\/a><\/h3>\n\n\n\n<ul class=\"wp-block-list\">\n<li><strong>Status:<\/strong>&nbsp;autorizado | banca em contrata\u00e7\u00e3o<\/li>\n\n\n\n<li><strong>Cargos:&nbsp;<\/strong>Soldado<\/li>\n\n\n\n<li><strong>Forma\u00e7\u00e3o<\/strong>:&nbsp;n\u00edvel m\u00e9dio<\/li>\n\n\n\n<li><strong>Vagas:<\/strong>&nbsp;1.000<\/li>\n\n\n\n<li><strong>Sal\u00e1rio<\/strong>:&nbsp;R$ 5.520,63<\/li>\n<\/ul>\n\n\n\n<h3 class=\"wp-block-heading\" id=\"block-0bdfa18d-f516-45d4-ab13-282fb67a9f7c\"><a href=\"https:\/\/www.estrategiaconcursos.com.br\/blog\/concurso-pm-al\/\" target=\"_blank\" rel=\"noreferrer noopener\">Concurso PM AL<\/a><\/h3>\n\n\n\n<ul class=\"wp-block-list\">\n<li><strong>Status:<\/strong> comiss\u00e3o formada<\/li>\n\n\n\n<li><strong>Cargos:&nbsp;<\/strong>Soldado e Oficial<\/li>\n\n\n\n<li><strong>Forma\u00e7\u00e3o:<\/strong>&nbsp;m\u00e9dio<\/li>\n\n\n\n<li><strong>Vagas:<\/strong>&nbsp;530 + 530 CR<\/li>\n\n\n\n<li><strong>Sal\u00e1rio:<\/strong>&nbsp;R$ 4.250,06 e R$ 8.099,94 [\u00faltimo edital]<\/li>\n<\/ul>\n\n\n\n<h3 class=\"wp-block-heading\" id=\"block-0bdfa18d-f516-45d4-ab13-282fb67a9f7c\"><a href=\"https:\/\/www.estrategiaconcursos.com.br\/blog\/concurso-pm-rn\/\" target=\"_blank\" rel=\"noreferrer noopener\">Concurso PM RN<\/a><\/h3>\n\n\n\n<ul class=\"wp-block-list\">\n<li><strong>Status:<\/strong> banca definida (Idecan)<\/li>\n\n\n\n<li><strong>Cargos:&nbsp;<\/strong>Pra\u00e7as de Sa\u00fade e M\u00fasicos<\/li>\n\n\n\n<li><strong>Forma\u00e7\u00e3o:<\/strong>&nbsp;superior<\/li>\n\n\n\n<li><strong>Vagas:<\/strong>&nbsp;146<\/li>\n\n\n\n<li><strong>Sal\u00e1rio:<\/strong>&nbsp;R$ 9.392,35 [\u00faltimo edital]<\/li>\n<\/ul>\n\n\n\n<h3 class=\"wp-block-heading\" id=\"h-concurso-pm-ac\"><a href=\"https:\/\/www.estrategiaconcursos.com.br\/blog\/concurso-pm-acre\/\" target=\"_blank\" rel=\"noreferrer noopener\">Concurso PM AC<\/a><\/h3>\n\n\n\n<ul class=\"wp-block-list\">\n<li><strong>Status<\/strong>: grupo de estudos formado<\/li>\n\n\n\n<li><strong>Cargo<\/strong>:&nbsp;Soldado<\/li>\n\n\n\n<li><strong>Forma\u00e7\u00e3o:&nbsp;<\/strong>n\u00edvel m\u00e9dio<\/li>\n\n\n\n<li><strong>Vagas:<\/strong>&nbsp;a definir<\/li>\n\n\n\n<li><strong>Sal\u00e1rio:<\/strong>&nbsp;R$ 5.007,40<\/li>\n<\/ul>\n\n\n\n<h3 class=\"wp-block-heading\" id=\"block-0bdfa18d-f516-45d4-ab13-282fb67a9f7c\"><a href=\"https:\/\/www.estrategiaconcursos.com.br\/blog\/concurso-pm-pi\/\" target=\"_blank\" rel=\"noreferrer noopener\">Concurso PM PI<\/a><\/h3>\n\n\n\n<ul class=\"wp-block-list\">\n<li><strong>Status:<\/strong> anunciado<\/li>\n\n\n\n<li><strong>Cargos:&nbsp;<\/strong>a definir<\/li>\n\n\n\n<li><strong>Forma\u00e7\u00e3o:<\/strong>&nbsp;a definir<\/li>\n\n\n\n<li><strong>Vagas:<\/strong>&nbsp;1.000 previstas<\/li>\n\n\n\n<li><strong>Sal\u00e1rio:<\/strong>&nbsp;R$ 3.470,66 e R$ 5.367,12 [\u00faltimo edital]<\/li>\n<\/ul>\n\n\n\n<h3 class=\"wp-block-heading\" id=\"h-concurso-pm-rr\"><a href=\"https:\/\/www.estrategiaconcursos.com.br\/blog\/concurso-pm-rr\/\" target=\"_blank\" rel=\"noreferrer noopener\">Concurso PM RR<\/a><\/h3>\n\n\n\n<ul class=\"wp-block-list\">\n<li><strong>Status:<\/strong>&nbsp;comiss\u00e3o formada<\/li>\n\n\n\n<li><strong>Cargos:&nbsp;<\/strong>oficial<\/li>\n\n\n\n<li><strong>Forma\u00e7\u00e3o:<\/strong>&nbsp;Superior<\/li>\n\n\n\n<li><strong>Vagas:<\/strong>&nbsp;a definir<\/li>\n\n\n\n<li><strong>Sal\u00e1rio:<\/strong>&nbsp;R$ 6.846,22<\/li>\n\n\n\n<li><strong>Curso:<\/strong>&nbsp;<a href=\"https:\/\/www.estrategiaconcursos.com.br\/cursosPorConcurso\/policia-militar-rr-pm-rr-soldado\/\" target=\"_blank\" rel=\"noreferrer noopener\">PM RR<\/a><\/li>\n<\/ul>\n\n\n\n<h3 class=\"wp-block-heading\" id=\"h-concurso-pmdf\"><a href=\"https:\/\/www.estrategiaconcursos.com.br\/blog\/concurso-pmdf\/\" target=\"_blank\" rel=\"noreferrer noopener\">Concurso PMDF<\/a><\/h3>\n\n\n\n<ul class=\"wp-block-list\">\n<li><strong>Status:<\/strong> previsto e banca definida (Cebraspe)<\/li>\n\n\n\n<li><strong>Cargo:<\/strong> Soldado<\/li>\n\n\n\n<li><strong>Forma\u00e7\u00e3o:<\/strong>&nbsp;superior<\/li>\n\n\n\n<li><strong>Vagas:<\/strong>&nbsp;a definir<\/li>\n\n\n\n<li><strong>Sal\u00e1rio: <\/strong>R$ 5.336,96 + benef\u00edcios<\/li>\n\n\n\n<li><strong>Curso:<\/strong>&nbsp;<a href=\"https:\/\/www.estrategiaconcursos.com.br\/cursosPorConcurso\/policia-militar-do-distrito-federal-pmdf\/\" target=\"_blank\" rel=\"noreferrer noopener\">PMDF<\/a><\/li>\n<\/ul>\n\n\n\n<h3 class=\"wp-block-heading\" id=\"h-concurso-pm-mg\"><a href=\"https:\/\/www.estrategiaconcursos.com.br\/blog\/concurso-pm-mg\/\" target=\"_blank\" rel=\"noreferrer noopener\">Concurso PM MG<\/a><\/h3>\n\n\n\n<ul class=\"wp-block-list\">\n<li><strong>Status:<\/strong> anunciado <\/li>\n\n\n\n<li><strong>Cargo:<\/strong> a definir<\/li>\n\n\n\n<li><strong>Forma\u00e7\u00e3o:<\/strong>&nbsp;superior<\/li>\n\n\n\n<li><strong>Vagas:<\/strong>&nbsp;2.500<\/li>\n\n\n\n<li><strong>Sal\u00e1rio: <\/strong>R$ 4.360,83 a R$ 11.037,14 [\u00faltimo edital]<\/li>\n\n\n\n<li><strong>Curso:<\/strong>&nbsp;<a href=\"https:\/\/www.estrategiaconcursos.com.br\/cursosPorConcurso\/policia-militar-de-minas-gerais-pm-mg\/\" target=\"_blank\" rel=\"noreferrer noopener\">PM MG<\/a><\/li>\n<\/ul>\n\n\n\n<h3 class=\"wp-block-heading\" id=\"h-concurso-pm-ro\"><a href=\"https:\/\/www.estrategiaconcursos.com.br\/blog\/concurso-pm-ro\/\" target=\"_blank\" rel=\"noreferrer noopener\">Concurso PM RO<\/a><\/h3>\n\n\n\n<ul class=\"wp-block-list\">\n<li><strong>Status:<\/strong> solicitado<\/li>\n\n\n\n<li><strong>Cargo:<\/strong> Terapeuta Ocupacional<\/li>\n\n\n\n<li><strong>Forma\u00e7\u00e3o:<\/strong>&nbsp;superior<\/li>\n\n\n\n<li><strong>Vagas:<\/strong>&nbsp; a definir<\/li>\n\n\n\n<li><strong>Sal\u00e1rio: <\/strong>R$ 9.755,61 [\u00faltimo edital]<\/li>\n\n\n\n<li><strong>Curso:<\/strong>&nbsp;<a href=\"https:\/\/www.estrategiaconcursos.com.br\/cursosPorConcurso\/policia-militar-de-rondonia-pm-ro\/\" target=\"_blank\" rel=\"noreferrer noopener\">PM RO<\/a><\/li>\n<\/ul>\n\n\n\n<h3 class=\"wp-block-heading\" id=\"h-pericia-oficial-ma\"><a href=\"https:\/\/www.estrategiaconcursos.com.br\/blog\/concurso-pericia-oficial-ma\/\" target=\"_blank\" rel=\"noreferrer noopener\">Per\u00edcia Oficial MA<\/a><\/h3>\n\n\n\n<ul class=\"wp-block-list\">\n<li><strong>Status:<\/strong>&nbsp;comiss\u00e3o formada<\/li>\n\n\n\n<li><strong>Cargos:&nbsp;<\/strong>a definir<\/li>\n\n\n\n<li><strong>Forma\u00e7\u00e3o:<\/strong>&nbsp;n\u00edvel superior<\/li>\n\n\n\n<li><strong>Vagas:<\/strong>&nbsp;a definir<\/li>\n\n\n\n<li><strong>Sal\u00e1rio:<\/strong>&nbsp;R$ 4.003,50 a R$ 13.391,02<\/li>\n<\/ul>\n\n\n\n<h3 class=\"wp-block-heading\" id=\"h-concurso-policia-cientifica-para\"><a href=\"https:\/\/www.estrategiaconcursos.com.br\/blog\/concurso-policia-cientifica-para\/\" target=\"_blank\" rel=\"noreferrer noopener\">Concurso Pol\u00edcia Cient\u00edfica Par\u00e1<\/a><\/h3>\n\n\n\n<ul class=\"wp-block-list\">\n<li><strong>Status:<\/strong>&nbsp;comiss\u00e3o formada<\/li>\n\n\n\n<li><strong>Cargos:&nbsp;<\/strong>Perito, Assistente e demais carreiras<\/li>\n\n\n\n<li><strong>Forma\u00e7\u00e3o:<\/strong>&nbsp;n\u00edvel superior<\/li>\n\n\n\n<li><strong>Vagas:<\/strong>&nbsp;200<\/li>\n\n\n\n<li><strong>Sal\u00e1rio:<\/strong>&nbsp;R$ 12.954,40<\/li>\n<\/ul>\n\n\n\n<h3 class=\"wp-block-heading\" id=\"h-concurso-policia-cientifica-sp\"><a href=\"https:\/\/www.estrategiaconcursos.com.br\/blog\/concurso-policia-cientifica-sp\/\" target=\"_blank\" rel=\"noreferrer noopener\">Concurso Pol\u00edcia Cient\u00edfica SP<\/a><\/h3>\n\n\n\n<ul class=\"wp-block-list\">\n<li><strong>Status:<\/strong>&nbsp;previsto<\/li>\n\n\n\n<li><strong>Cargos:&nbsp;<\/strong>a definir<\/li>\n\n\n\n<li><strong>Forma\u00e7\u00e3o:<\/strong>&nbsp;n\u00edvel m\u00e9dio<\/li>\n\n\n\n<li><strong>Vagas:<\/strong>&nbsp;a definir<\/li>\n\n\n\n<li><strong>Sal\u00e1rio:<\/strong>&nbsp;R$ 4.500,34 a R$ 12.954,40<\/li>\n<\/ul>\n\n\n\n<h3 class=\"wp-block-heading\" id=\"h-concurso-policia-cientifica-es\"><a href=\"https:\/\/www.estrategiaconcursos.com.br\/blog\/concurso-policia-cientifica-es\/\" target=\"_blank\" rel=\"noreferrer noopener\">Concurso Pol\u00edcia Cient\u00edfica ES<\/a><\/h3>\n\n\n\n<ul class=\"wp-block-list\">\n<li><strong>Status:<\/strong>&nbsp;anunciado<\/li>\n\n\n\n<li><strong>Cargos:&nbsp;<\/strong>a definir<\/li>\n\n\n\n<li><strong>Forma\u00e7\u00e3o:<\/strong>&nbsp;n\u00edvel superior<\/li>\n\n\n\n<li><strong>Vagas:<\/strong>&nbsp;a definir<\/li>\n\n\n\n<li><strong>Sal\u00e1rio:<\/strong>&nbsp;R$ 6.060,16 a R$ 8.539.34<\/li>\n<\/ul>\n\n\n\n<h3 class=\"wp-block-heading\" id=\"concurso-sejusp-ms\"><a href=\"https:\/\/www.estrategiaconcursos.com.br\/blog\/concurso-policia-penal-rs\/\" target=\"_blank\" rel=\"noreferrer noopener\">Concurso Pol\u00edcia Penal RS<\/a><\/h3>\n\n\n\n<ul class=\"wp-block-list\">\n<li><strong>Status:<\/strong>&nbsp;comiss\u00e3o formada<\/li>\n\n\n\n<li><strong>Cargos:&nbsp;<\/strong>T\u00e9cnico Superior Penitenci\u00e1rio da Pol\u00edcia Penal<\/li>\n\n\n\n<li><strong>Forma\u00e7\u00e3o<\/strong>:&nbsp;m\u00e9dio e superior<\/li>\n\n\n\n<li><strong>Vagas:<\/strong>&nbsp;a definir<\/li>\n\n\n\n<li><strong>Sal\u00e1rio<\/strong>:&nbsp;R$ 4.500,00 a R$ 8.500,00 [\u00faltimo edital]<\/li>\n<\/ul>\n\n\n\n<h3 class=\"wp-block-heading\" id=\"concurso-sejusp-ms\"><a href=\"https:\/\/www.estrategiaconcursos.com.br\/blog\/concurso-senappen\/\" target=\"_blank\" rel=\"noreferrer noopener\">Concurso Senappen<\/a><\/h3>\n\n\n\n<ul class=\"wp-block-list\">\n<li><strong>Status:<\/strong>&nbsp;em estudos\/solicitado<\/li>\n\n\n\n<li><strong>Cargos:&nbsp;<\/strong>a definir<\/li>\n\n\n\n<li><strong>Forma\u00e7\u00e3o<\/strong>:&nbsp;a definir<\/li>\n\n\n\n<li><strong>Vagas:<\/strong>&nbsp;a definir<\/li>\n\n\n\n<li><strong>Sal\u00e1rio<\/strong>:&nbsp;R$ 4.142,00 a R$ 6.681,70 [\u00faltimo PSS]<\/li>\n<\/ul>\n\n\n\n<h3 class=\"wp-block-heading\" id=\"concurso-sejusp-ms\"><a href=\"https:\/\/www.estrategiaconcursos.com.br\/blog\/concurso-policia-penal-rn\/\" target=\"_blank\" rel=\"noreferrer noopener\">Concurso Pol\u00edcia Penal RN<\/a><\/h3>\n\n\n\n<ul class=\"wp-block-list\">\n<li><strong>Status:<\/strong>&nbsp;comiss\u00e3o formada<\/li>\n\n\n\n<li><strong>Cargos:&nbsp;<\/strong>Policial Penal, Especialista e cargos Administrativos<\/li>\n\n\n\n<li><strong>Forma\u00e7\u00e3o<\/strong>:&nbsp;superior<\/li>\n\n\n\n<li><strong>Vagas:<\/strong>&nbsp;300<\/li>\n\n\n\n<li><strong>Sal\u00e1rio<\/strong>:&nbsp;R$ 3.405,76 [\u00faltimo edital]<\/li>\n<\/ul>\n\n\n\n<h3 class=\"wp-block-heading\" id=\"concurso-sejusp-ms\"><a href=\"https:\/\/www.estrategiaconcursos.com.br\/blog\/concurso-seap-pa\/\" target=\"_blank\" rel=\"noreferrer noopener\">Concurso SEAP PA<\/a><\/h3>\n\n\n\n<ul class=\"wp-block-list\">\n<li><strong>Status:<\/strong>&nbsp;solicitado<\/li>\n\n\n\n<li><strong>Cargos:&nbsp;<\/strong>Policial Penal<\/li>\n\n\n\n<li><strong>Forma\u00e7\u00e3o<\/strong>:&nbsp;m\u00e9dio <\/li>\n\n\n\n<li><strong>Vagas:<\/strong>&nbsp;160 previstas<\/li>\n\n\n\n<li><strong>Sal\u00e1rio<\/strong>:&nbsp;R$ 2.810,00 [\u00faltimo edital]<\/li>\n<\/ul>\n\n\n\n<h3 class=\"wp-block-heading\" id=\"concurso-sejusp-ms\"><a href=\"https:\/\/www.estrategiaconcursos.com.br\/blog\/concurso-policia-penal-ma\/\" target=\"_blank\" rel=\"noreferrer noopener\">Concurso Pol\u00edcia Penal MA<\/a><\/h3>\n\n\n\n<ul class=\"wp-block-list\">\n<li><strong>Status:<\/strong>&nbsp;comiss\u00e3o formada<\/li>\n\n\n\n<li><strong>Cargos:&nbsp;<\/strong>diversos<\/li>\n\n\n\n<li><strong>Forma\u00e7\u00e3o<\/strong>:&nbsp;m\u00e9dio, t\u00e9cnico e superior<\/li>\n\n\n\n<li><strong>Vagas:<\/strong>&nbsp;a definir<\/li>\n\n\n\n<li><strong>Sal\u00e1rio<\/strong>:&nbsp;R$ 1.717,77 a R$ 7.663,42<\/li>\n<\/ul>\n\n\n\n<h3 class=\"wp-block-heading\" id=\"concurso-sejusp-ms\"><a href=\"https:\/\/www.estrategiaconcursos.com.br\/blog\/concurso-case-go\/\" target=\"_blank\" rel=\"noreferrer noopener\">Concurso CASE GO<\/a><\/h3>\n\n\n\n<ul class=\"wp-block-list\">\n<li><strong>Status:<\/strong>&nbsp;comiss\u00e3o formada<\/li>\n\n\n\n<li><strong>Cargos:&nbsp;<\/strong>Analista de Pol\u00edticas de Assist\u00eancia Social e Agente Socioeducativo<\/li>\n\n\n\n<li><strong>Forma\u00e7\u00e3o<\/strong>:&nbsp;superior<\/li>\n\n\n\n<li><strong>Vagas:<\/strong>&nbsp;251<\/li>\n\n\n\n<li><strong>Sal\u00e1rio<\/strong>:&nbsp;<span style=\"font-size: revert; color: initial;\">R$ 3.715,55 a R$ 6.192,53<\/span><\/li>\n<\/ul>\n\n\n\n<h3 class=\"wp-block-heading\" id=\"concurso-sejusp-ms\"><a href=\"https:\/\/www.estrategiaconcursos.com.br\/blog\/concurso-funac-ma\/\" target=\"_blank\" rel=\"noreferrer noopener\">Concurso Funac MA<\/a><\/h3>\n\n\n\n<ul class=\"wp-block-list\">\n<li><strong>Status:<\/strong>&nbsp;comiss\u00e3o formada<\/li>\n\n\n\n<li><strong>Cargos:&nbsp;<\/strong>a definir<\/li>\n\n\n\n<li><strong>Forma\u00e7\u00e3o<\/strong>:&nbsp;a definir<\/li>\n\n\n\n<li><strong>Vagas:<\/strong>&nbsp;161<\/li>\n\n\n\n<li><strong>Sal\u00e1rio<\/strong>:&nbsp;a definir<\/li>\n<\/ul>\n\n\n\n<h3 class=\"wp-block-heading\" id=\"concurso-sejusp-ms\"><a href=\"https:\/\/www.estrategiaconcursos.com.br\/blog\/concurso-policia-penal-al\/\" target=\"_blank\" rel=\"noreferrer noopener\">Concurso Pol\u00edcia Penal AL<\/a><\/h3>\n\n\n\n<ul class=\"wp-block-list\">\n<li><strong>Status:<\/strong>&nbsp;solicitado<\/li>\n\n\n\n<li><strong>Cargos:&nbsp;<\/strong>Policial Penal<\/li>\n\n\n\n<li><strong>Forma\u00e7\u00e3o<\/strong>:&nbsp;superior<\/li>\n\n\n\n<li><strong>Vagas:<\/strong>&nbsp;350<\/li>\n\n\n\n<li><strong>Sal\u00e1rio<\/strong>:&nbsp;R$ 3.800,00 [\u00faltimo edital]<\/li>\n<\/ul>\n\n\n\n<h3 class=\"wp-block-heading\" id=\"concurso-sejusp-ms\"><a href=\"https:\/\/www.estrategiaconcursos.com.br\/blog\/concurso-agente-penitenciario-mg\/\" target=\"_blank\" rel=\"noreferrer noopener\">PSS Pol\u00edcia Penal MG<\/a><\/h3>\n\n\n\n<ul class=\"wp-block-list\">\n<li><strong>Status:<\/strong>&nbsp;banca definida (IBGP)<\/li>\n\n\n\n<li><strong>Cargos:&nbsp;<\/strong>Policial Penal<\/li>\n\n\n\n<li><strong>Forma\u00e7\u00e3o<\/strong>:&nbsp;m\u00e9dio<\/li>\n\n\n\n<li><strong>Vagas:<\/strong>&nbsp;686<\/li>\n\n\n\n<li><strong>Sal\u00e1rio<\/strong>:&nbsp;R$ 4.631,25 [\u00faltimo edital]<\/li>\n<\/ul>\n\n\n\n<h3 class=\"wp-block-heading\" id=\"concurso-sejusp-ms\"><a href=\"https:\/\/www.estrategiaconcursos.com.br\/blog\/concurso-sejus-ro\/\" target=\"_blank\" rel=\"noreferrer noopener\">Concurso SEJUS RO<\/a><\/h3>\n\n\n\n<ul class=\"wp-block-list\">\n<li><strong>Status<\/strong>: comiss\u00e3o formada<\/li>\n\n\n\n<li><strong>Cargos:<\/strong>&nbsp;a definir<\/li>\n\n\n\n<li><strong>Vagas:&nbsp;<\/strong>a definir<\/li>\n\n\n\n<li><strong>Forma\u00e7\u00e3o:<\/strong>&nbsp;a definir<\/li>\n\n\n\n<li><strong>Sal\u00e1rio:<\/strong>&nbsp;R$ 1.677,73 a R$ 3.573,64 [\u00faltimo edital]<\/li>\n<\/ul>\n\n\n\n<h3 class=\"wp-block-heading\" id=\"concurso-sejusp-ms\"><a href=\"https:\/\/www.estrategiaconcursos.com.br\/blog\/concurso-policia-penal-pb\/\" target=\"_blank\" rel=\"noreferrer noopener\">Concurso Pol\u00edcia Penal PB<\/a><\/h3>\n\n\n\n<ul class=\"wp-block-list\">\n<li><strong>Status<\/strong>: banca definida (IDECAN)<\/li>\n\n\n\n<li><strong>Cargos:<\/strong>&nbsp;Policial Penal<\/li>\n\n\n\n<li><strong>Vagas:&nbsp;<\/strong>1.000<\/li>\n\n\n\n<li><strong>Forma\u00e7\u00e3o:<\/strong>&nbsp;n\u00edvel superior<\/li>\n\n\n\n<li><strong>Sal\u00e1rio:<\/strong>&nbsp;R$ 4.844,14<\/li>\n<\/ul>\n\n\n\n<h3 class=\"wp-block-heading\" id=\"concurso-sejusp-ms\"><a href=\"https:\/\/www.estrategiaconcursos.com.br\/blog\/concurso-fundac-pb\/\" target=\"_blank\" rel=\"noreferrer noopener\">Concurso Fundac PB<\/a><\/h3>\n\n\n\n<ul class=\"wp-block-list\">\n<li><strong>Status:<\/strong>&nbsp;banca definida (IDECAN)<\/li>\n\n\n\n<li><strong>Cargos:&nbsp;<\/strong>Agente de Seguran\u00e7a Socioeducativo<\/li>\n\n\n\n<li><strong>Forma\u00e7\u00e3o<\/strong>:&nbsp;m\u00e9dio<\/li>\n\n\n\n<li><strong>Vagas:<\/strong>&nbsp;50 + 50 CR<\/li>\n\n\n\n<li><strong>Sal\u00e1rio<\/strong>:&nbsp;R$ 2.196,80 + 20% adicional noturno<\/li>\n<\/ul>\n\n\n\n<h3 class=\"wp-block-heading\" id=\"concurso-sejusp-ms\"><a href=\"https:\/\/www.estrategiaconcursos.com.br\/blog\/concurso-funap-sp\/\" target=\"_blank\" rel=\"noreferrer noopener\">Concurso Funap SP<\/a><\/h3>\n\n\n\n<ul class=\"wp-block-list\">\n<li><strong>Status:<\/strong>&nbsp;banca definida (Funda\u00e7\u00e3o Vunesp)<\/li>\n\n\n\n<li><strong>Cargos:&nbsp;<\/strong>T\u00e9cnico de Seguran\u00e7a do Trabalho e Advogado<\/li>\n\n\n\n<li><strong>Forma\u00e7\u00e3o<\/strong>:&nbsp;m\u00e9dio e superior<\/li>\n\n\n\n<li><strong>Vagas:<\/strong>&nbsp;10<\/li>\n\n\n\n<li><strong>Sal\u00e1rio<\/strong>:&nbsp;R$ 2.933,35<\/li>\n<\/ul>\n\n\n\n<h3 class=\"wp-block-heading\" id=\"concurso-sejusp-ms\"><a href=\"https:\/\/www.estrategiaconcursos.com.br\/blog\/concurso-sap-sc\/\" target=\"_blank\" rel=\"noreferrer noopener\">Concurso SAP SC<\/a> (efetivo)<\/h3>\n\n\n\n<ul class=\"wp-block-list\">\n<li><strong>Status:<\/strong>&nbsp;comiss\u00e3o formada<\/li>\n\n\n\n<li><strong>Cargos:&nbsp;<\/strong>Agente de Seguran\u00e7a Socioeducativo<\/li>\n\n\n\n<li><strong>Forma\u00e7\u00e3o<\/strong>:&nbsp;superior<\/li>\n\n\n\n<li><strong>Vagas:<\/strong>&nbsp;a definir<\/li>\n\n\n\n<li><strong>Sal\u00e1rio<\/strong>:&nbsp;R$ 5.245,34<\/li>\n<\/ul>\n\n\n\n<h3 class=\"wp-block-heading\" id=\"concurso-pm-rn-soldado\"><a href=\"https:\/\/www.estrategiaconcursos.com.br\/blog\/concurso-bombeiros-mg\/\" target=\"_blank\" rel=\"noreferrer noopener\">Bombeiros MG<\/a><\/h3>\n\n\n\n<ul class=\"wp-block-list\">\n<li><strong>Status:<\/strong>&nbsp;autorizado<\/li>\n\n\n\n<li><strong>Cargos:&nbsp;<\/strong>Oficial e Soldado<\/li>\n\n\n\n<li><strong>Forma\u00e7\u00e3o<\/strong>:&nbsp;superior<\/li>\n\n\n\n<li><strong>Vagas:<\/strong>&nbsp;342<\/li>\n\n\n\n<li><strong>Sal\u00e1rio<\/strong>:&nbsp;R$ 5.097,11 a R$ 11.037,15 [\u00faltimo edital]<\/li>\n<\/ul>\n\n\n\n<h3 class=\"wp-block-heading\" id=\"concurso-pm-rn-soldado\"><a href=\"https:\/\/www.estrategiaconcursos.com.br\/blog\/concurso-bombeiro-rj\/\" target=\"_blank\" rel=\"noreferrer noopener\">PSS Bombeiros RJ<\/a><\/h3>\n\n\n\n<ul class=\"wp-block-list\">\n<li><strong>Status:<\/strong>&nbsp;banca definida (Instituto AOCP)<\/li>\n\n\n\n<li><strong>Cargos:&nbsp;<\/strong>SMTV<\/li>\n\n\n\n<li><strong>Forma\u00e7\u00e3o<\/strong>:&nbsp;m\u00e9dio<\/li>\n\n\n\n<li><strong>Vagas:<\/strong>&nbsp;1.500<\/li>\n\n\n\n<li><strong>Sal\u00e1rio<\/strong>:&nbsp;R$ 3.452,55 a R$ 7.940,78 [\u00faltimo edital]<\/li>\n<\/ul>\n\n\n\n<h3 class=\"wp-block-heading\" id=\"concurso-pm-rn-soldado\"><a href=\"https:\/\/www.estrategiaconcursos.com.br\/blog\/concurso-bombeiro-ma\/\" target=\"_blank\" rel=\"noreferrer noopener\">Concurso Bombeiros MA<\/a><\/h3>\n\n\n\n<ul class=\"wp-block-list\">\n<li><strong>Status:<\/strong>&nbsp;comiss\u00e3o formada<\/li>\n\n\n\n<li><strong>Cargos:&nbsp;<\/strong>Soldado<\/li>\n\n\n\n<li><strong>Forma\u00e7\u00e3o<\/strong>:&nbsp;m\u00e9dio<\/li>\n\n\n\n<li><strong>Vagas:<\/strong>&nbsp;500<\/li>\n\n\n\n<li><strong>Sal\u00e1rio<\/strong>:&nbsp;R$ 5.252,34<\/li>\n<\/ul>\n\n\n\n<h3 class=\"wp-block-heading\" id=\"concurso-pm-rn-soldado\"><a href=\"https:\/\/www.estrategiaconcursos.com.br\/blog\/concurso-bombeiro-al\/\" target=\"_blank\" rel=\"noreferrer noopener\">Concurso Bombeiros AL<\/a><\/h3>\n\n\n\n<ul class=\"wp-block-list\">\n<li><strong>Status:<\/strong>&nbsp;comiss\u00e3o formada<\/li>\n\n\n\n<li><strong>Cargos:&nbsp;<\/strong>Soldado e Oficial<\/li>\n\n\n\n<li><strong>Forma\u00e7\u00e3o<\/strong>:&nbsp;m\u00e9dio<\/li>\n\n\n\n<li><strong>Vagas:<\/strong>&nbsp;172 + 172 CR<\/li>\n\n\n\n<li><strong>Sal\u00e1rio<\/strong>:&nbsp;R$ 1.649.35 e R$ 2.713.89<\/li>\n<\/ul>\n\n\n\n<h3 class=\"wp-block-heading\" id=\"concurso-pm-to-1\"><a href=\"https:\/\/www.estrategiaconcursos.com.br\/blog\/concurso-bombeiros-sc\/\" target=\"_blank\" rel=\"noreferrer noopener\">Concurso Bombeiro SC<\/a><\/h3>\n\n\n\n<ul class=\"wp-block-list\">\n<li><strong>Status:<\/strong>&nbsp;banca definida (IDIB)<\/li>\n\n\n\n<li><strong>Cargos:&nbsp;<\/strong>Soldado e Oficial<\/li>\n\n\n\n<li><strong>Forma\u00e7\u00e3o<\/strong>:&nbsp;n\u00edvel superior<\/li>\n\n\n\n<li><strong>Vagas:<\/strong>&nbsp;110<\/li>\n\n\n\n<li><strong>Sal\u00e1rio<\/strong>:&nbsp;R$ 6.500,00 e R$ 18.589,00 (ap\u00f3s forma\u00e7\u00e3o)<\/li>\n<\/ul>\n\n\n\n<h3 class=\"wp-block-heading\" id=\"concurso-pm-to-1\"><a href=\"https:\/\/www.estrategiaconcursos.com.br\/blog\/concurso-bombeiro-pe\/\" target=\"_blank\" rel=\"noreferrer noopener\">Concurso Bombeiro PE<\/a><\/h3>\n\n\n\n<ul class=\"wp-block-list\">\n<li><strong>Status:<\/strong>&nbsp;banca em contrata\u00e7\u00e3o<\/li>\n\n\n\n<li><strong>Cargos:&nbsp;<\/strong>a definir<\/li>\n\n\n\n<li><strong>Forma\u00e7\u00e3o<\/strong>:&nbsp;a definir<\/li>\n\n\n\n<li><strong>Vagas:<\/strong>&nbsp;a definir<\/li>\n\n\n\n<li><strong>Sal\u00e1rio<\/strong>: R$ 4.763,73 a R$ 11.914,84 (ap\u00f3s forma\u00e7\u00e3o)<\/li>\n<\/ul>\n\n\n\n<h3 class=\"wp-block-heading\" id=\"concurso-pm-to-1\"><a href=\"https:\/\/www.estrategiaconcursos.com.br\/blog\/concurso-bombeiros-pi\/\" target=\"_blank\" rel=\"noreferrer noopener\">Concurso Bombeiro PI<\/a><\/h3>\n\n\n\n<ul class=\"wp-block-list\">\n<li><strong>Status:<\/strong>&nbsp;comiss\u00e3o formada<\/li>\n\n\n\n<li><strong>Cargos:&nbsp;<\/strong>Oficial<\/li>\n\n\n\n<li><strong>Forma\u00e7\u00e3o<\/strong>:&nbsp;n\u00edvel superior<\/li>\n\n\n\n<li><strong>Vagas:<\/strong>&nbsp;40 previstas<\/li>\n\n\n\n<li><strong>Sal\u00e1rio<\/strong>:&nbsp;R$ 6.552,45<\/li>\n<\/ul>\n\n\n\n<h3 class=\"wp-block-heading\" id=\"concurso-pm-rn-soldado\"><a href=\"https:\/\/www.estrategiaconcursos.com.br\/blog\/concurso-bombeiros-es\/\" target=\"_blank\" rel=\"noreferrer noopener\">Concurso Bombeiros ES<\/a><\/h3>\n\n\n\n<ul class=\"wp-block-list\">\n<li><strong>Status:<\/strong>&nbsp;banca definida (Idecan)<\/li>\n\n\n\n<li><strong>Cargos:&nbsp;<\/strong>Oficial Combatente<\/li>\n\n\n\n<li><strong>Forma\u00e7\u00e3o<\/strong>: n\u00edvel m\u00e9dio<\/li>\n\n\n\n<li><strong>Vagas:<\/strong>&nbsp;06<\/li>\n\n\n\n<li><strong>Sal\u00e1rio<\/strong>:&nbsp;R$ 11.974.03 (2\u00ba Tenente)<\/li>\n<\/ul>\n\n\n\n<h3 class=\"wp-block-heading\" id=\"concurso-pm-rn-soldado\"><a href=\"https:\/\/www.estrategiaconcursos.com.br\/blog\/concurso-bombeiro-mt\/\" target=\"_blank\" rel=\"noreferrer noopener\">Concurso Bombeiros MT<\/a><\/h3>\n\n\n\n<ul class=\"wp-block-list\">\n<li><strong>Status:<\/strong>&nbsp;previsto<\/li>\n\n\n\n<li><strong>Cargos:&nbsp;<\/strong>a definir<\/li>\n\n\n\n<li><strong>Forma\u00e7\u00e3o<\/strong>: superior<\/li>\n\n\n\n<li><strong>Vagas:<\/strong>&nbsp;a definir<\/li>\n\n\n\n<li><strong>Sal\u00e1rio<\/strong>:&nbsp;R$ 5.174,59 a R$ 12.936,44 [\u00faltimo edital]<\/li>\n<\/ul>\n\n\n\n<h3 class=\"wp-block-heading\" id=\"concurso-guarda-de-serra\"><a href=\"https:\/\/www.estrategiaconcursos.com.br\/blog\/concurso-guarda-sao-roque\/\" target=\"_blank\" rel=\"noreferrer noopener\">Concurso Guarda de S\u00e3o Roque SP<\/a><\/h3>\n\n\n\n<ul class=\"wp-block-list\">\n<li><strong>Status:<\/strong>&nbsp;banca definida (ABCP)<\/li>\n\n\n\n<li><strong>Cargo:&nbsp;<\/strong>Guarda Municipal<\/li>\n\n\n\n<li><strong>Forma\u00e7\u00e3o<\/strong>:&nbsp;n\u00edvel m\u00e9dio<\/li>\n\n\n\n<li><strong>Vagas:<\/strong>&nbsp;a definir<\/li>\n\n\n\n<li><strong>Sal\u00e1rio<\/strong>:&nbsp;R$ 1.805,06 + RETG [\u00faltimo edital]<\/li>\n<\/ul>\n\n\n\n<h3 class=\"wp-block-heading\" id=\"concurso-guarda-de-serra\"><a href=\"https:\/\/www.estrategiaconcursos.com.br\/blog\/concurso-gcm-carlos-barbosa-rs\/\" target=\"_blank\" rel=\"noreferrer noopener\">Concurso GCM Carlos Barbosa RS<\/a><\/h3>\n\n\n\n<ul class=\"wp-block-list\">\n<li><strong>Status:<\/strong>&nbsp;banca definida (Fundatec)<\/li>\n\n\n\n<li><strong>Cargo:&nbsp;<\/strong>Guarda Municipal<\/li>\n\n\n\n<li><strong>Forma\u00e7\u00e3o<\/strong>:&nbsp;n\u00edvel superior<\/li>\n\n\n\n<li><strong>Vagas:<\/strong>&nbsp;a definir<\/li>\n\n\n\n<li><strong>Sal\u00e1rio<\/strong>:&nbsp;R$ 2.728,52 [\u00faltimo edital]<\/li>\n<\/ul>\n\n\n\n<h3 class=\"wp-block-heading\" id=\"concurso-guarda-de-serra\"><a href=\"https:\/\/www.estrategiaconcursos.com.br\/blog\/concurso-guarda-de-aracaju-se\/\" target=\"_blank\" rel=\"noreferrer noopener\">Concurso Guarda de Aracaju SE<\/a><\/h3>\n\n\n\n<ul class=\"wp-block-list\">\n<li><strong>Status:<\/strong>&nbsp;anunciado<\/li>\n\n\n\n<li><strong>Cargo:&nbsp;<\/strong>Guarda Civil Municipal<\/li>\n\n\n\n<li><strong>Forma\u00e7\u00e3o<\/strong>:&nbsp;n\u00edvel m\u00e9dio<\/li>\n\n\n\n<li><strong>Vagas:<\/strong>&nbsp;a definir<\/li>\n\n\n\n<li><strong>Sal\u00e1rio<\/strong>:&nbsp;R$ 2.080,00<\/li>\n<\/ul>\n\n\n\n<h3 class=\"wp-block-heading\" id=\"concurso-guarda-de-serra\"><a href=\"https:\/\/www.estrategiaconcursos.com.br\/blog\/concurso-guarda-de-fortaleza\/\" target=\"_blank\" rel=\"noreferrer noopener\">Concurso Guarda de Fortaleza CE<\/a><\/h3>\n\n\n\n<ul class=\"wp-block-list\">\n<li><strong>Status:<\/strong>&nbsp;comiss\u00e3o formada<\/li>\n\n\n\n<li><strong>Cargo:&nbsp;<\/strong>Guarda Municipal<\/li>\n\n\n\n<li><strong>Forma\u00e7\u00e3o<\/strong>:&nbsp;n\u00edvel m\u00e9dio<\/li>\n\n\n\n<li><strong>Vagas:<\/strong>&nbsp;a definir<\/li>\n\n\n\n<li><strong>Sal\u00e1rio<\/strong>:&nbsp;R$ 3.152,78 + benef\u00edcios [\u00faltimo edital]<\/li>\n<\/ul>\n\n\n\n<h3 class=\"wp-block-heading\" id=\"concurso-guarda-de-serra\"><a href=\"https:\/\/www.estrategiaconcursos.com.br\/blog\/concurso-guarda-de-saquarema\/\" target=\"_blank\" rel=\"noreferrer noopener\">Concurso Guarda de Saquarema RJ<\/a><\/h3>\n\n\n\n<ul class=\"wp-block-list\">\n<li><strong>Status:<\/strong>&nbsp;banca definida (IBAM)<\/li>\n\n\n\n<li><strong>Cargo:&nbsp;<\/strong>Guarda Civil Municipal<\/li>\n\n\n\n<li><strong>Forma\u00e7\u00e3o<\/strong>:&nbsp;n\u00edvel m\u00e9dio<\/li>\n\n\n\n<li><strong>Vagas:<\/strong>&nbsp;100<\/li>\n\n\n\n<li><strong>Sal\u00e1rio<\/strong>:&nbsp;R$ 1.068,59 [\u00faltimo edital]<\/li>\n<\/ul>\n\n\n\n<h3 class=\"wp-block-heading\" id=\"concurso-guarda-de-serra\"><a href=\"https:\/\/www.estrategiaconcursos.com.br\/blog\/concurso-guarda-de-marica-rj\/\" target=\"_blank\" rel=\"noreferrer noopener\">Concurso Guarda de Maric\u00e1 RJ<\/a><\/h3>\n\n\n\n<ul class=\"wp-block-list\">\n<li><strong>Status:<\/strong>&nbsp;previsto<\/li>\n\n\n\n<li><strong>Cargo:&nbsp;<\/strong>Guarda Civil Municipal<\/li>\n\n\n\n<li><strong>Forma\u00e7\u00e3o<\/strong>:&nbsp;n\u00edvel m\u00e9dio<\/li>\n\n\n\n<li><strong>Vagas:<\/strong>&nbsp;a definir<\/li>\n\n\n\n<li><strong>Sal\u00e1rio<\/strong>:&nbsp;a definir<\/li>\n<\/ul>\n\n\n\n<h3 class=\"wp-block-heading\" id=\"concurso-guarda-de-serra\"><a href=\"https:\/\/www.estrategiaconcursos.com.br\/blog\/concurso-guarda-lajeado-rs\/\" target=\"_blank\" rel=\"noreferrer noopener\">Concurso Guarda de Lajeado (RS)<\/a><\/h3>\n\n\n\n<ul class=\"wp-block-list\">\n<li><strong>Status:<\/strong>&nbsp;previsto<\/li>\n\n\n\n<li><strong>Cargo:&nbsp;<\/strong>Guarda Civil Municipal<\/li>\n\n\n\n<li><strong>Forma\u00e7\u00e3o<\/strong>:&nbsp;n\u00edvel m\u00e9dio<\/li>\n\n\n\n<li><strong>Vagas:<\/strong>&nbsp;13<\/li>\n\n\n\n<li><strong>Sal\u00e1rio<\/strong>:&nbsp;R$ 3.630,10<\/li>\n<\/ul>\n\n\n\n<h3 class=\"wp-block-heading\" id=\"concurso-guarda-de-serra\"><a href=\"https:\/\/www.estrategiaconcursos.com.br\/blog\/concurso-guarda-luziania-go\/\" target=\"_blank\" rel=\"noreferrer noopener\">Concurso Guarda de Luzi\u00e2nia (GO)<\/a><\/h3>\n\n\n\n<ul class=\"wp-block-list\">\n<li><strong>Status:<\/strong>&nbsp;previsto<\/li>\n\n\n\n<li><strong>Cargo:&nbsp;<\/strong>Guarda Civil Municipal<\/li>\n\n\n\n<li><strong>Forma\u00e7\u00e3o<\/strong>:&nbsp;n\u00edvel m\u00e9dio<\/li>\n\n\n\n<li><strong>Vagas:<\/strong>&nbsp;a definir<\/li>\n\n\n\n<li><strong>Sal\u00e1rio<\/strong>:&nbsp;a definir<\/li>\n<\/ul>\n\n\n\n<h3 class=\"wp-block-heading\" id=\"concurso-guarda-de-serra\"><a href=\"https:\/\/www.estrategiaconcursos.com.br\/blog\/concurso-guarda-de-salvador\/\">Concurso Guarda de Salvador (BA)<\/a><\/h3>\n\n\n\n<ul class=\"wp-block-list\">\n<li><strong>Status:<\/strong>&nbsp;anunciado<\/li>\n\n\n\n<li><strong>Cargo:&nbsp;<\/strong>Guarda Civil Municipal<\/li>\n\n\n\n<li><strong>Forma\u00e7\u00e3o<\/strong>:&nbsp;n\u00edvel m\u00e9dio<\/li>\n\n\n\n<li><strong>Vagas:<\/strong>&nbsp;a definir<\/li>\n\n\n\n<li><strong>Sal\u00e1rio<\/strong>:&nbsp;R$ 2.430,00 (\u00faltimo edital)<\/li>\n<\/ul>\n\n\n\n<h3 class=\"wp-block-heading\" id=\"concurso-guarda-de-serra\"><a href=\"https:\/\/www.estrategiaconcursos.com.br\/blog\/concurso-guarda-de-porto-velho\/\" target=\"_blank\" rel=\"noreferrer noopener\">Concurso Guarda de Porto Velho<\/a> (RO)<\/h3>\n\n\n\n<ul class=\"wp-block-list\">\n<li><strong>Status:<\/strong>&nbsp;comiss\u00e3o formada \/ banca em defini\u00e7\u00e3o<\/li>\n\n\n\n<li><strong>Cargo:&nbsp;<\/strong>Guarda Municipal<\/li>\n\n\n\n<li><strong>Forma\u00e7\u00e3o<\/strong>:&nbsp;superior<\/li>\n\n\n\n<li><strong>Vagas:<\/strong>&nbsp;a definir<\/li>\n\n\n\n<li><strong>Sal\u00e1rio<\/strong>:&nbsp;R$ 4.000,00 + adicionais<\/li>\n<\/ul>\n\n\n\n<h3 class=\"wp-block-heading\" id=\"concurso-guarda-de-serra\"><a href=\"https:\/\/www.estrategiaconcursos.com.br\/blog\/concurso-guarda-de-campinas\/\" target=\"_blank\" rel=\"noreferrer noopener\">Concurso Guarda de Campinas<\/a> (SP)<\/h3>\n\n\n\n<ul class=\"wp-block-list\">\n<li><strong>Status:<\/strong>&nbsp;banca definida (Funda\u00e7\u00e3o Vunesp)<\/li>\n\n\n\n<li><strong>Cargo:&nbsp;<\/strong>Guarda Municipal<\/li>\n\n\n\n<li><strong>Forma\u00e7\u00e3o<\/strong>:&nbsp;m\u00e9dio<\/li>\n\n\n\n<li><strong>Vagas:<\/strong>&nbsp;a definir<\/li>\n\n\n\n<li><strong>Sal\u00e1rio<\/strong>:&nbsp;&nbsp;R$ 3.431,07<\/li>\n<\/ul>\n\n\n\n<h3 class=\"wp-block-heading\" id=\"concurso-guarda-de-serra\"><a href=\"https:\/\/www.estrategiaconcursos.com.br\/blog\/concurso-guarda-de-recife\/\" target=\"_blank\" rel=\"noreferrer noopener\">Concurso Guarda de Recife<\/a> (PE)<\/h3>\n\n\n\n<ul class=\"wp-block-list\">\n<li><strong>Status:<\/strong>&nbsp;anunciado<\/li>\n\n\n\n<li><strong>Cargo:&nbsp;<\/strong>Guarda Municipal<\/li>\n\n\n\n<li><strong>Forma\u00e7\u00e3o<\/strong>:&nbsp;m\u00e9dio<\/li>\n\n\n\n<li><strong>Vagas:<\/strong>&nbsp;a definir<\/li>\n\n\n\n<li><strong>Sal\u00e1rio<\/strong>:&nbsp;R$ 1.932,67 [\u00faltimo edital]<\/li>\n<\/ul>\n\n\n\n<h3 class=\"wp-block-heading\" id=\"concurso-guarda-de-serra\"><a href=\"https:\/\/www.estrategiaconcursos.com.br\/blog\/concurso-gcm-sp\/\" target=\"_blank\" rel=\"noreferrer noopener\">Concurso GCM SP<\/a><\/h3>\n\n\n\n<ul class=\"wp-block-list\">\n<li><strong>Status:<\/strong>&nbsp;banca definida (Vunesp)<\/li>\n\n\n\n<li><strong>Cargo:&nbsp;<\/strong>Guarda Civil Municipal<\/li>\n\n\n\n<li><strong><\/strong><strong><\/strong><strong><\/strong><strong><\/strong><strong><\/strong><strong><\/strong><strong><\/strong><strong><\/strong><strong><\/strong><strong><\/strong><strong>Forma\u00e7\u00e3o<\/strong>:&nbsp;N\u00edvel m\u00e9dio<\/li>\n\n\n\n<li><strong>Vagas:<\/strong>&nbsp;2.000<\/li>\n\n\n\n<li><strong>Sal\u00e1rio<\/strong>:&nbsp;R$ 4.127,52<\/li>\n<\/ul>\n\n\n\n<h3 class=\"wp-block-heading\" id=\"concurso-guarda-de-serra\"><a href=\"https:\/\/www.estrategiaconcursos.com.br\/blog\/concurso-guarda-de-natal-rn\/\" target=\"_blank\" rel=\"noreferrer noopener\">Concurso GCM Natal<\/a> (RN)<\/h3>\n\n\n\n<ul class=\"wp-block-list\">\n<li><strong>Status:<\/strong>&nbsp;anunciado<\/li>\n\n\n\n<li><strong>Cargo:&nbsp;<\/strong>Guarda Municipal<\/li>\n\n\n\n<li><strong><\/strong><strong><\/strong><strong><\/strong><strong><\/strong><strong><\/strong><strong><\/strong><strong><\/strong><strong><\/strong><strong><\/strong><strong><\/strong><strong>Forma\u00e7\u00e3o<\/strong>:&nbsp;N\u00edvel m\u00e9dio<\/li>\n\n\n\n<li><strong>Vagas:<\/strong>&nbsp;a definir<\/li>\n\n\n\n<li><strong>Sal\u00e1rio<\/strong>:&nbsp;1.700,00<\/li>\n<\/ul>\n\n\n\n<h3 class=\"wp-block-heading\" id=\"concurso-guarda-de-serra\"><a href=\"https:\/\/www.estrategiaconcursos.com.br\/blog\/concurso-guarda-campina-grande\/\" target=\"_blank\" rel=\"noreferrer noopener\">Concurso Guarda de Campina Grande<\/a> (PB)<\/h3>\n\n\n\n<ul class=\"wp-block-list\">\n<li><strong>Status:<\/strong>&nbsp;banca definida (Idecan)<\/li>\n\n\n\n<li><strong>Cargo:&nbsp;<\/strong>Guarda Municipal<\/li>\n\n\n\n<li><strong><\/strong><strong><\/strong><strong><\/strong><strong><\/strong><strong><\/strong><strong><\/strong><strong><\/strong><strong><\/strong><strong><\/strong><strong><\/strong><strong>Forma\u00e7\u00e3o<\/strong>:&nbsp;N\u00edvel m\u00e9dio<\/li>\n\n\n\n<li><strong>Vagas:<\/strong>&nbsp;a definir<\/li>\n\n\n\n<li><strong>Sal\u00e1rio<\/strong>:&nbsp;&nbsp;R$ 2.200,00<\/li>\n<\/ul>\n\n\n\n<h3 class=\"wp-block-heading\"><a href=\"https:\/\/www.estrategiaconcursos.com.br\/blog\/concurso-guarda-de-maceio\/\" target=\"_blank\" rel=\"noreferrer noopener\">Concurso Guarda de Macei\u00f3<\/a> (AL)<\/h3>\n\n\n\n<ul class=\"wp-block-list\">\n<li><strong>Status: <\/strong>comiss\u00e3o formada<\/li>\n\n\n\n<li><strong style=\"color: initial;\">Cargo:<\/strong><span style=\"color: initial;\">&nbsp;Guarda Municipal<\/span><\/li>\n\n\n\n<li><strong>Escolaridade<\/strong>: N\u00edvel m\u00e9dio<\/li>\n\n\n\n<li><strong>Vagas<\/strong>:&nbsp;50<\/li>\n\n\n\n<li><strong>Remunera\u00e7\u00e3o<\/strong>:&nbsp;R$ 3.500,00<\/li>\n<\/ul>\n\n\n\n<h3 class=\"wp-block-heading\" id=\"concurso-guarda-de-serra\"><a href=\"https:\/\/www.estrategiaconcursos.com.br\/blog\/concurso-guarda-de-florianopolis\/\" target=\"_blank\" rel=\"noreferrer noopener\">Concurso Guarda de Florian\u00f3polis<\/a> (SC)<\/h3>\n\n\n\n<ul class=\"wp-block-list\">\n<li><strong>Status:<\/strong>&nbsp;banca definida (FURB)<\/li>\n\n\n\n<li><strong>Cargo:&nbsp;<\/strong>Guarda Municipal<\/li>\n\n\n\n<li><strong>Forma\u00e7\u00e3o<\/strong>:&nbsp;N\u00edvel superior<\/li>\n\n\n\n<li><strong>Vagas:<\/strong>&nbsp;25 + 100 CR<\/li>\n\n\n\n<li><strong>Sal\u00e1rio<\/strong>:&nbsp;R$ 3.700,00<\/li>\n<\/ul>\n\n\n\n<h3 class=\"wp-block-heading\" id=\"concurso-guarda-de-serra\"><a href=\"https:\/\/www.estrategiaconcursos.com.br\/blog\/concurso-gcm-petropolis\/\" target=\"_blank\" rel=\"noreferrer noopener\">Concurso GCM Petr\u00f3polis<\/a> (RJ)<\/h3>\n\n\n\n<ul class=\"wp-block-list\">\n<li><strong>Status:<\/strong>&nbsp;anunciado<\/li>\n\n\n\n<li><strong>Cargo:&nbsp;<\/strong>Guarda Municipal<\/li>\n\n\n\n<li><strong>Forma\u00e7\u00e3o<\/strong>:&nbsp;a definir<\/li>\n\n\n\n<li><strong>Vagas:<\/strong>&nbsp;110<\/li>\n\n\n\n<li><strong>Sal\u00e1rio<\/strong>:&nbsp;a definir<\/li>\n<\/ul>\n\n\n\n<h3 class=\"wp-block-heading\" id=\"concurso-guarda-de-serra\"><a href=\"https:\/\/www.estrategiaconcursos.com.br\/blog\/concurso-guarda-de-belem\/\" target=\"_blank\" rel=\"noreferrer noopener\">Concurso Guarda de Bel\u00e9m<\/a> (PA)<\/h3>\n\n\n\n<ul class=\"wp-block-list\">\n<li><strong>Status:<\/strong>&nbsp;anunciado<\/li>\n\n\n\n<li><strong>Cargo:&nbsp;<\/strong>Guarda Municipal<\/li>\n\n\n\n<li><strong>Forma\u00e7\u00e3o<\/strong>:&nbsp;m\u00e9dio<\/li>\n\n\n\n<li><strong>Vagas:<\/strong>&nbsp;400<\/li>\n\n\n\n<li><strong>Sal\u00e1rio<\/strong>:&nbsp;R$ 2.583,80 (\u00faltimo edital)<\/li>\n<\/ul>\n\n\n\n<h3 class=\"wp-block-heading\" id=\"concurso-guarda-de-serra\"><a href=\"https:\/\/www.estrategiaconcursos.com.br\/blog\/concurso-guarda-de-montes-claros\/\" target=\"_blank\" rel=\"noreferrer noopener\">Concurso Guarda de Montes Claros<\/a> (MG)<\/h3>\n\n\n\n<ul class=\"wp-block-list\">\n<li><strong>Status:<\/strong>&nbsp;anunciado<\/li>\n\n\n\n<li><strong>Cargo:&nbsp;<\/strong>Guarda Municipal<\/li>\n\n\n\n<li><strong>Forma\u00e7\u00e3o<\/strong>:&nbsp;m\u00e9dio<\/li>\n\n\n\n<li><strong>Vagas:<\/strong>&nbsp;60<\/li>\n\n\n\n<li><strong>Sal\u00e1rio<\/strong>:&nbsp;R$ 902,36 a R$ 2.165,87 [\u00faltimo edital]<\/li>\n<\/ul>\n\n\n\n<h3 class=\"wp-block-heading\" id=\"h-concurso-guarda-de-uberaba-sp\"><a href=\"https:\/\/www.estrategiaconcursos.com.br\/blog\/concurso-guarda-municipal-uberaba\/\" target=\"_blank\" rel=\"noreferrer noopener\">Concurso Guarda de Uberaba<\/a> (SP)<\/h3>\n\n\n\n<ul class=\"wp-block-list\">\n<li><strong>Status:<\/strong>&nbsp;Anunciado<\/li>\n\n\n\n<li><strong>Cargo:&nbsp;<\/strong>Guarda Civil Municipal<\/li>\n\n\n\n<li><strong><\/strong><strong><\/strong><strong><\/strong><strong><\/strong><strong><\/strong><strong><\/strong><strong><\/strong><strong><\/strong><strong><\/strong><strong><\/strong><strong><\/strong><strong><\/strong><strong>Forma\u00e7\u00e3o<\/strong>:&nbsp;N\u00edvel m\u00e9dio<\/li>\n\n\n\n<li><strong>Vagas:<\/strong>&nbsp;100<\/li>\n\n\n\n<li><strong>Sal\u00e1rio<\/strong>: R$ 5.221,00 + benef\u00edcios<\/li>\n<\/ul>\n\n\n\n<h3 class=\"wp-block-heading\" id=\"concurso-guarda-de-serra\"><a href=\"https:\/\/www.estrategiaconcursos.com.br\/blog\/concurso-guarda-de-goiania\/\" target=\"_blank\" rel=\"noreferrer noopener\">Concurso Guarda de Goi\u00e2nia<\/a> (GO)<\/h3>\n\n\n\n<ul class=\"wp-block-list\">\n<li><strong>Status:<\/strong>&nbsp;comiss\u00e3o formada<\/li>\n\n\n\n<li><strong>Cargo:&nbsp;<\/strong>Guarda Municipal<\/li>\n\n\n\n<li><strong>Forma\u00e7\u00e3o<\/strong>:&nbsp;N\u00edvel superior<\/li>\n\n\n\n<li><strong>Vagas:<\/strong>&nbsp;<span style=\"background-color: initial; color: initial;\">100 + 900 CR<\/span><\/li>\n\n\n\n<li><strong>Sal\u00e1rio<\/strong>:&nbsp;R$ 3.700,00<\/li>\n<\/ul>\n\n\n\n<h3 class=\"wp-block-heading\" id=\"concurso-pf-administrativo\"><a href=\"https:\/\/www.estrategiaconcursos.com.br\/blog\/concurso-policia-penal-to\/\" target=\"_blank\" rel=\"noreferrer noopener\">Concurso Pol\u00edcia Penal TO<\/a><\/h3>\n\n\n\n<ul class=\"wp-block-list\">\n<li><strong>Status:<\/strong>&nbsp;comiss\u00e3o formada<\/li>\n\n\n\n<li><strong>Cargos:&nbsp;<\/strong>Policial Penal<\/li>\n\n\n\n<li><strong>Forma\u00e7\u00e3o<\/strong>:&nbsp;N\u00edvel m\u00e9dio<\/li>\n\n\n\n<li><strong>Vagas:<\/strong>&nbsp;a definir<\/li>\n\n\n\n<li><strong>Sal\u00e1rio<\/strong>:&nbsp;R$ 4.550,00<\/li>\n<\/ul>\n\n\n\n<h3 class=\"wp-block-heading\" id=\"h-concurso-secrianca-df\"><a href=\"https:\/\/www.estrategiaconcursos.com.br\/blog\/concurso-secrianca-df\/\" target=\"_blank\" rel=\"noreferrer noopener\">Concurso Secrian\u00e7a DF<\/a><\/h3>\n\n\n\n<ul class=\"wp-block-list\">\n<li><strong>Status<\/strong>: previsto<\/li>\n\n\n\n<li><strong>Cargo: <\/strong>Especialista, Atendente de Reintegra\u00e7\u00e3o e T\u00e9cnico Socioeducativo<\/li>\n\n\n\n<li><strong>Forma\u00e7\u00e3o:<\/strong> m\u00e9dio e superior<\/li>\n\n\n\n<li><strong>Vagas:<\/strong> a definir<\/li>\n\n\n\n<li><strong>Sal\u00e1rio:<\/strong> R$ 3.123,60 a R$ 7.679,36<\/li>\n<\/ul>\n\n\n\n<h2 class=\"wp-block-heading has-very-light-gray-to-cyan-bluish-gray-gradient-background has-background\" id=\"fiscal\">Concursos 2025: \u00e1rea Fiscal<\/h2>\n\n\n\n<h3 class=\"wp-block-heading\" id=\"h-concurso-sefaz-al\"><a href=\"https:\/\/www.estrategiaconcursos.com.br\/blog\/concurso-sefaz-al\/\" target=\"_blank\" rel=\"noreferrer noopener\">Concurso Sefaz AL<\/a><\/h3>\n\n\n\n<ul class=\"wp-block-list\">\n<li><strong>Status:<\/strong>&nbsp;anunciado<\/li>\n\n\n\n<li><strong>Cargos:<\/strong>&nbsp;Auditor Fiscal <\/li>\n\n\n\n<li><strong>Vagas:<\/strong> 81<\/li>\n\n\n\n<li><strong>Forma\u00e7\u00e3o:&nbsp;<\/strong>n\u00edvel superior<\/li>\n\n\n\n<li><strong>Sal\u00e1rio:<\/strong> &nbsp;R$ 8.638,75 e R$ 9.899,81<em>&nbsp;(\u00faltimo edital)<\/em><\/li>\n<\/ul>\n\n\n\n<h3 class=\"wp-block-heading\" id=\"h-concurso-sefin-ro\"><a href=\"https:\/\/www.estrategiaconcursos.com.br\/blog\/concurso-sefin-ro\/\" target=\"_blank\" rel=\"noreferrer noopener\">Concurso Sefin RO<\/a><\/h3>\n\n\n\n<ul class=\"wp-block-list\">\n<li><strong>Status:<\/strong>&nbsp;Previsto <\/li>\n\n\n\n<li><strong>Cargos:<\/strong>&nbsp;Auditor Fiscal <\/li>\n\n\n\n<li><strong>Vagas:<\/strong> a definir<\/li>\n\n\n\n<li><strong>Forma\u00e7\u00e3o:&nbsp;<\/strong>n\u00edvel superior<\/li>\n\n\n\n<li><strong>Sal\u00e1rio:<\/strong> R$ 26.100,21 <em>(Transpar\u00eancia)<\/em><\/li>\n<\/ul>\n\n\n\n<h3 class=\"wp-block-heading\" id=\"h-concurso-iss-belem-pa\"><a href=\"https:\/\/www.estrategiaconcursos.com.br\/blog\/concurso-iss-belem\/\" target=\"_blank\" rel=\"noreferrer noopener\">Concurso ISS Bel\u00e9m<\/a> (PA)<\/h3>\n\n\n\n<ul class=\"wp-block-list\">\n<li><strong>Status<\/strong>: autorizado<\/li>\n\n\n\n<li><strong>Cargos:<\/strong> Auditor Fiscal da Receita Municipal<\/li>\n\n\n\n<li><strong>Vagas:<\/strong> 20 + 40 CR<\/li>\n\n\n\n<li><strong>Forma\u00e7\u00e3o:<\/strong> n\u00edvel superior<\/li>\n\n\n\n<li><strong>Sal\u00e1rio:<\/strong> R$ 5.513,14<\/li>\n<\/ul>\n\n\n\n<h3 class=\"wp-block-heading\" id=\"h-concurso-iss-manaus-am\"><a href=\"https:\/\/www.estrategiaconcursos.com.br\/blog\/concurso-iss-manaus\/\" target=\"_blank\" rel=\"noreferrer noopener\">Concurso ISS Manaus<\/a> (AM)<\/h3>\n\n\n\n<ul class=\"wp-block-list\">\n<li><strong>Status:<\/strong>&nbsp;Comiss\u00e3o formada<\/li>\n\n\n\n<li><strong>Cargos:<\/strong> Auditor Fiscal <\/li>\n\n\n\n<li><strong>Vagas:<\/strong> 10 + 60 CR<\/li>\n\n\n\n<li><strong>Forma\u00e7\u00e3o:&nbsp;<\/strong>N\u00edvel superior<\/li>\n\n\n\n<li><strong>Sal\u00e1rio:<\/strong> R$ 24.817,05<\/li>\n<\/ul>\n\n\n\n<h3 class=\"wp-block-heading\" id=\"h-concurso-iss-niteroi-rj\"><a href=\"https:\/\/www.estrategiaconcursos.com.br\/blog\/concurso-iss-niteroi\/\" target=\"_blank\" rel=\"noreferrer noopener\">Concurso ISS Niter\u00f3i<\/a> (RJ)<\/h3>\n\n\n\n<ul class=\"wp-block-list\">\n<li><strong>Status:<\/strong>&nbsp;previsto para 2025<\/li>\n\n\n\n<li><strong>Cargo:<\/strong>&nbsp;Auditor Fiscal, Fiscal de Posturas e Agente Fazend\u00e1rio<\/li>\n\n\n\n<li><strong>Vagas:<\/strong> a definir<\/li>\n\n\n\n<li><strong>Forma\u00e7\u00e3o:&nbsp;<\/strong>N\u00edvel m\u00e9dio e superior<\/li>\n\n\n\n<li><strong>Sal\u00e1rio:<\/strong> at\u00e9 R$ 30.468,68<\/li>\n<\/ul>\n\n\n\n<h3 class=\"wp-block-heading\" id=\"h-concurso-iss-goiania-go\"><a href=\"https:\/\/www.estrategiaconcursos.com.br\/blog\/concurso-iss-goiania\/\" target=\"_blank\" rel=\"noreferrer noopener\">Concurso ISS Goi\u00e2nia<\/a> (GO)<\/h3>\n\n\n\n<ul class=\"wp-block-list\">\n<li><strong>Status:<\/strong>&nbsp;recomendado pelo MPGO<\/li>\n\n\n\n<li><strong>Cargo:<\/strong>&nbsp;Auditor Fiscal de Tributos<\/li>\n\n\n\n<li><strong>Vagas:<\/strong> 43 a 48 previstas<\/li>\n\n\n\n<li><strong>Forma\u00e7\u00e3o:&nbsp;<\/strong>N\u00edvel superior<\/li>\n\n\n\n<li><strong>Sal\u00e1rio:<\/strong> R$ 20.427,15<\/li>\n<\/ul>\n\n\n\n<h3 class=\"wp-block-heading\" id=\"h-concurso-iss-porto-velho-ro\"><a href=\"https:\/\/www.estrategiaconcursos.com.br\/blog\/concurso-iss-porto-velho\/\" target=\"_blank\" rel=\"noreferrer noopener\">Concurso ISS Porto Velho<\/a> (RO)<\/h3>\n\n\n\n<ul class=\"wp-block-list\">\n<li><strong>Status:<\/strong>&nbsp;comiss\u00e3o formada<\/li>\n\n\n\n<li><strong>Cargo:<\/strong>&nbsp;Auditor do Tesouro Municipal e Fiscal Municipal de Tributos<\/li>\n\n\n\n<li><strong>Vagas:<\/strong> a definir<\/li>\n\n\n\n<li><strong>Forma\u00e7\u00e3o:&nbsp;<\/strong>N\u00edveis m\u00e9dio e superior<\/li>\n\n\n\n<li><strong>Sal\u00e1rio:<\/strong> Auditor: R$ 32.301,27<em> <strong>|<\/strong> <\/em>Fiscal: R$ 21.430,54 <em>(Transpar\u00eancia)<\/em><\/li>\n<\/ul>\n\n\n\n<h3 class=\"wp-block-heading\"><a href=\"https:\/\/www.estrategiaconcursos.com.br\/blog\/concurso-sefaz-ba\/\" target=\"_blank\" rel=\"noreferrer noopener\">Concurso Sefaz BA<\/a><\/h3>\n\n\n\n<ul class=\"wp-block-list\">\n<li><strong>Status:<\/strong>&nbsp;anunciado<\/li>\n\n\n\n<li><strong>Cargos:<\/strong>&nbsp;Auditor Fiscal e Agente de Tributos<\/li>\n\n\n\n<li><strong><\/strong><strong><\/strong><strong><\/strong><strong><\/strong><strong><\/strong><strong><\/strong><strong><\/strong><strong><\/strong><strong><\/strong><strong><\/strong><strong><\/strong><strong><\/strong><strong><\/strong><strong><\/strong><strong><\/strong><strong><\/strong><strong><\/strong><strong><\/strong><strong><\/strong><strong><\/strong><strong>Forma\u00e7\u00e3o<\/strong>:&nbsp;N\u00edvel superior<\/li>\n\n\n\n<li><strong>Vagas:<\/strong>&nbsp;200<\/li>\n\n\n\n<li><strong>Sal\u00e1rio:<\/strong>&nbsp;R$ 24.102,21 a R$ 33.820,39 (bruto)<\/li>\n<\/ul>\n\n\n\n<h3 class=\"wp-block-heading has-medium-font-size\"><a href=\"https:\/\/www.estrategiaconcursos.com.br\/blog\/concurso-sefaz-df-auditor\/\" target=\"_blank\" rel=\"noreferrer noopener\">Concurso Sefaz DF<\/a><\/h3>\n\n\n\n<ul class=\"wp-block-list\">\n<li><strong>Status:<\/strong>&nbsp;banca definida (Cebraspe)<\/li>\n\n\n\n<li><strong style=\"color: initial;\">Cargos:<\/strong><span style=\"color: initial;\">&nbsp;Auditor Fisca<\/span>l<\/li>\n\n\n\n<li><strong>Forma\u00e7\u00e3o:&nbsp;<\/strong>N\u00edvel superior<\/li>\n\n\n\n<li><strong>Vagas:&nbsp;<\/strong>115 + 150 CR<\/li>\n\n\n\n<li><strong>Sal\u00e1rio:<\/strong>&nbsp;R$ 21.849,14<\/li>\n<\/ul>\n\n\n\n<h2 class=\"wp-block-heading has-very-light-gray-to-cyan-bluish-gray-gradient-background has-background\" id=\"controle\">Concursos 2025: \u00e1rea de Controle<\/h2>\n\n\n\n<h3 class=\"wp-block-heading\" id=\"concurso-cge-am\"><a href=\"https:\/\/www.estrategiaconcursos.com.br\/blog\/concurso-cge-am\/\" target=\"_blank\" rel=\"noreferrer noopener\">Concurso CGE AM<\/a><\/h3>\n\n\n\n<ul class=\"wp-block-list\">\n<li><strong>Status:<\/strong>&nbsp;Comiss\u00e3o formada<\/li>\n\n\n\n<li><strong>Cargo:<\/strong>&nbsp;Auditor de Controle Interno<\/li>\n\n\n\n<li><strong>Vagas:<\/strong>&nbsp;50 previstas<\/li>\n\n\n\n<li><strong>Forma\u00e7\u00e3o:<\/strong>&nbsp;n\u00edvel superior <\/li>\n\n\n\n<li><strong>Sal\u00e1rio:<\/strong>&nbsp;R$ 13.700,00<\/li>\n<\/ul>\n\n\n\n<h3 class=\"wp-block-heading\" id=\"concurso-cge-am\"><a href=\"https:\/\/www.estrategiaconcursos.com.br\/blog\/concurso-tce-am\/\" target=\"_blank\" rel=\"noreferrer noopener\">Concurso TCE AM<\/a><\/h3>\n\n\n\n<ul class=\"wp-block-list\">\n<li><strong>Status:<\/strong>&nbsp;autorizada abertura de concurso<\/li>\n\n\n\n<li><strong>Cargo:<\/strong>&nbsp;Auditor de Controle Externo e Tecnologia da Informa\u00e7\u00e3o<\/li>\n\n\n\n<li><strong>Vagas:<\/strong>&nbsp;a definir<\/li>\n\n\n\n<li><strong>Forma\u00e7\u00e3o:<\/strong>&nbsp;n\u00edvel superior <\/li>\n\n\n\n<li><strong>Sal\u00e1rio:<\/strong>&nbsp;R$ 11.534,07<\/li>\n<\/ul>\n\n\n\n<h3 class=\"wp-block-heading\" id=\"concurso-cge-am\"><a href=\"https:\/\/www.estrategiaconcursos.com.br\/blog\/concurso-tce-rn\/\" target=\"_blank\" rel=\"noreferrer noopener\">Concurso TCE RN<\/a><\/h3>\n\n\n\n<ul class=\"wp-block-list\">\n<li><strong>Status:<\/strong>&nbsp;banca definida (Cebraspe)<\/li>\n\n\n\n<li><strong>Cargo:<\/strong>&nbsp;Auditor, Analista e T\u00e9cnico de Controle Externo<\/li>\n\n\n\n<li><strong>Vagas:<\/strong> 55 + CR<\/li>\n\n\n\n<li><strong>Forma\u00e7\u00e3o:<\/strong> n\u00edveis m\u00e9dio e superior<\/li>\n\n\n\n<li><strong>Sal\u00e1rio:<\/strong>&nbsp;R$ 6 mil a R$ 17 mil<\/li>\n<\/ul>\n\n\n\n<h3 class=\"wp-block-heading\" id=\"h-concurso-tce-ap\"><a href=\"https:\/\/www.estrategiaconcursos.com.br\/blog\/concurso-tce-ap-2025\/\" target=\"_blank\" rel=\"noreferrer noopener\">Concurso TCE AP<\/a><\/h3>\n\n\n\n<ul class=\"wp-block-list\">\n<li><strong>Status:<\/strong>&nbsp;previsto 2025\/2026<\/li>\n\n\n\n<li><strong>Cargo:<\/strong>&nbsp;Auditor de Controle Externo<\/li>\n\n\n\n<li><strong>Vagas:<\/strong> a definir<\/li>\n\n\n\n<li><strong>Forma\u00e7\u00e3o:<\/strong> n\u00edvel superior<\/li>\n\n\n\n<li><strong>Sal\u00e1rio:<\/strong>&nbsp;R$ 6.755,86<\/li>\n<\/ul>\n\n\n\n<h3 class=\"wp-block-heading\" id=\"h-concurso-tce-pb\"><a href=\"https:\/\/www.estrategiaconcursos.com.br\/blog\/concurso-tce-pb\/\" target=\"_blank\" rel=\"noreferrer noopener\">Concurso TCE PB<\/a><\/h3>\n\n\n\n<ul class=\"wp-block-list\">\n<li><strong>Status:<\/strong>&nbsp;comiss\u00e3o formada<\/li>\n\n\n\n<li><strong>Cargo:<\/strong>&nbsp;Auditor de Controle Externo<\/li>\n\n\n\n<li><strong>Vagas:<\/strong> a definir<\/li>\n\n\n\n<li><strong>Forma\u00e7\u00e3o:<\/strong> n\u00edvel superior<\/li>\n\n\n\n<li><strong>Sal\u00e1rio:<\/strong>&nbsp;R$ 18.866,56<\/li>\n<\/ul>\n\n\n\n<h3 class=\"wp-block-heading\" id=\"h-concurso-tce-sc\"><a href=\"https:\/\/www.estrategiaconcursos.com.br\/blog\/concurso-tce-SC\/\" target=\"_blank\" rel=\"noreferrer noopener\">Concurso TCE SC<\/a><\/h3>\n\n\n\n<ul class=\"wp-block-list\">\n<li><strong>Status:<\/strong>&nbsp;comiss\u00e3o formada<\/li>\n\n\n\n<li><strong>Cargo:<\/strong>&nbsp;Auditor de Controle Externo<\/li>\n\n\n\n<li><strong>Vagas:<\/strong> 20 + CR<\/li>\n\n\n\n<li><strong>Forma\u00e7\u00e3o:<\/strong> N\u00edvel superior<\/li>\n\n\n\n<li><strong>Sal\u00e1rio:<\/strong>&nbsp;R$ 18.984,72<\/li>\n<\/ul>\n\n\n\n<h3 class=\"wp-block-heading\" id=\"h-concurso-tce-ma\"><a href=\"https:\/\/www.estrategiaconcursos.com.br\/blog\/concurso-tce-ma\/\" target=\"_blank\" rel=\"noreferrer noopener\">Concurso TCE MA<\/a><\/h3>\n\n\n\n<ul class=\"wp-block-list\">\n<li><strong>Status:<\/strong>&nbsp;Comiss\u00e3o formada<\/li>\n\n\n\n<li><strong>Cargo:<\/strong>&nbsp;Auditor e T\u00e9cnico<\/li>\n\n\n\n<li><strong>Vagas:<\/strong>&nbsp;117<\/li>\n\n\n\n<li><strong>Forma\u00e7\u00e3o:&nbsp;<\/strong>n\u00edveis m\u00e9dio e superior<\/li>\n\n\n\n<li><strong>Sal\u00e1rio:<\/strong>&nbsp;R$ 11.061,72 e R$ 20.112,20<\/li>\n<\/ul>\n\n\n\n<h3 class=\"wp-block-heading\" id=\"h-concurso-cge-ma\"><a href=\"https:\/\/www.estrategiaconcursos.com.br\/blog\/concurso-cge-ma\/\" target=\"_blank\" rel=\"noreferrer noopener\">Concurso CGE MA<\/a><\/h3>\n\n\n\n<ul class=\"wp-block-list\">\n<li><strong>Status:<\/strong>&nbsp;Comiss\u00e3o formada<\/li>\n\n\n\n<li><strong>Cargo:<\/strong>&nbsp;Auditor do Estado<\/li>\n\n\n\n<li><strong>Vagas:<\/strong>&nbsp;20 previstas<\/li>\n\n\n\n<li><strong>Forma\u00e7\u00e3o:&nbsp;<\/strong>N\u00edvel superior<\/li>\n\n\n\n<li><strong>Sal\u00e1rio:<\/strong> R$ 14.950,78<\/li>\n<\/ul>\n\n\n\n<h3 class=\"wp-block-heading\" id=\"concurso-cge-am\"><a href=\"https:\/\/www.estrategiaconcursos.com.br\/blog\/concurso-tce-rj\/\" target=\"_blank\" rel=\"noreferrer noopener\">Concurso TCE RJ<\/a><\/h3>\n\n\n\n<ul class=\"wp-block-list\">\n<li><strong>Status:<\/strong>&nbsp;Contrato rescindido com IBFC<\/li>\n\n\n\n<li><strong>Cargo:<\/strong>&nbsp;Auditor de Controle Externo<\/li>\n\n\n\n<li><strong>Forma\u00e7\u00e3o:<\/strong>&nbsp;N\u00edvel superior<\/li>\n\n\n\n<li><strong>Vagas:<\/strong>&nbsp;40 + CR<\/li>\n\n\n\n<li><strong>Sal\u00e1rio: <\/strong>R$ 19.793,26<\/li>\n<\/ul>\n\n\n\n<h3 class=\"wp-block-heading\" id=\"concurso-cge-pb\"><a href=\"https:\/\/www.estrategiaconcursos.com.br\/blog\/concurso-cge-rr\/\" target=\"_blank\" rel=\"noreferrer noopener\">Concurso CGE RR<\/a><\/h3>\n\n\n\n<ul class=\"wp-block-list\">\n<li><strong>Status<\/strong>: previsto<\/li>\n\n\n\n<li><strong>Cargos:&nbsp;<\/strong>Auditor Governamental e Analista de Controle Interno<\/li>\n\n\n\n<li><strong>Forma\u00e7\u00e3o:&nbsp;<\/strong>N\u00edvel superior<\/li>\n\n\n\n<li><strong>Vagas:<\/strong>&nbsp;a definir<\/li>\n\n\n\n<li><strong>Sal\u00e1rio:<\/strong>&nbsp;a definir<\/li>\n<\/ul>\n\n\n\n<h3 class=\"wp-block-heading\"><a href=\"https:\/\/www.estrategiaconcursos.com.br\/blog\/concurso-tce-al\/\" target=\"_blank\" rel=\"noreferrer noopener\">Concurso TCE AL<\/a><\/h3>\n\n\n\n<ul class=\"wp-block-list\">\n<li><strong>Status<\/strong>: Previsto no PLOA<\/li>\n\n\n\n<li><strong style=\"color: initial;\">Cargo:<\/strong><span style=\"color: initial;\"> <\/span>a definir <\/li>\n\n\n\n<li><strong>Forma\u00e7\u00e3o:&nbsp;<\/strong>N\u00edvel superior<\/li>\n\n\n\n<li><strong>Vagas:<\/strong>&nbsp;a definir <\/li>\n\n\n\n<li><strong>Sal\u00e1rio:<\/strong> R$ 7.000,00<\/li>\n<\/ul>\n\n\n\n<h3 class=\"wp-block-heading\" id=\"h-concurso-tce-ac\"><a href=\"https:\/\/www.estrategiaconcursos.com.br\/blog\/concurso-tce-ac\/\" target=\"_blank\" rel=\"noreferrer noopener\">Concurso TCE AC<\/a><\/h3>\n\n\n\n<ul class=\"wp-block-list\">\n<li><strong>Status<\/strong>: comiss\u00e3o formada<\/li>\n\n\n\n<li><strong style=\"color: initial;\">Cargo:<\/strong><span style=\"color: initial;\"> <\/span>Conselheiro Substituto<\/li>\n\n\n\n<li><strong>Forma\u00e7\u00e3o:&nbsp;<\/strong>N\u00edvel superior<\/li>\n\n\n\n<li><strong>Vagas:<\/strong>&nbsp;01<\/li>\n\n\n\n<li><strong>Sal\u00e1rio:<\/strong> R$ 37.731,81<\/li>\n<\/ul>\n\n\n\n<h3 class=\"wp-block-heading\" id=\"h-concurso-cgu\"><a href=\"https:\/\/www.estrategiaconcursos.com.br\/blog\/concurso-cgu\/\" target=\"_blank\" rel=\"noreferrer noopener\">Concurso CGU<\/a><\/h3>\n\n\n\n<ul class=\"wp-block-list\">\n<li><strong>Status<\/strong>: solicitado<\/li>\n\n\n\n<li><strong style=\"color: initial;\">Cargo:<\/strong><span style=\"color: initial;\"> <\/span>Auditor e T\u00e9cnico Federal de Finan\u00e7as<\/li>\n\n\n\n<li><strong>Forma\u00e7\u00e3o:&nbsp;<\/strong>N\u00edvel m\u00e9dio e superior<\/li>\n\n\n\n<li><strong>Vagas:<\/strong>&nbsp;500 solicitadas<\/li>\n\n\n\n<li><strong>Sal\u00e1rio:<\/strong> R$ 7.453,62 e R$ 18.033,52<\/li>\n<\/ul>\n\n\n\n<h3 class=\"wp-block-heading\" id=\"h-concurso-cgm-porto-velho\"><a href=\"https:\/\/www.estrategiaconcursos.com.br\/blog\/concurso-cgm-porto-velho\/\" target=\"_blank\" rel=\"noreferrer noopener\">Concurso CGM Porto Velho<\/a> <\/h3>\n\n\n\n<ul class=\"wp-block-list\">\n<li><strong>Status<\/strong>: grupo de trabalho formado<\/li>\n\n\n\n<li><strong style=\"color: initial;\">Cargo:<\/strong><span style=\"color: initial;\"> <\/span>Auditor, Contador e T\u00e9cnico<\/li>\n\n\n\n<li><strong>Forma\u00e7\u00e3o:&nbsp;<\/strong>n\u00edvel superior<\/li>\n\n\n\n<li><strong>Vagas:<\/strong> 6 + 4 CR previstas<\/li>\n\n\n\n<li><strong>Sal\u00e1rio:<\/strong> R$ 2.754,54 a R$ 3.606,48 + produtividade<\/li>\n<\/ul>\n\n\n\n<h2 class=\"wp-block-heading has-very-light-gray-to-cyan-bluish-gray-gradient-background has-background\" id=\"tribunais\">Concursos 2025: \u00e1rea de Tribunais e Procuradorias<\/h2>\n\n\n\n<h3 class=\"wp-block-heading\" id=\"h-concurso-tj-rs\"><a href=\"https:\/\/www.estrategiaconcursos.com.br\/blog\/concurso-tj-rs\/\" target=\"_blank\" rel=\"noreferrer noopener\">Concurso TJ RS<\/a><\/h3>\n\n\n\n<ul class=\"wp-block-list\">\n<li><strong>Status:<\/strong> comiss\u00e3o formada<\/li>\n\n\n\n<li><strong>Cargos<\/strong>: Analista &#8211; diversas \u00e1reas <\/li>\n\n\n\n<li><strong>Forma\u00e7\u00e3o:&nbsp;<\/strong>superior<\/li>\n\n\n\n<li><strong>Vagas:<\/strong> a definir<\/li>\n\n\n\n<li><strong>Sal\u00e1rio: <\/strong>R$ 4.843,63 a R$ 9.226,01 [\u00faltimo edital]<\/li>\n\n\n\n<li><strong>Curso<\/strong>: <a href=\"https:\/\/www.estrategiaconcursos.com.br\/cursosPorConcurso\/tribunal-de-justica-do-rio-grande-do-sul-tj-rs\/\" target=\"_blank\" rel=\"noreferrer noopener\">TJ RS<\/a><\/li>\n<\/ul>\n\n\n\n<h3 class=\"wp-block-heading\" id=\"h-concurso-tj-al\"><a href=\"https:\/\/www.estrategiaconcursos.com.br\/blog\/concurso-tj-al\/\">Concurso TJ AL<\/a><\/h3>\n\n\n\n<ul class=\"wp-block-list\">\n<li><strong>Status:<\/strong> comiss\u00e3o formada<\/li>\n\n\n\n<li><strong>Cargos<\/strong>: Analista- Oficial de Justi\u00e7a<\/li>\n\n\n\n<li><strong>Forma\u00e7\u00e3o:&nbsp;<\/strong>superior<\/li>\n\n\n\n<li><strong>Vagas:<\/strong> a definir<\/li>\n\n\n\n<li><strong>Sal\u00e1rio: <\/strong>R$6.291,20<\/li>\n\n\n\n<li><strong>Curso<\/strong>: <a href=\"https:\/\/www.estrategiaconcursos.com.br\/cursosPorConcurso\/tj-al-tribunal-de-justica-de-alagoas\/\">TJ AL<\/a><\/li>\n<\/ul>\n\n\n\n<h3 class=\"wp-block-heading\" id=\"h-concurso-tj-ba\"><a href=\"https:\/\/www.estrategiaconcursos.com.br\/blog\/concurso-tj-ba\/\">Concurso TJ BA<\/a><\/h3>\n\n\n\n<ul class=\"wp-block-list\">\n<li><strong>Status:<\/strong> previsto na LDO 2026<\/li>\n\n\n\n<li><strong>Cargos<\/strong>: a definir<\/li>\n\n\n\n<li><strong>Forma\u00e7\u00e3o:&nbsp;<\/strong>a definir<\/li>\n\n\n\n<li><strong>Vagas:<\/strong> a definir<\/li>\n\n\n\n<li><strong>Sal\u00e1rio: <\/strong>R$ 3.725,10 a R$6.111,82 [conforme \u00faltimo edital]<\/li>\n\n\n\n<li><strong>Curso<\/strong>: <a href=\"https:\/\/www.estrategiaconcursos.com.br\/cursosPorConcurso\/tj-ba-tribunal-de-justica-da-bahia-332\/\">TJ BA<\/a><\/li>\n<\/ul>\n\n\n\n<h3 class=\"wp-block-heading\" id=\"h-concurso-tj-go\"><a href=\"https:\/\/www.estrategiaconcursos.com.br\/blog\/concurso-tj-go\/\">Concurso TJ GO<\/a><\/h3>\n\n\n\n<ul class=\"wp-block-list\">\n<li><strong>Status:<\/strong> autorizado<\/li>\n\n\n\n<li><strong>Cargos<\/strong>: Analista Judici\u00e1rio<\/li>\n\n\n\n<li><strong>Forma\u00e7\u00e3o:&nbsp;<\/strong>superior<\/li>\n\n\n\n<li><strong>Vagas:<\/strong> a definir<\/li>\n\n\n\n<li><strong>Sal\u00e1rio: <\/strong>entre R$9.360,00 e 10.400,74<\/li>\n\n\n\n<li><strong>Curso<\/strong>: <a href=\"https:\/\/www.estrategiaconcursos.com.br\/cursosPorConcurso\/tj-go-302\/\">TJ GO<\/a><\/li>\n<\/ul>\n\n\n\n<h3 class=\"wp-block-heading\" id=\"h-concurso-pge-rj\"><a href=\"https:\/\/www.estrategiaconcursos.com.br\/blog\/concurso-pge-rj\/\">Concurso PGE RJ<\/a><\/h3>\n\n\n\n<ul class=\"wp-block-list\">\n<li><strong>Status:<\/strong> autorizado<\/li>\n\n\n\n<li><strong>Cargos<\/strong>: analista<\/li>\n\n\n\n<li><strong>Forma\u00e7\u00e3o:&nbsp;<\/strong>superior<\/li>\n\n\n\n<li><strong>Vagas:<\/strong> 03<\/li>\n\n\n\n<li><strong>Sal\u00e1rio: <\/strong>R$ 5.110 at\u00e9 R$ 6.990 [\u00faltimo edital]<\/li>\n\n\n\n<li><strong>Curso<\/strong>: <a href=\"https:\/\/www.estrategiaconcursos.com.br\/cursosPorConcurso\/pge-rj-procurador-do-estado-do-rio-de-janeiro-servidores\/\">PGE RJ<\/a><\/li>\n<\/ul>\n\n\n\n<h3 class=\"wp-block-heading\" id=\"h-concurso-pge-ac\"><a href=\"https:\/\/www.estrategiaconcursos.com.br\/blog\/concurso-pge-ac\/\">Concurso PGE AC<\/a><\/h3>\n\n\n\n<ul class=\"wp-block-list\">\n<li><strong>Status:<\/strong>&nbsp;autorizado<\/li>\n\n\n\n<li><strong>Cargo:<\/strong>&nbsp;\u00e1rea administrativa<\/li>\n\n\n\n<li><strong>Vagas:<\/strong>&nbsp;a definir<\/li>\n\n\n\n<li><strong>Forma\u00e7\u00e3o:&nbsp;<\/strong>N\u00edvel superior<\/li>\n\n\n\n<li><strong>Sal\u00e1rio:<\/strong> 1.663,77 a R$ 6.239,03<\/li>\n<\/ul>\n\n\n\n<h3 class=\"wp-block-heading\" id=\"h-concurso-pge-rn\"><a href=\"https:\/\/www.estrategiaconcursos.com.br\/blog\/concurso-pge-rn\/\">Concurso PGE RN<\/a><\/h3>\n\n\n\n<ul class=\"wp-block-list\">\n<li><strong>Status:<\/strong>&nbsp;comiss\u00e3o formada<\/li>\n\n\n\n<li><strong>Cargo:<\/strong>&nbsp;Analista Jur\u00eddico<\/li>\n\n\n\n<li><strong>Vagas:<\/strong>&nbsp;a definir<\/li>\n\n\n\n<li><strong>Forma\u00e7\u00e3o:&nbsp;<\/strong>N\u00edvel superior<\/li>\n\n\n\n<li><strong>Sal\u00e1rio:<\/strong> R$ 11.566,80<\/li>\n<\/ul>\n\n\n\n<h3 class=\"wp-block-heading\" id=\"h-concurso-pge-ro\"><a href=\"https:\/\/www.estrategiaconcursos.com.br\/blog\/concurso-pge-ro\/\" target=\"_blank\" rel=\"noreferrer noopener\">Concurso PGE RO<\/a><\/h3>\n\n\n\n<ul class=\"wp-block-list\">\n<li><strong>Status:<\/strong> comiss\u00e3o formada<\/li>\n\n\n\n<li><strong>Cargo:<\/strong> carreira de apoio<\/li>\n\n\n\n<li><strong><\/strong><strong>Forma\u00e7\u00e3o<\/strong>: a definir<\/li>\n\n\n\n<li><strong>Vagas:<\/strong> a definir<\/li>\n\n\n\n<li><strong>Sal\u00e1rio<\/strong>: a definir&nbsp;<\/li>\n<\/ul>\n\n\n\n<h3 class=\"wp-block-heading\" id=\"concurso-tre-mg\"><a href=\"https:\/\/www.estrategiaconcursos.com.br\/blog\/concurso-tj-to\/\">Concurso TJ TO<\/a><\/h3>\n\n\n\n<ul class=\"wp-block-list\">\n<li><strong>Status:&nbsp;<\/strong>CNJ exige novo concurso<\/li>\n\n\n\n<li><strong>Cargos:<\/strong>&nbsp;Analista Judici\u00e1rio<\/li>\n\n\n\n<li><strong>Forma\u00e7\u00e3o<\/strong>:&nbsp;N\u00edvel superior<\/li>\n\n\n\n<li><strong>Vagas:<\/strong>&nbsp;a definir<\/li>\n\n\n\n<li><strong>Sal\u00e1rio<\/strong>:&nbsp;R$ 12.452,95<\/li>\n<\/ul>\n\n\n\n<h3 class=\"wp-block-heading\" id=\"concurso-tre-mg\"><a href=\"https:\/\/www.estrategiaconcursos.com.br\/blog\/concurso-tjmg\/\">Concurso TJ MG<\/a><\/h3>\n\n\n\n<ul class=\"wp-block-list\">\n<li><strong>Status:&nbsp;<\/strong>Banca definida<\/li>\n\n\n\n<li><strong>Cargos:<\/strong>&nbsp;Oficial Judici\u00e1rio<\/li>\n\n\n\n<li><strong>Forma\u00e7\u00e3o<\/strong>:&nbsp;N\u00edvel m\u00e9dio<\/li>\n\n\n\n<li><strong>Vagas:<\/strong>&nbsp;a definir<\/li>\n\n\n\n<li><strong>Sal\u00e1rio<\/strong>:&nbsp;R$ 3.264,90<\/li>\n<\/ul>\n\n\n\n<h2 class=\"wp-block-heading has-very-light-gray-to-cyan-bluish-gray-gradient-background has-background\" id=\"ministerios-publicos\">Concursos 2025: \u00e1rea de Minist\u00e9rios P\u00fablicos<\/h2>\n\n\n\n<h3 class=\"wp-block-heading\" id=\"h-concurso-mp-se\"><a href=\"https:\/\/www.estrategiaconcursos.com.br\/blog\/concurso-mp-se\/\" target=\"_blank\" rel=\"noreferrer noopener\">Concurso MP SE<\/a><\/h3>\n\n\n\n<ul class=\"wp-block-list\">\n<li><strong>Status:<\/strong>&nbsp;banca definida<\/li>\n\n\n\n<li><strong>Cargos<\/strong>: analista e t\u00e9cnico<\/li>\n\n\n\n<li><strong>Forma\u00e7\u00e3o:&nbsp;<\/strong>m\u00e9dio e superor<\/li>\n\n\n\n<li><strong>Vagas:<\/strong>&nbsp;28+ CR<\/li>\n\n\n\n<li><strong>Sal\u00e1rio:<\/strong>&nbsp;&nbsp;at\u00e9 R$ 5.214,11<\/li>\n\n\n\n<li><strong>Curso<\/strong>:&nbsp;<a href=\"https:\/\/www.estrategiaconcursos.com.br\/cursosPorConcurso\/ministerio-publico-do-estado-de-sergipe-mp-se\/\" target=\"_blank\" rel=\"noreferrer noopener\">MP SE<\/a><\/li>\n\n\n\n<li><\/li>\n<\/ul>\n\n\n\n<h3 class=\"wp-block-heading\" id=\"h-concurso-mp-to\"><a href=\"https:\/\/www.estrategiaconcursos.com.br\/blog\/concurso-mp-to\/\">Concurso MP TO<\/a><\/h3>\n\n\n\n<ul class=\"wp-block-list\">\n<li><strong>Status:<\/strong>&nbsp;em estudos<\/li>\n\n\n\n<li><strong>Cargos<\/strong>: diversos<\/li>\n\n\n\n<li><strong>Forma\u00e7\u00e3o:&nbsp;<\/strong>m\u00e9dio e superior<\/li>\n\n\n\n<li><strong>Vagas:<\/strong>&nbsp;a definir<\/li>\n\n\n\n<li><strong>Sal\u00e1rio:&nbsp;<\/strong>R$ 5.184,60 e R$ 10.056,33<\/li>\n\n\n\n<li><strong>Curso<\/strong>:&nbsp;<a href=\"https:\/\/www.estrategiaconcursos.com.br\/cursosPorConcurso\/ministerio-publico-do-tocantins-mp-to\/\">MP TO<\/a><\/li>\n<\/ul>\n\n\n\n<h3 class=\"wp-block-heading\" id=\"h-concurso-mp-al\"><a href=\"https:\/\/www.estrategiaconcursos.com.br\/blog\/concurso-mp-al\/?msockid=3e0d3e43e2f867b9335e2b3ee325662e\">Concurso MP AL<\/a><\/h3>\n\n\n\n<ul class=\"wp-block-list\">\n<li><strong>Status:<\/strong>&nbsp;comiss\u00e3o formada<\/li>\n\n\n\n<li><strong>Cargos<\/strong>: servidores<\/li>\n\n\n\n<li><strong>Forma\u00e7\u00e3o:&nbsp;<\/strong>a definir<\/li>\n\n\n\n<li><strong>Vagas:<\/strong>&nbsp;a definir<\/li>\n\n\n\n<li><strong>Sal\u00e1rio:&nbsp;<\/strong>R$ 4.492,01 [\u00faltimo concurso]<\/li>\n\n\n\n<li><strong>Curso<\/strong>:&nbsp;<a href=\"https:\/\/www.estrategiaconcursos.com.br\/cursosPorConcurso\/mp-al-ministerio-publico-de-alagoas-servidores\/\">MP AL<\/a><\/li>\n<\/ul>\n\n\n\n<h3 class=\"wp-block-heading\" id=\"concurso-mp-es\"><a href=\"https:\/\/www.estrategiaconcursos.com.br\/blog\/concurso-mp-es\/\" target=\"_blank\" rel=\"noreferrer noopener\">Concurso MP ES<\/a><\/h3>\n\n\n\n<ul class=\"wp-block-list\">\n<li><strong>Status:<\/strong>&nbsp;comiss\u00e3o formada<\/li>\n\n\n\n<li><strong>Cargos:&nbsp;<\/strong>a definir<\/li>\n\n\n\n<li><strong>Forma\u00e7\u00e3o:&nbsp;<\/strong>a definir<\/li>\n\n\n\n<li><strong>Vagas:<\/strong>&nbsp;a definir<\/li>\n\n\n\n<li><strong>Sal\u00e1rio:<\/strong>&nbsp;R$ 2.458,03 a R$ 13.220,38<\/li>\n<\/ul>\n\n\n\n<h2 class=\"wp-block-heading has-very-light-gray-to-cyan-bluish-gray-gradient-background has-background\" id=\"defensorias-publicas\">Concursos 2025: \u00e1rea de Defensorias P\u00fablicas<\/h2>\n\n\n\n<h3 class=\"wp-block-heading\" id=\"h-concurso-dpe-am\"><a href=\"https:\/\/www.estrategiaconcursos.com.br\/blog\/concurso-dpe-am\/\">Concurso DPE AM<\/a><\/h3>\n\n\n\n<ul class=\"wp-block-list\">\n<li><strong>Status: <\/strong>autorizado\/regulamento publicado<\/li>\n\n\n\n<li><strong>Cargos:<\/strong>&nbsp;diversos<\/li>\n\n\n\n<li><strong>Forma\u00e7\u00e3o:&nbsp;<\/strong>n\u00edvel superior e m\u00e9dio<\/li>\n\n\n\n<li><strong>Vagas:<\/strong>&nbsp;05 + CR<\/li>\n\n\n\n<li><strong>Sal\u00e1rio: <\/strong>R$ 4.713,02 a R$ 8.006,38<\/li>\n\n\n\n<li><strong>Curso: <\/strong><a href=\"https:\/\/www.estrategiaconcursos.com.br\/cursosPorConcurso\/dpe-am\/\">DPE AM<\/a><\/li>\n<\/ul>\n\n\n\n<h3 class=\"wp-block-heading\" id=\"h-concurso-dpe-es\"><a href=\"https:\/\/www.estrategiaconcursos.com.br\/blog\/concurso-dpe-es\/?msockid=3e0d3e43e2f867b9335e2b3ee325662e\">Concurso DPE ES<\/a><\/h3>\n\n\n\n<ul class=\"wp-block-list\">\n<li><strong>Status:<\/strong>&nbsp;previsto<\/li>\n\n\n\n<li><strong>Cargo:<\/strong>&nbsp;a definir<\/li>\n\n\n\n<li><strong>Vagas:<\/strong>&nbsp;a definir<\/li>\n\n\n\n<li><strong>Forma\u00e7\u00e3o:&nbsp;<\/strong>a definir<\/li>\n\n\n\n<li><strong>Sal\u00e1rio:<\/strong>&nbsp;R$ 1.826,22 a R$ 5.469,13<\/li>\n<\/ul>\n\n\n\n<h3 class=\"wp-block-heading\" id=\"h-concurso-dpe-pb\"><a href=\"https:\/\/www.estrategiaconcursos.com.br\/blog\/concurso-dpe-pb-servidores\/?msockid=3e0d3e43e2f867b9335e2b3ee325662e\">Concurso DPE PB<\/a><\/h3>\n\n\n\n<ul class=\"wp-block-list\">\n<li><strong>Status:<\/strong>&nbsp;comiss\u00e3o formada<\/li>\n\n\n\n<li><strong>Cargo:<\/strong>&nbsp;diversos<\/li>\n\n\n\n<li><strong>Vagas:<\/strong>&nbsp;20<\/li>\n\n\n\n<li><strong>Forma\u00e7\u00e3o:&nbsp;<\/strong>n\u00edvel superior<\/li>\n\n\n\n<li><strong>Sal\u00e1rio:<\/strong>&nbsp;at\u00e9 R$ 4.650,00<\/li>\n<\/ul>\n\n\n\n<h3 class=\"wp-block-heading\" id=\"h-concurso-dpe-ba\"><a href=\"https:\/\/www.estrategiaconcursos.com.br\/blog\/concurso-dpe-ba\/\">Concurso DPE BA<\/a><\/h3>\n\n\n\n<ul class=\"wp-block-list\">\n<li><strong>Status:<\/strong> comiss\u00e3o formada<\/li>\n\n\n\n<li><strong>Cargo:<\/strong>&nbsp;a definir <\/li>\n\n\n\n<li><strong>Vagas:<\/strong>&nbsp;a definir<\/li>\n\n\n\n<li><strong>Forma\u00e7\u00e3o:<\/strong> a definir<\/li>\n\n\n\n<li><strong>Sal\u00e1rio:<\/strong>&nbsp;a definir<\/li>\n<\/ul>\n\n\n\n<h3 class=\"wp-block-heading\" id=\"h-concurso-dpdf\"><a href=\"https:\/\/www.estrategiaconcursos.com.br\/blog\/concurso-dpdf\/\">Concurso DPDF<\/a><\/h3>\n\n\n\n<ul class=\"wp-block-list\">\n<li><strong>Status:<\/strong>&nbsp;autorizado<\/li>\n\n\n\n<li><strong>Cargo:<\/strong>&nbsp;Analista de Apoio \u00e0 Assist\u00eancia Judici\u00e1ria<\/li>\n\n\n\n<li><strong>Vagas:<\/strong>&nbsp;7 + CR<\/li>\n\n\n\n<li><strong>Forma\u00e7\u00e3o:&nbsp;<\/strong>n\u00edvel superior<\/li>\n\n\n\n<li><strong>Sal\u00e1rio:<\/strong>&nbsp;R$ 8.828,12<\/li>\n<\/ul>\n\n\n\n<h3 class=\"wp-block-heading\" id=\"h-concurso-dpu\"><a href=\"https:\/\/www.estrategiaconcursos.com.br\/blog\/concurso-dpu\/#cargos-vagos\">Concurso DPU<\/a><\/h3>\n\n\n\n<ul class=\"wp-block-list\">\n<li><strong>Status:<\/strong> previsto no LOA <\/li>\n\n\n\n<li><strong>Cargo:<\/strong>&nbsp;analista t\u00e9cnico<\/li>\n\n\n\n<li><strong>Vagas:<\/strong>&nbsp;134 vagas previstas<\/li>\n\n\n\n<li><strong>Forma\u00e7\u00e3o:<\/strong> superior<\/li>\n\n\n\n<li><strong>Sal\u00e1rio:<\/strong>&nbsp;R$ 1.965,82 a R$ 3.382,49 + benef\u00edcios<\/li>\n<\/ul>\n\n\n\n<h2 class=\"wp-block-heading has-very-light-gray-to-cyan-bluish-gray-gradient-background has-background\" id=\"legislativa\">Concursos 2025: \u00e1rea Legislativa<\/h2>\n\n\n\n<h3 class=\"wp-block-heading\" id=\"h-concurso-camara-dos-deputados\"><a href=\"https:\/\/www.estrategiaconcursos.com.br\/blog\/concurso-camara-dos-deputados\/\" target=\"_blank\" rel=\"noreferrer noopener\">Concurso C\u00e2mara dos Deputados<\/a><\/h3>\n\n\n\n<ul class=\"wp-block-list\">\n<li><strong>Status:<\/strong>&nbsp;banca definida (Cebraspe)<\/li>\n\n\n\n<li><strong>Cargos:<\/strong> T\u00e9cnico e Analista<\/li>\n\n\n\n<li><strong>Forma\u00e7\u00e3o<\/strong>:&nbsp;superior<\/li>\n\n\n\n<li><strong>Vagas:<\/strong>&nbsp;a definir<\/li>\n\n\n\n<li><strong>Sal\u00e1rio:<\/strong>&nbsp;R$ 19.616,98 a R$ 29.462,78<\/li>\n<\/ul>\n\n\n\n<h3 class=\"wp-block-heading\" id=\"h-concurso-al-ce-ce\"><a href=\"https:\/\/www.estrategiaconcursos.com.br\/blog\/concurso-assembleia-legislativa-ce\/\" target=\"_blank\" rel=\"noreferrer noopener\">Concurso AL CE<\/a> (CE)<\/h3>\n\n\n\n<ul class=\"wp-block-list\">\n<li><strong>Status:<\/strong>&nbsp;comiss\u00e3o formada<\/li>\n\n\n\n<li><strong>Cargos:<\/strong> a definir<\/li>\n\n\n\n<li><strong>Forma\u00e7\u00e3o<\/strong>:&nbsp;a definir<\/li>\n\n\n\n<li><strong>Vagas:<\/strong>&nbsp;m\u00ednimo de 200<\/li>\n\n\n\n<li><strong>Sal\u00e1rio:<\/strong> R$ 2.913,78 a R$ 5.834,74<\/li>\n<\/ul>\n\n\n\n<h3 class=\"wp-block-heading\" id=\"h-concurso-camara-de-florianopolis-sc\"><a href=\"https:\/\/www.estrategiaconcursos.com.br\/blog\/concurso-camara-de-florianopolis-sc\/\" target=\"_blank\" rel=\"noreferrer noopener\">Concurso C\u00e2mara de Florian\u00f3polis<\/a> (SC)<\/h3>\n\n\n\n<ul class=\"wp-block-list\">\n<li><strong>Status:<\/strong>&nbsp;comiss\u00e3o formada<\/li>\n\n\n\n<li><strong>Cargos<\/strong>: v\u00e1rios<\/li>\n\n\n\n<li><strong>Forma\u00e7\u00e3o<\/strong>:&nbsp;m\u00e9dio e superior<\/li>\n\n\n\n<li><strong>Vagas:<\/strong>&nbsp;8 + 21 CR<\/li>\n\n\n\n<li><strong>Sal\u00e1rio:<\/strong>&nbsp;a definir<\/li>\n<\/ul>\n\n\n\n<h3 class=\"wp-block-heading\" id=\"h-concurso-camara-de-sao-roque-sp\"><a href=\"https:\/\/www.estrategiaconcursos.com.br\/blog\/concurso-camara-de-sao-roque-sp\/\" target=\"_blank\" rel=\"noreferrer noopener\">Concurso C\u00e2mara de S\u00e3o Roque<\/a> (SP)<\/h3>\n\n\n\n<ul class=\"wp-block-list\">\n<li><strong>Status:<\/strong>&nbsp;banca definida (Vunesp)<\/li>\n\n\n\n<li><strong>Cargos<\/strong>: v\u00e1rios<\/li>\n\n\n\n<li><strong>Forma\u00e7\u00e3o<\/strong>:&nbsp;m\u00e9dio e superior<\/li>\n\n\n\n<li><strong>Vagas:<\/strong>&nbsp;8<\/li>\n\n\n\n<li><strong>Sal\u00e1rio:<\/strong>&nbsp;R$ 3.405,27 a R$ 12.815,64<\/li>\n<\/ul>\n\n\n\n<h3 class=\"wp-block-heading\" id=\"h-concurso-camara-de-aruja-sp\"><a href=\"https:\/\/www.estrategiaconcursos.com.br\/blog\/concurso-camara-de-aruja-sp\/\" target=\"_blank\" rel=\"noreferrer noopener\">Concurso C\u00e2mara de Aruj\u00e1<\/a> (SP)<\/h3>\n\n\n\n<ul class=\"wp-block-list\">\n<li><strong>Status:<\/strong>&nbsp;banca definida (IGECS)<\/li>\n\n\n\n<li><strong>Cargos<\/strong>: v\u00e1rios<\/li>\n\n\n\n<li><strong>Forma\u00e7\u00e3o<\/strong>:&nbsp;m\u00e9dio e superior<\/li>\n\n\n\n<li><strong>Vagas:<\/strong>&nbsp;12<\/li>\n\n\n\n<li><strong>Sal\u00e1rio:<\/strong>&nbsp;R$ 4.568,72 a R$ 14.773,30<\/li>\n<\/ul>\n\n\n\n<h3 class=\"wp-block-heading\" id=\"h-concurso-camara-de-mongagua-sp\"><a href=\"https:\/\/www.estrategiaconcursos.com.br\/blog\/concurso-camara-de-mongagua\/\" target=\"_blank\" rel=\"noreferrer noopener\">Concurso C\u00e2mara de Mongagu\u00e1<\/a> (SP)<\/h3>\n\n\n\n<ul class=\"wp-block-list\">\n<li><strong>Status:<\/strong>&nbsp;banca definida (INEPAM)<\/li>\n\n\n\n<li><strong>Cargos<\/strong>: v\u00e1rios<\/li>\n\n\n\n<li><strong>Forma\u00e7\u00e3o<\/strong>:&nbsp;m\u00e9dio e superior<\/li>\n\n\n\n<li><strong>Vagas:<\/strong>&nbsp;a definir<\/li>\n\n\n\n<li><strong>Sal\u00e1rio:<\/strong>&nbsp;R$ 2.521,92 e R$ 6.949,84<\/li>\n<\/ul>\n\n\n\n<h3 class=\"wp-block-heading\" id=\"h-concurso-camara-de-francisco-morato-sp\"><a href=\"https:\/\/www.estrategiaconcursos.com.br\/blog\/concurso-camara-francisco-morato-sp\/\" target=\"_blank\" rel=\"noreferrer noopener\">Concurso C\u00e2mara de Francisco Morato<\/a> (SP)<\/h3>\n\n\n\n<ul class=\"wp-block-list\">\n<li><strong>Status:<\/strong>&nbsp;banca definida (Avan\u00e7a SP)<\/li>\n\n\n\n<li><strong>Cargos:<\/strong> a definir<\/li>\n\n\n\n<li><strong>Forma\u00e7\u00e3o<\/strong>:&nbsp;superior<\/li>\n\n\n\n<li><strong>Vagas:<\/strong>&nbsp;a definir<\/li>\n\n\n\n<li><strong>Sal\u00e1rio:<\/strong>&nbsp;R$ 1.593,50 a R$ 5.040,67 [\u00faltimo edital]<\/li>\n<\/ul>\n\n\n\n<h3 class=\"wp-block-heading\" id=\"h-concurso-camara-de-taboao-da-serra-sp\"><a href=\"https:\/\/www.estrategiaconcursos.com.br\/blog\/concurso-camara-taboao-da-serra\/\" target=\"_blank\" rel=\"noreferrer noopener\">Concurso C\u00e2mara de Tabo\u00e3o da Serra<\/a> (SP)<\/h3>\n\n\n\n<ul class=\"wp-block-list\">\n<li><strong>Status:<\/strong>&nbsp;banca em defini\u00e7\u00e3o<\/li>\n\n\n\n<li><strong>Cargos:<\/strong> diversos<\/li>\n\n\n\n<li><strong>Forma\u00e7\u00e3o<\/strong>:&nbsp;m\u00e9dio e superior<\/li>\n\n\n\n<li><strong>Vagas:<\/strong>&nbsp;21<\/li>\n\n\n\n<li><strong>Sal\u00e1rio:<\/strong>&nbsp;R$ 1.500,00 a R$ 10.437,50<\/li>\n<\/ul>\n\n\n\n<h3 class=\"wp-block-heading\" id=\"h-concurso-camara-porto-seguro-ba\"><a href=\"https:\/\/www.estrategiaconcursos.com.br\/blog\/concurso-camara-porto-seguro-ba\/\" target=\"_blank\" rel=\"noreferrer noopener\">Concurso C\u00e2mara Porto Seguro<\/a> (BA)<\/h3>\n\n\n\n<ul class=\"wp-block-list\">\n<li><strong>Status:<\/strong>&nbsp;banca em contrata\u00e7\u00e3o<\/li>\n\n\n\n<li><strong>Cargos:<\/strong> diversos<\/li>\n\n\n\n<li><strong>Forma\u00e7\u00e3o<\/strong>:&nbsp;fundamental, m\u00e9dio e superior<\/li>\n\n\n\n<li><strong>Vagas:<\/strong>&nbsp;17<\/li>\n\n\n\n<li><strong>Sal\u00e1rio:<\/strong>&nbsp;R$ 1.789,32 a R$ 2.533,17<\/li>\n<\/ul>\n\n\n\n<h3 class=\"wp-block-heading\" id=\"h-concurso-camara-de-itaquaquecetuba-sp\"><a href=\"https:\/\/www.estrategiaconcursos.com.br\/blog\/concurso-camara-de-itaquaquecetuba-sp\/\" target=\"_blank\" rel=\"noreferrer noopener\">Concurso C\u00e2mara de Itaquaquecetuba<\/a> (SP)<\/h3>\n\n\n\n<ul class=\"wp-block-list\">\n<li><strong>Status:<\/strong>&nbsp;previsto<\/li>\n\n\n\n<li><strong>Cargos:<\/strong> diversos<\/li>\n\n\n\n<li><strong>Forma\u00e7\u00e3o<\/strong>:&nbsp;fundamental, m\u00e9dio e superior<\/li>\n\n\n\n<li><strong>Vagas:<\/strong>&nbsp;19<\/li>\n\n\n\n<li><strong>Sal\u00e1rio:<\/strong>&nbsp;R$ 1.339,39 a R$ 8.622,99 [\u00faltimo edital]<\/li>\n<\/ul>\n\n\n\n<h3 class=\"wp-block-heading\" id=\"h-concurso-camara-de-nova-friburgo-rj\"><a href=\"https:\/\/www.estrategiaconcursos.com.br\/blog\/concurso-camara-nova-friburgo\/\" target=\"_blank\" rel=\"noreferrer noopener\">Concurso C\u00e2mara de Nova Friburgo<\/a> (RJ)<\/h3>\n\n\n\n<ul class=\"wp-block-list\">\n<li><strong>Status:<\/strong>&nbsp;comiss\u00e3o formada<\/li>\n\n\n\n<li><strong>Cargos:<\/strong> a definir<\/li>\n\n\n\n<li><strong>Forma\u00e7\u00e3o<\/strong>:&nbsp;a definir<\/li>\n\n\n\n<li><strong>Vagas:<\/strong>&nbsp;a definir<\/li>\n\n\n\n<li><strong>Sal\u00e1rio:<\/strong>&nbsp;R$ 1.826,91 a R$ 3.094,60 [\u00faltimo edital]<\/li>\n<\/ul>\n\n\n\n<h3 class=\"wp-block-heading\" id=\"h-concurso-camara-de-mossoro-rn\"><a href=\"https:\/\/www.estrategiaconcursos.com.br\/blog\/concurso-camara-de-mossoro-rn\/\" target=\"_blank\" rel=\"noreferrer noopener\">Concurso C\u00e2mara de Mossor\u00f3<\/a> (RN)<\/h3>\n\n\n\n<ul class=\"wp-block-list\">\n<li><strong>Status:<\/strong>&nbsp;recomendado<\/li>\n\n\n\n<li><strong>Cargos:<\/strong> a definir<\/li>\n\n\n\n<li><strong>Forma\u00e7\u00e3o<\/strong>:&nbsp;m\u00e9dio e superior<\/li>\n\n\n\n<li><strong>Vagas:<\/strong>&nbsp;a definir<\/li>\n\n\n\n<li><strong>Sal\u00e1rio:<\/strong>&nbsp;R$ 1.373,30 a R$ 2.403,28 [\u00faltimo edital]<\/li>\n<\/ul>\n\n\n\n<h3 class=\"wp-block-heading\" id=\"h-concurso-camara-feira-de-santana-ba\"><a href=\"https:\/\/www.estrategiaconcursos.com.br\/blog\/concurso-camara-feira-de-santana-ba\/\" target=\"_blank\" rel=\"noreferrer noopener\">Concurso C\u00e2mara Feira de Santana<\/a> (BA)<\/h3>\n\n\n\n<ul class=\"wp-block-list\">\n<li><strong>Status:<\/strong>&nbsp;anunciado<\/li>\n\n\n\n<li><strong>Cargos:<\/strong> a definir<\/li>\n\n\n\n<li><strong>Forma\u00e7\u00e3o<\/strong>:&nbsp;a definir<\/li>\n\n\n\n<li><strong>Vagas:<\/strong>&nbsp;a definir<\/li>\n\n\n\n<li><strong>Sal\u00e1rio:<\/strong>&nbsp;R$ 1.530,62 a R$ 2.025,20 [\u00faltimo edital]<\/li>\n<\/ul>\n\n\n\n<h3 class=\"wp-block-heading\" id=\"h-concurso-camara-de-cachoeiro-de-itapemirim-es\"><a href=\"https:\/\/www.estrategiaconcursos.com.br\/blog\/concurso-camara-de-cachoeiro-de-itapemirim-es\/\" target=\"_blank\" rel=\"noreferrer noopener\">Concurso C\u00e2mara de Cachoeiro de Itapemirim<\/a> (ES)<\/h3>\n\n\n\n<ul class=\"wp-block-list\">\n<li><strong>Status:<\/strong>&nbsp;comiss\u00e3o formada<\/li>\n\n\n\n<li><strong>Cargos:<\/strong> a definir<\/li>\n\n\n\n<li><strong>Forma\u00e7\u00e3o<\/strong>:&nbsp;m\u00e9dio e superior<\/li>\n\n\n\n<li><strong>Vagas:<\/strong>&nbsp;a definir<\/li>\n\n\n\n<li><strong>Sal\u00e1rio:<\/strong>&nbsp;R$ 1.894,97 a R$ 6.711,07<\/li>\n<\/ul>\n\n\n\n<h3 class=\"wp-block-heading\" id=\"h-concurso-camara-de-guaruja-sp\"><a href=\"https:\/\/www.estrategiaconcursos.com.br\/blog\/concurso-camara-de-guaruja-sp\/\" target=\"_blank\" rel=\"noreferrer noopener\">Concurso C\u00e2mara de Guaruj\u00e1 (SP)<\/a><\/h3>\n\n\n\n<ul class=\"wp-block-list\">\n<li><strong>Status:<\/strong>&nbsp;em estudo<\/li>\n\n\n\n<li><strong>Cargos:<\/strong> a definir<\/li>\n\n\n\n<li><strong>Forma\u00e7\u00e3o<\/strong>:&nbsp;m\u00e9dio e superior<\/li>\n\n\n\n<li><strong>Vagas:<\/strong>&nbsp;a definir<\/li>\n\n\n\n<li><strong>Sal\u00e1rio:<\/strong>&nbsp;R$ 2.565,00 a R$ 7.122,00 [\u00faltimo edital]<\/li>\n<\/ul>\n\n\n\n<h3 class=\"wp-block-heading\" id=\"h-concurso-camara-de-governador-valadares-mg\"><a href=\"https:\/\/www.estrategiaconcursos.com.br\/blog\/concurso-camara-governador-valadares-mg\/\" target=\"_blank\" rel=\"noreferrer noopener\">Concurso C\u00e2mara de Governador Valadares<\/a> (MG)<\/h3>\n\n\n\n<ul class=\"wp-block-list\">\n<li><strong>Status:<\/strong>&nbsp;anunciado<\/li>\n\n\n\n<li><strong>Cargos:<\/strong> a definir<\/li>\n\n\n\n<li><strong>Forma\u00e7\u00e3o<\/strong>:&nbsp;m\u00e9dio e superior<\/li>\n\n\n\n<li><strong>Vagas:<\/strong>&nbsp;a definir<\/li>\n\n\n\n<li><strong>Sal\u00e1rio:<\/strong>&nbsp;a definir<\/li>\n<\/ul>\n\n\n\n<h3 class=\"wp-block-heading\" id=\"h-concurso-camara-de-niteroi-rj\"><a href=\"https:\/\/www.estrategiaconcursos.com.br\/blog\/concurso-camara-de-niteroi\/\" target=\"_blank\" rel=\"noreferrer noopener\">Concurso C\u00e2mara de Niter\u00f3i<\/a> (RJ)<\/h3>\n\n\n\n<ul class=\"wp-block-list\">\n<li><strong>Status:<\/strong>&nbsp;previsto<\/li>\n\n\n\n<li><strong>Cargos:<\/strong> a definir<\/li>\n\n\n\n<li><strong>Forma\u00e7\u00e3o<\/strong>:&nbsp;a definir<\/li>\n\n\n\n<li><strong>Vagas:<\/strong>&nbsp;a definir<\/li>\n\n\n\n<li><strong>Sal\u00e1rio:<\/strong>&nbsp;R$ 1.200,00 a R$ 10.348,98<\/li>\n<\/ul>\n\n\n\n<h3 class=\"wp-block-heading\" id=\"h-concurso-camara-de-guarulhos-sp\"><a href=\"https:\/\/www.estrategiaconcursos.com.br\/blog\/concurso-camara-de-guarulhos\/\" target=\"_blank\" rel=\"noreferrer noopener\">Concurso C\u00e2mara de Guarulhos<\/a> (SP)<\/h3>\n\n\n\n<ul class=\"wp-block-list\">\n<li><strong>Status:<\/strong>&nbsp;previsto<\/li>\n\n\n\n<li><strong>Cargos:<\/strong> a definir<\/li>\n\n\n\n<li><strong>Forma\u00e7\u00e3o<\/strong>:&nbsp;m\u00e9dio e superior<\/li>\n\n\n\n<li><strong>Vagas:<\/strong>&nbsp;a definir<\/li>\n\n\n\n<li><strong>Sal\u00e1rio:<\/strong>&nbsp;R$ 3.687,84 a R$ 9.773,24<\/li>\n<\/ul>\n\n\n\n<h3 class=\"wp-block-heading\" id=\"h-concurso-camara-de-carpina-pe\"><a href=\"https:\/\/www.estrategiaconcursos.com.br\/blog\/concurso-camara-de-carpina-pe\/\" target=\"_blank\" rel=\"noreferrer noopener\">Concurso C\u00e2mara de Carpina<\/a> (PE)<\/h3>\n\n\n\n<ul class=\"wp-block-list\">\n<li><strong>Status:<\/strong>&nbsp;comiss\u00e3o formada<\/li>\n\n\n\n<li><strong>Cargos:<\/strong> a definir<\/li>\n\n\n\n<li><strong>Forma\u00e7\u00e3o<\/strong>:&nbsp;a definir<\/li>\n\n\n\n<li><strong>Vagas:<\/strong>&nbsp;a definir<\/li>\n\n\n\n<li><strong>Sal\u00e1rio:<\/strong>&nbsp;R$ 2.490,05 a R$ 6.257,06 [Portal da Transpar\u00eancia]<\/li>\n<\/ul>\n\n\n\n<h3 class=\"wp-block-heading\" id=\"h-concurso-camara-de-manaus-am\"><a href=\"https:\/\/www.estrategiaconcursos.com.br\/blog\/concurso-camara-de-manaus\/\" target=\"_blank\" rel=\"noreferrer noopener\">Concurso C\u00e2mara de Manaus<\/a> (AM)<\/h3>\n\n\n\n<ul class=\"wp-block-list\">\n<li><strong>Status:<\/strong>&nbsp;comiss\u00e3o formada<\/li>\n\n\n\n<li><strong>Cargos:<\/strong> v\u00e1rios<\/li>\n\n\n\n<li><strong>Forma\u00e7\u00e3o<\/strong>:&nbsp;n\u00edvel m\u00e9dio e superior<\/li>\n\n\n\n<li><strong>Vagas:<\/strong>&nbsp;a definir<\/li>\n\n\n\n<li><strong>Sal\u00e1rio:<\/strong>&nbsp;&nbsp;R$ 4.015,33 a R$ 19.748,16<\/li>\n<\/ul>\n\n\n\n<h3 class=\"wp-block-heading\" id=\"h-concurso-camara-de-ariquemes-nbsp-ro\"><a href=\"https:\/\/www.estrategiaconcursos.com.br\/blog\/concurso-camara-de-ariquemes-ro\/\" target=\"_blank\" rel=\"noreferrer noopener\">Concurso C\u00e2mara de Ariquemes<\/a>&nbsp;(RO)<\/h3>\n\n\n\n<ul class=\"wp-block-list\">\n<li><strong>Status<\/strong>: aprovado<\/li>\n\n\n\n<li><strong>Cargos:<\/strong>&nbsp;v\u00e1rios<\/li>\n\n\n\n<li><strong>Forma\u00e7\u00e3o:<\/strong> n\u00edvel m\u00e9dio e superior<\/li>\n\n\n\n<li><strong>Vagas:&nbsp;<\/strong>40<\/li>\n\n\n\n<li><strong>Sal\u00e1rio:<\/strong> R$ 500,35 a R$ 19.993,57 + adicionais<\/li>\n<\/ul>\n\n\n\n<h3 class=\"wp-block-heading\" id=\"h-concurso-camara-de-pilar-al\"><a href=\"https:\/\/www.estrategiaconcursos.com.br\/blog\/concurso-camara-de-pilar-al\/\" target=\"_blank\" rel=\"noreferrer noopener\">Concurso C\u00e2mara de Pilar<\/a> (AL)<\/h3>\n\n\n\n<ul class=\"wp-block-list\">\n<li><strong>Status<\/strong>:&nbsp;banca definida (Fundepes)<\/li>\n\n\n\n<li><strong>Cargos:<\/strong>&nbsp;v\u00e1rios<\/li>\n\n\n\n<li><strong>Forma\u00e7\u00e3o<\/strong>:&nbsp;fundamental, m\u00e9dio e superior<\/li>\n\n\n\n<li><strong>Vagas:&nbsp;<\/strong>a definir<\/li>\n\n\n\n<li><strong>Sal\u00e1rio<\/strong>:&nbsp;a definir<\/li>\n<\/ul>\n\n\n\n<h3 class=\"wp-block-heading\" id=\"h-concurso-camara-de-rio-branco-ac\"><a href=\"https:\/\/www.estrategiaconcursos.com.br\/blog\/concurso-camara-de-rio-branco\/\" target=\"_blank\" rel=\"noreferrer noopener\">Concurso C\u00e2mara de Rio Branco<\/a> (AC)<\/h3>\n\n\n\n<ul class=\"wp-block-list\">\n<li><strong>Status<\/strong>:&nbsp;comiss\u00e3o formada\/sem previs\u00e3o<\/li>\n\n\n\n<li><strong>Cargos:<\/strong>&nbsp;v\u00e1rios<\/li>\n\n\n\n<li><strong>Forma\u00e7\u00e3o<\/strong>:&nbsp;m\u00e9dio e superior<\/li>\n\n\n\n<li><strong>Vagas:&nbsp;<\/strong>15 + CR<\/li>\n\n\n\n<li><strong>Sal\u00e1rio<\/strong>:&nbsp;R$ 1.325,25 e&nbsp;R$ 11.488,57 [\u00faltimo edital]<\/li>\n<\/ul>\n\n\n\n<h3 class=\"wp-block-heading\" id=\"h-concurso-camara-de-recife-pe\"><a href=\"https:\/\/www.estrategiaconcursos.com.br\/blog\/concurso-camara-de-recife\/\" target=\"_blank\" rel=\"noreferrer noopener\">Concurso C\u00e2mara de Recife<\/a> (PE)<\/h3>\n\n\n\n<ul class=\"wp-block-list\">\n<li><strong>Status: <\/strong>edital determinado<\/li>\n\n\n\n<li><strong>Cargos:&nbsp;<\/strong>a definir<\/li>\n\n\n\n<li><strong>Forma\u00e7\u00e3o:&nbsp;<\/strong>m\u00e9dio e superior<\/li>\n\n\n\n<li><strong>Vagas:<\/strong> a definir<\/li>\n\n\n\n<li><strong>Sal\u00e1rio:<\/strong>&nbsp;R$ 1.182,14 a R$ 13.692,13<\/li>\n<\/ul>\n\n\n\n<h3 class=\"wp-block-heading\" id=\"h-concurso-camara-de-joao-pessoa-pb\"><a href=\"https:\/\/www.estrategiaconcursos.com.br\/blog\/concurso-camara-de-joao-pessoa\/\" target=\"_blank\" rel=\"noreferrer noopener\">Concurso C\u00e2mara de Jo\u00e3o Pessoa<\/a> (PB)<\/h3>\n\n\n\n<ul class=\"wp-block-list\">\n<li><strong>Status: <\/strong>anunciado<\/li>\n\n\n\n<li><strong>Cargos:&nbsp;<\/strong>a definir<\/li>\n\n\n\n<li><strong>Forma\u00e7\u00e3o:&nbsp;<\/strong>todos os n\u00edveis<\/li>\n\n\n\n<li><strong>Vagas:<\/strong> a definir<\/li>\n\n\n\n<li><strong>Sal\u00e1rio:<\/strong>&nbsp;R$ 1.264,63 a R$ 6.392,86 [\u00faltimo edital]<\/li>\n<\/ul>\n\n\n\n<h3 class=\"wp-block-heading\"><a href=\"https:\/\/www.estrategiaconcursos.com.br\/blog\/concurso-cldf\/\" target=\"_blank\" rel=\"noreferrer noopener\">Concurso CLDF<\/a><\/h3>\n\n\n\n<ul class=\"wp-block-list\">\n<li><strong>Status<\/strong>: grupo de estudos formado<\/li>\n\n\n\n<li><strong>Cargos:&nbsp;<\/strong>Analista, Assistente T\u00e9cnico e T\u00e9cnico Administrativo<\/li>\n\n\n\n<li><strong>Forma\u00e7\u00e3o:&nbsp;<\/strong>N\u00edvel m\u00e9dio e superior<\/li>\n\n\n\n<li><strong>Vagas:<\/strong> 90 previstas<\/li>\n\n\n\n<li><strong>Sal\u00e1rio:<\/strong>&nbsp;R$ 6.086,65 a R$ 13.531,06<\/li>\n<\/ul>\n\n\n\n<h3 class=\"wp-block-heading\"><a href=\"https:\/\/www.estrategiaconcursos.com.br\/blog\/concurso-camara-de-teresina\/\" target=\"_blank\" rel=\"noreferrer noopener\">Concurso C\u00e2mara de Teresina<\/a> (PI)<\/h3>\n\n\n\n<ul class=\"wp-block-list\">\n<li><strong><\/strong><strong><\/strong><strong><\/strong><strong>Status<\/strong>:&nbsp;Comiss\u00e3o formada<\/li>\n\n\n\n<li><strong>Cargos:<\/strong>&nbsp;diversos<\/li>\n\n\n\n<li><strong><\/strong><strong><\/strong><strong><\/strong><strong><\/strong><strong><\/strong><strong>Forma\u00e7\u00e3o<\/strong>:&nbsp;N\u00edvel m\u00e9dio e superior<\/li>\n\n\n\n<li><strong>Vagas:&nbsp;<\/strong>18<\/li>\n\n\n\n<li><strong><\/strong><strong><\/strong><strong><\/strong><strong><\/strong><strong><\/strong><strong><\/strong><strong>Sal\u00e1rio<\/strong>:&nbsp;A definir<\/li>\n<\/ul>\n\n\n\n<h3 class=\"wp-block-heading\"><a href=\"https:\/\/www.estrategiaconcursos.com.br\/blog\/concurso-alepe\/\" target=\"_blank\" rel=\"noreferrer noopener\">Concurso&nbsp;ALEPE<\/a> (PE)<\/h3>\n\n\n\n<ul class=\"wp-block-list\">\n<li><strong>Status<\/strong>: previsto<\/li>\n\n\n\n<li><strong>Cargo:&nbsp;<\/strong>Analista, T\u00e9cnico e Agente Legislativo<\/li>\n\n\n\n<li><strong>Forma\u00e7\u00e3o:&nbsp;<\/strong>N\u00edvel m\u00e9dio e superior<\/li>\n\n\n\n<li><strong>Vagas:<\/strong>&nbsp;a definir<\/li>\n\n\n\n<li><strong>Sal\u00e1rio:<\/strong>&nbsp;R$ 4.780,74 a R$ 11.315,33<\/li>\n<\/ul>\n\n\n\n<h3 class=\"wp-block-heading\" id=\"concurso-assembleia-legislativa-am\"><a href=\"https:\/\/www.estrategiaconcursos.com.br\/blog\/concurso-aleac\/\" target=\"_blank\" rel=\"noreferrer noopener\">Concurso ALEAC<\/a><\/h3>\n\n\n\n<ul class=\"wp-block-list\">\n<li><strong>Status<\/strong>: comiss\u00e3o formada<\/li>\n\n\n\n<li><strong>Cargos:&nbsp;<\/strong>a definir<\/li>\n\n\n\n<li><strong>Forma\u00e7\u00e3o:&nbsp;<\/strong>m\u00e9dio e superior<\/li>\n\n\n\n<li><strong>Vagas:<\/strong>&nbsp;a definir<\/li>\n\n\n\n<li><strong>Sal\u00e1rio:<\/strong>&nbsp;R$ 1.311,86 a R$ e R$ 3.232,54 [portal da transpar\u00eancia]<\/li>\n<\/ul>\n\n\n\n<h3 class=\"wp-block-heading\" id=\"concurso-assembleia-legislativa-am\"><a href=\"https:\/\/www.estrategiaconcursos.com.br\/blog\/concurso-ale-rr\/\" target=\"_blank\" rel=\"noreferrer noopener\">Concurso ALE RR<\/a> (RR)<\/h3>\n\n\n\n<ul class=\"wp-block-list\">\n<li><strong>Status<\/strong>: comiss\u00e3o de estudos formada <\/li>\n\n\n\n<li><strong>Cargos:&nbsp;<\/strong>v\u00e1rios<\/li>\n\n\n\n<li><strong>Forma\u00e7\u00e3o:<\/strong> m\u00e9dio e superior <\/li>\n\n\n\n<li><strong>Vagas:<\/strong>&nbsp;225<\/li>\n\n\n\n<li><strong>Sal\u00e1rio:<\/strong>&nbsp;at\u00e9 R$ 10.257,02<\/li>\n<\/ul>\n\n\n\n<h3 class=\"wp-block-heading\"><a href=\"https:\/\/www.estrategiaconcursos.com.br\/blog\/concurso-alba\" target=\"_blank\" rel=\"noreferrer noopener\">Concurso ALBA<\/a> (BA)<\/h3>\n\n\n\n<ul class=\"wp-block-list\">\n<li><strong>Status:<\/strong>&nbsp;Previsto<\/li>\n\n\n\n<li><strong>Cargos:<\/strong>&nbsp;a definir<\/li>\n\n\n\n<li><strong><\/strong><strong>Forma\u00e7\u00e3o<\/strong>: a definir<\/li>\n\n\n\n<li><strong>Vagas:&nbsp;<\/strong>a definir<\/li>\n\n\n\n<li><strong><\/strong><strong><\/strong><strong><\/strong><strong>Sal\u00e1rio<\/strong>:&nbsp;a definir<\/li>\n<\/ul>\n\n\n\n<h3 class=\"wp-block-heading\" id=\"h-concurso-almt-mt\"><a href=\"https:\/\/www.estrategiaconcursos.com.br\/blog\/concurso-al-mt\/\" target=\"_blank\" rel=\"noreferrer noopener\">Concurso ALMT<\/a> (MT)<\/h3>\n\n\n\n<ul class=\"wp-block-list\">\n<li><strong>Status:<\/strong>&nbsp;previsto<\/li>\n\n\n\n<li><strong>Cargos:<\/strong>&nbsp;adiversos<\/li>\n\n\n\n<li><strong>Forma\u00e7\u00e3o<\/strong>: m\u00e9dio e superior<\/li>\n\n\n\n<li><strong>Vagas:&nbsp;<\/strong>a definir<\/li>\n\n\n\n<li><strong>Sal\u00e1rio<\/strong>:&nbsp;R$ 4.329,49 a R$ 8.529,58<\/li>\n<\/ul>\n\n\n\n<h2 class=\"wp-block-heading has-very-light-gray-to-cyan-bluish-gray-gradient-background has-background\" id=\"saude\">Concursos 2025: vagas na \u00e1rea da Sa\u00fade<\/h2>\n\n\n\n<h3 class=\"wp-block-heading\" id=\"h-concurso-hemocentro-sp\"><a href=\"https:\/\/www.estrategiaconcursos.com.br\/blog\/concurso-hemocentro-sp\/\" target=\"_blank\" rel=\"noreferrer noopener\">Concurso Hemocentro SP<\/a><\/h3>\n\n\n\n<ul class=\"wp-block-list\">\n<li><strong>Status<\/strong>: comiss\u00e3o formada<\/li>\n\n\n\n<li><strong>Cargos:&nbsp;<\/strong>a definir<\/li>\n\n\n\n<li><strong>Forma\u00e7\u00e3o:&nbsp;<\/strong>a definir<\/li>\n\n\n\n<li><strong>Vagas:<\/strong> a definir<\/li>\n\n\n\n<li><strong>Sal\u00e1rio:<\/strong> R$ 2.863,40 (<em>\u00faltimo edital<\/em>)<\/li>\n<\/ul>\n\n\n\n<h3 class=\"wp-block-heading\" id=\"h-concurso-cacapava-saude-sp\"><a href=\"https:\/\/www.estrategiaconcursos.com.br\/blog\/concurso-cacapava-saude-sp\/\" target=\"_blank\" rel=\"noreferrer noopener\">Concurso Ca\u00e7apava Sa\u00fade SP<\/a><\/h3>\n\n\n\n<ul class=\"wp-block-list\">\n<li><strong>Status<\/strong>: banca definida (Avan\u00e7a SP)<\/li>\n\n\n\n<li><strong>Cargos:&nbsp;<\/strong>diversos<\/li>\n\n\n\n<li><strong>Forma\u00e7\u00e3o:&nbsp;<\/strong>fundamental, m\u00e9dio e superior<\/li>\n\n\n\n<li><strong>Vagas:<\/strong> 11 + CR<\/li>\n\n\n\n<li><strong>Sal\u00e1rio:<\/strong> R$ 3.149,43 a R$ 3.848,51 [\u00faltimo edital]<\/li>\n<\/ul>\n\n\n\n<h3 class=\"wp-block-heading\" id=\"h-concurso-foz-do-iguacu-saude-pr\"><a href=\"https:\/\/www.estrategiaconcursos.com.br\/blog\/concurso-foz-do-iguacu-saude-pr\/\" target=\"_blank\" rel=\"noreferrer noopener\">Concurso Foz do Igua\u00e7u Sa\u00fade PR<\/a><\/h3>\n\n\n\n<ul class=\"wp-block-list\">\n<li><strong>Status<\/strong>: comiss\u00e3o formada<\/li>\n\n\n\n<li><strong>Cargos:&nbsp;<\/strong>diversos<\/li>\n\n\n\n<li><strong>Forma\u00e7\u00e3o:&nbsp;<\/strong>fundamental, m\u00e9dio e t\u00e9cnico<\/li>\n\n\n\n<li><strong>Vagas:<\/strong> a definir<\/li>\n\n\n\n<li><strong>Sal\u00e1rio:<\/strong> R$ 2.396,37 a R$ 4.710,69 [\u00faltimo edital]<\/li>\n<\/ul>\n\n\n\n<h3 class=\"wp-block-heading\" id=\"h-concurso-fhste-rs\"><a href=\"https:\/\/www.estrategiaconcursos.com.br\/blog\/concurso-fhste-rs\/\" target=\"_blank\" rel=\"noreferrer noopener\">Concurso FHSTE RS<\/a><\/h3>\n\n\n\n<ul class=\"wp-block-list\">\n<li><strong>Status<\/strong>: banca definida (F\u00eanix)<\/li>\n\n\n\n<li><strong>Cargos:&nbsp;<\/strong>diversos<\/li>\n\n\n\n<li><strong>Forma\u00e7\u00e3o:&nbsp;<\/strong>fundamental, m\u00e9dio e t\u00e9cnico<\/li>\n\n\n\n<li><strong>Vagas:<\/strong> 12 + CR<\/li>\n\n\n\n<li><strong>Sal\u00e1rio:<\/strong> R$ 2.262,66 a R$ 2.805,87<\/li>\n<\/ul>\n\n\n\n<h3 class=\"wp-block-heading\" id=\"h-concurso-sesau-ro\"><a href=\"https:\/\/www.estrategiaconcursos.com.br\/blog\/concurso-sesau-ro\/\" target=\"_blank\" rel=\"noreferrer noopener\">Concurso SESAU RO<\/a><\/h3>\n\n\n\n<ul class=\"wp-block-list\">\n<li><strong>Status<\/strong>: previsto no PLOA 2026<\/li>\n\n\n\n<li><strong>Cargos:&nbsp;<\/strong>diversos<\/li>\n\n\n\n<li><strong>Forma\u00e7\u00e3o:&nbsp;<\/strong>m\u00e9dio, t\u00e9cnico e superior<\/li>\n\n\n\n<li><strong>Vagas:<\/strong> a definir<\/li>\n\n\n\n<li><strong>Sal\u00e1rio:<\/strong> R$ 1.450,91 a R$ 12.047,24 [\u00faltimo edital]<\/li>\n<\/ul>\n\n\n\n<h3 class=\"wp-block-heading\" id=\"h-concurso-ses-ma\"><a href=\"https:\/\/www.estrategiaconcursos.com.br\/blog\/concurso-ses-ma\/\" target=\"_blank\" rel=\"noreferrer noopener\">Concurso SES MA<\/a><\/h3>\n\n\n\n<ul class=\"wp-block-list\">\n<li><strong>Status<\/strong>: comiss\u00e3o formada<\/li>\n\n\n\n<li><strong>Cargos:&nbsp;<\/strong>a definir<\/li>\n\n\n\n<li><strong>Forma\u00e7\u00e3o:&nbsp;<\/strong>m\u00e9dio e superior<\/li>\n\n\n\n<li><strong>Vagas:<\/strong> 189<\/li>\n\n\n\n<li><strong>Sal\u00e1rio:<\/strong> at\u00e9 R$ 4.937,00 [\u00faltimo edital]<\/li>\n<\/ul>\n\n\n\n<h3 class=\"wp-block-heading\" id=\"h-concurso-sesa-es\"><a href=\"https:\/\/www.estrategiaconcursos.com.br\/blog\/concurso-sesa-es\/\" target=\"_blank\" rel=\"noreferrer noopener\">Concurso SESA ES<\/a><\/h3>\n\n\n\n<ul class=\"wp-block-list\">\n<li><strong>Status<\/strong>: comiss\u00e3o formada<\/li>\n\n\n\n<li><strong>Cargos:&nbsp;<\/strong>a definir<\/li>\n\n\n\n<li><strong>Forma\u00e7\u00e3o:&nbsp;<\/strong>superior<\/li>\n\n\n\n<li><strong>Vagas:<\/strong> a definir<\/li>\n\n\n\n<li><strong>Sal\u00e1rio:<\/strong> R$ 2.629,08 a R$ 11.173,61<\/li>\n<\/ul>\n\n\n\n<h3 class=\"wp-block-heading\" id=\"h-concurso-pb-saude\"><a href=\"https:\/\/www.estrategiaconcursos.com.br\/blog\/concurso-pb-saude\/\" target=\"_blank\" rel=\"noreferrer noopener\">Concurso PB Sa\u00fade<\/a><\/h3>\n\n\n\n<ul class=\"wp-block-list\">\n<li><strong>Status<\/strong>: previsto<\/li>\n\n\n\n<li><strong>Cargos:&nbsp;<\/strong>a definir<\/li>\n\n\n\n<li><strong>Forma\u00e7\u00e3o:&nbsp;<\/strong>superior<\/li>\n\n\n\n<li><strong>Vagas:<\/strong> a definir<\/li>\n\n\n\n<li><strong>Sal\u00e1rio:<\/strong> R$ 1.698,00 a R$ 12.000,00 (\u00faltimo edital)<\/li>\n<\/ul>\n\n\n\n<h3 class=\"wp-block-heading\" id=\"h-concurso-sasc-nbsp-pi\"><a href=\"https:\/\/www.estrategiaconcursos.com.br\/blog\/concurso-sasc-pi\/\" target=\"_blank\" rel=\"noreferrer noopener\">Concurso SASC&nbsp;PI<\/a><\/h3>\n\n\n\n<ul class=\"wp-block-list\">\n<li><strong>Status<\/strong>: autorizado<\/li>\n\n\n\n<li><strong>Cargos:&nbsp;<\/strong>Agente Socioeducativo, Assistente Social e Psic\u00f3logo<\/li>\n\n\n\n<li><strong>Forma\u00e7\u00e3o:&nbsp;<\/strong>superior<\/li>\n\n\n\n<li><strong>Vagas:<\/strong> 60<\/li>\n\n\n\n<li><strong>Sal\u00e1rio:<\/strong> a definir<\/li>\n<\/ul>\n\n\n\n<h3 class=\"wp-block-heading\" id=\"h-concurso-hcrp-usp\"><a href=\"https:\/\/www.estrategiaconcursos.com.br\/blog\/concurso-hcrp-usp\/\" target=\"_blank\" rel=\"noreferrer noopener\">Concurso HCRP USP<\/a><\/h3>\n\n\n\n<ul class=\"wp-block-list\">\n<li><strong>Status<\/strong>: autorizado<\/li>\n\n\n\n<li><strong>Cargos:&nbsp;<\/strong>diversos<\/li>\n\n\n\n<li><strong>Forma\u00e7\u00e3o:&nbsp;<\/strong>m\u00e9dio e superior<\/li>\n\n\n\n<li><strong>Vagas:<\/strong> 102<\/li>\n\n\n\n<li><strong>Sal\u00e1rio:<\/strong> R$ 2.648,17 + benef\u00edcios e adicionais [\u00faltimo edital]<\/li>\n<\/ul>\n\n\n\n<h3 class=\"wp-block-heading\" id=\"h-concurso-sesau-campo-grande\"><a href=\"https:\/\/www.estrategiaconcursos.com.br\/blog\/concurso-sesau-campo-grande\/\" target=\"_blank\" rel=\"noreferrer noopener\">Concurso SESAU Campo Grande<\/a><\/h3>\n\n\n\n<ul class=\"wp-block-list\">\n<li><strong>Status<\/strong>: autorizado \/ previsto<\/li>\n\n\n\n<li><strong>Cargos:&nbsp;<\/strong>a definir<\/li>\n\n\n\n<li><strong>Forma\u00e7\u00e3o:&nbsp;<\/strong>m\u00e9dio e superior<\/li>\n\n\n\n<li><strong>Vagas:<\/strong> a definir<\/li>\n\n\n\n<li><strong>Sal\u00e1rio:<\/strong> a definir<\/li>\n<\/ul>\n\n\n\n<h3 class=\"wp-block-heading\" id=\"h-concurso-sesau-al\"><a href=\"https:\/\/www.estrategiaconcursos.com.br\/blog\/concurso-sesau-al\/\" target=\"_blank\" rel=\"noreferrer noopener\">Concurso SESAU AL<\/a><\/h3>\n\n\n\n<ul class=\"wp-block-list\">\n<li><strong>Status<\/strong>: anunciado<\/li>\n\n\n\n<li><strong>Cargos:&nbsp;<\/strong>diversos<\/li>\n\n\n\n<li><strong>Forma\u00e7\u00e3o:&nbsp;<\/strong>t\u00e9cnico e superior<\/li>\n\n\n\n<li><strong>Vagas:<\/strong> 1.750&nbsp;+ 1.750 CR<\/li>\n\n\n\n<li><strong>Sal\u00e1rio:<\/strong> a definir<\/li>\n<\/ul>\n\n\n\n<h3 class=\"wp-block-heading\" id=\"h-concurso-sms-aracaju-se\"><a href=\"https:\/\/www.estrategiaconcursos.com.br\/blog\/concurso-sms-aracaju\/\" target=\"_blank\" rel=\"noreferrer noopener\">Concurso SMS Aracaju SE<\/a><\/h3>\n\n\n\n<ul class=\"wp-block-list\">\n<li><strong>Status<\/strong>: anunciado<\/li>\n\n\n\n<li><strong>Cargos:&nbsp;<\/strong>a definir<\/li>\n\n\n\n<li><strong>Forma\u00e7\u00e3o:&nbsp;<\/strong>m\u00e9dio e superior<\/li>\n\n\n\n<li><strong>Vagas:<\/strong> a definir<\/li>\n\n\n\n<li><strong>Sal\u00e1rio:<\/strong> R$ 323,28 a R$ 4.400,00 [\u00faltimo edital]<\/li>\n<\/ul>\n\n\n\n<h3 class=\"wp-block-heading\" id=\"h-concurso-saquarema-saude-rj\"><a href=\"https:\/\/www.estrategiaconcursos.com.br\/blog\/concurso-saquarema-saude\/\">Concurso Saquarema Sa\u00fade RJ<\/a><\/h3>\n\n\n\n<ul class=\"wp-block-list\">\n<li><strong>Status<\/strong>: banca definida (IBAM)<\/li>\n\n\n\n<li><strong>Cargos:&nbsp;<\/strong>217<\/li>\n\n\n\n<li><strong>Forma\u00e7\u00e3o:&nbsp;<\/strong>m\u00e9dio<\/li>\n\n\n\n<li><strong>Vagas:<\/strong> 217<\/li>\n\n\n\n<li><strong>Sal\u00e1rio:<\/strong> R$ 2.130,89 a R$ 3.551,49 [\u00faltimo edital]<\/li>\n<\/ul>\n\n\n\n<h3 class=\"wp-block-heading\" id=\"h-concurso-sesa-ce\"><a href=\"https:\/\/www.estrategiaconcursos.com.br\/blog\/concurso-sesa-ce\/\" target=\"_blank\" rel=\"noreferrer noopener\">Concurso SESA CE<\/a><\/h3>\n\n\n\n<ul class=\"wp-block-list\">\n<li><strong>Status<\/strong>: solicitado<\/li>\n\n\n\n<li><strong>Cargos:&nbsp;<\/strong>a definir<\/li>\n\n\n\n<li><strong>Forma\u00e7\u00e3o:&nbsp;<\/strong>m\u00e9dio e superior<\/li>\n\n\n\n<li><strong>Vagas:<\/strong> a definir<\/li>\n\n\n\n<li><strong>Sal\u00e1rio:<\/strong> R$ 2.200,00 a R$ 23.8333,33 [\u00faltimo edital Funsa\u00fade CE]<\/li>\n<\/ul>\n\n\n\n<h3 class=\"wp-block-heading\" id=\"h-concurso-svs-ap\"><a href=\"https:\/\/www.estrategiaconcursos.com.br\/blog\/concurso-svs-ap\/\" target=\"_blank\" rel=\"noreferrer noopener\">Concurso SVS AP<\/a><\/h3>\n\n\n\n<ul class=\"wp-block-list\">\n<li><strong>Status<\/strong>: comiss\u00e3o formada<\/li>\n\n\n\n<li><strong>Cargos:&nbsp;<\/strong>a definir<\/li>\n\n\n\n<li><strong>Forma\u00e7\u00e3o:&nbsp;<\/strong>a definir<\/li>\n\n\n\n<li><strong>Vagas:<\/strong> a definir<\/li>\n\n\n\n<li><strong>Sal\u00e1rio:<\/strong>&nbsp;a definir<\/li>\n<\/ul>\n\n\n\n<h3 class=\"wp-block-heading\" id=\"h-concurso-joao-pessoa-saude\"><a href=\"https:\/\/www.estrategiaconcursos.com.br\/blog\/concurso-joao-pessoa-saude\/\" target=\"_blank\" rel=\"noreferrer noopener\">Concurso Jo\u00e3o Pessoa Sa\u00fade<\/a><\/h3>\n\n\n\n<ul class=\"wp-block-list\">\n<li><strong>Status<\/strong>: anunciado<\/li>\n\n\n\n<li><strong>Cargos:&nbsp;<\/strong>diversos<\/li>\n\n\n\n<li><strong>Forma\u00e7\u00e3o:&nbsp;<\/strong>a definir<\/li>\n\n\n\n<li><strong>Vagas:<\/strong> 2.000<\/li>\n\n\n\n<li><strong>Sal\u00e1rio:<\/strong>&nbsp;a definir<\/li>\n<\/ul>\n\n\n\n<h3 class=\"wp-block-heading\" id=\"h-concurso-pm-ba-saude\"><a href=\"https:\/\/www.estrategiaconcursos.com.br\/blog\/concurso-pm-ba-saude\/\" target=\"_blank\" rel=\"noreferrer noopener\">Concurso PM BA Sa\u00fade<\/a><\/h3>\n\n\n\n<ul class=\"wp-block-list\">\n<li><strong>Status<\/strong>: autorizado<\/li>\n\n\n\n<li><strong>Cargos:&nbsp;<\/strong>M\u00e9dio e Odontologista<\/li>\n\n\n\n<li><strong>Forma\u00e7\u00e3o:&nbsp;<\/strong>n\u00edvel superior<\/li>\n\n\n\n<li><strong>Vagas:<\/strong> 40<\/li>\n\n\n\n<li><strong>Sal\u00e1rio:<\/strong>&nbsp;R$ 7.164,19 (ap\u00f3s forma\u00e7\u00e3o)<\/li>\n<\/ul>\n\n\n\n<h3 class=\"wp-block-heading has-text-align-left\" id=\"h-concurso-ministerio-da-saude-temporarios\"><a href=\"https:\/\/www.estrategiaconcursos.com.br\/blog\/concurso-ministerio-da-saude\/\" target=\"_blank\" rel=\"noreferrer noopener\">Concurso Minist\u00e9rio da Sa\u00fade (Tempor\u00e1rios)<\/a><\/h3>\n\n\n\n<ul class=\"wp-block-list\">\n<li><strong>Status<\/strong>: autorizado<\/li>\n\n\n\n<li><strong>Cargos:&nbsp;<\/strong>v\u00e1rios<\/li>\n\n\n\n<li><strong>Forma\u00e7\u00e3o:&nbsp;<\/strong>n\u00edveis m\u00e9dio e superior<\/li>\n\n\n\n<li><strong>Vagas:<\/strong> 300 + 459 CR<\/li>\n\n\n\n<li><strong>Sal\u00e1rio:<\/strong>&nbsp;R$ 3.731,83 a R$ 6.256,90<\/li>\n<\/ul>\n\n\n\n<h3 class=\"wp-block-heading\" id=\"h-concurso-fsph-se\"><a href=\"https:\/\/www.estrategiaconcursos.com.br\/blog\/concurso-fsph\/\" target=\"_blank\" rel=\"noreferrer noopener\">Concurso FSPH SE<\/a><\/h3>\n\n\n\n<ul class=\"wp-block-list\">\n<li><strong>Status<\/strong>: MP cobra novo edital<\/li>\n\n\n\n<li><strong>Cargos:&nbsp;<\/strong>v\u00e1rios<\/li>\n\n\n\n<li><strong>Forma\u00e7\u00e3o:&nbsp;<\/strong>fundamental, m\u00e9dio e superior<\/li>\n\n\n\n<li><strong>Vagas:<\/strong> a definir<\/li>\n\n\n\n<li><strong>Sal\u00e1rio:<\/strong>&nbsp;at\u00e9 R$ 6.000,00 [\u00faltimo edital]<\/li>\n<\/ul>\n\n\n\n<h3 class=\"wp-block-heading\" id=\"h-concurso-funeas-pr\"><a href=\"https:\/\/www.estrategiaconcursos.com.br\/blog\/concurso-funeas-pr\/\" target=\"_blank\" rel=\"noreferrer noopener\">Concurso FUNEAS PR<\/a><\/h3>\n\n\n\n<ul class=\"wp-block-list\">\n<li><strong>Status<\/strong>: banca definida (Instituto Consulpam)<\/li>\n\n\n\n<li><strong>Cargos:&nbsp;<\/strong>v\u00e1rios<\/li>\n\n\n\n<li><strong>Forma\u00e7\u00e3o:&nbsp;<\/strong>n\u00edvel m\u00e9dio, t\u00e9cnico e superior<\/li>\n\n\n\n<li><strong>Vagas:<\/strong> 28<\/li>\n\n\n\n<li><strong>Sal\u00e1rio:<\/strong>&nbsp;R$ 3.100,00 a R$ 5.300,00<\/li>\n<\/ul>\n\n\n\n<h3 class=\"wp-block-heading\" id=\"h-concurso-ses-rj\"><a href=\"https:\/\/www.estrategiaconcursos.com.br\/blog\/concurso-ses-rj\/\" target=\"_blank\" rel=\"noreferrer noopener\">Concurso SES RJ<\/a><\/h3>\n\n\n\n<ul class=\"wp-block-list\">\n<li><strong>Status<\/strong>: autorizado<\/li>\n\n\n\n<li><strong>Cargo:&nbsp;<\/strong>a definir<\/li>\n\n\n\n<li><strong>Forma\u00e7\u00e3o:&nbsp;<\/strong>m\u00e9dio e superior<\/li>\n\n\n\n<li><strong>Vagas:<\/strong> 287<\/li>\n\n\n\n<li><strong>Sal\u00e1rio:<\/strong>&nbsp;R$ 1.734,35 a R$ 6.409,94 + benef\u00edcios<\/li>\n<\/ul>\n\n\n\n<h3 class=\"wp-block-heading\" id=\"h-concurso-ses-pe\"><a href=\"https:\/\/www.estrategiaconcursos.com.br\/blog\/concurso-ses-pe\/\" target=\"_blank\" rel=\"noreferrer noopener\">Concurso SES PE<\/a><\/h3>\n\n\n\n<ul class=\"wp-block-list\">\n<li><strong>Status<\/strong>: anunciado<\/li>\n\n\n\n<li><strong>Cargo: <\/strong>diversos<\/li>\n\n\n\n<li><strong>Forma\u00e7\u00e3o: <\/strong>m\u00e9dio, t\u00e9cnico e superior<\/li>\n\n\n\n<li><strong>Vagas:<\/strong> a definir<\/li>\n\n\n\n<li><strong>Sal\u00e1rio:<\/strong>&nbsp;R$ 1.087,17 a R$ 9.326,57 [\u00faltimo concurso]<\/li>\n<\/ul>\n\n\n\n<h3 class=\"wp-block-heading\" id=\"h-concurso-fesaude-niteroi-rj\"><a href=\"https:\/\/www.estrategiaconcursos.com.br\/blog\/concurso-fesaude-niteroi\/\" target=\"_blank\" rel=\"noreferrer noopener\">Concurso FeSa\u00fade Niter\u00f3i<\/a> (RJ)<\/h3>\n\n\n\n<ul class=\"wp-block-list\">\n<li><strong>Status<\/strong>: comiss\u00e3o formada<\/li>\n\n\n\n<li><strong>Cargos:&nbsp;<\/strong>v\u00e1rios<\/li>\n\n\n\n<li><strong><\/strong><strong>Forma\u00e7\u00e3o<\/strong>:&nbsp;a definir<\/li>\n\n\n\n<li><strong>Vagas<\/strong>: a definir<\/li>\n\n\n\n<li><strong><\/strong><strong>Sal\u00e1rio<\/strong>:&nbsp;R$ 1.400,00 a R$ 13.800,00 [\u00faltimo edital]<\/li>\n<\/ul>\n\n\n\n<h3 class=\"wp-block-heading\" id=\"h-concurso-hemocentro-df\"><a href=\"https:\/\/www.estrategiaconcursos.com.br\/blog\/concurso-hemocentro-df\/\" target=\"_blank\" rel=\"noreferrer noopener\">Concurso Hemocentro DF<\/a><\/h3>\n\n\n\n<ul class=\"wp-block-list\">\n<li><strong>Status<\/strong>:&nbsp;comiss\u00e3o formada<\/li>\n\n\n\n<li><strong>Cargos:&nbsp;<\/strong>Analista e T\u00e9cnico de Atividades<\/li>\n\n\n\n<li><strong><\/strong><strong>Forma\u00e7\u00e3o<\/strong>:&nbsp;m\u00e9dio e superior<\/li>\n\n\n\n<li><strong>Vagas<\/strong>: 121<\/li>\n\n\n\n<li><strong>Sal\u00e1rio:<\/strong> R$ 4.480,00 a R$ 6.760,00<\/li>\n<\/ul>\n\n\n\n<h3 class=\"wp-block-heading\" id=\"h-concurso-fundacao-oncocentro-sp\"><a href=\"https:\/\/www.estrategiaconcursos.com.br\/blog\/concurso-fundacao-oncocentro-sp\/\" target=\"_blank\" rel=\"noreferrer noopener\">Concurso Funda\u00e7\u00e3o Oncocentro SP<\/a><\/h3>\n\n\n\n<ul class=\"wp-block-list\">\n<li><strong>Status<\/strong>:&nbsp;comiss\u00e3o formada<\/li>\n\n\n\n<li><strong>Cargos:&nbsp;<\/strong>a definir<\/li>\n\n\n\n<li><strong>Forma\u00e7\u00e3o<\/strong>:&nbsp;a definir<\/li>\n\n\n\n<li><strong>Vagas<\/strong>: a definir<\/li>\n\n\n\n<li><strong>Sal\u00e1rio:<\/strong> a definir<\/li>\n<\/ul>\n\n\n\n<h3 class=\"wp-block-heading\" id=\"h-concurso-ses-sp\"><a href=\"https:\/\/www.estrategiaconcursos.com.br\/blog\/concurso-ses-sp\/\">Concurso SES SP<\/a><\/h3>\n\n\n\n<ul class=\"wp-block-list\">\n<li><strong>Status<\/strong>:&nbsp;banca definida (Legalle)<\/li>\n\n\n\n<li><strong>Cargos:&nbsp;<\/strong>M\u00e9dico I, Agente T\u00e9cnico de Assist\u00eancia \u00e0 Sa\u00fade, Oficial de Sa\u00fade, Enfermeiro e T\u00e9cnico de Enfermagem<\/li>\n\n\n\n<li><strong>Forma\u00e7\u00e3o<\/strong>:&nbsp;n\u00edveis m\u00e9dio e superior<\/li>\n\n\n\n<li><strong>Vagas<\/strong>: 17<\/li>\n\n\n\n<li><strong>Sal\u00e1rio:<\/strong> R$ 3.221,60 e R$ 7.900,60 + vantagens [\u00faltimo edital]<\/li>\n<\/ul>\n\n\n\n<ul class=\"wp-block-list\">\n<li><strong>Status<\/strong>:&nbsp;autorizado<\/li>\n\n\n\n<li><strong>Cargos:&nbsp;<\/strong>Agente T\u00e9cnico de Assist\u00eancia \u00e0 Sa\u00fade, Oficial de Sa\u00fade, Enfermeiro, T\u00e9cnico de Enfermagem e M\u00e9dico<\/li>\n\n\n\n<li><strong>Forma\u00e7\u00e3o<\/strong>:&nbsp;n\u00edveis m\u00e9dio e superior<\/li>\n\n\n\n<li><strong>Vagas<\/strong>: 481<\/li>\n\n\n\n<li><strong>Sal\u00e1rio:<\/strong> R$ 2.913,55 a R$ 7.900,60 [\u00faltimo edital]<\/li>\n<\/ul>\n\n\n\n<h3 class=\"wp-block-heading\" id=\"h-concurso-ses-am\"><a href=\"https:\/\/www.estrategiaconcursos.com.br\/blog\/concurso-susam\/\" target=\"_blank\" rel=\"noreferrer noopener\">Concurso SES AM<\/a><\/h3>\n\n\n\n<ul class=\"wp-block-list\">\n<li><strong>Status<\/strong>:&nbsp;comiss\u00e3o formada<\/li>\n\n\n\n<li><strong>Cargos:&nbsp;<\/strong>diversos<\/li>\n\n\n\n<li><strong><\/strong><strong>Forma\u00e7\u00e3o<\/strong>:&nbsp;m\u00e9dio, t\u00e9cnico e superior<\/li>\n\n\n\n<li><strong>Vagas<\/strong>: a definir<\/li>\n\n\n\n<li><strong>Sal\u00e1rio:<\/strong> R$ 1.294,57 a R$ 7.691,45 [\u00faltimo edital]<\/li>\n<\/ul>\n\n\n\n<h3 class=\"wp-block-heading\" id=\"block-3dbd1adc-c29c-40dc-93ac-1bdd5e2b4824\"><a href=\"https:\/\/www.estrategiaconcursos.com.br\/blog\/concurso-ses-mg\/\" target=\"_blank\" rel=\"noreferrer noopener\">Concurso SES MG<\/a><\/h3>\n\n\n\n<ul class=\"wp-block-list\">\n<li><strong>Status:<\/strong> banca definida (IBGP)<\/li>\n\n\n\n<li><strong>Cargos:<\/strong>&nbsp;Especialista em Pol\u00edticas e Gest\u00e3o da Sa\u00fade (EPGS)<\/li>\n\n\n\n<li><strong>Forma\u00e7\u00e3o:<\/strong> superior<\/li>\n\n\n\n<li><strong>Vagas:&nbsp;<\/strong>380<\/li>\n\n\n\n<li><strong>Sal\u00e1rio:<\/strong>&nbsp;R$ 899,28 a R$ 5.011,22<\/li>\n<\/ul>\n\n\n\n<h3 class=\"wp-block-heading\"><a href=\"https:\/\/www.estrategiaconcursos.com.br\/blog\/concurso-sms-joao-pessoa\/\" target=\"_blank\" rel=\"noreferrer noopener\">Concurso SMS Jo\u00e3o Pessoa<\/a><\/h3>\n\n\n\n<ul class=\"wp-block-list\">\n<li><strong>Status<\/strong>: anunciado<\/li>\n\n\n\n<li><strong>Cargos:&nbsp;<\/strong>a definir<\/li>\n\n\n\n<li><strong>Forma\u00e7\u00e3o<\/strong>:&nbsp;a definir<\/li>\n\n\n\n<li><strong>Vagas<\/strong>: a definir<\/li>\n\n\n\n<li><strong>Sal\u00e1rio<\/strong>:&nbsp;a definir<\/li>\n<\/ul>\n\n\n\n<h3 class=\"wp-block-heading\"><a href=\"https:\/\/www.estrategiaconcursos.com.br\/blog\/concurso-sms-campos-dos-goytacazes\/\" target=\"_blank\" rel=\"noreferrer noopener\">Concurso SMS Campos dos Goytacazes<\/a><\/h3>\n\n\n\n<ul class=\"wp-block-list\">\n<li><strong>Status<\/strong>: comiss\u00e3o formada<\/li>\n\n\n\n<li><strong>Cargos:&nbsp;<\/strong>a definir<\/li>\n\n\n\n<li><strong>Forma\u00e7\u00e3o<\/strong>:&nbsp;m\u00e9dio e superior<\/li>\n\n\n\n<li><strong>Vagas<\/strong>: a definir<\/li>\n\n\n\n<li><strong>Sal\u00e1rio<\/strong>:&nbsp;R$ 1.014,00 [\u00faltimo edital]<\/li>\n<\/ul>\n\n\n\n<h3 class=\"wp-block-heading\"><a href=\"https:\/\/www.estrategiaconcursos.com.br\/blog\/concurso-sesa-ap\/\" target=\"_blank\" rel=\"noreferrer noopener\">Concurso SESA AP<\/a><\/h3>\n\n\n\n<ul class=\"wp-block-list\">\n<li><strong>Status<\/strong>: comiss\u00e3o formada | banca em contrata\u00e7\u00e3o<\/li>\n\n\n\n<li><strong>Cargos:&nbsp;<\/strong>v\u00e1rios<\/li>\n\n\n\n<li><strong><\/strong><strong>Forma\u00e7\u00e3o<\/strong>:&nbsp;m\u00e9dio e superior<\/li>\n\n\n\n<li><strong>Vagas<\/strong>: at\u00e9 3 mil<\/li>\n\n\n\n<li><strong><\/strong><strong>Sal\u00e1rio<\/strong>:&nbsp;R$ 1.747,46 a R$ 6.112,98 <em>(\u00faltimo edital)<\/em><\/li>\n<\/ul>\n\n\n\n<h3 class=\"wp-block-heading\"><a href=\"https:\/\/www.estrategiaconcursos.com.br\/blog\/concurso-ses-df\/\" target=\"_blank\" rel=\"noreferrer noopener\">Concurso SES DF<\/a><\/h3>\n\n\n\n<ul class=\"wp-block-list\">\n<li><strong>Status<\/strong>: grupo de trabalho formado | solicitado<\/li>\n\n\n\n<li><strong>Cargos:<\/strong>&nbsp;Especialista em Sa\u00fade | Especialista (Assist\u00eancia Social)<\/li>\n\n\n\n<li><strong><\/strong><strong>Forma\u00e7\u00e3o<\/strong>:&nbsp;N\u00edvel superior<\/li>\n\n\n\n<li><strong>Vagas:&nbsp;<\/strong>2.379 | A definir<\/li>\n\n\n\n<li><strong>Sal\u00e1rio<\/strong>:&nbsp;R$ 1.988,00 a R$ 4.485,00 [\u00faltimos editais]<\/li>\n<\/ul>\n\n\n\n<h3 class=\"wp-block-heading\" id=\"h-concurso-macae-saude-rj\"><a href=\"https:\/\/www.estrategiaconcursos.com.br\/blog\/concurso-macae-saude\/\">Concurso Maca\u00e9 Sa\u00fade<\/a> (RJ)<\/h3>\n\n\n\n<ul class=\"wp-block-list\">\n<li><strong>Status<\/strong>: banca definida (FGV)<\/li>\n\n\n\n<li><strong>Cargo:&nbsp;<\/strong>a definir<\/li>\n\n\n\n<li><strong>Forma\u00e7\u00e3o:&nbsp;<\/strong>a definir<\/li>\n\n\n\n<li><strong>Vagas:<\/strong>&nbsp;a definir<\/li>\n\n\n\n<li><strong>Sal\u00e1rio:<\/strong>&nbsp;R$ 3.633,54 a R$ 5.450,33 [\u00faltimo edital]<\/li>\n<\/ul>\n\n\n\n<h3 class=\"wp-block-heading\"><a href=\"https:\/\/www.estrategiaconcursos.com.br\/blog\/concurso-fhemeron\" target=\"_blank\" rel=\"noreferrer noopener\">Concurso FHEMERON<\/a><\/h3>\n\n\n\n<ul class=\"wp-block-list\">\n<li><strong>Status<\/strong>: comiss\u00e3o formada<\/li>\n\n\n\n<li><strong>Cargo:&nbsp;<\/strong>a definir<\/li>\n\n\n\n<li><strong>Forma\u00e7\u00e3o:&nbsp;<\/strong>a definir<\/li>\n\n\n\n<li><strong>Vagas:<\/strong>&nbsp;a definir<\/li>\n\n\n\n<li><strong>Sal\u00e1rio:<\/strong>&nbsp;R$ 2.438,28 a R$ 13.095,05 <em>(\u00faltimo edital)<\/em><\/li>\n<\/ul>\n\n\n\n<h3 class=\"wp-block-heading\"><a href=\"https:\/\/www.estrategiaconcursos.com.br\/blog\/concurso-iasb-pa\" target=\"_blank\" rel=\"noreferrer noopener\">Concurso IASB PA<\/a><\/h3>\n\n\n\n<ul class=\"wp-block-list\">\n<li><strong>Status<\/strong>: comiss\u00e3o formada<\/li>\n\n\n\n<li><strong>Cargo:&nbsp;<\/strong>a definir<\/li>\n\n\n\n<li><strong>Forma\u00e7\u00e3o:&nbsp;<\/strong>a definir<\/li>\n\n\n\n<li><strong>Vagas:<\/strong>&nbsp;a definir<\/li>\n\n\n\n<li><strong>Sal\u00e1rio:<\/strong>&nbsp;R$ 2.010,50 a R$ 8.989,15 <em>(\u00faltimo edital)<\/em><\/li>\n<\/ul>\n\n\n\n<h3 class=\"wp-block-heading\" id=\"block-3dbd1adc-c29c-40dc-93ac-1bdd5e2b4824\"><a href=\"https:\/\/www.estrategiaconcursos.com.br\/blog\/concurso-ijf\/\" target=\"_blank\" rel=\"noreferrer noopener\">Concurso IJF Fortaleza<\/a> (CE)<\/h3>\n\n\n\n<ul class=\"wp-block-list\">\n<li><strong><\/strong><strong>Status<\/strong>:&nbsp;Anunciado<\/li>\n\n\n\n<li><strong>Cargos:<\/strong>&nbsp;Diversos<\/li>\n\n\n\n<li><strong><\/strong><strong><\/strong><strong><\/strong><strong><\/strong><strong><\/strong><strong><\/strong><strong>Forma\u00e7\u00e3o<\/strong>:&nbsp;m\u00e9dio e superior<\/li>\n\n\n\n<li><strong>Vagas:&nbsp;<\/strong>13<\/li>\n\n\n\n<li><strong><\/strong><strong><\/strong><strong><\/strong><strong><\/strong><strong><\/strong><strong><\/strong><strong>Sal\u00e1rio<\/strong>:&nbsp;R$ 947,57 a R$ 3.405,44 <em>(\u00faltimo edital)<\/em><\/li>\n<\/ul>\n\n\n\n<h3 class=\"wp-block-heading\"><a href=\"https:\/\/www.estrategiaconcursos.com.br\/blog\/concurso-hcfmb\/\" target=\"_blank\" rel=\"noreferrer noopener\">Concurso HCFMB SP<\/a><\/h3>\n\n\n\n<ul class=\"wp-block-list\">\n<li><strong>Status<\/strong>:&nbsp;comiss\u00e3o formada<\/li>\n\n\n\n<li><strong>Cargos:<\/strong>&nbsp;Enfermeiro<\/li>\n\n\n\n<li><strong>Forma\u00e7\u00e3o<\/strong>:&nbsp;n\u00edvel superior<\/li>\n\n\n\n<li><strong>Vagas:&nbsp;<\/strong>2<\/li>\n\n\n\n<li><strong>Sal\u00e1rio<\/strong>:&nbsp;R$ 1.595,56 (+ benef\u00edcios)<\/li>\n<\/ul>\n\n\n\n<h3 class=\"wp-block-heading\" id=\"block-3dbd1adc-c29c-40dc-93ac-1bdd5e2b4824\"><a href=\"https:\/\/www.estrategiaconcursos.com.br\/blog\/concurso-hcrp-usp\/\" target=\"_blank\" rel=\"noreferrer noopener\">Concurso HCRP SP<\/a><\/h3>\n\n\n\n<ul class=\"wp-block-list\">\n<li><strong><\/strong><strong><\/strong><strong>Status<\/strong>:&nbsp;comiss\u00e3o formada<\/li>\n\n\n\n<li><strong>Cargos:<\/strong>&nbsp;a definir<\/li>\n\n\n\n<li><strong><\/strong><strong><\/strong><strong>Forma\u00e7\u00e3o<\/strong>:&nbsp;N\u00edvel superior<\/li>\n\n\n\n<li><strong>Vagas:&nbsp;<\/strong>a definir<\/li>\n\n\n\n<li><strong><\/strong><strong><\/strong><strong>Sal\u00e1rio<\/strong>:&nbsp;R$ 2.648,17 + benef\u00edcios e adicionais<\/li>\n<\/ul>\n\n\n\n<h3 class=\"wp-block-heading\" id=\"block-3dbd1adc-c29c-40dc-93ac-1bdd5e2b4824\"><a href=\"https:\/\/www.estrategiaconcursos.com.br\/blog\/concurso-ecsp\/\" target=\"_blank\" rel=\"noreferrer noopener\">Concurso ECSP Cuiab\u00e1<\/a> (MT)<\/h3>\n\n\n\n<ul class=\"wp-block-list\">\n<li><strong><\/strong><strong>Status<\/strong>:&nbsp;Comiss\u00e3o formada<\/li>\n\n\n\n<li><strong>Cargos:<\/strong>&nbsp;a definir<\/li>\n\n\n\n<li><strong><\/strong><strong>Forma\u00e7\u00e3o<\/strong>:&nbsp;a definir<\/li>\n\n\n\n<li><strong>Vagas:&nbsp;<\/strong>a definir<\/li>\n\n\n\n<li><strong>Sal\u00e1rio<\/strong>:&nbsp;R$ 11.280,00 <em>(\u00faltimo edital)<\/em><\/li>\n<\/ul>\n\n\n\n<h3 class=\"wp-block-heading\" id=\"block-3dbd1adc-c29c-40dc-93ac-1bdd5e2b4824\"><a href=\"https:\/\/www.estrategiaconcursos.com.br\/blog\/concurso-cisbaf\/\" target=\"_blank\" rel=\"noreferrer noopener\">Concurso PSS CISBAF<\/a><\/h3>\n\n\n\n<ul class=\"wp-block-list\">\n<li><strong>Status<\/strong>:&nbsp;banca contratada (Instituto Consulplan)<\/li>\n\n\n\n<li><strong>Cargos:<\/strong>&nbsp;diversos<\/li>\n\n\n\n<li><strong>Forma\u00e7\u00e3o<\/strong>: fundamental, m\u00e9dio, t\u00e9cnico e superior<\/li>\n\n\n\n<li><strong>Vagas:&nbsp;<\/strong>276 + CR<\/li>\n\n\n\n<li><strong>Sal\u00e1rio<\/strong>: R$ 1.400,00 a R$ 2.314,93 [\u00faltimo edital]<\/li>\n<\/ul>\n\n\n\n<h2 class=\"wp-block-heading has-very-light-gray-to-cyan-bluish-gray-gradient-background has-background\" id=\"bancaria\">Concursos 2025: \u00e1rea Banc\u00e1ria e Financeira<\/h2>\n\n\n\n<h3 class=\"wp-block-heading\" id=\"h-concurso-cvm\"><a href=\"https:\/\/www.estrategiaconcursos.com.br\/blog\/concurso-cvm\/\" target=\"_blank\" rel=\"noreferrer noopener\">Concurso CVM<\/a><\/h3>\n\n\n\n<ul class=\"wp-block-list\">\n<li><strong>Status<\/strong>: Solicitado<\/li>\n\n\n\n<li><strong>Cargos:&nbsp;<\/strong>Inspetor, Analista e Agente Executivo<\/li>\n\n\n\n<li><strong>Forma\u00e7\u00e3o:<\/strong>&nbsp;N\u00edvel m\u00e9dio e superior<\/li>\n\n\n\n<li><strong>Vagas:<\/strong>&nbsp;139<\/li>\n\n\n\n<li><strong>Sal\u00e1rio:<\/strong>&nbsp;R$ 20.924,80<\/li>\n<\/ul>\n\n\n\n<h3 class=\"wp-block-heading\" id=\"h-concurso-banco-do-brasil\"><a href=\"https:\/\/www.estrategiaconcursos.com.br\/blog\/concurso-banco-do-brasil\/\" target=\"_blank\" rel=\"noreferrer noopener\">Concurso Banco do Brasil<\/a><\/h3>\n\n\n\n<ul class=\"wp-block-list\">\n<li><strong>Status<\/strong>: em estudos<\/li>\n\n\n\n<li><strong>Cargos:&nbsp;<\/strong>a definir<\/li>\n\n\n\n<li><strong>Forma\u00e7\u00e3o:<\/strong>&nbsp;a definir<\/li>\n\n\n\n<li><strong>Vagas:<\/strong> a definir<\/li>\n\n\n\n<li><strong>Sal\u00e1rio:<\/strong>&nbsp;R$ 3.622,23 + benef\u00edcios [\u00faltimo edital]<\/li>\n<\/ul>\n\n\n\n<h3 class=\"wp-block-heading\" id=\"h-concurso-bacen\" style=\"font-size:clamp(14px, 0.875rem + ((1vw - 3.2px) * 0.588), 20px);\"><a href=\"https:\/\/www.estrategiaconcursos.com.br\/blog\/concurso-bacen\" target=\"_blank\" rel=\"noreferrer noopener\">Concurso BACEN<\/a><\/h3>\n\n\n\n<ul class=\"wp-block-list\">\n<li><strong>Status<\/strong>: solicitado<\/li>\n\n\n\n<li><strong>Cargos:&nbsp;<\/strong>T\u00e9cnico, Analista e Procurador<\/li>\n\n\n\n<li><strong>Forma\u00e7\u00e3o:<\/strong>&nbsp;n\u00edvel m\u00e9dio e superior<\/li>\n\n\n\n<li><strong>Vagas:<\/strong> 560<\/li>\n\n\n\n<li><strong>Sal\u00e1rio:<\/strong>&nbsp;R$ 7.938,81 a R$ 20.924,80<\/li>\n<\/ul>\n\n\n\n<h3 class=\"wp-block-heading\" id=\"h-concurso-bndes\" style=\"font-size:clamp(14px, 0.875rem + ((1vw - 3.2px) * 0.588), 20px);\"><a href=\"https:\/\/www.estrategiaconcursos.com.br\/blog\/concurso-bndes\/\" target=\"_blank\" rel=\"noreferrer noopener\">Concurso BNDES<\/a><\/h3>\n\n\n\n<ul class=\"wp-block-list\">\n<li><strong>Status<\/strong>: em estudo<\/li>\n\n\n\n<li><strong>Cargos:&nbsp;<\/strong>a definir<\/li>\n\n\n\n<li><strong>Forma\u00e7\u00e3o:<\/strong>&nbsp;n\u00edvel m\u00e9dio<\/li>\n\n\n\n<li><strong>Vagas:<\/strong> a definir<\/li>\n\n\n\n<li><strong>Sal\u00e1rio:<\/strong>&nbsp;R$ 5.246,74 a R$ 21.869,76<\/li>\n<\/ul>\n\n\n\n<h2 class=\"wp-block-heading has-very-light-gray-to-cyan-bluish-gray-gradient-background has-background\" id=\"educacao\">Concursos 2025: \u00e1rea da Educa\u00e7\u00e3o<\/h2>\n\n\n\n<h3 class=\"wp-block-heading\" id=\"concurso-mp-es\"><a href=\"https:\/\/www.estrategiaconcursos.com.br\/blog\/concurso-sed-sc\/\" target=\"_blank\" rel=\"noreferrer noopener\"><\/a><a href=\"https:\/\/www.estrategiaconcursos.com.br\/blog\/concurso-seduc-ma\/\" target=\"_blank\" rel=\"noreferrer noopener\"><strong>Concurso <\/strong>SEDUC MA<\/a><\/h3>\n\n\n\n<ul class=\"wp-block-list\">\n<li><strong>Status:<\/strong>&nbsp;anunciado<\/li>\n\n\n\n<li><strong>Cargos:&nbsp;<\/strong>a definir<\/li>\n\n\n\n<li><strong>Forma\u00e7\u00e3o:&nbsp;<\/strong>a definir<\/li>\n\n\n\n<li><strong>Vagas:<\/strong>&nbsp;2.300<\/li>\n\n\n\n<li><strong>Sal\u00e1rio:<\/strong>&nbsp;de R$ 3.625,25 a R$ 7.250,51<\/li>\n<\/ul>\n\n\n\n<h3 class=\"wp-block-heading\" id=\"concurso-mp-es\"><a href=\"https:\/\/www.estrategiaconcursos.com.br\/blog\/concurso-sed-sc\/\" target=\"_blank\" rel=\"noreferrer noopener\"><\/a><a href=\"https:\/\/www.estrategiaconcursos.com.br\/blog\/concurso-seduc-ro\" target=\"_blank\" rel=\"noreferrer noopener\"><strong>Concurso <\/strong>SEDUC RO<\/a><\/h3>\n\n\n\n<ul class=\"wp-block-list\">\n<li><strong>Status:<\/strong>&nbsp;comiss\u00e3o formada<\/li>\n\n\n\n<li><strong>Cargos:&nbsp;<\/strong>a definir<\/li>\n\n\n\n<li><strong>Forma\u00e7\u00e3o:&nbsp;<\/strong>a definir<\/li>\n\n\n\n<li><strong>Vagas:<\/strong>&nbsp;a definir<\/li>\n\n\n\n<li><strong>Sal\u00e1rio:<\/strong>&nbsp;R$ 4.867,77<\/li>\n<\/ul>\n\n\n\n<h3 class=\"wp-block-heading\" id=\"concurso-mp-es\"><a href=\"https:\/\/www.estrategiaconcursos.com.br\/blog\/concurso-sed-sc\/\" target=\"_blank\" rel=\"noreferrer noopener\"><\/a><a href=\"https:\/\/www.estrategiaconcursos.com.br\/blog\/concurso-colegio-pedro-ii\/\"><strong>Concurso <\/strong>Pedro II<\/a><\/h3>\n\n\n\n<ul class=\"wp-block-list\">\n<li><strong>Status:<\/strong>&nbsp;previsto<\/li>\n\n\n\n<li><strong>Cargos:&nbsp;<\/strong>Professor<\/li>\n\n\n\n<li><strong>Forma\u00e7\u00e3o:&nbsp;<\/strong>superior<\/li>\n\n\n\n<li><strong>Vagas:<\/strong>&nbsp;50<\/li>\n\n\n\n<li><strong>Sal\u00e1rio:<\/strong>&nbsp;R$6.180,86<\/li>\n<\/ul>\n\n\n\n<p class=\"has-medium-font-size\"><a href=\"https:\/\/www.estrategiaconcursos.com.br\/blog\/concurso-seduc-am\/\"><strong>Concurso Seduc AM<\/strong><\/a><\/p>\n\n\n\n<ul class=\"wp-block-list\">\n<li><strong>Status<\/strong>: previsto\/confirmado<\/li>\n\n\n\n<li><strong>Cargo: <\/strong>a definir<\/li>\n\n\n\n<li><strong>Forma\u00e7\u00e3o: <\/strong>a definir<\/li>\n\n\n\n<li><strong>Vagas:<\/strong> a definir<\/li>\n\n\n\n<li><strong>Sal\u00e1rio:<\/strong> R$ 1.525,06 a R$ 4.143,06 [\u00faltimo edital]<\/li>\n<\/ul>\n\n\n\n<h3 class=\"wp-block-heading\" id=\"concurso-mp-es\"><a href=\"https:\/\/www.estrategiaconcursos.com.br\/blog\/concurso-ufrj\/\">Concurso UFRJ<\/a><\/h3>\n\n\n\n<ul class=\"wp-block-list\">\n<li><strong>Status:<\/strong>&nbsp;banca definida &#8211; Selecon<\/li>\n\n\n\n<li><strong>Cargos:&nbsp;<\/strong>diversos<\/li>\n\n\n\n<li><strong>Forma\u00e7\u00e3o:&nbsp;<\/strong>m\u00e9dio e superior <\/li>\n\n\n\n<li><strong>Vagas:<\/strong>&nbsp;191<\/li>\n\n\n\n<li><strong>Sal\u00e1rio:<\/strong>&nbsp;at\u00e9 R$ 4.556,92 [\u00faltimo edital]<\/li>\n<\/ul>\n\n\n\n<h3 class=\"wp-block-heading\" id=\"concurso-mp-es\"><a href=\"https:\/\/www.estrategiaconcursos.com.br\/blog\/concurso-UFJF\/\" target=\"_blank\" rel=\"noreferrer noopener\">Concurso UFJF<\/a><\/h3>\n\n\n\n<ul class=\"wp-block-list\">\n<li><strong>Status:<\/strong>&nbsp;comiss\u00e3o formada<\/li>\n\n\n\n<li><strong>Cargos:&nbsp;<\/strong>diversos<\/li>\n\n\n\n<li><strong>Forma\u00e7\u00e3o:&nbsp;<\/strong>m\u00e9dio e superior <\/li>\n\n\n\n<li><strong>Vagas:<\/strong>&nbsp;13<\/li>\n\n\n\n<li><strong>Sal\u00e1rio:<\/strong>&nbsp;at\u00e9 R$ 4.180,66 [\u00faltimo edital]<\/li>\n<\/ul>\n\n\n\n<h3 class=\"wp-block-heading\" id=\"concurso-mp-es\"><a href=\"https:\/\/www.estrategiaconcursos.com.br\/blog\/concurso-sme-fortaleza\/\">Concurso SME Fortaleza<\/a><\/h3>\n\n\n\n<ul class=\"wp-block-list\">\n<li><strong>Status:<\/strong>&nbsp;anunciado<\/li>\n\n\n\n<li><strong>Cargos:&nbsp;<\/strong>professor<\/li>\n\n\n\n<li><strong>Forma\u00e7\u00e3o:&nbsp;<\/strong>a definir<\/li>\n\n\n\n<li><strong>Vagas:<\/strong>&nbsp;a definir<\/li>\n\n\n\n<li><strong>Sal\u00e1rio:<\/strong>&nbsp;R$ 4.384,82 (\u00faltimo edital)<\/li>\n<\/ul>\n\n\n\n<h3 class=\"wp-block-heading\" id=\"concurso-mp-es\"><a href=\"https:\/\/www.estrategiaconcursos.com.br\/blog\/concurso-sed-sc\/\">Concurso Sed SC<\/a><\/h3>\n\n\n\n<ul class=\"wp-block-list\">\n<li><strong>Status:<\/strong>&nbsp;anunciado<\/li>\n\n\n\n<li><strong>Cargos:&nbsp;<\/strong>a definir<\/li>\n\n\n\n<li><strong>Forma\u00e7\u00e3o:&nbsp;<\/strong>a definir<\/li>\n\n\n\n<li><strong>Vagas:<\/strong>&nbsp;a definir<\/li>\n\n\n\n<li><strong>Sal\u00e1rio:<\/strong>&nbsp;de R$ 1.249,99 a R$ 5.000,00 (\u00faltimo edital)<\/li>\n<\/ul>\n\n\n\n<h3 class=\"wp-block-heading\" id=\"h-concurso-ifsuldeminas\"><a href=\"https:\/\/www.estrategiaconcursos.com.br\/blog\/concurso-ifsuldeminas\/\" target=\"_blank\" rel=\"noreferrer noopener\">Concurso IFSULDEMINAS<\/a><\/h3>\n\n\n\n<ul class=\"wp-block-list\">\n<li><strong>Status<\/strong>: banca definida <\/li>\n\n\n\n<li><strong>Cargo:<\/strong> TAE<\/li>\n\n\n\n<li><strong>Forma\u00e7\u00e3o:<\/strong> adefinir <\/li>\n\n\n\n<li><strong>Vagas: <\/strong>a definir <\/li>\n\n\n\n<li><strong>Sal\u00e1rio:<\/strong> at\u00e9 R$ 11.481,64 [\u00faltimo edital]<\/li>\n<\/ul>\n\n\n\n<h3 class=\"wp-block-heading\" id=\"h-concurso-udesc\"><a href=\"https:\/\/www.estrategiaconcursos.com.br\/blog\/concurso-udesc\/\" target=\"_blank\" rel=\"noreferrer noopener\">Concurso UDESC <\/a><\/h3>\n\n\n\n<ul class=\"wp-block-list\">\n<li><strong>Status<\/strong>: comiss\u00e3o formada<\/li>\n\n\n\n<li><strong>Cargo:<\/strong> TAE<\/li>\n\n\n\n<li><strong>Forma\u00e7\u00e3o:<\/strong> adefinir <\/li>\n\n\n\n<li><strong>Vagas: <\/strong>a definir <\/li>\n\n\n\n<li><strong>Sal\u00e1rio:<\/strong> R$ 5.413,98 [\u00faltimo edital]<\/li>\n<\/ul>\n\n\n\n<h3 class=\"wp-block-heading\" id=\"h-concurso-sedf\"><a href=\"https:\/\/www.estrategiaconcursos.com.br\/blog\/concurso-sedf\/\" target=\"_blank\" rel=\"noreferrer noopener\">Concurso SEDF<\/a><\/h3>\n\n\n\n<ul class=\"wp-block-list\">\n<li><strong>Status<\/strong>: comiss\u00e3o formada <\/li>\n\n\n\n<li><strong>Cargo:<\/strong> diversos<\/li>\n\n\n\n<li><strong>Forma\u00e7\u00e3o:<\/strong> superior<\/li>\n\n\n\n<li><strong>Vagas: <\/strong>10.604<\/li>\n\n\n\n<li><strong>Sal\u00e1rio:<\/strong> de R$ 6.749,10 at\u00e9 R$ 14.402,73<\/li>\n<\/ul>\n\n\n\n<h3 class=\"wp-block-heading\" id=\"h-concurso-sme-rio-das-ostras-nbsp-rj\"><a href=\"https:\/\/www.estrategiaconcursos.com.br\/blog\/concurso-sme-rio-das-ostras-rj\/\">Concurso SME Rio das Ostras&nbsp;(RJ)<\/a><\/h3>\n\n\n\n<ul class=\"wp-block-list\">\n<li><strong>Status<\/strong>: comiss\u00e3o formada<\/li>\n\n\n\n<li><strong>Cargo:<\/strong>&nbsp;diversos<\/li>\n\n\n\n<li><strong>Forma\u00e7\u00e3o:<\/strong>&nbsp;a definir<\/li>\n\n\n\n<li><strong>Vagas:<\/strong>&nbsp;a definir<\/li>\n\n\n\n<li><strong>Sal\u00e1rio:<\/strong>&nbsp;at\u00e9 R$ 2.292,52 \u2013 \u00faltimo edital<\/li>\n<\/ul>\n\n\n\n<h3 class=\"wp-block-heading\" id=\"h-concurso-sme-saquarema-rj\"><a href=\"https:\/\/www.estrategiaconcursos.com.br\/blog\/concurso-sme-saquarema-rj\/\">Concurso SME Saquarema<\/a> (RJ)<\/h3>\n\n\n\n<ul class=\"wp-block-list\">\n<li><strong>Status<\/strong>: comiss\u00e3o formada<\/li>\n\n\n\n<li><strong>Cargo:<\/strong> diversos<\/li>\n\n\n\n<li><strong>Forma\u00e7\u00e3o:<\/strong> superior e m\u00e9dio<\/li>\n\n\n\n<li><strong>Vagas:<\/strong> a definir<\/li>\n\n\n\n<li><strong>Sal\u00e1rio:<\/strong> de R$ 1.212,00 a R$ 4.025,84 \u2013 edital 2022<\/li>\n<\/ul>\n\n\n\n<h3 class=\"wp-block-heading\" id=\"h-concurso-sme-campos-dos-goytacazes-rj\"><a href=\"https:\/\/www.estrategiaconcursos.com.br\/blog\/concurso-sme-campos-dos-goytacazes-rj\/\">Concurso SME Campos dos Goytacazes RJ<\/a><\/h3>\n\n\n\n<ul class=\"wp-block-list\">\n<li><strong>Status<\/strong>: anunciado<\/li>\n\n\n\n<li><strong>Cargo:<\/strong> professor<\/li>\n\n\n\n<li><strong>Forma\u00e7\u00e3o:<\/strong> superior <\/li>\n\n\n\n<li><strong>Vagas:<\/strong> 1.000<\/li>\n\n\n\n<li><strong>Sal\u00e1rio:<\/strong> a definir<\/li>\n<\/ul>\n\n\n\n<h3 class=\"wp-block-heading\" id=\"h-concurso-sme-itaitinga\"><a href=\"https:\/\/www.estrategiaconcursos.com.br\/blog\/concurso-sme-itaitinga-ce\/?msockid=3e0d3e43e2f867b9335e2b3ee325662e\">Concurso SME Itaitinga<\/a><\/h3>\n\n\n\n<ul class=\"wp-block-list\">\n<li><strong>Status<\/strong>: banca em defini\u00e7\u00e3o<\/li>\n\n\n\n<li><strong>Cargo:<\/strong> professor<\/li>\n\n\n\n<li><strong>Forma\u00e7\u00e3o:<\/strong> superior<\/li>\n\n\n\n<li><strong>Vagas:<\/strong> 270<\/li>\n\n\n\n<li><strong>Sal\u00e1rio:<\/strong> at\u00e9 R$ 3.845,63$ 9.886,16 (\u00faltimo edital)<\/li>\n<\/ul>\n\n\n\n<h3 class=\"wp-block-heading\" id=\"h-concurso-sec-ba\"><a href=\"https:\/\/www.estrategiaconcursos.com.br\/blog\/concurso-sec-ba\/?msockid=3e0d3e43e2f867b9335e2b3ee325662e\">Concurso SEC BA<\/a><\/h3>\n\n\n\n<ul class=\"wp-block-list\">\n<li><strong>Status<\/strong>: anunciado<\/li>\n\n\n\n<li><strong>Cargo:<\/strong> pedagogo e professor<\/li>\n\n\n\n<li><strong>Forma\u00e7\u00e3o:<\/strong> superior<\/li>\n\n\n\n<li><strong>Vagas:<\/strong> 2.113<\/li>\n\n\n\n<li><strong>Sal\u00e1rio:<\/strong> R$ 5.050,43 a R$ 5.187,88<\/li>\n<\/ul>\n\n\n\n<h3 class=\"wp-block-heading\" id=\"h-concurso-ifrj\"><a href=\"https:\/\/www.estrategiaconcursos.com.br\/blog\/concurso-ifrj\/\">Concurso IFRJ<\/a><\/h3>\n\n\n\n<ul class=\"wp-block-list\">\n<li><strong>Status<\/strong>: banca definida (IDECAN)<\/li>\n\n\n\n<li><strong>Cargo: <\/strong>a definir<\/li>\n\n\n\n<li><strong>Forma\u00e7\u00e3o:<\/strong> a definir<\/li>\n\n\n\n<li><strong>Vagas<\/strong>: 50<\/li>\n\n\n\n<li><strong>Sal\u00e1rio:<\/strong> a definir<\/li>\n<\/ul>\n\n\n\n<h3 class=\"wp-block-heading\" id=\"h-concurso-santo-antonio-do-descoberto\"><a href=\"https:\/\/www.estrategiaconcursos.com.br\/blog\/concurso-prefeitura-santo-antonio-do-descoberto\/\">Concurso Santo Ant\u00f4nio do Descoberto<\/a><\/h3>\n\n\n\n<ul class=\"wp-block-list\">\n<li><strong>Status<\/strong>: banca definida<\/li>\n\n\n\n<li><strong>Cargo: <\/strong>a definir<\/li>\n\n\n\n<li><strong>Forma\u00e7\u00e3o:<\/strong> a definir<\/li>\n\n\n\n<li><strong>Vagas:<\/strong> 193 + 721 CR<\/li>\n\n\n\n<li><strong>Sal\u00e1rio:<\/strong> R$ 1.434.34 a R$ 6.584,19<\/li>\n<\/ul>\n\n\n\n<h3 class=\"wp-block-heading\" id=\"h-concurso-semed-porto-velho\"><a href=\"https:\/\/www.estrategiaconcursos.com.br\/blog\/concurso-semed-porto-velho\/\">Concurso SEMED Porto Velho<\/a><\/h3>\n\n\n\n<ul class=\"wp-block-list\">\n<li><strong>Status<\/strong>: comiss\u00e3o formada<\/li>\n\n\n\n<li><strong>Cargo: <\/strong>a definir<\/li>\n\n\n\n<li><strong>Forma\u00e7\u00e3o:<\/strong> a definir<\/li>\n\n\n\n<li><strong>Vagas:<\/strong> a definir<\/li>\n\n\n\n<li><strong>Sal\u00e1rio:<\/strong> entre R$ 1.251,05 e R$ 2.046,11 \u2013 \u00faltimo edital<\/li>\n<\/ul>\n\n\n\n<h3 class=\"wp-block-heading\" id=\"h-concurso-semed-campo-grande\"><a href=\"https:\/\/www.estrategiaconcursos.com.br\/blog\/concurso-semed-campo-grande\/\" target=\"_blank\" rel=\"noreferrer noopener\">Concurso SEMED Campo Grande<\/a><\/h3>\n\n\n\n<ul class=\"wp-block-list\">\n<li><strong>Status<\/strong>: comiss\u00e3o formada<\/li>\n\n\n\n<li><strong>Cargo: <\/strong>a definir<\/li>\n\n\n\n<li><strong>Forma\u00e7\u00e3o:<\/strong> a definir<\/li>\n\n\n\n<li><strong>Vagas:<\/strong> 4.200 autorizadas<\/li>\n\n\n\n<li><strong>Sal\u00e1rio:<\/strong> R$3.671,07&nbsp;[\u00faltimo edital]<\/li>\n<\/ul>\n\n\n\n<h3 class=\"wp-block-heading\" id=\"h-concurso-semed-manaus\"><a href=\"https:\/\/www.estrategiaconcursos.com.br\/blog\/concurso-semed-manaus\/\">Concurso SEMED Manaus<\/a><\/h3>\n\n\n\n<ul class=\"wp-block-list\">\n<li><strong>Status<\/strong>: banca definida<\/li>\n\n\n\n<li><strong>Cargo: <\/strong>diversos<\/li>\n\n\n\n<li><strong>Forma\u00e7\u00e3o:<\/strong> m\u00e9dio e superior<\/li>\n\n\n\n<li><strong>Vagas:<\/strong> 1.500 autorizadas<\/li>\n\n\n\n<li><strong>Sal\u00e1rio:<\/strong> at\u00e9 R$ 5.773,19<\/li>\n<\/ul>\n\n\n\n<h3 class=\"wp-block-heading\" id=\"h-concurso-secitece\"><a href=\"https:\/\/www.estrategiaconcursos.com.br\/blog\/concurso-secitece\/\">Concurso SECITECE<\/a><\/h3>\n\n\n\n<ul class=\"wp-block-list\">\n<li><strong>Status<\/strong>: comiss\u00e3o formada<\/li>\n\n\n\n<li><strong>Cargo: <\/strong>a definir<\/li>\n\n\n\n<li><strong>Forma\u00e7\u00e3o:<\/strong> a definir<\/li>\n\n\n\n<li><strong>Vagas:<\/strong> a definir<\/li>\n\n\n\n<li><strong>Sal\u00e1rio:<\/strong> a definir<\/li>\n<\/ul>\n\n\n\n<h3 class=\"wp-block-heading\"><a href=\"https:\/\/www.estrategiaconcursos.com.br\/blog\/concurso-seduc-al-2021\/\" target=\"_blank\" rel=\"noreferrer noopener\">Concurso Seduc AL<\/a><\/h3>\n\n\n\n<ul class=\"wp-block-list\">\n<li><strong>Status<\/strong>: autorizado\/comiss\u00e3o formada<\/li>\n\n\n\n<li><strong>Cargo: <\/strong>professor e analista educacional<\/li>\n\n\n\n<li><strong>Forma\u00e7\u00e3o: <\/strong>superior<\/li>\n\n\n\n<li><strong>Vagas:<\/strong> 1.442<\/li>\n\n\n\n<li><strong>Sal\u00e1rio:<\/strong> at\u00e9 R$ 11.331,24<\/li>\n<\/ul>\n\n\n\n<h3 class=\"wp-block-heading\"><a href=\"https:\/\/www.estrategiaconcursos.com.br\/blog\/concurso-uneal\/\" target=\"_blank\" rel=\"noreferrer noopener\">Concurso UNEAL<\/a><\/h3>\n\n\n\n<ul class=\"wp-block-list\">\n<li><strong>Status<\/strong>: autorizado\/comiss\u00e3o formada<\/li>\n\n\n\n<li><strong>Cargos:<\/strong> Analista administrativo<\/li>\n\n\n\n<li><strong>Forma\u00e7\u00e3o:<\/strong> superior<\/li>\n\n\n\n<li><strong>Vagas: <\/strong>41 + 41 CR<\/li>\n\n\n\n<li><strong>Sal\u00e1rio:<\/strong> R$ 8.678,35 a R$ 13.451,43 <em>(\u00faltimo edital)<\/em><\/li>\n<\/ul>\n\n\n\n<h3 class=\"wp-block-heading\" id=\"h-concurso-uncisal\">Concurso UNCISAL<\/h3>\n\n\n\n<ul class=\"wp-block-list\">\n<li><strong>Status<\/strong>: autorizado<\/li>\n\n\n\n<li><strong>Cargos:<\/strong> Assistente<\/li>\n\n\n\n<li><strong>Forma\u00e7\u00e3o:<\/strong> superior<\/li>\n\n\n\n<li><strong>Vagas: <\/strong>43 + 43 CR<\/li>\n\n\n\n<li><strong>Sal\u00e1rio:<\/strong> a definir<\/li>\n<\/ul>\n\n\n\n<h3 class=\"wp-block-heading\" id=\"concurso-mp-es\"><a href=\"https:\/\/www.estrategiaconcursos.com.br\/blog\/concurso-seeduc-rj\/\" target=\"_blank\" rel=\"noreferrer noopener\">Concurso Seeduc RJ<\/a><\/h3>\n\n\n\n<ul class=\"wp-block-list\">\n<li><strong>Status:<\/strong>&nbsp;em planejamento<\/li>\n\n\n\n<li><strong>Cargos:&nbsp;<\/strong>Professor I<\/li>\n\n\n\n<li><strong>Forma\u00e7\u00e3o:&nbsp;<\/strong>N\u00edvel superior<\/li>\n\n\n\n<li><strong>Vagas:<\/strong>&nbsp;303<\/li>\n\n\n\n<li><strong>Sal\u00e1rio:<\/strong>&nbsp;R$ 1.179,35<\/li>\n<\/ul>\n\n\n\n<h2 class=\"wp-block-heading has-very-light-gray-to-cyan-bluish-gray-gradient-background has-background\" id=\"prefeituras\">Concursos 2025: \u00e1rea de Prefeituras<\/h2>\n\n\n\n<h3 class=\"wp-block-heading\" id=\"h-concurso-cacapava-sp\"><a href=\"https:\/\/www.estrategiaconcursos.com.br\/blog\/concurso-prefeitura-cacapava\/\" target=\"_blank\" rel=\"noreferrer noopener\">Concurso Ca\u00e7apava<\/a> (SP)<\/h3>\n\n\n\n<ul class=\"wp-block-list\">\n<li><strong>Status:<\/strong> banca definida (Avan\u00e7a SP)<\/li>\n\n\n\n<li><strong>Cargos:<\/strong> v\u00e1rios<\/li>\n\n\n\n<li><strong>Vagas:<\/strong> 56 + CR<\/li>\n\n\n\n<li><strong>Forma\u00e7\u00e3o:<\/strong> n\u00edveis fundamental, m\u00e9dio e superior<\/li>\n\n\n\n<li><strong>Sal\u00e1rio:<\/strong> R$ 1.412,00 a R$ 7.874,02<em>&nbsp;(\u00faltimo concurso)<\/em><\/li>\n<\/ul>\n\n\n\n<h3 class=\"wp-block-heading\" id=\"h-concurso-foz-do-iguacu-pr\"><a href=\"https:\/\/www.estrategiaconcursos.com.br\/blog\/concurso-prefeitura-foz-do-iguacu\/\" target=\"_blank\" rel=\"noreferrer noopener\">Concurso Foz do Igua\u00e7u<\/a> (PR)<\/h3>\n\n\n\n<ul class=\"wp-block-list\">\n<li><strong>Status:<\/strong> comiss\u00e3o formada<\/li>\n\n\n\n<li><strong>Cargos:<\/strong> diversos<\/li>\n\n\n\n<li><strong>Vagas:<\/strong> a definir<\/li>\n\n\n\n<li><strong>Forma\u00e7\u00e3o:<\/strong> diversos<\/li>\n\n\n\n<li><strong>Sal\u00e1rio:<\/strong> R$ 1.764,31 a R$ 2.515,68. (\u00faltimo edital)<\/li>\n<\/ul>\n\n\n\n<h3 class=\"wp-block-heading\" id=\"h-concurso-carlos-barbosa-rs\"><a href=\"https:\/\/www.estrategiaconcursos.com.br\/blog\/concurso-prefeitura-carlos-barbosa\/\" target=\"_blank\" rel=\"noreferrer noopener\">Concurso Carlos Barbosa<\/a> (RS)<\/h3>\n\n\n\n<ul class=\"wp-block-list\">\n<li><strong>Status:<\/strong> banca definida (Fundatec)<\/li>\n\n\n\n<li><strong>Cargos:<\/strong> diversos<\/li>\n\n\n\n<li><strong>Vagas:<\/strong> a definir<\/li>\n\n\n\n<li><strong>Forma\u00e7\u00e3o:<\/strong> m\u00e9dio e superior<\/li>\n\n\n\n<li><strong>Sal\u00e1rio:<\/strong> R$ 2.922,74 a R$ 15.153,54 (\u00faltimo edital)<\/li>\n<\/ul>\n\n\n\n<h3 class=\"wp-block-heading\" id=\"h-concurso-dracena-sp\"><a href=\"https:\/\/www.estrategiaconcursos.com.br\/blog\/concurso-prefeitura-dracena\/\" target=\"_blank\" rel=\"noreferrer noopener\">Concurso Dracena<\/a> (SP)<\/h3>\n\n\n\n<ul class=\"wp-block-list\">\n<li><strong>Status:<\/strong> banca definida (GL Consultoria)<\/li>\n\n\n\n<li><strong>Cargos:<\/strong> diversos<\/li>\n\n\n\n<li><strong>Vagas:<\/strong> 9 + CR<\/li>\n\n\n\n<li><strong>Forma\u00e7\u00e3o:<\/strong> todas<\/li>\n\n\n\n<li><strong>Sal\u00e1rio:<\/strong> R$ 1.473,55 a R$ 2.577,20 (\u00faltimo edital)<\/li>\n<\/ul>\n\n\n\n<h3 class=\"wp-block-heading\" id=\"h-concurso-batatais-sp\"><a href=\"https:\/\/www.estrategiaconcursos.com.br\/blog\/concurso-prefeitura-batatais\/\" target=\"_blank\" rel=\"noreferrer noopener\">Concurso Batatais<\/a> (SP)<\/h3>\n\n\n\n<ul class=\"wp-block-list\">\n<li><strong>Status:<\/strong> banca definida (Instituto Nosso Rumo)<\/li>\n\n\n\n<li><strong>Cargos:<\/strong> a definir<\/li>\n\n\n\n<li><strong>Vagas:<\/strong> a definir<\/li>\n\n\n\n<li><strong>Forma\u00e7\u00e3o:<\/strong> todas<\/li>\n\n\n\n<li><strong>Sal\u00e1rio:<\/strong> R$ 2.685,27 e R$ 9.791,85 (\u00faltimo edital)<\/li>\n<\/ul>\n\n\n\n<h3 class=\"wp-block-heading\" id=\"h-concurso-sao-jose-de-ribamar-ma\"><a href=\"https:\/\/www.estrategiaconcursos.com.br\/blog\/concurso-prefeitura-sao-jose-de-ribamar\/\" target=\"_blank\" rel=\"noreferrer noopener\">Concurso S\u00e3o Jos\u00e9 de Ribamar<\/a> (MA)<\/h3>\n\n\n\n<ul class=\"wp-block-list\">\n<li><strong>Status:<\/strong> Previsto<\/li>\n\n\n\n<li><strong>Cargos:<\/strong> professores, agentes comunit\u00e1rios de sa\u00fade, agentes de endemias e guarda municipal.<\/li>\n\n\n\n<li><strong>Vagas:<\/strong> 1.938 previstas<\/li>\n\n\n\n<li><strong>Forma\u00e7\u00e3o:<\/strong> m\u00e9dio e superior<\/li>\n\n\n\n<li><strong>Sal\u00e1rio:<\/strong> R$ 545,00 a R$ 1.500,00 (\u00faltimo edital)<\/li>\n<\/ul>\n\n\n\n<h3 class=\"wp-block-heading\" id=\"h-concurso-aracruz-es\"><a href=\"https:\/\/www.estrategiaconcursos.com.br\/blog\/concurso-prefeitura-aracruz\/\" target=\"_blank\" rel=\"noreferrer noopener\">Concurso Aracruz<\/a> (ES)<\/h3>\n\n\n\n<ul class=\"wp-block-list\">\n<li><strong>Status:<\/strong> Banca definida (IDCAP)<\/li>\n\n\n\n<li><strong>Cargos:<\/strong> 77 + CR<\/li>\n\n\n\n<li><strong>Vagas:<\/strong> a definir<\/li>\n\n\n\n<li><strong>Forma\u00e7\u00e3o:<\/strong> fundamental, m\u00e9dio e superior<\/li>\n\n\n\n<li><strong>Sal\u00e1rio:<\/strong> R$ 1.400,59 a R$ 5.084,83 (\u00faltimo edital)<\/li>\n<\/ul>\n\n\n\n<h3 class=\"wp-block-heading\" id=\"h-concurso-sao-jose-dos-pinhais-pr\"><a href=\"https:\/\/www.estrategiaconcursos.com.br\/blog\/concurso-prefeitura-sao-jose-dos-pinhais\/\" target=\"_blank\" rel=\"noreferrer noopener\">Concurso S\u00e3o Jos\u00e9 dos Pinhais<\/a> (PR)<\/h3>\n\n\n\n<ul class=\"wp-block-list\">\n<li><strong>Status:<\/strong> comiss\u00e3o definida<\/li>\n\n\n\n<li><strong>Cargos:<\/strong> diversos<\/li>\n\n\n\n<li><strong>Vagas:<\/strong> a definir<\/li>\n\n\n\n<li><strong>Forma\u00e7\u00e3o:<\/strong> m\u00e9dio, t\u00e9cnico e superior<\/li>\n\n\n\n<li><strong>Sal\u00e1rio:<\/strong> R$ 3.050,37 &#8211; \u00faltimo edital<\/li>\n<\/ul>\n\n\n\n<ul class=\"wp-block-list\">\n<li><\/li>\n<\/ul>\n\n\n\n<h3 class=\"wp-block-heading\" id=\"concurso-braganca\"><a href=\"https:\/\/www.estrategiaconcursos.com.br\/blog\/concurso-prefeitura-aroeiras\/\" target=\"_blank\" rel=\"noreferrer noopener\">Concurso Aroeira<\/a> (PB)<\/h3>\n\n\n\n<ul class=\"wp-block-list\">\n<li><strong>Status<\/strong>: anunciado<\/li>\n\n\n\n<li><strong>Cargos:<\/strong>&nbsp;v\u00e1rios<\/li>\n\n\n\n<li><strong>Forma\u00e7\u00e3o<\/strong>:&nbsp;v\u00e1rios<\/li>\n\n\n\n<li><strong>Sal\u00e1rio<\/strong>:&nbsp;R$ 1.412,00 e R$ 2.884,00<\/li>\n\n\n\n<li><strong>Vagas:&nbsp;<\/strong>83 previstas<\/li>\n<\/ul>\n\n\n\n<h3 class=\"wp-block-heading\" id=\"concurso-braganca\"><a href=\"https:\/\/www.estrategiaconcursos.com.br\/blog\/concurso-prefeitura-sao-roque\/\" target=\"_blank\" rel=\"noreferrer noopener\">Concurso S\u00e3o Roque<\/a> (SP)<\/h3>\n\n\n\n<ul class=\"wp-block-list\">\n<li><strong>Status<\/strong>: banca contratada (ABCP)<\/li>\n\n\n\n<li><strong>Cargos:<\/strong>&nbsp;a definir<\/li>\n\n\n\n<li><strong>Forma\u00e7\u00e3o<\/strong>:&nbsp;todos os n\u00edveis<\/li>\n\n\n\n<li><strong>Sal\u00e1rio<\/strong>:&nbsp;R$ 1.445,49 a R$ 2.912,16 (\u00faltimo edital)<\/li>\n\n\n\n<li><strong>Vagas:&nbsp;<\/strong>a definir<\/li>\n<\/ul>\n\n\n\n<h3 class=\"wp-block-heading\" id=\"concurso-braganca\"><a href=\"https:\/\/www.estrategiaconcursos.com.br\/blog\/concurso-prefeitura-saquarema\/\" target=\"_blank\" rel=\"noreferrer noopener\">Concurso Saquarema<\/a> (RJ)<\/h3>\n\n\n\n<ul class=\"wp-block-list\">\n<li><strong>Status<\/strong>: banca definida (IBAM)<\/li>\n\n\n\n<li><strong>Cargos:<\/strong>&nbsp;diversos<\/li>\n\n\n\n<li><strong>Forma\u00e7\u00e3o<\/strong>:&nbsp;m\u00e9dio e superior<\/li>\n\n\n\n<li><strong>Sal\u00e1rio<\/strong>:&nbsp;R$ 1.212,00 a R$ 4.972,07 (\u00faltimo edital)<\/li>\n\n\n\n<li><strong>Vagas:&nbsp;<\/strong>1.794 <\/li>\n<\/ul>\n\n\n\n<ul class=\"wp-block-list\">\n<li><\/li>\n<\/ul>\n\n\n\n<h3 class=\"wp-block-heading\" id=\"concurso-braganca\"><a href=\"https:\/\/www.estrategiaconcursos.com.br\/blog\/concurso-prefeitura-parintins\/\" target=\"_blank\" rel=\"noreferrer noopener\">Concurso Parintins<\/a> (AM)<\/h3>\n\n\n\n<ul class=\"wp-block-list\">\n<li><strong>Status<\/strong>: anunciado<\/li>\n\n\n\n<li><strong>Cargos:<\/strong>&nbsp;a definir<\/li>\n\n\n\n<li><strong>Forma\u00e7\u00e3o<\/strong>:&nbsp;a definir<\/li>\n\n\n\n<li><strong>Sal\u00e1rio<\/strong>:&nbsp;R$ 1.412,00 a R$ 2.211,23 <em>&#8211; \u00faltimo edital<\/em><\/li>\n\n\n\n<li><strong>Vagas:&nbsp;<\/strong>a definir<\/li>\n<\/ul>\n\n\n\n<h3 class=\"wp-block-heading\" id=\"concurso-braganca\"><a href=\"https:\/\/www.estrategiaconcursos.com.br\/blog\/concurso-prefeitura-tupa\/\" target=\"_blank\" rel=\"noreferrer noopener\">Concurso Tup\u00e3<\/a> (SP)<\/h3>\n\n\n\n<ul class=\"wp-block-list\">\n<li><strong>Status<\/strong>: banca definida (OMNI)<\/li>\n\n\n\n<li><strong>Cargos:<\/strong>&nbsp;a definir<\/li>\n\n\n\n<li><strong>Forma\u00e7\u00e3o<\/strong>:&nbsp;a definir<\/li>\n\n\n\n<li><strong>Sal\u00e1rio<\/strong>:&nbsp;R$ 1.372,17 a R$ 8.300,88 (\u00faltimo edital)<\/li>\n\n\n\n<li><strong>Vagas:&nbsp;<\/strong>a definir<\/li>\n<\/ul>\n\n\n\n<h3 class=\"wp-block-heading\" id=\"concurso-braganca\"><a href=\"https:\/\/www.estrategiaconcursos.com.br\/blog\/concurso-prefeitura-teresopolis\/\" target=\"_blank\" rel=\"noreferrer noopener\">Concurso Teres\u00f3polis<\/a> (RJ)<\/h3>\n\n\n\n<ul class=\"wp-block-list\">\n<li><strong>Status<\/strong>: previsto para 2026<\/li>\n\n\n\n<li><strong>Cargos:<\/strong>&nbsp;a definir<\/li>\n\n\n\n<li><strong>Forma\u00e7\u00e3o<\/strong>:&nbsp;a definir<\/li>\n\n\n\n<li><strong>Sal\u00e1rio<\/strong>:&nbsp;R$ 1.814,85 a R$ 2.572,40&nbsp;<em>(\u00faltimo edital)<\/em><\/li>\n\n\n\n<li><strong>Vagas:&nbsp;<\/strong>a definir<\/li>\n<\/ul>\n\n\n\n<h3 class=\"wp-block-heading\" id=\"concurso-braganca\"><a href=\"https:\/\/www.estrategiaconcursos.com.br\/blog\/concurso-prefeitura-araguari\/\" target=\"_blank\" rel=\"noreferrer noopener\">Concurso Araguari<\/a> (MG)<\/h3>\n\n\n\n<ul class=\"wp-block-list\">\n<li><strong>Status<\/strong>: comiss\u00e3o formada<\/li>\n\n\n\n<li><strong>Cargos:<\/strong>&nbsp;a definir<\/li>\n\n\n\n<li><strong>Forma\u00e7\u00e3o<\/strong>:&nbsp;a definir<\/li>\n\n\n\n<li><strong>Sal\u00e1rio<\/strong>:&nbsp;R$ 1.952,80 a R$ 18.238,30 (\u00faltimo edital)<\/li>\n\n\n\n<li><strong>Vagas:&nbsp;<\/strong>a definir<\/li>\n<\/ul>\n\n\n\n<h3 class=\"wp-block-heading\" id=\"concurso-braganca\"><a href=\"https:\/\/www.estrategiaconcursos.com.br\/blog\/concurso-prefeitura-de-varzea-grande\/\" target=\"_blank\" rel=\"noreferrer noopener\">Concurso V\u00e1rzea Grande<\/a> (MT)<\/h3>\n\n\n\n<ul class=\"wp-block-list\">\n<li><strong>Status<\/strong>: anunciado<\/li>\n\n\n\n<li><strong>Cargos:<\/strong>&nbsp;diversos<\/li>\n\n\n\n<li><strong>Forma\u00e7\u00e3o<\/strong>:&nbsp;a definir<\/li>\n\n\n\n<li><strong>Vagas:&nbsp;<\/strong>a definir<\/li>\n\n\n\n<li><strong>Sal\u00e1rio<\/strong>:&nbsp;R$ 1.366,94 a R$ 8,8 mil<\/li>\n<\/ul>\n\n\n\n<h3 class=\"wp-block-heading\" id=\"block-3dbd1adc-c29c-40dc-93ac-1bdd5e2b4824\"><a href=\"https:\/\/www.estrategiaconcursos.com.br\/blog\/concurso-prefeitura-flores-da-cunha\/\" target=\"_blank\" rel=\"noreferrer noopener\">Concurso Prefeitura de Flores da Cunha<\/a> (RS)<\/h3>\n\n\n\n<ul class=\"wp-block-list\">\n<li><strong>Status<\/strong>: Anunciado para 2025\/2026<\/li>\n\n\n\n<li><strong>Cargos:<\/strong>&nbsp;a definir<\/li>\n\n\n\n<li><strong>Forma\u00e7\u00e3o<\/strong>:&nbsp;a definir<\/li>\n\n\n\n<li><strong>Vagas:&nbsp;<\/strong>a definir<\/li>\n\n\n\n<li><strong>Sal\u00e1rio<\/strong>:&nbsp;R$ 1.723,70 a R$ 8.008,72 (\u00faltimo edital)<\/li>\n<\/ul>\n\n\n\n<h3 class=\"wp-block-heading\" id=\"block-3dbd1adc-c29c-40dc-93ac-1bdd5e2b4824\"><a href=\"https:\/\/www.estrategiaconcursos.com.br\/blog\/concurso-prefeitura-aracati\/\">Concurso Prefeitura de Aracati<\/a> (CE)<\/h3>\n\n\n\n<ul class=\"wp-block-list\">\n<li><strong>Status<\/strong>: anunciado<\/li>\n\n\n\n<li><strong>Cargos:<\/strong>&nbsp;diversos<\/li>\n\n\n\n<li><strong>Forma\u00e7\u00e3o<\/strong>:&nbsp;a definir<\/li>\n\n\n\n<li><strong>Vagas:&nbsp;<\/strong>600 previstas<\/li>\n\n\n\n<li><strong>Sal\u00e1rio<\/strong>:&nbsp;a definir<\/li>\n<\/ul>\n\n\n\n<h3 class=\"wp-block-heading\" id=\"block-3dbd1adc-c29c-40dc-93ac-1bdd5e2b4824\"><a href=\"https:\/\/www.estrategiaconcursos.com.br\/blog\/concurso-prefeitura-boa-vista\/\" target=\"_blank\" rel=\"noreferrer noopener\">Concurso Prefeitura de Boa Vista<\/a> (RR)<\/h3>\n\n\n\n<ul class=\"wp-block-list\">\n<li><strong>Status<\/strong>: anunciado<\/li>\n\n\n\n<li><strong>Cargos:<\/strong>&nbsp;diversos<\/li>\n\n\n\n<li><strong>Forma\u00e7\u00e3o<\/strong>:&nbsp;a definir<\/li>\n\n\n\n<li><strong>Vagas:&nbsp;<\/strong>a definir<\/li>\n\n\n\n<li><strong>Sal\u00e1rio<\/strong>:&nbsp;at\u00e9 R$ 10 mil <em>&#8211; \u00faltimo edital<\/em><\/li>\n<\/ul>\n\n\n\n<h3 class=\"wp-block-heading\" id=\"block-3dbd1adc-c29c-40dc-93ac-1bdd5e2b4824\"><a href=\"https:\/\/www.estrategiaconcursos.com.br\/blog\/concurso-prefeitura-campinas\/\" target=\"_blank\" rel=\"noreferrer noopener\">Concurso Campinas<\/a> (SP)<\/h3>\n\n\n\n<ul class=\"wp-block-list\">\n<li><strong>Status<\/strong>: Banca definida (Vunesp)<\/li>\n\n\n\n<li><strong>Cargos:<\/strong>&nbsp;Guarda Municipal e Int\u00e9rprete de libras<\/li>\n\n\n\n<li><strong>Forma\u00e7\u00e3o<\/strong>:&nbsp;a definir<\/li>\n\n\n\n<li><strong>Vagas:&nbsp;<\/strong>109 previstas e 305 j\u00e1 publicadas<\/li>\n\n\n\n<li><strong>Sal\u00e1rio<\/strong>:&nbsp;R$ 3.094,43 a R$ R$ 9.997,47 <em>(\u00faltimos editais)<\/em><\/li>\n<\/ul>\n\n\n\n<h3 class=\"wp-block-heading\" id=\"block-3dbd1adc-c29c-40dc-93ac-1bdd5e2b4824\"><a href=\"https:\/\/www.estrategiaconcursos.com.br\/blog\/concurso-prefeitura-campo-verde\/\" target=\"_blank\" rel=\"noreferrer noopener\">Concurso Campo Verde<\/a> (MT)<\/h3>\n\n\n\n<ul class=\"wp-block-list\">\n<li><strong>Status<\/strong>: autorizado<\/li>\n\n\n\n<li><strong>Cargos:<\/strong>&nbsp;a definir<\/li>\n\n\n\n<li><strong>Forma\u00e7\u00e3o<\/strong>:&nbsp;todos os n\u00edveis<\/li>\n\n\n\n<li><strong>Vagas:&nbsp;<\/strong>27<\/li>\n\n\n\n<li><strong>Sal\u00e1rio<\/strong>:&nbsp;a definir<\/li>\n<\/ul>\n\n\n\n<h3 class=\"wp-block-heading\" id=\"block-3dbd1adc-c29c-40dc-93ac-1bdd5e2b4824\"><a href=\"https:\/\/www.estrategiaconcursos.com.br\/blog\/concurso-prefeitura-barra-de-sao-francisco\/\" target=\"_blank\" rel=\"noreferrer noopener\">Concurso Barra de S\u00e3o Francisco<\/a> (ES)<\/h3>\n\n\n\n<ul class=\"wp-block-list\">\n<li><strong>Status<\/strong>: autorizado<\/li>\n\n\n\n<li><strong>Cargos:<\/strong>&nbsp;Agente Fiscal de Posturas<\/li>\n\n\n\n<li><strong>Forma\u00e7\u00e3o<\/strong>:&nbsp;n\u00edvel superior<\/li>\n\n\n\n<li><strong>Vagas:&nbsp;<\/strong>5<\/li>\n\n\n\n<li><strong>Sal\u00e1rio<\/strong>:&nbsp;R$ 3.000,00<\/li>\n<\/ul>\n\n\n\n<h3 class=\"wp-block-heading\" id=\"block-3dbd1adc-c29c-40dc-93ac-1bdd5e2b4824\"><a href=\"https:\/\/www.estrategiaconcursos.com.br\/blog\/concurso-prefeitura-ilheus\/\" target=\"_blank\" rel=\"noreferrer noopener\">Concurso Ilh\u00e9us<\/a> (BA)<\/h3>\n\n\n\n<ul class=\"wp-block-list\">\n<li><strong>Status<\/strong>: comiss\u00e3o\/grupo de estudos formados<\/li>\n\n\n\n<li><strong>Cargos:<\/strong>&nbsp;a definir<\/li>\n\n\n\n<li><strong>Forma\u00e7\u00e3o<\/strong>:&nbsp;a definir<\/li>\n\n\n\n<li><strong>Vagas:&nbsp;<\/strong>a definir<\/li>\n\n\n\n<li><strong>Sal\u00e1rio<\/strong>:&nbsp;at\u00e9 R$ 8.000,00<em>&nbsp;(\u00faltimo edital)<\/em><\/li>\n<\/ul>\n\n\n\n<h3 class=\"wp-block-heading\" id=\"block-3dbd1adc-c29c-40dc-93ac-1bdd5e2b4824\"><a href=\"https:\/\/www.estrategiaconcursos.com.br\/blog\/concurso-prefeitura-curitiba\/\" target=\"_blank\" rel=\"noreferrer noopener\">Concurso Curitiba<\/a> (PR)<\/h3>\n\n\n\n<ul class=\"wp-block-list\">\n<li><strong>Status<\/strong>: banca definida (Instituto AOCP)<\/li>\n\n\n\n<li><strong>Cargos:<\/strong>&nbsp;V\u00e1rios<\/li>\n\n\n\n<li><strong>Forma\u00e7\u00e3o<\/strong>:&nbsp;a definir<\/li>\n\n\n\n<li><strong>Vagas:&nbsp;<\/strong>a definir<\/li>\n\n\n\n<li><strong>Sal\u00e1rio<\/strong>:&nbsp;R$ 1.753,36 a R$ 6.627,27&nbsp;<em>(\u00faltimo edital)<\/em><\/li>\n<\/ul>\n\n\n\n<h3 class=\"wp-block-heading\" id=\"block-3dbd1adc-c29c-40dc-93ac-1bdd5e2b4824\"><a href=\"https:\/\/www.estrategiaconcursos.com.br\/blog\/concurso-prefeitura-sao-luis\/\">Concurso S\u00e3o Lu\u00eds<\/a> (MA)<\/h3>\n\n\n\n<ul class=\"wp-block-list\">\n<li><strong>Status<\/strong>: determinado pela justi\u00e7a<\/li>\n\n\n\n<li><strong>Cargos:<\/strong>&nbsp;a definir<\/li>\n\n\n\n<li><strong>Forma\u00e7\u00e3o<\/strong>:&nbsp;a definir<\/li>\n\n\n\n<li><strong>Vagas:&nbsp;<\/strong>a definir<\/li>\n\n\n\n<li><strong>Sal\u00e1rio<\/strong>:&nbsp;a definir<\/li>\n<\/ul>\n\n\n\n<h3 class=\"wp-block-heading\" id=\"block-3dbd1adc-c29c-40dc-93ac-1bdd5e2b4824\"><a href=\"https:\/\/www.estrategiaconcursos.com.br\/blog\/concurso-prefeitura-miguel-pereira\/\">Concurso Miguel Pereira<\/a> (RJ)<\/h3>\n\n\n\n<ul class=\"wp-block-list\">\n<li><strong>Status<\/strong>: anunciado<\/li>\n\n\n\n<li><strong>Cargos:<\/strong>&nbsp;diversos<\/li>\n\n\n\n<li><strong>Forma\u00e7\u00e3o<\/strong>:&nbsp;m\u00e9dio\/t\u00e9cnico e superior<\/li>\n\n\n\n<li><strong>Vagas:&nbsp;<\/strong>91 + CR<\/li>\n\n\n\n<li><strong>Sal\u00e1rio<\/strong>:&nbsp;at\u00e9&nbsp;<strong>R$ 7.743,67<\/strong><\/li>\n<\/ul>\n\n\n\n<h3 class=\"wp-block-heading\" id=\"block-3dbd1adc-c29c-40dc-93ac-1bdd5e2b4824\"><a href=\"https:\/\/www.estrategiaconcursos.com.br\/blog\/concurso-prefeitura-vila-velha\/\" target=\"_blank\" rel=\"noreferrer noopener nofollow\">Concurso Vila Velha<\/a> (ES)<\/h3>\n\n\n\n<ul class=\"wp-block-list\">\n<li><strong>Status<\/strong>: anunciado<\/li>\n\n\n\n<li><strong>Cargos:<\/strong>&nbsp;a definir<\/li>\n\n\n\n<li><strong>Forma\u00e7\u00e3o<\/strong>:&nbsp;a definir<\/li>\n\n\n\n<li><strong>Vagas:&nbsp;<\/strong>a definir<\/li>\n\n\n\n<li><strong>Sal\u00e1rio<\/strong>:&nbsp;R$ 4.796,82 (\u00faltimo edital 2019)<\/li>\n<\/ul>\n\n\n\n<h3 class=\"wp-block-heading\" id=\"block-3dbd1adc-c29c-40dc-93ac-1bdd5e2b4824\"><a href=\"https:\/\/www.estrategiaconcursos.com.br\/blog\/concurso-prefeitura-santo-antonio-do-descoberto\/\" target=\"_blank\" rel=\"noreferrer noopener\">Concurso Prefeitura de Santo Ant\u00f4nio do Descoberto<\/a> (GO)<\/h3>\n\n\n\n<ul class=\"wp-block-list\">\n<li><strong>Status<\/strong>:&nbsp;Escolha da banca<\/li>\n\n\n\n<li><strong>Cargos:<\/strong>&nbsp;Diversos<\/li>\n\n\n\n<li><strong>Forma\u00e7\u00e3o<\/strong>:&nbsp;N\u00edveis fundamental, m\u00e9dio, t\u00e9cnico e superior<\/li>\n\n\n\n<li><strong>Vagas:&nbsp;<\/strong>193 + 721 CR<\/li>\n\n\n\n<li><strong>Sal\u00e1rio<\/strong>:&nbsp;R$ 1.434.34 a R$ 6.584,19<\/li>\n<\/ul>\n\n\n\n<h3 class=\"wp-block-heading\" id=\"h-concurso-prefeitura-de-petropolis-rj\"><a href=\"https:\/\/www.estrategiaconcursos.com.br\/blog\/concurso-prefeitura-de-petropolis-rj\/\" target=\"_blank\" rel=\"noreferrer noopener\">Concurso Prefeitura de Petr\u00f3polis<\/a> (RJ)<\/h3>\n\n\n\n<ul class=\"wp-block-list\">\n<li><strong>Status:<\/strong>&nbsp;Anunciado<\/li>\n\n\n\n<li><strong>Cargos:<\/strong>&nbsp;diversos<\/li>\n\n\n\n<li><strong>Vagas:<\/strong> 129<\/li>\n\n\n\n<li><strong>Forma\u00e7\u00e3o:&nbsp;<\/strong>N\u00edvel superior<\/li>\n\n\n\n<li><strong>Sal\u00e1rio:<\/strong>&nbsp;a definir<\/li>\n<\/ul>\n\n\n\n<h3 class=\"wp-block-heading\" id=\"h-concurso-prefeitura-de-campo-grande-ms\"><a href=\"https:\/\/www.estrategiaconcursos.com.br\/blog\/concurso-prefeitura-campo-grande-ms\/\" target=\"_blank\" rel=\"noreferrer noopener\">Concurso Prefeitura de Campo Grande<\/a> (MS)<\/h3>\n\n\n\n<ul class=\"wp-block-list\">\n<li><strong>Status<\/strong>: Autorizado<\/li>\n\n\n\n<li><strong>Cargos:&nbsp;<\/strong>a definir<\/li>\n\n\n\n<li><strong>Forma\u00e7\u00e3o<\/strong>:&nbsp;a definir<\/li>\n\n\n\n<li><strong>Vagas:&nbsp;<\/strong>a definir<\/li>\n\n\n\n<li><strong>Sal\u00e1rio:<\/strong> a definir<\/li>\n<\/ul>\n\n\n\n<h2 class=\"wp-block-heading has-very-light-gray-to-cyan-bluish-gray-gradient-background has-background\" id=\"conselhos\">Concursos 2025: Conselhos<\/h2>\n\n\n\n<h3 class=\"wp-block-heading\" id=\"h-concurso-cremerj\"><a href=\"https:\/\/www.estrategiaconcursos.com.br\/blog\/concurso-cremerj\/\" target=\"_blank\" rel=\"noreferrer noopener\">Concurso CREMERJ<\/a><\/h3>\n\n\n\n<ul class=\"wp-block-list\">\n<li><strong>Status:<\/strong> banca em defini\u00e7\u00e3o <\/li>\n\n\n\n<li><strong>Cargo:&nbsp;<\/strong>a definir <\/li>\n\n\n\n<li><strong>Forma\u00e7\u00e3o: <\/strong>a definir <\/li>\n\n\n\n<li><strong>Vagas:<\/strong> a definir <\/li>\n\n\n\n<li><strong>Sal\u00e1rio:<\/strong>&nbsp;R$ 2.899,00 [\u00faltimo edital]<\/li>\n<\/ul>\n\n\n\n<h3 class=\"wp-block-heading\" id=\"h-concurso-cau-ce\"><a href=\"https:\/\/www.estrategiaconcursos.com.br\/blog\/concurso-cau-ce\/\" target=\"_blank\" rel=\"noreferrer noopener\">Concurso CAU CE<\/a><\/h3>\n\n\n\n<ul class=\"wp-block-list\">\n<li><strong>Status:<\/strong> comiss\u00e3o formada <\/li>\n\n\n\n<li><strong>Cargo:&nbsp;<\/strong>a definir <\/li>\n\n\n\n<li><strong>Forma\u00e7\u00e3o: <\/strong>a definir <\/li>\n\n\n\n<li><strong>Vagas:<\/strong> a definir <\/li>\n\n\n\n<li><strong>Sal\u00e1rio:<\/strong>&nbsp;at\u00e9 R$ 6181,92 [\u00faltimo edital] <\/li>\n<\/ul>\n\n\n\n<h3 class=\"wp-block-heading\" id=\"h-concurso-creci-mg\"><a href=\"https:\/\/www.estrategiaconcursos.com.br\/blog\/concurso-coren-df\/\" target=\"_blank\" rel=\"noreferrer noopener\">Concurso CRECI MG<\/a><\/h3>\n\n\n\n<ul class=\"wp-block-list\">\n<li><strong>Status<\/strong>: banca definida (ABCP)<\/li>\n\n\n\n<li><strong>Cargo:<\/strong> diversos<\/li>\n\n\n\n<li><strong>Forma\u00e7\u00e3o:<\/strong> m\u00e9dio e superior<\/li>\n\n\n\n<li><strong>Vagas:<\/strong> 10 + CR<\/li>\n\n\n\n<li><strong>Sal\u00e1rio:<\/strong> at\u00e9 R$ 5,3 mil<\/li>\n<\/ul>\n\n\n\n<h3 class=\"wp-block-heading\" id=\"h-concurso-coren-df\"><a href=\"https:\/\/www.estrategiaconcursos.com.br\/blog\/concurso-coren-df\/\" target=\"_blank\" rel=\"noreferrer noopener\">Concurso COREN DF<\/a><\/h3>\n\n\n\n<ul class=\"wp-block-list\">\n<li><strong>Status<\/strong>: comiss\u00e3o formada <\/li>\n\n\n\n<li><strong>Cargo:<\/strong> a definir <\/li>\n\n\n\n<li><strong>Forma\u00e7\u00e3o:<\/strong> m\u00e9dio e superior<\/li>\n\n\n\n<li><strong>Vagas:<\/strong> a definir<\/li>\n\n\n\n<li><strong>Sal\u00e1rio:<\/strong> at\u00e9 R$ 4.100,00 [\u00faltimo edital]<\/li>\n<\/ul>\n\n\n\n<h3 class=\"wp-block-heading\" id=\"h-concurso-crf-df\"><a href=\"https:\/\/www.estrategiaconcursos.com.br\/blog\/concurso-crf-df\/\" target=\"_blank\" rel=\"noreferrer noopener\">Concurso CRF DF<\/a><\/h3>\n\n\n\n<ul class=\"wp-block-list\">\n<li><strong>Status<\/strong>: banca definida <\/li>\n\n\n\n<li><strong>Cargo:<\/strong> diversos<\/li>\n\n\n\n<li><strong>Forma\u00e7\u00e3o:<\/strong> m\u00e9dio e superior<\/li>\n\n\n\n<li><strong>Vagas:<\/strong> a definir<\/li>\n\n\n\n<li><strong>Sal\u00e1rio:<\/strong> at\u00e9 R$ 6.480,45 + benef\u00edcios<\/li>\n<\/ul>\n\n\n\n<h3 class=\"wp-block-heading\" id=\"h-concurso-cau-sp\"><a href=\"https:\/\/www.estrategiaconcursos.com.br\/blog\/concurso-cau-sp\/\">Concurso CAU SP<\/a><\/h3>\n\n\n\n<ul class=\"wp-block-list\">\n<li><strong>Status<\/strong>: comiss\u00e3o formada<\/li>\n\n\n\n<li><strong>Cargo:<\/strong> a definir<\/li>\n\n\n\n<li><strong>Forma\u00e7\u00e3o:<\/strong> a definir<\/li>\n\n\n\n<li><strong>Vagas:<\/strong> a definir<\/li>\n\n\n\n<li><strong>Sal\u00e1rio:<\/strong> &nbsp;a definir<\/li>\n<\/ul>\n\n\n\n<h3 class=\"wp-block-heading\" id=\"h-concurso-core-pr\"><a href=\"https:\/\/www.estrategiaconcursos.com.br\/blog\/concurso-core-pr\/\">Concurso CORE PR<\/a><\/h3>\n\n\n\n<ul class=\"wp-block-list\">\n<li><strong>Status<\/strong>: banca definida (QUADRIX)<\/li>\n\n\n\n<li><strong>Cargo:<\/strong> diversos<\/li>\n\n\n\n<li><strong>Forma\u00e7\u00e3o:<\/strong> m\u00e9dio <\/li>\n\n\n\n<li><strong>Vagas:<\/strong> a definir<\/li>\n\n\n\n<li><strong>Sal\u00e1rio:<\/strong> R$ 2.654,70 + benef\u00edcios<\/li>\n<\/ul>\n\n\n\n<h3 class=\"wp-block-heading\" id=\"h-concurso-core-pi\"><a href=\"https:\/\/www.estrategiaconcursos.com.br\/blog\/concurso-core-pi\/\" target=\"_blank\" rel=\"noreferrer noopener\">Concurso CORE PI<\/a><\/h3>\n\n\n\n<ul class=\"wp-block-list\">\n<li><strong>Status<\/strong>: banca definida (QUADRIX)<\/li>\n\n\n\n<li><strong>Cargo:<\/strong> diversos<\/li>\n\n\n\n<li><strong>Forma\u00e7\u00e3o:<\/strong> m\u00e9dio e superior <\/li>\n\n\n\n<li><strong>Vagas:<\/strong> a definir<\/li>\n\n\n\n<li><strong>Sal\u00e1rio:<\/strong> de R$ 1.800 at\u00e9 R$ 4.000<\/li>\n<\/ul>\n\n\n\n<h3 class=\"wp-block-heading\" id=\"h-concurso-core-rs\"><a href=\"https:\/\/www.estrategiaconcursos.com.br\/blog\/concurso-core-rs\/\" target=\"_blank\" rel=\"noreferrer noopener\">Concurso CORE RS<\/a><\/h3>\n\n\n\n<ul class=\"wp-block-list\">\n<li><strong>Status<\/strong>: banca definida (QUADRIX)<\/li>\n\n\n\n<li><strong>Cargo:<\/strong> diversos<\/li>\n\n\n\n<li><strong>Forma\u00e7\u00e3o:<\/strong> m\u00e9dio e superior <\/li>\n\n\n\n<li><strong>Vagas:<\/strong> a definir<\/li>\n\n\n\n<li><strong>Sal\u00e1rio:<\/strong> de&nbsp;R$ 2.229,19&nbsp;a&nbsp;R$ 3.670,02<\/li>\n<\/ul>\n\n\n\n<h3 class=\"wp-block-heading\" id=\"h-concurso-cref-es\"><a href=\"https:\/\/www.estrategiaconcursos.com.br\/blog\/concurso-cref-es\/\" target=\"_blank\" rel=\"noreferrer noopener\">Concurso CREF ES<\/a><\/h3>\n\n\n\n<ul class=\"wp-block-list\">\n<li><strong>Status:<\/strong> comiss\u00e3o formada<\/li>\n\n\n\n<li><strong>Cargos:<\/strong> a definir <\/li>\n\n\n\n<li><strong>Forma\u00e7\u00e3o:<\/strong> a definir <\/li>\n\n\n\n<li><strong>Vagas:<\/strong> a definir <\/li>\n\n\n\n<li><strong>Sal\u00e1rio:<\/strong> a definir <\/li>\n<\/ul>\n\n\n\n<h3 class=\"wp-block-heading\" id=\"h-concurso-conrerp-2\"><a href=\"https:\/\/www.estrategiaconcursos.com.br\/blog\/concurso-conrerp2-sp-pr\/\" target=\"_blank\" rel=\"noreferrer noopener\">Concurso Conrerp 2<\/a><\/h3>\n\n\n\n<ul class=\"wp-block-list\">\n<li><strong>Status:<\/strong> banca definida (Quadrix)<\/li>\n\n\n\n<li><strong>Cargos:<\/strong> a definir<\/li>\n\n\n\n<li><strong>Forma\u00e7\u00e3o:<\/strong> m\u00e9dio e superior<\/li>\n\n\n\n<li><strong>Vagas:<\/strong> a definir<\/li>\n\n\n\n<li><strong>Sal\u00e1rio:<\/strong> at\u00e9 R$ 3.200, 00<\/li>\n<\/ul>\n\n\n\n<h3 class=\"wp-block-heading\" id=\"h-concurso-crf-rj\"><a href=\"https:\/\/www.estrategiaconcursos.com.br\/blog\/concurso-crf-rj\/\" target=\"_blank\" rel=\"noreferrer noopener\">Concurso CRF RJ<\/a><\/h3>\n\n\n\n<ul class=\"wp-block-list\">\n<li><strong>Status:<\/strong> banca definida (IBEST)<\/li>\n\n\n\n<li><strong>Cargos:<\/strong> a definir<\/li>\n\n\n\n<li><strong>Forma\u00e7\u00e3o:<\/strong> a definir<\/li>\n\n\n\n<li><strong>Vagas:<\/strong> a definir<\/li>\n\n\n\n<li><strong>Sal\u00e1rio:<\/strong> de R$3.144,52 a R$5.595,49 [\u00faltimo edital]<\/li>\n<\/ul>\n\n\n\n<h3 class=\"wp-block-heading\" id=\"h-concurso-cofen\"><a href=\"https:\/\/www.estrategiaconcursos.com.br\/blog\/concurso-cofen\/?msockid=3e0d3e43e2f867b9335e2b3ee325662e\">Concurso Cofen<\/a><\/h3>\n\n\n\n<ul class=\"wp-block-list\">\n<li><strong>Status:<\/strong> banca em defini\u00e7\u00e3o<\/li>\n\n\n\n<li><strong>Cargos:<\/strong> a definir<\/li>\n\n\n\n<li><strong>Forma\u00e7\u00e3o:<\/strong> a definir<\/li>\n\n\n\n<li><strong>Vagas:<\/strong> a definir<\/li>\n\n\n\n<li><strong>Sal\u00e1rio:<\/strong> a definir<\/li>\n<\/ul>\n\n\n\n<h3 class=\"wp-block-heading\" id=\"h-concurso-crbio-4\"><a href=\"https:\/\/www.estrategiaconcursos.com.br\/blog\/concurso-crbio-4\/?msockid=131939ea565b69e21e052d5b57ea680e\">Concurso CRBio 4<\/a><\/h3>\n\n\n\n<ul class=\"wp-block-list\">\n<li><strong>Status:<\/strong> banca definida (Nosso Rumo)<\/li>\n\n\n\n<li><strong>Cargos:<\/strong> a definir<\/li>\n\n\n\n<li><strong>Forma\u00e7\u00e3o:<\/strong> a definir<\/li>\n\n\n\n<li><strong>Vagas:&nbsp;<\/strong>a definir<\/li>\n\n\n\n<li><strong>Sal\u00e1rio:<\/strong> a definir<\/li>\n<\/ul>\n\n\n\n<h3 class=\"wp-block-heading\" id=\"h-concurso-cremesp\"><a href=\"https:\/\/www.estrategiaconcursos.com.br\/blog\/concurso-cremesp\/?msockid=131939ea565b69e21e052d5b57ea680e\">Concurso Cremesp<\/a><\/h3>\n\n\n\n<ul class=\"wp-block-list\">\n<li><strong>Status:<\/strong> banca definida<\/li>\n\n\n\n<li><strong>Cargos:<\/strong> diversos<\/li>\n\n\n\n<li><strong>Forma\u00e7\u00e3o:<\/strong> m\u00e9dio, m\u00e9dio t\u00e9cnico, fundamental e superior<\/li>\n\n\n\n<li><strong>Vagas:&nbsp;<\/strong>a definir<\/li>\n\n\n\n<li><strong>Sal\u00e1rio:<\/strong> at\u00e9 R$ 10,3 mil<\/li>\n<\/ul>\n\n\n\n<h3 class=\"wp-block-heading\" id=\"h-concurso-cress-ro\"><a href=\"https:\/\/www.estrategiaconcursos.com.br\/blog\/concurso-cress-ro\/\">Concurso CRESS RO<\/a><\/h3>\n\n\n\n<ul class=\"wp-block-list\">\n<li><strong>Status:<\/strong> banca em defini\u00e7\u00e3o<\/li>\n\n\n\n<li><strong>Cargos:<\/strong> a definir<\/li>\n\n\n\n<li><strong>Forma\u00e7\u00e3o:<\/strong> m\u00e9dio e superior<\/li>\n\n\n\n<li><strong>Vagas:&nbsp;<\/strong>a definir<\/li>\n\n\n\n<li><strong>Sal\u00e1rio:&nbsp;<\/strong>&nbsp;R$ 1.422,56 e R$ 3.007,98<\/li>\n<\/ul>\n\n\n\n<h2 class=\"wp-block-heading has-very-light-gray-to-cyan-bluish-gray-gradient-background has-background\" id=\"outros\">Concursos 2025: vagas em outras \u00e1reas<\/h2>\n\n\n\n<h3 class=\"wp-block-heading\" id=\"h-concurso-der-al\"><a href=\"https:\/\/www.estrategiaconcursos.com.br\/blog\/concurso-der-al\/\" target=\"_blank\" rel=\"noreferrer noopener\">Concurso DER AL<\/a><\/h3>\n\n\n\n<ul class=\"wp-block-list\">\n<li><strong>Status:<\/strong> comiss\u00e3o formada<\/li>\n\n\n\n<li><strong>Cargos: <\/strong>Assessor T\u00e9cnico<\/li>\n\n\n\n<li><strong>Vagas: <\/strong>10 + 10 CR<\/li>\n\n\n\n<li><strong>Forma\u00e7\u00e3o:<\/strong> superior<\/li>\n\n\n\n<li><strong>Sal\u00e1rio:<\/strong> R$ 1.800,00 a R$ 6.600,00<\/li>\n<\/ul>\n\n\n\n<h3 class=\"wp-block-heading\" id=\"h-concurso-emgepron\"><a href=\"https:\/\/www.estrategiaconcursos.com.br\/blog\/concurso-emgepron\/\" target=\"_blank\" rel=\"noreferrer noopener\">Concurso Emgepron<\/a><\/h3>\n\n\n\n<ul class=\"wp-block-list\">\n<li><strong>Status:<\/strong> banca definida (Selecon)<\/li>\n\n\n\n<li><strong>Cargos: <\/strong>a definir<\/li>\n\n\n\n<li><strong>Vagas: <\/strong>a definir<\/li>\n\n\n\n<li><strong>Forma\u00e7\u00e3o:<\/strong> superior<\/li>\n\n\n\n<li><strong>Sal\u00e1rio:<\/strong> R$ 1.115,00 e R$ 9.900,00 [\u00faltimo edital]<\/li>\n<\/ul>\n\n\n\n<h3 class=\"wp-block-heading\" id=\"h-concurso-alprev\"><a href=\"https:\/\/www.estrategiaconcursos.com.br\/blog\/concurso-alprev\/\" target=\"_blank\" rel=\"noreferrer noopener\">Concurso ALPREV<\/a><\/h3>\n\n\n\n<ul class=\"wp-block-list\">\n<li><strong>Status:<\/strong> comiss\u00e3o formada<\/li>\n\n\n\n<li><strong>Cargos: <\/strong>Analista Previdenci\u00e1rio<\/li>\n\n\n\n<li><strong>Vagas: <\/strong>20 + 20 CR<\/li>\n\n\n\n<li><strong>Forma\u00e7\u00e3o:<\/strong> a definir<\/li>\n\n\n\n<li><strong>Sal\u00e1rio:<\/strong> a definir<\/li>\n<\/ul>\n\n\n\n<h3 class=\"wp-block-heading\" id=\"h-concurso-procon-es\"><a href=\"https:\/\/www.estrategiaconcursos.com.br\/blog\/concurso-procon-es\/\" target=\"_blank\" rel=\"noreferrer noopener\">Concurso Procon ES<\/a><\/h3>\n\n\n\n<ul class=\"wp-block-list\">\n<li><strong>Status:<\/strong> comiss\u00e3o formada<\/li>\n\n\n\n<li><strong>Cargos:<\/strong> a definir<\/li>\n\n\n\n<li><strong>Vagas:<\/strong> a definir<\/li>\n\n\n\n<li><strong>Forma\u00e7\u00e3o:<\/strong> a definir<\/li>\n\n\n\n<li><strong>Sal\u00e1rio:<\/strong> a definir<\/li>\n<\/ul>\n\n\n\n<h3 class=\"wp-block-heading\" id=\"h-concurso-fapern\"><a href=\"https:\/\/www.estrategiaconcursos.com.br\/blog\/concurso-fapern\/\" target=\"_blank\" rel=\"noreferrer noopener\">Concurso FAPERN<\/a><\/h3>\n\n\n\n<ul class=\"wp-block-list\">\n<li><strong>Status: <\/strong>comiss\u00e3o formada<\/li>\n\n\n\n<li><strong>Cargos:<\/strong> a definir<\/li>\n\n\n\n<li><strong>Vagas:<\/strong> a definir<\/li>\n\n\n\n<li><strong>Forma\u00e7\u00e3o:<\/strong> a definir<\/li>\n\n\n\n<li><strong>Sal\u00e1rio:<\/strong> a definir<\/li>\n<\/ul>\n\n\n\n<h3 class=\"wp-block-heading\" id=\"h-concurso-fapeal\"><a href=\"https:\/\/www.estrategiaconcursos.com.br\/blog\/concurso-fapeal\/\" target=\"_blank\" rel=\"noreferrer noopener\">Concurso Fapeal<\/a><\/h3>\n\n\n\n<ul class=\"wp-block-list\">\n<li><strong>Status<\/strong>: anunciado<\/li>\n\n\n\n<li><strong>Cargos:<\/strong> Gestor Especializado de Ci\u00eancia e Tecnologia<\/li>\n\n\n\n<li><strong>Vagas:<\/strong> 10 + 10 CR<\/li>\n\n\n\n<li><strong>Forma\u00e7\u00e3o:<\/strong> n\u00edvel superior<\/li>\n\n\n\n<li><strong>Sal\u00e1rio:<\/strong> &nbsp;R$ 1.800,00 a R$ 5.359,57&nbsp;<em>\u2013 conforme Plano de Cargos (2022)<\/em><\/li>\n<\/ul>\n\n\n\n<h3 class=\"wp-block-heading\" id=\"h-concurso-arsal\"><a href=\"https:\/\/www.estrategiaconcursos.com.br\/blog\/concurso-arsal\/\" target=\"_blank\" rel=\"noreferrer noopener\">Concurso Arsal<\/a><\/h3>\n\n\n\n<ul class=\"wp-block-list\">\n<li><strong>Status<\/strong>: anunciado<\/li>\n\n\n\n<li><strong>Cargos:<\/strong> <strong>Analista de Regula\u00e7\u00e3o<\/strong><\/li>\n\n\n\n<li><strong>Vagas:<\/strong> 15 + 15 CR<\/li>\n\n\n\n<li><strong>Forma\u00e7\u00e3o:<\/strong> n\u00edvel superior<\/li>\n\n\n\n<li><strong>Sal\u00e1rio:<\/strong> &nbsp;R$ 2.133,33 a R$ 5.359,57&nbsp;<em>\u2013 conforme Plano de Cargos (2022)<\/em><\/li>\n<\/ul>\n\n\n\n<h3 class=\"wp-block-heading\" id=\"h-concurso-patoprev-pr\"><a href=\"https:\/\/www.estrategiaconcursos.com.br\/blog\/concurso-patoprev\/\" target=\"_blank\" rel=\"noreferrer noopener\">Concurso Patoprev<\/a> (PR)<\/h3>\n\n\n\n<ul class=\"wp-block-list\">\n<li><strong>Status<\/strong>: banca contratada (FAFIPA)<\/li>\n\n\n\n<li><strong>Cargos:<\/strong> Contador e Assistente Administrativo <\/li>\n\n\n\n<li><strong>Vagas:<\/strong> 2<\/li>\n\n\n\n<li><strong>Forma\u00e7\u00e3o:<\/strong> n\u00edveis m\u00e9dio e superior<\/li>\n\n\n\n<li><strong>Sal\u00e1rio:<\/strong> R$ 2.086,00 e R$ 2.465,03<\/li>\n<\/ul>\n\n\n\n<h3 class=\"wp-block-heading\" id=\"h-concurso-urbel-mg\"><a href=\"https:\/\/www.estrategiaconcursos.com.br\/blog\/concurso-urbel\/\" target=\"_blank\" rel=\"noreferrer noopener\">Concurso URBEL<\/a> (MG)<\/h3>\n\n\n\n<ul class=\"wp-block-list\">\n<li><strong>Status<\/strong>: comiss\u00e3o formada<\/li>\n\n\n\n<li><strong>Cargos:<\/strong> a definir<\/li>\n\n\n\n<li><strong>Vagas:<\/strong> a definir<\/li>\n\n\n\n<li><strong>Forma\u00e7\u00e3o:<\/strong> a definir<\/li>\n\n\n\n<li><strong>Sal\u00e1rio:<\/strong> R$ 1.480,96 a R$ 5.114,29 <em>&#8211; \u00faltimo edital<\/em><\/li>\n<\/ul>\n\n\n\n<h3 class=\"wp-block-heading\" id=\"h-concurso-cmu-aracaju-se\"><a href=\"https:\/\/www.estrategiaconcursos.com.br\/blog\/cmu-aracaju\/\" target=\"_blank\" rel=\"noreferrer noopener\">Concurso CMU Aracaju<\/a> (SE)<\/h3>\n\n\n\n<ul class=\"wp-block-list\">\n<li><strong>Status<\/strong>: comiss\u00e3o formada<\/li>\n\n\n\n<li><strong>Cargos:<\/strong> a definir<\/li>\n\n\n\n<li><strong>Vagas:<\/strong> a definir<\/li>\n\n\n\n<li><strong>Forma\u00e7\u00e3o:<\/strong> a definir<\/li>\n\n\n\n<li><strong>Sal\u00e1rio:<\/strong> a definir<\/li>\n<\/ul>\n\n\n\n<h3 class=\"wp-block-heading\" id=\"h-detran-ma\"><a href=\"https:\/\/www.estrategiaconcursos.com.br\/blog\/concurso-detran-ma\/\" target=\"_blank\" rel=\"noreferrer noopener\">Detran MA<\/a><\/h3>\n\n\n\n<ul class=\"wp-block-list\">\n<li><strong>Status<\/strong>: comiss\u00e3o formada<\/li>\n\n\n\n<li><strong>Cargos:<\/strong> a definir<\/li>\n\n\n\n<li><strong>Vagas:<\/strong> 121<\/li>\n\n\n\n<li><strong>Forma\u00e7\u00e3o:<\/strong> m\u00e9dio e superior<\/li>\n\n\n\n<li><strong>Sal\u00e1rio:<\/strong> R$ 1.400,00 e R$ 4.400,000<\/li>\n<\/ul>\n\n\n\n<h3 class=\"wp-block-heading\" id=\"h-concurso-fundacao-joao-pinheiro-mg\"><a href=\"https:\/\/www.estrategiaconcursos.com.br\/blog\/concurso-fundacao-joao-pinheiro\/\" target=\"_blank\" rel=\"noreferrer noopener\">Concurso Funda\u00e7\u00e3o Jo\u00e3o Pinheiro<\/a> (MG)<\/h3>\n\n\n\n<ul class=\"wp-block-list\">\n<li><strong>Status<\/strong>: banca definida (Legalle)<\/li>\n\n\n\n<li><strong>Cargos:<\/strong> Pesquisador, Gestor e T\u00e9cnico <\/li>\n\n\n\n<li><strong>Vagas:<\/strong> 26<\/li>\n\n\n\n<li><strong>Forma\u00e7\u00e3o:<\/strong> n\u00edveis m\u00e9dio e superior<\/li>\n\n\n\n<li><strong>Sal\u00e1rio:<\/strong> R$ 1.209,03 a R$ 4.473,07<\/li>\n<\/ul>\n\n\n\n<h3 class=\"wp-block-heading\" id=\"h-semas-pa\"><a href=\"https:\/\/www.estrategiaconcursos.com.br\/blog\/concurso-semas-pa\/\" target=\"_blank\" rel=\"noreferrer noopener\">SEMAS PA<\/a><\/h3>\n\n\n\n<ul class=\"wp-block-list\">\n<li><strong>Status:<\/strong> anunciado<\/li>\n\n\n\n<li><strong>Cargos:<\/strong> diversos<\/li>\n\n\n\n<li><strong>Vagas:<\/strong> 479<\/li>\n\n\n\n<li><strong>Forma\u00e7\u00e3o:<\/strong> m\u00e9dio e superior<\/li>\n\n\n\n<li><strong>Sal\u00e1rio:<\/strong> R$ 1.215,50 e R$ 3.104,35<\/li>\n<\/ul>\n\n\n\n<h3 class=\"wp-block-heading\" id=\"h-seas-am\"><a href=\"https:\/\/www.estrategiaconcursos.com.br\/blog\/concurso-seas-am\/\" target=\"_blank\" rel=\"noreferrer noopener\">SEAS AM<\/a><\/h3>\n\n\n\n<ul class=\"wp-block-list\">\n<li><strong>Status:<\/strong> comiss\u00e3o formada<\/li>\n\n\n\n<li><strong>Cargos<\/strong>: a definir<\/li>\n\n\n\n<li><strong>Vagas<\/strong>: a definir<\/li>\n\n\n\n<li><strong>Forma\u00e7\u00e3o:<\/strong> a definir<\/li>\n\n\n\n<li><strong>Sal\u00e1rio<\/strong>: a definir<\/li>\n<\/ul>\n\n\n\n<h3 class=\"wp-block-heading\" id=\"h-caraguaprev-sp\"><a href=\"https:\/\/www.estrategiaconcursos.com.br\/blog\/concurso-caraguaprev\/\" target=\"_blank\" rel=\"noreferrer noopener\">CaraguaPrev<\/a> (SP)<\/h3>\n\n\n\n<ul class=\"wp-block-list\">\n<li><strong>Status:<\/strong> banca contratada (Vunesp)<\/li>\n\n\n\n<li><strong>Cargos:<\/strong> a definir<\/li>\n\n\n\n<li><strong>Vagas:<\/strong> a definir<\/li>\n\n\n\n<li><strong>Forma\u00e7\u00e3o:<\/strong> a definir<\/li>\n\n\n\n<li><strong>Sal\u00e1rio:<\/strong> R$ 1.378,94 e R$ 4.436,80 <em> &#8211; \u00faltimo edital (2011)<\/em><\/li>\n<\/ul>\n\n\n\n<h3 class=\"wp-block-heading\" id=\"h-processo-seletivo-anater\"><a href=\"https:\/\/www.estrategiaconcursos.com.br\/blog\/concurso-anater\/\" target=\"_blank\" rel=\"noreferrer noopener\">Processo seletivo Anater<\/a><\/h3>\n\n\n\n<ul class=\"wp-block-list\">\n<li><strong>Status: <\/strong>banca definida (Instituto Exata)<\/li>\n\n\n\n<li><strong>Cargos:<\/strong> a definir<\/li>\n\n\n\n<li><strong>Vagas:<\/strong> a definir<\/li>\n\n\n\n<li><strong>Forma\u00e7\u00e3o:<\/strong> n\u00edveis m\u00e9dio e superior<\/li>\n\n\n\n<li><strong>Sal\u00e1rio:<\/strong>&nbsp;a definir<\/li>\n<\/ul>\n\n\n\n<h3 class=\"wp-block-heading\" id=\"h-concurso-valec-engenharia-construcoes-e-ferrovias-s-a\"><a href=\"https:\/\/www.estrategiaconcursos.com.br\/blog\/concurso-valec\/\" target=\"_blank\" rel=\"noreferrer noopener\">Concurso Valec<\/a> <em>(Engenharia, Constru\u00e7\u00f5es e Ferrovias S.A<\/em>)<\/h3>\n\n\n\n<ul class=\"wp-block-list\">\n<li><strong>Status: <\/strong>banca definida (Cebraspe)<\/li>\n\n\n\n<li><strong>Cargos:<\/strong> Analista &#8211; diversas especialidades<\/li>\n\n\n\n<li><strong>Vagas:<\/strong> 65<\/li>\n\n\n\n<li><strong>Forma\u00e7\u00e3o:<\/strong> n\u00edvel superior<\/li>\n\n\n\n<li><strong>Sal\u00e1rio:<\/strong>&nbsp;R$ 11.232,86<\/li>\n<\/ul>\n\n\n\n<h3 class=\"wp-block-heading\" id=\"h-concurso-ministerio-da-defesa-md\"><a href=\"https:\/\/www.estrategiaconcursos.com.br\/blog\/concurso-ministerio-da-defesa\/\" target=\"_blank\" rel=\"noreferrer noopener\">Concurso Minist\u00e9rio da Defesa (MD)<\/a><\/h3>\n\n\n\n<ul class=\"wp-block-list\">\n<li><strong>Status: <\/strong>autorizado<\/li>\n\n\n\n<li><strong>Cargos:<\/strong> diversos<\/li>\n\n\n\n<li><strong>Vagas:<\/strong> 148<\/li>\n\n\n\n<li><strong>Forma\u00e7\u00e3o:<\/strong> superior<\/li>\n\n\n\n<li><strong>Sal\u00e1rio:<\/strong>&nbsp;a definir<\/li>\n<\/ul>\n\n\n\n<h3 class=\"wp-block-heading\" id=\"h-concurso-seger-es\"><a href=\"https:\/\/www.estrategiaconcursos.com.br\/blog\/concurso-seger-es\/\" target=\"_blank\" rel=\"noreferrer noopener\">Concurso Seger ES<\/a><\/h3>\n\n\n\n<ul class=\"wp-block-list\">\n<li><strong>Status: <\/strong>comiss\u00e3o formada<\/li>\n\n\n\n<li><strong>Cargos:<\/strong> Analista do Executivo<\/li>\n\n\n\n<li><strong>Vagas:<\/strong> a definir<\/li>\n\n\n\n<li><strong>Forma\u00e7\u00e3o:<\/strong> n\u00edvel superior<\/li>\n\n\n\n<li><strong>Sal\u00e1rio:<\/strong>&nbsp;R$ 7.547,78<\/li>\n<\/ul>\n\n\n\n<h3 class=\"wp-block-heading\" id=\"h-concurso-iprema-mairipora-sp\"><a href=\"https:\/\/www.estrategiaconcursos.com.br\/blog\/concurso-iprema-mairipora\/\" target=\"_blank\" rel=\"noreferrer noopener\">Concurso IPREMA Mairipor\u00e3<\/a> (SP)<\/h3>\n\n\n\n<ul class=\"wp-block-list\">\n<li><strong>Status: <\/strong>banca contratada (Nosso Rumo)<\/li>\n\n\n\n<li><strong>Cargos:<\/strong> a definir<\/li>\n\n\n\n<li><strong>Vagas:<\/strong> a definir<\/li>\n\n\n\n<li><strong>Forma\u00e7\u00e3o:<\/strong> n\u00edveis fundamental, m\u00e9dio\/ t\u00e9cnico e superior<\/li>\n\n\n\n<li><strong>Sal\u00e1rio:<\/strong>&nbsp;&nbsp;R$ 1.549,48 a R$ 3.276,05&nbsp;<em>(\u00faltimo edital)<\/em><\/li>\n<\/ul>\n\n\n\n<h3 class=\"wp-block-heading\" id=\"h-concurso-seplag-rj\"><a href=\"https:\/\/www.estrategiaconcursos.com.br\/blog\/concurso-seplag-rj\/\">Concurso SEPLAG RJ<\/a><\/h3>\n\n\n\n<ul class=\"wp-block-list\">\n<li><strong>Status: <\/strong>comiss\u00e3o formada<\/li>\n\n\n\n<li><strong>Cargos:<\/strong> EPPGG e APO<\/li>\n\n\n\n<li><strong>Vagas:<\/strong> 60<\/li>\n\n\n\n<li><strong>Forma\u00e7\u00e3o:<\/strong> n\u00edvel superior<\/li>\n\n\n\n<li><strong>Sal\u00e1rio:<\/strong>&nbsp;R$ 10.182,18<\/li>\n<\/ul>\n\n\n\n<h3 class=\"wp-block-heading\" id=\"h-concurso-abin\"><a href=\"https:\/\/www.estrategiaconcursos.com.br\/blog\/concurso-abin\/\" target=\"_blank\" rel=\"noreferrer noopener\">Concurso ABIN<\/a><\/h3>\n\n\n\n<ul class=\"wp-block-list\">\n<li><strong>Status: <\/strong>solicitado<\/li>\n\n\n\n<li><strong>Cargos:<\/strong> Agente T\u00e9cnico de Intelig\u00eancia, Agente de Intelig\u00eancia, Oficial T\u00e9cnico de Intelig\u00eancia e Oficial de Intelig\u00eancia<\/li>\n\n\n\n<li><strong>Vagas:<\/strong> a definir<\/li>\n\n\n\n<li><strong>Forma\u00e7\u00e3o:<\/strong> m\u00e9dio e superior<\/li>\n\n\n\n<li><strong>Sal\u00e1rio:<\/strong> R$ 6.490,89 a R$ 19.022,12<\/li>\n<\/ul>\n\n\n\n<h3 class=\"wp-block-heading\" id=\"h-concurso-arsep-rn\"><a href=\"https:\/\/www.estrategiaconcursos.com.br\/blog\/concurso-arsep-rn\/\" target=\"_blank\" rel=\"noreferrer noopener\">Concurso ARSEP RN<\/a><\/h3>\n\n\n\n<ul class=\"wp-block-list\">\n<li><strong>Status: <\/strong>comiss\u00e3o formada<\/li>\n\n\n\n<li><strong>Cargos:<\/strong> Analista de Regula\u00e7\u00e3o I, II e II, e Analista de Suporte em Regula\u00e7\u00e3o<\/li>\n\n\n\n<li><strong>Vagas:<\/strong> 11<\/li>\n\n\n\n<li><strong>Forma\u00e7\u00e3o:<\/strong> a definir<\/li>\n\n\n\n<li><strong>Sal\u00e1rio:<\/strong> a definir<\/li>\n<\/ul>\n\n\n\n<h3 class=\"wp-block-heading\" id=\"h-concurso-theatro-municipal-rj\"><a href=\"https:\/\/www.estrategiaconcursos.com.br\/blog\/concurso-theatro-municipal-rj\/\" target=\"_blank\" rel=\"noreferrer noopener\">Concurso Theatro Municipal RJ<\/a><\/h3>\n\n\n\n<ul class=\"wp-block-list\">\n<li><strong>Status: <\/strong>autorizado<\/li>\n\n\n\n<li><strong>Cargos:<\/strong> diversos cargos<\/li>\n\n\n\n<li><strong>Vagas:<\/strong> 110<\/li>\n\n\n\n<li><strong>Forma\u00e7\u00e3o:<\/strong> a definir<\/li>\n\n\n\n<li><strong>Sal\u00e1rio:<\/strong> a definir<\/li>\n<\/ul>\n\n\n\n<h3 class=\"wp-block-heading\" id=\"h-concurso-ipern\"><a href=\"https:\/\/www.estrategiaconcursos.com.br\/blog\/concurso-ipern\/\" target=\"_blank\" rel=\"noreferrer noopener\">Concurso IPERN<\/a><\/h3>\n\n\n\n<ul class=\"wp-block-list\">\n<li><strong>Status: <\/strong>comiss\u00e3o formada<\/li>\n\n\n\n<li><strong>Cargos:<\/strong> a definir<\/li>\n\n\n\n<li><strong>Vagas:<\/strong> 90<\/li>\n\n\n\n<li><strong>Forma\u00e7\u00e3o:<\/strong> n\u00edveis m\u00e9dio e superior<\/li>\n\n\n\n<li><strong>Sal\u00e1rio:<\/strong> a definir<\/li>\n<\/ul>\n\n\n\n<h3 class=\"wp-block-heading\" id=\"h-concurso-smpog-bh\"><a href=\"https:\/\/www.estrategiaconcursos.com.br\/blog\/concurso-smpog-bh\/\" target=\"_blank\" rel=\"noreferrer noopener\">Concurso SMPOG BH<\/a><\/h3>\n\n\n\n<ul class=\"wp-block-list\">\n<li><strong>Status: <\/strong>comiss\u00e3o formada<\/li>\n\n\n\n<li><strong>Cargos:<\/strong> Analista, Agente e T\u00e9cnico<\/li>\n\n\n\n<li><strong>Vagas:<\/strong> a definir<\/li>\n\n\n\n<li><strong>Forma\u00e7\u00e3o:<\/strong> n\u00edveis t\u00e9cnico e superior<\/li>\n\n\n\n<li><strong>Sal\u00e1rio:<\/strong> R$ 2.355,60 a R$ 6.807,32&nbsp;<em>(\u00faltimo edital)<\/em><\/li>\n<\/ul>\n\n\n\n<h3 class=\"wp-block-heading\" id=\"h-concurso-cdp\"><a href=\"https:\/\/www.estrategiaconcursos.com.br\/blog\/concurso-cdp\/\" target=\"_blank\" rel=\"noreferrer noopener\">Concurso CDP<\/a><\/h3>\n\n\n\n<ul class=\"wp-block-list\">\n<li><strong>Status: <\/strong>banca definida (Instituto Consulpam)<\/li>\n\n\n\n<li><strong>Cargos:<\/strong> a definir<\/li>\n\n\n\n<li><strong>Vagas:<\/strong> a definir<\/li>\n\n\n\n<li><strong>Forma\u00e7\u00e3o:<\/strong> n\u00edveis m\u00e9dio e superior<\/li>\n\n\n\n<li><strong>Sal\u00e1rio:<\/strong> R$ 1.786,75 a R$ 5.029,04&nbsp;<em>(\u00faltimo edital)<\/em><\/li>\n<\/ul>\n\n\n\n<h3 class=\"wp-block-heading\" id=\"h-concurso-cdhu\"><a href=\"https:\/\/www.estrategiaconcursos.com.br\/blog\/concurso-cdhu\/\" target=\"_blank\" rel=\"noreferrer noopener\">Concurso CDHU<\/a><\/h3>\n\n\n\n<ul class=\"wp-block-list\">\n<li><strong>Status: <\/strong>previsto<\/li>\n\n\n\n<li><strong>Cargos:<\/strong> a definir<\/li>\n\n\n\n<li><strong>Vagas:<\/strong> 388<\/li>\n\n\n\n<li><strong>Forma\u00e7\u00e3o:<\/strong> a definir<\/li>\n\n\n\n<li><strong>Sal\u00e1rio:<\/strong> a definir<\/li>\n<\/ul>\n\n\n\n<h3 class=\"wp-block-heading\" id=\"h-concurso-ceasa-rn\"><a href=\"https:\/\/www.estrategiaconcursos.com.br\/blog\/concurso-ceasa-rn\/\" target=\"_blank\" rel=\"noreferrer noopener\">Concurso CEASA RN<\/a><\/h3>\n\n\n\n<ul class=\"wp-block-list\">\n<li><strong>Status: <\/strong>a definir<\/li>\n\n\n\n<li><strong>Cargos:<\/strong> a definir<\/li>\n\n\n\n<li><strong>Vagas:<\/strong> a definir<\/li>\n\n\n\n<li><strong>Forma\u00e7\u00e3o:<\/strong> a definir<\/li>\n\n\n\n<li><strong>Sal\u00e1rio:<\/strong> a definir<\/li>\n<\/ul>\n\n\n\n<h3 class=\"wp-block-heading\" id=\"h-concurso-der-se\"><a href=\"https:\/\/www.estrategiaconcursos.com.br\/blog\/concurso-der-se\/\" target=\"_blank\" rel=\"noreferrer noopener\">Concurso DER SE<\/a><\/h3>\n\n\n\n<ul class=\"wp-block-list\">\n<li><strong>Status: <\/strong>comiss\u00e3o formada<\/li>\n\n\n\n<li><strong>Cargos:<\/strong> a definir<\/li>\n\n\n\n<li><strong>Vagas:<\/strong> a definir<\/li>\n\n\n\n<li><strong>Forma\u00e7\u00e3o:<\/strong> a definir<\/li>\n\n\n\n<li><strong>Sal\u00e1rio:<\/strong> a definir<\/li>\n<\/ul>\n\n\n\n<h3 class=\"wp-block-heading\" id=\"h-setasc-mt\"><a href=\"https:\/\/www.estrategiaconcursos.com.br\/blog\/concurso-setasc-mt\/\" target=\"_blank\" rel=\"noreferrer noopener\">SETASC MT<\/a><\/h3>\n\n\n\n<ul class=\"wp-block-list\">\n<li><strong>Status: <\/strong>comiss\u00e3o formada<\/li>\n\n\n\n<li><strong>Cargos:<\/strong> a definir<\/li>\n\n\n\n<li><strong>Vagas:<\/strong> a definir<\/li>\n\n\n\n<li><strong>Forma\u00e7\u00e3o:<\/strong> a definir<\/li>\n\n\n\n<li><strong>Sal\u00e1rio:<\/strong> R$ 4.000,00 e R$ 4.500,00&nbsp;<em>(\u00faltimo edital PSS)<\/em><\/li>\n<\/ul>\n\n\n\n<h3 class=\"wp-block-heading\" id=\"h-concurso-demhab-porto-alegre-rs\"><a href=\"https:\/\/www.estrategiaconcursos.com.br\/blog\/concurso-demhab-porto-alegre\/\" target=\"_blank\" rel=\"noreferrer noopener\">Concurso DEMHAB Porto Alegre<\/a> (RS)<\/h3>\n\n\n\n<ul class=\"wp-block-list\">\n<li><strong>Status:<\/strong> comiss\u00e3o formada<\/li>\n\n\n\n<li><strong>Cargos:<\/strong> a definir<\/li>\n\n\n\n<li><strong>Vagas:<\/strong> a definir<\/li>\n\n\n\n<li><strong>Forma\u00e7\u00e3o:<\/strong> a definir<\/li>\n\n\n\n<li><strong>Sal\u00e1rio:<\/strong> a definir<\/li>\n<\/ul>\n\n\n\n<h3 class=\"wp-block-heading\" id=\"h-concurso-ceturb-es\"><a href=\"https:\/\/www.estrategiaconcursos.com.br\/blog\/concurso-ceturb-es\/\" target=\"_blank\" rel=\"noreferrer noopener\">Concurso Ceturb ES<\/a><\/h3>\n\n\n\n<ul class=\"wp-block-list\">\n<li><strong>Status:<\/strong> comiss\u00e3o formada | escolha da banca<\/li>\n\n\n\n<li><strong>Cargos:<\/strong> a definir<\/li>\n\n\n\n<li><strong>Vagas:<\/strong> a definir<\/li>\n\n\n\n<li><strong>Forma\u00e7\u00e3o:<\/strong> n\u00edveis m\u00e9dio e superior<\/li>\n\n\n\n<li><strong>Sal\u00e1rio:<\/strong> R$ 1.407,00 a R$ 3.090,00&nbsp;<em>(\u00faltimo edital)<\/em><\/li>\n<\/ul>\n\n\n\n<h3 class=\"wp-block-heading\" id=\"h-concurso-codhab-df\"><a href=\"https:\/\/www.estrategiaconcursos.com.br\/blog\/concurso-codhab-df\/\" target=\"_blank\" rel=\"noreferrer noopener\">Concurso Codhab DF<\/a><\/h3>\n\n\n\n<ul class=\"wp-block-list\">\n<li><strong>Status:<\/strong> comiss\u00e3o formada<\/li>\n\n\n\n<li><strong>Cargos:<\/strong> a definir<\/li>\n\n\n\n<li><strong>Vagas:<\/strong> a definir<\/li>\n\n\n\n<li><strong>Forma\u00e7\u00e3o:<\/strong> a definir<\/li>\n\n\n\n<li><strong>Sal\u00e1rio:<\/strong> R$ 2.500,00 a R$ 4.995,45&nbsp;<em>(\u00faltimo edital)<\/em><\/li>\n<\/ul>\n\n\n\n<h3 class=\"wp-block-heading\" id=\"h-concurso-idr-parana\"><a href=\"https:\/\/www.estrategiaconcursos.com.br\/blog\/concurso-idr-parana\/\" target=\"_blank\" rel=\"noreferrer noopener\">Concurso IDR Paran\u00e1<\/a><\/h3>\n\n\n\n<ul class=\"wp-block-list\">\n<li><strong>Status:<\/strong> anunciado<\/li>\n\n\n\n<li><strong>Cargos:<\/strong> diversos<\/li>\n\n\n\n<li><strong>Vagas:<\/strong> 422<\/li>\n\n\n\n<li><strong>Forma\u00e7\u00e3o:<\/strong> a definir<\/li>\n\n\n\n<li><strong>Sal\u00e1rio:<\/strong> a definir<\/li>\n<\/ul>\n\n\n\n<h3 class=\"wp-block-heading\" id=\"h-concurso-codego\"><a href=\"https:\/\/www.estrategiaconcursos.com.br\/blog\/concurso-codego\/\" target=\"_blank\" rel=\"noreferrer noopener\">Concurso CODEGO<\/a><\/h3>\n\n\n\n<ul class=\"wp-block-list\">\n<li><strong>Status:&nbsp;<\/strong>comiss\u00e3o formada<\/li>\n\n\n\n<li><strong>Cargos:<\/strong> Eletrot\u00e9cnico, Tecn\u00f3logo, T\u00e9cnico e Assistente Administrativo<\/li>\n\n\n\n<li><strong>Forma\u00e7\u00e3o:<\/strong> n\u00edveis t\u00e9cnico e superior<\/li>\n\n\n\n<li><strong>Vagas:<\/strong>&nbsp;51 <\/li>\n\n\n\n<li><strong>Sal\u00e1rio:<\/strong>&nbsp;R$ 3.000,00 a R$ 8.000,00<\/li>\n<\/ul>\n\n\n\n<h3 class=\"wp-block-heading\" id=\"h-concurso-secec-rj\"><a href=\"https:\/\/www.estrategiaconcursos.com.br\/blog\/concurso-secec-rj\/\" target=\"_blank\" rel=\"noreferrer noopener\">Concurso SECEC RJ<\/a><\/h3>\n\n\n\n<ul class=\"wp-block-list\">\n<li><strong>Status:&nbsp;<\/strong>Grupo de trabalho formado<\/li>\n\n\n\n<li><strong>Cargos:<\/strong> A definir<\/li>\n\n\n\n<li><strong>Forma\u00e7\u00e3o:<\/strong>&nbsp;A definir<\/li>\n\n\n\n<li><strong>Vagas:<\/strong>&nbsp;A definir<\/li>\n\n\n\n<li><strong>Sal\u00e1rio:<\/strong>&nbsp;A definir<\/li>\n<\/ul>\n\n\n\n<h3 class=\"wp-block-heading\" id=\"h-concurso-fmc-belo-horizonte\"><a href=\"https:\/\/www.estrategiaconcursos.com.br\/blog\/concurso-fmc-belo-horizonte-comissao-formada\/\" target=\"_blank\" rel=\"noreferrer noopener\">Concurso FMC Belo Horizonte<\/a><\/h3>\n\n\n\n<ul class=\"wp-block-list\">\n<li><strong>Status<\/strong>: comiss\u00e3o formada<\/li>\n\n\n\n<li><strong>Cargo:&nbsp;<\/strong>a definir<\/li>\n\n\n\n<li><strong>Forma\u00e7\u00e3o:&nbsp;<\/strong>a definir<\/li>\n\n\n\n<li><strong>Vagas:<\/strong>&nbsp;a definir<\/li>\n\n\n\n<li><strong>Sal\u00e1rio:<\/strong>&nbsp;R$ 2.715,08 a R$ 5.501,22 <em>[\u00faltimo PSS<\/em>]<\/li>\n<\/ul>\n\n\n\n<h3 class=\"wp-block-heading\" id=\"h-concurso-sejusc-am\"><a href=\"https:\/\/www.estrategiaconcursos.com.br\/blog\/concurso-sejusc-am\/\" target=\"_blank\" rel=\"noreferrer noopener\">Concurso Sejusc AM<\/a><\/h3>\n\n\n\n<ul class=\"wp-block-list\">\n<li><strong>Status:<\/strong>&nbsp;grupo de trabalho formado<\/li>\n\n\n\n<li><strong>Cargo:<\/strong>&nbsp;a definir<\/li>\n\n\n\n<li><strong>Forma\u00e7\u00e3o:&nbsp;<\/strong>&nbsp;a definir<\/li>\n\n\n\n<li><strong>Vagas:<\/strong>&nbsp;&nbsp;a definir<\/li>\n\n\n\n<li><strong>Sal\u00e1rio:<\/strong>&nbsp;&nbsp;a definir<\/li>\n<\/ul>\n\n\n\n<h3 class=\"wp-block-heading\" id=\"h-concurso-sema-ap\"><a href=\"https:\/\/www.estrategiaconcursos.com.br\/blog\/concurso-sema-ap\/\" target=\"_blank\" rel=\"noreferrer noopener\">Concurso SEMA AP<\/a><\/h3>\n\n\n\n<ul class=\"wp-block-list\">\n<li><strong>Situa\u00e7\u00e3o<\/strong>: comiss\u00e3o formada<\/li>\n\n\n\n<li><strong>Cargos:&nbsp;<\/strong>a definir<\/li>\n\n\n\n<li><strong>Forma\u00e7\u00e3o:<\/strong> a definir<\/li>\n\n\n\n<li><strong>Vagas:<\/strong>&nbsp;a definir<\/li>\n\n\n\n<li><strong>Sal\u00e1rio:<\/strong> a definir<\/li>\n<\/ul>\n\n\n\n<h3 class=\"wp-block-heading\" id=\"concurso-afap\"><a href=\"https:\/\/www.estrategiaconcursos.com.br\/blog\/concurso-imetropara\/\" target=\"_blank\" rel=\"noreferrer noopener\">Concurso Imetropar\u00e1<\/a><\/h3>\n\n\n\n<ul class=\"wp-block-list\">\n<li><strong>Situa\u00e7\u00e3o:<\/strong>&nbsp;banca contratada (Cetap)<\/li>\n\n\n\n<li><strong>Cargos:&nbsp;<\/strong>v\u00e1rios<\/li>\n\n\n\n<li><strong>Forma\u00e7\u00e3o<\/strong>: N\u00edveis m\u00e9dio e superior<\/li>\n\n\n\n<li><strong>Vagas:&nbsp;<\/strong>66 + CR<\/li>\n\n\n\n<li><strong>Sal\u00e1rio:<\/strong>&nbsp;R$ 1.215,50 a R$ 3.104,35<\/li>\n<\/ul>\n\n\n\n<h3 class=\"wp-block-heading\" id=\"concurso-afap\"><a href=\"https:\/\/www.estrategiaconcursos.com.br\/blog\/concurso-fiperj\/\" target=\"_blank\" rel=\"noreferrer noopener\">Concurso FIPERJ<\/a><\/h3>\n\n\n\n<ul class=\"wp-block-list\">\n<li><strong>Situa\u00e7\u00e3o:<\/strong>&nbsp;Autorizado<\/li>\n\n\n\n<li><strong>Cargos:&nbsp;<\/strong>a definir<\/li>\n\n\n\n<li><strong>Forma\u00e7\u00e3o<\/strong>: a definir<\/li>\n\n\n\n<li><strong>Vagas:&nbsp;<\/strong>a definir<\/li>\n\n\n\n<li><strong>Sal\u00e1rio:<\/strong>&nbsp;R$ 1.400,89 a R$ 2.801,55&nbsp;<em>(\u00faltimo edital<\/em>)<\/li>\n<\/ul>\n\n\n\n<h3 class=\"wp-block-heading\" id=\"h-concurso-iperon\"><a href=\"https:\/\/www.estrategiaconcursos.com.br\/blog\/concurso-iperon\/\" target=\"_blank\" rel=\"noreferrer noopener\">Concurso IPERON<\/a><\/h3>\n\n\n\n<ul class=\"wp-block-list\">\n<li><strong>Situa\u00e7\u00e3o:<\/strong> comiss\u00e3o formada<\/li>\n\n\n\n<li><strong style=\"color: initial;\">Cargos:&nbsp;<\/strong><span style=\"color: initial;\">a definir<\/span><\/li>\n\n\n\n<li><strong>Forma\u00e7\u00e3o<\/strong>:&nbsp;a definir<\/li>\n\n\n\n<li><strong>Vagas:<\/strong>&nbsp;a definir<\/li>\n\n\n\n<li><strong>Sal\u00e1rio:<\/strong>&nbsp;R$ 2.517,35 e R$ 4.475,71&nbsp;<em>\u2013 \u00faltimo edital<\/em><\/li>\n<\/ul>\n\n\n\n<h3 class=\"wp-block-heading\" id=\"h-concurso-ipam-porto-velho-ro\"><a href=\"https:\/\/www.estrategiaconcursos.com.br\/blog\/concurso-ipam-porto-velho\/\" target=\"_blank\" rel=\"noreferrer noopener\">Concurso IPAM Porto Velho RO<\/a><\/h3>\n\n\n\n<ul class=\"wp-block-list\">\n<li><strong>Situa\u00e7\u00e3o<\/strong>: Grupo de Trabalho formado<\/li>\n\n\n\n<li><strong style=\"color: initial;\">Cargos:&nbsp;<\/strong><span style=\"color: initial;\">Analista, T\u00e9cnico e Procurador Aut\u00e1rquico<\/span><\/li>\n\n\n\n<li><strong><\/strong><strong><\/strong><strong>Forma\u00e7\u00e3o<\/strong>:&nbsp;n\u00edvel m\u00e9dio e superior<\/li>\n\n\n\n<li><strong>Vagas:<\/strong>&nbsp;70 previstas<\/li>\n\n\n\n<li><strong>Sal\u00e1rio:<\/strong>&nbsp;R$ 3.000,00 a R$ 8.000,00 + gratifica\u00e7\u00f5es<\/li>\n<\/ul>\n\n\n\n<h3 class=\"wp-block-heading\" id=\"h-concurso-funap-df\"><a href=\"https:\/\/www.estrategiaconcursos.com.br\/blog\/concurso-funap-df\/\" target=\"_blank\" rel=\"noreferrer noopener\">Concurso FUNAP DF<\/a><\/h3>\n\n\n\n<ul class=\"wp-block-list\">\n<li><strong>Status: <\/strong>Grupo de trabalho formado<\/li>\n\n\n\n<li><strong>Cargos:<\/strong> a definir<\/li>\n\n\n\n<li><strong>Vagas:<\/strong> a definir<\/li>\n\n\n\n<li><strong>Forma\u00e7\u00e3o:<\/strong> a definir<\/li>\n\n\n\n<li><strong>Sal\u00e1rio:<\/strong> a definir<\/li>\n<\/ul>\n\n\n\n<h3 class=\"wp-block-heading\" id=\"h-concurso-agepar\"><a href=\"https:\/\/www.estrategiaconcursos.com.br\/blog\/concurso-agepar\/\" target=\"_blank\" rel=\"noreferrer noopener\">Concurso AGEPAR<\/a> <\/h3>\n\n\n\n<ul class=\"wp-block-list\">\n<li><strong>Status<\/strong>: comiss\u00e3o formada<\/li>\n\n\n\n<li><strong>Cargos:<\/strong> Especialista em Regula\u00e7\u00e3o<\/li>\n\n\n\n<li><strong>Vagas:<\/strong> 23<\/li>\n\n\n\n<li><strong>Forma\u00e7\u00e3o:<\/strong> n\u00edvel superior<\/li>\n\n\n\n<li><strong>Sal\u00e1rio:<\/strong> R$ 2.298,76 a R$ 6.869,29<em>&nbsp;(\u00faltimo edital)<\/em><\/li>\n<\/ul>\n\n\n\n<h3 class=\"wp-block-heading\" id=\"concurso-afap\"><a href=\"https:\/\/www.estrategiaconcursos.com.br\/blog\/concurso-pesagro-rj\/\" target=\"_blank\" rel=\"noreferrer noopener\">Concurso PESAGRO RJ<\/a><\/h3>\n\n\n\n<ul class=\"wp-block-list\">\n<li><strong>Status:<\/strong>&nbsp;Autorizado<\/li>\n\n\n\n<li><strong>Cargos:&nbsp;<\/strong>a definir<\/li>\n\n\n\n<li><strong><\/strong><strong>Forma\u00e7\u00e3o<\/strong>: a definir<\/li>\n\n\n\n<li><strong>Vagas:&nbsp;<\/strong>a definir<\/li>\n\n\n\n<li><strong>Sal\u00e1rio:<\/strong>&nbsp;&nbsp;R$ 1.218,76 a R$ 8.512,51<\/li>\n<\/ul>\n\n\n\n<h3 class=\"wp-block-heading\" id=\"concurso-imasul-ms\"><a href=\"https:\/\/www.estrategiaconcursos.com.br\/blog\/concurso-seds-go\/\" target=\"_blank\" rel=\"noreferrer noopener\">Concurso SEDS GO<\/a><\/h3>\n\n\n\n<ul class=\"wp-block-list\">\n<li><strong>Status<\/strong>: Comiss\u00e3o formada<\/li>\n\n\n\n<li><strong>Cargos<\/strong>: Agente Socioeducativo e Analista T\u00e9cnico de Assist\u00eancia Social<\/li>\n\n\n\n<li><strong><\/strong><strong>Forma\u00e7\u00e3o<\/strong>: m\u00e9dio e superior<\/li>\n\n\n\n<li><strong>Vagas<\/strong>: 371<\/li>\n\n\n\n<li><strong>Sal\u00e1rio:<\/strong>&nbsp;a definir<\/li>\n<\/ul>\n\n\n\n<h3 class=\"wp-block-heading\" id=\"h-concurso-der-rj\"><a href=\"https:\/\/www.estrategiaconcursos.com.br\/blog\/concurso-der-rj\/\" target=\"_blank\" rel=\"noreferrer noopener\">Concurso DER RJ<\/a><\/h3>\n\n\n\n<ul class=\"wp-block-list\">\n<li><strong>Status:<\/strong>&nbsp;comiss\u00e3o formada<\/li>\n\n\n\n<li><strong>Cargo:<\/strong>&nbsp;a definir<\/li>\n\n\n\n<li><strong>Vagas:<\/strong> a definir<\/li>\n\n\n\n<li><strong>Forma\u00e7\u00e3o:&nbsp;<\/strong>a definir<\/li>\n\n\n\n<li><strong>Sal\u00e1rio:<\/strong>&nbsp;entre R$ 1.048,38 e R$ 10.189,49<\/li>\n<\/ul>\n\n\n\n<h3 class=\"wp-block-heading\" id=\"block-9ae1afe0-c806-4928-965f-5c8e527eab1c\"><a href=\"https:\/\/www.estrategiaconcursos.com.br\/blog\/concurso-sop-ce\/\" target=\"_blank\" rel=\"noreferrer noopener\">Concurso SOP<\/a> (CE)<\/h3>\n\n\n\n<ul class=\"wp-block-list\">\n<li><strong>Status:<\/strong>&nbsp;banca definida (Idecan)<\/li>\n\n\n\n<li><strong>Cargos:&nbsp;<\/strong>Contador e Analista de Infraestrutura de Edifica\u00e7\u00e3o e Rodovia<\/li>\n\n\n\n<li><strong>Forma\u00e7\u00e3o:&nbsp;<\/strong>n\u00edvel superior<\/li>\n\n\n\n<li><strong>Vagas:&nbsp;<\/strong>64<\/li>\n\n\n\n<li><strong>Sal\u00e1rio:&nbsp;<\/strong>a definir<\/li>\n<\/ul>\n\n\n\n<h3 class=\"wp-block-heading\" id=\"block-9ae1afe0-c806-4928-965f-5c8e527eab1c\"><a href=\"https:\/\/www.estrategiaconcursos.com.br\/blog\/concurso-ideflor-bio\/\" target=\"_blank\" rel=\"noreferrer noopener\">Concurso IDEFLOR-Bio<\/a> (PA)<\/h3>\n\n\n\n<ul class=\"wp-block-list\">\n<li><strong>Status:<\/strong>&nbsp;Comiss\u00e3o formada<\/li>\n\n\n\n<li><strong>Cargos:&nbsp;<\/strong>a definir<\/li>\n\n\n\n<li><strong>Forma\u00e7\u00e3o:&nbsp;<\/strong>n\u00edvel superior<\/li>\n\n\n\n<li><strong>Vagas:&nbsp;<\/strong>55 previstas<\/li>\n\n\n\n<li><strong>Sal\u00e1rio:&nbsp;<\/strong>a definir<\/li>\n<\/ul>\n\n\n\n<h3 class=\"wp-block-heading\" id=\"block-9ae1afe0-c806-4928-965f-5c8e527eab1c\"><a href=\"https:\/\/www.estrategiaconcursos.com.br\/blog\/concurso-seirh-pb\/\" target=\"_blank\" rel=\"noreferrer noopener\">Concurso SEIRH<\/a> (PB)<\/h3>\n\n\n\n<ul class=\"wp-block-list\">\n<li><strong>Status:<\/strong>&nbsp;banca definida (Instituto AOCP)<\/li>\n\n\n\n<li><strong>Cargos:&nbsp;<\/strong>a definir<\/li>\n\n\n\n<li><strong>Forma\u00e7\u00e3o:&nbsp;<\/strong>a definir<\/li>\n\n\n\n<li><strong>Vagas:&nbsp;<\/strong>a definir<\/li>\n\n\n\n<li><strong>Sal\u00e1rio:&nbsp;<\/strong>a definir<\/li>\n<\/ul>\n\n\n\n<h3 class=\"wp-block-heading\" id=\"h-concurso-epc-pb\"><a href=\"https:\/\/www.estrategiaconcursos.com.br\/blog\/concurso-epc\/\" target=\"_blank\" rel=\"noreferrer noopener\">Concurso EPC PB<\/a><\/h3>\n\n\n\n<ul class=\"wp-block-list\">\n<li><strong>Status:<\/strong> Comiss\u00e3o formada<\/li>\n\n\n\n<li><strong>Cargos:&nbsp;<\/strong>V\u00e1rios<\/li>\n\n\n\n<li><strong>Forma\u00e7\u00e3o:&nbsp;<\/strong>a definir<\/li>\n\n\n\n<li><strong>Vagas:<\/strong> N\u00edveis m\u00e9dio e t\u00e9cnico<\/li>\n\n\n\n<li><strong>Sal\u00e1rio:&nbsp;<\/strong>R$ 1.800,00 a R$ 3.000,00 <em>(\u00faltimo edital)<\/em><\/li>\n<\/ul>\n\n\n\n<h3 class=\"wp-block-heading\" id=\"h-concurso-sanemar-marica-rj\"><a href=\"https:\/\/www.estrategiaconcursos.com.br\/blog\/concurso-sanemar-marica\/\" target=\"_blank\" rel=\"noreferrer noopener\">Concurso Sanemar Maric\u00e1<\/a> (RJ)<\/h3>\n\n\n\n<ul class=\"wp-block-list\">\n<li><strong>Status:&nbsp;<\/strong>banca contratada (Coseac\/UFF)<\/li>\n\n\n\n<li><strong>Cargos:<\/strong>&nbsp;a definir<\/li>\n\n\n\n<li><strong>Forma\u00e7\u00e3o:<\/strong>&nbsp;a definir<\/li>\n\n\n\n<li><strong>Vagas:<\/strong>&nbsp;a definir<\/li>\n\n\n\n<li><strong>Sal\u00e1rio:<\/strong>&nbsp;a definir<\/li>\n<\/ul>\n\n\n\n<ul class=\"wp-block-list\">\n<li><\/li>\n<\/ul>\n\n\n\n<h3 class=\"wp-block-heading\" id=\"h-concurso-agevap\"><a href=\"https:\/\/www.estrategiaconcursos.com.br\/blog\/concurso-agevap\/\" target=\"_blank\" rel=\"noreferrer noopener\">Concurso Agevap<\/a><\/h3>\n\n\n\n<ul class=\"wp-block-list\">\n<li><strong>Status:&nbsp;<\/strong>banca contratada (Objetiva Concursos)<\/li>\n\n\n\n<li><strong>Cargos:<\/strong>&nbsp;Especialista em Recursos H\u00eddricos e&nbsp;Especialista Administrativo<\/li>\n\n\n\n<li><strong>Forma\u00e7\u00e3o:<\/strong>&nbsp;N\u00edvel superior<\/li>\n\n\n\n<li><strong>Vagas:<\/strong>&nbsp;10<\/li>\n\n\n\n<li><strong>Sal\u00e1rio:<\/strong>&nbsp;R$ 5.551,53<em>&nbsp;<\/em>a R$ 7.323,41<\/li>\n<\/ul>\n\n\n\n<h3 class=\"wp-block-heading\" id=\"h-concurso-sohidra-ce\"><a href=\"https:\/\/www.estrategiaconcursos.com.br\/blog\/concurso-sohidra-ce\/\" target=\"_blank\" rel=\"noreferrer noopener\">Concurso SOHIDRA<\/a> (CE)<\/h3>\n\n\n\n<ul class=\"wp-block-list\">\n<li><strong>Status:<\/strong>&nbsp;Comiss\u00e3o formada<\/li>\n\n\n\n<li><strong>Cargo: <\/strong>A definir<\/li>\n\n\n\n<li><strong>Forma\u00e7\u00e3o:&nbsp;<\/strong>n\u00edvel superior<\/li>\n\n\n\n<li><strong>Vagas:<\/strong>&nbsp;50<\/li>\n\n\n\n<li><strong>Sal\u00e1rio:<\/strong>&nbsp;A definir<\/li>\n<\/ul>\n\n\n\n<h3 class=\"wp-block-heading\"><a href=\"https:\/\/www.estrategiaconcursos.com.br\/blog\/concurso-agetransp-rj\/\" target=\"_blank\" rel=\"noreferrer noopener\">Concurso Agetransp RJ<\/a><\/h3>\n\n\n\n<ul class=\"wp-block-list\">\n<li><strong>Status<\/strong>: banca definida (FGV)<\/li>\n\n\n\n<li><strong>Cargo:<\/strong>&nbsp;Especialista, Analista e Assistente<\/li>\n\n\n\n<li><strong><\/strong><strong>Forma\u00e7\u00e3o<\/strong>:&nbsp;N\u00edvel m\u00e9dio e superior<\/li>\n\n\n\n<li><strong>Vagas:<\/strong>&nbsp;25<\/li>\n\n\n\n<li><strong><\/strong><strong>Sal\u00e1rio<\/strong>:&nbsp;R$ 2.844,53 a R$ 6.788,11<\/li>\n<\/ul>\n\n\n\n<h3 class=\"wp-block-heading\" id=\"h-concurso-rjprev\"><a href=\"https:\/\/www.estrategiaconcursos.com.br\/blog\/concurso-rjprev\/\">Concurso RJPrev<\/a> <\/h3>\n\n\n\n<ul class=\"wp-block-list\">\n<li><strong>Status:<\/strong>&nbsp;Comiss\u00e3o formada<\/li>\n\n\n\n<li><strong>Cargo:<\/strong>&nbsp;Analista e&nbsp;T\u00e9cnico em Previd\u00eancia Complementar<\/li>\n\n\n\n<li><strong>Vagas:<\/strong>&nbsp;05 + CR<\/li>\n\n\n\n<li><strong>Forma\u00e7\u00e3o:&nbsp;<\/strong>N\u00edvel superior<\/li>\n\n\n\n<li><strong>Sal\u00e1rio:<\/strong>&nbsp;R$ 3.910,90 a R$ 5.775,50<\/li>\n<\/ul>\n\n\n\n<h3 class=\"wp-block-heading\" id=\"h-concurso-urb-recife-concurso-emlurb-recife\"><a href=\"https:\/\/www.estrategiaconcursos.com.br\/blog\/concurso-urb-recife\/\" target=\"_blank\" rel=\"noreferrer noopener\">Concurso URB Recife<\/a> | <a href=\"https:\/\/www.estrategiaconcursos.com.br\/blog\/concurso-emlurb-recife\/\" target=\"_blank\" rel=\"noreferrer noopener\">Concurso EMLURB Recife<\/a><\/h3>\n\n\n\n<ul class=\"wp-block-list\">\n<li><strong>Status:<\/strong>&nbsp;Banca definida (IBFC)<\/li>\n\n\n\n<li><strong>Cargo:<\/strong>&nbsp;V\u00e1rios<\/li>\n\n\n\n<li><strong>Vagas:<\/strong>&nbsp;162<\/li>\n\n\n\n<li><strong>Forma\u00e7\u00e3o:&nbsp;<\/strong>N\u00edveis m\u00e9dio, t\u00e9cnico e superior<\/li>\n\n\n\n<li><strong>Sal\u00e1rio:<\/strong>&nbsp;R$ 2.500,00 a R$ 6.000,00<\/li>\n<\/ul>\n\n\n\n<h3 class=\"wp-block-heading\" id=\"h-concurso-idace-ce\"><a href=\"https:\/\/www.estrategiaconcursos.com.br\/blog\/concurso-idace\/\" target=\"_blank\" rel=\"noreferrer noopener\">Concurso IDACE<\/a> (CE)<\/h3>\n\n\n\n<ul class=\"wp-block-list\">\n<li><strong>Status:<\/strong>&nbsp;comiss\u00e3o formada<\/li>\n\n\n\n<li><strong>Cargos:<\/strong> a definir<\/li>\n\n\n\n<li><strong><\/strong><strong>Forma\u00e7\u00e3o<\/strong>: a definir<\/li>\n\n\n\n<li><strong>Vagas:<\/strong> a definir<\/li>\n\n\n\n<li><strong>Sal\u00e1rio:<\/strong> a definir<\/li>\n<\/ul>\n\n\n\n<h3 class=\"wp-block-heading\" id=\"concurso-detran-pi\"><a href=\"https:\/\/www.estrategiaconcursos.com.br\/blog\/concurso-detran-pi\/\" target=\"_blank\" rel=\"noreferrer noopener\">Concurso Detran PI<\/a><\/h3>\n\n\n\n<ul class=\"wp-block-list\">\n<li><strong>Status:<\/strong> autorizado<\/li>\n\n\n\n<li><strong>Cargos:&nbsp;<\/strong>Analista de Tr\u00e2nsito<\/li>\n\n\n\n<li><strong>Forma\u00e7\u00e3o<\/strong>:&nbsp;superior<\/li>\n\n\n\n<li><strong>Vagas:<\/strong>&nbsp;30<\/li>\n\n\n\n<li><strong>Sal\u00e1rio:<\/strong> at\u00e9 R$ 2.205,00<\/li>\n<\/ul>\n\n\n\n<h3 class=\"wp-block-heading\" id=\"concurso-detran-pi\"><a href=\"https:\/\/www.estrategiaconcursos.com.br\/blog\/concurso-detran-sp\/\" target=\"_blank\" rel=\"noreferrer noopener\">Concurso Detran SP<\/a><\/h3>\n\n\n\n<ul class=\"wp-block-list\">\n<li><strong>Status:<\/strong> autorizado<\/li>\n\n\n\n<li><strong>Cargos:&nbsp;<\/strong>Agente de Tr\u00e2nsito<\/li>\n\n\n\n<li><strong>Forma\u00e7\u00e3o<\/strong>:&nbsp;superior<\/li>\n\n\n\n<li><strong>Vagas:<\/strong>&nbsp;145<\/li>\n\n\n\n<li><strong>Sal\u00e1rio:<\/strong> R$ 5.702,18<\/li>\n<\/ul>\n\n\n\n<h3 class=\"wp-block-heading\" id=\"concurso-detran-pi\"><a href=\"https:\/\/www.estrategiaconcursos.com.br\/blog\/concurso-detran-pe\/\">Concurso Detran PE<\/a><\/h3>\n\n\n\n<ul class=\"wp-block-list\">\n<li><strong>Status:<\/strong> solicitado<\/li>\n\n\n\n<li><strong>Cargos:&nbsp;<\/strong>a definir<\/li>\n\n\n\n<li><strong><\/strong><strong>Forma\u00e7\u00e3o<\/strong>:&nbsp;a definir<\/li>\n\n\n\n<li><strong>Vagas:<\/strong>&nbsp;a definir<\/li>\n\n\n\n<li><strong>Sal\u00e1rio:<\/strong> R$ 1.780,00 a R$ 4.880,00<\/li>\n<\/ul>\n\n\n\n<h3 class=\"wp-block-heading\" id=\"concurso-detran-pi\"><a href=\"https:\/\/www.estrategiaconcursos.com.br\/blog\/concurso-detran-ro\/\" target=\"_blank\" rel=\"noreferrer noopener\">Concurso Detran RO<\/a><\/h3>\n\n\n\n<ul class=\"wp-block-list\">\n<li><strong>Status:<\/strong> Comiss\u00e3o formada<\/li>\n\n\n\n<li><strong>Cargos:&nbsp;<\/strong>a definir<\/li>\n\n\n\n<li><strong><\/strong><strong>Forma\u00e7\u00e3o<\/strong>:&nbsp;a definir<\/li>\n\n\n\n<li><strong>Vagas:<\/strong>&nbsp;a definir<\/li>\n\n\n\n<li><strong>Sal\u00e1rio:<\/strong> R$ 2.629,29 a R$ 6.057,76<\/li>\n<\/ul>\n\n\n\n<h3 class=\"wp-block-heading\"><a href=\"https:\/\/www.estrategiaconcursos.com.br\/blog\/concurso-detran-rn\" target=\"_blank\" rel=\"noreferrer noopener\">Concurso Detran RN<\/a><\/h3>\n\n\n\n<ul class=\"wp-block-list\">\n<li><strong>Status:&nbsp;<\/strong>comiss\u00e3o formada<\/li>\n\n\n\n<li><strong>Cargos:<\/strong> a definir<\/li>\n\n\n\n<li><strong>Forma\u00e7\u00e3o:&nbsp;<\/strong>m\u00e9dio, t\u00e9cnico e superior<\/li>\n\n\n\n<li><strong>Vagas:&nbsp;<\/strong>80 + CR<\/li>\n\n\n\n<li><strong>Sal\u00e1rio:<\/strong> R$ 1.400,00 a R$ 5.164,30<\/li>\n<\/ul>\n\n\n\n<h3 class=\"wp-block-heading\" id=\"h-concurso-detran-al\"><a href=\"https:\/\/www.estrategiaconcursos.com.br\/blog\/concurso-detran-al\/\" target=\"_blank\" rel=\"noreferrer noopener\">Concurso Detran AL<\/a><\/h3>\n\n\n\n<ul class=\"wp-block-list\">\n<li><strong>Status:&nbsp;<\/strong>comiss\u00e3o formada<\/li>\n\n\n\n<li><strong>Cargos:<\/strong> Analista e Assistente de Tr\u00e2nsito<\/li>\n\n\n\n<li><strong>Forma\u00e7\u00e3o:&nbsp;<\/strong>n\u00edvel superior<\/li>\n\n\n\n<li><strong>Vagas:&nbsp;<\/strong>50 + 50 CR<\/li>\n\n\n\n<li><strong>Sal\u00e1rio:<\/strong> R$ 3.024,82 a R$ 5.041,37<\/li>\n<\/ul>\n\n\n\n<h3 class=\"wp-block-heading\" id=\"h-concurso-detran-rj\"><a href=\"https:\/\/www.estrategiaconcursos.com.br\/blog\/concurso-detran-rj\/\" target=\"_blank\" rel=\"noreferrer noopener\">Concurso Detran RJ<\/a><\/h3>\n\n\n\n<ul class=\"wp-block-list\">\n<li><strong>Status:&nbsp;<\/strong>confirmado<\/li>\n\n\n\n<li><strong>Cargos:<\/strong> a definir<\/li>\n\n\n\n<li><strong>Forma\u00e7\u00e3o:&nbsp;<\/strong>a definir<\/li>\n\n\n\n<li><strong>Vagas:&nbsp;<\/strong>a definir<\/li>\n\n\n\n<li><strong>Sal\u00e1rio:<\/strong> R$ 1.000,00 a R$ 1.750,00 + adicionais<\/li>\n<\/ul>\n\n\n\n<h3 class=\"wp-block-heading\"><a href=\"https:\/\/www.estrategiaconcursos.com.br\/blog\/concurso-detran-df\/\" target=\"_blank\" rel=\"noreferrer noopener\">Concurso Detran DF<\/a><\/h3>\n\n\n\n<ul class=\"wp-block-list\">\n<li><strong>Status:&nbsp;<\/strong>anunciado<\/li>\n\n\n\n<li><strong>Cargos:<\/strong> Agente de Tr\u00e2nsito<\/li>\n\n\n\n<li><strong>Forma\u00e7\u00e3o:&nbsp;<\/strong>n\u00edvel superior<\/li>\n\n\n\n<li><strong>Vagas:&nbsp;<\/strong>182<\/li>\n\n\n\n<li><strong>Sal\u00e1rio:<\/strong> R$ 6.792,50<\/li>\n<\/ul>\n\n\n\n<h3 class=\"wp-block-heading\" id=\"h-concurso-detran-es\"><a href=\"https:\/\/www.estrategiaconcursos.com.br\/blog\/concurso-detran-es\/\" target=\"_blank\" rel=\"noreferrer noopener\">Concurso Detran ES<\/a><\/h3>\n\n\n\n<ul class=\"wp-block-list\">\n<li><strong>Status:&nbsp;<\/strong>comiss\u00e3o formada<\/li>\n\n\n\n<li><strong>Cargos:<\/strong> a definir<\/li>\n\n\n\n<li><strong>Forma\u00e7\u00e3o:&nbsp;<\/strong>n\u00edvel superior<\/li>\n\n\n\n<li><strong>Vagas:&nbsp;<\/strong>94<\/li>\n\n\n\n<li><strong>Sal\u00e1rio:<\/strong> at\u00e9 R$ 10.407,01<\/li>\n<\/ul>\n\n\n\n<h3 class=\"wp-block-heading\" id=\"h-concurso-secad-to\"><a href=\"https:\/\/www.estrategiaconcursos.com.br\/blog\/concurso-secad-to\/\" target=\"_blank\" rel=\"noreferrer noopener\">Concurso SECAD TO<\/a><\/h3>\n\n\n\n<ul class=\"wp-block-list\">\n<li><strong>Status<\/strong>: Comiss\u00e3o formada<\/li>\n\n\n\n<li><strong>Cargo:&nbsp;<\/strong>a definir<\/li>\n\n\n\n<li><strong>Forma\u00e7\u00e3o:&nbsp;<\/strong>a definir<\/li>\n\n\n\n<li><strong>Vagas:<\/strong>&nbsp;a definir<\/li>\n\n\n\n<li><strong>Sal\u00e1rio:<\/strong>&nbsp;a definir<\/li>\n<\/ul>\n\n\n\n<h3 class=\"wp-block-heading\" id=\"h-concurso-ipece-ce\"><a href=\"https:\/\/www.estrategiaconcursos.com.br\/blog\/concurso-ipece\/\" target=\"_blank\" rel=\"noreferrer noopener\">Concurso IPECE<\/a> (CE)<\/h3>\n\n\n\n<ul class=\"wp-block-list\">\n<li><strong>Status<\/strong>: Comiss\u00e3o formada<\/li>\n\n\n\n<li><strong>Cargo:&nbsp;<\/strong>a definir<\/li>\n\n\n\n<li><strong>Forma\u00e7\u00e3o:&nbsp;<\/strong>a definir<\/li>\n\n\n\n<li><strong>Vagas:<\/strong>&nbsp;a definir<\/li>\n\n\n\n<li><strong>Sal\u00e1rio:<\/strong>&nbsp;a definir<\/li>\n<\/ul>\n\n\n\n<h3 class=\"wp-block-heading\" id=\"concurso-semad-go\"><a href=\"https:\/\/www.estrategiaconcursos.com.br\/blog\/concurso-der-df\/\" target=\"_blank\" rel=\"noreferrer noopener\">Concurso DER DF<\/a><\/h3>\n\n\n\n<ul class=\"wp-block-list\">\n<li><strong>Status:<\/strong>&nbsp;Comiss\u00e3o formada<\/li>\n\n\n\n<li><strong>Cargo:<\/strong>&nbsp;V\u00e1rios<\/li>\n\n\n\n<li><strong>Forma\u00e7\u00e3o<\/strong>:&nbsp;N\u00edvel m\u00e9dio e superior<\/li>\n\n\n\n<li><strong>Vagas:<\/strong>&nbsp;300 previstas<\/li>\n\n\n\n<li><strong>Sal\u00e1rio:<\/strong>&nbsp;R$ 4.763,61 a R$ 8.684,41<\/li>\n<\/ul>\n\n\n\n<h3 class=\"wp-block-heading\"><a href=\"https:\/\/www.estrategiaconcursos.com.br\/blog\/concurso-iterpa\/\" target=\"_blank\" rel=\"noreferrer noopener\">Concurso ITERPA<\/a>&nbsp;(PA)<\/h3>\n\n\n\n<ul class=\"wp-block-list\">\n<li><strong>Status:<\/strong>&nbsp;Banca definida (AOCP)<\/li>\n\n\n\n<li><strong>Cargos:&nbsp;<\/strong>v\u00e1rios<\/li>\n\n\n\n<li><strong><\/strong><strong>Forma\u00e7\u00e3o<\/strong>: n\u00edveis fundamental, m\u00e9dio e superior<\/li>\n\n\n\n<li><strong>Vagas:<\/strong>&nbsp;112 + CR<\/li>\n\n\n\n<li><strong>Sal\u00e1rio:<\/strong>&nbsp;R$ 1.354,21 a R$ 3.518,84<\/li>\n<\/ul>\n\n\n\n<h3 class=\"wp-block-heading\" id=\"concurso-afap\"><a href=\"https:\/\/www.estrategiaconcursos.com.br\/blog\/concurso-agricultura-sc\/\" target=\"_blank\" rel=\"noreferrer noopener\">Concurso SAR (Agricultura SC)<\/a><\/h3>\n\n\n\n<ul class=\"wp-block-list\">\n<li><strong>Status:<\/strong>&nbsp;Autorizado<\/li>\n\n\n\n<li><strong>Cargos:&nbsp;<\/strong>a definir<\/li>\n\n\n\n<li><strong><\/strong><strong>Forma\u00e7\u00e3o<\/strong>: N\u00edvel m\u00e9dio e superior<\/li>\n\n\n\n<li><strong>Vagas:&nbsp;<\/strong>100<\/li>\n\n\n\n<li><strong>Sal\u00e1rio:<\/strong>&nbsp;a definir<\/li>\n<\/ul>\n\n\n\n<h3 class=\"wp-block-heading\" id=\"concurso-afap\"><a href=\"https:\/\/www.estrategiaconcursos.com.br\/blog\/concurso-emater-al\/\" target=\"_blank\" rel=\"noreferrer noopener\">Concurso Emater AL<\/a><\/h3>\n\n\n\n<ul class=\"wp-block-list\">\n<li><strong>Status:&nbsp;<\/strong>anunciado<\/li>\n\n\n\n<li><strong>Cargos:&nbsp;<\/strong>\u00e1rea da assist\u00eancia t\u00e9cnica agr\u00edcola<\/li>\n\n\n\n<li><strong>Forma\u00e7\u00e3o:<\/strong>&nbsp;a definir<\/li>\n\n\n\n<li><strong>Vagas:<\/strong>&nbsp;100 previstas<\/li>\n\n\n\n<li><strong>Sal\u00e1rio:<\/strong>&nbsp;a definir<\/li>\n<\/ul>\n\n\n\n<h3 class=\"wp-block-heading\" id=\"concurso-afap\"><a href=\"https:\/\/www.estrategiaconcursos.com.br\/blog\/concurso-emater-rj\/\" target=\"_blank\" rel=\"noreferrer noopener\">Concurso Emater RJ<\/a><\/h3>\n\n\n\n<ul class=\"wp-block-list\">\n<li><strong>Status:<\/strong>&nbsp;Autorizado<\/li>\n\n\n\n<li><strong>Cargos:&nbsp;<\/strong>a definir<\/li>\n\n\n\n<li><strong>Forma\u00e7\u00e3o<\/strong>: a definir<\/li>\n\n\n\n<li><strong>Vagas:&nbsp;<\/strong>a definir<\/li>\n\n\n\n<li><strong>Sal\u00e1rio:<\/strong>&nbsp;R$ 1.969,77 a R$ 5.033,36<\/li>\n<\/ul>\n\n\n\n<h3 class=\"wp-block-heading\" id=\"concurso-afap\"><a href=\"https:\/\/www.estrategiaconcursos.com.br\/blog\/concurso-emater-rn\/\" target=\"_blank\" rel=\"noreferrer noopener\">Concurso Emater RN<\/a><\/h3>\n\n\n\n<ul class=\"wp-block-list\">\n<li><strong>Status:<\/strong>&nbsp;Autorizado<\/li>\n\n\n\n<li><strong>Cargos:&nbsp;<\/strong>a definir<\/li>\n\n\n\n<li><strong>Forma\u00e7\u00e3o<\/strong>: a definir<\/li>\n\n\n\n<li><strong>Vagas:&nbsp;<\/strong>67 previstas<\/li>\n\n\n\n<li><strong>Sal\u00e1rio:<\/strong>&nbsp;a definir<\/li>\n<\/ul>\n\n\n\n<h3 class=\"wp-block-heading\"><a href=\"https:\/\/www.estrategiaconcursos.com.br\/blog\/concurso-cph\/\" target=\"_blank\" rel=\"noreferrer noopener\">Concurso CPH<\/a> (PA)<\/h3>\n\n\n\n<ul class=\"wp-block-list\">\n<li><strong>Status:<\/strong> Banca definida (Fadesp)<\/li>\n\n\n\n<li><strong>Cargos:<\/strong>&nbsp;a definir<\/li>\n\n\n\n<li><strong>Forma\u00e7\u00e3o:<\/strong> a definir<\/li>\n\n\n\n<li><strong>Vagas:&nbsp;<\/strong>a definir<\/li>\n\n\n\n<li><strong>Sal\u00e1rio:<\/strong>&nbsp;a definir<\/li>\n<\/ul>\n\n\n\n<h3 class=\"wp-block-heading\" id=\"h-concurso-suframa\"><a href=\"https:\/\/www.estrategiaconcursos.com.br\/blog\/concurso-suframa\/\" target=\"_blank\" rel=\"noreferrer noopener\">Concurso Suframa<\/a><\/h3>\n\n\n\n<ul class=\"wp-block-list\">\n<li><strong>Status<\/strong>: Previsto\/Em an\u00e1lise<\/li>\n\n\n\n<li><strong>Cargo:&nbsp;<\/strong>a definir<\/li>\n\n\n\n<li><strong>Forma\u00e7\u00e3o:&nbsp;<\/strong>N\u00edveis m\u00e9dio e superior<\/li>\n\n\n\n<li><strong>Vagas:<\/strong>&nbsp;200<\/li>\n\n\n\n<li><strong>Sal\u00e1rio:<\/strong>&nbsp;R$ 5.166,95 a R$ 10.346,14<\/li>\n<\/ul>\n\n\n\n<h3 class=\"wp-block-heading\" id=\"h-concurso-clin-niteroi-rj\"><a href=\"https:\/\/www.estrategiaconcursos.com.br\/blog\/concurso-clin-niteroi\/\">Concurso Clin Niter\u00f3i<\/a> (RJ)<\/h3>\n\n\n\n<ul class=\"wp-block-list\">\n<li><strong>Status<\/strong>: Comiss\u00e3o formada<\/li>\n\n\n\n<li><strong>Cargo:&nbsp;<\/strong>diversos<\/li>\n\n\n\n<li><strong>Forma\u00e7\u00e3o:&nbsp;<\/strong>N\u00edveis fundamental, m\u00e9dio\/t\u00e9cnico e superior<\/li>\n\n\n\n<li><strong>Vagas:<\/strong>&nbsp;217<\/li>\n\n\n\n<li><strong>Sal\u00e1rio:<\/strong>&nbsp;R$ 1.570,45 a R$ 7.485,30<\/li>\n<\/ul>\n\n\n\n<h3 class=\"wp-block-heading\" id=\"h-concurso-metamat-mt\"><a href=\"https:\/\/www.estrategiaconcursos.com.br\/blog\/concurso-metamat\/\" target=\"_blank\" rel=\"noreferrer noopener\">Concurso METAMAT<\/a> (MT)<\/h3>\n\n\n\n<ul class=\"wp-block-list\">\n<li><strong>Status:<\/strong>&nbsp;Banca definida (Selecon)<\/li>\n\n\n\n<li><strong>Cargo:<\/strong>&nbsp;a definir<\/li>\n\n\n\n<li><strong>Vagas:<\/strong>&nbsp;a definir<\/li>\n\n\n\n<li><strong>Forma\u00e7\u00e3o:&nbsp;<\/strong>N\u00edveis fundamental, m\u00e9dio, t\u00e9cnico e superior<\/li>\n\n\n\n<li><strong>Sal\u00e1rio:<\/strong>&nbsp;a definir<\/li>\n<\/ul>\n\n\n\n<h3 class=\"wp-block-heading\" id=\"h-concurso-procon-niteroi-rj\"><a href=\"https:\/\/www.estrategiaconcursos.com.br\/blog\/concurso-procon-niteroi\/\" target=\"_blank\" rel=\"noreferrer noopener\">Concurso Procon Niter\u00f3i<\/a> (RJ)<\/h3>\n\n\n\n<ul class=\"wp-block-list\">\n<li><strong>Status:<\/strong>&nbsp;Autorizado<\/li>\n\n\n\n<li><strong>Cargo:<\/strong>&nbsp;Fiscal de Consumidor<\/li>\n\n\n\n<li><strong>Vagas:<\/strong>&nbsp;5 previstas<\/li>\n\n\n\n<li><strong>Forma\u00e7\u00e3o:&nbsp;<\/strong>n\u00edvel m\u00e9dio<\/li>\n\n\n\n<li><strong>Sal\u00e1rio:<\/strong>&nbsp;R$ 2.200,00 <\/li>\n<\/ul>\n\n\n\n<h3 class=\"wp-block-heading\" id=\"h-concurso-fapeam-am\"><a href=\"https:\/\/www.estrategiaconcursos.com.br\/blog\/concurso-fapeam\/\" target=\"_blank\" rel=\"noreferrer noopener\">Concurso FAPEAM<\/a> (AM)<\/h3>\n\n\n\n<ul class=\"wp-block-list\">\n<li><strong>Status:<\/strong>&nbsp;Comiss\u00e3o formada<\/li>\n\n\n\n<li><strong>Cargo:<\/strong>&nbsp;a definir<\/li>\n\n\n\n<li><strong>Vagas:<\/strong>&nbsp;a definir<\/li>\n\n\n\n<li><strong>Forma\u00e7\u00e3o:&nbsp;<\/strong>a definir<\/li>\n\n\n\n<li><strong>Sal\u00e1rio:<\/strong>&nbsp;R$ 2.198,89 a R$ 5.252,89<\/li>\n<\/ul>\n\n\n\n<h3 class=\"wp-block-heading\" id=\"h-concurso-srh-ce\"><a href=\"https:\/\/www.estrategiaconcursos.com.br\/blog\/concurso-srh-ce\/\" target=\"_blank\" rel=\"noreferrer noopener\">Concurso SRH CE<\/a><\/h3>\n\n\n\n<ul class=\"wp-block-list\">\n<li><strong>Situa\u00e7\u00e3o<\/strong>: Comiss\u00e3o formada<\/li>\n\n\n\n<li><strong>Cargos<\/strong>: a definir<\/li>\n\n\n\n<li><strong><\/strong><strong>Forma\u00e7\u00e3o<\/strong>:&nbsp;N\u00edvel superior<\/li>\n\n\n\n<li><strong>Vagas:<\/strong>&nbsp;50<\/li>\n\n\n\n<li><strong>Sal\u00e1rio<\/strong>:&nbsp;a definir<\/li>\n<\/ul>\n\n\n\n<h3 class=\"wp-block-heading has-text-align-left has-medium-font-size\" id=\"h-concurso-seinfra-go\"><a href=\"https:\/\/www.estrategiaconcursos.com.br\/blog\/concurso-seinfra-go\/\" target=\"_blank\" rel=\"noreferrer noopener\">Concurso SEINFRA GO<\/a><\/h3>\n\n\n\n<ul class=\"wp-block-list\">\n<li><strong>Status<\/strong>: banca definida (Instituto Verbena\/UFG)<\/li>\n\n\n\n<li><strong>Cargo: <\/strong>Analista T\u00e9cnico de Infraestrutura<\/li>\n\n\n\n<li><strong>Forma\u00e7\u00e3o: <\/strong>N\u00edvel superior<\/li>\n\n\n\n<li><strong>Vagas:<\/strong> 300<\/li>\n\n\n\n<li><strong>Sal\u00e1rio:<\/strong> R$ 5.646.35<\/li>\n<\/ul>\n\n\n\n<h3 class=\"wp-block-heading\" id=\"h-concurso-ieea-rj\"><a href=\"https:\/\/www.estrategiaconcursos.com.br\/blog\/concurso-ieea-rj\/\" target=\"_blank\" rel=\"noreferrer noopener\">Concurso IEEA RJ<\/a><\/h3>\n\n\n\n<ul class=\"wp-block-list\">\n<li><strong>Status:<\/strong>&nbsp;comiss\u00e3o formada<\/li>\n\n\n\n<li><strong>Cargos:<\/strong> Engenheiro e Arquiteto<\/li>\n\n\n\n<li><strong><\/strong><strong>Forma\u00e7\u00e3o<\/strong>: superior<\/li>\n\n\n\n<li>V<strong>agas:<\/strong> a definir<\/li>\n\n\n\n<li><strong>Sal\u00e1rio:<\/strong> R$ 4.229,76 &#8211; <em>\u00faltimo edital<\/em><\/li>\n<\/ul>\n\n\n\n<h3 class=\"wp-block-heading\" id=\"concurso-detran-pa\"><a href=\"https:\/\/www.estrategiaconcursos.com.br\/blog\/concurso-sedes-df\/\" target=\"_blank\" rel=\"noreferrer noopener\">Concurso SEDES DF<\/a><\/h3>\n\n\n\n<ul class=\"wp-block-list\">\n<li><strong>Status:<\/strong>&nbsp;grupo de trabalho formado<\/li>\n\n\n\n<li><strong>Cargos:<\/strong>&nbsp;Especialista e T\u00e9cnico em Assist\u00eancia Social<\/li>\n\n\n\n<li><strong>Vagas:&nbsp;<\/strong>1.197 previstas<\/li>\n\n\n\n<li><strong style=\"color: initial;\"><\/strong><strong style=\"font-size: revert; color: initial;\"><\/strong><strong style=\"font-size: revert; color: initial;\"><\/strong><strong><\/strong><strong>Forma\u00e7\u00e3o<\/strong>:&nbsp;N\u00edveis m\u00e9dio e superior<\/li>\n\n\n\n<li><strong>Sal\u00e1rio:<\/strong> R$ 4.112,20 a R$ 7.705,13<\/li>\n<\/ul>\n\n\n\n<h3 class=\"wp-block-heading\" id=\"h-concurso-ept-marica\"><a href=\"https:\/\/www.estrategiaconcursos.com.br\/blog\/concurso-ept-marica\/\" target=\"_blank\" rel=\"noreferrer noopener\">Concurso EPT Maric\u00e1<\/a><\/h3>\n\n\n\n<ul class=\"wp-block-list\">\n<li><strong>Situa\u00e7\u00e3o<\/strong>:&nbsp;em fase de escolha da banca<\/li>\n\n\n\n<li><strong>Cargos:&nbsp;<\/strong>a definir<\/li>\n\n\n\n<li><strong><\/strong><strong>Forma\u00e7\u00e3o<\/strong>:&nbsp;a definir<\/li>\n\n\n\n<li><strong>Vagas:&nbsp;<\/strong>a definir<\/li>\n\n\n\n<li><strong>Sal\u00e1rio:&nbsp;<\/strong>at\u00e9 R$ 6,6 mil&nbsp;<em>[conforme \u00faltimo edital]<\/em><\/li>\n<\/ul>\n\n\n\n<h3 class=\"wp-block-heading\" id=\"concurso-detran-pi\"><a href=\"https:\/\/www.estrategiaconcursos.com.br\/blog\/concurso-ruraltins\/\" target=\"_blank\" rel=\"noreferrer noopener\">Concurso Ruraltins<\/a> (TO)<\/h3>\n\n\n\n<ul class=\"wp-block-list\">\n<li><strong>Status:<\/strong> comiss\u00e3o formada<\/li>\n\n\n\n<li><strong>Cargos:&nbsp;<\/strong>a definir<\/li>\n\n\n\n<li><strong><\/strong><strong>Forma\u00e7\u00e3o<\/strong>:&nbsp;a definir<\/li>\n\n\n\n<li><strong>Vagas:<\/strong>&nbsp;a definir<\/li>\n\n\n\n<li><strong>Sal\u00e1rio:<\/strong> a definir<\/li>\n<\/ul>\n\n\n\n<h3 class=\"wp-block-heading\" id=\"concurso-afap\"><a href=\"https:\/\/www.estrategiaconcursos.com.br\/blog\/concurso-ceasa-df\/\" target=\"_blank\" rel=\"noreferrer noopener\">Concurso Ceasa DF<\/a><\/h3>\n\n\n\n<ul class=\"wp-block-list\">\n<li><strong>Status:<\/strong>&nbsp;Comiss\u00e3o formada<\/li>\n\n\n\n<li><strong>Cargo<\/strong>: a definir<\/li>\n\n\n\n<li><strong>Forma\u00e7\u00e3o<\/strong>: a definir<\/li>\n\n\n\n<li><strong>Vagas:&nbsp;<\/strong>20 + CR previstas<\/li>\n\n\n\n<li><strong>Sal\u00e1rio:<\/strong>&nbsp;a definir<\/li>\n<\/ul>\n\n\n\n<h3 class=\"wp-block-heading\" id=\"h-concurso-emater-mg\"><a href=\"https:\/\/www.estrategiaconcursos.com.br\/blog\/concurso-emater-mg\/\" target=\"_blank\" rel=\"noreferrer noopener\">Concurso Emater MG<\/a><\/h3>\n\n\n\n<ul class=\"wp-block-list\">\n<li><strong>Status:<\/strong>&nbsp;autorizado<\/li>\n\n\n\n<li><strong>Cargos:<\/strong>&nbsp;v\u00e1rios<\/li>\n\n\n\n<li><strong>Forma\u00e7\u00e3o:<\/strong>&nbsp;m\u00e9dio e superior<\/li>\n\n\n\n<li><strong>Vagas:<\/strong>&nbsp;105<\/li>\n\n\n\n<li><strong>Sal\u00e1rio:&nbsp;<\/strong>R$ 7.663,42&nbsp;a R$ 22.048,53<\/li>\n<\/ul>\n\n\n\n<h3 class=\"wp-block-heading\" id=\"h-concurso-epamig\"><a href=\"https:\/\/www.estrategiaconcursos.com.br\/blog\/concurso-epamig\/\" target=\"_blank\" rel=\"noreferrer noopener\">Concurso EPAMIG<\/a><\/h3>\n\n\n\n<ul class=\"wp-block-list\">\n<li><strong>Status:<\/strong>&nbsp;autorizado<\/li>\n\n\n\n<li><strong>Cargos:<\/strong>&nbsp;a definir<\/li>\n\n\n\n<li><strong>Forma\u00e7\u00e3o:<\/strong>&nbsp;m\u00e9dio e superior<\/li>\n\n\n\n<li><strong>Vagas:<\/strong>&nbsp;257<\/li>\n\n\n\n<li><strong>Sal\u00e1rio:&nbsp;<\/strong>R$ 1.520,72 a R$ 3.435,12<\/li>\n<\/ul>\n\n\n\n<h3 class=\"wp-block-heading\" id=\"h-concurso-procon-rj\"><a href=\"https:\/\/www.estrategiaconcursos.com.br\/blog\/concurso-procon-rj\/\" target=\"_blank\" rel=\"noreferrer noopener\">Concurso Procon RJ<\/a><\/h3>\n\n\n\n<ul class=\"wp-block-list\">\n<li><strong>Status:&nbsp;<\/strong>banca definida (IDECAN)<\/li>\n\n\n\n<li><strong>Cargos:<\/strong>&nbsp;diversos<\/li>\n\n\n\n<li><strong>Vagas:<\/strong>&nbsp;30 + at\u00e9 100 CR<\/li>\n\n\n\n<li><strong>Forma\u00e7\u00e3o:<\/strong>&nbsp;m\u00e9dio e superior<\/li>\n\n\n\n<li><strong>Sal\u00e1rio:<\/strong>&nbsp;R$ 2.859,80 a R$ 8.170,87<\/li>\n<\/ul>\n\n\n\n<h3 class=\"wp-block-heading\" id=\"h-concurso-sttu-natal\"><a href=\"https:\/\/www.estrategiaconcursos.com.br\/blog\/concurso-sttu-natal\/\" target=\"_blank\" rel=\"noreferrer noopener\">Concurso STTU Natal<\/a><\/h3>\n\n\n\n<ul class=\"wp-block-list\">\n<li><strong>Status:<\/strong>&nbsp;comiss\u00e3o formada<\/li>\n\n\n\n<li><strong>Cargos:<\/strong>&nbsp;Agente de mobilidade<\/li>\n\n\n\n<li><strong>Forma\u00e7\u00e3o:<\/strong>&nbsp;superior<\/li>\n\n\n\n<li><strong>Vagas:<\/strong>&nbsp;120<\/li>\n\n\n\n<li><strong>Sal\u00e1rio:&nbsp;<\/strong>a definir<\/li>\n<\/ul>\n\n\n\n<h2 class=\"wp-block-heading has-background\" id=\"concursos-estado\" style=\"background-color:#f7f7f7\">Concursos 2025 por Estado<\/h2>\n\n\n\n<p>Se voc\u00ea quer filtrar a sua busca de concursos em 2025 pelo seu estado, separamos nos links abaixo os artigos dedicados a cada uma das unidades federativas:<\/p>\n\n\n\n<div class=\"wp-block-columns is-layout-flex wp-container-core-columns-is-layout-28f84493 wp-block-columns-is-layout-flex\">\n<div class=\"wp-block-column is-layout-flow wp-block-column-is-layout-flow\">\n<ul class=\"wp-block-list\">\n<li><a href=\"https:\/\/www.estrategiaconcursos.com.br\/blog\/concursos-ac\/\" target=\"_blank\" rel=\"noreferrer noopener\">Concursos Acre<\/a><\/li>\n\n\n\n<li><a href=\"https:\/\/www.estrategiaconcursos.com.br\/blog\/concursos-al\/\" target=\"_blank\" rel=\"noreferrer noopener\">Concursos Alagoas<\/a><\/li>\n\n\n\n<li><a href=\"https:\/\/www.estrategiaconcursos.com.br\/blog\/concursos-ap\/\" target=\"_blank\" rel=\"noreferrer noopener\">Concursos Amap\u00e1<\/a><\/li>\n\n\n\n<li><a href=\"https:\/\/www.estrategiaconcursos.com.br\/blog\/concursos-am\/\" target=\"_blank\" rel=\"noreferrer noopener\">Concursos Amazonas<\/a><\/li>\n\n\n\n<li><a href=\"https:\/\/www.estrategiaconcursos.com.br\/blog\/concursos-bahia\/\" target=\"_blank\" rel=\"noreferrer noopener\">Concursos Bahia<\/a><\/li>\n\n\n\n<li><a href=\"https:\/\/www.estrategiaconcursos.com.br\/blog\/concursos-ceara\/\" target=\"_blank\" rel=\"noreferrer noopener\">Concursos Cear\u00e1<\/a><\/li>\n\n\n\n<li><a href=\"https:\/\/www.estrategiaconcursos.com.br\/blog\/concursos-es\/\" target=\"_blank\" rel=\"noreferrer noopener\">Concursos Esp\u00edrito Santo<\/a><\/li>\n\n\n\n<li><a href=\"https:\/\/www.estrategiaconcursos.com.br\/blog\/concursos-go\/\" target=\"_blank\" rel=\"noreferrer noopener\">Concursos Goi\u00e1s<\/a><\/li>\n\n\n\n<li><a href=\"https:\/\/www.estrategiaconcursos.com.br\/blog\/concursos-ma\/\" target=\"_blank\" rel=\"noreferrer noopener\">Concursos Maranh\u00e3o<\/a><\/li>\n\n\n\n<li><a href=\"https:\/\/www.estrategiaconcursos.com.br\/blog\/concursos-mt\/\" target=\"_blank\" rel=\"noreferrer noopener\">Concursos Mato Grosso<\/a><\/li>\n\n\n\n<li><a href=\"https:\/\/www.estrategiaconcursos.com.br\/blog\/concursos-ms\/\" target=\"_blank\" rel=\"noreferrer noopener\">Concursos Mato Grosso do Sul<\/a><\/li>\n\n\n\n<li><a href=\"https:\/\/www.estrategiaconcursos.com.br\/blog\/concursos-mg\/\" target=\"_blank\" rel=\"noreferrer noopener\">Concursos Minas Gerais<\/a><\/li>\n\n\n\n<li><a href=\"https:\/\/www.estrategiaconcursos.com.br\/blog\/concursos-pa\/\" target=\"_blank\" rel=\"noreferrer noopener\">Concursos Par\u00e1<\/a><\/li>\n\n\n\n<li><a href=\"https:\/\/www.estrategiaconcursos.com.br\/blog\/concursos-paraiba\/\" target=\"_blank\" rel=\"noreferrer noopener\">Concursos Para\u00edba<\/a><\/li>\n<\/ul>\n<\/div>\n\n\n\n<div class=\"wp-block-column is-layout-flow wp-block-column-is-layout-flow\">\n<ul class=\"wp-block-list\">\n<li><a href=\"https:\/\/www.estrategiaconcursos.com.br\/blog\/concursos-pr\/\" target=\"_blank\" rel=\"noreferrer noopener\">Concursos Paran\u00e1<\/a><\/li>\n\n\n\n<li><a href=\"https:\/\/www.estrategiaconcursos.com.br\/blog\/concursos-pe\/\" target=\"_blank\" rel=\"noreferrer noopener\">Concursos Pernambuco<\/a><\/li>\n\n\n\n<li><a href=\"https:\/\/www.estrategiaconcursos.com.br\/blog\/concursos-piaui\/\" target=\"_blank\" rel=\"noreferrer noopener\">Concursos Piau\u00ed<\/a><\/li>\n\n\n\n<li><a href=\"https:\/\/www.estrategiaconcursos.com.br\/blog\/concursos-rj\/\" target=\"_blank\" rel=\"noreferrer noopener\">Concursos Rio de Janeiro<\/a><\/li>\n\n\n\n<li><a href=\"https:\/\/www.estrategiaconcursos.com.br\/blog\/concursos-rn\/\" target=\"_blank\" rel=\"noreferrer noopener\">Concursos Rio Grande do Norte<\/a><\/li>\n\n\n\n<li><a href=\"https:\/\/www.estrategiaconcursos.com.br\/blog\/concursos-rs\/\" target=\"_blank\" rel=\"noreferrer noopener\">Concursos Rio Grande do Sul<\/a><\/li>\n\n\n\n<li><a href=\"https:\/\/www.estrategiaconcursos.com.br\/blog\/concursos-ro\/\" target=\"_blank\" rel=\"noreferrer noopener\">Concursos Rond\u00f4nia<\/a><\/li>\n\n\n\n<li><a href=\"https:\/\/www.estrategiaconcursos.com.br\/blog\/concursos-rr\/\" target=\"_blank\" rel=\"noreferrer noopener\">Concursos Roraima<\/a><\/li>\n\n\n\n<li><a href=\"https:\/\/www.estrategiaconcursos.com.br\/blog\/concursos-sc\/\" target=\"_blank\" rel=\"noreferrer noopener\">Concursos Santa Catarina<\/a><\/li>\n\n\n\n<li><a href=\"https:\/\/www.estrategiaconcursos.com.br\/blog\/concursos-sp\/\" target=\"_blank\" rel=\"noreferrer noopener\">Concursos S\u00e3o Paulo<\/a><\/li>\n\n\n\n<li><a href=\"https:\/\/www.estrategiaconcursos.com.br\/blog\/concursos-se\/\" target=\"_blank\" rel=\"noreferrer noopener\">Concursos Sergipe<\/a><\/li>\n\n\n\n<li><a href=\"https:\/\/www.estrategiaconcursos.com.br\/blog\/concursos-to\/\" target=\"_blank\" rel=\"noreferrer noopener\">Concursos Tocantins<\/a><\/li>\n\n\n\n<li><a href=\"https:\/\/www.estrategiaconcursos.com.br\/blog\/concursos-df\/\" target=\"_blank\" rel=\"noreferrer noopener\">Concursos Distrito Federal<\/a><\/li>\n<\/ul>\n<\/div>\n<\/div>\n\n\n\n<figure class=\"wp-block-image aligncenter size-large is-resized\"><img decoding=\"async\" src=\"https:\/\/dhg1h5j42swfq.cloudfront.net\/2020\/09\/18141901\/Coruja_Concursos%404x-506x1024.png\" alt=\"Concursos 2024 Estrat\u00e9gia Concursos\" class=\"wp-image-574355\" style=\"width:30px;height:60px\"\/><\/figure>\n\n\n\n<h2 class=\"wp-block-heading has-text-align-center\" id=\"h-quer-saber-tudo-sobre-concursos-previstos-confira-nossos-artigos\">Quer saber tudo sobre concursos previstos?<br \/>Confira nossos artigos!<\/h2>\n\n\n\n<ul class=\"wp-block-list\">\n<li><a href=\"https:\/\/www.estrategiaconcursos.com.br\/blog\/concursos-abertos\/\" target=\"_blank\" rel=\"noreferrer noopener\">Concursos Abertos<\/a><\/li>\n\n\n\n<li><a href=\"https:\/\/www.estrategiaconcursos.com.br\/blog\/concursos-2026\/\" target=\"_blank\" rel=\"noreferrer noopener\">Concursos 2026<\/a><\/li>\n<\/ul>\n\n\n\n<div class=\"container\" id=\"boxes\">\n  <div class=\"row\">\n\n    <div class=\"col-sm\">\n      <div class=\"banner-estrat-corj\" id=\"box-assinatura\">\n        <h3 class=\"titulo-assinatura\" style=\"text-align: left;\">Concursos 2025<\/h3>\n        <p class=\"subtitulo-assinatura\" style=\"text-align: left;\">Explore os cursos preparat\u00f3rios completos! \u2728<\/p>\n        <div class=\"box-botao\" style=\"text-align: left;\">\n          <a class=\"btn-assinatura\" target=\"_blank\" href=\"https:\/\/www.estrategiaconcursos.com.br\/cursos\/concurso\/\" role=\"button\" rel=\"noopener noreferrer\">CLIQUE AQUI<\/a>\n        <\/div>\n      <\/div><\/div><\/div><\/div>\n\n\n\n<div class=\"container\" id=\"boxes\">\n  <div class=\"row\">\n\n    <div class=\"col-sm\">\n      <div class=\"estrategia\" id=\"box-assinatura\">\n        <h3 class=\"titulo-assinatura\">Assinatura Concursos<\/h3>\n        <p class=\"subtitulo-assinatura\">Assinatura de 1 ano ou 2 anos<\/p>\n        <div class=\"box-botao\">\n          <a class=\"btn-assinatura\" target=\"_blank\" href=\"https:\/\/www.estrategiaconcursos.com.br\/assinaturas\/\" role=\"button\" rel=\"noopener noreferrer\">ASSINE AGORA<\/a>\n        <\/div>\n      <\/div><\/div><\/div><\/div>\n","protected":false},"excerpt":{"rendered":"<p>Veja quais s\u00e3o os concursos previstos para 2025: vagas em diferentes \u00e1reas! J\u00e1 estamos no final de 2025 e o mundo dos concursos p\u00fablicos continua com o ritmo acelerado (e n\u00e3o d\u00e1 pra perder tempo)! Quem come\u00e7a a se preparar com anteced\u00eancia larga na frente e aumenta muito suas chances de aprova\u00e7\u00e3o. Algumas sele\u00e7\u00f5es seguem [&hellip;]<\/p>\n","protected":false},"author":1,"featured_media":1445265,"comment_status":"open","ping_status":"closed","sticky":false,"template":"","format":"standard","meta":{"post_tipo":"news_page","footnotes":""},"categories":[1,220219],"tags":[],"tax_estado":[219963],"class_list":["post-1445234","post","type-post","status-publish","format-standard","has-post-thumbnail","hentry","category-cursos-e-concursos","category-noticias","tax_estado-concursos-federais"],"acf":[],"yoast_head":"<!-- This site is optimized with the Yoast SEO Premium plugin v27.2 (Yoast SEO v27.2) - https:\/\/yoast.com\/product\/yoast-seo-premium-wordpress\/ -->\n<title>Concursos 2025: milhares de vagas e at\u00e9 R$ 37,7 mil. Veja!<\/title>\n<meta name=\"description\" content=\"Confira os concursos previstos para 2025. S\u00e3o milhares de vagas em diferentes \u00e1reas, com iniciais que podem chegar a R$ 37 mil!\" \/>\n<meta name=\"robots\" content=\"index, follow, max-snippet:-1, max-image-preview:large, max-video-preview:-1\" \/>\n<link rel=\"canonical\" href=\"https:\/\/www.estrategiaconcursos.com.br\/blog\/concursos-2025\/\" \/>\n<meta property=\"og:locale\" content=\"pt_BR\" \/>\n<meta property=\"og:type\" content=\"article\" \/>\n<meta property=\"og:title\" content=\"Concursos 2025: milhares de vagas e at\u00e9 R$ 37,7 mil. Veja!\" \/>\n<meta property=\"og:description\" content=\"Confira os concursos previstos para 2025. S\u00e3o milhares de vagas em diferentes \u00e1reas, com iniciais que podem chegar a R$ 37 mil!\" \/>\n<meta property=\"og:url\" content=\"https:\/\/www.estrategiaconcursos.com.br\/blog\/concursos-2025\/\" \/>\n<meta property=\"og:site_name\" content=\"Estrat\u00e9gia Concursos\" \/>\n<meta property=\"article:author\" content=\"https:\/\/www.facebook.com\/EstrategiaConcursos\" \/>\n<meta property=\"article:published_time\" content=\"2025-12-23T12:24:00+00:00\" \/>\n<meta property=\"article:modified_time\" content=\"2025-12-23T19:53:12+00:00\" \/>\n<meta property=\"og:image\" content=\"https:\/\/dhg1h5j42swfq.cloudfront.net\/2024\/08\/14120803\/concursos-2025-1.png\" \/>\n\t<meta property=\"og:image:width\" content=\"692\" \/>\n\t<meta property=\"og:image:height\" content=\"393\" \/>\n\t<meta property=\"og:image:type\" content=\"image\/png\" \/>\n<meta name=\"author\" content=\"Coordena\u00e7\u00e3o\" \/>\n<meta name=\"twitter:card\" content=\"summary_large_image\" \/>\n<meta name=\"twitter:creator\" content=\"@EstratConcursos\" \/>\n<meta name=\"twitter:site\" content=\"@EstratConcursos\" \/>\n<meta name=\"twitter:label1\" content=\"Escrito por\" \/>\n\t<meta name=\"twitter:data1\" content=\"Coordena\u00e7\u00e3o\" \/>\n\t<meta name=\"twitter:label2\" content=\"Est. tempo de leitura\" \/>\n\t<meta name=\"twitter:data2\" content=\"52 minutos\" \/>\n<script type=\"application\/ld+json\" class=\"yoast-schema-graph\">{\"@context\":\"https:\/\/schema.org\",\"@graph\":[{\"@type\":\"NewsArticle\",\"@id\":\"https:\/\/www.estrategiaconcursos.com.br\/blog\/concursos-2025\/#article\",\"isPartOf\":{\"@id\":\"https:\/\/www.estrategiaconcursos.com.br\/blog\/concursos-2025\/\"},\"author\":{\"name\":\"Coordena\u00e7\u00e3o\",\"@id\":\"https:\/\/www.estrategiaconcursos.com.br\/blog\/#\/schema\/person\/b4a388c97673c5f483d72185668afa1f\"},\"headline\":\"Concursos 2025: milhares de vagas e at\u00e9 R$ 37,7 mil. Veja!\",\"datePublished\":\"2025-12-23T12:24:00+00:00\",\"dateModified\":\"2025-12-23T19:53:12+00:00\",\"mainEntityOfPage\":{\"@id\":\"https:\/\/www.estrategiaconcursos.com.br\/blog\/concursos-2025\/\"},\"wordCount\":10460,\"commentCount\":11,\"publisher\":{\"@id\":\"https:\/\/www.estrategiaconcursos.com.br\/blog\/#organization\"},\"image\":{\"@id\":\"https:\/\/www.estrategiaconcursos.com.br\/blog\/concursos-2025\/#primaryimage\"},\"thumbnailUrl\":\"https:\/\/dhg1h5j42swfq.cloudfront.net\/2024\/08\/14120803\/concursos-2025-1.png\",\"articleSection\":[\"Concursos P\u00fablicos\",\"\u00daltimas not\u00edcias\"],\"inLanguage\":\"pt-BR\",\"potentialAction\":[{\"@type\":\"CommentAction\",\"name\":\"Comment\",\"target\":[\"https:\/\/www.estrategiaconcursos.com.br\/blog\/concursos-2025\/#respond\"]}],\"copyrightYear\":\"2025\",\"copyrightHolder\":{\"@id\":\"https:\/\/www.estrategiaconcursos.com.br\/blog\/#organization\"}},{\"@type\":\"WebPage\",\"@id\":\"https:\/\/www.estrategiaconcursos.com.br\/blog\/concursos-2025\/\",\"url\":\"https:\/\/www.estrategiaconcursos.com.br\/blog\/concursos-2025\/\",\"name\":\"Concursos 2025: milhares de vagas e at\u00e9 R$ 37,7 mil. Veja!\",\"isPartOf\":{\"@id\":\"https:\/\/www.estrategiaconcursos.com.br\/blog\/#website\"},\"primaryImageOfPage\":{\"@id\":\"https:\/\/www.estrategiaconcursos.com.br\/blog\/concursos-2025\/#primaryimage\"},\"image\":{\"@id\":\"https:\/\/www.estrategiaconcursos.com.br\/blog\/concursos-2025\/#primaryimage\"},\"thumbnailUrl\":\"https:\/\/dhg1h5j42swfq.cloudfront.net\/2024\/08\/14120803\/concursos-2025-1.png\",\"datePublished\":\"2025-12-23T12:24:00+00:00\",\"dateModified\":\"2025-12-23T19:53:12+00:00\",\"description\":\"Confira os concursos previstos para 2025. S\u00e3o milhares de vagas em diferentes \u00e1reas, com iniciais que podem chegar a R$ 37 mil!\",\"breadcrumb\":{\"@id\":\"https:\/\/www.estrategiaconcursos.com.br\/blog\/concursos-2025\/#breadcrumb\"},\"inLanguage\":\"pt-BR\",\"potentialAction\":[{\"@type\":\"ReadAction\",\"target\":[\"https:\/\/www.estrategiaconcursos.com.br\/blog\/concursos-2025\/\"]}]},{\"@type\":\"ImageObject\",\"inLanguage\":\"pt-BR\",\"@id\":\"https:\/\/www.estrategiaconcursos.com.br\/blog\/concursos-2025\/#primaryimage\",\"url\":\"https:\/\/dhg1h5j42swfq.cloudfront.net\/2024\/08\/14120803\/concursos-2025-1.png\",\"contentUrl\":\"https:\/\/dhg1h5j42swfq.cloudfront.net\/2024\/08\/14120803\/concursos-2025-1.png\",\"width\":692,\"height\":393,\"caption\":\"concursos 2025\"},{\"@type\":\"BreadcrumbList\",\"@id\":\"https:\/\/www.estrategiaconcursos.com.br\/blog\/concursos-2025\/#breadcrumb\",\"itemListElement\":[{\"@type\":\"ListItem\",\"position\":1,\"name\":\"In\u00edcio\",\"item\":\"https:\/\/www.estrategiaconcursos.com.br\/blog\/\"},{\"@type\":\"ListItem\",\"position\":2,\"name\":\"Concursos 2025: milhares de vagas e at\u00e9 R$ 37,7 mil. Veja!\"}]},{\"@type\":\"WebSite\",\"@id\":\"https:\/\/www.estrategiaconcursos.com.br\/blog\/#website\",\"url\":\"https:\/\/www.estrategiaconcursos.com.br\/blog\/\",\"name\":\"Estrat\u00e9gia Concursos\",\"description\":\"O blog da Estrat\u00e9gia Concursos traz not\u00edcias sobre concursos e artigos de professores oferecendo cursos para concursos (pdf + videaulas) no site.\",\"publisher\":{\"@id\":\"https:\/\/www.estrategiaconcursos.com.br\/blog\/#organization\"},\"potentialAction\":[{\"@type\":\"SearchAction\",\"target\":{\"@type\":\"EntryPoint\",\"urlTemplate\":\"https:\/\/www.estrategiaconcursos.com.br\/blog\/?s={search_term_string}\"},\"query-input\":{\"@type\":\"PropertyValueSpecification\",\"valueRequired\":true,\"valueName\":\"search_term_string\"}}],\"inLanguage\":\"pt-BR\"},{\"@type\":\"Organization\",\"@id\":\"https:\/\/www.estrategiaconcursos.com.br\/blog\/#organization\",\"name\":\"Estrat\u00e9gia Concursos\",\"url\":\"https:\/\/www.estrategiaconcursos.com.br\/blog\/\",\"logo\":{\"@type\":\"ImageObject\",\"inLanguage\":\"pt-BR\",\"@id\":\"https:\/\/www.estrategiaconcursos.com.br\/blog\/#\/schema\/logo\/image\/\",\"url\":\"https:\/\/dhg1h5j42swfq.cloudfront.net\/2025\/06\/03203428\/logo_concursos-1.jpg\",\"contentUrl\":\"https:\/\/dhg1h5j42swfq.cloudfront.net\/2025\/06\/03203428\/logo_concursos-1.jpg\",\"width\":230,\"height\":60,\"caption\":\"Estrat\u00e9gia Concursos\"},\"image\":{\"@id\":\"https:\/\/www.estrategiaconcursos.com.br\/blog\/#\/schema\/logo\/image\/\"},\"sameAs\":[\"https:\/\/x.com\/EstratConcursos\"]},{\"@type\":\"Person\",\"@id\":\"https:\/\/www.estrategiaconcursos.com.br\/blog\/#\/schema\/person\/b4a388c97673c5f483d72185668afa1f\",\"name\":\"Coordena\u00e7\u00e3o\",\"image\":{\"@type\":\"ImageObject\",\"inLanguage\":\"pt-BR\",\"@id\":\"https:\/\/secure.gravatar.com\/avatar\/b720319e4c9a967eb58678d110f4fe35452fc5d5f97b202bac7b8acceb18c6ad?s=96&d=mm&r=g\",\"url\":\"https:\/\/secure.gravatar.com\/avatar\/b720319e4c9a967eb58678d110f4fe35452fc5d5f97b202bac7b8acceb18c6ad?s=96&d=mm&r=g\",\"contentUrl\":\"https:\/\/secure.gravatar.com\/avatar\/b720319e4c9a967eb58678d110f4fe35452fc5d5f97b202bac7b8acceb18c6ad?s=96&d=mm&r=g\",\"caption\":\"Coordena\u00e7\u00e3o\"},\"sameAs\":[\"https:\/\/www.facebook.com\/EstrategiaConcursos\",\"https:\/\/x.com\/EstratConcursos\"],\"url\":\"https:\/\/www.estrategiaconcursos.com.br\/blog\/author\/estrategia2013\/\"}]}<\/script>\n<!-- \/ Yoast SEO Premium plugin. -->","yoast_head_json":{"title":"Concursos 2025: milhares de vagas e at\u00e9 R$ 37,7 mil. Veja!","description":"Confira os concursos previstos para 2025. S\u00e3o milhares de vagas em diferentes \u00e1reas, com iniciais que podem chegar a R$ 37 mil!","robots":{"index":"index","follow":"follow","max-snippet":"max-snippet:-1","max-image-preview":"max-image-preview:large","max-video-preview":"max-video-preview:-1"},"canonical":"https:\/\/www.estrategiaconcursos.com.br\/blog\/concursos-2025\/","og_locale":"pt_BR","og_type":"article","og_title":"Concursos 2025: milhares de vagas e at\u00e9 R$ 37,7 mil. Veja!","og_description":"Confira os concursos previstos para 2025. S\u00e3o milhares de vagas em diferentes \u00e1reas, com iniciais que podem chegar a R$ 37 mil!","og_url":"https:\/\/www.estrategiaconcursos.com.br\/blog\/concursos-2025\/","og_site_name":"Estrat\u00e9gia Concursos","article_author":"https:\/\/www.facebook.com\/EstrategiaConcursos","article_published_time":"2025-12-23T12:24:00+00:00","article_modified_time":"2025-12-23T19:53:12+00:00","og_image":[{"width":692,"height":393,"url":"https:\/\/dhg1h5j42swfq.cloudfront.net\/2024\/08\/14120803\/concursos-2025-1.png","type":"image\/png"}],"author":"Coordena\u00e7\u00e3o","twitter_card":"summary_large_image","twitter_creator":"@EstratConcursos","twitter_site":"@EstratConcursos","twitter_misc":{"Escrito por":"Coordena\u00e7\u00e3o","Est. tempo de leitura":"52 minutos"},"schema":{"@context":"https:\/\/schema.org","@graph":[{"@type":"NewsArticle","@id":"https:\/\/www.estrategiaconcursos.com.br\/blog\/concursos-2025\/#article","isPartOf":{"@id":"https:\/\/www.estrategiaconcursos.com.br\/blog\/concursos-2025\/"},"author":{"name":"Coordena\u00e7\u00e3o","@id":"https:\/\/www.estrategiaconcursos.com.br\/blog\/#\/schema\/person\/b4a388c97673c5f483d72185668afa1f"},"headline":"Concursos 2025: milhares de vagas e at\u00e9 R$ 37,7 mil. Veja!","datePublished":"2025-12-23T12:24:00+00:00","dateModified":"2025-12-23T19:53:12+00:00","mainEntityOfPage":{"@id":"https:\/\/www.estrategiaconcursos.com.br\/blog\/concursos-2025\/"},"wordCount":10460,"commentCount":11,"publisher":{"@id":"https:\/\/www.estrategiaconcursos.com.br\/blog\/#organization"},"image":{"@id":"https:\/\/www.estrategiaconcursos.com.br\/blog\/concursos-2025\/#primaryimage"},"thumbnailUrl":"https:\/\/dhg1h5j42swfq.cloudfront.net\/2024\/08\/14120803\/concursos-2025-1.png","articleSection":["Concursos P\u00fablicos","\u00daltimas not\u00edcias"],"inLanguage":"pt-BR","potentialAction":[{"@type":"CommentAction","name":"Comment","target":["https:\/\/www.estrategiaconcursos.com.br\/blog\/concursos-2025\/#respond"]}],"copyrightYear":"2025","copyrightHolder":{"@id":"https:\/\/www.estrategiaconcursos.com.br\/blog\/#organization"}},{"@type":"WebPage","@id":"https:\/\/www.estrategiaconcursos.com.br\/blog\/concursos-2025\/","url":"https:\/\/www.estrategiaconcursos.com.br\/blog\/concursos-2025\/","name":"Concursos 2025: milhares de vagas e at\u00e9 R$ 37,7 mil. Veja!","isPartOf":{"@id":"https:\/\/www.estrategiaconcursos.com.br\/blog\/#website"},"primaryImageOfPage":{"@id":"https:\/\/www.estrategiaconcursos.com.br\/blog\/concursos-2025\/#primaryimage"},"image":{"@id":"https:\/\/www.estrategiaconcursos.com.br\/blog\/concursos-2025\/#primaryimage"},"thumbnailUrl":"https:\/\/dhg1h5j42swfq.cloudfront.net\/2024\/08\/14120803\/concursos-2025-1.png","datePublished":"2025-12-23T12:24:00+00:00","dateModified":"2025-12-23T19:53:12+00:00","description":"Confira os concursos previstos para 2025. S\u00e3o milhares de vagas em diferentes \u00e1reas, com iniciais que podem chegar a R$ 37 mil!","breadcrumb":{"@id":"https:\/\/www.estrategiaconcursos.com.br\/blog\/concursos-2025\/#breadcrumb"},"inLanguage":"pt-BR","potentialAction":[{"@type":"ReadAction","target":["https:\/\/www.estrategiaconcursos.com.br\/blog\/concursos-2025\/"]}]},{"@type":"ImageObject","inLanguage":"pt-BR","@id":"https:\/\/www.estrategiaconcursos.com.br\/blog\/concursos-2025\/#primaryimage","url":"https:\/\/dhg1h5j42swfq.cloudfront.net\/2024\/08\/14120803\/concursos-2025-1.png","contentUrl":"https:\/\/dhg1h5j42swfq.cloudfront.net\/2024\/08\/14120803\/concursos-2025-1.png","width":692,"height":393,"caption":"concursos 2025"},{"@type":"BreadcrumbList","@id":"https:\/\/www.estrategiaconcursos.com.br\/blog\/concursos-2025\/#breadcrumb","itemListElement":[{"@type":"ListItem","position":1,"name":"In\u00edcio","item":"https:\/\/www.estrategiaconcursos.com.br\/blog\/"},{"@type":"ListItem","position":2,"name":"Concursos 2025: milhares de vagas e at\u00e9 R$ 37,7 mil. Veja!"}]},{"@type":"WebSite","@id":"https:\/\/www.estrategiaconcursos.com.br\/blog\/#website","url":"https:\/\/www.estrategiaconcursos.com.br\/blog\/","name":"Estrat\u00e9gia Concursos","description":"O blog da Estrat\u00e9gia Concursos traz not\u00edcias sobre concursos e artigos de professores oferecendo cursos para concursos (pdf + videaulas) no site.","publisher":{"@id":"https:\/\/www.estrategiaconcursos.com.br\/blog\/#organization"},"potentialAction":[{"@type":"SearchAction","target":{"@type":"EntryPoint","urlTemplate":"https:\/\/www.estrategiaconcursos.com.br\/blog\/?s={search_term_string}"},"query-input":{"@type":"PropertyValueSpecification","valueRequired":true,"valueName":"search_term_string"}}],"inLanguage":"pt-BR"},{"@type":"Organization","@id":"https:\/\/www.estrategiaconcursos.com.br\/blog\/#organization","name":"Estrat\u00e9gia Concursos","url":"https:\/\/www.estrategiaconcursos.com.br\/blog\/","logo":{"@type":"ImageObject","inLanguage":"pt-BR","@id":"https:\/\/www.estrategiaconcursos.com.br\/blog\/#\/schema\/logo\/image\/","url":"https:\/\/dhg1h5j42swfq.cloudfront.net\/2025\/06\/03203428\/logo_concursos-1.jpg","contentUrl":"https:\/\/dhg1h5j42swfq.cloudfront.net\/2025\/06\/03203428\/logo_concursos-1.jpg","width":230,"height":60,"caption":"Estrat\u00e9gia Concursos"},"image":{"@id":"https:\/\/www.estrategiaconcursos.com.br\/blog\/#\/schema\/logo\/image\/"},"sameAs":["https:\/\/x.com\/EstratConcursos"]},{"@type":"Person","@id":"https:\/\/www.estrategiaconcursos.com.br\/blog\/#\/schema\/person\/b4a388c97673c5f483d72185668afa1f","name":"Coordena\u00e7\u00e3o","image":{"@type":"ImageObject","inLanguage":"pt-BR","@id":"https:\/\/secure.gravatar.com\/avatar\/b720319e4c9a967eb58678d110f4fe35452fc5d5f97b202bac7b8acceb18c6ad?s=96&d=mm&r=g","url":"https:\/\/secure.gravatar.com\/avatar\/b720319e4c9a967eb58678d110f4fe35452fc5d5f97b202bac7b8acceb18c6ad?s=96&d=mm&r=g","contentUrl":"https:\/\/secure.gravatar.com\/avatar\/b720319e4c9a967eb58678d110f4fe35452fc5d5f97b202bac7b8acceb18c6ad?s=96&d=mm&r=g","caption":"Coordena\u00e7\u00e3o"},"sameAs":["https:\/\/www.facebook.com\/EstrategiaConcursos","https:\/\/x.com\/EstratConcursos"],"url":"https:\/\/www.estrategiaconcursos.com.br\/blog\/author\/estrategia2013\/"}]}},"_links":{"self":[{"href":"https:\/\/www.estrategiaconcursos.com.br\/blog\/wp-json\/wp\/v2\/posts\/1445234","targetHints":{"allow":["GET"]}}],"collection":[{"href":"https:\/\/www.estrategiaconcursos.com.br\/blog\/wp-json\/wp\/v2\/posts"}],"about":[{"href":"https:\/\/www.estrategiaconcursos.com.br\/blog\/wp-json\/wp\/v2\/types\/post"}],"author":[{"embeddable":true,"href":"https:\/\/www.estrategiaconcursos.com.br\/blog\/wp-json\/wp\/v2\/users\/1"}],"replies":[{"embeddable":true,"href":"https:\/\/www.estrategiaconcursos.com.br\/blog\/wp-json\/wp\/v2\/comments?post=1445234"}],"version-history":[{"count":1514,"href":"https:\/\/www.estrategiaconcursos.com.br\/blog\/wp-json\/wp\/v2\/posts\/1445234\/revisions"}],"predecessor-version":[{"id":1690153,"href":"https:\/\/www.estrategiaconcursos.com.br\/blog\/wp-json\/wp\/v2\/posts\/1445234\/revisions\/1690153"}],"wp:featuredmedia":[{"embeddable":true,"href":"https:\/\/www.estrategiaconcursos.com.br\/blog\/wp-json\/wp\/v2\/media\/1445265"}],"wp:attachment":[{"href":"https:\/\/www.estrategiaconcursos.com.br\/blog\/wp-json\/wp\/v2\/media?parent=1445234"}],"wp:term":[{"taxonomy":"category","embeddable":true,"href":"https:\/\/www.estrategiaconcursos.com.br\/blog\/wp-json\/wp\/v2\/categories?post=1445234"},{"taxonomy":"post_tag","embeddable":true,"href":"https:\/\/www.estrategiaconcursos.com.br\/blog\/wp-json\/wp\/v2\/tags?post=1445234"},{"taxonomy":"tax_estado","embeddable":true,"href":"https:\/\/www.estrategiaconcursos.com.br\/blog\/wp-json\/wp\/v2\/tax_estado?post=1445234"}],"curies":[{"name":"wp","href":"https:\/\/api.w.org\/{rel}","templated":true}]}}