{"id":1442395,"date":"2024-08-09T11:17:08","date_gmt":"2024-08-09T14:17:08","guid":{"rendered":"https:\/\/blog-estrategia.mystagingwebsite.com\/blog\/?p=1442395"},"modified":"2026-08-07T18:21:13","modified_gmt":"2026-08-07T21:21:13","slug":"concurso-prefeitura-terra-alta","status":"publish","type":"post","link":"https:\/\/www.estrategiaconcursos.com.br\/blog\/concurso-prefeitura-terra-alta\/","title":{"rendered":"Concurso Prefeitura de Terra Alta: banca definida!"},"content":{"rendered":"<a id=\"cta-icon\" href=\"https:\/\/www.redirectmais.com\/wpp\/pref-terra-alta-grupo\" target=\"blank\" style=\"background:rgb(41,166,26)\">\n            <img decoding=\"async\" src=\"https:\/\/dhg1h5j42swfq.cloudfront.net\/2024\/01\/03154041\/whatsapp_13851.png\" alt=\"\" alt=\"whatsapp_13851\"><span > Acesse agora o Grupo de Estudos para Prefeitura de Terra Alta<\/span><\/a>\n\n\n\n<h3 class=\"wp-block-heading\" id=\"h-edital-tera-77-vagas-em-diversos-cargos-e-niveis-de-escolaridade-veja-aqui\"><em>Edital ter\u00e1 77 vagas em diversos cargos e n\u00edveis de escolaridade; veja aqui!<\/em><\/h3>\n\n\n\n<p class=\"wp-block-paragraph\">A <strong>Prefeitura de Terra Alta<\/strong>, no Par\u00e1, definiu a empresa organizadora que ser\u00e1 respons\u00e1vel pela realiza\u00e7\u00e3o do seu pr\u00f3ximo concurso p\u00fablico. De acordo com o resultado, a vencedora foi o <strong>Instituto Bezerra Nelson. <\/strong><\/p>\n\n\n\n<p class=\"wp-block-paragraph\">Agora, o pr\u00f3ximo passo ser\u00e1 a contrata\u00e7\u00e3o da empresa e, posteriormente, a divulga\u00e7\u00e3o do edital de abertura. <\/p>\n\n\n\n<figure class=\"wp-block-image aligncenter size-full\"><img loading=\"lazy\" decoding=\"async\" width=\"572\" height=\"306\" src=\"https:\/\/dhg1h5j42swfq.cloudfront.net\/2024\/08\/09103810\/image-236.png\" alt=\"Concurso Prefeitura de Terra Alta: banca definida!\" class=\"wp-image-1442398\" srcset=\"https:\/\/dhg1h5j42swfq.cloudfront.net\/2024\/08\/09103810\/image-236.png 572w, https:\/\/dhg1h5j42swfq.cloudfront.net\/2024\/08\/09103810\/image-236-300x160.png 300w, https:\/\/dhg1h5j42swfq.cloudfront.net\/2024\/08\/09103810\/image-236-150x80.png 150w\" sizes=\"auto, (max-width: 572px) 100vw, 572px\" \/><figcaption class=\"wp-element-caption\">Concurso Prefeitura de Terra Alta: banca definida!<\/figcaption><\/figure>\n\n\n\n<p class=\"wp-block-paragraph\">Vale destacar que a previs\u00e3o \u00e9 de que sejam ofertadas<strong> 77 vagas<\/strong> para diversos cargos de n\u00edveis fundamental, m\u00e9dio e superior de forma\u00e7\u00e3o. Os profissionais ter\u00e3o que cumprir jornadas de at\u00e9 40 horas semanais.<\/p>\n\n\n\n<p class=\"wp-block-paragraph\">No entanto, para ser aprovado na sele\u00e7\u00e3o os candidatos ter\u00e3o que enfrentar duas etapas, sendo a primeira de provas objetivas (para todos os cargos) e a segunda de avalia\u00e7\u00e3o de t\u00edtulos (somente n\u00edvel superior).<\/p>\n\n\n\n<p class=\"wp-block-paragraph\">Confira todos os detalhes dos cargos, vagas, sal\u00e1rios e requisitos dos cargos logo abaixo:<\/p>\n\n\n\n<h3 class=\"wp-block-heading\" id=\"h-nivel-fundamental\" style=\"font-size:clamp(14.642px, 0.915rem + ((1vw - 3.2px) * 0.721), 22px);\">N\u00edvel fundamental<\/h3>\n\n\n\n<figure class=\"wp-block-table is-style-stripes\"><table class=\"has-fixed-layout\"><thead><tr><td class=\"has-text-align-center\" data-align=\"center\"><strong>CARGO<\/strong><\/td><td class=\"has-text-align-center\" data-align=\"center\"><strong>VAGAS<\/strong><\/td><td class=\"has-text-align-center\" data-align=\"center\"><strong>C.H<\/strong><\/td><td class=\"has-text-align-center\" data-align=\"center\"><strong>SAL\u00c1RIO<\/strong><\/td><td class=\"has-text-align-center\" data-align=\"center\"><strong>PROVA<\/strong><\/td><\/tr><\/thead><tbody><tr><td class=\"has-text-align-center\" data-align=\"center\">COVEIRO<\/td><td class=\"has-text-align-center\" data-align=\"center\">01<\/td><td class=\"has-text-align-center\" data-align=\"center\">40H<\/td><td class=\"has-text-align-center\" data-align=\"center\">1.302,00<\/td><td class=\"has-text-align-center\" data-align=\"center\">Provas Objetivas<\/td><\/tr><tr><td class=\"has-text-align-center\" data-align=\"center\">AGENTE DE PORTARIA<\/td><td class=\"has-text-align-center\" data-align=\"center\">02<\/td><td class=\"has-text-align-center\" data-align=\"center\">40H<\/td><td class=\"has-text-align-center\" data-align=\"center\">1.302,00<\/td><td class=\"has-text-align-center\" data-align=\"center\">Provas Objetivas<\/td><\/tr><tr><td class=\"has-text-align-center\" data-align=\"center\">VIGIA<\/td><td class=\"has-text-align-center\" data-align=\"center\">08<\/td><td class=\"has-text-align-center\" data-align=\"center\">40H<\/td><td class=\"has-text-align-center\" data-align=\"center\">1.302,00<\/td><td class=\"has-text-align-center\" data-align=\"center\">Provas Objetivas<\/td><\/tr><tr><td class=\"has-text-align-center\" data-align=\"center\">MERENDEIRA<\/td><td class=\"has-text-align-center\" data-align=\"center\">05<\/td><td class=\"has-text-align-center\" data-align=\"center\">40H<\/td><td class=\"has-text-align-center\" data-align=\"center\">1.302,00<\/td><td class=\"has-text-align-center\" data-align=\"center\">Provas Objetivas<\/td><\/tr><tr><td class=\"has-text-align-center\" data-align=\"center\">MOTORISTA<\/td><td class=\"has-text-align-center\" data-align=\"center\">01<\/td><td class=\"has-text-align-center\" data-align=\"center\">40H<\/td><td class=\"has-text-align-center\" data-align=\"center\">1.302,00<\/td><td class=\"has-text-align-center\" data-align=\"center\">Provas Objetivas<\/td><\/tr><tr><td class=\"has-text-align-center\" data-align=\"center\">MOTORISTA<\/td><td class=\"has-text-align-center\" data-align=\"center\">01<\/td><td class=\"has-text-align-center\" data-align=\"center\">40H<\/td><td class=\"has-text-align-center\" data-align=\"center\">1.302,00<\/td><td class=\"has-text-align-center\" data-align=\"center\">Provas Objetivas<\/td><\/tr><tr><td class=\"has-text-align-center\" data-align=\"center\">OPERADOR DE MOTOSSERRA<\/td><td class=\"has-text-align-center\" data-align=\"center\">02<\/td><td class=\"has-text-align-center\" data-align=\"center\">40H<\/td><td class=\"has-text-align-center\" data-align=\"center\">1.302,00<\/td><td class=\"has-text-align-center\" data-align=\"center\">Provas Objetivas<\/td><\/tr><tr><td class=\"has-text-align-center\" data-align=\"center\">OPERADOR DE RO\u00c7ADEIRA MANUAL<\/td><td class=\"has-text-align-center\" data-align=\"center\">03<\/td><td class=\"has-text-align-center\" data-align=\"center\">40H<\/td><td class=\"has-text-align-center\" data-align=\"center\">1.302,00<\/td><td class=\"has-text-align-center\" data-align=\"center\">Provas Objetivas<\/td><\/tr><\/tbody><\/table><figcaption class=\"wp-element-caption\">Vagas, sal\u00e1rios e carga hor\u00e1ria aos cargos de n\u00edvel fundamental<\/figcaption><\/figure>\n\n\n\n<h3 class=\"wp-block-heading\" id=\"h-nivel-medio\" style=\"font-size:clamp(14.642px, 0.915rem + ((1vw - 3.2px) * 0.721), 22px);\">N\u00edvel m\u00e9dio<\/h3>\n\n\n\n<figure class=\"wp-block-table is-style-stripes\"><table class=\"has-fixed-layout\"><thead><tr><td class=\"has-text-align-center\" data-align=\"center\"><strong>CARGO<\/strong><\/td><td class=\"has-text-align-center\" data-align=\"center\"><strong>VAGAS<\/strong><\/td><td class=\"has-text-align-center\" data-align=\"center\"><strong>C.H<\/strong><\/td><td class=\"has-text-align-center\" data-align=\"center\"><strong>SAL\u00c1RIO<\/strong><\/td><td class=\"has-text-align-center\" data-align=\"center\"><strong>PROVA<\/strong><\/td><\/tr><\/thead><tbody><tr><td class=\"has-text-align-center\" data-align=\"center\">AUXILIAR ADMINISTRATIVO<\/td><td class=\"has-text-align-center\" data-align=\"center\">05<\/td><td class=\"has-text-align-center\" data-align=\"center\">40H<\/td><td class=\"has-text-align-center\" data-align=\"center\">1.302,00<\/td><td class=\"has-text-align-center\" data-align=\"center\">Provas Objetivas<\/td><\/tr><tr><td class=\"has-text-align-center\" data-align=\"center\">SECRET\u00c1RIO ESCOLAR<\/td><td class=\"has-text-align-center\" data-align=\"center\">02<\/td><td class=\"has-text-align-center\" data-align=\"center\">40H<\/td><td class=\"has-text-align-center\" data-align=\"center\">1.302,00<\/td><td class=\"has-text-align-center\" data-align=\"center\">Provas Objetivas<\/td><\/tr><tr><td class=\"has-text-align-center\" data-align=\"center\">MONITOR DE TRANSPORTE ESCOLAR<\/td><td class=\"has-text-align-center\" data-align=\"center\">02<\/td><td class=\"has-text-align-center\" data-align=\"center\">40H<\/td><td class=\"has-text-align-center\" data-align=\"center\">1.302,00<\/td><td class=\"has-text-align-center\" data-align=\"center\">Provas Objetivas<\/td><\/tr><tr><td class=\"has-text-align-center\" data-align=\"center\">CUIDADOR EDUCACIONAL DA EDUCA\u00c7\u00c3O ESPECIAL<\/td><td class=\"has-text-align-center\" data-align=\"center\">02<\/td><td class=\"has-text-align-center\" data-align=\"center\">40H<\/td><td class=\"has-text-align-center\" data-align=\"center\">1.302,00<\/td><td class=\"has-text-align-center\" data-align=\"center\">Provas Objetivas<\/td><\/tr><tr><td class=\"has-text-align-center\" data-align=\"center\">FISCAL AMBIENTAL<\/td><td class=\"has-text-align-center\" data-align=\"center\">01<\/td><td class=\"has-text-align-center\" data-align=\"center\">40H<\/td><td class=\"has-text-align-center\" data-align=\"center\">1.302,00<\/td><td class=\"has-text-align-center\" data-align=\"center\">Provas Objetivas<\/td><\/tr><\/tbody><\/table><figcaption class=\"wp-element-caption\">Vagas, sal\u00e1rios e carga hor\u00e1ria aos cargos de n\u00edvel m\u00e9dio<\/figcaption><\/figure>\n\n\n\n<h3 class=\"wp-block-heading\" id=\"h-nivel-superior\" style=\"font-size:clamp(14.642px, 0.915rem + ((1vw - 3.2px) * 0.721), 22px);\">N\u00edvel superior<\/h3>\n\n\n\n<figure class=\"wp-block-table is-style-stripes\"><table class=\"has-fixed-layout\"><thead><tr><td class=\"has-text-align-center\" data-align=\"center\"><strong>CARGO<\/strong><\/td><td class=\"has-text-align-center\" data-align=\"center\"><strong>VAGAS<\/strong><\/td><td class=\"has-text-align-center\" data-align=\"center\"><strong>C.H<\/strong><\/td><td class=\"has-text-align-center\" data-align=\"center\"><strong>ESCOLARIDADE<\/strong><\/td><td class=\"has-text-align-center\" data-align=\"center\"><strong>SAL\u00c1RIO<\/strong><\/td><td class=\"has-text-align-center\" data-align=\"center\"><strong>PROVA<\/strong><\/td><\/tr><\/thead><tbody><tr><td class=\"has-text-align-center\" data-align=\"center\">PROFESSOR &#8211; L\u00cdNGUA PORTUGUESA<\/td><td class=\"has-text-align-center\" data-align=\"center\">01<\/td><td class=\"has-text-align-center\" data-align=\"center\">20H<\/td><td class=\"has-text-align-center\" data-align=\"center\">LICENCIATURA EM L\u00cdNGUA PORTUGUESA<\/td><td class=\"has-text-align-center\" data-align=\"center\">2.210,10<\/td><td class=\"has-text-align-center\" data-align=\"center\">Provas Objetivas + Prova de T\u00edtulos<\/td><\/tr><tr><td class=\"has-text-align-center\" data-align=\"center\">PROFESSOR &#8211; MATEM\u00c1TICA<\/td><td class=\"has-text-align-center\" data-align=\"center\">01<\/td><td class=\"has-text-align-center\" data-align=\"center\">20H<\/td><td class=\"has-text-align-center\" data-align=\"center\">LICENCIATURA EM MATEM\u00c1TICA<\/td><td class=\"has-text-align-center\" data-align=\"center\">2.210,10<\/td><td class=\"has-text-align-center\" data-align=\"center\">Provas Objetivas + Prova de T\u00edtulos<\/td><\/tr><tr><td class=\"has-text-align-center\" data-align=\"center\">PROFESSOR &#8211; CI\u00caNCIAS<\/td><td class=\"has-text-align-center\" data-align=\"center\">01<\/td><td class=\"has-text-align-center\" data-align=\"center\"><\/td><td class=\"has-text-align-center\" data-align=\"center\">LICENCIATURA EM CI\u00caNCIAS, F\u00cdSICA, QU\u00cdMICA OU BIOLOGIA<\/td><td class=\"has-text-align-center\" data-align=\"center\">2.210,10<\/td><td class=\"has-text-align-center\" data-align=\"center\">Provas Objetivas + Prova de T\u00edtulos<\/td><\/tr><tr><td class=\"has-text-align-center\" data-align=\"center\">PROFESSOR &#8211; EDUCA\u00c7\u00c3O F\u00cdSICA<\/td><td class=\"has-text-align-center\" data-align=\"center\">01<\/td><td class=\"has-text-align-center\" data-align=\"center\">20H<\/td><td class=\"has-text-align-center\" data-align=\"center\">LICENCIATURA EM EDUCA\u00c7\u00c3O F\u00cdSICA<\/td><td class=\"has-text-align-center\" data-align=\"center\">2.210,10<\/td><td class=\"has-text-align-center\" data-align=\"center\">Provas Objetivas + Prova de T\u00edtulos<\/td><\/tr><tr><td class=\"has-text-align-center\" data-align=\"center\">PROFESSOR &#8211; HIST\u00d3RIA<\/td><td class=\"has-text-align-center\" data-align=\"center\">01<\/td><td class=\"has-text-align-center\" data-align=\"center\">20H<\/td><td class=\"has-text-align-center\" data-align=\"center\">LICENCIATURA EM HIST\u00d3RIA<\/td><td class=\"has-text-align-center\" data-align=\"center\">2.210,10<\/td><td class=\"has-text-align-center\" data-align=\"center\">Provas Objetivas + Prova de T\u00edtulos<\/td><\/tr><tr><td class=\"has-text-align-center\" data-align=\"center\">PROFESSOR &#8211; GEOGRAFIA<\/td><td class=\"has-text-align-center\" data-align=\"center\">01<\/td><td class=\"has-text-align-center\" data-align=\"center\">20H<\/td><td class=\"has-text-align-center\" data-align=\"center\">LICENCIATURA EM GEOGRAFIA<\/td><td class=\"has-text-align-center\" data-align=\"center\">2.210,10<\/td><td class=\"has-text-align-center\" data-align=\"center\">Provas Objetivas + Prova de T\u00edtulos<\/td><\/tr><tr><td class=\"has-text-align-center\" data-align=\"center\">PROFESSOR &#8211; INGL\u00caS<\/td><td class=\"has-text-align-center\" data-align=\"center\">01<\/td><td class=\"has-text-align-center\" data-align=\"center\">20H<\/td><td class=\"has-text-align-center\" data-align=\"center\">LICENCIATURA EM L\u00cdNGUA INGLESA<\/td><td class=\"has-text-align-center\" data-align=\"center\">2.210,10<\/td><td class=\"has-text-align-center\" data-align=\"center\">Provas Objetivas + Prova de T\u00edtulos<\/td><\/tr><tr><td class=\"has-text-align-center\" data-align=\"center\">PROFESSOR &#8211; ARTES<\/td><td class=\"has-text-align-center\" data-align=\"center\">01<\/td><td class=\"has-text-align-center\" data-align=\"center\">20H<\/td><td class=\"has-text-align-center\" data-align=\"center\">LICENCIATURA EM ARTES<\/td><td class=\"has-text-align-center\" data-align=\"center\">2.210,10<\/td><td class=\"has-text-align-center\" data-align=\"center\">Provas Objetivas + Prova de T\u00edtulos<\/td><\/tr><tr><td class=\"has-text-align-center\" data-align=\"center\">PROFESSOR DA EDUCA\u00c7\u00c3O INFANTIL E ANOS INICIAIS DO ENSINO FUNDAMENTAL<\/td><td class=\"has-text-align-center\" data-align=\"center\">10<\/td><td class=\"has-text-align-center\" data-align=\"center\">20H<\/td><td class=\"has-text-align-center\" data-align=\"center\">LICENCIATURA EM PEDAGOGIA OU LICENCIATURA INTEGRADA EM EDUCA\u00c7\u00c3O EM CI\u00caNCIAS, MATEM\u00c1TICA E LINGUAGENS<\/td><td class=\"has-text-align-center\" data-align=\"center\">2.210,10<\/td><td class=\"has-text-align-center\" data-align=\"center\">Provas Objetivas + Prova de T\u00edtulos<\/td><\/tr><tr><td class=\"has-text-align-center\" data-align=\"center\">PROFESSOR DA EDUCA\u00c7\u00c3O ESPECIAL<\/td><td class=\"has-text-align-center\" data-align=\"center\">01<\/td><td class=\"has-text-align-center\" data-align=\"center\">20H<\/td><td class=\"has-text-align-center\" data-align=\"center\">LICENCIATURA MAIS P\u00d3S-GRADUA\u00c7\u00c3O EM EDUCA\u00c7\u00c3O ESPECIAL<\/td><td class=\"has-text-align-center\" data-align=\"center\">2.210,10<\/td><td class=\"has-text-align-center\" data-align=\"center\">Provas Objetivas + Prova de T\u00edtulos<\/td><\/tr><tr><td class=\"has-text-align-center\" data-align=\"center\">PROFESSOR AUXILIAR DA EDUCA\u00c7\u00c3O ESPECIAL<\/td><td class=\"has-text-align-center\" data-align=\"center\">04<\/td><td class=\"has-text-align-center\" data-align=\"center\">20H<\/td><td class=\"has-text-align-center\" data-align=\"center\">LICENCIATURA COM P\u00d3S-GRADUA\u00c7\u00c3O EM EDUCA\u00c7\u00c3O ESPECIAL<\/td><td class=\"has-text-align-center\" data-align=\"center\">2.210,10<\/td><td class=\"has-text-align-center\" data-align=\"center\">Provas Objetivas + Prova de T\u00edtulos<\/td><\/tr><tr><td class=\"has-text-align-center\" data-align=\"center\">T\u00c9CNICO PEDAG\u00d3GICO<\/td><td class=\"has-text-align-center\" data-align=\"center\">01<\/td><td class=\"has-text-align-center\" data-align=\"center\">20H<\/td><td class=\"has-text-align-center\" data-align=\"center\">LICENCIATURA EM PEDAGOGIA<\/td><td class=\"has-text-align-center\" data-align=\"center\">2.210,10<\/td><td class=\"has-text-align-center\" data-align=\"center\">Provas Objetivas + Prova de T\u00edtulos<\/td><\/tr><tr><td class=\"has-text-align-center\" data-align=\"center\">PSICOPEDAGOGO<\/td><td class=\"has-text-align-center\" data-align=\"center\">01<\/td><td class=\"has-text-align-center\" data-align=\"center\">20H<\/td><td class=\"has-text-align-center\" data-align=\"center\">LICENCIATURA EM PEDAGOGIA COM P\u00d3S-GRADUA\u00c7\u00c3O EM PSICOPEDAGOGIA<\/td><td class=\"has-text-align-center\" data-align=\"center\">2.210,10<\/td><td class=\"has-text-align-center\" data-align=\"center\">Provas Objetivas + Prova de T\u00edtulos<\/td><\/tr><tr><td class=\"has-text-align-center\" data-align=\"center\">ANALISTA DE SISTEMAS<\/td><td class=\"has-text-align-center\" data-align=\"center\">01<\/td><td class=\"has-text-align-center\" data-align=\"center\">40H<\/td><td class=\"has-text-align-center\" data-align=\"center\">CURSO SUPERIOR EM CI\u00caNCIA DA COMPUTA\u00c7\u00c3O, AN\u00c1LISE E DESENVOLVIMENTO DE SISTEMAS, CI\u00caNCIA DA INFORMA\u00c7\u00c3O, SISTEMAS DE INFORMA\u00c7\u00c3O OU ENGENHARIA DE SOFTWARE<\/td><td class=\"has-text-align-center\" data-align=\"center\">1.302,00<\/td><td class=\"has-text-align-center\" data-align=\"center\">Provas Objetivas + Prova de T\u00edtulos<\/td><\/tr><tr><td class=\"has-text-align-center\" data-align=\"center\">PSIC\u00d3LOGO<\/td><td class=\"has-text-align-center\" data-align=\"center\">01<\/td><td class=\"has-text-align-center\" data-align=\"center\">40H<\/td><td class=\"has-text-align-center\" data-align=\"center\">CURSO SUPERIOR EM PSICOLOGIA<\/td><td class=\"has-text-align-center\" data-align=\"center\">1.302,00<\/td><td class=\"has-text-align-center\" data-align=\"center\">Provas Objetivas + Prova de T\u00edtulos<\/td><\/tr><tr><td class=\"has-text-align-center\" data-align=\"center\">ASSISTENTE SOCIAL<\/td><td class=\"has-text-align-center\" data-align=\"center\">02<\/td><td class=\"has-text-align-center\" data-align=\"center\">40H<\/td><td class=\"has-text-align-center\" data-align=\"center\">CURSO SUPERIOR EM SERVI\u00c7O SOCIAL<\/td><td class=\"has-text-align-center\" data-align=\"center\">1.302,00<\/td><td class=\"has-text-align-center\" data-align=\"center\">Provas Objetivas + Prova de T\u00edtulos<\/td><\/tr><tr><td class=\"has-text-align-center\" data-align=\"center\">T\u00c9CNICO DE ENFERMAGEM<\/td><td class=\"has-text-align-center\" data-align=\"center\">02<\/td><td class=\"has-text-align-center\" data-align=\"center\">40H<\/td><td class=\"has-text-align-center\" data-align=\"center\">N\u00cdVEL SUPERIOR NA \u00c1REA + REGISTRO NO CONSELHO DA CLASSE<\/td><td class=\"has-text-align-center\" data-align=\"center\">1.302,00<\/td><td class=\"has-text-align-center\" data-align=\"center\">Provas Objetivas + Prova de T\u00edtulos<\/td><\/tr><tr><td class=\"has-text-align-center\" data-align=\"center\">ENFERMEIRO<\/td><td class=\"has-text-align-center\" data-align=\"center\">02<\/td><td class=\"has-text-align-center\" data-align=\"center\">40H<\/td><td class=\"has-text-align-center\" data-align=\"center\">N\u00cdVEL SUPERIOR NA \u00c1REA + REGISTRO NO CONSELHO DA CLASSE<\/td><td class=\"has-text-align-center\" data-align=\"center\">2.200,00<\/td><td class=\"has-text-align-center\" data-align=\"center\">Provas Objetivas + Prova de T\u00edtulos<\/td><\/tr><tr><td class=\"has-text-align-center\" data-align=\"center\">M\u00c9DICO<\/td><td class=\"has-text-align-center\" data-align=\"center\">04<\/td><td class=\"has-text-align-center\" data-align=\"center\">40H<\/td><td class=\"has-text-align-center\" data-align=\"center\">N\u00cdVEL SUPERIOR NA \u00c1REA + REGISTRO NO CONSELHO DA CLASSE<\/td><td class=\"has-text-align-center\" data-align=\"center\">5.000,00<\/td><td class=\"has-text-align-center\" data-align=\"center\">Provas Objetivas + Prova de T\u00edtulos<\/td><\/tr><tr><td class=\"has-text-align-center\" data-align=\"center\">T\u00c9CNICO DE LABORAT\u00d3RIO<\/td><td class=\"has-text-align-center\" data-align=\"center\">01<\/td><td class=\"has-text-align-center\" data-align=\"center\">40H<\/td><td class=\"has-text-align-center\" data-align=\"center\">N\u00cdVEL T\u00c9CNICO NA \u00c1REA + REGISTRO NO CONSELHO DA CLASSE<\/td><td class=\"has-text-align-center\" data-align=\"center\">1.302,00<\/td><td class=\"has-text-align-center\" data-align=\"center\">Provas Objetivas + Prova de T\u00edtulos<\/td><\/tr><tr><td class=\"has-text-align-center\" data-align=\"center\">BIOQU\u00cdMICO<\/td><td class=\"has-text-align-center\" data-align=\"center\">01<\/td><td class=\"has-text-align-center\" data-align=\"center\">40H<\/td><td class=\"has-text-align-center\" data-align=\"center\">N\u00cdVEL SUPERIOR NA \u00c1REA + REGISTRO NO CONSELHO DA CLASSE<\/td><td class=\"has-text-align-center\" data-align=\"center\">2.000,00<\/td><td class=\"has-text-align-center\" data-align=\"center\">Provas Objetivas + Prova de T\u00edtulos<\/td><\/tr><tr><td class=\"has-text-align-center\" data-align=\"center\">ODONT\u00d3LOGO<\/td><td class=\"has-text-align-center\" data-align=\"center\">01<\/td><td class=\"has-text-align-center\" data-align=\"center\">40H<\/td><td class=\"has-text-align-center\" data-align=\"center\">N\u00cdVEL SUPERIOR NA \u00c1REA + REGISTRO NO CONSELHO DA CLASSE<\/td><td class=\"has-text-align-center\" data-align=\"center\">2.000,00<\/td><td class=\"has-text-align-center\" data-align=\"center\">Provas Objetivas + Prova de T\u00edtulos<\/td><\/tr><tr><td class=\"has-text-align-center\" data-align=\"center\">ENGENHEIRO AGR\u00d4NOMO<\/td><td class=\"has-text-align-center\" data-align=\"center\">01<\/td><td class=\"has-text-align-center\" data-align=\"center\">40H<\/td><td class=\"has-text-align-center\" data-align=\"center\">N\u00cdVEL SUPERIOR NA \u00c1REA + REGISTRO NO CONSELHO DA CLASSE<\/td><td class=\"has-text-align-center\" data-align=\"center\">1.500,00<\/td><td class=\"has-text-align-center\" data-align=\"center\">Provas Objetivas + Prova de T\u00edtulos<\/td><\/tr><tr><td class=\"has-text-align-center\" data-align=\"center\">ENGENHEIRO AMBIENTAL<\/td><td class=\"has-text-align-center\" data-align=\"center\">01<\/td><td class=\"has-text-align-center\" data-align=\"center\">40H<\/td><td class=\"has-text-align-center\" data-align=\"center\">N\u00cdVEL SUPERIOR NA \u00c1REA + REGISTRO NO CONSELHO DA CLASSE<\/td><td class=\"has-text-align-center\" data-align=\"center\">1.500,00<\/td><td class=\"has-text-align-center\" data-align=\"center\">Provas Objetivas + Prova de T\u00edtulos<\/td><\/tr><\/tbody><\/table><figcaption class=\"wp-element-caption\">Vagas, sal\u00e1rios e carga hor\u00e1ria aos cargos de n\u00edvel superior<\/figcaption><\/figure>\n\n\n\n<p class=\"wp-block-paragraph\"><\/p>\n\n\n\n<h2 class=\"wp-block-heading has-text-align-center\" id=\"cursos\">Quer estudar para o concurso Prefeitura de Terra Alta?<\/h2>\n\n\n\n<div class=\"container\" id=\"boxes\">\n  <div class=\"row\">\n\n    <div class=\"col-sm\">\n      <div class=\"banner-estrategia\" id=\"box-assinatura\">\n        <h3 class=\"titulo-assinatura\">Cursos para concursos<\/h3>\n        <p class=\"subtitulo-assinatura\">Conhe\u00e7a os cursos<\/p>\n        <div class=\"box-botao\">\n          <a class=\"btn-assinatura\" target=\"_blank\" href=\"https:\/\/www.estrategiaconcursos.com.br\/blog\/cursos\/\" role=\"button\" rel=\"noopener noreferrer\">Conhe\u00e7a mais<\/a>\n        <\/div>\n      <\/div>\n     \n    <\/div>\n\n  <\/div>\n<\/div>\n\n\n\n<div class=\"container\" id=\"boxes\">\n  <div class=\"row\">\n\n    <div class=\"col-sm\">\n      <div class=\"estrategia\" id=\"box-assinatura\">\n        <h3 class=\"titulo-assinatura\">Assinatura Concursos<\/h3>\n        <p class=\"subtitulo-assinatura\">Assinatura de 1 ano ou 2 anos<\/p>\n        <div class=\"box-botao\">\n          <a class=\"btn-assinatura\" target=\"_blank\" href=\"https:\/\/www.estrategiaconcursos.com.br\/blog\/assinaturas\/\" role=\"button\" rel=\"noopener noreferrer\">ASSINE AGORA<\/a>\n        <\/div>\n      <\/div><\/div><\/div><\/div>\n\n\n\n<h2 class=\"wp-block-heading has-text-align-center\" id=\"h-quer-saber-tudo-sobre-concursos-previstos-confira-nossos-artigos\">Quer saber tudo sobre concursos previstos?<br \/>Confira  nossos artigos!<\/h2>\n\n\n\n<ul class=\"wp-block-list\">\n<li><a href=\"https:\/\/www.estrategiaconcursos.com.br\/blog\/concursos-abertos\/\" target=\"_blank\" rel=\"noreferrer noopener\">Concursos abertos<\/a><\/li>\n\n\n\n<li><a href=\"https:\/\/www.estrategiaconcursos.com.br\/blog\/concursos-prefeituras\/\">Concursos prefeituras<\/a><\/li>\n\n\n\n<li><a href=\"https:\/\/www.estrategiaconcursos.com.br\/blog\/concursos-2024\/\" target=\"_blank\" rel=\"noreferrer noopener\">Concursos 2024<\/a><\/li>\n<\/ul>\n","protected":false},"excerpt":{"rendered":"<p>Edital ter\u00e1 77 vagas em diversos cargos e n\u00edveis de escolaridade; veja aqui! A Prefeitura de Terra Alta, no Par\u00e1, definiu a empresa organizadora que ser\u00e1 respons\u00e1vel pela realiza\u00e7\u00e3o do seu pr\u00f3ximo concurso p\u00fablico. De acordo com o resultado, a vencedora foi o Instituto Bezerra Nelson. Agora, o pr\u00f3ximo passo ser\u00e1 a contrata\u00e7\u00e3o da empresa [&hellip;]<\/p>\n","protected":false},"author":344,"featured_media":878707,"comment_status":"open","ping_status":"closed","sticky":false,"template":"","format":"standard","meta":{"_acf_changed":false,"post_tipo":"news_page","footnotes":""},"categories":[214992],"tags":[],"tax_estado":[219977],"class_list":["post-1442395","post","type-post","status-publish","format-standard","has-post-thumbnail","hentry","category-concursos-administrativos","tax_estado-pa"],"acf":[],"yoast_head":"<!-- This site is optimized with the Yoast SEO Premium plugin v28.1 (Yoast SEO v28.1) - https:\/\/yoast.com\/product\/yoast-seo-premium-wordpress\/ -->\n<title>Concurso Prefeitura de Terra Alta: banca definida!<\/title>\n<meta name=\"description\" content=\"Concurso Prefeitura de Terra Alta: banca definida! Novo edital ter\u00e1 77 vagas em diversos cargos e n\u00edveis de escolaridade.\" \/>\n<meta name=\"robots\" content=\"index, follow, max-snippet:-1, max-image-preview:large, max-video-preview:-1\" \/>\n<link rel=\"canonical\" href=\"https:\/\/www.estrategiaconcursos.com.br\/blog\/concurso-prefeitura-terra-alta\/\" \/>\n<meta property=\"og:locale\" content=\"pt_BR\" \/>\n<meta property=\"og:type\" content=\"article\" \/>\n<meta property=\"og:title\" content=\"Concurso Prefeitura de Terra Alta: banca definida!\" \/>\n<meta property=\"og:description\" content=\"Concurso Prefeitura de Terra Alta: banca definida! Novo edital ter\u00e1 77 vagas em diversos cargos e n\u00edveis de escolaridade.\" \/>\n<meta property=\"og:url\" content=\"https:\/\/www.estrategiaconcursos.com.br\/blog\/concurso-prefeitura-terra-alta\/\" \/>\n<meta property=\"og:site_name\" content=\"Estrat\u00e9gia Concursos\" \/>\n<meta property=\"article:author\" content=\"https:\/\/www.facebook.com\/coachluiseduardo\/\" \/>\n<meta property=\"article:published_time\" content=\"2024-08-09T14:17:08+00:00\" \/>\n<meta property=\"article:modified_time\" content=\"2026-08-07T21:21:13+00:00\" \/>\n<meta property=\"og:image\" content=\"https:\/\/dhg1h5j42swfq.cloudfront.net\/2021\/10\/06123551\/concursos-para.jpg\" \/>\n\t<meta property=\"og:image:width\" content=\"1200\" \/>\n\t<meta property=\"og:image:height\" content=\"628\" \/>\n\t<meta property=\"og:image:type\" content=\"image\/jpeg\" \/>\n<meta name=\"author\" content=\"Luis Eduardo\" \/>\n<meta name=\"twitter:card\" content=\"summary_large_image\" \/>\n<meta name=\"twitter:creator\" content=\"@EstratConcursos\" \/>\n<meta name=\"twitter:site\" content=\"@EstratConcursos\" \/>\n<meta name=\"twitter:label1\" content=\"Escrito por\" \/>\n\t<meta name=\"twitter:data1\" content=\"Luis Eduardo\" \/>\n\t<meta name=\"twitter:label2\" content=\"Est. tempo de leitura\" \/>\n\t<meta name=\"twitter:data2\" content=\"4 minutos\" \/>\n<script type=\"application\/ld+json\" class=\"yoast-schema-graph\">{\"@context\":\"https:\\\/\\\/schema.org\",\"@graph\":[{\"@type\":\"NewsArticle\",\"@id\":\"https:\\\/\\\/www.estrategiaconcursos.com.br\\\/blog\\\/concurso-prefeitura-terra-alta\\\/#article\",\"isPartOf\":{\"@id\":\"https:\\\/\\\/www.estrategiaconcursos.com.br\\\/blog\\\/concurso-prefeitura-terra-alta\\\/\"},\"author\":{\"name\":\"Luis Eduardo\",\"@id\":\"https:\\\/\\\/blog-estrategia.mystagingwebsite.com\\\/#\\\/schema\\\/person\\\/0906ff564105056f3b05978d503ee214\"},\"headline\":\"Concurso Prefeitura de Terra Alta: banca definida!\",\"datePublished\":\"2024-08-09T14:17:08+00:00\",\"dateModified\":\"2026-08-07T21:21:13+00:00\",\"mainEntityOfPage\":{\"@id\":\"https:\\\/\\\/www.estrategiaconcursos.com.br\\\/blog\\\/concurso-prefeitura-terra-alta\\\/\"},\"wordCount\":822,\"commentCount\":0,\"publisher\":{\"@id\":\"https:\\\/\\\/blog-estrategia.mystagingwebsite.com\\\/#organization\"},\"image\":{\"@id\":\"https:\\\/\\\/www.estrategiaconcursos.com.br\\\/blog\\\/concurso-prefeitura-terra-alta\\\/#primaryimage\"},\"thumbnailUrl\":\"https:\\\/\\\/dhg1h5j42swfq.cloudfront.net\\\/2021\\\/10\\\/06123551\\\/concursos-para.jpg\",\"articleSection\":[\"Executivo (Administrativa)\"],\"inLanguage\":\"pt-BR\",\"potentialAction\":[{\"@type\":\"CommentAction\",\"name\":\"Comment\",\"target\":[\"https:\\\/\\\/www.estrategiaconcursos.com.br\\\/blog\\\/concurso-prefeitura-terra-alta\\\/#respond\"]}],\"copyrightYear\":\"2024\",\"copyrightHolder\":{\"@id\":\"https:\\\/\\\/www.estrategiaconcursos.com.br\\\/blog\\\/#organization\"}},{\"@type\":\"WebPage\",\"@id\":\"https:\\\/\\\/www.estrategiaconcursos.com.br\\\/blog\\\/concurso-prefeitura-terra-alta\\\/\",\"url\":\"https:\\\/\\\/www.estrategiaconcursos.com.br\\\/blog\\\/concurso-prefeitura-terra-alta\\\/\",\"name\":\"Concurso Prefeitura de Terra Alta: banca definida!\",\"isPartOf\":{\"@id\":\"https:\\\/\\\/blog-estrategia.mystagingwebsite.com\\\/#website\"},\"primaryImageOfPage\":{\"@id\":\"https:\\\/\\\/www.estrategiaconcursos.com.br\\\/blog\\\/concurso-prefeitura-terra-alta\\\/#primaryimage\"},\"image\":{\"@id\":\"https:\\\/\\\/www.estrategiaconcursos.com.br\\\/blog\\\/concurso-prefeitura-terra-alta\\\/#primaryimage\"},\"thumbnailUrl\":\"https:\\\/\\\/dhg1h5j42swfq.cloudfront.net\\\/2021\\\/10\\\/06123551\\\/concursos-para.jpg\",\"datePublished\":\"2024-08-09T14:17:08+00:00\",\"dateModified\":\"2026-08-07T21:21:13+00:00\",\"description\":\"Concurso Prefeitura de Terra Alta: banca definida! Novo edital ter\u00e1 77 vagas em diversos cargos e n\u00edveis de escolaridade.\",\"breadcrumb\":{\"@id\":\"https:\\\/\\\/www.estrategiaconcursos.com.br\\\/blog\\\/concurso-prefeitura-terra-alta\\\/#breadcrumb\"},\"inLanguage\":\"pt-BR\",\"potentialAction\":[{\"@type\":\"ReadAction\",\"target\":[\"https:\\\/\\\/www.estrategiaconcursos.com.br\\\/blog\\\/concurso-prefeitura-terra-alta\\\/\"]}]},{\"@type\":\"ImageObject\",\"inLanguage\":\"pt-BR\",\"@id\":\"https:\\\/\\\/www.estrategiaconcursos.com.br\\\/blog\\\/concurso-prefeitura-terra-alta\\\/#primaryimage\",\"url\":\"https:\\\/\\\/dhg1h5j42swfq.cloudfront.net\\\/2021\\\/10\\\/06123551\\\/concursos-para.jpg\",\"contentUrl\":\"https:\\\/\\\/dhg1h5j42swfq.cloudfront.net\\\/2021\\\/10\\\/06123551\\\/concursos-para.jpg\",\"width\":1200,\"height\":628,\"caption\":\"Concurso Prefeitura de Terra Alta\"},{\"@type\":\"BreadcrumbList\",\"@id\":\"https:\\\/\\\/www.estrategiaconcursos.com.br\\\/blog\\\/concurso-prefeitura-terra-alta\\\/#breadcrumb\",\"itemListElement\":[{\"@type\":\"ListItem\",\"position\":1,\"name\":\"In\u00edcio\",\"item\":\"https:\\\/\\\/blog-estrategia.mystagingwebsite.com\\\/\"},{\"@type\":\"ListItem\",\"position\":2,\"name\":\"Concurso Prefeitura de Terra Alta: banca definida!\"}]},{\"@type\":\"WebSite\",\"@id\":\"https:\\\/\\\/blog-estrategia.mystagingwebsite.com\\\/#website\",\"url\":\"https:\\\/\\\/blog-estrategia.mystagingwebsite.com\\\/\",\"name\":\"Estrat\u00e9gia Concursos\",\"description\":\"O blog da Estrat\u00e9gia Concursos traz not\u00edcias sobre concursos e artigos de professores oferecendo cursos para concursos (pdf + videaulas) no site.\",\"publisher\":{\"@id\":\"https:\\\/\\\/blog-estrategia.mystagingwebsite.com\\\/#organization\"},\"potentialAction\":[{\"@type\":\"SearchAction\",\"target\":{\"@type\":\"EntryPoint\",\"urlTemplate\":\"https:\\\/\\\/blog-estrategia.mystagingwebsite.com\\\/?s={search_term_string}\"},\"query-input\":{\"@type\":\"PropertyValueSpecification\",\"valueRequired\":true,\"valueName\":\"search_term_string\"}}],\"inLanguage\":\"pt-BR\"},{\"@type\":\"Organization\",\"@id\":\"https:\\\/\\\/blog-estrategia.mystagingwebsite.com\\\/#organization\",\"name\":\"Estrat\u00e9gia Concursos\",\"url\":\"https:\\\/\\\/blog-estrategia.mystagingwebsite.com\\\/\",\"logo\":{\"@type\":\"ImageObject\",\"inLanguage\":\"pt-BR\",\"@id\":\"https:\\\/\\\/blog-estrategia.mystagingwebsite.com\\\/#\\\/schema\\\/logo\\\/image\\\/\",\"url\":\"https:\\\/\\\/dhg1h5j42swfq.cloudfront.net\\\/2025\\\/06\\\/03203428\\\/logo_concursos-1.jpg\",\"contentUrl\":\"https:\\\/\\\/dhg1h5j42swfq.cloudfront.net\\\/2025\\\/06\\\/03203428\\\/logo_concursos-1.jpg\",\"width\":230,\"height\":60,\"caption\":\"Estrat\u00e9gia Concursos\"},\"image\":{\"@id\":\"https:\\\/\\\/blog-estrategia.mystagingwebsite.com\\\/#\\\/schema\\\/logo\\\/image\\\/\"},\"sameAs\":[\"https:\\\/\\\/x.com\\\/EstratConcursos\"]},{\"@type\":\"Person\",\"@id\":\"https:\\\/\\\/blog-estrategia.mystagingwebsite.com\\\/#\\\/schema\\\/person\\\/0906ff564105056f3b05978d503ee214\",\"name\":\"Luis Eduardo\",\"image\":{\"@type\":\"ImageObject\",\"inLanguage\":\"pt-BR\",\"@id\":\"https:\\\/\\\/secure.gravatar.com\\\/avatar\\\/3ce09d3c01f86018c4f3b15b9e6389f2ac325bc19863fdb79cd37fefb38517d1?s=96&d=mm&r=g\",\"url\":\"https:\\\/\\\/secure.gravatar.com\\\/avatar\\\/3ce09d3c01f86018c4f3b15b9e6389f2ac325bc19863fdb79cd37fefb38517d1?s=96&d=mm&r=g\",\"contentUrl\":\"https:\\\/\\\/secure.gravatar.com\\\/avatar\\\/3ce09d3c01f86018c4f3b15b9e6389f2ac325bc19863fdb79cd37fefb38517d1?s=96&d=mm&r=g\",\"caption\":\"Luis Eduardo\"},\"sameAs\":[\"https:\\\/\\\/www.facebook.com\\\/coachluiseduardo\\\/\"],\"url\":\"https:\\\/\\\/www.estrategiaconcursos.com.br\\\/blog\\\/author\\\/luiseduardoestrategiaconcursos-com-br\\\/\"}]}<\/script>\n<!-- \/ Yoast SEO Premium plugin. -->","yoast_head_json":{"title":"Concurso Prefeitura de Terra Alta: banca definida!","description":"Concurso Prefeitura de Terra Alta: banca definida! Novo edital ter\u00e1 77 vagas em diversos cargos e n\u00edveis de escolaridade.","robots":{"index":"index","follow":"follow","max-snippet":"max-snippet:-1","max-image-preview":"max-image-preview:large","max-video-preview":"max-video-preview:-1"},"canonical":"https:\/\/www.estrategiaconcursos.com.br\/blog\/concurso-prefeitura-terra-alta\/","og_locale":"pt_BR","og_type":"article","og_title":"Concurso Prefeitura de Terra Alta: banca definida!","og_description":"Concurso Prefeitura de Terra Alta: banca definida! Novo edital ter\u00e1 77 vagas em diversos cargos e n\u00edveis de escolaridade.","og_url":"https:\/\/www.estrategiaconcursos.com.br\/blog\/concurso-prefeitura-terra-alta\/","og_site_name":"Estrat\u00e9gia Concursos","article_author":"https:\/\/www.facebook.com\/coachluiseduardo\/","article_published_time":"2024-08-09T14:17:08+00:00","article_modified_time":"2026-08-07T21:21:13+00:00","og_image":[{"width":1200,"height":628,"url":"https:\/\/dhg1h5j42swfq.cloudfront.net\/2021\/10\/06123551\/concursos-para.jpg","type":"image\/jpeg"}],"author":"Luis Eduardo","twitter_card":"summary_large_image","twitter_creator":"@EstratConcursos","twitter_site":"@EstratConcursos","twitter_misc":{"Escrito por":"Luis Eduardo","Est. tempo de leitura":"4 minutos"},"schema":{"@context":"https:\/\/schema.org","@graph":[{"@type":"NewsArticle","@id":"https:\/\/www.estrategiaconcursos.com.br\/blog\/concurso-prefeitura-terra-alta\/#article","isPartOf":{"@id":"https:\/\/www.estrategiaconcursos.com.br\/blog\/concurso-prefeitura-terra-alta\/"},"author":{"name":"Luis Eduardo","@id":"https:\/\/blog-estrategia.mystagingwebsite.com\/#\/schema\/person\/0906ff564105056f3b05978d503ee214"},"headline":"Concurso Prefeitura de Terra Alta: banca definida!","datePublished":"2024-08-09T14:17:08+00:00","dateModified":"2026-08-07T21:21:13+00:00","mainEntityOfPage":{"@id":"https:\/\/www.estrategiaconcursos.com.br\/blog\/concurso-prefeitura-terra-alta\/"},"wordCount":822,"commentCount":0,"publisher":{"@id":"https:\/\/blog-estrategia.mystagingwebsite.com\/#organization"},"image":{"@id":"https:\/\/www.estrategiaconcursos.com.br\/blog\/concurso-prefeitura-terra-alta\/#primaryimage"},"thumbnailUrl":"https:\/\/dhg1h5j42swfq.cloudfront.net\/2021\/10\/06123551\/concursos-para.jpg","articleSection":["Executivo (Administrativa)"],"inLanguage":"pt-BR","potentialAction":[{"@type":"CommentAction","name":"Comment","target":["https:\/\/www.estrategiaconcursos.com.br\/blog\/concurso-prefeitura-terra-alta\/#respond"]}],"copyrightYear":"2024","copyrightHolder":{"@id":"https:\/\/www.estrategiaconcursos.com.br\/blog\/#organization"}},{"@type":"WebPage","@id":"https:\/\/www.estrategiaconcursos.com.br\/blog\/concurso-prefeitura-terra-alta\/","url":"https:\/\/www.estrategiaconcursos.com.br\/blog\/concurso-prefeitura-terra-alta\/","name":"Concurso Prefeitura de Terra Alta: banca definida!","isPartOf":{"@id":"https:\/\/blog-estrategia.mystagingwebsite.com\/#website"},"primaryImageOfPage":{"@id":"https:\/\/www.estrategiaconcursos.com.br\/blog\/concurso-prefeitura-terra-alta\/#primaryimage"},"image":{"@id":"https:\/\/www.estrategiaconcursos.com.br\/blog\/concurso-prefeitura-terra-alta\/#primaryimage"},"thumbnailUrl":"https:\/\/dhg1h5j42swfq.cloudfront.net\/2021\/10\/06123551\/concursos-para.jpg","datePublished":"2024-08-09T14:17:08+00:00","dateModified":"2026-08-07T21:21:13+00:00","description":"Concurso Prefeitura de Terra Alta: banca definida! Novo edital ter\u00e1 77 vagas em diversos cargos e n\u00edveis de escolaridade.","breadcrumb":{"@id":"https:\/\/www.estrategiaconcursos.com.br\/blog\/concurso-prefeitura-terra-alta\/#breadcrumb"},"inLanguage":"pt-BR","potentialAction":[{"@type":"ReadAction","target":["https:\/\/www.estrategiaconcursos.com.br\/blog\/concurso-prefeitura-terra-alta\/"]}]},{"@type":"ImageObject","inLanguage":"pt-BR","@id":"https:\/\/www.estrategiaconcursos.com.br\/blog\/concurso-prefeitura-terra-alta\/#primaryimage","url":"https:\/\/dhg1h5j42swfq.cloudfront.net\/2021\/10\/06123551\/concursos-para.jpg","contentUrl":"https:\/\/dhg1h5j42swfq.cloudfront.net\/2021\/10\/06123551\/concursos-para.jpg","width":1200,"height":628,"caption":"Concurso Prefeitura de Terra Alta"},{"@type":"BreadcrumbList","@id":"https:\/\/www.estrategiaconcursos.com.br\/blog\/concurso-prefeitura-terra-alta\/#breadcrumb","itemListElement":[{"@type":"ListItem","position":1,"name":"In\u00edcio","item":"https:\/\/blog-estrategia.mystagingwebsite.com\/"},{"@type":"ListItem","position":2,"name":"Concurso Prefeitura de Terra Alta: banca definida!"}]},{"@type":"WebSite","@id":"https:\/\/blog-estrategia.mystagingwebsite.com\/#website","url":"https:\/\/blog-estrategia.mystagingwebsite.com\/","name":"Estrat\u00e9gia Concursos","description":"O blog da Estrat\u00e9gia Concursos traz not\u00edcias sobre concursos e artigos de professores oferecendo cursos para concursos (pdf + videaulas) no site.","publisher":{"@id":"https:\/\/blog-estrategia.mystagingwebsite.com\/#organization"},"potentialAction":[{"@type":"SearchAction","target":{"@type":"EntryPoint","urlTemplate":"https:\/\/blog-estrategia.mystagingwebsite.com\/?s={search_term_string}"},"query-input":{"@type":"PropertyValueSpecification","valueRequired":true,"valueName":"search_term_string"}}],"inLanguage":"pt-BR"},{"@type":"Organization","@id":"https:\/\/blog-estrategia.mystagingwebsite.com\/#organization","name":"Estrat\u00e9gia Concursos","url":"https:\/\/blog-estrategia.mystagingwebsite.com\/","logo":{"@type":"ImageObject","inLanguage":"pt-BR","@id":"https:\/\/blog-estrategia.mystagingwebsite.com\/#\/schema\/logo\/image\/","url":"https:\/\/dhg1h5j42swfq.cloudfront.net\/2025\/06\/03203428\/logo_concursos-1.jpg","contentUrl":"https:\/\/dhg1h5j42swfq.cloudfront.net\/2025\/06\/03203428\/logo_concursos-1.jpg","width":230,"height":60,"caption":"Estrat\u00e9gia Concursos"},"image":{"@id":"https:\/\/blog-estrategia.mystagingwebsite.com\/#\/schema\/logo\/image\/"},"sameAs":["https:\/\/x.com\/EstratConcursos"]},{"@type":"Person","@id":"https:\/\/blog-estrategia.mystagingwebsite.com\/#\/schema\/person\/0906ff564105056f3b05978d503ee214","name":"Luis Eduardo","image":{"@type":"ImageObject","inLanguage":"pt-BR","@id":"https:\/\/secure.gravatar.com\/avatar\/3ce09d3c01f86018c4f3b15b9e6389f2ac325bc19863fdb79cd37fefb38517d1?s=96&d=mm&r=g","url":"https:\/\/secure.gravatar.com\/avatar\/3ce09d3c01f86018c4f3b15b9e6389f2ac325bc19863fdb79cd37fefb38517d1?s=96&d=mm&r=g","contentUrl":"https:\/\/secure.gravatar.com\/avatar\/3ce09d3c01f86018c4f3b15b9e6389f2ac325bc19863fdb79cd37fefb38517d1?s=96&d=mm&r=g","caption":"Luis Eduardo"},"sameAs":["https:\/\/www.facebook.com\/coachluiseduardo\/"],"url":"https:\/\/www.estrategiaconcursos.com.br\/blog\/author\/luiseduardoestrategiaconcursos-com-br\/"}]}},"_links":{"self":[{"href":"https:\/\/www.estrategiaconcursos.com.br\/blog\/wp-json\/wp\/v2\/posts\/1442395","targetHints":{"allow":["GET"]}}],"collection":[{"href":"https:\/\/www.estrategiaconcursos.com.br\/blog\/wp-json\/wp\/v2\/posts"}],"about":[{"href":"https:\/\/www.estrategiaconcursos.com.br\/blog\/wp-json\/wp\/v2\/types\/post"}],"author":[{"embeddable":true,"href":"https:\/\/www.estrategiaconcursos.com.br\/blog\/wp-json\/wp\/v2\/users\/344"}],"replies":[{"embeddable":true,"href":"https:\/\/www.estrategiaconcursos.com.br\/blog\/wp-json\/wp\/v2\/comments?post=1442395"}],"version-history":[{"count":1,"href":"https:\/\/www.estrategiaconcursos.com.br\/blog\/wp-json\/wp\/v2\/posts\/1442395\/revisions"}],"predecessor-version":[{"id":1787955,"href":"https:\/\/www.estrategiaconcursos.com.br\/blog\/wp-json\/wp\/v2\/posts\/1442395\/revisions\/1787955"}],"wp:featuredmedia":[{"embeddable":true,"href":"https:\/\/www.estrategiaconcursos.com.br\/blog\/wp-json\/wp\/v2\/media\/878707"}],"wp:attachment":[{"href":"https:\/\/www.estrategiaconcursos.com.br\/blog\/wp-json\/wp\/v2\/media?parent=1442395"}],"wp:term":[{"taxonomy":"category","embeddable":true,"href":"https:\/\/www.estrategiaconcursos.com.br\/blog\/wp-json\/wp\/v2\/categories?post=1442395"},{"taxonomy":"post_tag","embeddable":true,"href":"https:\/\/www.estrategiaconcursos.com.br\/blog\/wp-json\/wp\/v2\/tags?post=1442395"},{"taxonomy":"tax_estado","embeddable":true,"href":"https:\/\/www.estrategiaconcursos.com.br\/blog\/wp-json\/wp\/v2\/tax_estado?post=1442395"}],"curies":[{"name":"wp","href":"https:\/\/api.w.org\/{rel}","templated":true}]}}