{"id":1441762,"date":"2025-11-03T05:55:00","date_gmt":"2025-11-03T08:55:00","guid":{"rendered":"https:\/\/www.estrategiaconcursos.com.br\/blog\/?p=1441762"},"modified":"2026-01-12T16:56:14","modified_gmt":"2026-01-12T19:56:14","slug":"concurso-aeb","status":"publish","type":"post","link":"https:\/\/www.estrategiaconcursos.com.br\/blog\/concurso-aeb\/","title":{"rendered":"Concurso AEB: nomea\u00e7\u00f5es s\u00e3o publicadas; confira!"},"content":{"rendered":"\n<p style=\"font-size:clamp(16.293px, 1.018rem + ((1vw - 3.2px) * 0.854), 25px);\"><strong><em>Concurso AEB: sal\u00e1rios de at\u00e9 R$ 10,8 mil e 30 vagas<\/em><\/strong><\/p>\n\n\n\n<center><a id=\"cta-icon\" href=\"https:\/\/sndflw.com\/i\/aeb-grupo\" target=\"_blank\" style=\"background:#29a61a; display:inline-flex; align-items:center; padding:10px 15px; border-radius:6px; color:#fff; text-decoration:none; font-weight:500; font-size:15px;\"><img decoding=\"async\" src=\"https:\/\/dhg1h5j42swfq.cloudfront.net\/2023\/12\/07154107\/whatsapp_13851.png\" alt=\"\" style=\"width:20px; height:20px; margin-right:8px;\"><span>Acesse agora o Grupo de Estudos para o Concurso AEB<\/span><\/a><\/center>\n\n\n\n<div style=\"height:44px\" aria-hidden=\"true\" class=\"wp-block-spacer\"><\/div>\n\n\n\n<p>O Minist\u00e9rio da Gest\u00e3o e da Inova\u00e7\u00e3o <strong>teve a lista de nomeados no concurso p\u00fablico da <a href=\"https:\/\/www.estrategiaconcursos.com.br\/cursosPorConcurso\/agencia-espacial-brasileira-aeb-306\/\" target=\"_blank\" rel=\"noreferrer noopener\">Ag\u00eancia Espacial Brasileira<\/a>&nbsp;(AEB)<\/strong> publicada!<\/p>\n\n\n\n<ul class=\"wp-block-list\">\n<li><strong><a href=\"https:\/\/dhg1h5j42swfq.cloudfront.net\/2025\/09\/03060847\/aeb.pdf\" target=\"_blank\" rel=\"noreferrer noopener nofollow\">Confira aqui<\/a><\/strong><\/li>\n<\/ul>\n\n\n\n<p>Segundo o documento via Di\u00e1rio Oficial da Uni\u00e3o (DOU), os candidatos aprovados ter\u00e3o at\u00e9 30 dias ap\u00f3s a nomea\u00e7\u00e3o para tomar posse. <\/p>\n\n\n\n<p>A cerim\u00f4nia ocorrer\u00e1 na sede da Ag\u00eancia Espacial Brasileira, em Bras\u00edlia para os nomeados na capital federal, e nas unidades regionais correspondentes, cujos endere\u00e7os est\u00e3o dispon\u00edveis no site oficial da AEB.<\/p>\n\n\n\n<p>Ademais, os <strong>5.210 candidatos concorreram \u00e0s 30 vagas imediatas <\/strong>do concurso para os cargos de Analista em Ci\u00eancia e Tecnologia e Tecnologista, que oferecem sal\u00e1rios iniciais de at\u00e9<strong> R$ 10,8 mil.<\/strong><\/p>\n\n\n\n<p>De acordo com a <a href=\"https:\/\/dhg1h5j42swfq.cloudfront.net\/2025\/04\/07190128\/demanda-candidatos-por-vaga.pdf\" target=\"_blank\" rel=\"noreferrer noopener nofollow\">demanda<\/a>, o cargo de maior procura foi de <strong>Analista em Ci\u00eancia e Tecnologia J\u00fanior \u2013 Especialidade: Qualquer \u00c1rea de Forma\u00e7\u00e3o<\/strong>, com lota\u00e7\u00e3o em Bras\u00edlia\/DF.<\/p>\n\n\n\n<p><strong>3.429 candidaturas<\/strong> foram registradas somente para este cargo, que contempla <strong>10 vagas imediatas<\/strong> (342,90 x vaga).<\/p>\n\n\n\n<ul style=\"background-color:#dee3e7\" class=\"wp-block-list has-background\">\n<li><strong>Ag\u00eancia Espacial Brasileira<\/strong><\/li>\n\n\n\n<li><strong style=\"color: initial;\">Status:&nbsp;<\/strong>nomea\u00e7\u00f5es publicadas<\/li>\n\n\n\n<li><strong>Banca:<\/strong> <a href=\"https:\/\/www.cebraspe.org.br\/concursos\/AEB_24\" target=\"_blank\" rel=\"noreferrer noopener\">Cebraspe<\/a><\/li>\n\n\n\n<li><strong>Vagas:<\/strong> 30<\/li>\n\n\n\n<li><strong>Sal\u00e1rio inicial: <\/strong><span style=\"font-size: revert; color: initial;\">R$ 6.662,68 a R$ 10.823,89<\/span><\/li>\n\n\n\n<li><strong>Edital<\/strong>: <a href=\"https:\/\/dhg1h5j42swfq.cloudfront.net\/2024\/12\/30102913\/ed_1_aeb_24_abertura.pdf\" target=\"_blank\" rel=\"noreferrer noopener nofollow\">AEB 2024<\/a><\/li>\n<\/ul>\n\n\n\n<p>Confira neste artigo as principais informa\u00e7\u00f5es a respeito do concurso AEB. Acompanhe os t\u00f3picos abaixo e n\u00e3o perca nenhum detalhe:<\/p>\n\n\n\n<ul id=\"indice\" class=\"wp-block-list\">\n<li><a href=\"#sobre\"><strong>Sobre a AEB<\/strong><\/a><\/li>\n\n\n\n<li><a href=\"#carreira\"><strong>Carreira<\/strong><\/a>\n<ul class=\"wp-block-list\">\n<li><a href=\"#cargos-e-vagas\">Cargos e vagas<\/a><\/li>\n\n\n\n<li><a href=\"#remuneracao\">Remunera\u00e7\u00e3o<\/a><\/li>\n\n\n\n<li><a href=\"#atribuicoes\">Atribui\u00e7\u00f5es e requisitos<\/a><\/li>\n<\/ul>\n<\/li>\n\n\n\n<li><a href=\"#etapas\"><strong>Etapas de provas<\/strong><\/a><\/li>\n\n\n\n<li><a href=\"#h-quer-estudar-para-o-concurso-aeb\"><strong>Assinatura e cursos<\/strong><\/a><\/li>\n\n\n\n<li><a href=\"#ficha\"><strong>Ficha t\u00e9cnica<\/strong><\/a><\/li>\n<\/ul>\n\n\n\n<div class=\"container\" id=\"boxes\">\n  <div class=\"row\">\n\n    <div class=\"col-sm\">\n      <div class=\"banner-estrat-corj\" id=\"box-assinatura\">\n        <h2 class=\"titulo-assinatura\">Cursos concurso AEB<\/h2>\n        <p class=\"subtitulo-assinatura\">Estude conosco o concurso AEB! \u2728<\/p>\n        <div class=\"box-botao\">\n          <a class=\"btn-assinatura\" target=\"_blank\" href=\"https:\/\/www.estrategiaconcursos.com.br\/cursosPorConcurso\/agencia-espacial-brasileira-aeb-306\/\" role=\"button\" rel=\"noopener noreferrer\">INICIAR PREPARA\u00c7\u00c3O<\/a>\n        <\/div>\n      <\/div>\n     \n    <\/div>\n\n  <\/div>\n<\/div>\n\n\n\n<h2 class=\"wp-block-heading\" id=\"sobre\">Sobre a AEB<\/h2>\n\n\n\n<p>A Ag\u00eancia Espacial Brasileira (AEB), autarquia federal de natureza civil, vinculada ao Minist\u00e9rio da Ci\u00eancia, Tecnologia e Inova\u00e7\u00e3o (MCTI), \u00e9 a institui\u00e7\u00e3o respons\u00e1vel por formular, coordenar e executar a Pol\u00edtica Espacial Brasileira.&nbsp;&nbsp;<\/p>\n\n\n\n<p>Desde a sua cria\u00e7\u00e3o, pela&nbsp;Lei n\u00ba 8.854, de 10 de fevereiro de 1994, a Ag\u00eancia&nbsp;trabalha para&nbsp;empreender os esfor\u00e7os do governo brasileiro na promo\u00e7\u00e3o da autonomia do setor espacial, com a finalidade de promover o desenvolvimento das atividades espaciais de interesse nacional.&nbsp;&nbsp;<\/p>\n\n\n\n<p>As atividades da AEB s\u00e3o orientadas pelas diretrizes estabelecidas na&nbsp;Pol\u00edtica Nacional de Desenvolvimento das Atividades Espaciais (PNDAE), que estabelece objetivos e diretrizes para os programas e projetos nacionais relativos \u00e0 \u00e1rea espacial e t\u00eam o&nbsp;Programa Nacional de Atividades Espaciais (PNAE)&nbsp;como principal instrumento de planejamento do setor espacial.&nbsp;<\/p>\n\n\n\n<h2 class=\"wp-block-heading\" id=\"carreira\">Carreira na AEB <\/h2>\n\n\n\n<h3 class=\"wp-block-heading\" id=\"cargos-e-vagas\">Cargos e vagas<\/h3>\n\n\n\n<p>As vagas do concurso p\u00fablico AEB s\u00e3o distribu\u00eddas conforme o quadro a seguir:<\/p>\n\n\n\n<figure class=\"wp-block-image aligncenter size-full\"><img loading=\"lazy\" decoding=\"async\" width=\"710\" height=\"345\" src=\"https:\/\/dhg1h5j42swfq.cloudfront.net\/2025\/01\/29120204\/image-378.png\" alt=\"\" class=\"wp-image-1524022\" srcset=\"https:\/\/dhg1h5j42swfq.cloudfront.net\/2025\/01\/29120204\/image-378.png 710w, https:\/\/dhg1h5j42swfq.cloudfront.net\/2025\/01\/29120204\/image-378-300x146.png 300w, https:\/\/dhg1h5j42swfq.cloudfront.net\/2025\/01\/29120204\/image-378-150x73.png 150w\" sizes=\"auto, (max-width: 710px) 100vw, 710px\" \/><\/figure>\n\n\n\n<h3 class=\"wp-block-heading\" id=\"remuneracao\">Remunera\u00e7\u00e3o<\/h3>\n\n\n\n<p>De acordo com o edital do concurso AEB, os cargos contemplados (tanto para Analista quanto para Tecnologista) receber\u00e3o sal\u00e1rios iniciais que podem chegar a R$ 10,8 mil, de acordo com a titula\u00e7\u00e3o:<\/p>\n\n\n\n<figure class=\"wp-block-image aligncenter size-full\"><img loading=\"lazy\" decoding=\"async\" width=\"712\" height=\"304\" src=\"https:\/\/dhg1h5j42swfq.cloudfront.net\/2025\/06\/14082708\/2.jpg\" alt=\"\" class=\"wp-image-1606424\" srcset=\"https:\/\/dhg1h5j42swfq.cloudfront.net\/2025\/06\/14082708\/2.jpg 712w, https:\/\/dhg1h5j42swfq.cloudfront.net\/2025\/06\/14082708\/2-300x128.jpg 300w, https:\/\/dhg1h5j42swfq.cloudfront.net\/2025\/06\/14082708\/2-150x64.jpg 150w\" sizes=\"auto, (max-width: 712px) 100vw, 712px\" \/><\/figure>\n\n\n\n<h3 class=\"wp-block-heading\" id=\"atribuicoes\">Atribui\u00e7\u00f5es e requisitos dos cargos<\/h3>\n\n\n\n<p><strong>CARGO 1: ANALISTA EM CI\u00caNCIA E TECNOLOGIA J\u00daNIOR \u2013 ESPECIALIDADE: COOPERA\u00c7\u00c3O INTERNACIONAL<\/strong><\/p>\n\n\n\n<p><strong>REQUISITO<\/strong>: diploma, devidamente registrado, de conclus\u00e3o de curso superior de Rela\u00e7\u00f5es Internacionais, Ci\u00eancias Pol\u00edticas ou Com\u00e9rcio Exterior, fornecido por institui\u00e7\u00e3o de ensino superior reconhecida pelo Minist\u00e9rio da Educa\u00e7\u00e3o (MEC).<\/p>\n\n\n\n<p><strong>DESCRI\u00c7\u00c3O SUM\u00c1RIA DAS ATIVIDADES:<\/strong> exercer atividades de n\u00edvel superior no apoio em formula\u00e7\u00e3o, supervis\u00e3o, orienta\u00e7\u00e3o, coordena\u00e7\u00e3o, organiza\u00e7\u00e3o, planejamento, execu\u00e7\u00e3o, acompanhamento, controle, avalia\u00e7\u00e3o, an\u00e1lise, divulga\u00e7\u00e3o e fomento de pol\u00edticas, planos, programas e projetos, associados com as atividades institucionais especificadas, com capacidade de trabalhar em equipe.<\/p>\n\n\n\n<p><strong>CARGO 2: ANALISTA EM CI\u00caNCIA E TECNOLOGIA J\u00daNIOR \u2013 ESPECIALIDADE: QUALQUER \u00c1REA DE<\/strong> <strong>FORMA\u00c7\u00c3O<\/strong><\/p>\n\n\n\n<p><strong>REQUISITO<\/strong>: diploma, devidamente registrado, de conclus\u00e3o curso superior em qualquer \u00e1rea de forma\u00e7\u00e3o, fornecido por institui\u00e7\u00e3o de ensino superior reconhecida pelo Minist\u00e9rio da Educa\u00e7\u00e3o (MEC).<\/p>\n\n\n\n<p><strong>DESCRI\u00c7\u00c3O SUM\u00c1RIA DAS ATIVIDADES:<\/strong> exercer atividades de n\u00edvel superior no apoio em formula\u00e7\u00e3o, supervis\u00e3o, orienta\u00e7\u00e3o, coordena\u00e7\u00e3o, organiza\u00e7\u00e3o, planejamento, execu\u00e7\u00e3o, acompanhamento, controle, avalia\u00e7\u00e3o, an\u00e1lise, divulga\u00e7\u00e3o e fomento de pol\u00edticas, planos, programas e projetos, associados com as atividades institucionais especificadas, com capacidade de trabalhar em equipe.<\/p>\n\n\n\n<p><strong>CARGO 3: TECNOLOGISTA J\u00daNIOR \u2013 ESPECIALIDADE: DESENVOLVIMENTO TECNOL\u00d3GICO<\/strong><\/p>\n\n\n\n<p><strong>REQUISITO<\/strong>: diploma, devidamente registrado, de conclus\u00e3o de n\u00edvel superior na \u00e1rea de Engenharias ou de Ci\u00eancias Exatas e da Terra, fornecido por institui\u00e7\u00e3o de ensino superior reconhecida pelo Minist\u00e9rio da Educa\u00e7\u00e3o (MEC).<\/p>\n\n\n\n<p><strong>DESCRI\u00c7\u00c3O SUM\u00c1RIA DAS ATIVIDADES: <\/strong>exercer atividades de n\u00edvel superior no apoio a projetos tecnol\u00f3gicos e na prospec\u00e7\u00e3o de tecnologias, envolvendo formula\u00e7\u00e3o, supervis\u00e3o, orienta\u00e7\u00e3o, coordena\u00e7\u00e3o, organiza\u00e7\u00e3o, planejamento, execu\u00e7\u00e3o, acompanhamento, controle, avalia\u00e7\u00e3o e fomento de pol\u00edticas, planos, programas e projetos tecnol\u00f3gicos, associadas com as atividades institucionais especificadas, com capacidade de trabalhar em equipe.<\/p>\n\n\n\n<p><strong>CARGO 4: TECNOLOGISTA J\u00daNIOR \u2013 ESPECIALIDADE: TECNOLOGIA DA INFORMA\u00c7\u00c3O<\/strong><\/p>\n\n\n\n<p><strong>REQUISITO<\/strong>: diploma, devidamente registrado, de conclus\u00e3o de curso superior na \u00e1rea de Ci\u00eancias da Computa\u00e7\u00e3o ou de Tecnologia da Informa\u00e7\u00e3o, fornecido por institui\u00e7\u00e3o de ensino superior reconhecida pelo Minist\u00e9rio da Educa\u00e7\u00e3o (MEC).<\/p>\n\n\n\n<p><strong>DESCRI\u00c7\u00c3O SUM\u00c1RIA DAS ATIVIDADES:<\/strong> exercer atividades de n\u00edvel superior no apoio a projetos tecnol\u00f3gicos e na prospec\u00e7\u00e3o de tecnologias, envolvendo formula\u00e7\u00e3o, supervis\u00e3o, orienta\u00e7\u00e3o, coordena\u00e7\u00e3o, organiza\u00e7\u00e3o, planejamento, execu\u00e7\u00e3o, acompanhamento, controle, avalia\u00e7\u00e3o e fomento de pol\u00edticas, planos, programas e projetos tecnol\u00f3gicos, associadas com as atividades institucionais especificadas, com capacidade de trabalhar em equipe.<\/p>\n\n\n\n<h2 class=\"wp-block-heading\" id=\"etapas\">Etapas de provas do concurso AEB<\/h2>\n\n\n\n<p>Sob organiza\u00e7\u00e3o da banca Cebraspe, os candidatos inscritos no concurso AEB foram avaliados por meio da aplica\u00e7\u00e3o das seguintes etapas:<\/p>\n\n\n\n<ul class=\"wp-block-list\">\n<li>a) provas objetivas, de car\u00e1ter eliminat\u00f3rio e classificat\u00f3rio;<\/li>\n\n\n\n<li>b) prova discursiva, de car\u00e1ter eliminat\u00f3rio e classificat\u00f3rio; e<\/li>\n\n\n\n<li>c) avalia\u00e7\u00e3o de t\u00edtulos, de car\u00e1ter classificat\u00f3rio.<\/li>\n<\/ul>\n\n\n\n<p>As provas objetivas e a prova discursiva, para todos os candidatos, bem como a avalia\u00e7\u00e3o biopsicossocial dos candidatos que solicitarem concorrer \u00e0s vagas reservadas \u00e0s pessoas com defici\u00eancia e o procedimento de heteroidentifica\u00e7\u00e3o dos candidatos negros, foram realizados nas seguintes cidades: Bras\u00edlia\/DF, Natal\/RN, S\u00e3o Jos\u00e9 dos Campos\/SP e S\u00e3o Lu\u00eds\/MA.<\/p>\n\n\n\n<h3 class=\"wp-block-heading\" id=\"objetiva\">Provas Objetivas<\/h3>\n\n\n\n<p>Foram aplicadas 60 quest\u00f5es, sendo 20 de conhecimentos gerais e 40 de conhecimentos espec\u00edficos. As quest\u00f5es das provas objetivas foram do tipo m\u00faltipla escolha, com cinco op\u00e7\u00f5es (A, B, C, D e E), sendo uma \u00fanica resposta correta, de acordo com o comando da quest\u00e3o.<\/p>\n\n\n\n<p>Tiveram, na folha de respostas, para cada quest\u00e3o, cinco campos de marca\u00e7\u00e3o: um campo para cada uma das cinco op\u00e7\u00f5es A, B, C, D e E, devendo o candidato preencher o campo correspondente \u00e0 resposta considerada por ele correta, de acordo com o comando da quest\u00e3o.<\/p>\n\n\n\n<p>O candidato precisou marcar somente um dos cinco campos da folha de respostas, sob pena de arcar com os preju\u00edzos decorrentes de marca\u00e7\u00f5es indevidas.<\/p>\n\n\n\n<h3 class=\"wp-block-heading\" id=\"discursiva\">Prova Discursiva<\/h3>\n\n\n\n<p>A prova discursiva avaliou o conte\u00fado (conhecimento do tema), a capacidade de express\u00e3o na modalidade escrita e o uso das normas do registro formal culto da L\u00edngua Portuguesa.<\/p>\n\n\n\n<p>O candidato precisou produzir, conforme o comando formulado pela banca examinadora, texto dissertativo, primando pela coer\u00eancia e pela coes\u00e3o. O exame valeu um total de 20 pontos e consistiu na elabora\u00e7\u00e3o de uma reda\u00e7\u00e3o de at\u00e9 30 linhas.<\/p>\n\n\n\n<h3 class=\"wp-block-heading\" id=\"titulos\">Avalia\u00e7\u00e3o de T\u00edtulos<\/h3>\n\n\n\n<p>Foram convocados para a avalia\u00e7\u00e3o de t\u00edtulos os candidatos aprovados na prova discursiva, e mais bem classificados, considerando-se a soma da nota final nas provas objetivas e da nota na prova discursiva.<\/p>\n\n\n\n<figure class=\"wp-block-image aligncenter size-full\"><img loading=\"lazy\" decoding=\"async\" width=\"707\" height=\"443\" src=\"https:\/\/dhg1h5j42swfq.cloudfront.net\/2025\/06\/14082445\/1-1.jpg\" alt=\"\" class=\"wp-image-1606423\" srcset=\"https:\/\/dhg1h5j42swfq.cloudfront.net\/2025\/06\/14082445\/1-1.jpg 707w, https:\/\/dhg1h5j42swfq.cloudfront.net\/2025\/06\/14082445\/1-1-300x188.jpg 300w, https:\/\/dhg1h5j42swfq.cloudfront.net\/2025\/06\/14082445\/1-1-150x94.jpg 150w\" sizes=\"auto, (max-width: 707px) 100vw, 707px\" \/><\/figure>\n\n\n\n<hr class=\"wp-block-separator has-alpha-channel-opacity\"\/>\n\n\n\n<h2 class=\"wp-block-heading has-text-align-center\" id=\"h-quer-estudar-para-o-concurso-aeb\">Quer estudar para o concurso AEB?<\/h2>\n\n\n\n<div class=\"container\" id=\"boxes\">\n  <div class=\"row\">\n\n    <div class=\"col-sm\">\n      <div class=\"banner-estrat-corj\" id=\"box-assinatura\">\n        <h3 class=\"titulo-assinatura\">Cursos concurso AEB<\/h3>\n        <p class=\"subtitulo-assinatura\">Estude conosco o concurso AEB! \u2728<\/p>\n        <div class=\"box-botao\">\n          <a class=\"btn-assinatura\" target=\"_blank\" href=\"https:\/\/www.estrategiaconcursos.com.br\/cursosPorConcurso\/agencia-espacial-brasileira-aeb-306\/\" role=\"button\" rel=\"noopener noreferrer\">VER CURSOS<\/a>\n        <\/div>\n      <\/div>\n     \n    <\/div>\n\n  <\/div>\n<\/div>\n\n\n\n<div class=\"container\" id=\"boxes\">\n  <div class=\"row\">\n\n    <div class=\"col-sm\">\n      <div class=\"estrategia\" id=\"box-assinatura\">\n        <h3 class=\"titulo-assinatura\">Assinatura de Concursos<\/h3>\n        <p class=\"subtitulo-assinatura\">Assinatura de 1 ano ou 2 anos<\/p>\n        <div class=\"box-botao\">\n          <a class=\"btn-assinatura\" target=\"_blank\" href=\"https:\/\/www.estrategiaconcursos.com.br\/assinaturas\/\" role=\"button\" rel=\"noopener noreferrer\">ASSINE AGORA<\/a>\n        <\/div>\n      <\/div>\n     \n    <\/div><\/div><\/div>\n\n\n\n<h2 class=\"wp-block-heading has-text-align-center\" id=\"h-quer-saber-tudo-sobre-concursos-previstos-confira-nossos-artigos\">Quer saber tudo sobre concursos previstos?<br \/>Confira nossos artigos!<\/h2>\n\n\n\n<ul class=\"wp-block-list\">\n<li><a href=\"https:\/\/www.estrategiaconcursos.com.br\/blog\/concursos-abertos\/\" target=\"_blank\" rel=\"noreferrer noopener\">Concursos Abertos<\/a><\/li>\n\n\n\n<li><a href=\"https:\/\/www.estrategiaconcursos.com.br\/blog\/concursos-federais\/\" target=\"_blank\" rel=\"noreferrer noopener\">Concursos Federais<\/a><\/li>\n\n\n\n<li><a href=\"https:\/\/www.estrategiaconcursos.com.br\/blog\/concursos-2026\/\" target=\"_blank\" rel=\"noreferrer noopener\">Concursos 2026<\/a><\/li>\n<\/ul>\n\n\n\n<figure class=\"wp-block-image is-resized\"><img loading=\"lazy\" decoding=\"async\" width=\"1024\" height=\"632\" src=\"https:\/\/dhg1h5j42swfq.cloudfront.net\/2025\/06\/27101122\/ficha-tecnica-1-1024x632.png\" alt=\"Informa\u00e7\u00f5es do pr\u00f3ximo concurso AEB\" class=\"wp-image-702728\" style=\"width:286px;height:auto\" srcset=\"https:\/\/dhg1h5j42swfq.cloudfront.net\/2025\/06\/27101122\/ficha-tecnica-1-1024x632.png 1024w, https:\/\/dhg1h5j42swfq.cloudfront.net\/2025\/06\/27101122\/ficha-tecnica-1-300x185.png 300w, https:\/\/dhg1h5j42swfq.cloudfront.net\/2025\/06\/27101122\/ficha-tecnica-1-768x474.png 768w, https:\/\/dhg1h5j42swfq.cloudfront.net\/2025\/06\/27101122\/ficha-tecnica-1-1536x948.png 1536w, https:\/\/dhg1h5j42swfq.cloudfront.net\/2025\/06\/27101122\/ficha-tecnica-1-610x377.png 610w, https:\/\/dhg1h5j42swfq.cloudfront.net\/2025\/06\/27101122\/ficha-tecnica-1.png 1571w\" sizes=\"auto, (max-width: 1024px) 100vw, 1024px\" \/><\/figure>\n\n\n\n<h3 class=\"wp-block-heading\" id=\"ficha\">Informa\u00e7\u00f5es do concurso AEB<\/h3>\n\n\n\n<ul id=\"block-46dd482c-33cf-409c-8762-75c111403f14\" class=\"wp-block-list\">\n<li><strong>Ano<\/strong>: 2024\/2025<\/li>\n\n\n\n<li><strong>Vagas<\/strong>: 30<\/li>\n\n\n\n<li><strong>Cargos<\/strong>: Tecnologista e Analista em Ci\u00eancia e Tecnologia<\/li>\n\n\n\n<li><strong>Banca<\/strong>: Cebraspe<\/li>\n\n\n\n<li><strong>Escolaridade<\/strong>: n\u00edvel superior<\/li>\n\n\n\n<li><strong>Edital<\/strong>: <a href=\"https:\/\/dhg1h5j42swfq.cloudfront.net\/2024\/12\/30102913\/ed_1_aeb_24_abertura.pdf\" target=\"_blank\" rel=\"noreferrer noopener nofollow\">AEB 2024<\/a> | <a href=\"https:\/\/dhg1h5j42swfq.cloudfront.net\/2024\/01\/16115053\/ed_2_aeb_24_ret-1.pdf\" target=\"_blank\" rel=\"noreferrer noopener nofollow\">Retifica\u00e7\u00e3o<\/a><\/li>\n<\/ul>\n","protected":false},"excerpt":{"rendered":"<p>Concurso AEB: sal\u00e1rios de at\u00e9 R$ 10,8 mil e 30 vagas O Minist\u00e9rio da Gest\u00e3o e da Inova\u00e7\u00e3o teve a lista de nomeados no concurso p\u00fablico da Ag\u00eancia Espacial Brasileira&nbsp;(AEB) publicada! Segundo o documento via Di\u00e1rio Oficial da Uni\u00e3o (DOU), os candidatos aprovados ter\u00e3o at\u00e9 30 dias ap\u00f3s a nomea\u00e7\u00e3o para tomar posse. A cerim\u00f4nia [&hellip;]<\/p>\n","protected":false},"author":2018,"featured_media":1441832,"comment_status":"open","ping_status":"closed","sticky":false,"template":"","format":"standard","meta":{"post_tipo":"news_page","footnotes":""},"categories":[214992],"tags":[],"tax_estado":[219963],"class_list":["post-1441762","post","type-post","status-publish","format-standard","has-post-thumbnail","hentry","category-concursos-administrativos","tax_estado-concursos-federais"],"acf":[],"yoast_head":"<!-- This site is optimized with the Yoast SEO Premium plugin v27.2 (Yoast SEO v27.2) - https:\/\/yoast.com\/product\/yoast-seo-premium-wordpress\/ -->\n<title>Concurso AEB: nomea\u00e7\u00f5es s\u00e3o publicadas; confira!<\/title>\n<meta name=\"description\" content=\"Concurso AEB: publicada a nomea\u00e7\u00e3o de 30 aprovados nos cargos de Analista em Ci\u00eancia e Tecnologia e Tecnologista. Saiba mais!\" \/>\n<meta name=\"robots\" content=\"index, follow, max-snippet:-1, max-image-preview:large, max-video-preview:-1\" \/>\n<link rel=\"canonical\" href=\"https:\/\/www.estrategiaconcursos.com.br\/blog\/concurso-aeb\/\" \/>\n<meta property=\"og:locale\" content=\"pt_BR\" \/>\n<meta property=\"og:type\" content=\"article\" \/>\n<meta property=\"og:title\" content=\"Concurso AEB: nomea\u00e7\u00f5es s\u00e3o publicadas; confira!\" \/>\n<meta property=\"og:description\" content=\"Concurso AEB: publicada a nomea\u00e7\u00e3o de 30 aprovados nos cargos de Analista em Ci\u00eancia e Tecnologia e Tecnologista. Saiba mais!\" \/>\n<meta property=\"og:url\" content=\"https:\/\/www.estrategiaconcursos.com.br\/blog\/concurso-aeb\/\" \/>\n<meta property=\"og:site_name\" content=\"Estrat\u00e9gia Concursos\" \/>\n<meta property=\"article:published_time\" content=\"2025-11-03T08:55:00+00:00\" \/>\n<meta property=\"article:modified_time\" content=\"2026-01-12T19:56:14+00:00\" \/>\n<meta property=\"og:image\" content=\"https:\/\/dhg1h5j42swfq.cloudfront.net\/2024\/08\/08090910\/aeb.jpg\" \/>\n\t<meta property=\"og:image:width\" content=\"768\" \/>\n\t<meta property=\"og:image:height\" content=\"432\" \/>\n\t<meta property=\"og:image:type\" content=\"image\/jpeg\" \/>\n<meta name=\"author\" content=\"B\u00e1rbara Carvalho Santos\" \/>\n<meta name=\"twitter:card\" content=\"summary_large_image\" \/>\n<meta name=\"twitter:creator\" content=\"@EstratConcursos\" \/>\n<meta name=\"twitter:site\" content=\"@EstratConcursos\" \/>\n<meta name=\"twitter:label1\" content=\"Escrito por\" \/>\n\t<meta name=\"twitter:data1\" content=\"B\u00e1rbara Carvalho Santos\" \/>\n\t<meta name=\"twitter:label2\" content=\"Est. tempo de leitura\" \/>\n\t<meta name=\"twitter:data2\" content=\"7 minutos\" \/>\n<script type=\"application\/ld+json\" class=\"yoast-schema-graph\">{\"@context\":\"https:\/\/schema.org\",\"@graph\":[{\"@type\":\"NewsArticle\",\"@id\":\"https:\/\/www.estrategiaconcursos.com.br\/blog\/concurso-aeb\/#article\",\"isPartOf\":{\"@id\":\"https:\/\/www.estrategiaconcursos.com.br\/blog\/concurso-aeb\/\"},\"author\":{\"name\":\"B\u00e1rbara Carvalho Santos\",\"@id\":\"https:\/\/www.estrategiaconcursos.com.br\/blog\/#\/schema\/person\/e3882259fa157d54c44c21f4ee4e0e60\"},\"headline\":\"Concurso AEB: nomea\u00e7\u00f5es s\u00e3o publicadas; confira!\",\"datePublished\":\"2025-11-03T08:55:00+00:00\",\"dateModified\":\"2026-01-12T19:56:14+00:00\",\"mainEntityOfPage\":{\"@id\":\"https:\/\/www.estrategiaconcursos.com.br\/blog\/concurso-aeb\/\"},\"wordCount\":1366,\"commentCount\":0,\"publisher\":{\"@id\":\"https:\/\/www.estrategiaconcursos.com.br\/blog\/#organization\"},\"image\":{\"@id\":\"https:\/\/www.estrategiaconcursos.com.br\/blog\/concurso-aeb\/#primaryimage\"},\"thumbnailUrl\":\"https:\/\/dhg1h5j42swfq.cloudfront.net\/2024\/08\/08090910\/aeb.jpg\",\"articleSection\":[\"Executivo (Administrativa)\"],\"inLanguage\":\"pt-BR\",\"potentialAction\":[{\"@type\":\"CommentAction\",\"name\":\"Comment\",\"target\":[\"https:\/\/www.estrategiaconcursos.com.br\/blog\/concurso-aeb\/#respond\"]}],\"copyrightYear\":\"2025\",\"copyrightHolder\":{\"@id\":\"https:\/\/www.estrategiaconcursos.com.br\/blog\/#organization\"}},{\"@type\":\"WebPage\",\"@id\":\"https:\/\/www.estrategiaconcursos.com.br\/blog\/concurso-aeb\/\",\"url\":\"https:\/\/www.estrategiaconcursos.com.br\/blog\/concurso-aeb\/\",\"name\":\"Concurso AEB: nomea\u00e7\u00f5es s\u00e3o publicadas; confira!\",\"isPartOf\":{\"@id\":\"https:\/\/www.estrategiaconcursos.com.br\/blog\/#website\"},\"primaryImageOfPage\":{\"@id\":\"https:\/\/www.estrategiaconcursos.com.br\/blog\/concurso-aeb\/#primaryimage\"},\"image\":{\"@id\":\"https:\/\/www.estrategiaconcursos.com.br\/blog\/concurso-aeb\/#primaryimage\"},\"thumbnailUrl\":\"https:\/\/dhg1h5j42swfq.cloudfront.net\/2024\/08\/08090910\/aeb.jpg\",\"datePublished\":\"2025-11-03T08:55:00+00:00\",\"dateModified\":\"2026-01-12T19:56:14+00:00\",\"description\":\"Concurso AEB: publicada a nomea\u00e7\u00e3o de 30 aprovados nos cargos de Analista em Ci\u00eancia e Tecnologia e Tecnologista. Saiba mais!\",\"breadcrumb\":{\"@id\":\"https:\/\/www.estrategiaconcursos.com.br\/blog\/concurso-aeb\/#breadcrumb\"},\"inLanguage\":\"pt-BR\",\"potentialAction\":[{\"@type\":\"ReadAction\",\"target\":[\"https:\/\/www.estrategiaconcursos.com.br\/blog\/concurso-aeb\/\"]}]},{\"@type\":\"ImageObject\",\"inLanguage\":\"pt-BR\",\"@id\":\"https:\/\/www.estrategiaconcursos.com.br\/blog\/concurso-aeb\/#primaryimage\",\"url\":\"https:\/\/dhg1h5j42swfq.cloudfront.net\/2024\/08\/08090910\/aeb.jpg\",\"contentUrl\":\"https:\/\/dhg1h5j42swfq.cloudfront.net\/2024\/08\/08090910\/aeb.jpg\",\"width\":768,\"height\":432,\"caption\":\"Inscri\u00e7\u00f5es do concurso AEB terminam hoje (19) \u00e0s 18h!\"},{\"@type\":\"BreadcrumbList\",\"@id\":\"https:\/\/www.estrategiaconcursos.com.br\/blog\/concurso-aeb\/#breadcrumb\",\"itemListElement\":[{\"@type\":\"ListItem\",\"position\":1,\"name\":\"In\u00edcio\",\"item\":\"https:\/\/www.estrategiaconcursos.com.br\/blog\/\"},{\"@type\":\"ListItem\",\"position\":2,\"name\":\"Concurso AEB: nomea\u00e7\u00f5es s\u00e3o publicadas; confira!\"}]},{\"@type\":\"WebSite\",\"@id\":\"https:\/\/www.estrategiaconcursos.com.br\/blog\/#website\",\"url\":\"https:\/\/www.estrategiaconcursos.com.br\/blog\/\",\"name\":\"Estrat\u00e9gia Concursos\",\"description\":\"O blog da Estrat\u00e9gia Concursos traz not\u00edcias sobre concursos e artigos de professores oferecendo cursos para concursos (pdf + videaulas) no site.\",\"publisher\":{\"@id\":\"https:\/\/www.estrategiaconcursos.com.br\/blog\/#organization\"},\"potentialAction\":[{\"@type\":\"SearchAction\",\"target\":{\"@type\":\"EntryPoint\",\"urlTemplate\":\"https:\/\/www.estrategiaconcursos.com.br\/blog\/?s={search_term_string}\"},\"query-input\":{\"@type\":\"PropertyValueSpecification\",\"valueRequired\":true,\"valueName\":\"search_term_string\"}}],\"inLanguage\":\"pt-BR\"},{\"@type\":\"Organization\",\"@id\":\"https:\/\/www.estrategiaconcursos.com.br\/blog\/#organization\",\"name\":\"Estrat\u00e9gia Concursos\",\"url\":\"https:\/\/www.estrategiaconcursos.com.br\/blog\/\",\"logo\":{\"@type\":\"ImageObject\",\"inLanguage\":\"pt-BR\",\"@id\":\"https:\/\/www.estrategiaconcursos.com.br\/blog\/#\/schema\/logo\/image\/\",\"url\":\"https:\/\/dhg1h5j42swfq.cloudfront.net\/2025\/06\/03203428\/logo_concursos-1.jpg\",\"contentUrl\":\"https:\/\/dhg1h5j42swfq.cloudfront.net\/2025\/06\/03203428\/logo_concursos-1.jpg\",\"width\":230,\"height\":60,\"caption\":\"Estrat\u00e9gia Concursos\"},\"image\":{\"@id\":\"https:\/\/www.estrategiaconcursos.com.br\/blog\/#\/schema\/logo\/image\/\"},\"sameAs\":[\"https:\/\/x.com\/EstratConcursos\"]},{\"@type\":\"Person\",\"@id\":\"https:\/\/www.estrategiaconcursos.com.br\/blog\/#\/schema\/person\/e3882259fa157d54c44c21f4ee4e0e60\",\"name\":\"B\u00e1rbara Carvalho Santos\",\"image\":{\"@type\":\"ImageObject\",\"inLanguage\":\"pt-BR\",\"@id\":\"https:\/\/secure.gravatar.com\/avatar\/353300f73140f779692b9be2b39f434d1341e4e34c7f55bd5a990fe29ef352eb?s=96&d=mm&r=g\",\"url\":\"https:\/\/secure.gravatar.com\/avatar\/353300f73140f779692b9be2b39f434d1341e4e34c7f55bd5a990fe29ef352eb?s=96&d=mm&r=g\",\"contentUrl\":\"https:\/\/secure.gravatar.com\/avatar\/353300f73140f779692b9be2b39f434d1341e4e34c7f55bd5a990fe29ef352eb?s=96&d=mm&r=g\",\"caption\":\"B\u00e1rbara Carvalho Santos\"},\"description\":\"M\u00e3e e jornalista formada pela UNIP, possui ampla experi\u00eancia na cobertura de entretenimento em grandes ve\u00edculos, como o site da CNN, RedeTV! e Estrat\u00e9gia Educacional. Atuou tamb\u00e9m em ag\u00eancias de marketing, produtoras musicais e assessorias de imprensa, com foco especial no trabalho com personalidades p\u00fablicas. Atualmente, integra a equipe do Estrat\u00e9gia Concursos, onde \u00e9 respons\u00e1vel pela produ\u00e7\u00e3o de conte\u00fados estrat\u00e9gicos voltados para o setor de concursos p\u00fablicos, com destaque para a \u00e1rea fiscal, gest\u00e3o, controle, concursos administrativos e Minist\u00e9rios participantes do CNU, al\u00e9m de diversos \u00f3rg\u00e3os federais. Tem como miss\u00e3o transformar informa\u00e7\u00f5es complexas em conte\u00fados acess\u00edveis, relevantes e de alto valor para quem sonha com uma carreira no servi\u00e7o p\u00fablico.\",\"url\":\"https:\/\/www.estrategiaconcursos.com.br\/blog\/author\/barbara-santos\/\"}]}<\/script>\n<!-- \/ Yoast SEO Premium plugin. -->","yoast_head_json":{"title":"Concurso AEB: nomea\u00e7\u00f5es s\u00e3o publicadas; confira!","description":"Concurso AEB: publicada a nomea\u00e7\u00e3o de 30 aprovados nos cargos de Analista em Ci\u00eancia e Tecnologia e Tecnologista. Saiba mais!","robots":{"index":"index","follow":"follow","max-snippet":"max-snippet:-1","max-image-preview":"max-image-preview:large","max-video-preview":"max-video-preview:-1"},"canonical":"https:\/\/www.estrategiaconcursos.com.br\/blog\/concurso-aeb\/","og_locale":"pt_BR","og_type":"article","og_title":"Concurso AEB: nomea\u00e7\u00f5es s\u00e3o publicadas; confira!","og_description":"Concurso AEB: publicada a nomea\u00e7\u00e3o de 30 aprovados nos cargos de Analista em Ci\u00eancia e Tecnologia e Tecnologista. Saiba mais!","og_url":"https:\/\/www.estrategiaconcursos.com.br\/blog\/concurso-aeb\/","og_site_name":"Estrat\u00e9gia Concursos","article_published_time":"2025-11-03T08:55:00+00:00","article_modified_time":"2026-01-12T19:56:14+00:00","og_image":[{"width":768,"height":432,"url":"https:\/\/dhg1h5j42swfq.cloudfront.net\/2024\/08\/08090910\/aeb.jpg","type":"image\/jpeg"}],"author":"B\u00e1rbara Carvalho Santos","twitter_card":"summary_large_image","twitter_creator":"@EstratConcursos","twitter_site":"@EstratConcursos","twitter_misc":{"Escrito por":"B\u00e1rbara Carvalho Santos","Est. tempo de leitura":"7 minutos"},"schema":{"@context":"https:\/\/schema.org","@graph":[{"@type":"NewsArticle","@id":"https:\/\/www.estrategiaconcursos.com.br\/blog\/concurso-aeb\/#article","isPartOf":{"@id":"https:\/\/www.estrategiaconcursos.com.br\/blog\/concurso-aeb\/"},"author":{"name":"B\u00e1rbara Carvalho Santos","@id":"https:\/\/www.estrategiaconcursos.com.br\/blog\/#\/schema\/person\/e3882259fa157d54c44c21f4ee4e0e60"},"headline":"Concurso AEB: nomea\u00e7\u00f5es s\u00e3o publicadas; confira!","datePublished":"2025-11-03T08:55:00+00:00","dateModified":"2026-01-12T19:56:14+00:00","mainEntityOfPage":{"@id":"https:\/\/www.estrategiaconcursos.com.br\/blog\/concurso-aeb\/"},"wordCount":1366,"commentCount":0,"publisher":{"@id":"https:\/\/www.estrategiaconcursos.com.br\/blog\/#organization"},"image":{"@id":"https:\/\/www.estrategiaconcursos.com.br\/blog\/concurso-aeb\/#primaryimage"},"thumbnailUrl":"https:\/\/dhg1h5j42swfq.cloudfront.net\/2024\/08\/08090910\/aeb.jpg","articleSection":["Executivo (Administrativa)"],"inLanguage":"pt-BR","potentialAction":[{"@type":"CommentAction","name":"Comment","target":["https:\/\/www.estrategiaconcursos.com.br\/blog\/concurso-aeb\/#respond"]}],"copyrightYear":"2025","copyrightHolder":{"@id":"https:\/\/www.estrategiaconcursos.com.br\/blog\/#organization"}},{"@type":"WebPage","@id":"https:\/\/www.estrategiaconcursos.com.br\/blog\/concurso-aeb\/","url":"https:\/\/www.estrategiaconcursos.com.br\/blog\/concurso-aeb\/","name":"Concurso AEB: nomea\u00e7\u00f5es s\u00e3o publicadas; confira!","isPartOf":{"@id":"https:\/\/www.estrategiaconcursos.com.br\/blog\/#website"},"primaryImageOfPage":{"@id":"https:\/\/www.estrategiaconcursos.com.br\/blog\/concurso-aeb\/#primaryimage"},"image":{"@id":"https:\/\/www.estrategiaconcursos.com.br\/blog\/concurso-aeb\/#primaryimage"},"thumbnailUrl":"https:\/\/dhg1h5j42swfq.cloudfront.net\/2024\/08\/08090910\/aeb.jpg","datePublished":"2025-11-03T08:55:00+00:00","dateModified":"2026-01-12T19:56:14+00:00","description":"Concurso AEB: publicada a nomea\u00e7\u00e3o de 30 aprovados nos cargos de Analista em Ci\u00eancia e Tecnologia e Tecnologista. Saiba mais!","breadcrumb":{"@id":"https:\/\/www.estrategiaconcursos.com.br\/blog\/concurso-aeb\/#breadcrumb"},"inLanguage":"pt-BR","potentialAction":[{"@type":"ReadAction","target":["https:\/\/www.estrategiaconcursos.com.br\/blog\/concurso-aeb\/"]}]},{"@type":"ImageObject","inLanguage":"pt-BR","@id":"https:\/\/www.estrategiaconcursos.com.br\/blog\/concurso-aeb\/#primaryimage","url":"https:\/\/dhg1h5j42swfq.cloudfront.net\/2024\/08\/08090910\/aeb.jpg","contentUrl":"https:\/\/dhg1h5j42swfq.cloudfront.net\/2024\/08\/08090910\/aeb.jpg","width":768,"height":432,"caption":"Inscri\u00e7\u00f5es do concurso AEB terminam hoje (19) \u00e0s 18h!"},{"@type":"BreadcrumbList","@id":"https:\/\/www.estrategiaconcursos.com.br\/blog\/concurso-aeb\/#breadcrumb","itemListElement":[{"@type":"ListItem","position":1,"name":"In\u00edcio","item":"https:\/\/www.estrategiaconcursos.com.br\/blog\/"},{"@type":"ListItem","position":2,"name":"Concurso AEB: nomea\u00e7\u00f5es s\u00e3o publicadas; confira!"}]},{"@type":"WebSite","@id":"https:\/\/www.estrategiaconcursos.com.br\/blog\/#website","url":"https:\/\/www.estrategiaconcursos.com.br\/blog\/","name":"Estrat\u00e9gia Concursos","description":"O blog da Estrat\u00e9gia Concursos traz not\u00edcias sobre concursos e artigos de professores oferecendo cursos para concursos (pdf + videaulas) no site.","publisher":{"@id":"https:\/\/www.estrategiaconcursos.com.br\/blog\/#organization"},"potentialAction":[{"@type":"SearchAction","target":{"@type":"EntryPoint","urlTemplate":"https:\/\/www.estrategiaconcursos.com.br\/blog\/?s={search_term_string}"},"query-input":{"@type":"PropertyValueSpecification","valueRequired":true,"valueName":"search_term_string"}}],"inLanguage":"pt-BR"},{"@type":"Organization","@id":"https:\/\/www.estrategiaconcursos.com.br\/blog\/#organization","name":"Estrat\u00e9gia Concursos","url":"https:\/\/www.estrategiaconcursos.com.br\/blog\/","logo":{"@type":"ImageObject","inLanguage":"pt-BR","@id":"https:\/\/www.estrategiaconcursos.com.br\/blog\/#\/schema\/logo\/image\/","url":"https:\/\/dhg1h5j42swfq.cloudfront.net\/2025\/06\/03203428\/logo_concursos-1.jpg","contentUrl":"https:\/\/dhg1h5j42swfq.cloudfront.net\/2025\/06\/03203428\/logo_concursos-1.jpg","width":230,"height":60,"caption":"Estrat\u00e9gia Concursos"},"image":{"@id":"https:\/\/www.estrategiaconcursos.com.br\/blog\/#\/schema\/logo\/image\/"},"sameAs":["https:\/\/x.com\/EstratConcursos"]},{"@type":"Person","@id":"https:\/\/www.estrategiaconcursos.com.br\/blog\/#\/schema\/person\/e3882259fa157d54c44c21f4ee4e0e60","name":"B\u00e1rbara Carvalho Santos","image":{"@type":"ImageObject","inLanguage":"pt-BR","@id":"https:\/\/secure.gravatar.com\/avatar\/353300f73140f779692b9be2b39f434d1341e4e34c7f55bd5a990fe29ef352eb?s=96&d=mm&r=g","url":"https:\/\/secure.gravatar.com\/avatar\/353300f73140f779692b9be2b39f434d1341e4e34c7f55bd5a990fe29ef352eb?s=96&d=mm&r=g","contentUrl":"https:\/\/secure.gravatar.com\/avatar\/353300f73140f779692b9be2b39f434d1341e4e34c7f55bd5a990fe29ef352eb?s=96&d=mm&r=g","caption":"B\u00e1rbara Carvalho Santos"},"description":"M\u00e3e e jornalista formada pela UNIP, possui ampla experi\u00eancia na cobertura de entretenimento em grandes ve\u00edculos, como o site da CNN, RedeTV! e Estrat\u00e9gia Educacional. Atuou tamb\u00e9m em ag\u00eancias de marketing, produtoras musicais e assessorias de imprensa, com foco especial no trabalho com personalidades p\u00fablicas. Atualmente, integra a equipe do Estrat\u00e9gia Concursos, onde \u00e9 respons\u00e1vel pela produ\u00e7\u00e3o de conte\u00fados estrat\u00e9gicos voltados para o setor de concursos p\u00fablicos, com destaque para a \u00e1rea fiscal, gest\u00e3o, controle, concursos administrativos e Minist\u00e9rios participantes do CNU, al\u00e9m de diversos \u00f3rg\u00e3os federais. Tem como miss\u00e3o transformar informa\u00e7\u00f5es complexas em conte\u00fados acess\u00edveis, relevantes e de alto valor para quem sonha com uma carreira no servi\u00e7o p\u00fablico.","url":"https:\/\/www.estrategiaconcursos.com.br\/blog\/author\/barbara-santos\/"}]}},"_links":{"self":[{"href":"https:\/\/www.estrategiaconcursos.com.br\/blog\/wp-json\/wp\/v2\/posts\/1441762","targetHints":{"allow":["GET"]}}],"collection":[{"href":"https:\/\/www.estrategiaconcursos.com.br\/blog\/wp-json\/wp\/v2\/posts"}],"about":[{"href":"https:\/\/www.estrategiaconcursos.com.br\/blog\/wp-json\/wp\/v2\/types\/post"}],"author":[{"embeddable":true,"href":"https:\/\/www.estrategiaconcursos.com.br\/blog\/wp-json\/wp\/v2\/users\/2018"}],"replies":[{"embeddable":true,"href":"https:\/\/www.estrategiaconcursos.com.br\/blog\/wp-json\/wp\/v2\/comments?post=1441762"}],"version-history":[{"count":80,"href":"https:\/\/www.estrategiaconcursos.com.br\/blog\/wp-json\/wp\/v2\/posts\/1441762\/revisions"}],"predecessor-version":[{"id":1698050,"href":"https:\/\/www.estrategiaconcursos.com.br\/blog\/wp-json\/wp\/v2\/posts\/1441762\/revisions\/1698050"}],"wp:featuredmedia":[{"embeddable":true,"href":"https:\/\/www.estrategiaconcursos.com.br\/blog\/wp-json\/wp\/v2\/media\/1441832"}],"wp:attachment":[{"href":"https:\/\/www.estrategiaconcursos.com.br\/blog\/wp-json\/wp\/v2\/media?parent=1441762"}],"wp:term":[{"taxonomy":"category","embeddable":true,"href":"https:\/\/www.estrategiaconcursos.com.br\/blog\/wp-json\/wp\/v2\/categories?post=1441762"},{"taxonomy":"post_tag","embeddable":true,"href":"https:\/\/www.estrategiaconcursos.com.br\/blog\/wp-json\/wp\/v2\/tags?post=1441762"},{"taxonomy":"tax_estado","embeddable":true,"href":"https:\/\/www.estrategiaconcursos.com.br\/blog\/wp-json\/wp\/v2\/tax_estado?post=1441762"}],"curies":[{"name":"wp","href":"https:\/\/api.w.org\/{rel}","templated":true}]}}