{"id":1437262,"date":"2024-08-17T08:52:00","date_gmt":"2024-08-17T11:52:00","guid":{"rendered":"https:\/\/www.estrategiaconcursos.com.br\/blog\/?p=1437262"},"modified":"2024-08-02T23:58:18","modified_gmt":"2024-08-03T02:58:18","slug":"requisitos-analista-tecnico-politicas-sociais","status":"publish","type":"post","link":"https:\/\/www.estrategiaconcursos.com.br\/blog\/requisitos-analista-tecnico-politicas-sociais\/","title":{"rendered":"Quais os requisitos para Analista T\u00e9cnico de Pol\u00edticas Sociais?"},"content":{"rendered":"\n<p>Vamos aprender quais os requisitos para Analista T\u00e9cnico de Pol\u00edticas Sociais?<\/p>\n\n\n\n<p>Ol\u00e1 pessoal, tudo bem?<\/p>\n\n\n\n<p>A princ\u00edpio, precisamos entender que a forma como o governo e algumas institui\u00e7\u00f5es agem para resolver os problemas p\u00fablicos s\u00e3o as pol\u00edticas p\u00fablicas. Elas podem ser percebidas de diversas formas e por diversos meios, por exemplo, como s\u00e3o estruturados alguns \u00f3rg\u00e3os ou mesmo como a solu\u00e7\u00e3o final desses problemas.<\/p>\n\n\n\n<p>As pol\u00edticas sociais s\u00e3o pol\u00edticas p\u00fablicas que visam fornecer bens e servi\u00e7os b\u00e1sicos \u00e0 popula\u00e7\u00e3o, por exemplo, sa\u00fade, educa\u00e7\u00e3o, trabalho, moradia, alimenta\u00e7\u00e3o e etc. Nesse contexto, surge um profissional que analisa, pesquisa e elabora estrat\u00e9gias para o bem-estar social, trabalhando em \u00f3rg\u00e3os governamentais, ONGs ou consultorias: o Analista T\u00e9cnico de Pol\u00edticas Sociais.<\/p>\n\n\n\n<p>Aqui vamos focar nesse profissional como atuante em cargo p\u00fablico. Ent\u00e3o vamos conversar um pouco sobre a carreira do Analista T\u00e9cnico de Pol\u00edticas Sociais (ATPS).<\/p>\n\n\n\n<h2 class=\"wp-block-heading\" id=\"h-requisitos-para-analista-tecnico-de-politicas-sociais\">Requisitos para Analista T\u00e9cnico de Pol\u00edticas Sociais<\/h2>\n\n\n\n<p>Antes de mais nada, precisamos ter em vista que esse cargo pode estar presente em qualquer \u00f3rg\u00e3o que trabalhe com pol\u00edticas sociais. Isso significa dizer que pode integrar \u00f3rg\u00e3os diversos de qualquer unidade federativa no pa\u00eds ligados a essas atividades<\/p>\n\n\n\n<p>Parar manter um fluxo de informa\u00e7\u00f5es mais direcionado, daremos \u00eanfase ao cargo p\u00fablico federal, mas vale uma pesquisa mais direcionada caso sua pretens\u00e3o seja algum outro espec\u00edfico.<\/p>\n\n\n\n<p>No \u00e2mbito federal, a <a href=\"https:\/\/www.planalto.gov.br\/ccivil_03\/_ato2007-2010\/2009\/lei\/l12094.htm\">lei 12.094\/2009<\/a> criou o cargo de Analista T\u00e9cnico de Pol\u00edticas Sociais junto ao Minist\u00e9rio da Gest\u00e3o e da Inova\u00e7\u00e3o em Servi\u00e7os P\u00fablicos (MGI) com exerc\u00edcio descentralizado em \u00f3rg\u00e3os da Administra\u00e7\u00e3o P\u00fablica federal direta com compet\u00eancias relativas \u00e0s pol\u00edticas sociais.<\/p>\n\n\n\n<figure class=\"wp-block-image aligncenter size-full is-resized\"><img loading=\"lazy\" decoding=\"async\" width=\"800\" height=\"450\" src=\"https:\/\/dhg1h5j42swfq.cloudfront.net\/2024\/05\/22101826\/pss-mgi.jpg\" alt=\"Requisitos Analista T\u00e9cnico de Pol\u00edticas Sociais no MGI\" class=\"wp-image-1402709\" style=\"width:538px;height:auto\" srcset=\"https:\/\/dhg1h5j42swfq.cloudfront.net\/2024\/05\/22101826\/pss-mgi.jpg 800w, https:\/\/dhg1h5j42swfq.cloudfront.net\/2024\/05\/22101826\/pss-mgi-300x169.jpg 300w, https:\/\/dhg1h5j42swfq.cloudfront.net\/2024\/05\/22101826\/pss-mgi-768x432.jpg 768w, https:\/\/dhg1h5j42swfq.cloudfront.net\/2024\/05\/22101826\/pss-mgi-610x343.jpg 610w, https:\/\/dhg1h5j42swfq.cloudfront.net\/2024\/05\/22101826\/pss-mgi-150x84.jpg 150w\" sizes=\"auto, (max-width: 800px) 100vw, 800px\" \/><figcaption class=\"wp-element-caption\">O ATPS no MGI atua de forma descentralizada em v\u00e1rios outros \u00f3rg\u00e3o ligados a pol\u00edticas sociais.<\/figcaption><\/figure>\n\n\n\n<p>Como requisitos para os cargos p\u00fablicos federais temos:<\/p>\n\n\n\n<p>I&nbsp;&#8211;&nbsp;a nacionalidade brasileira;<\/p>\n\n\n\n<p><a><\/a> II&nbsp;&#8211;&nbsp;o gozo dos direitos pol\u00edticos;<\/p>\n\n\n\n<p><a><\/a> III&nbsp;&#8211;&nbsp;a quita\u00e7\u00e3o com as obriga\u00e7\u00f5es militares (se do sexo masculino) e eleitorais;<\/p>\n\n\n\n<p><a><\/a> &nbsp;IV&nbsp;&#8211;&nbsp;o n\u00edvel de escolaridade exigido para o exerc\u00edcio do cargo que, para o cargo em quest\u00e3o, \u00e9 de gradua\u00e7\u00e3o em qualquer \u00e1rea do conhecimento reconhecida pelo Minist\u00e9rio da Educa\u00e7\u00e3o (MEC);<\/p>\n\n\n\n<p><a><\/a> V&nbsp;&#8211;&nbsp;a idade m\u00ednima de dezoito anos;<\/p>\n\n\n\n<p><a><\/a> VI&nbsp;&#8211;&nbsp;aptid\u00e3o f\u00edsica e mental;<\/p>\n\n\n\n<p>VII &#8211; n\u00e3o ter sido condenado em processo administrativo disciplinar, penal ou civil que o impe\u00e7a de ocupar cargos p\u00fablicos;<\/p>\n\n\n\n<p>VIII \u2013 aprova\u00e7\u00e3o no concurso p\u00fablico.<\/p>\n\n\n\n<p>Ainda de acordo com a referida lei, pode ser exigida habilita\u00e7\u00e3o espec\u00edfica, conforme as atribui\u00e7\u00f5es do cargo em cada \u00e1rea de especializa\u00e7\u00e3o, uma vez que \u00e9 um cargo de atribui\u00e7\u00f5es muito abrangentes. Isto \u00e9, podem ser exigidos outros requisitos para Analista T\u00e9cnico de Pol\u00edticas Sociais, embora o \u00faltimo edital n\u00e3o tenha exigido.<\/p>\n\n\n\n<h2 class=\"wp-block-heading\" id=\"h-atribuicoes-do-analista-tecnico-de-politicas-sociais\">Atribui\u00e7\u00f5es do Analista T\u00e9cnico de Pol\u00edticas Sociais<\/h2>\n\n\n\n<p>Pol\u00edticas sociais abrangem diversas \u00e1reas de atua\u00e7\u00e3o dos \u00f3rg\u00e3os p\u00fablicos, muitas vezes com conex\u00f5es sens\u00edveis entre elas. Isso faz com que esses profissionais possuam atribui\u00e7\u00f5es muito diversificadas a depender da \u00e1rea que atuam.<\/p>\n\n\n\n<p>Assim, o Analista T\u00e9cnico de Pol\u00edticas Sociais dedica tempo \u00e0 an\u00e1lise detalhada de pol\u00edticas existentes, legisla\u00e7\u00f5es e regulamenta\u00e7\u00f5es relacionadas a quest\u00f5es sociais espec\u00edficas de m\u00faltiplas \u00e1reas, como educa\u00e7\u00e3o,\u00a0sa\u00fade, habita\u00e7\u00e3o e\u00a0assist\u00eancia social. Considerando essas caracter\u00edsticas, a atua\u00e7\u00e3o do ATPS pode envolver v\u00e1rias atividades.<\/p>\n\n\n\n<h3 class=\"wp-block-heading\" id=\"h-principais-atividades\">Principais atividades:<\/h3>\n\n\n\n<ul class=\"wp-block-list\">\n<li>executar atividades de assist\u00eancia t\u00e9cnica em projetos e programas nas \u00e1reas de sa\u00fade, previd\u00eancia, emprego e renda, seguran\u00e7a p\u00fablica, desenvolvimento urbano, seguran\u00e7a alimentar, assist\u00eancia social, educa\u00e7\u00e3o, cultura, cidadania, direitos humanos e prote\u00e7\u00e3o \u00e0 inf\u00e2ncia, \u00e0 juventude, ao portador de necessidades especiais, ao idoso e ao ind\u00edgena, que n\u00e3o privativas de outras carreiras ou cargos isolados, no \u00e2mbito do Poder Executivo;<\/li>\n\n\n\n<li>identificar situa\u00e7\u00f5es em desacordo com os padr\u00f5es estabelecidos em normas e legisla\u00e7\u00e3o espec\u00edfica de aten\u00e7\u00e3o \u00e0s \u00e1reas relacionadas anteriormente, quando n\u00e3o privativas de outras carreiras ou cargos isolados, no \u00e2mbito do Poder Executivo, proporcionando a\u00e7\u00f5es orientadoras e corretivas, promovendo a melhoria dos processos e redu\u00e7\u00e3o dos custos;<\/li>\n\n\n\n<li>aferir os resultados da assist\u00eancia \u00e0s \u00e1reas citadas anteriormente, considerando os planos e objetivos definidos no SUS, no SUAS e demais pol\u00edticas sociais;<\/li>\n\n\n\n<li>verificar, acompanhar e supervisionar os processos inerentes ao Sistema \u00danico de Sa\u00fade (SUS), ao Sistema \u00danico de Assist\u00eancia Social (SUAS) e aos demais programas sociais do governo federal objeto de execu\u00e7\u00e3o descentralizada;<\/li>\n\n\n\n<li>proceder \u00e0 an\u00e1lise e avalia\u00e7\u00e3o dos dados obtidos, gerando informa\u00e7\u00f5es para que o planejamento e o aperfei\u00e7oamento das a\u00e7\u00f5es e pol\u00edticas sociais funcionem como o previsto;<\/li>\n\n\n\n<li>apoiar e subsidiar as atividades de controle e de auditoria;<\/li>\n\n\n\n<li>colaborar na defini\u00e7\u00e3o de estrat\u00e9gias de execu\u00e7\u00e3o das atividades de controle e avalia\u00e7\u00e3o, sob o aspecto da melhoria cont\u00ednua e aperfei\u00e7oamento das pol\u00edticas sociais;<\/li>\n\n\n\n<li>elaborar documentos t\u00e9cnicos e relat\u00f3rios sobre a situa\u00e7\u00e3o social e a efic\u00e1cia das pol\u00edticas implementadas;<\/li>\n\n\n\n<li>trabalhar juntamente com outros \u00f3rg\u00e3os governamentais, organiza\u00e7\u00f5es da sociedade civil e internacionais;<\/li>\n\n\n\n<li>coordenar e gerir projetos e programas sociais, acompanhando de sua execu\u00e7\u00e3o e avaliando os resultados;<\/li>\n\n\n\n<li>analisar e elaborar estudos de dados sociais e econ\u00f4micos, avalia\u00e7\u00e3o de impacto de pol\u00edticas p\u00fablicas, proposi\u00e7\u00e3o de novas pol\u00edticas ou melhorias;<\/li>\n\n\n\n<li>entre outras.<\/li>\n<\/ul>\n\n\n\n<h2 class=\"wp-block-heading\" id=\"h-consideracoes-finais\">Considera\u00e7\u00f5es finais<\/h2>\n\n\n\n<p>Enfim, os Analistas T\u00e9cnicos de Pol\u00edticas Sociais atuam na formula\u00e7\u00e3o, execu\u00e7\u00e3o, monitoramento e avalia\u00e7\u00e3o de pol\u00edticas p\u00fablicas nas \u00e1reas sociais. Ent\u00e3o essa carreira \u00e9 fundamental para o desenvolvimento dessas pol\u00edticas de forma eficaz e para a melhoria das condi\u00e7\u00f5es de vida da popula\u00e7\u00e3o, especialmente dos mais vulner\u00e1veis.<\/p>\n\n\n\n<p>Por isso, se voc\u00ea tem afinidades com essa \u00e1rea, busque mais informa\u00e7\u00f5es em editais e legisla\u00e7\u00e3o espec\u00edfica e bons estudos !!!\u2026<\/p>\n\n\n\n<p><\/p>\n\n\n\n<h2 class=\"wp-block-heading has-text-align-center\" id=\"cursos-assinatura\">Cursos e Assinaturas<\/h2>\n\n\n\n<p>Prepare-se com o melhor material e com quem mais aprova em Concursos P\u00fablicos em todo o pa\u00eds!<\/p>\n\n\n\n<p class=\"has-text-align-center has-vivid-cyan-blue-color has-text-color has-background\" style=\"background-color:#0078bd\"><a href=\"https:\/\/www.estrategiaconcursos.com.br\/blog\/concursos-abertos\/\" target=\"_blank\" rel=\"noreferrer noopener\"><strong><mark style=\"background-color:rgba(0, 0, 0, 0)\" class=\"has-inline-color has-white-color\">Concursos Abertos<\/mark><\/strong><\/a><\/p>\n\n\n\n<p class=\"has-text-align-center has-vivid-cyan-blue-color has-text-color has-background\" style=\"background-color:#0078bd\"><a href=\"https:\/\/www.estrategiaconcursos.com.br\/blog\/concursos-2024\/\" target=\"_blank\" rel=\"noreferrer noopener\"><strong><mark style=\"background-color:rgba(0, 0, 0, 0)\" class=\"has-inline-color has-white-color\">Concursos 2024<\/mark><\/strong><\/a><\/p>\n","protected":false},"excerpt":{"rendered":"<p>Vamos aprender quais os requisitos para Analista T\u00e9cnico de Pol\u00edticas Sociais? Ol\u00e1 pessoal, tudo bem? A princ\u00edpio, precisamos entender que a forma como o governo e algumas institui\u00e7\u00f5es agem para resolver os problemas p\u00fablicos s\u00e3o as pol\u00edticas p\u00fablicas. Elas podem ser percebidas de diversas formas e por diversos meios, por exemplo, como s\u00e3o estruturados alguns [&hellip;]<\/p>\n","protected":false},"author":2953,"featured_media":1279420,"comment_status":"open","ping_status":"closed","sticky":false,"template":"","format":"standard","meta":{"post_tipo":"article","footnotes":""},"categories":[1],"tags":[],"tax_estado":[219963],"class_list":["post-1437262","post","type-post","status-publish","format-standard","has-post-thumbnail","hentry","category-cursos-e-concursos","tax_estado-concursos-federais"],"acf":[],"yoast_head":"<!-- This site is optimized with the Yoast SEO Premium plugin v27.2 (Yoast SEO v27.2) - https:\/\/yoast.com\/product\/yoast-seo-premium-wordpress\/ -->\n<title>Quais os requisitos para Analista T\u00e9cnico de Pol\u00edticas Sociais?<\/title>\n<meta name=\"description\" content=\"Conhe\u00e7a os principais requisitos para a carreira de Analista T\u00e9cnico de Pol\u00edticas Sociais, suas atribui\u00e7\u00f5es e \u00e1reas de atua\u00e7\u00e3o\" \/>\n<meta name=\"robots\" content=\"index, follow, max-snippet:-1, max-image-preview:large, max-video-preview:-1\" \/>\n<link rel=\"canonical\" href=\"https:\/\/www.estrategiaconcursos.com.br\/blog\/requisitos-analista-tecnico-politicas-sociais\/\" \/>\n<meta property=\"og:locale\" content=\"pt_BR\" \/>\n<meta property=\"og:type\" content=\"article\" \/>\n<meta property=\"og:title\" content=\"Quais os requisitos para Analista T\u00e9cnico de Pol\u00edticas Sociais?\" \/>\n<meta property=\"og:description\" content=\"Conhe\u00e7a os principais requisitos para a carreira de Analista T\u00e9cnico de Pol\u00edticas Sociais, suas atribui\u00e7\u00f5es e \u00e1reas de atua\u00e7\u00e3o\" \/>\n<meta property=\"og:url\" content=\"https:\/\/www.estrategiaconcursos.com.br\/blog\/requisitos-analista-tecnico-politicas-sociais\/\" \/>\n<meta property=\"og:site_name\" content=\"Estrat\u00e9gia Concursos\" \/>\n<meta property=\"article:published_time\" content=\"2024-08-17T11:52:00+00:00\" \/>\n<meta property=\"og:image\" content=\"https:\/\/dhg1h5j42swfq.cloudfront.net\/2023\/09\/19083809\/atps-analista-tecnico-de-politicas-sociais.jpg\" \/>\n\t<meta property=\"og:image:width\" content=\"768\" \/>\n\t<meta property=\"og:image:height\" content=\"432\" \/>\n\t<meta property=\"og:image:type\" content=\"image\/jpeg\" \/>\n<meta name=\"author\" content=\"Thiago da Silva Oliveira\" \/>\n<meta name=\"twitter:card\" content=\"summary_large_image\" \/>\n<meta name=\"twitter:creator\" content=\"@EstratConcursos\" \/>\n<meta name=\"twitter:site\" content=\"@EstratConcursos\" \/>\n<meta name=\"twitter:label1\" content=\"Escrito por\" \/>\n\t<meta name=\"twitter:data1\" content=\"Thiago da Silva Oliveira\" \/>\n\t<meta name=\"twitter:label2\" content=\"Est. tempo de leitura\" \/>\n\t<meta name=\"twitter:data2\" content=\"5 minutos\" \/>\n<script type=\"application\/ld+json\" class=\"yoast-schema-graph\">{\"@context\":\"https:\/\/schema.org\",\"@graph\":[{\"@type\":\"NewsArticle\",\"@id\":\"https:\/\/www.estrategiaconcursos.com.br\/blog\/requisitos-analista-tecnico-politicas-sociais\/#article\",\"isPartOf\":{\"@id\":\"https:\/\/www.estrategiaconcursos.com.br\/blog\/requisitos-analista-tecnico-politicas-sociais\/\"},\"author\":{\"name\":\"Thiago da Silva Oliveira\",\"@id\":\"https:\/\/www.estrategiaconcursos.com.br\/blog\/#\/schema\/person\/a9b5b50fd12cfd5ab3e3e1f81a2c0e52\"},\"headline\":\"Quais os requisitos para Analista T\u00e9cnico de Pol\u00edticas Sociais?\",\"datePublished\":\"2024-08-17T11:52:00+00:00\",\"mainEntityOfPage\":{\"@id\":\"https:\/\/www.estrategiaconcursos.com.br\/blog\/requisitos-analista-tecnico-politicas-sociais\/\"},\"wordCount\":1088,\"commentCount\":0,\"publisher\":{\"@id\":\"https:\/\/www.estrategiaconcursos.com.br\/blog\/#organization\"},\"image\":{\"@id\":\"https:\/\/www.estrategiaconcursos.com.br\/blog\/requisitos-analista-tecnico-politicas-sociais\/#primaryimage\"},\"thumbnailUrl\":\"https:\/\/dhg1h5j42swfq.cloudfront.net\/2023\/09\/19083809\/atps-analista-tecnico-de-politicas-sociais.jpg\",\"articleSection\":[\"Concursos P\u00fablicos\"],\"inLanguage\":\"pt-BR\",\"potentialAction\":[{\"@type\":\"CommentAction\",\"name\":\"Comment\",\"target\":[\"https:\/\/www.estrategiaconcursos.com.br\/blog\/requisitos-analista-tecnico-politicas-sociais\/#respond\"]}],\"copyrightYear\":\"2024\",\"copyrightHolder\":{\"@id\":\"https:\/\/www.estrategiaconcursos.com.br\/blog\/#organization\"}},{\"@type\":\"WebPage\",\"@id\":\"https:\/\/www.estrategiaconcursos.com.br\/blog\/requisitos-analista-tecnico-politicas-sociais\/\",\"url\":\"https:\/\/www.estrategiaconcursos.com.br\/blog\/requisitos-analista-tecnico-politicas-sociais\/\",\"name\":\"Quais os requisitos para Analista T\u00e9cnico de Pol\u00edticas Sociais?\",\"isPartOf\":{\"@id\":\"https:\/\/www.estrategiaconcursos.com.br\/blog\/#website\"},\"primaryImageOfPage\":{\"@id\":\"https:\/\/www.estrategiaconcursos.com.br\/blog\/requisitos-analista-tecnico-politicas-sociais\/#primaryimage\"},\"image\":{\"@id\":\"https:\/\/www.estrategiaconcursos.com.br\/blog\/requisitos-analista-tecnico-politicas-sociais\/#primaryimage\"},\"thumbnailUrl\":\"https:\/\/dhg1h5j42swfq.cloudfront.net\/2023\/09\/19083809\/atps-analista-tecnico-de-politicas-sociais.jpg\",\"datePublished\":\"2024-08-17T11:52:00+00:00\",\"description\":\"Conhe\u00e7a os principais requisitos para a carreira de Analista T\u00e9cnico de Pol\u00edticas Sociais, suas atribui\u00e7\u00f5es e \u00e1reas de atua\u00e7\u00e3o\",\"breadcrumb\":{\"@id\":\"https:\/\/www.estrategiaconcursos.com.br\/blog\/requisitos-analista-tecnico-politicas-sociais\/#breadcrumb\"},\"inLanguage\":\"pt-BR\",\"potentialAction\":[{\"@type\":\"ReadAction\",\"target\":[\"https:\/\/www.estrategiaconcursos.com.br\/blog\/requisitos-analista-tecnico-politicas-sociais\/\"]}]},{\"@type\":\"ImageObject\",\"inLanguage\":\"pt-BR\",\"@id\":\"https:\/\/www.estrategiaconcursos.com.br\/blog\/requisitos-analista-tecnico-politicas-sociais\/#primaryimage\",\"url\":\"https:\/\/dhg1h5j42swfq.cloudfront.net\/2023\/09\/19083809\/atps-analista-tecnico-de-politicas-sociais.jpg\",\"contentUrl\":\"https:\/\/dhg1h5j42swfq.cloudfront.net\/2023\/09\/19083809\/atps-analista-tecnico-de-politicas-sociais.jpg\",\"width\":768,\"height\":432,\"caption\":\"Ap\u00f3s acordo firmado, carreira de ATPS ser\u00e1 reestruturada\"},{\"@type\":\"BreadcrumbList\",\"@id\":\"https:\/\/www.estrategiaconcursos.com.br\/blog\/requisitos-analista-tecnico-politicas-sociais\/#breadcrumb\",\"itemListElement\":[{\"@type\":\"ListItem\",\"position\":1,\"name\":\"In\u00edcio\",\"item\":\"https:\/\/www.estrategiaconcursos.com.br\/blog\/\"},{\"@type\":\"ListItem\",\"position\":2,\"name\":\"Quais os requisitos para Analista T\u00e9cnico de Pol\u00edticas Sociais?\"}]},{\"@type\":\"WebSite\",\"@id\":\"https:\/\/www.estrategiaconcursos.com.br\/blog\/#website\",\"url\":\"https:\/\/www.estrategiaconcursos.com.br\/blog\/\",\"name\":\"Estrat\u00e9gia Concursos\",\"description\":\"O blog da Estrat\u00e9gia Concursos traz not\u00edcias sobre concursos e artigos de professores oferecendo cursos para concursos (pdf + videaulas) no site.\",\"publisher\":{\"@id\":\"https:\/\/www.estrategiaconcursos.com.br\/blog\/#organization\"},\"potentialAction\":[{\"@type\":\"SearchAction\",\"target\":{\"@type\":\"EntryPoint\",\"urlTemplate\":\"https:\/\/www.estrategiaconcursos.com.br\/blog\/?s={search_term_string}\"},\"query-input\":{\"@type\":\"PropertyValueSpecification\",\"valueRequired\":true,\"valueName\":\"search_term_string\"}}],\"inLanguage\":\"pt-BR\"},{\"@type\":\"Organization\",\"@id\":\"https:\/\/www.estrategiaconcursos.com.br\/blog\/#organization\",\"name\":\"Estrat\u00e9gia Concursos\",\"url\":\"https:\/\/www.estrategiaconcursos.com.br\/blog\/\",\"logo\":{\"@type\":\"ImageObject\",\"inLanguage\":\"pt-BR\",\"@id\":\"https:\/\/www.estrategiaconcursos.com.br\/blog\/#\/schema\/logo\/image\/\",\"url\":\"https:\/\/dhg1h5j42swfq.cloudfront.net\/2025\/06\/03203428\/logo_concursos-1.jpg\",\"contentUrl\":\"https:\/\/dhg1h5j42swfq.cloudfront.net\/2025\/06\/03203428\/logo_concursos-1.jpg\",\"width\":230,\"height\":60,\"caption\":\"Estrat\u00e9gia Concursos\"},\"image\":{\"@id\":\"https:\/\/www.estrategiaconcursos.com.br\/blog\/#\/schema\/logo\/image\/\"},\"sameAs\":[\"https:\/\/x.com\/EstratConcursos\"]},{\"@type\":\"Person\",\"@id\":\"https:\/\/www.estrategiaconcursos.com.br\/blog\/#\/schema\/person\/a9b5b50fd12cfd5ab3e3e1f81a2c0e52\",\"name\":\"Thiago da Silva Oliveira\",\"image\":{\"@type\":\"ImageObject\",\"inLanguage\":\"pt-BR\",\"@id\":\"https:\/\/secure.gravatar.com\/avatar\/8c205103f160a168ce0b2be00cc532dcf15e657186621f142aa15651ddcbcdcb?s=96&d=mm&r=g\",\"url\":\"https:\/\/secure.gravatar.com\/avatar\/8c205103f160a168ce0b2be00cc532dcf15e657186621f142aa15651ddcbcdcb?s=96&d=mm&r=g\",\"contentUrl\":\"https:\/\/secure.gravatar.com\/avatar\/8c205103f160a168ce0b2be00cc532dcf15e657186621f142aa15651ddcbcdcb?s=96&d=mm&r=g\",\"caption\":\"Thiago da Silva Oliveira\"},\"url\":\"https:\/\/www.estrategiaconcursos.com.br\/blog\/author\/thgsoliveirayahoo-com-br\/\"}]}<\/script>\n<!-- \/ Yoast SEO Premium plugin. -->","yoast_head_json":{"title":"Quais os requisitos para Analista T\u00e9cnico de Pol\u00edticas Sociais?","description":"Conhe\u00e7a os principais requisitos para a carreira de Analista T\u00e9cnico de Pol\u00edticas Sociais, suas atribui\u00e7\u00f5es e \u00e1reas de atua\u00e7\u00e3o","robots":{"index":"index","follow":"follow","max-snippet":"max-snippet:-1","max-image-preview":"max-image-preview:large","max-video-preview":"max-video-preview:-1"},"canonical":"https:\/\/www.estrategiaconcursos.com.br\/blog\/requisitos-analista-tecnico-politicas-sociais\/","og_locale":"pt_BR","og_type":"article","og_title":"Quais os requisitos para Analista T\u00e9cnico de Pol\u00edticas Sociais?","og_description":"Conhe\u00e7a os principais requisitos para a carreira de Analista T\u00e9cnico de Pol\u00edticas Sociais, suas atribui\u00e7\u00f5es e \u00e1reas de atua\u00e7\u00e3o","og_url":"https:\/\/www.estrategiaconcursos.com.br\/blog\/requisitos-analista-tecnico-politicas-sociais\/","og_site_name":"Estrat\u00e9gia Concursos","article_published_time":"2024-08-17T11:52:00+00:00","og_image":[{"width":768,"height":432,"url":"https:\/\/dhg1h5j42swfq.cloudfront.net\/2023\/09\/19083809\/atps-analista-tecnico-de-politicas-sociais.jpg","type":"image\/jpeg"}],"author":"Thiago da Silva Oliveira","twitter_card":"summary_large_image","twitter_creator":"@EstratConcursos","twitter_site":"@EstratConcursos","twitter_misc":{"Escrito por":"Thiago da Silva Oliveira","Est. tempo de leitura":"5 minutos"},"schema":{"@context":"https:\/\/schema.org","@graph":[{"@type":"NewsArticle","@id":"https:\/\/www.estrategiaconcursos.com.br\/blog\/requisitos-analista-tecnico-politicas-sociais\/#article","isPartOf":{"@id":"https:\/\/www.estrategiaconcursos.com.br\/blog\/requisitos-analista-tecnico-politicas-sociais\/"},"author":{"name":"Thiago da Silva Oliveira","@id":"https:\/\/www.estrategiaconcursos.com.br\/blog\/#\/schema\/person\/a9b5b50fd12cfd5ab3e3e1f81a2c0e52"},"headline":"Quais os requisitos para Analista T\u00e9cnico de Pol\u00edticas Sociais?","datePublished":"2024-08-17T11:52:00+00:00","mainEntityOfPage":{"@id":"https:\/\/www.estrategiaconcursos.com.br\/blog\/requisitos-analista-tecnico-politicas-sociais\/"},"wordCount":1088,"commentCount":0,"publisher":{"@id":"https:\/\/www.estrategiaconcursos.com.br\/blog\/#organization"},"image":{"@id":"https:\/\/www.estrategiaconcursos.com.br\/blog\/requisitos-analista-tecnico-politicas-sociais\/#primaryimage"},"thumbnailUrl":"https:\/\/dhg1h5j42swfq.cloudfront.net\/2023\/09\/19083809\/atps-analista-tecnico-de-politicas-sociais.jpg","articleSection":["Concursos P\u00fablicos"],"inLanguage":"pt-BR","potentialAction":[{"@type":"CommentAction","name":"Comment","target":["https:\/\/www.estrategiaconcursos.com.br\/blog\/requisitos-analista-tecnico-politicas-sociais\/#respond"]}],"copyrightYear":"2024","copyrightHolder":{"@id":"https:\/\/www.estrategiaconcursos.com.br\/blog\/#organization"}},{"@type":"WebPage","@id":"https:\/\/www.estrategiaconcursos.com.br\/blog\/requisitos-analista-tecnico-politicas-sociais\/","url":"https:\/\/www.estrategiaconcursos.com.br\/blog\/requisitos-analista-tecnico-politicas-sociais\/","name":"Quais os requisitos para Analista T\u00e9cnico de Pol\u00edticas Sociais?","isPartOf":{"@id":"https:\/\/www.estrategiaconcursos.com.br\/blog\/#website"},"primaryImageOfPage":{"@id":"https:\/\/www.estrategiaconcursos.com.br\/blog\/requisitos-analista-tecnico-politicas-sociais\/#primaryimage"},"image":{"@id":"https:\/\/www.estrategiaconcursos.com.br\/blog\/requisitos-analista-tecnico-politicas-sociais\/#primaryimage"},"thumbnailUrl":"https:\/\/dhg1h5j42swfq.cloudfront.net\/2023\/09\/19083809\/atps-analista-tecnico-de-politicas-sociais.jpg","datePublished":"2024-08-17T11:52:00+00:00","description":"Conhe\u00e7a os principais requisitos para a carreira de Analista T\u00e9cnico de Pol\u00edticas Sociais, suas atribui\u00e7\u00f5es e \u00e1reas de atua\u00e7\u00e3o","breadcrumb":{"@id":"https:\/\/www.estrategiaconcursos.com.br\/blog\/requisitos-analista-tecnico-politicas-sociais\/#breadcrumb"},"inLanguage":"pt-BR","potentialAction":[{"@type":"ReadAction","target":["https:\/\/www.estrategiaconcursos.com.br\/blog\/requisitos-analista-tecnico-politicas-sociais\/"]}]},{"@type":"ImageObject","inLanguage":"pt-BR","@id":"https:\/\/www.estrategiaconcursos.com.br\/blog\/requisitos-analista-tecnico-politicas-sociais\/#primaryimage","url":"https:\/\/dhg1h5j42swfq.cloudfront.net\/2023\/09\/19083809\/atps-analista-tecnico-de-politicas-sociais.jpg","contentUrl":"https:\/\/dhg1h5j42swfq.cloudfront.net\/2023\/09\/19083809\/atps-analista-tecnico-de-politicas-sociais.jpg","width":768,"height":432,"caption":"Ap\u00f3s acordo firmado, carreira de ATPS ser\u00e1 reestruturada"},{"@type":"BreadcrumbList","@id":"https:\/\/www.estrategiaconcursos.com.br\/blog\/requisitos-analista-tecnico-politicas-sociais\/#breadcrumb","itemListElement":[{"@type":"ListItem","position":1,"name":"In\u00edcio","item":"https:\/\/www.estrategiaconcursos.com.br\/blog\/"},{"@type":"ListItem","position":2,"name":"Quais os requisitos para Analista T\u00e9cnico de Pol\u00edticas Sociais?"}]},{"@type":"WebSite","@id":"https:\/\/www.estrategiaconcursos.com.br\/blog\/#website","url":"https:\/\/www.estrategiaconcursos.com.br\/blog\/","name":"Estrat\u00e9gia Concursos","description":"O blog da Estrat\u00e9gia Concursos traz not\u00edcias sobre concursos e artigos de professores oferecendo cursos para concursos (pdf + videaulas) no site.","publisher":{"@id":"https:\/\/www.estrategiaconcursos.com.br\/blog\/#organization"},"potentialAction":[{"@type":"SearchAction","target":{"@type":"EntryPoint","urlTemplate":"https:\/\/www.estrategiaconcursos.com.br\/blog\/?s={search_term_string}"},"query-input":{"@type":"PropertyValueSpecification","valueRequired":true,"valueName":"search_term_string"}}],"inLanguage":"pt-BR"},{"@type":"Organization","@id":"https:\/\/www.estrategiaconcursos.com.br\/blog\/#organization","name":"Estrat\u00e9gia Concursos","url":"https:\/\/www.estrategiaconcursos.com.br\/blog\/","logo":{"@type":"ImageObject","inLanguage":"pt-BR","@id":"https:\/\/www.estrategiaconcursos.com.br\/blog\/#\/schema\/logo\/image\/","url":"https:\/\/dhg1h5j42swfq.cloudfront.net\/2025\/06\/03203428\/logo_concursos-1.jpg","contentUrl":"https:\/\/dhg1h5j42swfq.cloudfront.net\/2025\/06\/03203428\/logo_concursos-1.jpg","width":230,"height":60,"caption":"Estrat\u00e9gia Concursos"},"image":{"@id":"https:\/\/www.estrategiaconcursos.com.br\/blog\/#\/schema\/logo\/image\/"},"sameAs":["https:\/\/x.com\/EstratConcursos"]},{"@type":"Person","@id":"https:\/\/www.estrategiaconcursos.com.br\/blog\/#\/schema\/person\/a9b5b50fd12cfd5ab3e3e1f81a2c0e52","name":"Thiago da Silva Oliveira","image":{"@type":"ImageObject","inLanguage":"pt-BR","@id":"https:\/\/secure.gravatar.com\/avatar\/8c205103f160a168ce0b2be00cc532dcf15e657186621f142aa15651ddcbcdcb?s=96&d=mm&r=g","url":"https:\/\/secure.gravatar.com\/avatar\/8c205103f160a168ce0b2be00cc532dcf15e657186621f142aa15651ddcbcdcb?s=96&d=mm&r=g","contentUrl":"https:\/\/secure.gravatar.com\/avatar\/8c205103f160a168ce0b2be00cc532dcf15e657186621f142aa15651ddcbcdcb?s=96&d=mm&r=g","caption":"Thiago da Silva Oliveira"},"url":"https:\/\/www.estrategiaconcursos.com.br\/blog\/author\/thgsoliveirayahoo-com-br\/"}]}},"_links":{"self":[{"href":"https:\/\/www.estrategiaconcursos.com.br\/blog\/wp-json\/wp\/v2\/posts\/1437262","targetHints":{"allow":["GET"]}}],"collection":[{"href":"https:\/\/www.estrategiaconcursos.com.br\/blog\/wp-json\/wp\/v2\/posts"}],"about":[{"href":"https:\/\/www.estrategiaconcursos.com.br\/blog\/wp-json\/wp\/v2\/types\/post"}],"author":[{"embeddable":true,"href":"https:\/\/www.estrategiaconcursos.com.br\/blog\/wp-json\/wp\/v2\/users\/2953"}],"replies":[{"embeddable":true,"href":"https:\/\/www.estrategiaconcursos.com.br\/blog\/wp-json\/wp\/v2\/comments?post=1437262"}],"version-history":[{"count":8,"href":"https:\/\/www.estrategiaconcursos.com.br\/blog\/wp-json\/wp\/v2\/posts\/1437262\/revisions"}],"predecessor-version":[{"id":1439316,"href":"https:\/\/www.estrategiaconcursos.com.br\/blog\/wp-json\/wp\/v2\/posts\/1437262\/revisions\/1439316"}],"wp:featuredmedia":[{"embeddable":true,"href":"https:\/\/www.estrategiaconcursos.com.br\/blog\/wp-json\/wp\/v2\/media\/1279420"}],"wp:attachment":[{"href":"https:\/\/www.estrategiaconcursos.com.br\/blog\/wp-json\/wp\/v2\/media?parent=1437262"}],"wp:term":[{"taxonomy":"category","embeddable":true,"href":"https:\/\/www.estrategiaconcursos.com.br\/blog\/wp-json\/wp\/v2\/categories?post=1437262"},{"taxonomy":"post_tag","embeddable":true,"href":"https:\/\/www.estrategiaconcursos.com.br\/blog\/wp-json\/wp\/v2\/tags?post=1437262"},{"taxonomy":"tax_estado","embeddable":true,"href":"https:\/\/www.estrategiaconcursos.com.br\/blog\/wp-json\/wp\/v2\/tax_estado?post=1437262"}],"curies":[{"name":"wp","href":"https:\/\/api.w.org\/{rel}","templated":true}]}}