{"id":143685,"date":"2018-09-27T15:02:03","date_gmt":"2018-09-27T18:02:03","guid":{"rendered":"https:\/\/www.estrategiaconcursos.com.br\/blog\/?p=143685"},"modified":"2018-09-27T15:02:03","modified_gmt":"2018-09-27T18:02:03","slug":"portugues-diferenca-entre-verbo-transitivo-e-intransitivo-2","status":"publish","type":"post","link":"https:\/\/www.estrategiaconcursos.com.br\/blog\/portugues-diferenca-entre-verbo-transitivo-e-intransitivo-2\/","title":{"rendered":"Portugu\u00eas: Diferen\u00e7a entre verbo transitivo e intransitivo"},"content":{"rendered":"<p>Ol\u00e1, pessoal! Tudo tranquilo?<\/p>\n<p>Hoje vamos come\u00e7ar contando uma historinha.?Veja:<\/p>\n<p>Joana \u00e9 uma mo\u00e7a que trabalha muito e, quando tira f\u00e9rias, viaja e liga para sua m\u00e3e assim que chega ao seu destino. O problema \u00e9 que a m\u00e3e de Joana \u00e9 muito esquecida e sempre faz a mesma pergunta para a filha.<\/p>\n<p>&#8211; Oi, m\u00e3e! Cheguei! \u2013 disse Joana antes de entrar no t\u00e1xi, ap\u00f3s desembarcar.<\/p>\n<p>&#8211; Oi, minha filha! Gra\u00e7as a Deus voc\u00ea chegou. Voc\u00ea chegou aonde mesmo? Esqueci a cidade para onde voc\u00ea foi.<\/p>\n<p>&#8211; Cheguei a Cabo Frio, m\u00e3e. Esqueceu de novo, n\u00e9? \u2013 disse Joana rindo.<\/p>\n<p>&#8211; Esqueci \u2013 respondeu a m\u00e3e sem gra\u00e7a.<\/p>\n<p>&#8211; Estava pensando, m\u00e3e, e cheguei a uma conclus\u00e3o: voc\u00ea fica muito estressada quando viajo e acaba se esquecendo do lugar para onde vou. \u2013 disse Joana observando a paisagem atrav\u00e9s da janela do t\u00e1xi<\/p>\n<p>&#8211; \u00c9 verdade, Joana. Voc\u00ea tem raz\u00e3o. \u2013 disse a m\u00e3e pensativa \u2013 agora vou deligar para voc\u00ea aproveitar o passeio. Um grande beijo!<\/p>\n<p>&#8211; Um beijo, m\u00e3e!<\/p>\n<p>&nbsp;<\/p>\n<p>Aposto que voc\u00ea ficou a\u00ed pensando: \u201cque raio de hist\u00f3ria boba \u00e9 essa? O Terror deve estar de brincadeira\u201d.?<\/p>\n<p>Vou explicar:?voc\u00ea notou que usei bastante o verbo \u201cchegar\u201d? Volte ao texto e observe os contextos nos quais ele aparece. Voc\u00ea percebe alguma diferen\u00e7a? Veja que Joana diz \u201cOi, m\u00e3e! <strong>Cheguei<\/strong>!\u201d, depois a m\u00e3e pergunta: \u201cVoc\u00ea <strong>chegou<\/strong> aonde mesmo?\u201d e Joana reponde: \u201c<strong>Cheguei<\/strong> a Cabo Frio, m\u00e3e.\u201d. Mais adiante Joana diz \u201c<strong>cheguei<\/strong> a uma conclus\u00e3o: voc\u00ea fica muito estressada [&#8230;]\u201d.<\/p>\n<p>E a\u00ed, notou alguma coisa com rela\u00e7\u00e3o ao verbo \u201cchegar\u201d? Ele \u00e9 intransitivo ou transitivo?<\/p>\n<p>Note que em \u201c<strong>Cheguei<\/strong>!\u201d e \u201c<strong>Cheguei<\/strong> a Cabo Frio, m\u00e3e.\u201d O verbo \u201cchegar\u201d \u00e9 <u>intransitivo<\/u>. A\u00ed voc\u00ea deve estar pensando: \u201cmas se Joana chegou a Cabo Frio, \u2018a Cabo Frio\u2019 \u00e9 o objeto indireto, logo, o verbo \u2018chegar\u2019 \u00e9 transitivo indireto.\u201d<\/p>\n<p>N\u00e3o! \u00c9 a\u00ed que voc\u00ea se engana e erra a quest\u00e3o na hora do concurso!<\/p>\n<p>O termo \u201ca Cabo Frio\u201d \u00e9 <u>adjunto adverbial de lugar<\/u>. Note que a m\u00e3e de Joana pergunta <strong>aonde<\/strong> ela chegou, isto \u00e9, preposi\u00e7\u00e3o \u201ca\u201d + adv\u00e9rbio \u201conde\u201d.<\/p>\n<p>Veja que o adv\u00e9rbio interrogativo \u201conde\u201d substitui o termo \u201cCabo Frio\u201d. Logo, \u201cCabo Frio\u201d \u00e9 um adjunto adverbial de lugar.<\/p>\n<p>Observe:<\/p>\n<p style=\"text-align: center;\">Cheguei a <strong>Cabo Frio<\/strong>.<\/p>\n<p style=\"text-align: center;\">Chegou \u00a0a + <strong>onde<\/strong>?<\/p>\n<p>Entendeu?<\/p>\n<p>Bom, mas e o verbo \u201cchegar\u201d em \u201c<strong>cheguei<\/strong> a uma conclus\u00e3o\u201d? Nesse caso, o verbo \u201cchegar\u201d \u00e9 transitivo indireto e \u201ca uma conclus\u00e3o\u201d \u00e9\u00a0 o objeto indireto.<\/p>\n<p>Para comprovar, basta perguntar: Chegou <strong>a qu\u00ea<\/strong>?<\/p>\n<p>Note: \u201cqu\u00ea\u201d \u00e9 o objeto indireto e substitui o termo \u201cuma conclus\u00e3o\u201d.<\/p>\n<p>Percebeu que a transitividade verbal depende do contexto? Isso tamb\u00e9m ocorre com outros verbos. Observe:<\/p>\n<p><img loading=\"lazy\" decoding=\"async\" class=\"wp-image-143686 aligncenter\" src=\"https:\/\/dhg1h5j42swfq.cloudfront.net\/2018\/09\/27124005\/Art3-esq1.png\" alt=\"\" width=\"461\" height=\"86\" srcset=\"https:\/\/dhg1h5j42swfq.cloudfront.net\/2018\/09\/27124005\/Art3-esq1.png 558w, https:\/\/dhg1h5j42swfq.cloudfront.net\/2018\/09\/27124005\/Art3-esq1.png 300w\" sizes=\"auto, (max-width: 461px) 100vw, 461px\" \/><\/p>\n<p>&nbsp;<\/p>\n<p>Calma,\u270b que ainda n\u00e3o acabou!!<\/p>\n<p>Cabe ainda destacar mais dois verbos: \u201cestar\u201d e \u201cvirar\u201d.<\/p>\n<p>O verbo \u201cestar\u201d pode ser verbo de liga\u00e7\u00e3o ou verbo intransitivo. Observe nos contextos abaixo:<\/p>\n<p><img loading=\"lazy\" decoding=\"async\" class=\"size-full wp-image-143725 aligncenter\" src=\"https:\/\/dhg1h5j42swfq.cloudfront.net\/2018\/09\/27144059\/WhatsApp-Image-2018-09-27-at-14.37.00.jpeg\" alt=\"\" width=\"538\" height=\"58\" srcset=\"https:\/\/dhg1h5j42swfq.cloudfront.net\/2018\/09\/27144059\/WhatsApp-Image-2018-09-27-at-14.37.00.jpeg 538w, https:\/\/dhg1h5j42swfq.cloudfront.net\/2018\/09\/27144059\/WhatsApp-Image-2018-09-27-at-14.37.00.jpeg 300w\" sizes=\"auto, (max-width: 538px) 100vw, 538px\" \/><\/p>\n<p>Note que \u201cfeliz\u201d \u00e9 um adjetivo que caracteriza o estado do sujeito, sendo, portanto, o predicativo do sujeito; \u201cbem\u201d \u00e9 um adv\u00e9rbio de modo e modifica o verbo \u201cestou\u201d,\u00a0 o termo \u201cem Bel\u00e9m\u201d \u00e9 um adjunto adverbial de lugar.<\/p>\n<p>Por fim, o verbo \u201cvirar\u201d pode ser intransitivo, transitivo direto ou verbo de liga\u00e7\u00e3o. Veja:<\/p>\n<p><img loading=\"lazy\" decoding=\"async\" class=\"size-full wp-image-143745 aligncenter\" src=\"https:\/\/dhg1h5j42swfq.cloudfront.net\/2018\/09\/27144806\/WhatsApp-Image-2018-09-27-at-14.42.29.jpeg\" alt=\"\" width=\"540\" height=\"51\" srcset=\"https:\/\/dhg1h5j42swfq.cloudfront.net\/2018\/09\/27144806\/WhatsApp-Image-2018-09-27-at-14.42.29.jpeg 540w, https:\/\/dhg1h5j42swfq.cloudfront.net\/2018\/09\/27144806\/WhatsApp-Image-2018-09-27-at-14.42.29.jpeg 300w\" sizes=\"auto, (max-width: 540px) 100vw, 540px\" \/><\/p>\n<p>Observe que, no primeiro exemplo, o verbo \u201cvirar\u201d significa mudar de posi\u00e7\u00e3o. Dessa forma, ele \u00e9 classificado como transitivo direto e o termo \u201co rosto\u201d \u00e9 o objeto direto.<\/p>\n<p>No segundo exemplo, o verbo \u201cvirar\u201d \u00e9 intransitivo, pois o sujeito <strong>n\u00e3o<\/strong> pegou \u201ca direita\u201d, ele seguiu por uma dire\u00e7\u00e3o. Logo, o termo \u201c\u00e0 direita\u201d \u00e9 adjunto adverbial de dire\u00e7\u00e3o.<\/p>\n<p style=\"text-align: justify;\">No terceiro exemplo, Ana <strong>n\u00e3o<\/strong> pegou uma modelo e a trocou de posi\u00e7\u00e3o, Ana passou a ter caracter\u00edsticas de modelo, tornou-se modelo. Por isso, o verbo virar, nesse contexto, \u00e9 um verbo de liga\u00e7\u00e3o e o termo \u201cmodelo\u201d \u00e9 o predicativo do sujeito.<\/p>\n<p>&nbsp;<\/p>\n<p>Tuuuudo isso serviu para mostrar que a transitividade verbal <strong>n\u00e3o \u00e9<\/strong> <strong>decoreba<\/strong>, pois depende do <strong>contexto<\/strong>. Por isso, a partir de agora, voc\u00ea vai entender e n\u00e3o decorar a mat\u00e9ria. Ok?<\/p>\n<p>Um grande abra\u00e7o,<\/p>\n<p>Professor D\u00e9cio Terror.<\/p>\n<p><img loading=\"lazy\" decoding=\"async\" class=\"wp-image-143749 aligncenter\" src=\"https:\/\/dhg1h5j42swfq.cloudfront.net\/2018\/09\/27145153\/caricatura-folheto.png\" alt=\"\" width=\"183\" height=\"192\" srcset=\"https:\/\/dhg1h5j42swfq.cloudfront.net\/2018\/09\/27145153\/caricatura-folheto.png 772w, https:\/\/dhg1h5j42swfq.cloudfront.net\/2018\/09\/27145153\/caricatura-folheto.png 286w, https:\/\/dhg1h5j42swfq.cloudfront.net\/2018\/09\/27145153\/caricatura-folheto.png 768w, https:\/\/dhg1h5j42swfq.cloudfront.net\/2018\/09\/27145153\/caricatura-folheto.png 610w\" sizes=\"auto, (max-width: 183px) 100vw, 183px\" \/><\/p>\n<p>&nbsp;<\/p>\n<p><a href=\"https:\/\/www.youtube.com\/channel\/UCu5mMewoQZGIjsbgM6UanLg\"><img loading=\"lazy\" decoding=\"async\" class=\"alignnone wp-image-139202\" src=\"https:\/\/dhg1h5j42swfq.cloudfront.net\/2018\/09\/04093102\/YouTube-icon-our_icon.png\" alt=\"\" width=\"78\" height=\"56\" \/><\/a><a href=\"https:\/\/twitter.com\/profdecioterror\"><img loading=\"lazy\" decoding=\"async\" class=\"alignnone wp-image-143689\" src=\"https:\/\/dhg1h5j42swfq.cloudfront.net\/2018\/09\/27124603\/download1.png\" alt=\"\" width=\"87\" height=\"65\" \/><\/a><a href=\"https:\/\/www.instagram.com\/decioterror\/\"><img loading=\"lazy\" decoding=\"async\" class=\"alignnone wp-image-139201\" src=\"https:\/\/dhg1h5j42swfq.cloudfront.net\/2018\/09\/04093100\/instagram-logo-g1.jpg\" alt=\"\" width=\"56\" height=\"56\" srcset=\"https:\/\/dhg1h5j42swfq.cloudfront.net\/2018\/09\/04093100\/instagram-logo-g1.jpg 270w, https:\/\/dhg1h5j42swfq.cloudfront.net\/2018\/09\/04093100\/instagram-logo-g1.jpg 150w\" sizes=\"auto, (max-width: 56px) 100vw, 56px\" \/><\/a><\/p>\n","protected":false},"excerpt":{"rendered":"<p>Ol\u00e1, pessoal! Tudo tranquilo? Hoje vamos come\u00e7ar contando uma historinha.?Veja: Joana \u00e9 uma mo\u00e7a que trabalha muito e, quando tira f\u00e9rias, viaja e liga para sua m\u00e3e assim que chega ao seu destino. O problema \u00e9 que a m\u00e3e de Joana \u00e9 muito esquecida e sempre faz a mesma pergunta para a filha. &#8211; Oi, [&hellip;]<\/p>\n","protected":false},"author":245,"featured_media":0,"comment_status":"open","ping_status":"closed","sticky":false,"template":"","format":"standard","meta":{"post_tipo":"article","footnotes":""},"categories":[1],"tags":[],"tax_estado":[],"class_list":["post-143685","post","type-post","status-publish","format-standard","hentry","category-cursos-e-concursos"],"acf":[],"yoast_head":"<!-- This site is optimized with the Yoast SEO Premium plugin v27.2 (Yoast SEO v27.2) - https:\/\/yoast.com\/product\/yoast-seo-premium-wordpress\/ -->\n<title>Portugu\u00eas: Diferen\u00e7a entre verbo transitivo e intransitivo<\/title>\n<meta name=\"robots\" content=\"index, follow, max-snippet:-1, max-image-preview:large, max-video-preview:-1\" \/>\n<link rel=\"canonical\" href=\"https:\/\/www.estrategiaconcursos.com.br\/blog\/portugues-diferenca-entre-verbo-transitivo-e-intransitivo-2\/\" \/>\n<meta property=\"og:locale\" content=\"pt_BR\" \/>\n<meta property=\"og:type\" content=\"article\" \/>\n<meta property=\"og:title\" content=\"Portugu\u00eas: Diferen\u00e7a entre verbo transitivo e intransitivo\" \/>\n<meta property=\"og:description\" content=\"Ol\u00e1, pessoal! Tudo tranquilo? Hoje vamos come\u00e7ar contando uma historinha.?Veja: Joana \u00e9 uma mo\u00e7a que trabalha muito e, quando tira f\u00e9rias, viaja e liga para sua m\u00e3e assim que chega ao seu destino. O problema \u00e9 que a m\u00e3e de Joana \u00e9 muito esquecida e sempre faz a mesma pergunta para a filha. &#8211; Oi, [&hellip;]\" \/>\n<meta property=\"og:url\" content=\"https:\/\/www.estrategiaconcursos.com.br\/blog\/portugues-diferenca-entre-verbo-transitivo-e-intransitivo-2\/\" \/>\n<meta property=\"og:site_name\" content=\"Estrat\u00e9gia Concursos\" \/>\n<meta property=\"article:published_time\" content=\"2018-09-27T18:02:03+00:00\" \/>\n<meta property=\"og:image\" content=\"https:\/\/www.estrategiaconcursos.com.br\/blog\/wp-content\/uploads\/2018\/09\/Art3-esq1-300x56.png\" \/>\n<meta name=\"author\" content=\"Equipe D\u00e9cio Terror\" \/>\n<meta name=\"twitter:card\" content=\"summary_large_image\" \/>\n<meta name=\"twitter:creator\" content=\"@EstratConcursos\" \/>\n<meta name=\"twitter:site\" content=\"@EstratConcursos\" \/>\n<meta name=\"twitter:label1\" content=\"Escrito por\" \/>\n\t<meta name=\"twitter:data1\" content=\"Equipe D\u00e9cio Terror\" \/>\n\t<meta name=\"twitter:label2\" content=\"Est. tempo de leitura\" \/>\n\t<meta name=\"twitter:data2\" content=\"3 minutos\" \/>\n<script type=\"application\/ld+json\" class=\"yoast-schema-graph\">{\"@context\":\"https:\/\/schema.org\",\"@graph\":[{\"@type\":\"NewsArticle\",\"@id\":\"https:\/\/www.estrategiaconcursos.com.br\/blog\/portugues-diferenca-entre-verbo-transitivo-e-intransitivo-2\/#article\",\"isPartOf\":{\"@id\":\"https:\/\/www.estrategiaconcursos.com.br\/blog\/portugues-diferenca-entre-verbo-transitivo-e-intransitivo-2\/\"},\"author\":{\"name\":\"Equipe D\u00e9cio Terror\",\"@id\":\"https:\/\/www.estrategiaconcursos.com.br\/blog\/#\/schema\/person\/4defaa4b63ea0eb7084ebad9011ca3c7\"},\"headline\":\"Portugu\u00eas: Diferen\u00e7a entre verbo transitivo e intransitivo\",\"datePublished\":\"2018-09-27T18:02:03+00:00\",\"mainEntityOfPage\":{\"@id\":\"https:\/\/www.estrategiaconcursos.com.br\/blog\/portugues-diferenca-entre-verbo-transitivo-e-intransitivo-2\/\"},\"wordCount\":696,\"commentCount\":5,\"publisher\":{\"@id\":\"https:\/\/www.estrategiaconcursos.com.br\/blog\/#organization\"},\"image\":{\"@id\":\"https:\/\/www.estrategiaconcursos.com.br\/blog\/portugues-diferenca-entre-verbo-transitivo-e-intransitivo-2\/#primaryimage\"},\"thumbnailUrl\":\"https:\/\/www.estrategiaconcursos.com.br\/blog\/wp-content\/uploads\/2018\/09\/Art3-esq1-300x56.png\",\"articleSection\":[\"Concursos P\u00fablicos\"],\"inLanguage\":\"pt-BR\",\"potentialAction\":[{\"@type\":\"CommentAction\",\"name\":\"Comment\",\"target\":[\"https:\/\/www.estrategiaconcursos.com.br\/blog\/portugues-diferenca-entre-verbo-transitivo-e-intransitivo-2\/#respond\"]}],\"copyrightYear\":\"2018\",\"copyrightHolder\":{\"@id\":\"https:\/\/www.estrategiaconcursos.com.br\/blog\/#organization\"}},{\"@type\":\"WebPage\",\"@id\":\"https:\/\/www.estrategiaconcursos.com.br\/blog\/portugues-diferenca-entre-verbo-transitivo-e-intransitivo-2\/\",\"url\":\"https:\/\/www.estrategiaconcursos.com.br\/blog\/portugues-diferenca-entre-verbo-transitivo-e-intransitivo-2\/\",\"name\":\"Portugu\u00eas: Diferen\u00e7a entre verbo transitivo e intransitivo\",\"isPartOf\":{\"@id\":\"https:\/\/www.estrategiaconcursos.com.br\/blog\/#website\"},\"primaryImageOfPage\":{\"@id\":\"https:\/\/www.estrategiaconcursos.com.br\/blog\/portugues-diferenca-entre-verbo-transitivo-e-intransitivo-2\/#primaryimage\"},\"image\":{\"@id\":\"https:\/\/www.estrategiaconcursos.com.br\/blog\/portugues-diferenca-entre-verbo-transitivo-e-intransitivo-2\/#primaryimage\"},\"thumbnailUrl\":\"https:\/\/www.estrategiaconcursos.com.br\/blog\/wp-content\/uploads\/2018\/09\/Art3-esq1-300x56.png\",\"datePublished\":\"2018-09-27T18:02:03+00:00\",\"breadcrumb\":{\"@id\":\"https:\/\/www.estrategiaconcursos.com.br\/blog\/portugues-diferenca-entre-verbo-transitivo-e-intransitivo-2\/#breadcrumb\"},\"inLanguage\":\"pt-BR\",\"potentialAction\":[{\"@type\":\"ReadAction\",\"target\":[\"https:\/\/www.estrategiaconcursos.com.br\/blog\/portugues-diferenca-entre-verbo-transitivo-e-intransitivo-2\/\"]}]},{\"@type\":\"ImageObject\",\"inLanguage\":\"pt-BR\",\"@id\":\"https:\/\/www.estrategiaconcursos.com.br\/blog\/portugues-diferenca-entre-verbo-transitivo-e-intransitivo-2\/#primaryimage\",\"url\":\"https:\/\/dhg1h5j42swfq.cloudfront.net\/2018\/09\/27124005\/Art3-esq1.png\",\"contentUrl\":\"https:\/\/dhg1h5j42swfq.cloudfront.net\/2018\/09\/27124005\/Art3-esq1.png\",\"width\":558,\"height\":105},{\"@type\":\"BreadcrumbList\",\"@id\":\"https:\/\/www.estrategiaconcursos.com.br\/blog\/portugues-diferenca-entre-verbo-transitivo-e-intransitivo-2\/#breadcrumb\",\"itemListElement\":[{\"@type\":\"ListItem\",\"position\":1,\"name\":\"In\u00edcio\",\"item\":\"https:\/\/www.estrategiaconcursos.com.br\/blog\/\"},{\"@type\":\"ListItem\",\"position\":2,\"name\":\"Portugu\u00eas: Diferen\u00e7a entre verbo transitivo e intransitivo\"}]},{\"@type\":\"WebSite\",\"@id\":\"https:\/\/www.estrategiaconcursos.com.br\/blog\/#website\",\"url\":\"https:\/\/www.estrategiaconcursos.com.br\/blog\/\",\"name\":\"Estrat\u00e9gia Concursos\",\"description\":\"O blog da Estrat\u00e9gia Concursos traz not\u00edcias sobre concursos e artigos de professores oferecendo cursos para concursos (pdf + videaulas) no site.\",\"publisher\":{\"@id\":\"https:\/\/www.estrategiaconcursos.com.br\/blog\/#organization\"},\"potentialAction\":[{\"@type\":\"SearchAction\",\"target\":{\"@type\":\"EntryPoint\",\"urlTemplate\":\"https:\/\/www.estrategiaconcursos.com.br\/blog\/?s={search_term_string}\"},\"query-input\":{\"@type\":\"PropertyValueSpecification\",\"valueRequired\":true,\"valueName\":\"search_term_string\"}}],\"inLanguage\":\"pt-BR\"},{\"@type\":\"Organization\",\"@id\":\"https:\/\/www.estrategiaconcursos.com.br\/blog\/#organization\",\"name\":\"Estrat\u00e9gia Concursos\",\"url\":\"https:\/\/www.estrategiaconcursos.com.br\/blog\/\",\"logo\":{\"@type\":\"ImageObject\",\"inLanguage\":\"pt-BR\",\"@id\":\"https:\/\/www.estrategiaconcursos.com.br\/blog\/#\/schema\/logo\/image\/\",\"url\":\"https:\/\/dhg1h5j42swfq.cloudfront.net\/2025\/06\/03203428\/logo_concursos-1.jpg\",\"contentUrl\":\"https:\/\/dhg1h5j42swfq.cloudfront.net\/2025\/06\/03203428\/logo_concursos-1.jpg\",\"width\":230,\"height\":60,\"caption\":\"Estrat\u00e9gia Concursos\"},\"image\":{\"@id\":\"https:\/\/www.estrategiaconcursos.com.br\/blog\/#\/schema\/logo\/image\/\"},\"sameAs\":[\"https:\/\/x.com\/EstratConcursos\"]},{\"@type\":\"Person\",\"@id\":\"https:\/\/www.estrategiaconcursos.com.br\/blog\/#\/schema\/person\/4defaa4b63ea0eb7084ebad9011ca3c7\",\"name\":\"Equipe D\u00e9cio Terror\",\"image\":{\"@type\":\"ImageObject\",\"inLanguage\":\"pt-BR\",\"@id\":\"https:\/\/secure.gravatar.com\/avatar\/e292f9e9b31355d6b2da0604056921ae283d4832d04732bf234825ea7048476d?s=96&d=mm&r=g\",\"url\":\"https:\/\/secure.gravatar.com\/avatar\/e292f9e9b31355d6b2da0604056921ae283d4832d04732bf234825ea7048476d?s=96&d=mm&r=g\",\"contentUrl\":\"https:\/\/secure.gravatar.com\/avatar\/e292f9e9b31355d6b2da0604056921ae283d4832d04732bf234825ea7048476d?s=96&d=mm&r=g\",\"caption\":\"Equipe D\u00e9cio Terror\"},\"url\":\"https:\/\/www.estrategiaconcursos.com.br\/blog\/author\/equipedecioterroestrategiaconcursos-com-br\/\"}]}<\/script>\n<!-- \/ Yoast SEO Premium plugin. -->","yoast_head_json":{"title":"Portugu\u00eas: Diferen\u00e7a entre verbo transitivo e intransitivo","robots":{"index":"index","follow":"follow","max-snippet":"max-snippet:-1","max-image-preview":"max-image-preview:large","max-video-preview":"max-video-preview:-1"},"canonical":"https:\/\/www.estrategiaconcursos.com.br\/blog\/portugues-diferenca-entre-verbo-transitivo-e-intransitivo-2\/","og_locale":"pt_BR","og_type":"article","og_title":"Portugu\u00eas: Diferen\u00e7a entre verbo transitivo e intransitivo","og_description":"Ol\u00e1, pessoal! Tudo tranquilo? Hoje vamos come\u00e7ar contando uma historinha.?Veja: Joana \u00e9 uma mo\u00e7a que trabalha muito e, quando tira f\u00e9rias, viaja e liga para sua m\u00e3e assim que chega ao seu destino. O problema \u00e9 que a m\u00e3e de Joana \u00e9 muito esquecida e sempre faz a mesma pergunta para a filha. &#8211; Oi, [&hellip;]","og_url":"https:\/\/www.estrategiaconcursos.com.br\/blog\/portugues-diferenca-entre-verbo-transitivo-e-intransitivo-2\/","og_site_name":"Estrat\u00e9gia Concursos","article_published_time":"2018-09-27T18:02:03+00:00","og_image":[{"url":"https:\/\/www.estrategiaconcursos.com.br\/blog\/wp-content\/uploads\/2018\/09\/Art3-esq1-300x56.png","type":"","width":"","height":""}],"author":"Equipe D\u00e9cio Terror","twitter_card":"summary_large_image","twitter_creator":"@EstratConcursos","twitter_site":"@EstratConcursos","twitter_misc":{"Escrito por":"Equipe D\u00e9cio Terror","Est. tempo de leitura":"3 minutos"},"schema":{"@context":"https:\/\/schema.org","@graph":[{"@type":"NewsArticle","@id":"https:\/\/www.estrategiaconcursos.com.br\/blog\/portugues-diferenca-entre-verbo-transitivo-e-intransitivo-2\/#article","isPartOf":{"@id":"https:\/\/www.estrategiaconcursos.com.br\/blog\/portugues-diferenca-entre-verbo-transitivo-e-intransitivo-2\/"},"author":{"name":"Equipe D\u00e9cio Terror","@id":"https:\/\/www.estrategiaconcursos.com.br\/blog\/#\/schema\/person\/4defaa4b63ea0eb7084ebad9011ca3c7"},"headline":"Portugu\u00eas: Diferen\u00e7a entre verbo transitivo e intransitivo","datePublished":"2018-09-27T18:02:03+00:00","mainEntityOfPage":{"@id":"https:\/\/www.estrategiaconcursos.com.br\/blog\/portugues-diferenca-entre-verbo-transitivo-e-intransitivo-2\/"},"wordCount":696,"commentCount":5,"publisher":{"@id":"https:\/\/www.estrategiaconcursos.com.br\/blog\/#organization"},"image":{"@id":"https:\/\/www.estrategiaconcursos.com.br\/blog\/portugues-diferenca-entre-verbo-transitivo-e-intransitivo-2\/#primaryimage"},"thumbnailUrl":"https:\/\/www.estrategiaconcursos.com.br\/blog\/wp-content\/uploads\/2018\/09\/Art3-esq1-300x56.png","articleSection":["Concursos P\u00fablicos"],"inLanguage":"pt-BR","potentialAction":[{"@type":"CommentAction","name":"Comment","target":["https:\/\/www.estrategiaconcursos.com.br\/blog\/portugues-diferenca-entre-verbo-transitivo-e-intransitivo-2\/#respond"]}],"copyrightYear":"2018","copyrightHolder":{"@id":"https:\/\/www.estrategiaconcursos.com.br\/blog\/#organization"}},{"@type":"WebPage","@id":"https:\/\/www.estrategiaconcursos.com.br\/blog\/portugues-diferenca-entre-verbo-transitivo-e-intransitivo-2\/","url":"https:\/\/www.estrategiaconcursos.com.br\/blog\/portugues-diferenca-entre-verbo-transitivo-e-intransitivo-2\/","name":"Portugu\u00eas: Diferen\u00e7a entre verbo transitivo e intransitivo","isPartOf":{"@id":"https:\/\/www.estrategiaconcursos.com.br\/blog\/#website"},"primaryImageOfPage":{"@id":"https:\/\/www.estrategiaconcursos.com.br\/blog\/portugues-diferenca-entre-verbo-transitivo-e-intransitivo-2\/#primaryimage"},"image":{"@id":"https:\/\/www.estrategiaconcursos.com.br\/blog\/portugues-diferenca-entre-verbo-transitivo-e-intransitivo-2\/#primaryimage"},"thumbnailUrl":"https:\/\/www.estrategiaconcursos.com.br\/blog\/wp-content\/uploads\/2018\/09\/Art3-esq1-300x56.png","datePublished":"2018-09-27T18:02:03+00:00","breadcrumb":{"@id":"https:\/\/www.estrategiaconcursos.com.br\/blog\/portugues-diferenca-entre-verbo-transitivo-e-intransitivo-2\/#breadcrumb"},"inLanguage":"pt-BR","potentialAction":[{"@type":"ReadAction","target":["https:\/\/www.estrategiaconcursos.com.br\/blog\/portugues-diferenca-entre-verbo-transitivo-e-intransitivo-2\/"]}]},{"@type":"ImageObject","inLanguage":"pt-BR","@id":"https:\/\/www.estrategiaconcursos.com.br\/blog\/portugues-diferenca-entre-verbo-transitivo-e-intransitivo-2\/#primaryimage","url":"https:\/\/dhg1h5j42swfq.cloudfront.net\/2018\/09\/27124005\/Art3-esq1.png","contentUrl":"https:\/\/dhg1h5j42swfq.cloudfront.net\/2018\/09\/27124005\/Art3-esq1.png","width":558,"height":105},{"@type":"BreadcrumbList","@id":"https:\/\/www.estrategiaconcursos.com.br\/blog\/portugues-diferenca-entre-verbo-transitivo-e-intransitivo-2\/#breadcrumb","itemListElement":[{"@type":"ListItem","position":1,"name":"In\u00edcio","item":"https:\/\/www.estrategiaconcursos.com.br\/blog\/"},{"@type":"ListItem","position":2,"name":"Portugu\u00eas: Diferen\u00e7a entre verbo transitivo e intransitivo"}]},{"@type":"WebSite","@id":"https:\/\/www.estrategiaconcursos.com.br\/blog\/#website","url":"https:\/\/www.estrategiaconcursos.com.br\/blog\/","name":"Estrat\u00e9gia Concursos","description":"O blog da Estrat\u00e9gia Concursos traz not\u00edcias sobre concursos e artigos de professores oferecendo cursos para concursos (pdf + videaulas) no site.","publisher":{"@id":"https:\/\/www.estrategiaconcursos.com.br\/blog\/#organization"},"potentialAction":[{"@type":"SearchAction","target":{"@type":"EntryPoint","urlTemplate":"https:\/\/www.estrategiaconcursos.com.br\/blog\/?s={search_term_string}"},"query-input":{"@type":"PropertyValueSpecification","valueRequired":true,"valueName":"search_term_string"}}],"inLanguage":"pt-BR"},{"@type":"Organization","@id":"https:\/\/www.estrategiaconcursos.com.br\/blog\/#organization","name":"Estrat\u00e9gia Concursos","url":"https:\/\/www.estrategiaconcursos.com.br\/blog\/","logo":{"@type":"ImageObject","inLanguage":"pt-BR","@id":"https:\/\/www.estrategiaconcursos.com.br\/blog\/#\/schema\/logo\/image\/","url":"https:\/\/dhg1h5j42swfq.cloudfront.net\/2025\/06\/03203428\/logo_concursos-1.jpg","contentUrl":"https:\/\/dhg1h5j42swfq.cloudfront.net\/2025\/06\/03203428\/logo_concursos-1.jpg","width":230,"height":60,"caption":"Estrat\u00e9gia Concursos"},"image":{"@id":"https:\/\/www.estrategiaconcursos.com.br\/blog\/#\/schema\/logo\/image\/"},"sameAs":["https:\/\/x.com\/EstratConcursos"]},{"@type":"Person","@id":"https:\/\/www.estrategiaconcursos.com.br\/blog\/#\/schema\/person\/4defaa4b63ea0eb7084ebad9011ca3c7","name":"Equipe D\u00e9cio Terror","image":{"@type":"ImageObject","inLanguage":"pt-BR","@id":"https:\/\/secure.gravatar.com\/avatar\/e292f9e9b31355d6b2da0604056921ae283d4832d04732bf234825ea7048476d?s=96&d=mm&r=g","url":"https:\/\/secure.gravatar.com\/avatar\/e292f9e9b31355d6b2da0604056921ae283d4832d04732bf234825ea7048476d?s=96&d=mm&r=g","contentUrl":"https:\/\/secure.gravatar.com\/avatar\/e292f9e9b31355d6b2da0604056921ae283d4832d04732bf234825ea7048476d?s=96&d=mm&r=g","caption":"Equipe D\u00e9cio Terror"},"url":"https:\/\/www.estrategiaconcursos.com.br\/blog\/author\/equipedecioterroestrategiaconcursos-com-br\/"}]}},"_links":{"self":[{"href":"https:\/\/www.estrategiaconcursos.com.br\/blog\/wp-json\/wp\/v2\/posts\/143685","targetHints":{"allow":["GET"]}}],"collection":[{"href":"https:\/\/www.estrategiaconcursos.com.br\/blog\/wp-json\/wp\/v2\/posts"}],"about":[{"href":"https:\/\/www.estrategiaconcursos.com.br\/blog\/wp-json\/wp\/v2\/types\/post"}],"author":[{"embeddable":true,"href":"https:\/\/www.estrategiaconcursos.com.br\/blog\/wp-json\/wp\/v2\/users\/245"}],"replies":[{"embeddable":true,"href":"https:\/\/www.estrategiaconcursos.com.br\/blog\/wp-json\/wp\/v2\/comments?post=143685"}],"version-history":[{"count":4,"href":"https:\/\/www.estrategiaconcursos.com.br\/blog\/wp-json\/wp\/v2\/posts\/143685\/revisions"}],"predecessor-version":[{"id":143770,"href":"https:\/\/www.estrategiaconcursos.com.br\/blog\/wp-json\/wp\/v2\/posts\/143685\/revisions\/143770"}],"wp:attachment":[{"href":"https:\/\/www.estrategiaconcursos.com.br\/blog\/wp-json\/wp\/v2\/media?parent=143685"}],"wp:term":[{"taxonomy":"category","embeddable":true,"href":"https:\/\/www.estrategiaconcursos.com.br\/blog\/wp-json\/wp\/v2\/categories?post=143685"},{"taxonomy":"post_tag","embeddable":true,"href":"https:\/\/www.estrategiaconcursos.com.br\/blog\/wp-json\/wp\/v2\/tags?post=143685"},{"taxonomy":"tax_estado","embeddable":true,"href":"https:\/\/www.estrategiaconcursos.com.br\/blog\/wp-json\/wp\/v2\/tax_estado?post=143685"}],"curies":[{"name":"wp","href":"https:\/\/api.w.org\/{rel}","templated":true}]}}