{"id":143655,"date":"2018-09-27T11:36:31","date_gmt":"2018-09-27T14:36:31","guid":{"rendered":"https:\/\/www.estrategiaconcursos.com.br\/blog\/?p=143655"},"modified":"2019-04-09T17:04:18","modified_gmt":"2019-04-09T20:04:18","slug":"mec-pede-alteracao-do-inicio-do-horario-de-verao","status":"publish","type":"post","link":"https:\/\/www.estrategiaconcursos.com.br\/blog\/mec-pede-alteracao-do-inicio-do-horario-de-verao\/","title":{"rendered":"MEC pede altera\u00e7\u00e3o do in\u00edcio do hor\u00e1rio de ver\u00e3o por coincidir com datas das provas do ENEM"},"content":{"rendered":"<p><em>Ol\u00e1 pessoal, tudo bem?<\/em><\/p>\n<p>O <strong>Minist\u00e9rio da Educa\u00e7\u00e3o (MEC)<\/strong> abriu uma solicita\u00e7\u00e3o para o atual presidente Michel Temer, nesta quarta-feira, (26) de setembro. O pedido \u00e9 que o hor\u00e1rio de ver\u00e3o previsto para o dia 4 de novembro, que por sinal \u00e9 o mesmo dia das provas do Exame Nacional do Ensino M\u00e9dio (<strong>ENEM<\/strong>) seja alterado.<\/p>\n<p>O ministro da Educa\u00e7\u00e3o, Rossieli Soares da Silva tem receio de que os candidatos se atrasem, caso seja no mesmo dia da mudan\u00e7a dos rel\u00f3gios. Lembrando que esse adiantamento n\u00e3o acontece em todo o pa\u00eds, apenas em parte dele. Com isso, o ministro teme que isso possa confundir os candidatos.<\/p>\n<p>O Governo Federal ainda n\u00e3o se pronunciou sobre o assunto, at\u00e9 porque essa decis\u00e3o depende de estudos e aval do Minist\u00e9rio de Minas e Energia e da Casa Civil.\u00a0O Instituo Nacional de Estudos e Pesquisas Educacionais (INEP) s\u00f3 se deu conta desta coincid\u00eancia de datas recentemente.<\/p>\n<p>O pr\u00f3prio Inep alega que a mudan\u00e7a da data das provas por parte deles n\u00e3o ser\u00e1 poss\u00edvel, por isso, est\u00e1 sendo aguardando um respaldo do Governo. Alterar a data dos exames, \u00e9 necess\u00e1rio toda uma mudan\u00e7a dr\u00e1stica na log\u00edstica que envolve aumento de custos, contrata\u00e7\u00e3o de pessoas, aluguel de salas, transporte para escoar as provas e outras demandas mais.<\/p>\n<p>Agora s\u00f3 nos resta aguardar para entender como ser\u00e1 o desfecho deste conflito de datas entre o Enem e o adiantamento do hor\u00e1rio de ver\u00e3o.<\/p>\n","protected":false},"excerpt":{"rendered":"<p>Ol\u00e1 pessoal, tudo bem? O Minist\u00e9rio da Educa\u00e7\u00e3o (MEC) abriu uma solicita\u00e7\u00e3o para o atual presidente Michel Temer, nesta quarta-feira, (26) de setembro. O pedido \u00e9 que o hor\u00e1rio de ver\u00e3o previsto para o dia 4 de novembro, que por sinal \u00e9 o mesmo dia das provas do Exame Nacional do Ensino M\u00e9dio (ENEM) seja [&hellip;]<\/p>\n","protected":false},"author":263,"featured_media":0,"comment_status":"open","ping_status":"closed","sticky":false,"template":"","format":"standard","meta":{"post_tipo":"article","footnotes":""},"categories":[1],"tags":[],"tax_estado":[],"class_list":["post-143655","post","type-post","status-publish","format-standard","hentry","category-cursos-e-concursos"],"acf":[],"yoast_head":"<!-- This site is optimized with the Yoast SEO Premium plugin v27.2 (Yoast SEO v27.2) - https:\/\/yoast.com\/product\/yoast-seo-premium-wordpress\/ -->\n<title>MEC pede altera\u00e7\u00e3o do in\u00edcio do hor\u00e1rio de ver\u00e3o por coincidir datas<\/title>\n<meta name=\"description\" content=\"MEC pede altera\u00e7\u00e3o do in\u00edcio do hor\u00e1rio de ver\u00e3o por coincidir com datas das provas do ENEM\" \/>\n<meta name=\"robots\" content=\"index, follow, max-snippet:-1, max-image-preview:large, max-video-preview:-1\" \/>\n<link rel=\"canonical\" href=\"https:\/\/www.estrategiaconcursos.com.br\/blog\/mec-pede-alteracao-do-inicio-do-horario-de-verao\/\" \/>\n<meta property=\"og:locale\" content=\"pt_BR\" \/>\n<meta property=\"og:type\" content=\"article\" \/>\n<meta property=\"og:title\" content=\"MEC pede altera\u00e7\u00e3o do in\u00edcio do hor\u00e1rio de ver\u00e3o por coincidir com datas das provas do ENEM\" \/>\n<meta property=\"og:description\" content=\"MEC pede altera\u00e7\u00e3o do in\u00edcio do hor\u00e1rio de ver\u00e3o por coincidir com datas das provas do ENEM\" \/>\n<meta property=\"og:url\" content=\"https:\/\/www.estrategiaconcursos.com.br\/blog\/mec-pede-alteracao-do-inicio-do-horario-de-verao\/\" \/>\n<meta property=\"og:site_name\" content=\"Estrat\u00e9gia Concursos\" \/>\n<meta property=\"article:published_time\" content=\"2018-09-27T14:36:31+00:00\" \/>\n<meta property=\"article:modified_time\" content=\"2019-04-09T20:04:18+00:00\" \/>\n<meta name=\"author\" content=\"Daniel dos Reis Lopes\" \/>\n<meta name=\"twitter:card\" content=\"summary_large_image\" \/>\n<meta name=\"twitter:creator\" content=\"@EstratConcursos\" \/>\n<meta name=\"twitter:site\" content=\"@EstratConcursos\" \/>\n<meta name=\"twitter:label1\" content=\"Escrito por\" \/>\n\t<meta name=\"twitter:data1\" content=\"Daniel dos Reis Lopes\" \/>\n\t<meta name=\"twitter:label2\" content=\"Est. tempo de leitura\" \/>\n\t<meta name=\"twitter:data2\" content=\"1 minuto\" \/>\n<script type=\"application\/ld+json\" class=\"yoast-schema-graph\">{\"@context\":\"https:\/\/schema.org\",\"@graph\":[{\"@type\":\"NewsArticle\",\"@id\":\"https:\/\/www.estrategiaconcursos.com.br\/blog\/mec-pede-alteracao-do-inicio-do-horario-de-verao\/#article\",\"isPartOf\":{\"@id\":\"https:\/\/www.estrategiaconcursos.com.br\/blog\/mec-pede-alteracao-do-inicio-do-horario-de-verao\/\"},\"author\":{\"name\":\"Daniel dos Reis Lopes\",\"@id\":\"https:\/\/www.estrategiaconcursos.com.br\/blog\/#\/schema\/person\/86e4af37234d422e94ca7e825b416814\"},\"headline\":\"MEC pede altera\u00e7\u00e3o do in\u00edcio do hor\u00e1rio de ver\u00e3o por coincidir com datas das provas do ENEM\",\"datePublished\":\"2018-09-27T14:36:31+00:00\",\"dateModified\":\"2019-04-09T20:04:18+00:00\",\"mainEntityOfPage\":{\"@id\":\"https:\/\/www.estrategiaconcursos.com.br\/blog\/mec-pede-alteracao-do-inicio-do-horario-de-verao\/\"},\"wordCount\":279,\"commentCount\":0,\"publisher\":{\"@id\":\"https:\/\/www.estrategiaconcursos.com.br\/blog\/#organization\"},\"articleSection\":[\"Concursos P\u00fablicos\"],\"inLanguage\":\"pt-BR\",\"potentialAction\":[{\"@type\":\"CommentAction\",\"name\":\"Comment\",\"target\":[\"https:\/\/www.estrategiaconcursos.com.br\/blog\/mec-pede-alteracao-do-inicio-do-horario-de-verao\/#respond\"]}],\"copyrightYear\":\"2018\",\"copyrightHolder\":{\"@id\":\"https:\/\/www.estrategiaconcursos.com.br\/blog\/#organization\"}},{\"@type\":\"WebPage\",\"@id\":\"https:\/\/www.estrategiaconcursos.com.br\/blog\/mec-pede-alteracao-do-inicio-do-horario-de-verao\/\",\"url\":\"https:\/\/www.estrategiaconcursos.com.br\/blog\/mec-pede-alteracao-do-inicio-do-horario-de-verao\/\",\"name\":\"MEC pede altera\u00e7\u00e3o do in\u00edcio do hor\u00e1rio de ver\u00e3o por coincidir datas\",\"isPartOf\":{\"@id\":\"https:\/\/www.estrategiaconcursos.com.br\/blog\/#website\"},\"datePublished\":\"2018-09-27T14:36:31+00:00\",\"dateModified\":\"2019-04-09T20:04:18+00:00\",\"description\":\"MEC pede altera\u00e7\u00e3o do in\u00edcio do hor\u00e1rio de ver\u00e3o por coincidir com datas das provas do ENEM\",\"breadcrumb\":{\"@id\":\"https:\/\/www.estrategiaconcursos.com.br\/blog\/mec-pede-alteracao-do-inicio-do-horario-de-verao\/#breadcrumb\"},\"inLanguage\":\"pt-BR\",\"potentialAction\":[{\"@type\":\"ReadAction\",\"target\":[\"https:\/\/www.estrategiaconcursos.com.br\/blog\/mec-pede-alteracao-do-inicio-do-horario-de-verao\/\"]}]},{\"@type\":\"BreadcrumbList\",\"@id\":\"https:\/\/www.estrategiaconcursos.com.br\/blog\/mec-pede-alteracao-do-inicio-do-horario-de-verao\/#breadcrumb\",\"itemListElement\":[{\"@type\":\"ListItem\",\"position\":1,\"name\":\"In\u00edcio\",\"item\":\"https:\/\/www.estrategiaconcursos.com.br\/blog\/\"},{\"@type\":\"ListItem\",\"position\":2,\"name\":\"MEC pede altera\u00e7\u00e3o do in\u00edcio do hor\u00e1rio de ver\u00e3o por coincidir com datas das provas do ENEM\"}]},{\"@type\":\"WebSite\",\"@id\":\"https:\/\/www.estrategiaconcursos.com.br\/blog\/#website\",\"url\":\"https:\/\/www.estrategiaconcursos.com.br\/blog\/\",\"name\":\"Estrat\u00e9gia Concursos\",\"description\":\"O blog da Estrat\u00e9gia Concursos traz not\u00edcias sobre concursos e artigos de professores oferecendo cursos para concursos (pdf + videaulas) no site.\",\"publisher\":{\"@id\":\"https:\/\/www.estrategiaconcursos.com.br\/blog\/#organization\"},\"potentialAction\":[{\"@type\":\"SearchAction\",\"target\":{\"@type\":\"EntryPoint\",\"urlTemplate\":\"https:\/\/www.estrategiaconcursos.com.br\/blog\/?s={search_term_string}\"},\"query-input\":{\"@type\":\"PropertyValueSpecification\",\"valueRequired\":true,\"valueName\":\"search_term_string\"}}],\"inLanguage\":\"pt-BR\"},{\"@type\":\"Organization\",\"@id\":\"https:\/\/www.estrategiaconcursos.com.br\/blog\/#organization\",\"name\":\"Estrat\u00e9gia Concursos\",\"url\":\"https:\/\/www.estrategiaconcursos.com.br\/blog\/\",\"logo\":{\"@type\":\"ImageObject\",\"inLanguage\":\"pt-BR\",\"@id\":\"https:\/\/www.estrategiaconcursos.com.br\/blog\/#\/schema\/logo\/image\/\",\"url\":\"https:\/\/dhg1h5j42swfq.cloudfront.net\/2025\/06\/03203428\/logo_concursos-1.jpg\",\"contentUrl\":\"https:\/\/dhg1h5j42swfq.cloudfront.net\/2025\/06\/03203428\/logo_concursos-1.jpg\",\"width\":230,\"height\":60,\"caption\":\"Estrat\u00e9gia Concursos\"},\"image\":{\"@id\":\"https:\/\/www.estrategiaconcursos.com.br\/blog\/#\/schema\/logo\/image\/\"},\"sameAs\":[\"https:\/\/x.com\/EstratConcursos\"]},{\"@type\":\"Person\",\"@id\":\"https:\/\/www.estrategiaconcursos.com.br\/blog\/#\/schema\/person\/86e4af37234d422e94ca7e825b416814\",\"name\":\"Daniel dos Reis Lopes\",\"image\":{\"@type\":\"ImageObject\",\"inLanguage\":\"pt-BR\",\"@id\":\"https:\/\/secure.gravatar.com\/avatar\/ea24ef981da4044d0a66f44402441129fdde22c4c8d87f39a45cae8d4f82075a?s=96&d=mm&r=g\",\"url\":\"https:\/\/secure.gravatar.com\/avatar\/ea24ef981da4044d0a66f44402441129fdde22c4c8d87f39a45cae8d4f82075a?s=96&d=mm&r=g\",\"contentUrl\":\"https:\/\/secure.gravatar.com\/avatar\/ea24ef981da4044d0a66f44402441129fdde22c4c8d87f39a45cae8d4f82075a?s=96&d=mm&r=g\",\"caption\":\"Daniel dos Reis Lopes\"},\"url\":\"https:\/\/www.estrategiaconcursos.com.br\/blog\/author\/d-reislopesgmail-com\/\"}]}<\/script>\n<!-- \/ Yoast SEO Premium plugin. -->","yoast_head_json":{"title":"MEC pede altera\u00e7\u00e3o do in\u00edcio do hor\u00e1rio de ver\u00e3o por coincidir datas","description":"MEC pede altera\u00e7\u00e3o do in\u00edcio do hor\u00e1rio de ver\u00e3o por coincidir com datas das provas do ENEM","robots":{"index":"index","follow":"follow","max-snippet":"max-snippet:-1","max-image-preview":"max-image-preview:large","max-video-preview":"max-video-preview:-1"},"canonical":"https:\/\/www.estrategiaconcursos.com.br\/blog\/mec-pede-alteracao-do-inicio-do-horario-de-verao\/","og_locale":"pt_BR","og_type":"article","og_title":"MEC pede altera\u00e7\u00e3o do in\u00edcio do hor\u00e1rio de ver\u00e3o por coincidir com datas das provas do ENEM","og_description":"MEC pede altera\u00e7\u00e3o do in\u00edcio do hor\u00e1rio de ver\u00e3o por coincidir com datas das provas do ENEM","og_url":"https:\/\/www.estrategiaconcursos.com.br\/blog\/mec-pede-alteracao-do-inicio-do-horario-de-verao\/","og_site_name":"Estrat\u00e9gia Concursos","article_published_time":"2018-09-27T14:36:31+00:00","article_modified_time":"2019-04-09T20:04:18+00:00","author":"Daniel dos Reis Lopes","twitter_card":"summary_large_image","twitter_creator":"@EstratConcursos","twitter_site":"@EstratConcursos","twitter_misc":{"Escrito por":"Daniel dos Reis Lopes","Est. tempo de leitura":"1 minuto"},"schema":{"@context":"https:\/\/schema.org","@graph":[{"@type":"NewsArticle","@id":"https:\/\/www.estrategiaconcursos.com.br\/blog\/mec-pede-alteracao-do-inicio-do-horario-de-verao\/#article","isPartOf":{"@id":"https:\/\/www.estrategiaconcursos.com.br\/blog\/mec-pede-alteracao-do-inicio-do-horario-de-verao\/"},"author":{"name":"Daniel dos Reis Lopes","@id":"https:\/\/www.estrategiaconcursos.com.br\/blog\/#\/schema\/person\/86e4af37234d422e94ca7e825b416814"},"headline":"MEC pede altera\u00e7\u00e3o do in\u00edcio do hor\u00e1rio de ver\u00e3o por coincidir com datas das provas do ENEM","datePublished":"2018-09-27T14:36:31+00:00","dateModified":"2019-04-09T20:04:18+00:00","mainEntityOfPage":{"@id":"https:\/\/www.estrategiaconcursos.com.br\/blog\/mec-pede-alteracao-do-inicio-do-horario-de-verao\/"},"wordCount":279,"commentCount":0,"publisher":{"@id":"https:\/\/www.estrategiaconcursos.com.br\/blog\/#organization"},"articleSection":["Concursos P\u00fablicos"],"inLanguage":"pt-BR","potentialAction":[{"@type":"CommentAction","name":"Comment","target":["https:\/\/www.estrategiaconcursos.com.br\/blog\/mec-pede-alteracao-do-inicio-do-horario-de-verao\/#respond"]}],"copyrightYear":"2018","copyrightHolder":{"@id":"https:\/\/www.estrategiaconcursos.com.br\/blog\/#organization"}},{"@type":"WebPage","@id":"https:\/\/www.estrategiaconcursos.com.br\/blog\/mec-pede-alteracao-do-inicio-do-horario-de-verao\/","url":"https:\/\/www.estrategiaconcursos.com.br\/blog\/mec-pede-alteracao-do-inicio-do-horario-de-verao\/","name":"MEC pede altera\u00e7\u00e3o do in\u00edcio do hor\u00e1rio de ver\u00e3o por coincidir datas","isPartOf":{"@id":"https:\/\/www.estrategiaconcursos.com.br\/blog\/#website"},"datePublished":"2018-09-27T14:36:31+00:00","dateModified":"2019-04-09T20:04:18+00:00","description":"MEC pede altera\u00e7\u00e3o do in\u00edcio do hor\u00e1rio de ver\u00e3o por coincidir com datas das provas do ENEM","breadcrumb":{"@id":"https:\/\/www.estrategiaconcursos.com.br\/blog\/mec-pede-alteracao-do-inicio-do-horario-de-verao\/#breadcrumb"},"inLanguage":"pt-BR","potentialAction":[{"@type":"ReadAction","target":["https:\/\/www.estrategiaconcursos.com.br\/blog\/mec-pede-alteracao-do-inicio-do-horario-de-verao\/"]}]},{"@type":"BreadcrumbList","@id":"https:\/\/www.estrategiaconcursos.com.br\/blog\/mec-pede-alteracao-do-inicio-do-horario-de-verao\/#breadcrumb","itemListElement":[{"@type":"ListItem","position":1,"name":"In\u00edcio","item":"https:\/\/www.estrategiaconcursos.com.br\/blog\/"},{"@type":"ListItem","position":2,"name":"MEC pede altera\u00e7\u00e3o do in\u00edcio do hor\u00e1rio de ver\u00e3o por coincidir com datas das provas do ENEM"}]},{"@type":"WebSite","@id":"https:\/\/www.estrategiaconcursos.com.br\/blog\/#website","url":"https:\/\/www.estrategiaconcursos.com.br\/blog\/","name":"Estrat\u00e9gia Concursos","description":"O blog da Estrat\u00e9gia Concursos traz not\u00edcias sobre concursos e artigos de professores oferecendo cursos para concursos (pdf + videaulas) no site.","publisher":{"@id":"https:\/\/www.estrategiaconcursos.com.br\/blog\/#organization"},"potentialAction":[{"@type":"SearchAction","target":{"@type":"EntryPoint","urlTemplate":"https:\/\/www.estrategiaconcursos.com.br\/blog\/?s={search_term_string}"},"query-input":{"@type":"PropertyValueSpecification","valueRequired":true,"valueName":"search_term_string"}}],"inLanguage":"pt-BR"},{"@type":"Organization","@id":"https:\/\/www.estrategiaconcursos.com.br\/blog\/#organization","name":"Estrat\u00e9gia Concursos","url":"https:\/\/www.estrategiaconcursos.com.br\/blog\/","logo":{"@type":"ImageObject","inLanguage":"pt-BR","@id":"https:\/\/www.estrategiaconcursos.com.br\/blog\/#\/schema\/logo\/image\/","url":"https:\/\/dhg1h5j42swfq.cloudfront.net\/2025\/06\/03203428\/logo_concursos-1.jpg","contentUrl":"https:\/\/dhg1h5j42swfq.cloudfront.net\/2025\/06\/03203428\/logo_concursos-1.jpg","width":230,"height":60,"caption":"Estrat\u00e9gia Concursos"},"image":{"@id":"https:\/\/www.estrategiaconcursos.com.br\/blog\/#\/schema\/logo\/image\/"},"sameAs":["https:\/\/x.com\/EstratConcursos"]},{"@type":"Person","@id":"https:\/\/www.estrategiaconcursos.com.br\/blog\/#\/schema\/person\/86e4af37234d422e94ca7e825b416814","name":"Daniel dos Reis Lopes","image":{"@type":"ImageObject","inLanguage":"pt-BR","@id":"https:\/\/secure.gravatar.com\/avatar\/ea24ef981da4044d0a66f44402441129fdde22c4c8d87f39a45cae8d4f82075a?s=96&d=mm&r=g","url":"https:\/\/secure.gravatar.com\/avatar\/ea24ef981da4044d0a66f44402441129fdde22c4c8d87f39a45cae8d4f82075a?s=96&d=mm&r=g","contentUrl":"https:\/\/secure.gravatar.com\/avatar\/ea24ef981da4044d0a66f44402441129fdde22c4c8d87f39a45cae8d4f82075a?s=96&d=mm&r=g","caption":"Daniel dos Reis Lopes"},"url":"https:\/\/www.estrategiaconcursos.com.br\/blog\/author\/d-reislopesgmail-com\/"}]}},"_links":{"self":[{"href":"https:\/\/www.estrategiaconcursos.com.br\/blog\/wp-json\/wp\/v2\/posts\/143655","targetHints":{"allow":["GET"]}}],"collection":[{"href":"https:\/\/www.estrategiaconcursos.com.br\/blog\/wp-json\/wp\/v2\/posts"}],"about":[{"href":"https:\/\/www.estrategiaconcursos.com.br\/blog\/wp-json\/wp\/v2\/types\/post"}],"author":[{"embeddable":true,"href":"https:\/\/www.estrategiaconcursos.com.br\/blog\/wp-json\/wp\/v2\/users\/263"}],"replies":[{"embeddable":true,"href":"https:\/\/www.estrategiaconcursos.com.br\/blog\/wp-json\/wp\/v2\/comments?post=143655"}],"version-history":[{"count":11,"href":"https:\/\/www.estrategiaconcursos.com.br\/blog\/wp-json\/wp\/v2\/posts\/143655\/revisions"}],"predecessor-version":[{"id":143681,"href":"https:\/\/www.estrategiaconcursos.com.br\/blog\/wp-json\/wp\/v2\/posts\/143655\/revisions\/143681"}],"wp:attachment":[{"href":"https:\/\/www.estrategiaconcursos.com.br\/blog\/wp-json\/wp\/v2\/media?parent=143655"}],"wp:term":[{"taxonomy":"category","embeddable":true,"href":"https:\/\/www.estrategiaconcursos.com.br\/blog\/wp-json\/wp\/v2\/categories?post=143655"},{"taxonomy":"post_tag","embeddable":true,"href":"https:\/\/www.estrategiaconcursos.com.br\/blog\/wp-json\/wp\/v2\/tags?post=143655"},{"taxonomy":"tax_estado","embeddable":true,"href":"https:\/\/www.estrategiaconcursos.com.br\/blog\/wp-json\/wp\/v2\/tax_estado?post=143655"}],"curies":[{"name":"wp","href":"https:\/\/api.w.org\/{rel}","templated":true}]}}