{"id":143580,"date":"2018-10-01T00:46:11","date_gmt":"2018-10-01T03:46:11","guid":{"rendered":"https:\/\/www.estrategiaconcursos.com.br\/blog\/?p=143580"},"modified":"2022-11-30T17:16:36","modified_gmt":"2022-11-30T20:16:36","slug":"gabarito-extraoficial-pm-al-atualidades","status":"publish","type":"post","link":"https:\/\/www.estrategiaconcursos.com.br\/blog\/gabarito-extraoficial-pm-al-atualidades\/","title":{"rendered":"Gabarito Extraoficial PM-AL &#8211; Atualidades"},"content":{"rendered":"<p style=\"text-align: justify;\">Ol\u00e1, pessoal! Tudo bem? Nesse domingo (30\/09), foi realizada a prova da PM-AL. Foram cobradas 10 (dez) quest\u00f5es de Atualidades. Quem fez o nosso curso e estudou adequadamente foi muito bem na prova. V\u00e1rias quest\u00f5es foram bem trabalhadas na nossa revis\u00e3o de v\u00e9spera de prova.<\/p>\n<p style=\"text-align: justify;\">A princ\u00edpio n\u00e3o vislumbro possibilidade de pol\u00eamicas.<\/p>\n<p style=\"text-align: justify;\">Abra\u00e7os,<\/p>\n<p style=\"text-align: justify;\">Prof. Leandro Signori<\/p>\n<p style=\"text-align: center;\"><span style=\"color: #0000ff;\"><strong>PROVA \u2013 PM-AL \u2013 SOLDADO COMBATENTE<\/strong><\/span><\/p>\n<p><img loading=\"lazy\" decoding=\"async\" class=\"alignnone wp-image-144756\" src=\"https:\/\/dhg1h5j42swfq.cloudfront.net\/2018\/10\/01003038\/1.png\" alt=\"\" width=\"499\" height=\"318\" srcset=\"https:\/\/dhg1h5j42swfq.cloudfront.net\/2018\/10\/01003038\/1.png 519w, https:\/\/dhg1h5j42swfq.cloudfront.net\/2018\/10\/01003038\/1.png 300w\" sizes=\"auto, (max-width: 499px) 100vw, 499px\" \/><\/p>\n<p style=\"text-align: justify;\"><strong><u>COMENT\u00c1RIOS:<\/u><\/strong><\/p>\n<p style=\"text-align: justify;\">Quest\u00e3o de interpreta\u00e7\u00e3o de texto e de matem\u00e1tica b\u00e1sica em Atualidades. Kkkkk. Gasto da iniciativa privada: 264 bilh\u00f5es. Gasto do Estado com seguran\u00e7a e sistema prisional: 101 bilh\u00f5es. O dobro \u00e9 202 bilh\u00f5es, ou seja, o gasto da iniciativa privada foi mais que o dobro do gasto do Estado com seguran\u00e7a e sistema prisional.<\/p>\n<p style=\"text-align: justify;\"><strong>Gabarito: Certo<\/strong><\/p>\n<p><img loading=\"lazy\" decoding=\"async\" class=\"alignnone wp-image-144757\" src=\"https:\/\/dhg1h5j42swfq.cloudfront.net\/2018\/10\/01003143\/2.png\" alt=\"\" width=\"489\" height=\"75\" srcset=\"https:\/\/dhg1h5j42swfq.cloudfront.net\/2018\/10\/01003143\/2.png 449w, https:\/\/dhg1h5j42swfq.cloudfront.net\/2018\/10\/01003143\/2.png 300w\" sizes=\"auto, (max-width: 489px) 100vw, 489px\" \/><\/p>\n<p style=\"text-align: justify;\"><strong><u>COMENT\u00c1RIOS:<\/u><\/strong><\/p>\n<p style=\"text-align: justify;\">Claro que n\u00e3o, os \u00edndices elevados de viol\u00eancias atingem tamb\u00e9m, diretamente, regi\u00f5es interioranas.<\/p>\n<p style=\"text-align: justify;\"><strong>Gabarito: Errado<\/strong><\/p>\n<p style=\"text-align: justify;\"><strong>\u00a0<\/strong><\/p>\n<p style=\"text-align: justify;\"><strong>\u00a0<img loading=\"lazy\" decoding=\"async\" class=\"alignnone wp-image-144758\" src=\"https:\/\/dhg1h5j42swfq.cloudfront.net\/2018\/10\/01003300\/3.png\" alt=\"\" width=\"484\" height=\"71\" srcset=\"https:\/\/dhg1h5j42swfq.cloudfront.net\/2018\/10\/01003300\/3.png 450w, https:\/\/dhg1h5j42swfq.cloudfront.net\/2018\/10\/01003300\/3.png 300w\" sizes=\"auto, (max-width: 484px) 100vw, 484px\" \/><\/strong><\/p>\n<p style=\"text-align: justify;\"><strong><u>COMENT\u00c1RIOS:<\/u><\/strong><\/p>\n<p style=\"text-align: justify;\">\u00c9 o que indicam as estat\u00edsticas, os dados e os estudos na \u00e1rea de seguran\u00e7a p\u00fablica. Os dados recentes da 12\u00ba Anu\u00e1rio Brasileiro de Seguran\u00e7a P\u00fablica corroboram com a afirma\u00e7\u00e3o da quest\u00e3o.<\/p>\n<p style=\"text-align: justify;\"><strong>Gabarito: Certo<\/strong><\/p>\n<p><img loading=\"lazy\" decoding=\"async\" class=\"alignnone wp-image-144759\" src=\"https:\/\/dhg1h5j42swfq.cloudfront.net\/2018\/10\/01003326\/4.png\" alt=\"\" width=\"491\" height=\"77\" srcset=\"https:\/\/dhg1h5j42swfq.cloudfront.net\/2018\/10\/01003326\/4.png 453w, https:\/\/dhg1h5j42swfq.cloudfront.net\/2018\/10\/01003326\/4.png 300w\" sizes=\"auto, (max-width: 491px) 100vw, 491px\" \/><\/p>\n<p style=\"text-align: justify;\"><strong><u>COMENT\u00c1RIOS:<\/u><\/strong><\/p>\n<p style=\"text-align: justify;\">N\u00e3o \u00e9 cada vez menor, n\u00e3o diminuiu a atua\u00e7\u00e3o do crime organizado em escala global. Os resultados de d\u00e9cadas de combate as drogas il\u00edcitas n\u00e3o indicam \u00eaxito dos governos na redu\u00e7\u00e3o do seu consumo e no desmantelamento e\/ou enfraquecimento do crime organizado em escala global.<\/p>\n<p style=\"text-align: justify;\"><strong>Gabarito: Errado<\/strong><\/p>\n<p style=\"text-align: justify;\"><strong>\u00a0<img loading=\"lazy\" decoding=\"async\" class=\"alignnone wp-image-144760\" src=\"https:\/\/dhg1h5j42swfq.cloudfront.net\/2018\/10\/01003506\/5.png\" alt=\"\" width=\"485\" height=\"63\" srcset=\"https:\/\/dhg1h5j42swfq.cloudfront.net\/2018\/10\/01003506\/5.png 453w, https:\/\/dhg1h5j42swfq.cloudfront.net\/2018\/10\/01003506\/5.png 300w\" sizes=\"auto, (max-width: 485px) 100vw, 485px\" \/><\/strong><\/p>\n<p style=\"text-align: justify;\"><strong><u>COMENT\u00c1RIOS:<\/u><\/strong><\/p>\n<p style=\"text-align: justify;\">Segundo o economista Daniel Cerqueira, do IPEA, o Brasil perde algo em torno de 6% do PIB a cada ano em face do crime e da viol\u00eancia letal.\u00a0S\u00e3o custos que est\u00e3o relacionados \u00e0s despesas de manuten\u00e7\u00e3o do aparato de seguran\u00e7a p\u00fablica, do sistema prisional e de cumprimento de medidas socioeducativas, em servi\u00e7os de seguran\u00e7a particular e privada, em seguros contra furtos e roubos e no sistema de sa\u00fade, com o atendimento de v\u00edtimas da viol\u00eancia.<\/p>\n<p style=\"text-align: justify;\">A viol\u00eancia afeta tamb\u00e9m as atividades econ\u00f4micas, a exemplo de atividades comerciais suspensas ou seriamente prejudicadas pela redu\u00e7\u00e3o do consumo e pela diminui\u00e7\u00e3o da venda de produtos de maior valor, devido ao medo dos consumidores de serem roubados. Outro setor que sofre as consequ\u00eancias dos elevados \u00edndices de viol\u00eancia \u00e9 o turismo. Algumas cidades brasileiras deixam de arrecadar milh\u00f5es em fun\u00e7\u00e3o da criminalidade.<\/p>\n<p style=\"text-align: justify;\">Sem d\u00favida, para al\u00e9m dos custos econ\u00f4micos, a maior de todas as perdas \u00e9 a de vidas humanas. Mas, mesmo nesse aspecto, h\u00e1 um custo econ\u00f4mico, uma vez que o Estado e as fam\u00edlias investiram recursos nessas vidas em sa\u00fade, educa\u00e7\u00e3o, lazer, alimenta\u00e7\u00e3o etc.<\/p>\n<p style=\"text-align: justify;\">Como a maior parte das v\u00edtimas de homic\u00eddios \u00e9 de pessoas jovens, h\u00e1, ainda, uma grandiosa perda futura de gera\u00e7\u00e3o de riqueza para o Estado e a sociedade. S\u00e3o pessoas que poderiam viver por muitas d\u00e9cadas, produzindo, consumindo e pagando impostos que reverteriam em benef\u00edcio da sociedade.<\/p>\n<p style=\"text-align: justify;\"><strong>Gabarito: Certo<\/strong><\/p>\n<p style=\"text-align: justify;\"><strong>\u00a0<\/strong><\/p>\n<p style=\"text-align: justify;\"><strong>\u00a0<img loading=\"lazy\" decoding=\"async\" class=\"alignnone wp-image-144761\" src=\"https:\/\/dhg1h5j42swfq.cloudfront.net\/2018\/10\/01003616\/6.png\" alt=\"\" width=\"473\" height=\"222\" srcset=\"https:\/\/dhg1h5j42swfq.cloudfront.net\/2018\/10\/01003616\/6.png 518w, https:\/\/dhg1h5j42swfq.cloudfront.net\/2018\/10\/01003616\/6.png 300w\" sizes=\"auto, (max-width: 473px) 100vw, 473px\" \/><\/strong><\/p>\n<p><img loading=\"lazy\" decoding=\"async\" class=\"alignnone wp-image-144762\" src=\"https:\/\/dhg1h5j42swfq.cloudfront.net\/2018\/10\/01003742\/7.png\" alt=\"\" width=\"477\" height=\"97\" srcset=\"https:\/\/dhg1h5j42swfq.cloudfront.net\/2018\/10\/01003742\/7.png 425w, https:\/\/dhg1h5j42swfq.cloudfront.net\/2018\/10\/01003742\/7.png 300w\" sizes=\"auto, (max-width: 477px) 100vw, 477px\" \/><\/p>\n<p style=\"text-align: justify;\"><strong><u>COMENT\u00c1RIOS:<\/u><\/strong><\/p>\n<p style=\"text-align: justify;\">O futebol \u00e9 um esporte bastante globalizado e a Copa do Mundo da FIFA \u2013 R\u00fassia 2018, demonstrou mais uma vez isto. \u00c9 s\u00f3 verificarmos a quantidade de jogadores de origem familiar estrangeira em v\u00e1rias sele\u00e7\u00f5es, como os afrodescendentes. Exemplo muito comentado \u00e9 o da sele\u00e7\u00e3o da Fran\u00e7a, campe\u00e3 da Copa do Mundo de 2018. Dos 23 jogadores dessa sele\u00e7\u00e3o dois s\u00e3o nascidos em outros pa\u00edses, outros dois s\u00e3o nascidos em territ\u00f3rios que pertencem \u00e0 Fran\u00e7a, mas possuem sele\u00e7\u00f5es\u00a0pr\u00f3prias, 11 t\u00eam pais nascidos em outros pa\u00edses\u00a0e quatro t\u00eam av\u00f3s e antepassados em outros pa\u00edses.<\/p>\n<p style=\"text-align: justify;\"><strong>Gabarito: Errado<\/strong><\/p>\n<p style=\"text-align: justify;\"><strong>\u00a0<\/strong><\/p>\n<p><img loading=\"lazy\" decoding=\"async\" class=\"alignnone wp-image-144763\" src=\"https:\/\/dhg1h5j42swfq.cloudfront.net\/2018\/10\/01003859\/8.png\" alt=\"\" width=\"478\" height=\"75\" srcset=\"https:\/\/dhg1h5j42swfq.cloudfront.net\/2018\/10\/01003859\/8.png 438w, https:\/\/dhg1h5j42swfq.cloudfront.net\/2018\/10\/01003859\/8.png 300w\" sizes=\"auto, (max-width: 478px) 100vw, 478px\" \/><\/p>\n<p style=\"text-align: justify;\"><strong><u>COMENT\u00c1RIOS:<\/u><\/strong><\/p>\n<p style=\"text-align: justify;\">O texto se refere \u00e0 separa\u00e7\u00e3o de crian\u00e7as do seus pais no \u00e2mbito das medidas restritivas \u00e0 imigra\u00e7\u00e3o ilegal nos Estados Unidos. Sob o governo de Donald Trump, os EUA t\u00eam agido duramente contra a imigra\u00e7\u00e3o ilegal. Nas palavras de Donald Trump: toler\u00e2ncia zero.<\/p>\n<p style=\"text-align: justify;\"><strong>Gabarito: Certo<\/strong><\/p>\n<p><img loading=\"lazy\" decoding=\"async\" class=\"alignnone wp-image-144764\" src=\"https:\/\/dhg1h5j42swfq.cloudfront.net\/2018\/10\/01004007\/9.png\" alt=\"\" width=\"478\" height=\"102\" srcset=\"https:\/\/dhg1h5j42swfq.cloudfront.net\/2018\/10\/01004007\/9.png 436w, https:\/\/dhg1h5j42swfq.cloudfront.net\/2018\/10\/01004007\/9.png 300w\" sizes=\"auto, (max-width: 478px) 100vw, 478px\" \/><\/p>\n<p style=\"text-align: justify;\"><strong><u>COMENT\u00c1RIOS:<\/u><\/strong><\/p>\n<p style=\"text-align: justify;\">A quest\u00e3o se refere ao caso dos 12 meninos e do treinador do time de futebol dos Javalis Selvagens, que ficaram v\u00e1rios dias presos nas profundezas de uma caverna que foi inundada pelas \u00e1guas da chuva. Foram encontrados v\u00e1rios dias depois e retirados, ap\u00f3s alguns dias, em uma complexa opera\u00e7\u00e3o de resgate da qual participaram especialistas de v\u00e1rios pa\u00edses.<\/p>\n<p style=\"text-align: justify;\"><strong>Gabarito: Certo<\/strong><\/p>\n<p style=\"text-align: justify;\"><strong>\u00a0<\/strong><\/p>\n<p><img loading=\"lazy\" decoding=\"async\" class=\"alignnone wp-image-144765\" src=\"https:\/\/dhg1h5j42swfq.cloudfront.net\/2018\/10\/01004057\/10.png\" alt=\"\" width=\"480\" height=\"80\" srcset=\"https:\/\/dhg1h5j42swfq.cloudfront.net\/2018\/10\/01004057\/10.png 442w, https:\/\/dhg1h5j42swfq.cloudfront.net\/2018\/10\/01004057\/10.png 300w\" sizes=\"auto, (max-width: 480px) 100vw, 480px\" \/><\/p>\n<p style=\"text-align: justify;\"><strong><u>COMENT\u00c1RIOS:<\/u><\/strong><\/p>\n<p style=\"text-align: justify;\">Salta aos olhos o erro da quest\u00e3o. Os imigrantes n\u00e3o t\u00eam recebido integral apoio, tampouco t\u00eam sido acolhidos sem reservas, seja por governos europeus do leste ou do oeste. Na verdade, h\u00e1 muitas resist\u00eancias de governos e pa\u00edses.<\/p>\n<p style=\"text-align: justify;\"><strong>Gabarito: Errado<\/strong><\/p>\n<p style=\"text-align: justify;\"><strong>\u00a0<img loading=\"lazy\" decoding=\"async\" class=\"alignnone wp-image-144766\" src=\"https:\/\/dhg1h5j42swfq.cloudfront.net\/2018\/10\/01004148\/11.png\" alt=\"\" width=\"474\" height=\"98\" srcset=\"https:\/\/dhg1h5j42swfq.cloudfront.net\/2018\/10\/01004148\/11.png 458w, https:\/\/dhg1h5j42swfq.cloudfront.net\/2018\/10\/01004148\/11.png 300w\" sizes=\"auto, (max-width: 474px) 100vw, 474px\" \/><\/strong><\/p>\n<p style=\"text-align: justify;\"><strong><u>COMENT\u00c1RIOS:<\/u><\/strong><\/p>\n<p style=\"text-align: justify;\">Em geral, as atuais correntes migrat\u00f3rias s\u00e3o formadas por pessoas com baixa qualifica\u00e7\u00e3o educacional e t\u00e9cnica, em busca de sal\u00e1rios mais altos.<\/p>\n<p style=\"text-align: justify;\"><strong>Gabarito: Errado<\/strong><\/p>\n<p style=\"text-align: center;\">N\u00e3o deixe de participar do\u00a0<strong><em>Ranking PM AL\u00a0<\/em><\/strong>para conferir seu desempenho na prova. Clique na imagem abaixo para cadastrar seu gabarito:<\/p>\n<p><a href=\"https:\/\/www.estrategiaconcursos.com.br\/blog\/ranking-pm-al\/\" target=\"_blank\" rel=\"noopener noreferrer\"><img loading=\"lazy\" decoding=\"async\" class=\"aligncenter size-full wp-image-144944\" src=\"https:\/\/dhg1h5j42swfq.cloudfront.net\/2018\/10\/01140726\/PM-AL1.jpg\" alt=\"\" width=\"1184\" height=\"183\" srcset=\"https:\/\/dhg1h5j42swfq.cloudfront.net\/2018\/10\/01140726\/PM-AL1.jpg 1184w, https:\/\/dhg1h5j42swfq.cloudfront.net\/2018\/10\/01140726\/PM-AL1.jpg 300w, https:\/\/dhg1h5j42swfq.cloudfront.net\/2018\/10\/01140726\/PM-AL1.jpg 768w, https:\/\/dhg1h5j42swfq.cloudfront.net\/2018\/10\/01140726\/PM-AL1.jpg 1024w, https:\/\/dhg1h5j42swfq.cloudfront.net\/2018\/10\/01140726\/PM-AL1.jpg 610w\" sizes=\"auto, (max-width: 1184px) 100vw, 1184px\" \/><\/a><\/p>\n","protected":false},"excerpt":{"rendered":"<p>Ol\u00e1, pessoal! Tudo bem? Nesse domingo (30\/09), foi realizada a prova da PM-AL. Foram cobradas 10 (dez) quest\u00f5es de Atualidades. Quem fez o nosso curso e estudou adequadamente foi muito bem na prova. V\u00e1rias quest\u00f5es foram bem trabalhadas na nossa revis\u00e3o de v\u00e9spera de prova. A princ\u00edpio n\u00e3o vislumbro possibilidade de pol\u00eamicas. Abra\u00e7os, Prof. Leandro [&hellip;]<\/p>\n","protected":false},"author":306,"featured_media":0,"comment_status":"open","ping_status":"closed","sticky":false,"template":"","format":"standard","meta":{"post_tipo":"article","footnotes":""},"categories":[1,1988],"tags":[549,31338,3034,3756,3032],"tax_estado":[],"class_list":["post-143580","post","type-post","status-publish","format-standard","hentry","category-cursos-e-concursos","category-policia","tag-atualidades","tag-atualidades-pm-al","tag-gabarito-extraoficial-pm-al","tag-leandro-signori","tag-pm-al"],"acf":[],"yoast_head":"<!-- This site is optimized with the Yoast SEO Premium plugin v27.2 (Yoast SEO v27.2) - https:\/\/yoast.com\/product\/yoast-seo-premium-wordpress\/ -->\n<title>Gabarito Extraoficial PM-AL - Atualidades<\/title>\n<meta name=\"robots\" content=\"index, follow, max-snippet:-1, max-image-preview:large, max-video-preview:-1\" \/>\n<link rel=\"canonical\" href=\"https:\/\/www.estrategiaconcursos.com.br\/blog\/gabarito-extraoficial-pm-al-atualidades\/\" \/>\n<meta property=\"og:locale\" content=\"pt_BR\" \/>\n<meta property=\"og:type\" content=\"article\" \/>\n<meta property=\"og:title\" content=\"Gabarito Extraoficial PM-AL - Atualidades\" \/>\n<meta property=\"og:description\" content=\"Ol\u00e1, pessoal! Tudo bem? Nesse domingo (30\/09), foi realizada a prova da PM-AL. Foram cobradas 10 (dez) quest\u00f5es de Atualidades. Quem fez o nosso curso e estudou adequadamente foi muito bem na prova. V\u00e1rias quest\u00f5es foram bem trabalhadas na nossa revis\u00e3o de v\u00e9spera de prova. A princ\u00edpio n\u00e3o vislumbro possibilidade de pol\u00eamicas. Abra\u00e7os, Prof. Leandro [&hellip;]\" \/>\n<meta property=\"og:url\" content=\"https:\/\/www.estrategiaconcursos.com.br\/blog\/gabarito-extraoficial-pm-al-atualidades\/\" \/>\n<meta property=\"og:site_name\" content=\"Estrat\u00e9gia Concursos\" \/>\n<meta property=\"article:author\" content=\"https:\/\/www.facebook.com\/leandrosignoriatualidades\/\" \/>\n<meta property=\"article:published_time\" content=\"2018-10-01T03:46:11+00:00\" \/>\n<meta property=\"article:modified_time\" content=\"2022-11-30T20:16:36+00:00\" \/>\n<meta property=\"og:image\" content=\"https:\/\/www.estrategiaconcursos.com.br\/blog\/wp-content\/uploads\/2018\/10\/1.png\" \/>\n<meta name=\"author\" content=\"Leandro Signori\" \/>\n<meta name=\"twitter:card\" content=\"summary_large_image\" \/>\n<meta name=\"twitter:creator\" content=\"@EstratConcursos\" \/>\n<meta name=\"twitter:site\" content=\"@EstratConcursos\" \/>\n<meta name=\"twitter:label1\" content=\"Escrito por\" \/>\n\t<meta name=\"twitter:data1\" content=\"Leandro Signori\" \/>\n\t<meta name=\"twitter:label2\" content=\"Est. tempo de leitura\" \/>\n\t<meta name=\"twitter:data2\" content=\"4 minutos\" \/>\n<script type=\"application\/ld+json\" class=\"yoast-schema-graph\">{\"@context\":\"https:\/\/schema.org\",\"@graph\":[{\"@type\":\"NewsArticle\",\"@id\":\"https:\/\/www.estrategiaconcursos.com.br\/blog\/gabarito-extraoficial-pm-al-atualidades\/#article\",\"isPartOf\":{\"@id\":\"https:\/\/www.estrategiaconcursos.com.br\/blog\/gabarito-extraoficial-pm-al-atualidades\/\"},\"author\":{\"name\":\"Leandro Signori\",\"@id\":\"https:\/\/www.estrategiaconcursos.com.br\/blog\/#\/schema\/person\/d2e7d78de4b9d6ba51cc24fd558a7f42\"},\"headline\":\"Gabarito Extraoficial PM-AL &#8211; Atualidades\",\"datePublished\":\"2018-10-01T03:46:11+00:00\",\"dateModified\":\"2022-11-30T20:16:36+00:00\",\"mainEntityOfPage\":{\"@id\":\"https:\/\/www.estrategiaconcursos.com.br\/blog\/gabarito-extraoficial-pm-al-atualidades\/\"},\"wordCount\":850,\"commentCount\":0,\"publisher\":{\"@id\":\"https:\/\/www.estrategiaconcursos.com.br\/blog\/#organization\"},\"image\":{\"@id\":\"https:\/\/www.estrategiaconcursos.com.br\/blog\/gabarito-extraoficial-pm-al-atualidades\/#primaryimage\"},\"thumbnailUrl\":\"https:\/\/www.estrategiaconcursos.com.br\/blog\/wp-content\/uploads\/2018\/10\/1.png\",\"keywords\":[\"Atualidades\",\"ATUALIDADES PM-AL\",\"GABARITO EXTRAOFICIAL PM-AL\",\"Leandro Signori\",\"PM-AL\"],\"articleSection\":[\"Concursos P\u00fablicos\",\"Policial (Agente, Escriv\u00e3o e Investigador)\"],\"inLanguage\":\"pt-BR\",\"potentialAction\":[{\"@type\":\"CommentAction\",\"name\":\"Comment\",\"target\":[\"https:\/\/www.estrategiaconcursos.com.br\/blog\/gabarito-extraoficial-pm-al-atualidades\/#respond\"]}],\"copyrightYear\":\"2018\",\"copyrightHolder\":{\"@id\":\"https:\/\/www.estrategiaconcursos.com.br\/blog\/#organization\"}},{\"@type\":\"WebPage\",\"@id\":\"https:\/\/www.estrategiaconcursos.com.br\/blog\/gabarito-extraoficial-pm-al-atualidades\/\",\"url\":\"https:\/\/www.estrategiaconcursos.com.br\/blog\/gabarito-extraoficial-pm-al-atualidades\/\",\"name\":\"Gabarito Extraoficial PM-AL - Atualidades\",\"isPartOf\":{\"@id\":\"https:\/\/www.estrategiaconcursos.com.br\/blog\/#website\"},\"primaryImageOfPage\":{\"@id\":\"https:\/\/www.estrategiaconcursos.com.br\/blog\/gabarito-extraoficial-pm-al-atualidades\/#primaryimage\"},\"image\":{\"@id\":\"https:\/\/www.estrategiaconcursos.com.br\/blog\/gabarito-extraoficial-pm-al-atualidades\/#primaryimage\"},\"thumbnailUrl\":\"https:\/\/www.estrategiaconcursos.com.br\/blog\/wp-content\/uploads\/2018\/10\/1.png\",\"datePublished\":\"2018-10-01T03:46:11+00:00\",\"dateModified\":\"2022-11-30T20:16:36+00:00\",\"breadcrumb\":{\"@id\":\"https:\/\/www.estrategiaconcursos.com.br\/blog\/gabarito-extraoficial-pm-al-atualidades\/#breadcrumb\"},\"inLanguage\":\"pt-BR\",\"potentialAction\":[{\"@type\":\"ReadAction\",\"target\":[\"https:\/\/www.estrategiaconcursos.com.br\/blog\/gabarito-extraoficial-pm-al-atualidades\/\"]}]},{\"@type\":\"ImageObject\",\"inLanguage\":\"pt-BR\",\"@id\":\"https:\/\/www.estrategiaconcursos.com.br\/blog\/gabarito-extraoficial-pm-al-atualidades\/#primaryimage\",\"url\":\"https:\/\/dhg1h5j42swfq.cloudfront.net\/2018\/10\/01003038\/1.png\",\"contentUrl\":\"https:\/\/dhg1h5j42swfq.cloudfront.net\/2018\/10\/01003038\/1.png\",\"width\":519,\"height\":331},{\"@type\":\"BreadcrumbList\",\"@id\":\"https:\/\/www.estrategiaconcursos.com.br\/blog\/gabarito-extraoficial-pm-al-atualidades\/#breadcrumb\",\"itemListElement\":[{\"@type\":\"ListItem\",\"position\":1,\"name\":\"In\u00edcio\",\"item\":\"https:\/\/www.estrategiaconcursos.com.br\/blog\/\"},{\"@type\":\"ListItem\",\"position\":2,\"name\":\"Gabarito Extraoficial PM-AL &#8211; Atualidades\"}]},{\"@type\":\"WebSite\",\"@id\":\"https:\/\/www.estrategiaconcursos.com.br\/blog\/#website\",\"url\":\"https:\/\/www.estrategiaconcursos.com.br\/blog\/\",\"name\":\"Estrat\u00e9gia Concursos\",\"description\":\"O blog da Estrat\u00e9gia Concursos traz not\u00edcias sobre concursos e artigos de professores oferecendo cursos para concursos (pdf + videaulas) no site.\",\"publisher\":{\"@id\":\"https:\/\/www.estrategiaconcursos.com.br\/blog\/#organization\"},\"potentialAction\":[{\"@type\":\"SearchAction\",\"target\":{\"@type\":\"EntryPoint\",\"urlTemplate\":\"https:\/\/www.estrategiaconcursos.com.br\/blog\/?s={search_term_string}\"},\"query-input\":{\"@type\":\"PropertyValueSpecification\",\"valueRequired\":true,\"valueName\":\"search_term_string\"}}],\"inLanguage\":\"pt-BR\"},{\"@type\":\"Organization\",\"@id\":\"https:\/\/www.estrategiaconcursos.com.br\/blog\/#organization\",\"name\":\"Estrat\u00e9gia Concursos\",\"url\":\"https:\/\/www.estrategiaconcursos.com.br\/blog\/\",\"logo\":{\"@type\":\"ImageObject\",\"inLanguage\":\"pt-BR\",\"@id\":\"https:\/\/www.estrategiaconcursos.com.br\/blog\/#\/schema\/logo\/image\/\",\"url\":\"https:\/\/dhg1h5j42swfq.cloudfront.net\/2025\/06\/03203428\/logo_concursos-1.jpg\",\"contentUrl\":\"https:\/\/dhg1h5j42swfq.cloudfront.net\/2025\/06\/03203428\/logo_concursos-1.jpg\",\"width\":230,\"height\":60,\"caption\":\"Estrat\u00e9gia Concursos\"},\"image\":{\"@id\":\"https:\/\/www.estrategiaconcursos.com.br\/blog\/#\/schema\/logo\/image\/\"},\"sameAs\":[\"https:\/\/x.com\/EstratConcursos\"]},{\"@type\":\"Person\",\"@id\":\"https:\/\/www.estrategiaconcursos.com.br\/blog\/#\/schema\/person\/d2e7d78de4b9d6ba51cc24fd558a7f42\",\"name\":\"Leandro Signori\",\"image\":{\"@type\":\"ImageObject\",\"inLanguage\":\"pt-BR\",\"@id\":\"https:\/\/secure.gravatar.com\/avatar\/aa2ef98e93764dcf1758f52d2792d4b3e4089ee25bc520608dde62ad802ae541?s=96&d=mm&r=g\",\"url\":\"https:\/\/secure.gravatar.com\/avatar\/aa2ef98e93764dcf1758f52d2792d4b3e4089ee25bc520608dde62ad802ae541?s=96&d=mm&r=g\",\"contentUrl\":\"https:\/\/secure.gravatar.com\/avatar\/aa2ef98e93764dcf1758f52d2792d4b3e4089ee25bc520608dde62ad802ae541?s=96&d=mm&r=g\",\"caption\":\"Leandro Signori\"},\"description\":\"Licenciado em Geografia pela Universidade Federal do Rio Grande do Sul (UFRGS) e Bacharel em Geografia pela Uniceub (Bras\u00edlia). Como servidor p\u00fablico, foi funcion\u00e1rio da Prefeitura de S\u00e3o Leopoldo (RS), Prefeitura de Porto Alegre (RS), Companhia Riograndense de Saneamento (Corsan) e Minist\u00e9rio da Integra\u00e7\u00e3o Nacional. \u00c9 professor de Geografia para o ensino m\u00e9dio na rede particular de ensino. Leciona as disciplinas de Atualidades, Conhecimentos Gerais, Geografia, Realidade Brasileira e Hist\u00f3ria, em cursos on line e presenciais preparat\u00f3rios para concursos p\u00fablicos.\",\"sameAs\":[\"https:\/\/www.facebook.com\/leandrosignoriatualidades\/\"],\"url\":\"https:\/\/www.estrategiaconcursos.com.br\/blog\/author\/leandroestrategiaconcursos-com-br\/\"}]}<\/script>\n<!-- \/ Yoast SEO Premium plugin. -->","yoast_head_json":{"title":"Gabarito Extraoficial PM-AL - Atualidades","robots":{"index":"index","follow":"follow","max-snippet":"max-snippet:-1","max-image-preview":"max-image-preview:large","max-video-preview":"max-video-preview:-1"},"canonical":"https:\/\/www.estrategiaconcursos.com.br\/blog\/gabarito-extraoficial-pm-al-atualidades\/","og_locale":"pt_BR","og_type":"article","og_title":"Gabarito Extraoficial PM-AL - Atualidades","og_description":"Ol\u00e1, pessoal! Tudo bem? Nesse domingo (30\/09), foi realizada a prova da PM-AL. Foram cobradas 10 (dez) quest\u00f5es de Atualidades. Quem fez o nosso curso e estudou adequadamente foi muito bem na prova. V\u00e1rias quest\u00f5es foram bem trabalhadas na nossa revis\u00e3o de v\u00e9spera de prova. A princ\u00edpio n\u00e3o vislumbro possibilidade de pol\u00eamicas. Abra\u00e7os, Prof. Leandro [&hellip;]","og_url":"https:\/\/www.estrategiaconcursos.com.br\/blog\/gabarito-extraoficial-pm-al-atualidades\/","og_site_name":"Estrat\u00e9gia Concursos","article_author":"https:\/\/www.facebook.com\/leandrosignoriatualidades\/","article_published_time":"2018-10-01T03:46:11+00:00","article_modified_time":"2022-11-30T20:16:36+00:00","og_image":[{"url":"https:\/\/www.estrategiaconcursos.com.br\/blog\/wp-content\/uploads\/2018\/10\/1.png","type":"","width":"","height":""}],"author":"Leandro Signori","twitter_card":"summary_large_image","twitter_creator":"@EstratConcursos","twitter_site":"@EstratConcursos","twitter_misc":{"Escrito por":"Leandro Signori","Est. tempo de leitura":"4 minutos"},"schema":{"@context":"https:\/\/schema.org","@graph":[{"@type":"NewsArticle","@id":"https:\/\/www.estrategiaconcursos.com.br\/blog\/gabarito-extraoficial-pm-al-atualidades\/#article","isPartOf":{"@id":"https:\/\/www.estrategiaconcursos.com.br\/blog\/gabarito-extraoficial-pm-al-atualidades\/"},"author":{"name":"Leandro Signori","@id":"https:\/\/www.estrategiaconcursos.com.br\/blog\/#\/schema\/person\/d2e7d78de4b9d6ba51cc24fd558a7f42"},"headline":"Gabarito Extraoficial PM-AL &#8211; Atualidades","datePublished":"2018-10-01T03:46:11+00:00","dateModified":"2022-11-30T20:16:36+00:00","mainEntityOfPage":{"@id":"https:\/\/www.estrategiaconcursos.com.br\/blog\/gabarito-extraoficial-pm-al-atualidades\/"},"wordCount":850,"commentCount":0,"publisher":{"@id":"https:\/\/www.estrategiaconcursos.com.br\/blog\/#organization"},"image":{"@id":"https:\/\/www.estrategiaconcursos.com.br\/blog\/gabarito-extraoficial-pm-al-atualidades\/#primaryimage"},"thumbnailUrl":"https:\/\/www.estrategiaconcursos.com.br\/blog\/wp-content\/uploads\/2018\/10\/1.png","keywords":["Atualidades","ATUALIDADES PM-AL","GABARITO EXTRAOFICIAL PM-AL","Leandro Signori","PM-AL"],"articleSection":["Concursos P\u00fablicos","Policial (Agente, Escriv\u00e3o e Investigador)"],"inLanguage":"pt-BR","potentialAction":[{"@type":"CommentAction","name":"Comment","target":["https:\/\/www.estrategiaconcursos.com.br\/blog\/gabarito-extraoficial-pm-al-atualidades\/#respond"]}],"copyrightYear":"2018","copyrightHolder":{"@id":"https:\/\/www.estrategiaconcursos.com.br\/blog\/#organization"}},{"@type":"WebPage","@id":"https:\/\/www.estrategiaconcursos.com.br\/blog\/gabarito-extraoficial-pm-al-atualidades\/","url":"https:\/\/www.estrategiaconcursos.com.br\/blog\/gabarito-extraoficial-pm-al-atualidades\/","name":"Gabarito Extraoficial PM-AL - Atualidades","isPartOf":{"@id":"https:\/\/www.estrategiaconcursos.com.br\/blog\/#website"},"primaryImageOfPage":{"@id":"https:\/\/www.estrategiaconcursos.com.br\/blog\/gabarito-extraoficial-pm-al-atualidades\/#primaryimage"},"image":{"@id":"https:\/\/www.estrategiaconcursos.com.br\/blog\/gabarito-extraoficial-pm-al-atualidades\/#primaryimage"},"thumbnailUrl":"https:\/\/www.estrategiaconcursos.com.br\/blog\/wp-content\/uploads\/2018\/10\/1.png","datePublished":"2018-10-01T03:46:11+00:00","dateModified":"2022-11-30T20:16:36+00:00","breadcrumb":{"@id":"https:\/\/www.estrategiaconcursos.com.br\/blog\/gabarito-extraoficial-pm-al-atualidades\/#breadcrumb"},"inLanguage":"pt-BR","potentialAction":[{"@type":"ReadAction","target":["https:\/\/www.estrategiaconcursos.com.br\/blog\/gabarito-extraoficial-pm-al-atualidades\/"]}]},{"@type":"ImageObject","inLanguage":"pt-BR","@id":"https:\/\/www.estrategiaconcursos.com.br\/blog\/gabarito-extraoficial-pm-al-atualidades\/#primaryimage","url":"https:\/\/dhg1h5j42swfq.cloudfront.net\/2018\/10\/01003038\/1.png","contentUrl":"https:\/\/dhg1h5j42swfq.cloudfront.net\/2018\/10\/01003038\/1.png","width":519,"height":331},{"@type":"BreadcrumbList","@id":"https:\/\/www.estrategiaconcursos.com.br\/blog\/gabarito-extraoficial-pm-al-atualidades\/#breadcrumb","itemListElement":[{"@type":"ListItem","position":1,"name":"In\u00edcio","item":"https:\/\/www.estrategiaconcursos.com.br\/blog\/"},{"@type":"ListItem","position":2,"name":"Gabarito Extraoficial PM-AL &#8211; Atualidades"}]},{"@type":"WebSite","@id":"https:\/\/www.estrategiaconcursos.com.br\/blog\/#website","url":"https:\/\/www.estrategiaconcursos.com.br\/blog\/","name":"Estrat\u00e9gia Concursos","description":"O blog da Estrat\u00e9gia Concursos traz not\u00edcias sobre concursos e artigos de professores oferecendo cursos para concursos (pdf + videaulas) no site.","publisher":{"@id":"https:\/\/www.estrategiaconcursos.com.br\/blog\/#organization"},"potentialAction":[{"@type":"SearchAction","target":{"@type":"EntryPoint","urlTemplate":"https:\/\/www.estrategiaconcursos.com.br\/blog\/?s={search_term_string}"},"query-input":{"@type":"PropertyValueSpecification","valueRequired":true,"valueName":"search_term_string"}}],"inLanguage":"pt-BR"},{"@type":"Organization","@id":"https:\/\/www.estrategiaconcursos.com.br\/blog\/#organization","name":"Estrat\u00e9gia Concursos","url":"https:\/\/www.estrategiaconcursos.com.br\/blog\/","logo":{"@type":"ImageObject","inLanguage":"pt-BR","@id":"https:\/\/www.estrategiaconcursos.com.br\/blog\/#\/schema\/logo\/image\/","url":"https:\/\/dhg1h5j42swfq.cloudfront.net\/2025\/06\/03203428\/logo_concursos-1.jpg","contentUrl":"https:\/\/dhg1h5j42swfq.cloudfront.net\/2025\/06\/03203428\/logo_concursos-1.jpg","width":230,"height":60,"caption":"Estrat\u00e9gia Concursos"},"image":{"@id":"https:\/\/www.estrategiaconcursos.com.br\/blog\/#\/schema\/logo\/image\/"},"sameAs":["https:\/\/x.com\/EstratConcursos"]},{"@type":"Person","@id":"https:\/\/www.estrategiaconcursos.com.br\/blog\/#\/schema\/person\/d2e7d78de4b9d6ba51cc24fd558a7f42","name":"Leandro Signori","image":{"@type":"ImageObject","inLanguage":"pt-BR","@id":"https:\/\/secure.gravatar.com\/avatar\/aa2ef98e93764dcf1758f52d2792d4b3e4089ee25bc520608dde62ad802ae541?s=96&d=mm&r=g","url":"https:\/\/secure.gravatar.com\/avatar\/aa2ef98e93764dcf1758f52d2792d4b3e4089ee25bc520608dde62ad802ae541?s=96&d=mm&r=g","contentUrl":"https:\/\/secure.gravatar.com\/avatar\/aa2ef98e93764dcf1758f52d2792d4b3e4089ee25bc520608dde62ad802ae541?s=96&d=mm&r=g","caption":"Leandro Signori"},"description":"Licenciado em Geografia pela Universidade Federal do Rio Grande do Sul (UFRGS) e Bacharel em Geografia pela Uniceub (Bras\u00edlia). Como servidor p\u00fablico, foi funcion\u00e1rio da Prefeitura de S\u00e3o Leopoldo (RS), Prefeitura de Porto Alegre (RS), Companhia Riograndense de Saneamento (Corsan) e Minist\u00e9rio da Integra\u00e7\u00e3o Nacional. \u00c9 professor de Geografia para o ensino m\u00e9dio na rede particular de ensino. Leciona as disciplinas de Atualidades, Conhecimentos Gerais, Geografia, Realidade Brasileira e Hist\u00f3ria, em cursos on line e presenciais preparat\u00f3rios para concursos p\u00fablicos.","sameAs":["https:\/\/www.facebook.com\/leandrosignoriatualidades\/"],"url":"https:\/\/www.estrategiaconcursos.com.br\/blog\/author\/leandroestrategiaconcursos-com-br\/"}]}},"_links":{"self":[{"href":"https:\/\/www.estrategiaconcursos.com.br\/blog\/wp-json\/wp\/v2\/posts\/143580","targetHints":{"allow":["GET"]}}],"collection":[{"href":"https:\/\/www.estrategiaconcursos.com.br\/blog\/wp-json\/wp\/v2\/posts"}],"about":[{"href":"https:\/\/www.estrategiaconcursos.com.br\/blog\/wp-json\/wp\/v2\/types\/post"}],"author":[{"embeddable":true,"href":"https:\/\/www.estrategiaconcursos.com.br\/blog\/wp-json\/wp\/v2\/users\/306"}],"replies":[{"embeddable":true,"href":"https:\/\/www.estrategiaconcursos.com.br\/blog\/wp-json\/wp\/v2\/comments?post=143580"}],"version-history":[{"count":10,"href":"https:\/\/www.estrategiaconcursos.com.br\/blog\/wp-json\/wp\/v2\/posts\/143580\/revisions"}],"predecessor-version":[{"id":1132325,"href":"https:\/\/www.estrategiaconcursos.com.br\/blog\/wp-json\/wp\/v2\/posts\/143580\/revisions\/1132325"}],"wp:attachment":[{"href":"https:\/\/www.estrategiaconcursos.com.br\/blog\/wp-json\/wp\/v2\/media?parent=143580"}],"wp:term":[{"taxonomy":"category","embeddable":true,"href":"https:\/\/www.estrategiaconcursos.com.br\/blog\/wp-json\/wp\/v2\/categories?post=143580"},{"taxonomy":"post_tag","embeddable":true,"href":"https:\/\/www.estrategiaconcursos.com.br\/blog\/wp-json\/wp\/v2\/tags?post=143580"},{"taxonomy":"tax_estado","embeddable":true,"href":"https:\/\/www.estrategiaconcursos.com.br\/blog\/wp-json\/wp\/v2\/tax_estado?post=143580"}],"curies":[{"name":"wp","href":"https:\/\/api.w.org\/{rel}","templated":true}]}}