{"id":1435490,"date":"2024-07-26T07:03:00","date_gmt":"2024-07-26T10:03:00","guid":{"rendered":"https:\/\/www.estrategiaconcursos.com.br\/blog\/?p=1435490"},"modified":"2024-07-26T08:24:00","modified_gmt":"2024-07-26T11:24:00","slug":"concurso-pmdf-saiu-contratacao-cebraspe-oficial","status":"publish","type":"post","link":"https:\/\/www.estrategiaconcursos.com.br\/blog\/concurso-pmdf-saiu-contratacao-cebraspe-oficial\/","title":{"rendered":"Concurso PMDF: saiu contrata\u00e7\u00e3o do Cebraspe! Edital iminente"},"content":{"rendered":"\n<p>Foi disponibilizada nesta sexta-feira, 26 de julho, a <strong>autoriza\u00e7\u00e3o da contrata\u00e7\u00e3o do Cebraspe<\/strong> como banca organizadora do novo <strong>concurso p\u00fablico para Oficial da Pol\u00edcia Militar do Distrito Federal<\/strong> (PMDF).<\/p>\n\n\n\n<p>Vale lembrar que o Instituto Avalia e o Instituto Americano de Desenvolvimento &#8211; IADES tamb\u00e9m estavam na disputa. Contudo, o Centro Brasileiro de Pesquisa em Avalia\u00e7\u00e3o e Sele\u00e7\u00e3o e de Promo\u00e7\u00e3o de Eventos apresentou a melhor proposta.<\/p>\n\n\n\n<p>O pr\u00f3ximo passo ser\u00e1 a divulga\u00e7\u00e3o da dispensa de licita\u00e7\u00e3o e extrato de contrato firmando o acordo entre as partes. A <strong>publica\u00e7\u00e3o do edital deve ocorrer j\u00e1 nas pr\u00f3ximas semanas<\/strong>.<\/p>\n\n\n\n<figure class=\"wp-block-image aligncenter size-large\"><a href=\"https:\/\/dhg1h5j42swfq.cloudfront.net\/2024\/07\/26082158\/image-687-1024x137.png\" target=\"_blank\" rel=\"noreferrer noopener\"><img loading=\"lazy\" decoding=\"async\" width=\"1024\" height=\"137\" src=\"https:\/\/dhg1h5j42swfq.cloudfront.net\/2024\/07\/26082158\/image-687-1024x137.png\" alt=\"Divulgada contrata\u00e7\u00e3o do Cebraspe como banca do concurso PMDF Oficial\" class=\"wp-image-1435496\" srcset=\"https:\/\/dhg1h5j42swfq.cloudfront.net\/2024\/07\/26082158\/image-687-1024x137.png 1024w, https:\/\/dhg1h5j42swfq.cloudfront.net\/2024\/07\/26082158\/image-687-300x40.png 300w, https:\/\/dhg1h5j42swfq.cloudfront.net\/2024\/07\/26082158\/image-687-768x102.png 768w, https:\/\/dhg1h5j42swfq.cloudfront.net\/2024\/07\/26082158\/image-687-610x81.png 610w, https:\/\/dhg1h5j42swfq.cloudfront.net\/2024\/07\/26082158\/image-687-150x20.png 150w, https:\/\/dhg1h5j42swfq.cloudfront.net\/2024\/07\/26082158\/image-687.png 1215w\" sizes=\"auto, (max-width: 1024px) 100vw, 1024px\" \/><\/a><figcaption class=\"wp-element-caption\">Divulgada contrata\u00e7\u00e3o do Cebraspe como banca do concurso PMDF Oficial<\/figcaption><\/figure>\n\n\n\n<h2 class=\"wp-block-heading\" id=\"h-proximo-concurso-pmdf-tera-147-vagas\">Pr\u00f3ximo concurso PMDF ter\u00e1 147 vagas<\/h2>\n\n\n\n<p>O novo concurso p\u00fablico para a Pol\u00edcia Militar do Distrito Federal ser\u00e1 para <strong>provimento de 147 vagas para o cargo de Oficial<\/strong>, sendo 49 vagas imediatas e 98 destinadas \u00e0 forma\u00e7\u00e3o de cadastro de reserva. A sele\u00e7\u00e3o constar\u00e1 de cinco etapas: <\/p>\n\n\n\n<ul class=\"wp-block-list\">\n<li>1\u00aa Etapa \u2013 exame de habilidades e conhecimentos, mediante a aplica\u00e7\u00e3o de prova objetiva de conhecimentos de car\u00e1ter eliminat\u00f3rio e classificat\u00f3rio e, de prova discursiva (reda\u00e7\u00e3o em L\u00edngua Portuguesa), para todos os candidatos;<\/li>\n\n\n\n<li>2\u00aa Etapa \u2013 teste de aptid\u00e3o f\u00edsica (TAF), de car\u00e1ter unicamente eliminat\u00f3rio;<\/li>\n\n\n\n<li>3\u00aa Etapa \u2013 avalia\u00e7\u00e3o dos exames m\u00e9dicos, de car\u00e1ter unicamente eliminat\u00f3rio;<\/li>\n\n\n\n<li>4\u00aa Etapa \u2013 avalia\u00e7\u00e3o dos exames psicol\u00f3gicos, de car\u00e1ter unicamente eliminat\u00f3rio;<\/li>\n\n\n\n<li>5\u00aa Etapa \u2013 sindic\u00e2ncia da vida pregressa e investiga\u00e7\u00e3o social, de car\u00e1ter unicamente eliminat\u00f3rio.<\/li>\n<\/ul>\n\n\n\n<p>A prova objetiva dever\u00e1 conter de 60 a 100 quest\u00f5es (cinco alternativas) ou de 300 a 500 itens com julgamento de \u201ccerto\u201d ou \u201cerrado\u201d. Para saber mais detalhes, acesse nosso artigo na \u00edntegra:<\/p>\n\n\n\n<h2 class=\"wp-block-heading has-text-align-center has-cyan-bluish-gray-background-color has-background has-medium-font-size\" id=\"curso\">Saiba mais: <a href=\"https:\/\/www.estrategiaconcursos.com.br\/blog\/concurso-pmdf\/\" target=\"_blank\" rel=\"noreferrer noopener\">Concurso Pol\u00edcia Militar DF<\/a><\/h2>\n\n\n\n<hr class=\"wp-block-separator has-alpha-channel-opacity\"\/>\n\n\n\n<h2 class=\"wp-block-heading has-text-align-center\" id=\"cursos\">Quer saber tudo sobre concursos previstos? <br \/>Confira nossos artigos!<\/h2>\n\n\n\n<ul class=\"wp-block-list\">\n<li><a href=\"https:\/\/www.estrategiaconcursos.com.br\/blog\/concursos-abertos\/\" target=\"_blank\" rel=\"noreferrer noopener\">Concursos abertos<\/a><\/li>\n\n\n\n<li><a href=\"https:\/\/www.estrategiaconcursos.com.br\/blog\/concursos-2024\/\" target=\"_blank\" rel=\"noreferrer noopener\">Concursos 2024<\/a><\/li>\n<\/ul>\n\n\n\n<div class=\"container\" id=\"boxes\">\n  <div class=\"row\">\n\n    <div class=\"col-sm\">\n      <div class=\"banner-policia-militar\" id=\"box-assinatura\">\n        <h3 class=\"titulo-assinatura\">Concurso PMDF<\/h3>\n        <p class=\"subtitulo-assinatura\">Conhe\u00e7a os cursos<\/p>\n        <div class=\"box-botao\">\n          <a class=\"btn-assinatura\" target=\"_blank\" href=\"https:\/\/www.estrategiaconcursos.com.br\/cursosPorConcurso\/policia-militar-do-distrito-federal-pmdf\/\" role=\"button\" rel=\"noopener noreferrer\">Conhe\u00e7a mais<\/a>\n        <\/div>\n      <\/div>\n \n    <\/div>\n\n  <\/div>\n<\/div>\n\n\n\n<div class=\"container\" id=\"boxes\">\n  <div class=\"row\">\n\n    <div class=\"col-sm\">\n      <div class=\"estrategia\" id=\"box-assinatura\">\n        <h3 class=\"titulo-assinatura\">Assinatura de Concursos<\/h3>\n        <p class=\"subtitulo-assinatura\">Assinatura de 1 ano ou 2 anos<\/p>\n        <div class=\"box-botao\">\n          <a class=\"btn-assinatura\" target=\"_blank\" href=\"https:\/\/www.estrategiaconcursos.com.br\/assinaturas\/\" role=\"button\" rel=\"noopener noreferrer\">ASSINE AGORA<\/a>\n        <\/div>\n      <\/div>\n     \n    <\/div><\/div><\/div>\n","protected":false},"excerpt":{"rendered":"<p>Foi disponibilizada nesta sexta-feira, 26 de julho, a autoriza\u00e7\u00e3o da contrata\u00e7\u00e3o do Cebraspe como banca organizadora do novo concurso p\u00fablico para Oficial da Pol\u00edcia Militar do Distrito Federal (PMDF). Vale lembrar que o Instituto Avalia e o Instituto Americano de Desenvolvimento &#8211; IADES tamb\u00e9m estavam na disputa. Contudo, o Centro Brasileiro de Pesquisa em Avalia\u00e7\u00e3o [&hellip;]<\/p>\n","protected":false},"author":1206,"featured_media":758005,"comment_status":"open","ping_status":"closed","sticky":false,"template":"","format":"standard","meta":{"post_tipo":"news","footnotes":""},"categories":[220186,220219],"tags":[],"tax_estado":[219970],"class_list":["post-1435490","post","type-post","status-publish","format-standard","has-post-thumbnail","hentry","category-policial-oficial","category-noticias","tax_estado-df"],"acf":[],"yoast_head":"<!-- This site is optimized with the Yoast SEO Premium plugin v27.2 (Yoast SEO v27.2) - https:\/\/yoast.com\/product\/yoast-seo-premium-wordpress\/ -->\n<title>Concurso PMDF: saiu contrata\u00e7\u00e3o do Cebraspe! Edital iminente<\/title>\n<meta name=\"description\" content=\"Foi disponibilizada a autoriza\u00e7\u00e3o da contrata\u00e7\u00e3o do Cebraspe como banca do concurso para Oficial PMDF. Acesse e confira!\" \/>\n<meta name=\"robots\" content=\"index, follow, max-snippet:-1, max-image-preview:large, max-video-preview:-1\" \/>\n<link rel=\"canonical\" href=\"https:\/\/www.estrategiaconcursos.com.br\/blog\/concurso-pmdf-saiu-contratacao-cebraspe-oficial\/\" \/>\n<meta property=\"og:locale\" content=\"pt_BR\" \/>\n<meta property=\"og:type\" content=\"article\" \/>\n<meta property=\"og:title\" content=\"Concurso PMDF: saiu contrata\u00e7\u00e3o do Cebraspe! Edital iminente\" \/>\n<meta property=\"og:description\" content=\"Foi disponibilizada a autoriza\u00e7\u00e3o da contrata\u00e7\u00e3o do Cebraspe como banca do concurso para Oficial PMDF. Acesse e confira!\" \/>\n<meta property=\"og:url\" content=\"https:\/\/www.estrategiaconcursos.com.br\/blog\/concurso-pmdf-saiu-contratacao-cebraspe-oficial\/\" \/>\n<meta property=\"og:site_name\" content=\"Estrat\u00e9gia Concursos\" \/>\n<meta property=\"article:published_time\" content=\"2024-07-26T10:03:00+00:00\" \/>\n<meta property=\"article:modified_time\" content=\"2024-07-26T11:24:00+00:00\" \/>\n<meta property=\"og:image\" content=\"https:\/\/dhg1h5j42swfq.cloudfront.net\/2021\/06\/02131000\/concurso-pmdf.jpg\" \/>\n\t<meta property=\"og:image:width\" content=\"768\" \/>\n\t<meta property=\"og:image:height\" content=\"432\" \/>\n\t<meta property=\"og:image:type\" content=\"image\/jpeg\" \/>\n<meta name=\"author\" content=\"Bruna de Andrade Fran\u00e7a\" \/>\n<meta name=\"twitter:card\" content=\"summary_large_image\" \/>\n<meta name=\"twitter:creator\" content=\"@EstratConcursos\" \/>\n<meta name=\"twitter:site\" content=\"@EstratConcursos\" \/>\n<meta name=\"twitter:label1\" content=\"Escrito por\" \/>\n\t<meta name=\"twitter:data1\" content=\"Bruna de Andrade Fran\u00e7a\" \/>\n\t<meta name=\"twitter:label2\" content=\"Est. tempo de leitura\" \/>\n\t<meta name=\"twitter:data2\" content=\"2 minutos\" \/>\n<script type=\"application\/ld+json\" class=\"yoast-schema-graph\">{\"@context\":\"https:\/\/schema.org\",\"@graph\":[{\"@type\":\"NewsArticle\",\"@id\":\"https:\/\/www.estrategiaconcursos.com.br\/blog\/concurso-pmdf-saiu-contratacao-cebraspe-oficial\/#article\",\"isPartOf\":{\"@id\":\"https:\/\/www.estrategiaconcursos.com.br\/blog\/concurso-pmdf-saiu-contratacao-cebraspe-oficial\/\"},\"author\":{\"name\":\"Bruna de Andrade Fran\u00e7a\",\"@id\":\"https:\/\/www.estrategiaconcursos.com.br\/blog\/#\/schema\/person\/6630f91134abc08115cca62ce6372855\"},\"headline\":\"Concurso PMDF: saiu contrata\u00e7\u00e3o do Cebraspe! Edital iminente\",\"datePublished\":\"2024-07-26T10:03:00+00:00\",\"dateModified\":\"2024-07-26T11:24:00+00:00\",\"mainEntityOfPage\":{\"@id\":\"https:\/\/www.estrategiaconcursos.com.br\/blog\/concurso-pmdf-saiu-contratacao-cebraspe-oficial\/\"},\"wordCount\":336,\"commentCount\":0,\"publisher\":{\"@id\":\"https:\/\/www.estrategiaconcursos.com.br\/blog\/#organization\"},\"image\":{\"@id\":\"https:\/\/www.estrategiaconcursos.com.br\/blog\/concurso-pmdf-saiu-contratacao-cebraspe-oficial\/#primaryimage\"},\"thumbnailUrl\":\"https:\/\/dhg1h5j42swfq.cloudfront.net\/2021\/06\/02131000\/concurso-pmdf.jpg\",\"articleSection\":[\"Policial (PM\/BM - Oficial)\",\"\u00daltimas not\u00edcias\"],\"inLanguage\":\"pt-BR\",\"potentialAction\":[{\"@type\":\"CommentAction\",\"name\":\"Comment\",\"target\":[\"https:\/\/www.estrategiaconcursos.com.br\/blog\/concurso-pmdf-saiu-contratacao-cebraspe-oficial\/#respond\"]}],\"copyrightYear\":\"2024\",\"copyrightHolder\":{\"@id\":\"https:\/\/www.estrategiaconcursos.com.br\/blog\/#organization\"}},{\"@type\":\"WebPage\",\"@id\":\"https:\/\/www.estrategiaconcursos.com.br\/blog\/concurso-pmdf-saiu-contratacao-cebraspe-oficial\/\",\"url\":\"https:\/\/www.estrategiaconcursos.com.br\/blog\/concurso-pmdf-saiu-contratacao-cebraspe-oficial\/\",\"name\":\"Concurso PMDF: saiu contrata\u00e7\u00e3o do Cebraspe! Edital iminente\",\"isPartOf\":{\"@id\":\"https:\/\/www.estrategiaconcursos.com.br\/blog\/#website\"},\"primaryImageOfPage\":{\"@id\":\"https:\/\/www.estrategiaconcursos.com.br\/blog\/concurso-pmdf-saiu-contratacao-cebraspe-oficial\/#primaryimage\"},\"image\":{\"@id\":\"https:\/\/www.estrategiaconcursos.com.br\/blog\/concurso-pmdf-saiu-contratacao-cebraspe-oficial\/#primaryimage\"},\"thumbnailUrl\":\"https:\/\/dhg1h5j42swfq.cloudfront.net\/2021\/06\/02131000\/concurso-pmdf.jpg\",\"datePublished\":\"2024-07-26T10:03:00+00:00\",\"dateModified\":\"2024-07-26T11:24:00+00:00\",\"description\":\"Foi disponibilizada a autoriza\u00e7\u00e3o da contrata\u00e7\u00e3o do Cebraspe como banca do concurso para Oficial PMDF. Acesse e confira!\",\"breadcrumb\":{\"@id\":\"https:\/\/www.estrategiaconcursos.com.br\/blog\/concurso-pmdf-saiu-contratacao-cebraspe-oficial\/#breadcrumb\"},\"inLanguage\":\"pt-BR\",\"potentialAction\":[{\"@type\":\"ReadAction\",\"target\":[\"https:\/\/www.estrategiaconcursos.com.br\/blog\/concurso-pmdf-saiu-contratacao-cebraspe-oficial\/\"]}]},{\"@type\":\"ImageObject\",\"inLanguage\":\"pt-BR\",\"@id\":\"https:\/\/www.estrategiaconcursos.com.br\/blog\/concurso-pmdf-saiu-contratacao-cebraspe-oficial\/#primaryimage\",\"url\":\"https:\/\/dhg1h5j42swfq.cloudfront.net\/2021\/06\/02131000\/concurso-pmdf.jpg\",\"contentUrl\":\"https:\/\/dhg1h5j42swfq.cloudfront.net\/2021\/06\/02131000\/concurso-pmdf.jpg\",\"width\":768,\"height\":432,\"caption\":\"concurso PMDF\"},{\"@type\":\"BreadcrumbList\",\"@id\":\"https:\/\/www.estrategiaconcursos.com.br\/blog\/concurso-pmdf-saiu-contratacao-cebraspe-oficial\/#breadcrumb\",\"itemListElement\":[{\"@type\":\"ListItem\",\"position\":1,\"name\":\"In\u00edcio\",\"item\":\"https:\/\/www.estrategiaconcursos.com.br\/blog\/\"},{\"@type\":\"ListItem\",\"position\":2,\"name\":\"Concurso PMDF: saiu contrata\u00e7\u00e3o do Cebraspe! Edital iminente\"}]},{\"@type\":\"WebSite\",\"@id\":\"https:\/\/www.estrategiaconcursos.com.br\/blog\/#website\",\"url\":\"https:\/\/www.estrategiaconcursos.com.br\/blog\/\",\"name\":\"Estrat\u00e9gia Concursos\",\"description\":\"O blog da Estrat\u00e9gia Concursos traz not\u00edcias sobre concursos e artigos de professores oferecendo cursos para concursos (pdf + videaulas) no site.\",\"publisher\":{\"@id\":\"https:\/\/www.estrategiaconcursos.com.br\/blog\/#organization\"},\"potentialAction\":[{\"@type\":\"SearchAction\",\"target\":{\"@type\":\"EntryPoint\",\"urlTemplate\":\"https:\/\/www.estrategiaconcursos.com.br\/blog\/?s={search_term_string}\"},\"query-input\":{\"@type\":\"PropertyValueSpecification\",\"valueRequired\":true,\"valueName\":\"search_term_string\"}}],\"inLanguage\":\"pt-BR\"},{\"@type\":\"Organization\",\"@id\":\"https:\/\/www.estrategiaconcursos.com.br\/blog\/#organization\",\"name\":\"Estrat\u00e9gia Concursos\",\"url\":\"https:\/\/www.estrategiaconcursos.com.br\/blog\/\",\"logo\":{\"@type\":\"ImageObject\",\"inLanguage\":\"pt-BR\",\"@id\":\"https:\/\/www.estrategiaconcursos.com.br\/blog\/#\/schema\/logo\/image\/\",\"url\":\"https:\/\/dhg1h5j42swfq.cloudfront.net\/2025\/06\/03203428\/logo_concursos-1.jpg\",\"contentUrl\":\"https:\/\/dhg1h5j42swfq.cloudfront.net\/2025\/06\/03203428\/logo_concursos-1.jpg\",\"width\":230,\"height\":60,\"caption\":\"Estrat\u00e9gia Concursos\"},\"image\":{\"@id\":\"https:\/\/www.estrategiaconcursos.com.br\/blog\/#\/schema\/logo\/image\/\"},\"sameAs\":[\"https:\/\/x.com\/EstratConcursos\"]},{\"@type\":\"Person\",\"@id\":\"https:\/\/www.estrategiaconcursos.com.br\/blog\/#\/schema\/person\/6630f91134abc08115cca62ce6372855\",\"name\":\"Bruna de Andrade Fran\u00e7a\",\"image\":{\"@type\":\"ImageObject\",\"inLanguage\":\"pt-BR\",\"@id\":\"https:\/\/secure.gravatar.com\/avatar\/d6316d36d50cea0fadae28ed3015b8870cc90a2d3d8a95c37b44006af36a00e3?s=96&d=mm&r=g\",\"url\":\"https:\/\/secure.gravatar.com\/avatar\/d6316d36d50cea0fadae28ed3015b8870cc90a2d3d8a95c37b44006af36a00e3?s=96&d=mm&r=g\",\"contentUrl\":\"https:\/\/secure.gravatar.com\/avatar\/d6316d36d50cea0fadae28ed3015b8870cc90a2d3d8a95c37b44006af36a00e3?s=96&d=mm&r=g\",\"caption\":\"Bruna de Andrade Fran\u00e7a\"},\"description\":\"Bruna de Andrade Fran\u00e7a \u00e9 publicit\u00e1ria com p\u00f3s-gradua\u00e7\u00e3o em Marketing &amp; Growth, atuando h\u00e1 mais de 6 anos no universo dos concursos p\u00fablicos. Desde 2021, lidera no Blog do Estrat\u00e9gia Concursos a cobertura editorial especializada em Concursos Policiais (PF, PRF, PM, PC, etc.), al\u00e9m das frentes de concursos banc\u00e1rios, de sa\u00fade e da \u00e1rea legislativa. Especialista em reda\u00e7\u00e3o, com pr\u00e1ticas de SEO e Copywriting, possui tamb\u00e9m atua\u00e7\u00e3o pr\u00e1tica de contato direto com \u00f3rg\u00e3os p\u00fablicos respons\u00e1veis por editais, permitindo acesso antecipado a informa\u00e7\u00f5es, desdobramentos importantes e atualiza\u00e7\u00e3o eficiente dos concursos p\u00fablicos.\",\"url\":\"https:\/\/www.estrategiaconcursos.com.br\/blog\/author\/bruna-andrade\/\"}]}<\/script>\n<!-- \/ Yoast SEO Premium plugin. -->","yoast_head_json":{"title":"Concurso PMDF: saiu contrata\u00e7\u00e3o do Cebraspe! Edital iminente","description":"Foi disponibilizada a autoriza\u00e7\u00e3o da contrata\u00e7\u00e3o do Cebraspe como banca do concurso para Oficial PMDF. Acesse e confira!","robots":{"index":"index","follow":"follow","max-snippet":"max-snippet:-1","max-image-preview":"max-image-preview:large","max-video-preview":"max-video-preview:-1"},"canonical":"https:\/\/www.estrategiaconcursos.com.br\/blog\/concurso-pmdf-saiu-contratacao-cebraspe-oficial\/","og_locale":"pt_BR","og_type":"article","og_title":"Concurso PMDF: saiu contrata\u00e7\u00e3o do Cebraspe! Edital iminente","og_description":"Foi disponibilizada a autoriza\u00e7\u00e3o da contrata\u00e7\u00e3o do Cebraspe como banca do concurso para Oficial PMDF. Acesse e confira!","og_url":"https:\/\/www.estrategiaconcursos.com.br\/blog\/concurso-pmdf-saiu-contratacao-cebraspe-oficial\/","og_site_name":"Estrat\u00e9gia Concursos","article_published_time":"2024-07-26T10:03:00+00:00","article_modified_time":"2024-07-26T11:24:00+00:00","og_image":[{"width":768,"height":432,"url":"https:\/\/dhg1h5j42swfq.cloudfront.net\/2021\/06\/02131000\/concurso-pmdf.jpg","type":"image\/jpeg"}],"author":"Bruna de Andrade Fran\u00e7a","twitter_card":"summary_large_image","twitter_creator":"@EstratConcursos","twitter_site":"@EstratConcursos","twitter_misc":{"Escrito por":"Bruna de Andrade Fran\u00e7a","Est. tempo de leitura":"2 minutos"},"schema":{"@context":"https:\/\/schema.org","@graph":[{"@type":"NewsArticle","@id":"https:\/\/www.estrategiaconcursos.com.br\/blog\/concurso-pmdf-saiu-contratacao-cebraspe-oficial\/#article","isPartOf":{"@id":"https:\/\/www.estrategiaconcursos.com.br\/blog\/concurso-pmdf-saiu-contratacao-cebraspe-oficial\/"},"author":{"name":"Bruna de Andrade Fran\u00e7a","@id":"https:\/\/www.estrategiaconcursos.com.br\/blog\/#\/schema\/person\/6630f91134abc08115cca62ce6372855"},"headline":"Concurso PMDF: saiu contrata\u00e7\u00e3o do Cebraspe! Edital iminente","datePublished":"2024-07-26T10:03:00+00:00","dateModified":"2024-07-26T11:24:00+00:00","mainEntityOfPage":{"@id":"https:\/\/www.estrategiaconcursos.com.br\/blog\/concurso-pmdf-saiu-contratacao-cebraspe-oficial\/"},"wordCount":336,"commentCount":0,"publisher":{"@id":"https:\/\/www.estrategiaconcursos.com.br\/blog\/#organization"},"image":{"@id":"https:\/\/www.estrategiaconcursos.com.br\/blog\/concurso-pmdf-saiu-contratacao-cebraspe-oficial\/#primaryimage"},"thumbnailUrl":"https:\/\/dhg1h5j42swfq.cloudfront.net\/2021\/06\/02131000\/concurso-pmdf.jpg","articleSection":["Policial (PM\/BM - Oficial)","\u00daltimas not\u00edcias"],"inLanguage":"pt-BR","potentialAction":[{"@type":"CommentAction","name":"Comment","target":["https:\/\/www.estrategiaconcursos.com.br\/blog\/concurso-pmdf-saiu-contratacao-cebraspe-oficial\/#respond"]}],"copyrightYear":"2024","copyrightHolder":{"@id":"https:\/\/www.estrategiaconcursos.com.br\/blog\/#organization"}},{"@type":"WebPage","@id":"https:\/\/www.estrategiaconcursos.com.br\/blog\/concurso-pmdf-saiu-contratacao-cebraspe-oficial\/","url":"https:\/\/www.estrategiaconcursos.com.br\/blog\/concurso-pmdf-saiu-contratacao-cebraspe-oficial\/","name":"Concurso PMDF: saiu contrata\u00e7\u00e3o do Cebraspe! Edital iminente","isPartOf":{"@id":"https:\/\/www.estrategiaconcursos.com.br\/blog\/#website"},"primaryImageOfPage":{"@id":"https:\/\/www.estrategiaconcursos.com.br\/blog\/concurso-pmdf-saiu-contratacao-cebraspe-oficial\/#primaryimage"},"image":{"@id":"https:\/\/www.estrategiaconcursos.com.br\/blog\/concurso-pmdf-saiu-contratacao-cebraspe-oficial\/#primaryimage"},"thumbnailUrl":"https:\/\/dhg1h5j42swfq.cloudfront.net\/2021\/06\/02131000\/concurso-pmdf.jpg","datePublished":"2024-07-26T10:03:00+00:00","dateModified":"2024-07-26T11:24:00+00:00","description":"Foi disponibilizada a autoriza\u00e7\u00e3o da contrata\u00e7\u00e3o do Cebraspe como banca do concurso para Oficial PMDF. Acesse e confira!","breadcrumb":{"@id":"https:\/\/www.estrategiaconcursos.com.br\/blog\/concurso-pmdf-saiu-contratacao-cebraspe-oficial\/#breadcrumb"},"inLanguage":"pt-BR","potentialAction":[{"@type":"ReadAction","target":["https:\/\/www.estrategiaconcursos.com.br\/blog\/concurso-pmdf-saiu-contratacao-cebraspe-oficial\/"]}]},{"@type":"ImageObject","inLanguage":"pt-BR","@id":"https:\/\/www.estrategiaconcursos.com.br\/blog\/concurso-pmdf-saiu-contratacao-cebraspe-oficial\/#primaryimage","url":"https:\/\/dhg1h5j42swfq.cloudfront.net\/2021\/06\/02131000\/concurso-pmdf.jpg","contentUrl":"https:\/\/dhg1h5j42swfq.cloudfront.net\/2021\/06\/02131000\/concurso-pmdf.jpg","width":768,"height":432,"caption":"concurso PMDF"},{"@type":"BreadcrumbList","@id":"https:\/\/www.estrategiaconcursos.com.br\/blog\/concurso-pmdf-saiu-contratacao-cebraspe-oficial\/#breadcrumb","itemListElement":[{"@type":"ListItem","position":1,"name":"In\u00edcio","item":"https:\/\/www.estrategiaconcursos.com.br\/blog\/"},{"@type":"ListItem","position":2,"name":"Concurso PMDF: saiu contrata\u00e7\u00e3o do Cebraspe! Edital iminente"}]},{"@type":"WebSite","@id":"https:\/\/www.estrategiaconcursos.com.br\/blog\/#website","url":"https:\/\/www.estrategiaconcursos.com.br\/blog\/","name":"Estrat\u00e9gia Concursos","description":"O blog da Estrat\u00e9gia Concursos traz not\u00edcias sobre concursos e artigos de professores oferecendo cursos para concursos (pdf + videaulas) no site.","publisher":{"@id":"https:\/\/www.estrategiaconcursos.com.br\/blog\/#organization"},"potentialAction":[{"@type":"SearchAction","target":{"@type":"EntryPoint","urlTemplate":"https:\/\/www.estrategiaconcursos.com.br\/blog\/?s={search_term_string}"},"query-input":{"@type":"PropertyValueSpecification","valueRequired":true,"valueName":"search_term_string"}}],"inLanguage":"pt-BR"},{"@type":"Organization","@id":"https:\/\/www.estrategiaconcursos.com.br\/blog\/#organization","name":"Estrat\u00e9gia Concursos","url":"https:\/\/www.estrategiaconcursos.com.br\/blog\/","logo":{"@type":"ImageObject","inLanguage":"pt-BR","@id":"https:\/\/www.estrategiaconcursos.com.br\/blog\/#\/schema\/logo\/image\/","url":"https:\/\/dhg1h5j42swfq.cloudfront.net\/2025\/06\/03203428\/logo_concursos-1.jpg","contentUrl":"https:\/\/dhg1h5j42swfq.cloudfront.net\/2025\/06\/03203428\/logo_concursos-1.jpg","width":230,"height":60,"caption":"Estrat\u00e9gia Concursos"},"image":{"@id":"https:\/\/www.estrategiaconcursos.com.br\/blog\/#\/schema\/logo\/image\/"},"sameAs":["https:\/\/x.com\/EstratConcursos"]},{"@type":"Person","@id":"https:\/\/www.estrategiaconcursos.com.br\/blog\/#\/schema\/person\/6630f91134abc08115cca62ce6372855","name":"Bruna de Andrade Fran\u00e7a","image":{"@type":"ImageObject","inLanguage":"pt-BR","@id":"https:\/\/secure.gravatar.com\/avatar\/d6316d36d50cea0fadae28ed3015b8870cc90a2d3d8a95c37b44006af36a00e3?s=96&d=mm&r=g","url":"https:\/\/secure.gravatar.com\/avatar\/d6316d36d50cea0fadae28ed3015b8870cc90a2d3d8a95c37b44006af36a00e3?s=96&d=mm&r=g","contentUrl":"https:\/\/secure.gravatar.com\/avatar\/d6316d36d50cea0fadae28ed3015b8870cc90a2d3d8a95c37b44006af36a00e3?s=96&d=mm&r=g","caption":"Bruna de Andrade Fran\u00e7a"},"description":"Bruna de Andrade Fran\u00e7a \u00e9 publicit\u00e1ria com p\u00f3s-gradua\u00e7\u00e3o em Marketing &amp; Growth, atuando h\u00e1 mais de 6 anos no universo dos concursos p\u00fablicos. Desde 2021, lidera no Blog do Estrat\u00e9gia Concursos a cobertura editorial especializada em Concursos Policiais (PF, PRF, PM, PC, etc.), al\u00e9m das frentes de concursos banc\u00e1rios, de sa\u00fade e da \u00e1rea legislativa. Especialista em reda\u00e7\u00e3o, com pr\u00e1ticas de SEO e Copywriting, possui tamb\u00e9m atua\u00e7\u00e3o pr\u00e1tica de contato direto com \u00f3rg\u00e3os p\u00fablicos respons\u00e1veis por editais, permitindo acesso antecipado a informa\u00e7\u00f5es, desdobramentos importantes e atualiza\u00e7\u00e3o eficiente dos concursos p\u00fablicos.","url":"https:\/\/www.estrategiaconcursos.com.br\/blog\/author\/bruna-andrade\/"}]}},"_links":{"self":[{"href":"https:\/\/www.estrategiaconcursos.com.br\/blog\/wp-json\/wp\/v2\/posts\/1435490","targetHints":{"allow":["GET"]}}],"collection":[{"href":"https:\/\/www.estrategiaconcursos.com.br\/blog\/wp-json\/wp\/v2\/posts"}],"about":[{"href":"https:\/\/www.estrategiaconcursos.com.br\/blog\/wp-json\/wp\/v2\/types\/post"}],"author":[{"embeddable":true,"href":"https:\/\/www.estrategiaconcursos.com.br\/blog\/wp-json\/wp\/v2\/users\/1206"}],"replies":[{"embeddable":true,"href":"https:\/\/www.estrategiaconcursos.com.br\/blog\/wp-json\/wp\/v2\/comments?post=1435490"}],"version-history":[{"count":3,"href":"https:\/\/www.estrategiaconcursos.com.br\/blog\/wp-json\/wp\/v2\/posts\/1435490\/revisions"}],"predecessor-version":[{"id":1435499,"href":"https:\/\/www.estrategiaconcursos.com.br\/blog\/wp-json\/wp\/v2\/posts\/1435490\/revisions\/1435499"}],"wp:featuredmedia":[{"embeddable":true,"href":"https:\/\/www.estrategiaconcursos.com.br\/blog\/wp-json\/wp\/v2\/media\/758005"}],"wp:attachment":[{"href":"https:\/\/www.estrategiaconcursos.com.br\/blog\/wp-json\/wp\/v2\/media?parent=1435490"}],"wp:term":[{"taxonomy":"category","embeddable":true,"href":"https:\/\/www.estrategiaconcursos.com.br\/blog\/wp-json\/wp\/v2\/categories?post=1435490"},{"taxonomy":"post_tag","embeddable":true,"href":"https:\/\/www.estrategiaconcursos.com.br\/blog\/wp-json\/wp\/v2\/tags?post=1435490"},{"taxonomy":"tax_estado","embeddable":true,"href":"https:\/\/www.estrategiaconcursos.com.br\/blog\/wp-json\/wp\/v2\/tax_estado?post=1435490"}],"curies":[{"name":"wp","href":"https:\/\/api.w.org\/{rel}","templated":true}]}}