{"id":1435300,"date":"2024-07-25T15:25:24","date_gmt":"2024-07-25T18:25:24","guid":{"rendered":"https:\/\/www.estrategiaconcursos.com.br\/blog\/?p=1435300"},"modified":"2024-07-25T16:32:48","modified_gmt":"2024-07-25T19:32:48","slug":"concurso-mp-pr-exclusiva","status":"publish","type":"post","link":"https:\/\/www.estrategiaconcursos.com.br\/blog\/concurso-mp-pr-exclusiva\/","title":{"rendered":"Novidades exclusivas do concurso MP PR! Confira"},"content":{"rendered":"\n<p>Que o edital do <strong>concurso MP PR<\/strong> <a href=\"https:\/\/www.estrategiaconcursos.com.br\/cursosPorConcurso\/mp-pr-217\">(<strong>Minist\u00e9rio P\u00fablico do Estado do Paran\u00e1<\/strong>)<\/a> est\u00e1 na pra\u00e7a voc\u00ea j\u00e1 sabe. Mas o que voc\u00ea vai saber nas pr\u00f3ximas linhas s\u00e3o informa\u00e7\u00f5es exclusivas!<\/p>\n\n\n\n<p>Gra\u00e7as a colaboradora do Estrat\u00e9gia Concursos L\u00edvia Fernanda Silva voc\u00ea vai saber sobre homologa\u00e7\u00e3o, nomea\u00e7\u00f5es, localidades de lota\u00e7\u00e3o e muito mais! <\/p>\n\n\n\n<p>A L\u00edvia entrevistou a Diretora do Departamento de Gest\u00e3o de Pessoas do MP PR, Rosemeire de Souza Charello, e conseguiu a informa\u00e7\u00e3o de que o certame deve ser homologado em dezembro deste ano e as nomea\u00e7\u00f5es podem acontecer j\u00e1 no primeiro semestre de 2025.<br \/><br \/>&#8220;Se der certo a parte financeira e or\u00e7ament\u00e1ria, pretendemos come\u00e7ar as nomea\u00e7\u00f5es em janeiro de 2025&#8221;, explicou a Diretora do Departamento de Gest\u00e3o de Pessoas. <\/p>\n\n\n\n<p>E acrescentou que a maioria das vagas s\u00e3o para Curitiba e Regi\u00e3o Metropolitana. Eventualmente os cargos de Oficial de Promotoria, Auxiliar Administrativo, Auxiliar Tecnico e Auditor poder\u00e3o ir para o interior do Paran\u00e1.<\/p>\n\n\n\n<p>E sabia que existe a possibilidade de home office? Para isso ser\u00e1 necess\u00e1rio ficar 3 anos presencialmente para depois pedir home office &#8211; a depender do cargo.<\/p>\n\n\n\n<p>Outro ponto abordado foi sobre a forma\u00e7\u00e3o de cadastro de reserva. &#8220;Muitas aposentadorias podem ocorrer no per\u00edodo de vig\u00eancia do concurso, portanto colocaram um percentual de 25 para cada aprovado para que tenham condi\u00e7\u00f5es de chamar a medida que v\u00e1 ocorrendo as vac\u00e2ncias&#8221;, pontuou Rosemeire de Souza Charello. <\/p>\n\n\n\n<h2 class=\"wp-block-heading\" id=\"h-mp-pr\">MP PR<\/h2>\n\n\n\n<p>Vale lembrar que voc\u00ea tem at\u00e9 o dia 14 de agosto para realizar a sua inscri\u00e7\u00e3o. Acesse o endere\u00e7o eletr\u00f4nico da banca organizadora, o Instituto AOCP, para realizar a sua candidatura. A taxa de participa\u00e7\u00e3o varia de R$100,00 a R$150,00.<\/p>\n\n\n\n<p>S\u00e3o ofertadas <strong>86 vagas<\/strong> imediatas para cargos de N\u00edveis Fundamental, M\u00e9dio, T\u00e9cnico e Superior de escolaridade, com sal\u00e1rios iniciais de <strong>R$5.353,38<\/strong> a <strong>R$16.479,42<\/strong>, para uma jornada de 40h semanais.<\/p>\n\n\n\n<p>As provas objetivas e discursivas ser\u00e3o aplicadas no dia <strong>29 de setembro de 2024<\/strong>. A previs\u00e3o \u00e9 que o resultado da prova objetiva seja divulgado no dia 30 de outubro e o preliminar da discursiva em 11 de novembro. <\/p>\n\n\n\n<p>Quer saber todos os detalhes sobre o concurso p\u00fablico do MP PR? Veja o artigo do Estrat\u00e9gia Concursos com todas as informa\u00e7\u00f5es:<\/p>\n\n\n\n<h2 class=\"wp-block-heading has-text-align-center has-cyan-bluish-gray-background-color has-background has-medium-font-size\" id=\"h-saiba-mais-concurso-mp-pr\">Saiba mais &#8211; <a href=\"https:\/\/www.estrategiaconcursos.com.br\/blog\/concurso-mp-pr\/\" target=\"_blank\" rel=\"noreferrer noopener\">concurso MP PR<\/a><\/h2>\n\n\n\n<h2 class=\"wp-block-heading has-text-align-center\" id=\"h-quer-saber-tudo-sobre-concursos-previstos-confira-nossos-artigos\">Quer saber tudo sobre concursos previstos?<br \/>Confira  nossos artigos!<\/h2>\n\n\n\n<ul class=\"wp-block-list\">\n<li><a href=\"https:\/\/www.estrategiaconcursos.com.br\/blog\/concursos-abertos\/\" target=\"_blank\" rel=\"noreferrer noopener\">Concursos abertos<\/a><\/li>\n\n\n\n<li><a href=\"https:\/\/www.estrategiaconcursos.com.br\/blog\/concursos-2024\/\" target=\"_blank\" rel=\"noreferrer noopener\">Concursos 2024<\/a><\/li>\n<\/ul>\n\n\n\n<h2 class=\"wp-block-heading has-text-align-center\" id=\"h-quer-estudar-para-o-concurso-mp-pr\">Quer estudar para o concurso MP PR?<\/h2>\n\n\n\n<div class=\"container\" id=\"boxes\">\r\n  <div class=\"row\">\r\n\r\n    <div class=\"col-sm\">\r\n      <div class=\"banner-estrategia\" id=\"box-assinatura\">\r\n        <h3 class=\"titulo-assinatura\">Cursos para concursos<\/h3>\r\n        <p class=\"subtitulo-assinatura\">Estude conosco<\/p>\r\n        <div class=\"box-botao\">\r\n          <a class=\"btn-assinatura\" target=\"_blank\" href=\"https:\/\/www.estrategiaconcursos.com.br\/cursos\/\" role=\"button\" rel=\"noopener noreferrer\">Conhe\u00e7a os cursos<\/a>\r\n        <\/div>\r\n      <\/div>\r\n     \r\n    <\/div>\r\n\r\n  <\/div>\r\n<\/div>\n\n\n\n<div class=\"container\" id=\"boxes\">\n  <div class=\"row\">\n\n    <div class=\"col-sm\">\n      <div class=\"estrategia\" id=\"box-assinatura\">\n        <h3 class=\"titulo-assinatura\">Assinatura de Concursos<\/h3>\n        <p class=\"subtitulo-assinatura\">Assinatura de 1 ano ou 2 anos<\/p>\n        <div class=\"box-botao\">\n          <a class=\"btn-assinatura\" target=\"_blank\" href=\"https:\/\/www.estrategiaconcursos.com.br\/assinaturas\/\" role=\"button\" rel=\"noopener noreferrer\">ASSINE AGORA<\/a>\n        <\/div>\n      <\/div>\n     \n    <\/div><\/div><\/div>\n","protected":false},"excerpt":{"rendered":"<p>Que o edital do concurso MP PR (Minist\u00e9rio P\u00fablico do Estado do Paran\u00e1) est\u00e1 na pra\u00e7a voc\u00ea j\u00e1 sabe. Mas o que voc\u00ea vai saber nas pr\u00f3ximas linhas s\u00e3o informa\u00e7\u00f5es exclusivas! Gra\u00e7as a colaboradora do Estrat\u00e9gia Concursos L\u00edvia Fernanda Silva voc\u00ea vai saber sobre homologa\u00e7\u00e3o, nomea\u00e7\u00f5es, localidades de lota\u00e7\u00e3o e muito mais! A L\u00edvia entrevistou [&hellip;]<\/p>\n","protected":false},"author":2375,"featured_media":1430317,"comment_status":"open","ping_status":"closed","sticky":false,"template":"","format":"standard","meta":{"post_tipo":"news","footnotes":""},"categories":[1984,220219],"tags":[],"tax_estado":[219981],"class_list":["post-1435300","post","type-post","status-publish","format-standard","has-post-thumbnail","hentry","category-tribunais","category-noticias","tax_estado-pr"],"acf":[],"yoast_head":"<!-- This site is optimized with the Yoast SEO Premium plugin v27.2 (Yoast SEO v27.2) - https:\/\/yoast.com\/product\/yoast-seo-premium-wordpress\/ -->\n<title>Novidades exclusivas do concurso MP PR! Confira<\/title>\n<meta name=\"description\" content=\"EXCLUSIVA: o concurso MP PR deve ser homologado em dezembro deste ano e as nomea\u00e7\u00f5es podem acontecer j\u00e1 no primeiro semestre de 2025.\" \/>\n<meta name=\"robots\" content=\"index, follow, max-snippet:-1, max-image-preview:large, max-video-preview:-1\" \/>\n<link rel=\"canonical\" href=\"https:\/\/www.estrategiaconcursos.com.br\/blog\/concurso-mp-pr-exclusiva\/\" \/>\n<meta property=\"og:locale\" content=\"pt_BR\" \/>\n<meta property=\"og:type\" content=\"article\" \/>\n<meta property=\"og:title\" content=\"Novidades exclusivas do concurso MP PR! Confira\" \/>\n<meta property=\"og:description\" content=\"EXCLUSIVA: o concurso MP PR deve ser homologado em dezembro deste ano e as nomea\u00e7\u00f5es podem acontecer j\u00e1 no primeiro semestre de 2025.\" \/>\n<meta property=\"og:url\" content=\"https:\/\/www.estrategiaconcursos.com.br\/blog\/concurso-mp-pr-exclusiva\/\" \/>\n<meta property=\"og:site_name\" content=\"Estrat\u00e9gia Concursos\" \/>\n<meta property=\"article:published_time\" content=\"2024-07-25T18:25:24+00:00\" \/>\n<meta property=\"article:modified_time\" content=\"2024-07-25T19:32:48+00:00\" \/>\n<meta property=\"og:image\" content=\"https:\/\/dhg1h5j42swfq.cloudfront.net\/2024\/07\/15124302\/mp-pr.jpg\" \/>\n\t<meta property=\"og:image:width\" content=\"768\" \/>\n\t<meta property=\"og:image:height\" content=\"432\" \/>\n\t<meta property=\"og:image:type\" content=\"image\/jpeg\" \/>\n<meta name=\"author\" content=\"Priscila Almeida\" \/>\n<meta name=\"twitter:card\" content=\"summary_large_image\" \/>\n<meta name=\"twitter:creator\" content=\"@EstratConcursos\" \/>\n<meta name=\"twitter:site\" content=\"@EstratConcursos\" \/>\n<meta name=\"twitter:label1\" content=\"Escrito por\" \/>\n\t<meta name=\"twitter:data1\" content=\"Priscila Almeida\" \/>\n\t<meta name=\"twitter:label2\" content=\"Est. tempo de leitura\" \/>\n\t<meta name=\"twitter:data2\" content=\"2 minutos\" \/>\n<script type=\"application\/ld+json\" class=\"yoast-schema-graph\">{\"@context\":\"https:\/\/schema.org\",\"@graph\":[{\"@type\":\"NewsArticle\",\"@id\":\"https:\/\/www.estrategiaconcursos.com.br\/blog\/concurso-mp-pr-exclusiva\/#article\",\"isPartOf\":{\"@id\":\"https:\/\/www.estrategiaconcursos.com.br\/blog\/concurso-mp-pr-exclusiva\/\"},\"author\":{\"name\":\"Priscila Almeida\",\"@id\":\"https:\/\/www.estrategiaconcursos.com.br\/blog\/#\/schema\/person\/a06e841e501f2e1d8c49c4e8f066bfd1\"},\"headline\":\"Novidades exclusivas do concurso MP PR! Confira\",\"datePublished\":\"2024-07-25T18:25:24+00:00\",\"dateModified\":\"2024-07-25T19:32:48+00:00\",\"mainEntityOfPage\":{\"@id\":\"https:\/\/www.estrategiaconcursos.com.br\/blog\/concurso-mp-pr-exclusiva\/\"},\"wordCount\":445,\"commentCount\":0,\"publisher\":{\"@id\":\"https:\/\/www.estrategiaconcursos.com.br\/blog\/#organization\"},\"image\":{\"@id\":\"https:\/\/www.estrategiaconcursos.com.br\/blog\/concurso-mp-pr-exclusiva\/#primaryimage\"},\"thumbnailUrl\":\"https:\/\/dhg1h5j42swfq.cloudfront.net\/2024\/07\/15124302\/mp-pr.jpg\",\"articleSection\":[\"Tribunais\",\"\u00daltimas not\u00edcias\"],\"inLanguage\":\"pt-BR\",\"potentialAction\":[{\"@type\":\"CommentAction\",\"name\":\"Comment\",\"target\":[\"https:\/\/www.estrategiaconcursos.com.br\/blog\/concurso-mp-pr-exclusiva\/#respond\"]}],\"copyrightYear\":\"2024\",\"copyrightHolder\":{\"@id\":\"https:\/\/www.estrategiaconcursos.com.br\/blog\/#organization\"}},{\"@type\":\"WebPage\",\"@id\":\"https:\/\/www.estrategiaconcursos.com.br\/blog\/concurso-mp-pr-exclusiva\/\",\"url\":\"https:\/\/www.estrategiaconcursos.com.br\/blog\/concurso-mp-pr-exclusiva\/\",\"name\":\"Novidades exclusivas do concurso MP PR! Confira\",\"isPartOf\":{\"@id\":\"https:\/\/www.estrategiaconcursos.com.br\/blog\/#website\"},\"primaryImageOfPage\":{\"@id\":\"https:\/\/www.estrategiaconcursos.com.br\/blog\/concurso-mp-pr-exclusiva\/#primaryimage\"},\"image\":{\"@id\":\"https:\/\/www.estrategiaconcursos.com.br\/blog\/concurso-mp-pr-exclusiva\/#primaryimage\"},\"thumbnailUrl\":\"https:\/\/dhg1h5j42swfq.cloudfront.net\/2024\/07\/15124302\/mp-pr.jpg\",\"datePublished\":\"2024-07-25T18:25:24+00:00\",\"dateModified\":\"2024-07-25T19:32:48+00:00\",\"description\":\"EXCLUSIVA: o concurso MP PR deve ser homologado em dezembro deste ano e as nomea\u00e7\u00f5es podem acontecer j\u00e1 no primeiro semestre de 2025.\",\"breadcrumb\":{\"@id\":\"https:\/\/www.estrategiaconcursos.com.br\/blog\/concurso-mp-pr-exclusiva\/#breadcrumb\"},\"inLanguage\":\"pt-BR\",\"potentialAction\":[{\"@type\":\"ReadAction\",\"target\":[\"https:\/\/www.estrategiaconcursos.com.br\/blog\/concurso-mp-pr-exclusiva\/\"]}]},{\"@type\":\"ImageObject\",\"inLanguage\":\"pt-BR\",\"@id\":\"https:\/\/www.estrategiaconcursos.com.br\/blog\/concurso-mp-pr-exclusiva\/#primaryimage\",\"url\":\"https:\/\/dhg1h5j42swfq.cloudfront.net\/2024\/07\/15124302\/mp-pr.jpg\",\"contentUrl\":\"https:\/\/dhg1h5j42swfq.cloudfront.net\/2024\/07\/15124302\/mp-pr.jpg\",\"width\":768,\"height\":432,\"caption\":\"concurso mp pr\"},{\"@type\":\"BreadcrumbList\",\"@id\":\"https:\/\/www.estrategiaconcursos.com.br\/blog\/concurso-mp-pr-exclusiva\/#breadcrumb\",\"itemListElement\":[{\"@type\":\"ListItem\",\"position\":1,\"name\":\"In\u00edcio\",\"item\":\"https:\/\/www.estrategiaconcursos.com.br\/blog\/\"},{\"@type\":\"ListItem\",\"position\":2,\"name\":\"Novidades exclusivas do concurso MP PR! Confira\"}]},{\"@type\":\"WebSite\",\"@id\":\"https:\/\/www.estrategiaconcursos.com.br\/blog\/#website\",\"url\":\"https:\/\/www.estrategiaconcursos.com.br\/blog\/\",\"name\":\"Estrat\u00e9gia Concursos\",\"description\":\"O blog da Estrat\u00e9gia Concursos traz not\u00edcias sobre concursos e artigos de professores oferecendo cursos para concursos (pdf + videaulas) no site.\",\"publisher\":{\"@id\":\"https:\/\/www.estrategiaconcursos.com.br\/blog\/#organization\"},\"potentialAction\":[{\"@type\":\"SearchAction\",\"target\":{\"@type\":\"EntryPoint\",\"urlTemplate\":\"https:\/\/www.estrategiaconcursos.com.br\/blog\/?s={search_term_string}\"},\"query-input\":{\"@type\":\"PropertyValueSpecification\",\"valueRequired\":true,\"valueName\":\"search_term_string\"}}],\"inLanguage\":\"pt-BR\"},{\"@type\":\"Organization\",\"@id\":\"https:\/\/www.estrategiaconcursos.com.br\/blog\/#organization\",\"name\":\"Estrat\u00e9gia Concursos\",\"url\":\"https:\/\/www.estrategiaconcursos.com.br\/blog\/\",\"logo\":{\"@type\":\"ImageObject\",\"inLanguage\":\"pt-BR\",\"@id\":\"https:\/\/www.estrategiaconcursos.com.br\/blog\/#\/schema\/logo\/image\/\",\"url\":\"https:\/\/dhg1h5j42swfq.cloudfront.net\/2025\/06\/03203428\/logo_concursos-1.jpg\",\"contentUrl\":\"https:\/\/dhg1h5j42swfq.cloudfront.net\/2025\/06\/03203428\/logo_concursos-1.jpg\",\"width\":230,\"height\":60,\"caption\":\"Estrat\u00e9gia Concursos\"},\"image\":{\"@id\":\"https:\/\/www.estrategiaconcursos.com.br\/blog\/#\/schema\/logo\/image\/\"},\"sameAs\":[\"https:\/\/x.com\/EstratConcursos\"]},{\"@type\":\"Person\",\"@id\":\"https:\/\/www.estrategiaconcursos.com.br\/blog\/#\/schema\/person\/a06e841e501f2e1d8c49c4e8f066bfd1\",\"name\":\"Priscila Almeida\",\"image\":{\"@type\":\"ImageObject\",\"inLanguage\":\"pt-BR\",\"@id\":\"https:\/\/secure.gravatar.com\/avatar\/0a963c9e2a947fa675b669cea2b5d0ba6dd1cbf46b966190343b6c9973ad3337?s=96&d=mm&r=g\",\"url\":\"https:\/\/secure.gravatar.com\/avatar\/0a963c9e2a947fa675b669cea2b5d0ba6dd1cbf46b966190343b6c9973ad3337?s=96&d=mm&r=g\",\"contentUrl\":\"https:\/\/secure.gravatar.com\/avatar\/0a963c9e2a947fa675b669cea2b5d0ba6dd1cbf46b966190343b6c9973ad3337?s=96&d=mm&r=g\",\"caption\":\"Priscila Almeida\"},\"description\":\"Atua na \u00e1rea de concursos p\u00fablicos desde 2019. As editorias que mais t\u00eam familiaridade s\u00e3o: Tribunais (TJs; TRTs; TREs; TSTs; STJ, STF, STM e TSE); Defensorias; Minist\u00e9rios P\u00fablicos; Procuradorias; Educa\u00e7\u00e3o e Conselhos. Na \u00e1rea de comunica\u00e7\u00e3o, de maneira geral, a caminhada \u00e9 um pouco mais longa - desde 2007. Possui experi\u00eancia em reda\u00e7\u00f5es de r\u00e1dio, TV, Web e impresso, al\u00e9m de desenvolver trabalhos em assessorias de comunica\u00e7\u00e3o institucional, empresarial e p\u00fablicas. Entre outros trabalhos, se destacam a atua\u00e7\u00e3o nas \u00e1reas de Justi\u00e7a, Congresso, Esportes, Sa\u00fade, Agropecu\u00e1ria, Cidades e Avia\u00e7\u00e3o Civil.\",\"url\":\"https:\/\/www.estrategiaconcursos.com.br\/blog\/author\/priscila-almeidaestrategia-com\/\"}]}<\/script>\n<!-- \/ Yoast SEO Premium plugin. -->","yoast_head_json":{"title":"Novidades exclusivas do concurso MP PR! Confira","description":"EXCLUSIVA: o concurso MP PR deve ser homologado em dezembro deste ano e as nomea\u00e7\u00f5es podem acontecer j\u00e1 no primeiro semestre de 2025.","robots":{"index":"index","follow":"follow","max-snippet":"max-snippet:-1","max-image-preview":"max-image-preview:large","max-video-preview":"max-video-preview:-1"},"canonical":"https:\/\/www.estrategiaconcursos.com.br\/blog\/concurso-mp-pr-exclusiva\/","og_locale":"pt_BR","og_type":"article","og_title":"Novidades exclusivas do concurso MP PR! Confira","og_description":"EXCLUSIVA: o concurso MP PR deve ser homologado em dezembro deste ano e as nomea\u00e7\u00f5es podem acontecer j\u00e1 no primeiro semestre de 2025.","og_url":"https:\/\/www.estrategiaconcursos.com.br\/blog\/concurso-mp-pr-exclusiva\/","og_site_name":"Estrat\u00e9gia Concursos","article_published_time":"2024-07-25T18:25:24+00:00","article_modified_time":"2024-07-25T19:32:48+00:00","og_image":[{"width":768,"height":432,"url":"https:\/\/dhg1h5j42swfq.cloudfront.net\/2024\/07\/15124302\/mp-pr.jpg","type":"image\/jpeg"}],"author":"Priscila Almeida","twitter_card":"summary_large_image","twitter_creator":"@EstratConcursos","twitter_site":"@EstratConcursos","twitter_misc":{"Escrito por":"Priscila Almeida","Est. tempo de leitura":"2 minutos"},"schema":{"@context":"https:\/\/schema.org","@graph":[{"@type":"NewsArticle","@id":"https:\/\/www.estrategiaconcursos.com.br\/blog\/concurso-mp-pr-exclusiva\/#article","isPartOf":{"@id":"https:\/\/www.estrategiaconcursos.com.br\/blog\/concurso-mp-pr-exclusiva\/"},"author":{"name":"Priscila Almeida","@id":"https:\/\/www.estrategiaconcursos.com.br\/blog\/#\/schema\/person\/a06e841e501f2e1d8c49c4e8f066bfd1"},"headline":"Novidades exclusivas do concurso MP PR! Confira","datePublished":"2024-07-25T18:25:24+00:00","dateModified":"2024-07-25T19:32:48+00:00","mainEntityOfPage":{"@id":"https:\/\/www.estrategiaconcursos.com.br\/blog\/concurso-mp-pr-exclusiva\/"},"wordCount":445,"commentCount":0,"publisher":{"@id":"https:\/\/www.estrategiaconcursos.com.br\/blog\/#organization"},"image":{"@id":"https:\/\/www.estrategiaconcursos.com.br\/blog\/concurso-mp-pr-exclusiva\/#primaryimage"},"thumbnailUrl":"https:\/\/dhg1h5j42swfq.cloudfront.net\/2024\/07\/15124302\/mp-pr.jpg","articleSection":["Tribunais","\u00daltimas not\u00edcias"],"inLanguage":"pt-BR","potentialAction":[{"@type":"CommentAction","name":"Comment","target":["https:\/\/www.estrategiaconcursos.com.br\/blog\/concurso-mp-pr-exclusiva\/#respond"]}],"copyrightYear":"2024","copyrightHolder":{"@id":"https:\/\/www.estrategiaconcursos.com.br\/blog\/#organization"}},{"@type":"WebPage","@id":"https:\/\/www.estrategiaconcursos.com.br\/blog\/concurso-mp-pr-exclusiva\/","url":"https:\/\/www.estrategiaconcursos.com.br\/blog\/concurso-mp-pr-exclusiva\/","name":"Novidades exclusivas do concurso MP PR! Confira","isPartOf":{"@id":"https:\/\/www.estrategiaconcursos.com.br\/blog\/#website"},"primaryImageOfPage":{"@id":"https:\/\/www.estrategiaconcursos.com.br\/blog\/concurso-mp-pr-exclusiva\/#primaryimage"},"image":{"@id":"https:\/\/www.estrategiaconcursos.com.br\/blog\/concurso-mp-pr-exclusiva\/#primaryimage"},"thumbnailUrl":"https:\/\/dhg1h5j42swfq.cloudfront.net\/2024\/07\/15124302\/mp-pr.jpg","datePublished":"2024-07-25T18:25:24+00:00","dateModified":"2024-07-25T19:32:48+00:00","description":"EXCLUSIVA: o concurso MP PR deve ser homologado em dezembro deste ano e as nomea\u00e7\u00f5es podem acontecer j\u00e1 no primeiro semestre de 2025.","breadcrumb":{"@id":"https:\/\/www.estrategiaconcursos.com.br\/blog\/concurso-mp-pr-exclusiva\/#breadcrumb"},"inLanguage":"pt-BR","potentialAction":[{"@type":"ReadAction","target":["https:\/\/www.estrategiaconcursos.com.br\/blog\/concurso-mp-pr-exclusiva\/"]}]},{"@type":"ImageObject","inLanguage":"pt-BR","@id":"https:\/\/www.estrategiaconcursos.com.br\/blog\/concurso-mp-pr-exclusiva\/#primaryimage","url":"https:\/\/dhg1h5j42swfq.cloudfront.net\/2024\/07\/15124302\/mp-pr.jpg","contentUrl":"https:\/\/dhg1h5j42swfq.cloudfront.net\/2024\/07\/15124302\/mp-pr.jpg","width":768,"height":432,"caption":"concurso mp pr"},{"@type":"BreadcrumbList","@id":"https:\/\/www.estrategiaconcursos.com.br\/blog\/concurso-mp-pr-exclusiva\/#breadcrumb","itemListElement":[{"@type":"ListItem","position":1,"name":"In\u00edcio","item":"https:\/\/www.estrategiaconcursos.com.br\/blog\/"},{"@type":"ListItem","position":2,"name":"Novidades exclusivas do concurso MP PR! Confira"}]},{"@type":"WebSite","@id":"https:\/\/www.estrategiaconcursos.com.br\/blog\/#website","url":"https:\/\/www.estrategiaconcursos.com.br\/blog\/","name":"Estrat\u00e9gia Concursos","description":"O blog da Estrat\u00e9gia Concursos traz not\u00edcias sobre concursos e artigos de professores oferecendo cursos para concursos (pdf + videaulas) no site.","publisher":{"@id":"https:\/\/www.estrategiaconcursos.com.br\/blog\/#organization"},"potentialAction":[{"@type":"SearchAction","target":{"@type":"EntryPoint","urlTemplate":"https:\/\/www.estrategiaconcursos.com.br\/blog\/?s={search_term_string}"},"query-input":{"@type":"PropertyValueSpecification","valueRequired":true,"valueName":"search_term_string"}}],"inLanguage":"pt-BR"},{"@type":"Organization","@id":"https:\/\/www.estrategiaconcursos.com.br\/blog\/#organization","name":"Estrat\u00e9gia Concursos","url":"https:\/\/www.estrategiaconcursos.com.br\/blog\/","logo":{"@type":"ImageObject","inLanguage":"pt-BR","@id":"https:\/\/www.estrategiaconcursos.com.br\/blog\/#\/schema\/logo\/image\/","url":"https:\/\/dhg1h5j42swfq.cloudfront.net\/2025\/06\/03203428\/logo_concursos-1.jpg","contentUrl":"https:\/\/dhg1h5j42swfq.cloudfront.net\/2025\/06\/03203428\/logo_concursos-1.jpg","width":230,"height":60,"caption":"Estrat\u00e9gia Concursos"},"image":{"@id":"https:\/\/www.estrategiaconcursos.com.br\/blog\/#\/schema\/logo\/image\/"},"sameAs":["https:\/\/x.com\/EstratConcursos"]},{"@type":"Person","@id":"https:\/\/www.estrategiaconcursos.com.br\/blog\/#\/schema\/person\/a06e841e501f2e1d8c49c4e8f066bfd1","name":"Priscila Almeida","image":{"@type":"ImageObject","inLanguage":"pt-BR","@id":"https:\/\/secure.gravatar.com\/avatar\/0a963c9e2a947fa675b669cea2b5d0ba6dd1cbf46b966190343b6c9973ad3337?s=96&d=mm&r=g","url":"https:\/\/secure.gravatar.com\/avatar\/0a963c9e2a947fa675b669cea2b5d0ba6dd1cbf46b966190343b6c9973ad3337?s=96&d=mm&r=g","contentUrl":"https:\/\/secure.gravatar.com\/avatar\/0a963c9e2a947fa675b669cea2b5d0ba6dd1cbf46b966190343b6c9973ad3337?s=96&d=mm&r=g","caption":"Priscila Almeida"},"description":"Atua na \u00e1rea de concursos p\u00fablicos desde 2019. As editorias que mais t\u00eam familiaridade s\u00e3o: Tribunais (TJs; TRTs; TREs; TSTs; STJ, STF, STM e TSE); Defensorias; Minist\u00e9rios P\u00fablicos; Procuradorias; Educa\u00e7\u00e3o e Conselhos. Na \u00e1rea de comunica\u00e7\u00e3o, de maneira geral, a caminhada \u00e9 um pouco mais longa - desde 2007. Possui experi\u00eancia em reda\u00e7\u00f5es de r\u00e1dio, TV, Web e impresso, al\u00e9m de desenvolver trabalhos em assessorias de comunica\u00e7\u00e3o institucional, empresarial e p\u00fablicas. Entre outros trabalhos, se destacam a atua\u00e7\u00e3o nas \u00e1reas de Justi\u00e7a, Congresso, Esportes, Sa\u00fade, Agropecu\u00e1ria, Cidades e Avia\u00e7\u00e3o Civil.","url":"https:\/\/www.estrategiaconcursos.com.br\/blog\/author\/priscila-almeidaestrategia-com\/"}]}},"_links":{"self":[{"href":"https:\/\/www.estrategiaconcursos.com.br\/blog\/wp-json\/wp\/v2\/posts\/1435300","targetHints":{"allow":["GET"]}}],"collection":[{"href":"https:\/\/www.estrategiaconcursos.com.br\/blog\/wp-json\/wp\/v2\/posts"}],"about":[{"href":"https:\/\/www.estrategiaconcursos.com.br\/blog\/wp-json\/wp\/v2\/types\/post"}],"author":[{"embeddable":true,"href":"https:\/\/www.estrategiaconcursos.com.br\/blog\/wp-json\/wp\/v2\/users\/2375"}],"replies":[{"embeddable":true,"href":"https:\/\/www.estrategiaconcursos.com.br\/blog\/wp-json\/wp\/v2\/comments?post=1435300"}],"version-history":[{"count":6,"href":"https:\/\/www.estrategiaconcursos.com.br\/blog\/wp-json\/wp\/v2\/posts\/1435300\/revisions"}],"predecessor-version":[{"id":1435354,"href":"https:\/\/www.estrategiaconcursos.com.br\/blog\/wp-json\/wp\/v2\/posts\/1435300\/revisions\/1435354"}],"wp:featuredmedia":[{"embeddable":true,"href":"https:\/\/www.estrategiaconcursos.com.br\/blog\/wp-json\/wp\/v2\/media\/1430317"}],"wp:attachment":[{"href":"https:\/\/www.estrategiaconcursos.com.br\/blog\/wp-json\/wp\/v2\/media?parent=1435300"}],"wp:term":[{"taxonomy":"category","embeddable":true,"href":"https:\/\/www.estrategiaconcursos.com.br\/blog\/wp-json\/wp\/v2\/categories?post=1435300"},{"taxonomy":"post_tag","embeddable":true,"href":"https:\/\/www.estrategiaconcursos.com.br\/blog\/wp-json\/wp\/v2\/tags?post=1435300"},{"taxonomy":"tax_estado","embeddable":true,"href":"https:\/\/www.estrategiaconcursos.com.br\/blog\/wp-json\/wp\/v2\/tax_estado?post=1435300"}],"curies":[{"name":"wp","href":"https:\/\/api.w.org\/{rel}","templated":true}]}}