{"id":1433127,"date":"2024-08-10T11:22:00","date_gmt":"2024-08-10T14:22:00","guid":{"rendered":"https:\/\/www.estrategiaconcursos.com.br\/blog\/?p=1433127"},"modified":"2024-07-24T18:00:33","modified_gmt":"2024-07-24T21:00:33","slug":"industrializacao-brasileira-carreira-diplomatica","status":"publish","type":"post","link":"https:\/\/www.estrategiaconcursos.com.br\/blog\/industrializacao-brasileira-carreira-diplomatica\/","title":{"rendered":"Industrializa\u00e7\u00e3o Brasileira para a Carreira Diplom\u00e1tica"},"content":{"rendered":"\n<p>Fala, turma! Como est\u00e3o? Muitos de voc\u00eas est\u00e3o nos \u00faltimos est\u00e1gios de prepara\u00e7\u00e3o para a <a href=\"https:\/\/dhg1h5j42swfq.cloudfront.net\/2024\/07\/12112423\/ed_1_irbr_cacd_24_abertura.pdf\">carreira diplom\u00e1tica <\/a>e algumas dicas sobre como entender a Industrializa\u00e7\u00e3o Brasileira para a Carreira Diplom\u00e1tica entre 1930-1945 podem ser fundamentais para enfrentar as quest\u00f5es na prova. Nesse contexto, nosso objetivo \u00e9 oferecer um resumo conciso dos conceitos essenciais, utilizando uma linguagem simples para facilitar a compreens\u00e3o desse tema.<\/p>\n\n\n\n<p>Dessa forma, neste texto, vamos abordar os seguintes t\u00f3picos com a inten\u00e7\u00e3o de auxiliar os estudantes a esclarecer d\u00favidas e gui\u00e1-los quando esse tema surgir nas avalia\u00e7\u00f5es:<\/p>\n\n\n\n<ul class=\"wp-block-list\">\n<li><strong>Contexto Hist\u00f3rico;<\/strong><\/li>\n\n\n\n<li><strong>O modelo de Industrializa\u00e7\u00e3o por Substitui\u00e7\u00e3o de Importa\u00e7\u00f5es (ISI);<\/strong><\/li>\n\n\n\n<li><strong>Falhas e Cr\u00edticas ao Modelo de Industrializa\u00e7\u00e3o por Substitui\u00e7\u00e3o de Importa\u00e7\u00f5es (ISI) e o Impacto Social e Econ\u00f4mico<\/strong><\/li>\n<\/ul>\n\n\n\n<figure class=\"wp-block-image aligncenter size-large is-resized\"><img loading=\"lazy\" decoding=\"async\" width=\"683\" height=\"1024\" src=\"https:\/\/dhg1h5j42swfq.cloudfront.net\/2024\/07\/21140406\/image-545-683x1024.png\" alt=\"A carreira diplom\u00e1tica \u00e9 uma das oportunidades de 2024\" class=\"wp-image-1433131\" style=\"width:389px;height:auto\" srcset=\"https:\/\/dhg1h5j42swfq.cloudfront.net\/2024\/07\/21140406\/image-545-683x1024.png 683w, https:\/\/dhg1h5j42swfq.cloudfront.net\/2024\/07\/21140406\/image-545-200x300.png 200w, https:\/\/dhg1h5j42swfq.cloudfront.net\/2024\/07\/21140406\/image-545-768x1152.png 768w, https:\/\/dhg1h5j42swfq.cloudfront.net\/2024\/07\/21140406\/image-545-1024x1536.png 1024w, https:\/\/dhg1h5j42swfq.cloudfront.net\/2024\/07\/21140406\/image-545-1365x2048.png 1365w, https:\/\/dhg1h5j42swfq.cloudfront.net\/2024\/07\/21140406\/image-545-610x915.png 610w, https:\/\/dhg1h5j42swfq.cloudfront.net\/2024\/07\/21140406\/image-545-150x225.png 150w, https:\/\/dhg1h5j42swfq.cloudfront.net\/2024\/07\/21140406\/image-545.png 1974w\" sizes=\"auto, (max-width: 683px) 100vw, 683px\" \/><figcaption class=\"wp-element-caption\">A carreira diplom\u00e1tica \u00e9 uma das oportunidades de 2024<\/figcaption><\/figure>\n\n\n\n<h2 class=\"wp-block-heading\" id=\"h-contexto-historico\"><strong>Contexto Hist\u00f3rico<\/strong><\/h2>\n\n\n\n<p>Primeiramente, a industrializa\u00e7\u00e3o brasileira entre 1930 e 1945 foi um per\u00edodo crucial para o desenvolvimento econ\u00f4mico do pa\u00eds. Esse per\u00edodo, marcado por pol\u00edticas econ\u00f4micas que incentivaram a substitui\u00e7\u00e3o de importa\u00e7\u00f5es, transformou o Brasil de uma economia agr\u00e1ria para uma na\u00e7\u00e3o com uma base industrial significativa. Assim, sob a lideran\u00e7a de Get\u00falio Vargas, o governo adotou diversas medidas para estimular a produ\u00e7\u00e3o industrial dom\u00e9stica, reduzir a depend\u00eancia de importa\u00e7\u00f5es e criar um mercado interno robusto.<\/p>\n\n\n\n<p>Nesse sentido, na d\u00e9cada de 1930, o Brasil enfrentou uma s\u00e9rie de desafios econ\u00f4micos e sociais. A Grande Depress\u00e3o de 1929 teve um impacto devastador sobre a economia brasileira, que era fortemente dependente da exporta\u00e7\u00e3o de caf\u00e9. A queda nos pre\u00e7os do caf\u00e9 reduziu drasticamente as receitas de exporta\u00e7\u00e3o, levando a uma crise econ\u00f4mica interna. Assim, esse cen\u00e1rio criou uma oportunidade para a implementa\u00e7\u00e3o de pol\u00edticas econ\u00f4micas voltadas para a industrializa\u00e7\u00e3o e a diversifica\u00e7\u00e3o da economia.<\/p>\n\n\n\n<h2 class=\"wp-block-heading\" id=\"h-o-modelo-de-industrializacao-por-substituicao-de-importacoes-isi\"><strong>O modelo de Industrializa\u00e7\u00e3o por Substitui\u00e7\u00e3o de Importa\u00e7\u00f5es (ISI)<\/strong><\/h2>\n\n\n\n<p>O Modelo de Industrializa\u00e7\u00e3o por Substitui\u00e7\u00e3o de Importa\u00e7\u00f5es (ISI) foi uma estrat\u00e9gia adotada por muitos pa\u00edses latino-americanos, incluindo o Brasil, para promover a industrializa\u00e7\u00e3o. Dessa forma, o objetivo central do ISI era reduzir a depend\u00eancia de produtos manufaturados importados, incentivando a produ\u00e7\u00e3o dom\u00e9stica desses bens. No Brasil, esse modelo foi implementado por meio de uma s\u00e9rie de pol\u00edticas econ\u00f4micas e institucionais.<\/p>\n\n\n\n<p>Para implementar o ISI, o governo brasileiro adotou v\u00e1rias medidas, incluindo tarifas protecionistas elevadas sobre produtos importados, incentivos fiscais para ind\u00fastrias nacionais, e a cria\u00e7\u00e3o de empresas estatais para produzir bens essenciais. Portanto, essas pol\u00edticas visavam criar um ambiente favor\u00e1vel para o desenvolvimento da ind\u00fastria dom\u00e9stica, protegendo-a da concorr\u00eancia externa.<\/p>\n\n\n\n<p>O modelo ISI levou a um crescimento significativo da ind\u00fastria brasileira. Setores como a siderurgia, a produ\u00e7\u00e3o de tecidos, e a ind\u00fastria aliment\u00edcia experimentaram um r\u00e1pido desenvolvimento. O crescimento industrial tamb\u00e9m gerou empregos e promoveu a urbaniza\u00e7\u00e3o, \u00e0 medida que mais pessoas migravam para as cidades em busca de trabalho nas f\u00e1bricas.<\/p>\n\n\n\n<p>Durante o per\u00edodo de 1930 a 1945, v\u00e1rios setores industriais se destacaram no Brasil. A ind\u00fastria t\u00eaxtil foi uma das primeiras a se desenvolver, seguida pela ind\u00fastria de alimentos e bebidas. Al\u00e9m disso, a siderurgia tamb\u00e9m ganhou import\u00e2ncia, com a cria\u00e7\u00e3o da Companhia Sider\u00fargica Nacional (CSN) em 1941. Essas ind\u00fastrias n\u00e3o s\u00f3 reduziram a depend\u00eancia de produtos importados, mas tamb\u00e9m estabeleceram a base para o desenvolvimento industrial futuro, o que \u00e9 essencial para entender a Industrializa\u00e7\u00e3o Brasileira para a Carreira Diplom\u00e1tica.<\/p>\n\n\n\n<h2 class=\"wp-block-heading\" id=\"h-falhas-e-criticas-ao-modelo-de-industrializacao-por-substituicao-de-importacoes-isi\"><strong>Falhas e Cr\u00edticas ao modelo de Industrializa\u00e7\u00e3o por Substitui\u00e7\u00e3o de Importa\u00e7\u00f5es (ISI)<\/strong><\/h2>\n\n\n\n<p>Uma das cr\u00edticas mais comuns ao modelo ISI \u00e9 que ele criou ind\u00fastrias protegidas que n\u00e3o eram competitivas no mercado global. As tarifas elevadas sobre produtos importados e os subs\u00eddios para ind\u00fastrias nacionais levaram \u00e0 cria\u00e7\u00e3o de empresas ineficientes, incapazes de competir internacionalmente. Desse modo, a falta de concorr\u00eancia reduziu os incentivos para a inova\u00e7\u00e3o e a melhoria da efici\u00eancia produtiva.<\/p>\n\n\n\n<p>Embora o ISI tenha reduzido a depend\u00eancia de produtos manufaturados importados, ele n\u00e3o conseguiu eliminar a depend\u00eancia de importa\u00e7\u00f5es de insumos e mat\u00e9rias-primas. As ind\u00fastrias brasileiras ainda precisavam importar muitos dos componentes e materiais necess\u00e1rios para a produ\u00e7\u00e3o, o que limitava a autonomia econ\u00f4mica do pa\u00eds. Assim, essa depend\u00eancia tamb\u00e9m expunha a economia brasileira \u00e0s flutua\u00e7\u00f5es nos pre\u00e7os internacionais de mat\u00e9rias-primas.<\/p>\n\n\n\n<p>Nesse sentido, a industrializa\u00e7\u00e3o brasileira teve um impacto profundo na sociedade e na economia do pa\u00eds. A urbaniza\u00e7\u00e3o acelerada levou ao crescimento das cidades e \u00e0 cria\u00e7\u00e3o de novas oportunidades de emprego. No entanto, a r\u00e1pida industrializa\u00e7\u00e3o tamb\u00e9m trouxe desafios sociais, incluindo a necessidade de adaptar a for\u00e7a de trabalho \u00e0s novas demandas industriais e enfrentar problemas urbanos como a falta de moradia e infraestrutura adequada.<\/p>\n\n\n\n<p>Para lidar com os desafios sociais da industrializa\u00e7\u00e3o, o governo Vargas implementou uma s\u00e9rie de pol\u00edticas trabalhistas e sociais. A cria\u00e7\u00e3o de leis trabalhistas, como a Consolida\u00e7\u00e3o das Leis do Trabalho (CLT) em 1943, garantiu direitos aos trabalhadores e ajudou a melhorar as condi\u00e7\u00f5es de trabalho. Al\u00e9m disso, o governo promoveu programas de bem-estar social para apoiar os trabalhadores urbanos.<\/p>\n\n\n\n<h2 class=\"wp-block-heading\" id=\"h-conclusao\"><strong>Conclus\u00e3o<\/strong><\/h2>\n\n\n\n<p>Portanto, a Industrializa\u00e7\u00e3o Brasileira para a Carreira Diplom\u00e1tica entre 1930 e 1945 foi um per\u00edodo de grandes mudan\u00e7as e avan\u00e7os. O Modelo de Industrializa\u00e7\u00e3o por Substitui\u00e7\u00e3o de Importa\u00e7\u00f5es (ISI) desempenhou um papel central nesse processo, incentivando o desenvolvimento da ind\u00fastria dom\u00e9stica e reduzindo a depend\u00eancia de produtos importados. Apesar das cr\u00edticas e falhas, o per\u00edodo de 1930 a 1945 foi fundamental para a constru\u00e7\u00e3o da base industrial do Brasil. Entender esse per\u00edodo \u00e9 essencial para compreender os desafios e as conquistas da economia brasileira ao longo do s\u00e9culo XX.<\/p>\n\n\n\n<p>O per\u00edodo de 1930 a 1945 deixou um legado duradouro para a economia brasileira. A base industrial estabelecida durante esses anos proporcionou uma plataforma para o crescimento econ\u00f4mico nas d\u00e9cadas seguintes. Embora o modelo ISI tenha suas limita\u00e7\u00f5es, ele desempenhou um papel crucial na transforma\u00e7\u00e3o da estrutura econ\u00f4mica do Brasil, movendo o pa\u00eds de uma economia agr\u00e1ria para uma economia mais diversificada e industrializada.<\/p>\n\n\n\n<p>N\u00e3o deixem de estudar esse assunto nos materiais do Estrat\u00e9gia de Economia, j\u00e1 que \u00e9 um assunto bem presente nos diversos certames.<\/p>\n\n\n\n<p>Continuem estudando que uma hora a aprova\u00e7\u00e3o chega<\/p>\n\n\n\n<p>Nos encontramos no pr\u00f3ximo artigo.<\/p>\n\n\n\n<p>Um abra\u00e7o!!<\/p>\n\n\n\n<h2 class=\"wp-block-heading has-text-align-center\" id=\"cursos-assinatura\">Cursos e Assinaturas<\/h2>\n\n\n\n<p>Prepare-se com o melhor material e com quem mais aprova em Concursos P\u00fablicos em todo o pa\u00eds!<\/p>\n\n\n\n<p class=\"has-text-align-center has-vivid-cyan-blue-color has-text-color has-background\" style=\"background-color:#0078bd\"><a href=\"https:\/\/www.estrategiaconcursos.com.br\/blog\/concursos-abertos\/\" target=\"_blank\" rel=\"noreferrer noopener\"><strong><mark style=\"background-color:rgba(0, 0, 0, 0)\" class=\"has-inline-color has-white-color\">Concursos Abertos<\/mark><\/strong><\/a><\/p>\n\n\n\n<p class=\"has-text-align-center has-vivid-cyan-blue-color has-text-color has-background\" style=\"background-color:#0078bd\"><a href=\"https:\/\/www.estrategiaconcursos.com.br\/blog\/concursos-2024\/\" target=\"_blank\" rel=\"noreferrer noopener\"><strong><mark style=\"background-color:rgba(0, 0, 0, 0)\" class=\"has-inline-color has-white-color\">Concursos 2024<\/mark><\/strong><\/a><\/p>\n","protected":false},"excerpt":{"rendered":"<p>Fala, turma! Como est\u00e3o? Muitos de voc\u00eas est\u00e3o nos \u00faltimos est\u00e1gios de prepara\u00e7\u00e3o para a carreira diplom\u00e1tica e algumas dicas sobre como entender a Industrializa\u00e7\u00e3o Brasileira para a Carreira Diplom\u00e1tica entre 1930-1945 podem ser fundamentais para enfrentar as quest\u00f5es na prova. Nesse contexto, nosso objetivo \u00e9 oferecer um resumo conciso dos conceitos essenciais, utilizando uma [&hellip;]<\/p>\n","protected":false},"author":2477,"featured_media":1433131,"comment_status":"open","ping_status":"closed","sticky":false,"template":"","format":"standard","meta":{"post_tipo":"article","footnotes":""},"categories":[1],"tags":[],"tax_estado":[219963],"class_list":["post-1433127","post","type-post","status-publish","format-standard","has-post-thumbnail","hentry","category-cursos-e-concursos","tax_estado-concursos-federais"],"acf":[],"yoast_head":"<!-- This site is optimized with the Yoast SEO Premium plugin v27.2 (Yoast SEO v27.2) - https:\/\/yoast.com\/product\/yoast-seo-premium-wordpress\/ -->\n<title>Industrializa\u00e7\u00e3o Brasileira para a Carreira Diplom\u00e1tica<\/title>\n<meta name=\"description\" content=\"Aprenda neste artigo a Industrializa\u00e7\u00e3o Brasileira para a Carreira Diplom\u00e1tica. Apresentamos as caracter\u00edsticas da ISI.\" \/>\n<meta name=\"robots\" content=\"index, follow, max-snippet:-1, max-image-preview:large, max-video-preview:-1\" \/>\n<link rel=\"canonical\" href=\"https:\/\/www.estrategiaconcursos.com.br\/blog\/industrializacao-brasileira-carreira-diplomatica\/\" \/>\n<meta property=\"og:locale\" content=\"pt_BR\" \/>\n<meta property=\"og:type\" content=\"article\" \/>\n<meta property=\"og:title\" content=\"Industrializa\u00e7\u00e3o Brasileira para a Carreira Diplom\u00e1tica\" \/>\n<meta property=\"og:description\" content=\"Aprenda neste artigo a Industrializa\u00e7\u00e3o Brasileira para a Carreira Diplom\u00e1tica. Apresentamos as caracter\u00edsticas da ISI.\" \/>\n<meta property=\"og:url\" content=\"https:\/\/www.estrategiaconcursos.com.br\/blog\/industrializacao-brasileira-carreira-diplomatica\/\" \/>\n<meta property=\"og:site_name\" content=\"Estrat\u00e9gia Concursos\" \/>\n<meta property=\"article:published_time\" content=\"2024-08-10T14:22:00+00:00\" \/>\n<meta property=\"og:image\" content=\"https:\/\/dhg1h5j42swfq.cloudfront.net\/2024\/07\/21140406\/image-545-683x1024.png\" \/>\n\t<meta property=\"og:image:width\" content=\"683\" \/>\n\t<meta property=\"og:image:height\" content=\"1024\" \/>\n\t<meta property=\"og:image:type\" content=\"image\/png\" \/>\n<meta name=\"author\" content=\"Rafael Scherb\" \/>\n<meta name=\"twitter:card\" content=\"summary_large_image\" \/>\n<meta name=\"twitter:creator\" content=\"@EstratConcursos\" \/>\n<meta name=\"twitter:site\" content=\"@EstratConcursos\" \/>\n<meta name=\"twitter:label1\" content=\"Escrito por\" \/>\n\t<meta name=\"twitter:data1\" content=\"Rafael Scherb\" \/>\n\t<meta name=\"twitter:label2\" content=\"Est. tempo de leitura\" \/>\n\t<meta name=\"twitter:data2\" content=\"6 minutos\" \/>\n<script type=\"application\/ld+json\" class=\"yoast-schema-graph\">{\"@context\":\"https:\/\/schema.org\",\"@graph\":[{\"@type\":\"NewsArticle\",\"@id\":\"https:\/\/www.estrategiaconcursos.com.br\/blog\/industrializacao-brasileira-carreira-diplomatica\/#article\",\"isPartOf\":{\"@id\":\"https:\/\/www.estrategiaconcursos.com.br\/blog\/industrializacao-brasileira-carreira-diplomatica\/\"},\"author\":{\"name\":\"Rafael Scherb\",\"@id\":\"https:\/\/www.estrategiaconcursos.com.br\/blog\/#\/schema\/person\/c40c99fd7b4559f496670bef95c3f305\"},\"headline\":\"Industrializa\u00e7\u00e3o Brasileira para a Carreira Diplom\u00e1tica\",\"datePublished\":\"2024-08-10T14:22:00+00:00\",\"mainEntityOfPage\":{\"@id\":\"https:\/\/www.estrategiaconcursos.com.br\/blog\/industrializacao-brasileira-carreira-diplomatica\/\"},\"wordCount\":1170,\"commentCount\":0,\"publisher\":{\"@id\":\"https:\/\/www.estrategiaconcursos.com.br\/blog\/#organization\"},\"image\":{\"@id\":\"https:\/\/www.estrategiaconcursos.com.br\/blog\/industrializacao-brasileira-carreira-diplomatica\/#primaryimage\"},\"thumbnailUrl\":\"https:\/\/dhg1h5j42swfq.cloudfront.net\/2024\/07\/21140406\/image-545.png\",\"articleSection\":[\"Concursos P\u00fablicos\"],\"inLanguage\":\"pt-BR\",\"potentialAction\":[{\"@type\":\"CommentAction\",\"name\":\"Comment\",\"target\":[\"https:\/\/www.estrategiaconcursos.com.br\/blog\/industrializacao-brasileira-carreira-diplomatica\/#respond\"]}],\"copyrightYear\":\"2024\",\"copyrightHolder\":{\"@id\":\"https:\/\/www.estrategiaconcursos.com.br\/blog\/#organization\"}},{\"@type\":\"WebPage\",\"@id\":\"https:\/\/www.estrategiaconcursos.com.br\/blog\/industrializacao-brasileira-carreira-diplomatica\/\",\"url\":\"https:\/\/www.estrategiaconcursos.com.br\/blog\/industrializacao-brasileira-carreira-diplomatica\/\",\"name\":\"Industrializa\u00e7\u00e3o Brasileira para a Carreira Diplom\u00e1tica\",\"isPartOf\":{\"@id\":\"https:\/\/www.estrategiaconcursos.com.br\/blog\/#website\"},\"primaryImageOfPage\":{\"@id\":\"https:\/\/www.estrategiaconcursos.com.br\/blog\/industrializacao-brasileira-carreira-diplomatica\/#primaryimage\"},\"image\":{\"@id\":\"https:\/\/www.estrategiaconcursos.com.br\/blog\/industrializacao-brasileira-carreira-diplomatica\/#primaryimage\"},\"thumbnailUrl\":\"https:\/\/dhg1h5j42swfq.cloudfront.net\/2024\/07\/21140406\/image-545.png\",\"datePublished\":\"2024-08-10T14:22:00+00:00\",\"description\":\"Aprenda neste artigo a Industrializa\u00e7\u00e3o Brasileira para a Carreira Diplom\u00e1tica. Apresentamos as caracter\u00edsticas da ISI.\",\"breadcrumb\":{\"@id\":\"https:\/\/www.estrategiaconcursos.com.br\/blog\/industrializacao-brasileira-carreira-diplomatica\/#breadcrumb\"},\"inLanguage\":\"pt-BR\",\"potentialAction\":[{\"@type\":\"ReadAction\",\"target\":[\"https:\/\/www.estrategiaconcursos.com.br\/blog\/industrializacao-brasileira-carreira-diplomatica\/\"]}]},{\"@type\":\"ImageObject\",\"inLanguage\":\"pt-BR\",\"@id\":\"https:\/\/www.estrategiaconcursos.com.br\/blog\/industrializacao-brasileira-carreira-diplomatica\/#primaryimage\",\"url\":\"https:\/\/dhg1h5j42swfq.cloudfront.net\/2024\/07\/21140406\/image-545.png\",\"contentUrl\":\"https:\/\/dhg1h5j42swfq.cloudfront.net\/2024\/07\/21140406\/image-545.png\",\"width\":1974,\"height\":2961},{\"@type\":\"BreadcrumbList\",\"@id\":\"https:\/\/www.estrategiaconcursos.com.br\/blog\/industrializacao-brasileira-carreira-diplomatica\/#breadcrumb\",\"itemListElement\":[{\"@type\":\"ListItem\",\"position\":1,\"name\":\"In\u00edcio\",\"item\":\"https:\/\/www.estrategiaconcursos.com.br\/blog\/\"},{\"@type\":\"ListItem\",\"position\":2,\"name\":\"Industrializa\u00e7\u00e3o Brasileira para a Carreira Diplom\u00e1tica\"}]},{\"@type\":\"WebSite\",\"@id\":\"https:\/\/www.estrategiaconcursos.com.br\/blog\/#website\",\"url\":\"https:\/\/www.estrategiaconcursos.com.br\/blog\/\",\"name\":\"Estrat\u00e9gia Concursos\",\"description\":\"O blog da Estrat\u00e9gia Concursos traz not\u00edcias sobre concursos e artigos de professores oferecendo cursos para concursos (pdf + videaulas) no site.\",\"publisher\":{\"@id\":\"https:\/\/www.estrategiaconcursos.com.br\/blog\/#organization\"},\"potentialAction\":[{\"@type\":\"SearchAction\",\"target\":{\"@type\":\"EntryPoint\",\"urlTemplate\":\"https:\/\/www.estrategiaconcursos.com.br\/blog\/?s={search_term_string}\"},\"query-input\":{\"@type\":\"PropertyValueSpecification\",\"valueRequired\":true,\"valueName\":\"search_term_string\"}}],\"inLanguage\":\"pt-BR\"},{\"@type\":\"Organization\",\"@id\":\"https:\/\/www.estrategiaconcursos.com.br\/blog\/#organization\",\"name\":\"Estrat\u00e9gia Concursos\",\"url\":\"https:\/\/www.estrategiaconcursos.com.br\/blog\/\",\"logo\":{\"@type\":\"ImageObject\",\"inLanguage\":\"pt-BR\",\"@id\":\"https:\/\/www.estrategiaconcursos.com.br\/blog\/#\/schema\/logo\/image\/\",\"url\":\"https:\/\/dhg1h5j42swfq.cloudfront.net\/2025\/06\/03203428\/logo_concursos-1.jpg\",\"contentUrl\":\"https:\/\/dhg1h5j42swfq.cloudfront.net\/2025\/06\/03203428\/logo_concursos-1.jpg\",\"width\":230,\"height\":60,\"caption\":\"Estrat\u00e9gia Concursos\"},\"image\":{\"@id\":\"https:\/\/www.estrategiaconcursos.com.br\/blog\/#\/schema\/logo\/image\/\"},\"sameAs\":[\"https:\/\/x.com\/EstratConcursos\"]},{\"@type\":\"Person\",\"@id\":\"https:\/\/www.estrategiaconcursos.com.br\/blog\/#\/schema\/person\/c40c99fd7b4559f496670bef95c3f305\",\"name\":\"Rafael Scherb\",\"image\":{\"@type\":\"ImageObject\",\"inLanguage\":\"pt-BR\",\"@id\":\"https:\/\/secure.gravatar.com\/avatar\/d09c7706168ec8c7cda9c4facfb765886e8f59273083ad092e82387945d6519e?s=96&d=mm&r=g\",\"url\":\"https:\/\/secure.gravatar.com\/avatar\/d09c7706168ec8c7cda9c4facfb765886e8f59273083ad092e82387945d6519e?s=96&d=mm&r=g\",\"contentUrl\":\"https:\/\/secure.gravatar.com\/avatar\/d09c7706168ec8c7cda9c4facfb765886e8f59273083ad092e82387945d6519e?s=96&d=mm&r=g\",\"caption\":\"Rafael Scherb\"},\"url\":\"https:\/\/www.estrategiaconcursos.com.br\/blog\/author\/rafael-scherbgmail-com\/\"}]}<\/script>\n<!-- \/ Yoast SEO Premium plugin. -->","yoast_head_json":{"title":"Industrializa\u00e7\u00e3o Brasileira para a Carreira Diplom\u00e1tica","description":"Aprenda neste artigo a Industrializa\u00e7\u00e3o Brasileira para a Carreira Diplom\u00e1tica. Apresentamos as caracter\u00edsticas da ISI.","robots":{"index":"index","follow":"follow","max-snippet":"max-snippet:-1","max-image-preview":"max-image-preview:large","max-video-preview":"max-video-preview:-1"},"canonical":"https:\/\/www.estrategiaconcursos.com.br\/blog\/industrializacao-brasileira-carreira-diplomatica\/","og_locale":"pt_BR","og_type":"article","og_title":"Industrializa\u00e7\u00e3o Brasileira para a Carreira Diplom\u00e1tica","og_description":"Aprenda neste artigo a Industrializa\u00e7\u00e3o Brasileira para a Carreira Diplom\u00e1tica. Apresentamos as caracter\u00edsticas da ISI.","og_url":"https:\/\/www.estrategiaconcursos.com.br\/blog\/industrializacao-brasileira-carreira-diplomatica\/","og_site_name":"Estrat\u00e9gia Concursos","article_published_time":"2024-08-10T14:22:00+00:00","og_image":[{"width":683,"height":1024,"url":"https:\/\/dhg1h5j42swfq.cloudfront.net\/2024\/07\/21140406\/image-545-683x1024.png","type":"image\/png"}],"author":"Rafael Scherb","twitter_card":"summary_large_image","twitter_creator":"@EstratConcursos","twitter_site":"@EstratConcursos","twitter_misc":{"Escrito por":"Rafael Scherb","Est. tempo de leitura":"6 minutos"},"schema":{"@context":"https:\/\/schema.org","@graph":[{"@type":"NewsArticle","@id":"https:\/\/www.estrategiaconcursos.com.br\/blog\/industrializacao-brasileira-carreira-diplomatica\/#article","isPartOf":{"@id":"https:\/\/www.estrategiaconcursos.com.br\/blog\/industrializacao-brasileira-carreira-diplomatica\/"},"author":{"name":"Rafael Scherb","@id":"https:\/\/www.estrategiaconcursos.com.br\/blog\/#\/schema\/person\/c40c99fd7b4559f496670bef95c3f305"},"headline":"Industrializa\u00e7\u00e3o Brasileira para a Carreira Diplom\u00e1tica","datePublished":"2024-08-10T14:22:00+00:00","mainEntityOfPage":{"@id":"https:\/\/www.estrategiaconcursos.com.br\/blog\/industrializacao-brasileira-carreira-diplomatica\/"},"wordCount":1170,"commentCount":0,"publisher":{"@id":"https:\/\/www.estrategiaconcursos.com.br\/blog\/#organization"},"image":{"@id":"https:\/\/www.estrategiaconcursos.com.br\/blog\/industrializacao-brasileira-carreira-diplomatica\/#primaryimage"},"thumbnailUrl":"https:\/\/dhg1h5j42swfq.cloudfront.net\/2024\/07\/21140406\/image-545.png","articleSection":["Concursos P\u00fablicos"],"inLanguage":"pt-BR","potentialAction":[{"@type":"CommentAction","name":"Comment","target":["https:\/\/www.estrategiaconcursos.com.br\/blog\/industrializacao-brasileira-carreira-diplomatica\/#respond"]}],"copyrightYear":"2024","copyrightHolder":{"@id":"https:\/\/www.estrategiaconcursos.com.br\/blog\/#organization"}},{"@type":"WebPage","@id":"https:\/\/www.estrategiaconcursos.com.br\/blog\/industrializacao-brasileira-carreira-diplomatica\/","url":"https:\/\/www.estrategiaconcursos.com.br\/blog\/industrializacao-brasileira-carreira-diplomatica\/","name":"Industrializa\u00e7\u00e3o Brasileira para a Carreira Diplom\u00e1tica","isPartOf":{"@id":"https:\/\/www.estrategiaconcursos.com.br\/blog\/#website"},"primaryImageOfPage":{"@id":"https:\/\/www.estrategiaconcursos.com.br\/blog\/industrializacao-brasileira-carreira-diplomatica\/#primaryimage"},"image":{"@id":"https:\/\/www.estrategiaconcursos.com.br\/blog\/industrializacao-brasileira-carreira-diplomatica\/#primaryimage"},"thumbnailUrl":"https:\/\/dhg1h5j42swfq.cloudfront.net\/2024\/07\/21140406\/image-545.png","datePublished":"2024-08-10T14:22:00+00:00","description":"Aprenda neste artigo a Industrializa\u00e7\u00e3o Brasileira para a Carreira Diplom\u00e1tica. Apresentamos as caracter\u00edsticas da ISI.","breadcrumb":{"@id":"https:\/\/www.estrategiaconcursos.com.br\/blog\/industrializacao-brasileira-carreira-diplomatica\/#breadcrumb"},"inLanguage":"pt-BR","potentialAction":[{"@type":"ReadAction","target":["https:\/\/www.estrategiaconcursos.com.br\/blog\/industrializacao-brasileira-carreira-diplomatica\/"]}]},{"@type":"ImageObject","inLanguage":"pt-BR","@id":"https:\/\/www.estrategiaconcursos.com.br\/blog\/industrializacao-brasileira-carreira-diplomatica\/#primaryimage","url":"https:\/\/dhg1h5j42swfq.cloudfront.net\/2024\/07\/21140406\/image-545.png","contentUrl":"https:\/\/dhg1h5j42swfq.cloudfront.net\/2024\/07\/21140406\/image-545.png","width":1974,"height":2961},{"@type":"BreadcrumbList","@id":"https:\/\/www.estrategiaconcursos.com.br\/blog\/industrializacao-brasileira-carreira-diplomatica\/#breadcrumb","itemListElement":[{"@type":"ListItem","position":1,"name":"In\u00edcio","item":"https:\/\/www.estrategiaconcursos.com.br\/blog\/"},{"@type":"ListItem","position":2,"name":"Industrializa\u00e7\u00e3o Brasileira para a Carreira Diplom\u00e1tica"}]},{"@type":"WebSite","@id":"https:\/\/www.estrategiaconcursos.com.br\/blog\/#website","url":"https:\/\/www.estrategiaconcursos.com.br\/blog\/","name":"Estrat\u00e9gia Concursos","description":"O blog da Estrat\u00e9gia Concursos traz not\u00edcias sobre concursos e artigos de professores oferecendo cursos para concursos (pdf + videaulas) no site.","publisher":{"@id":"https:\/\/www.estrategiaconcursos.com.br\/blog\/#organization"},"potentialAction":[{"@type":"SearchAction","target":{"@type":"EntryPoint","urlTemplate":"https:\/\/www.estrategiaconcursos.com.br\/blog\/?s={search_term_string}"},"query-input":{"@type":"PropertyValueSpecification","valueRequired":true,"valueName":"search_term_string"}}],"inLanguage":"pt-BR"},{"@type":"Organization","@id":"https:\/\/www.estrategiaconcursos.com.br\/blog\/#organization","name":"Estrat\u00e9gia Concursos","url":"https:\/\/www.estrategiaconcursos.com.br\/blog\/","logo":{"@type":"ImageObject","inLanguage":"pt-BR","@id":"https:\/\/www.estrategiaconcursos.com.br\/blog\/#\/schema\/logo\/image\/","url":"https:\/\/dhg1h5j42swfq.cloudfront.net\/2025\/06\/03203428\/logo_concursos-1.jpg","contentUrl":"https:\/\/dhg1h5j42swfq.cloudfront.net\/2025\/06\/03203428\/logo_concursos-1.jpg","width":230,"height":60,"caption":"Estrat\u00e9gia Concursos"},"image":{"@id":"https:\/\/www.estrategiaconcursos.com.br\/blog\/#\/schema\/logo\/image\/"},"sameAs":["https:\/\/x.com\/EstratConcursos"]},{"@type":"Person","@id":"https:\/\/www.estrategiaconcursos.com.br\/blog\/#\/schema\/person\/c40c99fd7b4559f496670bef95c3f305","name":"Rafael Scherb","image":{"@type":"ImageObject","inLanguage":"pt-BR","@id":"https:\/\/secure.gravatar.com\/avatar\/d09c7706168ec8c7cda9c4facfb765886e8f59273083ad092e82387945d6519e?s=96&d=mm&r=g","url":"https:\/\/secure.gravatar.com\/avatar\/d09c7706168ec8c7cda9c4facfb765886e8f59273083ad092e82387945d6519e?s=96&d=mm&r=g","contentUrl":"https:\/\/secure.gravatar.com\/avatar\/d09c7706168ec8c7cda9c4facfb765886e8f59273083ad092e82387945d6519e?s=96&d=mm&r=g","caption":"Rafael Scherb"},"url":"https:\/\/www.estrategiaconcursos.com.br\/blog\/author\/rafael-scherbgmail-com\/"}]}},"_links":{"self":[{"href":"https:\/\/www.estrategiaconcursos.com.br\/blog\/wp-json\/wp\/v2\/posts\/1433127","targetHints":{"allow":["GET"]}}],"collection":[{"href":"https:\/\/www.estrategiaconcursos.com.br\/blog\/wp-json\/wp\/v2\/posts"}],"about":[{"href":"https:\/\/www.estrategiaconcursos.com.br\/blog\/wp-json\/wp\/v2\/types\/post"}],"author":[{"embeddable":true,"href":"https:\/\/www.estrategiaconcursos.com.br\/blog\/wp-json\/wp\/v2\/users\/2477"}],"replies":[{"embeddable":true,"href":"https:\/\/www.estrategiaconcursos.com.br\/blog\/wp-json\/wp\/v2\/comments?post=1433127"}],"version-history":[{"count":1,"href":"https:\/\/www.estrategiaconcursos.com.br\/blog\/wp-json\/wp\/v2\/posts\/1433127\/revisions"}],"predecessor-version":[{"id":1433133,"href":"https:\/\/www.estrategiaconcursos.com.br\/blog\/wp-json\/wp\/v2\/posts\/1433127\/revisions\/1433133"}],"wp:featuredmedia":[{"embeddable":true,"href":"https:\/\/www.estrategiaconcursos.com.br\/blog\/wp-json\/wp\/v2\/media\/1433131"}],"wp:attachment":[{"href":"https:\/\/www.estrategiaconcursos.com.br\/blog\/wp-json\/wp\/v2\/media?parent=1433127"}],"wp:term":[{"taxonomy":"category","embeddable":true,"href":"https:\/\/www.estrategiaconcursos.com.br\/blog\/wp-json\/wp\/v2\/categories?post=1433127"},{"taxonomy":"post_tag","embeddable":true,"href":"https:\/\/www.estrategiaconcursos.com.br\/blog\/wp-json\/wp\/v2\/tags?post=1433127"},{"taxonomy":"tax_estado","embeddable":true,"href":"https:\/\/www.estrategiaconcursos.com.br\/blog\/wp-json\/wp\/v2\/tax_estado?post=1433127"}],"curies":[{"name":"wp","href":"https:\/\/api.w.org\/{rel}","templated":true}]}}