{"id":143235,"date":"2018-09-25T05:50:40","date_gmt":"2018-09-25T08:50:40","guid":{"rendered":"https:\/\/www.estrategiaconcursos.com.br\/blog\/?p=143235"},"modified":"2018-09-26T13:32:13","modified_gmt":"2018-09-26T16:32:13","slug":"abstencoes-concurso-pf","status":"publish","type":"post","link":"https:\/\/www.estrategiaconcursos.com.br\/blog\/abstencoes-concurso-pf\/","title":{"rendered":"Banca Cespe\/Cebraspe divulga n\u00fameros totais de absten\u00e7\u00f5es do Concurso da Policia Federal"},"content":{"rendered":"<p><strong><em><span style=\"font-size: 18pt;\">Confira todas as porcentagens de absten\u00e7\u00f5es do certame<\/span><\/em><\/strong><\/p>\n<p>Foram divulgados pela banca Cespe\/Cebraspe os n\u00fameros detalhados do Concurso da Policia Federal. Como j\u00e1 foi informado em uma oportunidade anterior pela banca, ao todo, foram <strong>147.744<\/strong> inscritos para a realiza\u00e7\u00e3o das provas objetivas e discursivas do certame.<\/p>\n<p>A concorr\u00eancia, em m\u00e9dia, foi de 295 candidatos por vaga no concurso.<\/p>\n<p>O \u00faltimo n\u00famero divulgado, foram as porcentagens de <strong>absten\u00e7\u00f5es<\/strong> de inscritos para prestar o certame. Segundo o informativo, a porcentagem de absten\u00e7\u00f5es para o cargo de Delegado foi de 30,73%, ou seja, dos 17.816 que se inscreveram, aproximadamente <em><strong>5.474<\/strong><\/em> n\u00e3o compareceram no dia de aplica\u00e7\u00e3o.<\/p>\n<p>Para os demais cargos, a taxa de absten\u00e7\u00f5es foi de 22,68%. Aplicando essa porcentagem no n\u00famero de inscritos totais aos cargos, de 129.928 candidatos que realizaram o processo de inscri\u00e7\u00e3o, cerca de <em><strong>29.467<\/strong><\/em> n\u00e3o estavam presentes para realizar as provas.<\/p>\n<p>Inicialmente, ao se deparar com o n\u00famero de inscritos, o concurseiro pode se assustar com a concorr\u00eancia, mas como pode-se perceber pelo concurso PF, um grande n\u00famero dos poss\u00edveis candidatos n\u00e3o comparece no dia da prova. Existem v\u00e1rios casos que tamb\u00e9m servem de exemplo para isso, confira\u00a0<a href=\"https:\/\/www.estrategiaconcursos.com.br\/blog\/trt-sp-55-mil-abstencoes\/\" target=\"_blank\" rel=\"noopener\"><span style=\"text-decoration: underline;\"><em>clicando aqui.<\/em><\/span><\/a><\/p>\n<p>Para ficar por dentro de maneira detalhada sobre todos os n\u00fameros de inscritos do Concurso PF, incluindo o n\u00famero detalhado de concorrentes por cargo,<a href=\"https:\/\/www.estrategiaconcursos.com.br\/blog\/numero-de-inscritos-concurso-pf\/\" target=\"_blank\" rel=\"noopener\"><span style=\"text-decoration: underline;\"><em>\u00a0clique aqui.<\/em><\/span><\/a><\/p>\n<p><em>Ascom Estrat\u00e9gia<\/em><br \/>\nascomestrategia@gmail.com<\/p>\n","protected":false},"excerpt":{"rendered":"<p>Confira todas as porcentagens de absten\u00e7\u00f5es do certame Foram divulgados pela banca Cespe\/Cebraspe os n\u00fameros detalhados do Concurso da Policia Federal. Como j\u00e1 foi informado em uma oportunidade anterior pela banca, ao todo, foram 147.744 inscritos para a realiza\u00e7\u00e3o das provas objetivas e discursivas do certame. A concorr\u00eancia, em m\u00e9dia, foi de 295 candidatos por [&hellip;]<\/p>\n","protected":false},"author":1,"featured_media":135092,"comment_status":"open","ping_status":"closed","sticky":false,"template":"","format":"standard","meta":{"post_tipo":"news","footnotes":""},"categories":[1],"tags":[],"tax_estado":[],"class_list":["post-143235","post","type-post","status-publish","format-standard","has-post-thumbnail","hentry","category-cursos-e-concursos"],"acf":[],"yoast_head":"<!-- This site is optimized with the Yoast SEO Premium plugin v27.2 (Yoast SEO v27.2) - https:\/\/yoast.com\/product\/yoast-seo-premium-wordpress\/ -->\n<title>Banca Cespe\/Cebraspe divulga n\u00fameros de absten\u00e7\u00f5es do Concurso PF<\/title>\n<meta name=\"description\" content=\"A banca organizadora do concurso da Policia Federal, o Cespe\/Cebraspe, divulgou o n\u00famero de absten\u00e7\u00f5es totais do certame. Confira em detalhes!\" \/>\n<meta name=\"robots\" content=\"index, follow, max-snippet:-1, max-image-preview:large, max-video-preview:-1\" \/>\n<link rel=\"canonical\" href=\"https:\/\/www.estrategiaconcursos.com.br\/blog\/abstencoes-concurso-pf\/\" \/>\n<meta property=\"og:locale\" content=\"pt_BR\" \/>\n<meta property=\"og:type\" content=\"article\" \/>\n<meta property=\"og:title\" content=\"Banca Cespe\/Cebraspe divulga n\u00fameros totais de absten\u00e7\u00f5es do Concurso da Policia Federal\" \/>\n<meta property=\"og:description\" content=\"A banca organizadora do concurso da Policia Federal, o Cespe\/Cebraspe, divulgou o n\u00famero de absten\u00e7\u00f5es totais do certame. Confira em detalhes!\" \/>\n<meta property=\"og:url\" content=\"https:\/\/www.estrategiaconcursos.com.br\/blog\/abstencoes-concurso-pf\/\" \/>\n<meta property=\"og:site_name\" content=\"Estrat\u00e9gia Concursos\" \/>\n<meta property=\"article:author\" content=\"https:\/\/www.facebook.com\/EstrategiaConcursos\" \/>\n<meta property=\"article:published_time\" content=\"2018-09-25T08:50:40+00:00\" \/>\n<meta property=\"article:modified_time\" content=\"2018-09-26T16:32:13+00:00\" \/>\n<meta property=\"og:image\" content=\"https:\/\/dhg1h5j42swfq.cloudfront.net\/2018\/08\/06181435\/pf-e1533591620679.jpg\" \/>\n\t<meta property=\"og:image:width\" content=\"400\" \/>\n\t<meta property=\"og:image:height\" content=\"210\" \/>\n\t<meta property=\"og:image:type\" content=\"image\/jpeg\" \/>\n<meta name=\"author\" content=\"Coordena\u00e7\u00e3o\" \/>\n<meta name=\"twitter:card\" content=\"summary_large_image\" \/>\n<meta name=\"twitter:creator\" content=\"@EstratConcursos\" \/>\n<meta name=\"twitter:site\" content=\"@EstratConcursos\" \/>\n<meta name=\"twitter:label1\" content=\"Escrito por\" \/>\n\t<meta name=\"twitter:data1\" content=\"Coordena\u00e7\u00e3o\" \/>\n\t<meta name=\"twitter:label2\" content=\"Est. tempo de leitura\" \/>\n\t<meta name=\"twitter:data2\" content=\"1 minuto\" \/>\n<script type=\"application\/ld+json\" class=\"yoast-schema-graph\">{\"@context\":\"https:\/\/schema.org\",\"@graph\":[{\"@type\":\"NewsArticle\",\"@id\":\"https:\/\/www.estrategiaconcursos.com.br\/blog\/abstencoes-concurso-pf\/#article\",\"isPartOf\":{\"@id\":\"https:\/\/www.estrategiaconcursos.com.br\/blog\/abstencoes-concurso-pf\/\"},\"author\":{\"name\":\"Coordena\u00e7\u00e3o\",\"@id\":\"https:\/\/www.estrategiaconcursos.com.br\/blog\/#\/schema\/person\/b4a388c97673c5f483d72185668afa1f\"},\"headline\":\"Banca Cespe\/Cebraspe divulga n\u00fameros totais de absten\u00e7\u00f5es do Concurso da Policia Federal\",\"datePublished\":\"2018-09-25T08:50:40+00:00\",\"dateModified\":\"2018-09-26T16:32:13+00:00\",\"mainEntityOfPage\":{\"@id\":\"https:\/\/www.estrategiaconcursos.com.br\/blog\/abstencoes-concurso-pf\/\"},\"wordCount\":255,\"commentCount\":2,\"publisher\":{\"@id\":\"https:\/\/www.estrategiaconcursos.com.br\/blog\/#organization\"},\"image\":{\"@id\":\"https:\/\/www.estrategiaconcursos.com.br\/blog\/abstencoes-concurso-pf\/#primaryimage\"},\"thumbnailUrl\":\"https:\/\/dhg1h5j42swfq.cloudfront.net\/2018\/08\/06181435\/pf-e1533591620679.jpg\",\"articleSection\":[\"Concursos P\u00fablicos\"],\"inLanguage\":\"pt-BR\",\"potentialAction\":[{\"@type\":\"CommentAction\",\"name\":\"Comment\",\"target\":[\"https:\/\/www.estrategiaconcursos.com.br\/blog\/abstencoes-concurso-pf\/#respond\"]}],\"copyrightYear\":\"2018\",\"copyrightHolder\":{\"@id\":\"https:\/\/www.estrategiaconcursos.com.br\/blog\/#organization\"}},{\"@type\":\"WebPage\",\"@id\":\"https:\/\/www.estrategiaconcursos.com.br\/blog\/abstencoes-concurso-pf\/\",\"url\":\"https:\/\/www.estrategiaconcursos.com.br\/blog\/abstencoes-concurso-pf\/\",\"name\":\"Banca Cespe\/Cebraspe divulga n\u00fameros de absten\u00e7\u00f5es do Concurso PF\",\"isPartOf\":{\"@id\":\"https:\/\/www.estrategiaconcursos.com.br\/blog\/#website\"},\"primaryImageOfPage\":{\"@id\":\"https:\/\/www.estrategiaconcursos.com.br\/blog\/abstencoes-concurso-pf\/#primaryimage\"},\"image\":{\"@id\":\"https:\/\/www.estrategiaconcursos.com.br\/blog\/abstencoes-concurso-pf\/#primaryimage\"},\"thumbnailUrl\":\"https:\/\/dhg1h5j42swfq.cloudfront.net\/2018\/08\/06181435\/pf-e1533591620679.jpg\",\"datePublished\":\"2018-09-25T08:50:40+00:00\",\"dateModified\":\"2018-09-26T16:32:13+00:00\",\"description\":\"A banca organizadora do concurso da Policia Federal, o Cespe\/Cebraspe, divulgou o n\u00famero de absten\u00e7\u00f5es totais do certame. Confira em detalhes!\",\"breadcrumb\":{\"@id\":\"https:\/\/www.estrategiaconcursos.com.br\/blog\/abstencoes-concurso-pf\/#breadcrumb\"},\"inLanguage\":\"pt-BR\",\"potentialAction\":[{\"@type\":\"ReadAction\",\"target\":[\"https:\/\/www.estrategiaconcursos.com.br\/blog\/abstencoes-concurso-pf\/\"]}]},{\"@type\":\"ImageObject\",\"inLanguage\":\"pt-BR\",\"@id\":\"https:\/\/www.estrategiaconcursos.com.br\/blog\/abstencoes-concurso-pf\/#primaryimage\",\"url\":\"https:\/\/dhg1h5j42swfq.cloudfront.net\/2018\/08\/06181435\/pf-e1533591620679.jpg\",\"contentUrl\":\"https:\/\/dhg1h5j42swfq.cloudfront.net\/2018\/08\/06181435\/pf-e1533591620679.jpg\",\"width\":400,\"height\":210},{\"@type\":\"BreadcrumbList\",\"@id\":\"https:\/\/www.estrategiaconcursos.com.br\/blog\/abstencoes-concurso-pf\/#breadcrumb\",\"itemListElement\":[{\"@type\":\"ListItem\",\"position\":1,\"name\":\"In\u00edcio\",\"item\":\"https:\/\/www.estrategiaconcursos.com.br\/blog\/\"},{\"@type\":\"ListItem\",\"position\":2,\"name\":\"Banca Cespe\/Cebraspe divulga n\u00fameros totais de absten\u00e7\u00f5es do Concurso da Policia Federal\"}]},{\"@type\":\"WebSite\",\"@id\":\"https:\/\/www.estrategiaconcursos.com.br\/blog\/#website\",\"url\":\"https:\/\/www.estrategiaconcursos.com.br\/blog\/\",\"name\":\"Estrat\u00e9gia Concursos\",\"description\":\"O blog da Estrat\u00e9gia Concursos traz not\u00edcias sobre concursos e artigos de professores oferecendo cursos para concursos (pdf + videaulas) no site.\",\"publisher\":{\"@id\":\"https:\/\/www.estrategiaconcursos.com.br\/blog\/#organization\"},\"potentialAction\":[{\"@type\":\"SearchAction\",\"target\":{\"@type\":\"EntryPoint\",\"urlTemplate\":\"https:\/\/www.estrategiaconcursos.com.br\/blog\/?s={search_term_string}\"},\"query-input\":{\"@type\":\"PropertyValueSpecification\",\"valueRequired\":true,\"valueName\":\"search_term_string\"}}],\"inLanguage\":\"pt-BR\"},{\"@type\":\"Organization\",\"@id\":\"https:\/\/www.estrategiaconcursos.com.br\/blog\/#organization\",\"name\":\"Estrat\u00e9gia Concursos\",\"url\":\"https:\/\/www.estrategiaconcursos.com.br\/blog\/\",\"logo\":{\"@type\":\"ImageObject\",\"inLanguage\":\"pt-BR\",\"@id\":\"https:\/\/www.estrategiaconcursos.com.br\/blog\/#\/schema\/logo\/image\/\",\"url\":\"https:\/\/dhg1h5j42swfq.cloudfront.net\/2025\/06\/03203428\/logo_concursos-1.jpg\",\"contentUrl\":\"https:\/\/dhg1h5j42swfq.cloudfront.net\/2025\/06\/03203428\/logo_concursos-1.jpg\",\"width\":230,\"height\":60,\"caption\":\"Estrat\u00e9gia Concursos\"},\"image\":{\"@id\":\"https:\/\/www.estrategiaconcursos.com.br\/blog\/#\/schema\/logo\/image\/\"},\"sameAs\":[\"https:\/\/x.com\/EstratConcursos\"]},{\"@type\":\"Person\",\"@id\":\"https:\/\/www.estrategiaconcursos.com.br\/blog\/#\/schema\/person\/b4a388c97673c5f483d72185668afa1f\",\"name\":\"Coordena\u00e7\u00e3o\",\"image\":{\"@type\":\"ImageObject\",\"inLanguage\":\"pt-BR\",\"@id\":\"https:\/\/secure.gravatar.com\/avatar\/b720319e4c9a967eb58678d110f4fe35452fc5d5f97b202bac7b8acceb18c6ad?s=96&d=mm&r=g\",\"url\":\"https:\/\/secure.gravatar.com\/avatar\/b720319e4c9a967eb58678d110f4fe35452fc5d5f97b202bac7b8acceb18c6ad?s=96&d=mm&r=g\",\"contentUrl\":\"https:\/\/secure.gravatar.com\/avatar\/b720319e4c9a967eb58678d110f4fe35452fc5d5f97b202bac7b8acceb18c6ad?s=96&d=mm&r=g\",\"caption\":\"Coordena\u00e7\u00e3o\"},\"sameAs\":[\"https:\/\/www.facebook.com\/EstrategiaConcursos\",\"https:\/\/x.com\/EstratConcursos\"],\"url\":\"https:\/\/www.estrategiaconcursos.com.br\/blog\/author\/estrategia2013\/\"}]}<\/script>\n<!-- \/ Yoast SEO Premium plugin. -->","yoast_head_json":{"title":"Banca Cespe\/Cebraspe divulga n\u00fameros de absten\u00e7\u00f5es do Concurso PF","description":"A banca organizadora do concurso da Policia Federal, o Cespe\/Cebraspe, divulgou o n\u00famero de absten\u00e7\u00f5es totais do certame. Confira em detalhes!","robots":{"index":"index","follow":"follow","max-snippet":"max-snippet:-1","max-image-preview":"max-image-preview:large","max-video-preview":"max-video-preview:-1"},"canonical":"https:\/\/www.estrategiaconcursos.com.br\/blog\/abstencoes-concurso-pf\/","og_locale":"pt_BR","og_type":"article","og_title":"Banca Cespe\/Cebraspe divulga n\u00fameros totais de absten\u00e7\u00f5es do Concurso da Policia Federal","og_description":"A banca organizadora do concurso da Policia Federal, o Cespe\/Cebraspe, divulgou o n\u00famero de absten\u00e7\u00f5es totais do certame. Confira em detalhes!","og_url":"https:\/\/www.estrategiaconcursos.com.br\/blog\/abstencoes-concurso-pf\/","og_site_name":"Estrat\u00e9gia Concursos","article_author":"https:\/\/www.facebook.com\/EstrategiaConcursos","article_published_time":"2018-09-25T08:50:40+00:00","article_modified_time":"2018-09-26T16:32:13+00:00","og_image":[{"width":400,"height":210,"url":"https:\/\/dhg1h5j42swfq.cloudfront.net\/2018\/08\/06181435\/pf-e1533591620679.jpg","type":"image\/jpeg"}],"author":"Coordena\u00e7\u00e3o","twitter_card":"summary_large_image","twitter_creator":"@EstratConcursos","twitter_site":"@EstratConcursos","twitter_misc":{"Escrito por":"Coordena\u00e7\u00e3o","Est. tempo de leitura":"1 minuto"},"schema":{"@context":"https:\/\/schema.org","@graph":[{"@type":"NewsArticle","@id":"https:\/\/www.estrategiaconcursos.com.br\/blog\/abstencoes-concurso-pf\/#article","isPartOf":{"@id":"https:\/\/www.estrategiaconcursos.com.br\/blog\/abstencoes-concurso-pf\/"},"author":{"name":"Coordena\u00e7\u00e3o","@id":"https:\/\/www.estrategiaconcursos.com.br\/blog\/#\/schema\/person\/b4a388c97673c5f483d72185668afa1f"},"headline":"Banca Cespe\/Cebraspe divulga n\u00fameros totais de absten\u00e7\u00f5es do Concurso da Policia Federal","datePublished":"2018-09-25T08:50:40+00:00","dateModified":"2018-09-26T16:32:13+00:00","mainEntityOfPage":{"@id":"https:\/\/www.estrategiaconcursos.com.br\/blog\/abstencoes-concurso-pf\/"},"wordCount":255,"commentCount":2,"publisher":{"@id":"https:\/\/www.estrategiaconcursos.com.br\/blog\/#organization"},"image":{"@id":"https:\/\/www.estrategiaconcursos.com.br\/blog\/abstencoes-concurso-pf\/#primaryimage"},"thumbnailUrl":"https:\/\/dhg1h5j42swfq.cloudfront.net\/2018\/08\/06181435\/pf-e1533591620679.jpg","articleSection":["Concursos P\u00fablicos"],"inLanguage":"pt-BR","potentialAction":[{"@type":"CommentAction","name":"Comment","target":["https:\/\/www.estrategiaconcursos.com.br\/blog\/abstencoes-concurso-pf\/#respond"]}],"copyrightYear":"2018","copyrightHolder":{"@id":"https:\/\/www.estrategiaconcursos.com.br\/blog\/#organization"}},{"@type":"WebPage","@id":"https:\/\/www.estrategiaconcursos.com.br\/blog\/abstencoes-concurso-pf\/","url":"https:\/\/www.estrategiaconcursos.com.br\/blog\/abstencoes-concurso-pf\/","name":"Banca Cespe\/Cebraspe divulga n\u00fameros de absten\u00e7\u00f5es do Concurso PF","isPartOf":{"@id":"https:\/\/www.estrategiaconcursos.com.br\/blog\/#website"},"primaryImageOfPage":{"@id":"https:\/\/www.estrategiaconcursos.com.br\/blog\/abstencoes-concurso-pf\/#primaryimage"},"image":{"@id":"https:\/\/www.estrategiaconcursos.com.br\/blog\/abstencoes-concurso-pf\/#primaryimage"},"thumbnailUrl":"https:\/\/dhg1h5j42swfq.cloudfront.net\/2018\/08\/06181435\/pf-e1533591620679.jpg","datePublished":"2018-09-25T08:50:40+00:00","dateModified":"2018-09-26T16:32:13+00:00","description":"A banca organizadora do concurso da Policia Federal, o Cespe\/Cebraspe, divulgou o n\u00famero de absten\u00e7\u00f5es totais do certame. Confira em detalhes!","breadcrumb":{"@id":"https:\/\/www.estrategiaconcursos.com.br\/blog\/abstencoes-concurso-pf\/#breadcrumb"},"inLanguage":"pt-BR","potentialAction":[{"@type":"ReadAction","target":["https:\/\/www.estrategiaconcursos.com.br\/blog\/abstencoes-concurso-pf\/"]}]},{"@type":"ImageObject","inLanguage":"pt-BR","@id":"https:\/\/www.estrategiaconcursos.com.br\/blog\/abstencoes-concurso-pf\/#primaryimage","url":"https:\/\/dhg1h5j42swfq.cloudfront.net\/2018\/08\/06181435\/pf-e1533591620679.jpg","contentUrl":"https:\/\/dhg1h5j42swfq.cloudfront.net\/2018\/08\/06181435\/pf-e1533591620679.jpg","width":400,"height":210},{"@type":"BreadcrumbList","@id":"https:\/\/www.estrategiaconcursos.com.br\/blog\/abstencoes-concurso-pf\/#breadcrumb","itemListElement":[{"@type":"ListItem","position":1,"name":"In\u00edcio","item":"https:\/\/www.estrategiaconcursos.com.br\/blog\/"},{"@type":"ListItem","position":2,"name":"Banca Cespe\/Cebraspe divulga n\u00fameros totais de absten\u00e7\u00f5es do Concurso da Policia Federal"}]},{"@type":"WebSite","@id":"https:\/\/www.estrategiaconcursos.com.br\/blog\/#website","url":"https:\/\/www.estrategiaconcursos.com.br\/blog\/","name":"Estrat\u00e9gia Concursos","description":"O blog da Estrat\u00e9gia Concursos traz not\u00edcias sobre concursos e artigos de professores oferecendo cursos para concursos (pdf + videaulas) no site.","publisher":{"@id":"https:\/\/www.estrategiaconcursos.com.br\/blog\/#organization"},"potentialAction":[{"@type":"SearchAction","target":{"@type":"EntryPoint","urlTemplate":"https:\/\/www.estrategiaconcursos.com.br\/blog\/?s={search_term_string}"},"query-input":{"@type":"PropertyValueSpecification","valueRequired":true,"valueName":"search_term_string"}}],"inLanguage":"pt-BR"},{"@type":"Organization","@id":"https:\/\/www.estrategiaconcursos.com.br\/blog\/#organization","name":"Estrat\u00e9gia Concursos","url":"https:\/\/www.estrategiaconcursos.com.br\/blog\/","logo":{"@type":"ImageObject","inLanguage":"pt-BR","@id":"https:\/\/www.estrategiaconcursos.com.br\/blog\/#\/schema\/logo\/image\/","url":"https:\/\/dhg1h5j42swfq.cloudfront.net\/2025\/06\/03203428\/logo_concursos-1.jpg","contentUrl":"https:\/\/dhg1h5j42swfq.cloudfront.net\/2025\/06\/03203428\/logo_concursos-1.jpg","width":230,"height":60,"caption":"Estrat\u00e9gia Concursos"},"image":{"@id":"https:\/\/www.estrategiaconcursos.com.br\/blog\/#\/schema\/logo\/image\/"},"sameAs":["https:\/\/x.com\/EstratConcursos"]},{"@type":"Person","@id":"https:\/\/www.estrategiaconcursos.com.br\/blog\/#\/schema\/person\/b4a388c97673c5f483d72185668afa1f","name":"Coordena\u00e7\u00e3o","image":{"@type":"ImageObject","inLanguage":"pt-BR","@id":"https:\/\/secure.gravatar.com\/avatar\/b720319e4c9a967eb58678d110f4fe35452fc5d5f97b202bac7b8acceb18c6ad?s=96&d=mm&r=g","url":"https:\/\/secure.gravatar.com\/avatar\/b720319e4c9a967eb58678d110f4fe35452fc5d5f97b202bac7b8acceb18c6ad?s=96&d=mm&r=g","contentUrl":"https:\/\/secure.gravatar.com\/avatar\/b720319e4c9a967eb58678d110f4fe35452fc5d5f97b202bac7b8acceb18c6ad?s=96&d=mm&r=g","caption":"Coordena\u00e7\u00e3o"},"sameAs":["https:\/\/www.facebook.com\/EstrategiaConcursos","https:\/\/x.com\/EstratConcursos"],"url":"https:\/\/www.estrategiaconcursos.com.br\/blog\/author\/estrategia2013\/"}]}},"_links":{"self":[{"href":"https:\/\/www.estrategiaconcursos.com.br\/blog\/wp-json\/wp\/v2\/posts\/143235","targetHints":{"allow":["GET"]}}],"collection":[{"href":"https:\/\/www.estrategiaconcursos.com.br\/blog\/wp-json\/wp\/v2\/posts"}],"about":[{"href":"https:\/\/www.estrategiaconcursos.com.br\/blog\/wp-json\/wp\/v2\/types\/post"}],"author":[{"embeddable":true,"href":"https:\/\/www.estrategiaconcursos.com.br\/blog\/wp-json\/wp\/v2\/users\/1"}],"replies":[{"embeddable":true,"href":"https:\/\/www.estrategiaconcursos.com.br\/blog\/wp-json\/wp\/v2\/comments?post=143235"}],"version-history":[{"count":13,"href":"https:\/\/www.estrategiaconcursos.com.br\/blog\/wp-json\/wp\/v2\/posts\/143235\/revisions"}],"predecessor-version":[{"id":143250,"href":"https:\/\/www.estrategiaconcursos.com.br\/blog\/wp-json\/wp\/v2\/posts\/143235\/revisions\/143250"}],"wp:featuredmedia":[{"embeddable":true,"href":"https:\/\/www.estrategiaconcursos.com.br\/blog\/wp-json\/wp\/v2\/media\/135092"}],"wp:attachment":[{"href":"https:\/\/www.estrategiaconcursos.com.br\/blog\/wp-json\/wp\/v2\/media?parent=143235"}],"wp:term":[{"taxonomy":"category","embeddable":true,"href":"https:\/\/www.estrategiaconcursos.com.br\/blog\/wp-json\/wp\/v2\/categories?post=143235"},{"taxonomy":"post_tag","embeddable":true,"href":"https:\/\/www.estrategiaconcursos.com.br\/blog\/wp-json\/wp\/v2\/tags?post=143235"},{"taxonomy":"tax_estado","embeddable":true,"href":"https:\/\/www.estrategiaconcursos.com.br\/blog\/wp-json\/wp\/v2\/tax_estado?post=143235"}],"curies":[{"name":"wp","href":"https:\/\/api.w.org\/{rel}","templated":true}]}}