{"id":143193,"date":"2024-11-19T15:58:57","date_gmt":"2024-11-19T18:58:57","guid":{"rendered":"https:\/\/www.estrategiaconcursos.com.br\/blog\/?p=143193"},"modified":"2024-11-21T14:08:58","modified_gmt":"2024-11-21T17:08:58","slug":"como-distinguir-adjunto-adnominal-de-complemento-nominal","status":"publish","type":"post","link":"https:\/\/www.estrategiaconcursos.com.br\/blog\/como-distinguir-adjunto-adnominal-de-complemento-nominal\/","title":{"rendered":"Como distinguir Adjunto Adnominal de Complemento Nominal?"},"content":{"rendered":"\n<p><a name=\"_Toc508056301\"><\/a>Ol\u00e1, pessoal! Belezinha?<\/p>\n\n\n\n<p>O assunto de hoje \u00e9 uma d\u00favida muito frequente: <\/p>\n\n\n\n<h2 class=\"wp-block-heading\" id=\"h-como-diferenciar-adjunto-adnominal-de-complemento-nominal\">Como diferenciar adjunto adnominal de complemento nominal?<\/h2>\n\n\n\n<p>Voc\u00ea ver\u00e1 que n\u00e3o \u00e9 um bicho de sete cabe\u00e7as, na verdade, \u00e9 s\u00f3 voc\u00ea se guiar pelos tr\u00eas crit\u00e9rios que explicaremos adiante que n\u00e3o tem erro.<\/p>\n\n\n\n<p>Ent\u00e3o vamos l\u00e1?<\/p>\n\n\n\n<div class=\"wp-block-yoast-seo-table-of-contents yoast-table-of-contents\"><ul><li><a href=\"#h-como-diferenciar-adjunto-adnominal-de-complemento-nominal\" data-level=\"2\">Como diferenciar adjunto adnominal de complemento nominal?<\/a><\/li><li><a href=\"#h-o-que-e-adjunto-adnominal\" data-level=\"2\">O que \u00e9 adjunto adnominal?<\/a><\/li><li><a href=\"#h-o-que-e-complemento-nominal\" data-level=\"2\">O que \u00e9 complemento nominal?<\/a><ul><li><a href=\"#h-1-complemento-nominal-de-um-substantivo\" data-level=\"3\">1) complemento nominal de um substantivo:<\/a><\/li><li><a href=\"#h-2-complemento-nominal-de-um-adjetivo\" data-level=\"3\">2) complemento nominal de um adjetivo:<\/a><\/li><li><a href=\"#h-3-complemento-nominal-de-adverbio\" data-level=\"3\">3) Complemento nominal de adv\u00e9rbio:<\/a><\/li><\/ul><\/li><li><a href=\"#h-e-se-o-substantivo-seguido-do-termo-preposicionado-for-abstrato\" data-level=\"2\">E se o substantivo seguido do termo preposicionado for abstrato?<\/a><\/li><li><a href=\"#h-questoes-sobre-adjunto-adnominal-e-complemento-nominal-de-concursos\" data-level=\"2\">Quest\u00f5es sobre Adjunto Adnominal e Complemento Nominal de concursos<\/a><ul><li><a href=\"#h-1-ibade-iabas-agente-comunitario-2016\" data-level=\"3\">1. (IBADE \/ IABAS Agente Comunit\u00e1rio &#8211; 2016)<\/a><\/li><li><a href=\"#h-2-aeronautica-eeaer-sargento-2018\" data-level=\"3\">2. (Aeron\u00e1utica \/ EEAer Sargento 2018)<\/a><\/li><li><a href=\"#h-3-fgv-sefin-ro-tecnico-tributario-2018\" data-level=\"3\">3. (FGV \/ SEFIN RO T\u00e9cnico Tribut\u00e1rio \u2013 2018)<\/a><\/li><li><a href=\"#h-4-fgv-cms-ba-assistente-legislativo-2018\" data-level=\"3\">4. (FGV \/ CMS BA Assistente Legislativo \u2013 2018)<\/a><\/li><\/ul><\/li><li><a href=\"#h-prepare-se-para-o-concurso-dos-seus-sonhos-0\" data-level=\"2\">Prepare-se para o Concurso dos seus Sonhos!<\/a><\/li><\/ul><\/div>\n\n\n\n<h2 class=\"wp-block-heading\" id=\"h-o-que-e-adjunto-adnominal\">O que \u00e9 adjunto adnominal?<\/h2>\n\n\n\n<p>Primeiro, \u00e9 bom lembrar que o <strong><em>adjunto adnominal<\/em><\/strong> \u00e9 todo termo sint\u00e1tico da ora\u00e7\u00e3o que pode caracterizar, determinar, modificar, especificar ou restringir um substantivo.<\/p>\n\n\n\n<p>Esse termo pode ser representado por:<\/p>\n\n\n\n<p>1) um artigo: &nbsp;&nbsp;&nbsp;&nbsp;&nbsp;&nbsp;&nbsp;&nbsp;&nbsp;&nbsp;&nbsp;&nbsp;&nbsp;&nbsp;&nbsp;&nbsp;&nbsp;&nbsp;&nbsp;&nbsp;&nbsp;&nbsp;&nbsp;&nbsp;&nbsp;&nbsp;&nbsp;&nbsp;&nbsp;&nbsp;&nbsp;&nbsp;&nbsp;&nbsp; <strong><em>O<\/em><\/strong><em> carro parou.<\/em><\/p>\n\n\n\n<p>2) um pronome adjetivo: &nbsp; &nbsp;&nbsp;&nbsp;&nbsp;&nbsp;&nbsp;&nbsp;&nbsp;&nbsp;&nbsp;&nbsp; <em>Encontrei <strong>meu<\/strong> rel\u00f3gio.<\/em><\/p>\n\n\n\n<p>3) um numeral adjetivo: &nbsp;&nbsp;&nbsp; &nbsp;&nbsp;&nbsp;&nbsp;&nbsp;&nbsp;&nbsp;&nbsp;&nbsp;&nbsp;&nbsp; <em>Recebi a <strong>segunda<\/strong> parcela.<\/em><\/p>\n\n\n\n<p>4) um adjetivo: &nbsp;&nbsp;&nbsp;&nbsp;&nbsp;&nbsp;&nbsp;&nbsp;&nbsp;&nbsp;&nbsp;&nbsp;&nbsp;&nbsp;&nbsp;&nbsp;&nbsp;&nbsp;&nbsp;&nbsp;&nbsp;&nbsp;&nbsp;&nbsp;&nbsp;&nbsp;&nbsp;&nbsp;&nbsp;&nbsp; <em>Tive ali <strong>grandes<\/strong> amigos.<\/em><\/p>\n\n\n\n<p>5) uma locu\u00e7\u00e3o adjetiva: &nbsp;&nbsp; &nbsp;&nbsp;&nbsp;&nbsp;&nbsp;&nbsp;&nbsp;&nbsp;&nbsp;&nbsp;&nbsp; <em>Tenho uma mesa <strong>de pedra<\/strong>.<\/em><\/p>\n\n\n\n<h2 class=\"wp-block-heading\" id=\"h-o-que-e-complemento-nominal\">O que \u00e9 complemento nominal?<\/h2>\n\n\n\n<p>J\u00e1 o <strong><em>complemento nominal<\/em><\/strong> \u00e9 sempre precedido de preposi\u00e7\u00e3o e completa o sentido de substantivos, adjetivos e adv\u00e9rbios que apresentam transitividade.<\/p>\n\n\n\n<p>Observe os exemplos a seguir:<\/p>\n\n\n\n<h3 class=\"wp-block-heading\" id=\"h-1-complemento-nominal-de-um-substantivo\">1) complemento nominal de um substantivo:<\/h3>\n\n\n\n<p class=\"has-text-align-center\">Voc\u00ea fez uma boa <em>leitura<\/em> <span style=\"text-decoration: underline;\">do texto<\/span>.<\/p>\n\n\n\n<p>Note que o substantivo \u201c<em>leitura<\/em>\u201d \u00e9 o nome da a\u00e7\u00e3o de \u201c<em>ler<\/em>\u201d. Como \u00e9 natural o verbo ser transitivo, o substantivo tamb\u00e9m fica transitivo e exige complemento nominal.<\/p>\n\n\n\n<h3 class=\"wp-block-heading\" id=\"h-2-complemento-nominal-de-um-adjetivo\">2) complemento nominal de um adjetivo:<\/h3>\n\n\n\n<p class=\"has-text-align-center\">Voc\u00ea precisa ser <em>fiel<\/em> <span style=\"text-decoration: underline;\">aos seus ideais<\/span>.<\/p>\n\n\n\n<p>Quem \u00e9 fiel \u00e9 fiel a algu\u00e9m ou a alguma coisa. Assim, o adjetivo \u201cfiel\u201d \u00e9 transitivo, ou seja, necessita de complemento.<\/p>\n\n\n\n<h3 class=\"wp-block-heading\" id=\"h-3-complemento-nominal-de-adverbio\">3) Complemento nominal de adv\u00e9rbio:<\/h3>\n\n\n\n<p class=\"has-text-align-center\">Voc\u00ea mora <em>perto<\/em> <span style=\"text-decoration: underline;\">de Maria<\/span>.<\/p>\n\n\n\n<p>Note que o adv\u00e9rbio de lugar \u201c<em>perto<\/em>\u201d necessita de um complemento: <em>perto de algo ou de algu\u00e9m<\/em>.<\/p>\n\n\n\n<p>Visto isso, agora podemos entender como distinguir o adjunto adnominal do complemento nominal.<\/p>\n\n\n\n<p>O <strong>adjunto adnominal<\/strong> formado por uma locu\u00e7\u00e3o adjetiva pode ser confundido com o <strong>complemento nominal<\/strong>. Normalmente n\u00e3o haver\u00e1 d\u00favida, pois, segundo o que explicamos acima, o adjunto adnominal \u00e9 constitu\u00eddo de voc\u00e1bulo de valor restritivo que caracteriza o n\u00facleo do termo de que faz parte. J\u00e1 o complemento nominal \u00e9 termo que completa o sentido de um nome (substantivo, adjetivo ou adv\u00e9rbio).<\/p>\n\n\n\n<p>A d\u00favida ocorre, portanto, quando os dois termos s\u00e3o preposicionados. Por exemplo:<\/p>\n\n\n\n<p class=\"has-text-align-center\"><em>A leitura <u>do livro<\/u> \u00e9 instigante.&nbsp;&nbsp;&nbsp;&nbsp;&nbsp;&nbsp; A leitura <u>do aluno<\/u> foi boa.<\/em><\/p>\n\n\n\n<p>Para percebermos a diferen\u00e7a, \u00e9 importante passarmos por tr\u00eas crit\u00e9rios:<\/p>\n\n\n\n<p><strong>1\u00ba crit\u00e9rio:<\/strong><\/p>\n\n\n\n<p>O <em>adjunto adnominal<\/em> quando preposicionado <u>caracteriza apenas o substantivo<\/u>.<\/p>\n\n\n\n<p>O <em>complemento nominal<\/em> <u>complementa um substantivo,<\/u>\u00a0 <u>adjetivo<\/u> ou <u>adv\u00e9rbio<\/u>.<\/p>\n\n\n\n<p>&nbsp;&nbsp;&nbsp;&nbsp;&nbsp;&nbsp;&nbsp;&nbsp;&nbsp;&nbsp;&nbsp; Assim, em ora\u00e7\u00f5es como \u201c<em>Estava cheio <u>de problemas<\/u>.\u201d,<\/em> <em>\u201cMoro perto <u>de voc\u00ea<\/u>.\u201d<\/em>, logo no primeiro crit\u00e9rio, j\u00e1 sabemos que \u201cde problemas\u201d e \u201cde voc\u00ea\u201d s\u00e3o complementos nominais, pois completam o sentido do adjetivo \u201ccheio\u201d e do adv\u00e9rbio \u201cperto\u201d, respectivamente.<\/p>\n\n\n\n<p><strong>2\u00ba crit\u00e9rio:<\/strong><\/p>\n\n\n\n<p>O <u>substantivo<\/u> caracterizado por um <em>adjunto adnominal<\/em> <u>pode ser concreto ou abstrato<\/u>.<\/p>\n\n\n\n<p>O <u>substantivo<\/u> completado por um <em>complemento nominal<\/em> <u>deve ser abstrato<\/u>.<\/p>\n\n\n\n<p>Sabendo-se que um <strong>substantivo abstrato<\/strong> normalmente \u00e9 o nome de uma a\u00e7\u00e3o (corrida, pesca) ou de uma caracter\u00edstica (tristeza, igualdade) e que o <strong>substantivo concreto<\/strong> \u00e9 o nome de um ser independente, que conseguimos visualizar, pegar (casa, copo). Nas ora\u00e7\u00f5es \u201c<em>Trouxe copos <u>de vidro<\/u>.\u201d<\/em> e \u201c<em>Vi a casa <u>de pedra<\/u>.\u201d<\/em>, os termos \u201cde vidro\u201d e \u201cde pedra\u201d s\u00e3o adjuntos adnominais, pois caracterizam os substantivos concretos \u201ccopos\u201d e \u201ccasa\u201d, respectivamente.<\/p>\n\n\n\n<div class=\"container\" id=\"boxes\">\n  <div class=\"row\">\n\n    <div class=\"col-sm\">\n      <div class=\"banner-estrat-corj\" id=\"box-assinatura\">\n        <h2 class=\"titulo-assinatura\" style=\"text-align: left;\">Portugu\u00eas para Concursos<\/h2>\n        <p class=\"subtitulo-assinatura\" style=\"text-align: left;\">Explore os cursos preparat\u00f3rios completos! \u2728<\/p>\n        <div class=\"box-botao\" style=\"text-align: left;\">\n          <a class=\"btn-assinatura\" target=\"_blank\" href=\"https:\/\/www.estrategiaconcursos.com.br\/cursosPorMateria\/portugues-36\" role=\"button\" rel=\"noopener noreferrer\">CLIQUE AQUI<\/a>\n        <\/div>\n      <\/div><\/div><\/div><\/div>\n\n\n\n<h2 class=\"wp-block-heading\" id=\"h-e-se-o-substantivo-seguido-do-termo-preposicionado-for-abstrato\">E se o substantivo seguido do termo preposicionado for abstrato?<\/h2>\n\n\n\n<p>Neste caso, passamos para o 3\u00ba crit\u00e9rio:<\/p>\n\n\n\n<p><strong>3\u00ba crit\u00e9rio:<\/strong><\/p>\n\n\n\n<p>O adjunto adnominal preposicionado \u00e9 <strong>agente<\/strong>.<\/p>\n\n\n\n<p>O complemento nominal \u00e9 <strong>paciente<\/strong>.<\/p>\n\n\n\n<p><u>Este \u00faltimo normalmente \u00e9 o cobrado em prova.<\/u> Se os termos abaixo sublinhados s\u00e3o agentes, automaticamente ser\u00e3o os adjuntos adnominais. Se pacientes, ser\u00e3o complementos nominais. Veja:<\/p>\n\n\n\n<p class=\"has-text-align-center\">Adjuntos adnominais:<\/p>\n\n\n\n<p class=\"has-text-align-center\"><em>O amor <u>de m\u00e3e<\/u> \u00e9 especial. &nbsp;&nbsp;&nbsp;&nbsp;&nbsp;&nbsp;&nbsp;&nbsp;&nbsp;&nbsp;&nbsp;&nbsp;&nbsp;&nbsp;&nbsp;&nbsp;&nbsp;&nbsp;&nbsp;&nbsp;&nbsp;&nbsp;&nbsp;&nbsp;&nbsp;&nbsp;&nbsp;&nbsp;&nbsp;&nbsp;&nbsp;&nbsp;&nbsp;&nbsp; <\/em>(agente: <u>a m\u00e3e<\/u> ama)<\/p>\n\n\n\n<p class=\"has-text-align-center\"><em>A inven\u00e7\u00e3o <u>do cientista<\/u> mudou o mundo.&nbsp;&nbsp;&nbsp;&nbsp;&nbsp;&nbsp;&nbsp;&nbsp;&nbsp;&nbsp;&nbsp; <\/em>(agente: <u>o cientista<\/u> inventou)<\/p>\n\n\n\n<p class=\"has-text-align-center\"><em>A leitura <u>do aluno<\/u> foi boa.<\/em> &nbsp;&nbsp;&nbsp;&nbsp;&nbsp;&nbsp;&nbsp;&nbsp;&nbsp;&nbsp;&nbsp;&nbsp;&nbsp;&nbsp;&nbsp;&nbsp;&nbsp;&nbsp;&nbsp;&nbsp;&nbsp;&nbsp;&nbsp;&nbsp; &nbsp;&nbsp;&nbsp;&nbsp;&nbsp;&nbsp;&nbsp;&nbsp;&nbsp;&nbsp;&nbsp; (agente: <u>o aluno<\/u> leu)<\/p>\n\n\n\n<p class=\"has-text-align-center\">Complementos nominais:<\/p>\n\n\n\n<p class=\"has-text-align-center\"><em>O amor <u>\u00e0 m\u00e3e<\/u> tamb\u00e9m \u00e9 especial.&nbsp;&nbsp;&nbsp;&nbsp;&nbsp;&nbsp;&nbsp;&nbsp;&nbsp;&nbsp; <\/em>(paciente: <u>a m\u00e3e<\/u> \u00e9 amada)<\/p>\n\n\n\n<p class=\"has-text-align-center\"><em>A inven\u00e7\u00e3o <u>do r\u00e1dio<\/u> mudou o mundo.<\/em> &nbsp;&nbsp;&nbsp; (paciente: <u>o r\u00e1dio<\/u> foi inventado)<\/p>\n\n\n\n<p class=\"has-text-align-center\"><em>A leitura <u>do livro<\/u> \u00e9 instigante.<\/em> &nbsp;&nbsp;&nbsp;&nbsp;&nbsp;&nbsp;&nbsp;&nbsp;&nbsp;&nbsp;&nbsp;&nbsp;&nbsp;&nbsp;&nbsp;&nbsp;&nbsp; (paciente: <u>o livro<\/u> \u00e9 lido)<\/p>\n\n\n\n<div style=\"height:32px\" aria-hidden=\"true\" class=\"wp-block-spacer\"><\/div>\n\n\n\n  <div itemprop=\"video\" itemscope itemtype=\"http:\/\/schema.org\/VideoObject\">\n\t<p><span itemprop=\"name\"><center><i><b>Veja a diferen\u00e7a entre COMPLEMENTO NOMINAL x ADJUNTO ADNOMINAL com o Professor Felipe Luccas<\/b><\/i><\/center><\/span><\/p>\n\t<meta itemprop=\"duration\" content=\"PT29M57S\" \/>\n\t<meta itemprop=\"uploadDate\" content=\"2020-10-02T20:30:25Z\" \/>\n\t<meta itemprop=\"thumbnailURL\" content=\"https:\/\/i.ytimg.com\/vi\/cB-VfXPzoNk\/default.jpg\" \/>\n\t<meta itemprop=\"interactionCount\" content=\"11246\" \/>\n\t<meta itemprop=\"embedURL\" content=\"https:\/\/youtube.googleapis.com\/v\/cB-VfXPzoNk\" \/>\n\t<div id=\"schema-videoobject\" class=\"video-container\"><div class=\"lyte-wrapper\" style=\"width:853px;max-width:100%;margin:5px;\"><div class=\"lyMe qsa_\\&amp;showinfo\\=0\" id=\"WYL_cB-VfXPzoNk\"><div id=\"lyte_cB-VfXPzoNk\" data-src=\"\/\/i.ytimg.com\/vi\/cB-VfXPzoNk\/hqdefault.jpg\" class=\"pL\"><div class=\"tC hidden\"><div class=\"tT\"><\/div><\/div><div class=\"play\"><\/div><div class=\"ctrl\"><div class=\"Lctrl\"><\/div><div class=\"Rctrl\"><\/div><\/div><\/div><noscript><a href=\"https:\/\/youtu.be\/cB-VfXPzoNk\" rel=\"nofollow\"><img loading=\"lazy\" decoding=\"async\" src=\"https:\/\/i.ytimg.com\/vi\/cB-VfXPzoNk\/0.jpg\" alt=\"YouTube video thumbnail\" width=\"853\" height=\"460\" \/><br \/>Assista a este v\u00eddeo no YouTube<\/a><\/noscript><\/div><\/div><div class=\"lL\" style=\"max-width:100%;width:853px;margin:5px;\"><\/div><\/div>\n\t<span itemprop=\"description\"><i><center>Aprenda mais sobre adjunto adnominal e complemento nominal!<\/center><\/i><\/span>\n  <\/div>\n\n\n\n<div style=\"height:32px\" aria-hidden=\"true\" class=\"wp-block-spacer\"><\/div>\n\n\n\n<p>Viu como n\u00e3o tem erro? Agora \u00e9 s\u00f3 treinar, resolvendo quest\u00f5es para fixar o que explicamos aqui, e voc\u00ea ficar\u00e1 craque!?<\/p>\n\n\n\n<h2 class=\"wp-block-heading\" id=\"h-questoes-sobre-adjunto-adnominal-e-complemento-nominal-de-concursos\">Quest\u00f5es sobre Adjunto Adnominal e Complemento Nominal de concursos<\/h2>\n\n\n\n<h3 class=\"wp-block-heading\" id=\"h-1-ibade-iabas-agente-comunitario-2016\">1. (IBADE \/ IABAS Agente Comunit\u00e1rio &#8211; 2016)<\/h3>\n\n\n\n<p>O termo destacado em &#8220;Depois, um sil\u00eancio cheio <strong>DE LEMBRAN\u00c7AS<\/strong> instalou-se entre n\u00f3s.&#8221; exerce, no contexto, a fun\u00e7\u00e3o sint\u00e1tica de:<\/p>\n\n\n\n<p>(A) objeto direto.<\/p>\n\n\n\n<p>(B) predicativo do objeto.<\/p>\n\n\n\n<p>(C) adjunto adnominal.<\/p>\n\n\n\n<p>(D) objeto indireto.<\/p>\n\n\n\n<p>(E) complemento nominal.<\/p>\n\n\n\n<p><strong>Coment\u00e1rio:&nbsp;<\/strong>O adjetivo \u201ccheio\u201d necessita do complemento nominal \u201cde lembran\u00e7as\u201d, conforme vimos no crit\u00e9rio 1 da diferen\u00e7a entre adjunto adnominal e complemento nominal.<\/p>\n\n\n\n<p><strong>Gabarito: E<\/strong><\/p>\n\n\n\n<h3 class=\"wp-block-heading\" id=\"h-2-aeronautica-eeaer-sargento-2018\">2. (Aeron\u00e1utica \/ EEAer Sargento 2018)<\/h3>\n\n\n\n<p><em>Os investimentos <strong><u>da iniciativa privada<\/u><\/strong> <strong><u>em sa\u00fade<\/u><\/strong> deveriam ser proporcionais aos lucros de cada empresa<\/em>.<\/p>\n\n\n\n<p>Os termos destacados classificam-se, respectivamente, em:<\/p>\n\n\n\n<p>a) complemento nominal &#8211; adjunto adnominal<\/p>\n\n\n\n<p>b) adjunto adnominal &#8211; complemento nominal<\/p>\n\n\n\n<p>c) adjunto adnominal &#8211; predicativo<\/p>\n\n\n\n<p>d) predicativo &#8211; adjunto adnominal<\/p>\n\n\n\n<p><strong>Coment\u00e1rio<\/strong>: Como o substantivo \u201cinvestimentos\u201d \u00e9 gerado do verbo \u201cinvestir\u201d, ele \u00e9 substantivo abstrato. Assim, j\u00e1 partimos para o terceiro crit\u00e9rio.<\/p>\n\n\n\n<p>Note que \u201cda iniciativa privada\u201d tem valor agente (a iniciativa privada investe). Assim, tal termo preposicionado \u00e9 o adjunto adnominal.<\/p>\n\n\n\n<p>O termo \u201cem sa\u00fade\u201d \u00e9 paciente. Assim, \u00e9 complemento nominal.<\/p>\n\n\n\n<p>Por isso, a alternativa correta \u00e9 a (B).<\/p>\n\n\n\n<p><strong>Gabarito<\/strong>: <strong>B<\/strong><\/p>\n\n\n\n<p><strong><em>Leia tamb\u00e9m:<\/em><\/strong><\/p>\n\n\n\n<ul class=\"wp-block-list\">\n<li><a href=\"https:\/\/www.estrategiaconcursos.com.br\/blog\/uso-da-crase\/\" target=\"_blank\" rel=\"noreferrer noopener\">Uso da Crase: dicas simples, regras e exemplos<\/a><\/li>\n\n\n\n<li><a href=\"https:\/\/www.estrategiaconcursos.com.br\/blog\/uso-do-hifen\/\" target=\"_blank\" rel=\"noreferrer noopener\">Uso do h\u00edfen: regras, novo acordo ortogr\u00e1fico e exemplos<\/a><\/li>\n<\/ul>\n\n\n\n<h3 class=\"wp-block-heading\" id=\"h-3-fgv-sefin-ro-tecnico-tributario-2018\">3. (FGV \/ SEFIN RO T\u00e9cnico Tribut\u00e1rio \u2013 2018)<\/h3>\n\n\n\n<p>Todos os segmentos textuais abaixo trazem termos precedidos da preposi\u00e7\u00e3o <strong>de<\/strong>.<\/p>\n\n\n\n<p>Assinale a op\u00e7\u00e3o que apresenta o termo cuja preposi\u00e7\u00e3o \u00e9 uma exig\u00eancia de um termo anterior.<\/p>\n\n\n\n<p>(A) \u201cluzes indicadoras <strong>de <\/strong>dire\u00e7\u00e3o\u201d.<\/p>\n\n\n\n<p>(B) \u201cfaixa <strong>de <\/strong>pedestres\u201d.<\/p>\n\n\n\n<p>(C) \u201cdias <strong>de <\/strong>chuva\u201d.<\/p>\n\n\n\n<p>(D) \u201cfaixas exclusivas <strong>de <\/strong>\u00f4nibus\u201d.<\/p>\n\n\n\n<p>(E) \u201cequipamentos <strong>de <\/strong>seguran\u00e7a\u201d.<\/p>\n\n\n\n<p><strong>Coment\u00e1rios<\/strong><\/p>\n\n\n\n<p>A quest\u00e3o trabalha a diferen\u00e7a entre o complemento nominal (preposi\u00e7\u00e3o \u00e9 resultado de exig\u00eancia de um termo anterior) e o adjunto adnominal (preposi\u00e7\u00e3o transmite sentido restritivo).<\/p>\n\n\n\n<p>Assim, a fim de resolvermos a quest\u00e3o, devemos nos lembrar dos 3 crit\u00e9rios da diferen\u00e7a entre o adjunto adnominal e o complemento nominal.<\/p>\n\n\n\n<p>A alternativa (A) \u00e9 a correta, pois o adjetivo \u201cindicadoras\u201d rege a preposi\u00e7\u00e3o \u201cde\u201d e, conforme o primeiro crit\u00e9rio, o termo \u201cde dire\u00e7\u00e3o\u201d \u00e9 o complemento nominal.<\/p>\n\n\n\n<p>As demais alternativas apresentam os substantivos concretos \u201cfaixa\u201d, \u201cdias\u201d, \u201cfaixas\u201d e \u201cequipamentos\u201d, os quais s\u00e3o seguidos dos adjuntos adnominais \u201c<strong>de <\/strong>pedestres\u201d, \u201c<strong>de <\/strong>chuva\u201d, \u201c<strong>de <\/strong>\u00f4nibus\u201d e \u201c<strong>de <\/strong>seguran\u00e7a\u201d.<\/p>\n\n\n\n<p><strong>Gabarito: A<\/strong><\/p>\n\n\n\n<h3 class=\"wp-block-heading\" id=\"h-4-fgv-cms-ba-assistente-legislativo-2018\">4. (FGV \/ CMS BA Assistente Legislativo \u2013 2018)<\/h3>\n\n\n\n<p>No texto, ocorrem muitos segmentos precedidos pela preposi\u00e7\u00e3o DE; o termo em que o emprego dessa preposi\u00e7\u00e3o N\u00c3O \u00e9 obrigat\u00f3rio, pois n\u00e3o \u00e9 determinado pela reg\u00eancia de um termo anterior \u00e9:<\/p>\n\n\n\n<p>(A) \u201cimplementa\u00e7\u00e3o de programas\u201d;<\/p>\n\n\n\n<p>(B) \u201cincapacidade de investimento\u201d;<\/p>\n\n\n\n<p>(C) \u201cobjetivo de enfrentar o crime\u201d;<\/p>\n\n\n\n<p>(D) \u201cper\u00edodos de economia mais forte\u201d;<\/p>\n\n\n\n<p>(E) \u201ccontrata\u00e7\u00e3o de policiais\u201d.<\/p>\n\n\n\n<p><strong>Coment\u00e1rios<\/strong><\/p>\n\n\n\n<p>A fim de resolvermos a quest\u00e3o, devemos nos lembrar dos 3 crit\u00e9rios da diferen\u00e7a entre o adjunto adnominal e o complemento nominal. Assim, o emprego da preposi\u00e7\u00e3o determinada pela reg\u00eancia de um termo anterior ocorre no complemento nominal e temos que achar a alternativa em que n\u00e3o h\u00e1 reg\u00eancia, isto \u00e9, temos que achar o adjunto adnominal.<\/p>\n\n\n\n<p>\u00c9 simples achar o adjunto adnominal, pois s\u00f3 h\u00e1 uma alternativa com substantivo concreto, que \u00e9 o substantivo \u201cper\u00edodos\u201d. Assim, \u201cde economia mais forte\u201d \u00e9 o adjunto adnominal&nbsp; e a alternativa (D) \u00e9 a correta.<\/p>\n\n\n\n<p>J\u00e1 nas demais alternativas h\u00e1 os substantivos abstratos \u201cimplementa\u00e7\u00e3o\u201d, \u201cincapacidade\u201d, \u201cobjetivo\u201d e \u201ccontrata\u00e7\u00e3o\u201d; por conseguinte, os termos \u201cde programas\u201d, \u201cde investimento\u201d, \u201cde enfrentar o crime\u201d e \u201cde policiais\u201d s\u00e3o complementos nominais.<\/p>\n\n\n\n<p><strong>Gabarito: D<\/strong><\/p>\n\n\n\n<p>Um grande abra\u00e7o,<\/p>\n\n\n\n<p><a href=\"https:\/\/www.instagram.com\/decioterror\/\" target=\"_blank\" rel=\"noreferrer noopener\">Professor D\u00e9cio Terror<\/a>.<\/p>\n\n\n\n<p>Visite as minhas redes sociais para mais dicas.<\/p>\n\n\n\n<p><strong>Leia tamb\u00e9m:<\/strong><\/p>\n\n\n\n<ul class=\"wp-block-list\">\n<li><a href=\"https:\/\/www.estrategiaconcursos.com.br\/blog\/como-estudar-portugues-para-concursos\/\" target=\"_blank\" rel=\"noreferrer noopener\">Como estudar Portugu\u00eas para Concursos? Saiba mais!<\/a><\/li>\n\n\n\n<li><a href=\"https:\/\/www.estrategiaconcursos.com.br\/blog\/redacao-pronta-sobre-racismo\/\" target=\"_blank\" rel=\"noreferrer noopener\">Reda\u00e7\u00e3o sobre Racismo: veja uma reda\u00e7\u00e3o pronta<\/a><\/li>\n<\/ul>\n\n\n\n<h2 class=\"wp-block-heading has-text-align-center\" id=\"h-prepare-se-para-o-concurso-dos-seus-sonhos-0\">Prepare-se para o Concurso dos seus Sonhos!<\/h2>\n\n\n\n<div class=\"container\" id=\"boxes\">\n  <div class=\"row\">\n\n    <div class=\"col-sm\">\n      <div class=\"banner-estrat-corj\" id=\"box-assinatura\">\n        <h2 class=\"titulo-assinatura\" style=\"text-align: left;\">Portugu\u00eas para Concursos<\/h2>\n        <p class=\"subtitulo-assinatura\" style=\"text-align: left;\">Explore os cursos preparat\u00f3rios completos! \u2728<\/p>\n        <div class=\"box-botao\" style=\"text-align: left;\">\n          <a class=\"btn-assinatura\" target=\"_blank\" href=\"https:\/\/www.estrategiaconcursos.com.br\/cursosPorMateria\/portugues-36\" role=\"button\" rel=\"noopener noreferrer\">CLIQUE AQUI<\/a>\n        <\/div>\n      <\/div><\/div><\/div><\/div>\n\n\n\n<div class=\"container\" id=\"boxes\">\n  <div class=\"row\">\n\n    <div class=\"col-sm\">\n      <div class=\"estrategia\" id=\"box-assinatura\">\n        <h3 class=\"titulo-assinatura\">Assinatura Concursos<\/h3>\n        <p class=\"subtitulo-assinatura\">Assinatura de 1 ano ou 2 anos<\/p>\n        <div class=\"box-botao\">\n          <a class=\"btn-assinatura\" target=\"_blank\" href=\"https:\/\/www.estrategiaconcursos.com.br\/assinaturas\/\" role=\"button\" rel=\"noopener noreferrer\">ASSINE AGORA<\/a>\n        <\/div>\n      <\/div><\/div><\/div><\/div>\n\n\n\n<p><\/p>\n","protected":false},"excerpt":{"rendered":"<p>Ol\u00e1, pessoal! Belezinha? O assunto de hoje \u00e9 uma d\u00favida muito frequente: Como diferenciar adjunto adnominal de complemento nominal? Voc\u00ea ver\u00e1 que n\u00e3o \u00e9 um bicho de sete cabe\u00e7as, na verdade, \u00e9 s\u00f3 voc\u00ea se guiar pelos tr\u00eas crit\u00e9rios que explicaremos adiante que n\u00e3o tem erro. Ent\u00e3o vamos l\u00e1? O que \u00e9 adjunto adnominal? Primeiro, [&hellip;]<\/p>\n","protected":false},"author":214,"featured_media":1493039,"comment_status":"open","ping_status":"closed","sticky":false,"template":"","format":"standard","meta":{"post_tipo":"article","footnotes":""},"categories":[1],"tags":[],"tax_estado":[],"class_list":["post-143193","post","type-post","status-publish","format-standard","has-post-thumbnail","hentry","category-cursos-e-concursos"],"acf":[],"yoast_head":"<!-- This site is optimized with the Yoast SEO Premium plugin v27.2 (Yoast SEO v27.2) - https:\/\/yoast.com\/product\/yoast-seo-premium-wordpress\/ -->\n<title>Como distinguir Adjunto Adnominal de Complemento Nominal?<\/title>\n<meta name=\"description\" content=\"Como saber a diferen\u00e7a entre adjunto adnominal e complemento nominal? Estudando para concursos? Veja as diferen\u00e7as com quest\u00f5es de banca!\" \/>\n<meta name=\"robots\" content=\"index, follow, max-snippet:-1, max-image-preview:large, max-video-preview:-1\" \/>\n<link rel=\"canonical\" href=\"https:\/\/www.estrategiaconcursos.com.br\/blog\/como-distinguir-adjunto-adnominal-de-complemento-nominal\/\" \/>\n<meta property=\"og:locale\" content=\"pt_BR\" \/>\n<meta property=\"og:type\" content=\"article\" \/>\n<meta property=\"og:title\" content=\"Como distinguir Adjunto Adnominal de Complemento Nominal?\" \/>\n<meta property=\"og:description\" content=\"Como saber a diferen\u00e7a entre adjunto adnominal e complemento nominal? Estudando para concursos? Veja as diferen\u00e7as com quest\u00f5es de banca!\" \/>\n<meta property=\"og:url\" content=\"https:\/\/www.estrategiaconcursos.com.br\/blog\/como-distinguir-adjunto-adnominal-de-complemento-nominal\/\" \/>\n<meta property=\"og:site_name\" content=\"Estrat\u00e9gia Concursos\" \/>\n<meta property=\"article:published_time\" content=\"2024-11-19T18:58:57+00:00\" \/>\n<meta property=\"article:modified_time\" content=\"2024-11-21T17:08:58+00:00\" \/>\n<meta property=\"og:image\" content=\"https:\/\/dhg1h5j42swfq.cloudfront.net\/2019\/04\/21112220\/concurseira-estudando-sobre-o-uso-da-crase-regras-a-com-crase.png\" \/>\n\t<meta property=\"og:image:width\" content=\"909\" \/>\n\t<meta property=\"og:image:height\" content=\"602\" \/>\n\t<meta property=\"og:image:type\" content=\"image\/png\" \/>\n<meta name=\"author\" content=\"D\u00e9cio Terror Filho\" \/>\n<meta name=\"twitter:card\" content=\"summary_large_image\" \/>\n<meta name=\"twitter:creator\" content=\"@EstratConcursos\" \/>\n<meta name=\"twitter:site\" content=\"@EstratConcursos\" \/>\n<meta name=\"twitter:label1\" content=\"Escrito por\" \/>\n\t<meta name=\"twitter:data1\" content=\"D\u00e9cio Terror Filho\" \/>\n\t<meta name=\"twitter:label2\" content=\"Est. tempo de leitura\" \/>\n\t<meta name=\"twitter:data2\" content=\"8 minutos\" \/>\n<script type=\"application\/ld+json\" class=\"yoast-schema-graph\">{\"@context\":\"https:\/\/schema.org\",\"@graph\":[{\"@type\":\"NewsArticle\",\"@id\":\"https:\/\/www.estrategiaconcursos.com.br\/blog\/como-distinguir-adjunto-adnominal-de-complemento-nominal\/#article\",\"isPartOf\":{\"@id\":\"https:\/\/www.estrategiaconcursos.com.br\/blog\/como-distinguir-adjunto-adnominal-de-complemento-nominal\/\"},\"author\":{\"name\":\"D\u00e9cio Terror Filho\",\"@id\":\"https:\/\/www.estrategiaconcursos.com.br\/blog\/#\/schema\/person\/e8165364027a31208914fc77c3314727\"},\"headline\":\"Como distinguir Adjunto Adnominal de Complemento Nominal?\",\"datePublished\":\"2024-11-19T18:58:57+00:00\",\"dateModified\":\"2024-11-21T17:08:58+00:00\",\"mainEntityOfPage\":{\"@id\":\"https:\/\/www.estrategiaconcursos.com.br\/blog\/como-distinguir-adjunto-adnominal-de-complemento-nominal\/\"},\"wordCount\":1686,\"commentCount\":21,\"publisher\":{\"@id\":\"https:\/\/www.estrategiaconcursos.com.br\/blog\/#organization\"},\"image\":{\"@id\":\"https:\/\/www.estrategiaconcursos.com.br\/blog\/como-distinguir-adjunto-adnominal-de-complemento-nominal\/#primaryimage\"},\"thumbnailUrl\":\"https:\/\/dhg1h5j42swfq.cloudfront.net\/2019\/04\/21112220\/concurseira-estudando-sobre-o-uso-da-crase-regras-a-com-crase.png\",\"articleSection\":[\"Concursos P\u00fablicos\"],\"inLanguage\":\"pt-BR\",\"potentialAction\":[{\"@type\":\"CommentAction\",\"name\":\"Comment\",\"target\":[\"https:\/\/www.estrategiaconcursos.com.br\/blog\/como-distinguir-adjunto-adnominal-de-complemento-nominal\/#respond\"]}],\"copyrightYear\":\"2024\",\"copyrightHolder\":{\"@id\":\"https:\/\/www.estrategiaconcursos.com.br\/blog\/#organization\"},\"accessibilityFeature\":[\"tableOfContents\"]},{\"@type\":\"WebPage\",\"@id\":\"https:\/\/www.estrategiaconcursos.com.br\/blog\/como-distinguir-adjunto-adnominal-de-complemento-nominal\/\",\"url\":\"https:\/\/www.estrategiaconcursos.com.br\/blog\/como-distinguir-adjunto-adnominal-de-complemento-nominal\/\",\"name\":\"Como distinguir Adjunto Adnominal de Complemento Nominal?\",\"isPartOf\":{\"@id\":\"https:\/\/www.estrategiaconcursos.com.br\/blog\/#website\"},\"primaryImageOfPage\":{\"@id\":\"https:\/\/www.estrategiaconcursos.com.br\/blog\/como-distinguir-adjunto-adnominal-de-complemento-nominal\/#primaryimage\"},\"image\":{\"@id\":\"https:\/\/www.estrategiaconcursos.com.br\/blog\/como-distinguir-adjunto-adnominal-de-complemento-nominal\/#primaryimage\"},\"thumbnailUrl\":\"https:\/\/dhg1h5j42swfq.cloudfront.net\/2019\/04\/21112220\/concurseira-estudando-sobre-o-uso-da-crase-regras-a-com-crase.png\",\"datePublished\":\"2024-11-19T18:58:57+00:00\",\"dateModified\":\"2024-11-21T17:08:58+00:00\",\"description\":\"Como saber a diferen\u00e7a entre adjunto adnominal e complemento nominal? Estudando para concursos? Veja as diferen\u00e7as com quest\u00f5es de banca!\",\"breadcrumb\":{\"@id\":\"https:\/\/www.estrategiaconcursos.com.br\/blog\/como-distinguir-adjunto-adnominal-de-complemento-nominal\/#breadcrumb\"},\"inLanguage\":\"pt-BR\",\"potentialAction\":[{\"@type\":\"ReadAction\",\"target\":[\"https:\/\/www.estrategiaconcursos.com.br\/blog\/como-distinguir-adjunto-adnominal-de-complemento-nominal\/\"]}]},{\"@type\":\"ImageObject\",\"inLanguage\":\"pt-BR\",\"@id\":\"https:\/\/www.estrategiaconcursos.com.br\/blog\/como-distinguir-adjunto-adnominal-de-complemento-nominal\/#primaryimage\",\"url\":\"https:\/\/dhg1h5j42swfq.cloudfront.net\/2019\/04\/21112220\/concurseira-estudando-sobre-o-uso-da-crase-regras-a-com-crase.png\",\"contentUrl\":\"https:\/\/dhg1h5j42swfq.cloudfront.net\/2019\/04\/21112220\/concurseira-estudando-sobre-o-uso-da-crase-regras-a-com-crase.png\",\"width\":909,\"height\":602,\"caption\":\"EBSERH: o que estudar para passar no concurso?EBSERH: o que estudar para passar no concurso?\"},{\"@type\":\"BreadcrumbList\",\"@id\":\"https:\/\/www.estrategiaconcursos.com.br\/blog\/como-distinguir-adjunto-adnominal-de-complemento-nominal\/#breadcrumb\",\"itemListElement\":[{\"@type\":\"ListItem\",\"position\":1,\"name\":\"In\u00edcio\",\"item\":\"https:\/\/www.estrategiaconcursos.com.br\/blog\/\"},{\"@type\":\"ListItem\",\"position\":2,\"name\":\"Como distinguir Adjunto Adnominal de Complemento Nominal?\"}]},{\"@type\":\"WebSite\",\"@id\":\"https:\/\/www.estrategiaconcursos.com.br\/blog\/#website\",\"url\":\"https:\/\/www.estrategiaconcursos.com.br\/blog\/\",\"name\":\"Estrat\u00e9gia Concursos\",\"description\":\"O blog da Estrat\u00e9gia Concursos traz not\u00edcias sobre concursos e artigos de professores oferecendo cursos para concursos (pdf + videaulas) no site.\",\"publisher\":{\"@id\":\"https:\/\/www.estrategiaconcursos.com.br\/blog\/#organization\"},\"potentialAction\":[{\"@type\":\"SearchAction\",\"target\":{\"@type\":\"EntryPoint\",\"urlTemplate\":\"https:\/\/www.estrategiaconcursos.com.br\/blog\/?s={search_term_string}\"},\"query-input\":{\"@type\":\"PropertyValueSpecification\",\"valueRequired\":true,\"valueName\":\"search_term_string\"}}],\"inLanguage\":\"pt-BR\"},{\"@type\":\"Organization\",\"@id\":\"https:\/\/www.estrategiaconcursos.com.br\/blog\/#organization\",\"name\":\"Estrat\u00e9gia Concursos\",\"url\":\"https:\/\/www.estrategiaconcursos.com.br\/blog\/\",\"logo\":{\"@type\":\"ImageObject\",\"inLanguage\":\"pt-BR\",\"@id\":\"https:\/\/www.estrategiaconcursos.com.br\/blog\/#\/schema\/logo\/image\/\",\"url\":\"https:\/\/dhg1h5j42swfq.cloudfront.net\/2025\/06\/03203428\/logo_concursos-1.jpg\",\"contentUrl\":\"https:\/\/dhg1h5j42swfq.cloudfront.net\/2025\/06\/03203428\/logo_concursos-1.jpg\",\"width\":230,\"height\":60,\"caption\":\"Estrat\u00e9gia Concursos\"},\"image\":{\"@id\":\"https:\/\/www.estrategiaconcursos.com.br\/blog\/#\/schema\/logo\/image\/\"},\"sameAs\":[\"https:\/\/x.com\/EstratConcursos\"]},{\"@type\":\"Person\",\"@id\":\"https:\/\/www.estrategiaconcursos.com.br\/blog\/#\/schema\/person\/e8165364027a31208914fc77c3314727\",\"name\":\"D\u00e9cio Terror Filho\",\"image\":{\"@type\":\"ImageObject\",\"inLanguage\":\"pt-BR\",\"@id\":\"https:\/\/secure.gravatar.com\/avatar\/a5b78e734de7c6482e965926e78344deb81abbc34282a3c9536cbb1a59728a37?s=96&d=mm&r=g\",\"url\":\"https:\/\/secure.gravatar.com\/avatar\/a5b78e734de7c6482e965926e78344deb81abbc34282a3c9536cbb1a59728a37?s=96&d=mm&r=g\",\"contentUrl\":\"https:\/\/secure.gravatar.com\/avatar\/a5b78e734de7c6482e965926e78344deb81abbc34282a3c9536cbb1a59728a37?s=96&d=mm&r=g\",\"caption\":\"D\u00e9cio Terror Filho\"},\"url\":\"https:\/\/www.estrategiaconcursos.com.br\/blog\/author\/contatoterrorportugues-com-br\/\"}]}<\/script>\n<!-- \/ Yoast SEO Premium plugin. -->","yoast_head_json":{"title":"Como distinguir Adjunto Adnominal de Complemento Nominal?","description":"Como saber a diferen\u00e7a entre adjunto adnominal e complemento nominal? Estudando para concursos? Veja as diferen\u00e7as com quest\u00f5es de banca!","robots":{"index":"index","follow":"follow","max-snippet":"max-snippet:-1","max-image-preview":"max-image-preview:large","max-video-preview":"max-video-preview:-1"},"canonical":"https:\/\/www.estrategiaconcursos.com.br\/blog\/como-distinguir-adjunto-adnominal-de-complemento-nominal\/","og_locale":"pt_BR","og_type":"article","og_title":"Como distinguir Adjunto Adnominal de Complemento Nominal?","og_description":"Como saber a diferen\u00e7a entre adjunto adnominal e complemento nominal? Estudando para concursos? Veja as diferen\u00e7as com quest\u00f5es de banca!","og_url":"https:\/\/www.estrategiaconcursos.com.br\/blog\/como-distinguir-adjunto-adnominal-de-complemento-nominal\/","og_site_name":"Estrat\u00e9gia Concursos","article_published_time":"2024-11-19T18:58:57+00:00","article_modified_time":"2024-11-21T17:08:58+00:00","og_image":[{"width":909,"height":602,"url":"https:\/\/dhg1h5j42swfq.cloudfront.net\/2019\/04\/21112220\/concurseira-estudando-sobre-o-uso-da-crase-regras-a-com-crase.png","type":"image\/png"}],"author":"D\u00e9cio Terror Filho","twitter_card":"summary_large_image","twitter_creator":"@EstratConcursos","twitter_site":"@EstratConcursos","twitter_misc":{"Escrito por":"D\u00e9cio Terror Filho","Est. tempo de leitura":"8 minutos"},"schema":{"@context":"https:\/\/schema.org","@graph":[{"@type":"NewsArticle","@id":"https:\/\/www.estrategiaconcursos.com.br\/blog\/como-distinguir-adjunto-adnominal-de-complemento-nominal\/#article","isPartOf":{"@id":"https:\/\/www.estrategiaconcursos.com.br\/blog\/como-distinguir-adjunto-adnominal-de-complemento-nominal\/"},"author":{"name":"D\u00e9cio Terror Filho","@id":"https:\/\/www.estrategiaconcursos.com.br\/blog\/#\/schema\/person\/e8165364027a31208914fc77c3314727"},"headline":"Como distinguir Adjunto Adnominal de Complemento Nominal?","datePublished":"2024-11-19T18:58:57+00:00","dateModified":"2024-11-21T17:08:58+00:00","mainEntityOfPage":{"@id":"https:\/\/www.estrategiaconcursos.com.br\/blog\/como-distinguir-adjunto-adnominal-de-complemento-nominal\/"},"wordCount":1686,"commentCount":21,"publisher":{"@id":"https:\/\/www.estrategiaconcursos.com.br\/blog\/#organization"},"image":{"@id":"https:\/\/www.estrategiaconcursos.com.br\/blog\/como-distinguir-adjunto-adnominal-de-complemento-nominal\/#primaryimage"},"thumbnailUrl":"https:\/\/dhg1h5j42swfq.cloudfront.net\/2019\/04\/21112220\/concurseira-estudando-sobre-o-uso-da-crase-regras-a-com-crase.png","articleSection":["Concursos P\u00fablicos"],"inLanguage":"pt-BR","potentialAction":[{"@type":"CommentAction","name":"Comment","target":["https:\/\/www.estrategiaconcursos.com.br\/blog\/como-distinguir-adjunto-adnominal-de-complemento-nominal\/#respond"]}],"copyrightYear":"2024","copyrightHolder":{"@id":"https:\/\/www.estrategiaconcursos.com.br\/blog\/#organization"},"accessibilityFeature":["tableOfContents"]},{"@type":"WebPage","@id":"https:\/\/www.estrategiaconcursos.com.br\/blog\/como-distinguir-adjunto-adnominal-de-complemento-nominal\/","url":"https:\/\/www.estrategiaconcursos.com.br\/blog\/como-distinguir-adjunto-adnominal-de-complemento-nominal\/","name":"Como distinguir Adjunto Adnominal de Complemento Nominal?","isPartOf":{"@id":"https:\/\/www.estrategiaconcursos.com.br\/blog\/#website"},"primaryImageOfPage":{"@id":"https:\/\/www.estrategiaconcursos.com.br\/blog\/como-distinguir-adjunto-adnominal-de-complemento-nominal\/#primaryimage"},"image":{"@id":"https:\/\/www.estrategiaconcursos.com.br\/blog\/como-distinguir-adjunto-adnominal-de-complemento-nominal\/#primaryimage"},"thumbnailUrl":"https:\/\/dhg1h5j42swfq.cloudfront.net\/2019\/04\/21112220\/concurseira-estudando-sobre-o-uso-da-crase-regras-a-com-crase.png","datePublished":"2024-11-19T18:58:57+00:00","dateModified":"2024-11-21T17:08:58+00:00","description":"Como saber a diferen\u00e7a entre adjunto adnominal e complemento nominal? Estudando para concursos? Veja as diferen\u00e7as com quest\u00f5es de banca!","breadcrumb":{"@id":"https:\/\/www.estrategiaconcursos.com.br\/blog\/como-distinguir-adjunto-adnominal-de-complemento-nominal\/#breadcrumb"},"inLanguage":"pt-BR","potentialAction":[{"@type":"ReadAction","target":["https:\/\/www.estrategiaconcursos.com.br\/blog\/como-distinguir-adjunto-adnominal-de-complemento-nominal\/"]}]},{"@type":"ImageObject","inLanguage":"pt-BR","@id":"https:\/\/www.estrategiaconcursos.com.br\/blog\/como-distinguir-adjunto-adnominal-de-complemento-nominal\/#primaryimage","url":"https:\/\/dhg1h5j42swfq.cloudfront.net\/2019\/04\/21112220\/concurseira-estudando-sobre-o-uso-da-crase-regras-a-com-crase.png","contentUrl":"https:\/\/dhg1h5j42swfq.cloudfront.net\/2019\/04\/21112220\/concurseira-estudando-sobre-o-uso-da-crase-regras-a-com-crase.png","width":909,"height":602,"caption":"EBSERH: o que estudar para passar no concurso?EBSERH: o que estudar para passar no concurso?"},{"@type":"BreadcrumbList","@id":"https:\/\/www.estrategiaconcursos.com.br\/blog\/como-distinguir-adjunto-adnominal-de-complemento-nominal\/#breadcrumb","itemListElement":[{"@type":"ListItem","position":1,"name":"In\u00edcio","item":"https:\/\/www.estrategiaconcursos.com.br\/blog\/"},{"@type":"ListItem","position":2,"name":"Como distinguir Adjunto Adnominal de Complemento Nominal?"}]},{"@type":"WebSite","@id":"https:\/\/www.estrategiaconcursos.com.br\/blog\/#website","url":"https:\/\/www.estrategiaconcursos.com.br\/blog\/","name":"Estrat\u00e9gia Concursos","description":"O blog da Estrat\u00e9gia Concursos traz not\u00edcias sobre concursos e artigos de professores oferecendo cursos para concursos (pdf + videaulas) no site.","publisher":{"@id":"https:\/\/www.estrategiaconcursos.com.br\/blog\/#organization"},"potentialAction":[{"@type":"SearchAction","target":{"@type":"EntryPoint","urlTemplate":"https:\/\/www.estrategiaconcursos.com.br\/blog\/?s={search_term_string}"},"query-input":{"@type":"PropertyValueSpecification","valueRequired":true,"valueName":"search_term_string"}}],"inLanguage":"pt-BR"},{"@type":"Organization","@id":"https:\/\/www.estrategiaconcursos.com.br\/blog\/#organization","name":"Estrat\u00e9gia Concursos","url":"https:\/\/www.estrategiaconcursos.com.br\/blog\/","logo":{"@type":"ImageObject","inLanguage":"pt-BR","@id":"https:\/\/www.estrategiaconcursos.com.br\/blog\/#\/schema\/logo\/image\/","url":"https:\/\/dhg1h5j42swfq.cloudfront.net\/2025\/06\/03203428\/logo_concursos-1.jpg","contentUrl":"https:\/\/dhg1h5j42swfq.cloudfront.net\/2025\/06\/03203428\/logo_concursos-1.jpg","width":230,"height":60,"caption":"Estrat\u00e9gia Concursos"},"image":{"@id":"https:\/\/www.estrategiaconcursos.com.br\/blog\/#\/schema\/logo\/image\/"},"sameAs":["https:\/\/x.com\/EstratConcursos"]},{"@type":"Person","@id":"https:\/\/www.estrategiaconcursos.com.br\/blog\/#\/schema\/person\/e8165364027a31208914fc77c3314727","name":"D\u00e9cio Terror Filho","image":{"@type":"ImageObject","inLanguage":"pt-BR","@id":"https:\/\/secure.gravatar.com\/avatar\/a5b78e734de7c6482e965926e78344deb81abbc34282a3c9536cbb1a59728a37?s=96&d=mm&r=g","url":"https:\/\/secure.gravatar.com\/avatar\/a5b78e734de7c6482e965926e78344deb81abbc34282a3c9536cbb1a59728a37?s=96&d=mm&r=g","contentUrl":"https:\/\/secure.gravatar.com\/avatar\/a5b78e734de7c6482e965926e78344deb81abbc34282a3c9536cbb1a59728a37?s=96&d=mm&r=g","caption":"D\u00e9cio Terror Filho"},"url":"https:\/\/www.estrategiaconcursos.com.br\/blog\/author\/contatoterrorportugues-com-br\/"}]}},"_links":{"self":[{"href":"https:\/\/www.estrategiaconcursos.com.br\/blog\/wp-json\/wp\/v2\/posts\/143193","targetHints":{"allow":["GET"]}}],"collection":[{"href":"https:\/\/www.estrategiaconcursos.com.br\/blog\/wp-json\/wp\/v2\/posts"}],"about":[{"href":"https:\/\/www.estrategiaconcursos.com.br\/blog\/wp-json\/wp\/v2\/types\/post"}],"author":[{"embeddable":true,"href":"https:\/\/www.estrategiaconcursos.com.br\/blog\/wp-json\/wp\/v2\/users\/214"}],"replies":[{"embeddable":true,"href":"https:\/\/www.estrategiaconcursos.com.br\/blog\/wp-json\/wp\/v2\/comments?post=143193"}],"version-history":[{"count":10,"href":"https:\/\/www.estrategiaconcursos.com.br\/blog\/wp-json\/wp\/v2\/posts\/143193\/revisions"}],"predecessor-version":[{"id":1493173,"href":"https:\/\/www.estrategiaconcursos.com.br\/blog\/wp-json\/wp\/v2\/posts\/143193\/revisions\/1493173"}],"wp:featuredmedia":[{"embeddable":true,"href":"https:\/\/www.estrategiaconcursos.com.br\/blog\/wp-json\/wp\/v2\/media\/1493039"}],"wp:attachment":[{"href":"https:\/\/www.estrategiaconcursos.com.br\/blog\/wp-json\/wp\/v2\/media?parent=143193"}],"wp:term":[{"taxonomy":"category","embeddable":true,"href":"https:\/\/www.estrategiaconcursos.com.br\/blog\/wp-json\/wp\/v2\/categories?post=143193"},{"taxonomy":"post_tag","embeddable":true,"href":"https:\/\/www.estrategiaconcursos.com.br\/blog\/wp-json\/wp\/v2\/tags?post=143193"},{"taxonomy":"tax_estado","embeddable":true,"href":"https:\/\/www.estrategiaconcursos.com.br\/blog\/wp-json\/wp\/v2\/tax_estado?post=143193"}],"curies":[{"name":"wp","href":"https:\/\/api.w.org\/{rel}","templated":true}]}}