{"id":143018,"date":"2018-09-24T20:55:20","date_gmt":"2018-09-24T23:55:20","guid":{"rendered":"https:\/\/www.estrategiaconcursos.com.br\/blog\/?p=143018"},"modified":"2021-04-23T15:05:49","modified_gmt":"2021-04-23T18:05:49","slug":"cldf-tecnico-legislativo-recursos","status":"publish","type":"post","link":"https:\/\/www.estrategiaconcursos.com.br\/blog\/cldf-tecnico-legislativo-recursos\/","title":{"rendered":"CLDF &#8211; T\u00c9CNICO LEGISLATIVO &#8211; RECURSOS"},"content":{"rendered":"<p style=\"text-align: justify\"><span style=\"font-weight: 400\">Ol\u00e1 pessoal,<\/span><\/p>\n<p style=\"text-align: justify\"><span style=\"font-weight: 400\">Conforme escrevi no artigo do gabarito extraoficial da prova de T\u00e9cnico Legislativo da CLDF, h\u00e1 possibilidades de recursos nas seguintes quest\u00f5es:<\/span><\/p>\n<p>&nbsp;<\/p>\n<p style=\"text-align: justify\"><b>Sem dispor dos mesmos elementos de infraestrutura de Bras\u00edlia, as regi\u00f5es administrativas que se formaram nos arredores da capital federal, sem planejamento, s\u00e3o conhecidas como<\/b><\/p>\n<p style=\"text-align: justify\"><b>(A) cidades-sat\u00e9lites.<\/b><\/p>\n<p style=\"text-align: justify\"><b>(B) comunidades.<\/b><\/p>\n<p style=\"text-align: justify\"><b>(C) favelas.<\/b><\/p>\n<p style=\"text-align: justify\"><b>(D) cidades-dormit\u00f3rios.<\/b><\/p>\n<p style=\"text-align: justify\"><b>(E) arrabaldes.<\/b><\/p>\n<p>&nbsp;<\/p>\n<p style=\"text-align: justify\"><span style=\"text-decoration: underline\"><b>COMENT\u00c1RIOS:<\/b><\/span><\/p>\n<p style=\"text-align: justify\"><span style=\"font-weight: 400\">O gabarito \u00e9 a letra A. <\/span><b>Quem foi meu aluno acertou a quest\u00e3o<\/b><span style=\"font-weight: 400\">. No entanto, tenho o dever de apontar que a quest\u00e3o est\u00e1 incorretamente formulada. De acordo com o gabarito preliminar: <\/span><i><span style=\"font-weight: 400\">as regi\u00f5es administrativas que se formaram nos arredores da capital federal, sem planejamento, s\u00e3o conhecidas como cidades-sat\u00e9lites.<\/span><\/i><\/p>\n<p style=\"text-align: justify\"><span style=\"font-weight: 400\">Eis o erro da quest\u00e3o. As regi\u00f5es administrativas que se formaram nos arredores da capital federal, sem planejamento, N\u00c3O S\u00c3O conhecidas como cidades-sat\u00e9lites. Observem que o examinador utiliza o verbo no tempo presente: S\u00c3O. <\/span><\/p>\n<p style=\"text-align: justify\"><span style=\"font-weight: 400\">As cidades existentes nas regi\u00f5es administrativas onde est\u00e3o as sedes das administra\u00e7\u00f5es regionais s\u00e3o conhecidas, na atualidade, apenas por cidades e n\u00e3o por cidades-sat\u00e9lites.<\/span><\/p>\n<p style=\"text-align: justify\"><span style=\"font-weight: 400\">Oficialmente est\u00e1 proibida a utiliza\u00e7\u00e3o da express\u00e3o&nbsp;\u201csat\u00e9lite\u201d&nbsp;para designar as cidades situadas no territ\u00f3rio do Distrito Federal, nos documentos oficiais e outros documentos p\u00fablicos no \u00e2mbito do Governo do Distrito Federal. A proibi\u00e7\u00e3o consta do Decreto distrital n\u00ba 19.040, DE 18 DE FEVEREIRO DE 1998. <\/span><\/p>\n<p style=\"text-align: justify\"><span style=\"font-weight: 400\">Vejamos o artigo 1\u00ba: <\/span><i><span style=\"font-weight: 400\">As cidades situadas no territ\u00f3rio do Distrito Federal, dever\u00e3o ser designadas pelos seus respectivos nomes em documentos oficiais e outros documentos p\u00fablicos no \u00e2mbito do Governo do Distrito Federal, vedada a utiliza\u00e7\u00e3o da express\u00e3o \u201csat\u00e9lite\u201d.<\/span><\/i><\/p>\n<p style=\"text-align: justify\"><span style=\"font-weight: 400\">Link para acessar o decreto: <\/span><a href=\"http:\/\/www.tc.df.gov.br\/SINJ\/Norma\/33283\/Decreto_19040_18_02_1998.html\"><span style=\"font-weight: 400\">http:\/\/www.tc.df.gov.br\/SINJ\/Norma\/33283\/Decreto_19040_18_02_1998.html<\/span><\/a><\/p>\n<p style=\"text-align: justify\"><span style=\"font-weight: 400\">Outro erro do examinador \u00e9 confundir regi\u00e3o administrativa com as cidades que nela existem. A Regi\u00e3o Administrativa \u00e9 uma divis\u00e3o legal do Distrito Federal para fins de descentraliza\u00e7\u00e3o e coordena\u00e7\u00e3o dos servi\u00e7os de natureza local. &nbsp;Vejamos o artigo 9\u00ba da Lei Org\u00e2nica do Distrito Federal (LODF):<\/span><\/p>\n<p style=\"text-align: justify\"><span style=\"font-weight: 400\">&nbsp;<\/span><i><span style=\"font-weight: 400\">Art 9\u00ba O Distrito Federal ser\u00e1 dividido em Regi\u00f5es Administrativas para fins de descentraliza\u00e7\u00e3o e coordena\u00e7\u00e3o dos servi\u00e7os de natureza local.<\/span><\/i><\/p>\n<p style=\"text-align: justify\"><span style=\"font-weight: 400\">Muitas regi\u00f5es administrativas t\u00eam \u00e1rea urbana e rural. \u00c1rea urbana \u00e9 a cidade, mas a \u00e1rea rural n\u00e3o. Ou seja, n\u00e3o \u00e9 somente a sua zona urbana. \u00c9 toda a \u00e1rea territorial da Regi\u00e3o Administrativa que \u00e9 objeto da descentraliza\u00e7\u00e3o e coordena\u00e7\u00e3o dos servi\u00e7os de natureza local.<\/span><\/p>\n<p style=\"text-align: justify\"><span style=\"font-weight: 400\">A LODF n\u00e3o faz nenhuma associa\u00e7\u00e3o legal entre as Regi\u00f5es Administrativas e as cidades do Distrito Federal.<\/span><\/p>\n<p style=\"text-align: justify\"><span style=\"font-weight: 400\">Devido ao fato de as regi\u00f5es administrativas da capital federal n\u00e3o serem conhecidas como cidades-sat\u00e9lites solicita-se a <\/span><b>ANULA\u00c7\u00c3O<\/b><span style=\"font-weight: 400\"> do gabarito da quest\u00e3o.<\/span><\/p>\n<p>&nbsp;<\/p>\n<p style=\"text-align: justify\"><b>O Complexo Penitenci\u00e1rio da Papuda, no Distrito Federal, tem seu nome ligado<\/b><\/p>\n<p style=\"text-align: justify\"><b>(A) aos poderes de cura de determinada planta nativa.<\/b><\/p>\n<p style=\"text-align: justify\"><b>(B) a uma ave t\u00edpica do bioma Cerrado.<\/b><\/p>\n<p style=\"text-align: justify\"><b>(C) a um grupo ind\u00edgena de origem tupi.<\/b><\/p>\n<p style=\"text-align: justify\"><b>(D) ao b\u00f3cio end\u00eamico observado na regi\u00e3o.<\/b><\/p>\n<p style=\"text-align: justify\"><b>(E) \u00e0 flor comest\u00edvel de arbusto similar ao loureiro.<\/b><\/p>\n<p>&nbsp;<\/p>\n<p style=\"text-align: justify\"><span style=\"text-decoration: underline\"><b>COMENT\u00c1RIOS:<\/b><\/span><\/p>\n<p style=\"text-align: justify\"><span style=\"font-weight: 400\">O gabarito \u00e9 a letra D. O examinador apresentou a seguinte justificativa para o gabarito: <\/span><\/p>\n<p style=\"text-align: justify\"><i><span style=\"font-weight: 400\">O terreno onde se instalou o Complexo era antes associado \u00e0 presen\u00e7a de uma mulher que sofria de b\u00f3cio, causado pelo baixo teor de iodo da regi\u00e3o. Fonte: <\/span><\/i><a href=\"https:\/\/www.metropoles.com\/distrito-federal\/escritura-dafazenda-papuda-e-das-mais=antigas-de-que-se-tem-registro\"><i><span style=\"font-weight: 400\">https:\/\/www.metropoles.com\/distrito-federal\/escritura-dafazenda-papuda-e-das-mais=antigas-de-que-se-tem-registro<\/span><\/i><\/a><\/p>\n<p style=\"text-align: justify\"><span style=\"font-weight: 400\">A not\u00edcia utilizada pelo examinador para a elabora\u00e7\u00e3o da quest\u00e3o informa que UMA mulher, somente UMA mulher sofria de b\u00f3cio na fazenda, que era imensa, a sua <\/span><span style=\"font-weight: 400\">\u00e1rea era maior do que a soma dos territ\u00f3rios das regi\u00f5es administrativas de Taguatinga, \u00c1guas Claras e Recanto das Emas.<\/span><\/p>\n<p style=\"text-align: justify\"><span style=\"font-weight: 400\">De acordo com o site do Dr. Drauzio Varella o <\/span><b>b\u00f3cio<\/b><span style=\"font-weight: 400\">, popularmente conhecido como papo ou papeira, \u00e9 o nome que se d\u00e1 ao aumento da gl\u00e2ndula tire\u00f3ide.<\/span><\/p>\n<p style=\"text-align: justify\"><span style=\"font-weight: 400\">Link: <\/span><a href=\"https:\/\/drauziovarella.uol.com.br\/doencas-e-sintomas\/bocio\/\"><span style=\"font-weight: 400\">https:\/\/drauziovarella.uol.com.br\/doencas-e-sintomas\/bocio\/<\/span><\/a><\/p>\n<p style=\"text-align: justify\"><span style=\"font-weight: 400\">Conforme HENRIQUE MENDES, J. A. ZAGALO-CARDOSO o termo \u201cb\u00f3cio end\u00eamico foi definido como sendo o aumento generalizado ou localizado da gl\u00e2ndula tire\u00f3ide, sempre que este afeta mais de 10% dos membros de uma comunidade\u201d. (ACTA M\u00c9DICA PORTUGUESA 2002; 15:29-35) Dispon\u00edvel em:<\/span><\/p>\n<p style=\"text-align: justify\"><a href=\"https:\/\/pdfs.semanticscholar.org\/d2ac\/0b5bff08f7b6936fe653e83a283ac4ad8633.pdf\"><span style=\"font-weight: 400\">https:\/\/pdfs.semanticscholar.org\/d2ac\/0b5bff08f7b6936fe653e83a283ac4ad8633.pdf<\/span><\/a><\/p>\n<p style=\"text-align: justify\"><span style=\"font-weight: 400\">Ou seja, b\u00f3cio e b\u00f3cio end\u00eamico s\u00e3o conceitos diferentes. A mat\u00e9ria utilizada pelo examinador para elaborar a quest\u00e3o n\u00e3o fala sobre b\u00f3cio end\u00eamico, mas que apenas uma mulher sofria de b\u00f3cio. Por ter sido somente um caso de b\u00f3cio que deu origem ao termo \u201cpapuda\u201d e n\u00e3o uma dissemina\u00e7\u00e3o da enfermidade na popula\u00e7\u00e3o da fazenda (b\u00f3cio end\u00eamico) solicita-se a <\/span><b>ANULA\u00c7\u00c3O<\/b><span style=\"font-weight: 400\"> da quest\u00e3o por n\u00e3o ter alternativa correta.<\/span><\/p>\n<p>&nbsp;<\/p>\n<p style=\"text-align: justify\"><span style=\"font-weight: 400\">Sucesso no concurso!<\/span><\/p>\n<p style=\"text-align: justify\"><span style=\"font-weight: 400\">Professor Leandro Signori<\/span><\/p>\n","protected":false},"excerpt":{"rendered":"<p>Ol\u00e1 pessoal, Conforme escrevi no artigo do gabarito extraoficial da prova de T\u00e9cnico Legislativo da CLDF, h\u00e1 possibilidades de recursos nas seguintes quest\u00f5es: &nbsp; Sem dispor dos mesmos elementos de infraestrutura de Bras\u00edlia, as regi\u00f5es administrativas que se formaram nos arredores da capital federal, sem planejamento, s\u00e3o conhecidas como (A) cidades-sat\u00e9lites. (B) comunidades. (C) favelas. [&hellip;]<\/p>\n","protected":false},"author":306,"featured_media":0,"comment_status":"open","ping_status":"closed","sticky":false,"template":"","format":"standard","meta":{"post_tipo":"article","footnotes":""},"categories":[2017],"tags":[3756,2903],"tax_estado":[219970],"class_list":["post-143018","post","type-post","status-publish","format-standard","hentry","category-concursos-legislativos","tag-leandro-signori","tag-realidade-do-distrito-federal","tax_estado-df"],"acf":[],"yoast_head":"<!-- This site is optimized with the Yoast SEO Premium plugin v27.2 (Yoast SEO v27.2) - https:\/\/yoast.com\/product\/yoast-seo-premium-wordpress\/ -->\n<title>CLDF - T\u00c9CNICO LEGISLATIVO - RECURSOS<\/title>\n<meta name=\"robots\" content=\"index, follow, max-snippet:-1, max-image-preview:large, max-video-preview:-1\" \/>\n<link rel=\"canonical\" href=\"https:\/\/www.estrategiaconcursos.com.br\/blog\/cldf-tecnico-legislativo-recursos\/\" \/>\n<meta property=\"og:locale\" content=\"pt_BR\" \/>\n<meta property=\"og:type\" content=\"article\" \/>\n<meta property=\"og:title\" content=\"CLDF - T\u00c9CNICO LEGISLATIVO - RECURSOS\" \/>\n<meta property=\"og:description\" content=\"Ol\u00e1 pessoal, Conforme escrevi no artigo do gabarito extraoficial da prova de T\u00e9cnico Legislativo da CLDF, h\u00e1 possibilidades de recursos nas seguintes quest\u00f5es: &nbsp; Sem dispor dos mesmos elementos de infraestrutura de Bras\u00edlia, as regi\u00f5es administrativas que se formaram nos arredores da capital federal, sem planejamento, s\u00e3o conhecidas como (A) cidades-sat\u00e9lites. (B) comunidades. (C) favelas. [&hellip;]\" \/>\n<meta property=\"og:url\" content=\"https:\/\/www.estrategiaconcursos.com.br\/blog\/cldf-tecnico-legislativo-recursos\/\" \/>\n<meta property=\"og:site_name\" content=\"Estrat\u00e9gia Concursos\" \/>\n<meta property=\"article:author\" content=\"https:\/\/www.facebook.com\/leandrosignoriatualidades\/\" \/>\n<meta property=\"article:published_time\" content=\"2018-09-24T23:55:20+00:00\" \/>\n<meta property=\"article:modified_time\" content=\"2021-04-23T18:05:49+00:00\" \/>\n<meta name=\"author\" content=\"Leandro Signori\" \/>\n<meta name=\"twitter:card\" content=\"summary_large_image\" \/>\n<meta name=\"twitter:creator\" content=\"@EstratConcursos\" \/>\n<meta name=\"twitter:site\" content=\"@EstratConcursos\" \/>\n<meta name=\"twitter:label1\" content=\"Escrito por\" \/>\n\t<meta name=\"twitter:data1\" content=\"Leandro Signori\" \/>\n\t<meta name=\"twitter:label2\" content=\"Est. tempo de leitura\" \/>\n\t<meta name=\"twitter:data2\" content=\"4 minutos\" \/>\n<script type=\"application\/ld+json\" class=\"yoast-schema-graph\">{\"@context\":\"https:\/\/schema.org\",\"@graph\":[{\"@type\":\"NewsArticle\",\"@id\":\"https:\/\/www.estrategiaconcursos.com.br\/blog\/cldf-tecnico-legislativo-recursos\/#article\",\"isPartOf\":{\"@id\":\"https:\/\/www.estrategiaconcursos.com.br\/blog\/cldf-tecnico-legislativo-recursos\/\"},\"author\":{\"name\":\"Leandro Signori\",\"@id\":\"https:\/\/www.estrategiaconcursos.com.br\/blog\/#\/schema\/person\/d2e7d78de4b9d6ba51cc24fd558a7f42\"},\"headline\":\"CLDF &#8211; T\u00c9CNICO LEGISLATIVO &#8211; RECURSOS\",\"datePublished\":\"2018-09-24T23:55:20+00:00\",\"dateModified\":\"2021-04-23T18:05:49+00:00\",\"mainEntityOfPage\":{\"@id\":\"https:\/\/www.estrategiaconcursos.com.br\/blog\/cldf-tecnico-legislativo-recursos\/\"},\"wordCount\":842,\"commentCount\":3,\"publisher\":{\"@id\":\"https:\/\/www.estrategiaconcursos.com.br\/blog\/#organization\"},\"keywords\":[\"Leandro Signori\",\"Realidade do Distrito Federal\"],\"articleSection\":[\"Legislativo\"],\"inLanguage\":\"pt-BR\",\"potentialAction\":[{\"@type\":\"CommentAction\",\"name\":\"Comment\",\"target\":[\"https:\/\/www.estrategiaconcursos.com.br\/blog\/cldf-tecnico-legislativo-recursos\/#respond\"]}],\"copyrightYear\":\"2018\",\"copyrightHolder\":{\"@id\":\"https:\/\/www.estrategiaconcursos.com.br\/blog\/#organization\"}},{\"@type\":\"WebPage\",\"@id\":\"https:\/\/www.estrategiaconcursos.com.br\/blog\/cldf-tecnico-legislativo-recursos\/\",\"url\":\"https:\/\/www.estrategiaconcursos.com.br\/blog\/cldf-tecnico-legislativo-recursos\/\",\"name\":\"CLDF - T\u00c9CNICO LEGISLATIVO - RECURSOS\",\"isPartOf\":{\"@id\":\"https:\/\/www.estrategiaconcursos.com.br\/blog\/#website\"},\"datePublished\":\"2018-09-24T23:55:20+00:00\",\"dateModified\":\"2021-04-23T18:05:49+00:00\",\"breadcrumb\":{\"@id\":\"https:\/\/www.estrategiaconcursos.com.br\/blog\/cldf-tecnico-legislativo-recursos\/#breadcrumb\"},\"inLanguage\":\"pt-BR\",\"potentialAction\":[{\"@type\":\"ReadAction\",\"target\":[\"https:\/\/www.estrategiaconcursos.com.br\/blog\/cldf-tecnico-legislativo-recursos\/\"]}]},{\"@type\":\"BreadcrumbList\",\"@id\":\"https:\/\/www.estrategiaconcursos.com.br\/blog\/cldf-tecnico-legislativo-recursos\/#breadcrumb\",\"itemListElement\":[{\"@type\":\"ListItem\",\"position\":1,\"name\":\"In\u00edcio\",\"item\":\"https:\/\/www.estrategiaconcursos.com.br\/blog\/\"},{\"@type\":\"ListItem\",\"position\":2,\"name\":\"CLDF &#8211; T\u00c9CNICO LEGISLATIVO &#8211; RECURSOS\"}]},{\"@type\":\"WebSite\",\"@id\":\"https:\/\/www.estrategiaconcursos.com.br\/blog\/#website\",\"url\":\"https:\/\/www.estrategiaconcursos.com.br\/blog\/\",\"name\":\"Estrat\u00e9gia Concursos\",\"description\":\"O blog da Estrat\u00e9gia Concursos traz not\u00edcias sobre concursos e artigos de professores oferecendo cursos para concursos (pdf + videaulas) no site.\",\"publisher\":{\"@id\":\"https:\/\/www.estrategiaconcursos.com.br\/blog\/#organization\"},\"potentialAction\":[{\"@type\":\"SearchAction\",\"target\":{\"@type\":\"EntryPoint\",\"urlTemplate\":\"https:\/\/www.estrategiaconcursos.com.br\/blog\/?s={search_term_string}\"},\"query-input\":{\"@type\":\"PropertyValueSpecification\",\"valueRequired\":true,\"valueName\":\"search_term_string\"}}],\"inLanguage\":\"pt-BR\"},{\"@type\":\"Organization\",\"@id\":\"https:\/\/www.estrategiaconcursos.com.br\/blog\/#organization\",\"name\":\"Estrat\u00e9gia Concursos\",\"url\":\"https:\/\/www.estrategiaconcursos.com.br\/blog\/\",\"logo\":{\"@type\":\"ImageObject\",\"inLanguage\":\"pt-BR\",\"@id\":\"https:\/\/www.estrategiaconcursos.com.br\/blog\/#\/schema\/logo\/image\/\",\"url\":\"https:\/\/dhg1h5j42swfq.cloudfront.net\/2025\/06\/03203428\/logo_concursos-1.jpg\",\"contentUrl\":\"https:\/\/dhg1h5j42swfq.cloudfront.net\/2025\/06\/03203428\/logo_concursos-1.jpg\",\"width\":230,\"height\":60,\"caption\":\"Estrat\u00e9gia Concursos\"},\"image\":{\"@id\":\"https:\/\/www.estrategiaconcursos.com.br\/blog\/#\/schema\/logo\/image\/\"},\"sameAs\":[\"https:\/\/x.com\/EstratConcursos\"]},{\"@type\":\"Person\",\"@id\":\"https:\/\/www.estrategiaconcursos.com.br\/blog\/#\/schema\/person\/d2e7d78de4b9d6ba51cc24fd558a7f42\",\"name\":\"Leandro Signori\",\"image\":{\"@type\":\"ImageObject\",\"inLanguage\":\"pt-BR\",\"@id\":\"https:\/\/secure.gravatar.com\/avatar\/aa2ef98e93764dcf1758f52d2792d4b3e4089ee25bc520608dde62ad802ae541?s=96&d=mm&r=g\",\"url\":\"https:\/\/secure.gravatar.com\/avatar\/aa2ef98e93764dcf1758f52d2792d4b3e4089ee25bc520608dde62ad802ae541?s=96&d=mm&r=g\",\"contentUrl\":\"https:\/\/secure.gravatar.com\/avatar\/aa2ef98e93764dcf1758f52d2792d4b3e4089ee25bc520608dde62ad802ae541?s=96&d=mm&r=g\",\"caption\":\"Leandro Signori\"},\"description\":\"Licenciado em Geografia pela Universidade Federal do Rio Grande do Sul (UFRGS) e Bacharel em Geografia pela Uniceub (Bras\u00edlia). Como servidor p\u00fablico, foi funcion\u00e1rio da Prefeitura de S\u00e3o Leopoldo (RS), Prefeitura de Porto Alegre (RS), Companhia Riograndense de Saneamento (Corsan) e Minist\u00e9rio da Integra\u00e7\u00e3o Nacional. \u00c9 professor de Geografia para o ensino m\u00e9dio na rede particular de ensino. Leciona as disciplinas de Atualidades, Conhecimentos Gerais, Geografia, Realidade Brasileira e Hist\u00f3ria, em cursos on line e presenciais preparat\u00f3rios para concursos p\u00fablicos.\",\"sameAs\":[\"https:\/\/www.facebook.com\/leandrosignoriatualidades\/\"],\"url\":\"https:\/\/www.estrategiaconcursos.com.br\/blog\/author\/leandroestrategiaconcursos-com-br\/\"}]}<\/script>\n<!-- \/ Yoast SEO Premium plugin. -->","yoast_head_json":{"title":"CLDF - T\u00c9CNICO LEGISLATIVO - RECURSOS","robots":{"index":"index","follow":"follow","max-snippet":"max-snippet:-1","max-image-preview":"max-image-preview:large","max-video-preview":"max-video-preview:-1"},"canonical":"https:\/\/www.estrategiaconcursos.com.br\/blog\/cldf-tecnico-legislativo-recursos\/","og_locale":"pt_BR","og_type":"article","og_title":"CLDF - T\u00c9CNICO LEGISLATIVO - RECURSOS","og_description":"Ol\u00e1 pessoal, Conforme escrevi no artigo do gabarito extraoficial da prova de T\u00e9cnico Legislativo da CLDF, h\u00e1 possibilidades de recursos nas seguintes quest\u00f5es: &nbsp; Sem dispor dos mesmos elementos de infraestrutura de Bras\u00edlia, as regi\u00f5es administrativas que se formaram nos arredores da capital federal, sem planejamento, s\u00e3o conhecidas como (A) cidades-sat\u00e9lites. (B) comunidades. (C) favelas. [&hellip;]","og_url":"https:\/\/www.estrategiaconcursos.com.br\/blog\/cldf-tecnico-legislativo-recursos\/","og_site_name":"Estrat\u00e9gia Concursos","article_author":"https:\/\/www.facebook.com\/leandrosignoriatualidades\/","article_published_time":"2018-09-24T23:55:20+00:00","article_modified_time":"2021-04-23T18:05:49+00:00","author":"Leandro Signori","twitter_card":"summary_large_image","twitter_creator":"@EstratConcursos","twitter_site":"@EstratConcursos","twitter_misc":{"Escrito por":"Leandro Signori","Est. tempo de leitura":"4 minutos"},"schema":{"@context":"https:\/\/schema.org","@graph":[{"@type":"NewsArticle","@id":"https:\/\/www.estrategiaconcursos.com.br\/blog\/cldf-tecnico-legislativo-recursos\/#article","isPartOf":{"@id":"https:\/\/www.estrategiaconcursos.com.br\/blog\/cldf-tecnico-legislativo-recursos\/"},"author":{"name":"Leandro Signori","@id":"https:\/\/www.estrategiaconcursos.com.br\/blog\/#\/schema\/person\/d2e7d78de4b9d6ba51cc24fd558a7f42"},"headline":"CLDF &#8211; T\u00c9CNICO LEGISLATIVO &#8211; RECURSOS","datePublished":"2018-09-24T23:55:20+00:00","dateModified":"2021-04-23T18:05:49+00:00","mainEntityOfPage":{"@id":"https:\/\/www.estrategiaconcursos.com.br\/blog\/cldf-tecnico-legislativo-recursos\/"},"wordCount":842,"commentCount":3,"publisher":{"@id":"https:\/\/www.estrategiaconcursos.com.br\/blog\/#organization"},"keywords":["Leandro Signori","Realidade do Distrito Federal"],"articleSection":["Legislativo"],"inLanguage":"pt-BR","potentialAction":[{"@type":"CommentAction","name":"Comment","target":["https:\/\/www.estrategiaconcursos.com.br\/blog\/cldf-tecnico-legislativo-recursos\/#respond"]}],"copyrightYear":"2018","copyrightHolder":{"@id":"https:\/\/www.estrategiaconcursos.com.br\/blog\/#organization"}},{"@type":"WebPage","@id":"https:\/\/www.estrategiaconcursos.com.br\/blog\/cldf-tecnico-legislativo-recursos\/","url":"https:\/\/www.estrategiaconcursos.com.br\/blog\/cldf-tecnico-legislativo-recursos\/","name":"CLDF - T\u00c9CNICO LEGISLATIVO - RECURSOS","isPartOf":{"@id":"https:\/\/www.estrategiaconcursos.com.br\/blog\/#website"},"datePublished":"2018-09-24T23:55:20+00:00","dateModified":"2021-04-23T18:05:49+00:00","breadcrumb":{"@id":"https:\/\/www.estrategiaconcursos.com.br\/blog\/cldf-tecnico-legislativo-recursos\/#breadcrumb"},"inLanguage":"pt-BR","potentialAction":[{"@type":"ReadAction","target":["https:\/\/www.estrategiaconcursos.com.br\/blog\/cldf-tecnico-legislativo-recursos\/"]}]},{"@type":"BreadcrumbList","@id":"https:\/\/www.estrategiaconcursos.com.br\/blog\/cldf-tecnico-legislativo-recursos\/#breadcrumb","itemListElement":[{"@type":"ListItem","position":1,"name":"In\u00edcio","item":"https:\/\/www.estrategiaconcursos.com.br\/blog\/"},{"@type":"ListItem","position":2,"name":"CLDF &#8211; T\u00c9CNICO LEGISLATIVO &#8211; RECURSOS"}]},{"@type":"WebSite","@id":"https:\/\/www.estrategiaconcursos.com.br\/blog\/#website","url":"https:\/\/www.estrategiaconcursos.com.br\/blog\/","name":"Estrat\u00e9gia Concursos","description":"O blog da Estrat\u00e9gia Concursos traz not\u00edcias sobre concursos e artigos de professores oferecendo cursos para concursos (pdf + videaulas) no site.","publisher":{"@id":"https:\/\/www.estrategiaconcursos.com.br\/blog\/#organization"},"potentialAction":[{"@type":"SearchAction","target":{"@type":"EntryPoint","urlTemplate":"https:\/\/www.estrategiaconcursos.com.br\/blog\/?s={search_term_string}"},"query-input":{"@type":"PropertyValueSpecification","valueRequired":true,"valueName":"search_term_string"}}],"inLanguage":"pt-BR"},{"@type":"Organization","@id":"https:\/\/www.estrategiaconcursos.com.br\/blog\/#organization","name":"Estrat\u00e9gia Concursos","url":"https:\/\/www.estrategiaconcursos.com.br\/blog\/","logo":{"@type":"ImageObject","inLanguage":"pt-BR","@id":"https:\/\/www.estrategiaconcursos.com.br\/blog\/#\/schema\/logo\/image\/","url":"https:\/\/dhg1h5j42swfq.cloudfront.net\/2025\/06\/03203428\/logo_concursos-1.jpg","contentUrl":"https:\/\/dhg1h5j42swfq.cloudfront.net\/2025\/06\/03203428\/logo_concursos-1.jpg","width":230,"height":60,"caption":"Estrat\u00e9gia Concursos"},"image":{"@id":"https:\/\/www.estrategiaconcursos.com.br\/blog\/#\/schema\/logo\/image\/"},"sameAs":["https:\/\/x.com\/EstratConcursos"]},{"@type":"Person","@id":"https:\/\/www.estrategiaconcursos.com.br\/blog\/#\/schema\/person\/d2e7d78de4b9d6ba51cc24fd558a7f42","name":"Leandro Signori","image":{"@type":"ImageObject","inLanguage":"pt-BR","@id":"https:\/\/secure.gravatar.com\/avatar\/aa2ef98e93764dcf1758f52d2792d4b3e4089ee25bc520608dde62ad802ae541?s=96&d=mm&r=g","url":"https:\/\/secure.gravatar.com\/avatar\/aa2ef98e93764dcf1758f52d2792d4b3e4089ee25bc520608dde62ad802ae541?s=96&d=mm&r=g","contentUrl":"https:\/\/secure.gravatar.com\/avatar\/aa2ef98e93764dcf1758f52d2792d4b3e4089ee25bc520608dde62ad802ae541?s=96&d=mm&r=g","caption":"Leandro Signori"},"description":"Licenciado em Geografia pela Universidade Federal do Rio Grande do Sul (UFRGS) e Bacharel em Geografia pela Uniceub (Bras\u00edlia). Como servidor p\u00fablico, foi funcion\u00e1rio da Prefeitura de S\u00e3o Leopoldo (RS), Prefeitura de Porto Alegre (RS), Companhia Riograndense de Saneamento (Corsan) e Minist\u00e9rio da Integra\u00e7\u00e3o Nacional. \u00c9 professor de Geografia para o ensino m\u00e9dio na rede particular de ensino. Leciona as disciplinas de Atualidades, Conhecimentos Gerais, Geografia, Realidade Brasileira e Hist\u00f3ria, em cursos on line e presenciais preparat\u00f3rios para concursos p\u00fablicos.","sameAs":["https:\/\/www.facebook.com\/leandrosignoriatualidades\/"],"url":"https:\/\/www.estrategiaconcursos.com.br\/blog\/author\/leandroestrategiaconcursos-com-br\/"}]}},"_links":{"self":[{"href":"https:\/\/www.estrategiaconcursos.com.br\/blog\/wp-json\/wp\/v2\/posts\/143018","targetHints":{"allow":["GET"]}}],"collection":[{"href":"https:\/\/www.estrategiaconcursos.com.br\/blog\/wp-json\/wp\/v2\/posts"}],"about":[{"href":"https:\/\/www.estrategiaconcursos.com.br\/blog\/wp-json\/wp\/v2\/types\/post"}],"author":[{"embeddable":true,"href":"https:\/\/www.estrategiaconcursos.com.br\/blog\/wp-json\/wp\/v2\/users\/306"}],"replies":[{"embeddable":true,"href":"https:\/\/www.estrategiaconcursos.com.br\/blog\/wp-json\/wp\/v2\/comments?post=143018"}],"version-history":[{"count":5,"href":"https:\/\/www.estrategiaconcursos.com.br\/blog\/wp-json\/wp\/v2\/posts\/143018\/revisions"}],"predecessor-version":[{"id":721883,"href":"https:\/\/www.estrategiaconcursos.com.br\/blog\/wp-json\/wp\/v2\/posts\/143018\/revisions\/721883"}],"wp:attachment":[{"href":"https:\/\/www.estrategiaconcursos.com.br\/blog\/wp-json\/wp\/v2\/media?parent=143018"}],"wp:term":[{"taxonomy":"category","embeddable":true,"href":"https:\/\/www.estrategiaconcursos.com.br\/blog\/wp-json\/wp\/v2\/categories?post=143018"},{"taxonomy":"post_tag","embeddable":true,"href":"https:\/\/www.estrategiaconcursos.com.br\/blog\/wp-json\/wp\/v2\/tags?post=143018"},{"taxonomy":"tax_estado","embeddable":true,"href":"https:\/\/www.estrategiaconcursos.com.br\/blog\/wp-json\/wp\/v2\/tax_estado?post=143018"}],"curies":[{"name":"wp","href":"https:\/\/api.w.org\/{rel}","templated":true}]}}