{"id":142911,"date":"2026-04-17T12:27:00","date_gmt":"2026-04-17T15:27:00","guid":{"rendered":"https:\/\/www.estrategiaconcursos.com.br\/blog\/?p=142911"},"modified":"2026-04-17T15:19:48","modified_gmt":"2026-04-17T18:19:48","slug":"concurso-sme-sp","status":"publish","type":"post","link":"https:\/\/www.estrategiaconcursos.com.br\/blog\/concurso-sme-sp\/","title":{"rendered":"Concurso SME SP: prefeitura vai aderir \u00e0 Prova Nacional Docente"},"content":{"rendered":"\n<p>A <a href=\"https:\/\/www.estrategiaconcursos.com.br\/pesquisa\/?q=sme+sp\" target=\"_blank\" rel=\"noreferrer noopener\">Secretaria Municipal de Educa\u00e7\u00e3o de S\u00e3o Paulo<\/a> ir\u00e1 aderir \u00e0 PND (<a href=\"https:\/\/www.estrategiaconcursos.com.br\/blog\/prova-nacional-docente\/\">Prova Nacional Docente<\/a>). A informa\u00e7\u00e3o foi dada pelo secret\u00e1rio Municipal de Educa\u00e7\u00e3o, Paulo Fernando P\u00e1dua.<\/p>\n\n\n\n<p>A <strong>Prova Nacional Docente<\/strong> (<a href=\"https:\/\/www.estrategiaconcursos.com.br\/cursosPorConcurso\/concurso-nacional-unificado-cnu\/\">PND<\/a>) \u00e9 uma das principais iniciativas do governo federal para a reposi\u00e7\u00e3o de vagas para docentes pelo pa\u00eds.<\/p>\n\n\n\n<p>O cronograma da primeira Prova Nacional Docente j\u00e1 foi disponibilizado e aplica\u00e7\u00e3o das provas ocorrer\u00e1 no m\u00eas de novembro, em todo o territ\u00f3rio nacional.<\/p>\n\n\n\n<ul style=\"background:linear-gradient(285deg,rgb(202,248,128) 0%,rgb(113,206,126) 100%)\" class=\"wp-block-list has-background\">\n<li><strong>Concurso SME SP 2025<\/strong><\/li>\n\n\n\n<li><strong>Status:<\/strong> previsto &#8211; ades\u00e3o \u00e0 PND<\/li>\n\n\n\n<li><strong>Banca:<\/strong> a definir<\/li>\n\n\n\n<li><strong>Vagas:<\/strong> a definir<\/li>\n\n\n\n<li><strong>Sal\u00e1rios:<\/strong> R$ 2.782,50 a R$ 4.420,55 (edital de 2023)<\/li>\n\n\n\n<li><strong>Edital 2023: <\/strong><a href=\"https:\/\/dhg1h5j42swfq.cloudfront.net\/2023\/11\/08082322\/edital-de-abertura-sme-sp-1.pdf\" target=\"_blank\" rel=\"noreferrer noopener nofollow\"><strong>SME SP 2023 &#8211; Professor e Auxiliar T\u00e9cnico<\/strong><\/a> \/ <strong><a href=\"https:\/\/dhg1h5j42swfq.cloudfront.net\/2023\/11\/08114814\/conteudo-programatico-concurso-sme-sp-1.pdf\" target=\"_blank\" rel=\"noreferrer noopener nofollow\">Conte\u00fado Program\u00e1tico<\/a><\/strong><\/li>\n<\/ul>\n\n\n\n<p>Confira maiores detalhes ao longo do artigo!<\/p>\n\n\n\n<div class=\"col-sm\">\n      <div class=\"banner-estrategia\" id=\"box-assinatura\">\n        <h3 class=\"titulo-assinatura\">Cursos para SME SP<\/h3>\n        <p class=\"subtitulo-assinatura\">Conhe\u00e7a os cursos<\/p>\n        <div class=\"box-botao\">\n          <a class=\"btn-assinatura\" target=\"_blank\" href=\"https:\/\/www.estrategiaconcursos.com.br\/cursosPorConcurso\/secretaria-municipal-de-educacao-de-sao-paulo-sme-sp\/\" role=\"button\" rel=\"noopener noreferrer\">Conhe\u00e7a mais<\/a>\n        <\/div>\n      <\/div>\n      <p class=\"texto-auxiliar\">Prepare-se com o melhor material e com quem mais aprova em Concursos P\u00fablicos em todo o pa\u00eds.<\/p>\n    <\/div>\n\n\n\n<p id=\"indice\">Neste artigo voc\u00ea encontrar\u00e1 todas as informa\u00e7\u00f5es sobre o edital do concurso, funcionamento das provas, remunera\u00e7\u00e3o, benef\u00edcios e progress\u00e3o na carreira. Confira:<\/p>\n\n\n\n<ul class=\"wp-block-list\">\n<li><strong><a href=\"#atual\">Situa\u00e7\u00e3o atual do concurso<\/a><\/strong><\/li>\n\n\n\n<li><a href=\"#h-ultimo-edital\"><strong>\u00daltimo edital 2023<\/strong><\/a><\/li>\n\n\n\n<li><a href=\"#cargos-vagas-professor-auxiliar\"><strong>Cargos e vagas<\/strong><\/a><\/li>\n\n\n\n<li><a href=\"#h-requisitos\"><strong>Requisitos<\/strong><\/a><\/li>\n\n\n\n<li><a href=\"#etapas-provas-professor-auxiliar\"><strong>Provas e etapas<\/strong><\/a>\n<ul class=\"wp-block-list\">\n<li><strong><a href=\"#objetiva\">Objetiva<\/a><\/strong><\/li>\n\n\n\n<li><strong><a href=\"#discursiva\">Discursiva<\/a><\/strong><\/li>\n\n\n\n<li><strong><a href=\"#titulos\">T\u00edtulos<\/a><\/strong><\/li>\n\n\n\n<li><a href=\"#resultados\"><strong>Resultados<\/strong><\/a><\/li>\n\n\n\n<li><a href=\"#demanda-de-candidatos\"><strong>Demanda de candidatos<\/strong><\/a><\/li>\n\n\n\n<li><a href=\"#reajuste\"><strong>Reajuste salarial <\/strong><\/a><\/li>\n<\/ul>\n<\/li>\n\n\n\n<li><a href=\"#vade-mecum-concurso-sme-sp\"><strong>Vade-M\u00e9cum<\/strong> <strong>Estrat\u00e9gico<\/strong><\/a><\/li>\n\n\n\n<li><strong><a href=\"#cursos-assinatura\">Cursos e Assinaturas<\/a><\/strong><\/li>\n\n\n\n<li><strong><a href=\"#ficha-tecnica\">Ficha t\u00e9cnica<\/a><\/strong><\/li>\n<\/ul>\n\n\n\n<h2 class=\"wp-block-heading\" id=\"atual\">Concurso SME SP: situa\u00e7\u00e3o atual<\/h2>\n\n\n\n<p>A <a href=\"https:\/\/www.estrategiaconcursos.com.br\/pesquisa\/?q=sme+sp\" target=\"_blank\" rel=\"noreferrer noopener\">Secretaria Municipal de Educa\u00e7\u00e3o de S\u00e3o Paulo<\/a> ir\u00e1 aderir \u00e0 PND (Prova Nacional Docente). A informa\u00e7\u00e3o foi dada pelo secret\u00e1rio Municipal de Educa\u00e7\u00e3o, Paulo Fernando P\u00e1dua.<\/p>\n\n\n\n<p>A <strong>Prova Nacional Docente<\/strong> (<a href=\"https:\/\/www.estrategiaconcursos.com.br\/cursosPorConcurso\/concurso-nacional-unificado-cnu\/\">PND<\/a>) \u00e9 uma das principais iniciativas do governo federal para a reposi\u00e7\u00e3o de vagas para docentes pelo pa\u00eds.<\/p>\n\n\n\n<h2 class=\"wp-block-heading\" id=\"h-ultimo-concurso-sme-sp-2023\">\u00daltimo concurso SME SP 2023 <\/h2>\n\n\n\n<p>O edital ofertou <strong>924 vagas<\/strong>, sendo 358 para Professor de Educa\u00e7\u00e3o Infantil &#8211; n\u00edvel superior e 566 para Auxiliar T\u00e9cnico de Educa\u00e7\u00e3o &#8211; n\u00edvel m\u00e9dio. <a href=\"https:\/\/www.estrategiaconcursos.com.br\/blog\/concurso-sme-sp-2026-convocacao-aprovados-auxiliares\/\" target=\"_blank\" rel=\"noreferrer noopener\">E as covoca\u00e7\u00f5es foram iniciadas! <\/a><\/p>\n\n\n\n<p>Os sal\u00e1rio iniciais ofertados variaram de <strong>R$ 2.782,50 a R$ 4.420,55.<\/strong> O edital esteve sob responsabilidade da banca <a href=\"https:\/\/www.vunesp.com.br\/PMSE2303\" target=\"_blank\" rel=\"noreferrer noopener\">Vunesp<\/a>.<\/p>\n\n\n\n<h3 class=\"wp-block-heading\" id=\"cargos-vagas-professor-auxiliar\">Cargos e vagas<\/h3>\n\n\n\n<figure class=\"wp-block-table is-style-stripes\"><table class=\"has-very-light-gray-to-cyan-bluish-gray-gradient-background has-background has-fixed-layout\"><thead><tr><th class=\"has-text-align-center\" data-align=\"center\">CARGOS<\/th><th class=\"has-text-align-center\" data-align=\"center\">VAGAS<\/th><th class=\"has-text-align-center\" data-align=\"center\">SAL\u00c1RIO<\/th><\/tr><\/thead><tbody><tr><td class=\"has-text-align-center\" data-align=\"center\"> Professor de Educa\u00e7\u00e3o Infantil<\/td><td class=\"has-text-align-center\" data-align=\"center\">358<\/td><td class=\"has-text-align-center\" data-align=\"center\">R$ 4.420,55<\/td><\/tr><tr><td class=\"has-text-align-center\" data-align=\"center\">Auxiliar T\u00e9cnico de Educa\u00e7\u00e3o<\/td><td class=\"has-text-align-center\" data-align=\"center\">566<\/td><td class=\"has-text-align-center\" data-align=\"center\">R$ 2.782,50<\/td><\/tr><\/tbody><\/table><figcaption class=\"wp-element-caption\">Cargos, vagas e sal\u00e1rios.<\/figcaption><\/figure>\n\n\n\n<h3 class=\"wp-block-heading\" id=\"h-requisitos\">Requisitos<\/h3>\n\n\n\n<ul class=\"wp-block-list\">\n<li><strong>Professor de Educa\u00e7\u00e3o Infantil:<\/strong> Diploma de Curso Superior expedido por Entidade Oficial ou oficializada ou Certificado de Conclus\u00e3o de Curso, todos acompanhados do respectivo Hist\u00f3rico Escolar (com data de Cola\u00e7\u00e3o de Grau), comprovando habilita\u00e7\u00e3o espec\u00edfica para o Magist\u00e9rio, correspondente ao Ensino M\u00e9dio ou Licenciatura Plena em Pedagogia;<\/li>\n\n\n\n<li><strong>Auxiliar T\u00e9cnico de Educa\u00e7\u00e3o<\/strong>: apresentar Certificado de Conclus\u00e3o do Ensino M\u00e9dio ou Diploma e\/ou Certificado de Curso T\u00e9cnico\/Profissionalizante ou equivalente, acompanhado de Hist\u00f3rico Escolar, expedido por Institui\u00e7\u00e3o de Ensino reconhecida pelo Minist\u00e9rio da Educa\u00e7\u00e3o.<\/li>\n<\/ul>\n\n\n\n<h3 class=\"wp-block-heading\" id=\"etapas-provas-professor-auxiliar\">Etapas e provas<\/h3>\n\n\n\n<p>Os candidatos ser\u00e3o avaliados pelas seguintes etapas:<\/p>\n\n\n\n<ul class=\"wp-block-list\">\n<li>Provas objetivas, de car\u00e1ter eliminat\u00f3rio e classificat\u00f3rio;<\/li>\n\n\n\n<li>Provas discursivas, de car\u00e1ter eliminat\u00f3rio e classificat\u00f3rio;<\/li>\n\n\n\n<li>Avalia\u00e7\u00e3o de t\u00edtulos, de car\u00e1ter classificat\u00f3rio.<\/li>\n<\/ul>\n\n\n\n<p>A prova objetiva teve dura\u00e7\u00e3o de 4 (quatro) horas e a prova discursiva teve dura\u00e7\u00e3o de 3h30min.<\/p>\n\n\n\n<h4 class=\"wp-block-heading\" id=\"objetiva\">Provas Objetivas<\/h4>\n\n\n\n<p>As provas objetivas ser\u00e3o compostas de quest\u00f5es de m\u00faltipla escolha com 5 alternativas, sendo apenas uma alternativa correta.<\/p>\n\n\n\n<p>A etapa abranger\u00e1 as seguintes disciplinas:<\/p>\n\n\n\n<ul class=\"wp-block-list\">\n<li>Conhecimentos gerais:\n<ul class=\"wp-block-list\">\n<li>L\u00edngua Portuguesa;<\/li>\n\n\n\n<li>Matem\u00e1tica;<\/li>\n\n\n\n<li>No\u00e7\u00f5es de Tecnologia;<\/li>\n<\/ul>\n<\/li>\n\n\n\n<li>Conhecimentos espec\u00edficos:\n<ul class=\"wp-block-list\">\n<li>Legisla\u00e7\u00f5es e Publica\u00e7\u00f5es Federais;<\/li>\n\n\n\n<li>Legisla\u00e7\u00f5es e Publica\u00e7\u00f5es Municipais.<\/li>\n<\/ul>\n<\/li>\n<\/ul>\n\n\n\n<h4 class=\"wp-block-heading\" id=\"discursiva\">Prova Discursiva<\/h4>\n\n\n\n<p>A prova discursiva visou avaliar os conhecimentos necess\u00e1rios ao desempenho pleno das atribui\u00e7\u00f5es do candidato ao respectivo cargo, al\u00e9m de considerar sua capacidade de leitura, de interpreta\u00e7\u00e3o e de escrita, na forma culta da l\u00edngua portuguesa.<\/p>\n\n\n\n<p>A etapa discursiva foi composta de 3 (tr\u00eas) quest\u00f5es, sendo uma no formato de estudo de caso.<\/p>\n\n\n\n<h4 class=\"wp-block-heading\" id=\"titulos\">Avalia\u00e7\u00e3o de T\u00edtulos<\/h4>\n\n\n\n<p>Foram avaliados os t\u00edtulos somente dos candidatos habilitados na prova discursiva. <\/p>\n\n\n\n<h3 class=\"wp-block-heading\" id=\"resultados\">Resultados<\/h3>\n\n\n\n<ul class=\"wp-block-list\">\n<li><a href=\"https:\/\/dhg1h5j42swfq.cloudfront.net\/2023\/03\/28080134\/anexo_smesp___ei_e_efi___resultado_definitivo_objetiva_anexo_unico-1.pdf\" target=\"_blank\" rel=\"noreferrer noopener nofollow\">Resultado definitivo Professor Educa\u00e7\u00e3o Infantil e Fundamental<\/a>;<\/li>\n\n\n\n<li><a href=\"https:\/\/dhg1h5j42swfq.cloudfront.net\/2023\/03\/28080234\/anexo_smesp___efii_e_em___resultado_definitivo_objetiva_anexo_unico.pdf\" target=\"_blank\" rel=\"noreferrer noopener nofollow\">Resultado definitivo Professor Fundamental II e M\u00e9dio<\/a>.<\/li>\n<\/ul>\n\n\n\n<h3 class=\"wp-block-heading\" id=\"demanda-de-candidatos\">Demanda de candidatos por vaga<\/h3>\n\n\n\n<p>A Funda\u00e7\u00e3o Get\u00falio Vargas (FGV) divulgou a demanda de candidatos por vaga do concurso <strong>SME SP<\/strong>. No total, foram registradas 152.044 inscri\u00e7\u00f5es.<\/p>\n\n\n\n<p>De acordo com a demanda, a maior concorr\u00eancia registrada no concurso SME SP foi para o cargo de Professor de Ensino Fundamental II e M\u00e9dio \u2013 Filosofia, com 142,5 candidatos por vaga.<\/p>\n\n\n\n<p>Por\u00e9m, o maior n\u00famero de inscri\u00e7\u00f5es foi para o cargo de Professor de Educa\u00e7\u00e3o Infantil e Ensino Fundamental I, com 96.807 candidaturas. Confira os detalhes <a href=\"https:\/\/www.estrategiaconcursos.com.br\/blog\/concurso-sme-sp-demanda\/\" target=\"_blank\" rel=\"noreferrer noopener\">AQUI<\/a>!<\/p>\n\n\n\n<h3 class=\"wp-block-heading\">Reajuste salarial <\/h3>\n\n\n\n<p>A C\u00e2mara Municipal de S\u00e3o Paulo aprovou no dia 16 de agosto de 2024 o aumento do piso salarial inicial do professor da Rede Municipal&nbsp;de&nbsp;<strong>R$3.832,37 para R$5.050<\/strong>,<strong>00<\/strong>. O reajuste tamb\u00e9m foi garantido nos pisos salariais iniciais para todas as categorias da Secretaria de&nbsp;Educa\u00e7\u00e3o.<\/p>\n\n\n\n<p>O aumento est\u00e1 previsto no projeto de Lei 428\/2022, de autoria da Prefeitura e aprovado pela C\u00e2mara Municipal.&nbsp;Cerca de 126 mil servidores ativos e aposentados da SME SP ser\u00e3o beneficiados, al\u00e9m dos aprovados no novo concurso p\u00fablico.&nbsp;<\/p>\n\n\n\n<h2 class=\"wp-block-heading\" id=\"vade-mecum-concurso-sme-sp\">VADE-M\u00c9CUM concurso SME SP<\/h2>\n\n\n\n<p>O Estrat\u00e9gia Concursos organizou um material de consulta que servir\u00e1 como guia durante a sua jornada de estudos.<\/p>\n\n\n\n<p>Em nome de nossa equipe de professores especialistas, gostaria de lhe apresentar o&nbsp;<strong>Vade-M\u00e9cum&nbsp;Estrat\u00e9gico<\/strong>&nbsp;para a Secretaria Municipal de Educa\u00e7\u00e3o de S\u00e3o Paulo (SME SP),&nbsp;que foi preparado com muito cuidado para auxili\u00e1-lo nesse&nbsp;<strong>caminho rumo \u00e0 aprova\u00e7\u00e3o<\/strong>.<\/p>\n\n\n\n<p>Vale lembrar que o&nbsp;<strong><em>Vade-M\u00e9cum<\/em><\/strong>&nbsp;<strong><em>Estrat\u00e9gico<\/em><\/strong>&nbsp;\u00e9 uma compila\u00e7\u00e3o das principais normas e leis do seu concurso. Queremos que ele seja um material de consulta, a ser utilizado em toda a sua prepara\u00e7\u00e3o.<\/p>\n\n\n\n<p>Pretendemos que ele seja o seu companheiro sempre que voc\u00ea estiver assistindo nossas videoaulas ou lendo os nossos livros digitais (PDFs). <\/p>\n\n\n\n<p><em><strong>Acesse o conte\u00fado de forma gratuita clicando no link abaixo!<\/strong><\/em><\/p>\n\n\n\n<ul class=\"wp-block-list\">\n<li><a href=\"https:\/\/dhg1h5j42swfq.cloudfront.net\/2022\/09\/22202157\/vm-prefeitura-sp-professor-de-educacao-infantil-e-ensino-fundamental-i.pdf\" target=\"_blank\" rel=\"noreferrer noopener nofollow\"><strong>Vade-M\u00e9cum concurso SME SP<\/strong><\/a><\/li>\n<\/ul>\n\n\n\n<h2 class=\"wp-block-heading has-text-align-center\" id=\"h-quer-saber-tudo-sobre-concursos-previstos-confira-nossos-artigos\">Quer saber tudo sobre concursos previstos?<br \/>Confira  nossos artigos!<\/h2>\n\n\n\n<ul class=\"wp-block-list\">\n<li><a href=\"https:\/\/www.estrategiaconcursos.com.br\/blog\/concursos-abertos\/\" target=\"_blank\" rel=\"noreferrer noopener\">Concursos abertos<\/a><\/li>\n\n\n\n<li><a href=\"https:\/\/www.estrategiaconcursos.com.br\/blog\/concursos-educacao\/\">Concursos educa\u00e7\u00e3o<\/a><\/li>\n<\/ul>\n\n\n\n<h2 class=\"wp-block-heading has-text-align-center\" id=\"cursos-assinatura\">Quer estudar para o concurso SME SP?<\/h2>\n\n\n\n<p class=\"has-text-align-center\"><em>Gostou desta oportunidade e deseja se preparar? Ent\u00e3o, confira abaixo nosso curso exclusivo para este concurso e inicie seus estudos agora mesmo:<\/em><\/p>\n\n\n\n<div class=\"col-sm\">\n      <div class=\"banner-estrategia\" id=\"box-assinatura\">\n        <h3 class=\"titulo-assinatura\">Cursos para SME SP<\/h3>\n        <p class=\"subtitulo-assinatura\">Conhe\u00e7a os cursos<\/p>\n        <div class=\"box-botao\">\n          <a class=\"btn-assinatura\" target=\"_blank\" href=\"https:\/\/www.estrategiaconcursos.com.br\/cursosPorConcurso\/secretaria-municipal-de-educacao-de-sao-paulo-sme-sp\/\" role=\"button\" rel=\"noopener noreferrer\">Conhe\u00e7a mais<\/a>\n        <\/div>\n      <\/div>\n      <p class=\"texto-auxiliar\">Prepare-se com o melhor material e com quem mais aprova em Concursos P\u00fablicos em todo o pa\u00eds.<\/p>\n    <\/div>\n\n\n\n<div class=\"container\" id=\"boxes\">\n  <div class=\"row\">\n\n    <div class=\"col-sm\">\n      <div class=\"estrategia\" id=\"box-assinatura\">\n        <h3 class=\"titulo-assinatura\">Assinatura Concursos<\/h3>\n        <p class=\"subtitulo-assinatura\">Assinatura de 1 ano ou 2 anos<\/p>\n        <div class=\"box-botao\">\n          <a class=\"btn-assinatura\" target=\"_blank\" href=\"https:\/\/www.estrategiaconcursos.com.br\/assinaturas\/\" role=\"button\" rel=\"noopener noreferrer\">ASSINE AGORA<\/a>\n        <\/div>\n      <\/div><\/div><\/div><\/div>\n\n\n\n<figure class=\"wp-block-image size-large is-resized alignnone wp-image-68542 size-full\"><img loading=\"lazy\" decoding=\"async\" width=\"1024\" height=\"632\" src=\"https:\/\/dhg1h5j42swfq.cloudfront.net\/2021\/05\/10091004\/ficha-tecnica-21-1024x632.png\" alt=\"SME SP\" class=\"wp-image-735725\" style=\"width:232px;height:143px\" srcset=\"https:\/\/dhg1h5j42swfq.cloudfront.net\/2021\/05\/10091004\/ficha-tecnica-21-1024x632.png 1024w, https:\/\/dhg1h5j42swfq.cloudfront.net\/2021\/05\/10091004\/ficha-tecnica-21-300x185.png 300w, https:\/\/dhg1h5j42swfq.cloudfront.net\/2021\/05\/10091004\/ficha-tecnica-21-768x474.png 768w, https:\/\/dhg1h5j42swfq.cloudfront.net\/2021\/05\/10091004\/ficha-tecnica-21-1536x948.png 1536w, https:\/\/dhg1h5j42swfq.cloudfront.net\/2021\/05\/10091004\/ficha-tecnica-21-610x377.png 610w, https:\/\/dhg1h5j42swfq.cloudfront.net\/2021\/05\/10091004\/ficha-tecnica-21.png 1571w\" sizes=\"auto, (max-width: 1024px) 100vw, 1024px\" \/><\/figure>\n\n\n\n<h3 class=\"wp-block-heading\" id=\"ficha-tecnica\">Informa\u00e7\u00f5es do<strong> <\/strong>\u00faltimo concurso SME SP<\/h3>\n\n\n\n<ul class=\"wp-block-list\">\n<li><strong>Provas<\/strong>: <s>14 de janeiro de 2024<\/s><\/li>\n\n\n\n<li><strong>Vagas<\/strong>: 924<\/li>\n\n\n\n<li><strong>Cargos<\/strong>: professor e auxiliar t\u00e9cnico<\/li>\n\n\n\n<li><strong>Banca<\/strong>: Funda\u00e7\u00e3o Vunesp<\/li>\n\n\n\n<li><strong>Escolaridade<\/strong>: superior <\/li>\n\n\n\n<li><strong>Edital<\/strong>: <a href=\"https:\/\/dhg1h5j42swfq.cloudfront.net\/2023\/11\/08082322\/edital-de-abertura-sme-sp-1.pdf\" target=\"_blank\" rel=\"noreferrer noopener nofollow\"><strong>SME SP 2023 &#8211; Professor e Auxiliar T\u00e9cnico<\/strong><\/a><\/li>\n<\/ul>\n","protected":false},"excerpt":{"rendered":"<p>A Secretaria Municipal de Educa\u00e7\u00e3o de S\u00e3o Paulo ir\u00e1 aderir \u00e0 PND (Prova Nacional Docente). A informa\u00e7\u00e3o foi dada pelo secret\u00e1rio Municipal de Educa\u00e7\u00e3o, Paulo Fernando P\u00e1dua. A Prova Nacional Docente (PND) \u00e9 uma das principais iniciativas do governo federal para a reposi\u00e7\u00e3o de vagas para docentes pelo pa\u00eds. O cronograma da primeira Prova Nacional [&hellip;]<\/p>\n","protected":false},"author":1,"featured_media":383087,"comment_status":"open","ping_status":"closed","sticky":false,"template":"","format":"standard","meta":{"post_tipo":"news_page","footnotes":""},"categories":[3766,220219],"tags":[33862,33863],"tax_estado":[219989],"class_list":["post-142911","post","type-post","status-publish","format-standard","has-post-thumbnail","hentry","category-educacional","category-noticias","tag-concurso-prefeitura-de-sao-paulo","tag-concurso-sme-sp","tax_estado-sp"],"acf":[],"yoast_head":"<!-- This site is optimized with the Yoast SEO Premium plugin v27.2 (Yoast SEO v27.2) - https:\/\/yoast.com\/product\/yoast-seo-premium-wordpress\/ -->\n<title>Concurso SME SP: prefeitura vai aderir \u00e0 Prova Nacional Docente<\/title>\n<meta name=\"description\" content=\"Concurso SME SP: secret\u00e1rio afirma que prefeitura ir\u00e1 aderir a PND! \u00daltimo edital ofertou 924 vagas para Professor e Auxiliar T\u00e9cnico.\" \/>\n<meta name=\"robots\" content=\"index, follow, max-snippet:-1, max-image-preview:large, max-video-preview:-1\" \/>\n<link rel=\"canonical\" href=\"https:\/\/www.estrategiaconcursos.com.br\/blog\/concurso-sme-sp\/\" \/>\n<meta property=\"og:locale\" content=\"pt_BR\" \/>\n<meta property=\"og:type\" content=\"article\" \/>\n<meta property=\"og:title\" content=\"Concurso SME SP: prefeitura vai aderir \u00e0 Prova Nacional Docente\" \/>\n<meta property=\"og:description\" content=\"Concurso SME SP: secret\u00e1rio afirma que prefeitura ir\u00e1 aderir a PND! \u00daltimo edital ofertou 924 vagas para Professor e Auxiliar T\u00e9cnico.\" \/>\n<meta property=\"og:url\" content=\"https:\/\/www.estrategiaconcursos.com.br\/blog\/concurso-sme-sp\/\" \/>\n<meta property=\"og:site_name\" content=\"Estrat\u00e9gia Concursos\" \/>\n<meta property=\"article:author\" content=\"https:\/\/www.facebook.com\/EstrategiaConcursos\" \/>\n<meta property=\"article:published_time\" content=\"2026-04-17T15:27:00+00:00\" \/>\n<meta property=\"article:modified_time\" content=\"2026-04-17T18:19:48+00:00\" \/>\n<meta property=\"og:image\" content=\"https:\/\/dhg1h5j42swfq.cloudfront.net\/2019\/06\/04141346\/SME-SP.jpg\" \/>\n\t<meta property=\"og:image:width\" content=\"1200\" \/>\n\t<meta property=\"og:image:height\" content=\"628\" \/>\n\t<meta property=\"og:image:type\" content=\"image\/jpeg\" \/>\n<meta name=\"author\" content=\"Coordena\u00e7\u00e3o\" \/>\n<meta name=\"twitter:card\" content=\"summary_large_image\" \/>\n<meta name=\"twitter:creator\" content=\"@EstratConcursos\" \/>\n<meta name=\"twitter:site\" content=\"@EstratConcursos\" \/>\n<meta name=\"twitter:label1\" content=\"Escrito por\" \/>\n\t<meta name=\"twitter:data1\" content=\"Coordena\u00e7\u00e3o\" \/>\n\t<meta name=\"twitter:label2\" content=\"Est. tempo de leitura\" \/>\n\t<meta name=\"twitter:data2\" content=\"13 minutos\" \/>\n<script type=\"application\/ld+json\" class=\"yoast-schema-graph\">{\"@context\":\"https:\/\/schema.org\",\"@graph\":[{\"@type\":\"NewsArticle\",\"@id\":\"https:\/\/www.estrategiaconcursos.com.br\/blog\/concurso-sme-sp\/#article\",\"isPartOf\":{\"@id\":\"https:\/\/www.estrategiaconcursos.com.br\/blog\/concurso-sme-sp\/\"},\"author\":{\"name\":\"Coordena\u00e7\u00e3o\",\"@id\":\"https:\/\/www.estrategiaconcursos.com.br\/blog\/#\/schema\/person\/b4a388c97673c5f483d72185668afa1f\"},\"headline\":\"Concurso SME SP: prefeitura vai aderir \u00e0 Prova Nacional Docente\",\"datePublished\":\"2026-04-17T15:27:00+00:00\",\"dateModified\":\"2026-04-17T18:19:48+00:00\",\"mainEntityOfPage\":{\"@id\":\"https:\/\/www.estrategiaconcursos.com.br\/blog\/concurso-sme-sp\/\"},\"wordCount\":1125,\"commentCount\":5,\"publisher\":{\"@id\":\"https:\/\/www.estrategiaconcursos.com.br\/blog\/#organization\"},\"image\":{\"@id\":\"https:\/\/www.estrategiaconcursos.com.br\/blog\/concurso-sme-sp\/#primaryimage\"},\"thumbnailUrl\":\"https:\/\/dhg1h5j42swfq.cloudfront.net\/2019\/06\/04141346\/SME-SP.jpg\",\"keywords\":[\"Concurso Prefeitura de S\u00e3o Paulo\",\"Concurso SME SP\"],\"articleSection\":[\"Educa\u00e7\u00e3o\",\"\u00daltimas not\u00edcias\"],\"inLanguage\":\"pt-BR\",\"potentialAction\":[{\"@type\":\"CommentAction\",\"name\":\"Comment\",\"target\":[\"https:\/\/www.estrategiaconcursos.com.br\/blog\/concurso-sme-sp\/#respond\"]}],\"copyrightYear\":\"2026\",\"copyrightHolder\":{\"@id\":\"https:\/\/www.estrategiaconcursos.com.br\/blog\/#organization\"}},{\"@type\":\"WebPage\",\"@id\":\"https:\/\/www.estrategiaconcursos.com.br\/blog\/concurso-sme-sp\/\",\"url\":\"https:\/\/www.estrategiaconcursos.com.br\/blog\/concurso-sme-sp\/\",\"name\":\"Concurso SME SP: prefeitura vai aderir \u00e0 Prova Nacional Docente\",\"isPartOf\":{\"@id\":\"https:\/\/www.estrategiaconcursos.com.br\/blog\/#website\"},\"primaryImageOfPage\":{\"@id\":\"https:\/\/www.estrategiaconcursos.com.br\/blog\/concurso-sme-sp\/#primaryimage\"},\"image\":{\"@id\":\"https:\/\/www.estrategiaconcursos.com.br\/blog\/concurso-sme-sp\/#primaryimage\"},\"thumbnailUrl\":\"https:\/\/dhg1h5j42swfq.cloudfront.net\/2019\/06\/04141346\/SME-SP.jpg\",\"datePublished\":\"2026-04-17T15:27:00+00:00\",\"dateModified\":\"2026-04-17T18:19:48+00:00\",\"description\":\"Concurso SME SP: secret\u00e1rio afirma que prefeitura ir\u00e1 aderir a PND! \u00daltimo edital ofertou 924 vagas para Professor e Auxiliar T\u00e9cnico.\",\"breadcrumb\":{\"@id\":\"https:\/\/www.estrategiaconcursos.com.br\/blog\/concurso-sme-sp\/#breadcrumb\"},\"inLanguage\":\"pt-BR\",\"potentialAction\":[{\"@type\":\"ReadAction\",\"target\":[\"https:\/\/www.estrategiaconcursos.com.br\/blog\/concurso-sme-sp\/\"]}]},{\"@type\":\"ImageObject\",\"inLanguage\":\"pt-BR\",\"@id\":\"https:\/\/www.estrategiaconcursos.com.br\/blog\/concurso-sme-sp\/#primaryimage\",\"url\":\"https:\/\/dhg1h5j42swfq.cloudfront.net\/2019\/06\/04141346\/SME-SP.jpg\",\"contentUrl\":\"https:\/\/dhg1h5j42swfq.cloudfront.net\/2019\/06\/04141346\/SME-SP.jpg\",\"width\":1200,\"height\":628,\"caption\":\"concurso sme sp\"},{\"@type\":\"BreadcrumbList\",\"@id\":\"https:\/\/www.estrategiaconcursos.com.br\/blog\/concurso-sme-sp\/#breadcrumb\",\"itemListElement\":[{\"@type\":\"ListItem\",\"position\":1,\"name\":\"In\u00edcio\",\"item\":\"https:\/\/www.estrategiaconcursos.com.br\/blog\/\"},{\"@type\":\"ListItem\",\"position\":2,\"name\":\"Concurso SME SP: prefeitura vai aderir \u00e0 Prova Nacional Docente\"}]},{\"@type\":\"WebSite\",\"@id\":\"https:\/\/www.estrategiaconcursos.com.br\/blog\/#website\",\"url\":\"https:\/\/www.estrategiaconcursos.com.br\/blog\/\",\"name\":\"Estrat\u00e9gia Concursos\",\"description\":\"O blog da Estrat\u00e9gia Concursos traz not\u00edcias sobre concursos e artigos de professores oferecendo cursos para concursos (pdf + videaulas) no site.\",\"publisher\":{\"@id\":\"https:\/\/www.estrategiaconcursos.com.br\/blog\/#organization\"},\"potentialAction\":[{\"@type\":\"SearchAction\",\"target\":{\"@type\":\"EntryPoint\",\"urlTemplate\":\"https:\/\/www.estrategiaconcursos.com.br\/blog\/?s={search_term_string}\"},\"query-input\":{\"@type\":\"PropertyValueSpecification\",\"valueRequired\":true,\"valueName\":\"search_term_string\"}}],\"inLanguage\":\"pt-BR\"},{\"@type\":\"Organization\",\"@id\":\"https:\/\/www.estrategiaconcursos.com.br\/blog\/#organization\",\"name\":\"Estrat\u00e9gia Concursos\",\"url\":\"https:\/\/www.estrategiaconcursos.com.br\/blog\/\",\"logo\":{\"@type\":\"ImageObject\",\"inLanguage\":\"pt-BR\",\"@id\":\"https:\/\/www.estrategiaconcursos.com.br\/blog\/#\/schema\/logo\/image\/\",\"url\":\"https:\/\/dhg1h5j42swfq.cloudfront.net\/2025\/06\/03203428\/logo_concursos-1.jpg\",\"contentUrl\":\"https:\/\/dhg1h5j42swfq.cloudfront.net\/2025\/06\/03203428\/logo_concursos-1.jpg\",\"width\":230,\"height\":60,\"caption\":\"Estrat\u00e9gia Concursos\"},\"image\":{\"@id\":\"https:\/\/www.estrategiaconcursos.com.br\/blog\/#\/schema\/logo\/image\/\"},\"sameAs\":[\"https:\/\/x.com\/EstratConcursos\"]},{\"@type\":\"Person\",\"@id\":\"https:\/\/www.estrategiaconcursos.com.br\/blog\/#\/schema\/person\/b4a388c97673c5f483d72185668afa1f\",\"name\":\"Coordena\u00e7\u00e3o\",\"image\":{\"@type\":\"ImageObject\",\"inLanguage\":\"pt-BR\",\"@id\":\"https:\/\/secure.gravatar.com\/avatar\/b720319e4c9a967eb58678d110f4fe35452fc5d5f97b202bac7b8acceb18c6ad?s=96&d=mm&r=g\",\"url\":\"https:\/\/secure.gravatar.com\/avatar\/b720319e4c9a967eb58678d110f4fe35452fc5d5f97b202bac7b8acceb18c6ad?s=96&d=mm&r=g\",\"contentUrl\":\"https:\/\/secure.gravatar.com\/avatar\/b720319e4c9a967eb58678d110f4fe35452fc5d5f97b202bac7b8acceb18c6ad?s=96&d=mm&r=g\",\"caption\":\"Coordena\u00e7\u00e3o\"},\"sameAs\":[\"https:\/\/www.facebook.com\/EstrategiaConcursos\",\"https:\/\/x.com\/EstratConcursos\"],\"url\":\"https:\/\/www.estrategiaconcursos.com.br\/blog\/author\/estrategia2013\/\"}]}<\/script>\n<!-- \/ Yoast SEO Premium plugin. -->","yoast_head_json":{"title":"Concurso SME SP: prefeitura vai aderir \u00e0 Prova Nacional Docente","description":"Concurso SME SP: secret\u00e1rio afirma que prefeitura ir\u00e1 aderir a PND! \u00daltimo edital ofertou 924 vagas para Professor e Auxiliar T\u00e9cnico.","robots":{"index":"index","follow":"follow","max-snippet":"max-snippet:-1","max-image-preview":"max-image-preview:large","max-video-preview":"max-video-preview:-1"},"canonical":"https:\/\/www.estrategiaconcursos.com.br\/blog\/concurso-sme-sp\/","og_locale":"pt_BR","og_type":"article","og_title":"Concurso SME SP: prefeitura vai aderir \u00e0 Prova Nacional Docente","og_description":"Concurso SME SP: secret\u00e1rio afirma que prefeitura ir\u00e1 aderir a PND! \u00daltimo edital ofertou 924 vagas para Professor e Auxiliar T\u00e9cnico.","og_url":"https:\/\/www.estrategiaconcursos.com.br\/blog\/concurso-sme-sp\/","og_site_name":"Estrat\u00e9gia Concursos","article_author":"https:\/\/www.facebook.com\/EstrategiaConcursos","article_published_time":"2026-04-17T15:27:00+00:00","article_modified_time":"2026-04-17T18:19:48+00:00","og_image":[{"width":1200,"height":628,"url":"https:\/\/dhg1h5j42swfq.cloudfront.net\/2019\/06\/04141346\/SME-SP.jpg","type":"image\/jpeg"}],"author":"Coordena\u00e7\u00e3o","twitter_card":"summary_large_image","twitter_creator":"@EstratConcursos","twitter_site":"@EstratConcursos","twitter_misc":{"Escrito por":"Coordena\u00e7\u00e3o","Est. tempo de leitura":"13 minutos"},"schema":{"@context":"https:\/\/schema.org","@graph":[{"@type":"NewsArticle","@id":"https:\/\/www.estrategiaconcursos.com.br\/blog\/concurso-sme-sp\/#article","isPartOf":{"@id":"https:\/\/www.estrategiaconcursos.com.br\/blog\/concurso-sme-sp\/"},"author":{"name":"Coordena\u00e7\u00e3o","@id":"https:\/\/www.estrategiaconcursos.com.br\/blog\/#\/schema\/person\/b4a388c97673c5f483d72185668afa1f"},"headline":"Concurso SME SP: prefeitura vai aderir \u00e0 Prova Nacional Docente","datePublished":"2026-04-17T15:27:00+00:00","dateModified":"2026-04-17T18:19:48+00:00","mainEntityOfPage":{"@id":"https:\/\/www.estrategiaconcursos.com.br\/blog\/concurso-sme-sp\/"},"wordCount":1125,"commentCount":5,"publisher":{"@id":"https:\/\/www.estrategiaconcursos.com.br\/blog\/#organization"},"image":{"@id":"https:\/\/www.estrategiaconcursos.com.br\/blog\/concurso-sme-sp\/#primaryimage"},"thumbnailUrl":"https:\/\/dhg1h5j42swfq.cloudfront.net\/2019\/06\/04141346\/SME-SP.jpg","keywords":["Concurso Prefeitura de S\u00e3o Paulo","Concurso SME SP"],"articleSection":["Educa\u00e7\u00e3o","\u00daltimas not\u00edcias"],"inLanguage":"pt-BR","potentialAction":[{"@type":"CommentAction","name":"Comment","target":["https:\/\/www.estrategiaconcursos.com.br\/blog\/concurso-sme-sp\/#respond"]}],"copyrightYear":"2026","copyrightHolder":{"@id":"https:\/\/www.estrategiaconcursos.com.br\/blog\/#organization"}},{"@type":"WebPage","@id":"https:\/\/www.estrategiaconcursos.com.br\/blog\/concurso-sme-sp\/","url":"https:\/\/www.estrategiaconcursos.com.br\/blog\/concurso-sme-sp\/","name":"Concurso SME SP: prefeitura vai aderir \u00e0 Prova Nacional Docente","isPartOf":{"@id":"https:\/\/www.estrategiaconcursos.com.br\/blog\/#website"},"primaryImageOfPage":{"@id":"https:\/\/www.estrategiaconcursos.com.br\/blog\/concurso-sme-sp\/#primaryimage"},"image":{"@id":"https:\/\/www.estrategiaconcursos.com.br\/blog\/concurso-sme-sp\/#primaryimage"},"thumbnailUrl":"https:\/\/dhg1h5j42swfq.cloudfront.net\/2019\/06\/04141346\/SME-SP.jpg","datePublished":"2026-04-17T15:27:00+00:00","dateModified":"2026-04-17T18:19:48+00:00","description":"Concurso SME SP: secret\u00e1rio afirma que prefeitura ir\u00e1 aderir a PND! \u00daltimo edital ofertou 924 vagas para Professor e Auxiliar T\u00e9cnico.","breadcrumb":{"@id":"https:\/\/www.estrategiaconcursos.com.br\/blog\/concurso-sme-sp\/#breadcrumb"},"inLanguage":"pt-BR","potentialAction":[{"@type":"ReadAction","target":["https:\/\/www.estrategiaconcursos.com.br\/blog\/concurso-sme-sp\/"]}]},{"@type":"ImageObject","inLanguage":"pt-BR","@id":"https:\/\/www.estrategiaconcursos.com.br\/blog\/concurso-sme-sp\/#primaryimage","url":"https:\/\/dhg1h5j42swfq.cloudfront.net\/2019\/06\/04141346\/SME-SP.jpg","contentUrl":"https:\/\/dhg1h5j42swfq.cloudfront.net\/2019\/06\/04141346\/SME-SP.jpg","width":1200,"height":628,"caption":"concurso sme sp"},{"@type":"BreadcrumbList","@id":"https:\/\/www.estrategiaconcursos.com.br\/blog\/concurso-sme-sp\/#breadcrumb","itemListElement":[{"@type":"ListItem","position":1,"name":"In\u00edcio","item":"https:\/\/www.estrategiaconcursos.com.br\/blog\/"},{"@type":"ListItem","position":2,"name":"Concurso SME SP: prefeitura vai aderir \u00e0 Prova Nacional Docente"}]},{"@type":"WebSite","@id":"https:\/\/www.estrategiaconcursos.com.br\/blog\/#website","url":"https:\/\/www.estrategiaconcursos.com.br\/blog\/","name":"Estrat\u00e9gia Concursos","description":"O blog da Estrat\u00e9gia Concursos traz not\u00edcias sobre concursos e artigos de professores oferecendo cursos para concursos (pdf + videaulas) no site.","publisher":{"@id":"https:\/\/www.estrategiaconcursos.com.br\/blog\/#organization"},"potentialAction":[{"@type":"SearchAction","target":{"@type":"EntryPoint","urlTemplate":"https:\/\/www.estrategiaconcursos.com.br\/blog\/?s={search_term_string}"},"query-input":{"@type":"PropertyValueSpecification","valueRequired":true,"valueName":"search_term_string"}}],"inLanguage":"pt-BR"},{"@type":"Organization","@id":"https:\/\/www.estrategiaconcursos.com.br\/blog\/#organization","name":"Estrat\u00e9gia Concursos","url":"https:\/\/www.estrategiaconcursos.com.br\/blog\/","logo":{"@type":"ImageObject","inLanguage":"pt-BR","@id":"https:\/\/www.estrategiaconcursos.com.br\/blog\/#\/schema\/logo\/image\/","url":"https:\/\/dhg1h5j42swfq.cloudfront.net\/2025\/06\/03203428\/logo_concursos-1.jpg","contentUrl":"https:\/\/dhg1h5j42swfq.cloudfront.net\/2025\/06\/03203428\/logo_concursos-1.jpg","width":230,"height":60,"caption":"Estrat\u00e9gia Concursos"},"image":{"@id":"https:\/\/www.estrategiaconcursos.com.br\/blog\/#\/schema\/logo\/image\/"},"sameAs":["https:\/\/x.com\/EstratConcursos"]},{"@type":"Person","@id":"https:\/\/www.estrategiaconcursos.com.br\/blog\/#\/schema\/person\/b4a388c97673c5f483d72185668afa1f","name":"Coordena\u00e7\u00e3o","image":{"@type":"ImageObject","inLanguage":"pt-BR","@id":"https:\/\/secure.gravatar.com\/avatar\/b720319e4c9a967eb58678d110f4fe35452fc5d5f97b202bac7b8acceb18c6ad?s=96&d=mm&r=g","url":"https:\/\/secure.gravatar.com\/avatar\/b720319e4c9a967eb58678d110f4fe35452fc5d5f97b202bac7b8acceb18c6ad?s=96&d=mm&r=g","contentUrl":"https:\/\/secure.gravatar.com\/avatar\/b720319e4c9a967eb58678d110f4fe35452fc5d5f97b202bac7b8acceb18c6ad?s=96&d=mm&r=g","caption":"Coordena\u00e7\u00e3o"},"sameAs":["https:\/\/www.facebook.com\/EstrategiaConcursos","https:\/\/x.com\/EstratConcursos"],"url":"https:\/\/www.estrategiaconcursos.com.br\/blog\/author\/estrategia2013\/"}]}},"_links":{"self":[{"href":"https:\/\/www.estrategiaconcursos.com.br\/blog\/wp-json\/wp\/v2\/posts\/142911","targetHints":{"allow":["GET"]}}],"collection":[{"href":"https:\/\/www.estrategiaconcursos.com.br\/blog\/wp-json\/wp\/v2\/posts"}],"about":[{"href":"https:\/\/www.estrategiaconcursos.com.br\/blog\/wp-json\/wp\/v2\/types\/post"}],"author":[{"embeddable":true,"href":"https:\/\/www.estrategiaconcursos.com.br\/blog\/wp-json\/wp\/v2\/users\/1"}],"replies":[{"embeddable":true,"href":"https:\/\/www.estrategiaconcursos.com.br\/blog\/wp-json\/wp\/v2\/comments?post=142911"}],"version-history":[{"count":133,"href":"https:\/\/www.estrategiaconcursos.com.br\/blog\/wp-json\/wp\/v2\/posts\/142911\/revisions"}],"predecessor-version":[{"id":1755234,"href":"https:\/\/www.estrategiaconcursos.com.br\/blog\/wp-json\/wp\/v2\/posts\/142911\/revisions\/1755234"}],"wp:featuredmedia":[{"embeddable":true,"href":"https:\/\/www.estrategiaconcursos.com.br\/blog\/wp-json\/wp\/v2\/media\/383087"}],"wp:attachment":[{"href":"https:\/\/www.estrategiaconcursos.com.br\/blog\/wp-json\/wp\/v2\/media?parent=142911"}],"wp:term":[{"taxonomy":"category","embeddable":true,"href":"https:\/\/www.estrategiaconcursos.com.br\/blog\/wp-json\/wp\/v2\/categories?post=142911"},{"taxonomy":"post_tag","embeddable":true,"href":"https:\/\/www.estrategiaconcursos.com.br\/blog\/wp-json\/wp\/v2\/tags?post=142911"},{"taxonomy":"tax_estado","embeddable":true,"href":"https:\/\/www.estrategiaconcursos.com.br\/blog\/wp-json\/wp\/v2\/tax_estado?post=142911"}],"curies":[{"name":"wp","href":"https:\/\/api.w.org\/{rel}","templated":true}]}}