{"id":142707,"date":"2018-09-27T04:55:20","date_gmt":"2018-09-27T07:55:20","guid":{"rendered":"https:\/\/www.estrategiaconcursos.com.br\/blog\/?p=142707"},"modified":"2018-09-27T04:56:02","modified_gmt":"2018-09-27T07:56:02","slug":"prefeitura-de-sao-bernardo-do-campo-atualidades-recurso","status":"publish","type":"post","link":"https:\/\/www.estrategiaconcursos.com.br\/blog\/prefeitura-de-sao-bernardo-do-campo-atualidades-recurso\/","title":{"rendered":"Prefeitura de S\u00e3o Bernardo do Campo &#8211; Atualidades &#8211; Recurso"},"content":{"rendered":"<p style=\"text-align: justify\">Ol\u00e1 pessoal,<\/p>\n<p style=\"text-align: justify\">A prova do concurso da Prefeitura de S\u00e3o Bernardo do Campo foi realizada, em 23\/09,\u00a0 pela Vunesp. N\u00e3o ofereci um curso espec\u00edfico para este concurso. Mas muitos candidatos compraram outros cursos meus de Atualidades cuja a banca era a Vunesp para estudarem para o concurso da Prefeitura de S\u00e3o Bernardo do Campo.<\/p>\n<p style=\"text-align: justify\">Como h\u00e1 possibilidade de recurso em uma das quest\u00f5es de uma das provas, seguem os meus coment\u00e1rios as quest\u00f5es das provas de Fiscal Tribut\u00e1rio, T\u00e9cnico em Licita\u00e7\u00f5es, Fiscal I e Desenhista, com a indica\u00e7\u00e3o do recurso.<\/p>\n<p style=\"text-align: justify\">Nas outras quest\u00f5es, das outras provas, n\u00e3o vislumbrei possibilidades de recursos.<\/p>\n<p style=\"text-align: justify\">Sucesso no concurso!<\/p>\n<p style=\"text-align: justify\">Prof. Leandro Signori<\/p>\n<p>&nbsp;<\/p>\n<p>21. Observe a imagem.<\/p>\n<p><img loading=\"lazy\" decoding=\"async\" class=\"\" src=\"https:\/\/abrilveja.files.wordpress.com\/2018\/06\/2018-06-09t204527z_1593752740_rc18cee41b30_rtrmadp_3_g7-summit-canada-copy.jpg?quality=70&amp;strip=info&amp;resize=680,453\" alt=\"\" width=\"501\" height=\"334\" \/><\/p>\n<p style=\"text-align: justify\">(Veja, 11.06.18. Dispon\u00edvel em: &lt;https:\/\/abr.ai\/2tOFFn9&gt;. Adaptado)<\/p>\n<p style=\"text-align: justify\">O registro fotogr\u00e1fico, realizado no encontro do G7, que re\u00fane as sete economias mais avan\u00e7adas do mundo, evidencia o desacordo entre Merkel e Trump acerca<\/p>\n<p style=\"text-align: justify\">(A) da rela\u00e7\u00e3o do Ocidente com a R\u00fassia.<\/p>\n<p style=\"text-align: justify\">(B) da participa\u00e7\u00e3o na guerra civil da S\u00edria.<\/p>\n<p style=\"text-align: justify\">(C) da posi\u00e7\u00e3o em rela\u00e7\u00e3o \u00e0 quest\u00e3o Palestina.<\/p>\n<p style=\"text-align: justify\">(D) do cen\u00e1rio de guerra comercial entre os pa\u00edses.<\/p>\n<p style=\"text-align: justify\">(E) dos v\u00ednculos com a China na geopol\u00edtica internacional.<\/p>\n<p>&nbsp;<\/p>\n<p style=\"text-align: justify\"><strong><u>COMENT\u00c1RIOS:<\/u><\/strong><\/p>\n<p style=\"text-align: justify\">O comando da quest\u00e3o se refere \u00e0 reuni\u00e3o do G7 realizada em junho de 2018, conforme pode ser depreendido da data da publica\u00e7\u00e3o da fotografia na revista Veja. Para resolver a quest\u00e3o, o candidato deveria saber o que foi debatido na reuni\u00e3o do grupo.<\/p>\n<p style=\"text-align: justify\">Na reuni\u00e3o de junho de 2018, os principais assuntos debatidos foram o protecionismo econ\u00f4mico e a guerra comercial. A respeito desses temas, voc\u00ea j\u00e1 deve ter lido bastante coisa, principalmente sobre \u00e0s sobretaxas que os Estados Unidos aplicaram ao a\u00e7o e ao alum\u00ednio que entra em territ\u00f3rio norte-americano. A chanceler alem\u00e3 Angela Merkel, assim como v\u00e1rios outros chefes de Estado criticaram a ado\u00e7\u00e3o dessa medida.<\/p>\n<p style=\"text-align: justify\"><strong>Gabarito: D<\/strong><\/p>\n<p>&nbsp;<\/p>\n<p>22. Tem causado forte pol\u00eamica nos Estados Unidos a recente determina\u00e7\u00e3o de \u201ctoler\u00e2ncia zero\u201d aos imigrantes ilegais na fronteira com o M\u00e9xico. As cr\u00edticas \u00e0 administra\u00e7\u00e3o de Donald Trump foram geradas pelo fato de que crian\u00e7as s\u00e3o separadas de seus pais ou tutores que tentam entrar ilegalmente no pa\u00eds.<\/p>\n<p style=\"text-align: justify\">(G1, 20.06.18. Dispon\u00edvel em: &lt;https:\/\/goo.gl\/7uPeiC&gt;. Adaptado)<\/p>\n<p style=\"text-align: justify\">A separa\u00e7\u00e3o descrita na not\u00edcia deve-se<\/p>\n<p style=\"text-align: justify\">(A) \u00e0 tentativa do governo dos EUA de expulsar prioritariamente as crian\u00e7as e, com isso, impedir a forma\u00e7\u00e3o de novas gera\u00e7\u00f5es de imigrantes clandestinos.<\/p>\n<p style=\"text-align: justify\">(B) \u00e0 obrigatoriedade legal de que todas as crian\u00e7as que est\u00e3o em solo norte-americano devem frequentar estabelecimentos escolares.<\/p>\n<p style=\"text-align: justify\">(C) \u00e0 pol\u00edtica que estabelece que todo adulto que for pego atravessando a fronteira ilegalmente deve ficar detido, o que n\u00e3o \u00e9 permitido \u00e0s crian\u00e7as.<\/p>\n<p style=\"text-align: justify\">(D) \u00e0 a\u00e7\u00e3o das for\u00e7as de seguran\u00e7a norte-americanas com o objetivo de devolver os adultos aos pa\u00edses de origem, mas preservar o direito das crian\u00e7as \u00e0 imigra\u00e7\u00e3o.<\/p>\n<p style=\"text-align: justify\">(E) ao sucesso da pol\u00edtica restritiva norte-americana que tem barrado os mais velhos, mas tem permitido a entrada de crian\u00e7as e adolescentes.<\/p>\n<p>&nbsp;<\/p>\n<p style=\"text-align: justify\"><strong><u>COMENT\u00c1RIOS:<\/u><\/strong><\/p>\n<p style=\"text-align: justify\">A not\u00edcia descreve a separa\u00e7\u00e3o das crian\u00e7as de seus pais na fronteira dos Estados Unidos.<\/p>\n<p style=\"text-align: justify\">A pol\u00edtica imigrat\u00f3ria norte-americana estabelece que todo adulto que for pego atravessando a fronteira ilegalmente deve ser criminalmente processado. Se for capturado, o indiv\u00edduo \u00e9 levado a um centro federal de deten\u00e7\u00e3o de imigrantes at\u00e9 que se apresente a um juiz. A pol\u00edtica n\u00e3o fala em \u201csepara\u00e7\u00e3o\u201d das crian\u00e7as dos seus pais, por\u00e9m isso acaba ocorrendo por que as crian\u00e7as n\u00e3o podem ser mantidas em centros de deten\u00e7\u00e3o.<\/p>\n<p style=\"text-align: justify\">Ao serem separadas de seus pais, as crian\u00e7as s\u00e3o designadas pelo governo como \u201ccrian\u00e7as imigrantes desacompanhadas\u201d e, por isso, s\u00e3o levadas para abrigos sob cust\u00f3dia do governo, sem saber para onde seus pais foram.<\/p>\n<p style=\"text-align: justify\">Diante de severas cr\u00edticas, em 20 de junho de 2018, Trump assinou uma ordem executiva para evitar a separa\u00e7\u00e3o das fam\u00edlias. Com a nova ordem, as fam\u00edlias imigrantes que entrarem ilegalmente nos EUA ser\u00e3o detidas juntas. No dia seguinte, o presidente informou ter ordenado as ag\u00eancias do governo americano a reunir as fam\u00edlias que foram separadas.<\/p>\n<p style=\"text-align: justify\"><strong>Gabarito: C<\/strong><\/p>\n<p>&nbsp;<\/p>\n<p>23. A C\u00e2mara de Deputados aprovou nesta quinta-feira (14 de junho) um projeto de lei que prev\u00ea a legaliza\u00e7\u00e3o do aborto. O projeto passar\u00e1 agora ao Senado. O projeto de lei permite o aborto livre at\u00e9 a 14\u00aa semana de gesta\u00e7\u00e3o. Atualmente o aborto \u00e9 permitido apenas em caso de estupro ou risco para a vida da mulher.<\/p>\n<p style=\"text-align: justify\">(G1, 14.06.18. Dispon\u00edvel em: &lt;https:\/\/goo.gl\/wWkSRH&gt;. Adaptado)<\/p>\n<p style=\"text-align: justify\">A aprova\u00e7\u00e3o mencionada na not\u00edcia ocorreu<\/p>\n<p style=\"text-align: justify\">(A) no Chile.<\/p>\n<p style=\"text-align: justify\">(B) no Uruguai.<\/p>\n<p style=\"text-align: justify\">(C) na Bol\u00edvia.<\/p>\n<p style=\"text-align: justify\">(D) na Argentina.<\/p>\n<p style=\"text-align: justify\">(E) no Peru.<\/p>\n<p>&nbsp;<\/p>\n<p style=\"text-align: justify\"><strong><u>COMENT\u00c1RIOS:<\/u><\/strong><\/p>\n<p style=\"text-align: justify\">A C\u00e2mara de Deputados da Argentina aprovou um projeto de lei que previa a legaliza\u00e7\u00e3o do aborto at\u00e9 a 14\u00aa semana de gesta\u00e7\u00e3o. Atualmente na Argentina o aborto \u00e9 permitido apenas em caso de estupro ou risco para a vida da mulher. Entretanto, no m\u00eas de agosto, o Senado argentino rejeitou o Projeto de Lei.<\/p>\n<p style=\"text-align: justify\">Na Am\u00e9rica Latina, o aborto sem restri\u00e7\u00f5es \u00e9 legal no Uruguai e Cuba. Tamb\u00e9m \u00e9 permitido na Cidade do M\u00e9xico. Em quase todos os demais pa\u00edses s\u00f3 pode ser realizado em caso de risco de vida para a mulher, inviabilidade do feto ou se a gravidez for fruto de um estupro. Em El Salvador e na Nicar\u00e1gua, \u00e9 proibido em todos os casos.<\/p>\n<p style=\"text-align: justify\"><strong>Gabarito: D<\/strong><\/p>\n<p>&nbsp;<\/p>\n<p>24. O projeto de lei que modifica o registro de agrot\u00f3xicos foi aprovado essa semana numa comiss\u00e3o da C\u00e2mara de Deputados. A discuss\u00e3o se arrasta h\u00e1 meses. A bancada ruralista diz que \u00e9 preciso modernizar a lei. Opositores dizem que, se a lei for aprovada, produtos que colocam a sa\u00fade em risco podem ser liberados.<\/p>\n<p style=\"text-align: justify\">(G1, 01.07.18. Dispon\u00edvel em: &lt; https:\/\/goo.gl\/tFztEs&gt;. Adaptado)<\/p>\n<p style=\"text-align: justify\">Entre as mudan\u00e7as sugeridas pelo projeto, \u00e9 correto identificar a<\/p>\n<p style=\"text-align: justify\">(A) centraliza\u00e7\u00e3o da libera\u00e7\u00e3o de novos produtos no Minist\u00e9rio da Agricultura, tirando poder decis\u00f3rio da Anvisa e do Ibama.<\/p>\n<p style=\"text-align: justify\">(B) libera\u00e7\u00e3o de subst\u00e2ncias comprovadamente cancer\u00edgenas e atualmente proibidas para a utiliza\u00e7\u00e3o na agricultura.<\/p>\n<p style=\"text-align: justify\">(C) altera\u00e7\u00e3o dos procedimentos necess\u00e1rios para a autoriza\u00e7\u00e3o de uso de produtos novos, retirando a exig\u00eancia de licen\u00e7a pr\u00e9via.<\/p>\n<p style=\"text-align: justify\">(D) substitui\u00e7\u00e3o do nome oficial \u201cdefensivo agr\u00edcola\u201d pelo nome \u201cagrot\u00f3xico\u201d, com o objetivo de evidenciar a toxicidade dos produtos.<\/p>\n<p style=\"text-align: justify\">(E) forma\u00e7\u00e3o de um gabinete t\u00e9cnico composto por membros do Minist\u00e9rio da Sa\u00fade e da Agricultura para a autoriza\u00e7\u00e3o de agrot\u00f3xicos.<\/p>\n<p>&nbsp;<\/p>\n<p style=\"text-align: justify\"><strong><u>COMENT\u00c1RIOS:<\/u><\/strong><\/p>\n<p style=\"text-align: justify\">Em junho de 2018, a comiss\u00e3o especial da C\u00e2mara dos Deputados institu\u00edda para a an\u00e1lise do Projeto de Lei n\u00ba 6299\/02, que trata do registro, fiscaliza\u00e7\u00e3o e controle dos agrot\u00f3xicos no pa\u00eds, aprovou o parecer do deputado relator, que flexibiliza o uso de agrot\u00f3xicos no pa\u00eds. O projeto aprovado pretende revogar as leis n\u00ba 7.802\/1989 e 9.974\/2000, que regulam o processo de libera\u00e7\u00e3o e uso de agrot\u00f3xicos.<\/p>\n<p style=\"text-align: justify\">O projeto prev\u00ea, por exemplo, a altera\u00e7\u00e3o do nome \u201cagrot\u00f3xicos\u201d para \u201cpesticidas\u201d, o que deve facilitar o registro de produtos cujas f\u00f3rmulas, em alguns casos, s\u00e3o compostas por subst\u00e2ncias consideradas cancer\u00edgenas pelos \u00f3rg\u00e3os reguladores.<\/p>\n<p style=\"text-align: justify\">A libera\u00e7\u00e3o de um novo produto ficar\u00e1 centralizada no\u00a0Minist\u00e9rio da Agricultura, tirando poder decis\u00f3rio da Anvisa e do Ibama. O projeto tamb\u00e9m diminui para dois anos o tempo m\u00e1ximo de registro de um novo agrot\u00f3xico.<\/p>\n<p style=\"text-align: justify\"><strong>O gabarito da quest\u00e3o \u00e9 a alternativa \u201cA\u201d.<\/strong><\/p>\n<p style=\"text-align: justify\">Contudo, v\u00e1rios alunos perguntaram se a alternativa \u201cB\u201d tamb\u00e9m n\u00e3o estaria correta.<\/p>\n<p style=\"text-align: justify\">De acordo com o artigo 3\u00ba (\u00a7 6\u00ba) da Lei n\u00ba 7.802, de 11 de julho de 1989 \u2013 Lei dos Agrot\u00f3xicos \u2013 regulamentada pelo Decreto n\u00ba 4.074, de 4 de janeiro de 2002 e vigente atualmente no Brasil, \u201cfica proibido o registro de agrot\u00f3xicos, seus componentes e afins que revelem caracter\u00edsticas teratog\u00eanicas, carcinog\u00eanicas ou mutag\u00eanicas, de acordo com os resultados atualizados de experi\u00eancias da comunidade cient\u00edfica\u201d.<\/p>\n<p style=\"text-align: justify\">Ou seja, a segunda parte da alternativa est\u00e1 correta, pois a legisla\u00e7\u00e3o vigente no Brasil pro\u00edbe o registro de agrot\u00f3xicos, seus componentes e afins que revelem caracter\u00edsticas teratog\u00eanicas, carcinog\u00eanicas ou mutag\u00eanicas.<\/p>\n<p style=\"text-align: justify\">A primeira parte da alternativa tamb\u00e9m est\u00e1 correta, pois entre as mudan\u00e7as sugeridas pelo projeto est\u00e1 a libera\u00e7\u00e3o de subst\u00e2ncias comprovadamente cancer\u00edgenas. Neste sentido, o Instituto Nacional do C\u00e2ncer (Inca), \u00f3rg\u00e3o do Minist\u00e9rio da Sa\u00fade que tem como miss\u00e3o apoiar o desenvolvimento de a\u00e7\u00f5es integradas para preven\u00e7\u00e3o e controle do c\u00e2ncer, em nota t\u00e9cnica, defendeu que o Marco Legal dos Agrot\u00f3xicos (Lei 7.802\/1989) n\u00e3o seja alterado e flexibilizado.<\/p>\n<p style=\"text-align: justify\">Vejamos trechos da nota t\u00e9cnica:<\/p>\n<p style=\"text-align: justify\"><em><u>Tal modifica\u00e7\u00e3o colocar\u00e1 em risco as popula\u00e7\u00f5es<\/u> \u2013 sejam elas de trabalhadores da agricultura, residentes em \u00e1reas rurais ou consumidores de \u00e1gua ou alimentos contaminados, <u>pois acarretar\u00e1 na poss\u00edvel libera\u00e7\u00e3o de agrot\u00f3xicos respons\u00e1veis por causar doen\u00e7as cr\u00f4nicas extremamente graves e que revelem<\/u> caracter\u00edsticas mutag\u00eanicas e <u>carcinog\u00eanicas<\/u>.<\/em><\/p>\n<p style=\"text-align: justify\">Prossegue a nota t\u00e9cnica:<\/p>\n<p style=\"text-align: justify\"><em>Nesse contexto, <u>a revoga\u00e7\u00e3o da Lei n\u00ba 7.802\/1989 e a implementa\u00e7\u00e3o do PL 6.299\/2002 possibilitar\u00e3o o registro de agrot\u00f3xicos com caracter\u00edsticas<\/u> teratog\u00eanicas, mutag\u00eanicas e <u>carcinog\u00eanicas<\/u>, colocando em risco a sa\u00fade da popula\u00e7\u00e3o exposta a esses produtos e o meio ambiente.<\/em><\/p>\n<p style=\"text-align: justify\">Link para acessar a nota t\u00e9cnica: <a href=\"http:\/\/www1.inca.gov.br\/inca\/Arquivos\/nota-publica-inca-pl-6299-2002-11-de-maio-de-2018.pdf\">http:\/\/www1.inca.gov.br\/inca\/Arquivos\/nota-publica-inca-pl-6299-2002-11-de-maio-de-2018.pdf<\/a><\/p>\n<p style=\"text-align: justify\">Link para acessar not\u00edcia veiculada no site da EBC sobre a nota t\u00e9cnica: <a href=\"http:\/\/agenciabrasil.ebc.com.br\/politica\/noticia\/2018-06\/comissao-da-camara-aprova-projeto-que-flexibililza-uso-de-agrotoxico\">http:\/\/agenciabrasil.ebc.com.br\/politica\/noticia\/2018-06\/comissao-da-camara-aprova-projeto-que-flexibililza-uso-de-agrotoxico<\/a><\/p>\n<p style=\"text-align: justify\">A nota t\u00e9cnica do INCA, institui\u00e7\u00e3o p\u00fablica federal de refer\u00eancia em c\u00e2ncer no Brasil, \u00e9 afirmativa no sentido de que o Projeto de Lei n\u00ba 6299\/02 estabelece a libera\u00e7\u00e3o de subst\u00e2ncias comprovadamente cancer\u00edgenas. Por ter duas alternativas corretas: A e B, o candidato pode solicitar a <strong>ANULA\u00c7\u00c3O DA QUEST\u00c3O<\/strong>.<\/p>\n<p>&nbsp;<\/p>\n<p>25. O Minist\u00e9rio do Interior da R\u00fassia est\u00e1 avaliando a possibilidade de abrir um inqu\u00e9rito contra torcedores brasileiros que geraram pol\u00eamica na Copa do Mundo, num v\u00eddeo que difundiram pela internet.<\/p>\n<p style=\"text-align: justify\">(Jornal do Brasil, 20.06.18. Dispon\u00edvel em: &lt;https:\/\/bit.ly\/2Md1R19&gt;. Adaptado)<\/p>\n<p style=\"text-align: justify\">Os torcedores brasileiros mencionados na not\u00edcia est\u00e3o sendo acusados de<\/p>\n<p style=\"text-align: justify\">(A) racismo.<\/p>\n<p style=\"text-align: justify\">(B) sexismo.<\/p>\n<p style=\"text-align: justify\">(C) xenofobia.<\/p>\n<p style=\"text-align: justify\">(D) homofobia.<\/p>\n<p style=\"text-align: justify\">(E) intoler\u00e2ncia religiosa.<\/p>\n<p>&nbsp;<\/p>\n<p style=\"text-align: justify\"><strong><u>COMENT\u00c1RIOS:<\/u><\/strong><\/p>\n<p style=\"text-align: justify\">Durante a Copa do Mundo da R\u00fassia, viralizaram na internet dois v\u00eddeos de grupos de brasileiros pedindo que mulheres, aparentemente russas, que n\u00e3o falavam portugu\u00eas, repetissem frases em portugu\u00eas de cunho sexual. Essas atitudes fizeram como que os brasileiros fossem acusados de sexismo e machismo.<\/p>\n<p style=\"text-align: justify\">Sexismo \u00e9 o preconceito ou discrimina\u00e7\u00e3o baseada no g\u00eanero de uma pessoa. O sexismo pode afetar qualquer g\u00eanero, mas \u00e9 particularmente documentado como afetando mulheres e meninas.<\/p>\n<p style=\"text-align: justify\"><strong>Gabarito: B<\/strong><\/p>\n<p>&nbsp;<\/p>\n","protected":false},"excerpt":{"rendered":"<p>Ol\u00e1 pessoal, A prova do concurso da Prefeitura de S\u00e3o Bernardo do Campo foi realizada, em 23\/09,\u00a0 pela Vunesp. N\u00e3o ofereci um curso espec\u00edfico para este concurso. Mas muitos candidatos compraram outros cursos meus de Atualidades cuja a banca era a Vunesp para estudarem para o concurso da Prefeitura de S\u00e3o Bernardo do Campo. Como [&hellip;]<\/p>\n","protected":false},"author":306,"featured_media":0,"comment_status":"open","ping_status":"closed","sticky":false,"template":"","format":"standard","meta":{"post_tipo":"article","footnotes":""},"categories":[1],"tags":[549,3756,28942,8],"tax_estado":[],"class_list":["post-142707","post","type-post","status-publish","format-standard","hentry","category-cursos-e-concursos","tag-atualidades","tag-leandro-signori","tag-prefeitura-de-sao-bernardo-do-campo","tag-recurso"],"acf":[],"yoast_head":"<!-- This site is optimized with the Yoast SEO Premium plugin v27.2 (Yoast SEO v27.2) - https:\/\/yoast.com\/product\/yoast-seo-premium-wordpress\/ -->\n<title>Prefeitura de S\u00e3o Bernardo do Campo - Atualidades - Recurso<\/title>\n<meta name=\"robots\" content=\"index, follow, max-snippet:-1, max-image-preview:large, max-video-preview:-1\" \/>\n<link rel=\"canonical\" href=\"https:\/\/www.estrategiaconcursos.com.br\/blog\/prefeitura-de-sao-bernardo-do-campo-atualidades-recurso\/\" \/>\n<meta property=\"og:locale\" content=\"pt_BR\" \/>\n<meta property=\"og:type\" content=\"article\" \/>\n<meta property=\"og:title\" content=\"Prefeitura de S\u00e3o Bernardo do Campo - Atualidades - Recurso\" \/>\n<meta property=\"og:description\" content=\"Ol\u00e1 pessoal, A prova do concurso da Prefeitura de S\u00e3o Bernardo do Campo foi realizada, em 23\/09,\u00a0 pela Vunesp. N\u00e3o ofereci um curso espec\u00edfico para este concurso. Mas muitos candidatos compraram outros cursos meus de Atualidades cuja a banca era a Vunesp para estudarem para o concurso da Prefeitura de S\u00e3o Bernardo do Campo. Como [&hellip;]\" \/>\n<meta property=\"og:url\" content=\"https:\/\/www.estrategiaconcursos.com.br\/blog\/prefeitura-de-sao-bernardo-do-campo-atualidades-recurso\/\" \/>\n<meta property=\"og:site_name\" content=\"Estrat\u00e9gia Concursos\" \/>\n<meta property=\"article:author\" content=\"https:\/\/www.facebook.com\/leandrosignoriatualidades\/\" \/>\n<meta property=\"article:published_time\" content=\"2018-09-27T07:55:20+00:00\" \/>\n<meta property=\"article:modified_time\" content=\"2018-09-27T07:56:02+00:00\" \/>\n<meta property=\"og:image\" content=\"https:\/\/abrilveja.files.wordpress.com\/2018\/06\/2018-06-09t204527z_1593752740_rc18cee41b30_rtrmadp_3_g7-summit-canada-copy.jpg?quality=70&amp;strip=info&amp;resize=680,453\" \/>\n<meta name=\"author\" content=\"Leandro Signori\" \/>\n<meta name=\"twitter:card\" content=\"summary_large_image\" \/>\n<meta name=\"twitter:creator\" content=\"@EstratConcursos\" \/>\n<meta name=\"twitter:site\" content=\"@EstratConcursos\" \/>\n<meta name=\"twitter:label1\" content=\"Escrito por\" \/>\n\t<meta name=\"twitter:data1\" content=\"Leandro Signori\" \/>\n\t<meta name=\"twitter:label2\" content=\"Est. tempo de leitura\" \/>\n\t<meta name=\"twitter:data2\" content=\"9 minutos\" \/>\n<script type=\"application\/ld+json\" class=\"yoast-schema-graph\">{\"@context\":\"https:\/\/schema.org\",\"@graph\":[{\"@type\":\"NewsArticle\",\"@id\":\"https:\/\/www.estrategiaconcursos.com.br\/blog\/prefeitura-de-sao-bernardo-do-campo-atualidades-recurso\/#article\",\"isPartOf\":{\"@id\":\"https:\/\/www.estrategiaconcursos.com.br\/blog\/prefeitura-de-sao-bernardo-do-campo-atualidades-recurso\/\"},\"author\":{\"name\":\"Leandro Signori\",\"@id\":\"https:\/\/www.estrategiaconcursos.com.br\/blog\/#\/schema\/person\/d2e7d78de4b9d6ba51cc24fd558a7f42\"},\"headline\":\"Prefeitura de S\u00e3o Bernardo do Campo &#8211; Atualidades &#8211; Recurso\",\"datePublished\":\"2018-09-27T07:55:20+00:00\",\"dateModified\":\"2018-09-27T07:56:02+00:00\",\"mainEntityOfPage\":{\"@id\":\"https:\/\/www.estrategiaconcursos.com.br\/blog\/prefeitura-de-sao-bernardo-do-campo-atualidades-recurso\/\"},\"wordCount\":1909,\"commentCount\":4,\"publisher\":{\"@id\":\"https:\/\/www.estrategiaconcursos.com.br\/blog\/#organization\"},\"image\":{\"@id\":\"https:\/\/www.estrategiaconcursos.com.br\/blog\/prefeitura-de-sao-bernardo-do-campo-atualidades-recurso\/#primaryimage\"},\"thumbnailUrl\":\"https:\/\/abrilveja.files.wordpress.com\/2018\/06\/2018-06-09t204527z_1593752740_rc18cee41b30_rtrmadp_3_g7-summit-canada-copy.jpg?quality=70&amp;strip=info&amp;resize=680,453\",\"keywords\":[\"Atualidades\",\"Leandro Signori\",\"Prefeitura de S\u00e3o Bernardo do Campo\",\"Recurso\"],\"articleSection\":[\"Concursos P\u00fablicos\"],\"inLanguage\":\"pt-BR\",\"potentialAction\":[{\"@type\":\"CommentAction\",\"name\":\"Comment\",\"target\":[\"https:\/\/www.estrategiaconcursos.com.br\/blog\/prefeitura-de-sao-bernardo-do-campo-atualidades-recurso\/#respond\"]}],\"copyrightYear\":\"2018\",\"copyrightHolder\":{\"@id\":\"https:\/\/www.estrategiaconcursos.com.br\/blog\/#organization\"}},{\"@type\":\"WebPage\",\"@id\":\"https:\/\/www.estrategiaconcursos.com.br\/blog\/prefeitura-de-sao-bernardo-do-campo-atualidades-recurso\/\",\"url\":\"https:\/\/www.estrategiaconcursos.com.br\/blog\/prefeitura-de-sao-bernardo-do-campo-atualidades-recurso\/\",\"name\":\"Prefeitura de S\u00e3o Bernardo do Campo - Atualidades - Recurso\",\"isPartOf\":{\"@id\":\"https:\/\/www.estrategiaconcursos.com.br\/blog\/#website\"},\"primaryImageOfPage\":{\"@id\":\"https:\/\/www.estrategiaconcursos.com.br\/blog\/prefeitura-de-sao-bernardo-do-campo-atualidades-recurso\/#primaryimage\"},\"image\":{\"@id\":\"https:\/\/www.estrategiaconcursos.com.br\/blog\/prefeitura-de-sao-bernardo-do-campo-atualidades-recurso\/#primaryimage\"},\"thumbnailUrl\":\"https:\/\/abrilveja.files.wordpress.com\/2018\/06\/2018-06-09t204527z_1593752740_rc18cee41b30_rtrmadp_3_g7-summit-canada-copy.jpg?quality=70&amp;strip=info&amp;resize=680,453\",\"datePublished\":\"2018-09-27T07:55:20+00:00\",\"dateModified\":\"2018-09-27T07:56:02+00:00\",\"breadcrumb\":{\"@id\":\"https:\/\/www.estrategiaconcursos.com.br\/blog\/prefeitura-de-sao-bernardo-do-campo-atualidades-recurso\/#breadcrumb\"},\"inLanguage\":\"pt-BR\",\"potentialAction\":[{\"@type\":\"ReadAction\",\"target\":[\"https:\/\/www.estrategiaconcursos.com.br\/blog\/prefeitura-de-sao-bernardo-do-campo-atualidades-recurso\/\"]}]},{\"@type\":\"ImageObject\",\"inLanguage\":\"pt-BR\",\"@id\":\"https:\/\/www.estrategiaconcursos.com.br\/blog\/prefeitura-de-sao-bernardo-do-campo-atualidades-recurso\/#primaryimage\",\"url\":\"https:\/\/abrilveja.files.wordpress.com\/2018\/06\/2018-06-09t204527z_1593752740_rc18cee41b30_rtrmadp_3_g7-summit-canada-copy.jpg?quality=70&amp;strip=info&amp;resize=680,453\",\"contentUrl\":\"https:\/\/abrilveja.files.wordpress.com\/2018\/06\/2018-06-09t204527z_1593752740_rc18cee41b30_rtrmadp_3_g7-summit-canada-copy.jpg?quality=70&amp;strip=info&amp;resize=680,453\"},{\"@type\":\"BreadcrumbList\",\"@id\":\"https:\/\/www.estrategiaconcursos.com.br\/blog\/prefeitura-de-sao-bernardo-do-campo-atualidades-recurso\/#breadcrumb\",\"itemListElement\":[{\"@type\":\"ListItem\",\"position\":1,\"name\":\"In\u00edcio\",\"item\":\"https:\/\/www.estrategiaconcursos.com.br\/blog\/\"},{\"@type\":\"ListItem\",\"position\":2,\"name\":\"Prefeitura de S\u00e3o Bernardo do Campo &#8211; Atualidades &#8211; Recurso\"}]},{\"@type\":\"WebSite\",\"@id\":\"https:\/\/www.estrategiaconcursos.com.br\/blog\/#website\",\"url\":\"https:\/\/www.estrategiaconcursos.com.br\/blog\/\",\"name\":\"Estrat\u00e9gia Concursos\",\"description\":\"O blog da Estrat\u00e9gia Concursos traz not\u00edcias sobre concursos e artigos de professores oferecendo cursos para concursos (pdf + videaulas) no site.\",\"publisher\":{\"@id\":\"https:\/\/www.estrategiaconcursos.com.br\/blog\/#organization\"},\"potentialAction\":[{\"@type\":\"SearchAction\",\"target\":{\"@type\":\"EntryPoint\",\"urlTemplate\":\"https:\/\/www.estrategiaconcursos.com.br\/blog\/?s={search_term_string}\"},\"query-input\":{\"@type\":\"PropertyValueSpecification\",\"valueRequired\":true,\"valueName\":\"search_term_string\"}}],\"inLanguage\":\"pt-BR\"},{\"@type\":\"Organization\",\"@id\":\"https:\/\/www.estrategiaconcursos.com.br\/blog\/#organization\",\"name\":\"Estrat\u00e9gia Concursos\",\"url\":\"https:\/\/www.estrategiaconcursos.com.br\/blog\/\",\"logo\":{\"@type\":\"ImageObject\",\"inLanguage\":\"pt-BR\",\"@id\":\"https:\/\/www.estrategiaconcursos.com.br\/blog\/#\/schema\/logo\/image\/\",\"url\":\"https:\/\/dhg1h5j42swfq.cloudfront.net\/2025\/06\/03203428\/logo_concursos-1.jpg\",\"contentUrl\":\"https:\/\/dhg1h5j42swfq.cloudfront.net\/2025\/06\/03203428\/logo_concursos-1.jpg\",\"width\":230,\"height\":60,\"caption\":\"Estrat\u00e9gia Concursos\"},\"image\":{\"@id\":\"https:\/\/www.estrategiaconcursos.com.br\/blog\/#\/schema\/logo\/image\/\"},\"sameAs\":[\"https:\/\/x.com\/EstratConcursos\"]},{\"@type\":\"Person\",\"@id\":\"https:\/\/www.estrategiaconcursos.com.br\/blog\/#\/schema\/person\/d2e7d78de4b9d6ba51cc24fd558a7f42\",\"name\":\"Leandro Signori\",\"image\":{\"@type\":\"ImageObject\",\"inLanguage\":\"pt-BR\",\"@id\":\"https:\/\/secure.gravatar.com\/avatar\/aa2ef98e93764dcf1758f52d2792d4b3e4089ee25bc520608dde62ad802ae541?s=96&d=mm&r=g\",\"url\":\"https:\/\/secure.gravatar.com\/avatar\/aa2ef98e93764dcf1758f52d2792d4b3e4089ee25bc520608dde62ad802ae541?s=96&d=mm&r=g\",\"contentUrl\":\"https:\/\/secure.gravatar.com\/avatar\/aa2ef98e93764dcf1758f52d2792d4b3e4089ee25bc520608dde62ad802ae541?s=96&d=mm&r=g\",\"caption\":\"Leandro Signori\"},\"description\":\"Licenciado em Geografia pela Universidade Federal do Rio Grande do Sul (UFRGS) e Bacharel em Geografia pela Uniceub (Bras\u00edlia). Como servidor p\u00fablico, foi funcion\u00e1rio da Prefeitura de S\u00e3o Leopoldo (RS), Prefeitura de Porto Alegre (RS), Companhia Riograndense de Saneamento (Corsan) e Minist\u00e9rio da Integra\u00e7\u00e3o Nacional. \u00c9 professor de Geografia para o ensino m\u00e9dio na rede particular de ensino. Leciona as disciplinas de Atualidades, Conhecimentos Gerais, Geografia, Realidade Brasileira e Hist\u00f3ria, em cursos on line e presenciais preparat\u00f3rios para concursos p\u00fablicos.\",\"sameAs\":[\"https:\/\/www.facebook.com\/leandrosignoriatualidades\/\"],\"url\":\"https:\/\/www.estrategiaconcursos.com.br\/blog\/author\/leandroestrategiaconcursos-com-br\/\"}]}<\/script>\n<!-- \/ Yoast SEO Premium plugin. -->","yoast_head_json":{"title":"Prefeitura de S\u00e3o Bernardo do Campo - Atualidades - Recurso","robots":{"index":"index","follow":"follow","max-snippet":"max-snippet:-1","max-image-preview":"max-image-preview:large","max-video-preview":"max-video-preview:-1"},"canonical":"https:\/\/www.estrategiaconcursos.com.br\/blog\/prefeitura-de-sao-bernardo-do-campo-atualidades-recurso\/","og_locale":"pt_BR","og_type":"article","og_title":"Prefeitura de S\u00e3o Bernardo do Campo - Atualidades - Recurso","og_description":"Ol\u00e1 pessoal, A prova do concurso da Prefeitura de S\u00e3o Bernardo do Campo foi realizada, em 23\/09,\u00a0 pela Vunesp. N\u00e3o ofereci um curso espec\u00edfico para este concurso. Mas muitos candidatos compraram outros cursos meus de Atualidades cuja a banca era a Vunesp para estudarem para o concurso da Prefeitura de S\u00e3o Bernardo do Campo. Como [&hellip;]","og_url":"https:\/\/www.estrategiaconcursos.com.br\/blog\/prefeitura-de-sao-bernardo-do-campo-atualidades-recurso\/","og_site_name":"Estrat\u00e9gia Concursos","article_author":"https:\/\/www.facebook.com\/leandrosignoriatualidades\/","article_published_time":"2018-09-27T07:55:20+00:00","article_modified_time":"2018-09-27T07:56:02+00:00","og_image":[{"url":"https:\/\/abrilveja.files.wordpress.com\/2018\/06\/2018-06-09t204527z_1593752740_rc18cee41b30_rtrmadp_3_g7-summit-canada-copy.jpg?quality=70&amp;strip=info&amp;resize=680,453","type":"","width":"","height":""}],"author":"Leandro Signori","twitter_card":"summary_large_image","twitter_creator":"@EstratConcursos","twitter_site":"@EstratConcursos","twitter_misc":{"Escrito por":"Leandro Signori","Est. tempo de leitura":"9 minutos"},"schema":{"@context":"https:\/\/schema.org","@graph":[{"@type":"NewsArticle","@id":"https:\/\/www.estrategiaconcursos.com.br\/blog\/prefeitura-de-sao-bernardo-do-campo-atualidades-recurso\/#article","isPartOf":{"@id":"https:\/\/www.estrategiaconcursos.com.br\/blog\/prefeitura-de-sao-bernardo-do-campo-atualidades-recurso\/"},"author":{"name":"Leandro Signori","@id":"https:\/\/www.estrategiaconcursos.com.br\/blog\/#\/schema\/person\/d2e7d78de4b9d6ba51cc24fd558a7f42"},"headline":"Prefeitura de S\u00e3o Bernardo do Campo &#8211; Atualidades &#8211; Recurso","datePublished":"2018-09-27T07:55:20+00:00","dateModified":"2018-09-27T07:56:02+00:00","mainEntityOfPage":{"@id":"https:\/\/www.estrategiaconcursos.com.br\/blog\/prefeitura-de-sao-bernardo-do-campo-atualidades-recurso\/"},"wordCount":1909,"commentCount":4,"publisher":{"@id":"https:\/\/www.estrategiaconcursos.com.br\/blog\/#organization"},"image":{"@id":"https:\/\/www.estrategiaconcursos.com.br\/blog\/prefeitura-de-sao-bernardo-do-campo-atualidades-recurso\/#primaryimage"},"thumbnailUrl":"https:\/\/abrilveja.files.wordpress.com\/2018\/06\/2018-06-09t204527z_1593752740_rc18cee41b30_rtrmadp_3_g7-summit-canada-copy.jpg?quality=70&amp;strip=info&amp;resize=680,453","keywords":["Atualidades","Leandro Signori","Prefeitura de S\u00e3o Bernardo do Campo","Recurso"],"articleSection":["Concursos P\u00fablicos"],"inLanguage":"pt-BR","potentialAction":[{"@type":"CommentAction","name":"Comment","target":["https:\/\/www.estrategiaconcursos.com.br\/blog\/prefeitura-de-sao-bernardo-do-campo-atualidades-recurso\/#respond"]}],"copyrightYear":"2018","copyrightHolder":{"@id":"https:\/\/www.estrategiaconcursos.com.br\/blog\/#organization"}},{"@type":"WebPage","@id":"https:\/\/www.estrategiaconcursos.com.br\/blog\/prefeitura-de-sao-bernardo-do-campo-atualidades-recurso\/","url":"https:\/\/www.estrategiaconcursos.com.br\/blog\/prefeitura-de-sao-bernardo-do-campo-atualidades-recurso\/","name":"Prefeitura de S\u00e3o Bernardo do Campo - Atualidades - Recurso","isPartOf":{"@id":"https:\/\/www.estrategiaconcursos.com.br\/blog\/#website"},"primaryImageOfPage":{"@id":"https:\/\/www.estrategiaconcursos.com.br\/blog\/prefeitura-de-sao-bernardo-do-campo-atualidades-recurso\/#primaryimage"},"image":{"@id":"https:\/\/www.estrategiaconcursos.com.br\/blog\/prefeitura-de-sao-bernardo-do-campo-atualidades-recurso\/#primaryimage"},"thumbnailUrl":"https:\/\/abrilveja.files.wordpress.com\/2018\/06\/2018-06-09t204527z_1593752740_rc18cee41b30_rtrmadp_3_g7-summit-canada-copy.jpg?quality=70&amp;strip=info&amp;resize=680,453","datePublished":"2018-09-27T07:55:20+00:00","dateModified":"2018-09-27T07:56:02+00:00","breadcrumb":{"@id":"https:\/\/www.estrategiaconcursos.com.br\/blog\/prefeitura-de-sao-bernardo-do-campo-atualidades-recurso\/#breadcrumb"},"inLanguage":"pt-BR","potentialAction":[{"@type":"ReadAction","target":["https:\/\/www.estrategiaconcursos.com.br\/blog\/prefeitura-de-sao-bernardo-do-campo-atualidades-recurso\/"]}]},{"@type":"ImageObject","inLanguage":"pt-BR","@id":"https:\/\/www.estrategiaconcursos.com.br\/blog\/prefeitura-de-sao-bernardo-do-campo-atualidades-recurso\/#primaryimage","url":"https:\/\/abrilveja.files.wordpress.com\/2018\/06\/2018-06-09t204527z_1593752740_rc18cee41b30_rtrmadp_3_g7-summit-canada-copy.jpg?quality=70&amp;strip=info&amp;resize=680,453","contentUrl":"https:\/\/abrilveja.files.wordpress.com\/2018\/06\/2018-06-09t204527z_1593752740_rc18cee41b30_rtrmadp_3_g7-summit-canada-copy.jpg?quality=70&amp;strip=info&amp;resize=680,453"},{"@type":"BreadcrumbList","@id":"https:\/\/www.estrategiaconcursos.com.br\/blog\/prefeitura-de-sao-bernardo-do-campo-atualidades-recurso\/#breadcrumb","itemListElement":[{"@type":"ListItem","position":1,"name":"In\u00edcio","item":"https:\/\/www.estrategiaconcursos.com.br\/blog\/"},{"@type":"ListItem","position":2,"name":"Prefeitura de S\u00e3o Bernardo do Campo &#8211; Atualidades &#8211; Recurso"}]},{"@type":"WebSite","@id":"https:\/\/www.estrategiaconcursos.com.br\/blog\/#website","url":"https:\/\/www.estrategiaconcursos.com.br\/blog\/","name":"Estrat\u00e9gia Concursos","description":"O blog da Estrat\u00e9gia Concursos traz not\u00edcias sobre concursos e artigos de professores oferecendo cursos para concursos (pdf + videaulas) no site.","publisher":{"@id":"https:\/\/www.estrategiaconcursos.com.br\/blog\/#organization"},"potentialAction":[{"@type":"SearchAction","target":{"@type":"EntryPoint","urlTemplate":"https:\/\/www.estrategiaconcursos.com.br\/blog\/?s={search_term_string}"},"query-input":{"@type":"PropertyValueSpecification","valueRequired":true,"valueName":"search_term_string"}}],"inLanguage":"pt-BR"},{"@type":"Organization","@id":"https:\/\/www.estrategiaconcursos.com.br\/blog\/#organization","name":"Estrat\u00e9gia Concursos","url":"https:\/\/www.estrategiaconcursos.com.br\/blog\/","logo":{"@type":"ImageObject","inLanguage":"pt-BR","@id":"https:\/\/www.estrategiaconcursos.com.br\/blog\/#\/schema\/logo\/image\/","url":"https:\/\/dhg1h5j42swfq.cloudfront.net\/2025\/06\/03203428\/logo_concursos-1.jpg","contentUrl":"https:\/\/dhg1h5j42swfq.cloudfront.net\/2025\/06\/03203428\/logo_concursos-1.jpg","width":230,"height":60,"caption":"Estrat\u00e9gia Concursos"},"image":{"@id":"https:\/\/www.estrategiaconcursos.com.br\/blog\/#\/schema\/logo\/image\/"},"sameAs":["https:\/\/x.com\/EstratConcursos"]},{"@type":"Person","@id":"https:\/\/www.estrategiaconcursos.com.br\/blog\/#\/schema\/person\/d2e7d78de4b9d6ba51cc24fd558a7f42","name":"Leandro Signori","image":{"@type":"ImageObject","inLanguage":"pt-BR","@id":"https:\/\/secure.gravatar.com\/avatar\/aa2ef98e93764dcf1758f52d2792d4b3e4089ee25bc520608dde62ad802ae541?s=96&d=mm&r=g","url":"https:\/\/secure.gravatar.com\/avatar\/aa2ef98e93764dcf1758f52d2792d4b3e4089ee25bc520608dde62ad802ae541?s=96&d=mm&r=g","contentUrl":"https:\/\/secure.gravatar.com\/avatar\/aa2ef98e93764dcf1758f52d2792d4b3e4089ee25bc520608dde62ad802ae541?s=96&d=mm&r=g","caption":"Leandro Signori"},"description":"Licenciado em Geografia pela Universidade Federal do Rio Grande do Sul (UFRGS) e Bacharel em Geografia pela Uniceub (Bras\u00edlia). Como servidor p\u00fablico, foi funcion\u00e1rio da Prefeitura de S\u00e3o Leopoldo (RS), Prefeitura de Porto Alegre (RS), Companhia Riograndense de Saneamento (Corsan) e Minist\u00e9rio da Integra\u00e7\u00e3o Nacional. \u00c9 professor de Geografia para o ensino m\u00e9dio na rede particular de ensino. Leciona as disciplinas de Atualidades, Conhecimentos Gerais, Geografia, Realidade Brasileira e Hist\u00f3ria, em cursos on line e presenciais preparat\u00f3rios para concursos p\u00fablicos.","sameAs":["https:\/\/www.facebook.com\/leandrosignoriatualidades\/"],"url":"https:\/\/www.estrategiaconcursos.com.br\/blog\/author\/leandroestrategiaconcursos-com-br\/"}]}},"_links":{"self":[{"href":"https:\/\/www.estrategiaconcursos.com.br\/blog\/wp-json\/wp\/v2\/posts\/142707","targetHints":{"allow":["GET"]}}],"collection":[{"href":"https:\/\/www.estrategiaconcursos.com.br\/blog\/wp-json\/wp\/v2\/posts"}],"about":[{"href":"https:\/\/www.estrategiaconcursos.com.br\/blog\/wp-json\/wp\/v2\/types\/post"}],"author":[{"embeddable":true,"href":"https:\/\/www.estrategiaconcursos.com.br\/blog\/wp-json\/wp\/v2\/users\/306"}],"replies":[{"embeddable":true,"href":"https:\/\/www.estrategiaconcursos.com.br\/blog\/wp-json\/wp\/v2\/comments?post=142707"}],"version-history":[{"count":4,"href":"https:\/\/www.estrategiaconcursos.com.br\/blog\/wp-json\/wp\/v2\/posts\/142707\/revisions"}],"predecessor-version":[{"id":143584,"href":"https:\/\/www.estrategiaconcursos.com.br\/blog\/wp-json\/wp\/v2\/posts\/142707\/revisions\/143584"}],"wp:attachment":[{"href":"https:\/\/www.estrategiaconcursos.com.br\/blog\/wp-json\/wp\/v2\/media?parent=142707"}],"wp:term":[{"taxonomy":"category","embeddable":true,"href":"https:\/\/www.estrategiaconcursos.com.br\/blog\/wp-json\/wp\/v2\/categories?post=142707"},{"taxonomy":"post_tag","embeddable":true,"href":"https:\/\/www.estrategiaconcursos.com.br\/blog\/wp-json\/wp\/v2\/tags?post=142707"},{"taxonomy":"tax_estado","embeddable":true,"href":"https:\/\/www.estrategiaconcursos.com.br\/blog\/wp-json\/wp\/v2\/tax_estado?post=142707"}],"curies":[{"name":"wp","href":"https:\/\/api.w.org\/{rel}","templated":true}]}}