{"id":1426305,"date":"2024-07-07T21:21:46","date_gmt":"2024-07-08T00:21:46","guid":{"rendered":"https:\/\/www.estrategiaconcursos.com.br\/blog\/?p=1426305"},"modified":"2024-07-08T08:28:57","modified_gmt":"2024-07-08T11:28:57","slug":"gabarito-extraoficial-trf-2-agente-policia-judicial","status":"publish","type":"post","link":"https:\/\/www.estrategiaconcursos.com.br\/blog\/gabarito-extraoficial-trf-2-agente-policia-judicial\/","title":{"rendered":"Gabarito extraoficial TRF 2 &#8211; Agente da Pol\u00edcia Judicial"},"content":{"rendered":"\n<p>Neste domingo, 07 de julho de 2024, foram aplicadas as provas do&nbsp;<strong>concurso TRF 2<\/strong> (<a href=\"https:\/\/www.estrategiaconcursos.com.br\/cursosPorConcurso\/trf-2-regiao-43\/\" target=\"_blank\" rel=\"noreferrer noopener\">Tribunal Regional Federal da 2\u00aa Regi\u00e3o<\/a>).<\/p>\n\n\n\n<p>Sob organiza\u00e7\u00e3o do <a href=\"http:\/\/www.institutoaocp.org.br\/\" target=\"_blank\" rel=\"noreferrer noopener\">Instituto AOCP<\/a>, a sele\u00e7\u00e3o oferta&nbsp;vagas em cadastro de reserva para os cargos de&nbsp;<strong>Analista e T\u00e9cnico Judici\u00e1rio<\/strong>, ambos com exig\u00eancia de n\u00edvel superior e sal\u00e1rios iniciais de <strong>R$ 13.994,78<\/strong> e <strong>R$ 8.529,65<\/strong>, respectivamente.&nbsp;<\/p>\n\n\n\n<p>Com o objetivo de ajud\u00e1-los em todas as etapas do certame e, claro, diminuir um pouco a ansiedade para saber seu desempenho,&nbsp;nossos professores realizaram a corre\u00e7\u00e3o da <strong>prova para Agente de Pol\u00edcia Judicial<\/strong>.<\/p>\n\n\n\n<figure class=\"wp-block-table is-style-stripes\"><table class=\"has-fixed-layout\"><tbody><tr><td class=\"has-text-align-center\" data-align=\"center\"><strong>Disciplina<\/strong><\/td><td class=\"has-text-align-center\" data-align=\"center\"><strong>Professor<\/strong><\/td><\/tr><tr><td class=\"has-text-align-center\" data-align=\"center\">L\u00edngua Portuguesa<\/td><td class=\"has-text-align-center\" data-align=\"center\">Adriana Figueiredo<\/td><\/tr><tr><td class=\"has-text-align-center\" data-align=\"center\">Direito Administrativo<\/td><td class=\"has-text-align-center\" data-align=\"center\">Ant\u00f4nio Daud<\/td><\/tr><tr><td class=\"has-text-align-center\" data-align=\"center\">Direito Constitucional<\/td><td class=\"has-text-align-center\" data-align=\"center\">Nelma Fontana<\/td><\/tr><tr><td class=\"has-text-align-center\" data-align=\"center\">Direito Penal<\/td><td class=\"has-text-align-center\" data-align=\"center\">Renan Araujo<\/td><\/tr><tr><td class=\"has-text-align-center\" data-align=\"center\">Lei n\u00ba .7.716\/1989, Lei n\u00ba 14.532\/2023 e Lei n\u00ba 13.869\/2019<\/td><td class=\"has-text-align-center\" data-align=\"center\">Ant\u00f4nio Pequeno<\/td><\/tr><tr><td class=\"has-text-align-center\" data-align=\"center\">No\u00e7\u00f5es de Direitos Humanos e Fundamentais e de Acessibilidade<\/td><td class=\"has-text-align-center\" data-align=\"center\">G\u00e9ssica Ehle<\/td><\/tr><tr><td class=\"has-text-align-center\" data-align=\"center\">Racioc\u00ednio L\u00f3gico e Matem\u00e1tico<\/td><td class=\"has-text-align-center\" data-align=\"center\">Brunno Lima<\/td><\/tr><tr><td class=\"has-text-align-center\" data-align=\"center\">No\u00e7\u00f5es de Gest\u00e3o Estrat\u00e9gica<\/td><td class=\"has-text-align-center\" data-align=\"center\"><strong>Elisabete Moreira<\/strong><\/td><\/tr><tr><td class=\"has-text-align-center\" data-align=\"center\">No\u00e7\u00f5es de Sustentabilidade<\/td><td class=\"has-text-align-center\" data-align=\"center\">Andr\u00e9 Rocha<\/td><\/tr><tr><td class=\"has-text-align-center\" data-align=\"center\">Legisla\u00e7\u00e3o Penal Especial<\/td><td class=\"has-text-align-center\" data-align=\"center\">Ant\u00f4nio Pequeno<\/td><\/tr><tr><td class=\"has-text-align-center\" data-align=\"center\">No\u00e7\u00f5es de Direito Processual Penal<\/td><td class=\"has-text-align-center\" data-align=\"center\">Priscila Silveira<\/td><\/tr><tr><td class=\"has-text-align-center\" data-align=\"center\">No\u00e7\u00f5es de Direito Penal e C\u00f3digo Penal<\/td><td class=\"has-text-align-center\" data-align=\"center\">Ivo Martins<\/td><\/tr><tr><td class=\"has-text-align-center\" data-align=\"center\">Seguran\u00e7a de Dignit\u00e1rios<\/td><td class=\"has-text-align-center\" data-align=\"center\">Alexandre Herculano<\/td><\/tr><tr><td class=\"has-text-align-center\" data-align=\"center\">Seguran\u00e7a Org\u00e2nica<\/td><td class=\"has-text-align-center\" data-align=\"center\">Alexandre Herculano<\/td><\/tr><tr><td class=\"has-text-align-center\" data-align=\"center\">No\u00e7\u00f5es de Seguran\u00e7a da Informa\u00e7\u00e3o<\/td><td class=\"has-text-align-center\" data-align=\"center\">Andr\u00e9 Castro&nbsp;<\/td><\/tr><\/tbody><\/table><\/figure>\n\n\n\n<p>Agora \u00e9 a hora! Confira seu desempenho no evento de corre\u00e7\u00e3o \u201c<strong>Gabarito extraoficial TRF 2 &#8211; Agente da Pol\u00edcia Judicial<\/strong>\u201d e ainda receba dicas de recursos, caso haja algum.<\/p>\n\n\n\n<h2 class=\"wp-block-heading\" id=\"h-gabarito-extraoficial-concurso-trf-2-agente-da-policia-judicial\"><strong>Gabarito extraoficial: concurso TRF 2 &#8211; <\/strong><strong>Agente da Pol\u00edcia Judicial<\/strong><\/h2>\n\n\n<figure class=\"wp-block-embed-youtube wp-block-embed is-type-video is-provider-youtube wp-embed-aspect-16-9 wp-has-aspect-ratio\"><div class=\"lyte-wrapper\" style=\"width:853px;max-width:100%;margin:5px;\"><div class=\"lyMe\" id=\"WYL_DsXNaXK_D1s\"><div id=\"lyte_DsXNaXK_D1s\" data-src=\"\/\/i.ytimg.com\/vi\/DsXNaXK_D1s\/hqdefault.jpg\" class=\"pL\"><div class=\"tC\"><div class=\"tT\"><\/div><\/div><div class=\"play\"><\/div><div class=\"ctrl\"><div class=\"Lctrl\"><\/div><div class=\"Rctrl\"><\/div><\/div><\/div><noscript><a href=\"https:\/\/youtu.be\/DsXNaXK_D1s\" rel=\"nofollow\"><img loading=\"lazy\" decoding=\"async\" src=\"https:\/\/i.ytimg.com\/vi\/DsXNaXK_D1s\/0.jpg\" alt=\"YouTube video thumbnail\" width=\"853\" height=\"460\" \/><br \/>Assista a este v\u00eddeo no YouTube<\/a><\/noscript><\/div><\/div><div class=\"lL\" style=\"max-width:100%;width:853px;margin:5px;\"><\/div><figcaption><\/figcaption><\/figure>\n\n\n<p>Abaixo, voc\u00ea confere os gabaritos das quest\u00f5es corrigidas pelos nossos professores. Como <strong>existem diferentes tipos de provas, voc\u00ea pode conferir a sua pelo in\u00edcio da quest\u00e3o<\/strong>.<\/p>\n\n\n\n<p class=\"has-medium-font-size\"><strong>Obs: a prova-base utilizada \u00e9 a <span style=\"text-decoration: underline;\">Tipo 2<\/span><\/strong>!<\/p>\n\n\n\n<p><strong>Quest\u00e3o 1:&nbsp;<\/strong>Assinale a alternativa que apresenta&#8230;<br \/><strong><em>Resposta:<\/em><\/strong>&nbsp;E<\/p>\n\n\n\n<p><strong>Quest\u00e3o 2<\/strong>: A partir da leitura do texto 1&#8230;<br \/><strong><em>Resposta:<\/em><\/strong>&nbsp;B<\/p>\n\n\n\n<p><strong>Quest\u00e3o 3:<\/strong>&nbsp;Dizer que a senten\u00e7a &#8220;Todo grande homem&#8230;&#8221;<br \/><strong><em>Resposta:<\/em><\/strong>&nbsp;E<\/p>\n\n\n\n<p><strong>Quest\u00e3o 4:<\/strong>&nbsp;Um equipamento eletr\u00f4nico custava&#8230;<br \/><strong><em>Resposta:<\/em><\/strong>&nbsp;D<\/p>\n\n\n\n<p><strong>Quest\u00e3o 5:<\/strong> Sobre a administra\u00e7\u00e3o direta e indireta&#8230;<br \/><strong><em>Resposta:<\/em><\/strong>&nbsp;C<\/p>\n\n\n\n<p><strong>Quest\u00e3o 6:&nbsp;<\/strong>Jo\u00e3o \u00e9 t\u00e9cnico judici\u00e1rio da Justi\u00e7a&#8230;<br \/><strong><em>Resposta:<\/em><\/strong>&nbsp;D<\/p>\n\n\n\n<p><strong>Quest\u00e3o 7:&nbsp;<\/strong>Sobre os direitos e garantias fundamentais&#8230;<br \/><strong><em>Resposta:<\/em><\/strong>&nbsp;A<\/p>\n\n\n\n<p><strong>Quest\u00e3o 8:&nbsp;<\/strong>Assinale a alternativa correta conforme previsto&#8230;<br \/><strong><em>Resposta:<\/em><\/strong>&nbsp;D<\/p>\n\n\n\n<p><strong>Quest\u00e3o 9:&nbsp;<\/strong>Para reduzir a utiliza\u00e7\u00e3o de combust\u00edveis f\u00f3sseis&#8230;<br \/><strong><em>Resposta:<\/em><\/strong>&nbsp;C<\/p>\n\n\n\n<p><strong>Quest\u00e3o 10:&nbsp;<\/strong>A Resolu\u00e7\u00e3o CJF n\u00ba 668\/2020&#8230;<br \/><strong><em>Resposta:<\/em><\/strong>&nbsp;B<\/p>\n\n\n\n<p><strong>Quest\u00e3o 11:&nbsp;<\/strong>Nos termos da Lei n\u00ba 10.098\/2000&#8230;<br \/><strong><em>Resposta:<\/em><\/strong>&nbsp;D<\/p>\n\n\n\n<p><strong>Quest\u00e3o 12:<\/strong>&nbsp;Segundo a doutrina, os direitos&#8230;<br \/><strong><em>Resposta:<\/em><\/strong>&nbsp;E<\/p>\n\n\n\n<p><strong>Quest\u00e3o 13:<\/strong> Sobre as disposi\u00e7\u00f5es contidas na Lei n\u00ba 7.716\/1989&#8230;<br \/><strong><em>Resposta:<\/em><\/strong>&nbsp;E<\/p>\n\n\n\n<p><strong>Quest\u00e3o 14:&nbsp;<\/strong>No intuito de prejudicar seu desafeto Fulano&#8230;<br \/><strong><em>Resposta:<\/em><\/strong>&nbsp;A<\/p>\n\n\n\n<p><strong>Quest\u00e3o 15:&nbsp;<\/strong>Sobre as disposi\u00e7\u00f5es contidas na Lei n\u00ba 13.869\/2019&#8230;<br \/><strong><em>Resposta:<\/em><\/strong>&nbsp;E<\/p>\n\n\n\n<p><strong>Quest\u00e3o 16:&nbsp;<\/strong>Nos termos do C\u00f3digo Penal, o crime&#8230;<br \/><strong><em>Resposta:<\/em><\/strong>&nbsp;B<\/p>\n\n\n\n<p><strong>Quest\u00e3o 17:<\/strong>&nbsp;No que diz respeito \u00e0 pris\u00e3o tempor\u00e1ria&#8230;<br \/><strong><em>Resposta:<\/em><\/strong>&nbsp;C<\/p>\n\n\n\n<p><strong>Quest\u00e3o 18:&nbsp;<\/strong>A respeito da <em>notitia criminis<\/em>&#8230;<br \/><strong><em>Resposta:<\/em><\/strong>&nbsp;C<\/p>\n\n\n\n<p><strong>Quest\u00e3o 19:&nbsp;<\/strong>Acerca da compet\u00eancia no direito processual&#8230;<br \/><strong><em>Resposta:<\/em><\/strong>&nbsp;D<\/p>\n\n\n\n<p><strong>Quest\u00e3o 20:<\/strong> Sobre a audi\u00eancia de cust\u00f3dia&#8230;<br \/><strong><em>Resposta:<\/em><\/strong>&nbsp;B<\/p>\n\n\n\n<p><strong>Quest\u00e3o 21:&nbsp;<\/strong>Tem-se conceitualmente como&#8230;<br \/><strong><em>Resposta:<\/em><\/strong>&nbsp;C<\/p>\n\n\n\n<p><strong>Quest\u00e3o 22:&nbsp;<\/strong>O mnem\u00f4nico V.I.D.A&#8230;<br \/><strong><em>Resposta:<\/em><\/strong>&nbsp;B<\/p>\n\n\n\n<p><strong>Quest\u00e3o 23<\/strong>: Qual \u00e9 o objetivo principal da Norma Regulamentadora&#8230;<br \/><strong><em>Resposta:<\/em><\/strong>&nbsp;C<\/p>\n\n\n\n<p><strong>Quest\u00e3o 24:&nbsp;<\/strong>Em se tratando da Metodologia&#8230;<br \/><strong><em>Resposta:<\/em><\/strong>&nbsp;A<\/p>\n\n\n\n<p><strong>Quest\u00e3o 25:&nbsp;<\/strong>Como agente da Pol\u00edcia Judicial, voc\u00ea&#8230;<br \/><strong><em>Resposta:<\/em><\/strong>&nbsp;D<\/p>\n\n\n\n<p><strong>Quest\u00e3o 26:&nbsp;<\/strong>No contexto de gerenciamento de crises&#8230;<br \/><strong><em>Resposta:<\/em><\/strong>&nbsp;D<\/p>\n\n\n\n<p><strong>Quest\u00e3o 27:&nbsp;<\/strong>No gerenciamento de crises&#8230;<br \/><strong><em>Resposta:<\/em><\/strong>&nbsp;B* <\/p>\n\n\n\n<p><strong>Quest\u00e3o 28:&nbsp;<\/strong>O Plano de Seguran\u00e7a \u00e9 conceitualmente&#8230;<br \/><strong><em>Resposta:<\/em><\/strong>&nbsp;B<\/p>\n\n\n\n<p><strong>Quest\u00e3o 29:&nbsp;<\/strong>M\u00e9vio \u00e9 um agente de seguran\u00e7a&#8230;<br \/><strong><em>Resposta:<\/em><\/strong>&nbsp;D<\/p>\n\n\n\n<p><strong>Quest\u00e3o 30:&nbsp;<\/strong>Tem-se como \u00d3rg\u00e3o Central&#8230;<br \/><strong><em>Resposta:<\/em><\/strong>&nbsp;D<\/p>\n\n\n\n<p><strong>Quest\u00e3o 31:&nbsp;<\/strong>Referente \u00e0 efici\u00eancia operacional&#8230;<br \/><strong><em>Resposta:<\/em><\/strong>&nbsp;A<\/p>\n\n\n\n<p><strong>Quest\u00e3o 32<\/strong>: Em rela\u00e7\u00e3o \u00e0s medidas de seguran\u00e7a org\u00e2nica&#8230;<br \/><strong><em>Resposta:<\/em><\/strong>&nbsp;D<\/p>\n\n\n\n<p><strong>Quest\u00e3o 33:&nbsp;<\/strong>Ao projetar um sistema de Circuito&#8230;<br \/><strong><em>Resposta:<\/em><\/strong>&nbsp;B<\/p>\n\n\n\n<p><strong>Quest\u00e3o 34:&nbsp;<\/strong>Como agente da Pol\u00edcia Judicial respons\u00e1vel&#8230;<br \/><strong><em>Resposta:<\/em><\/strong>&nbsp;C<\/p>\n\n\n\n<p><strong>Quest\u00e3o 35:<\/strong>&nbsp;No contexto de no\u00e7\u00f5es b\u00e1sicas&#8230;<br \/><strong><em>Resposta:<\/em><\/strong>&nbsp;D<\/p>\n\n\n\n<p><strong>Quest\u00e3o 36<\/strong>:&nbsp;Em rela\u00e7\u00e3o \u00e0s classes de inc\u00eandios e aos&#8230;<br \/><strong><em>Resposta:<\/em><\/strong>&nbsp;E<\/p>\n\n\n\n<p><strong>Quest\u00e3o 37:&nbsp;<\/strong>Em rela\u00e7\u00e3o ao conceito de Seguran\u00e7a Org\u00e2nica&#8230;<br \/><strong><em>Resposta:<\/em><\/strong>&nbsp;D<\/p>\n\n\n\n<p><strong>Quest\u00e3o 38:&nbsp;<\/strong>Na esfera do Estado Democr\u00e1tico de Direito&#8230;<br \/><strong><em>Resposta:<\/em><\/strong>&nbsp;C<\/p>\n\n\n\n<p><strong>Quest\u00e3o 39:&nbsp;<\/strong>T\u00edcio, um agente da Pol\u00edcia&#8230;<br \/><strong><em>Resposta:<\/em><\/strong>&nbsp;A<\/p>\n\n\n\n<p><strong>Quest\u00e3o 40:&nbsp;<\/strong>Em rela\u00e7\u00e3o \u00e0 import\u00e2ncia&#8230;<br \/><strong><em>Resposta:<\/em><\/strong>&nbsp;B<\/p>\n\n\n\n<p><strong>Quest\u00e3o 41:&nbsp;<\/strong>Ap\u00f3s uma colis\u00e3o de tr\u00e2nsito&#8230;<br \/><strong><em>Resposta:<\/em><\/strong>&nbsp;C<\/p>\n\n\n\n<p><strong>Quest\u00e3o 42<\/strong>: Sobre os crimes contra&#8230;<br \/><strong><em>Resposta:<\/em><\/strong>&nbsp;E<\/p>\n\n\n\n<p><strong>Quest\u00e3o 43:<\/strong>&nbsp;Tendo em vista as disposi\u00e7\u00f5es&#8230;<br \/><strong><em>Resposta:<\/em><\/strong>&nbsp;B<\/p>\n\n\n\n<p><strong>Quest\u00e3o 44:<\/strong>&nbsp;Considerando as disposi\u00e7\u00f5es acerca dos Juizados&#8230;<br \/><strong><em>Resposta:<\/em><\/strong>&nbsp;A<\/p>\n\n\n\n<p><strong>Quest\u00e3o 45:&nbsp;<\/strong>Arist\u00f3teles, estagi\u00e1rio do Tribunal&#8230;<br \/><strong><em>Resposta:<\/em><\/strong>&nbsp;B<\/p>\n\n\n\n<p><strong>Quest\u00e3o 46:&nbsp;<\/strong>Sobre os crimes de abuso de autoridade&#8230;<br \/><strong><em>Resposta:<\/em><\/strong>&nbsp;E<\/p>\n\n\n\n<p><strong>Quest\u00e3o 47:&nbsp;<\/strong>De acordo com as disposi\u00e7\u00f5es do Estatuto&#8230;<br \/><strong><em>Resposta:<\/em><\/strong>&nbsp;D<\/p>\n\n\n\n<p><strong>Quest\u00e3o 48:&nbsp;<\/strong>Considerando as disposi\u00e7\u00f5es do Estatuto do Desarmamento&#8230;<br \/><strong><em>Resposta:<\/em><\/strong>&nbsp;D<\/p>\n\n\n\n<p><strong>Quest\u00e3o 49:&nbsp;<\/strong>Acerca da Resolu\u00e7\u00e3o CNJ&#8230;<br \/><strong><em>Resposta:<\/em><\/strong>&nbsp;C<\/p>\n\n\n\n<p><strong>Quest\u00e3o 50:&nbsp;<\/strong>Assinale a alternativa correta acerca da Resolu\u00e7\u00e3o CNJ&#8230;<br \/><strong><em>Resposta:<\/em><\/strong>&nbsp;E<\/p>\n\n\n\n<p><strong>Quest\u00e3o 51:\u00a0<\/strong>O sistema de Intelig\u00eancia de Seguran\u00e7a&#8230;<br \/><strong><em>Resposta:<\/em><\/strong>\u00a0D<\/p>\n\n\n\n<p><strong>Quest\u00e3o 52:<\/strong>&nbsp;No que diz respeito \u00e0 Resolu\u00e7\u00e3o CJF&#8230;<br \/><strong><em>Resposta:<\/em><\/strong>&nbsp;B*<\/p>\n\n\n\n<p><strong>Quest\u00e3o 53:&nbsp;<\/strong>Em rela\u00e7\u00e3o \u00e0 Resolu\u00e7\u00e3o CJF&#8230;<br \/><strong><em>Resposta:<\/em><\/strong>&nbsp;A<\/p>\n\n\n\n<p><strong>Quest\u00e3o 54:&nbsp;<\/strong>Sobre a Pol\u00edtica de Seguran\u00e7a Institucional&#8230;<br \/><strong><em>Resposta:<\/em><\/strong>&nbsp;A*<\/p>\n\n\n\n<p><strong>Quest\u00e3o 55:&nbsp;<\/strong>Alice, advogada, enquanto estacionava&#8230;<br \/><strong><em>Resposta:<\/em><\/strong> D<\/p>\n\n\n\n<p class=\"has-text-align-center has-very-light-gray-to-cyan-bluish-gray-gradient-background has-background has-medium-font-size\"><strong>Saiba mais: <a href=\"https:\/\/www.estrategiaconcursos.com.br\/blog\/concurso-trf-2\/\" target=\"_blank\" rel=\"noreferrer noopener\">Concurso TRF2<\/a><\/strong><\/p>\n\n\n\n<h2 class=\"wp-block-heading has-text-align-center\" id=\"h-quer-saber-tudo-sobre-concursos-previstos-confira-nossos-artigos\">Quer saber tudo sobre concursos previstos?<br \/>Confira nossos artigos!<\/h2>\n\n\n\n<ul class=\"wp-block-list\">\n<li><a href=\"https:\/\/www.estrategiaconcursos.com.br\/blog\/concursos-abertos\/\" target=\"_blank\" rel=\"noreferrer noopener\">Concursos abertos<\/a><\/li>\n\n\n\n<li><a href=\"https:\/\/www.estrategiaconcursos.com.br\/blog\/concursos-2024\/\" target=\"_blank\" rel=\"noreferrer noopener\">Concursos 2024<\/a><\/li>\n<\/ul>\n\n\n\n<h2 class=\"wp-block-heading has-text-align-center\" id=\"CURSO\">CURSOS E ASSINATURAS<\/h2>\n\n\n\n<div class=\"container\" id=\"boxes\">\n  <div class=\"row\">\n\n    <div class=\"col-sm\">\n      <div class=\"banner-tribunal\" id=\"box-assinatura\">\n        <h3 class=\"titulo-assinatura\">Curso TRF 2<\/h3>\n        <p class=\"subtitulo-assinatura\">Conhe\u00e7a os cursos<\/p>\n        <div class=\"box-botao\">\n          <a class=\"btn-assinatura\" target=\"_blank\" href=\"https:\/\/www.estrategiaconcursos.com.br\/cursosPorConcurso\/trf-2-regiao-43\/\" role=\"button\" rel=\"noopener noreferrer\">Conhe\u00e7a mais<\/a>\n        <\/div>\n      <\/div>\n      <p class=\"texto-auxiliar\">Prepare-se com o melhor material e com quem mais aprova em Concursos P\u00fablicos em todo o pa\u00eds.<\/p>\n    <\/div>\n\n  <\/div>\n<\/div>\n\n\n\n<div class=\"container\" id=\"boxes\">\n  <div class=\"row\">\n    <div class=\"col-sm\">\n      <div class=\"estrategia\" id=\"box-assinatura\">\n        <h3 class=\"titulo-assinatura\">Assinatura Concursos<\/h3>\n        <p class=\"subtitulo-assinatura\">Assinatura de 1 ano ou 2 anos*<\/p>\n        <div class=\"box-botao\">\n          <a class=\"btn-assinatura\" target=\"_blank\" href=\"https:\/\/www.estrategiaconcursos.com.br\/assinaturas\/\" role=\"button\" rel=\"noopener noreferrer\">ASSINE AGORA<\/a>\n        <\/div>\n      <\/div>\n      <p class=\"texto-auxiliar\"><\/p>\n    <\/div>\n    <div class=\"col-sm\">\n      <div class=\"questoes\" id=\"box-assinatura\">\n        <h3 class=\"titulo-assinatura\">Sistema de Quest\u00f5es<\/h3>\n        <p class=\"subtitulo-assinatura\">Assinatura de 1 ano ou 2 anos\n<\/p>\n        <div class=\"box-botao\">\n          <a class=\"btn-assinatura\" target=\"_blank\" href=\"https:\/\/www.estrategiaconcursos.com.br\/cursosPorConcurso\/sistema-de-questoes\/#\/\" role=\"button\" rel=\"noopener noreferrer\">ASSINE AGORA<\/a>\n        <\/div>\n      <\/div>\n      <p class=\"texto-auxiliar\"><\/p>\n    <\/div>\n  <\/div>\n<\/div>\n","protected":false},"excerpt":{"rendered":"<p>Neste domingo, 07 de julho de 2024, foram aplicadas as provas do&nbsp;concurso TRF 2 (Tribunal Regional Federal da 2\u00aa Regi\u00e3o). Sob organiza\u00e7\u00e3o do Instituto AOCP, a sele\u00e7\u00e3o oferta&nbsp;vagas em cadastro de reserva para os cargos de&nbsp;Analista e T\u00e9cnico Judici\u00e1rio, ambos com exig\u00eancia de n\u00edvel superior e sal\u00e1rios iniciais de R$ 13.994,78 e R$ 8.529,65, respectivamente.&nbsp; [&hellip;]<\/p>\n","protected":false},"author":2018,"featured_media":1426315,"comment_status":"open","ping_status":"closed","sticky":false,"template":"","format":"standard","meta":{"post_tipo":"news","footnotes":""},"categories":[1984],"tags":[],"tax_estado":[219971,219982],"class_list":["post-1426305","post","type-post","status-publish","format-standard","has-post-thumbnail","hentry","category-tribunais","tax_estado-es","tax_estado-rj"],"acf":[],"yoast_head":"<!-- This site is optimized with the Yoast SEO Premium plugin v27.2 (Yoast SEO v27.2) - https:\/\/yoast.com\/product\/yoast-seo-premium-wordpress\/ -->\n<title>Gabarito extraoficial TRF 2 - Agente da Pol\u00edcia Judicial<\/title>\n<meta name=\"description\" content=\"Foi realizada neste domingo a prova do concurso TRF 2 para Agente da Pol\u00edcia Judicial. Confira seu desempenho no site!\" \/>\n<meta name=\"robots\" content=\"index, follow, max-snippet:-1, max-image-preview:large, max-video-preview:-1\" \/>\n<link rel=\"canonical\" href=\"https:\/\/www.estrategiaconcursos.com.br\/blog\/gabarito-extraoficial-trf-2-agente-policia-judicial\/\" \/>\n<meta property=\"og:locale\" content=\"pt_BR\" \/>\n<meta property=\"og:type\" content=\"article\" \/>\n<meta property=\"og:title\" content=\"Gabarito extraoficial TRF 2 - Agente da Pol\u00edcia Judicial\" \/>\n<meta property=\"og:description\" content=\"Foi realizada neste domingo a prova do concurso TRF 2 para Agente da Pol\u00edcia Judicial. Confira seu desempenho no site!\" \/>\n<meta property=\"og:url\" content=\"https:\/\/www.estrategiaconcursos.com.br\/blog\/gabarito-extraoficial-trf-2-agente-policia-judicial\/\" \/>\n<meta property=\"og:site_name\" content=\"Estrat\u00e9gia Concursos\" \/>\n<meta property=\"article:published_time\" content=\"2024-07-08T00:21:46+00:00\" \/>\n<meta property=\"article:modified_time\" content=\"2024-07-08T11:28:57+00:00\" \/>\n<meta property=\"og:image\" content=\"https:\/\/dhg1h5j42swfq.cloudfront.net\/2024\/07\/07211348\/ytb.jpg\" \/>\n\t<meta property=\"og:image:width\" content=\"1280\" \/>\n\t<meta property=\"og:image:height\" content=\"720\" \/>\n\t<meta property=\"og:image:type\" content=\"image\/jpeg\" \/>\n<meta name=\"author\" content=\"B\u00e1rbara Carvalho Santos\" \/>\n<meta name=\"twitter:card\" content=\"summary_large_image\" \/>\n<meta name=\"twitter:creator\" content=\"@EstratConcursos\" \/>\n<meta name=\"twitter:site\" content=\"@EstratConcursos\" \/>\n<meta name=\"twitter:label1\" content=\"Escrito por\" \/>\n\t<meta name=\"twitter:data1\" content=\"B\u00e1rbara Carvalho Santos\" \/>\n\t<meta name=\"twitter:label2\" content=\"Est. tempo de leitura\" \/>\n\t<meta name=\"twitter:data2\" content=\"5 minutos\" \/>\n<script type=\"application\/ld+json\" class=\"yoast-schema-graph\">{\"@context\":\"https:\/\/schema.org\",\"@graph\":[{\"@type\":\"NewsArticle\",\"@id\":\"https:\/\/www.estrategiaconcursos.com.br\/blog\/gabarito-extraoficial-trf-2-agente-policia-judicial\/#article\",\"isPartOf\":{\"@id\":\"https:\/\/www.estrategiaconcursos.com.br\/blog\/gabarito-extraoficial-trf-2-agente-policia-judicial\/\"},\"author\":{\"name\":\"B\u00e1rbara Carvalho Santos\",\"@id\":\"https:\/\/www.estrategiaconcursos.com.br\/blog\/#\/schema\/person\/e3882259fa157d54c44c21f4ee4e0e60\"},\"headline\":\"Gabarito extraoficial TRF 2 &#8211; Agente da Pol\u00edcia Judicial\",\"datePublished\":\"2024-07-08T00:21:46+00:00\",\"dateModified\":\"2024-07-08T11:28:57+00:00\",\"mainEntityOfPage\":{\"@id\":\"https:\/\/www.estrategiaconcursos.com.br\/blog\/gabarito-extraoficial-trf-2-agente-policia-judicial\/\"},\"wordCount\":1066,\"commentCount\":0,\"publisher\":{\"@id\":\"https:\/\/www.estrategiaconcursos.com.br\/blog\/#organization\"},\"image\":{\"@id\":\"https:\/\/www.estrategiaconcursos.com.br\/blog\/gabarito-extraoficial-trf-2-agente-policia-judicial\/#primaryimage\"},\"thumbnailUrl\":\"https:\/\/dhg1h5j42swfq.cloudfront.net\/2024\/07\/07211348\/ytb.jpg\",\"articleSection\":[\"Tribunais\"],\"inLanguage\":\"pt-BR\",\"potentialAction\":[{\"@type\":\"CommentAction\",\"name\":\"Comment\",\"target\":[\"https:\/\/www.estrategiaconcursos.com.br\/blog\/gabarito-extraoficial-trf-2-agente-policia-judicial\/#respond\"]}],\"copyrightYear\":\"2024\",\"copyrightHolder\":{\"@id\":\"https:\/\/www.estrategiaconcursos.com.br\/blog\/#organization\"}},{\"@type\":\"WebPage\",\"@id\":\"https:\/\/www.estrategiaconcursos.com.br\/blog\/gabarito-extraoficial-trf-2-agente-policia-judicial\/\",\"url\":\"https:\/\/www.estrategiaconcursos.com.br\/blog\/gabarito-extraoficial-trf-2-agente-policia-judicial\/\",\"name\":\"Gabarito extraoficial TRF 2 - Agente da Pol\u00edcia Judicial\",\"isPartOf\":{\"@id\":\"https:\/\/www.estrategiaconcursos.com.br\/blog\/#website\"},\"primaryImageOfPage\":{\"@id\":\"https:\/\/www.estrategiaconcursos.com.br\/blog\/gabarito-extraoficial-trf-2-agente-policia-judicial\/#primaryimage\"},\"image\":{\"@id\":\"https:\/\/www.estrategiaconcursos.com.br\/blog\/gabarito-extraoficial-trf-2-agente-policia-judicial\/#primaryimage\"},\"thumbnailUrl\":\"https:\/\/dhg1h5j42swfq.cloudfront.net\/2024\/07\/07211348\/ytb.jpg\",\"datePublished\":\"2024-07-08T00:21:46+00:00\",\"dateModified\":\"2024-07-08T11:28:57+00:00\",\"description\":\"Foi realizada neste domingo a prova do concurso TRF 2 para Agente da Pol\u00edcia Judicial. Confira seu desempenho no site!\",\"breadcrumb\":{\"@id\":\"https:\/\/www.estrategiaconcursos.com.br\/blog\/gabarito-extraoficial-trf-2-agente-policia-judicial\/#breadcrumb\"},\"inLanguage\":\"pt-BR\",\"potentialAction\":[{\"@type\":\"ReadAction\",\"target\":[\"https:\/\/www.estrategiaconcursos.com.br\/blog\/gabarito-extraoficial-trf-2-agente-policia-judicial\/\"]}]},{\"@type\":\"ImageObject\",\"inLanguage\":\"pt-BR\",\"@id\":\"https:\/\/www.estrategiaconcursos.com.br\/blog\/gabarito-extraoficial-trf-2-agente-policia-judicial\/#primaryimage\",\"url\":\"https:\/\/dhg1h5j42swfq.cloudfront.net\/2024\/07\/07211348\/ytb.jpg\",\"contentUrl\":\"https:\/\/dhg1h5j42swfq.cloudfront.net\/2024\/07\/07211348\/ytb.jpg\",\"width\":1280,\"height\":720},{\"@type\":\"BreadcrumbList\",\"@id\":\"https:\/\/www.estrategiaconcursos.com.br\/blog\/gabarito-extraoficial-trf-2-agente-policia-judicial\/#breadcrumb\",\"itemListElement\":[{\"@type\":\"ListItem\",\"position\":1,\"name\":\"In\u00edcio\",\"item\":\"https:\/\/www.estrategiaconcursos.com.br\/blog\/\"},{\"@type\":\"ListItem\",\"position\":2,\"name\":\"Gabarito extraoficial TRF 2 &#8211; Agente da Pol\u00edcia Judicial\"}]},{\"@type\":\"WebSite\",\"@id\":\"https:\/\/www.estrategiaconcursos.com.br\/blog\/#website\",\"url\":\"https:\/\/www.estrategiaconcursos.com.br\/blog\/\",\"name\":\"Estrat\u00e9gia Concursos\",\"description\":\"O blog da Estrat\u00e9gia Concursos traz not\u00edcias sobre concursos e artigos de professores oferecendo cursos para concursos (pdf + videaulas) no site.\",\"publisher\":{\"@id\":\"https:\/\/www.estrategiaconcursos.com.br\/blog\/#organization\"},\"potentialAction\":[{\"@type\":\"SearchAction\",\"target\":{\"@type\":\"EntryPoint\",\"urlTemplate\":\"https:\/\/www.estrategiaconcursos.com.br\/blog\/?s={search_term_string}\"},\"query-input\":{\"@type\":\"PropertyValueSpecification\",\"valueRequired\":true,\"valueName\":\"search_term_string\"}}],\"inLanguage\":\"pt-BR\"},{\"@type\":\"Organization\",\"@id\":\"https:\/\/www.estrategiaconcursos.com.br\/blog\/#organization\",\"name\":\"Estrat\u00e9gia Concursos\",\"url\":\"https:\/\/www.estrategiaconcursos.com.br\/blog\/\",\"logo\":{\"@type\":\"ImageObject\",\"inLanguage\":\"pt-BR\",\"@id\":\"https:\/\/www.estrategiaconcursos.com.br\/blog\/#\/schema\/logo\/image\/\",\"url\":\"https:\/\/dhg1h5j42swfq.cloudfront.net\/2025\/06\/03203428\/logo_concursos-1.jpg\",\"contentUrl\":\"https:\/\/dhg1h5j42swfq.cloudfront.net\/2025\/06\/03203428\/logo_concursos-1.jpg\",\"width\":230,\"height\":60,\"caption\":\"Estrat\u00e9gia Concursos\"},\"image\":{\"@id\":\"https:\/\/www.estrategiaconcursos.com.br\/blog\/#\/schema\/logo\/image\/\"},\"sameAs\":[\"https:\/\/x.com\/EstratConcursos\"]},{\"@type\":\"Person\",\"@id\":\"https:\/\/www.estrategiaconcursos.com.br\/blog\/#\/schema\/person\/e3882259fa157d54c44c21f4ee4e0e60\",\"name\":\"B\u00e1rbara Carvalho Santos\",\"image\":{\"@type\":\"ImageObject\",\"inLanguage\":\"pt-BR\",\"@id\":\"https:\/\/secure.gravatar.com\/avatar\/353300f73140f779692b9be2b39f434d1341e4e34c7f55bd5a990fe29ef352eb?s=96&d=mm&r=g\",\"url\":\"https:\/\/secure.gravatar.com\/avatar\/353300f73140f779692b9be2b39f434d1341e4e34c7f55bd5a990fe29ef352eb?s=96&d=mm&r=g\",\"contentUrl\":\"https:\/\/secure.gravatar.com\/avatar\/353300f73140f779692b9be2b39f434d1341e4e34c7f55bd5a990fe29ef352eb?s=96&d=mm&r=g\",\"caption\":\"B\u00e1rbara Carvalho Santos\"},\"description\":\"M\u00e3e e jornalista formada pela UNIP, possui ampla experi\u00eancia na cobertura de entretenimento em grandes ve\u00edculos, como o site da CNN, RedeTV! e Estrat\u00e9gia Educacional. Atuou tamb\u00e9m em ag\u00eancias de marketing, produtoras musicais e assessorias de imprensa, com foco especial no trabalho com personalidades p\u00fablicas. Atualmente, integra a equipe do Estrat\u00e9gia Concursos, onde \u00e9 respons\u00e1vel pela produ\u00e7\u00e3o de conte\u00fados estrat\u00e9gicos voltados para o setor de concursos p\u00fablicos, com destaque para a \u00e1rea fiscal, gest\u00e3o, controle, concursos administrativos e Minist\u00e9rios participantes do CNU, al\u00e9m de diversos \u00f3rg\u00e3os federais. Tem como miss\u00e3o transformar informa\u00e7\u00f5es complexas em conte\u00fados acess\u00edveis, relevantes e de alto valor para quem sonha com uma carreira no servi\u00e7o p\u00fablico.\",\"url\":\"https:\/\/www.estrategiaconcursos.com.br\/blog\/author\/barbara-santos\/\"}]}<\/script>\n<!-- \/ Yoast SEO Premium plugin. -->","yoast_head_json":{"title":"Gabarito extraoficial TRF 2 - Agente da Pol\u00edcia Judicial","description":"Foi realizada neste domingo a prova do concurso TRF 2 para Agente da Pol\u00edcia Judicial. Confira seu desempenho no site!","robots":{"index":"index","follow":"follow","max-snippet":"max-snippet:-1","max-image-preview":"max-image-preview:large","max-video-preview":"max-video-preview:-1"},"canonical":"https:\/\/www.estrategiaconcursos.com.br\/blog\/gabarito-extraoficial-trf-2-agente-policia-judicial\/","og_locale":"pt_BR","og_type":"article","og_title":"Gabarito extraoficial TRF 2 - Agente da Pol\u00edcia Judicial","og_description":"Foi realizada neste domingo a prova do concurso TRF 2 para Agente da Pol\u00edcia Judicial. Confira seu desempenho no site!","og_url":"https:\/\/www.estrategiaconcursos.com.br\/blog\/gabarito-extraoficial-trf-2-agente-policia-judicial\/","og_site_name":"Estrat\u00e9gia Concursos","article_published_time":"2024-07-08T00:21:46+00:00","article_modified_time":"2024-07-08T11:28:57+00:00","og_image":[{"width":1280,"height":720,"url":"https:\/\/dhg1h5j42swfq.cloudfront.net\/2024\/07\/07211348\/ytb.jpg","type":"image\/jpeg"}],"author":"B\u00e1rbara Carvalho Santos","twitter_card":"summary_large_image","twitter_creator":"@EstratConcursos","twitter_site":"@EstratConcursos","twitter_misc":{"Escrito por":"B\u00e1rbara Carvalho Santos","Est. tempo de leitura":"5 minutos"},"schema":{"@context":"https:\/\/schema.org","@graph":[{"@type":"NewsArticle","@id":"https:\/\/www.estrategiaconcursos.com.br\/blog\/gabarito-extraoficial-trf-2-agente-policia-judicial\/#article","isPartOf":{"@id":"https:\/\/www.estrategiaconcursos.com.br\/blog\/gabarito-extraoficial-trf-2-agente-policia-judicial\/"},"author":{"name":"B\u00e1rbara Carvalho Santos","@id":"https:\/\/www.estrategiaconcursos.com.br\/blog\/#\/schema\/person\/e3882259fa157d54c44c21f4ee4e0e60"},"headline":"Gabarito extraoficial TRF 2 &#8211; Agente da Pol\u00edcia Judicial","datePublished":"2024-07-08T00:21:46+00:00","dateModified":"2024-07-08T11:28:57+00:00","mainEntityOfPage":{"@id":"https:\/\/www.estrategiaconcursos.com.br\/blog\/gabarito-extraoficial-trf-2-agente-policia-judicial\/"},"wordCount":1066,"commentCount":0,"publisher":{"@id":"https:\/\/www.estrategiaconcursos.com.br\/blog\/#organization"},"image":{"@id":"https:\/\/www.estrategiaconcursos.com.br\/blog\/gabarito-extraoficial-trf-2-agente-policia-judicial\/#primaryimage"},"thumbnailUrl":"https:\/\/dhg1h5j42swfq.cloudfront.net\/2024\/07\/07211348\/ytb.jpg","articleSection":["Tribunais"],"inLanguage":"pt-BR","potentialAction":[{"@type":"CommentAction","name":"Comment","target":["https:\/\/www.estrategiaconcursos.com.br\/blog\/gabarito-extraoficial-trf-2-agente-policia-judicial\/#respond"]}],"copyrightYear":"2024","copyrightHolder":{"@id":"https:\/\/www.estrategiaconcursos.com.br\/blog\/#organization"}},{"@type":"WebPage","@id":"https:\/\/www.estrategiaconcursos.com.br\/blog\/gabarito-extraoficial-trf-2-agente-policia-judicial\/","url":"https:\/\/www.estrategiaconcursos.com.br\/blog\/gabarito-extraoficial-trf-2-agente-policia-judicial\/","name":"Gabarito extraoficial TRF 2 - Agente da Pol\u00edcia Judicial","isPartOf":{"@id":"https:\/\/www.estrategiaconcursos.com.br\/blog\/#website"},"primaryImageOfPage":{"@id":"https:\/\/www.estrategiaconcursos.com.br\/blog\/gabarito-extraoficial-trf-2-agente-policia-judicial\/#primaryimage"},"image":{"@id":"https:\/\/www.estrategiaconcursos.com.br\/blog\/gabarito-extraoficial-trf-2-agente-policia-judicial\/#primaryimage"},"thumbnailUrl":"https:\/\/dhg1h5j42swfq.cloudfront.net\/2024\/07\/07211348\/ytb.jpg","datePublished":"2024-07-08T00:21:46+00:00","dateModified":"2024-07-08T11:28:57+00:00","description":"Foi realizada neste domingo a prova do concurso TRF 2 para Agente da Pol\u00edcia Judicial. Confira seu desempenho no site!","breadcrumb":{"@id":"https:\/\/www.estrategiaconcursos.com.br\/blog\/gabarito-extraoficial-trf-2-agente-policia-judicial\/#breadcrumb"},"inLanguage":"pt-BR","potentialAction":[{"@type":"ReadAction","target":["https:\/\/www.estrategiaconcursos.com.br\/blog\/gabarito-extraoficial-trf-2-agente-policia-judicial\/"]}]},{"@type":"ImageObject","inLanguage":"pt-BR","@id":"https:\/\/www.estrategiaconcursos.com.br\/blog\/gabarito-extraoficial-trf-2-agente-policia-judicial\/#primaryimage","url":"https:\/\/dhg1h5j42swfq.cloudfront.net\/2024\/07\/07211348\/ytb.jpg","contentUrl":"https:\/\/dhg1h5j42swfq.cloudfront.net\/2024\/07\/07211348\/ytb.jpg","width":1280,"height":720},{"@type":"BreadcrumbList","@id":"https:\/\/www.estrategiaconcursos.com.br\/blog\/gabarito-extraoficial-trf-2-agente-policia-judicial\/#breadcrumb","itemListElement":[{"@type":"ListItem","position":1,"name":"In\u00edcio","item":"https:\/\/www.estrategiaconcursos.com.br\/blog\/"},{"@type":"ListItem","position":2,"name":"Gabarito extraoficial TRF 2 &#8211; Agente da Pol\u00edcia Judicial"}]},{"@type":"WebSite","@id":"https:\/\/www.estrategiaconcursos.com.br\/blog\/#website","url":"https:\/\/www.estrategiaconcursos.com.br\/blog\/","name":"Estrat\u00e9gia Concursos","description":"O blog da Estrat\u00e9gia Concursos traz not\u00edcias sobre concursos e artigos de professores oferecendo cursos para concursos (pdf + videaulas) no site.","publisher":{"@id":"https:\/\/www.estrategiaconcursos.com.br\/blog\/#organization"},"potentialAction":[{"@type":"SearchAction","target":{"@type":"EntryPoint","urlTemplate":"https:\/\/www.estrategiaconcursos.com.br\/blog\/?s={search_term_string}"},"query-input":{"@type":"PropertyValueSpecification","valueRequired":true,"valueName":"search_term_string"}}],"inLanguage":"pt-BR"},{"@type":"Organization","@id":"https:\/\/www.estrategiaconcursos.com.br\/blog\/#organization","name":"Estrat\u00e9gia Concursos","url":"https:\/\/www.estrategiaconcursos.com.br\/blog\/","logo":{"@type":"ImageObject","inLanguage":"pt-BR","@id":"https:\/\/www.estrategiaconcursos.com.br\/blog\/#\/schema\/logo\/image\/","url":"https:\/\/dhg1h5j42swfq.cloudfront.net\/2025\/06\/03203428\/logo_concursos-1.jpg","contentUrl":"https:\/\/dhg1h5j42swfq.cloudfront.net\/2025\/06\/03203428\/logo_concursos-1.jpg","width":230,"height":60,"caption":"Estrat\u00e9gia Concursos"},"image":{"@id":"https:\/\/www.estrategiaconcursos.com.br\/blog\/#\/schema\/logo\/image\/"},"sameAs":["https:\/\/x.com\/EstratConcursos"]},{"@type":"Person","@id":"https:\/\/www.estrategiaconcursos.com.br\/blog\/#\/schema\/person\/e3882259fa157d54c44c21f4ee4e0e60","name":"B\u00e1rbara Carvalho Santos","image":{"@type":"ImageObject","inLanguage":"pt-BR","@id":"https:\/\/secure.gravatar.com\/avatar\/353300f73140f779692b9be2b39f434d1341e4e34c7f55bd5a990fe29ef352eb?s=96&d=mm&r=g","url":"https:\/\/secure.gravatar.com\/avatar\/353300f73140f779692b9be2b39f434d1341e4e34c7f55bd5a990fe29ef352eb?s=96&d=mm&r=g","contentUrl":"https:\/\/secure.gravatar.com\/avatar\/353300f73140f779692b9be2b39f434d1341e4e34c7f55bd5a990fe29ef352eb?s=96&d=mm&r=g","caption":"B\u00e1rbara Carvalho Santos"},"description":"M\u00e3e e jornalista formada pela UNIP, possui ampla experi\u00eancia na cobertura de entretenimento em grandes ve\u00edculos, como o site da CNN, RedeTV! e Estrat\u00e9gia Educacional. Atuou tamb\u00e9m em ag\u00eancias de marketing, produtoras musicais e assessorias de imprensa, com foco especial no trabalho com personalidades p\u00fablicas. Atualmente, integra a equipe do Estrat\u00e9gia Concursos, onde \u00e9 respons\u00e1vel pela produ\u00e7\u00e3o de conte\u00fados estrat\u00e9gicos voltados para o setor de concursos p\u00fablicos, com destaque para a \u00e1rea fiscal, gest\u00e3o, controle, concursos administrativos e Minist\u00e9rios participantes do CNU, al\u00e9m de diversos \u00f3rg\u00e3os federais. Tem como miss\u00e3o transformar informa\u00e7\u00f5es complexas em conte\u00fados acess\u00edveis, relevantes e de alto valor para quem sonha com uma carreira no servi\u00e7o p\u00fablico.","url":"https:\/\/www.estrategiaconcursos.com.br\/blog\/author\/barbara-santos\/"}]}},"_links":{"self":[{"href":"https:\/\/www.estrategiaconcursos.com.br\/blog\/wp-json\/wp\/v2\/posts\/1426305","targetHints":{"allow":["GET"]}}],"collection":[{"href":"https:\/\/www.estrategiaconcursos.com.br\/blog\/wp-json\/wp\/v2\/posts"}],"about":[{"href":"https:\/\/www.estrategiaconcursos.com.br\/blog\/wp-json\/wp\/v2\/types\/post"}],"author":[{"embeddable":true,"href":"https:\/\/www.estrategiaconcursos.com.br\/blog\/wp-json\/wp\/v2\/users\/2018"}],"replies":[{"embeddable":true,"href":"https:\/\/www.estrategiaconcursos.com.br\/blog\/wp-json\/wp\/v2\/comments?post=1426305"}],"version-history":[{"count":22,"href":"https:\/\/www.estrategiaconcursos.com.br\/blog\/wp-json\/wp\/v2\/posts\/1426305\/revisions"}],"predecessor-version":[{"id":1426369,"href":"https:\/\/www.estrategiaconcursos.com.br\/blog\/wp-json\/wp\/v2\/posts\/1426305\/revisions\/1426369"}],"wp:featuredmedia":[{"embeddable":true,"href":"https:\/\/www.estrategiaconcursos.com.br\/blog\/wp-json\/wp\/v2\/media\/1426315"}],"wp:attachment":[{"href":"https:\/\/www.estrategiaconcursos.com.br\/blog\/wp-json\/wp\/v2\/media?parent=1426305"}],"wp:term":[{"taxonomy":"category","embeddable":true,"href":"https:\/\/www.estrategiaconcursos.com.br\/blog\/wp-json\/wp\/v2\/categories?post=1426305"},{"taxonomy":"post_tag","embeddable":true,"href":"https:\/\/www.estrategiaconcursos.com.br\/blog\/wp-json\/wp\/v2\/tags?post=1426305"},{"taxonomy":"tax_estado","embeddable":true,"href":"https:\/\/www.estrategiaconcursos.com.br\/blog\/wp-json\/wp\/v2\/tax_estado?post=1426305"}],"curies":[{"name":"wp","href":"https:\/\/api.w.org\/{rel}","templated":true}]}}