{"id":1425002,"date":"2024-07-04T14:00:00","date_gmt":"2024-07-04T17:00:00","guid":{"rendered":"https:\/\/www.estrategiaconcursos.com.br\/blog\/?p=1425002"},"modified":"2024-07-04T14:54:16","modified_gmt":"2024-07-04T17:54:16","slug":"nova-edicao-cnu-orcamento-de-2025","status":"publish","type":"post","link":"https:\/\/www.estrategiaconcursos.com.br\/blog\/nova-edicao-cnu-orcamento-de-2025\/","title":{"rendered":"Nova edi\u00e7\u00e3o do CNU depender\u00e1 do Or\u00e7amento de 2025"},"content":{"rendered":"\n<p>Durante coletiva realizada na manh\u00e3 desta quinta-feira, 4 de julho, a ministra da Gest\u00e3o e Inova\u00e7\u00e3o em Servi\u00e7os P\u00fablicos (<a href=\"https:\/\/www.gov.br\/gestao\/pt-br\" target=\"_blank\" rel=\"noreferrer noopener\">MGI<\/a>), Esther Dweck, informou que a realiza\u00e7\u00e3o de um novo&nbsp;<strong>Concurso Nacional Unificado (CNU)<\/strong>, mais conhecido como \u201c<a href=\"https:\/\/www.estrategiaconcursos.com.br\/cursosPorConcurso\/concurso-nacional-unificado-cnu\/\" target=\"_blank\" rel=\"noreferrer noopener\"><strong>Enem dos Concursos<\/strong><\/a>\u201d, depender\u00e1 da disponibilidade do Projeto de Leis Or\u00e7ament\u00e1rias.<\/p>\n\n\n\n<blockquote class=\"wp-block-quote is-layout-flow wp-block-quote-is-layout-flow\">\n<p>&#8220;<em>A nossa ideia \u00e9 que tenhamos algumas autoriza\u00e7\u00f5es esse ano. Estamos discutindo para ver a viabilidade de novas vagas ano que vem. E tentar casar as vagas ainda desse ano com as do ano que vem para a realiza\u00e7\u00e3o de um novo concurso&#8221;, <\/em><a href=\"https:\/\/www.gov.br\/gestao\/pt-br\/assuntos\/noticias\/2024\/julho\/concurso-nacional-novo-cronograma-e-novidades-no-edital\" target=\"_blank\" rel=\"noreferrer noopener\">disse<\/a><em>. <\/em><\/p>\n\n\n\n<p>Dweck enfatizou que a decis\u00e3o &#8220;<strong>ainda n\u00e3o est\u00e1 completamente tomada<\/strong>&#8220;, pois &#8220;depende da disponibilidade or\u00e7ament\u00e1ria e de v\u00e1rios outros fatores&#8221;. \u201cAssim, no envio do Projeto de Lei Or\u00e7ament\u00e1ria vai ficar mais claro o cen\u00e1rio para o ano que vem, que vai permitir ou n\u00e3o a realiza\u00e7\u00e3o de um novo Concurso Unificado\u201d, disse<\/p>\n<\/blockquote>\n\n\n\n<p>A ministra ainda destacou que n\u00e3o ser\u00e1 realizada uma coletiva para an\u00fancio das vagas, mas que\u00a0<strong>as autoriza\u00e7\u00f5es ser\u00e3o divulgadas aos poucos<\/strong>, conforme resultados dos estudos de dimensionamento de pessoal.<\/p>\n\n\n\n<p>Para os<strong> concursos ambientais j\u00e1 aprovados<\/strong>, \u00e9 prov\u00e1vel que n\u00e3o haja tempo para esperar pelo <strong>CNU 2.0<\/strong>, devido \u00e0 necessidade imediata de contratar novos servidores para essa \u00e1rea.<\/p>\n\n\n\n<figure class=\"wp-block-image aligncenter size-full\"><img loading=\"lazy\" decoding=\"async\" width=\"711\" height=\"371\" src=\"https:\/\/dhg1h5j42swfq.cloudfront.net\/2024\/07\/04145235\/image-166.png\" alt=\"Nova edi\u00e7\u00e3o do CNU depender\u00e1 do Or\u00e7amento de 2025\" class=\"wp-image-1425176\" srcset=\"https:\/\/dhg1h5j42swfq.cloudfront.net\/2024\/07\/04145235\/image-166.png 711w, https:\/\/dhg1h5j42swfq.cloudfront.net\/2024\/07\/04145235\/image-166-300x157.png 300w, https:\/\/dhg1h5j42swfq.cloudfront.net\/2024\/07\/04145235\/image-166-610x318.png 610w, https:\/\/dhg1h5j42swfq.cloudfront.net\/2024\/07\/04145235\/image-166-150x78.png 150w\" sizes=\"auto, (max-width: 711px) 100vw, 711px\" \/><figcaption class=\"wp-element-caption\">Nova edi\u00e7\u00e3o do CNU depender\u00e1 do Or\u00e7amento de 2025<\/figcaption><\/figure>\n\n\n\n<h3 class=\"wp-block-heading\" id=\"h-novo-cronograma-cnu-divulgado\">Novo cronograma CNU divulgado<\/h3>\n\n\n\n<p>Por conta do adiamento das avalia\u00e7\u00f5es, quem n\u00e3o puder realizar a prova na nova data (18\/08), poder\u00e1 solicitar a<strong>\u00a0devolu\u00e7\u00e3o da taxa<\/strong>, no per\u00edodo entre <strong>05 e 07 de julho<\/strong>.<\/p>\n\n\n\n<p>Al\u00e9m disso, no mesmo per\u00edodo mencionado acima, ser\u00e1 aberta a possibilidade de<strong>&nbsp;altera\u00e7\u00e3o de cidade<\/strong>&nbsp;para realiza\u00e7\u00e3o da prova, apenas para as seguintes condi\u00e7\u00f5es:<\/p>\n\n\n\n<ul class=\"wp-block-list\">\n<li>Candidatos com CEP de resid\u00eancia no RS que fariam prova em outros estados; e<\/li>\n\n\n\n<li>Candidatos com CEP de resid\u00eancia de outros estados que fariam as provas no RS.<\/li>\n<\/ul>\n\n\n\n<figure class=\"wp-block-table is-style-stripes\"><table class=\"has-fixed-layout\"><tbody><tr><td class=\"has-text-align-center\" data-align=\"center\"><strong>4 de julho<\/strong><\/td><td class=\"has-text-align-center\" data-align=\"center\">Publica\u00e7\u00e3o de Decreto e retifica\u00e7\u00e3o do Edital;<\/td><\/tr><tr><td class=\"has-text-align-center\" data-align=\"center\"><strong>5 a 7 de julho<\/strong><\/td><td class=\"has-text-align-center\" data-align=\"center\">Disponibiliza\u00e7\u00e3o de sistema para os candidatos do Rio Grande do Sul que fariam prova em outros estados ou candidatos de outros estados que fariam prova no RS solicitarem altera\u00e7\u00e3o do polo de provas e para candidatos de todo o Brasil solicitarem devolu\u00e7\u00e3o da taxa de inscri\u00e7\u00e3o;<\/td><\/tr><tr><td class=\"has-text-align-center\" data-align=\"center\"><strong>7 de agosto<\/strong><\/td><td class=\"has-text-align-center\" data-align=\"center\">Disponibiliza\u00e7\u00e3o dos Cart\u00f5es de Confirma\u00e7\u00e3o;<\/td><\/tr><tr><td class=\"has-text-align-center\" data-align=\"center\"><strong>18 de agosto<\/strong><\/td><td class=\"has-text-align-center\" data-align=\"center\">Aplica\u00e7\u00e3o das provas;<\/td><\/tr><tr><td class=\"has-text-align-center\" data-align=\"center\"><strong>18 de agosto<\/strong><\/td><td class=\"has-text-align-center\" data-align=\"center\">Divulga\u00e7\u00e3o dos cadernos de provas (PDFs dispon\u00edveis ap\u00f3s \u00e0s 20h);<\/td><\/tr><tr><td class=\"has-text-align-center\" data-align=\"center\"><strong>20 de agosto<\/strong><\/td><td class=\"has-text-align-center\" data-align=\"center\">Divulga\u00e7\u00e3o preliminar dos gabaritos das provas objetivas;<\/td><\/tr><tr><td class=\"has-text-align-center\" data-align=\"center\"><strong>20 e 21 de agosto<\/strong><\/td><td class=\"has-text-align-center\" data-align=\"center\">Prazo para interposi\u00e7\u00e3o de eventuais recursos quanto \u00e0s quest\u00f5es formuladas e\/ou aos gabaritos divulgados;<\/td><\/tr><tr><td class=\"has-text-align-center\" data-align=\"center\"><strong>10 de setembro<\/strong><\/td><td class=\"has-text-align-center\" data-align=\"center\">Disponibiliza\u00e7\u00e3o da imagem do Cart\u00e3o-Resposta;<\/td><\/tr><tr><td class=\"has-text-align-center\" data-align=\"center\"><strong>8 de outubro<\/strong><\/td><td class=\"has-text-align-center\" data-align=\"center\">Divulga\u00e7\u00e3o das notas finais das provas objetivas e da nota preliminar da discursiva;<\/td><\/tr><tr><td class=\"has-text-align-center\" data-align=\"center\"><strong>21 de novembro<\/strong><\/td><td class=\"has-text-align-center\" data-align=\"center\">Divulga\u00e7\u00e3o final dos resultados;<\/td><\/tr><tr><td class=\"has-text-align-center\" data-align=\"center\"><strong>Janeiro 2025<\/strong><\/td><td class=\"has-text-align-center\" data-align=\"center\">In\u00edcio da convoca\u00e7\u00e3o para posse e cursos de forma\u00e7\u00e3o.<\/td><\/tr><\/tbody><\/table><\/figure>\n\n\n<figure class=\"wp-block-embed-youtube wp-block-embed is-type-video is-provider-youtube wp-embed-aspect-16-9 wp-has-aspect-ratio\"><div class=\"lyte-wrapper\" style=\"width:853px;max-width:100%;margin:5px;\"><div class=\"lyMe\" id=\"WYL_fZPTpT7T_9U\"><div id=\"lyte_fZPTpT7T_9U\" data-src=\"\/\/i.ytimg.com\/vi\/fZPTpT7T_9U\/hqdefault.jpg\" class=\"pL\"><div class=\"tC\"><div class=\"tT\"><\/div><\/div><div class=\"play\"><\/div><div class=\"ctrl\"><div class=\"Lctrl\"><\/div><div class=\"Rctrl\"><\/div><\/div><\/div><noscript><a href=\"https:\/\/youtu.be\/fZPTpT7T_9U\" rel=\"nofollow\"><img loading=\"lazy\" decoding=\"async\" src=\"https:\/\/i.ytimg.com\/vi\/fZPTpT7T_9U\/0.jpg\" alt=\"YouTube video thumbnail\" width=\"853\" height=\"460\" \/><br \/>Assista a este v\u00eddeo no YouTube<\/a><\/noscript><\/div><\/div><div class=\"lL\" style=\"max-width:100%;width:853px;margin:5px;\"><\/div><figcaption><\/figcaption><\/figure>\n\n\n<p class=\"has-text-align-center\"><em>Se voc\u00ea deseja saber mais detalhes acerca do CNU, cuja nova edi\u00e7\u00e3o depender\u00e1 do or\u00e7amento de 2025, acesse agora mesmo o artigo exclusivo e muito mais completo que preparamos para voc\u00ea:<\/em><\/p>\n\n\n\n<p class=\"has-text-align-center has-background\" style=\"background-color:#f6f6f6;font-size:clamp(15.197px, 0.95rem + ((1vw - 3.2px) * 0.765), 23px);\"><strong>Saiba mais: <a href=\"https:\/\/www.estrategiaconcursos.com.br\/blog\/concurso-nacional-unificado\/\" target=\"_blank\" rel=\"noreferrer noopener\">Concurso Nacional Unificado<\/a> <\/strong><\/p>\n\n\n\n<hr class=\"wp-block-separator has-alpha-channel-opacity\"\/>\n\n\n\n<h2 class=\"wp-block-heading has-text-align-center\" id=\"cursos-assinatura\"><em>Quer estudar para as provas do Concurso Unificado (CNU)?<\/em><\/h2>\n\n\n\n<div class=\"container\" id=\"boxes\">\n  <div class=\"row\">\n\n    <div class=\"col-sm\">\n      <div class=\"banner-federais\" id=\"box-assinatura\">\n        <h2 class=\"titulo-assinatura\" style=\"text-align: left;\">Cursos para o CNU<\/h2>\n        <p class=\"subtitulo-assinatura\" style=\"text-align: left;\">Prepare-se para o &#8220;Enem dos Concursos&#8221;!<\/p>\n        <div class=\"box-botao\" style=\"text-align: left;\">\n          <a class=\"btn-assinatura\" target=\"_blank\" href=\"https:\/\/www.estrategiaconcursos.com.br\/cursosPorConcurso\/concurso-nacional-unificado-cnu\/\" role=\"button\" rel=\"noopener noreferrer\">Confira os pacotes!<\/a>\n        <\/div>\n      <\/div><\/div><\/div><\/div>\n\n\n\n<div class=\"container\" id=\"boxes\">\r\n  <div class=\"row\">\r\n\r\n    <div class=\"col-sm\">\r\n      <div class=\"estrategia\" id=\"box-assinatura\">\r\n        <h3 class=\"titulo-assinatura\">Assinatura Concursos<\/h3>\r\n        <p class=\"subtitulo-assinatura\">Assinatura de 1 ano ou 2 anos<\/p>\r\n        <div class=\"box-botao\">\r\n          <a class=\"btn-assinatura\" target=\"_blank\" href=\"https:\/\/www.estrategiaconcursos.com.br\/assinaturas\/\" role=\"button\" rel=\"noopener noreferrer\">ASSINE AGORA<\/a>\r\n        <\/div>\r\n      <\/div><\/div><\/div><\/div>\n\n\n\n<h2 class=\"wp-block-heading has-text-align-center\" id=\"h-quer-saber-tudo-sobre-concursos-previstos-confira-os-nossos-artigos\">Quer saber tudo sobre concursos previstos?<br \/>Confira os nossos artigos!<\/h2>\n\n\n\n<ul class=\"wp-block-list\">\n<li><a href=\"https:\/\/www.estrategiaconcursos.com.br\/blog\/concursos-abertos\/\" target=\"_blank\" rel=\"noreferrer noopener\">Concursos Abertos<\/a><\/li>\n\n\n\n<li><a href=\"https:\/\/www.estrategiaconcursos.com.br\/blog\/concursos-federais-2023\/\" target=\"_blank\" rel=\"noreferrer noopener\">Concursos Federais<\/a><\/li>\n\n\n\n<li><a href=\"https:\/\/www.estrategiaconcursos.com.br\/blog\/concursos-2024\/\" target=\"_blank\" rel=\"noreferrer noopener\">Concursos 2024<\/a><\/li>\n<\/ul>\n","protected":false},"excerpt":{"rendered":"<p>Durante coletiva realizada na manh\u00e3 desta quinta-feira, 4 de julho, a ministra da Gest\u00e3o e Inova\u00e7\u00e3o em Servi\u00e7os P\u00fablicos (MGI), Esther Dweck, informou que a realiza\u00e7\u00e3o de um novo&nbsp;Concurso Nacional Unificado (CNU), mais conhecido como \u201cEnem dos Concursos\u201d, depender\u00e1 da disponibilidade do Projeto de Leis Or\u00e7ament\u00e1rias. &#8220;A nossa ideia \u00e9 que tenhamos algumas autoriza\u00e7\u00f5es esse [&hellip;]<\/p>\n","protected":false},"author":2018,"featured_media":1270513,"comment_status":"open","ping_status":"closed","sticky":false,"template":"","format":"standard","meta":{"post_tipo":"news","footnotes":""},"categories":[214992,220219],"tags":[],"tax_estado":[219963],"class_list":["post-1425002","post","type-post","status-publish","format-standard","has-post-thumbnail","hentry","category-concursos-administrativos","category-noticias","tax_estado-concursos-federais"],"acf":[],"yoast_head":"<!-- This site is optimized with the Yoast SEO Premium plugin v27.2 (Yoast SEO v27.2) - https:\/\/yoast.com\/product\/yoast-seo-premium-wordpress\/ -->\n<title>Nova edi\u00e7\u00e3o do CNU depender\u00e1 do Or\u00e7amento de 2025<\/title>\n<meta name=\"description\" content=\"Saiba mais sobre o Concurso Nacional Unificado (CNU) e como a realiza\u00e7\u00e3o do mesmo depende do or\u00e7amento previsto.\" \/>\n<meta name=\"robots\" content=\"index, follow, max-snippet:-1, max-image-preview:large, max-video-preview:-1\" \/>\n<link rel=\"canonical\" href=\"https:\/\/www.estrategiaconcursos.com.br\/blog\/nova-edicao-cnu-orcamento-de-2025\/\" \/>\n<meta property=\"og:locale\" content=\"pt_BR\" \/>\n<meta property=\"og:type\" content=\"article\" \/>\n<meta property=\"og:title\" content=\"Nova edi\u00e7\u00e3o do CNU depender\u00e1 do Or\u00e7amento de 2025\" \/>\n<meta property=\"og:description\" content=\"Saiba mais sobre o Concurso Nacional Unificado (CNU) e como a realiza\u00e7\u00e3o do mesmo depende do or\u00e7amento previsto.\" \/>\n<meta property=\"og:url\" content=\"https:\/\/www.estrategiaconcursos.com.br\/blog\/nova-edicao-cnu-orcamento-de-2025\/\" \/>\n<meta property=\"og:site_name\" content=\"Estrat\u00e9gia Concursos\" \/>\n<meta property=\"article:published_time\" content=\"2024-07-04T17:00:00+00:00\" \/>\n<meta property=\"article:modified_time\" content=\"2024-07-04T17:54:16+00:00\" \/>\n<meta property=\"og:image\" content=\"https:\/\/dhg1h5j42swfq.cloudfront.net\/2023\/08\/29075651\/concurso-nacional-unificado.jpg\" \/>\n\t<meta property=\"og:image:width\" content=\"768\" \/>\n\t<meta property=\"og:image:height\" content=\"432\" \/>\n\t<meta property=\"og:image:type\" content=\"image\/jpeg\" \/>\n<meta name=\"author\" content=\"B\u00e1rbara Carvalho Santos\" \/>\n<meta name=\"twitter:card\" content=\"summary_large_image\" \/>\n<meta name=\"twitter:creator\" content=\"@EstratConcursos\" \/>\n<meta name=\"twitter:site\" content=\"@EstratConcursos\" \/>\n<meta name=\"twitter:label1\" content=\"Escrito por\" \/>\n\t<meta name=\"twitter:data1\" content=\"B\u00e1rbara Carvalho Santos\" \/>\n\t<meta name=\"twitter:label2\" content=\"Est. tempo de leitura\" \/>\n\t<meta name=\"twitter:data2\" content=\"3 minutos\" \/>\n<script type=\"application\/ld+json\" class=\"yoast-schema-graph\">{\"@context\":\"https:\/\/schema.org\",\"@graph\":[{\"@type\":\"NewsArticle\",\"@id\":\"https:\/\/www.estrategiaconcursos.com.br\/blog\/nova-edicao-cnu-orcamento-de-2025\/#article\",\"isPartOf\":{\"@id\":\"https:\/\/www.estrategiaconcursos.com.br\/blog\/nova-edicao-cnu-orcamento-de-2025\/\"},\"author\":{\"name\":\"B\u00e1rbara Carvalho Santos\",\"@id\":\"https:\/\/www.estrategiaconcursos.com.br\/blog\/#\/schema\/person\/e3882259fa157d54c44c21f4ee4e0e60\"},\"headline\":\"Nova edi\u00e7\u00e3o do CNU depender\u00e1 do Or\u00e7amento de 2025\",\"datePublished\":\"2024-07-04T17:00:00+00:00\",\"dateModified\":\"2024-07-04T17:54:16+00:00\",\"mainEntityOfPage\":{\"@id\":\"https:\/\/www.estrategiaconcursos.com.br\/blog\/nova-edicao-cnu-orcamento-de-2025\/\"},\"wordCount\":600,\"commentCount\":0,\"publisher\":{\"@id\":\"https:\/\/www.estrategiaconcursos.com.br\/blog\/#organization\"},\"image\":{\"@id\":\"https:\/\/www.estrategiaconcursos.com.br\/blog\/nova-edicao-cnu-orcamento-de-2025\/#primaryimage\"},\"thumbnailUrl\":\"https:\/\/dhg1h5j42swfq.cloudfront.net\/2023\/08\/29075651\/concurso-nacional-unificado.jpg\",\"articleSection\":[\"Executivo (Administrativa)\",\"\u00daltimas not\u00edcias\"],\"inLanguage\":\"pt-BR\",\"potentialAction\":[{\"@type\":\"CommentAction\",\"name\":\"Comment\",\"target\":[\"https:\/\/www.estrategiaconcursos.com.br\/blog\/nova-edicao-cnu-orcamento-de-2025\/#respond\"]}],\"copyrightYear\":\"2024\",\"copyrightHolder\":{\"@id\":\"https:\/\/www.estrategiaconcursos.com.br\/blog\/#organization\"}},{\"@type\":\"WebPage\",\"@id\":\"https:\/\/www.estrategiaconcursos.com.br\/blog\/nova-edicao-cnu-orcamento-de-2025\/\",\"url\":\"https:\/\/www.estrategiaconcursos.com.br\/blog\/nova-edicao-cnu-orcamento-de-2025\/\",\"name\":\"Nova edi\u00e7\u00e3o do CNU depender\u00e1 do Or\u00e7amento de 2025\",\"isPartOf\":{\"@id\":\"https:\/\/www.estrategiaconcursos.com.br\/blog\/#website\"},\"primaryImageOfPage\":{\"@id\":\"https:\/\/www.estrategiaconcursos.com.br\/blog\/nova-edicao-cnu-orcamento-de-2025\/#primaryimage\"},\"image\":{\"@id\":\"https:\/\/www.estrategiaconcursos.com.br\/blog\/nova-edicao-cnu-orcamento-de-2025\/#primaryimage\"},\"thumbnailUrl\":\"https:\/\/dhg1h5j42swfq.cloudfront.net\/2023\/08\/29075651\/concurso-nacional-unificado.jpg\",\"datePublished\":\"2024-07-04T17:00:00+00:00\",\"dateModified\":\"2024-07-04T17:54:16+00:00\",\"description\":\"Saiba mais sobre o Concurso Nacional Unificado (CNU) e como a realiza\u00e7\u00e3o do mesmo depende do or\u00e7amento previsto.\",\"breadcrumb\":{\"@id\":\"https:\/\/www.estrategiaconcursos.com.br\/blog\/nova-edicao-cnu-orcamento-de-2025\/#breadcrumb\"},\"inLanguage\":\"pt-BR\",\"potentialAction\":[{\"@type\":\"ReadAction\",\"target\":[\"https:\/\/www.estrategiaconcursos.com.br\/blog\/nova-edicao-cnu-orcamento-de-2025\/\"]}]},{\"@type\":\"ImageObject\",\"inLanguage\":\"pt-BR\",\"@id\":\"https:\/\/www.estrategiaconcursos.com.br\/blog\/nova-edicao-cnu-orcamento-de-2025\/#primaryimage\",\"url\":\"https:\/\/dhg1h5j42swfq.cloudfront.net\/2023\/08\/29075651\/concurso-nacional-unificado.jpg\",\"contentUrl\":\"https:\/\/dhg1h5j42swfq.cloudfront.net\/2023\/08\/29075651\/concurso-nacional-unificado.jpg\",\"width\":768,\"height\":432,\"caption\":\"CNU 2: saiu convoca\u00e7\u00e3o para Fase 6; cronograma atualizado\"},{\"@type\":\"BreadcrumbList\",\"@id\":\"https:\/\/www.estrategiaconcursos.com.br\/blog\/nova-edicao-cnu-orcamento-de-2025\/#breadcrumb\",\"itemListElement\":[{\"@type\":\"ListItem\",\"position\":1,\"name\":\"In\u00edcio\",\"item\":\"https:\/\/www.estrategiaconcursos.com.br\/blog\/\"},{\"@type\":\"ListItem\",\"position\":2,\"name\":\"Nova edi\u00e7\u00e3o do CNU depender\u00e1 do Or\u00e7amento de 2025\"}]},{\"@type\":\"WebSite\",\"@id\":\"https:\/\/www.estrategiaconcursos.com.br\/blog\/#website\",\"url\":\"https:\/\/www.estrategiaconcursos.com.br\/blog\/\",\"name\":\"Estrat\u00e9gia Concursos\",\"description\":\"O blog da Estrat\u00e9gia Concursos traz not\u00edcias sobre concursos e artigos de professores oferecendo cursos para concursos (pdf + videaulas) no site.\",\"publisher\":{\"@id\":\"https:\/\/www.estrategiaconcursos.com.br\/blog\/#organization\"},\"potentialAction\":[{\"@type\":\"SearchAction\",\"target\":{\"@type\":\"EntryPoint\",\"urlTemplate\":\"https:\/\/www.estrategiaconcursos.com.br\/blog\/?s={search_term_string}\"},\"query-input\":{\"@type\":\"PropertyValueSpecification\",\"valueRequired\":true,\"valueName\":\"search_term_string\"}}],\"inLanguage\":\"pt-BR\"},{\"@type\":\"Organization\",\"@id\":\"https:\/\/www.estrategiaconcursos.com.br\/blog\/#organization\",\"name\":\"Estrat\u00e9gia Concursos\",\"url\":\"https:\/\/www.estrategiaconcursos.com.br\/blog\/\",\"logo\":{\"@type\":\"ImageObject\",\"inLanguage\":\"pt-BR\",\"@id\":\"https:\/\/www.estrategiaconcursos.com.br\/blog\/#\/schema\/logo\/image\/\",\"url\":\"https:\/\/dhg1h5j42swfq.cloudfront.net\/2025\/06\/03203428\/logo_concursos-1.jpg\",\"contentUrl\":\"https:\/\/dhg1h5j42swfq.cloudfront.net\/2025\/06\/03203428\/logo_concursos-1.jpg\",\"width\":230,\"height\":60,\"caption\":\"Estrat\u00e9gia Concursos\"},\"image\":{\"@id\":\"https:\/\/www.estrategiaconcursos.com.br\/blog\/#\/schema\/logo\/image\/\"},\"sameAs\":[\"https:\/\/x.com\/EstratConcursos\"]},{\"@type\":\"Person\",\"@id\":\"https:\/\/www.estrategiaconcursos.com.br\/blog\/#\/schema\/person\/e3882259fa157d54c44c21f4ee4e0e60\",\"name\":\"B\u00e1rbara Carvalho Santos\",\"image\":{\"@type\":\"ImageObject\",\"inLanguage\":\"pt-BR\",\"@id\":\"https:\/\/secure.gravatar.com\/avatar\/353300f73140f779692b9be2b39f434d1341e4e34c7f55bd5a990fe29ef352eb?s=96&d=mm&r=g\",\"url\":\"https:\/\/secure.gravatar.com\/avatar\/353300f73140f779692b9be2b39f434d1341e4e34c7f55bd5a990fe29ef352eb?s=96&d=mm&r=g\",\"contentUrl\":\"https:\/\/secure.gravatar.com\/avatar\/353300f73140f779692b9be2b39f434d1341e4e34c7f55bd5a990fe29ef352eb?s=96&d=mm&r=g\",\"caption\":\"B\u00e1rbara Carvalho Santos\"},\"description\":\"M\u00e3e e jornalista formada pela UNIP, possui ampla experi\u00eancia na cobertura de entretenimento em grandes ve\u00edculos, como o site da CNN, RedeTV! e Estrat\u00e9gia Educacional. Atuou tamb\u00e9m em ag\u00eancias de marketing, produtoras musicais e assessorias de imprensa, com foco especial no trabalho com personalidades p\u00fablicas. Atualmente, integra a equipe do Estrat\u00e9gia Concursos, onde \u00e9 respons\u00e1vel pela produ\u00e7\u00e3o de conte\u00fados estrat\u00e9gicos voltados para o setor de concursos p\u00fablicos, com destaque para a \u00e1rea fiscal, gest\u00e3o, controle, concursos administrativos e Minist\u00e9rios participantes do CNU, al\u00e9m de diversos \u00f3rg\u00e3os federais. Tem como miss\u00e3o transformar informa\u00e7\u00f5es complexas em conte\u00fados acess\u00edveis, relevantes e de alto valor para quem sonha com uma carreira no servi\u00e7o p\u00fablico.\",\"url\":\"https:\/\/www.estrategiaconcursos.com.br\/blog\/author\/barbara-santos\/\"}]}<\/script>\n<!-- \/ Yoast SEO Premium plugin. -->","yoast_head_json":{"title":"Nova edi\u00e7\u00e3o do CNU depender\u00e1 do Or\u00e7amento de 2025","description":"Saiba mais sobre o Concurso Nacional Unificado (CNU) e como a realiza\u00e7\u00e3o do mesmo depende do or\u00e7amento previsto.","robots":{"index":"index","follow":"follow","max-snippet":"max-snippet:-1","max-image-preview":"max-image-preview:large","max-video-preview":"max-video-preview:-1"},"canonical":"https:\/\/www.estrategiaconcursos.com.br\/blog\/nova-edicao-cnu-orcamento-de-2025\/","og_locale":"pt_BR","og_type":"article","og_title":"Nova edi\u00e7\u00e3o do CNU depender\u00e1 do Or\u00e7amento de 2025","og_description":"Saiba mais sobre o Concurso Nacional Unificado (CNU) e como a realiza\u00e7\u00e3o do mesmo depende do or\u00e7amento previsto.","og_url":"https:\/\/www.estrategiaconcursos.com.br\/blog\/nova-edicao-cnu-orcamento-de-2025\/","og_site_name":"Estrat\u00e9gia Concursos","article_published_time":"2024-07-04T17:00:00+00:00","article_modified_time":"2024-07-04T17:54:16+00:00","og_image":[{"width":768,"height":432,"url":"https:\/\/dhg1h5j42swfq.cloudfront.net\/2023\/08\/29075651\/concurso-nacional-unificado.jpg","type":"image\/jpeg"}],"author":"B\u00e1rbara Carvalho Santos","twitter_card":"summary_large_image","twitter_creator":"@EstratConcursos","twitter_site":"@EstratConcursos","twitter_misc":{"Escrito por":"B\u00e1rbara Carvalho Santos","Est. tempo de leitura":"3 minutos"},"schema":{"@context":"https:\/\/schema.org","@graph":[{"@type":"NewsArticle","@id":"https:\/\/www.estrategiaconcursos.com.br\/blog\/nova-edicao-cnu-orcamento-de-2025\/#article","isPartOf":{"@id":"https:\/\/www.estrategiaconcursos.com.br\/blog\/nova-edicao-cnu-orcamento-de-2025\/"},"author":{"name":"B\u00e1rbara Carvalho Santos","@id":"https:\/\/www.estrategiaconcursos.com.br\/blog\/#\/schema\/person\/e3882259fa157d54c44c21f4ee4e0e60"},"headline":"Nova edi\u00e7\u00e3o do CNU depender\u00e1 do Or\u00e7amento de 2025","datePublished":"2024-07-04T17:00:00+00:00","dateModified":"2024-07-04T17:54:16+00:00","mainEntityOfPage":{"@id":"https:\/\/www.estrategiaconcursos.com.br\/blog\/nova-edicao-cnu-orcamento-de-2025\/"},"wordCount":600,"commentCount":0,"publisher":{"@id":"https:\/\/www.estrategiaconcursos.com.br\/blog\/#organization"},"image":{"@id":"https:\/\/www.estrategiaconcursos.com.br\/blog\/nova-edicao-cnu-orcamento-de-2025\/#primaryimage"},"thumbnailUrl":"https:\/\/dhg1h5j42swfq.cloudfront.net\/2023\/08\/29075651\/concurso-nacional-unificado.jpg","articleSection":["Executivo (Administrativa)","\u00daltimas not\u00edcias"],"inLanguage":"pt-BR","potentialAction":[{"@type":"CommentAction","name":"Comment","target":["https:\/\/www.estrategiaconcursos.com.br\/blog\/nova-edicao-cnu-orcamento-de-2025\/#respond"]}],"copyrightYear":"2024","copyrightHolder":{"@id":"https:\/\/www.estrategiaconcursos.com.br\/blog\/#organization"}},{"@type":"WebPage","@id":"https:\/\/www.estrategiaconcursos.com.br\/blog\/nova-edicao-cnu-orcamento-de-2025\/","url":"https:\/\/www.estrategiaconcursos.com.br\/blog\/nova-edicao-cnu-orcamento-de-2025\/","name":"Nova edi\u00e7\u00e3o do CNU depender\u00e1 do Or\u00e7amento de 2025","isPartOf":{"@id":"https:\/\/www.estrategiaconcursos.com.br\/blog\/#website"},"primaryImageOfPage":{"@id":"https:\/\/www.estrategiaconcursos.com.br\/blog\/nova-edicao-cnu-orcamento-de-2025\/#primaryimage"},"image":{"@id":"https:\/\/www.estrategiaconcursos.com.br\/blog\/nova-edicao-cnu-orcamento-de-2025\/#primaryimage"},"thumbnailUrl":"https:\/\/dhg1h5j42swfq.cloudfront.net\/2023\/08\/29075651\/concurso-nacional-unificado.jpg","datePublished":"2024-07-04T17:00:00+00:00","dateModified":"2024-07-04T17:54:16+00:00","description":"Saiba mais sobre o Concurso Nacional Unificado (CNU) e como a realiza\u00e7\u00e3o do mesmo depende do or\u00e7amento previsto.","breadcrumb":{"@id":"https:\/\/www.estrategiaconcursos.com.br\/blog\/nova-edicao-cnu-orcamento-de-2025\/#breadcrumb"},"inLanguage":"pt-BR","potentialAction":[{"@type":"ReadAction","target":["https:\/\/www.estrategiaconcursos.com.br\/blog\/nova-edicao-cnu-orcamento-de-2025\/"]}]},{"@type":"ImageObject","inLanguage":"pt-BR","@id":"https:\/\/www.estrategiaconcursos.com.br\/blog\/nova-edicao-cnu-orcamento-de-2025\/#primaryimage","url":"https:\/\/dhg1h5j42swfq.cloudfront.net\/2023\/08\/29075651\/concurso-nacional-unificado.jpg","contentUrl":"https:\/\/dhg1h5j42swfq.cloudfront.net\/2023\/08\/29075651\/concurso-nacional-unificado.jpg","width":768,"height":432,"caption":"CNU 2: saiu convoca\u00e7\u00e3o para Fase 6; cronograma atualizado"},{"@type":"BreadcrumbList","@id":"https:\/\/www.estrategiaconcursos.com.br\/blog\/nova-edicao-cnu-orcamento-de-2025\/#breadcrumb","itemListElement":[{"@type":"ListItem","position":1,"name":"In\u00edcio","item":"https:\/\/www.estrategiaconcursos.com.br\/blog\/"},{"@type":"ListItem","position":2,"name":"Nova edi\u00e7\u00e3o do CNU depender\u00e1 do Or\u00e7amento de 2025"}]},{"@type":"WebSite","@id":"https:\/\/www.estrategiaconcursos.com.br\/blog\/#website","url":"https:\/\/www.estrategiaconcursos.com.br\/blog\/","name":"Estrat\u00e9gia Concursos","description":"O blog da Estrat\u00e9gia Concursos traz not\u00edcias sobre concursos e artigos de professores oferecendo cursos para concursos (pdf + videaulas) no site.","publisher":{"@id":"https:\/\/www.estrategiaconcursos.com.br\/blog\/#organization"},"potentialAction":[{"@type":"SearchAction","target":{"@type":"EntryPoint","urlTemplate":"https:\/\/www.estrategiaconcursos.com.br\/blog\/?s={search_term_string}"},"query-input":{"@type":"PropertyValueSpecification","valueRequired":true,"valueName":"search_term_string"}}],"inLanguage":"pt-BR"},{"@type":"Organization","@id":"https:\/\/www.estrategiaconcursos.com.br\/blog\/#organization","name":"Estrat\u00e9gia Concursos","url":"https:\/\/www.estrategiaconcursos.com.br\/blog\/","logo":{"@type":"ImageObject","inLanguage":"pt-BR","@id":"https:\/\/www.estrategiaconcursos.com.br\/blog\/#\/schema\/logo\/image\/","url":"https:\/\/dhg1h5j42swfq.cloudfront.net\/2025\/06\/03203428\/logo_concursos-1.jpg","contentUrl":"https:\/\/dhg1h5j42swfq.cloudfront.net\/2025\/06\/03203428\/logo_concursos-1.jpg","width":230,"height":60,"caption":"Estrat\u00e9gia Concursos"},"image":{"@id":"https:\/\/www.estrategiaconcursos.com.br\/blog\/#\/schema\/logo\/image\/"},"sameAs":["https:\/\/x.com\/EstratConcursos"]},{"@type":"Person","@id":"https:\/\/www.estrategiaconcursos.com.br\/blog\/#\/schema\/person\/e3882259fa157d54c44c21f4ee4e0e60","name":"B\u00e1rbara Carvalho Santos","image":{"@type":"ImageObject","inLanguage":"pt-BR","@id":"https:\/\/secure.gravatar.com\/avatar\/353300f73140f779692b9be2b39f434d1341e4e34c7f55bd5a990fe29ef352eb?s=96&d=mm&r=g","url":"https:\/\/secure.gravatar.com\/avatar\/353300f73140f779692b9be2b39f434d1341e4e34c7f55bd5a990fe29ef352eb?s=96&d=mm&r=g","contentUrl":"https:\/\/secure.gravatar.com\/avatar\/353300f73140f779692b9be2b39f434d1341e4e34c7f55bd5a990fe29ef352eb?s=96&d=mm&r=g","caption":"B\u00e1rbara Carvalho Santos"},"description":"M\u00e3e e jornalista formada pela UNIP, possui ampla experi\u00eancia na cobertura de entretenimento em grandes ve\u00edculos, como o site da CNN, RedeTV! e Estrat\u00e9gia Educacional. Atuou tamb\u00e9m em ag\u00eancias de marketing, produtoras musicais e assessorias de imprensa, com foco especial no trabalho com personalidades p\u00fablicas. Atualmente, integra a equipe do Estrat\u00e9gia Concursos, onde \u00e9 respons\u00e1vel pela produ\u00e7\u00e3o de conte\u00fados estrat\u00e9gicos voltados para o setor de concursos p\u00fablicos, com destaque para a \u00e1rea fiscal, gest\u00e3o, controle, concursos administrativos e Minist\u00e9rios participantes do CNU, al\u00e9m de diversos \u00f3rg\u00e3os federais. Tem como miss\u00e3o transformar informa\u00e7\u00f5es complexas em conte\u00fados acess\u00edveis, relevantes e de alto valor para quem sonha com uma carreira no servi\u00e7o p\u00fablico.","url":"https:\/\/www.estrategiaconcursos.com.br\/blog\/author\/barbara-santos\/"}]}},"_links":{"self":[{"href":"https:\/\/www.estrategiaconcursos.com.br\/blog\/wp-json\/wp\/v2\/posts\/1425002","targetHints":{"allow":["GET"]}}],"collection":[{"href":"https:\/\/www.estrategiaconcursos.com.br\/blog\/wp-json\/wp\/v2\/posts"}],"about":[{"href":"https:\/\/www.estrategiaconcursos.com.br\/blog\/wp-json\/wp\/v2\/types\/post"}],"author":[{"embeddable":true,"href":"https:\/\/www.estrategiaconcursos.com.br\/blog\/wp-json\/wp\/v2\/users\/2018"}],"replies":[{"embeddable":true,"href":"https:\/\/www.estrategiaconcursos.com.br\/blog\/wp-json\/wp\/v2\/comments?post=1425002"}],"version-history":[{"count":10,"href":"https:\/\/www.estrategiaconcursos.com.br\/blog\/wp-json\/wp\/v2\/posts\/1425002\/revisions"}],"predecessor-version":[{"id":1425180,"href":"https:\/\/www.estrategiaconcursos.com.br\/blog\/wp-json\/wp\/v2\/posts\/1425002\/revisions\/1425180"}],"wp:featuredmedia":[{"embeddable":true,"href":"https:\/\/www.estrategiaconcursos.com.br\/blog\/wp-json\/wp\/v2\/media\/1270513"}],"wp:attachment":[{"href":"https:\/\/www.estrategiaconcursos.com.br\/blog\/wp-json\/wp\/v2\/media?parent=1425002"}],"wp:term":[{"taxonomy":"category","embeddable":true,"href":"https:\/\/www.estrategiaconcursos.com.br\/blog\/wp-json\/wp\/v2\/categories?post=1425002"},{"taxonomy":"post_tag","embeddable":true,"href":"https:\/\/www.estrategiaconcursos.com.br\/blog\/wp-json\/wp\/v2\/tags?post=1425002"},{"taxonomy":"tax_estado","embeddable":true,"href":"https:\/\/www.estrategiaconcursos.com.br\/blog\/wp-json\/wp\/v2\/tax_estado?post=1425002"}],"curies":[{"name":"wp","href":"https:\/\/api.w.org\/{rel}","templated":true}]}}