{"id":142499,"date":"2018-09-22T15:44:44","date_gmt":"2018-09-22T18:44:44","guid":{"rendered":"https:\/\/www.estrategiaconcursos.com.br\/blog\/?p=142499"},"modified":"2018-09-22T15:46:14","modified_gmt":"2018-09-22T18:46:14","slug":"cldf-realidade-do-distrito-federal-provas-finais-de-16-09-comentadas","status":"publish","type":"post","link":"https:\/\/www.estrategiaconcursos.com.br\/blog\/cldf-realidade-do-distrito-federal-provas-finais-de-16-09-comentadas\/","title":{"rendered":"CLDF &#8211; REALIDADE DO DISTRITO FEDERAL &#8211; PROVAS FINAIS DE 16\/09 COMENTADAS"},"content":{"rendered":"<p style=\"text-align: justify\">Ol\u00e1 pessoal,<\/p>\n<p style=\"text-align: justify\">Seguem os meus coment\u00e1rios das provas da CLDF que ainda n\u00e3o havia comentado, aplicadas nos dias 16\/09. S\u00e3o as provas dos cargos de Procurador Legislativo e T\u00e9cnico Legislativo. Preliminarmente concordo com o gabarito da banca e n\u00e3o vislumbrei possibilidade de recursos.<\/p>\n<p>&nbsp;<\/p>\n<p style=\"text-align: justify\"><span style=\"text-decoration: underline\"><strong>T\u00e9cnico Legislativo &#8211; Categoria T\u00e9cnico de Arquivo e Biblioteca<\/strong><\/span><\/p>\n<p>&nbsp;<\/p>\n<p style=\"text-align: justify\">De acordo com sua caracteriza\u00e7\u00e3o h\u00edbrida, \u00e9 correto afirmar que o Distrito Federal<\/p>\n<p style=\"text-align: justify\">(A) tem por chefe do poder executivo um prefeito.<\/p>\n<p style=\"text-align: justify\">(B) divide-se em munic\u00edpios, sendo Bras\u00edlia sua capital.<\/p>\n<p style=\"text-align: justify\">(C) \u00e9 regido por uma constitui\u00e7\u00e3o estadual.<\/p>\n<p style=\"text-align: justify\">(D) tem administra\u00e7\u00e3o aut\u00f4noma.<\/p>\n<p style=\"text-align: justify\">(E) est\u00e1 subordinado ao Minist\u00e9rio da Integra\u00e7\u00e3o Nacional.<\/p>\n<p style=\"text-align: justify\"><strong><u>COMENT\u00c1RIOS:<\/u><\/strong><\/p>\n<p style=\"text-align: justify\"><strong>a) Incorreto.<\/strong> O chefe do poder executivo no Distrito Federal \u00e9 o governador. Sua sede \u00e9 no Pal\u00e1cio do Buriti. N\u00e3o h\u00e1 um prefeito no DF.<\/p>\n<p style=\"text-align: justify\"><strong>b) Incorreto.<\/strong> O artigo 32 da Constitui\u00e7\u00e3o Federal de 1988 pro\u00edbe expressamente que o Distrito Federal seja dividido em munic\u00edpios. Para fins de <em>descentraliza\u00e7\u00e3o administrativa, \u00e0 utiliza\u00e7\u00e3o racional de recursos para o desenvolvimento socioecon\u00f4mico e \u00e0 melhoria da qualidade de vida<\/em> o Distrito Federal organiza-se em regi\u00f5es administrativas (RAs). Cada RA possui um administrador regional que \u00e9 indicado pelo Governador.<\/p>\n<p style=\"text-align: justify\">c) Incorreto. O Distrito Federal \u00e9 regido por lei org\u00e2nica, e n\u00e3o por constitui\u00e7\u00e3o estadual.<\/p>\n<p style=\"text-align: justify\">d) Correto. O Distrito Federal \u00e9 um ente federado com administra\u00e7\u00e3o aut\u00f4noma nos termos da Constitui\u00e7\u00e3o da Rep\u00fablica Federativa do Brasil de 1988.<\/p>\n<p style=\"text-align: justify\">e) Incorreto. O Distrito Federal n\u00e3o est\u00e1 subordinado ao Minist\u00e9rio da Integra\u00e7\u00e3o Nacional.<\/p>\n<p style=\"text-align: justify\"><strong>Gabarito: D<\/strong><\/p>\n<p>&nbsp;<\/p>\n<p style=\"text-align: justify\">A seca de 1958 no Nordeste determinou a vinda de milhares de trabalhadores para a regi\u00e3o de Bras\u00edlia. Muitos desses nordestinos foram abrigados em Taguatinga, onde passaram a ser chamados, de modo pejorativo, pelo mesmo termo usado na \u00e9poca da escravid\u00e3o para designar os pobres que praticavam agricultura itinerante no interior do Brasil:<\/p>\n<p style=\"text-align: justify\">(A) retirantes.<\/p>\n<p style=\"text-align: justify\">(B) calangos.<\/p>\n<p style=\"text-align: justify\">(C) candangos.<\/p>\n<p style=\"text-align: justify\">(D) cabe\u00e7as-chatas.<\/p>\n<p style=\"text-align: justify\">(E) biriguis.<\/p>\n<p style=\"text-align: justify\"><strong><u>COMENT\u00c1RIOS:<\/u><\/strong><\/p>\n<p style=\"text-align: justify\">Os trabalhadores que vieram do Nordeste para a regi\u00e3o de Bras\u00edlia para trabalhar na constru\u00e7\u00e3o da nova capital federal foram chamados de candangos.<\/p>\n<p style=\"text-align: justify\">Entretanto, n\u00e3o encontrei nenhuma fonte que atribui o termo &#8220;candango&#8221; h\u00e1 um termo usado na \u00e9poca da escravid\u00e3o para designar os pobres que praticavam agricultura itinerante no interior do Brasil.<\/p>\n<p style=\"text-align: justify\">De acordo com a literatura especializada, a designa\u00e7\u00e3o candango \u00e9 origin\u00e1ria da express\u00e3o Kandungu, de origem africana, que designa, pela sua etimologia, &#8220;trabalhador sem qualifica\u00e7\u00e3o&#8221;.<\/p>\n<p style=\"text-align: justify\"><strong>Retirante<\/strong> \u00e9 o termo que se refere \u00e0 pessoa ou grupo que abandona a sua terra por causa da seca e da mis\u00e9ria em busca de uma localidade que lhe d\u00ea melhores condi\u00e7\u00f5es de vida. Foi amplamente usado no Brasil para se referir a nordestinos que migravam para as grandes cidades do Sul\u2013Sudeste brasileiro, fugindo das secas.<\/p>\n<p style=\"text-align: justify\"><strong>Gabarito: C<\/strong><\/p>\n<p>&nbsp;<\/p>\n<p style=\"text-align: justify\"><span style=\"text-decoration: underline\"><strong>Procurador Legislativo<\/strong><\/span><\/p>\n<p style=\"text-align: justify\">De acordo com o Plano de Manejo da \u00c1rea de Prote\u00e7\u00e3o Ambiental do Lago Parano\u00e1 (2011), a regi\u00e3o foi dividida em quatro grandes zonas:<\/p>\n<p style=\"text-align: justify\">(A) de vida silvestre, de ocupa\u00e7\u00e3o especial, de ocupa\u00e7\u00e3o consolidada e do espelho d\u2019\u00e1gua do lago.<\/p>\n<p style=\"text-align: justify\">(B) de barragem, de ca\u00e7a e pesca, de ocupa\u00e7\u00e3o e de vegeta\u00e7\u00e3o.<\/p>\n<p style=\"text-align: justify\">(C) de fauna e flora, de habita\u00e7\u00e3o perif\u00e9rica, de escoamento e de alimenta\u00e7\u00e3o fluvial.<\/p>\n<p style=\"text-align: justify\">(D) do Bananal, do Taquari, do Varj\u00e3o e do Parano\u00e1.<\/p>\n<p style=\"text-align: justify\">(E) do lago, de Bras\u00edlia, de navega\u00e7\u00e3o e de abastecimento.<\/p>\n<p style=\"text-align: justify\"><strong><u>COMENT\u00c1RIOS:<\/u><\/strong><\/p>\n<p style=\"text-align: justify\">Zoneamento \u00e9 a defini\u00e7\u00e3o de setores ou zonas em uma <strong>unidade de conserva\u00e7\u00e3o<\/strong> com objetivos de manejo e normas espec\u00edficas, com o prop\u00f3sito de proporcionar os meios e as condi\u00e7\u00f5es para que todos os objetivos da unidade possam ser alcan\u00e7ados de forma harm\u00f4nica e eficaz.<\/p>\n<p style=\"text-align: justify\">O zoneamento ambiental da APA do Lago Parano\u00e1 est\u00e1 estabelecido pelo Decreto N\u00ba 33.537, de 14 de fevereiro de 2012. Ele divide a regi\u00e3o em 4 zonas, que por sua vez s\u00e3o subdivididas em 9 subzonas.<\/p>\n<p style=\"text-align: justify\">As quatro zonas s\u00e3o:\u00a0 I &#8211; Zona de Vida Silvestre; II &#8211; Zona de Ocupa\u00e7\u00e3o Especial; III &#8211; Zona de Ocupa\u00e7\u00e3o Consolidada e IV &#8211; Zona do Espelho d\u2019\u00c1gua do Lago.<\/p>\n<p style=\"text-align: justify\"><strong>Gabarito: A<\/strong><\/p>\n<p>&nbsp;<\/p>\n<p style=\"text-align: justify\">No s\u00e9culo XIX, um dos defensores mais ardorosos da ideia de transferir a capital do Brasil para o interior foi o historiador Francisco Adolfo de Varnhagen. Tendo sugerido a \u00e1rea que ficava entre as lagoas Formosa, Feia e Mestre de Armas, apontava as raz\u00f5es que justificavam sua proposta: maior integra\u00e7\u00e3o entre as Cortes e as Prov\u00edncias; posi\u00e7\u00e3o estrat\u00e9gica, distante do mar e das investidas de esquadras inimigas; e<\/p>\n<p style=\"text-align: justify\">(A) a perspectiva de explora\u00e7\u00e3o de novos min\u00e9rios.<\/p>\n<p style=\"text-align: justify\">(B) o impulso \u00e0 cria\u00e7\u00e3o de gado bovino, gra\u00e7as \u00e0 presen\u00e7a de grandes pastagens.<\/p>\n<p style=\"text-align: justify\">(C) a qualidade do solo para a cultura de plantas oleaginosas.<\/p>\n<p style=\"text-align: justify\">(D) a salubridade da regi\u00e3o, com clima capaz de atrair colonos estrangeiros.<\/p>\n<p style=\"text-align: justify\">(E) a presen\u00e7a de ind\u00edgenas de \u00edndole pac\u00edfica.<\/p>\n<p style=\"text-align: justify\"><strong><u>COMENT\u00c1RIOS:<\/u><\/strong><\/p>\n<p style=\"text-align: justify\">A \u00faltima raz\u00e3o apontada por Francisco Adolfo de Varnhagen para a instala\u00e7\u00e3o da nova capital federal no Planalto Central foi a &#8220;exist\u00eancia de bons s\u00edtios para a imigra\u00e7\u00e3o europeia&#8221;, argumentando que os colonos alem\u00e3es n\u00e3o haviam se aclimatado no litoral. Varnhagen mencionou essa caracter\u00edstica em uma carta destinada ao Ministro da Agricultura, no ano de 1877.<\/p>\n<p style=\"text-align: justify\"><strong>Gabarito: D<\/strong><\/p>\n<p style=\"text-align: justify\"><strong>\u00a0<\/strong><\/p>\n<p style=\"text-align: justify\"><span style=\"text-decoration: underline\"><strong>T\u00e9cnico Legislativo<\/strong><\/span><\/p>\n<p style=\"text-align: justify\">Representando os poderes supremos da Rep\u00fablica Federativa do Brasil, o (I) \u00e9 um \u00f3rg\u00e3o do Poder Judici\u00e1rio e faz parte do conjunto da Pra\u00e7a dos Tr\u00eas Poderes, onde est\u00e3o o (II), Sede do Poder Legislativo, e o Pal\u00e1cio do Planalto, sede da Presid\u00eancia da (III).<\/p>\n<p style=\"text-align: justify\">Preenchem correta e respectivamente as lacunas I, II e III acima:<\/p>\n<table>\n<tbody>\n<tr>\n<td style=\"text-align: center\" width=\"47\"><strong>\u00a0<\/strong><\/td>\n<td style=\"text-align: center\" width=\"198\"><strong>I<\/strong><\/td>\n<td style=\"text-align: center\" width=\"142\"><strong>II<\/strong><\/td>\n<td style=\"text-align: center\" width=\"179\"><strong>III<\/strong><\/td>\n<\/tr>\n<tr>\n<td style=\"text-align: center\" width=\"47\"><strong>A<\/strong><\/td>\n<td style=\"text-align: center\" width=\"198\">Supremo Tribunal Federal<\/td>\n<td style=\"text-align: center\" width=\"142\">Congresso Nacional<\/td>\n<td style=\"text-align: center\" width=\"179\">C\u00e2mara dos Deputados<\/td>\n<\/tr>\n<tr>\n<td style=\"text-align: center\" width=\"47\"><strong>B<\/strong><\/td>\n<td style=\"text-align: center\" width=\"198\">Supremo Tribunal de Justi\u00e7a<\/td>\n<td style=\"text-align: center\" width=\"142\">Senado Federal<\/td>\n<td style=\"text-align: center\" width=\"179\">C\u00e2mara dos Deputados<\/td>\n<\/tr>\n<tr>\n<td style=\"text-align: center\" width=\"47\"><strong>C<\/strong><\/td>\n<td style=\"text-align: center\" width=\"198\">Supremo Tribunal de Justi\u00e7a<\/td>\n<td style=\"text-align: center\" width=\"142\">Congresso Nacional<\/td>\n<td style=\"text-align: center\" width=\"179\">Presid\u00eancia da Rep\u00fablica<\/td>\n<\/tr>\n<tr>\n<td style=\"text-align: center\" width=\"47\"><strong>D<\/strong><\/td>\n<td style=\"text-align: center\" width=\"198\">Supremo Tribunal Federal<\/td>\n<td style=\"text-align: center\" width=\"142\">Congresso Nacional<\/td>\n<td style=\"text-align: center\" width=\"179\">Presid\u00eancia da Rep\u00fablica<\/td>\n<\/tr>\n<tr>\n<td style=\"text-align: center\" width=\"47\"><strong>E<\/strong><\/td>\n<td style=\"text-align: center\" width=\"198\">Supremo Tribunal de Justi\u00e7a<\/td>\n<td style=\"text-align: center\" width=\"142\">Senado Federal<\/td>\n<td style=\"text-align: center\" width=\"179\">Presid\u00eancia da Rep\u00fablica<\/td>\n<\/tr>\n<\/tbody>\n<\/table>\n<p style=\"text-align: justify\"><strong><u>COMENT\u00c1RIOS:<\/u><\/strong><\/p>\n<p style=\"text-align: justify\">Na Pra\u00e7a dos Tr\u00eas Poderes est\u00e3o os edif\u00edcios que representam os tr\u00eas poderes da Rep\u00fablica: o <strong>Supremo Tribunal Federal<\/strong>, \u00f3rg\u00e3o do Poder Judici\u00e1rio; o <strong>Congresso Nacional<\/strong>, sede do Poder Legislativo; e Pal\u00e1cio do Planalto, sede da <strong>Presid\u00eancia da Rep\u00fablica<\/strong> e do Poder Executivo.<\/p>\n<p style=\"text-align: justify\"><strong>\u00a0Gabarito: D<\/strong><\/p>\n<p>&nbsp;<\/p>\n<p style=\"text-align: justify\">A Capital Federal \u00e9 uma terra de contrastes, onde convivem fam\u00edlias de grande poder aquisitivo com outras muito desfavorecidas.<\/p>\n<p style=\"text-align: justify\">Dados do Minist\u00e9rio do Desenvolvimento Social referentes a 2017 mostram que mais de 67 mil fam\u00edlias de Bras\u00edlia vivem abaixo da linha de pobreza. S\u00e3o moradores de diferentes regi\u00f5es administrativas (RAs), cuja renda mensal n\u00e3o ultrapassa R$ 85,01. As cinco regi\u00f5es do Distrito Federal consideradas mais carentes e onde houve maior procura por ajuda governamental s\u00e3o<\/p>\n<p style=\"text-align: justify\">a) Lago Sul, Riacho Fundo, Santa Maria, Sobradinho e Buriti.<\/p>\n<p style=\"text-align: justify\">b) Brazl\u00e2ndia, Planaltina, Guar\u00e1, Samambaia e Santa Maria.<\/p>\n<p style=\"text-align: justify\">c) Taguatinga, Ceil\u00e2ndia, Varj\u00e3o, N\u00facleo Bandeirante e Gama.<\/p>\n<p style=\"text-align: justify\">d) Ceil\u00e2ndia, Lago Norte, Cruzeiro, Buriti e Recanto das Emas.<\/p>\n<p style=\"text-align: justify\">e) Ceil\u00e2ndia, Samambaia, Planaltina, Santa Maria e Taguatinga.<\/p>\n<p style=\"text-align: justify\"><strong><u>COMENT\u00c1RIOS:<\/u><\/strong><\/p>\n<p style=\"text-align: justify\">Dados do Minist\u00e9rio do Desenvolvimento Social, de novembro de 2017, mostram que mais de 67 mil fam\u00edlias da capital federal vivem em situa\u00e7\u00e3o de extrema pobreza. Moradores de Ceil\u00e2ndia, Samambaia, Planaltina, Santa Maria e Taguatinga concentram a busca por aux\u00edlio do governo, atrav\u00e9s de programas como o Bolsa Fam\u00edlia e do DF sem Mis\u00e9ria.<\/p>\n<p style=\"text-align: justify\"><strong>Gabarito: E<\/strong><\/p>\n<p style=\"text-align: justify\"><strong>\u00a0<\/strong><\/p>\n<p style=\"text-align: justify\">O Memorial JK foi constru\u00eddo em tempo recordo de 21 meses, em homenagem ao fundador de Bras\u00edlia, o ex-presidente Juscelino Kubitschek. Trata-se do maior museu privado do Distrito Federal e um dos maiores do Brasil. O Memorial JK foi constru\u00eddo e inaugurado no governo<\/p>\n<p style=\"text-align: justify\">a) Fernando Henrique Cardoso.<\/p>\n<p style=\"text-align: justify\">b) Itamar Franco.<\/p>\n<p style=\"text-align: justify\">c) Jo\u00e3o Batista Figueiredo.<\/p>\n<p style=\"text-align: justify\">d) Ernesto Geisel.<\/p>\n<p style=\"text-align: justify\">e) Jos\u00e9 Sarney.<\/p>\n<p style=\"text-align: justify\"><strong><u>COMENT\u00c1RIOS:<\/u><\/strong><\/p>\n<p style=\"text-align: justify\">O Memorial JK foi constru\u00eddo e inaugurado durante o governo de Jo\u00e3o Batista Figueiredo.<\/p>\n<p style=\"text-align: justify\"><strong>Gabarito: C<\/strong><\/p>\n<p>&nbsp;<\/p>\n<p style=\"text-align: justify\">Sucesso no concurso!<\/p>\n<p style=\"text-align: justify\">Grande Abra\u00e7o!<\/p>\n<p style=\"text-align: justify\">Prof. Leandro Signori<\/p>\n","protected":false},"excerpt":{"rendered":"<p>Ol\u00e1 pessoal, Seguem os meus coment\u00e1rios das provas da CLDF que ainda n\u00e3o havia comentado, aplicadas nos dias 16\/09. S\u00e3o as provas dos cargos de Procurador Legislativo e T\u00e9cnico Legislativo. Preliminarmente concordo com o gabarito da banca e n\u00e3o vislumbrei possibilidade de recursos. &nbsp; T\u00e9cnico Legislativo &#8211; Categoria T\u00e9cnico de Arquivo e Biblioteca &nbsp; De [&hellip;]<\/p>\n","protected":false},"author":306,"featured_media":0,"comment_status":"open","ping_status":"closed","sticky":false,"template":"","format":"standard","meta":{"post_tipo":"article","footnotes":""},"categories":[1,2017],"tags":[3756,2903],"tax_estado":[],"class_list":["post-142499","post","type-post","status-publish","format-standard","hentry","category-cursos-e-concursos","category-concursos-legislativos","tag-leandro-signori","tag-realidade-do-distrito-federal"],"acf":[],"yoast_head":"<!-- This site is optimized with the Yoast SEO Premium plugin v27.2 (Yoast SEO v27.2) - https:\/\/yoast.com\/product\/yoast-seo-premium-wordpress\/ -->\n<title>CLDF - REALIDADE DO DISTRITO FEDERAL - PROVAS FINAIS DE 16\/09 COMENTADAS<\/title>\n<meta name=\"robots\" content=\"index, follow, max-snippet:-1, max-image-preview:large, max-video-preview:-1\" \/>\n<link rel=\"canonical\" href=\"https:\/\/www.estrategiaconcursos.com.br\/blog\/cldf-realidade-do-distrito-federal-provas-finais-de-16-09-comentadas\/\" \/>\n<meta property=\"og:locale\" content=\"pt_BR\" \/>\n<meta property=\"og:type\" content=\"article\" \/>\n<meta property=\"og:title\" content=\"CLDF - REALIDADE DO DISTRITO FEDERAL - PROVAS FINAIS DE 16\/09 COMENTADAS\" \/>\n<meta property=\"og:description\" content=\"Ol\u00e1 pessoal, Seguem os meus coment\u00e1rios das provas da CLDF que ainda n\u00e3o havia comentado, aplicadas nos dias 16\/09. S\u00e3o as provas dos cargos de Procurador Legislativo e T\u00e9cnico Legislativo. Preliminarmente concordo com o gabarito da banca e n\u00e3o vislumbrei possibilidade de recursos. &nbsp; T\u00e9cnico Legislativo &#8211; Categoria T\u00e9cnico de Arquivo e Biblioteca &nbsp; De [&hellip;]\" \/>\n<meta property=\"og:url\" content=\"https:\/\/www.estrategiaconcursos.com.br\/blog\/cldf-realidade-do-distrito-federal-provas-finais-de-16-09-comentadas\/\" \/>\n<meta property=\"og:site_name\" content=\"Estrat\u00e9gia Concursos\" \/>\n<meta property=\"article:author\" content=\"https:\/\/www.facebook.com\/leandrosignoriatualidades\/\" \/>\n<meta property=\"article:published_time\" content=\"2018-09-22T18:44:44+00:00\" \/>\n<meta property=\"article:modified_time\" content=\"2018-09-22T18:46:14+00:00\" \/>\n<meta name=\"author\" content=\"Leandro Signori\" \/>\n<meta name=\"twitter:card\" content=\"summary_large_image\" \/>\n<meta name=\"twitter:creator\" content=\"@EstratConcursos\" \/>\n<meta name=\"twitter:site\" content=\"@EstratConcursos\" \/>\n<meta name=\"twitter:label1\" content=\"Escrito por\" \/>\n\t<meta name=\"twitter:data1\" content=\"Leandro Signori\" \/>\n\t<meta name=\"twitter:label2\" content=\"Est. tempo de leitura\" \/>\n\t<meta name=\"twitter:data2\" content=\"7 minutos\" \/>\n<script type=\"application\/ld+json\" class=\"yoast-schema-graph\">{\"@context\":\"https:\/\/schema.org\",\"@graph\":[{\"@type\":\"NewsArticle\",\"@id\":\"https:\/\/www.estrategiaconcursos.com.br\/blog\/cldf-realidade-do-distrito-federal-provas-finais-de-16-09-comentadas\/#article\",\"isPartOf\":{\"@id\":\"https:\/\/www.estrategiaconcursos.com.br\/blog\/cldf-realidade-do-distrito-federal-provas-finais-de-16-09-comentadas\/\"},\"author\":{\"name\":\"Leandro Signori\",\"@id\":\"https:\/\/www.estrategiaconcursos.com.br\/blog\/#\/schema\/person\/d2e7d78de4b9d6ba51cc24fd558a7f42\"},\"headline\":\"CLDF &#8211; REALIDADE DO DISTRITO FEDERAL &#8211; PROVAS FINAIS DE 16\/09 COMENTADAS\",\"datePublished\":\"2018-09-22T18:44:44+00:00\",\"dateModified\":\"2018-09-22T18:46:14+00:00\",\"mainEntityOfPage\":{\"@id\":\"https:\/\/www.estrategiaconcursos.com.br\/blog\/cldf-realidade-do-distrito-federal-provas-finais-de-16-09-comentadas\/\"},\"wordCount\":1394,\"commentCount\":0,\"publisher\":{\"@id\":\"https:\/\/www.estrategiaconcursos.com.br\/blog\/#organization\"},\"keywords\":[\"Leandro Signori\",\"Realidade do Distrito Federal\"],\"articleSection\":[\"Concursos P\u00fablicos\",\"Legislativo\"],\"inLanguage\":\"pt-BR\",\"potentialAction\":[{\"@type\":\"CommentAction\",\"name\":\"Comment\",\"target\":[\"https:\/\/www.estrategiaconcursos.com.br\/blog\/cldf-realidade-do-distrito-federal-provas-finais-de-16-09-comentadas\/#respond\"]}],\"copyrightYear\":\"2018\",\"copyrightHolder\":{\"@id\":\"https:\/\/www.estrategiaconcursos.com.br\/blog\/#organization\"}},{\"@type\":\"WebPage\",\"@id\":\"https:\/\/www.estrategiaconcursos.com.br\/blog\/cldf-realidade-do-distrito-federal-provas-finais-de-16-09-comentadas\/\",\"url\":\"https:\/\/www.estrategiaconcursos.com.br\/blog\/cldf-realidade-do-distrito-federal-provas-finais-de-16-09-comentadas\/\",\"name\":\"CLDF - REALIDADE DO DISTRITO FEDERAL - PROVAS FINAIS DE 16\/09 COMENTADAS\",\"isPartOf\":{\"@id\":\"https:\/\/www.estrategiaconcursos.com.br\/blog\/#website\"},\"datePublished\":\"2018-09-22T18:44:44+00:00\",\"dateModified\":\"2018-09-22T18:46:14+00:00\",\"breadcrumb\":{\"@id\":\"https:\/\/www.estrategiaconcursos.com.br\/blog\/cldf-realidade-do-distrito-federal-provas-finais-de-16-09-comentadas\/#breadcrumb\"},\"inLanguage\":\"pt-BR\",\"potentialAction\":[{\"@type\":\"ReadAction\",\"target\":[\"https:\/\/www.estrategiaconcursos.com.br\/blog\/cldf-realidade-do-distrito-federal-provas-finais-de-16-09-comentadas\/\"]}]},{\"@type\":\"BreadcrumbList\",\"@id\":\"https:\/\/www.estrategiaconcursos.com.br\/blog\/cldf-realidade-do-distrito-federal-provas-finais-de-16-09-comentadas\/#breadcrumb\",\"itemListElement\":[{\"@type\":\"ListItem\",\"position\":1,\"name\":\"In\u00edcio\",\"item\":\"https:\/\/www.estrategiaconcursos.com.br\/blog\/\"},{\"@type\":\"ListItem\",\"position\":2,\"name\":\"CLDF &#8211; REALIDADE DO DISTRITO FEDERAL &#8211; PROVAS FINAIS DE 16\/09 COMENTADAS\"}]},{\"@type\":\"WebSite\",\"@id\":\"https:\/\/www.estrategiaconcursos.com.br\/blog\/#website\",\"url\":\"https:\/\/www.estrategiaconcursos.com.br\/blog\/\",\"name\":\"Estrat\u00e9gia Concursos\",\"description\":\"O blog da Estrat\u00e9gia Concursos traz not\u00edcias sobre concursos e artigos de professores oferecendo cursos para concursos (pdf + videaulas) no site.\",\"publisher\":{\"@id\":\"https:\/\/www.estrategiaconcursos.com.br\/blog\/#organization\"},\"potentialAction\":[{\"@type\":\"SearchAction\",\"target\":{\"@type\":\"EntryPoint\",\"urlTemplate\":\"https:\/\/www.estrategiaconcursos.com.br\/blog\/?s={search_term_string}\"},\"query-input\":{\"@type\":\"PropertyValueSpecification\",\"valueRequired\":true,\"valueName\":\"search_term_string\"}}],\"inLanguage\":\"pt-BR\"},{\"@type\":\"Organization\",\"@id\":\"https:\/\/www.estrategiaconcursos.com.br\/blog\/#organization\",\"name\":\"Estrat\u00e9gia Concursos\",\"url\":\"https:\/\/www.estrategiaconcursos.com.br\/blog\/\",\"logo\":{\"@type\":\"ImageObject\",\"inLanguage\":\"pt-BR\",\"@id\":\"https:\/\/www.estrategiaconcursos.com.br\/blog\/#\/schema\/logo\/image\/\",\"url\":\"https:\/\/dhg1h5j42swfq.cloudfront.net\/2025\/06\/03203428\/logo_concursos-1.jpg\",\"contentUrl\":\"https:\/\/dhg1h5j42swfq.cloudfront.net\/2025\/06\/03203428\/logo_concursos-1.jpg\",\"width\":230,\"height\":60,\"caption\":\"Estrat\u00e9gia Concursos\"},\"image\":{\"@id\":\"https:\/\/www.estrategiaconcursos.com.br\/blog\/#\/schema\/logo\/image\/\"},\"sameAs\":[\"https:\/\/x.com\/EstratConcursos\"]},{\"@type\":\"Person\",\"@id\":\"https:\/\/www.estrategiaconcursos.com.br\/blog\/#\/schema\/person\/d2e7d78de4b9d6ba51cc24fd558a7f42\",\"name\":\"Leandro Signori\",\"image\":{\"@type\":\"ImageObject\",\"inLanguage\":\"pt-BR\",\"@id\":\"https:\/\/secure.gravatar.com\/avatar\/aa2ef98e93764dcf1758f52d2792d4b3e4089ee25bc520608dde62ad802ae541?s=96&d=mm&r=g\",\"url\":\"https:\/\/secure.gravatar.com\/avatar\/aa2ef98e93764dcf1758f52d2792d4b3e4089ee25bc520608dde62ad802ae541?s=96&d=mm&r=g\",\"contentUrl\":\"https:\/\/secure.gravatar.com\/avatar\/aa2ef98e93764dcf1758f52d2792d4b3e4089ee25bc520608dde62ad802ae541?s=96&d=mm&r=g\",\"caption\":\"Leandro Signori\"},\"description\":\"Licenciado em Geografia pela Universidade Federal do Rio Grande do Sul (UFRGS) e Bacharel em Geografia pela Uniceub (Bras\u00edlia). Como servidor p\u00fablico, foi funcion\u00e1rio da Prefeitura de S\u00e3o Leopoldo (RS), Prefeitura de Porto Alegre (RS), Companhia Riograndense de Saneamento (Corsan) e Minist\u00e9rio da Integra\u00e7\u00e3o Nacional. \u00c9 professor de Geografia para o ensino m\u00e9dio na rede particular de ensino. Leciona as disciplinas de Atualidades, Conhecimentos Gerais, Geografia, Realidade Brasileira e Hist\u00f3ria, em cursos on line e presenciais preparat\u00f3rios para concursos p\u00fablicos.\",\"sameAs\":[\"https:\/\/www.facebook.com\/leandrosignoriatualidades\/\"],\"url\":\"https:\/\/www.estrategiaconcursos.com.br\/blog\/author\/leandroestrategiaconcursos-com-br\/\"}]}<\/script>\n<!-- \/ Yoast SEO Premium plugin. -->","yoast_head_json":{"title":"CLDF - REALIDADE DO DISTRITO FEDERAL - PROVAS FINAIS DE 16\/09 COMENTADAS","robots":{"index":"index","follow":"follow","max-snippet":"max-snippet:-1","max-image-preview":"max-image-preview:large","max-video-preview":"max-video-preview:-1"},"canonical":"https:\/\/www.estrategiaconcursos.com.br\/blog\/cldf-realidade-do-distrito-federal-provas-finais-de-16-09-comentadas\/","og_locale":"pt_BR","og_type":"article","og_title":"CLDF - REALIDADE DO DISTRITO FEDERAL - PROVAS FINAIS DE 16\/09 COMENTADAS","og_description":"Ol\u00e1 pessoal, Seguem os meus coment\u00e1rios das provas da CLDF que ainda n\u00e3o havia comentado, aplicadas nos dias 16\/09. S\u00e3o as provas dos cargos de Procurador Legislativo e T\u00e9cnico Legislativo. Preliminarmente concordo com o gabarito da banca e n\u00e3o vislumbrei possibilidade de recursos. &nbsp; T\u00e9cnico Legislativo &#8211; Categoria T\u00e9cnico de Arquivo e Biblioteca &nbsp; De [&hellip;]","og_url":"https:\/\/www.estrategiaconcursos.com.br\/blog\/cldf-realidade-do-distrito-federal-provas-finais-de-16-09-comentadas\/","og_site_name":"Estrat\u00e9gia Concursos","article_author":"https:\/\/www.facebook.com\/leandrosignoriatualidades\/","article_published_time":"2018-09-22T18:44:44+00:00","article_modified_time":"2018-09-22T18:46:14+00:00","author":"Leandro Signori","twitter_card":"summary_large_image","twitter_creator":"@EstratConcursos","twitter_site":"@EstratConcursos","twitter_misc":{"Escrito por":"Leandro Signori","Est. tempo de leitura":"7 minutos"},"schema":{"@context":"https:\/\/schema.org","@graph":[{"@type":"NewsArticle","@id":"https:\/\/www.estrategiaconcursos.com.br\/blog\/cldf-realidade-do-distrito-federal-provas-finais-de-16-09-comentadas\/#article","isPartOf":{"@id":"https:\/\/www.estrategiaconcursos.com.br\/blog\/cldf-realidade-do-distrito-federal-provas-finais-de-16-09-comentadas\/"},"author":{"name":"Leandro Signori","@id":"https:\/\/www.estrategiaconcursos.com.br\/blog\/#\/schema\/person\/d2e7d78de4b9d6ba51cc24fd558a7f42"},"headline":"CLDF &#8211; REALIDADE DO DISTRITO FEDERAL &#8211; PROVAS FINAIS DE 16\/09 COMENTADAS","datePublished":"2018-09-22T18:44:44+00:00","dateModified":"2018-09-22T18:46:14+00:00","mainEntityOfPage":{"@id":"https:\/\/www.estrategiaconcursos.com.br\/blog\/cldf-realidade-do-distrito-federal-provas-finais-de-16-09-comentadas\/"},"wordCount":1394,"commentCount":0,"publisher":{"@id":"https:\/\/www.estrategiaconcursos.com.br\/blog\/#organization"},"keywords":["Leandro Signori","Realidade do Distrito Federal"],"articleSection":["Concursos P\u00fablicos","Legislativo"],"inLanguage":"pt-BR","potentialAction":[{"@type":"CommentAction","name":"Comment","target":["https:\/\/www.estrategiaconcursos.com.br\/blog\/cldf-realidade-do-distrito-federal-provas-finais-de-16-09-comentadas\/#respond"]}],"copyrightYear":"2018","copyrightHolder":{"@id":"https:\/\/www.estrategiaconcursos.com.br\/blog\/#organization"}},{"@type":"WebPage","@id":"https:\/\/www.estrategiaconcursos.com.br\/blog\/cldf-realidade-do-distrito-federal-provas-finais-de-16-09-comentadas\/","url":"https:\/\/www.estrategiaconcursos.com.br\/blog\/cldf-realidade-do-distrito-federal-provas-finais-de-16-09-comentadas\/","name":"CLDF - REALIDADE DO DISTRITO FEDERAL - PROVAS FINAIS DE 16\/09 COMENTADAS","isPartOf":{"@id":"https:\/\/www.estrategiaconcursos.com.br\/blog\/#website"},"datePublished":"2018-09-22T18:44:44+00:00","dateModified":"2018-09-22T18:46:14+00:00","breadcrumb":{"@id":"https:\/\/www.estrategiaconcursos.com.br\/blog\/cldf-realidade-do-distrito-federal-provas-finais-de-16-09-comentadas\/#breadcrumb"},"inLanguage":"pt-BR","potentialAction":[{"@type":"ReadAction","target":["https:\/\/www.estrategiaconcursos.com.br\/blog\/cldf-realidade-do-distrito-federal-provas-finais-de-16-09-comentadas\/"]}]},{"@type":"BreadcrumbList","@id":"https:\/\/www.estrategiaconcursos.com.br\/blog\/cldf-realidade-do-distrito-federal-provas-finais-de-16-09-comentadas\/#breadcrumb","itemListElement":[{"@type":"ListItem","position":1,"name":"In\u00edcio","item":"https:\/\/www.estrategiaconcursos.com.br\/blog\/"},{"@type":"ListItem","position":2,"name":"CLDF &#8211; REALIDADE DO DISTRITO FEDERAL &#8211; PROVAS FINAIS DE 16\/09 COMENTADAS"}]},{"@type":"WebSite","@id":"https:\/\/www.estrategiaconcursos.com.br\/blog\/#website","url":"https:\/\/www.estrategiaconcursos.com.br\/blog\/","name":"Estrat\u00e9gia Concursos","description":"O blog da Estrat\u00e9gia Concursos traz not\u00edcias sobre concursos e artigos de professores oferecendo cursos para concursos (pdf + videaulas) no site.","publisher":{"@id":"https:\/\/www.estrategiaconcursos.com.br\/blog\/#organization"},"potentialAction":[{"@type":"SearchAction","target":{"@type":"EntryPoint","urlTemplate":"https:\/\/www.estrategiaconcursos.com.br\/blog\/?s={search_term_string}"},"query-input":{"@type":"PropertyValueSpecification","valueRequired":true,"valueName":"search_term_string"}}],"inLanguage":"pt-BR"},{"@type":"Organization","@id":"https:\/\/www.estrategiaconcursos.com.br\/blog\/#organization","name":"Estrat\u00e9gia Concursos","url":"https:\/\/www.estrategiaconcursos.com.br\/blog\/","logo":{"@type":"ImageObject","inLanguage":"pt-BR","@id":"https:\/\/www.estrategiaconcursos.com.br\/blog\/#\/schema\/logo\/image\/","url":"https:\/\/dhg1h5j42swfq.cloudfront.net\/2025\/06\/03203428\/logo_concursos-1.jpg","contentUrl":"https:\/\/dhg1h5j42swfq.cloudfront.net\/2025\/06\/03203428\/logo_concursos-1.jpg","width":230,"height":60,"caption":"Estrat\u00e9gia Concursos"},"image":{"@id":"https:\/\/www.estrategiaconcursos.com.br\/blog\/#\/schema\/logo\/image\/"},"sameAs":["https:\/\/x.com\/EstratConcursos"]},{"@type":"Person","@id":"https:\/\/www.estrategiaconcursos.com.br\/blog\/#\/schema\/person\/d2e7d78de4b9d6ba51cc24fd558a7f42","name":"Leandro Signori","image":{"@type":"ImageObject","inLanguage":"pt-BR","@id":"https:\/\/secure.gravatar.com\/avatar\/aa2ef98e93764dcf1758f52d2792d4b3e4089ee25bc520608dde62ad802ae541?s=96&d=mm&r=g","url":"https:\/\/secure.gravatar.com\/avatar\/aa2ef98e93764dcf1758f52d2792d4b3e4089ee25bc520608dde62ad802ae541?s=96&d=mm&r=g","contentUrl":"https:\/\/secure.gravatar.com\/avatar\/aa2ef98e93764dcf1758f52d2792d4b3e4089ee25bc520608dde62ad802ae541?s=96&d=mm&r=g","caption":"Leandro Signori"},"description":"Licenciado em Geografia pela Universidade Federal do Rio Grande do Sul (UFRGS) e Bacharel em Geografia pela Uniceub (Bras\u00edlia). Como servidor p\u00fablico, foi funcion\u00e1rio da Prefeitura de S\u00e3o Leopoldo (RS), Prefeitura de Porto Alegre (RS), Companhia Riograndense de Saneamento (Corsan) e Minist\u00e9rio da Integra\u00e7\u00e3o Nacional. \u00c9 professor de Geografia para o ensino m\u00e9dio na rede particular de ensino. Leciona as disciplinas de Atualidades, Conhecimentos Gerais, Geografia, Realidade Brasileira e Hist\u00f3ria, em cursos on line e presenciais preparat\u00f3rios para concursos p\u00fablicos.","sameAs":["https:\/\/www.facebook.com\/leandrosignoriatualidades\/"],"url":"https:\/\/www.estrategiaconcursos.com.br\/blog\/author\/leandroestrategiaconcursos-com-br\/"}]}},"_links":{"self":[{"href":"https:\/\/www.estrategiaconcursos.com.br\/blog\/wp-json\/wp\/v2\/posts\/142499","targetHints":{"allow":["GET"]}}],"collection":[{"href":"https:\/\/www.estrategiaconcursos.com.br\/blog\/wp-json\/wp\/v2\/posts"}],"about":[{"href":"https:\/\/www.estrategiaconcursos.com.br\/blog\/wp-json\/wp\/v2\/types\/post"}],"author":[{"embeddable":true,"href":"https:\/\/www.estrategiaconcursos.com.br\/blog\/wp-json\/wp\/v2\/users\/306"}],"replies":[{"embeddable":true,"href":"https:\/\/www.estrategiaconcursos.com.br\/blog\/wp-json\/wp\/v2\/comments?post=142499"}],"version-history":[{"count":4,"href":"https:\/\/www.estrategiaconcursos.com.br\/blog\/wp-json\/wp\/v2\/posts\/142499\/revisions"}],"predecessor-version":[{"id":142503,"href":"https:\/\/www.estrategiaconcursos.com.br\/blog\/wp-json\/wp\/v2\/posts\/142499\/revisions\/142503"}],"wp:attachment":[{"href":"https:\/\/www.estrategiaconcursos.com.br\/blog\/wp-json\/wp\/v2\/media?parent=142499"}],"wp:term":[{"taxonomy":"category","embeddable":true,"href":"https:\/\/www.estrategiaconcursos.com.br\/blog\/wp-json\/wp\/v2\/categories?post=142499"},{"taxonomy":"post_tag","embeddable":true,"href":"https:\/\/www.estrategiaconcursos.com.br\/blog\/wp-json\/wp\/v2\/tags?post=142499"},{"taxonomy":"tax_estado","embeddable":true,"href":"https:\/\/www.estrategiaconcursos.com.br\/blog\/wp-json\/wp\/v2\/tax_estado?post=142499"}],"curies":[{"name":"wp","href":"https:\/\/api.w.org\/{rel}","templated":true}]}}